{"id":15782,"date":"2021-03-29T11:16:48","date_gmt":"2021-03-29T09:16:48","guid":{"rendered":"https:\/\/www.visitklagenfurt.at\/?p=15782"},"modified":"2026-03-09T10:56:13","modified_gmt":"2026-03-09T09:56:13","slug":"ostern-und-osterwoche-klagenfurt","status":"publish","type":"post","link":"https:\/\/www.visitklagenfurt.at\/de\/blog\/kultur-festivals\/ostern-und-osterwoche-klagenfurt\/","title":{"rendered":"Ostern in Klagenfurt am W\u00f6rthersee: Br\u00e4uche, Sitten &#038; Kulinarik"},"content":{"rendered":"\n<p>Man k\u00f6nnte fast annehmen, dass die K\u00e4rntner Ostern erfunden h\u00e4tten &#8211; so vielf\u00e4ltig sind die Traditionen in der Osterwoche in Klagenfurt. Von der Kunstinstallation bis zum Eierscheiben und R\u00e4uchern ist alles dabei. <\/p>\n\n\n\n<p><a href=\"https:\/\/www.kath-kirche-kaernten.at\/veranstaltungen\" target=\"_blank\" rel=\"noreferrer noopener\">Hier<\/a> geht es zu den aktuellen Terminen der katholischen Kirche f\u00fcr Palm- und Speisensegnungen sowie der Feuerweihe.<\/p>\n\n\n\n<h2 class=\"wp-block-heading\" id=\"h-palmbuschen-binden-am-palmsonntag-wochenende\">Palmbuschen binden am Palmsonntag-Wochenende<\/h2>\n\n\n\n<p>Das Wochenende des <strong>Palmsonntags <\/strong>l\u00e4utet die Osterferien ein. Zu diesem Anlass werden in ganz K\u00e4rnten Palmbuschen gebunden. Manch einer verziert sie mit bunten B\u00e4ndchen, andere stecken Salz- oder Schokobrezen darauf. Immer mit dabei: zuvor ausgeblasene und bunt bemalte Eier! Generell gilt am Land: Je gr\u00f6\u00dfer der Hof, desto gr\u00f6\u00dfer sollte der Palmbuschen sein.<\/p>\n\n\n\n<p>F\u00fcr die Palmbuschen werden <strong>Palmzweige <\/strong>vor der Bl\u00fcte geschnitten und k\u00fchl gelagert. F\u00fcr den geflochtenen Griff werden <strong>Weidenzweige <\/strong>verwendet, die gleich behandelt werden, um sie geschmeidig und saftig zu bewahren.<\/p>\n\n\n\n<p>Die gesegneten Palmzweige haben das ganze Jahr \u00fcber ihre Bestimmung. Fr\u00fcher wurden die Felder damit abgesteckt, damit der ganze Hof, das Hab und Gut gesch\u00fctzt sind. Heute bleibt ein gesegneter Palmzweig das ganze Jahr \u00fcber im Haus oder der Wohnung h\u00e4ngen, bis der Jahreskreis sich schlie\u00dft. Die vertrockneten Buschen werden f\u00fcr das Aschekreuz am Aschermittwoch wiederverwendet.<\/p>\n\n\n\n<figure class=\"wp-block-gallery has-nested-images columns-default is-cropped wp-block-gallery-1 is-layout-flex wp-block-gallery-is-layout-flex\">\n<figure class=\"wp-block-image size-large\"><img fetchpriority=\"high\" decoding=\"async\" width=\"4256\" height=\"2832\" data-id=\"15803\" src=\"https:\/\/www.visitklagenfurt.at\/wp-content\/uploads\/2021\/03\/Palmbuschen_cKW_Franz-Gerdl.jpg\" alt=\"gebundene Palmbuschen mit bunten B\u00e4ndern verziert \" class=\"wp-image-15803\"\/><figcaption class=\"wp-element-caption\">(c) KW, Franz Gerdl<\/figcaption><\/figure>\n<\/figure>\n\n\n\n<h2 class=\"wp-block-heading\">Gr\u00fcndonnerstag<\/h2>\n\n\n\n<p>Wer in der Fastenzeit nicht auf Fleisch verzichten konnte, h\u00e4lt es mit der verk\u00fcrzten Variante und beginnt sp\u00e4testens Mitte der Karwoche damit.&nbsp;<\/p>\n\n\n\n<p>Am Gr\u00fcndonnerstag wird traditionell <strong>Spinat mit Spiegelei <\/strong>gegessen. Vorher in vielen Haushalten noch alles sauber gemacht. <\/p>\n\n\n\n<p>Abends wird nicht nur im Klagenfurter Dom die Heilige Messe vom letzten Abendmahl gefeiert. Und auch die <strong>Kirchenglocken verstummen<\/strong>. Im Volksmund sagt man: \u201eSie fliegen nach Rom\u201c \u2013 und l\u00e4uten erst wieder am Karsamstag zur Auferstehung. <\/p>\n\n\n\n<figure class=\"wp-block-gallery has-nested-images columns-default is-cropped wp-block-gallery-2 is-layout-flex wp-block-gallery-is-layout-flex\">\n<figure class=\"wp-block-image size-large\"><img decoding=\"async\" width=\"826\" height=\"823\" data-id=\"38126\" src=\"https:\/\/www.visitklagenfurt.at\/wp-content\/uploads\/2020\/07\/Screenshot-2022-05-24-133802.png\" alt=\"Spinat mit Spiegelei\" class=\"wp-image-38126\"\/><figcaption class=\"wp-element-caption\">(c) Arnold P\u00f6schl<\/figcaption><\/figure>\n<\/figure>\n\n\n\n<h2 class=\"wp-block-heading\">Karfreitag<\/h2>\n\n\n\n<p>Der Aberglaube bewegt einige Menschen dazu, am Karfreitag keine Erdarbeiten zu verrichten und auch keine W\u00e4sche zu waschen. Traditionell wird auch der <strong>Osterhaufen <\/strong>an diesem Tag errichtet. Der Karfreitag ist mit der <strong>Sterbestunde Jesu<\/strong> und der einhergehenden Trauermette der besinnlichste Tag im Jahr f\u00fcr Christen.<\/p>\n\n\n\n<p>Da am Karfreitag keine Kirchenglocken mehr ert\u00f6nen, zogen einst die <strong>Ratschenbuben <\/strong>morgens, mittags und abends von Haus zu Haus, verk\u00fcndeten die Uhrzeit. Heute lieben es die Kinder, mit Ratschen<strong> <\/strong>aus<strong> <\/strong>Holz im Freien ordentlich Krach zu machen.<\/p>\n\n\n\n<figure class=\"wp-block-gallery has-nested-images columns-default is-cropped wp-block-gallery-3 is-layout-flex wp-block-gallery-is-layout-flex\">\n<figure class=\"wp-block-image size-large\"><img decoding=\"async\" width=\"1024\" height=\"683\" data-id=\"15878\" src=\"https:\/\/www.visitklagenfurt.at\/wp-content\/uploads\/2021\/03\/2100.jpg\" alt=\"Ratsche aus Holz\" class=\"wp-image-15878\"\/><figcaption class=\"wp-element-caption\">(c) KW, Steinthaler<\/figcaption><\/figure>\n<\/figure>\n\n\n\n<h2 class=\"wp-block-heading\" id=\"h-ostereier-farben\">Ostereier f\u00e4rben<\/h2>\n\n\n\n<p>Immer mehr Osterfans entdecken das F\u00e4rben der Ostereier auf traditionelle Art. Knallbunte Ostereier gibt es \u00fcberall zu kaufen, stecken in so mancher Reindlingmitte, neuerdings kann die Nostalgie begeistern.<\/p>\n\n\n\n<p>Bei der urspr\u00fcnglichen Weise des F\u00e4rbens werden traditionell Bl\u00e4tter und Bl\u00fcten auf Eier gelegt, mit einem d\u00fcnnen Strumpfst\u00fcck und Garn gesichert und in einem Zwiebelschalenbad gef\u00e4rbt. Die K\u00e4rntner <a href=\"https:\/\/www.instagram.com\/p\/CMwkUhIly_I\/?utm_source=ig_web_copy_link\">Food-Bloggerin Tici Kasper<\/a> zeigt, wie es geht: \u201eSelbstgef\u00e4rbte Ostereier sind eines der Highlights auf dem Ostertisch.\u201c<\/p>\n\n\n\n<figure class=\"wp-block-gallery has-nested-images columns-default is-cropped wp-block-gallery-4 is-layout-flex wp-block-gallery-is-layout-flex\">\n<figure class=\"wp-block-image size-large\"><img loading=\"lazy\" decoding=\"async\" width=\"1200\" height=\"800\" data-id=\"15823\" src=\"https:\/\/www.visitklagenfurt.at\/wp-content\/uploads\/2021\/03\/Ostern2021_4.jpg\" alt=\"Mit Zwiebelschalen selbstgef\u00e4rbte Ostereier mit Blattverzierungen  \" class=\"wp-image-15823\"\/><figcaption class=\"wp-element-caption\">(c) Martin Hoffmann<\/figcaption><\/figure>\n<\/figure>\n\n\n\n<h2 class=\"wp-block-heading\">Karsamstag<\/h2>\n\n\n\n<p>Am Karsamstag wird fr\u00fchmorgens am Domplatz in Klagenfurt mit einer gro\u00dfen Feuerschale die <strong>Feuersegnung <\/strong>vollzogen. Daf\u00fcr werden trockene Baumschw\u00e4mme verwendet. <\/p>\n\n\n\n<figure class=\"wp-block-gallery has-nested-images columns-default is-cropped wp-block-gallery-5 is-layout-flex wp-block-gallery-is-layout-flex\">\n<figure class=\"wp-block-image size-large\"><img loading=\"lazy\" decoding=\"async\" width=\"2048\" height=\"1365\" data-id=\"15868\" src=\"https:\/\/www.visitklagenfurt.at\/wp-content\/uploads\/2021\/03\/Osterfeuer-2.jpg\" alt=\"Osterfeuer und Osterk\u00e4rbchen abgedeckt mit T\u00fcchern \" class=\"wp-image-15868\"\/><figcaption class=\"wp-element-caption\">(c) KK<\/figcaption><\/figure>\n<\/figure>\n\n\n\n<p>Vereinzelt wird damit zu Hause noch das Herdfeuer angez\u00fcndet und traditionell der Osterschinken gekocht. \u00dcber die Mittagszeit werden die zahlreichen <strong>Fleischweihen <\/strong>mit prall gef\u00fcllten Weihk\u00f6rben abgehalten und abends zu den Kl\u00e4ngen von \u201eDas Grab ist leer\u201c das Hochfest zur Auferstehung gefeiert. <\/p>\n\n\n\n<p>Das bestickte<strong> Weihtuch bedeckt den Osterkorb<\/strong>, der mit Selchfleisch, Brot, Salz, Eiern und vielem mehr gef\u00fcllt ist. Da es bei der Fleischweihe gesegnet wird, darf es seit jeher weder gewaschen noch anderweitig verwendet werden. Im Sommer h\u00e4ngte man es abergl\u00e4ubisch zur Unwetterabwehr auf den Zaun.<\/p>\n\n\n\n<figure class=\"wp-block-gallery has-nested-images columns-default is-cropped wp-block-gallery-6 is-layout-flex wp-block-gallery-is-layout-flex\">\n<figure class=\"wp-block-image size-full\"><img loading=\"lazy\" decoding=\"async\" width=\"1600\" height=\"1067\" data-id=\"15790\" src=\"https:\/\/www.visitklagenfurt.at\/wp-content\/uploads\/2021\/03\/2060.jpg\" alt=\"Die Speisensegnung (Fleischweihe) hat Tradition in K\u00e4rnten\" class=\"wp-image-15790\"\/><figcaption class=\"wp-element-caption\">(c) KW, Steinthaler\t<\/figcaption><\/figure>\n<\/figure>\n\n\n\n<h2 class=\"wp-block-heading\">Ostersonntag<\/h2>\n\n\n\n<p>Das traditionelle <strong>Osterfeuer <\/strong>wirkt auf viele bereinigend. \u00dcber die Glut, die am Ende \u00fcbrig bleibt, springt so mancher seit Jahrhunderten zur Mutprobe. Heuer ist es in K\u00e4rnten tags\u00fcber untersagt und nur in der Nacht auf den Ostersonntag erlaubt.<\/p>\n\n\n\n<p>Auf <strong>Nest- und Eiersuche<\/strong> gehen alle am Ostersonntag, dem h\u00f6chsten Feiertag der katholischen Kirche.<\/p>\n\n\n\n<figure class=\"wp-block-gallery has-nested-images columns-default is-cropped wp-block-gallery-7 is-layout-flex wp-block-gallery-is-layout-flex\">\n<figure class=\"wp-block-image size-large\"><img loading=\"lazy\" decoding=\"async\" width=\"1024\" height=\"683\" data-id=\"7163\" src=\"https:\/\/www.visitklagenfurt.at\/wp-content\/uploads\/2021\/02\/2097-1024x683.jpg\" alt=\"Ostermarkt in Klagenfurt\" class=\"wp-image-7163\" srcset=\"https:\/\/www.visitklagenfurt.at\/wp-content\/uploads\/2021\/02\/2097-1024x683.jpg 1024w, https:\/\/www.visitklagenfurt.at\/wp-content\/uploads\/2021\/02\/2097-300x200.jpg 300w, https:\/\/www.visitklagenfurt.at\/wp-content\/uploads\/2021\/02\/2097-768x512.jpg 768w, https:\/\/www.visitklagenfurt.at\/wp-content\/uploads\/2021\/02\/2097-1536x1024.jpg 1536w, https:\/\/www.visitklagenfurt.at\/wp-content\/uploads\/2021\/02\/2097.jpg 1600w\" sizes=\"(max-width: 1024px) 100vw, 1024px\" \/><figcaption class=\"wp-element-caption\">(c) KW, Steinthaler\t<\/figcaption><\/figure>\n<\/figure>\n\n\n\n<h2 class=\"wp-block-heading\" id=\"h-traditionelle-osterjause-in-karnten\">Traditionelle Osterjause in K\u00e4rnten<\/h2>\n\n\n\n<p>Nach 40 Tagen Fastenzeit ist die Vorfreude auf die traditionelle K\u00e4rntner Osterjause gro\u00df. So wundert es nicht, dass kaum ein anderes Fest in K\u00e4rnten derart intensiv mit Kulinarik<strong> <\/strong>verbunden ist wie Ostern. <\/p>\n\n\n\n<p>Und am reichlich gedeckten Ostertisch spiegelt sich die bunte Vielfalt der K\u00e4rntner K\u00f6stlichkeiten eindrucksvoll wider. Der Weihkorb l\u00e4sst sich ideal am <a href=\"https:\/\/www.visitklagenfurt.at\/de\/essen-und-trinken\/maerkte\/benediktinermarkt\/\">Benediktinermarkt<\/a> zusammenstellen. <\/p>\n\n\n\n<figure class=\"wp-block-gallery has-nested-images columns-default is-cropped wp-block-gallery-8 is-layout-flex wp-block-gallery-is-layout-flex\">\n<figure class=\"wp-block-image size-large\"><img loading=\"lazy\" decoding=\"async\" width=\"1199\" height=\"798\" data-id=\"14208\" src=\"https:\/\/www.visitklagenfurt.at\/wp-content\/uploads\/2021\/03\/Osterjause_c_Kaernten_Werbung_Michael_Seyer.jpg\" alt=\"Osterjause, Schinken, Kren, Eier, Ostern, 9020 Klagenfurt am W\u00f6rthersee\" class=\"wp-image-14208\"\/><figcaption class=\"wp-element-caption\">(c) KW, Michael Seyer<\/figcaption><\/figure>\n<\/figure>\n\n\n\n<h3 class=\"wp-block-heading\" id=\"h-osterschinken-selchwurstln-amp-co\">Osterschinken, Selchw\u00fcrstln &amp; Co.<\/h3>\n\n\n\n<p>Keinesfalls fehlen darf der \u201c<strong>gselchte Schinken<\/strong>&#8222;. Er wird in einem St\u00fcck gekocht und dann in d\u00fcnnen Scheiben serviert. <\/p>\n\n\n\n<p>Auch der<strong> Schinken im Brotteig<\/strong> ist ein echter Geheimtipp aus dem Oberk\u00e4rntner Raum, der mit Roggenbrot besonders gschmackig wird. Da das Fleisch nicht zu mager sein darf, verwenden die B\u00e4uerinnen zum F\u00fcllen gerne einen Schopfroller.<\/p>\n\n\n\n<figure class=\"wp-block-gallery has-nested-images columns-default is-cropped wp-block-gallery-9 is-layout-flex wp-block-gallery-is-layout-flex\">\n<figure class=\"wp-block-image size-large\"><img loading=\"lazy\" decoding=\"async\" width=\"807\" height=\"763\" data-id=\"14329\" src=\"https:\/\/www.visitklagenfurt.at\/wp-content\/uploads\/2021\/03\/c-Klagenfurter-Maerkte.jpg\" alt=\"Am Bild sieht man den Oberk\u00f6rper einer Person mit blauem Pullover und gr\u00fcner Sch\u00fcrze. Mit beiden H\u00e4nden h\u00e4lt die Person ein gro\u00dfes St\u00fcck Schinken, von dem man den Anschnitt sieht. Er liegt auf einem wei\u00dfem Papier\" class=\"wp-image-14329\"\/><figcaption class=\"wp-element-caption\">(c) Klagenfurter M\u00e4rkte<\/figcaption><\/figure>\n<\/figure>\n\n\n\n<p>L\u00e4ndliche Besonderheiten sind der \u201e<strong>Wunter<\/strong>\u201c aus dem Gailtal, der von einigen wenigen B\u00e4uerinnen als Rarit\u00e4t zubereitet wird. F\u00fcr diese Spezialit\u00e4t wird eine Wurstmasse in einen Schweinemagen gef\u00fcllt, geselcht und gekocht. Diese einmalige K\u00e4rntner Kindheitserinnerung wird am Karsamstag nach der Fleischweihe in saftige Scheiben geschnitten und mit Eierkren und dem K\u00e4rntner Reindling serviert.<\/p>\n\n\n\n<p>Einen fixen Platz am \u00f6sterlichen Jausentisch haben <strong>W\u00fcrste<\/strong>. Traditionellerweise werden gekochte Selchw\u00fcrste<strong> <\/strong>gereicht, die gemeinsam mit Kren<strong> <\/strong>oder scharfem<strong> <\/strong>Senf<strong> <\/strong>ihre himmlisch pikante Note entfalten.<\/p>\n\n\n\n<figure class=\"wp-block-gallery has-nested-images columns-default is-cropped wp-block-gallery-10 is-layout-flex wp-block-gallery-is-layout-flex\">\n<figure class=\"wp-block-image size-large\"><img loading=\"lazy\" decoding=\"async\" width=\"1154\" height=\"1732\" data-id=\"15815\" src=\"https:\/\/www.visitklagenfurt.at\/wp-content\/uploads\/2021\/03\/Ostern2021_2.jpg\" alt=\"Schinken und Wurstplatte mit selbstgef\u00e4rbten Ostereiern und kleinem K\u00e4rntner Reindling \" class=\"wp-image-15815\"\/><figcaption class=\"wp-element-caption\">(c) Martin Hoffmann<\/figcaption><\/figure>\n<\/figure>\n\n\n\n<p>ber was w\u00e4re ein Osterfest ohne einen<strong> K\u00e4rntner Reindling<\/strong>? Dieser ist das Kernst\u00fcck der Feierlichkeiten. Diese typische K\u00e4rntner Spezialit\u00e4t mit einer Zimt-Zucker- und Rosinenf\u00fcllung darf auf keinem Tisch fehlen.&nbsp;<\/p>\n\n\n\n<div class=\"wp-block-columns is-layout-flex wp-container-core-columns-is-layout-28f84493 wp-block-columns-is-layout-flex\">\n<div class=\"wp-block-column is-layout-flow wp-block-column-is-layout-flow\" style=\"flex-basis:100%\">\n<figure class=\"wp-block-gallery has-nested-images columns-1 is-cropped wp-block-gallery-11 is-layout-flex wp-block-gallery-is-layout-flex\">\n<figure class=\"wp-block-image size-large\"><img loading=\"lazy\" decoding=\"async\" width=\"1024\" height=\"681\" data-id=\"15858\" src=\"https:\/\/www.visitklagenfurt.at\/wp-content\/uploads\/2021\/03\/2190.jpg\" alt=\"K\u00e4rntner Reindling, Kren und Mohnstrudel \" class=\"wp-image-15858\"\/><figcaption class=\"wp-element-caption\">(c) KW, Franz Gerdl <\/figcaption><\/figure>\n<\/figure>\n<\/div>\n<\/div>\n\n\n\n<h2 class=\"wp-block-heading\" id=\"h-ostern-im-suden-von-osterreich-erleben\">Ostern im S\u00fcden von \u00d6sterreich erleben<\/h2>\n\n\n\n<p>So viel Kulinarik, so viele Br\u00e4uche und Sitten erlebt man kaum zu einer anderen Zeit und an einem anderen Ort im Jahr. K\u00e4rnten ist wahrlich der Schmelztiegel alter und neuer Ostertraditionen und Klagenfurt die Osterhauptstadt, wenn man das Fest im Fr\u00fchling mal selbst miterleben m\u00f6chte! <\/p>\n\n\n\n<p>Ob Klein oder Gro\u00df \u2013 h\u00e4ufig trachtig gekleidet kommen die Einheimischen zur Palm- und Fleischweihe. Rausgeputzt, um gemeinsam die Fastenzeit zu beenden. Klagenfurt zur Osterwoche allemal einen Besuch wert.<\/p>\n","protected":false},"excerpt":{"rendered":"<p>Kein anderes Bundesland \u00d6sterreichs feiert Ostern so besonders und ausgiebig wie K\u00e4rnten. Auf welche typischen Br\u00e4uche man dabei st\u00f6\u00dft und was es sonst nirgendwo anders gibt, verraten Kenner der heimischen Tradition wie Food-Bloggerin Tici Kaspar. <\/p>\n","protected":false},"author":31,"featured_media":15794,"comment_status":"closed","ping_status":"closed","sticky":false,"template":"","format":"standard","meta":{"footnotes":""},"categories":[15],"tags":[637],"class_list":["post-15782","post","type-post","status-publish","format-standard","has-post-thumbnail","hentry","category-kultur-festivals","tag-ostern"],"yoast_head":"<!-- This site is optimized with the Yoast SEO plugin v27.5 - https:\/\/yoast.com\/product\/yoast-seo-wordpress\/ -->\n<title>Ostern &amp; Osterwoche in Klagenfurt: Br\u00e4uche &amp; Sitten | visitklagenfurt<\/title>\n<meta name=\"description\" content=\"Feiern im Kreise der Familie, alte Sitten &amp; Br\u00e4uche leben wieder auf. Wir nehmen euch mit auf eine Reise durch die Osterwoche in Klagenfurt.\" \/>\n<meta name=\"robots\" content=\"index, follow, max-snippet:-1, max-image-preview:large, max-video-preview:-1\" \/>\n<link rel=\"canonical\" href=\"https:\/\/www.visitklagenfurt.at\/de\/blog\/kultur-festivals\/ostern-und-osterwoche-klagenfurt\/\" \/>\n<meta property=\"og:locale\" content=\"de_DE\" \/>\n<meta property=\"og:type\" content=\"article\" \/>\n<meta property=\"og:title\" content=\"Ostern in Klagenfurt am W\u00f6rthersee: Br\u00e4uche, Sitten &amp; Kulinarik | visitklagenfurt\" \/>\n<meta property=\"og:description\" content=\"Feiern im Kreise der Familie, alte Sitten &amp; Br\u00e4uche leben wieder auf. Wir nehmen euch mit auf eine Reise durch die Osterwoche in Klagenfurt.\" \/>\n<meta property=\"og:url\" content=\"https:\/\/www.visitklagenfurt.at\/de\/blog\/kultur-festivals\/ostern-und-osterwoche-klagenfurt\/\" \/>\n<meta property=\"og:site_name\" content=\"visitklagenfurt\" \/>\n<meta property=\"article:published_time\" content=\"2021-03-29T09:16:48+00:00\" \/>\n<meta property=\"article:modified_time\" content=\"2026-03-09T09:56:13+00:00\" \/>\n<meta property=\"og:image\" content=\"https:\/\/www.visitklagenfurt.at\/wp-content\/uploads\/2021\/03\/Osterkorb_cKW_martin-steinthaler_tinefoto.com_.jpg\" \/>\n\t<meta property=\"og:image:width\" content=\"1600\" \/>\n\t<meta property=\"og:image:height\" content=\"1067\" \/>\n\t<meta property=\"og:image:type\" content=\"image\/jpeg\" \/>\n<meta name=\"author\" content=\"visitklagenfurt\" \/>\n<meta name=\"twitter:card\" content=\"summary_large_image\" \/>\n<meta name=\"twitter:label1\" content=\"Verfasst von\" \/>\n\t<meta name=\"twitter:data1\" content=\"visitklagenfurt\" \/>\n\t<meta name=\"twitter:label2\" content=\"Gesch\u00e4tzte Lesezeit\" \/>\n\t<meta name=\"twitter:data2\" content=\"8\u00a0Minuten\" \/>\n<script type=\"application\/ld+json\" class=\"yoast-schema-graph\">{\"@context\":\"https:\\\/\\\/schema.org\",\"@graph\":[{\"@type\":\"Article\",\"@id\":\"https:\\\/\\\/www.visitklagenfurt.at\\\/de\\\/blog\\\/kultur-festivals\\\/ostern-und-osterwoche-klagenfurt\\\/#article\",\"isPartOf\":{\"@id\":\"https:\\\/\\\/www.visitklagenfurt.at\\\/de\\\/blog\\\/kultur-festivals\\\/ostern-und-osterwoche-klagenfurt\\\/\"},\"author\":{\"name\":\"visitklagenfurt\",\"@id\":\"https:\\\/\\\/www.visitklagenfurt.at\\\/de\\\/#\\\/schema\\\/person\\\/7bc1cce71726d48c458144f55517b2df\"},\"headline\":\"Ostern in Klagenfurt am W\u00f6rthersee: Br\u00e4uche, Sitten &#038; Kulinarik\",\"datePublished\":\"2021-03-29T09:16:48+00:00\",\"dateModified\":\"2026-03-09T09:56:13+00:00\",\"mainEntityOfPage\":{\"@id\":\"https:\\\/\\\/www.visitklagenfurt.at\\\/de\\\/blog\\\/kultur-festivals\\\/ostern-und-osterwoche-klagenfurt\\\/\"},\"wordCount\":1021,\"publisher\":{\"@id\":\"https:\\\/\\\/www.visitklagenfurt.at\\\/de\\\/#organization\"},\"image\":{\"@id\":\"https:\\\/\\\/www.visitklagenfurt.at\\\/de\\\/blog\\\/kultur-festivals\\\/ostern-und-osterwoche-klagenfurt\\\/#primaryimage\"},\"thumbnailUrl\":\"https:\\\/\\\/www.visitklagenfurt.at\\\/wp-content\\\/uploads\\\/2021\\\/03\\\/Osterkorb_cKW_martin-steinthaler_tinefoto.com_.jpg\",\"keywords\":[\"Ostern\"],\"articleSection\":[\"Kultur &amp; Festivals\"],\"inLanguage\":\"de\"},{\"@type\":\"WebPage\",\"@id\":\"https:\\\/\\\/www.visitklagenfurt.at\\\/de\\\/blog\\\/kultur-festivals\\\/ostern-und-osterwoche-klagenfurt\\\/\",\"url\":\"https:\\\/\\\/www.visitklagenfurt.at\\\/de\\\/blog\\\/kultur-festivals\\\/ostern-und-osterwoche-klagenfurt\\\/\",\"name\":\"Ostern & Osterwoche in Klagenfurt: Br\u00e4uche & Sitten | visitklagenfurt\",\"isPartOf\":{\"@id\":\"https:\\\/\\\/www.visitklagenfurt.at\\\/de\\\/#website\"},\"primaryImageOfPage\":{\"@id\":\"https:\\\/\\\/www.visitklagenfurt.at\\\/de\\\/blog\\\/kultur-festivals\\\/ostern-und-osterwoche-klagenfurt\\\/#primaryimage\"},\"image\":{\"@id\":\"https:\\\/\\\/www.visitklagenfurt.at\\\/de\\\/blog\\\/kultur-festivals\\\/ostern-und-osterwoche-klagenfurt\\\/#primaryimage\"},\"thumbnailUrl\":\"https:\\\/\\\/www.visitklagenfurt.at\\\/wp-content\\\/uploads\\\/2021\\\/03\\\/Osterkorb_cKW_martin-steinthaler_tinefoto.com_.jpg\",\"datePublished\":\"2021-03-29T09:16:48+00:00\",\"dateModified\":\"2026-03-09T09:56:13+00:00\",\"description\":\"Feiern im Kreise der Familie, alte Sitten & Br\u00e4uche leben wieder auf. Wir nehmen euch mit auf eine Reise durch die Osterwoche in Klagenfurt.\",\"breadcrumb\":{\"@id\":\"https:\\\/\\\/www.visitklagenfurt.at\\\/de\\\/blog\\\/kultur-festivals\\\/ostern-und-osterwoche-klagenfurt\\\/#breadcrumb\"},\"inLanguage\":\"de\",\"potentialAction\":[{\"@type\":\"ReadAction\",\"target\":[\"https:\\\/\\\/www.visitklagenfurt.at\\\/de\\\/blog\\\/kultur-festivals\\\/ostern-und-osterwoche-klagenfurt\\\/\"]}]},{\"@type\":\"ImageObject\",\"inLanguage\":\"de\",\"@id\":\"https:\\\/\\\/www.visitklagenfurt.at\\\/de\\\/blog\\\/kultur-festivals\\\/ostern-und-osterwoche-klagenfurt\\\/#primaryimage\",\"url\":\"https:\\\/\\\/www.visitklagenfurt.at\\\/wp-content\\\/uploads\\\/2021\\\/03\\\/Osterkorb_cKW_martin-steinthaler_tinefoto.com_.jpg\",\"contentUrl\":\"https:\\\/\\\/www.visitklagenfurt.at\\\/wp-content\\\/uploads\\\/2021\\\/03\\\/Osterkorb_cKW_martin-steinthaler_tinefoto.com_.jpg\",\"width\":1600,\"height\":1067,\"caption\":\"(c) KW, Tine Steinthaler\"},{\"@type\":\"BreadcrumbList\",\"@id\":\"https:\\\/\\\/www.visitklagenfurt.at\\\/de\\\/blog\\\/kultur-festivals\\\/ostern-und-osterwoche-klagenfurt\\\/#breadcrumb\",\"itemListElement\":[{\"@type\":\"ListItem\",\"position\":1,\"name\":\"visitklagenfurt\",\"item\":\"https:\\\/\\\/www.visitklagenfurt.at\\\/de\\\/\"},{\"@type\":\"ListItem\",\"position\":2,\"name\":\"Blog\",\"item\":\"https:\\\/\\\/www.visitklagenfurt.at\\\/de\\\/category\\\/blog\\\/\"},{\"@type\":\"ListItem\",\"position\":3,\"name\":\"Kultur &amp; Festivals\",\"item\":\"https:\\\/\\\/www.visitklagenfurt.at\\\/de\\\/category\\\/blog\\\/kultur-festivals\\\/\"},{\"@type\":\"ListItem\",\"position\":4,\"name\":\"Ostern in Klagenfurt am W\u00f6rthersee: Br\u00e4uche, Sitten &#038; Kulinarik\"}]},{\"@type\":\"WebSite\",\"@id\":\"https:\\\/\\\/www.visitklagenfurt.at\\\/de\\\/#website\",\"url\":\"https:\\\/\\\/www.visitklagenfurt.at\\\/de\\\/\",\"name\":\"visitklagenfurt\",\"description\":\"\",\"publisher\":{\"@id\":\"https:\\\/\\\/www.visitklagenfurt.at\\\/de\\\/#organization\"},\"potentialAction\":[{\"@type\":\"SearchAction\",\"target\":{\"@type\":\"EntryPoint\",\"urlTemplate\":\"https:\\\/\\\/www.visitklagenfurt.at\\\/de\\\/?s={search_term_string}\"},\"query-input\":{\"@type\":\"PropertyValueSpecification\",\"valueRequired\":true,\"valueName\":\"search_term_string\"}}],\"inLanguage\":\"de\"},{\"@type\":\"Organization\",\"@id\":\"https:\\\/\\\/www.visitklagenfurt.at\\\/de\\\/#organization\",\"name\":\"Tourismus Region Klagenfurt am W\u00f6rthersee GmbH\",\"url\":\"https:\\\/\\\/www.visitklagenfurt.at\\\/de\\\/\",\"logo\":{\"@type\":\"ImageObject\",\"inLanguage\":\"de\",\"@id\":\"https:\\\/\\\/www.visitklagenfurt.at\\\/de\\\/#\\\/schema\\\/logo\\\/image\\\/\",\"url\":\"https:\\\/\\\/www.visitklagenfurt.at\\\/wp-content\\\/uploads\\\/2022\\\/03\\\/DT_K_Klagenfurt_S_RGB.png\",\"contentUrl\":\"https:\\\/\\\/www.visitklagenfurt.at\\\/wp-content\\\/uploads\\\/2022\\\/03\\\/DT_K_Klagenfurt_S_RGB.png\",\"width\":2082,\"height\":1511,\"caption\":\"Tourismus Region Klagenfurt am W\u00f6rthersee GmbH\"},\"image\":{\"@id\":\"https:\\\/\\\/www.visitklagenfurt.at\\\/de\\\/#\\\/schema\\\/logo\\\/image\\\/\"}},{\"@type\":\"Person\",\"@id\":\"https:\\\/\\\/www.visitklagenfurt.at\\\/de\\\/#\\\/schema\\\/person\\\/7bc1cce71726d48c458144f55517b2df\",\"name\":\"visitklagenfurt\",\"image\":{\"@type\":\"ImageObject\",\"inLanguage\":\"de\",\"@id\":\"https:\\\/\\\/www.visitklagenfurt.at\\\/wp-content\\\/uploads\\\/2021\\\/05\\\/KLU_LINDWURM_Blau.jpg\",\"url\":\"https:\\\/\\\/www.visitklagenfurt.at\\\/wp-content\\\/uploads\\\/2021\\\/05\\\/KLU_LINDWURM_Blau.jpg\",\"contentUrl\":\"https:\\\/\\\/www.visitklagenfurt.at\\\/wp-content\\\/uploads\\\/2021\\\/05\\\/KLU_LINDWURM_Blau.jpg\",\"caption\":\"visitklagenfurt\"},\"url\":\"https:\\\/\\\/www.visitklagenfurt.at\\\/de\\\/author\\\/visitklagenfurt\\\/\"}]}<\/script>\n<!-- \/ Yoast SEO plugin. -->","yoast_head_json":{"title":"Ostern & Osterwoche in Klagenfurt: Br\u00e4uche & Sitten | visitklagenfurt","description":"Feiern im Kreise der Familie, alte Sitten & Br\u00e4uche leben wieder auf. Wir nehmen euch mit auf eine Reise durch die Osterwoche in Klagenfurt.","robots":{"index":"index","follow":"follow","max-snippet":"max-snippet:-1","max-image-preview":"max-image-preview:large","max-video-preview":"max-video-preview:-1"},"canonical":"https:\/\/www.visitklagenfurt.at\/de\/blog\/kultur-festivals\/ostern-und-osterwoche-klagenfurt\/","og_locale":"de_DE","og_type":"article","og_title":"Ostern in Klagenfurt am W\u00f6rthersee: Br\u00e4uche, Sitten & Kulinarik | visitklagenfurt","og_description":"Feiern im Kreise der Familie, alte Sitten & Br\u00e4uche leben wieder auf. Wir nehmen euch mit auf eine Reise durch die Osterwoche in Klagenfurt.","og_url":"https:\/\/www.visitklagenfurt.at\/de\/blog\/kultur-festivals\/ostern-und-osterwoche-klagenfurt\/","og_site_name":"visitklagenfurt","article_published_time":"2021-03-29T09:16:48+00:00","article_modified_time":"2026-03-09T09:56:13+00:00","og_image":[{"width":1600,"height":1067,"url":"https:\/\/www.visitklagenfurt.at\/wp-content\/uploads\/2021\/03\/Osterkorb_cKW_martin-steinthaler_tinefoto.com_.jpg","type":"image\/jpeg"}],"author":"visitklagenfurt","twitter_card":"summary_large_image","twitter_misc":{"Verfasst von":"visitklagenfurt","Gesch\u00e4tzte Lesezeit":"8\u00a0Minuten"},"schema":{"@context":"https:\/\/schema.org","@graph":[{"@type":"Article","@id":"https:\/\/www.visitklagenfurt.at\/de\/blog\/kultur-festivals\/ostern-und-osterwoche-klagenfurt\/#article","isPartOf":{"@id":"https:\/\/www.visitklagenfurt.at\/de\/blog\/kultur-festivals\/ostern-und-osterwoche-klagenfurt\/"},"author":{"name":"visitklagenfurt","@id":"https:\/\/www.visitklagenfurt.at\/de\/#\/schema\/person\/7bc1cce71726d48c458144f55517b2df"},"headline":"Ostern in Klagenfurt am W\u00f6rthersee: Br\u00e4uche, Sitten &#038; Kulinarik","datePublished":"2021-03-29T09:16:48+00:00","dateModified":"2026-03-09T09:56:13+00:00","mainEntityOfPage":{"@id":"https:\/\/www.visitklagenfurt.at\/de\/blog\/kultur-festivals\/ostern-und-osterwoche-klagenfurt\/"},"wordCount":1021,"publisher":{"@id":"https:\/\/www.visitklagenfurt.at\/de\/#organization"},"image":{"@id":"https:\/\/www.visitklagenfurt.at\/de\/blog\/kultur-festivals\/ostern-und-osterwoche-klagenfurt\/#primaryimage"},"thumbnailUrl":"https:\/\/www.visitklagenfurt.at\/wp-content\/uploads\/2021\/03\/Osterkorb_cKW_martin-steinthaler_tinefoto.com_.jpg","keywords":["Ostern"],"articleSection":["Kultur &amp; Festivals"],"inLanguage":"de"},{"@type":"WebPage","@id":"https:\/\/www.visitklagenfurt.at\/de\/blog\/kultur-festivals\/ostern-und-osterwoche-klagenfurt\/","url":"https:\/\/www.visitklagenfurt.at\/de\/blog\/kultur-festivals\/ostern-und-osterwoche-klagenfurt\/","name":"Ostern & Osterwoche in Klagenfurt: Br\u00e4uche & Sitten | visitklagenfurt","isPartOf":{"@id":"https:\/\/www.visitklagenfurt.at\/de\/#website"},"primaryImageOfPage":{"@id":"https:\/\/www.visitklagenfurt.at\/de\/blog\/kultur-festivals\/ostern-und-osterwoche-klagenfurt\/#primaryimage"},"image":{"@id":"https:\/\/www.visitklagenfurt.at\/de\/blog\/kultur-festivals\/ostern-und-osterwoche-klagenfurt\/#primaryimage"},"thumbnailUrl":"https:\/\/www.visitklagenfurt.at\/wp-content\/uploads\/2021\/03\/Osterkorb_cKW_martin-steinthaler_tinefoto.com_.jpg","datePublished":"2021-03-29T09:16:48+00:00","dateModified":"2026-03-09T09:56:13+00:00","description":"Feiern im Kreise der Familie, alte Sitten & Br\u00e4uche leben wieder auf. Wir nehmen euch mit auf eine Reise durch die Osterwoche in Klagenfurt.","breadcrumb":{"@id":"https:\/\/www.visitklagenfurt.at\/de\/blog\/kultur-festivals\/ostern-und-osterwoche-klagenfurt\/#breadcrumb"},"inLanguage":"de","potentialAction":[{"@type":"ReadAction","target":["https:\/\/www.visitklagenfurt.at\/de\/blog\/kultur-festivals\/ostern-und-osterwoche-klagenfurt\/"]}]},{"@type":"ImageObject","inLanguage":"de","@id":"https:\/\/www.visitklagenfurt.at\/de\/blog\/kultur-festivals\/ostern-und-osterwoche-klagenfurt\/#primaryimage","url":"https:\/\/www.visitklagenfurt.at\/wp-content\/uploads\/2021\/03\/Osterkorb_cKW_martin-steinthaler_tinefoto.com_.jpg","contentUrl":"https:\/\/www.visitklagenfurt.at\/wp-content\/uploads\/2021\/03\/Osterkorb_cKW_martin-steinthaler_tinefoto.com_.jpg","width":1600,"height":1067,"caption":"(c) KW, Tine Steinthaler"},{"@type":"BreadcrumbList","@id":"https:\/\/www.visitklagenfurt.at\/de\/blog\/kultur-festivals\/ostern-und-osterwoche-klagenfurt\/#breadcrumb","itemListElement":[{"@type":"ListItem","position":1,"name":"visitklagenfurt","item":"https:\/\/www.visitklagenfurt.at\/de\/"},{"@type":"ListItem","position":2,"name":"Blog","item":"https:\/\/www.visitklagenfurt.at\/de\/category\/blog\/"},{"@type":"ListItem","position":3,"name":"Kultur &amp; Festivals","item":"https:\/\/www.visitklagenfurt.at\/de\/category\/blog\/kultur-festivals\/"},{"@type":"ListItem","position":4,"name":"Ostern in Klagenfurt am W\u00f6rthersee: Br\u00e4uche, Sitten &#038; Kulinarik"}]},{"@type":"WebSite","@id":"https:\/\/www.visitklagenfurt.at\/de\/#website","url":"https:\/\/www.visitklagenfurt.at\/de\/","name":"visitklagenfurt","description":"","publisher":{"@id":"https:\/\/www.visitklagenfurt.at\/de\/#organization"},"potentialAction":[{"@type":"SearchAction","target":{"@type":"EntryPoint","urlTemplate":"https:\/\/www.visitklagenfurt.at\/de\/?s={search_term_string}"},"query-input":{"@type":"PropertyValueSpecification","valueRequired":true,"valueName":"search_term_string"}}],"inLanguage":"de"},{"@type":"Organization","@id":"https:\/\/www.visitklagenfurt.at\/de\/#organization","name":"Tourismus Region Klagenfurt am W\u00f6rthersee GmbH","url":"https:\/\/www.visitklagenfurt.at\/de\/","logo":{"@type":"ImageObject","inLanguage":"de","@id":"https:\/\/www.visitklagenfurt.at\/de\/#\/schema\/logo\/image\/","url":"https:\/\/www.visitklagenfurt.at\/wp-content\/uploads\/2022\/03\/DT_K_Klagenfurt_S_RGB.png","contentUrl":"https:\/\/www.visitklagenfurt.at\/wp-content\/uploads\/2022\/03\/DT_K_Klagenfurt_S_RGB.png","width":2082,"height":1511,"caption":"Tourismus Region Klagenfurt am W\u00f6rthersee GmbH"},"image":{"@id":"https:\/\/www.visitklagenfurt.at\/de\/#\/schema\/logo\/image\/"}},{"@type":"Person","@id":"https:\/\/www.visitklagenfurt.at\/de\/#\/schema\/person\/7bc1cce71726d48c458144f55517b2df","name":"visitklagenfurt","image":{"@type":"ImageObject","inLanguage":"de","@id":"https:\/\/www.visitklagenfurt.at\/wp-content\/uploads\/2021\/05\/KLU_LINDWURM_Blau.jpg","url":"https:\/\/www.visitklagenfurt.at\/wp-content\/uploads\/2021\/05\/KLU_LINDWURM_Blau.jpg","contentUrl":"https:\/\/www.visitklagenfurt.at\/wp-content\/uploads\/2021\/05\/KLU_LINDWURM_Blau.jpg","caption":"visitklagenfurt"},"url":"https:\/\/www.visitklagenfurt.at\/de\/author\/visitklagenfurt\/"}]}},"_links":{"self":[{"href":"https:\/\/www.visitklagenfurt.at\/de\/wp-json\/wp\/v2\/posts\/15782","targetHints":{"allow":["GET"]}}],"collection":[{"href":"https:\/\/www.visitklagenfurt.at\/de\/wp-json\/wp\/v2\/posts"}],"about":[{"href":"https:\/\/www.visitklagenfurt.at\/de\/wp-json\/wp\/v2\/types\/post"}],"author":[{"embeddable":true,"href":"https:\/\/www.visitklagenfurt.at\/de\/wp-json\/wp\/v2\/users\/31"}],"replies":[{"embeddable":true,"href":"https:\/\/www.visitklagenfurt.at\/de\/wp-json\/wp\/v2\/comments?post=15782"}],"version-history":[{"count":48,"href":"https:\/\/www.visitklagenfurt.at\/de\/wp-json\/wp\/v2\/posts\/15782\/revisions"}],"predecessor-version":[{"id":77865,"href":"https:\/\/www.visitklagenfurt.at\/de\/wp-json\/wp\/v2\/posts\/15782\/revisions\/77865"}],"wp:featuredmedia":[{"embeddable":true,"href":"https:\/\/www.visitklagenfurt.at\/de\/wp-json\/wp\/v2\/media\/15794"}],"wp:attachment":[{"href":"https:\/\/www.visitklagenfurt.at\/de\/wp-json\/wp\/v2\/media?parent=15782"}],"wp:term":[{"taxonomy":"category","embeddable":true,"href":"https:\/\/www.visitklagenfurt.at\/de\/wp-json\/wp\/v2\/categories?post=15782"},{"taxonomy":"post_tag","embeddable":true,"href":"https:\/\/www.visitklagenfurt.at\/de\/wp-json\/wp\/v2\/tags?post=15782"}],"curies":[{"name":"wp","href":"https:\/\/api.w.org\/{rel}","templated":true}]}}