{"id":22268,"date":"2021-06-01T10:00:00","date_gmt":"2021-06-01T08:00:00","guid":{"rendered":"https:\/\/www.visitklagenfurt.at\/?p=22268"},"modified":"2024-06-11T11:14:28","modified_gmt":"2024-06-11T09:14:28","slug":"klagenfurt-die-stadt-unter-dem-regenbogen","status":"publish","type":"post","link":"https:\/\/www.visitklagenfurt.at\/de\/blog\/stadtleben\/klagenfurt-die-stadt-unter-dem-regenbogen\/","title":{"rendered":"Klagenfurt: Die Stadt unter dem Regenbogen"},"content":{"rendered":"\n<p>Aber: Was hat es mit den Regenbogen-Stickern auf sich, was bedeutet eigentlich \u201eQueer\u201c und was wird bei der Regenbogenparade gefeiert? Eines sei vorab verraten: Das Ganze ist eigentlich gar nicht so kompliziert, wie es vielleicht auf Anhieb klingen mag \u2013 denn im Prinzip geht es nur um eines: Toleranz. Und vielleicht ein bisschen Liebe.<\/p>\n\n\n\n<h2 class=\"wp-block-heading\" id=\"h-wofur-steht-eigentlich-lgbtqia\">Wof\u00fcr steht eigentlich LGBTQIA+<\/h2>\n\n\n\n<p>LGBTQIA+ soll Geschlechter und sexuelle Orientierungen umfassend abbilden: Dabei steht das \u201eL\u201c f\u00fcr \u201eLesbian\u201c, das G f\u00fcr \u201eGay\u201c, \u201eB\u201c f\u00fcr \u201eBisexuell\u201c (oder auch \u201epansexuell\u201c), \u201eT\u201c f\u00fcr \u201eTransgender\u201c, das \u201eQ\u201c steht f\u00fcr \u201eQueer\u201c, \u201eI\u201c f\u00fcr \u201eIntersexuell\u201c, das \u201eA\u201c f\u00fcr \u201eAsexuell\u201c und das \u201e+\u201c f\u00fcr alles andere, das sich nicht oder noch nicht in Worten oder Buchstaben erkl\u00e4ren l\u00e4sst. <\/p>\n\n\n\n<p>Aber auch f\u00fcr Menschen, die sich eben mit dem Geschlecht identifizieren k\u00f6nnen und m\u00f6chten, dass sie bei der Geburt zugewiesen bekommen haben, gibt es nat\u00fcrlich ein Wort: Cisgender. Darin liegt n\u00e4mlich der springende Punkt \u2013 die <strong>sexuelle Orientierung der Menschen ist vielf\u00e4ltig<\/strong> und l\u00e4sst sich nicht mit den typischen Unterscheidungen in Heterosexualit\u00e4t und Homosexualit\u00e4t kaum hinreichend unterscheiden.<\/p>\n\n\n\n<p>Sexualit\u00e4t ist sehr viel komplexer, das <strong>Mensch-Sein ist viel komplexer<\/strong>. Es ist nicht selbstverst\u00e4ndlich, dass eine Person, die beispielsweise als \u201ezugewiesenes\u201c M\u00e4dchen geboren wird, sich auch so f\u00fchlt oder als solches bezeichnet werden m\u00f6chte, sondern sollte dies frei entscheiden k\u00f6nnen.<\/p>\n\n\n\n<figure class=\"wp-block-gallery has-nested-images columns-default is-cropped wp-block-gallery-1 is-layout-flex wp-block-gallery-is-layout-flex\">\n<figure class=\"wp-block-image size-large\"><img fetchpriority=\"high\" decoding=\"async\" width=\"1000\" height=\"750\" data-id=\"22473\" src=\"https:\/\/www.visitklagenfurt.at\/wp-content\/uploads\/2021\/06\/Regenbogenbank-bei-der-Kelag-c-KLAMAG-MK-6-blog.jpg\" alt=\"Parkbank in Regenbogenfarben vor der Kelag Klagenfurt, im Hintergrund B\u00e4ume und Str\u00e4ucher\" class=\"wp-image-22473\"\/><figcaption class=\"wp-element-caption\">(c) KLAMAG, Martina Karulle<\/figcaption><\/figure>\n<\/figure>\n\n\n\n<h2 class=\"wp-block-heading\" id=\"h-we-are-proud\">We are proud!<\/h2>\n\n\n\n<p>Seit 50 Jahren nutzt diese Bewegung den Begriff \u201ePride\u201c, um den selbstbewussten und stolzen Umgang mit der eigenen sexuellen Identit\u00e4t zu beschreiben \u2013 auch wenn diese eben von der sogenannten \u201eHeteronormativit\u00e4t\u201c abweicht. <\/p>\n\n\n\n<p>Und genau das feiert man bei der Regenbogenparade, die in \u00d6sterreich 1996 erstmals in Wien stattfand und es in den letzten Jahren auch immer wieder zu uns nach Klagenfurt geschafft hat \u2013 ein klares Zeichen f\u00fcr Gleichberechtigung und Solidarit\u00e4t und damit ganz klar gegen jegliche Diskriminierung.\u00a0<\/p>\n\n\n\n<p><strong>Terminhinweis:<\/strong> 2024 findet die Pride-Parade in Klagenfurt \u00fcbrigens am 3. August statt!<\/p>\n\n\n\n<figure class=\"wp-block-gallery has-nested-images columns-default is-cropped wp-block-gallery-2 is-layout-flex wp-block-gallery-is-layout-flex\">\n<figure class=\"wp-block-image size-large\"><img decoding=\"async\" width=\"2048\" height=\"1536\" data-id=\"65089\" src=\"https:\/\/www.visitklagenfurt.at\/wp-content\/uploads\/2021\/06\/Stadttheater-Regenbogenparade-c-KLAMAG-MK-1.jpeg\" alt=\"regenbogenparade vorm Stadttheater Klagenfurt \" class=\"wp-image-65089\"\/><figcaption class=\"wp-element-caption\"> (c) KLAMAG Martina Karulle<\/figcaption><\/figure>\n<\/figure>\n\n\n\n<h2 class=\"wp-block-heading\" id=\"h-warum-die-pride-parade-wichtig-ist\">Warum die Pride-Parade wichtig ist<\/h2>\n\n\n\n<p>Als am <strong>26. Juni 1996 die erste Parade in Wien<\/strong> vom Schwarzenbergplatz zum Schottentor \u00fcber die Ringstra\u00dfe zog, sahen die Dinge noch etwas anders aus. Gab es zu dieser Zeit doch noch drei Strafrechtparagrafen, die Lesben und Schwule bedrohten. Einer davon war der Paragraf 220, der &#8222;Werbung f\u00fcr Unzucht mit Personen des gleichen Geschlechts&#8220; unter Strafe stellte. Im Grunde machten sich die Organisatorinnen und Organisatoren der ersten Parade strafbar, weil sie gem\u00e4\u00df dem Motto &#8222;Sichtbar 96&#8220; <strong>mehr Sichtbarkeit f\u00fcr lesbische, schwule und transgender Lebensweisen<\/strong> einforderten.<\/p>\n\n\n\n<p>Erst im M\u00e4rz 1997 wurde dann das Werbeverbot aufgehoben, die gleichzeitig zur Abstimmung kommende Aufhebung des Vereinsverbots wurde mit gro\u00dfer Mehrheit angenommen. Sich auszuleben und frei zu lieben war also nicht immer selbstverst\u00e4ndlich. Umso wichtiger, dass die Regenbogenparade nun auch abseits gro\u00dfer St\u00e4dte Anklang und Beachtung findet.&nbsp;<\/p>\n\n\n\n<figure class=\"wp-block-gallery has-nested-images columns-default is-cropped wp-block-gallery-3 is-layout-flex wp-block-gallery-is-layout-flex\">\n<figure class=\"wp-block-image size-large\"><img decoding=\"async\" width=\"1080\" height=\"1080\" data-id=\"22287\" src=\"https:\/\/www.visitklagenfurt.at\/wp-content\/uploads\/2021\/06\/Pride-2020-No-Homophobia-c-Queer-Klagenfurt.jpg\" alt=\"Schnappschuss der Fahrrade Regenbogenparade mit Frauen und M\u00e4nnern auf Fahrr\u00e4dern, einige halten Regenbogenfahnen und Spruchtafeln in de Hand\" class=\"wp-image-22287\"\/><figcaption class=\"wp-element-caption\">(c) Queer Klagenfurt<\/figcaption><\/figure>\n<\/figure>\n\n\n\n<h2 class=\"wp-block-heading\" id=\"h-was-bedeutet-queer\">Was bedeutet &#8222;queer&#8220;?<\/h2>\n\n\n\n<p>Auch wenn das englische Wort \u201equeer\u201c \u00fcbersetzt eigentlich \u201eseltsam\u201c oder \u201emerkw\u00fcrdig\u201c bedeutet, hat sich der Begriff in den letzten Jahren immer mehr zu einem positiven entwickelt und etabliert. Es steht f\u00fcr die <strong>Vielfalt sexueller und geschlechtlicher Identit\u00e4ten<\/strong>. Denn auch heterosexuelle Menschen k\u00f6nnen queer sein, wenn sie nicht in die geschlechtstypischen Rollen passen, nicht passen m\u00f6chten oder zum Beispiel \u201enicht in die Norm passende\u201c Sexualpraktiken aus\u00fcben \u2013 schlie\u00dflich geht es ja immer darum, dass eben niemand ausgeschlossen werden soll.\u00a0<\/p>\n\n\n\n<h2 class=\"wp-block-heading\" id=\"h-vereine-und-anlaufstellen-in-klagenfurt\">Vereine und Anlaufstellen in Klagenfurt<\/h2>\n\n\n\n<p>Auch am W\u00f6rthersee tut sich einiges um die Regenbogen-Community. Mehrere Vereine und Institutionen sorgen daf\u00fcr, die Thematik nicht nur sichtbar zu machen, sondern sich auch gezielt gegen Diskriminierung einzusetzen und Aufkl\u00e4rungsarbeit zu leisten \u2013 denn auch Klagenfurt blieb in der Vergangenheit nicht von homophoben Angriffen verschont. <\/p>\n\n\n\n<p>Aktuell sind folgende<strong> Vereine bzw. Beratungsstellen in Klagenfurt <\/strong>aktiv:<\/p>\n\n\n\n<ul class=\"wp-block-list\">\n<li><a href=\"http:\/\/www.facebook.com\/RegenbogenparadeKlagenfurt?locale=de_DE\">Queer Klagenfurt.<\/a> Verein f\u00fcr eine Gesellschaft der Vielfalt, Weltoffenheit und Solidarit\u00e4t \u2013 in K\u00e4rnten, \u00d6sterreich und Europa. Organisation der Pride Parade in Klagenfurt. <\/li>\n\n\n\n<li><a href=\"http:\/\/www.queerinthia.com\">Queerinthia<\/a>. Community f\u00fcr bunte Vielfalt f\u00fcr K\u00e4rnten, mit einer bunten Vielfalt an Menschen aus allen Schichten der LGBTQI &#8211; Community<\/li>\n\n\n\n<li>Das <a href=\"https:\/\/www.aau.at\/blog\/queer-klagenfurt-celovec-die-queere-community-braucht-und-verdient-mehr\/\">Queer-Referat der \u00d6H-Klagenfurt<\/a>. Tritt ein f\u00fcr das Sichtbarmachen und die Rechte der LGBTIQ+ Community<\/li>\n\n\n\n<li><a href=\"https:\/\/insieme-kaernten.com\/\">Insieme K\u00e4rnten<\/a>. Anlaufstelle f\u00fcr jene Menschen und ihre Bezugspersonen, deren Biologie etwas anderes f\u00fcr sie \u201eausgedacht\u201c hat, als es der \u201egesellschaftlichen Norm\u201c entspricht.<\/li>\n\n\n\n<li><a href=\"http:\/\/www.courage-beratung.at\">Courage Beratungsstelle<\/a>, die Partner*innen-, Familien- &amp; Sexualberatungsstelle<\/li>\n\n\n\n<li><a href=\"https:\/\/new.equaliz.at\/lebenswelten\/ally\/\">ALLY,<\/a> die Anlaufstelle der Stadt f\u00fcr queere Menschen im ehemaligen M\u00e4dchenzentrum <\/li>\n<\/ul>\n\n\n\n<blockquote class=\"instagram-media\" data-instgrm-captioned data-instgrm-permalink=\"https:\/\/www.instagram.com\/p\/C7Jg8zlN4BN\/?utm_source=ig_embed&amp;utm_campaign=loading\" data-instgrm-version=\"14\" style=\" background:#FFF; border:0; border-radius:3px; box-shadow:0 0 1px 0 rgba(0,0,0,0.5),0 1px 10px 0 rgba(0,0,0,0.15); margin: 1px; max-width:540px; min-width:326px; padding:0; width:99.375%; width:-webkit-calc(100% - 2px); width:calc(100% - 2px);\"><div style=\"padding:16px;\"> <a href=\"https:\/\/www.instagram.com\/p\/C7Jg8zlN4BN\/?utm_source=ig_embed&amp;utm_campaign=loading\" style=\" background:#FFFFFF; line-height:0; padding:0 0; text-align:center; text-decoration:none; width:100%;\" target=\"_blank\" rel=\"noopener\"> <div style=\" display: flex; flex-direction: row; align-items: center;\"> <div style=\"background-color: #F4F4F4; border-radius: 50%; flex-grow: 0; height: 40px; margin-right: 14px; width: 40px;\"><\/div> <div style=\"display: flex; flex-direction: column; flex-grow: 1; justify-content: center;\"> <div style=\" background-color: #F4F4F4; border-radius: 4px; flex-grow: 0; height: 14px; margin-bottom: 6px; width: 100px;\"><\/div> <div style=\" background-color: #F4F4F4; border-radius: 4px; flex-grow: 0; height: 14px; width: 60px;\"><\/div><\/div><\/div><div style=\"padding: 19% 0;\"><\/div> <div style=\"display:block; height:50px; margin:0 auto 12px; width:50px;\"><svg width=\"50px\" height=\"50px\" viewBox=\"0 0 60 60\" version=\"1.1\" xmlns=\"https:\/\/www.w3.org\/2000\/svg\" xmlns:xlink=\"https:\/\/www.w3.org\/1999\/xlink\"><g stroke=\"none\" stroke-width=\"1\" fill=\"none\" fill-rule=\"evenodd\"><g transform=\"translate(-511.000000, -20.000000)\" fill=\"#000000\"><g><path d=\"M556.869,30.41 C554.814,30.41 553.148,32.076 553.148,34.131 C553.148,36.186 554.814,37.852 556.869,37.852 C558.924,37.852 560.59,36.186 560.59,34.131 C560.59,32.076 558.924,30.41 556.869,30.41 M541,60.657 C535.114,60.657 530.342,55.887 530.342,50 C530.342,44.114 535.114,39.342 541,39.342 C546.887,39.342 551.658,44.114 551.658,50 C551.658,55.887 546.887,60.657 541,60.657 M541,33.886 C532.1,33.886 524.886,41.1 524.886,50 C524.886,58.899 532.1,66.113 541,66.113 C549.9,66.113 557.115,58.899 557.115,50 C557.115,41.1 549.9,33.886 541,33.886 M565.378,62.101 C565.244,65.022 564.756,66.606 564.346,67.663 C563.803,69.06 563.154,70.057 562.106,71.106 C561.058,72.155 560.06,72.803 558.662,73.347 C557.607,73.757 556.021,74.244 553.102,74.378 C549.944,74.521 548.997,74.552 541,74.552 C533.003,74.552 532.056,74.521 528.898,74.378 C525.979,74.244 524.393,73.757 523.338,73.347 C521.94,72.803 520.942,72.155 519.894,71.106 C518.846,70.057 518.197,69.06 517.654,67.663 C517.244,66.606 516.755,65.022 516.623,62.101 C516.479,58.943 516.448,57.996 516.448,50 C516.448,42.003 516.479,41.056 516.623,37.899 C516.755,34.978 517.244,33.391 517.654,32.338 C518.197,30.938 518.846,29.942 519.894,28.894 C520.942,27.846 521.94,27.196 523.338,26.654 C524.393,26.244 525.979,25.756 528.898,25.623 C532.057,25.479 533.004,25.448 541,25.448 C548.997,25.448 549.943,25.479 553.102,25.623 C556.021,25.756 557.607,26.244 558.662,26.654 C560.06,27.196 561.058,27.846 562.106,28.894 C563.154,29.942 563.803,30.938 564.346,32.338 C564.756,33.391 565.244,34.978 565.378,37.899 C565.522,41.056 565.552,42.003 565.552,50 C565.552,57.996 565.522,58.943 565.378,62.101 M570.82,37.631 C570.674,34.438 570.167,32.258 569.425,30.349 C568.659,28.377 567.633,26.702 565.965,25.035 C564.297,23.368 562.623,22.342 560.652,21.575 C558.743,20.834 556.562,20.326 553.369,20.18 C550.169,20.033 549.148,20 541,20 C532.853,20 531.831,20.033 528.631,20.18 C525.438,20.326 523.257,20.834 521.349,21.575 C519.376,22.342 517.703,23.368 516.035,25.035 C514.368,26.702 513.342,28.377 512.574,30.349 C511.834,32.258 511.326,34.438 511.181,37.631 C511.035,40.831 511,41.851 511,50 C511,58.147 511.035,59.17 511.181,62.369 C511.326,65.562 511.834,67.743 512.574,69.651 C513.342,71.625 514.368,73.296 516.035,74.965 C517.703,76.634 519.376,77.658 521.349,78.425 C523.257,79.167 525.438,79.673 528.631,79.82 C531.831,79.965 532.853,80.001 541,80.001 C549.148,80.001 550.169,79.965 553.369,79.82 C556.562,79.673 558.743,79.167 560.652,78.425 C562.623,77.658 564.297,76.634 565.965,74.965 C567.633,73.296 568.659,71.625 569.425,69.651 C570.167,67.743 570.674,65.562 570.82,62.369 C570.966,59.17 571,58.147 571,50 C571,41.851 570.966,40.831 570.82,37.631\"><\/path><\/g><\/g><\/g><\/svg><\/div><div style=\"padding-top: 8px;\"> <div style=\" color:#3897f0; font-family:Arial,sans-serif; font-size:14px; font-style:normal; font-weight:550; line-height:18px;\">Sieh dir diesen Beitrag auf Instagram an<\/div><\/div><div style=\"padding: 12.5% 0;\"><\/div> <div style=\"display: flex; flex-direction: row; margin-bottom: 14px; align-items: center;\"><div> <div style=\"background-color: #F4F4F4; border-radius: 50%; height: 12.5px; width: 12.5px; transform: translateX(0px) translateY(7px);\"><\/div> <div style=\"background-color: #F4F4F4; height: 12.5px; transform: rotate(-45deg) translateX(3px) translateY(1px); width: 12.5px; flex-grow: 0; margin-right: 14px; margin-left: 2px;\"><\/div> <div style=\"background-color: #F4F4F4; border-radius: 50%; height: 12.5px; width: 12.5px; transform: translateX(9px) translateY(-18px);\"><\/div><\/div><div style=\"margin-left: 8px;\"> <div style=\" background-color: #F4F4F4; border-radius: 50%; flex-grow: 0; height: 20px; width: 20px;\"><\/div> <div style=\" width: 0; height: 0; border-top: 2px solid transparent; border-left: 6px solid #f4f4f4; border-bottom: 2px solid transparent; transform: translateX(16px) translateY(-4px) rotate(30deg)\"><\/div><\/div><div style=\"margin-left: auto;\"> <div style=\" width: 0px; border-top: 8px solid #F4F4F4; border-right: 8px solid transparent; transform: translateY(16px);\"><\/div> <div style=\" background-color: #F4F4F4; flex-grow: 0; height: 12px; width: 16px; transform: translateY(-4px);\"><\/div> <div style=\" width: 0; height: 0; border-top: 8px solid #F4F4F4; border-left: 8px solid transparent; transform: translateY(-4px) translateX(8px);\"><\/div><\/div><\/div> <div style=\"display: flex; flex-direction: column; flex-grow: 1; justify-content: center; margin-bottom: 24px;\"> <div style=\" background-color: #F4F4F4; border-radius: 4px; flex-grow: 0; height: 14px; margin-bottom: 6px; width: 224px;\"><\/div> <div style=\" background-color: #F4F4F4; border-radius: 4px; flex-grow: 0; height: 14px; width: 144px;\"><\/div><\/div><\/a><p style=\" color:#c9c8cd; font-family:Arial,sans-serif; font-size:14px; line-height:17px; margin-bottom:0; margin-top:8px; overflow:hidden; padding:8px 0 7px; text-align:center; text-overflow:ellipsis; white-space:nowrap;\"><a href=\"https:\/\/www.instagram.com\/p\/C7Jg8zlN4BN\/?utm_source=ig_embed&amp;utm_campaign=loading\" style=\" color:#c9c8cd; font-family:Arial,sans-serif; font-size:14px; font-style:normal; font-weight:normal; line-height:17px; text-decoration:none;\" target=\"_blank\" rel=\"noopener\">Ein Beitrag geteilt von Pride Klagenfurt\/Celovec 03.08.2024. (@queerklagenfurt)<\/a><\/p><\/div><\/blockquote> <script async src=\"\/\/www.instagram.com\/embed.js\"><\/script>\n\n\n\n<h3 class=\"wp-block-heading\" id=\"h-queer-klagenfurt-organisiert-events\">&#8222;queer Klagenfurt&#8220; organisiert Events<\/h3>\n\n\n\n<p>Der 2020 gegr\u00fcndete Verein \u201equeer Klagenfurt\u201c soll als sicherer Ort und Netzwerkstelle dienen. In erster Linie ist der Zweck des Vereins, die Regenbogenparade K\u00e4rnten zu organisieren und somit mehr Sichtbarkeit und einen safe space zu schaffen. <\/p>\n\n\n\n<p>Der Verein bem\u00fcht sich mit seiner Antidiskriminierungsarbeit darum, dass der LGBTIAQ+ Community mehr sichere Orte gew\u00e4hrt werden und weniger Stigmatisierung und auch Gewalt passieren. Daf\u00fcr werden neben der Pride das ganze Jahr verteilt <strong>unterschiedliche Veranstaltungen<\/strong> organsisiert. <\/p>\n\n\n\n<p>Zum Beispiel das Abendevent \u201eQueer*Spaces\u201c, Workshops, Filmabende, Spieleabende oder Vortr\u00e4ge. Die Veranstaltungen sind dabei immer zu gesellschaftspolitischen Themen, die nicht nur LGBTIAQ+ Inhalte aufweisen, sondern sich differenzierter mit dem Leben unterschiedlicher benachteiligter Gruppen auseinandersetzen.<\/p>\n\n\n\n<p>Auch auf <strong>Radio Agora<\/strong> hat der Verein eine Sendung, in der es regelm\u00e4\u00dfig interessante Themen rund um den Verein und seine T\u00e4tigkeiten zu h\u00f6ren gibt. Unter dem Titel<a href=\"https:\/\/www.agora.at\/sendungen-oddaje\/detail\/which\/queer-voices\"> \u201equeer voices\u201c<\/a> \u2013 jeden ersten Montag im Monat von 19 bis 20 Uhr.\u00a0<\/p>\n\n\n\n<p>Wer den Verein <strong>queer Klagenfurt kennenlernen<\/strong> m\u00f6chte, der ist jederzeit herzlich zu den offenen Treffen eingeladen, man ist stets erreichbar, etwa via <a href=\"https:\/\/www.instagram.com\/queerklagenfurt\/\">Instagram <\/a>oder Mail <a href=\"mailto:queerklagenfurt@gmail.com\">queerklagenfurt@gmail.com<\/a>. <\/p>\n\n\n\n<h2 class=\"wp-block-heading\" id=\"h-safe-spaces-in-klagenfurt\">Safe Spaces in Klagenfurt<\/h2>\n\n\n\n<p>Die \u201eRegenbogen-freundlichen\u201c Orte haben in der K\u00e4rntner Landeshauptstadt aber noch Nachholbedarf: Es gibt viele Vereine, die tolle Events organisieren.  Mittlerweile gibt es mit dem<a href=\"https:\/\/www.querformat.art\/\"> Kulturraum Querformat <\/a>auch einen offenen Ort, der immer besucht werden kann. <\/p>\n\n\n\n<p><strong>Adresse: <\/strong>Feldmarschall-Conrad-Platz 4, 9020 Klagenfurt am W\u00f6rthersee<\/p>\n\n\n\n<h3 class=\"wp-block-heading\" id=\"h-queere-lokale\">Queere Lokale<\/h3>\n\n\n\n<p><strong>Lokale<\/strong> und Bars f\u00fcr die LGBTQAI+-Community gibt es in Klagenfurt nat\u00fcrlich auch. Zum Beispiel Strass, Stadtkr\u00e4mer oder Palim Palim. Ein gutes Zeichen f\u00fcr eine queerfriendly Ort ist immer eine Regenbogenfahne\u201c, erz\u00e4hlt mir Hannah Tomasi vom Verein Queer Klagenfurt. Ebenfalls sehr aktiv ist die \u201eSoHo K\u00e4rnten\u201c (sozialdemokratische Homosexuelleninitiative), deren unerm\u00fcdliche Vorsitzende Anna Maria Schuster sich f\u00fcr die Regenbogenb\u00e4nke in Klagenfurt und anderen Bezirken eingesetzt hat.\u00a0<\/p>\n\n\n\n<ul class=\"wp-block-list\">\n<li><strong>Strass Bar<\/strong><br>Adresse:<strong> <\/strong>Theatergasse 4, 9020 Klagenfurt am W\u00f6rthersee<br>Web: <a href=\"https:\/\/www.facebook.com\/strassbar\/?locale=de_DE\">www.facebook.com\/strassbar<\/a><br><\/li>\n\n\n\n<li><strong>Stadtkr\u00e4mer<\/strong> <strong>2.0<\/strong><br>Adresse: Spitalgasse 1, 9020 Klagenfurt am W\u00f6rthersee<br><\/li>\n\n\n\n<li><strong>Palim Palim<\/strong><br>Adresse: St. Veiter Stra\u00dfe 3, 9020 Klagenfurt am W\u00f6rthersee<br>Web: <a href=\"http:\/\/www.palim-palim-bar.at\/\">www.palim-palim-bar.at<\/a> <\/li>\n<\/ul>\n\n\n\n<h2 class=\"wp-block-heading\" id=\"h-klagenfurt-darf-bunter-werden\">Klagenfurt darf bunter werden<\/h2>\n\n\n\n<p>Klagenfurt ging aber eh schon ein paar Schritt in Richtung Toleranz und Respekt gegen\u00fcber allen Menschen. <\/p>\n\n\n\n<p>Mit Regenbogenb\u00e4nken (etwa am Lendkanal) oder dem Regenbogen-Zebrastreifen am Heuplatz bekennt Klagenfurt bereits Regenbogenfarbe. Auch diverse \u00f6ffentliche und betriebliche Geb\u00e4ude &#8211; das Rathaus, die Uni, Versicherungs- und Bankenh\u00e4user &#8211; sind den ganzen Pride-Monat Juni \u00fcber mit Regenbogen-Fahnen beflaggt. <\/p>\n\n\n\n<blockquote class=\"instagram-media\" data-instgrm-captioned data-instgrm-permalink=\"https:\/\/www.instagram.com\/p\/C76YVLYtplX\/?utm_source=ig_embed&amp;utm_campaign=loading\" data-instgrm-version=\"14\" style=\" background:#FFF; border:0; border-radius:3px; box-shadow:0 0 1px 0 rgba(0,0,0,0.5),0 1px 10px 0 rgba(0,0,0,0.15); margin: 1px; max-width:540px; min-width:326px; padding:0; width:99.375%; width:-webkit-calc(100% - 2px); width:calc(100% - 2px);\"><div style=\"padding:16px;\"> <a href=\"https:\/\/www.instagram.com\/p\/C76YVLYtplX\/?utm_source=ig_embed&amp;utm_campaign=loading\" style=\" background:#FFFFFF; line-height:0; padding:0 0; text-align:center; text-decoration:none; width:100%;\" target=\"_blank\" rel=\"noopener\"> <div style=\" display: flex; flex-direction: row; align-items: center;\"> <div style=\"background-color: #F4F4F4; border-radius: 50%; flex-grow: 0; height: 40px; margin-right: 14px; width: 40px;\"><\/div> <div style=\"display: flex; flex-direction: column; flex-grow: 1; justify-content: center;\"> <div style=\" background-color: #F4F4F4; border-radius: 4px; flex-grow: 0; height: 14px; margin-bottom: 6px; width: 100px;\"><\/div> <div style=\" background-color: #F4F4F4; border-radius: 4px; flex-grow: 0; height: 14px; width: 60px;\"><\/div><\/div><\/div><div style=\"padding: 19% 0;\"><\/div> <div style=\"display:block; height:50px; margin:0 auto 12px; width:50px;\"><svg width=\"50px\" height=\"50px\" viewBox=\"0 0 60 60\" version=\"1.1\" xmlns=\"https:\/\/www.w3.org\/2000\/svg\" xmlns:xlink=\"https:\/\/www.w3.org\/1999\/xlink\"><g stroke=\"none\" stroke-width=\"1\" fill=\"none\" fill-rule=\"evenodd\"><g transform=\"translate(-511.000000, -20.000000)\" fill=\"#000000\"><g><path d=\"M556.869,30.41 C554.814,30.41 553.148,32.076 553.148,34.131 C553.148,36.186 554.814,37.852 556.869,37.852 C558.924,37.852 560.59,36.186 560.59,34.131 C560.59,32.076 558.924,30.41 556.869,30.41 M541,60.657 C535.114,60.657 530.342,55.887 530.342,50 C530.342,44.114 535.114,39.342 541,39.342 C546.887,39.342 551.658,44.114 551.658,50 C551.658,55.887 546.887,60.657 541,60.657 M541,33.886 C532.1,33.886 524.886,41.1 524.886,50 C524.886,58.899 532.1,66.113 541,66.113 C549.9,66.113 557.115,58.899 557.115,50 C557.115,41.1 549.9,33.886 541,33.886 M565.378,62.101 C565.244,65.022 564.756,66.606 564.346,67.663 C563.803,69.06 563.154,70.057 562.106,71.106 C561.058,72.155 560.06,72.803 558.662,73.347 C557.607,73.757 556.021,74.244 553.102,74.378 C549.944,74.521 548.997,74.552 541,74.552 C533.003,74.552 532.056,74.521 528.898,74.378 C525.979,74.244 524.393,73.757 523.338,73.347 C521.94,72.803 520.942,72.155 519.894,71.106 C518.846,70.057 518.197,69.06 517.654,67.663 C517.244,66.606 516.755,65.022 516.623,62.101 C516.479,58.943 516.448,57.996 516.448,50 C516.448,42.003 516.479,41.056 516.623,37.899 C516.755,34.978 517.244,33.391 517.654,32.338 C518.197,30.938 518.846,29.942 519.894,28.894 C520.942,27.846 521.94,27.196 523.338,26.654 C524.393,26.244 525.979,25.756 528.898,25.623 C532.057,25.479 533.004,25.448 541,25.448 C548.997,25.448 549.943,25.479 553.102,25.623 C556.021,25.756 557.607,26.244 558.662,26.654 C560.06,27.196 561.058,27.846 562.106,28.894 C563.154,29.942 563.803,30.938 564.346,32.338 C564.756,33.391 565.244,34.978 565.378,37.899 C565.522,41.056 565.552,42.003 565.552,50 C565.552,57.996 565.522,58.943 565.378,62.101 M570.82,37.631 C570.674,34.438 570.167,32.258 569.425,30.349 C568.659,28.377 567.633,26.702 565.965,25.035 C564.297,23.368 562.623,22.342 560.652,21.575 C558.743,20.834 556.562,20.326 553.369,20.18 C550.169,20.033 549.148,20 541,20 C532.853,20 531.831,20.033 528.631,20.18 C525.438,20.326 523.257,20.834 521.349,21.575 C519.376,22.342 517.703,23.368 516.035,25.035 C514.368,26.702 513.342,28.377 512.574,30.349 C511.834,32.258 511.326,34.438 511.181,37.631 C511.035,40.831 511,41.851 511,50 C511,58.147 511.035,59.17 511.181,62.369 C511.326,65.562 511.834,67.743 512.574,69.651 C513.342,71.625 514.368,73.296 516.035,74.965 C517.703,76.634 519.376,77.658 521.349,78.425 C523.257,79.167 525.438,79.673 528.631,79.82 C531.831,79.965 532.853,80.001 541,80.001 C549.148,80.001 550.169,79.965 553.369,79.82 C556.562,79.673 558.743,79.167 560.652,78.425 C562.623,77.658 564.297,76.634 565.965,74.965 C567.633,73.296 568.659,71.625 569.425,69.651 C570.167,67.743 570.674,65.562 570.82,62.369 C570.966,59.17 571,58.147 571,50 C571,41.851 570.966,40.831 570.82,37.631\"><\/path><\/g><\/g><\/g><\/svg><\/div><div style=\"padding-top: 8px;\"> <div style=\" color:#3897f0; font-family:Arial,sans-serif; font-size:14px; font-style:normal; font-weight:550; line-height:18px;\">Sieh dir diesen Beitrag auf Instagram an<\/div><\/div><div style=\"padding: 12.5% 0;\"><\/div> <div style=\"display: flex; flex-direction: row; margin-bottom: 14px; align-items: center;\"><div> <div style=\"background-color: #F4F4F4; border-radius: 50%; height: 12.5px; width: 12.5px; transform: translateX(0px) translateY(7px);\"><\/div> <div style=\"background-color: #F4F4F4; height: 12.5px; transform: rotate(-45deg) translateX(3px) translateY(1px); width: 12.5px; flex-grow: 0; margin-right: 14px; margin-left: 2px;\"><\/div> <div style=\"background-color: #F4F4F4; border-radius: 50%; height: 12.5px; width: 12.5px; transform: translateX(9px) translateY(-18px);\"><\/div><\/div><div style=\"margin-left: 8px;\"> <div style=\" background-color: #F4F4F4; border-radius: 50%; flex-grow: 0; height: 20px; width: 20px;\"><\/div> <div style=\" width: 0; height: 0; border-top: 2px solid transparent; border-left: 6px solid #f4f4f4; border-bottom: 2px solid transparent; transform: translateX(16px) translateY(-4px) rotate(30deg)\"><\/div><\/div><div style=\"margin-left: auto;\"> <div style=\" width: 0px; border-top: 8px solid #F4F4F4; border-right: 8px solid transparent; transform: translateY(16px);\"><\/div> <div style=\" background-color: #F4F4F4; flex-grow: 0; height: 12px; width: 16px; transform: translateY(-4px);\"><\/div> <div style=\" width: 0; height: 0; border-top: 8px solid #F4F4F4; border-left: 8px solid transparent; transform: translateY(-4px) translateX(8px);\"><\/div><\/div><\/div> <div style=\"display: flex; flex-direction: column; flex-grow: 1; justify-content: center; margin-bottom: 24px;\"> <div style=\" background-color: #F4F4F4; border-radius: 4px; flex-grow: 0; height: 14px; margin-bottom: 6px; width: 224px;\"><\/div> <div style=\" background-color: #F4F4F4; border-radius: 4px; flex-grow: 0; height: 14px; width: 144px;\"><\/div><\/div><\/a><p style=\" color:#c9c8cd; font-family:Arial,sans-serif; font-size:14px; line-height:17px; margin-bottom:0; margin-top:8px; overflow:hidden; padding:8px 0 7px; text-align:center; text-overflow:ellipsis; white-space:nowrap;\"><a href=\"https:\/\/www.instagram.com\/p\/C76YVLYtplX\/?utm_source=ig_embed&amp;utm_campaign=loading\" style=\" color:#c9c8cd; font-family:Arial,sans-serif; font-size:14px; font-style:normal; font-weight:normal; line-height:17px; text-decoration:none;\" target=\"_blank\" rel=\"noopener\">Ein Beitrag geteilt von Mein Klagenfurt (@meinklagenfurt)<\/a><\/p><\/div><\/blockquote> <script async src=\"\/\/www.instagram.com\/embed.js\"><\/script>\n\n\n\n<p>Vielleicht nehmen wir also die heurige <strong>Pride-Parade am 3. August 2024<\/strong> zum Anlass einen Blick \u00fcber den Tellerrand zu wagen, uns auszutauschen und neue, interessante Menschen kennenzulernen. Ein Regenbogen ist doch schlie\u00dflich etwas Wunderbares, oder?<\/p>\n","protected":false},"excerpt":{"rendered":"<p>Wof\u00fcr steht eigentlich LGBTQIA+ ? Was bedeutet \u201cqueer\u201d, was feiern wir bei der Pride und was hat es mit den Regenb\u00f6gen in Klagenfurt auf sich? Wir haben uns in der Community umgeh\u00f6rt!<\/p>\n","protected":false},"author":14,"featured_media":65097,"comment_status":"closed","ping_status":"closed","sticky":false,"template":"","format":"standard","meta":{"footnotes":""},"categories":[562],"tags":[43],"class_list":["post-22268","post","type-post","status-publish","format-standard","has-post-thumbnail","hentry","category-stadtleben","tag-stadtleben"],"yoast_head":"<!-- This site is optimized with the Yoast SEO plugin v27.5 - https:\/\/yoast.com\/product\/yoast-seo-wordpress\/ -->\n<title>Buntes Klagenfurt - die Stadt unter dem Regenbogen<\/title>\n<meta name=\"description\" content=\"Der \u201ePride-Monat\u201c Juni steht vor der T\u00fcr. Wir lassen die LGBTIAQ-Community hochleben und feiern Diversit\u00e4t! Wie, das lest ihr hier:\" \/>\n<meta name=\"robots\" content=\"index, follow, max-snippet:-1, max-image-preview:large, max-video-preview:-1\" \/>\n<link rel=\"canonical\" href=\"https:\/\/www.visitklagenfurt.at\/de\/blog\/stadtleben\/klagenfurt-die-stadt-unter-dem-regenbogen\/\" \/>\n<meta property=\"og:locale\" content=\"de_DE\" \/>\n<meta property=\"og:type\" content=\"article\" \/>\n<meta property=\"og:title\" content=\"Klagenfurt: Die Stadt unter dem Regenbogen | visitklagenfurt.at\" \/>\n<meta property=\"og:description\" content=\"Der \u201ePride-Monat\u201c Juni steht vor der T\u00fcr. Wir lassen die LGBTIAQ-Community hochleben und feiern Diversit\u00e4t! Wie, das lest ihr hier:\" \/>\n<meta property=\"og:url\" content=\"https:\/\/www.visitklagenfurt.at\/de\/blog\/stadtleben\/klagenfurt-die-stadt-unter-dem-regenbogen\/\" \/>\n<meta property=\"og:site_name\" content=\"visitklagenfurt\" \/>\n<meta property=\"article:published_time\" content=\"2021-06-01T08:00:00+00:00\" \/>\n<meta property=\"article:modified_time\" content=\"2024-06-11T09:14:28+00:00\" \/>\n<meta property=\"og:image\" content=\"https:\/\/www.visitklagenfurt.at\/wp-content\/uploads\/2021\/06\/Cover-Stadttheater-Regenbogenparade-c-KLAMAG-MK-7.jpeg\" \/>\n\t<meta property=\"og:image:width\" content=\"1877\" \/>\n\t<meta property=\"og:image:height\" content=\"1285\" \/>\n\t<meta property=\"og:image:type\" content=\"image\/jpeg\" \/>\n<meta name=\"author\" content=\"Manuela Mark\" \/>\n<meta name=\"twitter:card\" content=\"summary_large_image\" \/>\n<meta name=\"twitter:label1\" content=\"Verfasst von\" \/>\n\t<meta name=\"twitter:data1\" content=\"Manuela Mark\" \/>\n\t<meta name=\"twitter:label2\" content=\"Gesch\u00e4tzte Lesezeit\" \/>\n\t<meta name=\"twitter:data2\" content=\"7\u00a0Minuten\" \/>\n<script type=\"application\/ld+json\" class=\"yoast-schema-graph\">{\"@context\":\"https:\\\/\\\/schema.org\",\"@graph\":[{\"@type\":\"Article\",\"@id\":\"https:\\\/\\\/www.visitklagenfurt.at\\\/de\\\/blog\\\/stadtleben\\\/klagenfurt-die-stadt-unter-dem-regenbogen\\\/#article\",\"isPartOf\":{\"@id\":\"https:\\\/\\\/www.visitklagenfurt.at\\\/de\\\/blog\\\/stadtleben\\\/klagenfurt-die-stadt-unter-dem-regenbogen\\\/\"},\"author\":{\"name\":\"Manuela Mark\",\"@id\":\"https:\\\/\\\/www.visitklagenfurt.at\\\/de\\\/#\\\/schema\\\/person\\\/e8b5105fb351ebafb828d30285659218\"},\"headline\":\"Klagenfurt: Die Stadt unter dem Regenbogen\",\"datePublished\":\"2021-06-01T08:00:00+00:00\",\"dateModified\":\"2024-06-11T09:14:28+00:00\",\"mainEntityOfPage\":{\"@id\":\"https:\\\/\\\/www.visitklagenfurt.at\\\/de\\\/blog\\\/stadtleben\\\/klagenfurt-die-stadt-unter-dem-regenbogen\\\/\"},\"wordCount\":1211,\"publisher\":{\"@id\":\"https:\\\/\\\/www.visitklagenfurt.at\\\/de\\\/#organization\"},\"image\":{\"@id\":\"https:\\\/\\\/www.visitklagenfurt.at\\\/de\\\/blog\\\/stadtleben\\\/klagenfurt-die-stadt-unter-dem-regenbogen\\\/#primaryimage\"},\"thumbnailUrl\":\"https:\\\/\\\/www.visitklagenfurt.at\\\/wp-content\\\/uploads\\\/2021\\\/06\\\/Cover-Stadttheater-Regenbogenparade-c-KLAMAG-MK-7.jpeg\",\"keywords\":[\"Stadtleben\"],\"articleSection\":[\"Stadtleben\"],\"inLanguage\":\"de\"},{\"@type\":\"WebPage\",\"@id\":\"https:\\\/\\\/www.visitklagenfurt.at\\\/de\\\/blog\\\/stadtleben\\\/klagenfurt-die-stadt-unter-dem-regenbogen\\\/\",\"url\":\"https:\\\/\\\/www.visitklagenfurt.at\\\/de\\\/blog\\\/stadtleben\\\/klagenfurt-die-stadt-unter-dem-regenbogen\\\/\",\"name\":\"Buntes Klagenfurt - die Stadt unter dem Regenbogen\",\"isPartOf\":{\"@id\":\"https:\\\/\\\/www.visitklagenfurt.at\\\/de\\\/#website\"},\"primaryImageOfPage\":{\"@id\":\"https:\\\/\\\/www.visitklagenfurt.at\\\/de\\\/blog\\\/stadtleben\\\/klagenfurt-die-stadt-unter-dem-regenbogen\\\/#primaryimage\"},\"image\":{\"@id\":\"https:\\\/\\\/www.visitklagenfurt.at\\\/de\\\/blog\\\/stadtleben\\\/klagenfurt-die-stadt-unter-dem-regenbogen\\\/#primaryimage\"},\"thumbnailUrl\":\"https:\\\/\\\/www.visitklagenfurt.at\\\/wp-content\\\/uploads\\\/2021\\\/06\\\/Cover-Stadttheater-Regenbogenparade-c-KLAMAG-MK-7.jpeg\",\"datePublished\":\"2021-06-01T08:00:00+00:00\",\"dateModified\":\"2024-06-11T09:14:28+00:00\",\"description\":\"Der \u201ePride-Monat\u201c Juni steht vor der T\u00fcr. Wir lassen die LGBTIAQ-Community hochleben und feiern Diversit\u00e4t! Wie, das lest ihr hier:\",\"breadcrumb\":{\"@id\":\"https:\\\/\\\/www.visitklagenfurt.at\\\/de\\\/blog\\\/stadtleben\\\/klagenfurt-die-stadt-unter-dem-regenbogen\\\/#breadcrumb\"},\"inLanguage\":\"de\",\"potentialAction\":[{\"@type\":\"ReadAction\",\"target\":[\"https:\\\/\\\/www.visitklagenfurt.at\\\/de\\\/blog\\\/stadtleben\\\/klagenfurt-die-stadt-unter-dem-regenbogen\\\/\"]}]},{\"@type\":\"ImageObject\",\"inLanguage\":\"de\",\"@id\":\"https:\\\/\\\/www.visitklagenfurt.at\\\/de\\\/blog\\\/stadtleben\\\/klagenfurt-die-stadt-unter-dem-regenbogen\\\/#primaryimage\",\"url\":\"https:\\\/\\\/www.visitklagenfurt.at\\\/wp-content\\\/uploads\\\/2021\\\/06\\\/Cover-Stadttheater-Regenbogenparade-c-KLAMAG-MK-7.jpeg\",\"contentUrl\":\"https:\\\/\\\/www.visitklagenfurt.at\\\/wp-content\\\/uploads\\\/2021\\\/06\\\/Cover-Stadttheater-Regenbogenparade-c-KLAMAG-MK-7.jpeg\",\"width\":1877,\"height\":1285,\"caption\":\"(c) KLAMAG Martina Karulle\"},{\"@type\":\"BreadcrumbList\",\"@id\":\"https:\\\/\\\/www.visitklagenfurt.at\\\/de\\\/blog\\\/stadtleben\\\/klagenfurt-die-stadt-unter-dem-regenbogen\\\/#breadcrumb\",\"itemListElement\":[{\"@type\":\"ListItem\",\"position\":1,\"name\":\"visitklagenfurt\",\"item\":\"https:\\\/\\\/www.visitklagenfurt.at\\\/de\\\/\"},{\"@type\":\"ListItem\",\"position\":2,\"name\":\"Blog\",\"item\":\"https:\\\/\\\/www.visitklagenfurt.at\\\/de\\\/category\\\/blog\\\/\"},{\"@type\":\"ListItem\",\"position\":3,\"name\":\"Stadtleben\",\"item\":\"https:\\\/\\\/www.visitklagenfurt.at\\\/de\\\/category\\\/blog\\\/stadtleben\\\/\"},{\"@type\":\"ListItem\",\"position\":4,\"name\":\"Klagenfurt: Die Stadt unter dem Regenbogen\"}]},{\"@type\":\"WebSite\",\"@id\":\"https:\\\/\\\/www.visitklagenfurt.at\\\/de\\\/#website\",\"url\":\"https:\\\/\\\/www.visitklagenfurt.at\\\/de\\\/\",\"name\":\"visitklagenfurt\",\"description\":\"\",\"publisher\":{\"@id\":\"https:\\\/\\\/www.visitklagenfurt.at\\\/de\\\/#organization\"},\"potentialAction\":[{\"@type\":\"SearchAction\",\"target\":{\"@type\":\"EntryPoint\",\"urlTemplate\":\"https:\\\/\\\/www.visitklagenfurt.at\\\/de\\\/?s={search_term_string}\"},\"query-input\":{\"@type\":\"PropertyValueSpecification\",\"valueRequired\":true,\"valueName\":\"search_term_string\"}}],\"inLanguage\":\"de\"},{\"@type\":\"Organization\",\"@id\":\"https:\\\/\\\/www.visitklagenfurt.at\\\/de\\\/#organization\",\"name\":\"Tourismus Region Klagenfurt am W\u00f6rthersee GmbH\",\"url\":\"https:\\\/\\\/www.visitklagenfurt.at\\\/de\\\/\",\"logo\":{\"@type\":\"ImageObject\",\"inLanguage\":\"de\",\"@id\":\"https:\\\/\\\/www.visitklagenfurt.at\\\/de\\\/#\\\/schema\\\/logo\\\/image\\\/\",\"url\":\"https:\\\/\\\/www.visitklagenfurt.at\\\/wp-content\\\/uploads\\\/2022\\\/03\\\/DT_K_Klagenfurt_S_RGB.png\",\"contentUrl\":\"https:\\\/\\\/www.visitklagenfurt.at\\\/wp-content\\\/uploads\\\/2022\\\/03\\\/DT_K_Klagenfurt_S_RGB.png\",\"width\":2082,\"height\":1511,\"caption\":\"Tourismus Region Klagenfurt am W\u00f6rthersee GmbH\"},\"image\":{\"@id\":\"https:\\\/\\\/www.visitklagenfurt.at\\\/de\\\/#\\\/schema\\\/logo\\\/image\\\/\"}},{\"@type\":\"Person\",\"@id\":\"https:\\\/\\\/www.visitklagenfurt.at\\\/de\\\/#\\\/schema\\\/person\\\/e8b5105fb351ebafb828d30285659218\",\"name\":\"Manuela Mark\",\"image\":{\"@type\":\"ImageObject\",\"inLanguage\":\"de\",\"@id\":\"https:\\\/\\\/www.visitklagenfurt.at\\\/wp-content\\\/uploads\\\/2020\\\/10\\\/manuela_mark_redakteur.jpg\",\"url\":\"https:\\\/\\\/www.visitklagenfurt.at\\\/wp-content\\\/uploads\\\/2020\\\/10\\\/manuela_mark_redakteur.jpg\",\"contentUrl\":\"https:\\\/\\\/www.visitklagenfurt.at\\\/wp-content\\\/uploads\\\/2020\\\/10\\\/manuela_mark_redakteur.jpg\",\"caption\":\"Manuela Mark\"},\"description\":\"Aufgewachsen in Wien, hat es mich im jungen Alter von 18 Jahren nach Klagenfurt verschlagen. Habe ich schon in Kindheitstagen mein Herz an die Berge, Seen und nicht zuletzt St\u00e4dte des S\u00fcdens verloren, genie\u00dfe ich seither jeden Tag in meiner Wahlheimat. Ich habe in Klagenfurt Germanistik studiert und bin seit 2020 als Werbetexterin selbstst\u00e4ndig. Ich lebe, um zu schreiben, oder ich schreibe, um zu leben \u2013 und wo ginge das besser, als in der wundersch\u00f6nen W\u00f6rtherseestadt? Als geborenes Stadtkind vermag ich einen anderen Blick auf die hiesigen Dinge zu haben, gerne kombiniere ich meinen k\u00e4rntnerischen Alltag mit viel Wiener Schm\u00e4h, vielleicht manchmal mit \u201ea bissale\u201c einem Grant, sicherlich aber immer mit einer gro\u00dfen Portion Euphorie f\u00fcr alles, das mir hier t\u00e4glich begegnet. Als vielseitige Jungmama trifft man mich am ehesten mit Shoppingt\u00fcten in der Hand, auf meinem Mountainbike oder mit meiner Familie in See-N\u00e4he. \u00dcber Klagenfurt habe ich so einiges zu erz\u00e4hlen und freue mich, euch von Geschichten und Tipps rund um Familie, Outdoor und Insiderwissen zu berichten.\",\"sameAs\":[\"http:\\\/\\\/www.manumarkant.at\",\"https:\\\/\\\/www.instagram.com\\\/manumark.ant\\\/\"],\"url\":\"https:\\\/\\\/www.visitklagenfurt.at\\\/de\\\/author\\\/manuela_mark\\\/\"}]}<\/script>\n<!-- \/ Yoast SEO plugin. -->","yoast_head_json":{"title":"Buntes Klagenfurt - die Stadt unter dem Regenbogen","description":"Der \u201ePride-Monat\u201c Juni steht vor der T\u00fcr. Wir lassen die LGBTIAQ-Community hochleben und feiern Diversit\u00e4t! Wie, das lest ihr hier:","robots":{"index":"index","follow":"follow","max-snippet":"max-snippet:-1","max-image-preview":"max-image-preview:large","max-video-preview":"max-video-preview:-1"},"canonical":"https:\/\/www.visitklagenfurt.at\/de\/blog\/stadtleben\/klagenfurt-die-stadt-unter-dem-regenbogen\/","og_locale":"de_DE","og_type":"article","og_title":"Klagenfurt: Die Stadt unter dem Regenbogen | visitklagenfurt.at","og_description":"Der \u201ePride-Monat\u201c Juni steht vor der T\u00fcr. Wir lassen die LGBTIAQ-Community hochleben und feiern Diversit\u00e4t! Wie, das lest ihr hier:","og_url":"https:\/\/www.visitklagenfurt.at\/de\/blog\/stadtleben\/klagenfurt-die-stadt-unter-dem-regenbogen\/","og_site_name":"visitklagenfurt","article_published_time":"2021-06-01T08:00:00+00:00","article_modified_time":"2024-06-11T09:14:28+00:00","og_image":[{"width":1877,"height":1285,"url":"https:\/\/www.visitklagenfurt.at\/wp-content\/uploads\/2021\/06\/Cover-Stadttheater-Regenbogenparade-c-KLAMAG-MK-7.jpeg","type":"image\/jpeg"}],"author":"Manuela Mark","twitter_card":"summary_large_image","twitter_misc":{"Verfasst von":"Manuela Mark","Gesch\u00e4tzte Lesezeit":"7\u00a0Minuten"},"schema":{"@context":"https:\/\/schema.org","@graph":[{"@type":"Article","@id":"https:\/\/www.visitklagenfurt.at\/de\/blog\/stadtleben\/klagenfurt-die-stadt-unter-dem-regenbogen\/#article","isPartOf":{"@id":"https:\/\/www.visitklagenfurt.at\/de\/blog\/stadtleben\/klagenfurt-die-stadt-unter-dem-regenbogen\/"},"author":{"name":"Manuela Mark","@id":"https:\/\/www.visitklagenfurt.at\/de\/#\/schema\/person\/e8b5105fb351ebafb828d30285659218"},"headline":"Klagenfurt: Die Stadt unter dem Regenbogen","datePublished":"2021-06-01T08:00:00+00:00","dateModified":"2024-06-11T09:14:28+00:00","mainEntityOfPage":{"@id":"https:\/\/www.visitklagenfurt.at\/de\/blog\/stadtleben\/klagenfurt-die-stadt-unter-dem-regenbogen\/"},"wordCount":1211,"publisher":{"@id":"https:\/\/www.visitklagenfurt.at\/de\/#organization"},"image":{"@id":"https:\/\/www.visitklagenfurt.at\/de\/blog\/stadtleben\/klagenfurt-die-stadt-unter-dem-regenbogen\/#primaryimage"},"thumbnailUrl":"https:\/\/www.visitklagenfurt.at\/wp-content\/uploads\/2021\/06\/Cover-Stadttheater-Regenbogenparade-c-KLAMAG-MK-7.jpeg","keywords":["Stadtleben"],"articleSection":["Stadtleben"],"inLanguage":"de"},{"@type":"WebPage","@id":"https:\/\/www.visitklagenfurt.at\/de\/blog\/stadtleben\/klagenfurt-die-stadt-unter-dem-regenbogen\/","url":"https:\/\/www.visitklagenfurt.at\/de\/blog\/stadtleben\/klagenfurt-die-stadt-unter-dem-regenbogen\/","name":"Buntes Klagenfurt - die Stadt unter dem Regenbogen","isPartOf":{"@id":"https:\/\/www.visitklagenfurt.at\/de\/#website"},"primaryImageOfPage":{"@id":"https:\/\/www.visitklagenfurt.at\/de\/blog\/stadtleben\/klagenfurt-die-stadt-unter-dem-regenbogen\/#primaryimage"},"image":{"@id":"https:\/\/www.visitklagenfurt.at\/de\/blog\/stadtleben\/klagenfurt-die-stadt-unter-dem-regenbogen\/#primaryimage"},"thumbnailUrl":"https:\/\/www.visitklagenfurt.at\/wp-content\/uploads\/2021\/06\/Cover-Stadttheater-Regenbogenparade-c-KLAMAG-MK-7.jpeg","datePublished":"2021-06-01T08:00:00+00:00","dateModified":"2024-06-11T09:14:28+00:00","description":"Der \u201ePride-Monat\u201c Juni steht vor der T\u00fcr. Wir lassen die LGBTIAQ-Community hochleben und feiern Diversit\u00e4t! Wie, das lest ihr hier:","breadcrumb":{"@id":"https:\/\/www.visitklagenfurt.at\/de\/blog\/stadtleben\/klagenfurt-die-stadt-unter-dem-regenbogen\/#breadcrumb"},"inLanguage":"de","potentialAction":[{"@type":"ReadAction","target":["https:\/\/www.visitklagenfurt.at\/de\/blog\/stadtleben\/klagenfurt-die-stadt-unter-dem-regenbogen\/"]}]},{"@type":"ImageObject","inLanguage":"de","@id":"https:\/\/www.visitklagenfurt.at\/de\/blog\/stadtleben\/klagenfurt-die-stadt-unter-dem-regenbogen\/#primaryimage","url":"https:\/\/www.visitklagenfurt.at\/wp-content\/uploads\/2021\/06\/Cover-Stadttheater-Regenbogenparade-c-KLAMAG-MK-7.jpeg","contentUrl":"https:\/\/www.visitklagenfurt.at\/wp-content\/uploads\/2021\/06\/Cover-Stadttheater-Regenbogenparade-c-KLAMAG-MK-7.jpeg","width":1877,"height":1285,"caption":"(c) KLAMAG Martina Karulle"},{"@type":"BreadcrumbList","@id":"https:\/\/www.visitklagenfurt.at\/de\/blog\/stadtleben\/klagenfurt-die-stadt-unter-dem-regenbogen\/#breadcrumb","itemListElement":[{"@type":"ListItem","position":1,"name":"visitklagenfurt","item":"https:\/\/www.visitklagenfurt.at\/de\/"},{"@type":"ListItem","position":2,"name":"Blog","item":"https:\/\/www.visitklagenfurt.at\/de\/category\/blog\/"},{"@type":"ListItem","position":3,"name":"Stadtleben","item":"https:\/\/www.visitklagenfurt.at\/de\/category\/blog\/stadtleben\/"},{"@type":"ListItem","position":4,"name":"Klagenfurt: Die Stadt unter dem Regenbogen"}]},{"@type":"WebSite","@id":"https:\/\/www.visitklagenfurt.at\/de\/#website","url":"https:\/\/www.visitklagenfurt.at\/de\/","name":"visitklagenfurt","description":"","publisher":{"@id":"https:\/\/www.visitklagenfurt.at\/de\/#organization"},"potentialAction":[{"@type":"SearchAction","target":{"@type":"EntryPoint","urlTemplate":"https:\/\/www.visitklagenfurt.at\/de\/?s={search_term_string}"},"query-input":{"@type":"PropertyValueSpecification","valueRequired":true,"valueName":"search_term_string"}}],"inLanguage":"de"},{"@type":"Organization","@id":"https:\/\/www.visitklagenfurt.at\/de\/#organization","name":"Tourismus Region Klagenfurt am W\u00f6rthersee GmbH","url":"https:\/\/www.visitklagenfurt.at\/de\/","logo":{"@type":"ImageObject","inLanguage":"de","@id":"https:\/\/www.visitklagenfurt.at\/de\/#\/schema\/logo\/image\/","url":"https:\/\/www.visitklagenfurt.at\/wp-content\/uploads\/2022\/03\/DT_K_Klagenfurt_S_RGB.png","contentUrl":"https:\/\/www.visitklagenfurt.at\/wp-content\/uploads\/2022\/03\/DT_K_Klagenfurt_S_RGB.png","width":2082,"height":1511,"caption":"Tourismus Region Klagenfurt am W\u00f6rthersee GmbH"},"image":{"@id":"https:\/\/www.visitklagenfurt.at\/de\/#\/schema\/logo\/image\/"}},{"@type":"Person","@id":"https:\/\/www.visitklagenfurt.at\/de\/#\/schema\/person\/e8b5105fb351ebafb828d30285659218","name":"Manuela Mark","image":{"@type":"ImageObject","inLanguage":"de","@id":"https:\/\/www.visitklagenfurt.at\/wp-content\/uploads\/2020\/10\/manuela_mark_redakteur.jpg","url":"https:\/\/www.visitklagenfurt.at\/wp-content\/uploads\/2020\/10\/manuela_mark_redakteur.jpg","contentUrl":"https:\/\/www.visitklagenfurt.at\/wp-content\/uploads\/2020\/10\/manuela_mark_redakteur.jpg","caption":"Manuela Mark"},"description":"Aufgewachsen in Wien, hat es mich im jungen Alter von 18 Jahren nach Klagenfurt verschlagen. Habe ich schon in Kindheitstagen mein Herz an die Berge, Seen und nicht zuletzt St\u00e4dte des S\u00fcdens verloren, genie\u00dfe ich seither jeden Tag in meiner Wahlheimat. Ich habe in Klagenfurt Germanistik studiert und bin seit 2020 als Werbetexterin selbstst\u00e4ndig. Ich lebe, um zu schreiben, oder ich schreibe, um zu leben \u2013 und wo ginge das besser, als in der wundersch\u00f6nen W\u00f6rtherseestadt? Als geborenes Stadtkind vermag ich einen anderen Blick auf die hiesigen Dinge zu haben, gerne kombiniere ich meinen k\u00e4rntnerischen Alltag mit viel Wiener Schm\u00e4h, vielleicht manchmal mit \u201ea bissale\u201c einem Grant, sicherlich aber immer mit einer gro\u00dfen Portion Euphorie f\u00fcr alles, das mir hier t\u00e4glich begegnet. Als vielseitige Jungmama trifft man mich am ehesten mit Shoppingt\u00fcten in der Hand, auf meinem Mountainbike oder mit meiner Familie in See-N\u00e4he. \u00dcber Klagenfurt habe ich so einiges zu erz\u00e4hlen und freue mich, euch von Geschichten und Tipps rund um Familie, Outdoor und Insiderwissen zu berichten.","sameAs":["http:\/\/www.manumarkant.at","https:\/\/www.instagram.com\/manumark.ant\/"],"url":"https:\/\/www.visitklagenfurt.at\/de\/author\/manuela_mark\/"}]}},"_links":{"self":[{"href":"https:\/\/www.visitklagenfurt.at\/de\/wp-json\/wp\/v2\/posts\/22268","targetHints":{"allow":["GET"]}}],"collection":[{"href":"https:\/\/www.visitklagenfurt.at\/de\/wp-json\/wp\/v2\/posts"}],"about":[{"href":"https:\/\/www.visitklagenfurt.at\/de\/wp-json\/wp\/v2\/types\/post"}],"author":[{"embeddable":true,"href":"https:\/\/www.visitklagenfurt.at\/de\/wp-json\/wp\/v2\/users\/14"}],"replies":[{"embeddable":true,"href":"https:\/\/www.visitklagenfurt.at\/de\/wp-json\/wp\/v2\/comments?post=22268"}],"version-history":[{"count":16,"href":"https:\/\/www.visitklagenfurt.at\/de\/wp-json\/wp\/v2\/posts\/22268\/revisions"}],"predecessor-version":[{"id":65101,"href":"https:\/\/www.visitklagenfurt.at\/de\/wp-json\/wp\/v2\/posts\/22268\/revisions\/65101"}],"wp:featuredmedia":[{"embeddable":true,"href":"https:\/\/www.visitklagenfurt.at\/de\/wp-json\/wp\/v2\/media\/65097"}],"wp:attachment":[{"href":"https:\/\/www.visitklagenfurt.at\/de\/wp-json\/wp\/v2\/media?parent=22268"}],"wp:term":[{"taxonomy":"category","embeddable":true,"href":"https:\/\/www.visitklagenfurt.at\/de\/wp-json\/wp\/v2\/categories?post=22268"},{"taxonomy":"post_tag","embeddable":true,"href":"https:\/\/www.visitklagenfurt.at\/de\/wp-json\/wp\/v2\/tags?post=22268"}],"curies":[{"name":"wp","href":"https:\/\/api.w.org\/{rel}","templated":true}]}}