{"id":27227,"date":"2021-08-13T12:15:00","date_gmt":"2021-08-13T10:15:00","guid":{"rendered":"https:\/\/www.visitklagenfurt.at\/?p=27227"},"modified":"2022-12-09T12:28:38","modified_gmt":"2022-12-09T11:28:38","slug":"klagenfurt-festival-popkultur-und-avantgarde-in-der-provinz","status":"publish","type":"post","link":"https:\/\/www.visitklagenfurt.at\/de\/blog\/kultur-festivals\/klagenfurt-festival-popkultur-und-avantgarde-in-der-provinz\/","title":{"rendered":"Interview: Zwischen Popkultur und Avantgarde in der Provinz"},"content":{"rendered":"\n<p>Laibach, Philipp Hochmaier, Stefanie Reinsperger, Klaus Maria Brandauer, Clara Luzia: die Liste gro\u00dfer Namen im<a href=\"https:\/\/www.klagenfurtfestival.com\/programm\/\"> Programm des Klagenfurt Festivals<\/a> ist lang. Urbanit\u00e4t und ein interdisziplin\u00e4res Kulturverst\u00e4ndnis sollen sich verst\u00e4rkt in der st\u00e4dtischen Kulturlandschaft etablieren und diese in den kommenden Jahren um einen wichtigen Fixpunkt bereichern.<\/p>\n\n\n\n<p>Urspr\u00fcnglich war das Festival bereits f\u00fcr Mai 2020 angesetzt.\u00a0Dann kam Corona. Insgesamt zweimal war man kurz davor zu er\u00f6ffnen, zweimal musste man verschieben. Am 31. August 2021 wurde das Klagenfurt Festival nun endlich feierlich aus der Taufe gehoben.<\/p>\n\n\n\n<p>Ich habe drei herausragende Akteure des Festivals zum Interview getroffen. Mit dem Festivalintendanten und <strong>Theatermacher Bernd Liepold-Mosser<\/strong>, der charmanten<strong> K\u00e4rntner Schauspielerin und Neo-Bandleaderin Katarina Hartmann<\/strong> sowie mit<strong> Schauspieler Philipp Hochmair<\/strong>, sicher einem der gefragtesten Kapazunder im aktuellen deutschsprachigen Schauspielbetrieb, habe ich \u00fcber Lichtblicke, Kreativit\u00e4t und die Provinz gesprochen.<\/p>\n\n\n\n<title>My webpage<\/title>\n<script>\n  (function(d, id) {\n    if (!window.flowbox) { var f = function () { f.q.push(arguments); }; f.q = []; window.flowbox = f; }\n    if (d.getElementById(id)) {return;}\n    var s = d.createElement('script'), fjs = d.scripts[d.scripts.length - 1]; s.id = id; s.async = true;\n    s.src = ' https:\/\/connect.getflowbox.com\/flowbox.js';\n    fjs.parentNode.insertBefore(s, fjs);\n  })(document, 'flowbox-js-embed');\n<\/script>\n\n<div id=\"js-flowbox-flow\"><\/div>\n<script>\nwindow.flowbox('init', {\ncontainer: '#js-flowbox-flow',\nkey: 'DTUQEHj1Tyuo6T6ckrkO6w',\nlocale: 'de-AT'\n})\n<\/script>\n\n\n\n<div style=\"height:30px\" aria-hidden=\"true\" class=\"wp-block-spacer\"><\/div>\n\n\n\n<p><strong>Simon: Danke, dass ihr euch die Zeit nehmt! Zeit hat ja im Verlauf des letzten Jahres seine Bedeutung dahingehend ver\u00e4ndert, dass man pl\u00f6tzlich mehr als genug davon hatte. Zumindest \u2013 und leider \u2013 in der Kulturbranche. Gleichzeitig wurde uns vor Augen gef\u00fchrt, dass Kunst und Kultur keineswegs so selbstverst\u00e4ndlich sind, wie viele das vielleicht geglaubt haben. Mit welcher Motivation geht man als Veranstalter aus dieser Zeit heraus?<\/strong><\/p>\n\n\n\n<p><strong>Bernd Liepold-Mosser:<\/strong> Es war nat\u00fcrlich schon ein harter D\u00e4mpfer, als wir das Festival kurz vor der Premiere im Mai letzten Jahres ganz kurzfristig einfrieren mussten. Alle Vorbereitungen waren abgeschlossen, das Programmheft war fertig, wir hatten die Pressekonferenz vorbereitet: wir waren bereit, auf allen Linien durchzustarten. Das ganze Team ist jetzt nat\u00fcrlich hei\u00df darauf, das Festival endlich zu er\u00f6ffnen.<\/p>\n\n\n\n<div style=\"height:30px\" aria-hidden=\"true\" class=\"wp-block-spacer\"><\/div>\n\n\n\n<p><strong>Simon: Wer bezieht schon eine weltweite Pandemie in der Festivalplanung mit ein.<\/strong><\/p>\n\n\n\n<p><strong>Bernd Liepold-Mosser:<\/strong> Genau, damit kann man nicht rechnen. Anfangs wusste man ja noch gar nicht, was das bedeutet und wohin das f\u00fchrt. Und vor allem wie lange das dauert. Eines hat mir aber sehr imponiert: Als uns die Pandemie dann drei Tage sp\u00e4ter zur Verschiebung zwang, waren einzelne Programmpunkte fast zur H\u00e4lfte verkauft, ohne \u00fcberhaupt Werbung gemacht zu haben. Wirklich erstaunlich ist dabei, dass beinahe niemand die Karten zur\u00fcckgegeben hat. Das war ein gro\u00dfes Zeichen von Solidarit\u00e4t mit der Kulturszene und hat mich auch in meinen Entscheidungen als Festivalkurator best\u00e4tigt. Der Weg, den wir eingeschlagen haben, scheint der Richtige zu sein.<\/p>\n\n\n\n<div style=\"height:30px\" aria-hidden=\"true\" class=\"wp-block-spacer\"><\/div>\n\n\n\n<blockquote class=\"wp-block-quote is-layout-flow wp-block-quote-is-layout-flow\"><p>\u201eJetzt mache ich etwas, das mich total erf\u00fcllt.\u201c<\/p><\/blockquote>\n\n\n\n<p><strong>Simon: Schauspieler*innen und Musike*innen hatten es besonders hart im letzten Jahr. Hat sich f\u00fcr euch in dieser Zeit etwas ver\u00e4ndert?<\/strong><\/p>\n\n\n\n<p><strong>Katarina Hartmann:<\/strong> F\u00fcr mich hat sich total viel ver\u00e4ndert. Ich hatte endlich wieder Zeit f\u00fcr mich selbst. Ich viel geschrieben und komponiert. Und irgendwann habe ich beschlossen, eine Band zu gr\u00fcnden, ein Album aufzunehmen und ein neues Kapitel in meinem Leben aufzuschlagen. Das f\u00fchlt sich richtig gut an. Das Corona-Jahr war sozusagen mein Jahr.<\/p>\n\n\n\n<p><strong>Philipp Hochmair:<\/strong> Auch f\u00fcr mich f\u00fchlt es sich anders an, nach so langer Zeit wieder auf der B\u00fchne zu stehen. Ein Neustart, ein Reset. Aber ich habe das Gef\u00fchl dieser Reflexionsprozess, hat eine sehr positive Auswirkung. Die ersten Auftritte in diesem Jahr waren ein gro\u00dfer Schritt nach vorne!<\/p>\n\n\n\n<div style=\"height:30px\" aria-hidden=\"true\" class=\"wp-block-spacer\"><\/div>\n\n\n\n<p><strong>Simon: Kann man Kreativit\u00e4t verlernen?<\/strong><\/p>\n\n\n\n<p><strong>Philipp Hochmair:<\/strong> Ich glaub nicht. Es hat sich jetzt \u2013 \u00fcber die Zwangspause &#8211; noch einmal verdichtet. Es ist auf eine gute Art ernsthafter geworden. Davor habe ich aus einem totalen \u00dcberfluss gesch\u00f6pft. Jetzt ist alles bewusster und auf eine neue Art festlich und besonders live auftreten zu d\u00fcrfen.<\/p>\n\n\n\n<p><strong>Katarina Hartmann:<\/strong> Ich sehe das \u00e4hnlich. Der Lockdown hat meine Kreativit\u00e4t sozusagen befl\u00fcgelt. Davor habe ich zwischen dem einen Engagement und dem n\u00e4chsten nur mehr funktioniert. Jetzt mache ich etwas, was mich total erf\u00fcllt. Das soll nicht bedeuten, dass mich die Schauspielerei langweilt, aber k\u00fcnstlerisch interessiert mich zur Zeit mehr die Musik.<\/p>\n\n\n\n<div style=\"height:30px\" aria-hidden=\"true\" class=\"wp-block-spacer\"><\/div>\n\n\n\n<blockquote class=\"wp-block-quote is-layout-flow wp-block-quote-is-layout-flow\"><p>\u201eWie viel Provinz tr\u00e4gt man in sich?\u201c<\/p><\/blockquote>\n\n\n\n<p><strong>Simon: Sprechen wir \u00fcber das Festivalprogramm. Dort stehen Stephanie Reinsperger und das Berliner Ensemble, Klaus Maria Brandauer oder die Band Laibach neben Voodoo J\u00fcrgens und Stermann &amp; Grissemann. Daneben gibt es Tanzperformances und zeitgen\u00f6ssisches Theater. Der Bogen spannt sich gewaltig. Was ist die Idee dahinter?<\/strong><\/p>\n\n\n\n<p><strong>Bernd Liepold-Mosser:<\/strong> Ich wollte mich nicht auf eine Sparte begrenzen. Es gibt zwar einen gewissen popkulturellen Grundstrom, die Idee war aber kein reines Musikfestival zu machen, sondern auch die darstellenden K\u00fcnste mit rein zu nehmen, das Interdisziplin\u00e4re. Wie viel Avantgarde geht? Wie weit kann man sich rauslehnen, wie speziell darf es sein? Oder ist es am Anfang vielleicht notwendig, eine gewisse Breite zu finden, um das Festival \u00fcberhaupt einmal an die Leute zu bringen? Die Provinz spielt da eine wichtige Rolle, gerade in Klagenfurt. Provinz ist ja kein ausschlie\u00dflich geographischer Begriff, sondern eigentlich eine geistige Frage: wie viel Provinz tr\u00e4gt man in sich? Und wie viel sch\u00fcttelt man ab?<\/p>\n\n\n\n<div style=\"height:30px\" aria-hidden=\"true\" class=\"wp-block-spacer\"><\/div>\n\n\n\n<p><strong>Simon: Was der Bauer nicht kennt\u2026<\/strong><\/p>\n\n\n\n<p><strong>Bernd Liepold-Mosser:<\/strong> Es n\u00fctzt ja auch nichts, ein super avantgardistisches Programm zu haben, und dann sitzen dort 20 Leute im Publikum. So ist es eben eine Mischung geworden, mit bekannteren Namen, die auf spezielle Programmpunkte ausstrahlen. Ich glaube das Wichtigste, das wir in der Kultur machen k\u00f6nnen, ist es, neue Formen zu er\u00f6ffnen, die Welt zu sehen, sich mit ihr auseinanderzusetzen und wahrzunehmen.<\/p>\n\n\n\n<div style=\"height:30px\" aria-hidden=\"true\" class=\"wp-block-spacer\"><\/div>\n\n\n\n<blockquote class=\"wp-block-quote is-layout-flow wp-block-quote-is-layout-flow\"><p>\u201eMan darf auf der B\u00fchne seine Welt immer wieder anz\u00fcnden.\u201c<\/p><\/blockquote>\n\n\n\n<p><strong>Simon: Das Festival hat sich Begriffe wie Urbanit\u00e4t und Innovation auf die Fahnen geschrieben. Wie werden diese Begriffe verhandelt?<\/strong><\/p>\n\n\n\n<p><strong>Bernd Liepold-Mosser:<\/strong> Was ist Urbanit\u00e4t? Urbanit\u00e4t durchbricht die engen Vorstellungen davon, wie Leben und Normalit\u00e4t sein sollen. Diese Vorstellungen aufzubrechen und zu zeigen, dass es eine Vielfalt an Lebensm\u00f6glichkeiten gibt, das ist unser Ziel. Die zeitgen\u00f6ssische Kultur kann zu diesem Prozess beitragen. Man soll dadurch eine gewisse Art von Freiheit erleben k\u00f6nnen. In diesem Sinne bietet das Klagenfurt Festival ein sehr innovatives und urbanes Programm.<\/p>\n\n\n\n<div style=\"height:30px\" aria-hidden=\"true\" class=\"wp-block-spacer\"><\/div>\n\n\n\n<figure class=\"wp-block-image size-large\"><a href=\"https:\/\/www.klagenfurtfestival.com\/\"><img fetchpriority=\"high\" decoding=\"async\" width=\"2278\" height=\"867\" src=\"https:\/\/www.visitklagenfurt.at\/wp-content\/uploads\/2021\/08\/klagenfurt-festival.jpg\" alt=\"\" class=\"wp-image-27242\"\/><\/a><\/figure>\n\n\n\n<div style=\"height:30px\" aria-hidden=\"true\" class=\"wp-block-spacer\"><\/div>\n\n\n\n<p><strong>Simon: Philipp, beim Klagenfurt Festival trittst du gemeinsam mit deiner Band \u201cDie Elektrohand Gottes\u201d auf und inszenierst<\/strong><a href=\"https:\/\/www.youtube.com\/watch?v=cXnXRF0H4z8\"><strong> <\/strong>\u201cSchiller als Rave<\/a><strong>\u201d. Nach \u201eWerther!\u201c und \u201eJedermann Reloaded\u201c l\u00e4sst du wiederum hochkar\u00e4tige Literatur in zeitgen\u00f6ssischer Musik aufgehen. W\u00e4re Schiller in seiner Sturm und Drang Zeit Raver gewesen?<\/strong><\/p>\n\n\n\n<p><strong>Philipp Hochmair:<\/strong> Ja, man kann sagen: Schiller war der Raver des Sturm und Drang. In seiner Dichtung finden wir irre rhythmische S\u00e4tze, mit erstaunlichen Wiederholungen. Zum Beispiel im \u201eTaucher\u201c gibt es sogar eine komplette Strophe, die sich wiederholt. Diese Rhythmik in der Sprache, die verbindet sich perfekt mit den Beats und mit einer neuen Art, diese Verse zu verk\u00fcnden. Der crossover von Electromusik und Schiller Balladen funktioniert! Die hassgeliebte \u201eGlocke\u201c wird zur ElektroGlockeGottes.&nbsp;<\/p>\n\n\n\n<div style=\"height:30px\" aria-hidden=\"true\" class=\"wp-block-spacer\"><\/div>\n\n\n\n<p><strong>Simon: Du arbeitest auf der B\u00fchne sehr k\u00f6rperlich, mit einer Wucht, die nur wenige in dieser Art abrufen k\u00f6nnen. Was reizt dich dabei, an die Grenzen zu gehen \u2013 und dar\u00fcber hinaus?<\/strong><\/p>\n\n\n\n<p><strong>Philipp Hochmair:<\/strong> Vor allem die Sehnsucht nach Verwandlung und die Flucht vor der normalen Alltagslogik, der Angst und dem sicherlich notwendigen Sicherheitsdenken. Man darf auf der B\u00fchne seine Welt immer wieder anz\u00fcnden und sich dadurch eine neue Realit\u00e4t erschaffen.&nbsp; F\u00fcr mich ist die B\u00fchne ein Mindset zur totalen Befreiung.<\/p>\n\n\n\n<div style=\"height:30px\" aria-hidden=\"true\" class=\"wp-block-spacer\"><\/div>\n\n\n\n<p><strong>Simon: Welchen Stellenwert hat die Provokation, die \u00dcberforderung f\u00fcr die Entwicklung eines Individuums oder einer Stadt?<\/strong><\/p>\n\n\n\n<p><strong>Philipp Hochmair:<\/strong> Einen sehr hohen, finde ich. Nur durch \u00dcberforderung kann man sich auch ver\u00e4ndern. Sicher ist sch\u00f6n, wenn Orte so bleiben, wie sie sind. Aber das Denken immer wieder frisch zu halten und zu reizen ist unser Ziel. Das habe ich zB bei der spontanen Jedermann-\u00dcbernahme in Salzburg 2018 gemerkt. So ein Schock ist wohltuend. Das ist auch beispielgebend f\u00fcr das, was ich pers\u00f6nlich suche. Zu sagen: ich mache das jetzt v\u00f6llig anders, als ich es geplant habe.<\/p>\n\n\n\n<div style=\"height:30px\" aria-hidden=\"true\" class=\"wp-block-spacer\"><\/div>\n\n\n\n<blockquote class=\"wp-block-quote is-layout-flow wp-block-quote-is-layout-flow\"><p>\u201eJe mehr Zeit ich in K\u00e4rnten verbringe, desto mehr tr\u00e4ume ich auf Slowenisch.\u201c<\/p><\/blockquote>\n\n\n\n<p><strong>Simon: Katarina, ich denke du kannst diese Ansicht teilen. Die Zwangspause war f\u00fcr dich der Startschuss f\u00fcr die Gr\u00fcndung deiner Band \u201eJasa\u201c. Das slowenische Wort f\u00fcr \u201eLichtung\u201c nimmt schon einiges vorweg: deine slowenischen Wurzeln, einen Lichtblick in Krisenzeiten und die \u00d6ffnung hin zu etwas Neuem. Wie ist dieses Neue entstanden?<\/strong><\/p>\n\n\n\n<p><strong>Katarina Hartmann:<\/strong> Ich habe erst vor ungef\u00e4hr drei Jahren begonnen, regelm\u00e4\u00dfig und konsequent Texte zu schreiben. Die blieben dann oft Monate lang liegen. Im letzten Jahr hatte ich die Zeit, sie zu \u00fcberarbeiten und auch neue Texte und Melodien hinzu zu f\u00fcgen. Und pl\u00f6tzlich war ein ganzen Stapel Lieder fertig. Genug f\u00fcr ein Album. Aber keinen Plan, wie oder mit wem ich die alle aufnehmen sollte. Manfred Plessl war mir dabei eine enorm gro\u00dfe Hilfe. Im Nullkommanix stellte er eine Band auf die Beine. Vor allem seine Erfahrung im Studio war Gold wert. Er hat uns alle sehr zielstrebig durch die Aufnahmesessions gelotst.<\/p>\n\n\n\n<div style=\"height:30px\" aria-hidden=\"true\" class=\"wp-block-spacer\"><\/div>\n\n\n\n<p><strong>Simon: Am Klagenfurt Festival werdet ihr als Band vorstellen. Eine erste Single aus den Studioaufnahmen tr\u00e4gt den verhei\u00dfungsvollen Namen \u201e<\/strong><a href=\"https:\/\/www.youtube.com\/watch?v=Z7UYfVobKGw\">Ich m\u00f6chte alles mit dir machen<\/a><strong>\u201c, der perfekte Feelgood-Soundtrack f\u00fcr den Sommer. Wo w\u00fcrdest du euren musikalischen Stil einordnen?<\/strong><\/p>\n\n\n\n<p><strong>Katarina Hartmann:<\/strong> Bei diesem Studioalbum ist f\u00fcr jeden Musikgeschmack etwas dabei. Wir sind noch in der Findungsphase und haben uns noch auf keinen konkreten Stil festgelegt. Das meiste l\u00e4sst sich aber am ehesten unter Deutsch-Pop zusammenfassen. Allerdings sind nicht alle Songs auf dem Album so fr\u00f6hlich wie \u201eIch m\u00f6chte alles mit dir machen\u201c. Es gibt viele melancholische Momente und dann wieder solche, die einen starken Optimismus verspr\u00fchen. Insgesamt ist es eine recht gute Mischung geworden, finde ich.<\/p>\n\n\n\n<div style=\"height:30px\" aria-hidden=\"true\" class=\"wp-block-spacer\"><\/div>\n\n\n\n<p><strong>Simon: Du singst gro\u00dfteils auf Deutsch aber auch auf Slowenisch. In welcher Sprache tr\u00e4umst du?<\/strong><\/p>\n\n\n\n<p><strong>Katarina Hartmann:<\/strong> Spannende Frage. Eigentlich auf Deutsch. Vor allem, weil f\u00fcr mich als Schauspielerin sehr intensiv mit der deutschen Sprache auseinander setze. Das macht schon etwas mit einem. Aber es wechselt relativ oft. Je mehr Zeit ich bei meiner Familie in K\u00e4rnten verbringe, desto mehr tr\u00e4ume ich auch wieder auf Slowenisch. Und ich finde das auch sch\u00f6n so.<\/p>\n\n\n\n<div style=\"height:30px\" aria-hidden=\"true\" class=\"wp-block-spacer\"><\/div>\n\n\n\n<p><strong>Simon: Du bist stark mit K\u00e4rnten verwurzelt. Was bedeutet Klagenfurt f\u00fcr dich?<\/strong><\/p>\n\n\n\n<p><strong>Katarina Hartmann:<\/strong> Vor allem habe ich wunderbare Erinnerungen an meine Kindheit am Kreuzbergl und viele meiner Freunde leben nach wie vor hier. Zwischenzeitlich war ich im gesamten deutschsprachigen Raum unterwegs und habe lange in Wien gelebt. Jetzt ist mein Lebensmittelpunkt wieder hier in K\u00e4rnten. Wenn ich mit dem Rad um den See fahre oder am Kreuzbergl spazieren gehe, dann sorgt das regelm\u00e4\u00dfig f\u00fcr Inspiration.<\/p>\n\n\n\n<div style=\"height:30px\" aria-hidden=\"true\" class=\"wp-block-spacer\"><\/div>\n\n\n\n<p><strong>Simon: Philipp, du bist ja auch am ganzen Kontinent unterwegs. In welcher Beziehung stehst du mit Klagenfurt?<\/strong><\/p>\n\n\n\n<p><strong>Philipp Hochmair:<\/strong> Ich hatte hier bisher leider nur wenige Auftritte in Klagenfurt. Aber es hat mir immer sehr gut gefallen. Das Publikum ist gro\u00dfartig! In anderen St\u00e4dten ist es oft so, dass man die Leute erst m\u00fchsam f\u00fcr sich gewinnen muss. Das war in Klagenfurt gar nicht der Fall. Die Leute hier waren da sehr entflammbar.&nbsp;<\/p>\n\n\n\n<div style=\"height:30px\" aria-hidden=\"true\" class=\"wp-block-spacer\"><\/div>\n\n\n\n<p><strong>Simon: Mitte September wird der See noch angenehm temperiert sein. Wirst du Zeit haben, in seine Trinkwasserqualit\u00e4t hineinzuk\u00f6pfeln?<\/strong><\/p>\n\n\n\n<p><strong>Philipp Hochmair:<\/strong> Ich habe zwar einen recht engen Terminkalender und werde nur einen Tag in Klagenfurt sein. Aber das lass ich mir nat\u00fcrlich nicht nehmen.&nbsp;<\/p>\n\n\n\n<div style=\"height:30px\" aria-hidden=\"true\" class=\"wp-block-spacer\"><\/div>\n\n\n\n<blockquote class=\"wp-block-quote is-layout-flow wp-block-quote-is-layout-flow\"><p>\u201eIch w\u00fcrde gerne ein bisschen was hinzuf\u00fcgen.\u201c<\/p><\/blockquote>\n\n\n\n<p><strong>Simon: Abschlie\u00dfend noch ein Blick in die Zukunft: Man darf sich vom ersten Klagenfurt Festival viel erwarten. Wie schaut es f\u00fcr die Zukunft aus, wo geht die Reise hin?<\/strong><\/p>\n\n\n\n<p><strong>Bernd Liepold-Mosser:<\/strong> Das Festival ist derzeit auf drei Jahre gesichert. In dieser Zeit m\u00f6chte ich eine Aufbauarbeit leisten und es zu einem Fixpunkt in K\u00e4rnten machen, der auch \u00fcber die Grenzen hinaus ausstrahlt. Vor allem auch in Richtung S\u00fcden. Slowenien hat eine \u00e4u\u00dferst lebendige Kulturszene, da sollten wir ankn\u00fcpfen.&nbsp;<\/p>\n\n\n\n<div style=\"height:30px\" aria-hidden=\"true\" class=\"wp-block-spacer\"><\/div>\n\n\n\n<p><strong>Simon: Also nicht die Welt ver\u00e4ndern. Aber irgendwie doch ein bisschen?<\/strong><\/p>\n\n\n\n<p><strong>Bernd Liepold-Mosser:<\/strong> Ich w\u00fcrde gerne ein bisschen was hinzuf\u00fcgen. Wenn man Neues sieht und erlebt und vor allem auch zul\u00e4sst, dann f\u00e4ngt das Ganze irgendwann auch an, von selbst zu arbeiten.<\/p>\n\n\n\n<div style=\"height:30px\" aria-hidden=\"true\" class=\"wp-block-spacer\"><\/div>\n\n\n\n<p><strong>Simon: Auf welchen Act freust du dich pers\u00f6nlich ganz besonders?&nbsp;<\/strong><\/p>\n\n\n\n<p id=\"h-bernd-liepold-mosser-ha-gute-frage-am-meisten-freut-mich-dass-es-gelungen-ist-die-band-laibach-nach-klagenfurt-zu-holen-das-ist-sicherlich-die-spannendste-zeitgen-ssische-band-im-schnittfeld-zwischen-pop-und-politik-als-theatermacher-reizt-mich-pers-nlich-auch-das-gastspiel-des-berliner-ensembles-mit-stefanie-reinsperger-in-dieser-inszenierung-der-selbstbezichtigung-kommen-so-drei-ganz-besondere-elemente-zusammen-reinsperger-als-star-du-an-pa-zek-als-wohl-einer-der-wichtigsten-regisseure-meiner-generation-und-nat-rlich-das-st-ck-von-peter-handke-dem-k-rntner-autor-von-weltrang\"><strong>Bernd Liepold-Mosser:<\/strong> Ha, gute Frage! Am meisten freut mich, dass es gelungen ist, die Band Laibach nach Klagenfurt zu holen. Das ist sicherlich die spannendste, zeitgen\u00f6ssische Band im Schnittfeld zwischen Pop und Politik. Als Theatermacher reizt mich pers\u00f6nlich auch das Gastspiel des Berliner Ensembles mit Stefanie Reinsperger. In dieser Inszenierung der \u201eSelbstbezichtigung\u201c kommen so drei ganz besondere Elemente zusammen: Reinsperger als Star, Du\u0161an Pa\u0159\u00edzek, als wohl einer der wichtigsten Regisseure meiner Generation und nat\u00fcrlich das St\u00fcck von Peter Handke, <em>dem<\/em> K\u00e4rntner Autor von Weltrang.<\/p>\n\n\n\n<div style=\"height:30px\" aria-hidden=\"true\" class=\"wp-block-spacer\"><\/div>\n\n\n\n<p>Das Klagenfurt Festival geh\u00f6rt ohne Zweifel zu den Highlights des K\u00e4rntner Festivalsommers! Die Landeshauptstadt erh\u00e4lt damit eine breit aufgestellte und doch in die Tiefe reichende Kulturveranstaltung. Politische Entscheidungstr\u00e4ger und Tourismus sind sich ebenfalls einig: eine derartige Veranstaltungsreihe \u00e0 la Steirischer Herbst wird \u00fcber die Landesgrenzen hinweg ausstrahlen. Das tut nicht nur Klagenfurt gut, sondern vor allem einem kulturhungrigen Publikum in K\u00e4rnten und all seinen Nachbarregionen. Das Programm gibt es <a href=\"https:\/\/www.klagenfurtfestival.com\/programm\">hier<\/a>.<\/p>\n\n\n\n<p>\u2013\u2013\u2013\u2013\u2013\u2013\u2013\u2013\u2013\u2013\u2013\u2013\u2013\u2013\u2013\u2013\u2013\u2013\u2013\u2013\u2013\u2013\u2013\u2013\u2013\u2013\u2013\u2013\u2013\u2013\u2013\u2013\u2013\u2013\u2013\u2013\u2013\u2013\u2013\u2013\u2013\u2013\u2013\u2013\u2013<\/p>\n\n\n\n<div class=\"wp-block-media-text alignwide is-stacked-on-mobile\"><figure class=\"wp-block-media-text__media\"><img decoding=\"async\" width=\"816\" height=\"1020\" src=\"https:\/\/www.visitklagenfurt.at\/wp-content\/uploads\/2021\/08\/Liepold-MossercFotoHorst.jpg\" alt=\"\" class=\"wp-image-27228 size-full\"\/><\/figure><div class=\"wp-block-media-text__content\">\n<h4 class=\"wp-block-heading\" id=\"h-bernd-liepold-mosser\">Bernd Liepold-Mosser<\/h4>\n\n\n\n<p id=\"h-geboren-1968-in-griffen-ist-autor-und-regisseur-ausgezeichnet-unter-anderem-mit-dem-nestroy-preis-2012-und-dem-publikumspreis-der-diagonale-2013-studium-der-philosophie-in-wien-klagenfurt-und-ljubljana-u-a-bei-slavoj-i-ek-von-1996-2000-gr-nder-und-leiter-des-peter-handke-archivs-seit-2019-intendant-des-klagenfurt-festivals\"><br>Geboren 1968 in Griffen, ist Autor und Regisseur, ausgezeichnet unter anderem mit dem Nestroy-Preis 2012 und dem Publikumspreis der \u201ediagonale\u201c 2013. Studium der Philosophie in Wien, Klagenfurt und Ljubljana (u.a. bei Slavoj \u017di\u017eek). Von 1996-2000 Gr\u00fcnder und Leiter des Peter Handke-Archivs. Seit 2019 Intendant des Klagenfurt Festivals.<\/p>\n<\/div><\/div>\n\n\n\n<div style=\"height:40px\" aria-hidden=\"true\" class=\"wp-block-spacer\"><\/div>\n\n\n\n<div class=\"wp-block-media-text alignwide has-media-on-the-right is-stacked-on-mobile\"><figure class=\"wp-block-media-text__media\"><img decoding=\"async\" width=\"816\" height=\"1020\" src=\"https:\/\/www.visitklagenfurt.at\/wp-content\/uploads\/2021\/08\/Hartmann_cPeterKrivograd.jpg\" alt=\"\" class=\"wp-image-27232 size-full\"\/><\/figure><div class=\"wp-block-media-text__content\">\n<h4 class=\"wp-block-heading\" id=\"h-katarina-hartmann\">Katarina Hartmann<\/h4>\n\n\n\n<p id=\"h-geboren-1984-in-klagenfurt-ausgebildete-schauspielerin-und-s-ngerin-mit-engagements-u-a-am-volkstheater-wien-stadttheater-klagenfurt-oder-beim-theatersommer-klagenfurt-seit-2021-steht-sie-mit-jasa-regelm-ig-neben-kurt-seppele-gitarre-fabian-mang-piano-stefan-delorenzo-bass-und-rudi-pravda-drums-auf-der-b-hne-bei-gro-en-konzerten-wird-die-band-zus-tzlich-von-manfred-plessl-strings-und-jana-thomasch-tz-cello-unterst-tzt\">Geboren 1984 in Klagenfurt. Ausgebildete Schauspielerin und S\u00e4ngerin mit Engagements u.a. am Volkstheater Wien, Stadttheater Klagenfurt oder beim Theatersommer Klagenfurt. Seit 2021 steht sie mit \u201eJasa\u201c regelm\u00e4\u00dfig neben Kurt Seppele (Gitarre), Fabian Mang (Piano), Stefan Delorenzo (Bass) und Rudi Pravda (Drums) auf der B\u00fchne. Bei gro\u00dfen Konzerten wird die Band zus\u00e4tzlich von Manfred Plessl (Strings) und Jana Thomasch\u00fctz (Cello) unterst\u00fctzt.<\/p>\n<\/div><\/div>\n\n\n\n<div style=\"height:40px\" aria-hidden=\"true\" class=\"wp-block-spacer\"><\/div>\n\n\n\n<div class=\"wp-block-media-text alignwide is-stacked-on-mobile\"><figure class=\"wp-block-media-text__media\"><img loading=\"lazy\" decoding=\"async\" width=\"816\" height=\"1020\" src=\"https:\/\/www.visitklagenfurt.at\/wp-content\/uploads\/2021\/08\/Phillip-Hochmair\u00a9Nils-Schwarz.jpg\" alt=\"\" class=\"wp-image-27236 size-full\"\/><\/figure><div class=\"wp-block-media-text__content\">\n<h4 class=\"wp-block-heading\" id=\"h-philipp-hochmair\">Philipp Hochmair<\/h4>\n\n\n\n<p id=\"h-\">Jahrgang 1973, aufgewachsen in Wien. Studierte Schauspiel am Max Reinhardt Seminar und am <em>Conservatoire national sup\u00e9rieur d\u2019art dramatique <\/em>in Paris. Einem gro\u00dfen Publikum ist er f\u00fcr seine Rollen in \u201eVorstadtweiber\u201c, der Netflix-Serie \u201eFreud\u201c oder \u201eBlind ermittelt\u201c bekannt. 2018 sprang er bei den Salzburger Festspielen kurzfristig f\u00fcr den erkrankten Tobias Moretti in der Titelrolle des \u201eJedermann\u201c ein. Hochmair geh\u00f6rt aktuell zu den gefragtesten Schauspielern im deutschsprachigen Raum.<\/p>\n<\/div><\/div>\n\n\n\n<p><\/p>\n\n\n\n<p><\/p>\n","protected":false},"excerpt":{"rendered":"<p>Herausragende Musik, internationale Tanzperformances und Theater am Puls der Zeit \u2013 mit dem neuen Klagenfurt Festival erhielt K\u00e4rnten ein kulturelles Leuchtfeuer. Neben internationalen und \u00f6sterreichischen Gr\u00f6\u00dfen standen auch regionale Acts auf der B\u00fchne und tauchten Klagenfurt in ein modernes Licht \u2013 zwischen Pop und Avantgarde.<\/p>\n","protected":false},"author":27,"featured_media":32561,"comment_status":"closed","ping_status":"closed","sticky":false,"template":"","format":"standard","meta":{"footnotes":""},"categories":[15],"tags":[639,223,41],"class_list":["post-27227","post","type-post","status-publish","format-standard","has-post-thumbnail","hentry","category-kultur-festivals","tag-interview","tag-klagenfurt-festival","tag-kultur-und-festivals"],"yoast_head":"<!-- This site is optimized with the Yoast SEO plugin v27.5 - https:\/\/yoast.com\/product\/yoast-seo-wordpress\/ -->\n<title>Interview: Zwischen Popkultur und Avantgarde in der Provinz | visitklagenfurt<\/title>\n<meta name=\"description\" content=\"Herausragende Musik, Tanzperformances und Theater \u2013 mit dem Klagenfurt Festival erh\u00e4lt der W\u00f6rthersee ein kulturelles Leuchtturmprojekt.\" \/>\n<meta name=\"robots\" content=\"index, follow, max-snippet:-1, max-image-preview:large, max-video-preview:-1\" \/>\n<link rel=\"canonical\" href=\"https:\/\/www.visitklagenfurt.at\/de\/blog\/kultur-festivals\/klagenfurt-festival-popkultur-und-avantgarde-in-der-provinz\/\" \/>\n<meta property=\"og:locale\" content=\"de_DE\" \/>\n<meta property=\"og:type\" content=\"article\" \/>\n<meta property=\"og:title\" content=\"Interview: Zwischen Popkultur und Avantgarde in der Provinz | visitklagenfurt\" \/>\n<meta property=\"og:description\" content=\"Herausragende Musik, Tanzperformances und Theater \u2013 mit dem Klagenfurt Festival erh\u00e4lt der W\u00f6rthersee ein kulturelles Leuchtturmprojekt.\" \/>\n<meta property=\"og:url\" content=\"https:\/\/www.visitklagenfurt.at\/de\/blog\/kultur-festivals\/klagenfurt-festival-popkultur-und-avantgarde-in-der-provinz\/\" \/>\n<meta property=\"og:site_name\" content=\"visitklagenfurt\" \/>\n<meta property=\"article:published_time\" content=\"2021-08-13T10:15:00+00:00\" \/>\n<meta property=\"article:modified_time\" content=\"2022-12-09T11:28:38+00:00\" \/>\n<meta property=\"og:image\" content=\"https:\/\/www.visitklagenfurt.at\/wp-content\/uploads\/2022\/01\/Hungry_Sharks_hr__printc_Arnold_Poeschl__MSA5416-scaled-2.jpg\" \/>\n\t<meta property=\"og:image:width\" content=\"1020\" \/>\n\t<meta property=\"og:image:height\" content=\"680\" \/>\n\t<meta property=\"og:image:type\" content=\"image\/jpeg\" \/>\n<meta name=\"author\" content=\"Simon Martinschitz\" \/>\n<meta name=\"twitter:card\" content=\"summary_large_image\" \/>\n<meta name=\"twitter:label1\" content=\"Verfasst von\" \/>\n\t<meta name=\"twitter:data1\" content=\"Simon Martinschitz\" \/>\n\t<meta name=\"twitter:label2\" content=\"Gesch\u00e4tzte Lesezeit\" \/>\n\t<meta name=\"twitter:data2\" content=\"14\u00a0Minuten\" \/>\n<script type=\"application\/ld+json\" class=\"yoast-schema-graph\">{\"@context\":\"https:\\\/\\\/schema.org\",\"@graph\":[{\"@type\":\"Article\",\"@id\":\"https:\\\/\\\/www.visitklagenfurt.at\\\/de\\\/blog\\\/kultur-festivals\\\/klagenfurt-festival-popkultur-und-avantgarde-in-der-provinz\\\/#article\",\"isPartOf\":{\"@id\":\"https:\\\/\\\/www.visitklagenfurt.at\\\/de\\\/blog\\\/kultur-festivals\\\/klagenfurt-festival-popkultur-und-avantgarde-in-der-provinz\\\/\"},\"author\":{\"name\":\"Simon Martinschitz\",\"@id\":\"https:\\\/\\\/www.visitklagenfurt.at\\\/de\\\/#\\\/schema\\\/person\\\/7a9c6bc8d10c35a61c7a91c28742c063\"},\"headline\":\"Interview: Zwischen Popkultur und Avantgarde in der Provinz\",\"datePublished\":\"2021-08-13T10:15:00+00:00\",\"dateModified\":\"2022-12-09T11:28:38+00:00\",\"mainEntityOfPage\":{\"@id\":\"https:\\\/\\\/www.visitklagenfurt.at\\\/de\\\/blog\\\/kultur-festivals\\\/klagenfurt-festival-popkultur-und-avantgarde-in-der-provinz\\\/\"},\"wordCount\":2412,\"publisher\":{\"@id\":\"https:\\\/\\\/www.visitklagenfurt.at\\\/de\\\/#organization\"},\"image\":{\"@id\":\"https:\\\/\\\/www.visitklagenfurt.at\\\/de\\\/blog\\\/kultur-festivals\\\/klagenfurt-festival-popkultur-und-avantgarde-in-der-provinz\\\/#primaryimage\"},\"thumbnailUrl\":\"https:\\\/\\\/www.visitklagenfurt.at\\\/wp-content\\\/uploads\\\/2022\\\/01\\\/Hungry_Sharks_hr__printc_Arnold_Poeschl__MSA5416-scaled-2.jpg\",\"keywords\":[\"Interview\",\"Klagenfurt Festival\",\"Kultur &amp; Festivals\"],\"articleSection\":[\"Kultur &amp; Festivals\"],\"inLanguage\":\"de\"},{\"@type\":\"WebPage\",\"@id\":\"https:\\\/\\\/www.visitklagenfurt.at\\\/de\\\/blog\\\/kultur-festivals\\\/klagenfurt-festival-popkultur-und-avantgarde-in-der-provinz\\\/\",\"url\":\"https:\\\/\\\/www.visitklagenfurt.at\\\/de\\\/blog\\\/kultur-festivals\\\/klagenfurt-festival-popkultur-und-avantgarde-in-der-provinz\\\/\",\"name\":\"Interview: Zwischen Popkultur und Avantgarde in der Provinz | visitklagenfurt\",\"isPartOf\":{\"@id\":\"https:\\\/\\\/www.visitklagenfurt.at\\\/de\\\/#website\"},\"primaryImageOfPage\":{\"@id\":\"https:\\\/\\\/www.visitklagenfurt.at\\\/de\\\/blog\\\/kultur-festivals\\\/klagenfurt-festival-popkultur-und-avantgarde-in-der-provinz\\\/#primaryimage\"},\"image\":{\"@id\":\"https:\\\/\\\/www.visitklagenfurt.at\\\/de\\\/blog\\\/kultur-festivals\\\/klagenfurt-festival-popkultur-und-avantgarde-in-der-provinz\\\/#primaryimage\"},\"thumbnailUrl\":\"https:\\\/\\\/www.visitklagenfurt.at\\\/wp-content\\\/uploads\\\/2022\\\/01\\\/Hungry_Sharks_hr__printc_Arnold_Poeschl__MSA5416-scaled-2.jpg\",\"datePublished\":\"2021-08-13T10:15:00+00:00\",\"dateModified\":\"2022-12-09T11:28:38+00:00\",\"description\":\"Herausragende Musik, Tanzperformances und Theater \u2013 mit dem Klagenfurt Festival erh\u00e4lt der W\u00f6rthersee ein kulturelles Leuchtturmprojekt.\",\"breadcrumb\":{\"@id\":\"https:\\\/\\\/www.visitklagenfurt.at\\\/de\\\/blog\\\/kultur-festivals\\\/klagenfurt-festival-popkultur-und-avantgarde-in-der-provinz\\\/#breadcrumb\"},\"inLanguage\":\"de\",\"potentialAction\":[{\"@type\":\"ReadAction\",\"target\":[\"https:\\\/\\\/www.visitklagenfurt.at\\\/de\\\/blog\\\/kultur-festivals\\\/klagenfurt-festival-popkultur-und-avantgarde-in-der-provinz\\\/\"]}]},{\"@type\":\"ImageObject\",\"inLanguage\":\"de\",\"@id\":\"https:\\\/\\\/www.visitklagenfurt.at\\\/de\\\/blog\\\/kultur-festivals\\\/klagenfurt-festival-popkultur-und-avantgarde-in-der-provinz\\\/#primaryimage\",\"url\":\"https:\\\/\\\/www.visitklagenfurt.at\\\/wp-content\\\/uploads\\\/2022\\\/01\\\/Hungry_Sharks_hr__printc_Arnold_Poeschl__MSA5416-scaled-2.jpg\",\"contentUrl\":\"https:\\\/\\\/www.visitklagenfurt.at\\\/wp-content\\\/uploads\\\/2022\\\/01\\\/Hungry_Sharks_hr__printc_Arnold_Poeschl__MSA5416-scaled-2.jpg\",\"width\":1020,\"height\":680,\"caption\":\"(c) KF, Arnold P\u00f6schl\"},{\"@type\":\"BreadcrumbList\",\"@id\":\"https:\\\/\\\/www.visitklagenfurt.at\\\/de\\\/blog\\\/kultur-festivals\\\/klagenfurt-festival-popkultur-und-avantgarde-in-der-provinz\\\/#breadcrumb\",\"itemListElement\":[{\"@type\":\"ListItem\",\"position\":1,\"name\":\"visitklagenfurt\",\"item\":\"https:\\\/\\\/www.visitklagenfurt.at\\\/de\\\/\"},{\"@type\":\"ListItem\",\"position\":2,\"name\":\"Blog\",\"item\":\"https:\\\/\\\/www.visitklagenfurt.at\\\/de\\\/category\\\/blog\\\/\"},{\"@type\":\"ListItem\",\"position\":3,\"name\":\"Kultur &amp; Festivals\",\"item\":\"https:\\\/\\\/www.visitklagenfurt.at\\\/de\\\/category\\\/blog\\\/kultur-festivals\\\/\"},{\"@type\":\"ListItem\",\"position\":4,\"name\":\"Interview: Zwischen Popkultur und Avantgarde in der Provinz\"}]},{\"@type\":\"WebSite\",\"@id\":\"https:\\\/\\\/www.visitklagenfurt.at\\\/de\\\/#website\",\"url\":\"https:\\\/\\\/www.visitklagenfurt.at\\\/de\\\/\",\"name\":\"visitklagenfurt\",\"description\":\"\",\"publisher\":{\"@id\":\"https:\\\/\\\/www.visitklagenfurt.at\\\/de\\\/#organization\"},\"potentialAction\":[{\"@type\":\"SearchAction\",\"target\":{\"@type\":\"EntryPoint\",\"urlTemplate\":\"https:\\\/\\\/www.visitklagenfurt.at\\\/de\\\/?s={search_term_string}\"},\"query-input\":{\"@type\":\"PropertyValueSpecification\",\"valueRequired\":true,\"valueName\":\"search_term_string\"}}],\"inLanguage\":\"de\"},{\"@type\":\"Organization\",\"@id\":\"https:\\\/\\\/www.visitklagenfurt.at\\\/de\\\/#organization\",\"name\":\"Tourismus Region Klagenfurt am W\u00f6rthersee GmbH\",\"url\":\"https:\\\/\\\/www.visitklagenfurt.at\\\/de\\\/\",\"logo\":{\"@type\":\"ImageObject\",\"inLanguage\":\"de\",\"@id\":\"https:\\\/\\\/www.visitklagenfurt.at\\\/de\\\/#\\\/schema\\\/logo\\\/image\\\/\",\"url\":\"https:\\\/\\\/www.visitklagenfurt.at\\\/wp-content\\\/uploads\\\/2022\\\/03\\\/DT_K_Klagenfurt_S_RGB.png\",\"contentUrl\":\"https:\\\/\\\/www.visitklagenfurt.at\\\/wp-content\\\/uploads\\\/2022\\\/03\\\/DT_K_Klagenfurt_S_RGB.png\",\"width\":2082,\"height\":1511,\"caption\":\"Tourismus Region Klagenfurt am W\u00f6rthersee GmbH\"},\"image\":{\"@id\":\"https:\\\/\\\/www.visitklagenfurt.at\\\/de\\\/#\\\/schema\\\/logo\\\/image\\\/\"}},{\"@type\":\"Person\",\"@id\":\"https:\\\/\\\/www.visitklagenfurt.at\\\/de\\\/#\\\/schema\\\/person\\\/7a9c6bc8d10c35a61c7a91c28742c063\",\"name\":\"Simon Martinschitz\",\"image\":{\"@type\":\"ImageObject\",\"inLanguage\":\"de\",\"@id\":\"https:\\\/\\\/www.visitklagenfurt.at\\\/wp-content\\\/uploads\\\/2021\\\/05\\\/simon_martinschitz.jpg\",\"url\":\"https:\\\/\\\/www.visitklagenfurt.at\\\/wp-content\\\/uploads\\\/2021\\\/05\\\/simon_martinschitz.jpg\",\"contentUrl\":\"https:\\\/\\\/www.visitklagenfurt.at\\\/wp-content\\\/uploads\\\/2021\\\/05\\\/simon_martinschitz.jpg\",\"caption\":\"Simon Martinschitz\"},\"description\":\"Geboren in Villach, aufgewachsen im Gailtal. Zwischen Bachforellen &amp; Haselnussstauden. Studium der Kulturwissenschaften in Klagenfurt, Bilbao und Florenz. Zwischen kritischer Theorie &amp; Aperitivo. Texter und Kulturarbeiter in der freien K\u00e4rntner Szene. Zwischen Front Page &amp; Back Stage. Wortjongleur. Schauspieler. Musiker. Und \u00fcberzeugter Europ\u00e4er. Mit einer Schw\u00e4che f\u00fcr Brettljausen und Pintxos. Zwischen denen ich mich nicht entscheiden m\u00fcssen m\u00f6chte.\",\"sameAs\":[\"https:\\\/\\\/martinschitz.at\\\/\"],\"url\":\"https:\\\/\\\/www.visitklagenfurt.at\\\/de\\\/author\\\/simon_martinschitz\\\/\"}]}<\/script>\n<!-- \/ Yoast SEO plugin. -->","yoast_head_json":{"title":"Interview: Zwischen Popkultur und Avantgarde in der Provinz | visitklagenfurt","description":"Herausragende Musik, Tanzperformances und Theater \u2013 mit dem Klagenfurt Festival erh\u00e4lt der W\u00f6rthersee ein kulturelles Leuchtturmprojekt.","robots":{"index":"index","follow":"follow","max-snippet":"max-snippet:-1","max-image-preview":"max-image-preview:large","max-video-preview":"max-video-preview:-1"},"canonical":"https:\/\/www.visitklagenfurt.at\/de\/blog\/kultur-festivals\/klagenfurt-festival-popkultur-und-avantgarde-in-der-provinz\/","og_locale":"de_DE","og_type":"article","og_title":"Interview: Zwischen Popkultur und Avantgarde in der Provinz | visitklagenfurt","og_description":"Herausragende Musik, Tanzperformances und Theater \u2013 mit dem Klagenfurt Festival erh\u00e4lt der W\u00f6rthersee ein kulturelles Leuchtturmprojekt.","og_url":"https:\/\/www.visitklagenfurt.at\/de\/blog\/kultur-festivals\/klagenfurt-festival-popkultur-und-avantgarde-in-der-provinz\/","og_site_name":"visitklagenfurt","article_published_time":"2021-08-13T10:15:00+00:00","article_modified_time":"2022-12-09T11:28:38+00:00","og_image":[{"width":1020,"height":680,"url":"https:\/\/www.visitklagenfurt.at\/wp-content\/uploads\/2022\/01\/Hungry_Sharks_hr__printc_Arnold_Poeschl__MSA5416-scaled-2.jpg","type":"image\/jpeg"}],"author":"Simon Martinschitz","twitter_card":"summary_large_image","twitter_misc":{"Verfasst von":"Simon Martinschitz","Gesch\u00e4tzte Lesezeit":"14\u00a0Minuten"},"schema":{"@context":"https:\/\/schema.org","@graph":[{"@type":"Article","@id":"https:\/\/www.visitklagenfurt.at\/de\/blog\/kultur-festivals\/klagenfurt-festival-popkultur-und-avantgarde-in-der-provinz\/#article","isPartOf":{"@id":"https:\/\/www.visitklagenfurt.at\/de\/blog\/kultur-festivals\/klagenfurt-festival-popkultur-und-avantgarde-in-der-provinz\/"},"author":{"name":"Simon Martinschitz","@id":"https:\/\/www.visitklagenfurt.at\/de\/#\/schema\/person\/7a9c6bc8d10c35a61c7a91c28742c063"},"headline":"Interview: Zwischen Popkultur und Avantgarde in der Provinz","datePublished":"2021-08-13T10:15:00+00:00","dateModified":"2022-12-09T11:28:38+00:00","mainEntityOfPage":{"@id":"https:\/\/www.visitklagenfurt.at\/de\/blog\/kultur-festivals\/klagenfurt-festival-popkultur-und-avantgarde-in-der-provinz\/"},"wordCount":2412,"publisher":{"@id":"https:\/\/www.visitklagenfurt.at\/de\/#organization"},"image":{"@id":"https:\/\/www.visitklagenfurt.at\/de\/blog\/kultur-festivals\/klagenfurt-festival-popkultur-und-avantgarde-in-der-provinz\/#primaryimage"},"thumbnailUrl":"https:\/\/www.visitklagenfurt.at\/wp-content\/uploads\/2022\/01\/Hungry_Sharks_hr__printc_Arnold_Poeschl__MSA5416-scaled-2.jpg","keywords":["Interview","Klagenfurt Festival","Kultur &amp; Festivals"],"articleSection":["Kultur &amp; Festivals"],"inLanguage":"de"},{"@type":"WebPage","@id":"https:\/\/www.visitklagenfurt.at\/de\/blog\/kultur-festivals\/klagenfurt-festival-popkultur-und-avantgarde-in-der-provinz\/","url":"https:\/\/www.visitklagenfurt.at\/de\/blog\/kultur-festivals\/klagenfurt-festival-popkultur-und-avantgarde-in-der-provinz\/","name":"Interview: Zwischen Popkultur und Avantgarde in der Provinz | visitklagenfurt","isPartOf":{"@id":"https:\/\/www.visitklagenfurt.at\/de\/#website"},"primaryImageOfPage":{"@id":"https:\/\/www.visitklagenfurt.at\/de\/blog\/kultur-festivals\/klagenfurt-festival-popkultur-und-avantgarde-in-der-provinz\/#primaryimage"},"image":{"@id":"https:\/\/www.visitklagenfurt.at\/de\/blog\/kultur-festivals\/klagenfurt-festival-popkultur-und-avantgarde-in-der-provinz\/#primaryimage"},"thumbnailUrl":"https:\/\/www.visitklagenfurt.at\/wp-content\/uploads\/2022\/01\/Hungry_Sharks_hr__printc_Arnold_Poeschl__MSA5416-scaled-2.jpg","datePublished":"2021-08-13T10:15:00+00:00","dateModified":"2022-12-09T11:28:38+00:00","description":"Herausragende Musik, Tanzperformances und Theater \u2013 mit dem Klagenfurt Festival erh\u00e4lt der W\u00f6rthersee ein kulturelles Leuchtturmprojekt.","breadcrumb":{"@id":"https:\/\/www.visitklagenfurt.at\/de\/blog\/kultur-festivals\/klagenfurt-festival-popkultur-und-avantgarde-in-der-provinz\/#breadcrumb"},"inLanguage":"de","potentialAction":[{"@type":"ReadAction","target":["https:\/\/www.visitklagenfurt.at\/de\/blog\/kultur-festivals\/klagenfurt-festival-popkultur-und-avantgarde-in-der-provinz\/"]}]},{"@type":"ImageObject","inLanguage":"de","@id":"https:\/\/www.visitklagenfurt.at\/de\/blog\/kultur-festivals\/klagenfurt-festival-popkultur-und-avantgarde-in-der-provinz\/#primaryimage","url":"https:\/\/www.visitklagenfurt.at\/wp-content\/uploads\/2022\/01\/Hungry_Sharks_hr__printc_Arnold_Poeschl__MSA5416-scaled-2.jpg","contentUrl":"https:\/\/www.visitklagenfurt.at\/wp-content\/uploads\/2022\/01\/Hungry_Sharks_hr__printc_Arnold_Poeschl__MSA5416-scaled-2.jpg","width":1020,"height":680,"caption":"(c) KF, Arnold P\u00f6schl"},{"@type":"BreadcrumbList","@id":"https:\/\/www.visitklagenfurt.at\/de\/blog\/kultur-festivals\/klagenfurt-festival-popkultur-und-avantgarde-in-der-provinz\/#breadcrumb","itemListElement":[{"@type":"ListItem","position":1,"name":"visitklagenfurt","item":"https:\/\/www.visitklagenfurt.at\/de\/"},{"@type":"ListItem","position":2,"name":"Blog","item":"https:\/\/www.visitklagenfurt.at\/de\/category\/blog\/"},{"@type":"ListItem","position":3,"name":"Kultur &amp; Festivals","item":"https:\/\/www.visitklagenfurt.at\/de\/category\/blog\/kultur-festivals\/"},{"@type":"ListItem","position":4,"name":"Interview: Zwischen Popkultur und Avantgarde in der Provinz"}]},{"@type":"WebSite","@id":"https:\/\/www.visitklagenfurt.at\/de\/#website","url":"https:\/\/www.visitklagenfurt.at\/de\/","name":"visitklagenfurt","description":"","publisher":{"@id":"https:\/\/www.visitklagenfurt.at\/de\/#organization"},"potentialAction":[{"@type":"SearchAction","target":{"@type":"EntryPoint","urlTemplate":"https:\/\/www.visitklagenfurt.at\/de\/?s={search_term_string}"},"query-input":{"@type":"PropertyValueSpecification","valueRequired":true,"valueName":"search_term_string"}}],"inLanguage":"de"},{"@type":"Organization","@id":"https:\/\/www.visitklagenfurt.at\/de\/#organization","name":"Tourismus Region Klagenfurt am W\u00f6rthersee GmbH","url":"https:\/\/www.visitklagenfurt.at\/de\/","logo":{"@type":"ImageObject","inLanguage":"de","@id":"https:\/\/www.visitklagenfurt.at\/de\/#\/schema\/logo\/image\/","url":"https:\/\/www.visitklagenfurt.at\/wp-content\/uploads\/2022\/03\/DT_K_Klagenfurt_S_RGB.png","contentUrl":"https:\/\/www.visitklagenfurt.at\/wp-content\/uploads\/2022\/03\/DT_K_Klagenfurt_S_RGB.png","width":2082,"height":1511,"caption":"Tourismus Region Klagenfurt am W\u00f6rthersee GmbH"},"image":{"@id":"https:\/\/www.visitklagenfurt.at\/de\/#\/schema\/logo\/image\/"}},{"@type":"Person","@id":"https:\/\/www.visitklagenfurt.at\/de\/#\/schema\/person\/7a9c6bc8d10c35a61c7a91c28742c063","name":"Simon Martinschitz","image":{"@type":"ImageObject","inLanguage":"de","@id":"https:\/\/www.visitklagenfurt.at\/wp-content\/uploads\/2021\/05\/simon_martinschitz.jpg","url":"https:\/\/www.visitklagenfurt.at\/wp-content\/uploads\/2021\/05\/simon_martinschitz.jpg","contentUrl":"https:\/\/www.visitklagenfurt.at\/wp-content\/uploads\/2021\/05\/simon_martinschitz.jpg","caption":"Simon Martinschitz"},"description":"Geboren in Villach, aufgewachsen im Gailtal. Zwischen Bachforellen &amp; Haselnussstauden. Studium der Kulturwissenschaften in Klagenfurt, Bilbao und Florenz. Zwischen kritischer Theorie &amp; Aperitivo. Texter und Kulturarbeiter in der freien K\u00e4rntner Szene. Zwischen Front Page &amp; Back Stage. Wortjongleur. Schauspieler. Musiker. Und \u00fcberzeugter Europ\u00e4er. Mit einer Schw\u00e4che f\u00fcr Brettljausen und Pintxos. Zwischen denen ich mich nicht entscheiden m\u00fcssen m\u00f6chte.","sameAs":["https:\/\/martinschitz.at\/"],"url":"https:\/\/www.visitklagenfurt.at\/de\/author\/simon_martinschitz\/"}]}},"_links":{"self":[{"href":"https:\/\/www.visitklagenfurt.at\/de\/wp-json\/wp\/v2\/posts\/27227","targetHints":{"allow":["GET"]}}],"collection":[{"href":"https:\/\/www.visitklagenfurt.at\/de\/wp-json\/wp\/v2\/posts"}],"about":[{"href":"https:\/\/www.visitklagenfurt.at\/de\/wp-json\/wp\/v2\/types\/post"}],"author":[{"embeddable":true,"href":"https:\/\/www.visitklagenfurt.at\/de\/wp-json\/wp\/v2\/users\/27"}],"replies":[{"embeddable":true,"href":"https:\/\/www.visitklagenfurt.at\/de\/wp-json\/wp\/v2\/comments?post=27227"}],"version-history":[{"count":23,"href":"https:\/\/www.visitklagenfurt.at\/de\/wp-json\/wp\/v2\/posts\/27227\/revisions"}],"predecessor-version":[{"id":47783,"href":"https:\/\/www.visitklagenfurt.at\/de\/wp-json\/wp\/v2\/posts\/27227\/revisions\/47783"}],"wp:featuredmedia":[{"embeddable":true,"href":"https:\/\/www.visitklagenfurt.at\/de\/wp-json\/wp\/v2\/media\/32561"}],"wp:attachment":[{"href":"https:\/\/www.visitklagenfurt.at\/de\/wp-json\/wp\/v2\/media?parent=27227"}],"wp:term":[{"taxonomy":"category","embeddable":true,"href":"https:\/\/www.visitklagenfurt.at\/de\/wp-json\/wp\/v2\/categories?post=27227"},{"taxonomy":"post_tag","embeddable":true,"href":"https:\/\/www.visitklagenfurt.at\/de\/wp-json\/wp\/v2\/tags?post=27227"}],"curies":[{"name":"wp","href":"https:\/\/api.w.org\/{rel}","templated":true}]}}