{"id":34919,"date":"2022-04-08T08:33:40","date_gmt":"2022-04-08T06:33:40","guid":{"rendered":"https:\/\/www.visitklagenfurt.at\/?p=34919"},"modified":"2026-03-09T10:55:10","modified_gmt":"2026-03-09T09:55:10","slug":"skurrile-osterbraeuche-in-kaernten","status":"publish","type":"post","link":"https:\/\/www.visitklagenfurt.at\/de\/blog\/kultur-festivals\/skurrile-osterbraeuche-in-kaernten\/","title":{"rendered":"10 skurrile Osterbr\u00e4uche in K\u00e4rnten: Vom Gotensturz &#038; Eierpecken"},"content":{"rendered":"\n<p>Ostern ist das wichtigste Fest im christlichen Jahreskalender und dementsprechend umfangreich sind die Gebr\u00e4uche und Traditionen, die dieses Fest begleiten. Seit dem ersten Konzil von Nic\u00e4a vor gut 1700 Jahren ist sich die Christenheit \u00fcber den Zeitpunkt der Osterfeierlichkeiten einig. Der erste Sonntag nach dem ersten Vollmond im Fr\u00fchling ist seitdem der Ostersonntag.<\/p>\n\n\n\n<p>So eindeutig das Osterdatum zu berechnen ist, so un\u00fcberschaubar gestalten sich die Osterbr\u00e4uche in den einzelnen Regionen. Auf welche Kuriosit\u00e4ten man sich zu Ostern in K\u00e4rnten gefasst machen muss und wie man beim Praktizieren derselben auch als Unkundiger eine gute Figur macht, erfahrt ihr hier.<\/p>\n\n\n\n<h2 class=\"wp-block-heading\" id=\"h-1-karntner-osterjause-osterschinken-selchwurste-amp-reindling\">1. K\u00e4rntner Osterjause: Osterschinken, Selchw\u00fcrste &amp; Reindling<\/h2>\n\n\n\n<p>Den K\u00e4rntnerinnen und K\u00e4rntnern l\u00e4uft zu Ostern nicht etwa beim Anblick des dampfenden Osterlammes das Wasser im Mund zusammen, sondern ganz landestypisch bei einer besonderen Art der Bretteljause. <\/p>\n\n\n\n<p>Die K\u00e4rntner Osterjause umfasst neben dem <strong>klassischen Osterschinken <\/strong>unter anderem <strong>Selchw\u00fcrste<\/strong>, <strong>Speck<\/strong>, <strong>R\u00e4ucherschinken<\/strong>, <strong>Rindszunge <\/strong>und je nach Gegend weitere regionale Fleischprodukte. Doch das alleine macht noch keine Osterjause.&nbsp;<\/p>\n\n\n\n<figure class=\"wp-block-gallery has-nested-images columns-2 is-cropped wp-block-gallery-1 is-layout-flex wp-block-gallery-is-layout-flex\">\n<figure class=\"wp-block-image size-full\"><a href=\"https:\/\/www.visitklagenfurt.at\/wp-content\/uploads\/2021\/03\/Osterjause_c_Kaernten_Werbung_Michael_Seyer.jpg\"><img fetchpriority=\"high\" decoding=\"async\" width=\"1199\" height=\"798\" data-id=\"14208\" src=\"https:\/\/www.visitklagenfurt.at\/wp-content\/uploads\/2021\/03\/Osterjause_c_Kaernten_Werbung_Michael_Seyer.jpg\" alt=\"typische K\u00e4rntner Osterjause mit Schinken, Kren, Eiern und Brot\" class=\"wp-image-14208\"\/><\/a><figcaption class=\"wp-element-caption\">(c) KW, Michael Seyer<\/figcaption><\/figure>\n<\/figure>\n\n\n\n<p>Aus kulinarischer Sicht ist interessant, mit welchen Geschm\u00e4ckern diese fleischlastige Kost kombiniert wird: Allen voran darf im Osterkorb der <strong>K\u00e4rntner Reindling<\/strong> nicht fehlen. Dieses traditionelle S\u00fc\u00dfgeb\u00e4ck mit einer F\u00fcllung aus Zucker, Zimt und Rosinen ersetzt zu Ostern das Vollkornbrot wodurch die Osterjause um die so wichtige s\u00fc\u00dfe Komponente erg\u00e4nzt wird.&nbsp;<\/p>\n\n\n\n<p>Die Reindling Scheiben werden zu Schinken und Co. gegessen und mit <strong>Kren <\/strong>(Meerrettich) garniert. Dazu ein <strong>hartgekochtes Osterei <\/strong>und die Osterjause ist perfekt. Dieses salzig-s\u00fc\u00df-herzhaft-scharfe Geschmackserlebnis w\u00e4re anderswo im Kalenderjahr undenkbar. Zu Ostern aber macht genau das die echte K\u00e4rntner Osterjause aus!<\/p>\n\n\n\n<figure class=\"wp-block-gallery has-nested-images columns-default is-cropped wp-block-gallery-2 is-layout-flex wp-block-gallery-is-layout-flex\">\n<figure class=\"wp-block-image size-large\"><a href=\"https:\/\/www.visitklagenfurt.at\/wp-content\/uploads\/2021\/03\/2190.jpg\"><img decoding=\"async\" width=\"1024\" height=\"681\" data-id=\"15858\" src=\"https:\/\/www.visitklagenfurt.at\/wp-content\/uploads\/2021\/03\/2190.jpg\" alt=\"K\u00e4rntner Reindling zu Ostern\" class=\"wp-image-15858\"\/><\/a><figcaption class=\"wp-element-caption\">(c) KW, Franz Gerdl <\/figcaption><\/figure>\n\n\n\n<figure class=\"wp-block-image size-large\"><a href=\"https:\/\/www.visitklagenfurt.at\/wp-content\/uploads\/2021\/03\/Reindling-c-KW-Gerdl-Franz.jpg\"><img decoding=\"async\" width=\"4256\" height=\"2832\" data-id=\"15854\" src=\"https:\/\/www.visitklagenfurt.at\/wp-content\/uploads\/2021\/03\/Reindling-c-KW-Gerdl-Franz.jpg\" alt=\"K\u00e4rntner Reindling ist hei\u00df begehrt\" class=\"wp-image-15854\"\/><\/a><figcaption class=\"wp-element-caption\">(c) KW, Franz Gerdl<\/figcaption><\/figure>\n<\/figure>\n\n\n\n<h2 class=\"wp-block-heading\" id=\"h-2-schneidschnaps-trinken-vor-der-osterjause\">2. Schneidschnaps trinken vor der Osterjause<\/h2>\n\n\n\n<p>Noch vor der Osterjause gibt es im Gurk- und Metnitztal einen hochprozentigen Brauch, den die Bauern fr\u00fcher in Hinsicht auf eine gute Mahd gepflegt haben: das <strong>Schneid trinken<\/strong>.&nbsp;<\/p>\n\n\n\n<p>Am Karfreitag wurde den Bauern und Knechten von den B\u00e4uerinnen ein <strong>Frackale <\/strong>(gro\u00dfes Stamperl) Schnaps ausgeschenkt. Man trank darauf, stets eine gut gesch\u00e4rfte Sense zur Hand zu haben und beschwor so das ganze Jahr \u00fcber ein erfolgreiches M\u00e4hen der Wiesen und Felder.&nbsp;<\/p>\n\n\n\n<p>Da heute fast niemand mehr mit der Sense m\u00e4ht, ist diese Tradition etwas in Vergessenheit geraten. Vielerorts wird das Schneidschnaps trinken aufgrund seines geselligen Charakters aber immer noch gerne gepflogen \u2013 auch von jenen, die ohne nennenswerten Hektar-Bestand sind.<\/p>\n\n\n\n <div class=\"brlbs-cmpnt-container brlbs-cmpnt-content-blocker brlbs-cmpnt-with-individual-styles\" data-borlabs-cookie-content-blocker-id=\"giphy\" data-borlabs-cookie-content=\"PGlmcmFtZSBzcmM9Imh0dHBzOi8vZ2lwaHkuY29tL2VtYmVkL2Vmbjc2eDhUekVidnRrY0NhUyIgY2xhc3M9ImdpcGh5LWVtYmVkIiBhbGxvd2Z1bGxzY3JlZW49IiIgd2lkdGg9IjQ4MCIgaGVpZ2h0PSI0ODAiIGZyYW1lYm9yZGVyPSIwIj48L2lmcmFtZT4=\"><div class=\"brlbs-cmpnt-cb-preset-a\"> <p class=\"brlbs-cmpnt-cb-description\">Sie sehen gerade einen Platzhalterinhalt von <strong>giphy.com<\/strong>. Um auf den eigentlichen Inhalt zuzugreifen, klicken Sie auf den Button unten. Bitte beachten Sie, dass dabei Daten an Drittanbieter weitergegeben werden.<\/p> <div class=\"brlbs-cmpnt-cb-buttons\"> <a class=\"brlbs-cmpnt-cb-btn\" href=\"#\" data-borlabs-cookie-unblock role=\"button\">Inhalt entsperren<\/a> <a class=\"brlbs-cmpnt-cb-btn\" href=\"#\" data-borlabs-cookie-accept-service role=\"button\" style=\"display: none\">Erforderlichen Service akzeptieren und Inhalte entsperren<\/a> <\/div> <a class=\"brlbs-cmpnt-cb-provider-toggle\" href=\"#\" data-borlabs-cookie-show-provider-information role=\"button\">Weitere Informationen<\/a> &#8218;<\/div>&#8218;<\/div><p><a href=\"https:\/\/giphy.com\/gifs\/laff-tv-himym-how-i-met-your-mother-laff-efn76x8TzEbvtkcCaS\">via GIPHY<\/a><\/p>\n\n\n\n<h2 class=\"wp-block-heading\" id=\"h-3-weihfeuertragen-amp-schwammweihe-zu-ostern\">3. Weihfeuertragen &amp; Schwammweihe zu Ostern<\/h2>\n\n\n\n<p>Neben Palmbuschen und Osterjause darf in K\u00e4rnten am Karsamstag die traditionelle <strong>\u201eSchwamm- oder Feuerweihe<\/strong>\u201c nicht fehlen. Bei diesem Osterbrauch wird meist vor der Dorfkirche ein Feuer entz\u00fcndet und vom Priester gesegnet. <\/p>\n\n\n\n<p>Damit man diesen Segen mit nach Hause nehmen kann, werden gew\u00e4sserte Holzschw\u00e4mme, wie sie an morschen B\u00e4umen wachsen, ins Feuer gehalten bis sie gl\u00fchen.&nbsp;<\/p>\n\n\n\n<p>Die Schw\u00e4mme sind an einem langen Draht befestigt, wodurch man am Nachhauseweg durch Drehen und schwingen die Glut am Leben erh\u00e4lt. Als Nebeneffekt entsteht durch den zuvor gew\u00e4sserten Schwamm eine starke Rauchentwicklung. Zu Hause angekommen werden damit alle <strong>R\u00e4ume ausger\u00e4uchert<\/strong>.&nbsp;<\/p>\n\n\n\n<p>Das soll Unheil und Krankheit fernhalten. Dieser Brauch stammt aus einer Zeit ohne Feuerzeuge und Z\u00fcndh\u00f6lzer. Damals durfte das Feuer im heimischen Ofen niemals ausgehen. Einzig am Karfreitag l\u00f6schte man das Feuer absichtlich, um es am Morgen darauf mit der gesegneten Glut erneut zu entfachen. Traditionell wurde auf diesem Feuer auch der Osterschinken gekocht.<\/p>\n\n\n\n<blockquote class=\"instagram-media\" data-instgrm-permalink=\"https:\/\/www.instagram.com\/p\/B-9VvcQgMbL\/?utm_source=ig_embed&amp;utm_campaign=loading\" data-instgrm-version=\"14\" style=\" background:#FFF; border:0; border-radius:3px; box-shadow:0 0 1px 0 rgba(0,0,0,0.5),0 1px 10px 0 rgba(0,0,0,0.15); margin: 1px; max-width:540px; min-width:326px; padding:0; width:99.375%; width:-webkit-calc(100% - 2px); width:calc(100% - 2px);\"><div style=\"padding:16px;\"> <a href=\"https:\/\/www.instagram.com\/p\/B-9VvcQgMbL\/?utm_source=ig_embed&amp;utm_campaign=loading\" style=\" background:#FFFFFF; line-height:0; padding:0 0; text-align:center; text-decoration:none; width:100%;\" target=\"_blank\" rel=\"noopener\"> <div style=\" display: flex; flex-direction: row; align-items: center;\"> <div style=\"background-color: #F4F4F4; border-radius: 50%; flex-grow: 0; height: 40px; margin-right: 14px; width: 40px;\"><\/div> <div style=\"display: flex; flex-direction: column; flex-grow: 1; justify-content: center;\"> <div style=\" background-color: #F4F4F4; border-radius: 4px; flex-grow: 0; height: 14px; margin-bottom: 6px; width: 100px;\"><\/div> <div style=\" background-color: #F4F4F4; border-radius: 4px; flex-grow: 0; height: 14px; width: 60px;\"><\/div><\/div><\/div><div style=\"padding: 19% 0;\"><\/div> <div style=\"display:block; height:50px; margin:0 auto 12px; width:50px;\"><svg width=\"50px\" height=\"50px\" viewBox=\"0 0 60 60\" version=\"1.1\" xmlns=\"https:\/\/www.w3.org\/2000\/svg\" xmlns:xlink=\"https:\/\/www.w3.org\/1999\/xlink\"><g stroke=\"none\" stroke-width=\"1\" fill=\"none\" fill-rule=\"evenodd\"><g transform=\"translate(-511.000000, -20.000000)\" fill=\"#000000\"><g><path d=\"M556.869,30.41 C554.814,30.41 553.148,32.076 553.148,34.131 C553.148,36.186 554.814,37.852 556.869,37.852 C558.924,37.852 560.59,36.186 560.59,34.131 C560.59,32.076 558.924,30.41 556.869,30.41 M541,60.657 C535.114,60.657 530.342,55.887 530.342,50 C530.342,44.114 535.114,39.342 541,39.342 C546.887,39.342 551.658,44.114 551.658,50 C551.658,55.887 546.887,60.657 541,60.657 M541,33.886 C532.1,33.886 524.886,41.1 524.886,50 C524.886,58.899 532.1,66.113 541,66.113 C549.9,66.113 557.115,58.899 557.115,50 C557.115,41.1 549.9,33.886 541,33.886 M565.378,62.101 C565.244,65.022 564.756,66.606 564.346,67.663 C563.803,69.06 563.154,70.057 562.106,71.106 C561.058,72.155 560.06,72.803 558.662,73.347 C557.607,73.757 556.021,74.244 553.102,74.378 C549.944,74.521 548.997,74.552 541,74.552 C533.003,74.552 532.056,74.521 528.898,74.378 C525.979,74.244 524.393,73.757 523.338,73.347 C521.94,72.803 520.942,72.155 519.894,71.106 C518.846,70.057 518.197,69.06 517.654,67.663 C517.244,66.606 516.755,65.022 516.623,62.101 C516.479,58.943 516.448,57.996 516.448,50 C516.448,42.003 516.479,41.056 516.623,37.899 C516.755,34.978 517.244,33.391 517.654,32.338 C518.197,30.938 518.846,29.942 519.894,28.894 C520.942,27.846 521.94,27.196 523.338,26.654 C524.393,26.244 525.979,25.756 528.898,25.623 C532.057,25.479 533.004,25.448 541,25.448 C548.997,25.448 549.943,25.479 553.102,25.623 C556.021,25.756 557.607,26.244 558.662,26.654 C560.06,27.196 561.058,27.846 562.106,28.894 C563.154,29.942 563.803,30.938 564.346,32.338 C564.756,33.391 565.244,34.978 565.378,37.899 C565.522,41.056 565.552,42.003 565.552,50 C565.552,57.996 565.522,58.943 565.378,62.101 M570.82,37.631 C570.674,34.438 570.167,32.258 569.425,30.349 C568.659,28.377 567.633,26.702 565.965,25.035 C564.297,23.368 562.623,22.342 560.652,21.575 C558.743,20.834 556.562,20.326 553.369,20.18 C550.169,20.033 549.148,20 541,20 C532.853,20 531.831,20.033 528.631,20.18 C525.438,20.326 523.257,20.834 521.349,21.575 C519.376,22.342 517.703,23.368 516.035,25.035 C514.368,26.702 513.342,28.377 512.574,30.349 C511.834,32.258 511.326,34.438 511.181,37.631 C511.035,40.831 511,41.851 511,50 C511,58.147 511.035,59.17 511.181,62.369 C511.326,65.562 511.834,67.743 512.574,69.651 C513.342,71.625 514.368,73.296 516.035,74.965 C517.703,76.634 519.376,77.658 521.349,78.425 C523.257,79.167 525.438,79.673 528.631,79.82 C531.831,79.965 532.853,80.001 541,80.001 C549.148,80.001 550.169,79.965 553.369,79.82 C556.562,79.673 558.743,79.167 560.652,78.425 C562.623,77.658 564.297,76.634 565.965,74.965 C567.633,73.296 568.659,71.625 569.425,69.651 C570.167,67.743 570.674,65.562 570.82,62.369 C570.966,59.17 571,58.147 571,50 C571,41.851 570.966,40.831 570.82,37.631\"><\/path><\/g><\/g><\/g><\/svg><\/div><div style=\"padding-top: 8px;\"> <div style=\" color:#3897f0; font-family:Arial,sans-serif; font-size:14px; font-style:normal; font-weight:550; line-height:18px;\">Sieh dir diesen Beitrag auf Instagram an<\/div><\/div><div style=\"padding: 12.5% 0;\"><\/div> <div style=\"display: flex; flex-direction: row; margin-bottom: 14px; align-items: center;\"><div> <div style=\"background-color: #F4F4F4; border-radius: 50%; height: 12.5px; width: 12.5px; transform: translateX(0px) translateY(7px);\"><\/div> <div style=\"background-color: #F4F4F4; height: 12.5px; transform: rotate(-45deg) translateX(3px) translateY(1px); width: 12.5px; flex-grow: 0; margin-right: 14px; margin-left: 2px;\"><\/div> <div style=\"background-color: #F4F4F4; border-radius: 50%; height: 12.5px; width: 12.5px; transform: translateX(9px) translateY(-18px);\"><\/div><\/div><div style=\"margin-left: 8px;\"> <div style=\" background-color: #F4F4F4; border-radius: 50%; flex-grow: 0; height: 20px; width: 20px;\"><\/div> <div style=\" width: 0; height: 0; border-top: 2px solid transparent; border-left: 6px solid #f4f4f4; border-bottom: 2px solid transparent; transform: translateX(16px) translateY(-4px) rotate(30deg)\"><\/div><\/div><div style=\"margin-left: auto;\"> <div style=\" width: 0px; border-top: 8px solid #F4F4F4; border-right: 8px solid transparent; transform: translateY(16px);\"><\/div> <div style=\" background-color: #F4F4F4; flex-grow: 0; height: 12px; width: 16px; transform: translateY(-4px);\"><\/div> <div style=\" width: 0; height: 0; border-top: 8px solid #F4F4F4; border-left: 8px solid transparent; transform: translateY(-4px) translateX(8px);\"><\/div><\/div><\/div> <div style=\"display: flex; flex-direction: column; flex-grow: 1; justify-content: center; margin-bottom: 24px;\"> <div style=\" background-color: #F4F4F4; border-radius: 4px; flex-grow: 0; height: 14px; margin-bottom: 6px; width: 224px;\"><\/div> <div style=\" background-color: #F4F4F4; border-radius: 4px; flex-grow: 0; height: 14px; width: 144px;\"><\/div><\/div><\/a><p style=\" color:#c9c8cd; font-family:Arial,sans-serif; font-size:14px; line-height:17px; margin-bottom:0; margin-top:8px; overflow:hidden; padding:8px 0 7px; text-align:center; text-overflow:ellipsis; white-space:nowrap;\"><a href=\"https:\/\/www.instagram.com\/p\/B-9VvcQgMbL\/?utm_source=ig_embed&amp;utm_campaign=loading\" style=\" color:#c9c8cd; font-family:Arial,sans-serif; font-size:14px; font-style:normal; font-weight:normal; line-height:17px; text-decoration:none;\" target=\"_blank\" rel=\"noopener\">Ein Beitrag geteilt von Dieter Arbeiter (@dieterarbeiter)<\/a><\/p><\/div><\/blockquote> <script async=\"\" src=\"\/\/www.instagram.com\/embed.js\"><\/script>\n\n\n\n<h2 class=\"wp-block-heading\" id=\"h-4-gotensturz-fur-die-patenkinder\">4. Gotensturz f\u00fcr die Patenkinder <\/h2>\n\n\n\n<p>Es ist schon mehr als eineinhalb Jahrtausende her, dass die Goten zur Zeit der V\u00f6lkerwanderung durch K\u00e4rnten zogen. Beim Gotensturz handelt es sich allerdings nicht um ein Relikt aus jener Zeit. Vielmehr leiten sich diese beiden Begriffe vom Wort <strong>\u201eGotl<\/strong>\u201c ab, was in K\u00e4rnten so viel bedeutet wie <strong>\u201ePate<\/strong>\u201c.&nbsp;<\/p>\n\n\n\n<p>Der oder die Gotl sind also die Taufpaten, die in der Karwoche ihr Patenkind mit einem <strong>Reindling und einem roten Ei, in dem eine M\u00fcnze steckt<\/strong>, beschenkt. <\/p>\n\n\n\n<p>Das Patenkind bekommt den Gotensturz, in manchen Regionen auch Gotenreindling, h\u00f6chstens bis zum 14. Lebensjahr. Besser gesagt bis zur Firmung. Dann hat der Gotl ausgedient und die Jugendlichen werden der Obhut des Firmpaten \u00fcbergeben. <\/p>\n\n\n\n<p>Heute wird anstelle des Reindlings auch oft Spielzeug oder Bekleidung geschenkt, das sogenannte Gotengewand.<\/p>\n\n\n\n<h2 class=\"wp-block-heading\" id=\"h-5-osterratschen-statt-kirchenglocken\">5. Osterratschen statt Kirchenglocken <\/h2>\n\n\n\n<p>Da am Gr\u00fcndonnerstag die Kirchenglocken gemeinschaftlich <strong>nach Rom fliegen <\/strong>und dort bis zur Auferstehung verweilen, m\u00f6chte man meinen, dass in Abwesenheit des Glockengel\u00e4utes eine besinnliche Ruhe im Land herrscht. Doch weit gefehlt: Eben jene Ruhe wird durch das <strong>traditionelle Ratschen<\/strong> gebrochen.&nbsp;<\/p>\n\n\n\n<p>Bei diesem h\u00f6lzernen L\u00e4rminstrument wird durch wildes Drehen ein Federblatt aus Fichtenholz um ein Zahnrad bewegt. Dadurch entsteht ein lautes, knatterndes Ger\u00e4usch. <\/p>\n\n\n\n<p>Die Ratschen sollten in den Tagen zwischen Gr\u00fcndonnerstag und Ostersonntag die <strong>Kirchenglocken ersetzen<\/strong>, um so die Bev\u00f6lkerung an den Gottesdienst zu erinnern. Das Ratschen war und ist traditionell Aufgabe der Kinder, die meist in Gruppen unter lautem Ge(t)ratsche durch die Ortschaften ziehen.<\/p>\n\n\n\n<figure class=\"wp-block-gallery has-nested-images columns-default is-cropped wp-block-gallery-3 is-layout-flex wp-block-gallery-is-layout-flex\">\n<figure class=\"wp-block-image size-full\"><img loading=\"lazy\" decoding=\"async\" width=\"1024\" height=\"683\" data-id=\"15878\" src=\"https:\/\/www.visitklagenfurt.at\/wp-content\/uploads\/2021\/03\/2100.jpg\" alt=\"Ratschen aus Holz am Karfreitag\" class=\"wp-image-15878\"\/><figcaption class=\"wp-element-caption\">(c) KW, Steinthaler<\/figcaption><\/figure>\n<\/figure>\n\n\n\n<h2 class=\"wp-block-heading\" id=\"h-6-kugelschlagen-ein-osterbrauch-aus-der-keltenzeit\">6. Kugelschlagen: Ein Osterbrauch aus der Keltenzeit<\/h2>\n\n\n\n<p>Ein ganz besonderes Gesellschaftsereignis findet man am <a href=\"https:\/\/veranstaltungen.kaernten.at\/events\/RXZlbnREYi01YmY2YjA2ZjIxNThiNzc5MDkwMDI0ODc\">Ostersonntag<\/a> im Gurktaler Zweinitz. An die 140 Teilnehmer aus ganz K\u00e4rnten sowie unz\u00e4hlige Schaulustige versammeln sich hier zum allj\u00e4hrlichen Kugelschlagen.&nbsp;<\/p>\n\n\n\n<p>Dieser Brauch geht<strong> bis in die Keltenzeit zur\u00fcck <\/strong>und k\u00f6nnte wohl am besten als eine Mischung aus Golf und Baseball beschrieben werden. Geschlagen werden Holzkugeln<strong> <\/strong>mit einem Schl\u00e4ger, dessen Stiel aus einem biegsamen<strong> <\/strong>Fichtenb\u00e4umchen und einem gewichtigen Kopf aus Hartholz besteht.&nbsp;<\/p>\n\n\n\n<p>Die Kugel wird vom Spieler in die Luft geworfen und mit dem Schl\u00e4ger \u2013 wie beim Baseball \u2013 in die vorgesehene Richtung geschlagen. Das Spielfeld ist dabei mehrere Kilometer lang und endet an der Ortstafel, wo der letzte Schlag eingelocht werden muss. <\/p>\n\n\n\n<p>Dieses Spiel kann sich \u00fcber einige Stunden hinziehen. Deshalb gibt es entlang der Strecke ausreichend Labestationen, an denen sich Spieler wie Zuschauer st\u00e4rken k\u00f6nnen.<\/p>\n\n\n\n<figure class=\"wp-block-gallery has-nested-images columns-default is-cropped wp-block-gallery-4 is-layout-flex wp-block-gallery-is-layout-flex\">\n<figure class=\"wp-block-image size-large\"><img loading=\"lazy\" decoding=\"async\" width=\"1920\" height=\"1440\" data-id=\"34986\" src=\"https:\/\/www.visitklagenfurt.at\/wp-content\/uploads\/2022\/03\/144493397_1401253606874689_2738778087140185157_n.jpg\" alt=\"\" class=\"wp-image-34986\"\/><figcaption class=\"wp-element-caption\">(c) Kugelschlager<\/figcaption><\/figure>\n<\/figure>\n\n\n\n<h2 class=\"wp-block-heading\" id=\"h-7-fackeltragen-uber-die-felder\">7. Fackeltragen \u00fcber die Felder <\/h2>\n\n\n\n<p>Viele Osterbr\u00e4uche zielen auf die Beschw\u00f6rung der Fruchtbarkeit und auf die Bewahrung vor Unheil ab. Oft ist das vor einem landwirtschaftlichen Hintergrund zu sehen, wie das Beispiel der<strong> Osterfackeln in St. Georgen bei Bleiburg<\/strong> untermauert. <\/p>\n\n\n\n<p>Hier werden am Abend des Karsamstages bis zu<strong> 40 Kilogramm schwere Fackeln \u00fcber die Felder<\/strong> getragen.&nbsp;<\/p>\n\n\n\n<p>Dadurch soll der Boden gesegnet und Unwetter abgehalten werden. F\u00fcr die Fackeln werden ganze Fichtenst\u00e4mme mehrmals gespalten und mit Keilen auseinandergespreizt. So verbessert sich die Luftzufuhr und die Fackel kann \u00fcber mehrere Stunden brennen. <\/p>\n\n\n\n<p>Das genaue Herstellungsverfahren wird \u00fcber <strong>Generationen m\u00fcndlich \u00fcberliefert.<\/strong> An die 20 Fackeltr\u00e4ger schreiten mit den lodernden St\u00e4mmen \u00fcber Wiesen und \u00c4cker. Immer wieder machen die Fackeltr\u00e4ger Halt, um einen Fackeltanz aufzuf\u00fchren und mit den Fackeln Figuren zu gestaltet. Ein ganz besonderes Spektakel in der S\u00fcdk\u00e4rntner Osternacht.&nbsp;<\/p>\n\n\n\n<figure class=\"wp-block-gallery has-nested-images columns-1 is-cropped wp-block-gallery-5 is-layout-flex wp-block-gallery-is-layout-flex\">\n<figure class=\"wp-block-image size-large\"><a href=\"https:\/\/www.visitklagenfurt.at\/wp-content\/uploads\/2022\/03\/csm_Fackeltragen_in_Goesseling-_Osterbrauch_in_Kaernten_a73d900a0f.jpg\"><img loading=\"lazy\" decoding=\"async\" width=\"1248\" height=\"936\" data-id=\"35077\" src=\"https:\/\/www.visitklagenfurt.at\/wp-content\/uploads\/2022\/03\/csm_Fackeltragen_in_Goesseling-_Osterbrauch_in_Kaernten_a73d900a0f.jpg\" alt=\"\" class=\"wp-image-35077\"\/><\/a><\/figure>\n\n\n\n<figure class=\"wp-block-image size-large\"><a href=\"https:\/\/www.visitklagenfurt.at\/wp-content\/uploads\/2022\/03\/csm_Fackeltragen_in_Goesseling-_Osterbrauch_in_Kaernten_d33e581232.jpg\"><img loading=\"lazy\" decoding=\"async\" width=\"1248\" height=\"936\" data-id=\"35081\" src=\"https:\/\/www.visitklagenfurt.at\/wp-content\/uploads\/2022\/03\/csm_Fackeltragen_in_Goesseling-_Osterbrauch_in_Kaernten_d33e581232.jpg\" alt=\"\" class=\"wp-image-35081\"\/><\/a><figcaption class=\"wp-element-caption\">(c) Ed Wohlfahrt<\/figcaption><\/figure>\n<\/figure>\n\n\n\n<h2 class=\"wp-block-heading\" id=\"h-8-eierrollen-eine-mischung-aus-kegeln-amp-mikado\">8. Eierrollen: Eine Mischung aus Kegeln &amp; Mikado<\/h2>\n\n\n\n<p>In Mittelk\u00e4rnten dreht sich derweil alles um das Osterei. Vielmehr: Das Osterei selbst dreht sich. Das traditionelle Eierrollen wird meist <strong>im Kreise der Familie<\/strong> praktiziert und mutet an wie eine<strong> <\/strong>Mischung<strong> <\/strong>aus<strong> <\/strong>Kegeln<strong> <\/strong>und<strong> <\/strong>Mikado. Zwei lange Holzrechen werden so ineinander verkeilt, dass deren Stiele eine sanft abfallende Bahn formen, \u00fcber die ein Ei gerollt werden kann.&nbsp;<\/p>\n\n\n\n<p>Jeder Spieler bringt ein gef\u00e4rbtes Osterei in die Partie, das nach der Anlaufphase im Gras zu liegen kommt und dort verbleibt. Wer als N\u00e4chstes am Zug ist, versucht die liegenden Eier zu treffen. Jedes Ei, das wackelt, bedeutet einen Strafpunkt. Meist wird mit M\u00fcnzen gespielt und so muss jeder Spieler, dessen Ei sich bewegt hat, ein Geldst\u00fcck an den erfolgreichen Eiersch\u00fctzen bezahlen.<\/p>\n\n\n\n<figure class=\"wp-block-gallery has-nested-images columns-default is-cropped wp-block-gallery-6 is-layout-flex wp-block-gallery-is-layout-flex\">\n<figure class=\"wp-block-image size-full\"><img loading=\"lazy\" decoding=\"async\" width=\"1600\" height=\"1067\" data-id=\"15863\" src=\"https:\/\/www.visitklagenfurt.at\/wp-content\/uploads\/2021\/03\/2097.jpg\" alt=\"Korb mit bunten Ostereiern mit dekorativen Stickern\" class=\"wp-image-15863\"\/><figcaption class=\"wp-element-caption\">(c) KW, Steinthaler<\/figcaption><\/figure>\n<\/figure>\n\n\n\n<h2 class=\"wp-block-heading\" id=\"h-9-eierpecken-ein-spiel-fur-klein-amp-gross\">9. Eierpecken: Ein Spiel f\u00fcr Klein &amp; Gro\u00df<\/h2>\n\n\n\n<p>Ebenfalls in Mittelk\u00e4rnten zu finden ist der Brauch des Eierpeckens. Nicht zu verwechseln mit dem <strong>Eierturtschen<\/strong>, bei dem zwei Eier aufeinandergeschlagen werden, bis eines davon auf beiden Seiten eingedr\u00fcckt ist. <\/p>\n\n\n\n<p>Vielmehr ist das Eierpecken ein Spiel, bei dem man gr\u00f6\u00dfte Zielgenauigkeit beweisen muss. Daf\u00fcr wird ein Ei auf dem Boden platziert und die Mitspieler versuchen, dieses mit einer M\u00fcnze aus einiger Entfernung zu treffen. <\/p>\n\n\n\n<p>Bleibt eine <strong>M\u00fcnze im Ei stecken<\/strong>, geh\u00f6rt das Ziel-Ei und alle in den vorhergehenden Fehlversuchen liegen gebliebenen M\u00fcnzen dem erfolgreichen Sch\u00fctzen. Soweit die kinderfreundliche Version dieses Spieles.<\/p>\n\n\n\n<p>Ans Eingemachte geht es dann, wenn sich Jugendliche und Erwachsene untereinander etwas beweisen m\u00fcssen und das Ei in einer Hand halten. Mangelndes Zielverm\u00f6gen und ein Mindestma\u00df an Durchschlagskraft, damit die M\u00fcnze im Ei stecken bleiben kann, f\u00fchren dabei immer wieder zu geprellten Fingern. Woher dieser Brauch urspr\u00fcnglich stammt, ist nicht \u00fcberliefert.<\/p>\n\n\n\n<h2 class=\"wp-block-heading\" id=\"h-10-brezn-samstag-fur-die-liebe\">10. Brezn Samstag f\u00fcr die Liebe<\/h2>\n\n\n\n<p>Romantischer geht es da drei Wochen vor Ostern am<strong> Brezn Samstag<\/strong> im Lesachtal zu. Dabei decken sich die Junggesellen im Dorf beim B\u00e4cker mit Teig- oder Schokobrezen ein und binden diese mit einem roten Band zusammen. Dieser <strong>Brezenstrau\u00df <\/strong>wird dann der Angebeteten \u2013 Gitsche genannt \u2013 auf die T\u00fcrschnalle geh\u00e4ngt. Die Anzahl der Brezen signalisiert dabei den Grad der Verliebtheit.&nbsp;<\/p>\n\n\n\n<p>Am <strong>Karsamstag <\/strong>kommt dann der Moment der Wahrheit, wenn die beschenkten Gitschen den Liebesbeweis erwidern. F\u00fcr jede normale Brezen muss ein Ei, f\u00fcr jede Schokobrezen zwei Eier, in ein Nest vor dem Haus gelegt werden. Erst dann erfahren die Gitschen, wer von den Junggesellen im Dorf sein amour\u00f6ses Interesse bekundet hat.&nbsp;<\/p>\n\n\n\n<p>Dabei kommt es nicht selten vor, dass die Angebetete gleich von mehreren Burschen umworben wird. Gewisse Rivalit\u00e4ten unter den Liebeswerbern sind dabei unvermeidlich, was schon zur einen oder anderen lustigen Episode in den Dorfchroniken des Lesachtales gef\u00fchrt hat.&nbsp;&nbsp;&nbsp;<\/p>\n\n\n\n<figure class=\"wp-block-gallery has-nested-images columns-default is-cropped wp-block-gallery-7 is-layout-flex wp-block-gallery-is-layout-flex\">\n<figure class=\"wp-block-image size-full\"><img loading=\"lazy\" decoding=\"async\" width=\"1280\" height=\"720\" data-id=\"34929\" src=\"https:\/\/www.visitklagenfurt.at\/wp-content\/uploads\/2022\/03\/pexels-jens-mahnke-1718383.jpg\" alt=\"\" class=\"wp-image-34929\"\/><figcaption class=\"wp-element-caption\">(c) Pexels\n<\/figcaption><\/figure>\n<\/figure>\n\n\n\n<h2 class=\"wp-block-heading\" id=\"h-gut-gewappnet-fur-die-osterwoche\">Gut gewappnet f\u00fcr die Osterwoche!<\/h2>\n\n\n\n<p>Mit diesem kleinen Handbuch der K\u00e4rntner Osterkuriosit\u00e4ten sollten Sie f\u00fcr das kommende Fest rund ums Ei bestens ger\u00fcstet sein. Lasst euch die Osterjause schmecken und diese wunderbaren Traditionen auf der Zunge zergehen. Wir w\u00fcnschen euch allen: Frohe Ostern und einen braven Osterhasen!<\/p>\n","protected":false},"excerpt":{"rendered":"<p>Osterfeuer Land auf Land ab, Palmbuschentragen oder ein deftiges Festessen nach der kargen Fastenzeit geh\u00f6ren fast im gesamten deutschsprachigen Raum zum fixen Osterprogramm. Allerdings findet man in vielen Winkeln K\u00e4rntens so manche skurrile Osterbr\u00e4uche, die dem Fest einen ganz eigenen Charakter verleihen.<\/p>\n","protected":false},"author":27,"featured_media":15803,"comment_status":"closed","ping_status":"closed","sticky":false,"template":"","format":"standard","meta":{"footnotes":""},"categories":[15],"tags":[637],"class_list":["post-34919","post","type-post","status-publish","format-standard","has-post-thumbnail","hentry","category-kultur-festivals","tag-ostern"],"yoast_head":"<!-- This site is optimized with the Yoast SEO plugin v27.5 - https:\/\/yoast.com\/product\/yoast-seo-wordpress\/ -->\n<title>10 skurrile Osterbr\u00e4uche in K\u00e4rnten | visitklagenfurt<\/title>\n<meta name=\"description\" content=\"Erfahrt hier, auf welche skurrile Osterbr\u00e4uche man sich in K\u00e4rnten gefasst machen muss und wie man beim Praktizieren eine gute Figur macht.\" \/>\n<meta name=\"robots\" content=\"index, follow, max-snippet:-1, max-image-preview:large, max-video-preview:-1\" \/>\n<link rel=\"canonical\" href=\"https:\/\/www.visitklagenfurt.at\/de\/blog\/kultur-festivals\/skurrile-osterbraeuche-in-kaernten\/\" \/>\n<meta property=\"og:locale\" content=\"de_DE\" \/>\n<meta property=\"og:type\" content=\"article\" \/>\n<meta property=\"og:title\" content=\"10 skurrile Osterbr\u00e4uche in K\u00e4rnten: Vom Gotensturz &amp; Eierpecken | visitklagenfurt\" \/>\n<meta property=\"og:description\" content=\"Erfahrt hier, auf welche skurrile Osterbr\u00e4uche man sich in K\u00e4rnten gefasst machen muss und wie man beim Praktizieren eine gute Figur macht.\" \/>\n<meta property=\"og:url\" content=\"https:\/\/www.visitklagenfurt.at\/de\/blog\/kultur-festivals\/skurrile-osterbraeuche-in-kaernten\/\" \/>\n<meta property=\"og:site_name\" content=\"visitklagenfurt\" \/>\n<meta property=\"article:published_time\" content=\"2022-04-08T06:33:40+00:00\" \/>\n<meta property=\"article:modified_time\" content=\"2026-03-09T09:55:10+00:00\" \/>\n<meta property=\"og:image\" content=\"https:\/\/www.visitklagenfurt.at\/wp-content\/uploads\/2021\/03\/Palmbuschen_cKW_Franz-Gerdl.jpg\" \/>\n\t<meta property=\"og:image:width\" content=\"4256\" \/>\n\t<meta property=\"og:image:height\" content=\"2832\" \/>\n\t<meta property=\"og:image:type\" content=\"image\/jpeg\" \/>\n<meta name=\"author\" content=\"Simon Martinschitz\" \/>\n<meta name=\"twitter:card\" content=\"summary_large_image\" \/>\n<meta name=\"twitter:label1\" content=\"Verfasst von\" \/>\n\t<meta name=\"twitter:data1\" content=\"Simon Martinschitz\" \/>\n\t<meta name=\"twitter:label2\" content=\"Gesch\u00e4tzte Lesezeit\" \/>\n\t<meta name=\"twitter:data2\" content=\"11\u00a0Minuten\" \/>\n<script type=\"application\/ld+json\" class=\"yoast-schema-graph\">{\"@context\":\"https:\\\/\\\/schema.org\",\"@graph\":[{\"@type\":\"Article\",\"@id\":\"https:\\\/\\\/www.visitklagenfurt.at\\\/de\\\/blog\\\/kultur-festivals\\\/skurrile-osterbraeuche-in-kaernten\\\/#article\",\"isPartOf\":{\"@id\":\"https:\\\/\\\/www.visitklagenfurt.at\\\/de\\\/blog\\\/kultur-festivals\\\/skurrile-osterbraeuche-in-kaernten\\\/\"},\"author\":{\"name\":\"Simon Martinschitz\",\"@id\":\"https:\\\/\\\/www.visitklagenfurt.at\\\/de\\\/#\\\/schema\\\/person\\\/7a9c6bc8d10c35a61c7a91c28742c063\"},\"headline\":\"10 skurrile Osterbr\u00e4uche in K\u00e4rnten: Vom Gotensturz &#038; Eierpecken\",\"datePublished\":\"2022-04-08T06:33:40+00:00\",\"dateModified\":\"2026-03-09T09:55:10+00:00\",\"mainEntityOfPage\":{\"@id\":\"https:\\\/\\\/www.visitklagenfurt.at\\\/de\\\/blog\\\/kultur-festivals\\\/skurrile-osterbraeuche-in-kaernten\\\/\"},\"wordCount\":1683,\"publisher\":{\"@id\":\"https:\\\/\\\/www.visitklagenfurt.at\\\/de\\\/#organization\"},\"image\":{\"@id\":\"https:\\\/\\\/www.visitklagenfurt.at\\\/de\\\/blog\\\/kultur-festivals\\\/skurrile-osterbraeuche-in-kaernten\\\/#primaryimage\"},\"thumbnailUrl\":\"https:\\\/\\\/www.visitklagenfurt.at\\\/wp-content\\\/uploads\\\/2021\\\/03\\\/Palmbuschen_cKW_Franz-Gerdl.jpg\",\"keywords\":[\"Ostern\"],\"articleSection\":[\"Kultur &amp; Festivals\"],\"inLanguage\":\"de\"},{\"@type\":\"WebPage\",\"@id\":\"https:\\\/\\\/www.visitklagenfurt.at\\\/de\\\/blog\\\/kultur-festivals\\\/skurrile-osterbraeuche-in-kaernten\\\/\",\"url\":\"https:\\\/\\\/www.visitklagenfurt.at\\\/de\\\/blog\\\/kultur-festivals\\\/skurrile-osterbraeuche-in-kaernten\\\/\",\"name\":\"10 skurrile Osterbr\u00e4uche in K\u00e4rnten | visitklagenfurt\",\"isPartOf\":{\"@id\":\"https:\\\/\\\/www.visitklagenfurt.at\\\/de\\\/#website\"},\"primaryImageOfPage\":{\"@id\":\"https:\\\/\\\/www.visitklagenfurt.at\\\/de\\\/blog\\\/kultur-festivals\\\/skurrile-osterbraeuche-in-kaernten\\\/#primaryimage\"},\"image\":{\"@id\":\"https:\\\/\\\/www.visitklagenfurt.at\\\/de\\\/blog\\\/kultur-festivals\\\/skurrile-osterbraeuche-in-kaernten\\\/#primaryimage\"},\"thumbnailUrl\":\"https:\\\/\\\/www.visitklagenfurt.at\\\/wp-content\\\/uploads\\\/2021\\\/03\\\/Palmbuschen_cKW_Franz-Gerdl.jpg\",\"datePublished\":\"2022-04-08T06:33:40+00:00\",\"dateModified\":\"2026-03-09T09:55:10+00:00\",\"description\":\"Erfahrt hier, auf welche skurrile Osterbr\u00e4uche man sich in K\u00e4rnten gefasst machen muss und wie man beim Praktizieren eine gute Figur macht.\",\"breadcrumb\":{\"@id\":\"https:\\\/\\\/www.visitklagenfurt.at\\\/de\\\/blog\\\/kultur-festivals\\\/skurrile-osterbraeuche-in-kaernten\\\/#breadcrumb\"},\"inLanguage\":\"de\",\"potentialAction\":[{\"@type\":\"ReadAction\",\"target\":[\"https:\\\/\\\/www.visitklagenfurt.at\\\/de\\\/blog\\\/kultur-festivals\\\/skurrile-osterbraeuche-in-kaernten\\\/\"]}]},{\"@type\":\"ImageObject\",\"inLanguage\":\"de\",\"@id\":\"https:\\\/\\\/www.visitklagenfurt.at\\\/de\\\/blog\\\/kultur-festivals\\\/skurrile-osterbraeuche-in-kaernten\\\/#primaryimage\",\"url\":\"https:\\\/\\\/www.visitklagenfurt.at\\\/wp-content\\\/uploads\\\/2021\\\/03\\\/Palmbuschen_cKW_Franz-Gerdl.jpg\",\"contentUrl\":\"https:\\\/\\\/www.visitklagenfurt.at\\\/wp-content\\\/uploads\\\/2021\\\/03\\\/Palmbuschen_cKW_Franz-Gerdl.jpg\",\"width\":4256,\"height\":2832,\"caption\":\"(c) KW, Franz Gerdl\"},{\"@type\":\"BreadcrumbList\",\"@id\":\"https:\\\/\\\/www.visitklagenfurt.at\\\/de\\\/blog\\\/kultur-festivals\\\/skurrile-osterbraeuche-in-kaernten\\\/#breadcrumb\",\"itemListElement\":[{\"@type\":\"ListItem\",\"position\":1,\"name\":\"visitklagenfurt\",\"item\":\"https:\\\/\\\/www.visitklagenfurt.at\\\/de\\\/\"},{\"@type\":\"ListItem\",\"position\":2,\"name\":\"Blog\",\"item\":\"https:\\\/\\\/www.visitklagenfurt.at\\\/de\\\/category\\\/blog\\\/\"},{\"@type\":\"ListItem\",\"position\":3,\"name\":\"Kultur &amp; Festivals\",\"item\":\"https:\\\/\\\/www.visitklagenfurt.at\\\/de\\\/category\\\/blog\\\/kultur-festivals\\\/\"},{\"@type\":\"ListItem\",\"position\":4,\"name\":\"10 skurrile Osterbr\u00e4uche in K\u00e4rnten: Vom Gotensturz &#038; Eierpecken\"}]},{\"@type\":\"WebSite\",\"@id\":\"https:\\\/\\\/www.visitklagenfurt.at\\\/de\\\/#website\",\"url\":\"https:\\\/\\\/www.visitklagenfurt.at\\\/de\\\/\",\"name\":\"visitklagenfurt\",\"description\":\"\",\"publisher\":{\"@id\":\"https:\\\/\\\/www.visitklagenfurt.at\\\/de\\\/#organization\"},\"potentialAction\":[{\"@type\":\"SearchAction\",\"target\":{\"@type\":\"EntryPoint\",\"urlTemplate\":\"https:\\\/\\\/www.visitklagenfurt.at\\\/de\\\/?s={search_term_string}\"},\"query-input\":{\"@type\":\"PropertyValueSpecification\",\"valueRequired\":true,\"valueName\":\"search_term_string\"}}],\"inLanguage\":\"de\"},{\"@type\":\"Organization\",\"@id\":\"https:\\\/\\\/www.visitklagenfurt.at\\\/de\\\/#organization\",\"name\":\"Tourismus Region Klagenfurt am W\u00f6rthersee GmbH\",\"url\":\"https:\\\/\\\/www.visitklagenfurt.at\\\/de\\\/\",\"logo\":{\"@type\":\"ImageObject\",\"inLanguage\":\"de\",\"@id\":\"https:\\\/\\\/www.visitklagenfurt.at\\\/de\\\/#\\\/schema\\\/logo\\\/image\\\/\",\"url\":\"https:\\\/\\\/www.visitklagenfurt.at\\\/wp-content\\\/uploads\\\/2022\\\/03\\\/DT_K_Klagenfurt_S_RGB.png\",\"contentUrl\":\"https:\\\/\\\/www.visitklagenfurt.at\\\/wp-content\\\/uploads\\\/2022\\\/03\\\/DT_K_Klagenfurt_S_RGB.png\",\"width\":2082,\"height\":1511,\"caption\":\"Tourismus Region Klagenfurt am W\u00f6rthersee GmbH\"},\"image\":{\"@id\":\"https:\\\/\\\/www.visitklagenfurt.at\\\/de\\\/#\\\/schema\\\/logo\\\/image\\\/\"}},{\"@type\":\"Person\",\"@id\":\"https:\\\/\\\/www.visitklagenfurt.at\\\/de\\\/#\\\/schema\\\/person\\\/7a9c6bc8d10c35a61c7a91c28742c063\",\"name\":\"Simon Martinschitz\",\"image\":{\"@type\":\"ImageObject\",\"inLanguage\":\"de\",\"@id\":\"https:\\\/\\\/www.visitklagenfurt.at\\\/wp-content\\\/uploads\\\/2021\\\/05\\\/simon_martinschitz.jpg\",\"url\":\"https:\\\/\\\/www.visitklagenfurt.at\\\/wp-content\\\/uploads\\\/2021\\\/05\\\/simon_martinschitz.jpg\",\"contentUrl\":\"https:\\\/\\\/www.visitklagenfurt.at\\\/wp-content\\\/uploads\\\/2021\\\/05\\\/simon_martinschitz.jpg\",\"caption\":\"Simon Martinschitz\"},\"description\":\"Geboren in Villach, aufgewachsen im Gailtal. Zwischen Bachforellen &amp; Haselnussstauden. Studium der Kulturwissenschaften in Klagenfurt, Bilbao und Florenz. Zwischen kritischer Theorie &amp; Aperitivo. Texter und Kulturarbeiter in der freien K\u00e4rntner Szene. Zwischen Front Page &amp; Back Stage. Wortjongleur. Schauspieler. Musiker. Und \u00fcberzeugter Europ\u00e4er. Mit einer Schw\u00e4che f\u00fcr Brettljausen und Pintxos. Zwischen denen ich mich nicht entscheiden m\u00fcssen m\u00f6chte.\",\"sameAs\":[\"https:\\\/\\\/martinschitz.at\\\/\"],\"url\":\"https:\\\/\\\/www.visitklagenfurt.at\\\/de\\\/author\\\/simon_martinschitz\\\/\"}]}<\/script>\n<!-- \/ Yoast SEO plugin. -->","yoast_head_json":{"title":"10 skurrile Osterbr\u00e4uche in K\u00e4rnten | visitklagenfurt","description":"Erfahrt hier, auf welche skurrile Osterbr\u00e4uche man sich in K\u00e4rnten gefasst machen muss und wie man beim Praktizieren eine gute Figur macht.","robots":{"index":"index","follow":"follow","max-snippet":"max-snippet:-1","max-image-preview":"max-image-preview:large","max-video-preview":"max-video-preview:-1"},"canonical":"https:\/\/www.visitklagenfurt.at\/de\/blog\/kultur-festivals\/skurrile-osterbraeuche-in-kaernten\/","og_locale":"de_DE","og_type":"article","og_title":"10 skurrile Osterbr\u00e4uche in K\u00e4rnten: Vom Gotensturz & Eierpecken | visitklagenfurt","og_description":"Erfahrt hier, auf welche skurrile Osterbr\u00e4uche man sich in K\u00e4rnten gefasst machen muss und wie man beim Praktizieren eine gute Figur macht.","og_url":"https:\/\/www.visitklagenfurt.at\/de\/blog\/kultur-festivals\/skurrile-osterbraeuche-in-kaernten\/","og_site_name":"visitklagenfurt","article_published_time":"2022-04-08T06:33:40+00:00","article_modified_time":"2026-03-09T09:55:10+00:00","og_image":[{"width":4256,"height":2832,"url":"https:\/\/www.visitklagenfurt.at\/wp-content\/uploads\/2021\/03\/Palmbuschen_cKW_Franz-Gerdl.jpg","type":"image\/jpeg"}],"author":"Simon Martinschitz","twitter_card":"summary_large_image","twitter_misc":{"Verfasst von":"Simon Martinschitz","Gesch\u00e4tzte Lesezeit":"11\u00a0Minuten"},"schema":{"@context":"https:\/\/schema.org","@graph":[{"@type":"Article","@id":"https:\/\/www.visitklagenfurt.at\/de\/blog\/kultur-festivals\/skurrile-osterbraeuche-in-kaernten\/#article","isPartOf":{"@id":"https:\/\/www.visitklagenfurt.at\/de\/blog\/kultur-festivals\/skurrile-osterbraeuche-in-kaernten\/"},"author":{"name":"Simon Martinschitz","@id":"https:\/\/www.visitklagenfurt.at\/de\/#\/schema\/person\/7a9c6bc8d10c35a61c7a91c28742c063"},"headline":"10 skurrile Osterbr\u00e4uche in K\u00e4rnten: Vom Gotensturz &#038; Eierpecken","datePublished":"2022-04-08T06:33:40+00:00","dateModified":"2026-03-09T09:55:10+00:00","mainEntityOfPage":{"@id":"https:\/\/www.visitklagenfurt.at\/de\/blog\/kultur-festivals\/skurrile-osterbraeuche-in-kaernten\/"},"wordCount":1683,"publisher":{"@id":"https:\/\/www.visitklagenfurt.at\/de\/#organization"},"image":{"@id":"https:\/\/www.visitklagenfurt.at\/de\/blog\/kultur-festivals\/skurrile-osterbraeuche-in-kaernten\/#primaryimage"},"thumbnailUrl":"https:\/\/www.visitklagenfurt.at\/wp-content\/uploads\/2021\/03\/Palmbuschen_cKW_Franz-Gerdl.jpg","keywords":["Ostern"],"articleSection":["Kultur &amp; Festivals"],"inLanguage":"de"},{"@type":"WebPage","@id":"https:\/\/www.visitklagenfurt.at\/de\/blog\/kultur-festivals\/skurrile-osterbraeuche-in-kaernten\/","url":"https:\/\/www.visitklagenfurt.at\/de\/blog\/kultur-festivals\/skurrile-osterbraeuche-in-kaernten\/","name":"10 skurrile Osterbr\u00e4uche in K\u00e4rnten | visitklagenfurt","isPartOf":{"@id":"https:\/\/www.visitklagenfurt.at\/de\/#website"},"primaryImageOfPage":{"@id":"https:\/\/www.visitklagenfurt.at\/de\/blog\/kultur-festivals\/skurrile-osterbraeuche-in-kaernten\/#primaryimage"},"image":{"@id":"https:\/\/www.visitklagenfurt.at\/de\/blog\/kultur-festivals\/skurrile-osterbraeuche-in-kaernten\/#primaryimage"},"thumbnailUrl":"https:\/\/www.visitklagenfurt.at\/wp-content\/uploads\/2021\/03\/Palmbuschen_cKW_Franz-Gerdl.jpg","datePublished":"2022-04-08T06:33:40+00:00","dateModified":"2026-03-09T09:55:10+00:00","description":"Erfahrt hier, auf welche skurrile Osterbr\u00e4uche man sich in K\u00e4rnten gefasst machen muss und wie man beim Praktizieren eine gute Figur macht.","breadcrumb":{"@id":"https:\/\/www.visitklagenfurt.at\/de\/blog\/kultur-festivals\/skurrile-osterbraeuche-in-kaernten\/#breadcrumb"},"inLanguage":"de","potentialAction":[{"@type":"ReadAction","target":["https:\/\/www.visitklagenfurt.at\/de\/blog\/kultur-festivals\/skurrile-osterbraeuche-in-kaernten\/"]}]},{"@type":"ImageObject","inLanguage":"de","@id":"https:\/\/www.visitklagenfurt.at\/de\/blog\/kultur-festivals\/skurrile-osterbraeuche-in-kaernten\/#primaryimage","url":"https:\/\/www.visitklagenfurt.at\/wp-content\/uploads\/2021\/03\/Palmbuschen_cKW_Franz-Gerdl.jpg","contentUrl":"https:\/\/www.visitklagenfurt.at\/wp-content\/uploads\/2021\/03\/Palmbuschen_cKW_Franz-Gerdl.jpg","width":4256,"height":2832,"caption":"(c) KW, Franz Gerdl"},{"@type":"BreadcrumbList","@id":"https:\/\/www.visitklagenfurt.at\/de\/blog\/kultur-festivals\/skurrile-osterbraeuche-in-kaernten\/#breadcrumb","itemListElement":[{"@type":"ListItem","position":1,"name":"visitklagenfurt","item":"https:\/\/www.visitklagenfurt.at\/de\/"},{"@type":"ListItem","position":2,"name":"Blog","item":"https:\/\/www.visitklagenfurt.at\/de\/category\/blog\/"},{"@type":"ListItem","position":3,"name":"Kultur &amp; Festivals","item":"https:\/\/www.visitklagenfurt.at\/de\/category\/blog\/kultur-festivals\/"},{"@type":"ListItem","position":4,"name":"10 skurrile Osterbr\u00e4uche in K\u00e4rnten: Vom Gotensturz &#038; Eierpecken"}]},{"@type":"WebSite","@id":"https:\/\/www.visitklagenfurt.at\/de\/#website","url":"https:\/\/www.visitklagenfurt.at\/de\/","name":"visitklagenfurt","description":"","publisher":{"@id":"https:\/\/www.visitklagenfurt.at\/de\/#organization"},"potentialAction":[{"@type":"SearchAction","target":{"@type":"EntryPoint","urlTemplate":"https:\/\/www.visitklagenfurt.at\/de\/?s={search_term_string}"},"query-input":{"@type":"PropertyValueSpecification","valueRequired":true,"valueName":"search_term_string"}}],"inLanguage":"de"},{"@type":"Organization","@id":"https:\/\/www.visitklagenfurt.at\/de\/#organization","name":"Tourismus Region Klagenfurt am W\u00f6rthersee GmbH","url":"https:\/\/www.visitklagenfurt.at\/de\/","logo":{"@type":"ImageObject","inLanguage":"de","@id":"https:\/\/www.visitklagenfurt.at\/de\/#\/schema\/logo\/image\/","url":"https:\/\/www.visitklagenfurt.at\/wp-content\/uploads\/2022\/03\/DT_K_Klagenfurt_S_RGB.png","contentUrl":"https:\/\/www.visitklagenfurt.at\/wp-content\/uploads\/2022\/03\/DT_K_Klagenfurt_S_RGB.png","width":2082,"height":1511,"caption":"Tourismus Region Klagenfurt am W\u00f6rthersee GmbH"},"image":{"@id":"https:\/\/www.visitklagenfurt.at\/de\/#\/schema\/logo\/image\/"}},{"@type":"Person","@id":"https:\/\/www.visitklagenfurt.at\/de\/#\/schema\/person\/7a9c6bc8d10c35a61c7a91c28742c063","name":"Simon Martinschitz","image":{"@type":"ImageObject","inLanguage":"de","@id":"https:\/\/www.visitklagenfurt.at\/wp-content\/uploads\/2021\/05\/simon_martinschitz.jpg","url":"https:\/\/www.visitklagenfurt.at\/wp-content\/uploads\/2021\/05\/simon_martinschitz.jpg","contentUrl":"https:\/\/www.visitklagenfurt.at\/wp-content\/uploads\/2021\/05\/simon_martinschitz.jpg","caption":"Simon Martinschitz"},"description":"Geboren in Villach, aufgewachsen im Gailtal. Zwischen Bachforellen &amp; Haselnussstauden. Studium der Kulturwissenschaften in Klagenfurt, Bilbao und Florenz. Zwischen kritischer Theorie &amp; Aperitivo. Texter und Kulturarbeiter in der freien K\u00e4rntner Szene. Zwischen Front Page &amp; Back Stage. Wortjongleur. Schauspieler. Musiker. Und \u00fcberzeugter Europ\u00e4er. Mit einer Schw\u00e4che f\u00fcr Brettljausen und Pintxos. Zwischen denen ich mich nicht entscheiden m\u00fcssen m\u00f6chte.","sameAs":["https:\/\/martinschitz.at\/"],"url":"https:\/\/www.visitklagenfurt.at\/de\/author\/simon_martinschitz\/"}]}},"_links":{"self":[{"href":"https:\/\/www.visitklagenfurt.at\/de\/wp-json\/wp\/v2\/posts\/34919","targetHints":{"allow":["GET"]}}],"collection":[{"href":"https:\/\/www.visitklagenfurt.at\/de\/wp-json\/wp\/v2\/posts"}],"about":[{"href":"https:\/\/www.visitklagenfurt.at\/de\/wp-json\/wp\/v2\/types\/post"}],"author":[{"embeddable":true,"href":"https:\/\/www.visitklagenfurt.at\/de\/wp-json\/wp\/v2\/users\/27"}],"replies":[{"embeddable":true,"href":"https:\/\/www.visitklagenfurt.at\/de\/wp-json\/wp\/v2\/comments?post=34919"}],"version-history":[{"count":24,"href":"https:\/\/www.visitklagenfurt.at\/de\/wp-json\/wp\/v2\/posts\/34919\/revisions"}],"predecessor-version":[{"id":77863,"href":"https:\/\/www.visitklagenfurt.at\/de\/wp-json\/wp\/v2\/posts\/34919\/revisions\/77863"}],"wp:featuredmedia":[{"embeddable":true,"href":"https:\/\/www.visitklagenfurt.at\/de\/wp-json\/wp\/v2\/media\/15803"}],"wp:attachment":[{"href":"https:\/\/www.visitklagenfurt.at\/de\/wp-json\/wp\/v2\/media?parent=34919"}],"wp:term":[{"taxonomy":"category","embeddable":true,"href":"https:\/\/www.visitklagenfurt.at\/de\/wp-json\/wp\/v2\/categories?post=34919"},{"taxonomy":"post_tag","embeddable":true,"href":"https:\/\/www.visitklagenfurt.at\/de\/wp-json\/wp\/v2\/tags?post=34919"}],"curies":[{"name":"wp","href":"https:\/\/api.w.org\/{rel}","templated":true}]}}