{"id":36035,"date":"2022-05-16T11:11:52","date_gmt":"2022-05-16T09:11:52","guid":{"rendered":"https:\/\/www.visitklagenfurt.at\/?p=36035"},"modified":"2022-05-23T12:57:35","modified_gmt":"2022-05-23T10:57:35","slug":"klassik-konzerte-in-klagenfurt","status":"publish","type":"post","link":"https:\/\/www.visitklagenfurt.at\/de\/blog\/kultur-festivals\/klassik-konzerte-in-klagenfurt\/","title":{"rendered":"8 Klassik Konzerte in Klagenfurt, die man in diesem Sommer nicht verpassen darf"},"content":{"rendered":"\n<p>Schon Gustav Mahler hatte seinerzeit erkannt, was f\u00fcr eine inspirierende Kraft dem W\u00f6rthersee innewohnt. Nicht umsonst lie\u00df er sich sein ber\u00fchmtes <a href=\"https:\/\/www.visitklagenfurt.at\/de\/kultur-und-festivals\/theater\/alle-theater\/gustav-mahler-komponierhaeuschen\/\">Komponierh\u00e4uschen<\/a> ans S\u00fcdufer bauen, um sich dort intensiv dem Komponieren hinzugeben. Das einstige Arbeitsdomizil ist neben der nach ihm benannten <a href=\"https:\/\/www.gmpu.ac.at\/\">Gustav Mahler Privatuniversit\u00e4t f\u00fcr Musik<\/a> eine der wenigen Spuren, die Mahler in Klagenfurt hinterlassen hat. Doch das bedeutet keinesfalls, dass es nunmehr still um den See geworden ist!<\/p>\n\n\n\n<p>Die Eleganz und Zeitlosigkeit der klassischen Musik versetzen den W\u00f6rthersee nach wie vor in Schwingung und kulminieren in einer Konzertsaison mit \u00fcberw\u00e4ltigenden Orchestern, mitrei\u00dfender Kammermusik und herausragenden Solistinnen und Solisten. <\/p>\n\n\n\n<p>Ausgehend von klassischen Komponisten wie Mozart, Brahms und Haydn m\u00e4andert das Programm durch die europ\u00e4ischen Musiktraditionen, l\u00e4dt das Publikum ein auf eine Reise in orientalische Welten, um alsdann in der Gegenwart bei einem Vodka Martini an der Hotelbar anzukommen. Welche Klassik Konzerte in Klagenfurt auch wir in n\u00e4chster Zeit nicht verpassen wollen, haben wir euch in diesem Beitrag zusammengefasst.&nbsp;<\/p>\n\n\n\n<h2 class=\"wp-block-heading\" id=\"h-1-worthersee-classics-festival\">1. W\u00f6rthersee Classics Festival<\/h2>\n\n\n\n<p><strong>9. bis 12. Juni 2022 | Konzerthaus Klagenfurt<\/strong><\/p>\n\n\n\n<p>Das <a href=\"https:\/\/woertherseeclassics.com\/\">W\u00f6rthersee Classics Festival<\/a> besticht seit zwanzig Jahren mit einem unverwechselbaren Konzept und einer kompromisslosen, k\u00fcnstlerischen Linie. Im Mittelpunkt des Festivals stehen f\u00fcnf Komponisten, die Zeit ihres Lebens eng mit dem W\u00f6rthersee verbunden waren: Gustav Mahler, Alban Berg, Anton von Webern, Johannes Brahms und Hugo Wolf.<\/p>\n\n\n\n<p>Dar\u00fcber hinaus bespielt das Festival die R\u00e4umlichkeiten des Konzerthauses Klagenfurt regelm\u00e4\u00dfig mit hochkar\u00e4tigen Kompositionen internationaler Komponisten verschiedener Epochen. In diesem feierlichen Rahmen gaben sich bereits weltweit gefeierte Stars wie Riccardo Muti, das Royal Philharmonic Orchestra oder die Wiener Philharmoniker ein Stelldichein am W\u00f6rthersee.<\/p>\n\n\n\n<p>Gleichzeitig versteht sich das Festival als Forum f\u00fcr zeitgen\u00f6ssische Kompositione. So ist heuer etwa Franz Ferdinand August Rieks, der gefeierte Star der jungen deutschen Komponistengeneration, zu Gast in Klagenfurt. Dieses erfrischende Konzept und ein abwechslungsreiches Programm an den vier Festivaltagen sind ein absolutes Highlight im heurigen Klagenfurter Konzertsommer.<\/p>\n\n\n\n<div class=\"wp-block-buttons is-layout-flex wp-block-buttons-is-layout-flex\">\n<div class=\"wp-block-button\"><a class=\"wp-block-button__link\" href=\"https:\/\/www.oeticket.com\/artist\/woerthersee-classics-festival\/\">Ticket kaufen<\/a><\/div>\n<\/div>\n\n\n\n<p><\/p>\n\n\n\n<figure class=\"wp-block-gallery has-nested-images columns-2 is-cropped wp-block-gallery-1 is-layout-flex wp-block-gallery-is-layout-flex\">\n<figure class=\"wp-block-image size-large\"><a href=\"https:\/\/www.visitklagenfurt.at\/wp-content\/uploads\/2022\/05\/csm_Eroeffnungskonzert_e9575c6d26.jpg\"><img fetchpriority=\"high\" decoding=\"async\" width=\"1000\" height=\"668\" data-id=\"36058\" src=\"https:\/\/www.visitklagenfurt.at\/wp-content\/uploads\/2022\/05\/csm_Eroeffnungskonzert_e9575c6d26.jpg\" alt=\"Orchester mit Streichern und Bl\u00e4sern beim Klassik Konzert im Rahmen des W\u00f6rthersee Classics Festivals\" class=\"wp-image-36058\"\/><\/a><\/figure>\n\n\n\n<figure class=\"wp-block-image size-large\"><a href=\"https:\/\/www.visitklagenfurt.at\/wp-content\/uploads\/2022\/05\/csm_Zu_Ehren_der_Stadt_Klagenfurt_8fa7ba768b.jpg\"><img decoding=\"async\" width=\"1000\" height=\"667\" data-id=\"36066\" src=\"https:\/\/www.visitklagenfurt.at\/wp-content\/uploads\/2022\/05\/csm_Zu_Ehren_der_Stadt_Klagenfurt_8fa7ba768b.jpg\" alt=\"Orchester beim Klassik Konzert im Rahmen des W\u00f6rthersee Classics Festivals\" class=\"wp-image-36066\"\/><\/a><\/figure>\n\n\n\n<figure class=\"wp-block-image size-large\"><a href=\"https:\/\/www.visitklagenfurt.at\/wp-content\/uploads\/2022\/05\/csm_Im_Spiel_-_Elena_Denisova__Tao_Fan__Gustav_Mahler_Ensemble_9bbec35fa6.jpg\"><img decoding=\"async\" width=\"1000\" height=\"750\" data-id=\"36062\" src=\"https:\/\/www.visitklagenfurt.at\/wp-content\/uploads\/2022\/05\/csm_Im_Spiel_-_Elena_Denisova__Tao_Fan__Gustav_Mahler_Ensemble_9bbec35fa6.jpg\" alt=\"Solistin in rotem Kleid beim Geigespielen bei Konzert im Rahmen des W\u00f6rthersee Classics Festivals\" class=\"wp-image-36062\"\/><\/a><figcaption>(c) Woerthersee Classics Festival<\/figcaption><\/figure>\n<\/figure>\n\n\n\n<h2 class=\"wp-block-heading\" id=\"h-2-an-evening-with-james-bond-im-konzerthaus-klagenfurt\">2. An Evening with James Bond im Konzerthaus Klagenfurt<\/h2>\n\n\n\n<p><strong>15. Juni 2022, 19.30 Uhr | Konzerthaus Klagenfurt<\/strong><\/p>\n\n\n\n<p>Die meiste Zeit des Jahres spielt das Sinfonieorchester des Landes K\u00e4rnten vor Blicken gut gesch\u00fctzt aus dem Orchestergraben des Stadttheaters Klagenfurt. Doch wenn die Damen und Herren des Ensembles unter der Leitung von Nicholas Milton ihre Deckung verlassen und selbst auf die B\u00fchne treten, dann hat das meist einen ganz besonderen Grund.<\/p>\n\n\n\n<p>Wie etwa am 15. Juni, wenn dem K\u00e4rntner Sinfonieorchester die Welt der Oper nicht genug ist und es deshalb im Auftrag Ihrer Majest\u00e4t zu einem Abend voller Filmmusik aus der James Bond-Reihe l\u00e4dt.&nbsp;<\/p>\n\n\n\n<p>Nat\u00fcrlich darf in solch einem Ambiente auch das richtige Bond Girl nicht fehlen: Die stimmgewaltige britisch S\u00e4ngerin Mary Carewe begleitet das Orchester durch 60 Jahre Filmgeschichte. Also nichts wie rein in den feinen Zwirn! Die Konzerthausbar kredenzt auch gerne einen stilechten Longdrink \u2013 nat\u00fcrlich gesch\u00fcttelt, nicht ger\u00fchrt.<\/p>\n\n\n\n<div class=\"wp-block-buttons is-layout-flex wp-block-buttons-is-layout-flex\">\n<div class=\"wp-block-button\"><a class=\"wp-block-button__link\" href=\"https:\/\/shop.jetticket.net\/stadttheater-klagenfurt\/SelectSeats?ret=2&amp;e=5839\">Ticket kaufen<\/a><\/div>\n<\/div>\n\n\n\n<p><\/p>\n\n\n\n<figure class=\"wp-block-gallery has-nested-images columns-default is-cropped wp-block-gallery-2 is-layout-flex wp-block-gallery-is-layout-flex\">\n<figure class=\"wp-block-image size-large\"><a href=\"https:\/\/www.visitklagenfurt.at\/wp-content\/uploads\/2022\/05\/JamesBond_c_Saarla\u0308ndisches_Staatstheater-2.jpg\"><img loading=\"lazy\" decoding=\"async\" width=\"1020\" height=\"680\" data-id=\"36145\" src=\"https:\/\/www.visitklagenfurt.at\/wp-content\/uploads\/2022\/05\/JamesBond_c_Saarla\u0308ndisches_Staatstheater-2.jpg\" alt=\"Das James Bond Double des K\u00e4rntner Sinfonieorchesters mit einem Martini in Vorbereitung auf das Klassik Konzert &quot;An Evening mit James Bond&quot;\" class=\"wp-image-36145\"\/><\/a><figcaption>(c) Saarl\u00e4ndisches Staatstheater<\/figcaption><\/figure>\n<\/figure>\n\n\n\n<h2 class=\"wp-block-heading\" id=\"h-3-salonorchester-alhambra-bei-klassik-im-burghof\">3. Salonorchester Alhambra bei Klassik im Burghof<\/h2>\n\n\n\n<p><strong>18. Juni 2022, 11.00 Uhr | Burghof<\/strong><\/p>\n\n\n\n<p>Wenn sich die zw\u00f6lf schmucken Herren des Salonorchesters Alhambra in Schalen zw\u00e4ngen, kann man sicher sein, dass es gleich hei\u00df hergehen wird. In einer bet\u00f6renden Performance lassen die Musiker das Liedgut der 1920er und 30er Jahre nicht nur wieder aufleben, sondern zelebrieren es geradezu. Das Salonorchester Alhambra spielt im Rahmen der Konzertreihe <a href=\"https:\/\/www.klassikinklagenfurt.at\/\">Klassik im Burghof<\/a>.<\/p>\n\n\n\n<p>Vom kleinen, gr\u00fcnen Kaktus bis zur reizenden Donna Clara entf\u00fchrt das Salonorchester Alhambra sein Publikum in das goldene Zeitalter der stilvoll durchgefeierten N\u00e4chte und des unbeschwerten Lebensgef\u00fchls.<\/p>\n\n\n\n<p>Musikalisch gibt der Swing den Ton an, wie er zur damaligen Zeit in den Berliner Tanzlokalen gespielt wurde und dort zu einer ganz eigenen Auspr\u00e4gung fand. Anl\u00e4sslich dieser Rhythmen d\u00fcrfen im ger\u00e4umigen Innenhof der Klagenfurter Burg selbstverst\u00e4ndlich auch die H\u00fcften geschwungen werden!<\/p>\n\n\n\n<div class=\"wp-block-buttons is-layout-flex wp-block-buttons-is-layout-flex\">\n<div class=\"wp-block-button\"><a class=\"wp-block-button__link\" href=\"https:\/\/www.klassikinklagenfurt.at\/#abonnements-section\">Ticket kaufen<\/a><\/div>\n<\/div>\n\n\n\n<p><\/p>\n\n\n\n<figure class=\"wp-block-gallery has-nested-images columns-default is-cropped wp-block-gallery-3 is-layout-flex wp-block-gallery-is-layout-flex\">\n<figure class=\"wp-block-image size-large\"><img loading=\"lazy\" decoding=\"async\" width=\"750\" height=\"651\" data-id=\"36442\" src=\"https:\/\/www.visitklagenfurt.at\/wp-content\/uploads\/2022\/05\/salonorchesteralhambra.png\" alt=\"Salonorchester Alhambra mit ihren Instrumenten in Vorbereitung auf die Konzertreihe Klassik im Burghof und einen Abend voller Swing-Klassiker\" class=\"wp-image-36442\"\/><figcaption>(c) Klassik im Burghof<\/figcaption><\/figure>\n<\/figure>\n\n\n\n<h2 class=\"wp-block-heading\" id=\"h-4-galakonzert-der-militarmusik-karnten\">4. Galakonzert der Milit\u00e4rmusik K\u00e4rnten <\/h2>\n\n\n\n<p><strong>8. Juli 2022, 19.30 Uhr | Konzerthaus Klagenfurt<\/strong> | <strong>Benefizveranstaltung<\/strong><\/p>\n\n\n\n<p>Die Milit\u00e4rmusik K\u00e4rnten geh\u00f6rt nicht nur national, sondern europaweit zu den Eliten der Konzertblasorchester und sorgt in ihrer Funktion als Repr\u00e4sentationskapelle des \u00f6sterreichischen Bundesheeres bei offiziellen Anl\u00e4ssen regelm\u00e4\u00dfig f\u00fcr einen festlichen Rahmen. Dass die K\u00e4rntner Milit\u00e4rmusik nicht nur stramm gestanden eine gute Figur macht, beweist das Orchester bei seinen zahlreichen Auftritten in zivilem Ambiente.<\/p>\n\n\n\n<p>Vor dem Hintergrund der gro\u00dfen alt-\u00f6sterreichischen Milit\u00e4rmusiktradition verf\u00fcgt das Orchester unter der Leitung von Oberst Dietmar Prantner \u00fcber ein vielseitiges Repertoire. Dazu z\u00e4hlen etwa St\u00fccke aus der Zeit der franz\u00f6sischen Revolution \u00fcber die der gro\u00dfen Autoren des 19. und 20. Jahrhunderts bis zur Unterhaltungsmusik der heutigen Zeit reicht. So wird bei speziellen Anl\u00e4ssen die Marschformation kurzerhand gegen eine Big-Band-Besetzung getauscht, in der schwungvolle Takte angeschlagen werden.<\/p>\n\n\n\n<p>Am 8. Juli darf man sich auf ein festliches Galakonzert mit fulminantem Programm freuen \u2013 und das alles im Zeichen des guten Zweckes: die Konzerteinnahmen kommen der Aktion \u201eDie Krone hilft\u201c zugute.<\/p>\n\n\n\n<p>Ticket erh\u00e4ltlich bei: Ruefa Reiseb\u00fcro<br>Adresse: Neuer Platz 2, 9020 Klagenfurt am W\u00f6rthersee, <br>Telefon: +43 463 56 400 19<\/p>\n\n\n\n<figure class=\"wp-block-embed is-type-video is-provider-youtube wp-block-embed-youtube wp-embed-aspect-16-9 wp-has-aspect-ratio\"><div class=\"wp-block-embed__wrapper\">\n <div class=\"brlbs-cmpnt-container brlbs-cmpnt-content-blocker brlbs-cmpnt-with-individual-styles\" data-borlabs-cookie-content-blocker-id=\"youtube-content-blocker\" data-borlabs-cookie-content=\"PGlmcmFtZSB0aXRsZT0iJnF1b3Q7RGllIEJpZyBCYW5kIGRlciBNaWxpdMOkcm11c2lrIEvDpHJudGVuIGZlYXQuIFVkbyBKw7xyZ2VucyBsaXZlIGluIGNvbmNlcnQmcXVvdDsiIHdpZHRoPSI4MDAiIGhlaWdodD0iNDUwIiBzcmM9Imh0dHBzOi8vd3d3LnlvdXR1YmUtbm9jb29raWUuY29tL2VtYmVkLzQybDRvemRWRzFBP2ZlYXR1cmU9b2VtYmVkIiBmcmFtZWJvcmRlcj0iMCIgYWxsb3c9ImFjY2VsZXJvbWV0ZXI7IGF1dG9wbGF5OyBjbGlwYm9hcmQtd3JpdGU7IGVuY3J5cHRlZC1tZWRpYTsgZ3lyb3Njb3BlOyBwaWN0dXJlLWluLXBpY3R1cmUiIGFsbG93ZnVsbHNjcmVlbj48L2lmcmFtZT4=\"><div class=\"brlbs-cmpnt-cb-preset-c brlbs-cmpnt-cb-youtube\"> <div class=\"brlbs-cmpnt-cb-thumbnail\" style=\"background-image: url('https:\/\/www.visitklagenfurt.at\/wp-content\/uploads\/borlabs-cookie\/1\/yt_42l4ozdVG1A_hqdefault.jpg')\"><\/div> <div class=\"brlbs-cmpnt-cb-main\"> <div class=\"brlbs-cmpnt-cb-play-button\"><\/div> <div class=\"brlbs-cmpnt-cb-content\"> <p class=\"brlbs-cmpnt-cb-description\">Sie sehen gerade einen Platzhalterinhalt von <strong>YouTube<\/strong>. Um auf den eigentlichen Inhalt zuzugreifen, klicken Sie auf die Schaltfl\u00e4che unten. Bitte beachten Sie, dass dabei Daten an Drittanbieter weitergegeben werden.<\/p> <a class=\"brlbs-cmpnt-cb-provider-toggle\" href=\"#\" data-borlabs-cookie-show-provider-information role=\"button\">Mehr Informationen<\/a> <\/div> <div class=\"brlbs-cmpnt-cb-buttons\"> <a class=\"brlbs-cmpnt-cb-btn\" href=\"#\" data-borlabs-cookie-unblock role=\"button\">Inhalt entsperren<\/a> <a class=\"brlbs-cmpnt-cb-btn\" href=\"#\" data-borlabs-cookie-accept-service role=\"button\" style=\"display: inherit\">Erforderlichen Service akzeptieren und Inhalte entsperren<\/a> <\/div> <\/div> <\/div><\/div>\n<\/div><\/figure>\n\n\n\n<h2 class=\"wp-block-heading\" id=\"h-5-die-kolophonistinnen-bei-klassik-im-burghof\">5. Die Kolophonistinnen bei &#8222;Klassik im Burghof&#8220;<\/h2>\n\n\n\n<p><strong>16. Juli 2022, 11.00 Uhr | Burghof<\/strong><\/p>\n\n\n\n<p>Die Kolophonistinnen spielen im Rahmen der Konzertreihe <a href=\"https:\/\/www.klassikinklagenfurt.at\/\">Klassik im Burghof<\/a>. Bei diesem jungen Wiener Celloquartett ist der Name Programm, denn das Kolophonium bezeichnet jenes bernsteinfarbene Baumharz, das die Haftreibung zwischen Bogen und Saite erzeugt und so den wunderbaren Klang der Celli so \u00fcberhaupt erst m\u00f6glich macht.<\/p>\n\n\n\n<p>Besagter Klang steht beim Klagenfurt Konzert der vier Musikerinnen ganz im Zeichen des Tanzes. Unter dem Motto \u201ePas de Quatre \u2013 Die Kolophonistinnen tanzen auf\u201c widmet sich das Quartett einer handverlesenen Auswahl von St\u00fccken der Tanzmusik.<\/p>\n\n\n\n<p>Teils eigens f\u00fcr dieses Programm arrangiert trifft dabei Polka auf Ballett und der Donauwalzer wechselt sich mit einem flotten Tango ab. So stehen neben Johann Strau\u00df Sohn, Gabriel Faur\u00e9 und Joseph Jongen auch Eduard P\u00fctz oder Wilhelm Fitzenhagen auf dem Programm. Absolut erlebenswert!<\/p>\n\n\n\n<div class=\"wp-block-buttons is-layout-flex wp-block-buttons-is-layout-flex\">\n<div class=\"wp-block-button\"><a class=\"wp-block-button__link\" href=\"https:\/\/www.klassikinklagenfurt.at\/#abonnements-section\">Ticket kaufen<\/a><\/div>\n<\/div>\n\n\n\n<p><\/p>\n\n\n\n<figure class=\"wp-block-gallery has-nested-images columns-default is-cropped wp-block-gallery-4 is-layout-flex wp-block-gallery-is-layout-flex\">\n<figure class=\"wp-block-image size-full\"><img loading=\"lazy\" decoding=\"async\" width=\"1735\" height=\"1365\" data-id=\"36451\" src=\"https:\/\/www.visitklagenfurt.at\/wp-content\/uploads\/2022\/05\/kolophonistinnen.jpg\" alt=\"Quartett der Kolophonistinnen, die im Rahmen der Konzertreihe &quot;Klassik im Burghof&quot; auftreten werden\" class=\"wp-image-36451\"\/><figcaption>(c) Klassik im Burghof<\/figcaption><\/figure>\n<\/figure>\n\n\n\n<h2 class=\"wp-block-heading\" id=\"h-6-piano-meets-algerian-chaabi\">6. Piano meets Algerian Cha\u00e2bi<\/h2>\n\n\n\n<p><strong>23. Juli 2022, 20.00 Uhr | Freskensaal &#8211; Arkadenhof Stift Viktring<\/strong><\/p>\n\n\n\n<p>Das <a href=\"https:\/\/musikforum.at\/\">Musikforum Viktring<\/a> pr\u00e4sentiert mit der Kombination von Barockmusik und Cha\u00e2bi, der traditionellen algerischen Volksmusik &#8211; eine ungemein spannende Gegen\u00fcberstellung von Kl\u00e4ngen aus zwei grundverschiedenen Kulturkreisen.<\/p>\n\n\n\n<p>Einmal in der puren Form, mit St\u00fccken von J.S.Bach und Domenico Scarlatti, klassisch vorgetragen von der Wiener Pianistin Sabina Hasanova. Und einmal durch den Filter des zeitgem\u00e4\u00dfen Jazz betrachtet und neu interpretiert durch die Gruppe Azawan. Ankn\u00fcpfungspunkte zwischen diesen beiden Welten lassen sich wie so oft in der Form finden. Die barocke Suite auf der einen und jene der arabo-andalusischen Nouba auf der anderen Seite.<\/p>\n\n\n\n<p>Vor dem Klassik Konzert gibt Musikwissenschaftler und Azawan-Saxophonist Martin Guerpin im Park des Stifts Viktring eine Einf\u00fchrung in den Cha\u00e2bi, der sich von der rauen Seite der traditionellen Musik der Gelehrten im arabischen Andalusien zum festen Bestandteil der algerischen Kultur entwickelt hat.<\/p>\n\n\n\n<p> Ticket erh\u00e4ltlich bei: <a href=\"mailto:office@musikforum.at\">office@musikforum.at<\/a> oder +43 463 28 22 41<\/p>\n\n\n\n<figure class=\"wp-block-gallery has-nested-images columns-2 is-cropped wp-block-gallery-5 is-layout-flex wp-block-gallery-is-layout-flex\">\n<figure class=\"wp-block-image size-large\"><a href=\"https:\/\/www.visitklagenfurt.at\/wp-content\/uploads\/2022\/05\/4_SH\u00a9TimCavadini.jpg\"><img loading=\"lazy\" decoding=\"async\" width=\"680\" height=\"1020\" data-id=\"36072\" src=\"https:\/\/www.visitklagenfurt.at\/wp-content\/uploads\/2022\/05\/4_SH\u00a9TimCavadini.jpg\" alt=\"Portrait der Wiener Pianistin Sabina Hasanova\" class=\"wp-image-36072\"\/><\/a><figcaption>(c) Tim Cavadini<\/figcaption><\/figure>\n\n\n\n<figure class=\"wp-block-image size-large\"><a href=\"https:\/\/www.visitklagenfurt.at\/wp-content\/uploads\/2022\/05\/Freskensaal\u00a9Musikforum.jpg\"><img loading=\"lazy\" decoding=\"async\" width=\"1020\" height=\"791\" data-id=\"36085\" src=\"https:\/\/www.visitklagenfurt.at\/wp-content\/uploads\/2022\/05\/Freskensaal\u00a9Musikforum.jpg\" alt=\"Freskensaal des Arkadenhof Stift Viktring\" class=\"wp-image-36085\"\/><\/a><figcaption>(c) Musikforum<\/figcaption><\/figure>\n\n\n\n<figure class=\"wp-block-image size-large\"><a href=\"https:\/\/www.visitklagenfurt.at\/wp-content\/uploads\/2022\/05\/Azawan\u00a9Jerome-Aoustin.jpg\"><img loading=\"lazy\" decoding=\"async\" width=\"1020\" height=\"680\" data-id=\"36081\" src=\"https:\/\/www.visitklagenfurt.at\/wp-content\/uploads\/2022\/05\/Azawan\u00a9Jerome-Aoustin.jpg\" alt=\"Musiker-Gruppe Azawan\" class=\"wp-image-36081\"\/><\/a><figcaption>(c) J\u00e9r\u00f4me Aoustin<\/figcaption><\/figure>\n<\/figure>\n\n\n\n<h2 class=\"wp-block-heading\" id=\"h-7-konzertreihe-mit-pablo-sainz-villegas-jan-vogler\">7. Konzertreihe mit Pablo S\u00e1inz-Villegas &amp; Jan Vogler<\/h2>\n\n\n\n<p><strong>30. Juli 2022, 11.00 Uhr | Burghof<\/strong><\/p>\n\n\n\n<p>Pablo S\u00e1inz-Villegas &amp; Jan Vogler spielen im Rahmen der Konzertreihe <a href=\"https:\/\/www.klassikinklagenfurt.at\/\">Klassik im Burghof<\/a>. Gepriesen als \u201edie Seele der spanischen Gitarre\u201c, ist Pablo S\u00e1inz-Villegas zu einer weltweiten Sensation geworden. Er ist bekannt als der gro\u00dfe Gitarrist seiner Generation. Von der internationalen Presse als Nachfolger Andr\u00e9s Segovias gefeiert, avancierte der Ausnahmegitarrist zu einem internationalen Aush\u00e4ngeschild der spanischen Kultur.<\/p>\n\n\n\n<p>Ebenso ereignisreich liest sich auch die Vita des preisgekr\u00f6nten deutschen Cellisten Jan Vogler. Sein musikalisches Schaffen lotet regelm\u00e4\u00dfig die Klanggrenzen des Cellos aus. Vogler schafft es auch einen intensiven Dialog mit zeitgen\u00f6ssischen Komponisten und K\u00fcnstlern aufzubauen. So arbeitete er bereits mit renommierten Orchestern wie dem New York Philharmonic, Gewandhausorchester Leipzig, Deutschen Symphonie-Orchester Berlin und dem London Philharmonic Orchestra zusammen.<\/p>\n\n\n\n<p>Gemeinsam interpretieren die beiden Ausnahmemusiker Werke von Isaac Alb\u00e9niz, Manuel de Falla oder Johann Friedrich Burgm\u00fcller. Und nat\u00fcrlich darf auch hier eine Prise Bach nicht fehlen\u2026<\/p>\n\n\n\n<div class=\"wp-block-buttons is-layout-flex wp-block-buttons-is-layout-flex\">\n<div class=\"wp-block-button\"><a class=\"wp-block-button__link\" href=\"https:\/\/www.klassikinklagenfurt.at\/\">Ticket kaufen<\/a><\/div>\n<\/div>\n\n\n\n<p><\/p>\n\n\n\n<figure class=\"wp-block-gallery has-nested-images columns-default is-cropped wp-block-gallery-6 is-layout-flex wp-block-gallery-is-layout-flex\">\n<figure class=\"wp-block-image size-large\"><img loading=\"lazy\" decoding=\"async\" width=\"750\" height=\"384\" data-id=\"36447\" src=\"https:\/\/www.visitklagenfurt.at\/wp-content\/uploads\/2022\/05\/Jan-Vogler.png\" alt=\"Portrait von Pablo S\u00e1inz-Villegas un Jan Vogler\" class=\"wp-image-36447\"\/><figcaption>(c) Klassik im Burghof<\/figcaption><\/figure>\n<\/figure>\n\n\n\n<h2 class=\"wp-block-heading\" id=\"h-8-mario-gheorghiu-catalina-butcaru-martin-traxl\">8. Mario Gheorghiu, Catalina Butcaru, Martin Traxl<\/h2>\n\n\n\n<p><strong>3. September 2022, 11.00 Uhr | Burghof<\/strong><\/p>\n\n\n\n<p>Musikalischen Hochgenuss und anekdotische Backgroundinfos, das verspricht ein Konzertabend der ganz besonderen Art. Mario Gheorghiu, Solobratschist des ORF Radio-Symphonieorchesters Wien widmet sich gemeinsam mit der rum\u00e4nischen Pianistin Catalina Butcaru den Werken von Clara und Robert Schumann sowie Johannes Brahms.<\/p>\n\n\n\n<p>Die drei Komponistenpers\u00f6nlichkeiten verband eine tiefgehende Freundschaft, brachte doch der junge Brahms neuen Schaffensgeist ins Hause Schumann. Auch war es Robert Schumanns Zutun, auf das hin Brahms erst jene Aufmerksamkeit erhielt, die ihn zu Weltruhm f\u00fchren sollte.<\/p>\n\n\n\n<p>ORF-Kulturchef und Kulturmontag-Moderator Martin Traxl wird zwischen den St\u00fccken \u00fcber die spannende Beziehung dieser drei historisch bedeutenden Figuren sprechen. Auch sollen die jeweiligen Auswirkungen auf ihr musikalische Schaffen n\u00e4her beleuchten werden. Mario Gheorghiu, Catalina Butcaru und Martin Traxl treten<strong> <\/strong>im Rahmen der Konzertreihe <a href=\"https:\/\/www.klassikinklagenfurt.at\/\">Klassik im Burghof<\/a> auf.<\/p>\n\n\n\n<div class=\"wp-block-buttons is-layout-flex wp-block-buttons-is-layout-flex\">\n<div class=\"wp-block-button\"><a class=\"wp-block-button__link\" href=\"https:\/\/www.klassikinklagenfurt.at\/#abonnements-section\">Ticket kaufen<\/a><\/div>\n<\/div>\n\n\n\n<figure class=\"wp-block-embed is-type-video is-provider-youtube wp-block-embed-youtube wp-embed-aspect-16-9 wp-has-aspect-ratio\"><div class=\"wp-block-embed__wrapper\">\n <div class=\"brlbs-cmpnt-container brlbs-cmpnt-content-blocker brlbs-cmpnt-with-individual-styles\" data-borlabs-cookie-content-blocker-id=\"youtube-content-blocker\" data-borlabs-cookie-content=\"PGlmcmFtZSB0aXRsZT0iQ2F0YWxpbmEgQnV0Y2FydSBwbGF5cyBDaG9waW46IEludHJvZHVjdGlvbiAmYW1wOyBWYXJpYXRpb25zIG9wLjIgJnF1b3Q7TGEgY2kgZGFyZW0gbGEgbWFubyZxdW90OyBieSBXLkEuIE1vemFydCIgd2lkdGg9IjgwMCIgaGVpZ2h0PSI0NTAiIHNyYz0iaHR0cHM6Ly93d3cueW91dHViZS1ub2Nvb2tpZS5jb20vZW1iZWQvajlEYUhnLXFCNzg\/ZmVhdHVyZT1vZW1iZWQiIGZyYW1lYm9yZGVyPSIwIiBhbGxvdz0iYWNjZWxlcm9tZXRlcjsgYXV0b3BsYXk7IGNsaXBib2FyZC13cml0ZTsgZW5jcnlwdGVkLW1lZGlhOyBneXJvc2NvcGU7IHBpY3R1cmUtaW4tcGljdHVyZSIgYWxsb3dmdWxsc2NyZWVuPjwvaWZyYW1lPg==\"><div class=\"brlbs-cmpnt-cb-preset-c brlbs-cmpnt-cb-youtube\"> <div class=\"brlbs-cmpnt-cb-thumbnail\" style=\"background-image: url('https:\/\/www.visitklagenfurt.at\/wp-content\/uploads\/borlabs-cookie\/1\/yt_j9DaHg-qB78_hqdefault.jpg')\"><\/div> <div class=\"brlbs-cmpnt-cb-main\"> <div class=\"brlbs-cmpnt-cb-play-button\"><\/div> <div class=\"brlbs-cmpnt-cb-content\"> <p class=\"brlbs-cmpnt-cb-description\">Sie sehen gerade einen Platzhalterinhalt von <strong>YouTube<\/strong>. Um auf den eigentlichen Inhalt zuzugreifen, klicken Sie auf die Schaltfl\u00e4che unten. Bitte beachten Sie, dass dabei Daten an Drittanbieter weitergegeben werden.<\/p> <a class=\"brlbs-cmpnt-cb-provider-toggle\" href=\"#\" data-borlabs-cookie-show-provider-information role=\"button\">Mehr Informationen<\/a> <\/div> <div class=\"brlbs-cmpnt-cb-buttons\"> <a class=\"brlbs-cmpnt-cb-btn\" href=\"#\" data-borlabs-cookie-unblock role=\"button\">Inhalt entsperren<\/a> <a class=\"brlbs-cmpnt-cb-btn\" href=\"#\" data-borlabs-cookie-accept-service role=\"button\" style=\"display: inherit\">Erforderlichen Service akzeptieren und Inhalte entsperren<\/a> <\/div> <\/div> <\/div><\/div>\n<\/div><\/figure>\n\n\n\n<p>Die Klassik Konzerte in Klagenfurt gestalten sich ebenso vielseitig wie \u00fcberraschend und treffen in jeder Harmonie den richtigen Ton. Daher am besten schon jetzt Karten reservieren, denn so zeitlos die Musik, so verg\u00e4nglich das Kontingent.<\/p>\n","protected":false},"excerpt":{"rendered":"<p>Die Eleganz und Zeitlosigkeit der klassischen Musik kulminieren in Klagenfurt in einer Konzertsaison mit \u00fcberw\u00e4ltigenden Orchestern, mitrei\u00dfender Kammermusik und herausragenden Solistinnen und Solisten. Die besten Klassikkonzerte der Saison haben wir f\u00fcr euch herausgesucht.<\/p>\n","protected":false},"author":27,"featured_media":36051,"comment_status":"closed","ping_status":"closed","sticky":false,"template":"","format":"standard","meta":{"footnotes":""},"categories":[15],"tags":[645,41],"class_list":["post-36035","post","type-post","status-publish","format-standard","has-post-thumbnail","hentry","category-kultur-festivals","tag-konzerte","tag-kultur-und-festivals"],"yoast_head":"<!-- This site is optimized with the Yoast SEO plugin v27.5 - https:\/\/yoast.com\/product\/yoast-seo-wordpress\/ -->\n<title>8 Klassik Konzerte in Klagenfurt, die man in diesem Sommer nicht verpassen darf | visitklagenfurt<\/title>\n<meta name=\"description\" content=\"Die Eleganz und Zeitlosigkeit der klassischen Musik kulminieren in Klagenfurt in einer Konzertsaison mit \u00fcberw\u00e4ltigenden Orchestern, mitrei\u00dfender Kammermusik und herausragenden Solistinnen und Solisten. Die besten Klassikkonzerte der Saison haben wir f\u00fcr euch herausgesucht.\" \/>\n<meta name=\"robots\" content=\"index, follow, max-snippet:-1, max-image-preview:large, max-video-preview:-1\" \/>\n<link rel=\"canonical\" href=\"https:\/\/www.visitklagenfurt.at\/de\/blog\/kultur-festivals\/klassik-konzerte-in-klagenfurt\/\" \/>\n<meta property=\"og:locale\" content=\"de_DE\" \/>\n<meta property=\"og:type\" content=\"article\" \/>\n<meta property=\"og:title\" content=\"8 Klassik Konzerte in Klagenfurt, die man in diesem Sommer nicht verpassen darf | visitklagenfurt\" \/>\n<meta property=\"og:description\" content=\"Die besten Klassikkonzerte der Saison haben wir f\u00fcr euch herausgesucht.\" \/>\n<meta property=\"og:url\" content=\"https:\/\/www.visitklagenfurt.at\/de\/blog\/kultur-festivals\/klassik-konzerte-in-klagenfurt\/\" \/>\n<meta property=\"og:site_name\" content=\"visitklagenfurt\" \/>\n<meta property=\"article:published_time\" content=\"2022-05-16T09:11:52+00:00\" \/>\n<meta property=\"article:modified_time\" content=\"2022-05-23T10:57:35+00:00\" \/>\n<meta property=\"og:image\" content=\"https:\/\/www.visitklagenfurt.at\/wp-content\/uploads\/2022\/05\/pexels-pixabay-2108541.jpg\" \/>\n\t<meta property=\"og:image:width\" content=\"1280\" \/>\n\t<meta property=\"og:image:height\" content=\"853\" \/>\n\t<meta property=\"og:image:type\" content=\"image\/jpeg\" \/>\n<meta name=\"author\" content=\"Simon Martinschitz\" \/>\n<meta name=\"twitter:card\" content=\"summary_large_image\" \/>\n<meta name=\"twitter:label1\" content=\"Verfasst von\" \/>\n\t<meta name=\"twitter:data1\" content=\"Simon Martinschitz\" \/>\n\t<meta name=\"twitter:label2\" content=\"Gesch\u00e4tzte Lesezeit\" \/>\n\t<meta name=\"twitter:data2\" content=\"11\u00a0Minuten\" \/>\n<script type=\"application\/ld+json\" class=\"yoast-schema-graph\">{\"@context\":\"https:\\\/\\\/schema.org\",\"@graph\":[{\"@type\":\"Article\",\"@id\":\"https:\\\/\\\/www.visitklagenfurt.at\\\/de\\\/blog\\\/kultur-festivals\\\/klassik-konzerte-in-klagenfurt\\\/#article\",\"isPartOf\":{\"@id\":\"https:\\\/\\\/www.visitklagenfurt.at\\\/de\\\/blog\\\/kultur-festivals\\\/klassik-konzerte-in-klagenfurt\\\/\"},\"author\":{\"name\":\"Simon Martinschitz\",\"@id\":\"https:\\\/\\\/www.visitklagenfurt.at\\\/de\\\/#\\\/schema\\\/person\\\/7a9c6bc8d10c35a61c7a91c28742c063\"},\"headline\":\"8 Klassik Konzerte in Klagenfurt, die man in diesem Sommer nicht verpassen darf\",\"datePublished\":\"2022-05-16T09:11:52+00:00\",\"dateModified\":\"2022-05-23T10:57:35+00:00\",\"mainEntityOfPage\":{\"@id\":\"https:\\\/\\\/www.visitklagenfurt.at\\\/de\\\/blog\\\/kultur-festivals\\\/klassik-konzerte-in-klagenfurt\\\/\"},\"wordCount\":1528,\"publisher\":{\"@id\":\"https:\\\/\\\/www.visitklagenfurt.at\\\/de\\\/#organization\"},\"image\":{\"@id\":\"https:\\\/\\\/www.visitklagenfurt.at\\\/de\\\/blog\\\/kultur-festivals\\\/klassik-konzerte-in-klagenfurt\\\/#primaryimage\"},\"thumbnailUrl\":\"https:\\\/\\\/www.visitklagenfurt.at\\\/wp-content\\\/uploads\\\/2022\\\/05\\\/pexels-pixabay-2108541.jpg\",\"keywords\":[\"Konzerte\",\"Kultur &amp; Festivals\"],\"articleSection\":[\"Kultur &amp; Festivals\"],\"inLanguage\":\"de\"},{\"@type\":\"WebPage\",\"@id\":\"https:\\\/\\\/www.visitklagenfurt.at\\\/de\\\/blog\\\/kultur-festivals\\\/klassik-konzerte-in-klagenfurt\\\/\",\"url\":\"https:\\\/\\\/www.visitklagenfurt.at\\\/de\\\/blog\\\/kultur-festivals\\\/klassik-konzerte-in-klagenfurt\\\/\",\"name\":\"8 Klassik Konzerte in Klagenfurt, die man in diesem Sommer nicht verpassen darf | visitklagenfurt\",\"isPartOf\":{\"@id\":\"https:\\\/\\\/www.visitklagenfurt.at\\\/de\\\/#website\"},\"primaryImageOfPage\":{\"@id\":\"https:\\\/\\\/www.visitklagenfurt.at\\\/de\\\/blog\\\/kultur-festivals\\\/klassik-konzerte-in-klagenfurt\\\/#primaryimage\"},\"image\":{\"@id\":\"https:\\\/\\\/www.visitklagenfurt.at\\\/de\\\/blog\\\/kultur-festivals\\\/klassik-konzerte-in-klagenfurt\\\/#primaryimage\"},\"thumbnailUrl\":\"https:\\\/\\\/www.visitklagenfurt.at\\\/wp-content\\\/uploads\\\/2022\\\/05\\\/pexels-pixabay-2108541.jpg\",\"datePublished\":\"2022-05-16T09:11:52+00:00\",\"dateModified\":\"2022-05-23T10:57:35+00:00\",\"description\":\"Die Eleganz und Zeitlosigkeit der klassischen Musik kulminieren in Klagenfurt in einer Konzertsaison mit \u00fcberw\u00e4ltigenden Orchestern, mitrei\u00dfender Kammermusik und herausragenden Solistinnen und Solisten. Die besten Klassikkonzerte der Saison haben wir f\u00fcr euch herausgesucht.\",\"breadcrumb\":{\"@id\":\"https:\\\/\\\/www.visitklagenfurt.at\\\/de\\\/blog\\\/kultur-festivals\\\/klassik-konzerte-in-klagenfurt\\\/#breadcrumb\"},\"inLanguage\":\"de\",\"potentialAction\":[{\"@type\":\"ReadAction\",\"target\":[\"https:\\\/\\\/www.visitklagenfurt.at\\\/de\\\/blog\\\/kultur-festivals\\\/klassik-konzerte-in-klagenfurt\\\/\"]}]},{\"@type\":\"ImageObject\",\"inLanguage\":\"de\",\"@id\":\"https:\\\/\\\/www.visitklagenfurt.at\\\/de\\\/blog\\\/kultur-festivals\\\/klassik-konzerte-in-klagenfurt\\\/#primaryimage\",\"url\":\"https:\\\/\\\/www.visitklagenfurt.at\\\/wp-content\\\/uploads\\\/2022\\\/05\\\/pexels-pixabay-2108541.jpg\",\"contentUrl\":\"https:\\\/\\\/www.visitklagenfurt.at\\\/wp-content\\\/uploads\\\/2022\\\/05\\\/pexels-pixabay-2108541.jpg\",\"width\":1280,\"height\":853,\"caption\":\"(c) Pexels\"},{\"@type\":\"BreadcrumbList\",\"@id\":\"https:\\\/\\\/www.visitklagenfurt.at\\\/de\\\/blog\\\/kultur-festivals\\\/klassik-konzerte-in-klagenfurt\\\/#breadcrumb\",\"itemListElement\":[{\"@type\":\"ListItem\",\"position\":1,\"name\":\"visitklagenfurt\",\"item\":\"https:\\\/\\\/www.visitklagenfurt.at\\\/de\\\/\"},{\"@type\":\"ListItem\",\"position\":2,\"name\":\"Blog\",\"item\":\"https:\\\/\\\/www.visitklagenfurt.at\\\/de\\\/category\\\/blog\\\/\"},{\"@type\":\"ListItem\",\"position\":3,\"name\":\"Kultur &amp; Festivals\",\"item\":\"https:\\\/\\\/www.visitklagenfurt.at\\\/de\\\/category\\\/blog\\\/kultur-festivals\\\/\"},{\"@type\":\"ListItem\",\"position\":4,\"name\":\"8 Klassik Konzerte in Klagenfurt, die man in diesem Sommer nicht verpassen darf\"}]},{\"@type\":\"WebSite\",\"@id\":\"https:\\\/\\\/www.visitklagenfurt.at\\\/de\\\/#website\",\"url\":\"https:\\\/\\\/www.visitklagenfurt.at\\\/de\\\/\",\"name\":\"visitklagenfurt\",\"description\":\"\",\"publisher\":{\"@id\":\"https:\\\/\\\/www.visitklagenfurt.at\\\/de\\\/#organization\"},\"potentialAction\":[{\"@type\":\"SearchAction\",\"target\":{\"@type\":\"EntryPoint\",\"urlTemplate\":\"https:\\\/\\\/www.visitklagenfurt.at\\\/de\\\/?s={search_term_string}\"},\"query-input\":{\"@type\":\"PropertyValueSpecification\",\"valueRequired\":true,\"valueName\":\"search_term_string\"}}],\"inLanguage\":\"de\"},{\"@type\":\"Organization\",\"@id\":\"https:\\\/\\\/www.visitklagenfurt.at\\\/de\\\/#organization\",\"name\":\"Tourismus Region Klagenfurt am W\u00f6rthersee GmbH\",\"url\":\"https:\\\/\\\/www.visitklagenfurt.at\\\/de\\\/\",\"logo\":{\"@type\":\"ImageObject\",\"inLanguage\":\"de\",\"@id\":\"https:\\\/\\\/www.visitklagenfurt.at\\\/de\\\/#\\\/schema\\\/logo\\\/image\\\/\",\"url\":\"https:\\\/\\\/www.visitklagenfurt.at\\\/wp-content\\\/uploads\\\/2022\\\/03\\\/DT_K_Klagenfurt_S_RGB.png\",\"contentUrl\":\"https:\\\/\\\/www.visitklagenfurt.at\\\/wp-content\\\/uploads\\\/2022\\\/03\\\/DT_K_Klagenfurt_S_RGB.png\",\"width\":2082,\"height\":1511,\"caption\":\"Tourismus Region Klagenfurt am W\u00f6rthersee GmbH\"},\"image\":{\"@id\":\"https:\\\/\\\/www.visitklagenfurt.at\\\/de\\\/#\\\/schema\\\/logo\\\/image\\\/\"}},{\"@type\":\"Person\",\"@id\":\"https:\\\/\\\/www.visitklagenfurt.at\\\/de\\\/#\\\/schema\\\/person\\\/7a9c6bc8d10c35a61c7a91c28742c063\",\"name\":\"Simon Martinschitz\",\"image\":{\"@type\":\"ImageObject\",\"inLanguage\":\"de\",\"@id\":\"https:\\\/\\\/www.visitklagenfurt.at\\\/wp-content\\\/uploads\\\/2021\\\/05\\\/simon_martinschitz.jpg\",\"url\":\"https:\\\/\\\/www.visitklagenfurt.at\\\/wp-content\\\/uploads\\\/2021\\\/05\\\/simon_martinschitz.jpg\",\"contentUrl\":\"https:\\\/\\\/www.visitklagenfurt.at\\\/wp-content\\\/uploads\\\/2021\\\/05\\\/simon_martinschitz.jpg\",\"caption\":\"Simon Martinschitz\"},\"description\":\"Geboren in Villach, aufgewachsen im Gailtal. Zwischen Bachforellen &amp; Haselnussstauden. Studium der Kulturwissenschaften in Klagenfurt, Bilbao und Florenz. Zwischen kritischer Theorie &amp; Aperitivo. Texter und Kulturarbeiter in der freien K\u00e4rntner Szene. Zwischen Front Page &amp; Back Stage. Wortjongleur. Schauspieler. Musiker. Und \u00fcberzeugter Europ\u00e4er. Mit einer Schw\u00e4che f\u00fcr Brettljausen und Pintxos. Zwischen denen ich mich nicht entscheiden m\u00fcssen m\u00f6chte.\",\"sameAs\":[\"https:\\\/\\\/martinschitz.at\\\/\"],\"url\":\"https:\\\/\\\/www.visitklagenfurt.at\\\/de\\\/author\\\/simon_martinschitz\\\/\"}]}<\/script>\n<!-- \/ Yoast SEO plugin. -->","yoast_head_json":{"title":"8 Klassik Konzerte in Klagenfurt, die man in diesem Sommer nicht verpassen darf | visitklagenfurt","description":"Die Eleganz und Zeitlosigkeit der klassischen Musik kulminieren in Klagenfurt in einer Konzertsaison mit \u00fcberw\u00e4ltigenden Orchestern, mitrei\u00dfender Kammermusik und herausragenden Solistinnen und Solisten. Die besten Klassikkonzerte der Saison haben wir f\u00fcr euch herausgesucht.","robots":{"index":"index","follow":"follow","max-snippet":"max-snippet:-1","max-image-preview":"max-image-preview:large","max-video-preview":"max-video-preview:-1"},"canonical":"https:\/\/www.visitklagenfurt.at\/de\/blog\/kultur-festivals\/klassik-konzerte-in-klagenfurt\/","og_locale":"de_DE","og_type":"article","og_title":"8 Klassik Konzerte in Klagenfurt, die man in diesem Sommer nicht verpassen darf | visitklagenfurt","og_description":"Die besten Klassikkonzerte der Saison haben wir f\u00fcr euch herausgesucht.","og_url":"https:\/\/www.visitklagenfurt.at\/de\/blog\/kultur-festivals\/klassik-konzerte-in-klagenfurt\/","og_site_name":"visitklagenfurt","article_published_time":"2022-05-16T09:11:52+00:00","article_modified_time":"2022-05-23T10:57:35+00:00","og_image":[{"width":1280,"height":853,"url":"https:\/\/www.visitklagenfurt.at\/wp-content\/uploads\/2022\/05\/pexels-pixabay-2108541.jpg","type":"image\/jpeg"}],"author":"Simon Martinschitz","twitter_card":"summary_large_image","twitter_misc":{"Verfasst von":"Simon Martinschitz","Gesch\u00e4tzte Lesezeit":"11\u00a0Minuten"},"schema":{"@context":"https:\/\/schema.org","@graph":[{"@type":"Article","@id":"https:\/\/www.visitklagenfurt.at\/de\/blog\/kultur-festivals\/klassik-konzerte-in-klagenfurt\/#article","isPartOf":{"@id":"https:\/\/www.visitklagenfurt.at\/de\/blog\/kultur-festivals\/klassik-konzerte-in-klagenfurt\/"},"author":{"name":"Simon Martinschitz","@id":"https:\/\/www.visitklagenfurt.at\/de\/#\/schema\/person\/7a9c6bc8d10c35a61c7a91c28742c063"},"headline":"8 Klassik Konzerte in Klagenfurt, die man in diesem Sommer nicht verpassen darf","datePublished":"2022-05-16T09:11:52+00:00","dateModified":"2022-05-23T10:57:35+00:00","mainEntityOfPage":{"@id":"https:\/\/www.visitklagenfurt.at\/de\/blog\/kultur-festivals\/klassik-konzerte-in-klagenfurt\/"},"wordCount":1528,"publisher":{"@id":"https:\/\/www.visitklagenfurt.at\/de\/#organization"},"image":{"@id":"https:\/\/www.visitklagenfurt.at\/de\/blog\/kultur-festivals\/klassik-konzerte-in-klagenfurt\/#primaryimage"},"thumbnailUrl":"https:\/\/www.visitklagenfurt.at\/wp-content\/uploads\/2022\/05\/pexels-pixabay-2108541.jpg","keywords":["Konzerte","Kultur &amp; Festivals"],"articleSection":["Kultur &amp; Festivals"],"inLanguage":"de"},{"@type":"WebPage","@id":"https:\/\/www.visitklagenfurt.at\/de\/blog\/kultur-festivals\/klassik-konzerte-in-klagenfurt\/","url":"https:\/\/www.visitklagenfurt.at\/de\/blog\/kultur-festivals\/klassik-konzerte-in-klagenfurt\/","name":"8 Klassik Konzerte in Klagenfurt, die man in diesem Sommer nicht verpassen darf | visitklagenfurt","isPartOf":{"@id":"https:\/\/www.visitklagenfurt.at\/de\/#website"},"primaryImageOfPage":{"@id":"https:\/\/www.visitklagenfurt.at\/de\/blog\/kultur-festivals\/klassik-konzerte-in-klagenfurt\/#primaryimage"},"image":{"@id":"https:\/\/www.visitklagenfurt.at\/de\/blog\/kultur-festivals\/klassik-konzerte-in-klagenfurt\/#primaryimage"},"thumbnailUrl":"https:\/\/www.visitklagenfurt.at\/wp-content\/uploads\/2022\/05\/pexels-pixabay-2108541.jpg","datePublished":"2022-05-16T09:11:52+00:00","dateModified":"2022-05-23T10:57:35+00:00","description":"Die Eleganz und Zeitlosigkeit der klassischen Musik kulminieren in Klagenfurt in einer Konzertsaison mit \u00fcberw\u00e4ltigenden Orchestern, mitrei\u00dfender Kammermusik und herausragenden Solistinnen und Solisten. Die besten Klassikkonzerte der Saison haben wir f\u00fcr euch herausgesucht.","breadcrumb":{"@id":"https:\/\/www.visitklagenfurt.at\/de\/blog\/kultur-festivals\/klassik-konzerte-in-klagenfurt\/#breadcrumb"},"inLanguage":"de","potentialAction":[{"@type":"ReadAction","target":["https:\/\/www.visitklagenfurt.at\/de\/blog\/kultur-festivals\/klassik-konzerte-in-klagenfurt\/"]}]},{"@type":"ImageObject","inLanguage":"de","@id":"https:\/\/www.visitklagenfurt.at\/de\/blog\/kultur-festivals\/klassik-konzerte-in-klagenfurt\/#primaryimage","url":"https:\/\/www.visitklagenfurt.at\/wp-content\/uploads\/2022\/05\/pexels-pixabay-2108541.jpg","contentUrl":"https:\/\/www.visitklagenfurt.at\/wp-content\/uploads\/2022\/05\/pexels-pixabay-2108541.jpg","width":1280,"height":853,"caption":"(c) Pexels"},{"@type":"BreadcrumbList","@id":"https:\/\/www.visitklagenfurt.at\/de\/blog\/kultur-festivals\/klassik-konzerte-in-klagenfurt\/#breadcrumb","itemListElement":[{"@type":"ListItem","position":1,"name":"visitklagenfurt","item":"https:\/\/www.visitklagenfurt.at\/de\/"},{"@type":"ListItem","position":2,"name":"Blog","item":"https:\/\/www.visitklagenfurt.at\/de\/category\/blog\/"},{"@type":"ListItem","position":3,"name":"Kultur &amp; Festivals","item":"https:\/\/www.visitklagenfurt.at\/de\/category\/blog\/kultur-festivals\/"},{"@type":"ListItem","position":4,"name":"8 Klassik Konzerte in Klagenfurt, die man in diesem Sommer nicht verpassen darf"}]},{"@type":"WebSite","@id":"https:\/\/www.visitklagenfurt.at\/de\/#website","url":"https:\/\/www.visitklagenfurt.at\/de\/","name":"visitklagenfurt","description":"","publisher":{"@id":"https:\/\/www.visitklagenfurt.at\/de\/#organization"},"potentialAction":[{"@type":"SearchAction","target":{"@type":"EntryPoint","urlTemplate":"https:\/\/www.visitklagenfurt.at\/de\/?s={search_term_string}"},"query-input":{"@type":"PropertyValueSpecification","valueRequired":true,"valueName":"search_term_string"}}],"inLanguage":"de"},{"@type":"Organization","@id":"https:\/\/www.visitklagenfurt.at\/de\/#organization","name":"Tourismus Region Klagenfurt am W\u00f6rthersee GmbH","url":"https:\/\/www.visitklagenfurt.at\/de\/","logo":{"@type":"ImageObject","inLanguage":"de","@id":"https:\/\/www.visitklagenfurt.at\/de\/#\/schema\/logo\/image\/","url":"https:\/\/www.visitklagenfurt.at\/wp-content\/uploads\/2022\/03\/DT_K_Klagenfurt_S_RGB.png","contentUrl":"https:\/\/www.visitklagenfurt.at\/wp-content\/uploads\/2022\/03\/DT_K_Klagenfurt_S_RGB.png","width":2082,"height":1511,"caption":"Tourismus Region Klagenfurt am W\u00f6rthersee GmbH"},"image":{"@id":"https:\/\/www.visitklagenfurt.at\/de\/#\/schema\/logo\/image\/"}},{"@type":"Person","@id":"https:\/\/www.visitklagenfurt.at\/de\/#\/schema\/person\/7a9c6bc8d10c35a61c7a91c28742c063","name":"Simon Martinschitz","image":{"@type":"ImageObject","inLanguage":"de","@id":"https:\/\/www.visitklagenfurt.at\/wp-content\/uploads\/2021\/05\/simon_martinschitz.jpg","url":"https:\/\/www.visitklagenfurt.at\/wp-content\/uploads\/2021\/05\/simon_martinschitz.jpg","contentUrl":"https:\/\/www.visitklagenfurt.at\/wp-content\/uploads\/2021\/05\/simon_martinschitz.jpg","caption":"Simon Martinschitz"},"description":"Geboren in Villach, aufgewachsen im Gailtal. Zwischen Bachforellen &amp; Haselnussstauden. Studium der Kulturwissenschaften in Klagenfurt, Bilbao und Florenz. Zwischen kritischer Theorie &amp; Aperitivo. Texter und Kulturarbeiter in der freien K\u00e4rntner Szene. Zwischen Front Page &amp; Back Stage. Wortjongleur. Schauspieler. Musiker. Und \u00fcberzeugter Europ\u00e4er. Mit einer Schw\u00e4che f\u00fcr Brettljausen und Pintxos. Zwischen denen ich mich nicht entscheiden m\u00fcssen m\u00f6chte.","sameAs":["https:\/\/martinschitz.at\/"],"url":"https:\/\/www.visitklagenfurt.at\/de\/author\/simon_martinschitz\/"}]}},"_links":{"self":[{"href":"https:\/\/www.visitklagenfurt.at\/de\/wp-json\/wp\/v2\/posts\/36035","targetHints":{"allow":["GET"]}}],"collection":[{"href":"https:\/\/www.visitklagenfurt.at\/de\/wp-json\/wp\/v2\/posts"}],"about":[{"href":"https:\/\/www.visitklagenfurt.at\/de\/wp-json\/wp\/v2\/types\/post"}],"author":[{"embeddable":true,"href":"https:\/\/www.visitklagenfurt.at\/de\/wp-json\/wp\/v2\/users\/27"}],"replies":[{"embeddable":true,"href":"https:\/\/www.visitklagenfurt.at\/de\/wp-json\/wp\/v2\/comments?post=36035"}],"version-history":[{"count":23,"href":"https:\/\/www.visitklagenfurt.at\/de\/wp-json\/wp\/v2\/posts\/36035\/revisions"}],"predecessor-version":[{"id":36814,"href":"https:\/\/www.visitklagenfurt.at\/de\/wp-json\/wp\/v2\/posts\/36035\/revisions\/36814"}],"wp:featuredmedia":[{"embeddable":true,"href":"https:\/\/www.visitklagenfurt.at\/de\/wp-json\/wp\/v2\/media\/36051"}],"wp:attachment":[{"href":"https:\/\/www.visitklagenfurt.at\/de\/wp-json\/wp\/v2\/media?parent=36035"}],"wp:term":[{"taxonomy":"category","embeddable":true,"href":"https:\/\/www.visitklagenfurt.at\/de\/wp-json\/wp\/v2\/categories?post=36035"},{"taxonomy":"post_tag","embeddable":true,"href":"https:\/\/www.visitklagenfurt.at\/de\/wp-json\/wp\/v2\/tags?post=36035"}],"curies":[{"name":"wp","href":"https:\/\/api.w.org\/{rel}","templated":true}]}}