{"id":3955,"date":"2021-12-19T10:00:00","date_gmt":"2021-12-19T09:00:00","guid":{"rendered":"http:\/\/blog.visitklagenfurt.at\/?p=3955"},"modified":"2024-12-10T10:07:55","modified_gmt":"2024-12-10T09:07:55","slug":"christbaeume-in-klagenfurt","status":"publish","type":"post","link":"https:\/\/www.visitklagenfurt.at\/de\/blog\/shopping-maerkte\/christbaeume-in-klagenfurt\/","title":{"rendered":"So kommt man in Klagenfurt zum Traum-Christbaum"},"content":{"rendered":"\n<p>Bei vielen steht er schon im Laufe des Dezember aufgeputzt in der guten Stube: der Christbaum. In der vorweihnachtlichen Hektik kann es aber schon mal vorkommen, dass man den \u00dcberblick verliert und auf das wichtigste St\u00fcck des Festes vergisst.<\/p>\n\n\n\n<p>Egal, ob man mit dem wichtigsten Kauf des Jahres fr\u00fch oder sp\u00e4t dran ist \u2013 der perfekte Christbaum duftet nach intensivem Gr\u00fcn! H\u00fcbsch aufgeputzt bet\u00f6rt er uns \u00fcber die Feiertage mit seinem Anblick und geh\u00f6rt zum Fest einfach jedes Jahr dazu. <\/p>\n\n\n\n<p>Damit die Wahl leichter f\u00e4llt und die Freude m\u00f6glichst lange w\u00e4hrt, gibt es <strong>hier alle relevanten Adressen f\u00fcr Christb\u00e4ume in und rund um Klagenfurt<\/strong> und ein paar praktische Tipps von den Experten obendrauf!<\/p>\n\n\n\n<h2 class=\"wp-block-heading\">Was kostet heuer ein Christbaum in Klagenfurt?<\/h2>\n\n\n\n<p>Diese Frage ist nat\u00fcrlich wichtig, zumal die Weihnachtsbaumverk\u00e4ufer selten Bankomatzahlungen anbieten und man <strong>das Geld in bar mit dabei haben<\/strong> sollte. Und auch gleichzeitig ist sie nicht einfach zu beantworten, denn die B\u00e4ume gibt es bekannterma\u00dfen in allen Gr\u00f6\u00dfen und zu allen Preisen. <\/p>\n\n\n\n<p>Gerhard Plesnik gibt ein wenig Orientierung. &#8222;Als Richtwert kann man im Advent 2024 mit <strong>rund 25 Euro pro Laufmeter<\/strong> rechnen.&#8220; Hei\u00dft \u00fcbersetzt: Ein Zwei-Meter-Baum schl\u00e4gt sich im Schnitt mit 50 Euro zu Buche. Spezialb\u00e4ume besonderer Arten oder mit besonders dichtem Wuchses kosten nat\u00fcrlich mehr.<\/p>\n\n\n\n<figure class=\"wp-block-gallery has-nested-images columns-default is-cropped wp-block-gallery-1 is-layout-flex wp-block-gallery-is-layout-flex\">\n<figure class=\"wp-block-image size-large\"><img fetchpriority=\"high\" decoding=\"async\" width=\"3000\" height=\"2000\" data-id=\"59822\" src=\"https:\/\/www.visitklagenfurt.at\/wp-content\/uploads\/2021\/12\/30.-November-2020-32.jpg\" alt=\"Christbaumverkauf von heimischen B\u00e4umen mit inflatable Weihnachtsmann am S\u00fcdring in Klagenfurt\" class=\"wp-image-59822\"\/><figcaption class=\"wp-element-caption\">(c) KLAMAG Nicole Hubmann<\/figcaption><\/figure>\n<\/figure>\n\n\n\n<h2 class=\"wp-block-heading\" id=\"h-nicht-perfekte-und-doch-ideale-christbaume\">Nicht perfekte und doch ideale Christb\u00e4ume<\/h2>\n\n\n\n<p>Vorsicht vor falschem Perfektionismus! Ein Baum muss nicht rundum perfekt sein, kleine Sch\u00f6nheitsfehler lassen die Familie schmunzeln. Vielleicht ist \u201edas Loch\u201c aber auch der ideale Platz, um eine Christbaumkugel mit besonders langer Schnur anzubringen. So sind unregelm\u00e4\u00dfigere Stellen schnell ausgebessert!<\/p>\n\n\n\n<p>Vor allem in Zeiten rasch steigender Preise sind unperfekte Christb\u00e4ume eine \u00dcberlegung wert. Ein bisschen schief, ein bisschen ungleich, nicht rundum dicht bewachsen: Gerade sie werden von den Vertretern der ARGE K\u00e4rntner Christbaumbauern heuer verst\u00e4rkt angeboten. ARGE-Sprecher Gerhard Plesnik erkl\u00e4rt: &#8222;Auch unsere B\u00e4ume m\u00fcssen wir heuer mit einer minimalen Preisanpassung anbieten. <strong>Christb\u00e4ume mit leichten optischen Schw\u00e4chen aber gibt es preisg\u00fcnstiger<\/strong>, sodass wir jedem Kunden ein gutes Angebot machen k\u00f6nnen.&#8220;<\/p>\n\n\n\n<figure class=\"wp-block-gallery has-nested-images columns-default is-cropped wp-block-gallery-2 is-layout-flex wp-block-gallery-is-layout-flex\">\n<figure class=\"wp-block-image size-large\"><img decoding=\"async\" width=\"3000\" height=\"2000\" data-id=\"59814\" src=\"https:\/\/www.visitklagenfurt.at\/wp-content\/uploads\/2021\/12\/30.-November-2020-27.jpg\" alt=\"Heimischer Christbaum beim Verpacken \" class=\"wp-image-59814\"\/><figcaption class=\"wp-element-caption\">(c) KLAMAG Nicole Hubmann<\/figcaption><\/figure>\n<\/figure>\n\n\n\n<h2 class=\"wp-block-heading\" id=\"h-christbaumverkauf-in-klagenfurt\">Christbaumverkauf in Klagenfurt<\/h2>\n\n\n\n<p>Die Starttermine f\u00fcr die Christbaumverk\u00e4ufe an den Klagenfurter Hotspots variieren jeweils um ein paar Tage. Viele bauen ihren Stand schon um den 8. Dezember auf, andere wiederrum warten noch ein paar Tage l\u00e4nger. In Summe kann man sagen, dass sp\u00e4testens ab 14. Dezember alle Standorte in Voll-Betrieb sind.<\/p>\n\n\n\n<p>Der wohl entz\u00fcckendste Stand befindet sich am Blumenacker Ecke Anzengruberstra\u00dfe\/ Egger-Lienz-Weg. <strong>Maximilian Kuchling <\/strong>aus Eisenkappel z\u00e4hlt zu den K\u00e4rntner Christbaumbauern und preist Christb\u00e4ume aus der Heimat an. \u201eWeihnachten ohne Christbaum ist f\u00fcr die meisten undenkbar!\u201c, wei\u00df er. Kuchling ist erreichbar unter Telefon: <a href=\"00436646402991\" target=\"_blank\" rel=\"noreferrer noopener\">+43 664 640 2991<\/a>.<\/p>\n\n\n\n<p>Eine Auswahl weiterer K\u00e4rntner Christbaumh\u00e4ndler, die in Klagenfurt verkaufen, sind:<\/p>\n\n\n\n<ul class=\"wp-block-list\">\n<li><strong>Joseph Drobesch <\/strong>(Telefon: <a href=\"00436509509000\" target=\"_blank\" rel=\"noreferrer noopener\">+43 650 950 90 00<\/a>) beim Hofer in der Villacher Stra\u00dfe (ab 13. 12.) und am S\u00fcdring, Ecke Waidmannsdorfer Stra\u00dfe (ab 14. 12.) sowie am Metro Parkplatz (ab 7. 12.),  <\/li>\n\n\n\n<li>Beim S\u00fcdpark bietet <strong>Albin Offner <\/strong>(Telefon: <a href=\"00436641526479\" target=\"_blank\" rel=\"noreferrer noopener\">+43 664 152 64 79<\/a>) heimische B\u00e4ume an (ab 9. 12.) <\/li>\n\n\n\n<li>Im Osten von Klagenfurt beim IKEA (ab 14. 12) und beim Gigasport (7. 12.) sowie bei den Billa-Superm\u00e4rkten in der Feldkirchner- und Pischeldorfer Stra\u00dfe (ab 7. 12.) bzw. beim Modepark R\u00f6ther (ab 9. 12.) findet man den Stand von <strong>Gerhard Plesnik <\/strong>(Telefon: <a href=\"004369988805279\" target=\"_blank\" rel=\"noreferrer noopener\">+43 699 888 05 27 9<\/a>).<\/li>\n\n\n\n<li><strong>Hannes Putz <\/strong>steht mit seinen B\u00e4umen bei den Interspar-M\u00e4rkten &#8211; sowohl in der Rosentalerstr. 136 als auch in der Durchla\u00dfstra\u00dfe 4.<\/li>\n<\/ul>\n\n\n\n<p>Sie alle kennzeichnen ihre <strong>heimischen B\u00e4ume mit einer Christbaumschleife am Wipfel!<\/strong><\/p>\n\n\n\n<figure class=\"wp-block-gallery has-nested-images columns-default is-cropped wp-block-gallery-3 is-layout-flex wp-block-gallery-is-layout-flex\">\n<figure class=\"wp-block-image size-large\"><img decoding=\"async\" width=\"4032\" height=\"1960\" data-id=\"59818\" src=\"https:\/\/www.visitklagenfurt.at\/wp-content\/uploads\/2021\/12\/07-20201119_130954.jpg\" alt=\"Schleife mit K\u00e4rnten-G\u00fctesiegel an einem heimischen Nadelbaum\" class=\"wp-image-59818\"\/><figcaption class=\"wp-element-caption\">(c) Rotter<\/figcaption><\/figure>\n<\/figure>\n\n\n\n<h3 class=\"wp-block-heading\" id=\"h-christbaum-markt-am-messegelande\">Christbaum-Markt am Messegel\u00e4nde<\/h3>\n\n\n\n<p>Wie jedes Jahr hat auch das heurige Weihnachtsfest einen besonders sch\u00f6nen Baum verdient. Beim traditionellen Christbaummarkt am Klagenfurter <strong>Messegel\u00e4nde <\/strong>werden ab dem 14. Dezember 2024 wohl auch die W\u00e4hlerischsten<strong> <\/strong>f\u00fcndig. Dort trifft man die erw\u00e4hnten Christbaumbauern mit rund <strong>10.000 heimischen Christb\u00e4umen<\/strong> und Christbaummodellen in s\u00e4mtlichen Gr\u00f6\u00dfen an.<\/p>\n\n\n\n<p>T\u00e4glich ab <strong>8 Uhr bis 19 Uhr<\/strong> habt ihr dort Zeit, euren idealen Zimmergenossen f\u00fcr die Weihnachtszeit auszusuchen. Dieser Markt ist wohl einer derjenigen, der am l\u00e4ngsten offen hat \u2013 n\u00e4mlich auch am 24. Dezember bis weit in den Nachmittag. <\/p>\n\n\n\n<p>Und wer&#8217;s jetzt ganz genau wissen will: Eine umfangreiche Zusammenfassung aller heimischen Christbaumverkaufsstellen findet sich unter: <a href=\"https:\/\/www.weihnachtsbaum.at\/component\/k2\/itemlist\/search?bundesland=0&amp;bundesland-adv=5&amp;searchword=\">www.weihnachtsbaum.at<\/a><\/p>\n\n\n\n<figure class=\"wp-block-gallery has-nested-images columns-default is-cropped wp-block-gallery-4 is-layout-flex wp-block-gallery-is-layout-flex\">\n<figure class=\"wp-block-image size-large\"><img loading=\"lazy\" decoding=\"async\" width=\"1000\" height=\"750\" data-id=\"3976\" src=\"https:\/\/www.visitklagenfurt.at\/wp-content\/uploads\/2020\/12\/IMG_2374-Kopie.jpg\" alt=\"Christbaumh\u00e4ndler, Christbaumbauern, Christbaum Klagenfurt am W\u00f6rthersee, 9020, Christbaummarkt, Christbaum kaufen, Messegel\u00e4nde, Weihnachtsbaum, Josef Rotter\" class=\"wp-image-3976\" srcset=\"https:\/\/www.visitklagenfurt.at\/wp-content\/uploads\/2020\/12\/IMG_2374-Kopie.jpg 1000w, https:\/\/www.visitklagenfurt.at\/wp-content\/uploads\/2020\/12\/IMG_2374-Kopie-300x225.jpg 300w, https:\/\/www.visitklagenfurt.at\/wp-content\/uploads\/2020\/12\/IMG_2374-Kopie-768x576.jpg 768w\" sizes=\"(max-width: 1000px) 100vw, 1000px\" \/><figcaption class=\"wp-element-caption\">Christbaummarkt (c) Martina Karulle<\/figcaption><\/figure>\n<\/figure>\n\n\n\n<h2 class=\"wp-block-heading\" id=\"h-den-christbaum-selber-schneiden\">Den Christbaum selber schneiden<\/h2>\n\n\n\n<p>Im Trend liegt auch heuer wieder das Selbstf\u00e4llen des Christbaums. Im<strong> Umkreis von Klagenfurt <\/strong>m\u00f6chten wir dazu <strong>zwei tolle Adressen<\/strong> erw\u00e4hnen, wo das Holen des Weihnachtsbaumes garantiert zu einer sch\u00f6nen Erinnerung f\u00fcr Gro\u00df und Klein wird.<\/p>\n\n\n\n<h3 class=\"wp-block-heading\" id=\"h-christbaumkultur-rotter\">Christbaumkultur Rotter<\/h3>\n\n\n\n<p>Die Christbaumkultur Rotter in <strong>Gallizien <\/strong>setzt auf das Erlebnis f\u00fcr die ganze Familie. &#8222;Seit 1977 verstehen wir es als unsere Aufgabe, mit unseren Christb\u00e4umen ein St\u00fcckchen Weihnachtszauber in K\u00e4rntens Wohnzimmer zu bringen\u201c, strahlt Joseph Rotter, der Mitglied der ARGE K\u00e4rntner Christbaumbauern ist. S\u00e4gen sind zur Gen\u00fcge vorhanden!<\/p>\n\n\n\n<p>Adresse: Abriach 37, Gallizien<br>Telefon: <a href=\"00436504040464\" target=\"_blank\" rel=\"noreferrer noopener\">+43 650 404 04 64<\/a><\/p>\n\n\n\n<figure class=\"wp-block-gallery has-nested-images columns-default is-cropped wp-block-gallery-5 is-layout-flex wp-block-gallery-is-layout-flex\">\n<figure class=\"wp-block-image size-large\"><img loading=\"lazy\" decoding=\"async\" width=\"1000\" height=\"486\" data-id=\"3995\" src=\"https:\/\/www.visitklagenfurt.at\/wp-content\/uploads\/2020\/12\/Rotter-1.jpg\" alt=\"Christbaumkultur Rotter, Christbaumbauer, Christbaummarkt, Christbaum selber f\u00e4llen, Gallizien, Weihnachten, Weihnachtsbaum\" class=\"wp-image-3995\" srcset=\"https:\/\/www.visitklagenfurt.at\/wp-content\/uploads\/2020\/12\/Rotter-1.jpg 1000w, https:\/\/www.visitklagenfurt.at\/wp-content\/uploads\/2020\/12\/Rotter-1-300x146.jpg 300w, https:\/\/www.visitklagenfurt.at\/wp-content\/uploads\/2020\/12\/Rotter-1-768x373.jpg 768w\" sizes=\"(max-width: 1000px) 100vw, 1000px\" \/><figcaption class=\"wp-element-caption\">Christbaumkultur Josef Rotter (c) Josef Rotter<\/figcaption><\/figure>\n<\/figure>\n\n\n\n<h3 class=\"wp-block-heading\" id=\"h-christbaumkultur-prettner\">Christbaumkultur Prettner<\/h3>\n\n\n\n<p><strong>Veit Prettner, <\/strong>Christbaumbauer aus St. Donat bei St. Veit, betreibt auch eine <strong>stadtnahe Selbsternteplantage in Neudorf bei Viktring<\/strong>, wo man mit S\u00e4ge selber zu Werke gehen kann. Wer also einen selbstgef\u00e4llten Baum zu Weihnachten bevorzugt &#8211; auf nach Neudorf!<\/p>\n\n\n\n<p>Adresse: Straschitzer Stra\u00dfe 1, Neudorf bei Viktring<br>Telefon: <a href=\"00436643576509\" target=\"_blank\" rel=\"noreferrer noopener\">+43 664 35 76 509<\/a><\/p>\n\n\n\n<figure class=\"wp-block-gallery has-nested-images columns-default is-cropped wp-block-gallery-6 is-layout-flex wp-block-gallery-is-layout-flex\">\n<figure class=\"wp-block-image size-large is-style-default\"><img loading=\"lazy\" decoding=\"async\" width=\"1000\" height=\"750\" data-id=\"3982\" src=\"https:\/\/www.visitklagenfurt.at\/wp-content\/uploads\/2020\/12\/IMG_2389-Kopie.jpg\" alt=\"Christbaumh\u00e4ndler, Christbaumbauern, Christbaum Klagenfurt am W\u00f6rthersee, 9020, Christbaummarkt, Christbaum kaufen, Messegel\u00e4nde, Weihnachtsbaum, Josef Rotter\" class=\"wp-image-3982\" srcset=\"https:\/\/www.visitklagenfurt.at\/wp-content\/uploads\/2020\/12\/IMG_2389-Kopie.jpg 1000w, https:\/\/www.visitklagenfurt.at\/wp-content\/uploads\/2020\/12\/IMG_2389-Kopie-300x225.jpg 300w, https:\/\/www.visitklagenfurt.at\/wp-content\/uploads\/2020\/12\/IMG_2389-Kopie-768x576.jpg 768w\" sizes=\"(max-width: 1000px) 100vw, 1000px\" \/><figcaption class=\"wp-element-caption\">(c) KLAMAG<\/figcaption><\/figure>\n<\/figure>\n\n\n\n<h2 class=\"wp-block-heading\" id=\"h-pflegetipps-fur-den-christbaum\">Pflegetipps f\u00fcr den Christbaum<\/h2>\n\n\n\n<p>Der Kauf ist aber nur die halbe Miete. Wer seinen Christbaum liebt, lagert ihn so lange wie m\u00f6glich im Freien, am besten frostfrei. Zudem ist es ratsam, ihn aus der Wintersonne, daf\u00fcr aber <strong>ins Wasser zu stellen. <\/strong><\/p>\n\n\n\n<p><strong>Indoor hilft das regelm\u00e4\u00dfige Best\u00e4uben<\/strong> mit einem Wasserzerst\u00e4uber. Vorsicht: Kommt der Baum<strong> von der K\u00e4lte zu schnell ins Warme, nadelt er deutlich fr\u00fcher<\/strong>! Also am besten vorher ein wenig in einem Zwischenraum \u201eankommen lassen\u201c.<\/p>\n\n\n\n<p>Der Mercedes unter den <strong>Christbaumst\u00e4ndern ist nat\u00fcrlich der mit Wasser Bef\u00fcllbare.<\/strong> Damit tut ihr dem Christbaum Gutes und habt l\u00e4nger Freude daran! Wenn Tanne, Fichte &amp; Co. st\u00e4ndig im Wasser stehen, halten sie deutlich l\u00e4nger. Nachgie\u00dfen nicht vergessen!<\/p>\n\n\n\n<p>Alles, was es dann rund ums festliche Dekorieren der eigenen vier W\u00e4nde und das Schm\u00fccken des Christbaums zu wissen gibt, findet ihr in unserem Blogbeitrag <a href=\"https:\/\/www.visitklagenfurt.at\/de\/blog\/shopping-maerkte\/diy-weihnachtsdekoration-klagenfurt\/\" target=\"_blank\" rel=\"noreferrer noopener\">Dekoration zum Kaufen und Selbermachen<\/a>. <\/p>\n\n\n\n<h3 class=\"wp-block-heading\">Christbaum richtig entsorgen<\/h3>\n\n\n\n<p>Jedes Jahr stellen sich viele diese Frage aufs Neue: Wohin mit dem lieben Christbaum nach dem Fest? Egal, wann der Baum entsorgt wird: Wichtig ist, dass er<strong> g\u00e4nzlich abgeschm\u00fcckt <\/strong>sein muss. Dazu geh\u00f6ren auch l\u00e4stiges Lametta und \u201eunsichtbare\u201c Metallhaken der Kugeln. Vor der Entsorgung lieber zweimal pr\u00fcfen.<\/p>\n\n\n\n<p>In Klagenfurt werden Christb\u00e4ume nach dem letzten Feiertag am 6. J\u00e4nner 14 Tage <strong>lang von der st\u00e4dtischen M\u00fcllabfuhr kostenlos entsorgt.<\/strong> Diese kostenlose Serviceleistung der Stadt Klagenfurt geht bis um den 20. J\u00e4nner. Bei gr\u00f6\u00dferen Wohnanlagen k\u00f6nnen die Christb\u00e4ume bei den Sammelstellen direkt neben den M\u00fclltonnen deponiert werden. Bei Einfamilienh\u00e4usern stellt man den Baum ebenfalls zu den M\u00fcllbeh\u00e4ltern vor das Haus oder gibt ihn zerkleinert in die Biotonne.<\/p>\n\n\n\n<h2 class=\"wp-block-heading\" id=\"h-heimische-christbaume-vor-ort-kaufen\">Heimische Christb\u00e4ume vor Ort kaufen<\/h2>\n\n\n\n<p>Wir hoffen, dass wir euch auf der Suche nach dem idealen Christbaum behilflich sein konnten. Alle Gr\u00f6\u00dfen, Formen und Farben werden bei unseren heimischen Christbaumm\u00e4rkten und Bauern angeboten. Diese beraten nach bestem Wissen und Gewissen, geben Tipps zur langen Haltbarkeit des neuen, weihnachtlichen Mitbewohners und stehen bis zum 24. Dezember nahezu rund um die Uhr zur Verf\u00fcgung.<\/p>\n\n\n\n<p>In diesem Sinne w\u00fcnschen wir <strong>viel Erfolg bei der Auswahl und beim Kauf eures heimischen Christbaums 2024,<\/strong> besinnliche Weihnachten und einen guten und gesunden Rutsch ins neue Jahr!<\/p>\n","protected":false},"excerpt":{"rendered":"<p>Wir wissen, wo ihr bis zum 24. Dezember in Klagenfurt einen kleinen, gro\u00dfen oder einen Christbaum mit liebensw\u00fcrdigen Eigenschaften findet! Alles zusammen echte K\u00e4rntner B\u00e4ume von k\u00e4lteresistenten Christbaumstandlern.<\/p>\n","protected":false},"author":5,"featured_media":59829,"comment_status":"open","ping_status":"open","sticky":false,"template":"","format":"standard","meta":{"footnotes":""},"categories":[16],"tags":[43,55],"class_list":["post-3955","post","type-post","status-publish","format-standard","has-post-thumbnail","hentry","category-shopping-maerkte","tag-stadtleben","tag-winter"],"yoast_head":"<!-- This site is optimized with the Yoast SEO plugin v27.3 - https:\/\/yoast.com\/product\/yoast-seo-wordpress\/ -->\n<title>Christbaum kaufen in Klagenfurt | visitklagenfurt<\/title>\n<meta name=\"description\" content=\"Noch auf der Suche nach dem idealen Christbaum in Klagenfurt? Hier gibt es die Pl\u00e4tze und Telefonnummern der heimischen Christbaum-H\u00e4ndler.\" \/>\n<meta name=\"robots\" content=\"index, follow, max-snippet:-1, max-image-preview:large, max-video-preview:-1\" \/>\n<link rel=\"canonical\" href=\"https:\/\/www.visitklagenfurt.at\/de\/blog\/shopping-maerkte\/christbaeume-in-klagenfurt\/\" \/>\n<meta property=\"og:locale\" content=\"de_DE\" \/>\n<meta property=\"og:type\" content=\"article\" \/>\n<meta property=\"og:title\" content=\"So kommt man in Klagenfurt zum Traum-Christbaum | visitklagenfurt\" \/>\n<meta property=\"og:description\" content=\"Noch auf der Suche nach dem idealen Christbaum in Klagenfurt? Hier gibt es die Pl\u00e4tze und Telefonnummern der heimischen Christbaum-H\u00e4ndler.\" \/>\n<meta property=\"og:url\" content=\"https:\/\/www.visitklagenfurt.at\/de\/blog\/shopping-maerkte\/christbaeume-in-klagenfurt\/\" \/>\n<meta property=\"og:site_name\" content=\"visitklagenfurt\" \/>\n<meta property=\"article:published_time\" content=\"2021-12-19T09:00:00+00:00\" \/>\n<meta property=\"article:modified_time\" content=\"2024-12-10T09:07:55+00:00\" \/>\n<meta property=\"og:image\" content=\"https:\/\/www.visitklagenfurt.at\/wp-content\/uploads\/2021\/12\/Rotter-c-Klamag-MK.jpg\" \/>\n\t<meta property=\"og:image:width\" content=\"1000\" \/>\n\t<meta property=\"og:image:height\" content=\"548\" \/>\n\t<meta property=\"og:image:type\" content=\"image\/jpeg\" \/>\n<meta name=\"author\" content=\"Isabella Sch\u00f6ndorfer\" \/>\n<meta name=\"twitter:card\" content=\"summary_large_image\" \/>\n<meta name=\"twitter:label1\" content=\"Verfasst von\" \/>\n\t<meta name=\"twitter:data1\" content=\"Isabella Sch\u00f6ndorfer\" \/>\n\t<meta name=\"twitter:label2\" content=\"Gesch\u00e4tzte Lesezeit\" \/>\n\t<meta name=\"twitter:data2\" content=\"9\u00a0Minuten\" \/>\n<script type=\"application\/ld+json\" class=\"yoast-schema-graph\">{\"@context\":\"https:\\\/\\\/schema.org\",\"@graph\":[{\"@type\":\"Article\",\"@id\":\"https:\\\/\\\/www.visitklagenfurt.at\\\/de\\\/blog\\\/shopping-maerkte\\\/christbaeume-in-klagenfurt\\\/#article\",\"isPartOf\":{\"@id\":\"https:\\\/\\\/www.visitklagenfurt.at\\\/de\\\/blog\\\/shopping-maerkte\\\/christbaeume-in-klagenfurt\\\/\"},\"author\":{\"name\":\"Isabella Sch\u00f6ndorfer\",\"@id\":\"https:\\\/\\\/www.visitklagenfurt.at\\\/de\\\/#\\\/schema\\\/person\\\/ff6e2ff5da4943f8ce5aa0eb7608c20a\"},\"headline\":\"So kommt man in Klagenfurt zum Traum-Christbaum\",\"datePublished\":\"2021-12-19T09:00:00+00:00\",\"dateModified\":\"2024-12-10T09:07:55+00:00\",\"mainEntityOfPage\":{\"@id\":\"https:\\\/\\\/www.visitklagenfurt.at\\\/de\\\/blog\\\/shopping-maerkte\\\/christbaeume-in-klagenfurt\\\/\"},\"wordCount\":1256,\"commentCount\":0,\"publisher\":{\"@id\":\"https:\\\/\\\/www.visitklagenfurt.at\\\/de\\\/#organization\"},\"image\":{\"@id\":\"https:\\\/\\\/www.visitklagenfurt.at\\\/de\\\/blog\\\/shopping-maerkte\\\/christbaeume-in-klagenfurt\\\/#primaryimage\"},\"thumbnailUrl\":\"https:\\\/\\\/www.visitklagenfurt.at\\\/wp-content\\\/uploads\\\/2021\\\/12\\\/Rotter-c-Klamag-MK.jpg\",\"keywords\":[\"Stadtleben\",\"Winter\"],\"articleSection\":[\"Shopping &amp; M\u00e4rkte\"],\"inLanguage\":\"de\",\"potentialAction\":[{\"@type\":\"CommentAction\",\"name\":\"Comment\",\"target\":[\"https:\\\/\\\/www.visitklagenfurt.at\\\/de\\\/blog\\\/shopping-maerkte\\\/christbaeume-in-klagenfurt\\\/#respond\"]}]},{\"@type\":\"WebPage\",\"@id\":\"https:\\\/\\\/www.visitklagenfurt.at\\\/de\\\/blog\\\/shopping-maerkte\\\/christbaeume-in-klagenfurt\\\/\",\"url\":\"https:\\\/\\\/www.visitklagenfurt.at\\\/de\\\/blog\\\/shopping-maerkte\\\/christbaeume-in-klagenfurt\\\/\",\"name\":\"Christbaum kaufen in Klagenfurt | visitklagenfurt\",\"isPartOf\":{\"@id\":\"https:\\\/\\\/www.visitklagenfurt.at\\\/de\\\/#website\"},\"primaryImageOfPage\":{\"@id\":\"https:\\\/\\\/www.visitklagenfurt.at\\\/de\\\/blog\\\/shopping-maerkte\\\/christbaeume-in-klagenfurt\\\/#primaryimage\"},\"image\":{\"@id\":\"https:\\\/\\\/www.visitklagenfurt.at\\\/de\\\/blog\\\/shopping-maerkte\\\/christbaeume-in-klagenfurt\\\/#primaryimage\"},\"thumbnailUrl\":\"https:\\\/\\\/www.visitklagenfurt.at\\\/wp-content\\\/uploads\\\/2021\\\/12\\\/Rotter-c-Klamag-MK.jpg\",\"datePublished\":\"2021-12-19T09:00:00+00:00\",\"dateModified\":\"2024-12-10T09:07:55+00:00\",\"description\":\"Noch auf der Suche nach dem idealen Christbaum in Klagenfurt? Hier gibt es die Pl\u00e4tze und Telefonnummern der heimischen Christbaum-H\u00e4ndler.\",\"breadcrumb\":{\"@id\":\"https:\\\/\\\/www.visitklagenfurt.at\\\/de\\\/blog\\\/shopping-maerkte\\\/christbaeume-in-klagenfurt\\\/#breadcrumb\"},\"inLanguage\":\"de\",\"potentialAction\":[{\"@type\":\"ReadAction\",\"target\":[\"https:\\\/\\\/www.visitklagenfurt.at\\\/de\\\/blog\\\/shopping-maerkte\\\/christbaeume-in-klagenfurt\\\/\"]}]},{\"@type\":\"ImageObject\",\"inLanguage\":\"de\",\"@id\":\"https:\\\/\\\/www.visitklagenfurt.at\\\/de\\\/blog\\\/shopping-maerkte\\\/christbaeume-in-klagenfurt\\\/#primaryimage\",\"url\":\"https:\\\/\\\/www.visitklagenfurt.at\\\/wp-content\\\/uploads\\\/2021\\\/12\\\/Rotter-c-Klamag-MK.jpg\",\"contentUrl\":\"https:\\\/\\\/www.visitklagenfurt.at\\\/wp-content\\\/uploads\\\/2021\\\/12\\\/Rotter-c-Klamag-MK.jpg\",\"width\":1000,\"height\":548},{\"@type\":\"BreadcrumbList\",\"@id\":\"https:\\\/\\\/www.visitklagenfurt.at\\\/de\\\/blog\\\/shopping-maerkte\\\/christbaeume-in-klagenfurt\\\/#breadcrumb\",\"itemListElement\":[{\"@type\":\"ListItem\",\"position\":1,\"name\":\"visitklagenfurt\",\"item\":\"https:\\\/\\\/www.visitklagenfurt.at\\\/de\\\/\"},{\"@type\":\"ListItem\",\"position\":2,\"name\":\"Blog\",\"item\":\"https:\\\/\\\/www.visitklagenfurt.at\\\/de\\\/category\\\/blog\\\/\"},{\"@type\":\"ListItem\",\"position\":3,\"name\":\"Shopping &amp; M\u00e4rkte\",\"item\":\"https:\\\/\\\/www.visitklagenfurt.at\\\/de\\\/category\\\/blog\\\/shopping-maerkte\\\/\"},{\"@type\":\"ListItem\",\"position\":4,\"name\":\"So kommt man in Klagenfurt zum Traum-Christbaum\"}]},{\"@type\":\"WebSite\",\"@id\":\"https:\\\/\\\/www.visitklagenfurt.at\\\/de\\\/#website\",\"url\":\"https:\\\/\\\/www.visitklagenfurt.at\\\/de\\\/\",\"name\":\"visitklagenfurt\",\"description\":\"\",\"publisher\":{\"@id\":\"https:\\\/\\\/www.visitklagenfurt.at\\\/de\\\/#organization\"},\"potentialAction\":[{\"@type\":\"SearchAction\",\"target\":{\"@type\":\"EntryPoint\",\"urlTemplate\":\"https:\\\/\\\/www.visitklagenfurt.at\\\/de\\\/?s={search_term_string}\"},\"query-input\":{\"@type\":\"PropertyValueSpecification\",\"valueRequired\":true,\"valueName\":\"search_term_string\"}}],\"inLanguage\":\"de\"},{\"@type\":\"Organization\",\"@id\":\"https:\\\/\\\/www.visitklagenfurt.at\\\/de\\\/#organization\",\"name\":\"Tourismus Region Klagenfurt am W\u00f6rthersee GmbH\",\"url\":\"https:\\\/\\\/www.visitklagenfurt.at\\\/de\\\/\",\"logo\":{\"@type\":\"ImageObject\",\"inLanguage\":\"de\",\"@id\":\"https:\\\/\\\/www.visitklagenfurt.at\\\/de\\\/#\\\/schema\\\/logo\\\/image\\\/\",\"url\":\"https:\\\/\\\/www.visitklagenfurt.at\\\/wp-content\\\/uploads\\\/2022\\\/03\\\/DT_K_Klagenfurt_S_RGB.png\",\"contentUrl\":\"https:\\\/\\\/www.visitklagenfurt.at\\\/wp-content\\\/uploads\\\/2022\\\/03\\\/DT_K_Klagenfurt_S_RGB.png\",\"width\":2082,\"height\":1511,\"caption\":\"Tourismus Region Klagenfurt am W\u00f6rthersee GmbH\"},\"image\":{\"@id\":\"https:\\\/\\\/www.visitklagenfurt.at\\\/de\\\/#\\\/schema\\\/logo\\\/image\\\/\"}},{\"@type\":\"Person\",\"@id\":\"https:\\\/\\\/www.visitklagenfurt.at\\\/de\\\/#\\\/schema\\\/person\\\/ff6e2ff5da4943f8ce5aa0eb7608c20a\",\"name\":\"Isabella Sch\u00f6ndorfer\",\"image\":{\"@type\":\"ImageObject\",\"inLanguage\":\"de\",\"@id\":\"https:\\\/\\\/www.visitklagenfurt.at\\\/wp-content\\\/uploads\\\/2020\\\/07\\\/isabella_sch\u00f6ndorfer_autor.jpg\",\"url\":\"https:\\\/\\\/www.visitklagenfurt.at\\\/wp-content\\\/uploads\\\/2020\\\/07\\\/isabella_sch\u00f6ndorfer_autor.jpg\",\"contentUrl\":\"https:\\\/\\\/www.visitklagenfurt.at\\\/wp-content\\\/uploads\\\/2020\\\/07\\\/isabella_sch\u00f6ndorfer_autor.jpg\",\"caption\":\"Isabella Sch\u00f6ndorfer\"},\"description\":\"Ich bin Klagenfurt! Ich bin Bella Sch\u00f6n. Kein marketinggesteuerter Fake-Account. Denn hinter dem ehrlichen Alias stecken facettenreiche Geschichten \u00fcber meine Heimatstadt bella Klagenfurt. Immer mit dabei: eine Extraportion Geheimtipp. Geboren in der s\u00fcdlichsten Hauptstadt \u00d6sterreichs und aufgewachsen ganz normal am schillernden W\u00f6rthersee. Wie fast jeden K\u00e4rntner hat es auch mich f\u00fcr eine Zeit \u00fcber die Grenzen der Stadt, des Landes und tu felix Austria verschlagen. Doch nur, um eines Tages wieder zur\u00fcckzukehren. Denn nicht nur mit allen heimischen Wassern gewaschen, sondern auch im geliebten W\u00f6rthersee gebadet, habe ich vieles \u00fcber Klagenfurt zu erz\u00e4hlen und so manches Schmankerl f\u00fcr euch parat. Lasst euch ein auf unsere Br\u00e4uche, Sitten und das herzliche Gem\u00fct, das das urbane Klagenfurt so f\u00fcr uns alle zu bieten hat!\",\"url\":\"https:\\\/\\\/www.visitklagenfurt.at\\\/de\\\/author\\\/isabella_schoendorfer\\\/\"}]}<\/script>\n<!-- \/ Yoast SEO plugin. -->","yoast_head_json":{"title":"Christbaum kaufen in Klagenfurt | visitklagenfurt","description":"Noch auf der Suche nach dem idealen Christbaum in Klagenfurt? Hier gibt es die Pl\u00e4tze und Telefonnummern der heimischen Christbaum-H\u00e4ndler.","robots":{"index":"index","follow":"follow","max-snippet":"max-snippet:-1","max-image-preview":"max-image-preview:large","max-video-preview":"max-video-preview:-1"},"canonical":"https:\/\/www.visitklagenfurt.at\/de\/blog\/shopping-maerkte\/christbaeume-in-klagenfurt\/","og_locale":"de_DE","og_type":"article","og_title":"So kommt man in Klagenfurt zum Traum-Christbaum | visitklagenfurt","og_description":"Noch auf der Suche nach dem idealen Christbaum in Klagenfurt? Hier gibt es die Pl\u00e4tze und Telefonnummern der heimischen Christbaum-H\u00e4ndler.","og_url":"https:\/\/www.visitklagenfurt.at\/de\/blog\/shopping-maerkte\/christbaeume-in-klagenfurt\/","og_site_name":"visitklagenfurt","article_published_time":"2021-12-19T09:00:00+00:00","article_modified_time":"2024-12-10T09:07:55+00:00","og_image":[{"width":1000,"height":548,"url":"https:\/\/www.visitklagenfurt.at\/wp-content\/uploads\/2021\/12\/Rotter-c-Klamag-MK.jpg","type":"image\/jpeg"}],"author":"Isabella Sch\u00f6ndorfer","twitter_card":"summary_large_image","twitter_misc":{"Verfasst von":"Isabella Sch\u00f6ndorfer","Gesch\u00e4tzte Lesezeit":"9\u00a0Minuten"},"schema":{"@context":"https:\/\/schema.org","@graph":[{"@type":"Article","@id":"https:\/\/www.visitklagenfurt.at\/de\/blog\/shopping-maerkte\/christbaeume-in-klagenfurt\/#article","isPartOf":{"@id":"https:\/\/www.visitklagenfurt.at\/de\/blog\/shopping-maerkte\/christbaeume-in-klagenfurt\/"},"author":{"name":"Isabella Sch\u00f6ndorfer","@id":"https:\/\/www.visitklagenfurt.at\/de\/#\/schema\/person\/ff6e2ff5da4943f8ce5aa0eb7608c20a"},"headline":"So kommt man in Klagenfurt zum Traum-Christbaum","datePublished":"2021-12-19T09:00:00+00:00","dateModified":"2024-12-10T09:07:55+00:00","mainEntityOfPage":{"@id":"https:\/\/www.visitklagenfurt.at\/de\/blog\/shopping-maerkte\/christbaeume-in-klagenfurt\/"},"wordCount":1256,"commentCount":0,"publisher":{"@id":"https:\/\/www.visitklagenfurt.at\/de\/#organization"},"image":{"@id":"https:\/\/www.visitklagenfurt.at\/de\/blog\/shopping-maerkte\/christbaeume-in-klagenfurt\/#primaryimage"},"thumbnailUrl":"https:\/\/www.visitklagenfurt.at\/wp-content\/uploads\/2021\/12\/Rotter-c-Klamag-MK.jpg","keywords":["Stadtleben","Winter"],"articleSection":["Shopping &amp; M\u00e4rkte"],"inLanguage":"de","potentialAction":[{"@type":"CommentAction","name":"Comment","target":["https:\/\/www.visitklagenfurt.at\/de\/blog\/shopping-maerkte\/christbaeume-in-klagenfurt\/#respond"]}]},{"@type":"WebPage","@id":"https:\/\/www.visitklagenfurt.at\/de\/blog\/shopping-maerkte\/christbaeume-in-klagenfurt\/","url":"https:\/\/www.visitklagenfurt.at\/de\/blog\/shopping-maerkte\/christbaeume-in-klagenfurt\/","name":"Christbaum kaufen in Klagenfurt | visitklagenfurt","isPartOf":{"@id":"https:\/\/www.visitklagenfurt.at\/de\/#website"},"primaryImageOfPage":{"@id":"https:\/\/www.visitklagenfurt.at\/de\/blog\/shopping-maerkte\/christbaeume-in-klagenfurt\/#primaryimage"},"image":{"@id":"https:\/\/www.visitklagenfurt.at\/de\/blog\/shopping-maerkte\/christbaeume-in-klagenfurt\/#primaryimage"},"thumbnailUrl":"https:\/\/www.visitklagenfurt.at\/wp-content\/uploads\/2021\/12\/Rotter-c-Klamag-MK.jpg","datePublished":"2021-12-19T09:00:00+00:00","dateModified":"2024-12-10T09:07:55+00:00","description":"Noch auf der Suche nach dem idealen Christbaum in Klagenfurt? Hier gibt es die Pl\u00e4tze und Telefonnummern der heimischen Christbaum-H\u00e4ndler.","breadcrumb":{"@id":"https:\/\/www.visitklagenfurt.at\/de\/blog\/shopping-maerkte\/christbaeume-in-klagenfurt\/#breadcrumb"},"inLanguage":"de","potentialAction":[{"@type":"ReadAction","target":["https:\/\/www.visitklagenfurt.at\/de\/blog\/shopping-maerkte\/christbaeume-in-klagenfurt\/"]}]},{"@type":"ImageObject","inLanguage":"de","@id":"https:\/\/www.visitklagenfurt.at\/de\/blog\/shopping-maerkte\/christbaeume-in-klagenfurt\/#primaryimage","url":"https:\/\/www.visitklagenfurt.at\/wp-content\/uploads\/2021\/12\/Rotter-c-Klamag-MK.jpg","contentUrl":"https:\/\/www.visitklagenfurt.at\/wp-content\/uploads\/2021\/12\/Rotter-c-Klamag-MK.jpg","width":1000,"height":548},{"@type":"BreadcrumbList","@id":"https:\/\/www.visitklagenfurt.at\/de\/blog\/shopping-maerkte\/christbaeume-in-klagenfurt\/#breadcrumb","itemListElement":[{"@type":"ListItem","position":1,"name":"visitklagenfurt","item":"https:\/\/www.visitklagenfurt.at\/de\/"},{"@type":"ListItem","position":2,"name":"Blog","item":"https:\/\/www.visitklagenfurt.at\/de\/category\/blog\/"},{"@type":"ListItem","position":3,"name":"Shopping &amp; M\u00e4rkte","item":"https:\/\/www.visitklagenfurt.at\/de\/category\/blog\/shopping-maerkte\/"},{"@type":"ListItem","position":4,"name":"So kommt man in Klagenfurt zum Traum-Christbaum"}]},{"@type":"WebSite","@id":"https:\/\/www.visitklagenfurt.at\/de\/#website","url":"https:\/\/www.visitklagenfurt.at\/de\/","name":"visitklagenfurt","description":"","publisher":{"@id":"https:\/\/www.visitklagenfurt.at\/de\/#organization"},"potentialAction":[{"@type":"SearchAction","target":{"@type":"EntryPoint","urlTemplate":"https:\/\/www.visitklagenfurt.at\/de\/?s={search_term_string}"},"query-input":{"@type":"PropertyValueSpecification","valueRequired":true,"valueName":"search_term_string"}}],"inLanguage":"de"},{"@type":"Organization","@id":"https:\/\/www.visitklagenfurt.at\/de\/#organization","name":"Tourismus Region Klagenfurt am W\u00f6rthersee GmbH","url":"https:\/\/www.visitklagenfurt.at\/de\/","logo":{"@type":"ImageObject","inLanguage":"de","@id":"https:\/\/www.visitklagenfurt.at\/de\/#\/schema\/logo\/image\/","url":"https:\/\/www.visitklagenfurt.at\/wp-content\/uploads\/2022\/03\/DT_K_Klagenfurt_S_RGB.png","contentUrl":"https:\/\/www.visitklagenfurt.at\/wp-content\/uploads\/2022\/03\/DT_K_Klagenfurt_S_RGB.png","width":2082,"height":1511,"caption":"Tourismus Region Klagenfurt am W\u00f6rthersee GmbH"},"image":{"@id":"https:\/\/www.visitklagenfurt.at\/de\/#\/schema\/logo\/image\/"}},{"@type":"Person","@id":"https:\/\/www.visitklagenfurt.at\/de\/#\/schema\/person\/ff6e2ff5da4943f8ce5aa0eb7608c20a","name":"Isabella Sch\u00f6ndorfer","image":{"@type":"ImageObject","inLanguage":"de","@id":"https:\/\/www.visitklagenfurt.at\/wp-content\/uploads\/2020\/07\/isabella_sch\u00f6ndorfer_autor.jpg","url":"https:\/\/www.visitklagenfurt.at\/wp-content\/uploads\/2020\/07\/isabella_sch\u00f6ndorfer_autor.jpg","contentUrl":"https:\/\/www.visitklagenfurt.at\/wp-content\/uploads\/2020\/07\/isabella_sch\u00f6ndorfer_autor.jpg","caption":"Isabella Sch\u00f6ndorfer"},"description":"Ich bin Klagenfurt! Ich bin Bella Sch\u00f6n. Kein marketinggesteuerter Fake-Account. Denn hinter dem ehrlichen Alias stecken facettenreiche Geschichten \u00fcber meine Heimatstadt bella Klagenfurt. Immer mit dabei: eine Extraportion Geheimtipp. Geboren in der s\u00fcdlichsten Hauptstadt \u00d6sterreichs und aufgewachsen ganz normal am schillernden W\u00f6rthersee. Wie fast jeden K\u00e4rntner hat es auch mich f\u00fcr eine Zeit \u00fcber die Grenzen der Stadt, des Landes und tu felix Austria verschlagen. Doch nur, um eines Tages wieder zur\u00fcckzukehren. Denn nicht nur mit allen heimischen Wassern gewaschen, sondern auch im geliebten W\u00f6rthersee gebadet, habe ich vieles \u00fcber Klagenfurt zu erz\u00e4hlen und so manches Schmankerl f\u00fcr euch parat. Lasst euch ein auf unsere Br\u00e4uche, Sitten und das herzliche Gem\u00fct, das das urbane Klagenfurt so f\u00fcr uns alle zu bieten hat!","url":"https:\/\/www.visitklagenfurt.at\/de\/author\/isabella_schoendorfer\/"}]}},"_links":{"self":[{"href":"https:\/\/www.visitklagenfurt.at\/de\/wp-json\/wp\/v2\/posts\/3955","targetHints":{"allow":["GET"]}}],"collection":[{"href":"https:\/\/www.visitklagenfurt.at\/de\/wp-json\/wp\/v2\/posts"}],"about":[{"href":"https:\/\/www.visitklagenfurt.at\/de\/wp-json\/wp\/v2\/types\/post"}],"author":[{"embeddable":true,"href":"https:\/\/www.visitklagenfurt.at\/de\/wp-json\/wp\/v2\/users\/5"}],"replies":[{"embeddable":true,"href":"https:\/\/www.visitklagenfurt.at\/de\/wp-json\/wp\/v2\/comments?post=3955"}],"version-history":[{"count":38,"href":"https:\/\/www.visitklagenfurt.at\/de\/wp-json\/wp\/v2\/posts\/3955\/revisions"}],"predecessor-version":[{"id":71923,"href":"https:\/\/www.visitklagenfurt.at\/de\/wp-json\/wp\/v2\/posts\/3955\/revisions\/71923"}],"wp:featuredmedia":[{"embeddable":true,"href":"https:\/\/www.visitklagenfurt.at\/de\/wp-json\/wp\/v2\/media\/59829"}],"wp:attachment":[{"href":"https:\/\/www.visitklagenfurt.at\/de\/wp-json\/wp\/v2\/media?parent=3955"}],"wp:term":[{"taxonomy":"category","embeddable":true,"href":"https:\/\/www.visitklagenfurt.at\/de\/wp-json\/wp\/v2\/categories?post=3955"},{"taxonomy":"post_tag","embeddable":true,"href":"https:\/\/www.visitklagenfurt.at\/de\/wp-json\/wp\/v2\/tags?post=3955"}],"curies":[{"name":"wp","href":"https:\/\/api.w.org\/{rel}","templated":true}]}}