{"id":42412,"date":"2022-09-27T10:00:00","date_gmt":"2022-09-27T08:00:00","guid":{"rendered":"https:\/\/www.visitklagenfurt.at\/?p=42412"},"modified":"2024-07-22T13:30:35","modified_gmt":"2024-07-22T11:30:35","slug":"die-besten-veranstaltungen-an-den-tagen-der-alpen-adria-kueche-2022","status":"publish","type":"post","link":"https:\/\/www.visitklagenfurt.at\/de\/blog\/essen-trinken\/die-besten-veranstaltungen-an-den-tagen-der-alpen-adria-kueche-2022\/","title":{"rendered":"R\u00fcckblick: Die besten Veranstaltungen der Tage der Alpen-Adria K\u00fcche 2022"},"content":{"rendered":"\n<p>Die Alpen-Adria Region geh\u00f6rt wohl zu einem der spannendsten Landstriche Europas \u2013 kulturell wie kulinarisch. Im Zusammenfluss der drei gro\u00dfen europ\u00e4ischen Kulturen konnte \u00fcber die Jahrhunderte eine nuancierte Vielfalt heranwachsen.&nbsp;<\/p>\n\n\n\n<p>Besonders in der K\u00fcche sch\u00f6pft man aus den nat\u00fcrlich vorhandenen Reicht\u00fcmern \u2013 vom mediterran gepr\u00e4gten K\u00fcstenland \u00fcber den Karst und das Alpenvorland bis hin zum Hochgebirge der Ostalpen.<\/p>\n\n\n\n<p>Bereits zum f\u00fcnften Mal liefen all diese F\u00e4den w\u00e4hrend der <a href=\"https:\/\/www.visitklagenfurt.at\/de\/die-tage-der-alpen-adria-kueche\/\">Tage der Alpen-Adria K\u00fcche<\/a> in Klagenfurt, dem Herz dieser Region, zusammen. Unter der Pr\u00e4misse des guten Geschmacks brachten Produzenten, Lieferanten und K\u00f6che aus dem gesamten Alpen-Adria Raum ihre abwechslungsreichen Erzeugnisse und Kochtraditionen mit.<\/p>\n\n\n\n<h2 class=\"wp-block-heading\" id=\"h-kochkunst-auf-hochstem-niveau\">Kochkunst auf h\u00f6chstem Niveau<\/h2>\n\n\n\n<p>W\u00e4hrend der Tage der Alpen-Adria K\u00fcche versammelt sich j\u00e4hrlich in Klagenfurt die <strong>Top-Liga der interregionalen Kulinarik<\/strong>. Tradition und Innovation verschmelzen hier zu wahren Kunstwerken auf den Tellern, die nicht nur geschmacklich und \u00e4sthetisch ein Genuss sind, sondern auch eine klare Linie f\u00fcr die Zukunft der Gastronomie vorlegen.<\/p>\n\n\n\n<blockquote class=\"wp-block-quote is-layout-flow wp-block-quote-is-layout-flow\">\n<p><em>&nbsp;\u201eQualit\u00e4t und Produktionsbedingungen m\u00fcssen Hand und Fu\u00df haben.\u201c <\/em><\/p>\n<cite><em>Walter Triebl<\/em><\/cite><\/blockquote>\n\n\n\n<p>Insgesamt waren knapp <strong>30 K\u00fcchenchefs aus Slowenien, Italien und \u00d6sterreich<\/strong> in Klagenfurt zu Gast. Darunter Kapazunder wie Fabrizia Meroi, Toma\u017e Kav\u010di\u010d, Igor Jagodic, Roland Essl, Sepp Schellhorn oder Manuel Ressi.<\/p>\n\n\n\n<p>Gekocht wurde in den K\u00fcchen ausgew\u00e4hlter Klagenfurter Gastronomen, unter anderem in der <a href=\"https:\/\/kochwerkstatt.edan.io\/\">Kochwerkstatt<\/a> von Christian Cabalier oder am Herd von Zlatko Konec im <a href=\"http:\/\/www.sandwirt.at\/de\/gasthof\/\">Sandwirt<\/a> in Maria Saal.<\/p>\n\n\n\n<div class=\"wp-block-group cta-group is-layout-flow wp-block-group-is-layout-flow\">\n<figure class=\"wp-block-image size-full cta-image\"><img fetchpriority=\"high\" decoding=\"async\" width=\"968\" height=\"1020\" src=\"https:\/\/www.visitklagenfurt.at\/wp-content\/uploads\/2022\/08\/TdAAK_A-5_Titelseite-3.jpg\" alt=\"Flyer der Tage der Alpen-Adria K\u00fcche Veranstaltung in Klagenfurt 2022\" class=\"wp-image-42437\"\/><\/figure>\n\n\n\n<div class=\"wp-block-group cta-content-group is-layout-flow wp-block-group-is-layout-flow\">\n<h3 class=\"wp-block-heading\" id=\"h-tage-der-alpen-adria-kuche\">Tage der Alpen-Adria K\u00fcche <\/h3>\n\n\n\n<p>W\u00e4hrend der Tage der Alpen-Adria K\u00fcche \u2013 der Hochzeit des guten Geschmacks \u2013 treffen j\u00e4hrlich im September zahlreiche Gastk\u00f6che aus dem Alpen-Adria Raum auf Spitzenk\u00f6che der heimischen Szene.<\/p>\n\n\n\n<div class=\"wp-block-buttons is-layout-flex wp-block-buttons-is-layout-flex\">\n<div class=\"wp-block-button grau\"><a class=\"wp-block-button__link wp-element-button\" href=\"https:\/\/www.visitklagenfurt.at\/de\/die-tage-der-alpen-adria-kueche\/\">MEHR ERFAHREN<\/a><\/div>\n<\/div>\n<\/div>\n<\/div>\n\n\n\n<p><\/p>\n\n\n\n<h3 class=\"wp-block-heading\" id=\"h-davide-de-pra\">Davide De Pra<\/h3>\n\n\n\n<p>Angef\u00fchrt wurde der hochdekorierte Reigen von Davide De Pra, dessen triestiner Restaurant <a href=\"https:\/\/www.harrystrieste.it\/it\/harrys-piccolo\/\">Harry\u2019s Piccolo<\/a> 2022 wieder mit <strong>zwei Michelin Sternen<\/strong> empfohlen wird. Aus der Provinz Belluno stammend, kocht Davide De Pra heute an der Adriak\u00fcste.&nbsp;<\/p>\n\n\n\n<p>Damit verk\u00f6rpert er wie kaum ein anderer die <strong>Verbindung zwischen Bergen und Meer<\/strong>. Das schmeckt man auch in seinen Gerichten, die gepr\u00e4gt sind von Passion und Wertsch\u00e4tzung gegen\u00fcber den Ausgangsprodukten.<\/p>\n\n\n\n<blockquote class=\"wp-block-quote is-layout-flow wp-block-quote-is-layout-flow\">\n<p><em>\u201eSich in der Wahl der verwendeten Produkte rigoros einzuschr\u00e4nken, ist wie einem Maler gewisse Farben vorzuenthalten. Um die gr\u00f6\u00dftm\u00f6gliche Qualit\u00e4t bieten zu k\u00f6nnen, muss das gesamte Spektrum zur Verf\u00fcgung stehen.\u201c <\/em><\/p>\n<cite><em>Davide De Pra<\/em><\/cite><\/blockquote>\n\n\n\n<p>In seinen Rezepten prallen Jahrhunderte der italienischen Kochkunst auf die F\u00e4higkeit, diese unter modernen Vorzeichen neu zu interpretieren. Klassiker der italienischen K\u00fcche verwandeln sich so in ein zeitgen\u00f6ssisches Spiel aus neuen Aromen und Kontrasten, ohne deren <strong>Ursprung <\/strong>zu vergessen.<\/p>\n\n\n\n<p>Dem Konzept des \u201cKm0\u201d (ital. kilometro zero, Anm.), also kurze Transportwege um jeden Preis, setzt er den \u201cKm Vero\u201d (echte Kilometer, Anm.) entgegen. Denn Qualit\u00e4t kennt keine territorialen Grenzen. Vielmehr geht es darum, st\u00e4ndig auf der Suche nach den besten Produkten zu sein,<strong> einheimische Elemente mit exotischen Zutaten zu verschmelzen<\/strong> und so, \u00e4hnlich wie ein Schiff, ferne Welten zu erkunden.<\/p>\n\n\n\n<figure class=\"wp-block-gallery has-nested-images columns-2 is-cropped wp-block-gallery-1 is-layout-flex wp-block-gallery-is-layout-flex\">\n<figure class=\"wp-block-image size-large\"><img decoding=\"async\" width=\"1020\" height=\"680\" data-id=\"42451\" src=\"https:\/\/www.visitklagenfurt.at\/wp-content\/uploads\/2022\/08\/DAVIDE-DE-PRA-Spaghetto-freddo-Km4198-Ph-R.Pastrovicchio.jpg\" alt=\"Spaghetti mit frischen Garnelen im Harry's Piccolo von Davide De Pra \" class=\"wp-image-42451\"\/><\/figure>\n\n\n\n<figure class=\"wp-block-image size-large\"><img decoding=\"async\" width=\"785\" height=\"1020\" data-id=\"42459\" src=\"https:\/\/www.visitklagenfurt.at\/wp-content\/uploads\/2022\/08\/Harrysotto-Ph-Roberto-Pastrovicchio-.jpg\" alt=\"Risotto mit Basilikum in Harry's Piccolo von Davide De Pra \" class=\"wp-image-42459\"\/><\/figure>\n\n\n\n<figure class=\"wp-block-image size-large\"><img loading=\"lazy\" decoding=\"async\" width=\"1020\" height=\"681\" data-id=\"42455\" src=\"https:\/\/www.visitklagenfurt.at\/wp-content\/uploads\/2022\/08\/Davide-de-Pra.jpg.jpg\" alt=\"Spitzenkoch Davide De Pra vor dem Eingang des Harry's Piccolo in der Piazza dell'Unit\u00e0 in Triest\" class=\"wp-image-42455\"\/><\/figure>\n<\/figure>\n\n\n\n<h3 class=\"wp-block-heading\" id=\"h-walter-triebl\">Walter Triebl<\/h3>\n\n\n\n<p>Die \u00d6sterreichische Cuisine wurde mit Walter Triebl vertreten, der mit drei Hauben das Restaurant <a href=\"https:\/\/lilli-fehring.at\/\">Lilli in Fehring<\/a> f\u00fchrt. Der steirische Ausnahmekoch hat sich weit \u00fcber die Grenzen der gr\u00fcnen Mark hinaus mit seiner innovativen Regionalk\u00fcche einen Namen gemacht.&nbsp;<\/p>\n\n\n\n<p>Mittlerweile z\u00e4hlt er zu den<strong> Top-30 K\u00f6chen \u00d6sterreichs<\/strong> und schafft es mit Charme und Qualit\u00e4t den Graben zwischen <strong>Spitzengastronomie und Hausmannskost<\/strong> spielerisch zu \u00fcberbr\u00fccken.<\/p>\n\n\n\n<p>Seine dynamische und leichte K\u00fcche minimiert den Einsatz von Fleisch und r\u00fcckt Fisch und Gem\u00fcse in den Mittelpunkt. Reichhaltige S\u00e4ttigungsbeilagen sucht man auf seiner Karte vergebens.&nbsp;<\/p>\n\n\n\n<blockquote class=\"wp-block-quote is-layout-flow wp-block-quote-is-layout-flow\">\n<p><em>\u201eBevor ich eine Gebirgsgarnele aus Tirol bestelle, die bis zu sieben Stunden zu uns unterwegs ist, kaufe ich frische Ware in Triest oder Istrien, die in maximal drei Stunden bei uns im Restaurant sind. Wieso sollten also keine Meeresfische auf unserer Karte stehen?\u201c <\/em><\/p>\n<cite><em>Walter Triebl<\/em><\/cite><\/blockquote>\n\n\n\n<p>Daf\u00fcr sch\u00f6pft er tief aus der qualitativen Vielfalt des steirischen Vulkanlandes und profitiert von der geographischen N\u00e4he zu Ungarn, Slowenien und Istrien. Damit setzt er neue Ma\u00dfst\u00e4be in der \u00f6sterreichischen Wirtshausk\u00fcche.<\/p>\n\n\n\n<figure class=\"wp-block-gallery has-nested-images columns-default is-cropped wp-block-gallery-2 is-layout-flex wp-block-gallery-is-layout-flex\">\n<figure class=\"wp-block-image size-large\"><img loading=\"lazy\" decoding=\"async\" width=\"1942\" height=\"2048\" data-id=\"40384\" src=\"https:\/\/www.visitklagenfurt.at\/wp-content\/uploads\/2020\/12\/Lilli_Portraits_300dpi_004-2.jpg\" alt=\"Portrait des Spitzenkochs Walter Triebl\" class=\"wp-image-40384\"\/><\/figure>\n<\/figure>\n\n\n\n<figure class=\"wp-block-gallery has-nested-images columns-default is-cropped wp-block-gallery-3 is-layout-flex wp-block-gallery-is-layout-flex\">\n<figure class=\"wp-block-image size-large\"><img loading=\"lazy\" decoding=\"async\" width=\"680\" height=\"1020\" data-id=\"42470\" src=\"https:\/\/www.visitklagenfurt.at\/wp-content\/uploads\/2022\/08\/Lilli_Food_06-21_300dpi_001.jpg\" alt=\"Eine der Kreationen von Walter Triebl im Gasthaus Sandwirt\" class=\"wp-image-42470\"\/><\/figure>\n<\/figure>\n\n\n\n<h3 class=\"wp-block-heading\" id=\"h-martina-breznik\">Martina Breznik<\/h3>\n\n\n\n<p>Martina Breznik macht aus ihrem Faible f\u00fcr regionale Spezialit\u00e4ten keinen Hehl. An den Ausl\u00e4ufern der Steiner Alpen f\u00fchrt sie das Traditionsgasthaus <a href=\"https:\/\/raduha.com\/de\/\">Raduha<\/a>, in dem seit 1875 G\u00e4ste auf h\u00f6chstem Niveau verk\u00f6stigt werden.&nbsp;<\/p>\n\n\n\n<p>Mit enormen <strong>Einfallsreichtum und Liebe<\/strong> zu den M\u00f6glichkeiten des umliegenden Landes ist es Martina Breznik gelungen, die alpine slowenische K\u00fcche zu perfektionieren und ins neue Jahrtausend zu \u00fcberf\u00fchren.<\/p>\n\n\n\n<blockquote class=\"wp-block-quote is-layout-flow wp-block-quote-is-layout-flow\">\n<p><em>\u201eTradition ist ein Reichtum, den wir hoch achten und versuchen, auf die junge Generation zu \u00fcbertragen.\u201c <\/em><\/p>\n<cite><em>Martina Breznik<\/em><\/cite><\/blockquote>\n\n\n\n<p>Unerm\u00fcdlich sucht sie im eigenen Garten und den benachbarten Wiesen und W\u00e4ldern nach neuen Aromen, um die <strong>Natur in all ihren Facetten auf den Teller zu bringen<\/strong>. Diese Balance zwischen Tradition und neuen Ideen, erstklassigen Zutaten und innovativer Verwendung macht die Hi\u0161a Raduha zu einer der besten Adressen Sloweniens.<\/p>\n\n\n\n<blockquote class=\"instagram-media\" data-instgrm-permalink=\"https:\/\/www.instagram.com\/p\/CZm8QJZo3eo\/?utm_source=ig_embed&amp;utm_campaign=loading\" data-instgrm-version=\"14\" style=\" background:#FFF; border:0; border-radius:3px; box-shadow:0 0 1px 0 rgba(0,0,0,0.5),0 1px 10px 0 rgba(0,0,0,0.15); margin: 1px; max-width:540px; min-width:326px; padding:0; width:99.375%; width:-webkit-calc(100% - 2px); width:calc(100% - 2px);\"><div style=\"padding:16px;\"> <a href=\"https:\/\/www.instagram.com\/p\/CZm8QJZo3eo\/?utm_source=ig_embed&amp;utm_campaign=loading\" style=\" background:#FFFFFF; line-height:0; padding:0 0; text-align:center; text-decoration:none; width:100%;\" target=\"_blank\" rel=\"noopener\"> <div style=\" display: flex; flex-direction: row; align-items: center;\"> <div style=\"background-color: #F4F4F4; border-radius: 50%; flex-grow: 0; height: 40px; margin-right: 14px; width: 40px;\"><\/div> <div style=\"display: flex; flex-direction: column; flex-grow: 1; justify-content: center;\"> <div style=\" background-color: #F4F4F4; border-radius: 4px; flex-grow: 0; height: 14px; margin-bottom: 6px; width: 100px;\"><\/div> <div style=\" background-color: #F4F4F4; border-radius: 4px; flex-grow: 0; height: 14px; width: 60px;\"><\/div><\/div><\/div><div style=\"padding: 19% 0;\"><\/div> <div style=\"display:block; height:50px; margin:0 auto 12px; width:50px;\"><svg width=\"50px\" height=\"50px\" viewBox=\"0 0 60 60\" version=\"1.1\" xmlns=\"https:\/\/www.w3.org\/2000\/svg\" xmlns:xlink=\"https:\/\/www.w3.org\/1999\/xlink\"><g stroke=\"none\" stroke-width=\"1\" fill=\"none\" fill-rule=\"evenodd\"><g transform=\"translate(-511.000000, -20.000000)\" fill=\"#000000\"><g><path d=\"M556.869,30.41 C554.814,30.41 553.148,32.076 553.148,34.131 C553.148,36.186 554.814,37.852 556.869,37.852 C558.924,37.852 560.59,36.186 560.59,34.131 C560.59,32.076 558.924,30.41 556.869,30.41 M541,60.657 C535.114,60.657 530.342,55.887 530.342,50 C530.342,44.114 535.114,39.342 541,39.342 C546.887,39.342 551.658,44.114 551.658,50 C551.658,55.887 546.887,60.657 541,60.657 M541,33.886 C532.1,33.886 524.886,41.1 524.886,50 C524.886,58.899 532.1,66.113 541,66.113 C549.9,66.113 557.115,58.899 557.115,50 C557.115,41.1 549.9,33.886 541,33.886 M565.378,62.101 C565.244,65.022 564.756,66.606 564.346,67.663 C563.803,69.06 563.154,70.057 562.106,71.106 C561.058,72.155 560.06,72.803 558.662,73.347 C557.607,73.757 556.021,74.244 553.102,74.378 C549.944,74.521 548.997,74.552 541,74.552 C533.003,74.552 532.056,74.521 528.898,74.378 C525.979,74.244 524.393,73.757 523.338,73.347 C521.94,72.803 520.942,72.155 519.894,71.106 C518.846,70.057 518.197,69.06 517.654,67.663 C517.244,66.606 516.755,65.022 516.623,62.101 C516.479,58.943 516.448,57.996 516.448,50 C516.448,42.003 516.479,41.056 516.623,37.899 C516.755,34.978 517.244,33.391 517.654,32.338 C518.197,30.938 518.846,29.942 519.894,28.894 C520.942,27.846 521.94,27.196 523.338,26.654 C524.393,26.244 525.979,25.756 528.898,25.623 C532.057,25.479 533.004,25.448 541,25.448 C548.997,25.448 549.943,25.479 553.102,25.623 C556.021,25.756 557.607,26.244 558.662,26.654 C560.06,27.196 561.058,27.846 562.106,28.894 C563.154,29.942 563.803,30.938 564.346,32.338 C564.756,33.391 565.244,34.978 565.378,37.899 C565.522,41.056 565.552,42.003 565.552,50 C565.552,57.996 565.522,58.943 565.378,62.101 M570.82,37.631 C570.674,34.438 570.167,32.258 569.425,30.349 C568.659,28.377 567.633,26.702 565.965,25.035 C564.297,23.368 562.623,22.342 560.652,21.575 C558.743,20.834 556.562,20.326 553.369,20.18 C550.169,20.033 549.148,20 541,20 C532.853,20 531.831,20.033 528.631,20.18 C525.438,20.326 523.257,20.834 521.349,21.575 C519.376,22.342 517.703,23.368 516.035,25.035 C514.368,26.702 513.342,28.377 512.574,30.349 C511.834,32.258 511.326,34.438 511.181,37.631 C511.035,40.831 511,41.851 511,50 C511,58.147 511.035,59.17 511.181,62.369 C511.326,65.562 511.834,67.743 512.574,69.651 C513.342,71.625 514.368,73.296 516.035,74.965 C517.703,76.634 519.376,77.658 521.349,78.425 C523.257,79.167 525.438,79.673 528.631,79.82 C531.831,79.965 532.853,80.001 541,80.001 C549.148,80.001 550.169,79.965 553.369,79.82 C556.562,79.673 558.743,79.167 560.652,78.425 C562.623,77.658 564.297,76.634 565.965,74.965 C567.633,73.296 568.659,71.625 569.425,69.651 C570.167,67.743 570.674,65.562 570.82,62.369 C570.966,59.17 571,58.147 571,50 C571,41.851 570.966,40.831 570.82,37.631\"><\/path><\/g><\/g><\/g><\/svg><\/div><div style=\"padding-top: 8px;\"> <div style=\" color:#3897f0; font-family:Arial,sans-serif; font-size:14px; font-style:normal; font-weight:550; line-height:18px;\">Sieh dir diesen Beitrag auf Instagram an<\/div><\/div><div style=\"padding: 12.5% 0;\"><\/div> <div style=\"display: flex; flex-direction: row; margin-bottom: 14px; align-items: center;\"><div> <div style=\"background-color: #F4F4F4; border-radius: 50%; height: 12.5px; width: 12.5px; transform: translateX(0px) translateY(7px);\"><\/div> <div style=\"background-color: #F4F4F4; height: 12.5px; transform: rotate(-45deg) translateX(3px) translateY(1px); width: 12.5px; flex-grow: 0; margin-right: 14px; margin-left: 2px;\"><\/div> <div style=\"background-color: #F4F4F4; border-radius: 50%; height: 12.5px; width: 12.5px; transform: translateX(9px) translateY(-18px);\"><\/div><\/div><div style=\"margin-left: 8px;\"> <div style=\" background-color: #F4F4F4; border-radius: 50%; flex-grow: 0; height: 20px; width: 20px;\"><\/div> <div style=\" width: 0; height: 0; border-top: 2px solid transparent; border-left: 6px solid #f4f4f4; border-bottom: 2px solid transparent; transform: translateX(16px) translateY(-4px) rotate(30deg)\"><\/div><\/div><div style=\"margin-left: auto;\"> <div style=\" width: 0px; border-top: 8px solid #F4F4F4; border-right: 8px solid transparent; transform: translateY(16px);\"><\/div> <div style=\" background-color: #F4F4F4; flex-grow: 0; height: 12px; width: 16px; transform: translateY(-4px);\"><\/div> <div style=\" width: 0; height: 0; border-top: 8px solid #F4F4F4; border-left: 8px solid transparent; transform: translateY(-4px) translateX(8px);\"><\/div><\/div><\/div> <div style=\"display: flex; flex-direction: column; flex-grow: 1; justify-content: center; margin-bottom: 24px;\"> <div style=\" background-color: #F4F4F4; border-radius: 4px; flex-grow: 0; height: 14px; margin-bottom: 6px; width: 224px;\"><\/div> <div style=\" background-color: #F4F4F4; border-radius: 4px; flex-grow: 0; height: 14px; width: 144px;\"><\/div><\/div><\/a><p style=\" color:#c9c8cd; font-family:Arial,sans-serif; font-size:14px; line-height:17px; margin-bottom:0; margin-top:8px; overflow:hidden; padding:8px 0 7px; text-align:center; text-overflow:ellipsis; white-space:nowrap;\"><a href=\"https:\/\/www.instagram.com\/p\/CZm8QJZo3eo\/?utm_source=ig_embed&amp;utm_campaign=loading\" style=\" color:#c9c8cd; font-family:Arial,sans-serif; font-size:14px; font-style:normal; font-weight:normal; line-height:17px; text-decoration:none;\" target=\"_blank\" rel=\"noopener\">Ein Beitrag geteilt von His\u030ca Raduha (@hisa_raduha)<\/a><\/p><\/div><\/blockquote> <script async=\"\" src=\"\/\/www.instagram.com\/embed.js\"><\/script>\n\n\n\n<h3 class=\"wp-block-heading\" id=\"h-charming-italian-chef\">Charming Italian Chef<\/h3>\n\n\n\n<p>In Kooperation mit <a href=\"https:\/\/charmingitalianchef.com\/\">Charming Italian Chef<\/a>, einem der wichtigsten Kochverb\u00e4nde Italiens, waren auch heuer wieder <strong>vier kreative K\u00fcchenchefs aus Italien <\/strong>in Klagenfurt zu Gast.&nbsp;<\/p>\n\n\n\n<p>Mit ihren exquisiten Kreationen brillieren sie nicht nur auf kulinarischer Ebene, sondern auch mit einem nachhaltigen und modernen Kochstil \u2013 dem kann man einfach nicht widerstehen.<\/p>\n\n\n\n<figure class=\"wp-block-gallery has-nested-images columns-2 is-cropped wp-block-gallery-4 is-layout-flex wp-block-gallery-is-layout-flex\">\n<figure class=\"wp-block-image size-large\"><a href=\"https:\/\/www.visitklagenfurt.at\/wp-content\/uploads\/2022\/08\/tdaak_das_hobisch_charming_italian_chef_2022_c-tourismus_region_klagenfurt_am_woerthersee_niko_opetnik_33_jpg-web.jpeg\"><img loading=\"lazy\" decoding=\"async\" width=\"2048\" height=\"1365\" data-id=\"45340\" src=\"https:\/\/www.visitklagenfurt.at\/wp-content\/uploads\/2022\/08\/tdaak_das_hobisch_charming_italian_chef_2022_c-tourismus_region_klagenfurt_am_woerthersee_niko_opetnik_33_jpg-web.jpeg\" alt=\"\" class=\"wp-image-45340\"\/><\/a><\/figure>\n\n\n\n<figure class=\"wp-block-image size-large\"><a href=\"https:\/\/www.visitklagenfurt.at\/wp-content\/uploads\/2022\/08\/tdaak_das_hobisch_charming_italian_chef_2022_c-tourismus_region_klagenfurt_am_woerthersee_niko_opetnik_42_jpg-web.jpeg\"><img loading=\"lazy\" decoding=\"async\" width=\"2048\" height=\"1365\" data-id=\"45344\" src=\"https:\/\/www.visitklagenfurt.at\/wp-content\/uploads\/2022\/08\/tdaak_das_hobisch_charming_italian_chef_2022_c-tourismus_region_klagenfurt_am_woerthersee_niko_opetnik_42_jpg-web.jpeg\" alt=\"\" class=\"wp-image-45344\"\/><\/a><\/figure>\n\n\n\n<figure class=\"wp-block-image size-large\"><a href=\"https:\/\/www.visitklagenfurt.at\/wp-content\/uploads\/2022\/08\/tdaak_das_hobisch_charming_italian_chef_2022_c-tourismus_region_klagenfurt_am_woerthersee_niko_opetnik_9_jpg-web.jpeg\"><img loading=\"lazy\" decoding=\"async\" width=\"1365\" height=\"2048\" data-id=\"45348\" src=\"https:\/\/www.visitklagenfurt.at\/wp-content\/uploads\/2022\/08\/tdaak_das_hobisch_charming_italian_chef_2022_c-tourismus_region_klagenfurt_am_woerthersee_niko_opetnik_9_jpg-web.jpeg\" alt=\"\" class=\"wp-image-45348\"\/><\/a><figcaption class=\"wp-element-caption\">(c) Niko Opetnik<\/figcaption><\/figure>\n<\/figure>\n\n\n\n<h2 class=\"wp-block-heading\" id=\"h-esskultur-in-all-ihren-facetten\">Esskultur in all ihren Facetten<\/h2>\n\n\n\n<p>Kulinarische Exzellenz entsteht aber nicht nur allein durch K\u00fcchenchefs. Ohne erstklassige Produzenten ist selbst der beste Koch alleine auf weiter Flur. Und nat\u00fcrlich darf auch das richtige Ambiente nicht zu kurz kommen.&nbsp;<\/p>\n\n\n\n<p>Das Programm gestaltete sich deshalb noch vielf\u00e4ltiger, noch breiter und noch unterhaltsamer als je zuvor.<\/p>\n\n\n\n<p>Auch die Theorie ist viel mehr als nur Beiwerk, wenn es um Genuss im 21. Jahrhundert geht \u2013 und das gilt in der K\u00fcche gleicherma\u00dfen wie am Esstisch. Erst im Zusammenspiel all dieser Faktoren kann sich der Genuss in all seinen Facetten entfalten.<\/p>\n\n\n\n<blockquote class=\"wp-block-quote is-layout-flow wp-block-quote-is-layout-flow\">\n<p><em>\u201eWir brauchen keine Kochshows, wir brauchen ein gefestigtes Allgemeinwissen rund ums Kochen.\u201c <\/em><\/p>\n<cite><em>Lojze Wieser<\/em><\/cite><\/blockquote>\n\n\n\n<h3 class=\"wp-block-heading\" id=\"h-1-karntner-winzerfest\">1. K\u00e4rntner Winzerfest<\/h3>\n\n\n\n<p>Dass sich K\u00e4rnten mittlerweile zu einem ernstzunehmenden Weinland gemausert hat, ist mittlerweile kein Geheimnis mehr. Das ist vor allem der Verdienst hartn\u00e4ckiger und vorausschauender Weinbauern, die in ihren Kellern Reben zu ausgezeichneten Tropfen veredeln.<\/p>\n\n\n\n<p>Beim 1. K\u00e4rntner Winzerfest pr\u00e4sentierten die hiesige Winzerelite ihre Weine und stie\u00dfen gleichzeitig auf <strong>820 Jahre Weinbau in K\u00e4rnten<\/strong> an. Mit dabei waren unter anderem erlesene Weine vom Lenzbauer, von den Weing\u00fctern Karnburg und Kreuzschneider sowie von den Klagenfurter Stadtwinzern.<\/p>\n\n\n\n<div class=\"wp-block-group cta-group is-layout-flow wp-block-group-is-layout-flow\">\n<figure class=\"wp-block-image size-full cta-image\"><img loading=\"lazy\" decoding=\"async\" width=\"1020\" height=\"680\" src=\"https:\/\/www.visitklagenfurt.at\/wp-content\/uploads\/2021\/10\/tdaak_leiten_max-stiegel_2021_c-TVB-Klagenfurt-Lukas-Lenhardt-9.jpg\" alt=\"Weinrebe mit reifen Weintrauben \" class=\"wp-image-29906\"\/><\/figure>\n\n\n\n<div class=\"wp-block-group cta-content-group is-layout-flow wp-block-group-is-layout-flow\">\n<h3 class=\"wp-block-heading\" id=\"h-weinland-karnten-die-ganz-besonderen-tropfen\">Weinland K\u00e4rnten: Die ganz besonderen Tropfen<\/h3>\n\n\n\n<p>Es lohnt sich nat\u00fcrlich, alle diese Tropfen zu kosten. Welche Winzer aber rings um Klagenfurt am W\u00f6rthersee ganz besonders hervorstechen, erfahrt ihr hier.<\/p>\n\n\n\n<div class=\"wp-block-buttons is-layout-flex wp-block-buttons-is-layout-flex\">\n<div class=\"wp-block-button grau\"><a class=\"wp-block-button__link wp-element-button\" href=\"https:\/\/www.visitklagenfurt.at\/de\/blog\/essen-trinken\/weinland-kaernten-die-ganz-besonderen-tropfen\/\">MEHR ERFAHREN<\/a><\/div>\n<\/div>\n<\/div>\n<\/div>\n\n\n\n<p><\/p>\n\n\n\n<h3 class=\"wp-block-heading\" id=\"h-total-belammert\">Total beL\u00c4MMERt\u2026<\/h3>\n\n\n\n<p>Der Moosburger <a href=\"https:\/\/www.shoaf-bauer.at\/\">Shoaf-Bauer<\/a> Thomas Koch produziert unter besten Voraussetzungen und im Einklang mit der Natur Lammfleisch h\u00f6chster G\u00fcte. Seine Tiere ern\u00e4hren sich vorwiegend von frischen Wiesenkr\u00e4utern, aromatischem Heu und Gerste.&nbsp;<\/p>\n\n\n\n<p>Auch bei der Schlachtung wird darauf geachtet, den Vorgang f\u00fcr das Tier so stressfrei wie m\u00f6glich zu gestalten. Ein Aufwand, der sich geschmacklich auf jeden Fall bezahlt macht!<\/p>\n\n\n\n<p>Verkocht wurde dieses K\u00e4rntner Qualit\u00e4tslamm vom Klagenfurter Meister der Fusion K\u00fcche Abnoub Shenouda in einem exquisiten 6-G\u00e4nge Men\u00fc.<\/p>\n\n\n\n<figure class=\"wp-block-gallery has-nested-images columns-default is-cropped wp-block-gallery-5 is-layout-flex wp-block-gallery-is-layout-flex\">\n<figure class=\"wp-block-image size-large\"><img loading=\"lazy\" decoding=\"async\" width=\"1020\" height=\"680\" data-id=\"41199\" src=\"https:\/\/www.visitklagenfurt.at\/wp-content\/uploads\/2020\/12\/IMG-20220616-WA0009-2.jpg\" alt=\"Spitzenkoch Abnoub Shenouda\" class=\"wp-image-41199\"\/><\/figure>\n<\/figure>\n\n\n\n<figure class=\"wp-block-gallery has-nested-images columns-default is-cropped wp-block-gallery-6 is-layout-flex wp-block-gallery-is-layout-flex\">\n<figure class=\"wp-block-image size-full\"><img loading=\"lazy\" decoding=\"async\" width=\"1020\" height=\"679\" data-id=\"41142\" src=\"https:\/\/www.visitklagenfurt.at\/wp-content\/uploads\/2021\/08\/ShoafBauer-112.jpg\" alt=\"Bauer von Shoaf-Bauer beim Reinigen des Ziegenstalls\" class=\"wp-image-41142\"\/><\/figure>\n<\/figure>\n\n\n\n<h3 class=\"wp-block-heading\" id=\"h-stilsicher-am-tisch\">Stilsicher am Tisch<\/h3>\n\n\n\n<p>Wie organisiert man die perfekte Tafel? Was sind die passenden Accessoires? Und was macht einen herausragenden Gastgeber aus? Hochzeitsplanerin und Stilberaterin <a href=\"https:\/\/www.agenturperfect.com\/\">Brigitte Truppe-B\u00fcrger<\/a> alias &#8222;Mrs. Perfect\u201c erkl\u00e4rte die Do\u2019s and Don&#8217;ts bei Tisch und gab Einblicke in die kleinen Feinheiten der gepflegten Tischkultur.<\/p>\n\n\n\n<figure class=\"wp-block-gallery has-nested-images columns-default is-cropped wp-block-gallery-7 is-layout-flex wp-block-gallery-is-layout-flex\">\n<figure class=\"wp-block-image size-large\"><img loading=\"lazy\" decoding=\"async\" width=\"1000\" height=\"667\" data-id=\"29651\" src=\"https:\/\/www.visitklagenfurt.at\/wp-content\/uploads\/2021\/10\/25.-September-2021-6.jpg\" alt=\"Eine festliche Tafel mit Platzteller, Stoffserviette, Weingl\u00e4sern, Dekoration (c) KLAMAG, NH\" class=\"wp-image-29651\"\/><\/figure>\n<\/figure>\n\n\n\n<h3 class=\"wp-block-heading\" id=\"h-karntner-sushi-kochkurs\">K\u00e4rntner Sushi Kochkurs<\/h3>\n\n\n\n<p>Wie passt denn das zusammen? Ziemlich gut, wenn man den Anweisungen von <a href=\"https:\/\/www.wildkitchen.at\/\">Wildkitchen<\/a> K\u00f6chin Anna Nicklaus folgt. Denn die K\u00e4rntner Gew\u00e4sser sind voll von hochwertigen Fischarten, die sich optimal f\u00fcr die Zubereitung von Sushi eignen.<\/p>\n\n\n\n<p>Es muss nicht immer Thunfisch, Butterfisch oder Garnele sein \u2013 Lachsforelle, Seeforelle und Saibling sind ebenfalls hervorragende Sushi-Fische. California Maki mit Hopfensprossen und wilden Brennesselsamen und \u201eWasabi\u201c aus frischer Brunnenkresse machte das japanische Feeling made in K\u00e4rnten perfekt.<\/p>\n\n\n\n<blockquote class=\"instagram-media\" data-instgrm-permalink=\"https:\/\/www.instagram.com\/p\/ChT82wiuU40\/?utm_source=ig_embed&amp;utm_campaign=loading\" data-instgrm-version=\"14\" style=\" background:#FFF; border:0; border-radius:3px; box-shadow:0 0 1px 0 rgba(0,0,0,0.5),0 1px 10px 0 rgba(0,0,0,0.15); margin: 1px; max-width:540px; min-width:326px; padding:0; width:99.375%; width:-webkit-calc(100% - 2px); width:calc(100% - 2px);\"><div style=\"padding:16px;\"> <a href=\"https:\/\/www.instagram.com\/p\/ChT82wiuU40\/?utm_source=ig_embed&amp;utm_campaign=loading\" style=\" background:#FFFFFF; line-height:0; padding:0 0; text-align:center; text-decoration:none; width:100%;\" target=\"_blank\" rel=\"noopener\"> <div style=\" display: flex; flex-direction: row; align-items: center;\"> <div style=\"background-color: #F4F4F4; border-radius: 50%; flex-grow: 0; height: 40px; margin-right: 14px; width: 40px;\"><\/div> <div style=\"display: flex; flex-direction: column; flex-grow: 1; justify-content: center;\"> <div style=\" background-color: #F4F4F4; border-radius: 4px; flex-grow: 0; height: 14px; margin-bottom: 6px; width: 100px;\"><\/div> <div style=\" background-color: #F4F4F4; border-radius: 4px; flex-grow: 0; height: 14px; width: 60px;\"><\/div><\/div><\/div><div style=\"padding: 19% 0;\"><\/div> <div style=\"display:block; height:50px; margin:0 auto 12px; width:50px;\"><svg width=\"50px\" height=\"50px\" viewBox=\"0 0 60 60\" version=\"1.1\" xmlns=\"https:\/\/www.w3.org\/2000\/svg\" xmlns:xlink=\"https:\/\/www.w3.org\/1999\/xlink\"><g stroke=\"none\" stroke-width=\"1\" fill=\"none\" fill-rule=\"evenodd\"><g transform=\"translate(-511.000000, -20.000000)\" fill=\"#000000\"><g><path d=\"M556.869,30.41 C554.814,30.41 553.148,32.076 553.148,34.131 C553.148,36.186 554.814,37.852 556.869,37.852 C558.924,37.852 560.59,36.186 560.59,34.131 C560.59,32.076 558.924,30.41 556.869,30.41 M541,60.657 C535.114,60.657 530.342,55.887 530.342,50 C530.342,44.114 535.114,39.342 541,39.342 C546.887,39.342 551.658,44.114 551.658,50 C551.658,55.887 546.887,60.657 541,60.657 M541,33.886 C532.1,33.886 524.886,41.1 524.886,50 C524.886,58.899 532.1,66.113 541,66.113 C549.9,66.113 557.115,58.899 557.115,50 C557.115,41.1 549.9,33.886 541,33.886 M565.378,62.101 C565.244,65.022 564.756,66.606 564.346,67.663 C563.803,69.06 563.154,70.057 562.106,71.106 C561.058,72.155 560.06,72.803 558.662,73.347 C557.607,73.757 556.021,74.244 553.102,74.378 C549.944,74.521 548.997,74.552 541,74.552 C533.003,74.552 532.056,74.521 528.898,74.378 C525.979,74.244 524.393,73.757 523.338,73.347 C521.94,72.803 520.942,72.155 519.894,71.106 C518.846,70.057 518.197,69.06 517.654,67.663 C517.244,66.606 516.755,65.022 516.623,62.101 C516.479,58.943 516.448,57.996 516.448,50 C516.448,42.003 516.479,41.056 516.623,37.899 C516.755,34.978 517.244,33.391 517.654,32.338 C518.197,30.938 518.846,29.942 519.894,28.894 C520.942,27.846 521.94,27.196 523.338,26.654 C524.393,26.244 525.979,25.756 528.898,25.623 C532.057,25.479 533.004,25.448 541,25.448 C548.997,25.448 549.943,25.479 553.102,25.623 C556.021,25.756 557.607,26.244 558.662,26.654 C560.06,27.196 561.058,27.846 562.106,28.894 C563.154,29.942 563.803,30.938 564.346,32.338 C564.756,33.391 565.244,34.978 565.378,37.899 C565.522,41.056 565.552,42.003 565.552,50 C565.552,57.996 565.522,58.943 565.378,62.101 M570.82,37.631 C570.674,34.438 570.167,32.258 569.425,30.349 C568.659,28.377 567.633,26.702 565.965,25.035 C564.297,23.368 562.623,22.342 560.652,21.575 C558.743,20.834 556.562,20.326 553.369,20.18 C550.169,20.033 549.148,20 541,20 C532.853,20 531.831,20.033 528.631,20.18 C525.438,20.326 523.257,20.834 521.349,21.575 C519.376,22.342 517.703,23.368 516.035,25.035 C514.368,26.702 513.342,28.377 512.574,30.349 C511.834,32.258 511.326,34.438 511.181,37.631 C511.035,40.831 511,41.851 511,50 C511,58.147 511.035,59.17 511.181,62.369 C511.326,65.562 511.834,67.743 512.574,69.651 C513.342,71.625 514.368,73.296 516.035,74.965 C517.703,76.634 519.376,77.658 521.349,78.425 C523.257,79.167 525.438,79.673 528.631,79.82 C531.831,79.965 532.853,80.001 541,80.001 C549.148,80.001 550.169,79.965 553.369,79.82 C556.562,79.673 558.743,79.167 560.652,78.425 C562.623,77.658 564.297,76.634 565.965,74.965 C567.633,73.296 568.659,71.625 569.425,69.651 C570.167,67.743 570.674,65.562 570.82,62.369 C570.966,59.17 571,58.147 571,50 C571,41.851 570.966,40.831 570.82,37.631\"><\/path><\/g><\/g><\/g><\/svg><\/div><div style=\"padding-top: 8px;\"> <div style=\" color:#3897f0; font-family:Arial,sans-serif; font-size:14px; font-style:normal; font-weight:550; line-height:18px;\">Sieh dir diesen Beitrag auf Instagram an<\/div><\/div><div style=\"padding: 12.5% 0;\"><\/div> <div style=\"display: flex; flex-direction: row; margin-bottom: 14px; align-items: center;\"><div> <div style=\"background-color: #F4F4F4; border-radius: 50%; height: 12.5px; width: 12.5px; transform: translateX(0px) translateY(7px);\"><\/div> <div style=\"background-color: #F4F4F4; height: 12.5px; transform: rotate(-45deg) translateX(3px) translateY(1px); width: 12.5px; flex-grow: 0; margin-right: 14px; margin-left: 2px;\"><\/div> <div style=\"background-color: #F4F4F4; border-radius: 50%; height: 12.5px; width: 12.5px; transform: translateX(9px) translateY(-18px);\"><\/div><\/div><div style=\"margin-left: 8px;\"> <div style=\" background-color: #F4F4F4; border-radius: 50%; flex-grow: 0; height: 20px; width: 20px;\"><\/div> <div style=\" width: 0; height: 0; border-top: 2px solid transparent; border-left: 6px solid #f4f4f4; border-bottom: 2px solid transparent; transform: translateX(16px) translateY(-4px) rotate(30deg)\"><\/div><\/div><div style=\"margin-left: auto;\"> <div style=\" width: 0px; border-top: 8px solid #F4F4F4; border-right: 8px solid transparent; transform: translateY(16px);\"><\/div> <div style=\" background-color: #F4F4F4; flex-grow: 0; height: 12px; width: 16px; transform: translateY(-4px);\"><\/div> <div style=\" width: 0; height: 0; border-top: 8px solid #F4F4F4; border-left: 8px solid transparent; transform: translateY(-4px) translateX(8px);\"><\/div><\/div><\/div> <div style=\"display: flex; flex-direction: column; flex-grow: 1; justify-content: center; margin-bottom: 24px;\"> <div style=\" background-color: #F4F4F4; border-radius: 4px; flex-grow: 0; height: 14px; margin-bottom: 6px; width: 224px;\"><\/div> <div style=\" background-color: #F4F4F4; border-radius: 4px; flex-grow: 0; height: 14px; width: 144px;\"><\/div><\/div><\/a><p style=\" color:#c9c8cd; font-family:Arial,sans-serif; font-size:14px; line-height:17px; margin-bottom:0; margin-top:8px; overflow:hidden; padding:8px 0 7px; text-align:center; text-overflow:ellipsis; white-space:nowrap;\"><a href=\"https:\/\/www.instagram.com\/p\/ChT82wiuU40\/?utm_source=ig_embed&amp;utm_campaign=loading\" style=\" color:#c9c8cd; font-family:Arial,sans-serif; font-size:14px; font-style:normal; font-weight:normal; line-height:17px; text-decoration:none;\" target=\"_blank\" rel=\"noopener\">Ein Beitrag geteilt von Anna | Dipl. Ern\u00e4hrungstrainer (@wildkitchen.at)<\/a><\/p><\/div><\/blockquote> <script async=\"\" src=\"\/\/www.instagram.com\/embed.js\"><\/script>\n\n\n\n<h3 class=\"wp-block-heading\" id=\"h-eintopf-amp-buhne-mit-martin-kusej\">Eintopf &amp; B\u00fchne mit Martin Ku\u0161ej<\/h3>\n\n\n\n<p>Literatur, Kulinarik, Musik. Wie sollte es anders sein, wenn Burgtheaterdirektor Martin Ku\u0161ej zum k\u00f6stlich-k\u00fcnstlerischen Stelldichein lud. Im Kunstbureau von Ulli Sturm und Jochen Traar bereitete er nicht nur gemeinsam mit Freunden aus \u00d6sterreich, Slowenien und Italien einen grenz\u00fcberschreitenden Eintopf zu, sondern kochte mit fein gew\u00fcrzten und handverlesenen Texten rund ums Essen auch das Publikum ein. <\/p>\n\n\n\n<h3 class=\"wp-block-heading\" id=\"h-geschmacksarchaologie\">Geschmacksarch\u00e4ologie<\/h3>\n\n\n\n<p>Autor und Verleger Lojze Wieser machte sich auf die Suche nach vergessenen und verlorenen, vielleicht auch verdr\u00e4ngten Praktiken der Produktion, der Haltbarmachung und der Verarbeitung von Lebensmitteln.&nbsp;<\/p>\n\n\n\n<blockquote class=\"wp-block-quote is-layout-flow wp-block-quote-is-layout-flow\">\n<p><em>\u201eDie R\u00fcckbesinnung auf alte Formen des Anbaues und der Verarbeitung ist kein Schritt nach hinten. Ganz im Gegenteil: die Adaptierung dieses Wissens auf unsere moderne Lebenswelt ist ein enormer Schritt nach vorne.\u201c <\/em><\/p>\n<cite><em>Lojze Wieser<\/em><\/cite><\/blockquote>\n\n\n\n<p>In einem Streifzug durch Wild, Wald, Wasser und Wein machte er sich Gedanken dar\u00fcber, wie altgediente Praktiken zu neuem Glanz gelangen k\u00f6nnen und ganz selbstverst\u00e4ndlich in unsere schnelllebige und \u00fcberbordende Konsumgesellschaft einflie\u00dfen \u2013 und diese ver\u00e4ndern \u2013 k\u00f6nnen.<\/p>\n\n\n\n<figure class=\"wp-block-gallery has-nested-images columns-default is-cropped wp-block-gallery-8 is-layout-flex wp-block-gallery-is-layout-flex\">\n<figure class=\"wp-block-image size-large\"><img loading=\"lazy\" decoding=\"async\" width=\"2048\" height=\"1793\" data-id=\"42487\" src=\"https:\/\/www.visitklagenfurt.at\/wp-content\/uploads\/2022\/08\/tdaak_leiten_max_stiegel_2021_c-tvb_klagenfurt_lukas_lenhardt_15_jpg-web.jpeg\" alt=\"\" class=\"wp-image-42487\"\/><\/figure>\n<\/figure>\n\n\n\n<h2 class=\"wp-block-heading\">1. Alpen-Adria Dialoge <\/h2>\n\n\n\n<p>Bei den <a href=\"https:\/\/www.visitklagenfurt.at\/de\/alpen-adria-dialoge\/\">1. Alpen-Adria Dialogen<\/a> machten sich ausgewiesene Gastro-Experten und Kenner der Region daran, aktuelle Food-Trends zu analysieren und etablierte Strukturen des Ern\u00e4hrungssystems kritisch zu hinterfragen.&nbsp;<\/p>\n\n\n\n<p>Mit Denkanst\u00f6\u00dfen aus unterschiedlichen Perspektiven wurden die Dynamik ausgew\u00e4hlter Trends sichtbar und f\u00fcr zuk\u00fcnftige Entscheidungen nutzbar gemacht.<\/p>\n\n\n\n<blockquote class=\"wp-block-quote is-layout-flow wp-block-quote-is-layout-flow\">\n<p><em>\u201eInnovation braucht Irritation.\u201c <\/em><\/p>\n<cite><em>Hanni R\u00fctzler<\/em><\/cite><\/blockquote>\n\n\n\n<p>Als Speaker geladen waren unter anderen Trendscout Hanni R\u00fctzler, Starkoch Toma\u017e Kav\u010di\u010d, Grand Dame der Gastro in Ljubljana Dada Jerov\u0161ek, Falstaff-Gr\u00fcnder Wolfgang Rosam oder Gastrosoph und Buchautor Georges Desrues.<\/p>\n\n\n\n<p>Neben spannenden Inputs und angeregten Gespr\u00e4chen mit dem Publikum gab es bei diesem Symposion ebenfalls die M\u00f6glichkeit, erlesene Weine und K\u00e4se aus der Region zu verkosten.<\/p>\n\n\n\n<figure class=\"wp-block-gallery has-nested-images columns-default is-cropped wp-block-gallery-9 is-layout-flex wp-block-gallery-is-layout-flex\">\n<figure class=\"wp-block-image size-large\"><img loading=\"lazy\" decoding=\"async\" width=\"2048\" height=\"1365\" data-id=\"41712\" src=\"https:\/\/www.visitklagenfurt.at\/wp-content\/uploads\/2022\/08\/tdaal_kulinarik_2020_dolce_vita_c-lukas_lenhardt_3_jpg-web.jpeg\" alt=\"\" class=\"wp-image-41712\"\/><figcaption class=\"wp-element-caption\">(c) Lukas Lenhardt<\/figcaption><\/figure>\n<\/figure>\n\n\n\n<h2 class=\"wp-block-heading\" id=\"h-genussmeile-amp-alpen-adria-biofest\">Genussmeile &amp; Alpen-Adria Biofest<\/h2>\n\n\n\n<p>Ihren fulminanten Abschluss fanden die 5. Tage der Alpen-Adria K\u00fcche entlang der Genussmeile am Alten und Neuen Platz. Mit \u00fcber 80 Produzenten aus \u00d6sterreich, Slowenien und Italien kam auf wenigen Metern das Beste zusammen, was diese reiche Region zu bieten hat.&nbsp;<\/p>\n\n\n\n<p>Damit wurde ein Zeichen gesetzt, gegen die industrielle Nahrungsmittelerzeugung und f\u00fcr den bewussten und zukunftsorientierten Genuss. Ein wahrer Gl\u00fccksfall f\u00fcr Genie\u00dfer, denn inmitten dieses Taumels gab es, an jeder Ecke K\u00f6stlichkeiten zu verkosten.<\/p>\n\n\n\n<figure class=\"wp-block-embed is-type-video is-provider-youtube wp-block-embed-youtube wp-embed-aspect-16-9 wp-has-aspect-ratio\"><div class=\"wp-block-embed__wrapper\">\n <div class=\"brlbs-cmpnt-container brlbs-cmpnt-content-blocker brlbs-cmpnt-with-individual-styles\" data-borlabs-cookie-content-blocker-id=\"youtube-content-blocker\" data-borlabs-cookie-content=\"PGlmcmFtZSB0aXRsZT0iVGFnZSBkZXIgQWxwZW4tQWRyaWEgS8O8Y2hlOiBHZW51c3NtZWlsZSIgd2lkdGg9IjgwMCIgaGVpZ2h0PSI0NTAiIHNyYz0iaHR0cHM6Ly93d3cueW91dHViZS1ub2Nvb2tpZS5jb20vZW1iZWQvcG9SQUZNa0F1Qk0\/ZmVhdHVyZT1vZW1iZWQiIGZyYW1lYm9yZGVyPSIwIiBhbGxvdz0iYWNjZWxlcm9tZXRlcjsgYXV0b3BsYXk7IGNsaXBib2FyZC13cml0ZTsgZW5jcnlwdGVkLW1lZGlhOyBneXJvc2NvcGU7IHBpY3R1cmUtaW4tcGljdHVyZSIgYWxsb3dmdWxsc2NyZWVuPjwvaWZyYW1lPg==\"><div class=\"brlbs-cmpnt-cb-preset-c brlbs-cmpnt-cb-youtube\"> <div class=\"brlbs-cmpnt-cb-thumbnail\" style=\"background-image: url('https:\/\/www.visitklagenfurt.at\/wp-content\/uploads\/borlabs-cookie\/1\/yt_poRAFMkAuBM_hqdefault.jpg')\"><\/div> <div class=\"brlbs-cmpnt-cb-main\"> <div class=\"brlbs-cmpnt-cb-play-button\"><\/div> <div class=\"brlbs-cmpnt-cb-content\"> <p class=\"brlbs-cmpnt-cb-description\">Sie sehen gerade einen Platzhalterinhalt von <strong>YouTube<\/strong>. Um auf den eigentlichen Inhalt zuzugreifen, klicken Sie auf die Schaltfl\u00e4che unten. Bitte beachten Sie, dass dabei Daten an Drittanbieter weitergegeben werden.<\/p> <a class=\"brlbs-cmpnt-cb-provider-toggle\" href=\"#\" data-borlabs-cookie-show-provider-information role=\"button\">Mehr Informationen<\/a> <\/div> <div class=\"brlbs-cmpnt-cb-buttons\"> <a class=\"brlbs-cmpnt-cb-btn\" href=\"#\" data-borlabs-cookie-unblock role=\"button\">Inhalt entsperren<\/a> <a class=\"brlbs-cmpnt-cb-btn\" href=\"#\" data-borlabs-cookie-accept-service role=\"button\" style=\"display: inherit\">Erforderlichen Service akzeptieren und Inhalte entsperren<\/a> <\/div> <\/div> <\/div><\/div>\n<\/div><\/figure>\n\n\n\n<p>K\u00f6stlich, abwechslungsreich, nachhaltig \u2013 bei den \u201c5. Tage der Alpen-Adria K\u00fcche\u201d konnte man sich den Landstrich zwischen Adria und Hochgebirge buchst\u00e4blich auf der Zunge zergehen lassen. <\/p>\n\n\n\n<p>Lasst euch n\u00e4chstes Jahr vom <strong>08. bis 24. September 2023<\/strong> verf\u00fchren von dieser Hochzeit des guten Geschmacks und taucht ein in die kulinarische Vielfalt dieser einzigartigen Region! <\/p>\n","protected":false},"excerpt":{"rendered":"<p>Die Alpen und die Adria \u2013 was geographisch unterschiedlicher nicht sein k\u00f6nnte, findet im Kochtopf ein harmonisches Miteinander aus verschiedensten Produkten, Aromen und Kochtraditionen. Mit salzigem Meeresfisch \u00fcber sonnengek\u00fcsste Weine bis hin zum samtig-weichen Gebirgslamm baten die 5. Tage der Alpen-Adria K\u00fcche von 09. bis 25. September 2022 in Klagenfurt am W\u00f6rthersee zum kulinarischen Tanz.<\/p>\n","protected":false},"author":27,"featured_media":41712,"comment_status":"closed","ping_status":"closed","sticky":false,"template":"","format":"standard","meta":{"footnotes":""},"categories":[20],"tags":[40,745,153],"class_list":["post-42412","post","type-post","status-publish","format-standard","has-post-thumbnail","hentry","category-essen-trinken","tag-essen-trinken","tag-events","tag-tage-der-alpen-adria-kueche"],"yoast_head":"<!-- This site is optimized with the Yoast SEO plugin v27.3 - https:\/\/yoast.com\/product\/yoast-seo-wordpress\/ -->\n<title>Tage der Alpen-Adria K\u00fcche 2022 - Veranstaltungen | visitklagenfurt<\/title>\n<meta name=\"description\" content=\"Spitzengastronomen, hervorragende Produzenten &amp; geselliges Beisammensein. Entdecken Sie alle Veranstaltungen der Tage der Alpen-Adria K\u00fcche.\" \/>\n<meta name=\"robots\" content=\"index, follow, max-snippet:-1, max-image-preview:large, max-video-preview:-1\" \/>\n<link rel=\"canonical\" href=\"https:\/\/www.visitklagenfurt.at\/de\/blog\/essen-trinken\/die-besten-veranstaltungen-an-den-tagen-der-alpen-adria-kueche-2022\/\" \/>\n<meta property=\"og:locale\" content=\"de_DE\" \/>\n<meta property=\"og:type\" content=\"article\" \/>\n<meta property=\"og:title\" content=\"R\u00fcckblick: Die besten Veranstaltungen der Tage der Alpen-Adria K\u00fcche 2022 | visitklagenfurt\" \/>\n<meta property=\"og:description\" content=\"Spitzengastronomen, hervorragende Produzenten &amp; geselliges Beisammensein. Entdecken Sie alle Veranstaltungen der Tage der Alpen-Adria K\u00fcche.\" \/>\n<meta property=\"og:url\" content=\"https:\/\/www.visitklagenfurt.at\/de\/blog\/essen-trinken\/die-besten-veranstaltungen-an-den-tagen-der-alpen-adria-kueche-2022\/\" \/>\n<meta property=\"og:site_name\" content=\"visitklagenfurt\" \/>\n<meta property=\"article:published_time\" content=\"2022-09-27T08:00:00+00:00\" \/>\n<meta property=\"article:modified_time\" content=\"2024-07-22T11:30:35+00:00\" \/>\n<meta property=\"og:image\" content=\"https:\/\/www.visitklagenfurt.at\/wp-content\/uploads\/2022\/08\/tdaal_kulinarik_2020_dolce_vita_c-lukas_lenhardt_3_jpg-web.jpeg\" \/>\n\t<meta property=\"og:image:width\" content=\"2048\" \/>\n\t<meta property=\"og:image:height\" content=\"1365\" \/>\n\t<meta property=\"og:image:type\" content=\"image\/jpeg\" \/>\n<meta name=\"author\" content=\"Simon Martinschitz\" \/>\n<meta name=\"twitter:card\" content=\"summary_large_image\" \/>\n<meta name=\"twitter:label1\" content=\"Verfasst von\" \/>\n\t<meta name=\"twitter:data1\" content=\"Simon Martinschitz\" \/>\n\t<meta name=\"twitter:label2\" content=\"Gesch\u00e4tzte Lesezeit\" \/>\n\t<meta name=\"twitter:data2\" content=\"12\u00a0Minuten\" \/>\n<script type=\"application\/ld+json\" class=\"yoast-schema-graph\">{\"@context\":\"https:\\\/\\\/schema.org\",\"@graph\":[{\"@type\":\"Article\",\"@id\":\"https:\\\/\\\/www.visitklagenfurt.at\\\/de\\\/blog\\\/essen-trinken\\\/die-besten-veranstaltungen-an-den-tagen-der-alpen-adria-kueche-2022\\\/#article\",\"isPartOf\":{\"@id\":\"https:\\\/\\\/www.visitklagenfurt.at\\\/de\\\/blog\\\/essen-trinken\\\/die-besten-veranstaltungen-an-den-tagen-der-alpen-adria-kueche-2022\\\/\"},\"author\":{\"name\":\"Simon Martinschitz\",\"@id\":\"https:\\\/\\\/www.visitklagenfurt.at\\\/de\\\/#\\\/schema\\\/person\\\/7a9c6bc8d10c35a61c7a91c28742c063\"},\"headline\":\"R\u00fcckblick: Die besten Veranstaltungen der Tage der Alpen-Adria K\u00fcche 2022\",\"datePublished\":\"2022-09-27T08:00:00+00:00\",\"dateModified\":\"2024-07-22T11:30:35+00:00\",\"mainEntityOfPage\":{\"@id\":\"https:\\\/\\\/www.visitklagenfurt.at\\\/de\\\/blog\\\/essen-trinken\\\/die-besten-veranstaltungen-an-den-tagen-der-alpen-adria-kueche-2022\\\/\"},\"wordCount\":1819,\"publisher\":{\"@id\":\"https:\\\/\\\/www.visitklagenfurt.at\\\/de\\\/#organization\"},\"image\":{\"@id\":\"https:\\\/\\\/www.visitklagenfurt.at\\\/de\\\/blog\\\/essen-trinken\\\/die-besten-veranstaltungen-an-den-tagen-der-alpen-adria-kueche-2022\\\/#primaryimage\"},\"thumbnailUrl\":\"https:\\\/\\\/www.visitklagenfurt.at\\\/wp-content\\\/uploads\\\/2022\\\/08\\\/tdaal_kulinarik_2020_dolce_vita_c-lukas_lenhardt_3_jpg-web.jpeg\",\"keywords\":[\"Essen &amp; Trinken\",\"Events\",\"Tage der Alpen-Adria K\u00fcche\"],\"articleSection\":[\"Essen &amp; Trinken\"],\"inLanguage\":\"de\"},{\"@type\":\"WebPage\",\"@id\":\"https:\\\/\\\/www.visitklagenfurt.at\\\/de\\\/blog\\\/essen-trinken\\\/die-besten-veranstaltungen-an-den-tagen-der-alpen-adria-kueche-2022\\\/\",\"url\":\"https:\\\/\\\/www.visitklagenfurt.at\\\/de\\\/blog\\\/essen-trinken\\\/die-besten-veranstaltungen-an-den-tagen-der-alpen-adria-kueche-2022\\\/\",\"name\":\"Tage der Alpen-Adria K\u00fcche 2022 - Veranstaltungen | visitklagenfurt\",\"isPartOf\":{\"@id\":\"https:\\\/\\\/www.visitklagenfurt.at\\\/de\\\/#website\"},\"primaryImageOfPage\":{\"@id\":\"https:\\\/\\\/www.visitklagenfurt.at\\\/de\\\/blog\\\/essen-trinken\\\/die-besten-veranstaltungen-an-den-tagen-der-alpen-adria-kueche-2022\\\/#primaryimage\"},\"image\":{\"@id\":\"https:\\\/\\\/www.visitklagenfurt.at\\\/de\\\/blog\\\/essen-trinken\\\/die-besten-veranstaltungen-an-den-tagen-der-alpen-adria-kueche-2022\\\/#primaryimage\"},\"thumbnailUrl\":\"https:\\\/\\\/www.visitklagenfurt.at\\\/wp-content\\\/uploads\\\/2022\\\/08\\\/tdaal_kulinarik_2020_dolce_vita_c-lukas_lenhardt_3_jpg-web.jpeg\",\"datePublished\":\"2022-09-27T08:00:00+00:00\",\"dateModified\":\"2024-07-22T11:30:35+00:00\",\"description\":\"Spitzengastronomen, hervorragende Produzenten & geselliges Beisammensein. Entdecken Sie alle Veranstaltungen der Tage der Alpen-Adria K\u00fcche.\",\"breadcrumb\":{\"@id\":\"https:\\\/\\\/www.visitklagenfurt.at\\\/de\\\/blog\\\/essen-trinken\\\/die-besten-veranstaltungen-an-den-tagen-der-alpen-adria-kueche-2022\\\/#breadcrumb\"},\"inLanguage\":\"de\",\"potentialAction\":[{\"@type\":\"ReadAction\",\"target\":[\"https:\\\/\\\/www.visitklagenfurt.at\\\/de\\\/blog\\\/essen-trinken\\\/die-besten-veranstaltungen-an-den-tagen-der-alpen-adria-kueche-2022\\\/\"]}]},{\"@type\":\"ImageObject\",\"inLanguage\":\"de\",\"@id\":\"https:\\\/\\\/www.visitklagenfurt.at\\\/de\\\/blog\\\/essen-trinken\\\/die-besten-veranstaltungen-an-den-tagen-der-alpen-adria-kueche-2022\\\/#primaryimage\",\"url\":\"https:\\\/\\\/www.visitklagenfurt.at\\\/wp-content\\\/uploads\\\/2022\\\/08\\\/tdaal_kulinarik_2020_dolce_vita_c-lukas_lenhardt_3_jpg-web.jpeg\",\"contentUrl\":\"https:\\\/\\\/www.visitklagenfurt.at\\\/wp-content\\\/uploads\\\/2022\\\/08\\\/tdaal_kulinarik_2020_dolce_vita_c-lukas_lenhardt_3_jpg-web.jpeg\",\"width\":2048,\"height\":1365,\"caption\":\"(c) Lukas Lenhardt\"},{\"@type\":\"BreadcrumbList\",\"@id\":\"https:\\\/\\\/www.visitklagenfurt.at\\\/de\\\/blog\\\/essen-trinken\\\/die-besten-veranstaltungen-an-den-tagen-der-alpen-adria-kueche-2022\\\/#breadcrumb\",\"itemListElement\":[{\"@type\":\"ListItem\",\"position\":1,\"name\":\"visitklagenfurt\",\"item\":\"https:\\\/\\\/www.visitklagenfurt.at\\\/de\\\/\"},{\"@type\":\"ListItem\",\"position\":2,\"name\":\"Blog\",\"item\":\"https:\\\/\\\/www.visitklagenfurt.at\\\/de\\\/category\\\/blog\\\/\"},{\"@type\":\"ListItem\",\"position\":3,\"name\":\"Essen &amp; Trinken\",\"item\":\"https:\\\/\\\/www.visitklagenfurt.at\\\/de\\\/category\\\/blog\\\/essen-trinken\\\/\"},{\"@type\":\"ListItem\",\"position\":4,\"name\":\"R\u00fcckblick: Die besten Veranstaltungen der Tage der Alpen-Adria K\u00fcche 2022\"}]},{\"@type\":\"WebSite\",\"@id\":\"https:\\\/\\\/www.visitklagenfurt.at\\\/de\\\/#website\",\"url\":\"https:\\\/\\\/www.visitklagenfurt.at\\\/de\\\/\",\"name\":\"visitklagenfurt\",\"description\":\"\",\"publisher\":{\"@id\":\"https:\\\/\\\/www.visitklagenfurt.at\\\/de\\\/#organization\"},\"potentialAction\":[{\"@type\":\"SearchAction\",\"target\":{\"@type\":\"EntryPoint\",\"urlTemplate\":\"https:\\\/\\\/www.visitklagenfurt.at\\\/de\\\/?s={search_term_string}\"},\"query-input\":{\"@type\":\"PropertyValueSpecification\",\"valueRequired\":true,\"valueName\":\"search_term_string\"}}],\"inLanguage\":\"de\"},{\"@type\":\"Organization\",\"@id\":\"https:\\\/\\\/www.visitklagenfurt.at\\\/de\\\/#organization\",\"name\":\"Tourismus Region Klagenfurt am W\u00f6rthersee GmbH\",\"url\":\"https:\\\/\\\/www.visitklagenfurt.at\\\/de\\\/\",\"logo\":{\"@type\":\"ImageObject\",\"inLanguage\":\"de\",\"@id\":\"https:\\\/\\\/www.visitklagenfurt.at\\\/de\\\/#\\\/schema\\\/logo\\\/image\\\/\",\"url\":\"https:\\\/\\\/www.visitklagenfurt.at\\\/wp-content\\\/uploads\\\/2022\\\/03\\\/DT_K_Klagenfurt_S_RGB.png\",\"contentUrl\":\"https:\\\/\\\/www.visitklagenfurt.at\\\/wp-content\\\/uploads\\\/2022\\\/03\\\/DT_K_Klagenfurt_S_RGB.png\",\"width\":2082,\"height\":1511,\"caption\":\"Tourismus Region Klagenfurt am W\u00f6rthersee GmbH\"},\"image\":{\"@id\":\"https:\\\/\\\/www.visitklagenfurt.at\\\/de\\\/#\\\/schema\\\/logo\\\/image\\\/\"}},{\"@type\":\"Person\",\"@id\":\"https:\\\/\\\/www.visitklagenfurt.at\\\/de\\\/#\\\/schema\\\/person\\\/7a9c6bc8d10c35a61c7a91c28742c063\",\"name\":\"Simon Martinschitz\",\"image\":{\"@type\":\"ImageObject\",\"inLanguage\":\"de\",\"@id\":\"https:\\\/\\\/www.visitklagenfurt.at\\\/wp-content\\\/uploads\\\/2021\\\/05\\\/simon_martinschitz.jpg\",\"url\":\"https:\\\/\\\/www.visitklagenfurt.at\\\/wp-content\\\/uploads\\\/2021\\\/05\\\/simon_martinschitz.jpg\",\"contentUrl\":\"https:\\\/\\\/www.visitklagenfurt.at\\\/wp-content\\\/uploads\\\/2021\\\/05\\\/simon_martinschitz.jpg\",\"caption\":\"Simon Martinschitz\"},\"description\":\"Geboren in Villach, aufgewachsen im Gailtal. Zwischen Bachforellen &amp; Haselnussstauden. Studium der Kulturwissenschaften in Klagenfurt, Bilbao und Florenz. Zwischen kritischer Theorie &amp; Aperitivo. Texter und Kulturarbeiter in der freien K\u00e4rntner Szene. Zwischen Front Page &amp; Back Stage. Wortjongleur. Schauspieler. Musiker. Und \u00fcberzeugter Europ\u00e4er. Mit einer Schw\u00e4che f\u00fcr Brettljausen und Pintxos. Zwischen denen ich mich nicht entscheiden m\u00fcssen m\u00f6chte.\",\"sameAs\":[\"https:\\\/\\\/martinschitz.at\\\/\"],\"url\":\"https:\\\/\\\/www.visitklagenfurt.at\\\/de\\\/author\\\/simon_martinschitz\\\/\"}]}<\/script>\n<!-- \/ Yoast SEO plugin. -->","yoast_head_json":{"title":"Tage der Alpen-Adria K\u00fcche 2022 - Veranstaltungen | visitklagenfurt","description":"Spitzengastronomen, hervorragende Produzenten & geselliges Beisammensein. Entdecken Sie alle Veranstaltungen der Tage der Alpen-Adria K\u00fcche.","robots":{"index":"index","follow":"follow","max-snippet":"max-snippet:-1","max-image-preview":"max-image-preview:large","max-video-preview":"max-video-preview:-1"},"canonical":"https:\/\/www.visitklagenfurt.at\/de\/blog\/essen-trinken\/die-besten-veranstaltungen-an-den-tagen-der-alpen-adria-kueche-2022\/","og_locale":"de_DE","og_type":"article","og_title":"R\u00fcckblick: Die besten Veranstaltungen der Tage der Alpen-Adria K\u00fcche 2022 | visitklagenfurt","og_description":"Spitzengastronomen, hervorragende Produzenten & geselliges Beisammensein. Entdecken Sie alle Veranstaltungen der Tage der Alpen-Adria K\u00fcche.","og_url":"https:\/\/www.visitklagenfurt.at\/de\/blog\/essen-trinken\/die-besten-veranstaltungen-an-den-tagen-der-alpen-adria-kueche-2022\/","og_site_name":"visitklagenfurt","article_published_time":"2022-09-27T08:00:00+00:00","article_modified_time":"2024-07-22T11:30:35+00:00","og_image":[{"width":2048,"height":1365,"url":"https:\/\/www.visitklagenfurt.at\/wp-content\/uploads\/2022\/08\/tdaal_kulinarik_2020_dolce_vita_c-lukas_lenhardt_3_jpg-web.jpeg","type":"image\/jpeg"}],"author":"Simon Martinschitz","twitter_card":"summary_large_image","twitter_misc":{"Verfasst von":"Simon Martinschitz","Gesch\u00e4tzte Lesezeit":"12\u00a0Minuten"},"schema":{"@context":"https:\/\/schema.org","@graph":[{"@type":"Article","@id":"https:\/\/www.visitklagenfurt.at\/de\/blog\/essen-trinken\/die-besten-veranstaltungen-an-den-tagen-der-alpen-adria-kueche-2022\/#article","isPartOf":{"@id":"https:\/\/www.visitklagenfurt.at\/de\/blog\/essen-trinken\/die-besten-veranstaltungen-an-den-tagen-der-alpen-adria-kueche-2022\/"},"author":{"name":"Simon Martinschitz","@id":"https:\/\/www.visitklagenfurt.at\/de\/#\/schema\/person\/7a9c6bc8d10c35a61c7a91c28742c063"},"headline":"R\u00fcckblick: Die besten Veranstaltungen der Tage der Alpen-Adria K\u00fcche 2022","datePublished":"2022-09-27T08:00:00+00:00","dateModified":"2024-07-22T11:30:35+00:00","mainEntityOfPage":{"@id":"https:\/\/www.visitklagenfurt.at\/de\/blog\/essen-trinken\/die-besten-veranstaltungen-an-den-tagen-der-alpen-adria-kueche-2022\/"},"wordCount":1819,"publisher":{"@id":"https:\/\/www.visitklagenfurt.at\/de\/#organization"},"image":{"@id":"https:\/\/www.visitklagenfurt.at\/de\/blog\/essen-trinken\/die-besten-veranstaltungen-an-den-tagen-der-alpen-adria-kueche-2022\/#primaryimage"},"thumbnailUrl":"https:\/\/www.visitklagenfurt.at\/wp-content\/uploads\/2022\/08\/tdaal_kulinarik_2020_dolce_vita_c-lukas_lenhardt_3_jpg-web.jpeg","keywords":["Essen &amp; Trinken","Events","Tage der Alpen-Adria K\u00fcche"],"articleSection":["Essen &amp; Trinken"],"inLanguage":"de"},{"@type":"WebPage","@id":"https:\/\/www.visitklagenfurt.at\/de\/blog\/essen-trinken\/die-besten-veranstaltungen-an-den-tagen-der-alpen-adria-kueche-2022\/","url":"https:\/\/www.visitklagenfurt.at\/de\/blog\/essen-trinken\/die-besten-veranstaltungen-an-den-tagen-der-alpen-adria-kueche-2022\/","name":"Tage der Alpen-Adria K\u00fcche 2022 - Veranstaltungen | visitklagenfurt","isPartOf":{"@id":"https:\/\/www.visitklagenfurt.at\/de\/#website"},"primaryImageOfPage":{"@id":"https:\/\/www.visitklagenfurt.at\/de\/blog\/essen-trinken\/die-besten-veranstaltungen-an-den-tagen-der-alpen-adria-kueche-2022\/#primaryimage"},"image":{"@id":"https:\/\/www.visitklagenfurt.at\/de\/blog\/essen-trinken\/die-besten-veranstaltungen-an-den-tagen-der-alpen-adria-kueche-2022\/#primaryimage"},"thumbnailUrl":"https:\/\/www.visitklagenfurt.at\/wp-content\/uploads\/2022\/08\/tdaal_kulinarik_2020_dolce_vita_c-lukas_lenhardt_3_jpg-web.jpeg","datePublished":"2022-09-27T08:00:00+00:00","dateModified":"2024-07-22T11:30:35+00:00","description":"Spitzengastronomen, hervorragende Produzenten & geselliges Beisammensein. Entdecken Sie alle Veranstaltungen der Tage der Alpen-Adria K\u00fcche.","breadcrumb":{"@id":"https:\/\/www.visitklagenfurt.at\/de\/blog\/essen-trinken\/die-besten-veranstaltungen-an-den-tagen-der-alpen-adria-kueche-2022\/#breadcrumb"},"inLanguage":"de","potentialAction":[{"@type":"ReadAction","target":["https:\/\/www.visitklagenfurt.at\/de\/blog\/essen-trinken\/die-besten-veranstaltungen-an-den-tagen-der-alpen-adria-kueche-2022\/"]}]},{"@type":"ImageObject","inLanguage":"de","@id":"https:\/\/www.visitklagenfurt.at\/de\/blog\/essen-trinken\/die-besten-veranstaltungen-an-den-tagen-der-alpen-adria-kueche-2022\/#primaryimage","url":"https:\/\/www.visitklagenfurt.at\/wp-content\/uploads\/2022\/08\/tdaal_kulinarik_2020_dolce_vita_c-lukas_lenhardt_3_jpg-web.jpeg","contentUrl":"https:\/\/www.visitklagenfurt.at\/wp-content\/uploads\/2022\/08\/tdaal_kulinarik_2020_dolce_vita_c-lukas_lenhardt_3_jpg-web.jpeg","width":2048,"height":1365,"caption":"(c) Lukas Lenhardt"},{"@type":"BreadcrumbList","@id":"https:\/\/www.visitklagenfurt.at\/de\/blog\/essen-trinken\/die-besten-veranstaltungen-an-den-tagen-der-alpen-adria-kueche-2022\/#breadcrumb","itemListElement":[{"@type":"ListItem","position":1,"name":"visitklagenfurt","item":"https:\/\/www.visitklagenfurt.at\/de\/"},{"@type":"ListItem","position":2,"name":"Blog","item":"https:\/\/www.visitklagenfurt.at\/de\/category\/blog\/"},{"@type":"ListItem","position":3,"name":"Essen &amp; Trinken","item":"https:\/\/www.visitklagenfurt.at\/de\/category\/blog\/essen-trinken\/"},{"@type":"ListItem","position":4,"name":"R\u00fcckblick: Die besten Veranstaltungen der Tage der Alpen-Adria K\u00fcche 2022"}]},{"@type":"WebSite","@id":"https:\/\/www.visitklagenfurt.at\/de\/#website","url":"https:\/\/www.visitklagenfurt.at\/de\/","name":"visitklagenfurt","description":"","publisher":{"@id":"https:\/\/www.visitklagenfurt.at\/de\/#organization"},"potentialAction":[{"@type":"SearchAction","target":{"@type":"EntryPoint","urlTemplate":"https:\/\/www.visitklagenfurt.at\/de\/?s={search_term_string}"},"query-input":{"@type":"PropertyValueSpecification","valueRequired":true,"valueName":"search_term_string"}}],"inLanguage":"de"},{"@type":"Organization","@id":"https:\/\/www.visitklagenfurt.at\/de\/#organization","name":"Tourismus Region Klagenfurt am W\u00f6rthersee GmbH","url":"https:\/\/www.visitklagenfurt.at\/de\/","logo":{"@type":"ImageObject","inLanguage":"de","@id":"https:\/\/www.visitklagenfurt.at\/de\/#\/schema\/logo\/image\/","url":"https:\/\/www.visitklagenfurt.at\/wp-content\/uploads\/2022\/03\/DT_K_Klagenfurt_S_RGB.png","contentUrl":"https:\/\/www.visitklagenfurt.at\/wp-content\/uploads\/2022\/03\/DT_K_Klagenfurt_S_RGB.png","width":2082,"height":1511,"caption":"Tourismus Region Klagenfurt am W\u00f6rthersee GmbH"},"image":{"@id":"https:\/\/www.visitklagenfurt.at\/de\/#\/schema\/logo\/image\/"}},{"@type":"Person","@id":"https:\/\/www.visitklagenfurt.at\/de\/#\/schema\/person\/7a9c6bc8d10c35a61c7a91c28742c063","name":"Simon Martinschitz","image":{"@type":"ImageObject","inLanguage":"de","@id":"https:\/\/www.visitklagenfurt.at\/wp-content\/uploads\/2021\/05\/simon_martinschitz.jpg","url":"https:\/\/www.visitklagenfurt.at\/wp-content\/uploads\/2021\/05\/simon_martinschitz.jpg","contentUrl":"https:\/\/www.visitklagenfurt.at\/wp-content\/uploads\/2021\/05\/simon_martinschitz.jpg","caption":"Simon Martinschitz"},"description":"Geboren in Villach, aufgewachsen im Gailtal. Zwischen Bachforellen &amp; Haselnussstauden. Studium der Kulturwissenschaften in Klagenfurt, Bilbao und Florenz. Zwischen kritischer Theorie &amp; Aperitivo. Texter und Kulturarbeiter in der freien K\u00e4rntner Szene. Zwischen Front Page &amp; Back Stage. Wortjongleur. Schauspieler. Musiker. Und \u00fcberzeugter Europ\u00e4er. Mit einer Schw\u00e4che f\u00fcr Brettljausen und Pintxos. Zwischen denen ich mich nicht entscheiden m\u00fcssen m\u00f6chte.","sameAs":["https:\/\/martinschitz.at\/"],"url":"https:\/\/www.visitklagenfurt.at\/de\/author\/simon_martinschitz\/"}]}},"_links":{"self":[{"href":"https:\/\/www.visitklagenfurt.at\/de\/wp-json\/wp\/v2\/posts\/42412","targetHints":{"allow":["GET"]}}],"collection":[{"href":"https:\/\/www.visitklagenfurt.at\/de\/wp-json\/wp\/v2\/posts"}],"about":[{"href":"https:\/\/www.visitklagenfurt.at\/de\/wp-json\/wp\/v2\/types\/post"}],"author":[{"embeddable":true,"href":"https:\/\/www.visitklagenfurt.at\/de\/wp-json\/wp\/v2\/users\/27"}],"replies":[{"embeddable":true,"href":"https:\/\/www.visitklagenfurt.at\/de\/wp-json\/wp\/v2\/comments?post=42412"}],"version-history":[{"count":62,"href":"https:\/\/www.visitklagenfurt.at\/de\/wp-json\/wp\/v2\/posts\/42412\/revisions"}],"predecessor-version":[{"id":66665,"href":"https:\/\/www.visitklagenfurt.at\/de\/wp-json\/wp\/v2\/posts\/42412\/revisions\/66665"}],"wp:featuredmedia":[{"embeddable":true,"href":"https:\/\/www.visitklagenfurt.at\/de\/wp-json\/wp\/v2\/media\/41712"}],"wp:attachment":[{"href":"https:\/\/www.visitklagenfurt.at\/de\/wp-json\/wp\/v2\/media?parent=42412"}],"wp:term":[{"taxonomy":"category","embeddable":true,"href":"https:\/\/www.visitklagenfurt.at\/de\/wp-json\/wp\/v2\/categories?post=42412"},{"taxonomy":"post_tag","embeddable":true,"href":"https:\/\/www.visitklagenfurt.at\/de\/wp-json\/wp\/v2\/tags?post=42412"}],"curies":[{"name":"wp","href":"https:\/\/api.w.org\/{rel}","templated":true}]}}