{"id":45741,"date":"2022-10-30T15:06:00","date_gmt":"2022-10-30T14:06:00","guid":{"rendered":"https:\/\/www.visitklagenfurt.at\/?p=45741"},"modified":"2024-10-10T14:06:41","modified_gmt":"2024-10-10T12:06:41","slug":"dinge-die-man-im-november-in-klagenfurt-machen-muss","status":"publish","type":"post","link":"https:\/\/www.visitklagenfurt.at\/de\/blog\/urlaub-freizeit\/dinge-die-man-im-november-in-klagenfurt-machen-muss\/","title":{"rendered":"10 Dinge, die man im November in Klagenfurt machen muss"},"content":{"rendered":"\n<p>Die besten Aktivit\u00e4ten im November in Klagenfurt am W\u00f6rthersee lest ihr hier.<\/p>\n\n\n\n<h2 class=\"wp-block-heading\" id=\"h-1-das-musilhaus-besuchen\">1. Das Musilhaus besuchen<\/h2>\n\n\n\n<p>Prinzipiell gilt: je sommerlicher, desto mehr Aperol Spritz am W\u00f6rthersee, und je winterlicher, desto mehr Aperol Spritz bei den Vernissagen und Matineen in den kulturellen Treffpunkten der Stadt.<\/p>\n\n\n\n<p>Eine der wichtigsten Institutionen und der Nabel der Literaturstadt von Weltrang ist das &#8222;Musilhaus&#8220; mit dem <a href=\"https:\/\/www.musilmuseum.at\/\">Robert Musil Literatur Museum<\/a> am Ende der Bahnhofstra\u00dfe. Seit 27 Jahren wird das <strong>Geburtshaus des ber\u00fchmten Dichters<\/strong> als modernes Zentrum f\u00fcr Literatur betrieben.<\/p>\n\n\n\n<p>Neben einer st\u00e4ndigen Ausstellung findet ihr hier auch eine gem\u00fctliche Lounge und schlie\u00dft euch am besten den &#8222;Klagenfurter Buchlingen&#8220; bei einem der regelm\u00e4\u00dfigen Lesungen oder Events an.<\/p>\n\n\n\n<figure class=\"wp-block-gallery has-nested-images columns-2 is-cropped wp-block-gallery-1 is-layout-flex wp-block-gallery-is-layout-flex\">\n<figure class=\"wp-block-image size-large\"><img fetchpriority=\"high\" decoding=\"async\" width=\"1020\" height=\"688\" data-id=\"45613\" src=\"https:\/\/www.visitklagenfurt.at\/wp-content\/uploads\/2022\/10\/Musil_Museum_169_Foto_Anja_Koppitsch.jpg\" alt=\"\" class=\"wp-image-45613\"\/><figcaption class=\"wp-element-caption\">(c) Anja Koppitsch<\/figcaption><\/figure>\n\n\n\n<figure class=\"wp-block-image size-large\"><img decoding=\"async\" width=\"693\" height=\"360\" data-id=\"6176\" src=\"https:\/\/www.visitklagenfurt.at\/wp-content\/uploads\/2021\/02\/Robert-Musil-Museum-Ausstellung-Schmeichelzimmer-von-1000-c-Dieter-Resei.jpg\" alt=\"Robert Musil Museum, 9020 Klagenfurt am W\u00f6rthersee, Musilmuseum, Schmeichelzimmer, Sofa, 9020 Klagenfurt am W\u00f6rthersee, Galerie\" class=\"wp-image-6176\" srcset=\"https:\/\/www.visitklagenfurt.at\/wp-content\/uploads\/2021\/02\/Robert-Musil-Museum-Ausstellung-Schmeichelzimmer-von-1000-c-Dieter-Resei.jpg 693w, https:\/\/www.visitklagenfurt.at\/wp-content\/uploads\/2021\/02\/Robert-Musil-Museum-Ausstellung-Schmeichelzimmer-von-1000-c-Dieter-Resei-300x156.jpg 300w\" sizes=\"(max-width: 693px) 100vw, 693px\" \/><figcaption class=\"wp-element-caption\">(c) Dieter Resei<\/figcaption><\/figure>\n\n\n\n<figure class=\"wp-block-image size-large\"><img decoding=\"async\" width=\"1024\" height=\"683\" data-id=\"1445\" src=\"https:\/\/www.visitklagenfurt.at\/wp-content\/uploads\/2020\/09\/Robert_Musil_Literaturmuseum__C_Arnold_Poeschl_8463-1024x683.jpg\" alt=\"Musilmuseum in der Literaturstadt Klagenfurt\" class=\"wp-image-1445\" srcset=\"https:\/\/www.visitklagenfurt.at\/wp-content\/uploads\/2020\/09\/Robert_Musil_Literaturmuseum__C_Arnold_Poeschl_8463-1024x683.jpg 1024w, https:\/\/www.visitklagenfurt.at\/wp-content\/uploads\/2020\/09\/Robert_Musil_Literaturmuseum__C_Arnold_Poeschl_8463-300x200.jpg 300w, https:\/\/www.visitklagenfurt.at\/wp-content\/uploads\/2020\/09\/Robert_Musil_Literaturmuseum__C_Arnold_Poeschl_8463-768x512.jpg 768w, https:\/\/www.visitklagenfurt.at\/wp-content\/uploads\/2020\/09\/Robert_Musil_Literaturmuseum__C_Arnold_Poeschl_8463-1536x1024.jpg 1536w, https:\/\/www.visitklagenfurt.at\/wp-content\/uploads\/2020\/09\/Robert_Musil_Literaturmuseum__C_Arnold_Poeschl_8463-2048x1366.jpg 2048w\" sizes=\"(max-width: 1024px) 100vw, 1024px\" \/><figcaption class=\"wp-element-caption\">(c) Arnold P\u00f6schl<\/figcaption><\/figure>\n<\/figure>\n\n\n\n<h2 class=\"wp-block-heading\" id=\"h-2-den-ersten-gluhwein-trinken\">2. Den ersten Gl\u00fchwein trinken<\/h2>\n\n\n\n<p>Das allj\u00e4hrliche <strong>Gl\u00fchwein-Opening<\/strong> l\u00e4utet die Zeit des Jahres ein, in der sich am Alten Platz ein Gl\u00fchweinstand an den n\u00e4chsten reiht und Weihnachtsklassiker aus den Boxen zum Verweilen einladen. Der offizielle Termin folgt. <\/p>\n\n\n\n<figure class=\"wp-block-gallery has-nested-images columns-default is-cropped wp-block-gallery-2 is-layout-flex wp-block-gallery-is-layout-flex\">\n<figure class=\"wp-block-image size-full\"><img loading=\"lazy\" decoding=\"async\" width=\"2048\" height=\"1365\" data-id=\"44476\" src=\"https:\/\/www.visitklagenfurt.at\/wp-content\/uploads\/2022\/09\/advent_christkindlmarkt_2021_c-sarina_dobernig_32_jpg-web.jpeg\" alt=\"\" class=\"wp-image-44476\"\/><figcaption class=\"wp-element-caption\">(c) Sarina Dobernig<\/figcaption><\/figure>\n<\/figure>\n\n\n\n<h2 class=\"wp-block-heading\" id=\"h-3-den-faschingsbeginn-feiern-nbsp\">3. Den Faschingsbeginn feiern&nbsp;<\/h2>\n\n\n\n<p>K\u00e4rnten ist \u00d6sterreichs Faschings-Hochburg! Traditionell wird die Ballsaison und damit der Fasching im November er\u00f6ffnet, Fixpunkt ist das sogenannte &#8222;<strong>Faschingswecken<\/strong>&#8220; der Waidmannsdorfer Faschingsgilde am <strong>11.11. um 11.11 Uhr<\/strong>.\u00a0<\/p>\n\n\n\n<p>Es darf euch also nicht verwundern, wenn ihr an einem scheinbar ganz normalen Freitagvormittag verkleidete Narren durch die Innenstadt l\u00e4rmen seht! Am besten ist es einfach, sich gar nicht erst lange zu wehren, sondern mitzufeiern.&nbsp;Ein Schl\u00fcckchen in Ehren und ein deftiger Krapfen k\u00f6nnen ja nicht schaden.<\/p>\n\n\n\n<figure class=\"wp-block-gallery has-nested-images columns-1 is-cropped wp-block-gallery-3 is-layout-flex wp-block-gallery-is-layout-flex\">\n<figure class=\"wp-block-image size-full\"><img loading=\"lazy\" decoding=\"async\" width=\"2048\" height=\"1365\" data-id=\"32482\" src=\"https:\/\/www.visitklagenfurt.at\/wp-content\/uploads\/2022\/01\/krapfen_f_Carletto-Photography_c_Kaernten-Werbung.jpeg\" alt=\"\" class=\"wp-image-32482\"\/><figcaption class=\"wp-element-caption\">(c) KW, Carletto Photography<\/figcaption><\/figure>\n<\/figure>\n\n\n\n<h2 class=\"wp-block-heading\">4. \u00dcber die Nebelsupp\u2019n sudern<\/h2>\n\n\n\n<p>Richtig stimmungsvoll wird es, wenn der Nebel im November \u00fcber die Stadt hereinschwappt. Meistens verzieht er sich gegen Mittag wieder, aber an manchen Tagen bleibt die Stadt <strong>neblig und k\u00fchl<\/strong>, w\u00e4hrend nur die Weihnachtsbeleuchtung f\u00fcr helle Momente sorgt.<\/p>\n\n\n\n<p>Der gelernte Klagenfurter ist insgeheim <strong>stolz auf diese Nebeltage <\/strong>und br\u00fcstet sich bei jeder Gelegenheit mit leicht \u00fcbertriebenen Angaben zu Dichte des Nebels, Sichtweite und Dauer des Ph\u00e4nomens. Das Ganze tarnt er nat\u00fcrlich als Beschwerde, so als sei es ungew\u00f6hnlich und unerh\u00f6rt, dass es gerade heute wieder nicht sonnig ist. \ud83d\ude09&nbsp;<\/p>\n\n\n\n<p>Die Wahrheit ist, es ist manchmal wirklich fein, wenn man so tun kann, als h\u00e4tte man die \u201cUrstrumpftante\u201d auf der anderen Stra\u00dfenseite wegen des Nebels einfach nicht gesehen.<\/p>\n\n\n\n<blockquote class=\"instagram-media\" data-instgrm-permalink=\"https:\/\/www.instagram.com\/p\/CK8smp9rnP6\/?utm_source=ig_embed&amp;utm_campaign=loading\" data-instgrm-version=\"14\" style=\" background:#FFF; border:0; border-radius:3px; box-shadow:0 0 1px 0 rgba(0,0,0,0.5),0 1px 10px 0 rgba(0,0,0,0.15); margin: 1px; max-width:540px; min-width:326px; padding:0; width:99.375%; width:-webkit-calc(100% - 2px); width:calc(100% - 2px);\"><div style=\"padding:16px;\"> <a href=\"https:\/\/www.instagram.com\/p\/CK8smp9rnP6\/?utm_source=ig_embed&amp;utm_campaign=loading\" style=\" background:#FFFFFF; line-height:0; padding:0 0; text-align:center; text-decoration:none; width:100%;\" target=\"_blank\" rel=\"noopener\"> <div style=\" display: flex; flex-direction: row; align-items: center;\"> <div style=\"background-color: #F4F4F4; border-radius: 50%; flex-grow: 0; height: 40px; margin-right: 14px; width: 40px;\"><\/div> <div style=\"display: flex; flex-direction: column; flex-grow: 1; justify-content: center;\"> <div style=\" background-color: #F4F4F4; border-radius: 4px; flex-grow: 0; height: 14px; margin-bottom: 6px; width: 100px;\"><\/div> <div style=\" background-color: #F4F4F4; border-radius: 4px; flex-grow: 0; height: 14px; width: 60px;\"><\/div><\/div><\/div><div style=\"padding: 19% 0;\"><\/div> <div style=\"display:block; height:50px; margin:0 auto 12px; width:50px;\"><svg width=\"50px\" height=\"50px\" viewBox=\"0 0 60 60\" version=\"1.1\" xmlns=\"https:\/\/www.w3.org\/2000\/svg\" xmlns:xlink=\"https:\/\/www.w3.org\/1999\/xlink\"><g stroke=\"none\" stroke-width=\"1\" fill=\"none\" fill-rule=\"evenodd\"><g transform=\"translate(-511.000000, -20.000000)\" fill=\"#000000\"><g><path d=\"M556.869,30.41 C554.814,30.41 553.148,32.076 553.148,34.131 C553.148,36.186 554.814,37.852 556.869,37.852 C558.924,37.852 560.59,36.186 560.59,34.131 C560.59,32.076 558.924,30.41 556.869,30.41 M541,60.657 C535.114,60.657 530.342,55.887 530.342,50 C530.342,44.114 535.114,39.342 541,39.342 C546.887,39.342 551.658,44.114 551.658,50 C551.658,55.887 546.887,60.657 541,60.657 M541,33.886 C532.1,33.886 524.886,41.1 524.886,50 C524.886,58.899 532.1,66.113 541,66.113 C549.9,66.113 557.115,58.899 557.115,50 C557.115,41.1 549.9,33.886 541,33.886 M565.378,62.101 C565.244,65.022 564.756,66.606 564.346,67.663 C563.803,69.06 563.154,70.057 562.106,71.106 C561.058,72.155 560.06,72.803 558.662,73.347 C557.607,73.757 556.021,74.244 553.102,74.378 C549.944,74.521 548.997,74.552 541,74.552 C533.003,74.552 532.056,74.521 528.898,74.378 C525.979,74.244 524.393,73.757 523.338,73.347 C521.94,72.803 520.942,72.155 519.894,71.106 C518.846,70.057 518.197,69.06 517.654,67.663 C517.244,66.606 516.755,65.022 516.623,62.101 C516.479,58.943 516.448,57.996 516.448,50 C516.448,42.003 516.479,41.056 516.623,37.899 C516.755,34.978 517.244,33.391 517.654,32.338 C518.197,30.938 518.846,29.942 519.894,28.894 C520.942,27.846 521.94,27.196 523.338,26.654 C524.393,26.244 525.979,25.756 528.898,25.623 C532.057,25.479 533.004,25.448 541,25.448 C548.997,25.448 549.943,25.479 553.102,25.623 C556.021,25.756 557.607,26.244 558.662,26.654 C560.06,27.196 561.058,27.846 562.106,28.894 C563.154,29.942 563.803,30.938 564.346,32.338 C564.756,33.391 565.244,34.978 565.378,37.899 C565.522,41.056 565.552,42.003 565.552,50 C565.552,57.996 565.522,58.943 565.378,62.101 M570.82,37.631 C570.674,34.438 570.167,32.258 569.425,30.349 C568.659,28.377 567.633,26.702 565.965,25.035 C564.297,23.368 562.623,22.342 560.652,21.575 C558.743,20.834 556.562,20.326 553.369,20.18 C550.169,20.033 549.148,20 541,20 C532.853,20 531.831,20.033 528.631,20.18 C525.438,20.326 523.257,20.834 521.349,21.575 C519.376,22.342 517.703,23.368 516.035,25.035 C514.368,26.702 513.342,28.377 512.574,30.349 C511.834,32.258 511.326,34.438 511.181,37.631 C511.035,40.831 511,41.851 511,50 C511,58.147 511.035,59.17 511.181,62.369 C511.326,65.562 511.834,67.743 512.574,69.651 C513.342,71.625 514.368,73.296 516.035,74.965 C517.703,76.634 519.376,77.658 521.349,78.425 C523.257,79.167 525.438,79.673 528.631,79.82 C531.831,79.965 532.853,80.001 541,80.001 C549.148,80.001 550.169,79.965 553.369,79.82 C556.562,79.673 558.743,79.167 560.652,78.425 C562.623,77.658 564.297,76.634 565.965,74.965 C567.633,73.296 568.659,71.625 569.425,69.651 C570.167,67.743 570.674,65.562 570.82,62.369 C570.966,59.17 571,58.147 571,50 C571,41.851 570.966,40.831 570.82,37.631\"><\/path><\/g><\/g><\/g><\/svg><\/div><div style=\"padding-top: 8px;\"> <div style=\" color:#3897f0; font-family:Arial,sans-serif; font-size:14px; font-style:normal; font-weight:550; line-height:18px;\">Sieh dir diesen Beitrag auf Instagram an<\/div><\/div><div style=\"padding: 12.5% 0;\"><\/div> <div style=\"display: flex; flex-direction: row; margin-bottom: 14px; align-items: center;\"><div> <div style=\"background-color: #F4F4F4; border-radius: 50%; height: 12.5px; width: 12.5px; transform: translateX(0px) translateY(7px);\"><\/div> <div style=\"background-color: #F4F4F4; height: 12.5px; transform: rotate(-45deg) translateX(3px) translateY(1px); width: 12.5px; flex-grow: 0; margin-right: 14px; margin-left: 2px;\"><\/div> <div style=\"background-color: #F4F4F4; border-radius: 50%; height: 12.5px; width: 12.5px; transform: translateX(9px) translateY(-18px);\"><\/div><\/div><div style=\"margin-left: 8px;\"> <div style=\" background-color: #F4F4F4; border-radius: 50%; flex-grow: 0; height: 20px; width: 20px;\"><\/div> <div style=\" width: 0; height: 0; border-top: 2px solid transparent; border-left: 6px solid #f4f4f4; border-bottom: 2px solid transparent; transform: translateX(16px) translateY(-4px) rotate(30deg)\"><\/div><\/div><div style=\"margin-left: auto;\"> <div style=\" width: 0px; border-top: 8px solid #F4F4F4; border-right: 8px solid transparent; transform: translateY(16px);\"><\/div> <div style=\" background-color: #F4F4F4; flex-grow: 0; height: 12px; width: 16px; transform: translateY(-4px);\"><\/div> <div style=\" width: 0; height: 0; border-top: 8px solid #F4F4F4; border-left: 8px solid transparent; transform: translateY(-4px) translateX(8px);\"><\/div><\/div><\/div> <div style=\"display: flex; flex-direction: column; flex-grow: 1; justify-content: center; margin-bottom: 24px;\"> <div style=\" background-color: #F4F4F4; border-radius: 4px; flex-grow: 0; height: 14px; margin-bottom: 6px; width: 224px;\"><\/div> <div style=\" background-color: #F4F4F4; border-radius: 4px; flex-grow: 0; height: 14px; width: 144px;\"><\/div><\/div><\/a><p style=\" color:#c9c8cd; font-family:Arial,sans-serif; font-size:14px; line-height:17px; margin-bottom:0; margin-top:8px; overflow:hidden; padding:8px 0 7px; text-align:center; text-overflow:ellipsis; white-space:nowrap;\"><a href=\"https:\/\/www.instagram.com\/p\/CK8smp9rnP6\/?utm_source=ig_embed&amp;utm_campaign=loading\" style=\" color:#c9c8cd; font-family:Arial,sans-serif; font-size:14px; font-style:normal; font-weight:normal; line-height:17px; text-decoration:none;\" target=\"_blank\" rel=\"noopener\">Ein Beitrag geteilt von KLAGIFORNIAX (@klagiforniax)<\/a><\/p><\/div><\/blockquote> <script async=\"\" src=\"\/\/www.instagram.com\/embed.js\"><\/script>\n\n\n\n<h2 class=\"wp-block-heading\" id=\"h-5-martinigansl-essen\">5. Martinigansl essen<\/h2>\n\n\n\n<p>Das sogenannte &#8222;Martinigansl&#8220; ist ein festlicher Braten, der klassisch mit Kartoffelkn\u00f6del, Rotkraut und Maroni gereicht wird. Ehrlicherweise ist es nicht schwer, ein leckeres Gansl in der Stadt zu finden, aber ihr solltet unbedingt darauf achten, dass die Tiere aus der Region kommen.&nbsp;<\/p>\n\n\n\n<p>Die <a href=\"https:\/\/bioweidegans.at\/\">K\u00e4rntner Bio-Weidegans<\/a> zum Beispiel wird von der Spitzengastronomie ebenso gesch\u00e4tzt wie von der engagierten Hausfrau. Hier findet ihr eine \u00dcbersicht \u00fcber <a href=\"https:\/\/www.visitklagenfurt.at\/de\/blog\/essen-trinken\/restaurants-martini-gansl-essen-klagenfurt\/\">unsere liebsten Restaurants zum Martini Gansl <\/a>essen.<\/p>\n\n\n\n<figure class=\"wp-block-gallery has-nested-images columns-default is-cropped wp-block-gallery-4 is-layout-flex wp-block-gallery-is-layout-flex\">\n<figure class=\"wp-block-image size-large\"><img loading=\"lazy\" decoding=\"async\" width=\"1020\" height=\"681\" data-id=\"30510\" src=\"https:\/\/www.visitklagenfurt.at\/wp-content\/uploads\/2021\/11\/kaerntner_biogans_mit_honigkruste_und_erntegemuese_f_Carletto-Photography_c_Kaernten-Werbung.jpg\" alt=\"\" class=\"wp-image-30510\"\/><figcaption class=\"wp-element-caption\">(c) KW, Carletto Photography<\/figcaption><\/figure>\n<\/figure>\n\n\n\n<h2 class=\"wp-block-heading\" id=\"h-6-den-christkindlmarkt-am-neuen-platz-erkunden\">6. Den Christkindlmarkt am Neuen Platz erkunden<\/h2>\n\n\n\n<p>Mitte November beginnt in Klagenfurt offiziell die <a href=\"https:\/\/www.visitklagenfurt.at\/de\/advent\/\">Adventzeit<\/a> und da m\u00fcsst ihr vor allem den <strong>16. November 2024 <\/strong>in euren Kalendern dick anstreichen! <\/p>\n\n\n\n<p>Neben Kunsthandwerk, Wintermode, Geschenkartikeln und weihnachtlicher Deko aller Art k\u00f6nnt ihr hier vor allem die beliebte Marktgastronomie genie\u00dfen. Regionale Produkte und nat\u00fcrlich die eine oder andere Tasse Gl\u00fchmost oder hei\u00dfe Schokolade k\u00f6nnt ihr t\u00e4glich bis 23.00 Uhr zu euch nehmen.<\/p>\n\n\n\n<figure class=\"wp-block-gallery has-nested-images columns-default is-cropped wp-block-gallery-5 is-layout-flex wp-block-gallery-is-layout-flex\">\n<figure class=\"wp-block-image size-large\"><img loading=\"lazy\" decoding=\"async\" width=\"1920\" height=\"1280\" data-id=\"30881\" src=\"https:\/\/www.visitklagenfurt.at\/wp-content\/uploads\/2021\/11\/advent_christkindlmarkt_neuer_platz_paerchen_winter_2017_c-arnold_poeschl_24.jpeg\" alt=\"\" class=\"wp-image-30881\"\/><figcaption class=\"wp-element-caption\">(c) Arnold P\u00f6schl<\/figcaption><\/figure>\n<\/figure>\n\n\n\n<h2 class=\"wp-block-heading\" id=\"h-7-sich-beim-krampusumzug-furchten\">7. Sich beim Krampusumzug f\u00fcrchten<\/h2>\n\n\n\n<p>W\u00e4hrend sich die eine H\u00e4lfte der Klagenfurter an diesem Abend zu Hause einsperrt und das Licht ausschaltet, lassen es sich die anderen nicht entgehen, sich in Get\u00fcmmel zu werfen und zwischen Gl\u00fchweinstandeln, Christkindlmarkt und Bratw\u00fcrstl den Ruten der Krampusse auszuweichen.<\/p>\n\n\n\n<p>Ein durchaus ambivalentes Verh\u00e4ltnis pflegen die Einheimischen zum gro\u00dfen Krampusumzug in der Bahnhofstra\u00dfe und am Alten Platz. Heuer findet das grausige Treiben am <strong>Samstag, dem 23. November 2024, ab 19.00 Uhr<\/strong> statt.\u00a0<\/p>\n\n\n\n<p>Der <strong>gr\u00f6\u00dfte Krampuslauf \u00d6sterreichs<\/strong> bringt \u00fcber 1.000 Perchten und Krampusse in der Klagenfurter Innenstadt zusammen, erg\u00e4nzt durch andere Brauchtumsfiguren wie \u201cEngerln, Nikolo oder Hexen\u201d ergibt sich ein spektakul\u00e4res Bild. Die lauten Glocken der Maskierten und die gruselig verz\u00fcckten Schreie des Publikums machen die Stimmung perfekt.<\/p>\n\n\n\n<figure class=\"wp-block-gallery has-nested-images columns-default is-cropped wp-block-gallery-6 is-layout-flex wp-block-gallery-is-layout-flex\">\n<figure class=\"wp-block-image size-large\"><img loading=\"lazy\" decoding=\"async\" width=\"1440\" height=\"960\" data-id=\"30548\" src=\"https:\/\/www.visitklagenfurt.at\/wp-content\/uploads\/2021\/11\/06023245f9d1b023e7f8c6f58c1f3600.jpg\" alt=\"\" class=\"wp-image-30548\"\/><figcaption class=\"wp-element-caption\">(c) IG, pege78<\/figcaption><\/figure>\n<\/figure>\n\n\n\n<h2 class=\"wp-block-heading\" id=\"h-8-die-weihnachtsbeleuchtung-am-alten-platz-bewundern-nbsp\">8. Die Weihnachtsbeleuchtung am Alten Platz bewundern&nbsp;<\/h2>\n\n\n\n<p>Etwas sp\u00e4ter wird dann die festliche Weihnachtsbeleuchtung eingeschaltet und das Advent-Wunderland ist perfekt. \u00dcber den K\u00f6pfen der Gl\u00fchweinfreunde wird es am <strong>25. November <\/strong>hell. \u00dcbrigens, der Christkindlmarkt ist nat\u00fcrlich schon ein paar Tage fr\u00fcher festlich erleuchtet!<\/p>\n\n\n\n<blockquote class=\"instagram-media\" data-instgrm-permalink=\"https:\/\/www.instagram.com\/p\/CIdu9PKrpsu\/?utm_source=ig_embed&amp;utm_campaign=loading\" data-instgrm-version=\"14\" style=\" background:#FFF; border:0; border-radius:3px; box-shadow:0 0 1px 0 rgba(0,0,0,0.5),0 1px 10px 0 rgba(0,0,0,0.15); margin: 1px; max-width:540px; min-width:326px; padding:0; width:99.375%; width:-webkit-calc(100% - 2px); width:calc(100% - 2px);\"><div style=\"padding:16px;\"> <a href=\"https:\/\/www.instagram.com\/p\/CIdu9PKrpsu\/?utm_source=ig_embed&amp;utm_campaign=loading\" style=\" background:#FFFFFF; line-height:0; padding:0 0; text-align:center; text-decoration:none; width:100%;\" target=\"_blank\" rel=\"noopener\"> <div style=\" display: flex; flex-direction: row; align-items: center;\"> <div style=\"background-color: #F4F4F4; border-radius: 50%; flex-grow: 0; height: 40px; margin-right: 14px; width: 40px;\"><\/div> <div style=\"display: flex; flex-direction: column; flex-grow: 1; justify-content: center;\"> <div style=\" background-color: #F4F4F4; border-radius: 4px; flex-grow: 0; height: 14px; margin-bottom: 6px; width: 100px;\"><\/div> <div style=\" background-color: #F4F4F4; border-radius: 4px; flex-grow: 0; height: 14px; width: 60px;\"><\/div><\/div><\/div><div style=\"padding: 19% 0;\"><\/div> <div style=\"display:block; height:50px; margin:0 auto 12px; width:50px;\"><svg width=\"50px\" height=\"50px\" viewBox=\"0 0 60 60\" version=\"1.1\" xmlns=\"https:\/\/www.w3.org\/2000\/svg\" xmlns:xlink=\"https:\/\/www.w3.org\/1999\/xlink\"><g stroke=\"none\" stroke-width=\"1\" fill=\"none\" fill-rule=\"evenodd\"><g transform=\"translate(-511.000000, -20.000000)\" fill=\"#000000\"><g><path d=\"M556.869,30.41 C554.814,30.41 553.148,32.076 553.148,34.131 C553.148,36.186 554.814,37.852 556.869,37.852 C558.924,37.852 560.59,36.186 560.59,34.131 C560.59,32.076 558.924,30.41 556.869,30.41 M541,60.657 C535.114,60.657 530.342,55.887 530.342,50 C530.342,44.114 535.114,39.342 541,39.342 C546.887,39.342 551.658,44.114 551.658,50 C551.658,55.887 546.887,60.657 541,60.657 M541,33.886 C532.1,33.886 524.886,41.1 524.886,50 C524.886,58.899 532.1,66.113 541,66.113 C549.9,66.113 557.115,58.899 557.115,50 C557.115,41.1 549.9,33.886 541,33.886 M565.378,62.101 C565.244,65.022 564.756,66.606 564.346,67.663 C563.803,69.06 563.154,70.057 562.106,71.106 C561.058,72.155 560.06,72.803 558.662,73.347 C557.607,73.757 556.021,74.244 553.102,74.378 C549.944,74.521 548.997,74.552 541,74.552 C533.003,74.552 532.056,74.521 528.898,74.378 C525.979,74.244 524.393,73.757 523.338,73.347 C521.94,72.803 520.942,72.155 519.894,71.106 C518.846,70.057 518.197,69.06 517.654,67.663 C517.244,66.606 516.755,65.022 516.623,62.101 C516.479,58.943 516.448,57.996 516.448,50 C516.448,42.003 516.479,41.056 516.623,37.899 C516.755,34.978 517.244,33.391 517.654,32.338 C518.197,30.938 518.846,29.942 519.894,28.894 C520.942,27.846 521.94,27.196 523.338,26.654 C524.393,26.244 525.979,25.756 528.898,25.623 C532.057,25.479 533.004,25.448 541,25.448 C548.997,25.448 549.943,25.479 553.102,25.623 C556.021,25.756 557.607,26.244 558.662,26.654 C560.06,27.196 561.058,27.846 562.106,28.894 C563.154,29.942 563.803,30.938 564.346,32.338 C564.756,33.391 565.244,34.978 565.378,37.899 C565.522,41.056 565.552,42.003 565.552,50 C565.552,57.996 565.522,58.943 565.378,62.101 M570.82,37.631 C570.674,34.438 570.167,32.258 569.425,30.349 C568.659,28.377 567.633,26.702 565.965,25.035 C564.297,23.368 562.623,22.342 560.652,21.575 C558.743,20.834 556.562,20.326 553.369,20.18 C550.169,20.033 549.148,20 541,20 C532.853,20 531.831,20.033 528.631,20.18 C525.438,20.326 523.257,20.834 521.349,21.575 C519.376,22.342 517.703,23.368 516.035,25.035 C514.368,26.702 513.342,28.377 512.574,30.349 C511.834,32.258 511.326,34.438 511.181,37.631 C511.035,40.831 511,41.851 511,50 C511,58.147 511.035,59.17 511.181,62.369 C511.326,65.562 511.834,67.743 512.574,69.651 C513.342,71.625 514.368,73.296 516.035,74.965 C517.703,76.634 519.376,77.658 521.349,78.425 C523.257,79.167 525.438,79.673 528.631,79.82 C531.831,79.965 532.853,80.001 541,80.001 C549.148,80.001 550.169,79.965 553.369,79.82 C556.562,79.673 558.743,79.167 560.652,78.425 C562.623,77.658 564.297,76.634 565.965,74.965 C567.633,73.296 568.659,71.625 569.425,69.651 C570.167,67.743 570.674,65.562 570.82,62.369 C570.966,59.17 571,58.147 571,50 C571,41.851 570.966,40.831 570.82,37.631\"><\/path><\/g><\/g><\/g><\/svg><\/div><div style=\"padding-top: 8px;\"> <div style=\" color:#3897f0; font-family:Arial,sans-serif; font-size:14px; font-style:normal; font-weight:550; line-height:18px;\">Sieh dir diesen Beitrag auf Instagram an<\/div><\/div><div style=\"padding: 12.5% 0;\"><\/div> <div style=\"display: flex; flex-direction: row; margin-bottom: 14px; align-items: center;\"><div> <div style=\"background-color: #F4F4F4; border-radius: 50%; height: 12.5px; width: 12.5px; transform: translateX(0px) translateY(7px);\"><\/div> <div style=\"background-color: #F4F4F4; height: 12.5px; transform: rotate(-45deg) translateX(3px) translateY(1px); width: 12.5px; flex-grow: 0; margin-right: 14px; margin-left: 2px;\"><\/div> <div style=\"background-color: #F4F4F4; border-radius: 50%; height: 12.5px; width: 12.5px; transform: translateX(9px) translateY(-18px);\"><\/div><\/div><div style=\"margin-left: 8px;\"> <div style=\" background-color: #F4F4F4; border-radius: 50%; flex-grow: 0; height: 20px; width: 20px;\"><\/div> <div style=\" width: 0; height: 0; border-top: 2px solid transparent; border-left: 6px solid #f4f4f4; border-bottom: 2px solid transparent; transform: translateX(16px) translateY(-4px) rotate(30deg)\"><\/div><\/div><div style=\"margin-left: auto;\"> <div style=\" width: 0px; border-top: 8px solid #F4F4F4; border-right: 8px solid transparent; transform: translateY(16px);\"><\/div> <div style=\" background-color: #F4F4F4; flex-grow: 0; height: 12px; width: 16px; transform: translateY(-4px);\"><\/div> <div style=\" width: 0; height: 0; border-top: 8px solid #F4F4F4; border-left: 8px solid transparent; transform: translateY(-4px) translateX(8px);\"><\/div><\/div><\/div> <div style=\"display: flex; flex-direction: column; flex-grow: 1; justify-content: center; margin-bottom: 24px;\"> <div style=\" background-color: #F4F4F4; border-radius: 4px; flex-grow: 0; height: 14px; margin-bottom: 6px; width: 224px;\"><\/div> <div style=\" background-color: #F4F4F4; border-radius: 4px; flex-grow: 0; height: 14px; width: 144px;\"><\/div><\/div><\/a><p style=\" color:#c9c8cd; font-family:Arial,sans-serif; font-size:14px; line-height:17px; margin-bottom:0; margin-top:8px; overflow:hidden; padding:8px 0 7px; text-align:center; text-overflow:ellipsis; white-space:nowrap;\"><a href=\"https:\/\/www.instagram.com\/p\/CIdu9PKrpsu\/?utm_source=ig_embed&amp;utm_campaign=loading\" style=\" color:#c9c8cd; font-family:Arial,sans-serif; font-size:14px; font-style:normal; font-weight:normal; line-height:17px; text-decoration:none;\" target=\"_blank\" rel=\"noopener\">Ein Beitrag geteilt von KLAGENFURT AM W\u00d6RTHERSEE (@visit.klagenfurt)<\/a><\/p><\/div><\/blockquote> <script async=\"\" src=\"\/\/www.instagram.com\/embed.js\"><\/script>\n\n\n\n<h2 class=\"wp-block-heading\" id=\"h-9-schokoladen-nikolo-kaufen\">9. Schokoladen Nikolo kaufen<\/h2>\n\n\n\n<p>Ach ja, ein Besuch beim <a href=\"https:\/\/www.zehrer.at\/\">Zehrer <\/a>am Alten Platz ist im November Pflicht! Hier bekommt ihr alles zum selbst <strong>Kekse <\/strong>backen oder auch die obligatorischen <strong>Schokoladen Nikol\u00e4use<\/strong>, der jetzt unbedingt in ausreichender Anzahl in jedem Haushalt vorhanden sein m\u00fcssen. <strong>Kerzen<\/strong>, die man in der dunklen Jahresh\u00e4lfte auch immer brauchen kann, findet ihr auch in rauen Mengen.<\/p>\n\n\n\n<figure class=\"wp-block-gallery has-nested-images columns-default is-cropped wp-block-gallery-7 is-layout-flex wp-block-gallery-is-layout-flex\">\n<figure class=\"wp-block-image size-large\"><img loading=\"lazy\" decoding=\"async\" width=\"1000\" height=\"666\" data-id=\"3042\" src=\"https:\/\/www.visitklagenfurt.at\/wp-content\/uploads\/2020\/11\/Zehrer_Klagenfurt_City_c_Arnold_Poeschl__019.jpg\" alt=\"Inhaber des Gesch\u00e4fts Zehrer am Alten Platz in Klagenfurt, sie bieten alles f\u00fcr den Schulbeginn, S\u00fc\u00dfigkeiten f\u00fcr die Schult\u00fcte\" class=\"wp-image-3042\" srcset=\"https:\/\/www.visitklagenfurt.at\/wp-content\/uploads\/2020\/11\/Zehrer_Klagenfurt_City_c_Arnold_Poeschl__019.jpg 1000w, https:\/\/www.visitklagenfurt.at\/wp-content\/uploads\/2020\/11\/Zehrer_Klagenfurt_City_c_Arnold_Poeschl__019-300x200.jpg 300w, https:\/\/www.visitklagenfurt.at\/wp-content\/uploads\/2020\/11\/Zehrer_Klagenfurt_City_c_Arnold_Poeschl__019-768x511.jpg 768w\" sizes=\"(max-width: 1000px) 100vw, 1000px\" \/><figcaption class=\"wp-element-caption\">(c) Arnold P\u00f6schl<\/figcaption><\/figure>\n<\/figure>\n\n\n\n<h2 class=\"wp-block-heading\" id=\"h-10-bei-der-european-outdoor-film-tour-nbsp-lust-auf-ein-abenteuer-bekommen\">10. Bei der European Outdoor Film Tour&nbsp;Lust auf ein Abenteuer bekommen<\/h2>\n\n\n\n<p>Die <a href=\"https:\/\/at.eoft.eu\/de\/tickets\/?gclid=CjwKCAjw79iaBhAJEiwAPYwoCLOdR_SAV9VstDNLq2BiqZVNU5zxySyiOmvwY-I8BjLABPCiGDZuVxoCGfQQAvD_BwE#hide_overlay\">European Outdoor Film Tour<\/a> kommt am<strong> 12. November 2024 <\/strong>nach Klagenfurt. Die zweist\u00fcndige Dokumentarfilmvorf\u00fchrung tingelt von Stadt zu Stadt und macht diesmal im Konzerthaus in der Mie\u00dftalerstra\u00dfe halt.\u00a0Dabei wird vor allem das Abenteuer auf die gro\u00dfe Leinwand gebracht.\u00a0Filme \u00fcber Outdoor- und Extremsport sowie Reisen in aller Herren L\u00e4nder machen richtig Laune auf ein eigenes Abenteuer.<\/p>\n\n\n\n<blockquote class=\"instagram-media\" data-instgrm-permalink=\"https:\/\/www.instagram.com\/p\/DAD570foO_k\/?utm_source=ig_embed&amp;utm_campaign=loading\" data-instgrm-version=\"14\" style=\" background:#FFF; border:0; border-radius:3px; box-shadow:0 0 1px 0 rgba(0,0,0,0.5),0 1px 10px 0 rgba(0,0,0,0.15); margin: 1px; max-width:540px; min-width:326px; padding:0; width:99.375%; width:-webkit-calc(100% - 2px); width:calc(100% - 2px);\"><div style=\"padding:16px;\"> <a href=\"https:\/\/www.instagram.com\/p\/DAD570foO_k\/?utm_source=ig_embed&amp;utm_campaign=loading\" style=\" background:#FFFFFF; line-height:0; padding:0 0; text-align:center; text-decoration:none; width:100%;\" target=\"_blank\" rel=\"noopener\"> <div style=\" display: flex; flex-direction: row; align-items: center;\"> <div style=\"background-color: #F4F4F4; border-radius: 50%; flex-grow: 0; height: 40px; margin-right: 14px; width: 40px;\"><\/div> <div style=\"display: flex; flex-direction: column; flex-grow: 1; justify-content: center;\"> <div style=\" background-color: #F4F4F4; border-radius: 4px; flex-grow: 0; height: 14px; margin-bottom: 6px; width: 100px;\"><\/div> <div style=\" background-color: #F4F4F4; border-radius: 4px; flex-grow: 0; height: 14px; width: 60px;\"><\/div><\/div><\/div><div style=\"padding: 19% 0;\"><\/div> <div style=\"display:block; height:50px; margin:0 auto 12px; width:50px;\"><svg width=\"50px\" height=\"50px\" viewBox=\"0 0 60 60\" version=\"1.1\" xmlns=\"https:\/\/www.w3.org\/2000\/svg\" xmlns:xlink=\"https:\/\/www.w3.org\/1999\/xlink\"><g stroke=\"none\" stroke-width=\"1\" fill=\"none\" fill-rule=\"evenodd\"><g transform=\"translate(-511.000000, -20.000000)\" fill=\"#000000\"><g><path d=\"M556.869,30.41 C554.814,30.41 553.148,32.076 553.148,34.131 C553.148,36.186 554.814,37.852 556.869,37.852 C558.924,37.852 560.59,36.186 560.59,34.131 C560.59,32.076 558.924,30.41 556.869,30.41 M541,60.657 C535.114,60.657 530.342,55.887 530.342,50 C530.342,44.114 535.114,39.342 541,39.342 C546.887,39.342 551.658,44.114 551.658,50 C551.658,55.887 546.887,60.657 541,60.657 M541,33.886 C532.1,33.886 524.886,41.1 524.886,50 C524.886,58.899 532.1,66.113 541,66.113 C549.9,66.113 557.115,58.899 557.115,50 C557.115,41.1 549.9,33.886 541,33.886 M565.378,62.101 C565.244,65.022 564.756,66.606 564.346,67.663 C563.803,69.06 563.154,70.057 562.106,71.106 C561.058,72.155 560.06,72.803 558.662,73.347 C557.607,73.757 556.021,74.244 553.102,74.378 C549.944,74.521 548.997,74.552 541,74.552 C533.003,74.552 532.056,74.521 528.898,74.378 C525.979,74.244 524.393,73.757 523.338,73.347 C521.94,72.803 520.942,72.155 519.894,71.106 C518.846,70.057 518.197,69.06 517.654,67.663 C517.244,66.606 516.755,65.022 516.623,62.101 C516.479,58.943 516.448,57.996 516.448,50 C516.448,42.003 516.479,41.056 516.623,37.899 C516.755,34.978 517.244,33.391 517.654,32.338 C518.197,30.938 518.846,29.942 519.894,28.894 C520.942,27.846 521.94,27.196 523.338,26.654 C524.393,26.244 525.979,25.756 528.898,25.623 C532.057,25.479 533.004,25.448 541,25.448 C548.997,25.448 549.943,25.479 553.102,25.623 C556.021,25.756 557.607,26.244 558.662,26.654 C560.06,27.196 561.058,27.846 562.106,28.894 C563.154,29.942 563.803,30.938 564.346,32.338 C564.756,33.391 565.244,34.978 565.378,37.899 C565.522,41.056 565.552,42.003 565.552,50 C565.552,57.996 565.522,58.943 565.378,62.101 M570.82,37.631 C570.674,34.438 570.167,32.258 569.425,30.349 C568.659,28.377 567.633,26.702 565.965,25.035 C564.297,23.368 562.623,22.342 560.652,21.575 C558.743,20.834 556.562,20.326 553.369,20.18 C550.169,20.033 549.148,20 541,20 C532.853,20 531.831,20.033 528.631,20.18 C525.438,20.326 523.257,20.834 521.349,21.575 C519.376,22.342 517.703,23.368 516.035,25.035 C514.368,26.702 513.342,28.377 512.574,30.349 C511.834,32.258 511.326,34.438 511.181,37.631 C511.035,40.831 511,41.851 511,50 C511,58.147 511.035,59.17 511.181,62.369 C511.326,65.562 511.834,67.743 512.574,69.651 C513.342,71.625 514.368,73.296 516.035,74.965 C517.703,76.634 519.376,77.658 521.349,78.425 C523.257,79.167 525.438,79.673 528.631,79.82 C531.831,79.965 532.853,80.001 541,80.001 C549.148,80.001 550.169,79.965 553.369,79.82 C556.562,79.673 558.743,79.167 560.652,78.425 C562.623,77.658 564.297,76.634 565.965,74.965 C567.633,73.296 568.659,71.625 569.425,69.651 C570.167,67.743 570.674,65.562 570.82,62.369 C570.966,59.17 571,58.147 571,50 C571,41.851 570.966,40.831 570.82,37.631\"><\/path><\/g><\/g><\/g><\/svg><\/div><div style=\"padding-top: 8px;\"> <div style=\" color:#3897f0; font-family:Arial,sans-serif; font-size:14px; font-style:normal; font-weight:550; line-height:18px;\">Sieh dir diesen Beitrag auf Instagram an<\/div><\/div><div style=\"padding: 12.5% 0;\"><\/div> <div style=\"display: flex; flex-direction: row; margin-bottom: 14px; align-items: center;\"><div> <div style=\"background-color: #F4F4F4; border-radius: 50%; height: 12.5px; width: 12.5px; transform: translateX(0px) translateY(7px);\"><\/div> <div style=\"background-color: #F4F4F4; height: 12.5px; transform: rotate(-45deg) translateX(3px) translateY(1px); width: 12.5px; flex-grow: 0; margin-right: 14px; margin-left: 2px;\"><\/div> <div style=\"background-color: #F4F4F4; border-radius: 50%; height: 12.5px; width: 12.5px; transform: translateX(9px) translateY(-18px);\"><\/div><\/div><div style=\"margin-left: 8px;\"> <div style=\" background-color: #F4F4F4; border-radius: 50%; flex-grow: 0; height: 20px; width: 20px;\"><\/div> <div style=\" width: 0; height: 0; border-top: 2px solid transparent; border-left: 6px solid #f4f4f4; border-bottom: 2px solid transparent; transform: translateX(16px) translateY(-4px) rotate(30deg)\"><\/div><\/div><div style=\"margin-left: auto;\"> <div style=\" width: 0px; border-top: 8px solid #F4F4F4; border-right: 8px solid transparent; transform: translateY(16px);\"><\/div> <div style=\" background-color: #F4F4F4; flex-grow: 0; height: 12px; width: 16px; transform: translateY(-4px);\"><\/div> <div style=\" width: 0; height: 0; border-top: 8px solid #F4F4F4; border-left: 8px solid transparent; transform: translateY(-4px) translateX(8px);\"><\/div><\/div><\/div> <div style=\"display: flex; flex-direction: column; flex-grow: 1; justify-content: center; margin-bottom: 24px;\"> <div style=\" background-color: #F4F4F4; border-radius: 4px; flex-grow: 0; height: 14px; margin-bottom: 6px; width: 224px;\"><\/div> <div style=\" background-color: #F4F4F4; border-radius: 4px; flex-grow: 0; height: 14px; width: 144px;\"><\/div><\/div><\/a><p style=\" color:#c9c8cd; font-family:Arial,sans-serif; font-size:14px; line-height:17px; margin-bottom:0; margin-top:8px; overflow:hidden; padding:8px 0 7px; text-align:center; text-overflow:ellipsis; white-space:nowrap;\"><a href=\"https:\/\/www.instagram.com\/p\/DAD570foO_k\/?utm_source=ig_embed&amp;utm_campaign=loading\" style=\" color:#c9c8cd; font-family:Arial,sans-serif; font-size:14px; font-style:normal; font-weight:normal; line-height:17px; text-decoration:none;\" target=\"_blank\" rel=\"noopener\">Ein Beitrag geteilt von EOFT (@europeanoutdoorfilmtour)<\/a><\/p><\/div><\/blockquote>\n<script async src=\"\/\/www.instagram.com\/embed.js\"><\/script>\n<script async src=\"\/\/www.instagram.com\/embed.js\"><\/script>\n\n\n\n<h2 class=\"wp-block-heading\" id=\"h-viel-freude-im-november-in-klagenfurt\">Viel Freude im November in Klagenfurt<\/h2>\n\n\n\n<p>Der November ist in Klagenfurt gepr\u00e4gt von der Vorfreude auf die kalte Jahreszeit. Die Kulturszene der Stadt spielt gro\u00df auf, um die langen Abende, an denen es fr\u00fch finster wird, mit Licht, Lachen und gemeinschaftlichem Kunstgenuss zu erf\u00fcllen. Und w\u00e4hrend die Einen beim G\u00e4nsebraten zuschlagen, werden anderswo schon Kekse gebacken.\u00a0<\/p>\n\n\n\n<p>Wir w\u00fcnschen euch eine wundervolle Zeit im November in Klagenfurt, genie\u00dft die ruhigen Tage genauso wie die wilden und lasst es euch einfach gut gehen!<\/p>\n","protected":false},"excerpt":{"rendered":"<p>Der November ist unser pers\u00f6nlicher Lieblingsmonat! Wir haben die tollen Facetten am November zu sch\u00e4tzen gelernt und als begeisterte Klagenfurter wissen wir nat\u00fcrlich: So sch\u00f6n wie hier ist der von vielen zu Unrecht verschm\u00e4hte November nirgends sonst!<\/p>\n","protected":false},"author":6,"featured_media":48188,"comment_status":"closed","ping_status":"closed","sticky":false,"template":"","format":"standard","meta":{"footnotes":""},"categories":[17],"tags":[745,23],"class_list":["post-45741","post","type-post","status-publish","format-standard","has-post-thumbnail","hentry","category-urlaub-freizeit","tag-events","tag-urlaub-und-freizeit"],"yoast_head":"<!-- This site is optimized with the Yoast SEO plugin v27.3 - https:\/\/yoast.com\/product\/yoast-seo-wordpress\/ -->\n<title>November in Klagenfurt: 10 Events &amp; Highlights | visitklagenfurt<\/title>\n<meta name=\"description\" content=\"Klagenfurt im November und 10 Dinge, die ihr keinesfalls verpassen d\u00fcrft: Entdeckt hier unsere Tipps f\u00fcr die besten Aktivit\u00e4ten im November!\" \/>\n<meta name=\"robots\" content=\"index, follow, max-snippet:-1, max-image-preview:large, max-video-preview:-1\" \/>\n<link rel=\"canonical\" href=\"https:\/\/www.visitklagenfurt.at\/de\/blog\/urlaub-freizeit\/dinge-die-man-im-november-in-klagenfurt-machen-muss\/\" \/>\n<meta property=\"og:locale\" content=\"de_DE\" \/>\n<meta property=\"og:type\" content=\"article\" \/>\n<meta property=\"og:title\" content=\"10 Dinge, die man im November in Klagenfurt machen muss | visitklagenfurt\" \/>\n<meta property=\"og:description\" content=\"Klagenfurt im November und 10 Dinge, die ihr keinesfalls verpassen d\u00fcrft: Entdeckt hier unsere Tipps f\u00fcr die besten Aktivit\u00e4ten im November!\" \/>\n<meta property=\"og:url\" content=\"https:\/\/www.visitklagenfurt.at\/de\/blog\/urlaub-freizeit\/dinge-die-man-im-november-in-klagenfurt-machen-muss\/\" \/>\n<meta property=\"og:site_name\" content=\"visitklagenfurt\" \/>\n<meta property=\"article:published_time\" content=\"2022-10-30T14:06:00+00:00\" \/>\n<meta property=\"article:modified_time\" content=\"2024-10-10T12:06:41+00:00\" \/>\n<meta property=\"og:image\" content=\"https:\/\/www.visitklagenfurt.at\/wp-content\/uploads\/2022\/12\/Advent-Klagenfurt-2022_klein-165-von-206.jpg\" \/>\n\t<meta property=\"og:image:width\" content=\"1800\" \/>\n\t<meta property=\"og:image:height\" content=\"1200\" \/>\n\t<meta property=\"og:image:type\" content=\"image\/jpeg\" \/>\n<meta name=\"author\" content=\"Richard Groier-Bleiweis\" \/>\n<meta name=\"twitter:card\" content=\"summary_large_image\" \/>\n<meta name=\"twitter:label1\" content=\"Verfasst von\" \/>\n\t<meta name=\"twitter:data1\" content=\"Richard Groier-Bleiweis\" \/>\n\t<meta name=\"twitter:label2\" content=\"Gesch\u00e4tzte Lesezeit\" \/>\n\t<meta name=\"twitter:data2\" content=\"8\u00a0Minuten\" \/>\n<script type=\"application\/ld+json\" class=\"yoast-schema-graph\">{\"@context\":\"https:\\\/\\\/schema.org\",\"@graph\":[{\"@type\":\"Article\",\"@id\":\"https:\\\/\\\/www.visitklagenfurt.at\\\/de\\\/blog\\\/urlaub-freizeit\\\/dinge-die-man-im-november-in-klagenfurt-machen-muss\\\/#article\",\"isPartOf\":{\"@id\":\"https:\\\/\\\/www.visitklagenfurt.at\\\/de\\\/blog\\\/urlaub-freizeit\\\/dinge-die-man-im-november-in-klagenfurt-machen-muss\\\/\"},\"author\":{\"name\":\"Richard Groier-Bleiweis\",\"@id\":\"https:\\\/\\\/www.visitklagenfurt.at\\\/de\\\/#\\\/schema\\\/person\\\/d0f5a1e0a1f060b12e79ca02f825af0e\"},\"headline\":\"10 Dinge, die man im November in Klagenfurt machen muss\",\"datePublished\":\"2022-10-30T14:06:00+00:00\",\"dateModified\":\"2024-10-10T12:06:41+00:00\",\"mainEntityOfPage\":{\"@id\":\"https:\\\/\\\/www.visitklagenfurt.at\\\/de\\\/blog\\\/urlaub-freizeit\\\/dinge-die-man-im-november-in-klagenfurt-machen-muss\\\/\"},\"wordCount\":1012,\"publisher\":{\"@id\":\"https:\\\/\\\/www.visitklagenfurt.at\\\/de\\\/#organization\"},\"image\":{\"@id\":\"https:\\\/\\\/www.visitklagenfurt.at\\\/de\\\/blog\\\/urlaub-freizeit\\\/dinge-die-man-im-november-in-klagenfurt-machen-muss\\\/#primaryimage\"},\"thumbnailUrl\":\"https:\\\/\\\/www.visitklagenfurt.at\\\/wp-content\\\/uploads\\\/2022\\\/12\\\/Advent-Klagenfurt-2022_klein-165-von-206.jpg\",\"keywords\":[\"Events\",\"Urlaub &amp; Freizeit\"],\"articleSection\":[\"Urlaub &amp; Freizeit\"],\"inLanguage\":\"de\"},{\"@type\":\"WebPage\",\"@id\":\"https:\\\/\\\/www.visitklagenfurt.at\\\/de\\\/blog\\\/urlaub-freizeit\\\/dinge-die-man-im-november-in-klagenfurt-machen-muss\\\/\",\"url\":\"https:\\\/\\\/www.visitklagenfurt.at\\\/de\\\/blog\\\/urlaub-freizeit\\\/dinge-die-man-im-november-in-klagenfurt-machen-muss\\\/\",\"name\":\"November in Klagenfurt: 10 Events & Highlights | visitklagenfurt\",\"isPartOf\":{\"@id\":\"https:\\\/\\\/www.visitklagenfurt.at\\\/de\\\/#website\"},\"primaryImageOfPage\":{\"@id\":\"https:\\\/\\\/www.visitklagenfurt.at\\\/de\\\/blog\\\/urlaub-freizeit\\\/dinge-die-man-im-november-in-klagenfurt-machen-muss\\\/#primaryimage\"},\"image\":{\"@id\":\"https:\\\/\\\/www.visitklagenfurt.at\\\/de\\\/blog\\\/urlaub-freizeit\\\/dinge-die-man-im-november-in-klagenfurt-machen-muss\\\/#primaryimage\"},\"thumbnailUrl\":\"https:\\\/\\\/www.visitklagenfurt.at\\\/wp-content\\\/uploads\\\/2022\\\/12\\\/Advent-Klagenfurt-2022_klein-165-von-206.jpg\",\"datePublished\":\"2022-10-30T14:06:00+00:00\",\"dateModified\":\"2024-10-10T12:06:41+00:00\",\"description\":\"Klagenfurt im November und 10 Dinge, die ihr keinesfalls verpassen d\u00fcrft: Entdeckt hier unsere Tipps f\u00fcr die besten Aktivit\u00e4ten im November!\",\"breadcrumb\":{\"@id\":\"https:\\\/\\\/www.visitklagenfurt.at\\\/de\\\/blog\\\/urlaub-freizeit\\\/dinge-die-man-im-november-in-klagenfurt-machen-muss\\\/#breadcrumb\"},\"inLanguage\":\"de\",\"potentialAction\":[{\"@type\":\"ReadAction\",\"target\":[\"https:\\\/\\\/www.visitklagenfurt.at\\\/de\\\/blog\\\/urlaub-freizeit\\\/dinge-die-man-im-november-in-klagenfurt-machen-muss\\\/\"]}]},{\"@type\":\"ImageObject\",\"inLanguage\":\"de\",\"@id\":\"https:\\\/\\\/www.visitklagenfurt.at\\\/de\\\/blog\\\/urlaub-freizeit\\\/dinge-die-man-im-november-in-klagenfurt-machen-muss\\\/#primaryimage\",\"url\":\"https:\\\/\\\/www.visitklagenfurt.at\\\/wp-content\\\/uploads\\\/2022\\\/12\\\/Advent-Klagenfurt-2022_klein-165-von-206.jpg\",\"contentUrl\":\"https:\\\/\\\/www.visitklagenfurt.at\\\/wp-content\\\/uploads\\\/2022\\\/12\\\/Advent-Klagenfurt-2022_klein-165-von-206.jpg\",\"width\":1800,\"height\":1200,\"caption\":\"(c) Martin Hofmann\"},{\"@type\":\"BreadcrumbList\",\"@id\":\"https:\\\/\\\/www.visitklagenfurt.at\\\/de\\\/blog\\\/urlaub-freizeit\\\/dinge-die-man-im-november-in-klagenfurt-machen-muss\\\/#breadcrumb\",\"itemListElement\":[{\"@type\":\"ListItem\",\"position\":1,\"name\":\"visitklagenfurt\",\"item\":\"https:\\\/\\\/www.visitklagenfurt.at\\\/de\\\/\"},{\"@type\":\"ListItem\",\"position\":2,\"name\":\"Blog\",\"item\":\"https:\\\/\\\/www.visitklagenfurt.at\\\/de\\\/category\\\/blog\\\/\"},{\"@type\":\"ListItem\",\"position\":3,\"name\":\"Urlaub &amp; Freizeit\",\"item\":\"https:\\\/\\\/www.visitklagenfurt.at\\\/de\\\/category\\\/blog\\\/urlaub-freizeit\\\/\"},{\"@type\":\"ListItem\",\"position\":4,\"name\":\"10 Dinge, die man im November in Klagenfurt machen muss\"}]},{\"@type\":\"WebSite\",\"@id\":\"https:\\\/\\\/www.visitklagenfurt.at\\\/de\\\/#website\",\"url\":\"https:\\\/\\\/www.visitklagenfurt.at\\\/de\\\/\",\"name\":\"visitklagenfurt\",\"description\":\"\",\"publisher\":{\"@id\":\"https:\\\/\\\/www.visitklagenfurt.at\\\/de\\\/#organization\"},\"potentialAction\":[{\"@type\":\"SearchAction\",\"target\":{\"@type\":\"EntryPoint\",\"urlTemplate\":\"https:\\\/\\\/www.visitklagenfurt.at\\\/de\\\/?s={search_term_string}\"},\"query-input\":{\"@type\":\"PropertyValueSpecification\",\"valueRequired\":true,\"valueName\":\"search_term_string\"}}],\"inLanguage\":\"de\"},{\"@type\":\"Organization\",\"@id\":\"https:\\\/\\\/www.visitklagenfurt.at\\\/de\\\/#organization\",\"name\":\"Tourismus Region Klagenfurt am W\u00f6rthersee GmbH\",\"url\":\"https:\\\/\\\/www.visitklagenfurt.at\\\/de\\\/\",\"logo\":{\"@type\":\"ImageObject\",\"inLanguage\":\"de\",\"@id\":\"https:\\\/\\\/www.visitklagenfurt.at\\\/de\\\/#\\\/schema\\\/logo\\\/image\\\/\",\"url\":\"https:\\\/\\\/www.visitklagenfurt.at\\\/wp-content\\\/uploads\\\/2022\\\/03\\\/DT_K_Klagenfurt_S_RGB.png\",\"contentUrl\":\"https:\\\/\\\/www.visitklagenfurt.at\\\/wp-content\\\/uploads\\\/2022\\\/03\\\/DT_K_Klagenfurt_S_RGB.png\",\"width\":2082,\"height\":1511,\"caption\":\"Tourismus Region Klagenfurt am W\u00f6rthersee GmbH\"},\"image\":{\"@id\":\"https:\\\/\\\/www.visitklagenfurt.at\\\/de\\\/#\\\/schema\\\/logo\\\/image\\\/\"}},{\"@type\":\"Person\",\"@id\":\"https:\\\/\\\/www.visitklagenfurt.at\\\/de\\\/#\\\/schema\\\/person\\\/d0f5a1e0a1f060b12e79ca02f825af0e\",\"name\":\"Richard Groier-Bleiweis\",\"image\":{\"@type\":\"ImageObject\",\"inLanguage\":\"de\",\"@id\":\"https:\\\/\\\/secure.gravatar.com\\\/avatar\\\/24f312135c12cf26991ae72090a5b925d7dbb791ae81fa6b5f1ef545312e6efb?s=96&d=mm&r=g\",\"url\":\"https:\\\/\\\/secure.gravatar.com\\\/avatar\\\/24f312135c12cf26991ae72090a5b925d7dbb791ae81fa6b5f1ef545312e6efb?s=96&d=mm&r=g\",\"contentUrl\":\"https:\\\/\\\/secure.gravatar.com\\\/avatar\\\/24f312135c12cf26991ae72090a5b925d7dbb791ae81fa6b5f1ef545312e6efb?s=96&d=mm&r=g\",\"caption\":\"Richard Groier-Bleiweis\"},\"description\":\"Mein Name ist Richard Groier-Bleiweis und ich bin Texter und Yogalehrer in Klagenfurt. Ich bin am Kreuzbergl aufgewachsen, lebe nun im Kardinalviertel und betreibe ein Yoga Studio und einen Shop am Villacher Ring. Meine Familie ist bis nach Viktring und Welzenegg \u00fcber ganz Klagenfurt verstreut! Als begeisterter Innenstadt-Klagenfurter bin ich haupts\u00e4chlich zu Fu\u00df und mit dem Fahrrad unterwegs, und mit wachem Blick fallen mir auf meinen t\u00e4glichen Wegen durch die City viele der oft unauff\u00e4lligen Sch\u00f6nheiten der Stadt auf. So oft ich kann, bin ich vor allem leidenschaftlicher Kaffeehausbesucher und au\u00dferdem Verweigerer des Online-Handels \u00fcber gewisse amerikanische Plattformen. Seit ich unl\u00e4ngst Vater geworden bin, hat sich mein Blick auf die Stadt nochmal ge\u00e4ndert. In meinen Blogbeitr\u00e4gen dreht es sich daher um den Alltag in der Stadt: besondere Gesch\u00e4fte, gem\u00fctliche Caf\u00e9s, Arbeit und Freizeit. Meine Herzensthemen sind Nachhaltigkeit in all ihren vielen Facetten, Kreativit\u00e4t und nat\u00fcrlich Yoga. Ich freue mich darauf, euch mal in der Stadt zu treffen!\",\"sameAs\":[\"http:\\\/\\\/www.valamex.at\"],\"url\":\"https:\\\/\\\/www.visitklagenfurt.at\\\/de\\\/author\\\/richard_groier\\\/\"}]}<\/script>\n<!-- \/ Yoast SEO plugin. -->","yoast_head_json":{"title":"November in Klagenfurt: 10 Events & Highlights | visitklagenfurt","description":"Klagenfurt im November und 10 Dinge, die ihr keinesfalls verpassen d\u00fcrft: Entdeckt hier unsere Tipps f\u00fcr die besten Aktivit\u00e4ten im November!","robots":{"index":"index","follow":"follow","max-snippet":"max-snippet:-1","max-image-preview":"max-image-preview:large","max-video-preview":"max-video-preview:-1"},"canonical":"https:\/\/www.visitklagenfurt.at\/de\/blog\/urlaub-freizeit\/dinge-die-man-im-november-in-klagenfurt-machen-muss\/","og_locale":"de_DE","og_type":"article","og_title":"10 Dinge, die man im November in Klagenfurt machen muss | visitklagenfurt","og_description":"Klagenfurt im November und 10 Dinge, die ihr keinesfalls verpassen d\u00fcrft: Entdeckt hier unsere Tipps f\u00fcr die besten Aktivit\u00e4ten im November!","og_url":"https:\/\/www.visitklagenfurt.at\/de\/blog\/urlaub-freizeit\/dinge-die-man-im-november-in-klagenfurt-machen-muss\/","og_site_name":"visitklagenfurt","article_published_time":"2022-10-30T14:06:00+00:00","article_modified_time":"2024-10-10T12:06:41+00:00","og_image":[{"width":1800,"height":1200,"url":"https:\/\/www.visitklagenfurt.at\/wp-content\/uploads\/2022\/12\/Advent-Klagenfurt-2022_klein-165-von-206.jpg","type":"image\/jpeg"}],"author":"Richard Groier-Bleiweis","twitter_card":"summary_large_image","twitter_misc":{"Verfasst von":"Richard Groier-Bleiweis","Gesch\u00e4tzte Lesezeit":"8\u00a0Minuten"},"schema":{"@context":"https:\/\/schema.org","@graph":[{"@type":"Article","@id":"https:\/\/www.visitklagenfurt.at\/de\/blog\/urlaub-freizeit\/dinge-die-man-im-november-in-klagenfurt-machen-muss\/#article","isPartOf":{"@id":"https:\/\/www.visitklagenfurt.at\/de\/blog\/urlaub-freizeit\/dinge-die-man-im-november-in-klagenfurt-machen-muss\/"},"author":{"name":"Richard Groier-Bleiweis","@id":"https:\/\/www.visitklagenfurt.at\/de\/#\/schema\/person\/d0f5a1e0a1f060b12e79ca02f825af0e"},"headline":"10 Dinge, die man im November in Klagenfurt machen muss","datePublished":"2022-10-30T14:06:00+00:00","dateModified":"2024-10-10T12:06:41+00:00","mainEntityOfPage":{"@id":"https:\/\/www.visitklagenfurt.at\/de\/blog\/urlaub-freizeit\/dinge-die-man-im-november-in-klagenfurt-machen-muss\/"},"wordCount":1012,"publisher":{"@id":"https:\/\/www.visitklagenfurt.at\/de\/#organization"},"image":{"@id":"https:\/\/www.visitklagenfurt.at\/de\/blog\/urlaub-freizeit\/dinge-die-man-im-november-in-klagenfurt-machen-muss\/#primaryimage"},"thumbnailUrl":"https:\/\/www.visitklagenfurt.at\/wp-content\/uploads\/2022\/12\/Advent-Klagenfurt-2022_klein-165-von-206.jpg","keywords":["Events","Urlaub &amp; Freizeit"],"articleSection":["Urlaub &amp; Freizeit"],"inLanguage":"de"},{"@type":"WebPage","@id":"https:\/\/www.visitklagenfurt.at\/de\/blog\/urlaub-freizeit\/dinge-die-man-im-november-in-klagenfurt-machen-muss\/","url":"https:\/\/www.visitklagenfurt.at\/de\/blog\/urlaub-freizeit\/dinge-die-man-im-november-in-klagenfurt-machen-muss\/","name":"November in Klagenfurt: 10 Events & Highlights | visitklagenfurt","isPartOf":{"@id":"https:\/\/www.visitklagenfurt.at\/de\/#website"},"primaryImageOfPage":{"@id":"https:\/\/www.visitklagenfurt.at\/de\/blog\/urlaub-freizeit\/dinge-die-man-im-november-in-klagenfurt-machen-muss\/#primaryimage"},"image":{"@id":"https:\/\/www.visitklagenfurt.at\/de\/blog\/urlaub-freizeit\/dinge-die-man-im-november-in-klagenfurt-machen-muss\/#primaryimage"},"thumbnailUrl":"https:\/\/www.visitklagenfurt.at\/wp-content\/uploads\/2022\/12\/Advent-Klagenfurt-2022_klein-165-von-206.jpg","datePublished":"2022-10-30T14:06:00+00:00","dateModified":"2024-10-10T12:06:41+00:00","description":"Klagenfurt im November und 10 Dinge, die ihr keinesfalls verpassen d\u00fcrft: Entdeckt hier unsere Tipps f\u00fcr die besten Aktivit\u00e4ten im November!","breadcrumb":{"@id":"https:\/\/www.visitklagenfurt.at\/de\/blog\/urlaub-freizeit\/dinge-die-man-im-november-in-klagenfurt-machen-muss\/#breadcrumb"},"inLanguage":"de","potentialAction":[{"@type":"ReadAction","target":["https:\/\/www.visitklagenfurt.at\/de\/blog\/urlaub-freizeit\/dinge-die-man-im-november-in-klagenfurt-machen-muss\/"]}]},{"@type":"ImageObject","inLanguage":"de","@id":"https:\/\/www.visitklagenfurt.at\/de\/blog\/urlaub-freizeit\/dinge-die-man-im-november-in-klagenfurt-machen-muss\/#primaryimage","url":"https:\/\/www.visitklagenfurt.at\/wp-content\/uploads\/2022\/12\/Advent-Klagenfurt-2022_klein-165-von-206.jpg","contentUrl":"https:\/\/www.visitklagenfurt.at\/wp-content\/uploads\/2022\/12\/Advent-Klagenfurt-2022_klein-165-von-206.jpg","width":1800,"height":1200,"caption":"(c) Martin Hofmann"},{"@type":"BreadcrumbList","@id":"https:\/\/www.visitklagenfurt.at\/de\/blog\/urlaub-freizeit\/dinge-die-man-im-november-in-klagenfurt-machen-muss\/#breadcrumb","itemListElement":[{"@type":"ListItem","position":1,"name":"visitklagenfurt","item":"https:\/\/www.visitklagenfurt.at\/de\/"},{"@type":"ListItem","position":2,"name":"Blog","item":"https:\/\/www.visitklagenfurt.at\/de\/category\/blog\/"},{"@type":"ListItem","position":3,"name":"Urlaub &amp; Freizeit","item":"https:\/\/www.visitklagenfurt.at\/de\/category\/blog\/urlaub-freizeit\/"},{"@type":"ListItem","position":4,"name":"10 Dinge, die man im November in Klagenfurt machen muss"}]},{"@type":"WebSite","@id":"https:\/\/www.visitklagenfurt.at\/de\/#website","url":"https:\/\/www.visitklagenfurt.at\/de\/","name":"visitklagenfurt","description":"","publisher":{"@id":"https:\/\/www.visitklagenfurt.at\/de\/#organization"},"potentialAction":[{"@type":"SearchAction","target":{"@type":"EntryPoint","urlTemplate":"https:\/\/www.visitklagenfurt.at\/de\/?s={search_term_string}"},"query-input":{"@type":"PropertyValueSpecification","valueRequired":true,"valueName":"search_term_string"}}],"inLanguage":"de"},{"@type":"Organization","@id":"https:\/\/www.visitklagenfurt.at\/de\/#organization","name":"Tourismus Region Klagenfurt am W\u00f6rthersee GmbH","url":"https:\/\/www.visitklagenfurt.at\/de\/","logo":{"@type":"ImageObject","inLanguage":"de","@id":"https:\/\/www.visitklagenfurt.at\/de\/#\/schema\/logo\/image\/","url":"https:\/\/www.visitklagenfurt.at\/wp-content\/uploads\/2022\/03\/DT_K_Klagenfurt_S_RGB.png","contentUrl":"https:\/\/www.visitklagenfurt.at\/wp-content\/uploads\/2022\/03\/DT_K_Klagenfurt_S_RGB.png","width":2082,"height":1511,"caption":"Tourismus Region Klagenfurt am W\u00f6rthersee GmbH"},"image":{"@id":"https:\/\/www.visitklagenfurt.at\/de\/#\/schema\/logo\/image\/"}},{"@type":"Person","@id":"https:\/\/www.visitklagenfurt.at\/de\/#\/schema\/person\/d0f5a1e0a1f060b12e79ca02f825af0e","name":"Richard Groier-Bleiweis","image":{"@type":"ImageObject","inLanguage":"de","@id":"https:\/\/secure.gravatar.com\/avatar\/24f312135c12cf26991ae72090a5b925d7dbb791ae81fa6b5f1ef545312e6efb?s=96&d=mm&r=g","url":"https:\/\/secure.gravatar.com\/avatar\/24f312135c12cf26991ae72090a5b925d7dbb791ae81fa6b5f1ef545312e6efb?s=96&d=mm&r=g","contentUrl":"https:\/\/secure.gravatar.com\/avatar\/24f312135c12cf26991ae72090a5b925d7dbb791ae81fa6b5f1ef545312e6efb?s=96&d=mm&r=g","caption":"Richard Groier-Bleiweis"},"description":"Mein Name ist Richard Groier-Bleiweis und ich bin Texter und Yogalehrer in Klagenfurt. Ich bin am Kreuzbergl aufgewachsen, lebe nun im Kardinalviertel und betreibe ein Yoga Studio und einen Shop am Villacher Ring. Meine Familie ist bis nach Viktring und Welzenegg \u00fcber ganz Klagenfurt verstreut! Als begeisterter Innenstadt-Klagenfurter bin ich haupts\u00e4chlich zu Fu\u00df und mit dem Fahrrad unterwegs, und mit wachem Blick fallen mir auf meinen t\u00e4glichen Wegen durch die City viele der oft unauff\u00e4lligen Sch\u00f6nheiten der Stadt auf. So oft ich kann, bin ich vor allem leidenschaftlicher Kaffeehausbesucher und au\u00dferdem Verweigerer des Online-Handels \u00fcber gewisse amerikanische Plattformen. Seit ich unl\u00e4ngst Vater geworden bin, hat sich mein Blick auf die Stadt nochmal ge\u00e4ndert. In meinen Blogbeitr\u00e4gen dreht es sich daher um den Alltag in der Stadt: besondere Gesch\u00e4fte, gem\u00fctliche Caf\u00e9s, Arbeit und Freizeit. Meine Herzensthemen sind Nachhaltigkeit in all ihren vielen Facetten, Kreativit\u00e4t und nat\u00fcrlich Yoga. Ich freue mich darauf, euch mal in der Stadt zu treffen!","sameAs":["http:\/\/www.valamex.at"],"url":"https:\/\/www.visitklagenfurt.at\/de\/author\/richard_groier\/"}]}},"_links":{"self":[{"href":"https:\/\/www.visitklagenfurt.at\/de\/wp-json\/wp\/v2\/posts\/45741","targetHints":{"allow":["GET"]}}],"collection":[{"href":"https:\/\/www.visitklagenfurt.at\/de\/wp-json\/wp\/v2\/posts"}],"about":[{"href":"https:\/\/www.visitklagenfurt.at\/de\/wp-json\/wp\/v2\/types\/post"}],"author":[{"embeddable":true,"href":"https:\/\/www.visitklagenfurt.at\/de\/wp-json\/wp\/v2\/users\/6"}],"replies":[{"embeddable":true,"href":"https:\/\/www.visitklagenfurt.at\/de\/wp-json\/wp\/v2\/comments?post=45741"}],"version-history":[{"count":37,"href":"https:\/\/www.visitklagenfurt.at\/de\/wp-json\/wp\/v2\/posts\/45741\/revisions"}],"predecessor-version":[{"id":70851,"href":"https:\/\/www.visitklagenfurt.at\/de\/wp-json\/wp\/v2\/posts\/45741\/revisions\/70851"}],"wp:featuredmedia":[{"embeddable":true,"href":"https:\/\/www.visitklagenfurt.at\/de\/wp-json\/wp\/v2\/media\/48188"}],"wp:attachment":[{"href":"https:\/\/www.visitklagenfurt.at\/de\/wp-json\/wp\/v2\/media?parent=45741"}],"wp:term":[{"taxonomy":"category","embeddable":true,"href":"https:\/\/www.visitklagenfurt.at\/de\/wp-json\/wp\/v2\/categories?post=45741"},{"taxonomy":"post_tag","embeddable":true,"href":"https:\/\/www.visitklagenfurt.at\/de\/wp-json\/wp\/v2\/tags?post=45741"}],"curies":[{"name":"wp","href":"https:\/\/api.w.org\/{rel}","templated":true}]}}