{"id":49180,"date":"2023-02-16T10:00:00","date_gmt":"2023-02-16T09:00:00","guid":{"rendered":"https:\/\/www.visitklagenfurt.at\/?p=49180"},"modified":"2025-01-20T15:33:47","modified_gmt":"2025-01-20T14:33:47","slug":"fahrrad-shops-klagenfurt","status":"publish","type":"post","link":"https:\/\/www.visitklagenfurt.at\/de\/blog\/shopping-maerkte\/fahrrad-shops-klagenfurt\/","title":{"rendered":"Alles f\u00fcrs Fahrrad in Klagenfurt"},"content":{"rendered":"\n<p>Mit den warmen Sonnenstrahlen und l\u00e4nger werdenden Tagen sieht man wieder viele Fahrr\u00e4der auf Klagenfurts Stra\u00dfen. Sportliche Mountainbikes, l\u00e4ssige City-Cruiser, alte Klassiker, schnittige Rennr\u00e4der und jede Menge Fullys mit und ohne Elektromotor. <\/p>\n\n\n\n<p>Aber: Die Lagerung in Keller &amp; Co. \u00fcber den Winter hat Spuren hinterlassen. Deshalb haben wir Tipps f\u00fcr den fahrradtechnischen Fr\u00fchlingsstart und waren auf der Suche nach Profi-Radshops quer durch Klagenfurt.<\/p>\n\n\n\n<figure class=\"wp-block-gallery has-nested-images columns-default is-cropped wp-block-gallery-1 is-layout-flex wp-block-gallery-is-layout-flex\">\n<figure class=\"wp-block-image size-large\"><img fetchpriority=\"high\" decoding=\"async\" width=\"1920\" height=\"1080\" data-id=\"49535\" src=\"https:\/\/www.visitklagenfurt.at\/wp-content\/uploads\/2023\/02\/Zweiradfachmann-Beinl7-c-Messagemakers.at_.jpg\" alt=\"Michael Beinl, Chef von Zweirad Beinl, hockt in seinem Gesch\u00e4ft mit einem Kunden vor einem Rad \" class=\"wp-image-49535\"\/><figcaption class=\"wp-element-caption\">(c) Messagemakers.at<\/figcaption><\/figure>\n<\/figure>\n\n\n\n<h2 class=\"wp-block-heading\" id=\"h-neuer-glanz-nach-dem-winterschlaf\">Neuer Glanz nach dem Winterschlaf<\/h2>\n\n\n\n<p>Bevor es so richtig los geht, sollten wir dem Bike ein wenig Aufmerksamkeit widmen: Erstens, um dem Drahtesel ein m\u00f6glichst langes Leben zu verschaffen, und zweites nat\u00fcrlich zum Wohle unserer eigenen Sicherheit. <\/p>\n\n\n\n<p>Die Reinigung sollte immer der erste Schritt beim <strong>Fahrrad-Fr\u00fchlingsputz <\/strong>sein. So sieht das Rad nicht nur gleich besser aus, es lassen sich auch Fehler in Materialien und andere Defekte leichter erkennen. Gereinigt wird am besten als erstes mit einer B\u00fcrste, um grobe Schmutz- und Schlammreste (vor allem bei Mountainbikes) zu entfernen. Mit lauwarmem Wasser\/Seifenlauge und einem Schwamm bzw. strapazierf\u00e4higen Lappen wird nun das Fahrrad gr\u00fcndlich ges\u00e4ubert. <\/p>\n\n\n\n<p>F\u00fcr hartn\u00e4ckigen Schmutz helfen spezielle Mittel f\u00fcr die <a href=\"https:\/\/www.bergzeit.at\/fahrradwerkzeug-fahrradpflege\/\" target=\"_blank\" rel=\"noreferrer noopener\">Fahrradpflege<\/a>, die in Klagenfurter Shops erh\u00e4ltlich sind. Zum Abschluss wird das Rad mit einem weichen, sauberen Tuch getrocknet.<\/p>\n\n\n\n<h2 class=\"wp-block-heading\" id=\"h-einfache-bike-checks-fur-zuhause\">Einfache Bike-Checks f\u00fcr Zuhause<\/h2>\n\n\n\n<p>F\u00fcr einen ganzheitlichen Fr\u00fchjahrs-Check empfiehlt sich nat\u00fcrlich die Fahrt in eine professionelle Fahrrad-Werkstatt. Es gibt jedoch einige Kniffe, die man vorab selbst zu Hause erledigen kann. Dazu geh\u00f6rt:<\/p>\n\n\n\n<ul class=\"wp-block-list\">\n<li>das <strong>Schmieren und Fetten der beweglichen Teile<\/strong> wie Steuersatz und Radnaben, auch die Kette geh\u00f6rt ordentlich ge\u00f6lt. <\/li>\n\n\n\n<li>Unbedingt vor der ersten Fahrt <strong>\u00fcberpr\u00fcft werden sollten<\/strong> der Lenker, die Reifen (nach langer Stehzeit unbedingt aufpumpen!), die Bremsen sowie Lichter und Schaltung. <\/li>\n\n\n\n<li>Zum Schluss sollte man pr\u00fcfen, ob alle <strong>Schrauben festgezogen<\/strong> sind.<\/li>\n<\/ul>\n\n\n\n<h2 class=\"wp-block-heading\" id=\"h-profi-radgeschafte-in-klagenfurt\">Profi-Radgesch\u00e4fte in Klagenfurt<\/h2>\n\n\n\n<p>Ob umfassendes Fahrradservice, Neuanschaffung, Aufstockung von Equipment und Bekleidung oder ein Tuning mit funktionalen oder optischen Neuerungen: die Klagenfurter Fahrrad-H\u00e4ndler sind bestens auf den Saisonstart vorbereitet. Siue haben f\u00fcr jeden Geschmack und Bedarf das Richtige im Sortiment!<\/p>\n\n\n\n<h3 class=\"wp-block-heading\" id=\"h-beinl-ihr-zweiradfachmann\">Beinl &#8211; Ihr Zweiradfachmann<\/h3>\n\n\n\n<p>Bei Thema Fahrrad ist in Klagenfurt seit 1974 die Familie Beinl eine Top-Anlaufstelle. Perfekt gelegen zwischen Stadt und See, legt man hier in zweiter Generation gr\u00f6\u00dften Wert auf <strong>kompetente Beratung, ausgew\u00e4hlte Qualit\u00e4t<\/strong>. Und das sowohl in der Werkstatt, als auch beim Fahrradverkauf f\u00fcr alle Angelegenheiten. <\/p>\n\n\n\n<p>Besonders cool: Bei Chef Michael Beinl und seinem Team findet man nicht nur eine tolle Auswahl an<strong> gebrauchten Fahrr\u00e4dern, <\/strong>sondern auch Saison-Bikes f\u00fcr Kinder. Eine g\u00fcnstige Alternative zum j\u00e4hrlichen Neukauf!&nbsp;<\/p>\n\n\n\n<p>Adresse: Siebenh\u00fcgelstra\u00dfe 43, 9020 Klagenfurt am W\u00f6rthersee<br>Webseite: <a href=\"https:\/\/www.beinlzweirad.at\/\" target=\"_blank\" rel=\"noreferrer noopener\">www.beinlzweirad.at<\/a><\/p>\n\n\n\n<figure class=\"wp-block-gallery has-nested-images columns-default is-cropped wp-block-gallery-2 is-layout-flex wp-block-gallery-is-layout-flex\">\n<figure class=\"wp-block-image size-large\"><img decoding=\"async\" width=\"1920\" height=\"1080\" data-id=\"49530\" src=\"https:\/\/www.visitklagenfurt.at\/wp-content\/uploads\/2023\/02\/Zweiradfachmann-Beinl4-c-Messagemakers.at_.jpg\" alt=\"Michael Beinl vom gleichnamigen Fahrradgesch\u00e4ft in Klagenfurt, steht am Tresen seines Shops und l\u00e4chelt in die Kamera\" class=\"wp-image-49530\"\/><figcaption class=\"wp-element-caption\">(c) Messagemakers.at<\/figcaption><\/figure>\n<\/figure>\n\n\n\n<h3 class=\"wp-block-heading\" id=\"h-kostels-radshop\">Kostels Radshop <\/h3>\n\n\n\n<p>Norbert Kostel ist ein altbekannter Champion in der Klagenfurter Radszene und mit seinem Radshop in Welzenegg seit vielen Jahren nicht mehr aus der Stadt wegzudenken. Der<strong> Ex-Radprofi und ehemalige Olympiateilnehmer <\/strong>k\u00fcmmert sich mit gr\u00f6\u00dfter Sorgfalt um Fahrr\u00e4der und nimmt sich f\u00fcr jedes Modell ausreichend Zeit. Dank High-End-Fahrradreparaturen, einem gro\u00dfen Sortiment an Ersatzteilen und einem breiten Know-How in Sachen Trends und Technik ist man bei ihm stets gut aufgehoben.<\/p>\n\n\n\n<p>Adresse: Steingasse 28, 9020 Klagenfurt am W\u00f6rthersee<br>Telefon: <a href=\"00436603140104\" target=\"_blank\" rel=\"noreferrer noopener\">+43 660 31 40 104<\/a><\/p>\n\n\n\n<h3 class=\"wp-block-heading\" id=\"h-der-fahrradprofi\">Der Fahrradprofi<\/h3>\n\n\n\n<p>Den Fahrradprofi gibt es seit 1999 in Klagenfurt. Gem\u00fctliches Citybike f\u00fcr den Alltag, Mountainbike f\u00fcr Hobbyradfahrer, Streetracer, Downhillmaschine oder E-Bike mit Powerakku: Alex Wieser und sein Team sind absolute Experten auf ihrem Gebiet. <\/p>\n\n\n\n<p>Jeder hier ist Biker aus Leidenschaft. <strong>Kompetente Beratung, umfassender Service und faire Preise<\/strong> sind  selbstverst\u00e4ndlich. Nicht nur in Sachen Werkstatt, auch bei Ausstattung und Bekleidung angesagter Bike-Marken wie Fox, ION &amp; Co. sind die Fahrrad-Profis immer up-to-date. Sie haben auch ein Auge f\u00fcr optische Highlights. Zum Beispiel bei der Auswahl der Santa Cruz Mountainbike-Modelle oder Haibikes mit E-Performance. <\/p>\n\n\n\n<p>Mein Tipp: Wer den Bike-Service vor Saisonstart, Urlaub &amp; Co. verschwitzt hat \u2013 die Jungs beweisen immer wieder meisterliche Schnelligkeit, beste Qualit\u00e4t und sind \u00e4u\u00dferst flexibel bei der Terminvereinbarung!<\/p>\n\n\n\n<p>Adresse: Adi-Dassler-Gasse 2, 9073 Klagenfurt Viktring<br>Webseite: <a href=\"http:\/\/www.fahrradprofi.at\/\" target=\"_blank\" rel=\"noreferrer noopener\">www.fahrradprofi.at<\/a><\/p>\n\n\n\n<blockquote class=\"instagram-media\" data-instgrm-captioned=\"\" data-instgrm-permalink=\"https:\/\/www.instagram.com\/p\/CMwpWsgr2pO\/?utm_source=ig_embed&amp;utm_campaign=loading\" data-instgrm-version=\"14\" style=\" background:#FFF; border:0; border-radius:3px; box-shadow:0 0 1px 0 rgba(0,0,0,0.5),0 1px 10px 0 rgba(0,0,0,0.15); margin: 1px; max-width:540px; min-width:326px; padding:0; width:99.375%; width:-webkit-calc(100% - 2px); width:calc(100% - 2px);\"><div style=\"padding:16px;\"> <a href=\"https:\/\/www.instagram.com\/p\/CMwpWsgr2pO\/?utm_source=ig_embed&amp;utm_campaign=loading\" style=\" background:#FFFFFF; line-height:0; padding:0 0; text-align:center; text-decoration:none; width:100%;\" target=\"_blank\" rel=\"noopener\"> <div style=\" display: flex; flex-direction: row; align-items: center;\"> <div style=\"background-color: #F4F4F4; border-radius: 50%; flex-grow: 0; height: 40px; margin-right: 14px; width: 40px;\"><\/div> <div style=\"display: flex; flex-direction: column; flex-grow: 1; justify-content: center;\"> <div style=\" background-color: #F4F4F4; border-radius: 4px; flex-grow: 0; height: 14px; margin-bottom: 6px; width: 100px;\"><\/div> <div style=\" background-color: #F4F4F4; border-radius: 4px; flex-grow: 0; height: 14px; width: 60px;\"><\/div><\/div><\/div><div style=\"padding: 19% 0;\"><\/div> <div style=\"display:block; height:50px; margin:0 auto 12px; width:50px;\"><svg width=\"50px\" height=\"50px\" viewBox=\"0 0 60 60\" version=\"1.1\" xmlns=\"https:\/\/www.w3.org\/2000\/svg\" xmlns:xlink=\"https:\/\/www.w3.org\/1999\/xlink\"><g stroke=\"none\" stroke-width=\"1\" fill=\"none\" fill-rule=\"evenodd\"><g transform=\"translate(-511.000000, -20.000000)\" fill=\"#000000\"><g><path d=\"M556.869,30.41 C554.814,30.41 553.148,32.076 553.148,34.131 C553.148,36.186 554.814,37.852 556.869,37.852 C558.924,37.852 560.59,36.186 560.59,34.131 C560.59,32.076 558.924,30.41 556.869,30.41 M541,60.657 C535.114,60.657 530.342,55.887 530.342,50 C530.342,44.114 535.114,39.342 541,39.342 C546.887,39.342 551.658,44.114 551.658,50 C551.658,55.887 546.887,60.657 541,60.657 M541,33.886 C532.1,33.886 524.886,41.1 524.886,50 C524.886,58.899 532.1,66.113 541,66.113 C549.9,66.113 557.115,58.899 557.115,50 C557.115,41.1 549.9,33.886 541,33.886 M565.378,62.101 C565.244,65.022 564.756,66.606 564.346,67.663 C563.803,69.06 563.154,70.057 562.106,71.106 C561.058,72.155 560.06,72.803 558.662,73.347 C557.607,73.757 556.021,74.244 553.102,74.378 C549.944,74.521 548.997,74.552 541,74.552 C533.003,74.552 532.056,74.521 528.898,74.378 C525.979,74.244 524.393,73.757 523.338,73.347 C521.94,72.803 520.942,72.155 519.894,71.106 C518.846,70.057 518.197,69.06 517.654,67.663 C517.244,66.606 516.755,65.022 516.623,62.101 C516.479,58.943 516.448,57.996 516.448,50 C516.448,42.003 516.479,41.056 516.623,37.899 C516.755,34.978 517.244,33.391 517.654,32.338 C518.197,30.938 518.846,29.942 519.894,28.894 C520.942,27.846 521.94,27.196 523.338,26.654 C524.393,26.244 525.979,25.756 528.898,25.623 C532.057,25.479 533.004,25.448 541,25.448 C548.997,25.448 549.943,25.479 553.102,25.623 C556.021,25.756 557.607,26.244 558.662,26.654 C560.06,27.196 561.058,27.846 562.106,28.894 C563.154,29.942 563.803,30.938 564.346,32.338 C564.756,33.391 565.244,34.978 565.378,37.899 C565.522,41.056 565.552,42.003 565.552,50 C565.552,57.996 565.522,58.943 565.378,62.101 M570.82,37.631 C570.674,34.438 570.167,32.258 569.425,30.349 C568.659,28.377 567.633,26.702 565.965,25.035 C564.297,23.368 562.623,22.342 560.652,21.575 C558.743,20.834 556.562,20.326 553.369,20.18 C550.169,20.033 549.148,20 541,20 C532.853,20 531.831,20.033 528.631,20.18 C525.438,20.326 523.257,20.834 521.349,21.575 C519.376,22.342 517.703,23.368 516.035,25.035 C514.368,26.702 513.342,28.377 512.574,30.349 C511.834,32.258 511.326,34.438 511.181,37.631 C511.035,40.831 511,41.851 511,50 C511,58.147 511.035,59.17 511.181,62.369 C511.326,65.562 511.834,67.743 512.574,69.651 C513.342,71.625 514.368,73.296 516.035,74.965 C517.703,76.634 519.376,77.658 521.349,78.425 C523.257,79.167 525.438,79.673 528.631,79.82 C531.831,79.965 532.853,80.001 541,80.001 C549.148,80.001 550.169,79.965 553.369,79.82 C556.562,79.673 558.743,79.167 560.652,78.425 C562.623,77.658 564.297,76.634 565.965,74.965 C567.633,73.296 568.659,71.625 569.425,69.651 C570.167,67.743 570.674,65.562 570.82,62.369 C570.966,59.17 571,58.147 571,50 C571,41.851 570.966,40.831 570.82,37.631\"><\/path><\/g><\/g><\/g><\/svg><\/div><div style=\"padding-top: 8px;\"> <div style=\" color:#3897f0; font-family:Arial,sans-serif; font-size:14px; font-style:normal; font-weight:550; line-height:18px;\">Sieh dir diesen Beitrag auf Instagram an<\/div><\/div><div style=\"padding: 12.5% 0;\"><\/div> <div style=\"display: flex; flex-direction: row; margin-bottom: 14px; align-items: center;\"><div> <div style=\"background-color: #F4F4F4; border-radius: 50%; height: 12.5px; width: 12.5px; transform: translateX(0px) translateY(7px);\"><\/div> <div style=\"background-color: #F4F4F4; height: 12.5px; transform: rotate(-45deg) translateX(3px) translateY(1px); width: 12.5px; flex-grow: 0; margin-right: 14px; margin-left: 2px;\"><\/div> <div style=\"background-color: #F4F4F4; border-radius: 50%; height: 12.5px; width: 12.5px; transform: translateX(9px) translateY(-18px);\"><\/div><\/div><div style=\"margin-left: 8px;\"> <div style=\" background-color: #F4F4F4; border-radius: 50%; flex-grow: 0; height: 20px; width: 20px;\"><\/div> <div style=\" width: 0; height: 0; border-top: 2px solid transparent; border-left: 6px solid #f4f4f4; border-bottom: 2px solid transparent; transform: translateX(16px) translateY(-4px) rotate(30deg)\"><\/div><\/div><div style=\"margin-left: auto;\"> <div style=\" width: 0px; border-top: 8px solid #F4F4F4; border-right: 8px solid transparent; transform: translateY(16px);\"><\/div> <div style=\" background-color: #F4F4F4; flex-grow: 0; height: 12px; width: 16px; transform: translateY(-4px);\"><\/div> <div style=\" width: 0; height: 0; border-top: 8px solid #F4F4F4; border-left: 8px solid transparent; transform: translateY(-4px) translateX(8px);\"><\/div><\/div><\/div> <div style=\"display: flex; flex-direction: column; flex-grow: 1; justify-content: center; margin-bottom: 24px;\"> <div style=\" background-color: #F4F4F4; border-radius: 4px; flex-grow: 0; height: 14px; margin-bottom: 6px; width: 224px;\"><\/div> <div style=\" background-color: #F4F4F4; border-radius: 4px; flex-grow: 0; height: 14px; width: 144px;\"><\/div><\/div><\/a><p style=\" color:#c9c8cd; font-family:Arial,sans-serif; font-size:14px; line-height:17px; margin-bottom:0; margin-top:8px; overflow:hidden; padding:8px 0 7px; text-align:center; text-overflow:ellipsis; white-space:nowrap;\"><a href=\"https:\/\/www.instagram.com\/p\/CMwpWsgr2pO\/?utm_source=ig_embed&amp;utm_campaign=loading\" style=\" color:#c9c8cd; font-family:Arial,sans-serif; font-size:14px; font-style:normal; font-weight:normal; line-height:17px; text-decoration:none;\" target=\"_blank\" rel=\"noopener\">Ein Beitrag geteilt von Alex Wieser (@der_fahrradprofi)<\/a><\/p><\/div><\/blockquote> <script async=\"\" src=\"\/\/www.instagram.com\/embed.js\"><\/script>\n\n\n\n<h3 class=\"wp-block-heading\" id=\"h-mountainbiker\">Mountainbiker <\/h3>\n\n\n\n<p>Seit 1999 ist Mountainbiker das <strong>Spezial-Fahrradgesch\u00e4ft mitten in der Klagenfurter City<\/strong>. Das Sortiment umfasst das ganze Spektrum: Hardtails und Fullies, Race bis Komfort, Trekkingrad und Citybike, Elektrorad und Kinderrad, Rennr\u00e4der vom Alu-Trainingsrad bis zum Racebike, Triathlon und Zeitfahrr\u00e4der. Auch coole Cruiser und Singlespeeder findet man hier. <\/p>\n\n\n\n<p>In Sachen Zubeh\u00f6r gibt es vom Downhill-Helm \u00fcber GPS oder Wattmessger\u00e4te, Funktionsbekleidung und Actionscams bis hin zu Beleuchtung und Tuningteilen alles lagernd. Die Fachwerkstatt ist Shimano Service Partner, das Team bestens geschult f\u00fcr individuelle Aufbauten von High-End Bikes sowie Standardreparaturen und Servicearbeiten. Au\u00dferdem finden immer wieder <strong>spannende MTB-Ausfahrten<\/strong> mit jemandem aus dem Profi-Team statt \u2013 try it out!\u00a0<\/p>\n\n\n\n<p>Mit 2024 wurde der ehemalige &#8222;Zweirad Samonig&#8220;-Shop gleich gegen\u00fcber vom Mountainbiker-Shop \u00fcbernommen und zu einer vollfunktionellen Radwerkstatt um- und ausgebaut. Seit M\u00e4rz ist diese neue und moderne Innenstadt-Fahrradwerkst\u00e4tte in der Paradeisergasse 9 in Betrieb. Wer sein Fahrrad nach der Winterpause auf Vordermann bringen m\u00f6chte, sollte sich also gleich einen Termin vereinbaren, unter <strong><a href=\"mailto:service9020@mountainbiker.at?subject=Anfrage%20Werkstatttermin%20Name%2C%20Datum\">service9020@mountainbiker.at<\/a><\/strong>\u00a0oder\u00a0+43 463 516 618.<br><\/p>\n\n\n\n<p>Adresse: Bahnhofstra\u00dfe 17, 9020 Klagenfurt am W\u00f6rthersee<br>Webseite: <a href=\"http:\/\/www.mountainbikerklagenfurt.at\">www.mountainbikerklagenfurt.at<\/a><\/p>\n\n\n\n<blockquote class=\"instagram-media\" data-instgrm-captioned data-instgrm-permalink=\"https:\/\/www.instagram.com\/p\/C2uvgsiKwet\/?utm_source=ig_embed&amp;utm_campaign=loading\" data-instgrm-version=\"14\" style=\" background:#FFF; border:0; border-radius:3px; box-shadow:0 0 1px 0 rgba(0,0,0,0.5),0 1px 10px 0 rgba(0,0,0,0.15); margin: 1px; max-width:540px; min-width:326px; padding:0; width:99.375%; width:-webkit-calc(100% - 2px); width:calc(100% - 2px);\"><div style=\"padding:16px;\"> <a href=\"https:\/\/www.instagram.com\/p\/C2uvgsiKwet\/?utm_source=ig_embed&amp;utm_campaign=loading\" style=\" background:#FFFFFF; line-height:0; padding:0 0; text-align:center; text-decoration:none; width:100%;\" target=\"_blank\" rel=\"noopener\"> <div style=\" display: flex; flex-direction: row; align-items: center;\"> <div style=\"background-color: #F4F4F4; border-radius: 50%; flex-grow: 0; height: 40px; margin-right: 14px; width: 40px;\"><\/div> <div style=\"display: flex; flex-direction: column; flex-grow: 1; justify-content: center;\"> <div style=\" background-color: #F4F4F4; border-radius: 4px; flex-grow: 0; height: 14px; margin-bottom: 6px; width: 100px;\"><\/div> <div style=\" background-color: #F4F4F4; border-radius: 4px; flex-grow: 0; height: 14px; width: 60px;\"><\/div><\/div><\/div><div style=\"padding: 19% 0;\"><\/div> <div style=\"display:block; height:50px; margin:0 auto 12px; width:50px;\"><svg width=\"50px\" height=\"50px\" viewBox=\"0 0 60 60\" version=\"1.1\" xmlns=\"https:\/\/www.w3.org\/2000\/svg\" xmlns:xlink=\"https:\/\/www.w3.org\/1999\/xlink\"><g stroke=\"none\" stroke-width=\"1\" fill=\"none\" fill-rule=\"evenodd\"><g transform=\"translate(-511.000000, -20.000000)\" fill=\"#000000\"><g><path d=\"M556.869,30.41 C554.814,30.41 553.148,32.076 553.148,34.131 C553.148,36.186 554.814,37.852 556.869,37.852 C558.924,37.852 560.59,36.186 560.59,34.131 C560.59,32.076 558.924,30.41 556.869,30.41 M541,60.657 C535.114,60.657 530.342,55.887 530.342,50 C530.342,44.114 535.114,39.342 541,39.342 C546.887,39.342 551.658,44.114 551.658,50 C551.658,55.887 546.887,60.657 541,60.657 M541,33.886 C532.1,33.886 524.886,41.1 524.886,50 C524.886,58.899 532.1,66.113 541,66.113 C549.9,66.113 557.115,58.899 557.115,50 C557.115,41.1 549.9,33.886 541,33.886 M565.378,62.101 C565.244,65.022 564.756,66.606 564.346,67.663 C563.803,69.06 563.154,70.057 562.106,71.106 C561.058,72.155 560.06,72.803 558.662,73.347 C557.607,73.757 556.021,74.244 553.102,74.378 C549.944,74.521 548.997,74.552 541,74.552 C533.003,74.552 532.056,74.521 528.898,74.378 C525.979,74.244 524.393,73.757 523.338,73.347 C521.94,72.803 520.942,72.155 519.894,71.106 C518.846,70.057 518.197,69.06 517.654,67.663 C517.244,66.606 516.755,65.022 516.623,62.101 C516.479,58.943 516.448,57.996 516.448,50 C516.448,42.003 516.479,41.056 516.623,37.899 C516.755,34.978 517.244,33.391 517.654,32.338 C518.197,30.938 518.846,29.942 519.894,28.894 C520.942,27.846 521.94,27.196 523.338,26.654 C524.393,26.244 525.979,25.756 528.898,25.623 C532.057,25.479 533.004,25.448 541,25.448 C548.997,25.448 549.943,25.479 553.102,25.623 C556.021,25.756 557.607,26.244 558.662,26.654 C560.06,27.196 561.058,27.846 562.106,28.894 C563.154,29.942 563.803,30.938 564.346,32.338 C564.756,33.391 565.244,34.978 565.378,37.899 C565.522,41.056 565.552,42.003 565.552,50 C565.552,57.996 565.522,58.943 565.378,62.101 M570.82,37.631 C570.674,34.438 570.167,32.258 569.425,30.349 C568.659,28.377 567.633,26.702 565.965,25.035 C564.297,23.368 562.623,22.342 560.652,21.575 C558.743,20.834 556.562,20.326 553.369,20.18 C550.169,20.033 549.148,20 541,20 C532.853,20 531.831,20.033 528.631,20.18 C525.438,20.326 523.257,20.834 521.349,21.575 C519.376,22.342 517.703,23.368 516.035,25.035 C514.368,26.702 513.342,28.377 512.574,30.349 C511.834,32.258 511.326,34.438 511.181,37.631 C511.035,40.831 511,41.851 511,50 C511,58.147 511.035,59.17 511.181,62.369 C511.326,65.562 511.834,67.743 512.574,69.651 C513.342,71.625 514.368,73.296 516.035,74.965 C517.703,76.634 519.376,77.658 521.349,78.425 C523.257,79.167 525.438,79.673 528.631,79.82 C531.831,79.965 532.853,80.001 541,80.001 C549.148,80.001 550.169,79.965 553.369,79.82 C556.562,79.673 558.743,79.167 560.652,78.425 C562.623,77.658 564.297,76.634 565.965,74.965 C567.633,73.296 568.659,71.625 569.425,69.651 C570.167,67.743 570.674,65.562 570.82,62.369 C570.966,59.17 571,58.147 571,50 C571,41.851 570.966,40.831 570.82,37.631\"><\/path><\/g><\/g><\/g><\/svg><\/div><div style=\"padding-top: 8px;\"> <div style=\" color:#3897f0; font-family:Arial,sans-serif; font-size:14px; font-style:normal; font-weight:550; line-height:18px;\">Sieh dir diesen Beitrag auf Instagram an<\/div><\/div><div style=\"padding: 12.5% 0;\"><\/div> <div style=\"display: flex; flex-direction: row; margin-bottom: 14px; align-items: center;\"><div> <div style=\"background-color: #F4F4F4; border-radius: 50%; height: 12.5px; width: 12.5px; transform: translateX(0px) translateY(7px);\"><\/div> <div style=\"background-color: #F4F4F4; height: 12.5px; transform: rotate(-45deg) translateX(3px) translateY(1px); width: 12.5px; flex-grow: 0; margin-right: 14px; margin-left: 2px;\"><\/div> <div style=\"background-color: #F4F4F4; border-radius: 50%; height: 12.5px; width: 12.5px; transform: translateX(9px) translateY(-18px);\"><\/div><\/div><div style=\"margin-left: 8px;\"> <div style=\" background-color: #F4F4F4; border-radius: 50%; flex-grow: 0; height: 20px; width: 20px;\"><\/div> <div style=\" width: 0; height: 0; border-top: 2px solid transparent; border-left: 6px solid #f4f4f4; border-bottom: 2px solid transparent; transform: translateX(16px) translateY(-4px) rotate(30deg)\"><\/div><\/div><div style=\"margin-left: auto;\"> <div style=\" width: 0px; border-top: 8px solid #F4F4F4; border-right: 8px solid transparent; transform: translateY(16px);\"><\/div> <div style=\" background-color: #F4F4F4; flex-grow: 0; height: 12px; width: 16px; transform: translateY(-4px);\"><\/div> <div style=\" width: 0; height: 0; border-top: 8px solid #F4F4F4; border-left: 8px solid transparent; transform: translateY(-4px) translateX(8px);\"><\/div><\/div><\/div> <div style=\"display: flex; flex-direction: column; flex-grow: 1; justify-content: center; margin-bottom: 24px;\"> <div style=\" background-color: #F4F4F4; border-radius: 4px; flex-grow: 0; height: 14px; margin-bottom: 6px; width: 224px;\"><\/div> <div style=\" background-color: #F4F4F4; border-radius: 4px; flex-grow: 0; height: 14px; width: 144px;\"><\/div><\/div><\/a><p style=\" color:#c9c8cd; font-family:Arial,sans-serif; font-size:14px; line-height:17px; margin-bottom:0; margin-top:8px; overflow:hidden; padding:8px 0 7px; text-align:center; text-overflow:ellipsis; white-space:nowrap;\"><a href=\"https:\/\/www.instagram.com\/p\/C2uvgsiKwet\/?utm_source=ig_embed&amp;utm_campaign=loading\" style=\" color:#c9c8cd; font-family:Arial,sans-serif; font-size:14px; font-style:normal; font-weight:normal; line-height:17px; text-decoration:none;\" target=\"_blank\" rel=\"noopener\">Ein Beitrag geteilt von Mountainbiker Klagenfurt (@mountainbikerklagenfurt)<\/a><\/p><\/div><\/blockquote> <script async src=\"\/\/www.instagram.com\/embed.js\"><\/script>\n\n\n\n<h3 class=\"wp-block-heading\" id=\"h-radhaus\">Radhaus<\/h3>\n\n\n\n<p>Ob <strong>Fahrradkauf, Service aus der Profi-Werkstatt oder modernste Bike-Bekleidung<\/strong>: Im Radhaus in Viktring wird wohl jeder Klagenfurter mit Fahrrad-Leidenschaft f\u00fcndig. Das sympathische Team steht beim Radkauf mit umfangreichem Fachwissen, jahrelanger Erfahrung und gro\u00dfer Liebe zum Fahrrad gerne beratend zur Seite.&nbsp;<\/p>\n\n\n\n<p>Neben den<strong> Hauptmarken<\/strong> Mondraker, Orbea, Giant und Victoria findet man auch exotische Bikes wie coole Beachcruiser der Marke Electra und ultraleichte Kinderfahrr\u00e4der von KuBikes. Das Angebot umfasst E-Bikes, Mountainbikes, Citybikes, Rennr\u00e4der und Kinderr\u00e4der.<\/p>\n\n\n\n<p>In der Werkstatt geht es vor allem zu Fr\u00fchlingsbeginn hei\u00df her. Dann sorgt das <strong>Mechaniker Team<\/strong> daf\u00fcr, das alle Bikes rund laufen, Reifen in Schuss sind und D\u00e4mpfer und Gabeln bestens gepflegt sind. Im dazugeh\u00f6rigen <strong>Fashion Store <\/strong>finden Bike-Lover Kollektionen der Marken Fox, ION, Maloja, Montura, Leatt und 100%. <\/p>\n\n\n\n<p>Au\u00dferdem umfasst das Angebot ein breites Sortiment an Helmen der Marken Fox, Bell und Giro, sowie Schuhe, Protektoren, Handschuhe und jegliches Zubeh\u00f6r.<\/p>\n\n\n\n<p>Adresse: Siebenb\u00fcrgenstra\u00dfe 1, 9073 Klagenfurt\/Viktrin<em>g<\/em><br>Webseite: <a href=\"http:\/\/www.radhaus.at\/\" target=\"_blank\" rel=\"noreferrer noopener\">www.radhaus.at<\/a><\/p>\n\n\n\n<figure class=\"wp-block-gallery has-nested-images columns-default is-cropped wp-block-gallery-3 is-layout-flex wp-block-gallery-is-layout-flex\">\n<figure class=\"wp-block-image size-large\"><img decoding=\"async\" width=\"1086\" height=\"724\" data-id=\"49227\" src=\"https:\/\/www.visitklagenfurt.at\/wp-content\/uploads\/2023\/02\/Radhaus-Teamfoto-c-Radhaus.jpg\" alt=\"F\u00fcnf Teammitglieder des Klagenfurter Fahrrad-Shops Radhaus stehen im Verkaufsraum mit dem Logo im Hintergrund und einem braunen Hund im Vordergrund\" class=\"wp-image-49227\"\/><figcaption class=\"wp-element-caption\"> (c) Radhaus<\/figcaption><\/figure>\n<\/figure>\n\n\n\n<h3 class=\"wp-block-heading\" id=\"h-fahrrad-walcher\">Fahrrad Walcher<\/h3>\n\n\n\n<p>Seit Kindheitstagen sind Fahrr\u00e4der die wohl allergr\u00f6\u00dfte Leidenschaft von Hannes Walcher, der bereits mit 15 Jahren voll und ganz in die Fahrradmaterie eintauchte. Zuerst als Verk\u00e4ufer, sp\u00e4ter auch als Mechaniker. <\/p>\n\n\n\n<p>In Viktring findet man seinen<strong> gro\u00dfz\u00fcgigen Bikeshop mit Fahrr\u00e4dern und E-Bikes <\/strong>von Conway, Cube und Velo de Ville, Bike-Service vom Feinsten und ein spannendes Angebot f\u00fcr Bike-Touren mit Profi-Begleitung.&nbsp;<\/p>\n\n\n\n<p>Adresse: Stift-Viktring-Stra\u00dfe 9, 9073 Klagenfurt\/Viktring<br>Webseite: <a href=\"http:\/\/www.radsmiley.at\/\" target=\"_blank\" rel=\"noreferrer noopener\">www.radsmiley.at<\/a><\/p>\n\n\n\n<h3 class=\"wp-block-heading\" id=\"h-bikesport-ortner\">Bikesport Ortner<\/h3>\n\n\n\n<p>Auf einer Gesamtfl\u00e4che von 600 Quadratmetern schlagen Biker-Herzen definitiv h\u00f6her: Bikesport Ortner steht f\u00fcr Shop und Fachwerkst\u00e4tte<strong> betreut von ambitionierten Radsportamateuren und erfolgreichen Semiprofis.<\/strong> Verschiedenste E-Bikes, Fahrr\u00e4der f\u00fcr (Klein-)Kinder, Komplettr\u00e4der und eine riesige Auswahl an Fahrradteilen lassen bei Ortner keine W\u00fcnsche offen. <\/p>\n\n\n\n<p>Ganz im Fokus des t\u00e4glichen Tuns der Ortner-Crew steht die gemeinsame Leidenschaft, die sich Mitarbeiter und Kundinnen und Kunden teilen: Radfahren, Radfahren, Radfahren!&nbsp;<\/p>\n\n\n\n<p>Adresse: Miegererstra\u00dfe 27, 9065 Gradnitz<br>Webseite: <a href=\"https:\/\/www.bikesportxl.at\/\" target=\"_blank\" rel=\"noreferrer noopener\">www.bikesportxl.at<\/a><\/p>\n\n\n\n<blockquote class=\"instagram-media\" data-instgrm-captioned=\"\" data-instgrm-permalink=\"https:\/\/www.instagram.com\/p\/CoIEen3tZ5S\/?utm_source=ig_embed&amp;utm_campaign=loading\" data-instgrm-version=\"14\" style=\" background:#FFF; border:0; border-radius:3px; box-shadow:0 0 1px 0 rgba(0,0,0,0.5),0 1px 10px 0 rgba(0,0,0,0.15); margin: 1px; max-width:540px; min-width:326px; padding:0; width:99.375%; width:-webkit-calc(100% - 2px); width:calc(100% - 2px);\"><div style=\"padding:16px;\"> <a href=\"https:\/\/www.instagram.com\/p\/CoIEen3tZ5S\/?utm_source=ig_embed&amp;utm_campaign=loading\" style=\" background:#FFFFFF; line-height:0; padding:0 0; text-align:center; text-decoration:none; width:100%;\" target=\"_blank\" rel=\"noopener\"> <div style=\" display: flex; flex-direction: row; align-items: center;\"> <div style=\"background-color: #F4F4F4; border-radius: 50%; flex-grow: 0; height: 40px; margin-right: 14px; width: 40px;\"><\/div> <div style=\"display: flex; flex-direction: column; flex-grow: 1; justify-content: center;\"> <div style=\" background-color: #F4F4F4; border-radius: 4px; flex-grow: 0; height: 14px; margin-bottom: 6px; width: 100px;\"><\/div> <div style=\" background-color: #F4F4F4; border-radius: 4px; flex-grow: 0; height: 14px; width: 60px;\"><\/div><\/div><\/div><div style=\"padding: 19% 0;\"><\/div> <div style=\"display:block; height:50px; margin:0 auto 12px; width:50px;\"><svg width=\"50px\" height=\"50px\" viewBox=\"0 0 60 60\" version=\"1.1\" xmlns=\"https:\/\/www.w3.org\/2000\/svg\" xmlns:xlink=\"https:\/\/www.w3.org\/1999\/xlink\"><g stroke=\"none\" stroke-width=\"1\" fill=\"none\" fill-rule=\"evenodd\"><g transform=\"translate(-511.000000, -20.000000)\" fill=\"#000000\"><g><path d=\"M556.869,30.41 C554.814,30.41 553.148,32.076 553.148,34.131 C553.148,36.186 554.814,37.852 556.869,37.852 C558.924,37.852 560.59,36.186 560.59,34.131 C560.59,32.076 558.924,30.41 556.869,30.41 M541,60.657 C535.114,60.657 530.342,55.887 530.342,50 C530.342,44.114 535.114,39.342 541,39.342 C546.887,39.342 551.658,44.114 551.658,50 C551.658,55.887 546.887,60.657 541,60.657 M541,33.886 C532.1,33.886 524.886,41.1 524.886,50 C524.886,58.899 532.1,66.113 541,66.113 C549.9,66.113 557.115,58.899 557.115,50 C557.115,41.1 549.9,33.886 541,33.886 M565.378,62.101 C565.244,65.022 564.756,66.606 564.346,67.663 C563.803,69.06 563.154,70.057 562.106,71.106 C561.058,72.155 560.06,72.803 558.662,73.347 C557.607,73.757 556.021,74.244 553.102,74.378 C549.944,74.521 548.997,74.552 541,74.552 C533.003,74.552 532.056,74.521 528.898,74.378 C525.979,74.244 524.393,73.757 523.338,73.347 C521.94,72.803 520.942,72.155 519.894,71.106 C518.846,70.057 518.197,69.06 517.654,67.663 C517.244,66.606 516.755,65.022 516.623,62.101 C516.479,58.943 516.448,57.996 516.448,50 C516.448,42.003 516.479,41.056 516.623,37.899 C516.755,34.978 517.244,33.391 517.654,32.338 C518.197,30.938 518.846,29.942 519.894,28.894 C520.942,27.846 521.94,27.196 523.338,26.654 C524.393,26.244 525.979,25.756 528.898,25.623 C532.057,25.479 533.004,25.448 541,25.448 C548.997,25.448 549.943,25.479 553.102,25.623 C556.021,25.756 557.607,26.244 558.662,26.654 C560.06,27.196 561.058,27.846 562.106,28.894 C563.154,29.942 563.803,30.938 564.346,32.338 C564.756,33.391 565.244,34.978 565.378,37.899 C565.522,41.056 565.552,42.003 565.552,50 C565.552,57.996 565.522,58.943 565.378,62.101 M570.82,37.631 C570.674,34.438 570.167,32.258 569.425,30.349 C568.659,28.377 567.633,26.702 565.965,25.035 C564.297,23.368 562.623,22.342 560.652,21.575 C558.743,20.834 556.562,20.326 553.369,20.18 C550.169,20.033 549.148,20 541,20 C532.853,20 531.831,20.033 528.631,20.18 C525.438,20.326 523.257,20.834 521.349,21.575 C519.376,22.342 517.703,23.368 516.035,25.035 C514.368,26.702 513.342,28.377 512.574,30.349 C511.834,32.258 511.326,34.438 511.181,37.631 C511.035,40.831 511,41.851 511,50 C511,58.147 511.035,59.17 511.181,62.369 C511.326,65.562 511.834,67.743 512.574,69.651 C513.342,71.625 514.368,73.296 516.035,74.965 C517.703,76.634 519.376,77.658 521.349,78.425 C523.257,79.167 525.438,79.673 528.631,79.82 C531.831,79.965 532.853,80.001 541,80.001 C549.148,80.001 550.169,79.965 553.369,79.82 C556.562,79.673 558.743,79.167 560.652,78.425 C562.623,77.658 564.297,76.634 565.965,74.965 C567.633,73.296 568.659,71.625 569.425,69.651 C570.167,67.743 570.674,65.562 570.82,62.369 C570.966,59.17 571,58.147 571,50 C571,41.851 570.966,40.831 570.82,37.631\"><\/path><\/g><\/g><\/g><\/svg><\/div><div style=\"padding-top: 8px;\"> <div style=\" color:#3897f0; font-family:Arial,sans-serif; font-size:14px; font-style:normal; font-weight:550; line-height:18px;\">Sieh dir diesen Beitrag auf Instagram an<\/div><\/div><div style=\"padding: 12.5% 0;\"><\/div> <div style=\"display: flex; flex-direction: row; margin-bottom: 14px; align-items: center;\"><div> <div style=\"background-color: #F4F4F4; border-radius: 50%; height: 12.5px; width: 12.5px; transform: translateX(0px) translateY(7px);\"><\/div> <div style=\"background-color: #F4F4F4; height: 12.5px; transform: rotate(-45deg) translateX(3px) translateY(1px); width: 12.5px; flex-grow: 0; margin-right: 14px; margin-left: 2px;\"><\/div> <div style=\"background-color: #F4F4F4; border-radius: 50%; height: 12.5px; width: 12.5px; transform: translateX(9px) translateY(-18px);\"><\/div><\/div><div style=\"margin-left: 8px;\"> <div style=\" background-color: #F4F4F4; border-radius: 50%; flex-grow: 0; height: 20px; width: 20px;\"><\/div> <div style=\" width: 0; height: 0; border-top: 2px solid transparent; border-left: 6px solid #f4f4f4; border-bottom: 2px solid transparent; transform: translateX(16px) translateY(-4px) rotate(30deg)\"><\/div><\/div><div style=\"margin-left: auto;\"> <div style=\" width: 0px; border-top: 8px solid #F4F4F4; border-right: 8px solid transparent; transform: translateY(16px);\"><\/div> <div style=\" background-color: #F4F4F4; flex-grow: 0; height: 12px; width: 16px; transform: translateY(-4px);\"><\/div> <div style=\" width: 0; height: 0; border-top: 8px solid #F4F4F4; border-left: 8px solid transparent; transform: translateY(-4px) translateX(8px);\"><\/div><\/div><\/div> <div style=\"display: flex; flex-direction: column; flex-grow: 1; justify-content: center; margin-bottom: 24px;\"> <div style=\" background-color: #F4F4F4; border-radius: 4px; flex-grow: 0; height: 14px; margin-bottom: 6px; width: 224px;\"><\/div> <div style=\" background-color: #F4F4F4; border-radius: 4px; flex-grow: 0; height: 14px; width: 144px;\"><\/div><\/div><\/a><p style=\" color:#c9c8cd; font-family:Arial,sans-serif; font-size:14px; line-height:17px; margin-bottom:0; margin-top:8px; overflow:hidden; padding:8px 0 7px; text-align:center; text-overflow:ellipsis; white-space:nowrap;\"><a href=\"https:\/\/www.instagram.com\/p\/CoIEen3tZ5S\/?utm_source=ig_embed&amp;utm_campaign=loading\" style=\" color:#c9c8cd; font-family:Arial,sans-serif; font-size:14px; font-style:normal; font-weight:normal; line-height:17px; text-decoration:none;\" target=\"_blank\" rel=\"noopener\">Ein Beitrag geteilt von Bikesport Ortner (@bikesportortner)<\/a><\/p><\/div><\/blockquote> <script async=\"\" src=\"\/\/www.instagram.com\/embed.js\"><\/script>\n\n\n\n<h2 class=\"wp-block-heading\" id=\"h-grosse-auswahl-fur-rad-fans\">Gro\u00dfe Auswahl f\u00fcr Rad-Fans<\/h2>\n\n\n\n<p>Ob als allt\u00e4gliches Fortbewegungsmittel, sportliche Rennmaschine oder f\u00fcr Trail-Abenteuer: Die Experten f\u00fcr Fahrrad-Belange in Klagenfurt sind am Puls der Zeit und kennen die Anspr\u00fcche ihrer Kundinnen und Kunden ganz genau. <\/p>\n\n\n\n<p><br>Wie wir <a href=\"https:\/\/www.visitklagenfurt.at\/de\/blog\/sehenswertes-ausfluege\/die-besten-tipps-zum-radfahren-voller-genuss\/\" target=\"_blank\" rel=\"noreferrer noopener\">in diesem Beitrag<\/a> bereits ausf\u00fchrlich besprochen haben, ist Klagenfurt und seine Umgebung ist nicht nur ein Paradies f\u00fcr verschiedene Radtouren und Ausfl\u00fcge auf zwei R\u00e4dern, sondern eben auch ein echter Hotspot f\u00fcr professionelle, vielseitige Bikeshops.<\/p>\n","protected":false},"excerpt":{"rendered":"<p>Bevor ihr euch nach dem Winter wieder aufs Radl schwingt, bitte kurz hier dr\u00fcberlesen: Unsere Tipps und Empfehlungen f\u00fcr alle, die mit Fahrrad in Klagenfurt unterwegs sind. <\/p>\n","protected":false},"author":14,"featured_media":49524,"comment_status":"closed","ping_status":"closed","sticky":false,"template":"","format":"standard","meta":{"footnotes":""},"categories":[16],"tags":[222,39],"class_list":["post-49180","post","type-post","status-publish","format-standard","has-post-thumbnail","hentry","category-shopping-maerkte","tag-fruehling","tag-sport"],"yoast_head":"<!-- This site is optimized with the Yoast SEO plugin v27.5 - https:\/\/yoast.com\/product\/yoast-seo-wordpress\/ -->\n<title>Alles f\u00fcrs Fahrrad in Klagenfurt | visitklagenfurt<\/title>\n<meta name=\"description\" content=\"Wo sind in Klagenfurt die Experten zu finden, wenn&#039;s um Fahrr\u00e4der geht? In diesem Blogbeitrag findet ihr die besten Tipps und Adressen!\" \/>\n<meta name=\"robots\" content=\"index, follow, max-snippet:-1, max-image-preview:large, max-video-preview:-1\" \/>\n<link rel=\"canonical\" href=\"https:\/\/www.visitklagenfurt.at\/de\/blog\/shopping-maerkte\/fahrrad-shops-klagenfurt\/\" \/>\n<meta property=\"og:locale\" content=\"de_DE\" \/>\n<meta property=\"og:type\" content=\"article\" \/>\n<meta property=\"og:title\" content=\"Alles f\u00fcrs Fahrrad in Klagenfurt | visitklagenfurt\" \/>\n<meta property=\"og:description\" content=\"Wo sind in Klagenfurt die Experten zu finden, wenn&#039;s um Fahrr\u00e4der geht? In diesem Blogbeitrag findet ihr die besten Tipps und Adressen!\" \/>\n<meta property=\"og:url\" content=\"https:\/\/www.visitklagenfurt.at\/de\/blog\/shopping-maerkte\/fahrrad-shops-klagenfurt\/\" \/>\n<meta property=\"og:site_name\" content=\"visitklagenfurt\" \/>\n<meta property=\"article:published_time\" content=\"2023-02-16T09:00:00+00:00\" \/>\n<meta property=\"article:modified_time\" content=\"2025-01-20T14:33:47+00:00\" \/>\n<meta property=\"og:image\" content=\"https:\/\/www.visitklagenfurt.at\/wp-content\/uploads\/2023\/02\/Zweiradfachmann-Beinl3-c-Messagemakers.at_.jpg\" \/>\n\t<meta property=\"og:image:width\" content=\"1920\" \/>\n\t<meta property=\"og:image:height\" content=\"1080\" \/>\n\t<meta property=\"og:image:type\" content=\"image\/jpeg\" \/>\n<meta name=\"author\" content=\"Manuela Mark\" \/>\n<meta name=\"twitter:card\" content=\"summary_large_image\" \/>\n<meta name=\"twitter:label1\" content=\"Verfasst von\" \/>\n\t<meta name=\"twitter:data1\" content=\"Manuela Mark\" \/>\n\t<meta name=\"twitter:label2\" content=\"Gesch\u00e4tzte Lesezeit\" \/>\n\t<meta name=\"twitter:data2\" content=\"8\u00a0Minuten\" \/>\n<script type=\"application\/ld+json\" class=\"yoast-schema-graph\">{\"@context\":\"https:\\\/\\\/schema.org\",\"@graph\":[{\"@type\":\"Article\",\"@id\":\"https:\\\/\\\/www.visitklagenfurt.at\\\/de\\\/blog\\\/shopping-maerkte\\\/fahrrad-shops-klagenfurt\\\/#article\",\"isPartOf\":{\"@id\":\"https:\\\/\\\/www.visitklagenfurt.at\\\/de\\\/blog\\\/shopping-maerkte\\\/fahrrad-shops-klagenfurt\\\/\"},\"author\":{\"name\":\"Manuela Mark\",\"@id\":\"https:\\\/\\\/www.visitklagenfurt.at\\\/de\\\/#\\\/schema\\\/person\\\/e8b5105fb351ebafb828d30285659218\"},\"headline\":\"Alles f\u00fcrs Fahrrad in Klagenfurt\",\"datePublished\":\"2023-02-16T09:00:00+00:00\",\"dateModified\":\"2025-01-20T14:33:47+00:00\",\"mainEntityOfPage\":{\"@id\":\"https:\\\/\\\/www.visitklagenfurt.at\\\/de\\\/blog\\\/shopping-maerkte\\\/fahrrad-shops-klagenfurt\\\/\"},\"wordCount\":1303,\"publisher\":{\"@id\":\"https:\\\/\\\/www.visitklagenfurt.at\\\/de\\\/#organization\"},\"image\":{\"@id\":\"https:\\\/\\\/www.visitklagenfurt.at\\\/de\\\/blog\\\/shopping-maerkte\\\/fahrrad-shops-klagenfurt\\\/#primaryimage\"},\"thumbnailUrl\":\"https:\\\/\\\/www.visitklagenfurt.at\\\/wp-content\\\/uploads\\\/2023\\\/02\\\/Zweiradfachmann-Beinl3-c-Messagemakers.at_.jpg\",\"keywords\":[\"Fr\u00fchling\",\"Sport\"],\"articleSection\":[\"Shopping &amp; M\u00e4rkte\"],\"inLanguage\":\"de\"},{\"@type\":\"WebPage\",\"@id\":\"https:\\\/\\\/www.visitklagenfurt.at\\\/de\\\/blog\\\/shopping-maerkte\\\/fahrrad-shops-klagenfurt\\\/\",\"url\":\"https:\\\/\\\/www.visitklagenfurt.at\\\/de\\\/blog\\\/shopping-maerkte\\\/fahrrad-shops-klagenfurt\\\/\",\"name\":\"Alles f\u00fcrs Fahrrad in Klagenfurt | visitklagenfurt\",\"isPartOf\":{\"@id\":\"https:\\\/\\\/www.visitklagenfurt.at\\\/de\\\/#website\"},\"primaryImageOfPage\":{\"@id\":\"https:\\\/\\\/www.visitklagenfurt.at\\\/de\\\/blog\\\/shopping-maerkte\\\/fahrrad-shops-klagenfurt\\\/#primaryimage\"},\"image\":{\"@id\":\"https:\\\/\\\/www.visitklagenfurt.at\\\/de\\\/blog\\\/shopping-maerkte\\\/fahrrad-shops-klagenfurt\\\/#primaryimage\"},\"thumbnailUrl\":\"https:\\\/\\\/www.visitklagenfurt.at\\\/wp-content\\\/uploads\\\/2023\\\/02\\\/Zweiradfachmann-Beinl3-c-Messagemakers.at_.jpg\",\"datePublished\":\"2023-02-16T09:00:00+00:00\",\"dateModified\":\"2025-01-20T14:33:47+00:00\",\"description\":\"Wo sind in Klagenfurt die Experten zu finden, wenn's um Fahrr\u00e4der geht? In diesem Blogbeitrag findet ihr die besten Tipps und Adressen!\",\"breadcrumb\":{\"@id\":\"https:\\\/\\\/www.visitklagenfurt.at\\\/de\\\/blog\\\/shopping-maerkte\\\/fahrrad-shops-klagenfurt\\\/#breadcrumb\"},\"inLanguage\":\"de\",\"potentialAction\":[{\"@type\":\"ReadAction\",\"target\":[\"https:\\\/\\\/www.visitklagenfurt.at\\\/de\\\/blog\\\/shopping-maerkte\\\/fahrrad-shops-klagenfurt\\\/\"]}]},{\"@type\":\"ImageObject\",\"inLanguage\":\"de\",\"@id\":\"https:\\\/\\\/www.visitklagenfurt.at\\\/de\\\/blog\\\/shopping-maerkte\\\/fahrrad-shops-klagenfurt\\\/#primaryimage\",\"url\":\"https:\\\/\\\/www.visitklagenfurt.at\\\/wp-content\\\/uploads\\\/2023\\\/02\\\/Zweiradfachmann-Beinl3-c-Messagemakers.at_.jpg\",\"contentUrl\":\"https:\\\/\\\/www.visitklagenfurt.at\\\/wp-content\\\/uploads\\\/2023\\\/02\\\/Zweiradfachmann-Beinl3-c-Messagemakers.at_.jpg\",\"width\":1920,\"height\":1080,\"caption\":\"(c) Messagemakers.at\"},{\"@type\":\"BreadcrumbList\",\"@id\":\"https:\\\/\\\/www.visitklagenfurt.at\\\/de\\\/blog\\\/shopping-maerkte\\\/fahrrad-shops-klagenfurt\\\/#breadcrumb\",\"itemListElement\":[{\"@type\":\"ListItem\",\"position\":1,\"name\":\"visitklagenfurt\",\"item\":\"https:\\\/\\\/www.visitklagenfurt.at\\\/de\\\/\"},{\"@type\":\"ListItem\",\"position\":2,\"name\":\"Blog\",\"item\":\"https:\\\/\\\/www.visitklagenfurt.at\\\/de\\\/category\\\/blog\\\/\"},{\"@type\":\"ListItem\",\"position\":3,\"name\":\"Shopping &amp; M\u00e4rkte\",\"item\":\"https:\\\/\\\/www.visitklagenfurt.at\\\/de\\\/category\\\/blog\\\/shopping-maerkte\\\/\"},{\"@type\":\"ListItem\",\"position\":4,\"name\":\"Alles f\u00fcrs Fahrrad in Klagenfurt\"}]},{\"@type\":\"WebSite\",\"@id\":\"https:\\\/\\\/www.visitklagenfurt.at\\\/de\\\/#website\",\"url\":\"https:\\\/\\\/www.visitklagenfurt.at\\\/de\\\/\",\"name\":\"visitklagenfurt\",\"description\":\"\",\"publisher\":{\"@id\":\"https:\\\/\\\/www.visitklagenfurt.at\\\/de\\\/#organization\"},\"potentialAction\":[{\"@type\":\"SearchAction\",\"target\":{\"@type\":\"EntryPoint\",\"urlTemplate\":\"https:\\\/\\\/www.visitklagenfurt.at\\\/de\\\/?s={search_term_string}\"},\"query-input\":{\"@type\":\"PropertyValueSpecification\",\"valueRequired\":true,\"valueName\":\"search_term_string\"}}],\"inLanguage\":\"de\"},{\"@type\":\"Organization\",\"@id\":\"https:\\\/\\\/www.visitklagenfurt.at\\\/de\\\/#organization\",\"name\":\"Tourismus Region Klagenfurt am W\u00f6rthersee GmbH\",\"url\":\"https:\\\/\\\/www.visitklagenfurt.at\\\/de\\\/\",\"logo\":{\"@type\":\"ImageObject\",\"inLanguage\":\"de\",\"@id\":\"https:\\\/\\\/www.visitklagenfurt.at\\\/de\\\/#\\\/schema\\\/logo\\\/image\\\/\",\"url\":\"https:\\\/\\\/www.visitklagenfurt.at\\\/wp-content\\\/uploads\\\/2022\\\/03\\\/DT_K_Klagenfurt_S_RGB.png\",\"contentUrl\":\"https:\\\/\\\/www.visitklagenfurt.at\\\/wp-content\\\/uploads\\\/2022\\\/03\\\/DT_K_Klagenfurt_S_RGB.png\",\"width\":2082,\"height\":1511,\"caption\":\"Tourismus Region Klagenfurt am W\u00f6rthersee GmbH\"},\"image\":{\"@id\":\"https:\\\/\\\/www.visitklagenfurt.at\\\/de\\\/#\\\/schema\\\/logo\\\/image\\\/\"}},{\"@type\":\"Person\",\"@id\":\"https:\\\/\\\/www.visitklagenfurt.at\\\/de\\\/#\\\/schema\\\/person\\\/e8b5105fb351ebafb828d30285659218\",\"name\":\"Manuela Mark\",\"image\":{\"@type\":\"ImageObject\",\"inLanguage\":\"de\",\"@id\":\"https:\\\/\\\/www.visitklagenfurt.at\\\/wp-content\\\/uploads\\\/2020\\\/10\\\/manuela_mark_redakteur.jpg\",\"url\":\"https:\\\/\\\/www.visitklagenfurt.at\\\/wp-content\\\/uploads\\\/2020\\\/10\\\/manuela_mark_redakteur.jpg\",\"contentUrl\":\"https:\\\/\\\/www.visitklagenfurt.at\\\/wp-content\\\/uploads\\\/2020\\\/10\\\/manuela_mark_redakteur.jpg\",\"caption\":\"Manuela Mark\"},\"description\":\"Aufgewachsen in Wien, hat es mich im jungen Alter von 18 Jahren nach Klagenfurt verschlagen. Habe ich schon in Kindheitstagen mein Herz an die Berge, Seen und nicht zuletzt St\u00e4dte des S\u00fcdens verloren, genie\u00dfe ich seither jeden Tag in meiner Wahlheimat. Ich habe in Klagenfurt Germanistik studiert und bin seit 2020 als Werbetexterin selbstst\u00e4ndig. Ich lebe, um zu schreiben, oder ich schreibe, um zu leben \u2013 und wo ginge das besser, als in der wundersch\u00f6nen W\u00f6rtherseestadt? Als geborenes Stadtkind vermag ich einen anderen Blick auf die hiesigen Dinge zu haben, gerne kombiniere ich meinen k\u00e4rntnerischen Alltag mit viel Wiener Schm\u00e4h, vielleicht manchmal mit \u201ea bissale\u201c einem Grant, sicherlich aber immer mit einer gro\u00dfen Portion Euphorie f\u00fcr alles, das mir hier t\u00e4glich begegnet. Als vielseitige Jungmama trifft man mich am ehesten mit Shoppingt\u00fcten in der Hand, auf meinem Mountainbike oder mit meiner Familie in See-N\u00e4he. \u00dcber Klagenfurt habe ich so einiges zu erz\u00e4hlen und freue mich, euch von Geschichten und Tipps rund um Familie, Outdoor und Insiderwissen zu berichten.\",\"sameAs\":[\"http:\\\/\\\/www.manumarkant.at\",\"https:\\\/\\\/www.instagram.com\\\/manumark.ant\\\/\"],\"url\":\"https:\\\/\\\/www.visitklagenfurt.at\\\/de\\\/author\\\/manuela_mark\\\/\"}]}<\/script>\n<!-- \/ Yoast SEO plugin. -->","yoast_head_json":{"title":"Alles f\u00fcrs Fahrrad in Klagenfurt | visitklagenfurt","description":"Wo sind in Klagenfurt die Experten zu finden, wenn's um Fahrr\u00e4der geht? In diesem Blogbeitrag findet ihr die besten Tipps und Adressen!","robots":{"index":"index","follow":"follow","max-snippet":"max-snippet:-1","max-image-preview":"max-image-preview:large","max-video-preview":"max-video-preview:-1"},"canonical":"https:\/\/www.visitklagenfurt.at\/de\/blog\/shopping-maerkte\/fahrrad-shops-klagenfurt\/","og_locale":"de_DE","og_type":"article","og_title":"Alles f\u00fcrs Fahrrad in Klagenfurt | visitklagenfurt","og_description":"Wo sind in Klagenfurt die Experten zu finden, wenn's um Fahrr\u00e4der geht? In diesem Blogbeitrag findet ihr die besten Tipps und Adressen!","og_url":"https:\/\/www.visitklagenfurt.at\/de\/blog\/shopping-maerkte\/fahrrad-shops-klagenfurt\/","og_site_name":"visitklagenfurt","article_published_time":"2023-02-16T09:00:00+00:00","article_modified_time":"2025-01-20T14:33:47+00:00","og_image":[{"width":1920,"height":1080,"url":"https:\/\/www.visitklagenfurt.at\/wp-content\/uploads\/2023\/02\/Zweiradfachmann-Beinl3-c-Messagemakers.at_.jpg","type":"image\/jpeg"}],"author":"Manuela Mark","twitter_card":"summary_large_image","twitter_misc":{"Verfasst von":"Manuela Mark","Gesch\u00e4tzte Lesezeit":"8\u00a0Minuten"},"schema":{"@context":"https:\/\/schema.org","@graph":[{"@type":"Article","@id":"https:\/\/www.visitklagenfurt.at\/de\/blog\/shopping-maerkte\/fahrrad-shops-klagenfurt\/#article","isPartOf":{"@id":"https:\/\/www.visitklagenfurt.at\/de\/blog\/shopping-maerkte\/fahrrad-shops-klagenfurt\/"},"author":{"name":"Manuela Mark","@id":"https:\/\/www.visitklagenfurt.at\/de\/#\/schema\/person\/e8b5105fb351ebafb828d30285659218"},"headline":"Alles f\u00fcrs Fahrrad in Klagenfurt","datePublished":"2023-02-16T09:00:00+00:00","dateModified":"2025-01-20T14:33:47+00:00","mainEntityOfPage":{"@id":"https:\/\/www.visitklagenfurt.at\/de\/blog\/shopping-maerkte\/fahrrad-shops-klagenfurt\/"},"wordCount":1303,"publisher":{"@id":"https:\/\/www.visitklagenfurt.at\/de\/#organization"},"image":{"@id":"https:\/\/www.visitklagenfurt.at\/de\/blog\/shopping-maerkte\/fahrrad-shops-klagenfurt\/#primaryimage"},"thumbnailUrl":"https:\/\/www.visitklagenfurt.at\/wp-content\/uploads\/2023\/02\/Zweiradfachmann-Beinl3-c-Messagemakers.at_.jpg","keywords":["Fr\u00fchling","Sport"],"articleSection":["Shopping &amp; M\u00e4rkte"],"inLanguage":"de"},{"@type":"WebPage","@id":"https:\/\/www.visitklagenfurt.at\/de\/blog\/shopping-maerkte\/fahrrad-shops-klagenfurt\/","url":"https:\/\/www.visitklagenfurt.at\/de\/blog\/shopping-maerkte\/fahrrad-shops-klagenfurt\/","name":"Alles f\u00fcrs Fahrrad in Klagenfurt | visitklagenfurt","isPartOf":{"@id":"https:\/\/www.visitklagenfurt.at\/de\/#website"},"primaryImageOfPage":{"@id":"https:\/\/www.visitklagenfurt.at\/de\/blog\/shopping-maerkte\/fahrrad-shops-klagenfurt\/#primaryimage"},"image":{"@id":"https:\/\/www.visitklagenfurt.at\/de\/blog\/shopping-maerkte\/fahrrad-shops-klagenfurt\/#primaryimage"},"thumbnailUrl":"https:\/\/www.visitklagenfurt.at\/wp-content\/uploads\/2023\/02\/Zweiradfachmann-Beinl3-c-Messagemakers.at_.jpg","datePublished":"2023-02-16T09:00:00+00:00","dateModified":"2025-01-20T14:33:47+00:00","description":"Wo sind in Klagenfurt die Experten zu finden, wenn's um Fahrr\u00e4der geht? In diesem Blogbeitrag findet ihr die besten Tipps und Adressen!","breadcrumb":{"@id":"https:\/\/www.visitklagenfurt.at\/de\/blog\/shopping-maerkte\/fahrrad-shops-klagenfurt\/#breadcrumb"},"inLanguage":"de","potentialAction":[{"@type":"ReadAction","target":["https:\/\/www.visitklagenfurt.at\/de\/blog\/shopping-maerkte\/fahrrad-shops-klagenfurt\/"]}]},{"@type":"ImageObject","inLanguage":"de","@id":"https:\/\/www.visitklagenfurt.at\/de\/blog\/shopping-maerkte\/fahrrad-shops-klagenfurt\/#primaryimage","url":"https:\/\/www.visitklagenfurt.at\/wp-content\/uploads\/2023\/02\/Zweiradfachmann-Beinl3-c-Messagemakers.at_.jpg","contentUrl":"https:\/\/www.visitklagenfurt.at\/wp-content\/uploads\/2023\/02\/Zweiradfachmann-Beinl3-c-Messagemakers.at_.jpg","width":1920,"height":1080,"caption":"(c) Messagemakers.at"},{"@type":"BreadcrumbList","@id":"https:\/\/www.visitklagenfurt.at\/de\/blog\/shopping-maerkte\/fahrrad-shops-klagenfurt\/#breadcrumb","itemListElement":[{"@type":"ListItem","position":1,"name":"visitklagenfurt","item":"https:\/\/www.visitklagenfurt.at\/de\/"},{"@type":"ListItem","position":2,"name":"Blog","item":"https:\/\/www.visitklagenfurt.at\/de\/category\/blog\/"},{"@type":"ListItem","position":3,"name":"Shopping &amp; M\u00e4rkte","item":"https:\/\/www.visitklagenfurt.at\/de\/category\/blog\/shopping-maerkte\/"},{"@type":"ListItem","position":4,"name":"Alles f\u00fcrs Fahrrad in Klagenfurt"}]},{"@type":"WebSite","@id":"https:\/\/www.visitklagenfurt.at\/de\/#website","url":"https:\/\/www.visitklagenfurt.at\/de\/","name":"visitklagenfurt","description":"","publisher":{"@id":"https:\/\/www.visitklagenfurt.at\/de\/#organization"},"potentialAction":[{"@type":"SearchAction","target":{"@type":"EntryPoint","urlTemplate":"https:\/\/www.visitklagenfurt.at\/de\/?s={search_term_string}"},"query-input":{"@type":"PropertyValueSpecification","valueRequired":true,"valueName":"search_term_string"}}],"inLanguage":"de"},{"@type":"Organization","@id":"https:\/\/www.visitklagenfurt.at\/de\/#organization","name":"Tourismus Region Klagenfurt am W\u00f6rthersee GmbH","url":"https:\/\/www.visitklagenfurt.at\/de\/","logo":{"@type":"ImageObject","inLanguage":"de","@id":"https:\/\/www.visitklagenfurt.at\/de\/#\/schema\/logo\/image\/","url":"https:\/\/www.visitklagenfurt.at\/wp-content\/uploads\/2022\/03\/DT_K_Klagenfurt_S_RGB.png","contentUrl":"https:\/\/www.visitklagenfurt.at\/wp-content\/uploads\/2022\/03\/DT_K_Klagenfurt_S_RGB.png","width":2082,"height":1511,"caption":"Tourismus Region Klagenfurt am W\u00f6rthersee GmbH"},"image":{"@id":"https:\/\/www.visitklagenfurt.at\/de\/#\/schema\/logo\/image\/"}},{"@type":"Person","@id":"https:\/\/www.visitklagenfurt.at\/de\/#\/schema\/person\/e8b5105fb351ebafb828d30285659218","name":"Manuela Mark","image":{"@type":"ImageObject","inLanguage":"de","@id":"https:\/\/www.visitklagenfurt.at\/wp-content\/uploads\/2020\/10\/manuela_mark_redakteur.jpg","url":"https:\/\/www.visitklagenfurt.at\/wp-content\/uploads\/2020\/10\/manuela_mark_redakteur.jpg","contentUrl":"https:\/\/www.visitklagenfurt.at\/wp-content\/uploads\/2020\/10\/manuela_mark_redakteur.jpg","caption":"Manuela Mark"},"description":"Aufgewachsen in Wien, hat es mich im jungen Alter von 18 Jahren nach Klagenfurt verschlagen. Habe ich schon in Kindheitstagen mein Herz an die Berge, Seen und nicht zuletzt St\u00e4dte des S\u00fcdens verloren, genie\u00dfe ich seither jeden Tag in meiner Wahlheimat. Ich habe in Klagenfurt Germanistik studiert und bin seit 2020 als Werbetexterin selbstst\u00e4ndig. Ich lebe, um zu schreiben, oder ich schreibe, um zu leben \u2013 und wo ginge das besser, als in der wundersch\u00f6nen W\u00f6rtherseestadt? Als geborenes Stadtkind vermag ich einen anderen Blick auf die hiesigen Dinge zu haben, gerne kombiniere ich meinen k\u00e4rntnerischen Alltag mit viel Wiener Schm\u00e4h, vielleicht manchmal mit \u201ea bissale\u201c einem Grant, sicherlich aber immer mit einer gro\u00dfen Portion Euphorie f\u00fcr alles, das mir hier t\u00e4glich begegnet. Als vielseitige Jungmama trifft man mich am ehesten mit Shoppingt\u00fcten in der Hand, auf meinem Mountainbike oder mit meiner Familie in See-N\u00e4he. \u00dcber Klagenfurt habe ich so einiges zu erz\u00e4hlen und freue mich, euch von Geschichten und Tipps rund um Familie, Outdoor und Insiderwissen zu berichten.","sameAs":["http:\/\/www.manumarkant.at","https:\/\/www.instagram.com\/manumark.ant\/"],"url":"https:\/\/www.visitklagenfurt.at\/de\/author\/manuela_mark\/"}]}},"_links":{"self":[{"href":"https:\/\/www.visitklagenfurt.at\/de\/wp-json\/wp\/v2\/posts\/49180","targetHints":{"allow":["GET"]}}],"collection":[{"href":"https:\/\/www.visitklagenfurt.at\/de\/wp-json\/wp\/v2\/posts"}],"about":[{"href":"https:\/\/www.visitklagenfurt.at\/de\/wp-json\/wp\/v2\/types\/post"}],"author":[{"embeddable":true,"href":"https:\/\/www.visitklagenfurt.at\/de\/wp-json\/wp\/v2\/users\/14"}],"replies":[{"embeddable":true,"href":"https:\/\/www.visitklagenfurt.at\/de\/wp-json\/wp\/v2\/comments?post=49180"}],"version-history":[{"count":15,"href":"https:\/\/www.visitklagenfurt.at\/de\/wp-json\/wp\/v2\/posts\/49180\/revisions"}],"predecessor-version":[{"id":72572,"href":"https:\/\/www.visitklagenfurt.at\/de\/wp-json\/wp\/v2\/posts\/49180\/revisions\/72572"}],"wp:featuredmedia":[{"embeddable":true,"href":"https:\/\/www.visitklagenfurt.at\/de\/wp-json\/wp\/v2\/media\/49524"}],"wp:attachment":[{"href":"https:\/\/www.visitklagenfurt.at\/de\/wp-json\/wp\/v2\/media?parent=49180"}],"wp:term":[{"taxonomy":"category","embeddable":true,"href":"https:\/\/www.visitklagenfurt.at\/de\/wp-json\/wp\/v2\/categories?post=49180"},{"taxonomy":"post_tag","embeddable":true,"href":"https:\/\/www.visitklagenfurt.at\/de\/wp-json\/wp\/v2\/tags?post=49180"}],"curies":[{"name":"wp","href":"https:\/\/api.w.org\/{rel}","templated":true}]}}