{"id":49697,"date":"2023-03-20T08:00:00","date_gmt":"2023-03-20T07:00:00","guid":{"rendered":"https:\/\/www.visitklagenfurt.at\/?p=49697"},"modified":"2024-06-18T10:43:30","modified_gmt":"2024-06-18T08:43:30","slug":"literaturstadt-klagenfurt-auf-den-spuren-von-robert-musil","status":"publish","type":"post","link":"https:\/\/www.visitklagenfurt.at\/de\/blog\/kultur-festivals\/literaturstadt-klagenfurt-auf-den-spuren-von-robert-musil\/","title":{"rendered":"Auf den Spuren von Robert Musil in Klagenfurt am W\u00f6rthersee"},"content":{"rendered":"\n<p>Gemeinsam mit Dr. Heimo Strempfl, dem Leiter des <a href=\"https:\/\/www.musilmuseum.at\/\">Robert-Musil-Literatur-Museums<\/a>, begeben wir uns auf die Spuren des gro\u00dfen Literaten und dessen Beziehung zur Landeshauptstadt Klagenfurt.<\/p>\n\n\n\n<p>Robert Musils Roman &#8222;Der Mann ohne Eigenschaften&#8220; wurde zum Inbegriff der modernen Literatur schlechthin und ist weit \u00fcber den deutschen Sprachraum hinaus bekannt und rezitiert.<\/p>\n\n\n\n<h2 class=\"wp-block-heading\" id=\"h-ein-geburtiger-klagenfurter\">Ein geb\u00fcrtiger Klagenfurter<\/h2>\n\n\n\n<blockquote class=\"wp-block-quote is-layout-flow wp-block-quote-is-layout-flow\">\n<p><em>\u201eIch bin am &#8230; geboren, was nicht jeder von sich behaupten kann. Auch der Ort war ungew\u00f6hnlich: Kl. in K.; verh\u00e4ltnism\u00e4\u00dfig wenig Menschen kommen dort zur Welt. In gewissem Sinn deutet sich in beidem schon meine Zukunft an.\u201c<\/em><\/p>\n<cite>Robert Musil: Tageb\u00fccher, Rowohlt<\/cite><\/blockquote>\n\n\n\n<p>Als Robert Musil am <strong>6. November 1880 in der Klagenfurter Bahnhofstra\u00dfe<\/strong> das Licht der Welt erblickte, war ihm seine sp\u00e4tere Bedeutung als einer der wichtigsten Autoren des 20. Jahrhunderts keineswegs vorherbestimmt.&nbsp;<\/p>\n\n\n\n<p>Als Sohn eines Ingenieurs und sp\u00e4teren Hochschulprofessors war f\u00fcr ihn wohl eher eine technische Karriere oder eine in der Armee vorgesehen, jedoch nicht in Klagenfurt. Denn bereits Musils fr\u00fchen Jahre waren gepr\u00e4gt von vielen Ortswechseln. Von Klagenfurt nach B\u00f6hmen, dann nach Steyr, Br\u00fcnn\/Brno und Wien. Das sollte sich bis in seine sp\u00e4ten Jahre fortsetzen.<\/p>\n\n\n\n<p>W\u00e4hrend seiner Zeit an <strong>Milit\u00e4rrealschulen<\/strong>, die er bald zugunsten eines Maschinenbaustudiums abbrechen sollte, machte er jene pr\u00e4genden Erfahrungen, die er sp\u00e4ter in seinem autobiographisch gef\u00e4rbten Deb\u00fctroman &#8222;Die Verwirrungen des Z\u00f6glings T\u00f6rle\u00df&#8220; literarisch verarbeitete.<\/p>\n\n\n\n<p>Darin beschreibt Musil die Pubert\u00e4t von f\u00fcnf Internatssch\u00fclern, die gepr\u00e4gt ist von <strong>autorit\u00e4ren Zw\u00e4ngen, Gewalt und intensiver Selbstfindung<\/strong>. Als der Roman 1906 erschien, waren konflikttr\u00e4chtige Trag\u00f6dien jugendlicher Helden \u00e4u\u00dferst in Mode und so wurde der &#8222;T\u00f6rle\u00df&#8220; zu einem \u00fcberragenden Erfolg und der Autor \u00fcber Nacht ber\u00fchmt.<\/p>\n\n\n\n<p>Doch daran konnte der Schriftsteller mit seinen nachfolgenden Publikationen nicht ankn\u00fcpfen. Er ver\u00f6ffentlichte mehrere Erz\u00e4hlungen und Novellen, die allesamt hinter den Erwartungen \u2013 auch seinen eigenen \u2013 zur\u00fcckblieben. In dieser Zeit lernte er auch seine sp\u00e4tere Frau Martha Marcovaldi kennen, die ihm bis an sein Lebensende zur Seite stehen sollte.<\/p>\n\n\n\n<h2 class=\"wp-block-heading\" id=\"h-vom-rand-der-bedeutungslosigkeit-zum-weltliteraten\">Vom Rand der Bedeutungslosigkeit zum Weltliteraten<\/h2>\n\n\n\n<p>Nach Anstellungen als Bibliothekar und Redakteur in Wien trat Robert Musil zu Beginn des Ersten Weltkriegs voller Kriegseuphorie wieder der Armee bei und war in den Dolomiten und an der Isonzofront stationiert, bevor er in Bozen die Redaktion der Tiroler Soldaten-Zeitung \u00fcbernahm.&nbsp;<\/p>\n\n\n\n<p>Auf das Kriegsende folgte Ern\u00fcchterung und Musil stand vor den Tr\u00fcmmern seiner Existenz. Als Autor fand er zu dieser Zeit wenig Beachtung. Seit seinem Erstlingsroman sind \u00fcber zw\u00f6lf Jahre vergangen, fast ebenso lange wird er f\u00fcr seinen zweiten ben\u00f6tigen. In diesen Jahren verdingte sich Musil als Theaterkritiker und vollendete mit &#8222;Die Schw\u00e4rmer&#8220; ein eigenes, vor Jahren konzipiertes Theaterst\u00fcck, das von m\u00e4\u00dfigem Erfolg gekr\u00f6nt war.<\/p>\n\n\n\n<p>Erst im Laufe der 1920er Jahre fand sein literarisches Schaffen wieder vermehrt Anklang. In dieser Zeit begann Robert Musil an seinem Monumentalwerk &#8222;Der Mann ohne Eigenschaften&#8220; zu arbeiten, dessen hochgelobter erster Band 1930 erschien.\u00a0<\/p>\n\n\n\n<p>Darin beschreibt er auf vielen Ebenen die in den letzten Z\u00fcgen liegende K. u. K. Monarchie, f\u00fcr die Musil den Begriff &#8222;Kakanien&#8220; ersann. Wie alle seine Werke ist auch &#8222;Der Mann ohne Eigenschaften&#8220; stark autobiographisch gepr\u00e4gt und beschreibt mit formaler Raffinesse und Ironie die Gesellschaft rund um die Hauptfigur Ulrich, dem jede Richtung im Leben abhanden gekommen zu sein scheint.<\/p>\n\n\n\n<p>Musil versuchte nichts weniger, als ein vollumf\u00e4ngliches Bewusstseinspanorama jener Zeit zu schaffen. Das Opus Magnum aber blieb nach Ver\u00f6ffentlichung eines zweiten Bandes letztlich unvollendet und Musil als Autor sank zunehmend in die Bedeutungslosigkeit ab, bevor er 1942 verarmt im freiwilligen Exil in Genf verstarb.<\/p>\n\n\n\n<p>Erst in den 1950er Jahren wurde dem Roman wieder erh\u00f6hte Aufmerksamkeit zu Teil und die Literaturwissenschaft erkannte die im wahrsten Sinne unbeschreibliche Tiefe in die Musil mit seinem Roman vorzudringen versuchte. &#8222;Der Mann ohne Eigenschaften&#8220; gilt heute als eines der bedeutendsten Werke der Moderne und geh\u00f6rt, wie Robert Musil selbst, zum Kanon der Weltliteratur.<\/p>\n\n\n\n<h2 class=\"wp-block-heading\" id=\"h-was-von-robert-musil-blieb\">Was von Robert Musil blieb<\/h2>\n\n\n\n<p>Musils bewegte Biographie l\u00e4sst es schon erahnen: Lange blieb er nicht in Klagenfurt. Gerade einmal elf Monate lebte der sp\u00e4tere Weltautor als S\u00e4ugling in der Stadt am W\u00f6rthersee. Auch auf seinen sp\u00e4teren Reisen verschlug es ihn nie mehr hierher, das verraten seine Tageb\u00fccher, die 1983 von Adolf Fris\u00e9 im Rowohlt Verlag herausgegeben wurden.<\/p>\n\n\n\n<p>Was also bleibt von Robert Musil, in der Stadt seiner Geburt, die er niemals wirklich erlebt hat? In seinem literarischen Werk jedenfalls finden sich kaum Bez\u00fcge oder Referenzen, die Klagenfurt assoziieren lie\u00dfen. Bleibt also nur der Blick auf die Stadt selbst.<\/p>\n\n\n\n<p>Da gibt es zum Beispiel die <strong>Robert-Musil-Stra\u00dfe<\/strong>, von der abzweigend die Grillparzerstra\u00dfe, wie eine Allegorie auf Musils unvollendetes Mammutwerk, in eine Sackgasse m\u00fcndet. Besagter Stra\u00dfenzug befindet sich abseits des Stadtzentrums, auf halbem Weg zum Flughafen und verl\u00e4uft parallel zur Durchla\u00dfstra\u00dfe, in der Ingeborg Bachmann geboren wurde und ihre ersten sieben Lebensjahre verbrachte.<\/p>\n\n\n\n<p>Die bedeutendste Reminiszenz auf Robert Musil ist aber<strong> sein Geburtshaus in der Bahnhofstra\u00dfe<\/strong> Nummer 50. Das \u00e4u\u00dferlich gr\u00f6\u00dftenteils unver\u00e4nderte Gr\u00fcnderzeithaus er\u00f6ffnet zu linker Hand vom Hauptbahnhof her kommend die Bahnhofstra\u00dfe, und ist heute ob seiner kunstvoll gestalteten S\u00fcdfassade ein Blickfang, dem sich nicht nur ankommende Zugreisende schwerlich verwehren k\u00f6nnen.<\/p>\n\n\n\n<figure class=\"wp-block-gallery has-nested-images columns-default is-cropped wp-block-gallery-1 is-layout-flex wp-block-gallery-is-layout-flex\">\n<figure class=\"wp-block-image size-large\"><img fetchpriority=\"high\" decoding=\"async\" width=\"1020\" height=\"688\" data-id=\"45613\" src=\"https:\/\/www.visitklagenfurt.at\/wp-content\/uploads\/2022\/10\/Musil_Museum_169_Foto_Anja_Koppitsch.jpg\" alt=\"Robert Musils Geburtshaus in der Bahnhofstra\u00dfe\" class=\"wp-image-45613\"\/><figcaption class=\"wp-element-caption\">(c) Anja Koppitsch<\/figcaption><\/figure>\n<\/figure>\n\n\n\n<h2 class=\"wp-block-heading\" id=\"h-das-musil-haus\">Das Musil-Haus<\/h2>\n\n\n\n<p>1867 erbaut ist das Haus heute ein Zentrum der Literatur und einer der wichtigsten Erinnerungsorte an den namensgebenden Schriftsteller, der hier vor gut 140 Jahren zur Welt gekommen ist.&nbsp;<\/p>\n\n\n\n<p>Das Parterre des Hauses beheimatet seit 1997 mit dem<strong> Robert-Musil-Literatur-Museum<\/strong> das einzige Ausstellungshaus weltweit, das sich umfassend dem Wirken Robert Musils widmet.&nbsp;<\/p>\n\n\n\n<p>Die Dauerausstellung &#8222;Ins Ungewisse hinsteuern&#8220; beinhaltet Teile aus dem pers\u00f6nlichen Nachlass, darunter die erhalten gebliebenen Reisekoffer des Ehepaars Musil. Die Originalobjekte, Dokumente, Fotos und nat\u00fcrlich Erstausgaben seiner beiden Romane werden in einen abstrakten Kontext gestellt und so versucht, die Stationen aus Musils Lebensreise nachzuzeichnen.<\/p>\n\n\n\n<p>Zwei weitere Ausstellungen sind den beiden K\u00e4rntner Autorinnen Ingeborg Bachmann und Christine Lavant gewidmet.<\/p>\n\n\n\n<p>Im ersten Stock des Musil-Hauses befindet sich das<strong> Robert-Musil-Institut f\u00fcr Literaturforschung<\/strong>, das als Au\u00dfenstelle der Universit\u00e4t Klagenfurt die Literatur- und Kulturgeschichte K\u00e4rntens im Kontext des Alpen-Adria-Raums erforscht. Im angeschlossenen K\u00e4rntner Literaturarchiv werden dar\u00fcber hinaus Nachl\u00e4sse und Artefakte K\u00e4rntner Autorinnen und Autoren archiviert und im Rahmen der Literaturforschung systematisch aufgearbeitet. Weiters sind die IG Autorinnen Autoren K\u00e4rnten sowie die Grazer AutorInnen Versammlung in diesem Hause angesiedelt.<\/p>\n\n\n\n<figure class=\"wp-block-gallery has-nested-images columns-default is-cropped wp-block-gallery-2 is-layout-flex wp-block-gallery-is-layout-flex\">\n<figure class=\"wp-block-image size-full\"><img decoding=\"async\" width=\"1000\" height=\"666\" data-id=\"37194\" src=\"https:\/\/www.visitklagenfurt.at\/wp-content\/uploads\/2022\/05\/17.-Mai-2022-45.jpg\" alt=\"Lesung der Stipendiaten und Stipendiatinnen (c) Musil Museum in Klagenfurt\" class=\"wp-image-37194\"\/><figcaption class=\"wp-element-caption\">(c) Musilmuseum<\/figcaption><\/figure>\n<\/figure>\n\n\n\n<p>Das Musil-Haus ist dadurch zu einem lebendigen Ort der literarischen Begegnung geworden, in dem Werk und Leben Robert Musils, neben jenen anderer wichtiger Autorinnen und Autoren mit Bezug zu K\u00e4rnten, allgegenw\u00e4rtig sind. In der \u2013 ebenfalls einzigartigen \u2013 Literaturlounge des Museums trifft man sich regelm\u00e4\u00dfig zum literarischen Austausch und die frei zug\u00e4ngliche B\u00fccherwand macht Lust auf neue poetische Abenteuer.&nbsp;<\/p>\n\n\n\n<p>Dieser moderne Umgang mit Literatur und seinen Akteuren ist auch visuell von au\u00dfen un\u00fcbersehbar: nirgends sonst sind Autorinnen und Autoren in dieser Gr\u00f6\u00dfe auf das Portal des Museumseingangs gesprayt worden, noch dazu von Jef A\u00e9rosol, einem Star der Internationalen Street-Art-Szene, der das Haus damit zu einer un\u00fcbersehbaren Landmarke in Klagenfurt gemacht hat.<\/p>\n\n\n\n<h2 class=\"wp-block-heading\" id=\"h-das-musil-haus-im-kunstlerischen-alltag\">Das Musil-Haus im k\u00fcnstlerischen Alltag<\/h2>\n\n\n\n<p>Als der franz\u00f6sische Regisseur und Schauspieler Mathieu Amalric (u.a. \u201eEin Quantum Trost\u201c) im Herbst 2022 seinen neuen Film &#8222;Zorn III&#8220; auf der VIENNALE in Wien pr\u00e4sentierte, nutzte er seinen \u00d6sterreich-Aufenthalt f\u00fcr eine Reise nach Klagenfurt.\u00a0<\/p>\n\n\n\n<p>Seit vielen Jahren besch\u00e4ftigt sich Amalric mit der wunderbaren Literaturwelt Robert Musils und er lie\u00df es sich nicht nehmen, nach Klagenfurt zu kommen, um sich hier mit Walter Fanta, dem Herausgeber der Werkausgabe, zu treffen und sich mit ihm \u00fcber den \u201eMann ohne Eigenschaften\u201c auszutauschen.&nbsp;<\/p>\n\n\n\n<p>Sp\u00e4testens nach diesem Besuch, bei dem er auch den Bruder von Ingeborg Bachmann, Dr. Heinz Bachmann getroffen hat, stellt Klagenfurt durch Robert Musil nun einen Fixpunkt auf der &#8222;kulturellen Landkarte&#8220; dieses international t\u00e4tigen Filmstars dar.<\/p>\n\n\n\n<p>Wenn auch nicht im grellen Rampenlicht, steht das Musil-Museum w\u00e4hrend der Klagenfurter <a href=\"https:\/\/bachmannpreis.orf.at\/\">Tage der deutschsprachigen Literatur<\/a> doch auch im Blickfeld der internationalen Literatur\u00f6ffentlichkeit. Denn hier findet j\u00e4hrlich im Vorfeld des<strong> Bachmann Preises<\/strong> der Klagenfurter Literaturkurs statt, bei dem junge Autorinnen und Autoren eine Woche lange von renommierten Tutoren aus dem Literaturbetrieb begleitet, die ihre Texte kritisch betrachten und Anregungen zum kreativen Schreibprozess und die poetische Ausgestaltung geben.<\/p>\n\n\n\n<p>Neben diesem Sondertermin finden im Musil-Haus regelm\u00e4\u00dfig diverse <a href=\"https:\/\/www.musilmuseum.at\/termine-1.html\">Literaturveranstaltungen<\/a> statt, oft mit Musikbegleitung, manchmal spielerisch, aber immerzu zeitgem\u00e4\u00df und vielseitig.&nbsp;<\/p>\n\n\n\n<figure class=\"wp-block-gallery has-nested-images columns-default is-cropped wp-block-gallery-3 is-layout-flex wp-block-gallery-is-layout-flex\">\n<figure class=\"wp-block-image size-large\"><img decoding=\"async\" width=\"2048\" height=\"1364\" data-id=\"51040\" src=\"https:\/\/www.visitklagenfurt.at\/wp-content\/uploads\/2023\/03\/liTONale_cDieterResei.jpg\" alt=\"Lesung im Musil-Haus in Klagenfurt am W\u00f6rthersee\" class=\"wp-image-51040\"\/><figcaption class=\"wp-element-caption\">(c) Dieter Resei<\/figcaption><\/figure>\n<\/figure>\n\n\n\n<h2 class=\"wp-block-heading\" id=\"h-ein-fixpunkt-fur-literatur-in-klagenfurt\">Ein Fixpunkt f\u00fcr Literatur in Klagenfurt<\/h2>\n\n\n\n<p>Das Verm\u00e4chtnis Robert Musil in Klagenfurt, ist also weit mehr als der Tagebucheintrag &#8222;Kl. In K.&#8220; oder ein Stra\u00dfenname in der vorst\u00e4dtischen Wohnsiedlung. Im Namen Robert Musils hat sich eines der wichtigsten Literaturzentren K\u00e4rntens entwickelt, das sich sowohl der Archivierung und musealen Befassung als auch der erfrischend zeitgem\u00e4\u00dfen Auseinandersetzung mit Literatur und ihren Akteurinnen und Akteuren widmet. Das macht das Musil-Haus zum Fixpunkt f\u00fcr alle Literaturfans in Klagenfurt!<\/p>\n","protected":false},"excerpt":{"rendered":"<p>Klagenfurt und die deutschsprachige Literatur haben ein besonders enges Verh\u00e4ltnis zueinander. Es wird hier am W\u00f6rthersee allj\u00e4hrlich nicht nur einer der wichtigsten Literaturpreise im deutschsprachigen Raum verliehen &#8211; der Bachmannpreis. Nein, K\u00e4rnten hat zahlreiche Literatinnen und Literaten hervorgebracht oder inspiriert, von denen einige sogar Einzug in die Weltliteratur gehalten haben.<\/p>\n","protected":false},"author":27,"featured_media":51034,"comment_status":"closed","ping_status":"closed","sticky":false,"template":"","format":"standard","meta":{"footnotes":""},"categories":[15],"tags":[41],"class_list":["post-49697","post","type-post","status-publish","format-standard","has-post-thumbnail","hentry","category-kultur-festivals","tag-kultur-und-festivals"],"yoast_head":"<!-- This site is optimized with the Yoast SEO plugin v27.3 - https:\/\/yoast.com\/product\/yoast-seo-wordpress\/ -->\n<title>Auf den Spuren von Musil - Literaturstadt Klagenfurt | visitklagenfurt<\/title>\n<meta name=\"description\" content=\"Gemeinsam mit Dr. Heimo Strempfl, Leiter des Robert-Musil-Literatur-Museums, begeben wir uns auf die Spuren von Robert Musil in Klagenfurt.\" \/>\n<meta name=\"robots\" content=\"index, follow, max-snippet:-1, max-image-preview:large, max-video-preview:-1\" \/>\n<link rel=\"canonical\" href=\"https:\/\/www.visitklagenfurt.at\/de\/blog\/kultur-festivals\/literaturstadt-klagenfurt-auf-den-spuren-von-robert-musil\/\" \/>\n<meta property=\"og:locale\" content=\"de_DE\" \/>\n<meta property=\"og:type\" content=\"article\" \/>\n<meta property=\"og:title\" content=\"Auf den Spuren von Robert Musil in Klagenfurt am W\u00f6rthersee | visitklagenfurt\" \/>\n<meta property=\"og:description\" content=\"Gemeinsam mit Dr. Heimo Strempfl, Leiter des Robert-Musil-Literatur-Museums, begeben wir uns auf die Spuren von Robert Musil in Klagenfurt.\" \/>\n<meta property=\"og:url\" content=\"https:\/\/www.visitklagenfurt.at\/de\/blog\/kultur-festivals\/literaturstadt-klagenfurt-auf-den-spuren-von-robert-musil\/\" \/>\n<meta property=\"og:site_name\" content=\"visitklagenfurt\" \/>\n<meta property=\"article:published_time\" content=\"2023-03-20T07:00:00+00:00\" \/>\n<meta property=\"article:modified_time\" content=\"2024-06-18T08:43:30+00:00\" \/>\n<meta property=\"og:image\" content=\"https:\/\/www.visitklagenfurt.at\/wp-content\/uploads\/2023\/03\/Portal-Musil-Museum-c-Dieter-Resei.jpg\" \/>\n\t<meta property=\"og:image:width\" content=\"2048\" \/>\n\t<meta property=\"og:image:height\" content=\"1365\" \/>\n\t<meta property=\"og:image:type\" content=\"image\/jpeg\" \/>\n<meta name=\"author\" content=\"Simon Martinschitz\" \/>\n<meta name=\"twitter:card\" content=\"summary_large_image\" \/>\n<meta name=\"twitter:label1\" content=\"Verfasst von\" \/>\n\t<meta name=\"twitter:data1\" content=\"Simon Martinschitz\" \/>\n\t<meta name=\"twitter:label2\" content=\"Gesch\u00e4tzte Lesezeit\" \/>\n\t<meta name=\"twitter:data2\" content=\"9\u00a0Minuten\" \/>\n<script type=\"application\/ld+json\" class=\"yoast-schema-graph\">{\"@context\":\"https:\\\/\\\/schema.org\",\"@graph\":[{\"@type\":\"Article\",\"@id\":\"https:\\\/\\\/www.visitklagenfurt.at\\\/de\\\/blog\\\/kultur-festivals\\\/literaturstadt-klagenfurt-auf-den-spuren-von-robert-musil\\\/#article\",\"isPartOf\":{\"@id\":\"https:\\\/\\\/www.visitklagenfurt.at\\\/de\\\/blog\\\/kultur-festivals\\\/literaturstadt-klagenfurt-auf-den-spuren-von-robert-musil\\\/\"},\"author\":{\"name\":\"Simon Martinschitz\",\"@id\":\"https:\\\/\\\/www.visitklagenfurt.at\\\/de\\\/#\\\/schema\\\/person\\\/7a9c6bc8d10c35a61c7a91c28742c063\"},\"headline\":\"Auf den Spuren von Robert Musil in Klagenfurt am W\u00f6rthersee\",\"datePublished\":\"2023-03-20T07:00:00+00:00\",\"dateModified\":\"2024-06-18T08:43:30+00:00\",\"mainEntityOfPage\":{\"@id\":\"https:\\\/\\\/www.visitklagenfurt.at\\\/de\\\/blog\\\/kultur-festivals\\\/literaturstadt-klagenfurt-auf-den-spuren-von-robert-musil\\\/\"},\"wordCount\":1510,\"publisher\":{\"@id\":\"https:\\\/\\\/www.visitklagenfurt.at\\\/de\\\/#organization\"},\"image\":{\"@id\":\"https:\\\/\\\/www.visitklagenfurt.at\\\/de\\\/blog\\\/kultur-festivals\\\/literaturstadt-klagenfurt-auf-den-spuren-von-robert-musil\\\/#primaryimage\"},\"thumbnailUrl\":\"https:\\\/\\\/www.visitklagenfurt.at\\\/wp-content\\\/uploads\\\/2023\\\/03\\\/Portal-Musil-Museum-c-Dieter-Resei.jpg\",\"keywords\":[\"Kultur &amp; Festivals\"],\"articleSection\":[\"Kultur &amp; Festivals\"],\"inLanguage\":\"de\"},{\"@type\":\"WebPage\",\"@id\":\"https:\\\/\\\/www.visitklagenfurt.at\\\/de\\\/blog\\\/kultur-festivals\\\/literaturstadt-klagenfurt-auf-den-spuren-von-robert-musil\\\/\",\"url\":\"https:\\\/\\\/www.visitklagenfurt.at\\\/de\\\/blog\\\/kultur-festivals\\\/literaturstadt-klagenfurt-auf-den-spuren-von-robert-musil\\\/\",\"name\":\"Auf den Spuren von Musil - Literaturstadt Klagenfurt | visitklagenfurt\",\"isPartOf\":{\"@id\":\"https:\\\/\\\/www.visitklagenfurt.at\\\/de\\\/#website\"},\"primaryImageOfPage\":{\"@id\":\"https:\\\/\\\/www.visitklagenfurt.at\\\/de\\\/blog\\\/kultur-festivals\\\/literaturstadt-klagenfurt-auf-den-spuren-von-robert-musil\\\/#primaryimage\"},\"image\":{\"@id\":\"https:\\\/\\\/www.visitklagenfurt.at\\\/de\\\/blog\\\/kultur-festivals\\\/literaturstadt-klagenfurt-auf-den-spuren-von-robert-musil\\\/#primaryimage\"},\"thumbnailUrl\":\"https:\\\/\\\/www.visitklagenfurt.at\\\/wp-content\\\/uploads\\\/2023\\\/03\\\/Portal-Musil-Museum-c-Dieter-Resei.jpg\",\"datePublished\":\"2023-03-20T07:00:00+00:00\",\"dateModified\":\"2024-06-18T08:43:30+00:00\",\"description\":\"Gemeinsam mit Dr. Heimo Strempfl, Leiter des Robert-Musil-Literatur-Museums, begeben wir uns auf die Spuren von Robert Musil in Klagenfurt.\",\"breadcrumb\":{\"@id\":\"https:\\\/\\\/www.visitklagenfurt.at\\\/de\\\/blog\\\/kultur-festivals\\\/literaturstadt-klagenfurt-auf-den-spuren-von-robert-musil\\\/#breadcrumb\"},\"inLanguage\":\"de\",\"potentialAction\":[{\"@type\":\"ReadAction\",\"target\":[\"https:\\\/\\\/www.visitklagenfurt.at\\\/de\\\/blog\\\/kultur-festivals\\\/literaturstadt-klagenfurt-auf-den-spuren-von-robert-musil\\\/\"]}]},{\"@type\":\"ImageObject\",\"inLanguage\":\"de\",\"@id\":\"https:\\\/\\\/www.visitklagenfurt.at\\\/de\\\/blog\\\/kultur-festivals\\\/literaturstadt-klagenfurt-auf-den-spuren-von-robert-musil\\\/#primaryimage\",\"url\":\"https:\\\/\\\/www.visitklagenfurt.at\\\/wp-content\\\/uploads\\\/2023\\\/03\\\/Portal-Musil-Museum-c-Dieter-Resei.jpg\",\"contentUrl\":\"https:\\\/\\\/www.visitklagenfurt.at\\\/wp-content\\\/uploads\\\/2023\\\/03\\\/Portal-Musil-Museum-c-Dieter-Resei.jpg\",\"width\":2048,\"height\":1365,\"caption\":\"(c) Dieter Resei\"},{\"@type\":\"BreadcrumbList\",\"@id\":\"https:\\\/\\\/www.visitklagenfurt.at\\\/de\\\/blog\\\/kultur-festivals\\\/literaturstadt-klagenfurt-auf-den-spuren-von-robert-musil\\\/#breadcrumb\",\"itemListElement\":[{\"@type\":\"ListItem\",\"position\":1,\"name\":\"visitklagenfurt\",\"item\":\"https:\\\/\\\/www.visitklagenfurt.at\\\/de\\\/\"},{\"@type\":\"ListItem\",\"position\":2,\"name\":\"Blog\",\"item\":\"https:\\\/\\\/www.visitklagenfurt.at\\\/de\\\/category\\\/blog\\\/\"},{\"@type\":\"ListItem\",\"position\":3,\"name\":\"Kultur &amp; Festivals\",\"item\":\"https:\\\/\\\/www.visitklagenfurt.at\\\/de\\\/category\\\/blog\\\/kultur-festivals\\\/\"},{\"@type\":\"ListItem\",\"position\":4,\"name\":\"Auf den Spuren von Robert Musil in Klagenfurt am W\u00f6rthersee\"}]},{\"@type\":\"WebSite\",\"@id\":\"https:\\\/\\\/www.visitklagenfurt.at\\\/de\\\/#website\",\"url\":\"https:\\\/\\\/www.visitklagenfurt.at\\\/de\\\/\",\"name\":\"visitklagenfurt\",\"description\":\"\",\"publisher\":{\"@id\":\"https:\\\/\\\/www.visitklagenfurt.at\\\/de\\\/#organization\"},\"potentialAction\":[{\"@type\":\"SearchAction\",\"target\":{\"@type\":\"EntryPoint\",\"urlTemplate\":\"https:\\\/\\\/www.visitklagenfurt.at\\\/de\\\/?s={search_term_string}\"},\"query-input\":{\"@type\":\"PropertyValueSpecification\",\"valueRequired\":true,\"valueName\":\"search_term_string\"}}],\"inLanguage\":\"de\"},{\"@type\":\"Organization\",\"@id\":\"https:\\\/\\\/www.visitklagenfurt.at\\\/de\\\/#organization\",\"name\":\"Tourismus Region Klagenfurt am W\u00f6rthersee GmbH\",\"url\":\"https:\\\/\\\/www.visitklagenfurt.at\\\/de\\\/\",\"logo\":{\"@type\":\"ImageObject\",\"inLanguage\":\"de\",\"@id\":\"https:\\\/\\\/www.visitklagenfurt.at\\\/de\\\/#\\\/schema\\\/logo\\\/image\\\/\",\"url\":\"https:\\\/\\\/www.visitklagenfurt.at\\\/wp-content\\\/uploads\\\/2022\\\/03\\\/DT_K_Klagenfurt_S_RGB.png\",\"contentUrl\":\"https:\\\/\\\/www.visitklagenfurt.at\\\/wp-content\\\/uploads\\\/2022\\\/03\\\/DT_K_Klagenfurt_S_RGB.png\",\"width\":2082,\"height\":1511,\"caption\":\"Tourismus Region Klagenfurt am W\u00f6rthersee GmbH\"},\"image\":{\"@id\":\"https:\\\/\\\/www.visitklagenfurt.at\\\/de\\\/#\\\/schema\\\/logo\\\/image\\\/\"}},{\"@type\":\"Person\",\"@id\":\"https:\\\/\\\/www.visitklagenfurt.at\\\/de\\\/#\\\/schema\\\/person\\\/7a9c6bc8d10c35a61c7a91c28742c063\",\"name\":\"Simon Martinschitz\",\"image\":{\"@type\":\"ImageObject\",\"inLanguage\":\"de\",\"@id\":\"https:\\\/\\\/www.visitklagenfurt.at\\\/wp-content\\\/uploads\\\/2021\\\/05\\\/simon_martinschitz.jpg\",\"url\":\"https:\\\/\\\/www.visitklagenfurt.at\\\/wp-content\\\/uploads\\\/2021\\\/05\\\/simon_martinschitz.jpg\",\"contentUrl\":\"https:\\\/\\\/www.visitklagenfurt.at\\\/wp-content\\\/uploads\\\/2021\\\/05\\\/simon_martinschitz.jpg\",\"caption\":\"Simon Martinschitz\"},\"description\":\"Geboren in Villach, aufgewachsen im Gailtal. Zwischen Bachforellen &amp; Haselnussstauden. Studium der Kulturwissenschaften in Klagenfurt, Bilbao und Florenz. Zwischen kritischer Theorie &amp; Aperitivo. Texter und Kulturarbeiter in der freien K\u00e4rntner Szene. Zwischen Front Page &amp; Back Stage. Wortjongleur. Schauspieler. Musiker. Und \u00fcberzeugter Europ\u00e4er. Mit einer Schw\u00e4che f\u00fcr Brettljausen und Pintxos. Zwischen denen ich mich nicht entscheiden m\u00fcssen m\u00f6chte.\",\"sameAs\":[\"https:\\\/\\\/martinschitz.at\\\/\"],\"url\":\"https:\\\/\\\/www.visitklagenfurt.at\\\/de\\\/author\\\/simon_martinschitz\\\/\"}]}<\/script>\n<!-- \/ Yoast SEO plugin. -->","yoast_head_json":{"title":"Auf den Spuren von Musil - Literaturstadt Klagenfurt | visitklagenfurt","description":"Gemeinsam mit Dr. Heimo Strempfl, Leiter des Robert-Musil-Literatur-Museums, begeben wir uns auf die Spuren von Robert Musil in Klagenfurt.","robots":{"index":"index","follow":"follow","max-snippet":"max-snippet:-1","max-image-preview":"max-image-preview:large","max-video-preview":"max-video-preview:-1"},"canonical":"https:\/\/www.visitklagenfurt.at\/de\/blog\/kultur-festivals\/literaturstadt-klagenfurt-auf-den-spuren-von-robert-musil\/","og_locale":"de_DE","og_type":"article","og_title":"Auf den Spuren von Robert Musil in Klagenfurt am W\u00f6rthersee | visitklagenfurt","og_description":"Gemeinsam mit Dr. Heimo Strempfl, Leiter des Robert-Musil-Literatur-Museums, begeben wir uns auf die Spuren von Robert Musil in Klagenfurt.","og_url":"https:\/\/www.visitklagenfurt.at\/de\/blog\/kultur-festivals\/literaturstadt-klagenfurt-auf-den-spuren-von-robert-musil\/","og_site_name":"visitklagenfurt","article_published_time":"2023-03-20T07:00:00+00:00","article_modified_time":"2024-06-18T08:43:30+00:00","og_image":[{"width":2048,"height":1365,"url":"https:\/\/www.visitklagenfurt.at\/wp-content\/uploads\/2023\/03\/Portal-Musil-Museum-c-Dieter-Resei.jpg","type":"image\/jpeg"}],"author":"Simon Martinschitz","twitter_card":"summary_large_image","twitter_misc":{"Verfasst von":"Simon Martinschitz","Gesch\u00e4tzte Lesezeit":"9\u00a0Minuten"},"schema":{"@context":"https:\/\/schema.org","@graph":[{"@type":"Article","@id":"https:\/\/www.visitklagenfurt.at\/de\/blog\/kultur-festivals\/literaturstadt-klagenfurt-auf-den-spuren-von-robert-musil\/#article","isPartOf":{"@id":"https:\/\/www.visitklagenfurt.at\/de\/blog\/kultur-festivals\/literaturstadt-klagenfurt-auf-den-spuren-von-robert-musil\/"},"author":{"name":"Simon Martinschitz","@id":"https:\/\/www.visitklagenfurt.at\/de\/#\/schema\/person\/7a9c6bc8d10c35a61c7a91c28742c063"},"headline":"Auf den Spuren von Robert Musil in Klagenfurt am W\u00f6rthersee","datePublished":"2023-03-20T07:00:00+00:00","dateModified":"2024-06-18T08:43:30+00:00","mainEntityOfPage":{"@id":"https:\/\/www.visitklagenfurt.at\/de\/blog\/kultur-festivals\/literaturstadt-klagenfurt-auf-den-spuren-von-robert-musil\/"},"wordCount":1510,"publisher":{"@id":"https:\/\/www.visitklagenfurt.at\/de\/#organization"},"image":{"@id":"https:\/\/www.visitklagenfurt.at\/de\/blog\/kultur-festivals\/literaturstadt-klagenfurt-auf-den-spuren-von-robert-musil\/#primaryimage"},"thumbnailUrl":"https:\/\/www.visitklagenfurt.at\/wp-content\/uploads\/2023\/03\/Portal-Musil-Museum-c-Dieter-Resei.jpg","keywords":["Kultur &amp; Festivals"],"articleSection":["Kultur &amp; Festivals"],"inLanguage":"de"},{"@type":"WebPage","@id":"https:\/\/www.visitklagenfurt.at\/de\/blog\/kultur-festivals\/literaturstadt-klagenfurt-auf-den-spuren-von-robert-musil\/","url":"https:\/\/www.visitklagenfurt.at\/de\/blog\/kultur-festivals\/literaturstadt-klagenfurt-auf-den-spuren-von-robert-musil\/","name":"Auf den Spuren von Musil - Literaturstadt Klagenfurt | visitklagenfurt","isPartOf":{"@id":"https:\/\/www.visitklagenfurt.at\/de\/#website"},"primaryImageOfPage":{"@id":"https:\/\/www.visitklagenfurt.at\/de\/blog\/kultur-festivals\/literaturstadt-klagenfurt-auf-den-spuren-von-robert-musil\/#primaryimage"},"image":{"@id":"https:\/\/www.visitklagenfurt.at\/de\/blog\/kultur-festivals\/literaturstadt-klagenfurt-auf-den-spuren-von-robert-musil\/#primaryimage"},"thumbnailUrl":"https:\/\/www.visitklagenfurt.at\/wp-content\/uploads\/2023\/03\/Portal-Musil-Museum-c-Dieter-Resei.jpg","datePublished":"2023-03-20T07:00:00+00:00","dateModified":"2024-06-18T08:43:30+00:00","description":"Gemeinsam mit Dr. Heimo Strempfl, Leiter des Robert-Musil-Literatur-Museums, begeben wir uns auf die Spuren von Robert Musil in Klagenfurt.","breadcrumb":{"@id":"https:\/\/www.visitklagenfurt.at\/de\/blog\/kultur-festivals\/literaturstadt-klagenfurt-auf-den-spuren-von-robert-musil\/#breadcrumb"},"inLanguage":"de","potentialAction":[{"@type":"ReadAction","target":["https:\/\/www.visitklagenfurt.at\/de\/blog\/kultur-festivals\/literaturstadt-klagenfurt-auf-den-spuren-von-robert-musil\/"]}]},{"@type":"ImageObject","inLanguage":"de","@id":"https:\/\/www.visitklagenfurt.at\/de\/blog\/kultur-festivals\/literaturstadt-klagenfurt-auf-den-spuren-von-robert-musil\/#primaryimage","url":"https:\/\/www.visitklagenfurt.at\/wp-content\/uploads\/2023\/03\/Portal-Musil-Museum-c-Dieter-Resei.jpg","contentUrl":"https:\/\/www.visitklagenfurt.at\/wp-content\/uploads\/2023\/03\/Portal-Musil-Museum-c-Dieter-Resei.jpg","width":2048,"height":1365,"caption":"(c) Dieter Resei"},{"@type":"BreadcrumbList","@id":"https:\/\/www.visitklagenfurt.at\/de\/blog\/kultur-festivals\/literaturstadt-klagenfurt-auf-den-spuren-von-robert-musil\/#breadcrumb","itemListElement":[{"@type":"ListItem","position":1,"name":"visitklagenfurt","item":"https:\/\/www.visitklagenfurt.at\/de\/"},{"@type":"ListItem","position":2,"name":"Blog","item":"https:\/\/www.visitklagenfurt.at\/de\/category\/blog\/"},{"@type":"ListItem","position":3,"name":"Kultur &amp; Festivals","item":"https:\/\/www.visitklagenfurt.at\/de\/category\/blog\/kultur-festivals\/"},{"@type":"ListItem","position":4,"name":"Auf den Spuren von Robert Musil in Klagenfurt am W\u00f6rthersee"}]},{"@type":"WebSite","@id":"https:\/\/www.visitklagenfurt.at\/de\/#website","url":"https:\/\/www.visitklagenfurt.at\/de\/","name":"visitklagenfurt","description":"","publisher":{"@id":"https:\/\/www.visitklagenfurt.at\/de\/#organization"},"potentialAction":[{"@type":"SearchAction","target":{"@type":"EntryPoint","urlTemplate":"https:\/\/www.visitklagenfurt.at\/de\/?s={search_term_string}"},"query-input":{"@type":"PropertyValueSpecification","valueRequired":true,"valueName":"search_term_string"}}],"inLanguage":"de"},{"@type":"Organization","@id":"https:\/\/www.visitklagenfurt.at\/de\/#organization","name":"Tourismus Region Klagenfurt am W\u00f6rthersee GmbH","url":"https:\/\/www.visitklagenfurt.at\/de\/","logo":{"@type":"ImageObject","inLanguage":"de","@id":"https:\/\/www.visitklagenfurt.at\/de\/#\/schema\/logo\/image\/","url":"https:\/\/www.visitklagenfurt.at\/wp-content\/uploads\/2022\/03\/DT_K_Klagenfurt_S_RGB.png","contentUrl":"https:\/\/www.visitklagenfurt.at\/wp-content\/uploads\/2022\/03\/DT_K_Klagenfurt_S_RGB.png","width":2082,"height":1511,"caption":"Tourismus Region Klagenfurt am W\u00f6rthersee GmbH"},"image":{"@id":"https:\/\/www.visitklagenfurt.at\/de\/#\/schema\/logo\/image\/"}},{"@type":"Person","@id":"https:\/\/www.visitklagenfurt.at\/de\/#\/schema\/person\/7a9c6bc8d10c35a61c7a91c28742c063","name":"Simon Martinschitz","image":{"@type":"ImageObject","inLanguage":"de","@id":"https:\/\/www.visitklagenfurt.at\/wp-content\/uploads\/2021\/05\/simon_martinschitz.jpg","url":"https:\/\/www.visitklagenfurt.at\/wp-content\/uploads\/2021\/05\/simon_martinschitz.jpg","contentUrl":"https:\/\/www.visitklagenfurt.at\/wp-content\/uploads\/2021\/05\/simon_martinschitz.jpg","caption":"Simon Martinschitz"},"description":"Geboren in Villach, aufgewachsen im Gailtal. Zwischen Bachforellen &amp; Haselnussstauden. Studium der Kulturwissenschaften in Klagenfurt, Bilbao und Florenz. Zwischen kritischer Theorie &amp; Aperitivo. Texter und Kulturarbeiter in der freien K\u00e4rntner Szene. Zwischen Front Page &amp; Back Stage. Wortjongleur. Schauspieler. Musiker. Und \u00fcberzeugter Europ\u00e4er. Mit einer Schw\u00e4che f\u00fcr Brettljausen und Pintxos. Zwischen denen ich mich nicht entscheiden m\u00fcssen m\u00f6chte.","sameAs":["https:\/\/martinschitz.at\/"],"url":"https:\/\/www.visitklagenfurt.at\/de\/author\/simon_martinschitz\/"}]}},"_links":{"self":[{"href":"https:\/\/www.visitklagenfurt.at\/de\/wp-json\/wp\/v2\/posts\/49697","targetHints":{"allow":["GET"]}}],"collection":[{"href":"https:\/\/www.visitklagenfurt.at\/de\/wp-json\/wp\/v2\/posts"}],"about":[{"href":"https:\/\/www.visitklagenfurt.at\/de\/wp-json\/wp\/v2\/types\/post"}],"author":[{"embeddable":true,"href":"https:\/\/www.visitklagenfurt.at\/de\/wp-json\/wp\/v2\/users\/27"}],"replies":[{"embeddable":true,"href":"https:\/\/www.visitklagenfurt.at\/de\/wp-json\/wp\/v2\/comments?post=49697"}],"version-history":[{"count":22,"href":"https:\/\/www.visitklagenfurt.at\/de\/wp-json\/wp\/v2\/posts\/49697\/revisions"}],"predecessor-version":[{"id":65420,"href":"https:\/\/www.visitklagenfurt.at\/de\/wp-json\/wp\/v2\/posts\/49697\/revisions\/65420"}],"wp:featuredmedia":[{"embeddable":true,"href":"https:\/\/www.visitklagenfurt.at\/de\/wp-json\/wp\/v2\/media\/51034"}],"wp:attachment":[{"href":"https:\/\/www.visitklagenfurt.at\/de\/wp-json\/wp\/v2\/media?parent=49697"}],"wp:term":[{"taxonomy":"category","embeddable":true,"href":"https:\/\/www.visitklagenfurt.at\/de\/wp-json\/wp\/v2\/categories?post=49697"},{"taxonomy":"post_tag","embeddable":true,"href":"https:\/\/www.visitklagenfurt.at\/de\/wp-json\/wp\/v2\/tags?post=49697"}],"curies":[{"name":"wp","href":"https:\/\/api.w.org\/{rel}","templated":true}]}}