{"id":50550,"date":"2023-03-06T12:49:30","date_gmt":"2023-03-06T11:49:30","guid":{"rendered":"https:\/\/www.visitklagenfurt.at\/?p=50550"},"modified":"2024-06-05T22:59:57","modified_gmt":"2024-06-05T20:59:57","slug":"programm-urban-echo-2024","status":"publish","type":"post","link":"https:\/\/www.visitklagenfurt.at\/de\/urban-echo\/programm-urban-echo-2024\/","title":{"rendered":"Programm Urban Echo 2024"},"content":{"rendered":"\n<p>Aus den freit\u00e4glichen Viertelt\u00f6nen wurde das Urban Echo \u2013 jeden Mittwoch! Start ist am 5. Juni und das vielf\u00e4ltige Programm l\u00e4uft bis zum 24. Juli 2024 und zwar jeweils von 19 bis 22 Uhr am Kardinalplatz in Klagenfurt.<\/p>\n\n\n\n<p>Bei freiem Eintritt er\u00f6ffnet gleich am ersten Abend<a href=\"https:\/\/www.djaro.at\/\"> <\/a><strong><a href=\"https:\/\/www.djaro.at\/\">Djaro &amp; die anonymen Melancholiker<\/a> <\/strong>mit ihren deutschsprachigen Chansons zwischen Gesellschaftskritik &amp; Liebeslied.<\/p>\n\n\n\n<p>Zus\u00e4tzlich zu Musik von Pop \u00fcber Hip Hop bis Funk, Soul und Jazz gibt es k\u00fchle Drinks und Streetfood, um sich einfach einen feinen Abend im&nbsp;<strong>urbansten Gr\u00fcnraum der Stadt&nbsp;<\/strong>zu machen.<\/p>\n\n\n\n[add_eventon_list number_of_months=&#8220;4&#8243; show_et_ft_img=&#8217;yes&#8216; hide_empty_months=&#8220;yes&#8220; search=&#8220;yes&#8220; ux_val=&#8220;3&#8243; exp_so=&#8220;yes&#8220; event_type_2=&#8220;750&#8243;]\n<style type=\"text\/css\">\n   .evo_filter_bar { display: none !important}\n   .evo_sortList_event_type { display: none !important}\n   .evo_sortList_event_type_3 { display: none !important}\n   .evo_sortList_event_type_4 { display: none !important}\n<\/style>\n","protected":false},"excerpt":{"rendered":"<p>Wenn die letzten Sommerstrahlen \u00fcber die D\u00e4cher ziehen und sich der Himmel violett f\u00e4rbt, erklingt ein urbanes Echo. URBAN ECHO findet 2024 zum zweiten Mal am Kardinalplatz in Klagenfurt statt! Es ist ein Event, das urbanes Flair in die Innenstadt bringt und die Stadt belebt.<\/p>\n","protected":false},"author":2,"featured_media":50573,"comment_status":"closed","ping_status":"closed","sticky":false,"template":"","format":"standard","meta":{"footnotes":""},"categories":[749],"tags":[41,199],"class_list":["post-50550","post","type-post","status-publish","format-standard","has-post-thumbnail","hentry","category-urban-echo","tag-kultur-und-festivals","tag-lendhafen-lendkanal"],"yoast_head":"<!-- This site is optimized with the Yoast SEO plugin v27.5 - https:\/\/yoast.com\/product\/yoast-seo-wordpress\/ -->\n<title>Programm Urban Echo 2024 | visitklagenfurt<\/title>\n<meta name=\"description\" content=\"URBAN ECHO findet 2024 zum zweiten Mal am Kardinalplatz in Klagenfurt statt! Es ist ein Erlebnis, das urbanen Flair sp\u00fcrbar macht.\" \/>\n<meta name=\"robots\" content=\"index, follow, max-snippet:-1, max-image-preview:large, max-video-preview:-1\" \/>\n<link rel=\"canonical\" href=\"https:\/\/www.visitklagenfurt.at\/de\/urban-echo\/programm-urban-echo-2024\/\" \/>\n<meta property=\"og:locale\" content=\"de_DE\" \/>\n<meta property=\"og:type\" content=\"article\" \/>\n<meta property=\"og:title\" content=\"Programm Urban Echo 2024 | visitklagenfurt\" \/>\n<meta property=\"og:description\" content=\"URBAN ECHO findet 2024 zum zweiten Mal am Kardinalplatz in Klagenfurt statt! Es ist ein Erlebnis, das urbanen Flair sp\u00fcrbar macht.\" \/>\n<meta property=\"og:url\" content=\"https:\/\/www.visitklagenfurt.at\/de\/urban-echo\/programm-urban-echo-2024\/\" \/>\n<meta property=\"og:site_name\" content=\"visitklagenfurt\" \/>\n<meta property=\"article:published_time\" content=\"2023-03-06T11:49:30+00:00\" \/>\n<meta property=\"article:modified_time\" content=\"2024-06-05T20:59:57+00:00\" \/>\n<meta property=\"og:image\" content=\"https:\/\/www.visitklagenfurt.at\/wp-content\/uploads\/2023\/03\/P6173967-1.jpg\" \/>\n\t<meta property=\"og:image:width\" content=\"2048\" \/>\n\t<meta property=\"og:image:height\" content=\"1365\" \/>\n\t<meta property=\"og:image:type\" content=\"image\/jpeg\" \/>\n<meta name=\"author\" content=\"Patrick Olschan\" \/>\n<meta name=\"twitter:card\" content=\"summary_large_image\" \/>\n<meta name=\"twitter:label1\" content=\"Verfasst von\" \/>\n\t<meta name=\"twitter:data1\" content=\"Patrick Olschan\" \/>\n\t<meta name=\"twitter:label2\" content=\"Gesch\u00e4tzte Lesezeit\" \/>\n\t<meta name=\"twitter:data2\" content=\"1\u00a0Minute\" \/>\n<script type=\"application\/ld+json\" class=\"yoast-schema-graph\">{\"@context\":\"https:\\\/\\\/schema.org\",\"@graph\":[{\"@type\":\"Article\",\"@id\":\"https:\\\/\\\/www.visitklagenfurt.at\\\/de\\\/urban-echo\\\/programm-urban-echo-2024\\\/#article\",\"isPartOf\":{\"@id\":\"https:\\\/\\\/www.visitklagenfurt.at\\\/de\\\/urban-echo\\\/programm-urban-echo-2024\\\/\"},\"author\":{\"name\":\"Patrick Olschan\",\"@id\":\"https:\\\/\\\/www.visitklagenfurt.at\\\/de\\\/#\\\/schema\\\/person\\\/c8ba0d71d004886a192f83e88c0e8151\"},\"headline\":\"Programm Urban Echo 2024\",\"datePublished\":\"2023-03-06T11:49:30+00:00\",\"dateModified\":\"2024-06-05T20:59:57+00:00\",\"mainEntityOfPage\":{\"@id\":\"https:\\\/\\\/www.visitklagenfurt.at\\\/de\\\/urban-echo\\\/programm-urban-echo-2024\\\/\"},\"wordCount\":122,\"publisher\":{\"@id\":\"https:\\\/\\\/www.visitklagenfurt.at\\\/de\\\/#organization\"},\"image\":{\"@id\":\"https:\\\/\\\/www.visitklagenfurt.at\\\/de\\\/urban-echo\\\/programm-urban-echo-2024\\\/#primaryimage\"},\"thumbnailUrl\":\"https:\\\/\\\/www.visitklagenfurt.at\\\/wp-content\\\/uploads\\\/2023\\\/03\\\/P6173967-1.jpg\",\"keywords\":[\"Kultur &amp; Festivals\",\"Lendhafen &amp; Lendkanal\"],\"articleSection\":[\"Urban Echo\"],\"inLanguage\":\"de\"},{\"@type\":\"WebPage\",\"@id\":\"https:\\\/\\\/www.visitklagenfurt.at\\\/de\\\/urban-echo\\\/programm-urban-echo-2024\\\/\",\"url\":\"https:\\\/\\\/www.visitklagenfurt.at\\\/de\\\/urban-echo\\\/programm-urban-echo-2024\\\/\",\"name\":\"Programm Urban Echo 2024 | visitklagenfurt\",\"isPartOf\":{\"@id\":\"https:\\\/\\\/www.visitklagenfurt.at\\\/de\\\/#website\"},\"primaryImageOfPage\":{\"@id\":\"https:\\\/\\\/www.visitklagenfurt.at\\\/de\\\/urban-echo\\\/programm-urban-echo-2024\\\/#primaryimage\"},\"image\":{\"@id\":\"https:\\\/\\\/www.visitklagenfurt.at\\\/de\\\/urban-echo\\\/programm-urban-echo-2024\\\/#primaryimage\"},\"thumbnailUrl\":\"https:\\\/\\\/www.visitklagenfurt.at\\\/wp-content\\\/uploads\\\/2023\\\/03\\\/P6173967-1.jpg\",\"datePublished\":\"2023-03-06T11:49:30+00:00\",\"dateModified\":\"2024-06-05T20:59:57+00:00\",\"description\":\"URBAN ECHO findet 2024 zum zweiten Mal am Kardinalplatz in Klagenfurt statt! Es ist ein Erlebnis, das urbanen Flair sp\u00fcrbar macht.\",\"breadcrumb\":{\"@id\":\"https:\\\/\\\/www.visitklagenfurt.at\\\/de\\\/urban-echo\\\/programm-urban-echo-2024\\\/#breadcrumb\"},\"inLanguage\":\"de\",\"potentialAction\":[{\"@type\":\"ReadAction\",\"target\":[\"https:\\\/\\\/www.visitklagenfurt.at\\\/de\\\/urban-echo\\\/programm-urban-echo-2024\\\/\"]}]},{\"@type\":\"ImageObject\",\"inLanguage\":\"de\",\"@id\":\"https:\\\/\\\/www.visitklagenfurt.at\\\/de\\\/urban-echo\\\/programm-urban-echo-2024\\\/#primaryimage\",\"url\":\"https:\\\/\\\/www.visitklagenfurt.at\\\/wp-content\\\/uploads\\\/2023\\\/03\\\/P6173967-1.jpg\",\"contentUrl\":\"https:\\\/\\\/www.visitklagenfurt.at\\\/wp-content\\\/uploads\\\/2023\\\/03\\\/P6173967-1.jpg\",\"width\":2048,\"height\":1365,\"caption\":\"OLYMPUS DIGITAL CAMERA\"},{\"@type\":\"BreadcrumbList\",\"@id\":\"https:\\\/\\\/www.visitklagenfurt.at\\\/de\\\/urban-echo\\\/programm-urban-echo-2024\\\/#breadcrumb\",\"itemListElement\":[{\"@type\":\"ListItem\",\"position\":1,\"name\":\"visitklagenfurt\",\"item\":\"https:\\\/\\\/www.visitklagenfurt.at\\\/de\\\/\"},{\"@type\":\"ListItem\",\"position\":2,\"name\":\"Urban Echo\",\"item\":\"https:\\\/\\\/www.visitklagenfurt.at\\\/de\\\/category\\\/urban-echo\\\/\"},{\"@type\":\"ListItem\",\"position\":3,\"name\":\"Programm Urban Echo 2024\"}]},{\"@type\":\"WebSite\",\"@id\":\"https:\\\/\\\/www.visitklagenfurt.at\\\/de\\\/#website\",\"url\":\"https:\\\/\\\/www.visitklagenfurt.at\\\/de\\\/\",\"name\":\"visitklagenfurt\",\"description\":\"\",\"publisher\":{\"@id\":\"https:\\\/\\\/www.visitklagenfurt.at\\\/de\\\/#organization\"},\"potentialAction\":[{\"@type\":\"SearchAction\",\"target\":{\"@type\":\"EntryPoint\",\"urlTemplate\":\"https:\\\/\\\/www.visitklagenfurt.at\\\/de\\\/?s={search_term_string}\"},\"query-input\":{\"@type\":\"PropertyValueSpecification\",\"valueRequired\":true,\"valueName\":\"search_term_string\"}}],\"inLanguage\":\"de\"},{\"@type\":\"Organization\",\"@id\":\"https:\\\/\\\/www.visitklagenfurt.at\\\/de\\\/#organization\",\"name\":\"Tourismus Region Klagenfurt am W\u00f6rthersee GmbH\",\"url\":\"https:\\\/\\\/www.visitklagenfurt.at\\\/de\\\/\",\"logo\":{\"@type\":\"ImageObject\",\"inLanguage\":\"de\",\"@id\":\"https:\\\/\\\/www.visitklagenfurt.at\\\/de\\\/#\\\/schema\\\/logo\\\/image\\\/\",\"url\":\"https:\\\/\\\/www.visitklagenfurt.at\\\/wp-content\\\/uploads\\\/2022\\\/03\\\/DT_K_Klagenfurt_S_RGB.png\",\"contentUrl\":\"https:\\\/\\\/www.visitklagenfurt.at\\\/wp-content\\\/uploads\\\/2022\\\/03\\\/DT_K_Klagenfurt_S_RGB.png\",\"width\":2082,\"height\":1511,\"caption\":\"Tourismus Region Klagenfurt am W\u00f6rthersee GmbH\"},\"image\":{\"@id\":\"https:\\\/\\\/www.visitklagenfurt.at\\\/de\\\/#\\\/schema\\\/logo\\\/image\\\/\"}},{\"@type\":\"Person\",\"@id\":\"https:\\\/\\\/www.visitklagenfurt.at\\\/de\\\/#\\\/schema\\\/person\\\/c8ba0d71d004886a192f83e88c0e8151\",\"name\":\"Patrick Olschan\",\"image\":{\"@type\":\"ImageObject\",\"inLanguage\":\"de\",\"@id\":\"https:\\\/\\\/secure.gravatar.com\\\/avatar\\\/7fb0b3baba107582a6c9ac220f3c1e8e7359ef26e8e8bdd6537e5450f7c78d6f?s=96&d=mm&r=g\",\"url\":\"https:\\\/\\\/secure.gravatar.com\\\/avatar\\\/7fb0b3baba107582a6c9ac220f3c1e8e7359ef26e8e8bdd6537e5450f7c78d6f?s=96&d=mm&r=g\",\"contentUrl\":\"https:\\\/\\\/secure.gravatar.com\\\/avatar\\\/7fb0b3baba107582a6c9ac220f3c1e8e7359ef26e8e8bdd6537e5450f7c78d6f?s=96&d=mm&r=g\",\"caption\":\"Patrick Olschan\"},\"description\":\"Lorem ipsum dolor sit amet, consetetur sadipscing elitr, sed diam nonumy eirmod tempor invidunt ut labore et dolore magna aliquyam erat, sed diam voluptua. At vero eos et accusam et justo duo dolores et ea rebum. Stet clita kasd gubergren, no sea takimata sanctus est Lorem ipsum dolor sit amet. Lorem ipsum dolor sit amet, consetetur sadipscing elitr, sed diam nonumy eirmod tempor invidunt ut labore et dolore magna aliquyam erat, sed diam voluptua. At vero eos et accusam et justo duo dolores et ea rebum. Stet clita kasd gubergren, no sea takimata sanctus est Lorem ipsum dolor sit amet.\",\"url\":\"https:\\\/\\\/www.visitklagenfurt.at\\\/de\\\/author\\\/progressio\\\/\"}]}<\/script>\n<!-- \/ Yoast SEO plugin. -->","yoast_head_json":{"title":"Programm Urban Echo 2024 | visitklagenfurt","description":"URBAN ECHO findet 2024 zum zweiten Mal am Kardinalplatz in Klagenfurt statt! Es ist ein Erlebnis, das urbanen Flair sp\u00fcrbar macht.","robots":{"index":"index","follow":"follow","max-snippet":"max-snippet:-1","max-image-preview":"max-image-preview:large","max-video-preview":"max-video-preview:-1"},"canonical":"https:\/\/www.visitklagenfurt.at\/de\/urban-echo\/programm-urban-echo-2024\/","og_locale":"de_DE","og_type":"article","og_title":"Programm Urban Echo 2024 | visitklagenfurt","og_description":"URBAN ECHO findet 2024 zum zweiten Mal am Kardinalplatz in Klagenfurt statt! Es ist ein Erlebnis, das urbanen Flair sp\u00fcrbar macht.","og_url":"https:\/\/www.visitklagenfurt.at\/de\/urban-echo\/programm-urban-echo-2024\/","og_site_name":"visitklagenfurt","article_published_time":"2023-03-06T11:49:30+00:00","article_modified_time":"2024-06-05T20:59:57+00:00","og_image":[{"width":2048,"height":1365,"url":"https:\/\/www.visitklagenfurt.at\/wp-content\/uploads\/2023\/03\/P6173967-1.jpg","type":"image\/jpeg"}],"author":"Patrick Olschan","twitter_card":"summary_large_image","twitter_misc":{"Verfasst von":"Patrick Olschan","Gesch\u00e4tzte Lesezeit":"1\u00a0Minute"},"schema":{"@context":"https:\/\/schema.org","@graph":[{"@type":"Article","@id":"https:\/\/www.visitklagenfurt.at\/de\/urban-echo\/programm-urban-echo-2024\/#article","isPartOf":{"@id":"https:\/\/www.visitklagenfurt.at\/de\/urban-echo\/programm-urban-echo-2024\/"},"author":{"name":"Patrick Olschan","@id":"https:\/\/www.visitklagenfurt.at\/de\/#\/schema\/person\/c8ba0d71d004886a192f83e88c0e8151"},"headline":"Programm Urban Echo 2024","datePublished":"2023-03-06T11:49:30+00:00","dateModified":"2024-06-05T20:59:57+00:00","mainEntityOfPage":{"@id":"https:\/\/www.visitklagenfurt.at\/de\/urban-echo\/programm-urban-echo-2024\/"},"wordCount":122,"publisher":{"@id":"https:\/\/www.visitklagenfurt.at\/de\/#organization"},"image":{"@id":"https:\/\/www.visitklagenfurt.at\/de\/urban-echo\/programm-urban-echo-2024\/#primaryimage"},"thumbnailUrl":"https:\/\/www.visitklagenfurt.at\/wp-content\/uploads\/2023\/03\/P6173967-1.jpg","keywords":["Kultur &amp; Festivals","Lendhafen &amp; Lendkanal"],"articleSection":["Urban Echo"],"inLanguage":"de"},{"@type":"WebPage","@id":"https:\/\/www.visitklagenfurt.at\/de\/urban-echo\/programm-urban-echo-2024\/","url":"https:\/\/www.visitklagenfurt.at\/de\/urban-echo\/programm-urban-echo-2024\/","name":"Programm Urban Echo 2024 | visitklagenfurt","isPartOf":{"@id":"https:\/\/www.visitklagenfurt.at\/de\/#website"},"primaryImageOfPage":{"@id":"https:\/\/www.visitklagenfurt.at\/de\/urban-echo\/programm-urban-echo-2024\/#primaryimage"},"image":{"@id":"https:\/\/www.visitklagenfurt.at\/de\/urban-echo\/programm-urban-echo-2024\/#primaryimage"},"thumbnailUrl":"https:\/\/www.visitklagenfurt.at\/wp-content\/uploads\/2023\/03\/P6173967-1.jpg","datePublished":"2023-03-06T11:49:30+00:00","dateModified":"2024-06-05T20:59:57+00:00","description":"URBAN ECHO findet 2024 zum zweiten Mal am Kardinalplatz in Klagenfurt statt! Es ist ein Erlebnis, das urbanen Flair sp\u00fcrbar macht.","breadcrumb":{"@id":"https:\/\/www.visitklagenfurt.at\/de\/urban-echo\/programm-urban-echo-2024\/#breadcrumb"},"inLanguage":"de","potentialAction":[{"@type":"ReadAction","target":["https:\/\/www.visitklagenfurt.at\/de\/urban-echo\/programm-urban-echo-2024\/"]}]},{"@type":"ImageObject","inLanguage":"de","@id":"https:\/\/www.visitklagenfurt.at\/de\/urban-echo\/programm-urban-echo-2024\/#primaryimage","url":"https:\/\/www.visitklagenfurt.at\/wp-content\/uploads\/2023\/03\/P6173967-1.jpg","contentUrl":"https:\/\/www.visitklagenfurt.at\/wp-content\/uploads\/2023\/03\/P6173967-1.jpg","width":2048,"height":1365,"caption":"OLYMPUS DIGITAL CAMERA"},{"@type":"BreadcrumbList","@id":"https:\/\/www.visitklagenfurt.at\/de\/urban-echo\/programm-urban-echo-2024\/#breadcrumb","itemListElement":[{"@type":"ListItem","position":1,"name":"visitklagenfurt","item":"https:\/\/www.visitklagenfurt.at\/de\/"},{"@type":"ListItem","position":2,"name":"Urban Echo","item":"https:\/\/www.visitklagenfurt.at\/de\/category\/urban-echo\/"},{"@type":"ListItem","position":3,"name":"Programm Urban Echo 2024"}]},{"@type":"WebSite","@id":"https:\/\/www.visitklagenfurt.at\/de\/#website","url":"https:\/\/www.visitklagenfurt.at\/de\/","name":"visitklagenfurt","description":"","publisher":{"@id":"https:\/\/www.visitklagenfurt.at\/de\/#organization"},"potentialAction":[{"@type":"SearchAction","target":{"@type":"EntryPoint","urlTemplate":"https:\/\/www.visitklagenfurt.at\/de\/?s={search_term_string}"},"query-input":{"@type":"PropertyValueSpecification","valueRequired":true,"valueName":"search_term_string"}}],"inLanguage":"de"},{"@type":"Organization","@id":"https:\/\/www.visitklagenfurt.at\/de\/#organization","name":"Tourismus Region Klagenfurt am W\u00f6rthersee GmbH","url":"https:\/\/www.visitklagenfurt.at\/de\/","logo":{"@type":"ImageObject","inLanguage":"de","@id":"https:\/\/www.visitklagenfurt.at\/de\/#\/schema\/logo\/image\/","url":"https:\/\/www.visitklagenfurt.at\/wp-content\/uploads\/2022\/03\/DT_K_Klagenfurt_S_RGB.png","contentUrl":"https:\/\/www.visitklagenfurt.at\/wp-content\/uploads\/2022\/03\/DT_K_Klagenfurt_S_RGB.png","width":2082,"height":1511,"caption":"Tourismus Region Klagenfurt am W\u00f6rthersee GmbH"},"image":{"@id":"https:\/\/www.visitklagenfurt.at\/de\/#\/schema\/logo\/image\/"}},{"@type":"Person","@id":"https:\/\/www.visitklagenfurt.at\/de\/#\/schema\/person\/c8ba0d71d004886a192f83e88c0e8151","name":"Patrick Olschan","image":{"@type":"ImageObject","inLanguage":"de","@id":"https:\/\/secure.gravatar.com\/avatar\/7fb0b3baba107582a6c9ac220f3c1e8e7359ef26e8e8bdd6537e5450f7c78d6f?s=96&d=mm&r=g","url":"https:\/\/secure.gravatar.com\/avatar\/7fb0b3baba107582a6c9ac220f3c1e8e7359ef26e8e8bdd6537e5450f7c78d6f?s=96&d=mm&r=g","contentUrl":"https:\/\/secure.gravatar.com\/avatar\/7fb0b3baba107582a6c9ac220f3c1e8e7359ef26e8e8bdd6537e5450f7c78d6f?s=96&d=mm&r=g","caption":"Patrick Olschan"},"description":"Lorem ipsum dolor sit amet, consetetur sadipscing elitr, sed diam nonumy eirmod tempor invidunt ut labore et dolore magna aliquyam erat, sed diam voluptua. At vero eos et accusam et justo duo dolores et ea rebum. Stet clita kasd gubergren, no sea takimata sanctus est Lorem ipsum dolor sit amet. Lorem ipsum dolor sit amet, consetetur sadipscing elitr, sed diam nonumy eirmod tempor invidunt ut labore et dolore magna aliquyam erat, sed diam voluptua. At vero eos et accusam et justo duo dolores et ea rebum. Stet clita kasd gubergren, no sea takimata sanctus est Lorem ipsum dolor sit amet.","url":"https:\/\/www.visitklagenfurt.at\/de\/author\/progressio\/"}]}},"_links":{"self":[{"href":"https:\/\/www.visitklagenfurt.at\/de\/wp-json\/wp\/v2\/posts\/50550","targetHints":{"allow":["GET"]}}],"collection":[{"href":"https:\/\/www.visitklagenfurt.at\/de\/wp-json\/wp\/v2\/posts"}],"about":[{"href":"https:\/\/www.visitklagenfurt.at\/de\/wp-json\/wp\/v2\/types\/post"}],"author":[{"embeddable":true,"href":"https:\/\/www.visitklagenfurt.at\/de\/wp-json\/wp\/v2\/users\/2"}],"replies":[{"embeddable":true,"href":"https:\/\/www.visitklagenfurt.at\/de\/wp-json\/wp\/v2\/comments?post=50550"}],"version-history":[{"count":26,"href":"https:\/\/www.visitklagenfurt.at\/de\/wp-json\/wp\/v2\/posts\/50550\/revisions"}],"predecessor-version":[{"id":64694,"href":"https:\/\/www.visitklagenfurt.at\/de\/wp-json\/wp\/v2\/posts\/50550\/revisions\/64694"}],"wp:featuredmedia":[{"embeddable":true,"href":"https:\/\/www.visitklagenfurt.at\/de\/wp-json\/wp\/v2\/media\/50573"}],"wp:attachment":[{"href":"https:\/\/www.visitklagenfurt.at\/de\/wp-json\/wp\/v2\/media?parent=50550"}],"wp:term":[{"taxonomy":"category","embeddable":true,"href":"https:\/\/www.visitklagenfurt.at\/de\/wp-json\/wp\/v2\/categories?post=50550"},{"taxonomy":"post_tag","embeddable":true,"href":"https:\/\/www.visitklagenfurt.at\/de\/wp-json\/wp\/v2\/tags?post=50550"}],"curies":[{"name":"wp","href":"https:\/\/api.w.org\/{rel}","templated":true}]}}