{"id":5155,"date":"2021-02-01T14:48:30","date_gmt":"2021-02-01T13:48:30","guid":{"rendered":"http:\/\/blog.visitklagenfurt.at\/?p=5155"},"modified":"2024-07-15T17:22:21","modified_gmt":"2024-07-15T15:22:21","slug":"stadtfuehrung-altstadtwandern","status":"publish","type":"post","link":"https:\/\/www.visitklagenfurt.at\/de\/sehenswertes-und-ausfluege\/stadtfuehrungen\/stadtfuehrung-altstadtwandern\/","title":{"rendered":"Altstadtwanderung"},"content":{"rendered":"\n<p>Dabei bieten die Guides viel mehr als nur einen einfachen Stadtrundgang. Sie sind Geschichtenerz\u00e4hler, Insider, Architekturkenner, Kunsthistoriker, Feinschmecker &#8211; echte Tausendsassa.&nbsp;<\/p>\n\n\n\n<p>Zusammen mit einem unserer Guides entdeckt ihr<strong> jeden Freitag und Samstag<\/strong> die sch\u00f6nsten Wahrzeichen und Pl\u00e4tze der Stadt!&nbsp;Die Tour f\u00fchrt vorbei an den <strong>markantesten Pl\u00e4tzen und wichtigsten Sehensw\u00fcrdigkeiten <\/strong>der Klagenfurter Altstadt. <\/p>\n\n\n\n<p>Angefangen von der Geschichte Klagenfurts, bis zu den au\u00dfergew\u00f6hnlichsten Geb\u00e4uden und Sehensw\u00fcrdigkeiten der Stadt. Hier ist f\u00fcr jeden etwas dabei. Auch auf die eine oder andere Sage wird man dort und da sto\u00dfen. Dass der T\u00fcrmer des Stadtpfarrturms mit seinem Ruf die Toten des Friedhofes in St. Ruprecht geweckt haben soll, ist nur eine davon.<\/p>\n\n\n\n<p><strong>Termine:<\/strong> Freitag und Samstag um 10 Uhr, Mittwoch 10 Uhr (Juli und August)<br><strong>Treffpunkt:<\/strong> Dr.-Arthur-Lemisch-Platz, 9020 Klagenfurt am W\u00f6rthersee<br><strong>Preis:<\/strong> \u20ac 10,- f\u00fcr Erwachsene, Kinder bis 12 Jahre sind gratis, Erwachsene mit <a href=\"https:\/\/www.visitklagenfurt.at\/de\/services\/woerthersee-pluscard\/\">W\u00f6rthersee Plus Card<\/a> gratis<br><strong>Online buchen<\/strong>:&nbsp;<a href=\"https:\/\/www.visitklagenfurt.at\/de\/planen-und-buchen\/erlebnisse\/themenfuehrungen\/#\/erlebnisse\/KTN\/bed8dc48-5977-4065-8418-df51fcd6fa13\/altstadtwanderung\">www.visitklagenfurt.at\/erlebnisse<\/a><br><br>F\u00fcr Gruppen und Sondertermine bitten wir um Voranmeldung!<\/p>\n\n\n\n<p><strong>Kontakt<\/strong><br>Tourismusinformation Klagenfurt am W\u00f6rthersee<br>Adresse: Neuer Platz 5, 9020 Klagenfurt am W\u00f6rthersee<br>Telefon: <a href=\"telto:+43463287463\">+43-463-287-463<\/a><br>E-Mail: <a href=\"mailto:info@visitklagenfurt.at\">info@visitklagenfurt.at<\/a><\/p>\n","protected":false},"excerpt":{"rendered":"<p>Kaum jemand kennt Klagenfurt am W\u00f6rthersee so gut wie die gepr\u00fcften Fremdenf\u00fchrer. Wer also glaubt, schon alles \u00fcber die Stadt zu wissen, sollte unbedingt die eine oder andere Tour wagen. Es lohnt sich! <\/p>\n","protected":false},"author":31,"featured_media":5196,"comment_status":"open","ping_status":"open","sticky":false,"template":"","format":"standard","meta":{"footnotes":""},"categories":[173],"tags":[206],"class_list":["post-5155","post","type-post","status-publish","format-standard","has-post-thumbnail","hentry","category-stadtfuehrungen","tag-stadtfuehrungen"],"yoast_head":"<!-- This site is optimized with the Yoast SEO plugin v27.3 - https:\/\/yoast.com\/product\/yoast-seo-wordpress\/ -->\n<title>Altstadtwanderung durch Klagenfurt | visitklagenfurt<\/title>\n<meta name=\"description\" content=\"Entdecke die sch\u00f6nsten Innenh\u00f6fe, Denkm\u00e4ler &amp; historischen Bauten der Klagenfurter Altstadt \u2713 Termine \u2713 Kosten \u00bb Altstadtwanderung buchen\" \/>\n<meta name=\"robots\" content=\"index, follow, max-snippet:-1, max-image-preview:large, max-video-preview:-1\" \/>\n<link rel=\"canonical\" href=\"https:\/\/www.visitklagenfurt.at\/de\/sehenswertes-und-ausfluege\/stadtfuehrungen\/stadtfuehrung-altstadtwandern\/\" \/>\n<meta property=\"og:locale\" content=\"de_DE\" \/>\n<meta property=\"og:type\" content=\"article\" \/>\n<meta property=\"og:title\" content=\"Altstadtwanderung durch Klagenfurt | visitklagenfurt\" \/>\n<meta property=\"og:description\" content=\"Entdecke die sch\u00f6nsten Innenh\u00f6fe, Denkm\u00e4ler &amp; historischen Bauten der Klagenfurter Altstadt \u2713 Termine \u2713 Kosten \u00bb Altstadtwanderung buchen\" \/>\n<meta property=\"og:url\" content=\"https:\/\/www.visitklagenfurt.at\/de\/sehenswertes-und-ausfluege\/stadtfuehrungen\/stadtfuehrung-altstadtwandern\/\" \/>\n<meta property=\"og:site_name\" content=\"visitklagenfurt\" \/>\n<meta property=\"article:published_time\" content=\"2021-02-01T13:48:30+00:00\" \/>\n<meta property=\"article:modified_time\" content=\"2024-07-15T15:22:21+00:00\" \/>\n<meta property=\"og:image\" content=\"https:\/\/www.visitklagenfurt.at\/wp-content\/uploads\/2021\/02\/gruppen_kultur_fuhrung_altstadt_2014_c-franz_gerdl_87-web.jpeg\" \/>\n\t<meta property=\"og:image:width\" content=\"2048\" \/>\n\t<meta property=\"og:image:height\" content=\"1363\" \/>\n\t<meta property=\"og:image:type\" content=\"image\/jpeg\" \/>\n<meta name=\"author\" content=\"visitklagenfurt\" \/>\n<meta name=\"twitter:card\" content=\"summary_large_image\" \/>\n<meta name=\"twitter:label1\" content=\"Verfasst von\" \/>\n\t<meta name=\"twitter:data1\" content=\"visitklagenfurt\" \/>\n\t<meta name=\"twitter:label2\" content=\"Gesch\u00e4tzte Lesezeit\" \/>\n\t<meta name=\"twitter:data2\" content=\"2\u00a0Minuten\" \/>\n<script type=\"application\/ld+json\" class=\"yoast-schema-graph\">{\"@context\":\"https:\\\/\\\/schema.org\",\"@graph\":[{\"@type\":\"Article\",\"@id\":\"https:\\\/\\\/www.visitklagenfurt.at\\\/de\\\/sehenswertes-und-ausfluege\\\/stadtfuehrungen\\\/stadtfuehrung-altstadtwandern\\\/#article\",\"isPartOf\":{\"@id\":\"https:\\\/\\\/www.visitklagenfurt.at\\\/de\\\/sehenswertes-und-ausfluege\\\/stadtfuehrungen\\\/stadtfuehrung-altstadtwandern\\\/\"},\"author\":{\"name\":\"visitklagenfurt\",\"@id\":\"https:\\\/\\\/www.visitklagenfurt.at\\\/de\\\/#\\\/schema\\\/person\\\/7bc1cce71726d48c458144f55517b2df\"},\"headline\":\"Altstadtwanderung\",\"datePublished\":\"2021-02-01T13:48:30+00:00\",\"dateModified\":\"2024-07-15T15:22:21+00:00\",\"mainEntityOfPage\":{\"@id\":\"https:\\\/\\\/www.visitklagenfurt.at\\\/de\\\/sehenswertes-und-ausfluege\\\/stadtfuehrungen\\\/stadtfuehrung-altstadtwandern\\\/\"},\"wordCount\":194,\"commentCount\":0,\"publisher\":{\"@id\":\"https:\\\/\\\/www.visitklagenfurt.at\\\/de\\\/#organization\"},\"image\":{\"@id\":\"https:\\\/\\\/www.visitklagenfurt.at\\\/de\\\/sehenswertes-und-ausfluege\\\/stadtfuehrungen\\\/stadtfuehrung-altstadtwandern\\\/#primaryimage\"},\"thumbnailUrl\":\"https:\\\/\\\/www.visitklagenfurt.at\\\/wp-content\\\/uploads\\\/2021\\\/02\\\/gruppen_kultur_fuhrung_altstadt_2014_c-franz_gerdl_87-web.jpeg\",\"keywords\":[\"Stadtf\u00fchrungen\"],\"articleSection\":[\"Stadtf\u00fchrungen\"],\"inLanguage\":\"de\",\"potentialAction\":[{\"@type\":\"CommentAction\",\"name\":\"Comment\",\"target\":[\"https:\\\/\\\/www.visitklagenfurt.at\\\/de\\\/sehenswertes-und-ausfluege\\\/stadtfuehrungen\\\/stadtfuehrung-altstadtwandern\\\/#respond\"]}]},{\"@type\":\"WebPage\",\"@id\":\"https:\\\/\\\/www.visitklagenfurt.at\\\/de\\\/sehenswertes-und-ausfluege\\\/stadtfuehrungen\\\/stadtfuehrung-altstadtwandern\\\/\",\"url\":\"https:\\\/\\\/www.visitklagenfurt.at\\\/de\\\/sehenswertes-und-ausfluege\\\/stadtfuehrungen\\\/stadtfuehrung-altstadtwandern\\\/\",\"name\":\"Altstadtwanderung durch Klagenfurt | visitklagenfurt\",\"isPartOf\":{\"@id\":\"https:\\\/\\\/www.visitklagenfurt.at\\\/de\\\/#website\"},\"primaryImageOfPage\":{\"@id\":\"https:\\\/\\\/www.visitklagenfurt.at\\\/de\\\/sehenswertes-und-ausfluege\\\/stadtfuehrungen\\\/stadtfuehrung-altstadtwandern\\\/#primaryimage\"},\"image\":{\"@id\":\"https:\\\/\\\/www.visitklagenfurt.at\\\/de\\\/sehenswertes-und-ausfluege\\\/stadtfuehrungen\\\/stadtfuehrung-altstadtwandern\\\/#primaryimage\"},\"thumbnailUrl\":\"https:\\\/\\\/www.visitklagenfurt.at\\\/wp-content\\\/uploads\\\/2021\\\/02\\\/gruppen_kultur_fuhrung_altstadt_2014_c-franz_gerdl_87-web.jpeg\",\"datePublished\":\"2021-02-01T13:48:30+00:00\",\"dateModified\":\"2024-07-15T15:22:21+00:00\",\"description\":\"Entdecke die sch\u00f6nsten Innenh\u00f6fe, Denkm\u00e4ler & historischen Bauten der Klagenfurter Altstadt \u2713 Termine \u2713 Kosten \u00bb Altstadtwanderung buchen\",\"breadcrumb\":{\"@id\":\"https:\\\/\\\/www.visitklagenfurt.at\\\/de\\\/sehenswertes-und-ausfluege\\\/stadtfuehrungen\\\/stadtfuehrung-altstadtwandern\\\/#breadcrumb\"},\"inLanguage\":\"de\",\"potentialAction\":[{\"@type\":\"ReadAction\",\"target\":[\"https:\\\/\\\/www.visitklagenfurt.at\\\/de\\\/sehenswertes-und-ausfluege\\\/stadtfuehrungen\\\/stadtfuehrung-altstadtwandern\\\/\"]}]},{\"@type\":\"ImageObject\",\"inLanguage\":\"de\",\"@id\":\"https:\\\/\\\/www.visitklagenfurt.at\\\/de\\\/sehenswertes-und-ausfluege\\\/stadtfuehrungen\\\/stadtfuehrung-altstadtwandern\\\/#primaryimage\",\"url\":\"https:\\\/\\\/www.visitklagenfurt.at\\\/wp-content\\\/uploads\\\/2021\\\/02\\\/gruppen_kultur_fuhrung_altstadt_2014_c-franz_gerdl_87-web.jpeg\",\"contentUrl\":\"https:\\\/\\\/www.visitklagenfurt.at\\\/wp-content\\\/uploads\\\/2021\\\/02\\\/gruppen_kultur_fuhrung_altstadt_2014_c-franz_gerdl_87-web.jpeg\",\"width\":2048,\"height\":1363,\"caption\":\"(c) Franz Gerdl\"},{\"@type\":\"BreadcrumbList\",\"@id\":\"https:\\\/\\\/www.visitklagenfurt.at\\\/de\\\/sehenswertes-und-ausfluege\\\/stadtfuehrungen\\\/stadtfuehrung-altstadtwandern\\\/#breadcrumb\",\"itemListElement\":[{\"@type\":\"ListItem\",\"position\":1,\"name\":\"visitklagenfurt\",\"item\":\"https:\\\/\\\/www.visitklagenfurt.at\\\/de\\\/\"},{\"@type\":\"ListItem\",\"position\":2,\"name\":\"Sehenswertes und Ausfl\u00fcge\",\"item\":\"https:\\\/\\\/www.visitklagenfurt.at\\\/de\\\/category\\\/sehenswertes-und-ausfluege\\\/\"},{\"@type\":\"ListItem\",\"position\":3,\"name\":\"Stadtf\u00fchrungen\",\"item\":\"https:\\\/\\\/www.visitklagenfurt.at\\\/de\\\/category\\\/sehenswertes-und-ausfluege\\\/stadtfuehrungen\\\/\"},{\"@type\":\"ListItem\",\"position\":4,\"name\":\"Altstadtwanderung\"}]},{\"@type\":\"WebSite\",\"@id\":\"https:\\\/\\\/www.visitklagenfurt.at\\\/de\\\/#website\",\"url\":\"https:\\\/\\\/www.visitklagenfurt.at\\\/de\\\/\",\"name\":\"visitklagenfurt\",\"description\":\"\",\"publisher\":{\"@id\":\"https:\\\/\\\/www.visitklagenfurt.at\\\/de\\\/#organization\"},\"potentialAction\":[{\"@type\":\"SearchAction\",\"target\":{\"@type\":\"EntryPoint\",\"urlTemplate\":\"https:\\\/\\\/www.visitklagenfurt.at\\\/de\\\/?s={search_term_string}\"},\"query-input\":{\"@type\":\"PropertyValueSpecification\",\"valueRequired\":true,\"valueName\":\"search_term_string\"}}],\"inLanguage\":\"de\"},{\"@type\":\"Organization\",\"@id\":\"https:\\\/\\\/www.visitklagenfurt.at\\\/de\\\/#organization\",\"name\":\"Tourismus Region Klagenfurt am W\u00f6rthersee GmbH\",\"url\":\"https:\\\/\\\/www.visitklagenfurt.at\\\/de\\\/\",\"logo\":{\"@type\":\"ImageObject\",\"inLanguage\":\"de\",\"@id\":\"https:\\\/\\\/www.visitklagenfurt.at\\\/de\\\/#\\\/schema\\\/logo\\\/image\\\/\",\"url\":\"https:\\\/\\\/www.visitklagenfurt.at\\\/wp-content\\\/uploads\\\/2022\\\/03\\\/DT_K_Klagenfurt_S_RGB.png\",\"contentUrl\":\"https:\\\/\\\/www.visitklagenfurt.at\\\/wp-content\\\/uploads\\\/2022\\\/03\\\/DT_K_Klagenfurt_S_RGB.png\",\"width\":2082,\"height\":1511,\"caption\":\"Tourismus Region Klagenfurt am W\u00f6rthersee GmbH\"},\"image\":{\"@id\":\"https:\\\/\\\/www.visitklagenfurt.at\\\/de\\\/#\\\/schema\\\/logo\\\/image\\\/\"}},{\"@type\":\"Person\",\"@id\":\"https:\\\/\\\/www.visitklagenfurt.at\\\/de\\\/#\\\/schema\\\/person\\\/7bc1cce71726d48c458144f55517b2df\",\"name\":\"visitklagenfurt\",\"image\":{\"@type\":\"ImageObject\",\"inLanguage\":\"de\",\"@id\":\"https:\\\/\\\/www.visitklagenfurt.at\\\/wp-content\\\/uploads\\\/2021\\\/05\\\/KLU_LINDWURM_Blau.jpg\",\"url\":\"https:\\\/\\\/www.visitklagenfurt.at\\\/wp-content\\\/uploads\\\/2021\\\/05\\\/KLU_LINDWURM_Blau.jpg\",\"contentUrl\":\"https:\\\/\\\/www.visitklagenfurt.at\\\/wp-content\\\/uploads\\\/2021\\\/05\\\/KLU_LINDWURM_Blau.jpg\",\"caption\":\"visitklagenfurt\"},\"url\":\"https:\\\/\\\/www.visitklagenfurt.at\\\/de\\\/author\\\/visitklagenfurt\\\/\"}]}<\/script>\n<!-- \/ Yoast SEO plugin. -->","yoast_head_json":{"title":"Altstadtwanderung durch Klagenfurt | visitklagenfurt","description":"Entdecke die sch\u00f6nsten Innenh\u00f6fe, Denkm\u00e4ler & historischen Bauten der Klagenfurter Altstadt \u2713 Termine \u2713 Kosten \u00bb Altstadtwanderung buchen","robots":{"index":"index","follow":"follow","max-snippet":"max-snippet:-1","max-image-preview":"max-image-preview:large","max-video-preview":"max-video-preview:-1"},"canonical":"https:\/\/www.visitklagenfurt.at\/de\/sehenswertes-und-ausfluege\/stadtfuehrungen\/stadtfuehrung-altstadtwandern\/","og_locale":"de_DE","og_type":"article","og_title":"Altstadtwanderung durch Klagenfurt | visitklagenfurt","og_description":"Entdecke die sch\u00f6nsten Innenh\u00f6fe, Denkm\u00e4ler & historischen Bauten der Klagenfurter Altstadt \u2713 Termine \u2713 Kosten \u00bb Altstadtwanderung buchen","og_url":"https:\/\/www.visitklagenfurt.at\/de\/sehenswertes-und-ausfluege\/stadtfuehrungen\/stadtfuehrung-altstadtwandern\/","og_site_name":"visitklagenfurt","article_published_time":"2021-02-01T13:48:30+00:00","article_modified_time":"2024-07-15T15:22:21+00:00","og_image":[{"width":2048,"height":1363,"url":"https:\/\/www.visitklagenfurt.at\/wp-content\/uploads\/2021\/02\/gruppen_kultur_fuhrung_altstadt_2014_c-franz_gerdl_87-web.jpeg","type":"image\/jpeg"}],"author":"visitklagenfurt","twitter_card":"summary_large_image","twitter_misc":{"Verfasst von":"visitklagenfurt","Gesch\u00e4tzte Lesezeit":"2\u00a0Minuten"},"schema":{"@context":"https:\/\/schema.org","@graph":[{"@type":"Article","@id":"https:\/\/www.visitklagenfurt.at\/de\/sehenswertes-und-ausfluege\/stadtfuehrungen\/stadtfuehrung-altstadtwandern\/#article","isPartOf":{"@id":"https:\/\/www.visitklagenfurt.at\/de\/sehenswertes-und-ausfluege\/stadtfuehrungen\/stadtfuehrung-altstadtwandern\/"},"author":{"name":"visitklagenfurt","@id":"https:\/\/www.visitklagenfurt.at\/de\/#\/schema\/person\/7bc1cce71726d48c458144f55517b2df"},"headline":"Altstadtwanderung","datePublished":"2021-02-01T13:48:30+00:00","dateModified":"2024-07-15T15:22:21+00:00","mainEntityOfPage":{"@id":"https:\/\/www.visitklagenfurt.at\/de\/sehenswertes-und-ausfluege\/stadtfuehrungen\/stadtfuehrung-altstadtwandern\/"},"wordCount":194,"commentCount":0,"publisher":{"@id":"https:\/\/www.visitklagenfurt.at\/de\/#organization"},"image":{"@id":"https:\/\/www.visitklagenfurt.at\/de\/sehenswertes-und-ausfluege\/stadtfuehrungen\/stadtfuehrung-altstadtwandern\/#primaryimage"},"thumbnailUrl":"https:\/\/www.visitklagenfurt.at\/wp-content\/uploads\/2021\/02\/gruppen_kultur_fuhrung_altstadt_2014_c-franz_gerdl_87-web.jpeg","keywords":["Stadtf\u00fchrungen"],"articleSection":["Stadtf\u00fchrungen"],"inLanguage":"de","potentialAction":[{"@type":"CommentAction","name":"Comment","target":["https:\/\/www.visitklagenfurt.at\/de\/sehenswertes-und-ausfluege\/stadtfuehrungen\/stadtfuehrung-altstadtwandern\/#respond"]}]},{"@type":"WebPage","@id":"https:\/\/www.visitklagenfurt.at\/de\/sehenswertes-und-ausfluege\/stadtfuehrungen\/stadtfuehrung-altstadtwandern\/","url":"https:\/\/www.visitklagenfurt.at\/de\/sehenswertes-und-ausfluege\/stadtfuehrungen\/stadtfuehrung-altstadtwandern\/","name":"Altstadtwanderung durch Klagenfurt | visitklagenfurt","isPartOf":{"@id":"https:\/\/www.visitklagenfurt.at\/de\/#website"},"primaryImageOfPage":{"@id":"https:\/\/www.visitklagenfurt.at\/de\/sehenswertes-und-ausfluege\/stadtfuehrungen\/stadtfuehrung-altstadtwandern\/#primaryimage"},"image":{"@id":"https:\/\/www.visitklagenfurt.at\/de\/sehenswertes-und-ausfluege\/stadtfuehrungen\/stadtfuehrung-altstadtwandern\/#primaryimage"},"thumbnailUrl":"https:\/\/www.visitklagenfurt.at\/wp-content\/uploads\/2021\/02\/gruppen_kultur_fuhrung_altstadt_2014_c-franz_gerdl_87-web.jpeg","datePublished":"2021-02-01T13:48:30+00:00","dateModified":"2024-07-15T15:22:21+00:00","description":"Entdecke die sch\u00f6nsten Innenh\u00f6fe, Denkm\u00e4ler & historischen Bauten der Klagenfurter Altstadt \u2713 Termine \u2713 Kosten \u00bb Altstadtwanderung buchen","breadcrumb":{"@id":"https:\/\/www.visitklagenfurt.at\/de\/sehenswertes-und-ausfluege\/stadtfuehrungen\/stadtfuehrung-altstadtwandern\/#breadcrumb"},"inLanguage":"de","potentialAction":[{"@type":"ReadAction","target":["https:\/\/www.visitklagenfurt.at\/de\/sehenswertes-und-ausfluege\/stadtfuehrungen\/stadtfuehrung-altstadtwandern\/"]}]},{"@type":"ImageObject","inLanguage":"de","@id":"https:\/\/www.visitklagenfurt.at\/de\/sehenswertes-und-ausfluege\/stadtfuehrungen\/stadtfuehrung-altstadtwandern\/#primaryimage","url":"https:\/\/www.visitklagenfurt.at\/wp-content\/uploads\/2021\/02\/gruppen_kultur_fuhrung_altstadt_2014_c-franz_gerdl_87-web.jpeg","contentUrl":"https:\/\/www.visitklagenfurt.at\/wp-content\/uploads\/2021\/02\/gruppen_kultur_fuhrung_altstadt_2014_c-franz_gerdl_87-web.jpeg","width":2048,"height":1363,"caption":"(c) Franz Gerdl"},{"@type":"BreadcrumbList","@id":"https:\/\/www.visitklagenfurt.at\/de\/sehenswertes-und-ausfluege\/stadtfuehrungen\/stadtfuehrung-altstadtwandern\/#breadcrumb","itemListElement":[{"@type":"ListItem","position":1,"name":"visitklagenfurt","item":"https:\/\/www.visitklagenfurt.at\/de\/"},{"@type":"ListItem","position":2,"name":"Sehenswertes und Ausfl\u00fcge","item":"https:\/\/www.visitklagenfurt.at\/de\/category\/sehenswertes-und-ausfluege\/"},{"@type":"ListItem","position":3,"name":"Stadtf\u00fchrungen","item":"https:\/\/www.visitklagenfurt.at\/de\/category\/sehenswertes-und-ausfluege\/stadtfuehrungen\/"},{"@type":"ListItem","position":4,"name":"Altstadtwanderung"}]},{"@type":"WebSite","@id":"https:\/\/www.visitklagenfurt.at\/de\/#website","url":"https:\/\/www.visitklagenfurt.at\/de\/","name":"visitklagenfurt","description":"","publisher":{"@id":"https:\/\/www.visitklagenfurt.at\/de\/#organization"},"potentialAction":[{"@type":"SearchAction","target":{"@type":"EntryPoint","urlTemplate":"https:\/\/www.visitklagenfurt.at\/de\/?s={search_term_string}"},"query-input":{"@type":"PropertyValueSpecification","valueRequired":true,"valueName":"search_term_string"}}],"inLanguage":"de"},{"@type":"Organization","@id":"https:\/\/www.visitklagenfurt.at\/de\/#organization","name":"Tourismus Region Klagenfurt am W\u00f6rthersee GmbH","url":"https:\/\/www.visitklagenfurt.at\/de\/","logo":{"@type":"ImageObject","inLanguage":"de","@id":"https:\/\/www.visitklagenfurt.at\/de\/#\/schema\/logo\/image\/","url":"https:\/\/www.visitklagenfurt.at\/wp-content\/uploads\/2022\/03\/DT_K_Klagenfurt_S_RGB.png","contentUrl":"https:\/\/www.visitklagenfurt.at\/wp-content\/uploads\/2022\/03\/DT_K_Klagenfurt_S_RGB.png","width":2082,"height":1511,"caption":"Tourismus Region Klagenfurt am W\u00f6rthersee GmbH"},"image":{"@id":"https:\/\/www.visitklagenfurt.at\/de\/#\/schema\/logo\/image\/"}},{"@type":"Person","@id":"https:\/\/www.visitklagenfurt.at\/de\/#\/schema\/person\/7bc1cce71726d48c458144f55517b2df","name":"visitklagenfurt","image":{"@type":"ImageObject","inLanguage":"de","@id":"https:\/\/www.visitklagenfurt.at\/wp-content\/uploads\/2021\/05\/KLU_LINDWURM_Blau.jpg","url":"https:\/\/www.visitklagenfurt.at\/wp-content\/uploads\/2021\/05\/KLU_LINDWURM_Blau.jpg","contentUrl":"https:\/\/www.visitklagenfurt.at\/wp-content\/uploads\/2021\/05\/KLU_LINDWURM_Blau.jpg","caption":"visitklagenfurt"},"url":"https:\/\/www.visitklagenfurt.at\/de\/author\/visitklagenfurt\/"}]}},"_links":{"self":[{"href":"https:\/\/www.visitklagenfurt.at\/de\/wp-json\/wp\/v2\/posts\/5155","targetHints":{"allow":["GET"]}}],"collection":[{"href":"https:\/\/www.visitklagenfurt.at\/de\/wp-json\/wp\/v2\/posts"}],"about":[{"href":"https:\/\/www.visitklagenfurt.at\/de\/wp-json\/wp\/v2\/types\/post"}],"author":[{"embeddable":true,"href":"https:\/\/www.visitklagenfurt.at\/de\/wp-json\/wp\/v2\/users\/31"}],"replies":[{"embeddable":true,"href":"https:\/\/www.visitklagenfurt.at\/de\/wp-json\/wp\/v2\/comments?post=5155"}],"version-history":[{"count":16,"href":"https:\/\/www.visitklagenfurt.at\/de\/wp-json\/wp\/v2\/posts\/5155\/revisions"}],"predecessor-version":[{"id":66481,"href":"https:\/\/www.visitklagenfurt.at\/de\/wp-json\/wp\/v2\/posts\/5155\/revisions\/66481"}],"wp:featuredmedia":[{"embeddable":true,"href":"https:\/\/www.visitklagenfurt.at\/de\/wp-json\/wp\/v2\/media\/5196"}],"wp:attachment":[{"href":"https:\/\/www.visitklagenfurt.at\/de\/wp-json\/wp\/v2\/media?parent=5155"}],"wp:term":[{"taxonomy":"category","embeddable":true,"href":"https:\/\/www.visitklagenfurt.at\/de\/wp-json\/wp\/v2\/categories?post=5155"},{"taxonomy":"post_tag","embeddable":true,"href":"https:\/\/www.visitklagenfurt.at\/de\/wp-json\/wp\/v2\/tags?post=5155"}],"curies":[{"name":"wp","href":"https:\/\/api.w.org\/{rel}","templated":true}]}}