{"id":53812,"date":"2023-05-18T10:00:00","date_gmt":"2023-05-18T08:00:00","guid":{"rendered":"https:\/\/www.visitklagenfurt.at\/?p=53812"},"modified":"2024-09-12T11:50:22","modified_gmt":"2024-09-12T09:50:22","slug":"kinderbetreuung-sommer-klagenfurt","status":"publish","type":"post","link":"https:\/\/www.visitklagenfurt.at\/de\/blog\/urlaub-freizeit\/kinderbetreuung-sommer-klagenfurt\/","title":{"rendered":"Die besten Sommercamps in Klagenfurt mit erstklassiger Kinderbetreuung"},"content":{"rendered":"\n<p>Ja, die Sommerferien 2024 r\u00fccken n\u00e4her. Was bei Schulkindern helle Begeisterung ausl\u00f6st, entlockt vielen Eltern ein leicht verzweifeltes OMG! Neun Wochen Schulferien hei\u00dft f\u00fcr sie: Den Ganzjahresurlaub verbrauchen und die klaffenden L\u00fccken mit viel organisatorischer Akribie mit Gro\u00dfeltern-Betreuung und Sommercamps auff\u00fcllen. F\u00fcr Eltern ist\u2019s also Gl\u00fcck und Segen, dass es in und um Klagenfurt im Sommer so viele M\u00f6glichkeiten der Kinderbetreuung gibt.<\/p>\n\n\n\n<p>Und so unterschiedliche! Egal, ob euer Kind <strong>kreativ oder sportlich veranlagt <\/strong>ist, ob es lieber am Wasser, am Berg, indoor oder am Sportplatz unterwegs ist. Die <strong>Vereine und Initiativen<\/strong>, die in den Sommerwochen ein tolles Freizeitprogramm f\u00fcr Kinder bieten, haben alles in petto. Vielfach sogar in sehr fairen und leistbaren Dimensionen, was die <strong>Kosten <\/strong>pro Woche betrifft. <\/p>\n\n\n\n<p>Hier also ein paar Empfehlungen f\u00fcr M\u00f6glichkeiten der Sommerbetreuung, die Kindern ausreichend Entertainment bietet \u2013 und ihre Eltern entlastet. <\/p>\n\n\n\n<figure class=\"wp-block-gallery has-nested-images columns-default is-cropped wp-block-gallery-1 is-layout-flex wp-block-gallery-is-layout-flex\">\n<figure class=\"wp-block-image size-large\"><img fetchpriority=\"high\" decoding=\"async\" width=\"2322\" height=\"1548\" data-id=\"70148\" src=\"https:\/\/www.visitklagenfurt.at\/wp-content\/uploads\/2023\/05\/anna-samoylova-w55SpMmoPgE-unsplash-1.jpg\" alt=\"Szene aus Sommer Kinderbetreuung\" class=\"wp-image-70148\"\/><figcaption class=\"wp-element-caption\">(c) Unsplash\/Anna Samoylova<\/figcaption><\/figure>\n<\/figure>\n\n\n\n<h2 class=\"wp-block-heading\" id=\"h-sportcamps\">Sportcamps <\/h2>\n\n\n\n<p>Bewegungs- und sportfreudige Kinder und Jugendliche finden in und nahe Klagenfurt sicher passende Angebote f\u00fcr die Sommerferien. Das ist bei der F\u00fclle fast ein Qual-der-Wahl-Fall. <\/p>\n\n\n\n<h3 class=\"wp-block-heading\" id=\"h-seekids\">Seekids<\/h3>\n\n\n\n<p>Eine Bank f\u00fcr bewegungshungrigen Nachwuchs: Die Seekids. Ob <strong>Tennis, Klettern, Schwimmen, Wasserski oder Fu\u00dfball<\/strong>, f\u00fcr alle zwischen 5 und 12 sind eigene Sommerkurse am Plan. Auch <strong>Tauchen <\/strong>(f\u00fcr Kinder ab 8 bzw. 10 Jahren) steht am Programm, f\u00fcr alle Gr\u00f6\u00dferen (ab 10 Jahren) gibt es mit den \u201eSeeteens\u201c ein eigenes Format, w\u00e4hrend sich die Kleinsten bei den \u201eSeezwergen\u201c (3 bis 6 Jahre) tummeln.<\/p>\n\n\n\n<p>Dieses Sommercamp-Konzept bew\u00e4hrt sich im Klagenfurter Raum schon seit vielen Jahren und ist bei Kindern wie Eltern hochgesch\u00e4tzt, weil hier <strong>topausgebildete und motivierte Trainer*innen<\/strong> und Betreuer*innen am Werke sind. Sch\u00f6n auch die Flexibilit\u00e4t in den Betreuungszeiten, sie erstreckt sich von 7 bis 17 Uhr.<\/p>\n\n\n\n<p>Die Sportcamps starten jeweils im Seekids-Dorf auf der Whaliss-Wiese in <strong>P\u00f6rtschach<\/strong>, Shuttlebusse aus Klagenfurt oder Villach sind organisiert. Die Kosten liegen je nach Halbtags- oder Ganztagsbetreuung und abh\u00e4ngig von der Sportart<strong> zwischen 195 und 400 Euro pro Woche.<\/strong><\/p>\n\n\n\n<p>Adresse: Wahlissstra\u00dfe 7, 9210 P\u00f6rtschach<br>Telefon: +43 676 6708284<br>Webseite: <a href=\"http:\/\/www.seekids.at\" target=\"_blank\" rel=\"noreferrer noopener\">www.seekids.at<\/a><\/p>\n\n\n\n<blockquote class=\"instagram-media\" data-instgrm-captioned data-instgrm-permalink=\"https:\/\/www.instagram.com\/p\/CroB3kUt6JJ\/?utm_source=ig_embed&amp;utm_campaign=loading\" data-instgrm-version=\"14\" style=\" background:#FFF; border:0; border-radius:3px; box-shadow:0 0 1px 0 rgba(0,0,0,0.5),0 1px 10px 0 rgba(0,0,0,0.15); margin: 1px; max-width:540px; min-width:326px; padding:0; width:99.375%; width:-webkit-calc(100% - 2px); width:calc(100% - 2px);\"><div style=\"padding:16px;\"> <a href=\"https:\/\/www.instagram.com\/p\/CroB3kUt6JJ\/?utm_source=ig_embed&amp;utm_campaign=loading\" style=\" background:#FFFFFF; line-height:0; padding:0 0; text-align:center; text-decoration:none; width:100%;\" target=\"_blank\" rel=\"noopener\"> <div style=\" display: flex; flex-direction: row; align-items: center;\"> <div style=\"background-color: #F4F4F4; border-radius: 50%; flex-grow: 0; height: 40px; margin-right: 14px; width: 40px;\"><\/div> <div style=\"display: flex; flex-direction: column; flex-grow: 1; justify-content: center;\"> <div style=\" background-color: #F4F4F4; border-radius: 4px; flex-grow: 0; height: 14px; margin-bottom: 6px; width: 100px;\"><\/div> <div style=\" background-color: #F4F4F4; border-radius: 4px; flex-grow: 0; height: 14px; width: 60px;\"><\/div><\/div><\/div><div style=\"padding: 19% 0;\"><\/div> <div style=\"display:block; height:50px; margin:0 auto 12px; width:50px;\"><svg width=\"50px\" height=\"50px\" viewBox=\"0 0 60 60\" version=\"1.1\" xmlns=\"https:\/\/www.w3.org\/2000\/svg\" xmlns:xlink=\"https:\/\/www.w3.org\/1999\/xlink\"><g stroke=\"none\" stroke-width=\"1\" fill=\"none\" fill-rule=\"evenodd\"><g transform=\"translate(-511.000000, -20.000000)\" fill=\"#000000\"><g><path d=\"M556.869,30.41 C554.814,30.41 553.148,32.076 553.148,34.131 C553.148,36.186 554.814,37.852 556.869,37.852 C558.924,37.852 560.59,36.186 560.59,34.131 C560.59,32.076 558.924,30.41 556.869,30.41 M541,60.657 C535.114,60.657 530.342,55.887 530.342,50 C530.342,44.114 535.114,39.342 541,39.342 C546.887,39.342 551.658,44.114 551.658,50 C551.658,55.887 546.887,60.657 541,60.657 M541,33.886 C532.1,33.886 524.886,41.1 524.886,50 C524.886,58.899 532.1,66.113 541,66.113 C549.9,66.113 557.115,58.899 557.115,50 C557.115,41.1 549.9,33.886 541,33.886 M565.378,62.101 C565.244,65.022 564.756,66.606 564.346,67.663 C563.803,69.06 563.154,70.057 562.106,71.106 C561.058,72.155 560.06,72.803 558.662,73.347 C557.607,73.757 556.021,74.244 553.102,74.378 C549.944,74.521 548.997,74.552 541,74.552 C533.003,74.552 532.056,74.521 528.898,74.378 C525.979,74.244 524.393,73.757 523.338,73.347 C521.94,72.803 520.942,72.155 519.894,71.106 C518.846,70.057 518.197,69.06 517.654,67.663 C517.244,66.606 516.755,65.022 516.623,62.101 C516.479,58.943 516.448,57.996 516.448,50 C516.448,42.003 516.479,41.056 516.623,37.899 C516.755,34.978 517.244,33.391 517.654,32.338 C518.197,30.938 518.846,29.942 519.894,28.894 C520.942,27.846 521.94,27.196 523.338,26.654 C524.393,26.244 525.979,25.756 528.898,25.623 C532.057,25.479 533.004,25.448 541,25.448 C548.997,25.448 549.943,25.479 553.102,25.623 C556.021,25.756 557.607,26.244 558.662,26.654 C560.06,27.196 561.058,27.846 562.106,28.894 C563.154,29.942 563.803,30.938 564.346,32.338 C564.756,33.391 565.244,34.978 565.378,37.899 C565.522,41.056 565.552,42.003 565.552,50 C565.552,57.996 565.522,58.943 565.378,62.101 M570.82,37.631 C570.674,34.438 570.167,32.258 569.425,30.349 C568.659,28.377 567.633,26.702 565.965,25.035 C564.297,23.368 562.623,22.342 560.652,21.575 C558.743,20.834 556.562,20.326 553.369,20.18 C550.169,20.033 549.148,20 541,20 C532.853,20 531.831,20.033 528.631,20.18 C525.438,20.326 523.257,20.834 521.349,21.575 C519.376,22.342 517.703,23.368 516.035,25.035 C514.368,26.702 513.342,28.377 512.574,30.349 C511.834,32.258 511.326,34.438 511.181,37.631 C511.035,40.831 511,41.851 511,50 C511,58.147 511.035,59.17 511.181,62.369 C511.326,65.562 511.834,67.743 512.574,69.651 C513.342,71.625 514.368,73.296 516.035,74.965 C517.703,76.634 519.376,77.658 521.349,78.425 C523.257,79.167 525.438,79.673 528.631,79.82 C531.831,79.965 532.853,80.001 541,80.001 C549.148,80.001 550.169,79.965 553.369,79.82 C556.562,79.673 558.743,79.167 560.652,78.425 C562.623,77.658 564.297,76.634 565.965,74.965 C567.633,73.296 568.659,71.625 569.425,69.651 C570.167,67.743 570.674,65.562 570.82,62.369 C570.966,59.17 571,58.147 571,50 C571,41.851 570.966,40.831 570.82,37.631\"><\/path><\/g><\/g><\/g><\/svg><\/div><div style=\"padding-top: 8px;\"> <div style=\" color:#3897f0; font-family:Arial,sans-serif; font-size:14px; font-style:normal; font-weight:550; line-height:18px;\">Sieh dir diesen Beitrag auf Instagram an<\/div><\/div><div style=\"padding: 12.5% 0;\"><\/div> <div style=\"display: flex; flex-direction: row; margin-bottom: 14px; align-items: center;\"><div> <div style=\"background-color: #F4F4F4; border-radius: 50%; height: 12.5px; width: 12.5px; transform: translateX(0px) translateY(7px);\"><\/div> <div style=\"background-color: #F4F4F4; height: 12.5px; transform: rotate(-45deg) translateX(3px) translateY(1px); width: 12.5px; flex-grow: 0; margin-right: 14px; margin-left: 2px;\"><\/div> <div style=\"background-color: #F4F4F4; border-radius: 50%; height: 12.5px; width: 12.5px; transform: translateX(9px) translateY(-18px);\"><\/div><\/div><div style=\"margin-left: 8px;\"> <div style=\" background-color: #F4F4F4; border-radius: 50%; flex-grow: 0; height: 20px; width: 20px;\"><\/div> <div style=\" width: 0; height: 0; border-top: 2px solid transparent; border-left: 6px solid #f4f4f4; border-bottom: 2px solid transparent; transform: translateX(16px) translateY(-4px) rotate(30deg)\"><\/div><\/div><div style=\"margin-left: auto;\"> <div style=\" width: 0px; border-top: 8px solid #F4F4F4; border-right: 8px solid transparent; transform: translateY(16px);\"><\/div> <div style=\" background-color: #F4F4F4; flex-grow: 0; height: 12px; width: 16px; transform: translateY(-4px);\"><\/div> <div style=\" width: 0; height: 0; border-top: 8px solid #F4F4F4; border-left: 8px solid transparent; transform: translateY(-4px) translateX(8px);\"><\/div><\/div><\/div> <div style=\"display: flex; flex-direction: column; flex-grow: 1; justify-content: center; margin-bottom: 24px;\"> <div style=\" background-color: #F4F4F4; border-radius: 4px; flex-grow: 0; height: 14px; margin-bottom: 6px; width: 224px;\"><\/div> <div style=\" background-color: #F4F4F4; border-radius: 4px; flex-grow: 0; height: 14px; width: 144px;\"><\/div><\/div><\/a><p style=\" color:#c9c8cd; font-family:Arial,sans-serif; font-size:14px; line-height:17px; margin-bottom:0; margin-top:8px; overflow:hidden; padding:8px 0 7px; text-align:center; text-overflow:ellipsis; white-space:nowrap;\"><a href=\"https:\/\/www.instagram.com\/p\/CroB3kUt6JJ\/?utm_source=ig_embed&amp;utm_campaign=loading\" style=\" color:#c9c8cd; font-family:Arial,sans-serif; font-size:14px; font-style:normal; font-weight:normal; line-height:17px; text-decoration:none;\" target=\"_blank\" rel=\"noopener\">Ein Beitrag geteilt von Seekids (@seekidswoerthersee)<\/a><\/p><\/div><\/blockquote> <script async src=\"\/\/www.instagram.com\/embed.js\"><\/script>\n\n\n\n<h2 class=\"wp-block-heading\" id=\"h-kreativ-camps\">Kreativ-Camps<\/h2>\n\n\n\n<p>Manche Kinder geh\u00f6ren zu den Sportskanonen, andere wiederum zu den kreativen K\u00f6pfen. Auch sie finden im Raum Klagenfurt in diesem Sommer gute M\u00f6glichkeiten, die eine oder andere Ferienwoche mit spannenden Angeboten zu verbringen. Hier unsere Auswahl: <\/p>\n\n\n\n<h3 class=\"wp-block-heading\" id=\"h-theater-workshops\">Theater-Workshops<\/h3>\n\n\n\n<p>Kinder bzw. Jugendliche, die sich <strong>im schauspielern versuchen oder verbessern<\/strong> m\u00f6chten, sollten sich die Termine der beiden Workshops von Beatrix Erlacher-Heinzl im Kalender eintragen. Sie bietet in den Ferien die <strong>&#8222;Sommerferienwoche&#8220;<\/strong> an. Und zwar vom <strong>22. bis 26. Juli 2024 im <\/strong>Di\u00f6zesanhaus Klagenfurt. (f\u00fcr Kinder ab 12 Jahren).<\/p>\n\n\n\n<p>Am Plan steht die gemeinsame Erarbeitung des St\u00fcckes &#8222;Die letzten Tage Jedermanns&#8220;. Und f\u00fcr ein fulminantes Ende gibt&#8217;s selbstverst\u00e4ndlich eine Abschlussauff\u00fchrung.<\/p>\n\n\n\n<p>Adresse: Di\u00f6zesanhaus, Tarviser Stra\u00dfe 30, 9020 Klagenfurt am W\u00f6rthersee <br>Email: <a href=\"mailto:bx_timeforkids@gmx.net\" target=\"_blank\" rel=\"noreferrer noopener\">bx_timeforkids@gmx.net<\/a><\/p>\n\n\n\n<figure class=\"wp-block-gallery has-nested-images columns-default is-cropped wp-block-gallery-2 is-layout-flex wp-block-gallery-is-layout-flex\">\n<figure class=\"wp-block-image size-large\"><img decoding=\"async\" width=\"3472\" height=\"2385\" data-id=\"53917\" src=\"https:\/\/www.visitklagenfurt.at\/wp-content\/uploads\/2023\/05\/SommerTheaterTage1-c-Erlacher-Heinzl-1.jpg\" alt=\"SommerTheaterTage im Stift Viktring f\u00fcr Kinder ab 9 Jahren\" class=\"wp-image-53917\"\/><figcaption class=\"wp-element-caption\">(c) Erlacher Heinzl<\/figcaption><\/figure>\n\n\n\n<figure class=\"wp-block-image size-large\"><img decoding=\"async\" width=\"790\" height=\"663\" data-id=\"53906\" src=\"https:\/\/www.visitklagenfurt.at\/wp-content\/uploads\/2023\/05\/Beatrix-Erlacher-Heinzl.png\" alt=\"Beatrix Erlacher Heinzl veranstaltet die SommerTheaterTage\" class=\"wp-image-53906\"\/><figcaption class=\"wp-element-caption\">(c) privat<\/figcaption><\/figure>\n<\/figure>\n\n\n\n<h3 class=\"wp-block-heading\" id=\"h-kunst-sommer-viktring\">Kunst Sommer Viktring<\/h3>\n\n\n\n<p>Die Kinderwerkstatt f\u00fcr Volksschulkinder ist bereits ausgebucht, doch f\u00fcr 10- bis 14-J\u00e4hrige ist noch einiges zu erlernen und erleben beim Kunstsommer Viktring. Beispielsweise im <strong>&#8222;Jugendatelier&#8220;, <\/strong>das zweimal (29. Juli bis 2. August 2024 bzw. 5. bis 9. August 2024) angeboten wird. <\/p>\n\n\n\n<p>Das Ambiente im Stift Viktring ist sch\u00f6n und entspannt, die Lehrenden allesamt Experten ihres Gebietes. Jugendliche im Unterstufenalter k\u00f6nnen so unter fachkundiger Anleitung die freie Zeit im Sommer nutzen, um ihre Talente entdecken und verwirklichen. Kurskosten <strong>jeweils 170 Euro.<\/strong><\/p>\n\n\n\n<p>Adresse: Stift-Viktring-Stra\u00dfe 25, 9073 Klagenfurt-Viktring<br>Telefon: +43 463 914950<br>Webseite: <a href=\"http:\/\/www.keramikgruppe-elsa.at\" target=\"_blank\" rel=\"noreferrer noopener\">www.keramikgruppe-elsa.at<\/a><\/p>\n\n\n\n<h2 class=\"wp-block-heading\" id=\"h-betreuungswochen-mit-sport-amp-kreativitat\">Betreuungswochen mit Sport &amp; Kreativit\u00e4t<\/h2>\n\n\n\n<p>Wer am liebsten einmal querbeet geht und die Abwechslung liebt, w\u00e4hlt am besten aus Ferien-Betreuungsangeboten von Funtastico und Ferienshuttle. Die setzen auf Sport, Natur, Spiel und Kreativit\u00e4t und mischen das alles miteinander gut durch. <\/p>\n\n\n\n<h3 class=\"wp-block-heading\" id=\"h-funtastico\">Funtastico<\/h3>\n\n\n\n<p>Heuer wird erstmals der Schulsportplatz samt Ballspielhalle in St. Ruprecht zum Hotspot f\u00fcr Spa\u00df, Sport und gemeinsame Erlebnisse unter Gleichaltrigen. Kinder im Alter von 5 bis 12 Jahre k\u00f6nnen bei der Ferienbetreuung \u201eFuntastico\u201c allerlei Sportarten ausprobieren, darunter <strong>Fu\u00dfball, Handball, Hockey, Volleyball, Basketball, Leichtathletik, Boxen, Taekwando, Frisbee, Tanzen, Yoga<\/strong>, u.a. <\/p>\n\n\n\n<p>Au\u00dferdem sorgen <strong>Workshops, Wandern, Malen und Basteln,<\/strong> FUN-Spiele und Spiele in der Natur f\u00fcr gen\u00fcgend Abwechslung. Angeboten werden insgesamt 5 Camp-Wochen zwischen 29. Juli und 30. August 2024, inklusive voller Verpflegung . <br>Zurzeit ist das Klagenfurt-Camp ausgebucht, man kann sich auf die Warteliste setzen lassen!<\/p>\n\n\n\n<p>Adresse: Schulsportplatz St. Ruprecht, Kneippgasse 30, 9020 Klagenfurt am W\u00f6rthersee<br>Telefon: +43 650 51 45&nbsp;320<br>Webseite: <a href=\"http:\/\/www.funtastico.at\" target=\"_blank\" rel=\"noreferrer noopener\">www.funtastico.at<\/a><\/p>\n\n\n\n<figure class=\"wp-block-gallery has-nested-images columns-default is-cropped wp-block-gallery-3 is-layout-flex wp-block-gallery-is-layout-flex\">\n<figure class=\"wp-block-image size-large\"><img loading=\"lazy\" decoding=\"async\" width=\"1772\" height=\"1177\" data-id=\"53818\" src=\"https:\/\/www.visitklagenfurt.at\/wp-content\/uploads\/2023\/05\/funtastico_zirkusworkshop.jpg\" alt=\"Zirkus-Workshop bei Funtastico am Koschatplatz in Klagenfurt\" class=\"wp-image-53818\"\/><figcaption class=\"wp-element-caption\">(c) funtastico.at<\/figcaption><\/figure>\n<\/figure>\n\n\n\n<h3 class=\"wp-block-heading\" id=\"h-mathe-studio-amp-jumpworld-sommercamp\">Mathe.Studio &amp; Jumpworld Sommercamp<\/h3>\n\n\n\n<p>Das N\u00fctzliche mit dem Angenehmen verbinden ist die Devise dieses Ferienangebotes, zu dem sich das <a href=\"https:\/\/mathe.studio\/\">Mathe.Studio<\/a> und die <a href=\"http:\/\/www.jumpworld.one\">Jumpworld One<\/a> zusammengeschlossen haben. Das Sommercamp kombiniert die <strong>spannende Welt der Mathematik mit actiongeladendem Spa\u00df im Trampolinpark<\/strong>. Ort des Sommercamps ist die Jumpworld One in Klagenfurt. <\/p>\n\n\n\n<p>Kinder ab 9 Jahren werden eine Woche lang (Termine: 28. Juli bis 2. August 2024 bzw. 5. bis 9. August 2024, jeweils ganztags) sowohl ihre <strong>Mathekenntnisse festigen<\/strong> als auch ihre <strong>k\u00f6rperlichen F\u00e4higkeiten auf dem Trampolin<\/strong> verbessern k\u00f6nnen. So k\u00f6nnen Kinder, die ein wenig professionelle Hilfestellung in mathematischen Fragen brauchen k\u00f6nnen, den Sommer nutzen, um ihre Kenntnisse zu vertiefen, neue Freundschaften zu schlie\u00dfen und sch\u00f6ne Ferienerinnerungen zu schaffen. Kostenpunkt: 380 Euro pro Woche &amp; Teilnehmer.<\/p>\n\n\n\n<p>Adresse: Jumpworld, S\u00fcdring 211, 9020 Klagenfurt am W\u00f6rthersee<br>Telefon: +43 664 7512 7314<br>Webseite<a href=\"https:\/\/mathe.studio\/sommercamp2024\"> https:\/\/mathe.studio\/sommercamp2024<\/a><\/p>\n\n\n\n<figure class=\"wp-block-gallery has-nested-images columns-default is-cropped wp-block-gallery-4 is-layout-flex wp-block-gallery-is-layout-flex\">\n<figure class=\"wp-block-image size-large\"><img loading=\"lazy\" decoding=\"async\" width=\"2048\" height=\"1365\" data-id=\"46914\" src=\"https:\/\/www.visitklagenfurt.at\/wp-content\/uploads\/2022\/11\/JUMPWORLD.ONE-zertifizierte-TrampolintrainerInnen.jpg\" alt=\"Ein zertifizierter Trampolintrainer hilft einem Kind auf einem Bodentrampolin beim \u00dcben eines Vorw\u00e4rtssaltos\" class=\"wp-image-46914\"\/><figcaption class=\"wp-element-caption\">(c) Jumpworld One<\/figcaption><\/figure>\n<\/figure>\n\n\n\n<h3 class=\"wp-block-heading\" id=\"h-ferienshuttle\">Ferienshuttle<\/h3>\n\n\n\n<p>Bei den Sommercamp-Wochen von \u201eFerienshuttle\u201c in Viktring (29. Juli bis 23. August 2024) stehen f\u00fcr 6-bis 12-j\u00e4hrige Kinder <strong>Aktivit\u00e4ten im Freien im Vordergrund.<\/strong> Wenn das Wetter einmal nicht mitspielt, gibt\u2018s neben&nbsp;einem Indoor-Bereich einen \u00fcberdachten Au\u00dfenbereich und einen gro\u00dfen Turnsaal. Abh\u00e4ngig von der Zusammensetzung der Gruppen und vom Wetter wird das Programm aus&nbsp;verschiedenen Aktivit\u00e4ten gestaltet, zum Beispiel:<\/p>\n\n\n\n<ul class=\"wp-block-list\">\n<li>Spiel und Sport am Ferienshuttle-Gel\u00e4nde mit Trampolin, Tischtennis, Tischfu\u00dfball, Badminton, Basketball, Fu\u00dfball, Volleyball, Darts, Landhockey, Gleichgewichtsger\u00e4ten, Wasserrutsche u.v.m.<\/li>\n\n\n\n<li>Gesellschaft- und Brettspiele<\/li>\n\n\n\n<li>Bastel- und B\u00fccherecke<\/li>\n\n\n\n<li>Gruppenspiele<\/li>\n\n\n\n<li>&#8222;Ferienshuttle-Olympics&#8220; mit vielen Wettbewerben bzw. R\u00e4tselrallye oder Schnitzeljagd<\/li>\n\n\n\n<li>Radtouren z.B. in den Europapark, ins&nbsp;Kalmusbad oder ins Parkbad nach&nbsp;Krumpendorf&nbsp;<\/li>\n\n\n\n<li>Badespa\u00df am Rauschelesee, im Ferlacher Badesee oder im W\u00f6rthersee<\/li>\n<\/ul>\n\n\n\n<p><strong>Fu\u00dfballinteressierte Kinder<\/strong> haben die M\u00f6glichkeit, auf einem der 3 Fu\u00dfballpl\u00e4tze am Gel\u00e4nde unter Anleitung eines jungen Vereinsspielers des&nbsp;<a href=\"https:\/\/vereine.fussballoesterreich.at\/SvViktoriaViktring\/News\/\" target=\"_blank\" rel=\"noreferrer noopener\">SV Viktoria Viktring<\/a>&nbsp;zu trainieren, ein Match zu spielen oder einfach miteinander zu kicken.&nbsp;<\/p>\n\n\n\n<p>Eine Woche kostet <strong>185 Euro, <\/strong>ab der 2. Woche 175, es gibt auch einen Geschwisterrabatt. Im Bedarfsfall k\u00f6nnen die Kinder &#8211; soweit Pl\u00e4tze frei sind &#8211; auch&nbsp;<strong>tageweise<\/strong>&nbsp;angemeldet werden<\/p>\n\n\n\n<p>Adresse: Sportplatz SV Viktoria Viktring, Am Birkengrund 2, 9073 Klagenfurt am W\u00f6rthersee<br>Telefon: +43 664 1908096<br>Webseite: <a href=\"http:\/\/www.ferienshuttle.at\" target=\"_blank\" rel=\"noreferrer noopener\">www.ferienshuttle.at<\/a><\/p>\n\n\n\n<h3 class=\"wp-block-heading\" id=\"h-last-minute-platze-im-kinder-ferienlager\">Last-Minute-Pl\u00e4tze im Kinder-Ferienlager <\/h3>\n\n\n\n<p>Eine besondere Ferienaktion bietet die Pfarre St. Josef Klagenfurt an und freut sich \u00fcber<br>Anmeldungen von kurzentschlossenen Kindern und Jugendlichen. Das Ferienlager findet vom<strong> 14. bis 20. Juli <\/strong>in Edling (Kreis V\u00f6lkermarkt) in einem Jugend\u00fcbernachtungshaus statt. <\/p>\n\n\n\n<p>Auf dem Programm stehen u. a. Eine Gaudi-Olympiade, Lagerfeuer, eine Nachtwanderung, Zaubershow, verschiedene Bewerbe und auch eine Kinderdisco. Das gro\u00dfz\u00fcgige Gel\u00e4nde am Waldrand liegt in l\u00e4ndlicher Idylle und bietet neben dem voll ausgestatteten Haus eine gro\u00dfe Wiese zum Spielen, einen Fu\u00dfballplatz und sogar einen Pool! <\/p>\n\n\n\n<p>Im angeschlossenen Gasthof k\u00f6nnen sich die Kinder bspw. ein Eis kaufen, ansonsten werden die Teilnehmer voll versorgt. Die Woche inkl. \u00dcbernachtungen, Verpflegung und Programm kostet nur <strong>230 Euro pro Person<\/strong>, f\u00fcr Geschwisterpaare verg\u00fcnstigt. Durch gro\u00dfz\u00fcgige Unterst\u00fctzung der Pfarre St. Josef Siebenh\u00fcgel kann das Lager kosteng\u00fcnstig angeboten werden. Das Betreuerteam besteht u.a. aus erfahrenen P\u00e4dagogen, Eltern und Salesianern. Auch ein ausgebildeter Sanit\u00e4ter ist mit vor Ort. <\/p>\n\n\n\n<p><strong>Anmeldungen\/Infos<\/strong>: Bruder Gottfried Ebner, SDB Tel. +43 676 87 72 77 64 bzw. gottfried.ebner@donbosco.at<br><strong>Finaler Anmeldeschluss<\/strong> ist Mittwoch, der 10. Juli 2024<\/p>\n\n\n\n<figure class=\"wp-block-gallery has-nested-images columns-default is-cropped wp-block-gallery-5 is-layout-flex wp-block-gallery-is-layout-flex\">\n<figure class=\"wp-block-image size-large\"><img loading=\"lazy\" decoding=\"async\" width=\"3000\" height=\"4000\" data-id=\"65954\" src=\"https:\/\/www.visitklagenfurt.at\/wp-content\/uploads\/2023\/05\/EdlingFoto1-1.jpg\" alt=\"Ferienlager Pfarre St. Josef Klagenfurt in Edling\" class=\"wp-image-65954\"\/><figcaption class=\"wp-element-caption\">(c) beigestellt<\/figcaption><\/figure>\n\n\n\n<figure class=\"wp-block-image size-large\"><img loading=\"lazy\" decoding=\"async\" width=\"3456\" height=\"4608\" data-id=\"65958\" src=\"https:\/\/www.visitklagenfurt.at\/wp-content\/uploads\/2023\/05\/EdlingFoto2.jpg\" alt=\"Ferienlager Pfarre St. Josef Klagenfurt in Edling\" class=\"wp-image-65958\"\/><figcaption class=\"wp-element-caption\">(c) beigestellt<\/figcaption><\/figure>\n<\/figure>\n\n\n\n<h2 class=\"wp-block-heading\" id=\"h-flexible-kinderbetreuung-im-sommer\">Flexible Kinderbetreuung im Sommer<\/h2>\n\n\n\n<p>Keine Camp-Wochen, aber daf\u00fcr ein <strong>durchgehendes und flexibles Angebot an Kinderbetreuung <\/strong>bietet das Hilfswerk K\u00e4rnten in der <strong>KinderStadt Klagenfurt, <\/strong>die sich mitten im Herzen der Stadt befindet und wo bereits Kinder ab zwei Jahren stundenweise oder tageweise betreut werden.<\/p>\n\n\n\n<p>Das gemeinsame Projekt des Hilfswerks K\u00e4rnten mit der Stadt Klagenfurt bietet ein buntes Programm und viel Abwechslung. Im dazugeh\u00f6rigen Park finden die Kinder zudem gen\u00fcgend Platz, um viel Spa\u00df und Bewegung im Freien zu haben.<\/p>\n\n\n\n<p>Die KinderStadt steht <strong>allen Kindern offen,<\/strong> sogar Urlaubsg\u00e4ste k\u00f6nnen dieses Angebot in Anspruch nehmen. Und das superkomfortabel <strong>ohne Voranmeldung.<\/strong> Auch der Preis kann sich sehen lassen. F\u00fcr eine Stunde Kinderbetreuung zahlt man hier lediglich<strong> 3,50 Euro.<\/strong><\/p>\n\n\n\n<p>Adresse: Rauscherpark 1, 9020 Klagenfurt am W\u00f6rthersee<br>Telefon: +43 505 44 4000<br>Webseite: <a href=\"http:\/\/www.hilfswerk.at\" target=\"_blank\" rel=\"noreferrer noopener\">www.hilfswerk.at<\/a><\/p>\n\n\n\n<figure class=\"wp-block-gallery has-nested-images columns-default is-cropped wp-block-gallery-6 is-layout-flex wp-block-gallery-is-layout-flex\">\n<figure class=\"wp-block-image size-large\"><img loading=\"lazy\" decoding=\"async\" width=\"1000\" height=\"688\" data-id=\"53830\" src=\"https:\/\/www.visitklagenfurt.at\/wp-content\/uploads\/2023\/05\/KinderStadt-Basteln-u-Spielen-6-c-Hilfswerk-klein-1.jpg\" alt=\"Basteln und Spielen f\u00fcr Kinder in der KinderStadt des Hilfswerk Klagenfurt\" class=\"wp-image-53830\"\/><figcaption class=\"wp-element-caption\">(c) Hilfswerk Klagenfurt<\/figcaption><\/figure>\n<\/figure>\n\n\n\n<h2 class=\"wp-block-heading\" id=\"h-und-vor-den-ferien-sehen-wir-uns-freitags\">&#8230; und vor den Ferien sehen wir uns freitags!<\/h2>\n\n\n\n<p>Die Auswahl an Sommerferien-Camps rund um Klagenfurt ist also alles andere als klein. Das sind doch gute Nachrichten f\u00fcr Kinder und ihre Eltern. Wie \u00fcblich sollte man aber<strong> schnell sein, um noch Pl\u00e4tze zu ergattern,<\/strong> den erfahrungsgem\u00e4\u00df ist die Nachfrage nach solchen Ferienangeboten doch immer gr\u00f6\u00dfer als das Angebot.<\/p>\n\n\n\n<p>Und bis dahin gibt\u2019s immer Freitagnachmittag gratis ausreichend Spa\u00df und Spiel in der Stadt: <a href=\"http:\/\/www.visitklagenfurt.at\/drachenjagd\">Bei den Drachenjagd-Workshops<\/a><a href=\"https:\/\/www.visitklagenfurt.at\/de\/blog\/stadtleben\/drachenjagd-2023\/\" target=\"_blank\" rel=\"noreferrer noopener\">,<\/a> die noch bis inklusive 28. Juni 2024 von Sport bis Basteln, von Theater bis Clownerie alles bieten, was Kinder lieben!<\/p>\n\n\n\n<p><br><br><\/p>\n","protected":false},"excerpt":{"rendered":"<p>Wohin mit den Kids? Neun Wochen Schulferien liegen nicht nur vor Schulkindern, sondern auch vor ihren Eltern. Doch mit diesen Empfehlungen f\u00fcr die Camps, Kurse und Sommerbetreuung in und um Klagenfurt ist Rettung in Sicht. Auf einen entspannten Sommer f\u00fcr alle in der Familie!<\/p>\n","protected":false},"author":8,"featured_media":53814,"comment_status":"closed","ping_status":"closed","sticky":false,"template":"","format":"standard","meta":{"footnotes":""},"categories":[17],"tags":[644],"class_list":["post-53812","post","type-post","status-publish","format-standard","has-post-thumbnail","hentry","category-urlaub-freizeit","tag-familie"],"yoast_head":"<!-- This site is optimized with the Yoast SEO plugin v27.5 - https:\/\/yoast.com\/product\/yoast-seo-wordpress\/ -->\n<title>Sommer-Kinderbetreuung in Klagenfurt<\/title>\n<meta name=\"description\" content=\"Neun Wochen Sommerferien! Kinder freut&#039;s, Eltern stresst&#039;s. Ein Gl\u00fcck, dass es in Klagenfurt im Sommer diese F\u00fclle an Kinderbetreuung gibt.\" \/>\n<meta name=\"robots\" content=\"index, follow, max-snippet:-1, max-image-preview:large, max-video-preview:-1\" \/>\n<link rel=\"canonical\" href=\"https:\/\/www.visitklagenfurt.at\/de\/blog\/urlaub-freizeit\/kinderbetreuung-sommer-klagenfurt\/\" \/>\n<meta property=\"og:locale\" content=\"de_DE\" \/>\n<meta property=\"og:type\" content=\"article\" \/>\n<meta property=\"og:title\" content=\"Sommer-Kinderbetreuung in Klagenfurt\" \/>\n<meta property=\"og:description\" content=\"Neun Wochen Sommerferien! Kinder freut&#039;s, Eltern stresst&#039;s. Ein Gl\u00fcck, dass es in Klagenfurt im Sommer diese F\u00fclle an Kinderbetreuung gibt.\" \/>\n<meta property=\"og:url\" content=\"https:\/\/www.visitklagenfurt.at\/de\/blog\/urlaub-freizeit\/kinderbetreuung-sommer-klagenfurt\/\" \/>\n<meta property=\"og:site_name\" content=\"visitklagenfurt\" \/>\n<meta property=\"article:published_time\" content=\"2023-05-18T08:00:00+00:00\" \/>\n<meta property=\"article:modified_time\" content=\"2024-09-12T09:50:22+00:00\" \/>\n<meta property=\"og:image\" content=\"https:\/\/www.visitklagenfurt.at\/wp-content\/uploads\/2023\/05\/Sommercamp.jpg\" \/>\n\t<meta property=\"og:image:width\" content=\"3500\" \/>\n\t<meta property=\"og:image:height\" content=\"2333\" \/>\n\t<meta property=\"og:image:type\" content=\"image\/jpeg\" \/>\n<meta name=\"author\" content=\"Johanna Wohlfahrt\" \/>\n<meta name=\"twitter:card\" content=\"summary_large_image\" \/>\n<meta name=\"twitter:label1\" content=\"Verfasst von\" \/>\n\t<meta name=\"twitter:data1\" content=\"Johanna Wohlfahrt\" \/>\n\t<meta name=\"twitter:label2\" content=\"Gesch\u00e4tzte Lesezeit\" \/>\n\t<meta name=\"twitter:data2\" content=\"10\u00a0Minuten\" \/>\n<script type=\"application\/ld+json\" class=\"yoast-schema-graph\">{\"@context\":\"https:\\\/\\\/schema.org\",\"@graph\":[{\"@type\":\"Article\",\"@id\":\"https:\\\/\\\/www.visitklagenfurt.at\\\/de\\\/blog\\\/urlaub-freizeit\\\/kinderbetreuung-sommer-klagenfurt\\\/#article\",\"isPartOf\":{\"@id\":\"https:\\\/\\\/www.visitklagenfurt.at\\\/de\\\/blog\\\/urlaub-freizeit\\\/kinderbetreuung-sommer-klagenfurt\\\/\"},\"author\":{\"name\":\"Johanna Wohlfahrt\",\"@id\":\"https:\\\/\\\/www.visitklagenfurt.at\\\/de\\\/#\\\/schema\\\/person\\\/0a69a33beb43019798be20d9d9bbe303\"},\"headline\":\"Die besten Sommercamps in Klagenfurt mit erstklassiger Kinderbetreuung\",\"datePublished\":\"2023-05-18T08:00:00+00:00\",\"dateModified\":\"2024-09-12T09:50:22+00:00\",\"mainEntityOfPage\":{\"@id\":\"https:\\\/\\\/www.visitklagenfurt.at\\\/de\\\/blog\\\/urlaub-freizeit\\\/kinderbetreuung-sommer-klagenfurt\\\/\"},\"wordCount\":1515,\"publisher\":{\"@id\":\"https:\\\/\\\/www.visitklagenfurt.at\\\/de\\\/#organization\"},\"image\":{\"@id\":\"https:\\\/\\\/www.visitklagenfurt.at\\\/de\\\/blog\\\/urlaub-freizeit\\\/kinderbetreuung-sommer-klagenfurt\\\/#primaryimage\"},\"thumbnailUrl\":\"https:\\\/\\\/www.visitklagenfurt.at\\\/wp-content\\\/uploads\\\/2023\\\/05\\\/Sommercamp.jpg\",\"keywords\":[\"Familie\"],\"articleSection\":[\"Urlaub &amp; Freizeit\"],\"inLanguage\":\"de\"},{\"@type\":\"WebPage\",\"@id\":\"https:\\\/\\\/www.visitklagenfurt.at\\\/de\\\/blog\\\/urlaub-freizeit\\\/kinderbetreuung-sommer-klagenfurt\\\/\",\"url\":\"https:\\\/\\\/www.visitklagenfurt.at\\\/de\\\/blog\\\/urlaub-freizeit\\\/kinderbetreuung-sommer-klagenfurt\\\/\",\"name\":\"Sommer-Kinderbetreuung in Klagenfurt\",\"isPartOf\":{\"@id\":\"https:\\\/\\\/www.visitklagenfurt.at\\\/de\\\/#website\"},\"primaryImageOfPage\":{\"@id\":\"https:\\\/\\\/www.visitklagenfurt.at\\\/de\\\/blog\\\/urlaub-freizeit\\\/kinderbetreuung-sommer-klagenfurt\\\/#primaryimage\"},\"image\":{\"@id\":\"https:\\\/\\\/www.visitklagenfurt.at\\\/de\\\/blog\\\/urlaub-freizeit\\\/kinderbetreuung-sommer-klagenfurt\\\/#primaryimage\"},\"thumbnailUrl\":\"https:\\\/\\\/www.visitklagenfurt.at\\\/wp-content\\\/uploads\\\/2023\\\/05\\\/Sommercamp.jpg\",\"datePublished\":\"2023-05-18T08:00:00+00:00\",\"dateModified\":\"2024-09-12T09:50:22+00:00\",\"description\":\"Neun Wochen Sommerferien! Kinder freut's, Eltern stresst's. Ein Gl\u00fcck, dass es in Klagenfurt im Sommer diese F\u00fclle an Kinderbetreuung gibt.\",\"breadcrumb\":{\"@id\":\"https:\\\/\\\/www.visitklagenfurt.at\\\/de\\\/blog\\\/urlaub-freizeit\\\/kinderbetreuung-sommer-klagenfurt\\\/#breadcrumb\"},\"inLanguage\":\"de\",\"potentialAction\":[{\"@type\":\"ReadAction\",\"target\":[\"https:\\\/\\\/www.visitklagenfurt.at\\\/de\\\/blog\\\/urlaub-freizeit\\\/kinderbetreuung-sommer-klagenfurt\\\/\"]}]},{\"@type\":\"ImageObject\",\"inLanguage\":\"de\",\"@id\":\"https:\\\/\\\/www.visitklagenfurt.at\\\/de\\\/blog\\\/urlaub-freizeit\\\/kinderbetreuung-sommer-klagenfurt\\\/#primaryimage\",\"url\":\"https:\\\/\\\/www.visitklagenfurt.at\\\/wp-content\\\/uploads\\\/2023\\\/05\\\/Sommercamp.jpg\",\"contentUrl\":\"https:\\\/\\\/www.visitklagenfurt.at\\\/wp-content\\\/uploads\\\/2023\\\/05\\\/Sommercamp.jpg\",\"width\":3500,\"height\":2333,\"caption\":\"(c) Sportunion Klagenfurt\"},{\"@type\":\"BreadcrumbList\",\"@id\":\"https:\\\/\\\/www.visitklagenfurt.at\\\/de\\\/blog\\\/urlaub-freizeit\\\/kinderbetreuung-sommer-klagenfurt\\\/#breadcrumb\",\"itemListElement\":[{\"@type\":\"ListItem\",\"position\":1,\"name\":\"visitklagenfurt\",\"item\":\"https:\\\/\\\/www.visitklagenfurt.at\\\/de\\\/\"},{\"@type\":\"ListItem\",\"position\":2,\"name\":\"Blog\",\"item\":\"https:\\\/\\\/www.visitklagenfurt.at\\\/de\\\/category\\\/blog\\\/\"},{\"@type\":\"ListItem\",\"position\":3,\"name\":\"Urlaub &amp; Freizeit\",\"item\":\"https:\\\/\\\/www.visitklagenfurt.at\\\/de\\\/category\\\/blog\\\/urlaub-freizeit\\\/\"},{\"@type\":\"ListItem\",\"position\":4,\"name\":\"Die besten Sommercamps in Klagenfurt mit erstklassiger Kinderbetreuung\"}]},{\"@type\":\"WebSite\",\"@id\":\"https:\\\/\\\/www.visitklagenfurt.at\\\/de\\\/#website\",\"url\":\"https:\\\/\\\/www.visitklagenfurt.at\\\/de\\\/\",\"name\":\"visitklagenfurt\",\"description\":\"\",\"publisher\":{\"@id\":\"https:\\\/\\\/www.visitklagenfurt.at\\\/de\\\/#organization\"},\"potentialAction\":[{\"@type\":\"SearchAction\",\"target\":{\"@type\":\"EntryPoint\",\"urlTemplate\":\"https:\\\/\\\/www.visitklagenfurt.at\\\/de\\\/?s={search_term_string}\"},\"query-input\":{\"@type\":\"PropertyValueSpecification\",\"valueRequired\":true,\"valueName\":\"search_term_string\"}}],\"inLanguage\":\"de\"},{\"@type\":\"Organization\",\"@id\":\"https:\\\/\\\/www.visitklagenfurt.at\\\/de\\\/#organization\",\"name\":\"Tourismus Region Klagenfurt am W\u00f6rthersee GmbH\",\"url\":\"https:\\\/\\\/www.visitklagenfurt.at\\\/de\\\/\",\"logo\":{\"@type\":\"ImageObject\",\"inLanguage\":\"de\",\"@id\":\"https:\\\/\\\/www.visitklagenfurt.at\\\/de\\\/#\\\/schema\\\/logo\\\/image\\\/\",\"url\":\"https:\\\/\\\/www.visitklagenfurt.at\\\/wp-content\\\/uploads\\\/2022\\\/03\\\/DT_K_Klagenfurt_S_RGB.png\",\"contentUrl\":\"https:\\\/\\\/www.visitklagenfurt.at\\\/wp-content\\\/uploads\\\/2022\\\/03\\\/DT_K_Klagenfurt_S_RGB.png\",\"width\":2082,\"height\":1511,\"caption\":\"Tourismus Region Klagenfurt am W\u00f6rthersee GmbH\"},\"image\":{\"@id\":\"https:\\\/\\\/www.visitklagenfurt.at\\\/de\\\/#\\\/schema\\\/logo\\\/image\\\/\"}},{\"@type\":\"Person\",\"@id\":\"https:\\\/\\\/www.visitklagenfurt.at\\\/de\\\/#\\\/schema\\\/person\\\/0a69a33beb43019798be20d9d9bbe303\",\"name\":\"Johanna Wohlfahrt\",\"image\":{\"@type\":\"ImageObject\",\"inLanguage\":\"de\",\"@id\":\"https:\\\/\\\/www.visitklagenfurt.at\\\/wp-content\\\/uploads\\\/2021\\\/07\\\/johanna_wohlfahrt_512.jpg\",\"url\":\"https:\\\/\\\/www.visitklagenfurt.at\\\/wp-content\\\/uploads\\\/2021\\\/07\\\/johanna_wohlfahrt_512.jpg\",\"contentUrl\":\"https:\\\/\\\/www.visitklagenfurt.at\\\/wp-content\\\/uploads\\\/2021\\\/07\\\/johanna_wohlfahrt_512.jpg\",\"caption\":\"Johanna Wohlfahrt\"},\"description\":\"Hallo, Johanna Wohlfahrt mein Name. Studierte Germanistin, gelernte Printjournalistin, engagierte Bloggerin. 20 Jahre schon schreibe ich \u00fcber Reisen, Lifestyle und Trends f\u00fcr unterschiedliche Medien, Plattformen und Kan\u00e4le. Ich st\u00f6bere st\u00e4ndig nach Kuriosem, Herausragendem, nach der Story dahinter. Kaum ein Geheimtipp von K\u00e4rnten bis zur Adria, der mir verborgen bleibt. Schreibtischt\u00e4terin bin ich keine. Lieber mach ich mir selber ein Bild. Was gut ist, empfehle ich in meinen Texten gerne weiter. Alles andere bleibt au\u00dfen vor. Seit zwei Jahrzehnten ist Klagenfurt mein Habitat. Manchmal bin ich selbst erstaunt, wie sehr sich die Stadt in dieser Zeit entwickelt hat. Klagenfurt ist cool - und hier ist es nachzulesen.\",\"url\":\"https:\\\/\\\/www.visitklagenfurt.at\\\/de\\\/author\\\/johanna_wohlfahrt\\\/\"}]}<\/script>\n<!-- \/ Yoast SEO plugin. -->","yoast_head_json":{"title":"Sommer-Kinderbetreuung in Klagenfurt","description":"Neun Wochen Sommerferien! Kinder freut's, Eltern stresst's. Ein Gl\u00fcck, dass es in Klagenfurt im Sommer diese F\u00fclle an Kinderbetreuung gibt.","robots":{"index":"index","follow":"follow","max-snippet":"max-snippet:-1","max-image-preview":"max-image-preview:large","max-video-preview":"max-video-preview:-1"},"canonical":"https:\/\/www.visitklagenfurt.at\/de\/blog\/urlaub-freizeit\/kinderbetreuung-sommer-klagenfurt\/","og_locale":"de_DE","og_type":"article","og_title":"Sommer-Kinderbetreuung in Klagenfurt","og_description":"Neun Wochen Sommerferien! Kinder freut's, Eltern stresst's. Ein Gl\u00fcck, dass es in Klagenfurt im Sommer diese F\u00fclle an Kinderbetreuung gibt.","og_url":"https:\/\/www.visitklagenfurt.at\/de\/blog\/urlaub-freizeit\/kinderbetreuung-sommer-klagenfurt\/","og_site_name":"visitklagenfurt","article_published_time":"2023-05-18T08:00:00+00:00","article_modified_time":"2024-09-12T09:50:22+00:00","og_image":[{"width":3500,"height":2333,"url":"https:\/\/www.visitklagenfurt.at\/wp-content\/uploads\/2023\/05\/Sommercamp.jpg","type":"image\/jpeg"}],"author":"Johanna Wohlfahrt","twitter_card":"summary_large_image","twitter_misc":{"Verfasst von":"Johanna Wohlfahrt","Gesch\u00e4tzte Lesezeit":"10\u00a0Minuten"},"schema":{"@context":"https:\/\/schema.org","@graph":[{"@type":"Article","@id":"https:\/\/www.visitklagenfurt.at\/de\/blog\/urlaub-freizeit\/kinderbetreuung-sommer-klagenfurt\/#article","isPartOf":{"@id":"https:\/\/www.visitklagenfurt.at\/de\/blog\/urlaub-freizeit\/kinderbetreuung-sommer-klagenfurt\/"},"author":{"name":"Johanna Wohlfahrt","@id":"https:\/\/www.visitklagenfurt.at\/de\/#\/schema\/person\/0a69a33beb43019798be20d9d9bbe303"},"headline":"Die besten Sommercamps in Klagenfurt mit erstklassiger Kinderbetreuung","datePublished":"2023-05-18T08:00:00+00:00","dateModified":"2024-09-12T09:50:22+00:00","mainEntityOfPage":{"@id":"https:\/\/www.visitklagenfurt.at\/de\/blog\/urlaub-freizeit\/kinderbetreuung-sommer-klagenfurt\/"},"wordCount":1515,"publisher":{"@id":"https:\/\/www.visitklagenfurt.at\/de\/#organization"},"image":{"@id":"https:\/\/www.visitklagenfurt.at\/de\/blog\/urlaub-freizeit\/kinderbetreuung-sommer-klagenfurt\/#primaryimage"},"thumbnailUrl":"https:\/\/www.visitklagenfurt.at\/wp-content\/uploads\/2023\/05\/Sommercamp.jpg","keywords":["Familie"],"articleSection":["Urlaub &amp; Freizeit"],"inLanguage":"de"},{"@type":"WebPage","@id":"https:\/\/www.visitklagenfurt.at\/de\/blog\/urlaub-freizeit\/kinderbetreuung-sommer-klagenfurt\/","url":"https:\/\/www.visitklagenfurt.at\/de\/blog\/urlaub-freizeit\/kinderbetreuung-sommer-klagenfurt\/","name":"Sommer-Kinderbetreuung in Klagenfurt","isPartOf":{"@id":"https:\/\/www.visitklagenfurt.at\/de\/#website"},"primaryImageOfPage":{"@id":"https:\/\/www.visitklagenfurt.at\/de\/blog\/urlaub-freizeit\/kinderbetreuung-sommer-klagenfurt\/#primaryimage"},"image":{"@id":"https:\/\/www.visitklagenfurt.at\/de\/blog\/urlaub-freizeit\/kinderbetreuung-sommer-klagenfurt\/#primaryimage"},"thumbnailUrl":"https:\/\/www.visitklagenfurt.at\/wp-content\/uploads\/2023\/05\/Sommercamp.jpg","datePublished":"2023-05-18T08:00:00+00:00","dateModified":"2024-09-12T09:50:22+00:00","description":"Neun Wochen Sommerferien! Kinder freut's, Eltern stresst's. Ein Gl\u00fcck, dass es in Klagenfurt im Sommer diese F\u00fclle an Kinderbetreuung gibt.","breadcrumb":{"@id":"https:\/\/www.visitklagenfurt.at\/de\/blog\/urlaub-freizeit\/kinderbetreuung-sommer-klagenfurt\/#breadcrumb"},"inLanguage":"de","potentialAction":[{"@type":"ReadAction","target":["https:\/\/www.visitklagenfurt.at\/de\/blog\/urlaub-freizeit\/kinderbetreuung-sommer-klagenfurt\/"]}]},{"@type":"ImageObject","inLanguage":"de","@id":"https:\/\/www.visitklagenfurt.at\/de\/blog\/urlaub-freizeit\/kinderbetreuung-sommer-klagenfurt\/#primaryimage","url":"https:\/\/www.visitklagenfurt.at\/wp-content\/uploads\/2023\/05\/Sommercamp.jpg","contentUrl":"https:\/\/www.visitklagenfurt.at\/wp-content\/uploads\/2023\/05\/Sommercamp.jpg","width":3500,"height":2333,"caption":"(c) Sportunion Klagenfurt"},{"@type":"BreadcrumbList","@id":"https:\/\/www.visitklagenfurt.at\/de\/blog\/urlaub-freizeit\/kinderbetreuung-sommer-klagenfurt\/#breadcrumb","itemListElement":[{"@type":"ListItem","position":1,"name":"visitklagenfurt","item":"https:\/\/www.visitklagenfurt.at\/de\/"},{"@type":"ListItem","position":2,"name":"Blog","item":"https:\/\/www.visitklagenfurt.at\/de\/category\/blog\/"},{"@type":"ListItem","position":3,"name":"Urlaub &amp; Freizeit","item":"https:\/\/www.visitklagenfurt.at\/de\/category\/blog\/urlaub-freizeit\/"},{"@type":"ListItem","position":4,"name":"Die besten Sommercamps in Klagenfurt mit erstklassiger Kinderbetreuung"}]},{"@type":"WebSite","@id":"https:\/\/www.visitklagenfurt.at\/de\/#website","url":"https:\/\/www.visitklagenfurt.at\/de\/","name":"visitklagenfurt","description":"","publisher":{"@id":"https:\/\/www.visitklagenfurt.at\/de\/#organization"},"potentialAction":[{"@type":"SearchAction","target":{"@type":"EntryPoint","urlTemplate":"https:\/\/www.visitklagenfurt.at\/de\/?s={search_term_string}"},"query-input":{"@type":"PropertyValueSpecification","valueRequired":true,"valueName":"search_term_string"}}],"inLanguage":"de"},{"@type":"Organization","@id":"https:\/\/www.visitklagenfurt.at\/de\/#organization","name":"Tourismus Region Klagenfurt am W\u00f6rthersee GmbH","url":"https:\/\/www.visitklagenfurt.at\/de\/","logo":{"@type":"ImageObject","inLanguage":"de","@id":"https:\/\/www.visitklagenfurt.at\/de\/#\/schema\/logo\/image\/","url":"https:\/\/www.visitklagenfurt.at\/wp-content\/uploads\/2022\/03\/DT_K_Klagenfurt_S_RGB.png","contentUrl":"https:\/\/www.visitklagenfurt.at\/wp-content\/uploads\/2022\/03\/DT_K_Klagenfurt_S_RGB.png","width":2082,"height":1511,"caption":"Tourismus Region Klagenfurt am W\u00f6rthersee GmbH"},"image":{"@id":"https:\/\/www.visitklagenfurt.at\/de\/#\/schema\/logo\/image\/"}},{"@type":"Person","@id":"https:\/\/www.visitklagenfurt.at\/de\/#\/schema\/person\/0a69a33beb43019798be20d9d9bbe303","name":"Johanna Wohlfahrt","image":{"@type":"ImageObject","inLanguage":"de","@id":"https:\/\/www.visitklagenfurt.at\/wp-content\/uploads\/2021\/07\/johanna_wohlfahrt_512.jpg","url":"https:\/\/www.visitklagenfurt.at\/wp-content\/uploads\/2021\/07\/johanna_wohlfahrt_512.jpg","contentUrl":"https:\/\/www.visitklagenfurt.at\/wp-content\/uploads\/2021\/07\/johanna_wohlfahrt_512.jpg","caption":"Johanna Wohlfahrt"},"description":"Hallo, Johanna Wohlfahrt mein Name. Studierte Germanistin, gelernte Printjournalistin, engagierte Bloggerin. 20 Jahre schon schreibe ich \u00fcber Reisen, Lifestyle und Trends f\u00fcr unterschiedliche Medien, Plattformen und Kan\u00e4le. Ich st\u00f6bere st\u00e4ndig nach Kuriosem, Herausragendem, nach der Story dahinter. Kaum ein Geheimtipp von K\u00e4rnten bis zur Adria, der mir verborgen bleibt. Schreibtischt\u00e4terin bin ich keine. Lieber mach ich mir selber ein Bild. Was gut ist, empfehle ich in meinen Texten gerne weiter. Alles andere bleibt au\u00dfen vor. Seit zwei Jahrzehnten ist Klagenfurt mein Habitat. Manchmal bin ich selbst erstaunt, wie sehr sich die Stadt in dieser Zeit entwickelt hat. Klagenfurt ist cool - und hier ist es nachzulesen.","url":"https:\/\/www.visitklagenfurt.at\/de\/author\/johanna_wohlfahrt\/"}]}},"_links":{"self":[{"href":"https:\/\/www.visitklagenfurt.at\/de\/wp-json\/wp\/v2\/posts\/53812","targetHints":{"allow":["GET"]}}],"collection":[{"href":"https:\/\/www.visitklagenfurt.at\/de\/wp-json\/wp\/v2\/posts"}],"about":[{"href":"https:\/\/www.visitklagenfurt.at\/de\/wp-json\/wp\/v2\/types\/post"}],"author":[{"embeddable":true,"href":"https:\/\/www.visitklagenfurt.at\/de\/wp-json\/wp\/v2\/users\/8"}],"replies":[{"embeddable":true,"href":"https:\/\/www.visitklagenfurt.at\/de\/wp-json\/wp\/v2\/comments?post=53812"}],"version-history":[{"count":42,"href":"https:\/\/www.visitklagenfurt.at\/de\/wp-json\/wp\/v2\/posts\/53812\/revisions"}],"predecessor-version":[{"id":70153,"href":"https:\/\/www.visitklagenfurt.at\/de\/wp-json\/wp\/v2\/posts\/53812\/revisions\/70153"}],"wp:featuredmedia":[{"embeddable":true,"href":"https:\/\/www.visitklagenfurt.at\/de\/wp-json\/wp\/v2\/media\/53814"}],"wp:attachment":[{"href":"https:\/\/www.visitklagenfurt.at\/de\/wp-json\/wp\/v2\/media?parent=53812"}],"wp:term":[{"taxonomy":"category","embeddable":true,"href":"https:\/\/www.visitklagenfurt.at\/de\/wp-json\/wp\/v2\/categories?post=53812"},{"taxonomy":"post_tag","embeddable":true,"href":"https:\/\/www.visitklagenfurt.at\/de\/wp-json\/wp\/v2\/tags?post=53812"}],"curies":[{"name":"wp","href":"https:\/\/api.w.org\/{rel}","templated":true}]}}