{"id":570,"date":"2020-08-25T11:16:00","date_gmt":"2020-08-25T09:16:00","guid":{"rendered":"http:\/\/blog.visitklagenfurt.at\/?p=570"},"modified":"2022-05-23T12:00:56","modified_gmt":"2022-05-23T10:00:56","slug":"radfahren-mit-familie","status":"publish","type":"post","link":"https:\/\/www.visitklagenfurt.at\/de\/blog\/urlaub-freizeit\/radfahren-mit-familie\/","title":{"rendered":"Tipps und Touren f\u00fcr das Radfahren mit der Familie in Klagenfurt"},"content":{"rendered":"\n<p>Klagenfurt am W\u00f6rthersee ist ein unvergessliches Erlebnis f\u00fcr die ganze Familie. Das gilt vor allem, wenn man die pulsierende Stadt und ihr malerisches Umland gemeinsam mit dem Rad erkundet. Die kurzen Wege der kompakten Innenstadt bringen auch die Kleinen mit nur wenigen Kurbelumdrehungen in die Natur, wo allerlei Abenteuer warten.&nbsp;<\/p>\n\n\n\n<p>Was gibt es Sch\u00f6neres als einen Radausflug? Genau! Eine Radtour mit der ganzen Familie in und rund um Klagenfurt am W\u00f6rthersee. Die perfekte Lage der Stadt zwischen dem W\u00f6rthersee mit all seinen Freizeitangeboten und dem lauschigen Umland der Stadt macht das Radfahren f\u00fcr Gro\u00df und Klein zum entspannten Abenteuer f\u00fcr Familien. <br><br>Hier erfahrt ihr, wo sich Kinder beim Fahrradfahren sicher auspowern k\u00f6nnen und&nbsp; auch Eltern auf ihre Kosten kommen oder wo man sich entspannen kann.<\/p>\n\n\n\n<figure class=\"wp-block-gallery has-nested-images columns-default is-cropped wp-block-gallery-1 is-layout-flex wp-block-gallery-is-layout-flex\">\n<figure class=\"wp-block-image size-large\"><img fetchpriority=\"high\" decoding=\"async\" width=\"1024\" height=\"684\" data-id=\"1140\" src=\"https:\/\/www.visitklagenfurt.at\/wp-content\/uploads\/2020\/08\/genussrad_sport_rad_ostbucht_sommer_promenade_2018_c-franz_gerdl_66-web-1024x684.jpg\" alt=\"Radtour mit der Familie in Klagenfurt\" class=\"wp-image-1140\" srcset=\"https:\/\/www.visitklagenfurt.at\/wp-content\/uploads\/2020\/08\/genussrad_sport_rad_ostbucht_sommer_promenade_2018_c-franz_gerdl_66-web-1024x684.jpg 1024w, https:\/\/www.visitklagenfurt.at\/wp-content\/uploads\/2020\/08\/genussrad_sport_rad_ostbucht_sommer_promenade_2018_c-franz_gerdl_66-web-300x200.jpg 300w, https:\/\/www.visitklagenfurt.at\/wp-content\/uploads\/2020\/08\/genussrad_sport_rad_ostbucht_sommer_promenade_2018_c-franz_gerdl_66-web-768x513.jpg 768w, https:\/\/www.visitklagenfurt.at\/wp-content\/uploads\/2020\/08\/genussrad_sport_rad_ostbucht_sommer_promenade_2018_c-franz_gerdl_66-web-1536x1025.jpg 1536w, https:\/\/www.visitklagenfurt.at\/wp-content\/uploads\/2020\/08\/genussrad_sport_rad_ostbucht_sommer_promenade_2018_c-franz_gerdl_66-web.jpg 2048w\" sizes=\"(max-width: 1024px) 100vw, 1024px\" \/><figcaption>(c) Franz Gerdl<\/figcaption><\/figure>\n<\/figure>\n\n\n\n<h2 class=\"wp-block-heading\" id=\"h-von-der-innenstadt-zum-worthersee\">Von der Innenstadt zum W\u00f6rthersee<\/h2>\n\n\n\n<p>Fangen wir beim Naheliegendsten an. Und nichts liegt in Klagenfurt n\u00e4her als der t\u00fcrkisblaue W\u00f6rthersee mit der sonnigen Ostbucht. Aus der Klagenfurter Innenstadt ist man entlang des <a href=\"https:\/\/www.visitklagenfurt.at\/de\/woerthersee-und-umgebung\/lendkanal-lendhafen\/\">Lendkanals<\/a> mit dem Rad in wenigen Minuten am W\u00f6rthersee, wo ein vielf\u00e4ltiges Freizeitprogramm f\u00fcr die Kids wartet, entdeckt zu werden.<\/p>\n\n\n\n<p>Auf den sicher ausgebauten Radwegen k\u00f6nnen die Kids auch mal ein paar Kurven vorausfahren, ohne dass Gefahr droht. Dazu gibt es nicht nur viele Rast- und Einkehrm\u00f6glichkeiten, sondern auch Sehensw\u00fcrdigkeiten und abwechslungsreiche Freizeitaktivit\u00e4ten f\u00fcr Gro\u00df und Klein.<\/p>\n\n\n\n<figure class=\"wp-block-gallery has-nested-images columns-2 is-cropped wp-block-gallery-2 is-layout-flex wp-block-gallery-is-layout-flex\">\n<figure class=\"wp-block-image size-large\"><a href=\"https:\/\/www.visitklagenfurt.at\/wp-content\/uploads\/2020\/08\/genussrad_sport_rad_sommer_fussgangerzone_familie_2018_c-franz_gerdl_198-web.jpg\"><img decoding=\"async\" width=\"2048\" height=\"1367\" data-id=\"1145\" src=\"https:\/\/www.visitklagenfurt.at\/wp-content\/uploads\/2020\/08\/genussrad_sport_rad_sommer_fussgangerzone_familie_2018_c-franz_gerdl_198-web.jpg\" alt=\"Mit dem Rad und Familie durch die Innenstadt\" class=\"wp-image-1145\" srcset=\"https:\/\/www.visitklagenfurt.at\/wp-content\/uploads\/2020\/08\/genussrad_sport_rad_sommer_fussgangerzone_familie_2018_c-franz_gerdl_198-web.jpg 2048w, https:\/\/www.visitklagenfurt.at\/wp-content\/uploads\/2020\/08\/genussrad_sport_rad_sommer_fussgangerzone_familie_2018_c-franz_gerdl_198-web-300x200.jpg 300w, https:\/\/www.visitklagenfurt.at\/wp-content\/uploads\/2020\/08\/genussrad_sport_rad_sommer_fussgangerzone_familie_2018_c-franz_gerdl_198-web-1024x684.jpg 1024w, https:\/\/www.visitklagenfurt.at\/wp-content\/uploads\/2020\/08\/genussrad_sport_rad_sommer_fussgangerzone_familie_2018_c-franz_gerdl_198-web-768x513.jpg 768w, https:\/\/www.visitklagenfurt.at\/wp-content\/uploads\/2020\/08\/genussrad_sport_rad_sommer_fussgangerzone_familie_2018_c-franz_gerdl_198-web-1536x1025.jpg 1536w\" sizes=\"(max-width: 2048px) 100vw, 2048px\" \/><\/a><\/figure>\n\n\n\n<figure class=\"wp-block-image size-large\"><a href=\"https:\/\/www.visitklagenfurt.at\/wp-content\/uploads\/2020\/08\/genussrad_sport_rad_lendkanal_sommer_2018_c-franz_gerdl_118-web.jpg\"><img decoding=\"async\" width=\"1024\" height=\"684\" data-id=\"1146\" src=\"https:\/\/www.visitklagenfurt.at\/wp-content\/uploads\/2020\/08\/genussrad_sport_rad_lendkanal_sommer_2018_c-franz_gerdl_118-web-1024x684.jpg\" alt=\"Radweg in Klagenfurt am W\u00f6rthersee an sonnigem Tag\" class=\"wp-image-1146\" srcset=\"https:\/\/www.visitklagenfurt.at\/wp-content\/uploads\/2020\/08\/genussrad_sport_rad_lendkanal_sommer_2018_c-franz_gerdl_118-web-1024x684.jpg 1024w, https:\/\/www.visitklagenfurt.at\/wp-content\/uploads\/2020\/08\/genussrad_sport_rad_lendkanal_sommer_2018_c-franz_gerdl_118-web-300x200.jpg 300w, https:\/\/www.visitklagenfurt.at\/wp-content\/uploads\/2020\/08\/genussrad_sport_rad_lendkanal_sommer_2018_c-franz_gerdl_118-web-768x513.jpg 768w, https:\/\/www.visitklagenfurt.at\/wp-content\/uploads\/2020\/08\/genussrad_sport_rad_lendkanal_sommer_2018_c-franz_gerdl_118-web-1536x1025.jpg 1536w, https:\/\/www.visitklagenfurt.at\/wp-content\/uploads\/2020\/08\/genussrad_sport_rad_lendkanal_sommer_2018_c-franz_gerdl_118-web.jpg 2048w\" sizes=\"(max-width: 1024px) 100vw, 1024px\" \/><\/a><\/figure>\n\n\n\n<figure class=\"wp-block-image size-large\"><a href=\"https:\/\/www.visitklagenfurt.at\/wp-content\/uploads\/2020\/07\/genussrad_sport_rad_sommer_promenade_ostbucht_2018_c-franz_gerdl_113-web.jpg\"><img loading=\"lazy\" decoding=\"async\" width=\"2048\" height=\"1367\" data-id=\"809\" src=\"https:\/\/www.visitklagenfurt.at\/wp-content\/uploads\/2020\/07\/genussrad_sport_rad_sommer_promenade_ostbucht_2018_c-franz_gerdl_113-web.jpg\" alt=\"Mit dem Rad den W\u00f6rthersee erkunden\" class=\"wp-image-809\" srcset=\"https:\/\/www.visitklagenfurt.at\/wp-content\/uploads\/2020\/07\/genussrad_sport_rad_sommer_promenade_ostbucht_2018_c-franz_gerdl_113-web.jpg 2048w, https:\/\/www.visitklagenfurt.at\/wp-content\/uploads\/2020\/07\/genussrad_sport_rad_sommer_promenade_ostbucht_2018_c-franz_gerdl_113-web-300x200.jpg 300w, https:\/\/www.visitklagenfurt.at\/wp-content\/uploads\/2020\/07\/genussrad_sport_rad_sommer_promenade_ostbucht_2018_c-franz_gerdl_113-web-1024x684.jpg 1024w, https:\/\/www.visitklagenfurt.at\/wp-content\/uploads\/2020\/07\/genussrad_sport_rad_sommer_promenade_ostbucht_2018_c-franz_gerdl_113-web-768x513.jpg 768w, https:\/\/www.visitklagenfurt.at\/wp-content\/uploads\/2020\/07\/genussrad_sport_rad_sommer_promenade_ostbucht_2018_c-franz_gerdl_113-web-1536x1025.jpg 1536w\" sizes=\"(max-width: 2048px) 100vw, 2048px\" \/><\/a><figcaption>(c) Franz Gerdl<\/figcaption><\/figure>\n<\/figure>\n\n\n\n<h3 class=\"wp-block-heading\" id=\"h-fur-die-kleine-belohnung-zwischendurch\">F\u00fcr die kleine Belohnung zwischendurch<\/h3>\n\n\n\n<p>Schon nach etwa zwei Kilometern und damit bereits auf halber Strecke zum W\u00f6rthersee bietet sich mit der historischen \u201eSteinernen Br\u00fccke\u201c und dem dortigen <a href=\"https:\/\/www.facebook.com\/morleeissalon\">Eissalon Morle<\/a> ein erster Zwischenstopp beim Radfahren an.&nbsp;<\/p>\n\n\n\n<p>Dieser Klagenfurter Traditions-Eissalon bietet selbstgemachtes Eis im Sitzgarten direkt am Radweg und ist im Sommer ein Hotspot f\u00fcr alle Eisfans. Das \u201eMorle-Eis\u201c funktioniert \u00fcbrigens auch perfekt als Lockmittel, um die Kleinen am Abend wieder aus der Ostbucht in die Innenstadt zu bringen.<\/p>\n\n\n\n<p><strong>Top-Tipp:<\/strong> Schon beim Hinfahren ank\u00fcndigen, dann gibt\u2019s am Abend erst gar keine Diskussionen. F\u00fcr eine wahre Gaumenfreude sorgt der hauchd\u00fcnne Schokoladen\u00fcberzug &#8211; landl\u00e4ufig \u201cMorle\u201d genannt &#8211; auf dem Eis.<\/p>\n\n\n\n<h3 class=\"wp-block-heading\" id=\"h-mit-dem-rad-in-den-dschungel-oder-gleich-in-den-weltraum\">Mit dem Rad in den Dschungel oder gleich in den Weltraum?<\/h3>\n\n\n\n<p>Diese Diskussion kann es schnell geben, denn in der Ostbucht gibt es so vieles zu entdecken und zu erleben, dass ein Urlaubstag kaum ausreicht. Aber zum Gl\u00fcck liegen alle Attraktionen direkt am Radweg:&nbsp;<\/p>\n\n\n\n<ul class=\"wp-block-list\"><li>Als Erstes w\u00e4re da der artenreichste Reptilienzoo in \u00d6sterreich &#8211; der <a href=\"https:\/\/www.visitklagenfurt.at\/de\/sehenswertes-und-ausfluege\/ausflugsziele\/reptilienzoo-happ\/\" target=\"_blank\" rel=\"noreferrer noopener\"><mark style=\"background-color:rgba(0, 0, 0, 0);color:#0070b8\" class=\"has-inline-color\">Reptilienzoo Happ<\/mark><\/a>. Ein Dschungel voller Krokodile, Riesenschildkr\u00f6ten, Kobras und Vogelspinnen wartet darauf von unerschrockenen Abenteurern entdeckt zu werden.&nbsp;<br><\/li><li>Angehende Astronauten ziehen wohl eher das naheliegende <a href=\"http:\/\/www.planetarium-klagenfurt.at\/\" target=\"_blank\" rel=\"noreferrer noopener\"><mark style=\"background-color:rgba(0, 0, 0, 0);color:#0070b8\" class=\"has-inline-color\">Planetarium Klagenfurt<\/mark><\/a> vor. Wer schnell geradelt ist und daher mehr Zeit hat, kann auch beides schaffen.&nbsp;<\/li><\/ul>\n\n\n\n<figure class=\"wp-block-gallery has-nested-images columns-1 is-cropped wp-block-gallery-3 is-layout-flex wp-block-gallery-is-layout-flex\">\n<figure class=\"wp-block-image size-large\"><a href=\"https:\/\/www.visitklagenfurt.at\/wp-content\/uploads\/2022\/01\/Planetarium-Klagenfurt_c-Pixelpoint-Multimedia-1.jpg\"><img loading=\"lazy\" decoding=\"async\" width=\"1020\" height=\"680\" data-id=\"32577\" src=\"https:\/\/www.visitklagenfurt.at\/wp-content\/uploads\/2022\/01\/Planetarium-Klagenfurt_c-Pixelpoint-Multimedia-1.jpg\" alt=\"Planetarium Klagenfurt am W\u00f6rthersee\" class=\"wp-image-32577\"\/><\/a><\/figure>\n\n\n\n<figure class=\"wp-block-image size-large\"><a href=\"https:\/\/www.visitklagenfurt.at\/wp-content\/uploads\/2021\/02\/reptilienzoo_happ_c-Pixelpoint-Multimedia-Wolfgang-Handler.jpeg\"><img loading=\"lazy\" decoding=\"async\" width=\"1024\" height=\"683\" data-id=\"4959\" src=\"https:\/\/www.visitklagenfurt.at\/wp-content\/uploads\/2021\/02\/reptilienzoo_happ_c-Pixelpoint-Multimedia-Wolfgang-Handler.jpeg\" alt=\"Reptilienzoo Happ f\u00fcr Familien\" class=\"wp-image-4959\" srcset=\"https:\/\/www.visitklagenfurt.at\/wp-content\/uploads\/2021\/02\/reptilienzoo_happ_c-Pixelpoint-Multimedia-Wolfgang-Handler.jpeg 1024w, https:\/\/www.visitklagenfurt.at\/wp-content\/uploads\/2021\/02\/reptilienzoo_happ_c-Pixelpoint-Multimedia-Wolfgang-Handler-300x200.jpeg 300w, https:\/\/www.visitklagenfurt.at\/wp-content\/uploads\/2021\/02\/reptilienzoo_happ_c-Pixelpoint-Multimedia-Wolfgang-Handler-768x512.jpeg 768w\" sizes=\"(max-width: 1024px) 100vw, 1024px\" \/><\/a><figcaption>(c) Pixelpoint Multimedia <\/figcaption><\/figure>\n<\/figure>\n\n\n\n<h3 class=\"wp-block-heading\" id=\"h-in-einem-tag-um-die-welt\">In einem Tag um die Welt<\/h3>\n\n\n\n<p>Wer den Dschungel und den Weltraum gesehen hat, kann sein Rad gleich stehen lassen und eine kleine Weltreise unternehmen.&nbsp; In <mark style=\"background-color:rgba(0, 0, 0, 0);color:#0070b8\" class=\"has-inline-color\"><a href=\"https:\/\/www.visitklagenfurt.at\/de\/sehenswertes-und-ausfluege\/ausflugsziele\/minimundus\/\">Minumundus &#8211; Die kleine Welt am W\u00f6rthersee<\/a><\/mark> schafft man 40 L\u00e4nder in ganz kurzer Zeit. 156 Modelle der sch\u00f6nsten Bauwerke aus aller Welt wurden im Ma\u00dfstab 1:25 nach Originalpl\u00e4nen mit Originalmaterialien nachgebaut und in einer 26.000 Quadratmeter gro\u00dfen Parklandschaft detailgetreu aufgestellt.&nbsp;<\/p>\n\n\n\n<p>Hier steht der Petersdom in Sichtweite des Tadsch Mahal und der Countdown f\u00fcr das Spaceshuttle von Cape Canaveral l\u00e4uft neben dem Grazer Uhrturm, der von Modelleisenbahnen umkreist wird. Der Indoorbereich bietet eine interaktive Ausstellung voller Spannung und Unterhaltung.<\/p>\n\n\n\n<p>Diese Radtour f\u00fchrt nach so viel Action nun in den meisten F\u00e4llen ins <a href=\"https:\/\/www.visitklagenfurt.at\/de\/entdecken-und-erleben\/seeleben\/strandbaeder-klagenfurt.html\" target=\"_blank\" rel=\"noreferrer noopener\"><mark style=\"background-color:rgba(0, 0, 0, 0);color:#0070b8\" class=\"has-inline-color\">Strandbad Klagenfurt<\/mark><\/a><strong>.<\/strong> Im gr\u00f6\u00dften Binnenstrandbad Europas findet jede Familie ihr ruhiges Pl\u00e4tzchen. Wenn gerade kein Badewetter herrscht, ist der wundersch\u00f6n angelegte <a href=\"https:\/\/www.visitklagenfurt.at\/de\/woerthersee-und-umgebung\/woerthersee-ostbucht\/europapark\/\">Europapark<\/a> mit seinem genialen Kinderspielplatz the Place to be.&nbsp;<\/p>\n\n\n\n<p><strong>Besonders praktisch:<\/strong> am Radparkplatz vor dem Strandbad kann man sein Rad im Sommer sogar bewachen und einen kleine Radcheck durchf\u00fchren lassen.<\/p>\n\n\n\n<figure class=\"wp-block-gallery has-nested-images columns-2 is-cropped wp-block-gallery-4 is-layout-flex wp-block-gallery-is-layout-flex\">\n<figure class=\"wp-block-image size-large\"><a href=\"https:\/\/www.visitklagenfurt.at\/wp-content\/uploads\/2020\/08\/sehenswertes_minimundus_fruhling_c-wolfgang_handler_4-web.jpg\"><img loading=\"lazy\" decoding=\"async\" width=\"2048\" height=\"1365\" data-id=\"620\" src=\"https:\/\/www.visitklagenfurt.at\/wp-content\/uploads\/2020\/08\/sehenswertes_minimundus_fruhling_c-wolfgang_handler_4-web.jpg\" alt=\"Eines der beliebtesten K\u00e4rntner Ausflugsziele\" class=\"wp-image-620\" srcset=\"https:\/\/www.visitklagenfurt.at\/wp-content\/uploads\/2020\/08\/sehenswertes_minimundus_fruhling_c-wolfgang_handler_4-web.jpg 2048w, https:\/\/www.visitklagenfurt.at\/wp-content\/uploads\/2020\/08\/sehenswertes_minimundus_fruhling_c-wolfgang_handler_4-web-300x200.jpg 300w, https:\/\/www.visitklagenfurt.at\/wp-content\/uploads\/2020\/08\/sehenswertes_minimundus_fruhling_c-wolfgang_handler_4-web-1024x683.jpg 1024w, https:\/\/www.visitklagenfurt.at\/wp-content\/uploads\/2020\/08\/sehenswertes_minimundus_fruhling_c-wolfgang_handler_4-web-768x512.jpg 768w, https:\/\/www.visitklagenfurt.at\/wp-content\/uploads\/2020\/08\/sehenswertes_minimundus_fruhling_c-wolfgang_handler_4-web-1536x1024.jpg 1536w\" sizes=\"(max-width: 2048px) 100vw, 2048px\" \/><\/a><figcaption>(c) Wolfgang Handler<\/figcaption><\/figure>\n\n\n\n<figure class=\"wp-block-image size-large\"><a href=\"https:\/\/www.visitklagenfurt.at\/wp-content\/uploads\/2020\/09\/SEHENSWERTES_Minimundus_ausflug_c-Minimundus-Helmuth_Weichselbraun__10_.jpeg\"><img loading=\"lazy\" decoding=\"async\" width=\"1050\" height=\"699\" data-id=\"1711\" src=\"https:\/\/www.visitklagenfurt.at\/wp-content\/uploads\/2020\/09\/SEHENSWERTES_Minimundus_ausflug_c-Minimundus-Helmuth_Weichselbraun__10_.jpeg\" alt=\"Kinder beim Spielen im Europapark in Klagenfurt am W\u00f6rthersee\" class=\"wp-image-1711\" srcset=\"https:\/\/www.visitklagenfurt.at\/wp-content\/uploads\/2020\/09\/SEHENSWERTES_Minimundus_ausflug_c-Minimundus-Helmuth_Weichselbraun__10_.jpeg 1050w, https:\/\/www.visitklagenfurt.at\/wp-content\/uploads\/2020\/09\/SEHENSWERTES_Minimundus_ausflug_c-Minimundus-Helmuth_Weichselbraun__10_-300x200.jpeg 300w, https:\/\/www.visitklagenfurt.at\/wp-content\/uploads\/2020\/09\/SEHENSWERTES_Minimundus_ausflug_c-Minimundus-Helmuth_Weichselbraun__10_-1024x682.jpeg 1024w, https:\/\/www.visitklagenfurt.at\/wp-content\/uploads\/2020\/09\/SEHENSWERTES_Minimundus_ausflug_c-Minimundus-Helmuth_Weichselbraun__10_-768x511.jpeg 768w\" sizes=\"(max-width: 1050px) 100vw, 1050px\" \/><\/a><figcaption>(c) Helmuth Weichselbraun<\/figcaption><\/figure>\n\n\n\n<figure class=\"wp-block-image size-large\"><a href=\"https:\/\/www.visitklagenfurt.at\/wp-content\/uploads\/2021\/02\/sehenswertes_minimundus_ausflug_c-minimundus-helmuth_weichselbraun_4-web.jpeg\"><img loading=\"lazy\" decoding=\"async\" width=\"2048\" height=\"1365\" data-id=\"5335\" src=\"https:\/\/www.visitklagenfurt.at\/wp-content\/uploads\/2021\/02\/sehenswertes_minimundus_ausflug_c-minimundus-helmuth_weichselbraun_4-web.jpeg\" alt=\"Minimundus als Erlebniswelt f\u00fcr Kinder\" class=\"wp-image-5335\" srcset=\"https:\/\/www.visitklagenfurt.at\/wp-content\/uploads\/2021\/02\/sehenswertes_minimundus_ausflug_c-minimundus-helmuth_weichselbraun_4-web.jpeg 2048w, https:\/\/www.visitklagenfurt.at\/wp-content\/uploads\/2021\/02\/sehenswertes_minimundus_ausflug_c-minimundus-helmuth_weichselbraun_4-web-300x200.jpeg 300w, https:\/\/www.visitklagenfurt.at\/wp-content\/uploads\/2021\/02\/sehenswertes_minimundus_ausflug_c-minimundus-helmuth_weichselbraun_4-web-1024x683.jpeg 1024w, https:\/\/www.visitklagenfurt.at\/wp-content\/uploads\/2021\/02\/sehenswertes_minimundus_ausflug_c-minimundus-helmuth_weichselbraun_4-web-768x512.jpeg 768w, https:\/\/www.visitklagenfurt.at\/wp-content\/uploads\/2021\/02\/sehenswertes_minimundus_ausflug_c-minimundus-helmuth_weichselbraun_4-web-1536x1024.jpeg 1536w\" sizes=\"(max-width: 2048px) 100vw, 2048px\" \/><\/a><figcaption>(c) Helmuth Weichselbraun<\/figcaption><\/figure>\n<\/figure>\n\n\n\n<h2 class=\"wp-block-heading\" id=\"h-am-worthersee-radweg-rund-um-den-see-oder-mitten-durch\">Am W\u00f6rthersee Radweg rund um den See (oder mitten durch)<\/h2>\n\n\n\n<p>Der Radcheck ist vor allem f\u00fcr diejenigen interessant, f\u00fcr die die Ostbucht nur der Ausgangspunkt der Radtour ist. Denn von hier aus kann man auch die <a href=\"https:\/\/touren.kaernten.at\/de\/tour\/radfahren\/woerthersee-runde\/21657998\/\" target=\"_blank\" rel=\"noreferrer noopener\"><mark style=\"background-color:rgba(0, 0, 0, 0);color:#0070b8\" class=\"has-inline-color\">W\u00f6rthersee Runde<\/mark><\/a><strong> <\/strong>starten.&nbsp;<\/p>\n\n\n\n<p>Dieser Klassiker rund um K\u00e4rntens gr\u00f6\u00dften See verl\u00e4uft, vor allem am Nordufer \u00fcber Krumpendorf und P\u00f6rtschach, auf gut ausgebauten Radwegen und bietet viele Badem\u00f6glichkeiten \u2014 auch kostenlos zug\u00e4ngliche kleine Uferbereiche, f\u00fcr die schnelle Abk\u00fchlung zwischendurch.&nbsp;<\/p>\n\n\n\n<p>Die ca. 39 Kilometer k\u00f6nnen \u00fcbrigens fast halbiert werden, wenn man die Abk\u00fcrzung \u00fcbers Wasser nimmt. Die <a href=\"https:\/\/www.woertherseeschifffahrt.at\" target=\"_blank\" rel=\"noreferrer noopener\"><mark style=\"background-color:rgba(0, 0, 0, 0);color:#0070b8\" class=\"has-inline-color\">W\u00f6rthersee Schifffahrt<\/mark><\/a> legt direkt in der Ostbucht an und bringt die Rad-Familie in die Westbucht nach Velden oder auch umgekehrt.&nbsp;<\/p>\n\n\n<div style=\"min-width: 260px; max-width: 100%\"><script type=\"text\/javascript\" src=\"https:\/\/www.outdooractive.com\/de\/embed\/21657998\/js?mw=false\"><\/script><\/div>\n\n\n<p><\/p>\n\n\n\n<h2 class=\"wp-block-heading\" id=\"h-radfahren-im-gemutlichen-suden-klagenfurts\">Radfahren im gem\u00fctlichen S\u00fcden Klagenfurts<\/h2>\n\n\n\n<p>Familienradtouren gibt es in Klagenfurt nicht nur am W\u00f6rthersee. Im S\u00fcden und S\u00fcdosten der Stadt finden sich Radwege, die zu Entdeckungsreisen einladen. Entlang der Glanfurt bzw. Sattnitz l\u00e4sst sich der S\u00fcden der Stadt leicht erkunden.&nbsp;<\/p>\n\n\n\n<h3 class=\"wp-block-heading\" id=\"h-vom-worthersee-entlang-der-glanfurt-und-sattnitz\">Vom W\u00f6rthersee entlang der Glanfurt und Sattnitz&nbsp;<\/h3>\n\n\n\n<p>Dazu startet Pedalritter am besten in der Ostbucht (alternativ wieder in der Innenstadt). Im dortigen Naturschutzgebiet \u201c<strong>Lendspitz\u201d<\/strong> kann man schon mal die R\u00e4der stehen lassen und auf Erkundungstour an die M\u00fcndung der gr\u00fcnt\u00fcrkisen Sattnitz gehen. Hier flie\u00dft der W\u00f6rthersee ab und sein Wasser macht sich auf den Weg nach Ebenthal, im S\u00fcdosten von Klagenfurt.&nbsp;&nbsp;<\/p>\n\n\n\n<p>Diesem Gew\u00e4sser folgen Radler am Radweg zwischen kleinen Badeh\u00e4uschen und gelangen so zum <a href=\"https:\/\/goo.gl\/maps\/dXXcsGvnDTYABYbj7\" target=\"_blank\" rel=\"noreferrer noopener\"><mark style=\"background-color:rgba(0, 0, 0, 0);color:#0070b8\" class=\"has-inline-color\">Schleusenstrand<\/mark><\/a> an dem man sich im Sommer kurz abk\u00fchlen kann.&nbsp; Oder wie w\u00e4r\u2019s mit einem Picknick im nur wenige Kurven entfernten, schattigen <strong>Sattnitzpark<\/strong>?&nbsp;<\/p>\n\n\n\n<figure class=\"wp-block-gallery has-nested-images columns-default is-cropped wp-block-gallery-5 is-layout-flex wp-block-gallery-is-layout-flex\">\n<figure class=\"wp-block-image size-large\"><img loading=\"lazy\" decoding=\"async\" width=\"1024\" height=\"683\" data-id=\"1161\" src=\"https:\/\/www.visitklagenfurt.at\/wp-content\/uploads\/2020\/08\/natur_sattnitz_sommer_c-derhandler_6-web1-1024x683.jpg\" alt=\"Radweg im Naturschutzgebiet Lendspitz in Klagenfurt am W\u00f6rthersee\" class=\"wp-image-1161\" srcset=\"https:\/\/www.visitklagenfurt.at\/wp-content\/uploads\/2020\/08\/natur_sattnitz_sommer_c-derhandler_6-web1-1024x683.jpg 1024w, https:\/\/www.visitklagenfurt.at\/wp-content\/uploads\/2020\/08\/natur_sattnitz_sommer_c-derhandler_6-web1-300x200.jpg 300w, https:\/\/www.visitklagenfurt.at\/wp-content\/uploads\/2020\/08\/natur_sattnitz_sommer_c-derhandler_6-web1-768x512.jpg 768w, https:\/\/www.visitklagenfurt.at\/wp-content\/uploads\/2020\/08\/natur_sattnitz_sommer_c-derhandler_6-web1-1536x1024.jpg 1536w, https:\/\/www.visitklagenfurt.at\/wp-content\/uploads\/2020\/08\/natur_sattnitz_sommer_c-derhandler_6-web1.jpg 1642w\" sizes=\"(max-width: 1024px) 100vw, 1024px\" \/><figcaption>(c) Wolfgang Handler<\/figcaption><\/figure>\n<\/figure>\n\n\n\n<h3 class=\"wp-block-heading\" id=\"h-bmx-bahn-kalmusbad-und-ebenthaler-wasserfalle\">BMX-Bahn, Kalmusbad und Ebenthaler Wasserf\u00e4lle<\/h3>\n\n\n\n<p>Weiter Richtung Osten wartet dann die <strong>BMX-Bahn<\/strong> unweit des <a href=\"https:\/\/www.visitklagenfurt.at\/de\/entdecken-und-erleben\/kulinarik\/tennis-buffet-weinlaender.html\" target=\"_blank\" rel=\"noreferrer noopener\">Te<mark style=\"background-color:rgba(0, 0, 0, 0);color:#0070b8\" class=\"has-inline-color\">nnisbuffet Weinl\u00e4nder<\/mark><\/a> auf einen neuen Rundenrekord und die <a href=\"https:\/\/goo.gl\/maps\/cHBe98pkViGgNdNp6\" target=\"_blank\" rel=\"noreferrer noopener\"><mark style=\"background-color:rgba(0, 0, 0, 0);color:#0070b8\" class=\"has-inline-color\">Freizeitanlage St. Ruprecht<\/mark><\/a> sorgt f\u00fcr Abk\u00fchlung. Am Ende der Tour l\u00e4dt dann das <mark style=\"background-color:rgba(0, 0, 0, 0);color:#0070b8\" class=\"has-inline-color\"><a href=\"https:\/\/goo.gl\/maps\/ShsLiUrSNy8We1x58\" target=\"_blank\" rel=\"noreferrer noopener\">Kalmusbad<\/a> <\/mark>zu einer ausgedehnten Pause inklusive Abk\u00fchlung ein. W\u00e4hrend die Kinder sich im Wasser austoben, st\u00e4rken sich Mama und Papa im <strong>Gasthaus M\u00fchle <\/strong>unter den schattigen B\u00e4umen mit einer herzhaften K\u00e4rntner Jause. Besonders der Schinken ist hier eine Gaumenfreude.&nbsp;<\/p>\n\n\n\n<p>Ganz in der N\u00e4he ist der <a rel=\"noreferrer noopener\" href=\"https:\/\/goo.gl\/maps\/ZkrnRcoRWmpjLkv2A\" target=\"_blank\">Ebenthaler Wasserfall<\/a><strong> <\/strong>einen Abstecher wert. Ein Naturjuwel und echter Kraftort. Der tosende Wasserfall liegt in einer herrlich schattigen Schlucht und kann leicht zu Fu\u00df erreicht werden. Vorsicht: Rutschgefahr!&nbsp;<\/p>\n\n\n\n<p>Der Radweg entlang des Glan-Flusses f\u00fchrt dann \u00fcber die Stadtteile Fischl und Welzenegg schlie\u00dflich wieder zur\u00fcck in Innenstadt: Die L\u00e4nge der Radtour betr\u00e4gt ca. 20-25 km, wenn man in der Ostbucht startet. Sollten der Start in der Innenstadt liegen, folgt man am besten diesem Weg.<\/p>\n\n\n<div style=\"min-width: 260px; max-width: 100%\"><script type=\"text\/javascript\" src=\"https:\/\/www.outdooractive.com\/de\/embed\/14533615\/js?mw=false\"><\/script><\/div>\n\n\n<h2 class=\"wp-block-heading\">Rund um den Maria Saaler Berg<\/h2>\n\n\n\n<p>Das waren jetzt nur ein paar Beispiele f\u00fcr lohnende Ziele, wenn man Klagenfurt mit Kind und Rad entdecken will. Auch alle anderen Radtouren rund um Klagenfurt sind nat\u00fcrlich bestens f\u00fcr Familien geeignet. So kann man im Norden der Stadt auf eine kleine <a href=\"https:\/\/touren.kaernten.at\/de\/tour\/radfahren\/familienfreundlicher-radwander-rundweg-um-den-maria-saaler-berg\/14578892\/#dm=1\" target=\"_blank\" rel=\"noreferrer noopener\"><mark style=\"background-color:rgba(0, 0, 0, 0);color:#0070b8\" class=\"has-inline-color\">Geschichtsreise nach Maria Saal<\/mark><\/a> gehen, im S\u00fcden Richtung Ferlach im sch\u00f6nen Rosental den mehrfach ausgezeichneten Drauradweg erkunden oder das Keutschacher Seental erradeln.&nbsp;<\/p>\n\n\n<div style=\"min-width: 260px; max-width: 100%\"><script type=\"text\/javascript\" src=\"https:\/\/www.outdooractive.com\/de\/embed\/14578892\/js?mw=false\"><\/script><\/div>\n\n\n<h2 class=\"wp-block-heading\" id=\"h-der-beste-ausgangspunkt-fur-radtouren-mit-der-familie\">Der beste Ausgangspunkt f\u00fcr Radtouren mit der Familie<\/h2>\n\n\n\n<p>F\u00fcr Familien ist Radfahren in und um Klagenfurt am W\u00f6rthersee die beste Wahl, um K\u00e4rnten f\u00fcr sich zu entdecken. Die wichtigsten Sehensw\u00fcrdigkeiten au\u00dferhalb der Innenstadt sind ebenso leicht zu erreichen wie die versteckten Geheimtipps im Umland.&nbsp;<\/p>\n\n\n\n<p>Entlang der Radwege gibt es zahlreiche Einkehrm\u00f6glichkeiten, Rast-, Spiel, und Badepl\u00e4tze. Durch seine ausgezeichnete Lage ist Klagenfurt auch perfekt an das Radewegenetz im S\u00fcden \u00d6sterreichs angeschlossen und damit der ideale Ausgangspunkt f\u00fcr weitere Radtouren mit der Familie.<\/p>\n","protected":false},"excerpt":{"rendered":"<p>Alles was ihr \u00fcber das Radfahren mit der Familie in Klagenfurt am W\u00f6rthersee wissen m\u00fcsst. Wertvolle Infos, sch\u00f6ne Touren und Insider-Tipps f\u00fcr Eltern und Kinder. <\/p>\n","protected":false},"author":11,"featured_media":1139,"comment_status":"open","ping_status":"open","sticky":false,"template":"","format":"standard","meta":{"footnotes":""},"categories":[17],"tags":[644,212,39],"class_list":["post-570","post","type-post","status-publish","format-standard","has-post-thumbnail","hentry","category-urlaub-freizeit","tag-familie","tag-radfahren","tag-sport"],"yoast_head":"<!-- This site is optimized with the Yoast SEO plugin v27.5 - https:\/\/yoast.com\/product\/yoast-seo-wordpress\/ -->\n<title>Tipps &amp; Touren f\u00fcr Radfahren mit der Familie in Klagenfurt | visitklagenfurt<\/title>\n<meta name=\"description\" content=\"Alles was ihr \u00fcber das Radfahren mit Familie um den W\u00f6rthersee wissen m\u00fcsst. Wertvolle Infos, sch\u00f6ne Touren &amp; Tipps f\u00fcr Eltern und Kinder.\" \/>\n<meta name=\"robots\" content=\"index, follow, max-snippet:-1, max-image-preview:large, max-video-preview:-1\" \/>\n<link rel=\"canonical\" href=\"https:\/\/www.visitklagenfurt.at\/de\/blog\/urlaub-freizeit\/radfahren-mit-familie\/\" \/>\n<meta property=\"og:locale\" content=\"de_DE\" \/>\n<meta property=\"og:type\" content=\"article\" \/>\n<meta property=\"og:title\" content=\"Tipps und Touren f\u00fcr das Radfahren mit der Familie in Klagenfurt | visitklagenfurt\" \/>\n<meta property=\"og:description\" content=\"Alles was ihr \u00fcber das Radfahren mit Familie um den W\u00f6rthersee wissen m\u00fcsst. Wertvolle Infos, sch\u00f6ne Touren &amp; Tipps f\u00fcr Eltern und Kinder.\" \/>\n<meta property=\"og:url\" content=\"https:\/\/www.visitklagenfurt.at\/de\/blog\/urlaub-freizeit\/radfahren-mit-familie\/\" \/>\n<meta property=\"og:site_name\" content=\"visitklagenfurt\" \/>\n<meta property=\"article:published_time\" content=\"2020-08-25T09:16:00+00:00\" \/>\n<meta property=\"article:modified_time\" content=\"2022-05-23T10:00:56+00:00\" \/>\n<meta property=\"og:image\" content=\"https:\/\/www.visitklagenfurt.at\/wp-content\/uploads\/2020\/07\/genussrad_sport_rad_familie_sommer_worthersee_see_promenade_2018_c-franz_gerdl_156-web.jpg\" \/>\n\t<meta property=\"og:image:width\" content=\"2048\" \/>\n\t<meta property=\"og:image:height\" content=\"1367\" \/>\n\t<meta property=\"og:image:type\" content=\"image\/jpeg\" \/>\n<meta name=\"author\" content=\"Johannes Wouk\" \/>\n<meta name=\"twitter:card\" content=\"summary_large_image\" \/>\n<meta name=\"twitter:label1\" content=\"Verfasst von\" \/>\n\t<meta name=\"twitter:data1\" content=\"Johannes Wouk\" \/>\n\t<meta name=\"twitter:label2\" content=\"Gesch\u00e4tzte Lesezeit\" \/>\n\t<meta name=\"twitter:data2\" content=\"9\u00a0Minuten\" \/>\n<script type=\"application\/ld+json\" class=\"yoast-schema-graph\">{\"@context\":\"https:\\\/\\\/schema.org\",\"@graph\":[{\"@type\":\"Article\",\"@id\":\"https:\\\/\\\/www.visitklagenfurt.at\\\/de\\\/blog\\\/urlaub-freizeit\\\/radfahren-mit-familie\\\/#article\",\"isPartOf\":{\"@id\":\"https:\\\/\\\/www.visitklagenfurt.at\\\/de\\\/blog\\\/urlaub-freizeit\\\/radfahren-mit-familie\\\/\"},\"author\":{\"name\":\"Johannes Wouk\",\"@id\":\"https:\\\/\\\/www.visitklagenfurt.at\\\/de\\\/#\\\/schema\\\/person\\\/dbaa4d25825273404a27e7f2883bbbf7\"},\"headline\":\"Tipps und Touren f\u00fcr das Radfahren mit der Familie in Klagenfurt\",\"datePublished\":\"2020-08-25T09:16:00+00:00\",\"dateModified\":\"2022-05-23T10:00:56+00:00\",\"mainEntityOfPage\":{\"@id\":\"https:\\\/\\\/www.visitklagenfurt.at\\\/de\\\/blog\\\/urlaub-freizeit\\\/radfahren-mit-familie\\\/\"},\"wordCount\":1362,\"commentCount\":0,\"publisher\":{\"@id\":\"https:\\\/\\\/www.visitklagenfurt.at\\\/de\\\/#organization\"},\"image\":{\"@id\":\"https:\\\/\\\/www.visitklagenfurt.at\\\/de\\\/blog\\\/urlaub-freizeit\\\/radfahren-mit-familie\\\/#primaryimage\"},\"thumbnailUrl\":\"https:\\\/\\\/www.visitklagenfurt.at\\\/wp-content\\\/uploads\\\/2020\\\/07\\\/genussrad_sport_rad_familie_sommer_worthersee_see_promenade_2018_c-franz_gerdl_156-web.jpg\",\"keywords\":[\"Familie\",\"Radfahren\",\"Sport\"],\"articleSection\":[\"Urlaub &amp; Freizeit\"],\"inLanguage\":\"de\",\"potentialAction\":[{\"@type\":\"CommentAction\",\"name\":\"Comment\",\"target\":[\"https:\\\/\\\/www.visitklagenfurt.at\\\/de\\\/blog\\\/urlaub-freizeit\\\/radfahren-mit-familie\\\/#respond\"]}]},{\"@type\":\"WebPage\",\"@id\":\"https:\\\/\\\/www.visitklagenfurt.at\\\/de\\\/blog\\\/urlaub-freizeit\\\/radfahren-mit-familie\\\/\",\"url\":\"https:\\\/\\\/www.visitklagenfurt.at\\\/de\\\/blog\\\/urlaub-freizeit\\\/radfahren-mit-familie\\\/\",\"name\":\"Tipps & Touren f\u00fcr Radfahren mit der Familie in Klagenfurt | visitklagenfurt\",\"isPartOf\":{\"@id\":\"https:\\\/\\\/www.visitklagenfurt.at\\\/de\\\/#website\"},\"primaryImageOfPage\":{\"@id\":\"https:\\\/\\\/www.visitklagenfurt.at\\\/de\\\/blog\\\/urlaub-freizeit\\\/radfahren-mit-familie\\\/#primaryimage\"},\"image\":{\"@id\":\"https:\\\/\\\/www.visitklagenfurt.at\\\/de\\\/blog\\\/urlaub-freizeit\\\/radfahren-mit-familie\\\/#primaryimage\"},\"thumbnailUrl\":\"https:\\\/\\\/www.visitklagenfurt.at\\\/wp-content\\\/uploads\\\/2020\\\/07\\\/genussrad_sport_rad_familie_sommer_worthersee_see_promenade_2018_c-franz_gerdl_156-web.jpg\",\"datePublished\":\"2020-08-25T09:16:00+00:00\",\"dateModified\":\"2022-05-23T10:00:56+00:00\",\"description\":\"Alles was ihr \u00fcber das Radfahren mit Familie um den W\u00f6rthersee wissen m\u00fcsst. Wertvolle Infos, sch\u00f6ne Touren & Tipps f\u00fcr Eltern und Kinder.\",\"breadcrumb\":{\"@id\":\"https:\\\/\\\/www.visitklagenfurt.at\\\/de\\\/blog\\\/urlaub-freizeit\\\/radfahren-mit-familie\\\/#breadcrumb\"},\"inLanguage\":\"de\",\"potentialAction\":[{\"@type\":\"ReadAction\",\"target\":[\"https:\\\/\\\/www.visitklagenfurt.at\\\/de\\\/blog\\\/urlaub-freizeit\\\/radfahren-mit-familie\\\/\"]}]},{\"@type\":\"ImageObject\",\"inLanguage\":\"de\",\"@id\":\"https:\\\/\\\/www.visitklagenfurt.at\\\/de\\\/blog\\\/urlaub-freizeit\\\/radfahren-mit-familie\\\/#primaryimage\",\"url\":\"https:\\\/\\\/www.visitklagenfurt.at\\\/wp-content\\\/uploads\\\/2020\\\/07\\\/genussrad_sport_rad_familie_sommer_worthersee_see_promenade_2018_c-franz_gerdl_156-web.jpg\",\"contentUrl\":\"https:\\\/\\\/www.visitklagenfurt.at\\\/wp-content\\\/uploads\\\/2020\\\/07\\\/genussrad_sport_rad_familie_sommer_worthersee_see_promenade_2018_c-franz_gerdl_156-web.jpg\",\"width\":2048,\"height\":1367,\"caption\":\"(c) Franz Gerdl\"},{\"@type\":\"BreadcrumbList\",\"@id\":\"https:\\\/\\\/www.visitklagenfurt.at\\\/de\\\/blog\\\/urlaub-freizeit\\\/radfahren-mit-familie\\\/#breadcrumb\",\"itemListElement\":[{\"@type\":\"ListItem\",\"position\":1,\"name\":\"visitklagenfurt\",\"item\":\"https:\\\/\\\/www.visitklagenfurt.at\\\/de\\\/\"},{\"@type\":\"ListItem\",\"position\":2,\"name\":\"Blog\",\"item\":\"https:\\\/\\\/www.visitklagenfurt.at\\\/de\\\/category\\\/blog\\\/\"},{\"@type\":\"ListItem\",\"position\":3,\"name\":\"Urlaub &amp; Freizeit\",\"item\":\"https:\\\/\\\/www.visitklagenfurt.at\\\/de\\\/category\\\/blog\\\/urlaub-freizeit\\\/\"},{\"@type\":\"ListItem\",\"position\":4,\"name\":\"Tipps und Touren f\u00fcr das Radfahren mit der Familie in Klagenfurt\"}]},{\"@type\":\"WebSite\",\"@id\":\"https:\\\/\\\/www.visitklagenfurt.at\\\/de\\\/#website\",\"url\":\"https:\\\/\\\/www.visitklagenfurt.at\\\/de\\\/\",\"name\":\"visitklagenfurt\",\"description\":\"\",\"publisher\":{\"@id\":\"https:\\\/\\\/www.visitklagenfurt.at\\\/de\\\/#organization\"},\"potentialAction\":[{\"@type\":\"SearchAction\",\"target\":{\"@type\":\"EntryPoint\",\"urlTemplate\":\"https:\\\/\\\/www.visitklagenfurt.at\\\/de\\\/?s={search_term_string}\"},\"query-input\":{\"@type\":\"PropertyValueSpecification\",\"valueRequired\":true,\"valueName\":\"search_term_string\"}}],\"inLanguage\":\"de\"},{\"@type\":\"Organization\",\"@id\":\"https:\\\/\\\/www.visitklagenfurt.at\\\/de\\\/#organization\",\"name\":\"Tourismus Region Klagenfurt am W\u00f6rthersee GmbH\",\"url\":\"https:\\\/\\\/www.visitklagenfurt.at\\\/de\\\/\",\"logo\":{\"@type\":\"ImageObject\",\"inLanguage\":\"de\",\"@id\":\"https:\\\/\\\/www.visitklagenfurt.at\\\/de\\\/#\\\/schema\\\/logo\\\/image\\\/\",\"url\":\"https:\\\/\\\/www.visitklagenfurt.at\\\/wp-content\\\/uploads\\\/2022\\\/03\\\/DT_K_Klagenfurt_S_RGB.png\",\"contentUrl\":\"https:\\\/\\\/www.visitklagenfurt.at\\\/wp-content\\\/uploads\\\/2022\\\/03\\\/DT_K_Klagenfurt_S_RGB.png\",\"width\":2082,\"height\":1511,\"caption\":\"Tourismus Region Klagenfurt am W\u00f6rthersee GmbH\"},\"image\":{\"@id\":\"https:\\\/\\\/www.visitklagenfurt.at\\\/de\\\/#\\\/schema\\\/logo\\\/image\\\/\"}},{\"@type\":\"Person\",\"@id\":\"https:\\\/\\\/www.visitklagenfurt.at\\\/de\\\/#\\\/schema\\\/person\\\/dbaa4d25825273404a27e7f2883bbbf7\",\"name\":\"Johannes Wouk\",\"image\":{\"@type\":\"ImageObject\",\"inLanguage\":\"de\",\"@id\":\"https:\\\/\\\/www.visitklagenfurt.at\\\/wp-content\\\/uploads\\\/2020\\\/08\\\/johannes_wouk_redakteur-scaled.jpg\",\"url\":\"https:\\\/\\\/www.visitklagenfurt.at\\\/wp-content\\\/uploads\\\/2020\\\/08\\\/johannes_wouk_redakteur-scaled.jpg\",\"contentUrl\":\"https:\\\/\\\/www.visitklagenfurt.at\\\/wp-content\\\/uploads\\\/2020\\\/08\\\/johannes_wouk_redakteur-scaled.jpg\",\"caption\":\"Johannes Wouk\"},\"description\":\"Johannes Wouk ist seit 2013 selbststa\u0308ndiger PR-Berater. Kreativdirektor &amp; Werbetexter mit Schwerpunkt Strategie, Content- und Social-Media-Management. Unter anderem war er Miterfinder und Chefredakteur des Onlinemagazins IMS\u00dcDEN.AT und Mitinitiator des Open-Air-Coworking-Spaces BUSINESSBEACH.EU und des Kulturfestivals lendspiel.org.\",\"sameAs\":[\"www.wouk.at\"],\"url\":\"https:\\\/\\\/www.visitklagenfurt.at\\\/de\\\/author\\\/johannes_wouk\\\/\"}]}<\/script>\n<!-- \/ Yoast SEO plugin. -->","yoast_head_json":{"title":"Tipps & Touren f\u00fcr Radfahren mit der Familie in Klagenfurt | visitklagenfurt","description":"Alles was ihr \u00fcber das Radfahren mit Familie um den W\u00f6rthersee wissen m\u00fcsst. Wertvolle Infos, sch\u00f6ne Touren & Tipps f\u00fcr Eltern und Kinder.","robots":{"index":"index","follow":"follow","max-snippet":"max-snippet:-1","max-image-preview":"max-image-preview:large","max-video-preview":"max-video-preview:-1"},"canonical":"https:\/\/www.visitklagenfurt.at\/de\/blog\/urlaub-freizeit\/radfahren-mit-familie\/","og_locale":"de_DE","og_type":"article","og_title":"Tipps und Touren f\u00fcr das Radfahren mit der Familie in Klagenfurt | visitklagenfurt","og_description":"Alles was ihr \u00fcber das Radfahren mit Familie um den W\u00f6rthersee wissen m\u00fcsst. Wertvolle Infos, sch\u00f6ne Touren & Tipps f\u00fcr Eltern und Kinder.","og_url":"https:\/\/www.visitklagenfurt.at\/de\/blog\/urlaub-freizeit\/radfahren-mit-familie\/","og_site_name":"visitklagenfurt","article_published_time":"2020-08-25T09:16:00+00:00","article_modified_time":"2022-05-23T10:00:56+00:00","og_image":[{"width":2048,"height":1367,"url":"https:\/\/www.visitklagenfurt.at\/wp-content\/uploads\/2020\/07\/genussrad_sport_rad_familie_sommer_worthersee_see_promenade_2018_c-franz_gerdl_156-web.jpg","type":"image\/jpeg"}],"author":"Johannes Wouk","twitter_card":"summary_large_image","twitter_misc":{"Verfasst von":"Johannes Wouk","Gesch\u00e4tzte Lesezeit":"9\u00a0Minuten"},"schema":{"@context":"https:\/\/schema.org","@graph":[{"@type":"Article","@id":"https:\/\/www.visitklagenfurt.at\/de\/blog\/urlaub-freizeit\/radfahren-mit-familie\/#article","isPartOf":{"@id":"https:\/\/www.visitklagenfurt.at\/de\/blog\/urlaub-freizeit\/radfahren-mit-familie\/"},"author":{"name":"Johannes Wouk","@id":"https:\/\/www.visitklagenfurt.at\/de\/#\/schema\/person\/dbaa4d25825273404a27e7f2883bbbf7"},"headline":"Tipps und Touren f\u00fcr das Radfahren mit der Familie in Klagenfurt","datePublished":"2020-08-25T09:16:00+00:00","dateModified":"2022-05-23T10:00:56+00:00","mainEntityOfPage":{"@id":"https:\/\/www.visitklagenfurt.at\/de\/blog\/urlaub-freizeit\/radfahren-mit-familie\/"},"wordCount":1362,"commentCount":0,"publisher":{"@id":"https:\/\/www.visitklagenfurt.at\/de\/#organization"},"image":{"@id":"https:\/\/www.visitklagenfurt.at\/de\/blog\/urlaub-freizeit\/radfahren-mit-familie\/#primaryimage"},"thumbnailUrl":"https:\/\/www.visitklagenfurt.at\/wp-content\/uploads\/2020\/07\/genussrad_sport_rad_familie_sommer_worthersee_see_promenade_2018_c-franz_gerdl_156-web.jpg","keywords":["Familie","Radfahren","Sport"],"articleSection":["Urlaub &amp; Freizeit"],"inLanguage":"de","potentialAction":[{"@type":"CommentAction","name":"Comment","target":["https:\/\/www.visitklagenfurt.at\/de\/blog\/urlaub-freizeit\/radfahren-mit-familie\/#respond"]}]},{"@type":"WebPage","@id":"https:\/\/www.visitklagenfurt.at\/de\/blog\/urlaub-freizeit\/radfahren-mit-familie\/","url":"https:\/\/www.visitklagenfurt.at\/de\/blog\/urlaub-freizeit\/radfahren-mit-familie\/","name":"Tipps & Touren f\u00fcr Radfahren mit der Familie in Klagenfurt | visitklagenfurt","isPartOf":{"@id":"https:\/\/www.visitklagenfurt.at\/de\/#website"},"primaryImageOfPage":{"@id":"https:\/\/www.visitklagenfurt.at\/de\/blog\/urlaub-freizeit\/radfahren-mit-familie\/#primaryimage"},"image":{"@id":"https:\/\/www.visitklagenfurt.at\/de\/blog\/urlaub-freizeit\/radfahren-mit-familie\/#primaryimage"},"thumbnailUrl":"https:\/\/www.visitklagenfurt.at\/wp-content\/uploads\/2020\/07\/genussrad_sport_rad_familie_sommer_worthersee_see_promenade_2018_c-franz_gerdl_156-web.jpg","datePublished":"2020-08-25T09:16:00+00:00","dateModified":"2022-05-23T10:00:56+00:00","description":"Alles was ihr \u00fcber das Radfahren mit Familie um den W\u00f6rthersee wissen m\u00fcsst. Wertvolle Infos, sch\u00f6ne Touren & Tipps f\u00fcr Eltern und Kinder.","breadcrumb":{"@id":"https:\/\/www.visitklagenfurt.at\/de\/blog\/urlaub-freizeit\/radfahren-mit-familie\/#breadcrumb"},"inLanguage":"de","potentialAction":[{"@type":"ReadAction","target":["https:\/\/www.visitklagenfurt.at\/de\/blog\/urlaub-freizeit\/radfahren-mit-familie\/"]}]},{"@type":"ImageObject","inLanguage":"de","@id":"https:\/\/www.visitklagenfurt.at\/de\/blog\/urlaub-freizeit\/radfahren-mit-familie\/#primaryimage","url":"https:\/\/www.visitklagenfurt.at\/wp-content\/uploads\/2020\/07\/genussrad_sport_rad_familie_sommer_worthersee_see_promenade_2018_c-franz_gerdl_156-web.jpg","contentUrl":"https:\/\/www.visitklagenfurt.at\/wp-content\/uploads\/2020\/07\/genussrad_sport_rad_familie_sommer_worthersee_see_promenade_2018_c-franz_gerdl_156-web.jpg","width":2048,"height":1367,"caption":"(c) Franz Gerdl"},{"@type":"BreadcrumbList","@id":"https:\/\/www.visitklagenfurt.at\/de\/blog\/urlaub-freizeit\/radfahren-mit-familie\/#breadcrumb","itemListElement":[{"@type":"ListItem","position":1,"name":"visitklagenfurt","item":"https:\/\/www.visitklagenfurt.at\/de\/"},{"@type":"ListItem","position":2,"name":"Blog","item":"https:\/\/www.visitklagenfurt.at\/de\/category\/blog\/"},{"@type":"ListItem","position":3,"name":"Urlaub &amp; Freizeit","item":"https:\/\/www.visitklagenfurt.at\/de\/category\/blog\/urlaub-freizeit\/"},{"@type":"ListItem","position":4,"name":"Tipps und Touren f\u00fcr das Radfahren mit der Familie in Klagenfurt"}]},{"@type":"WebSite","@id":"https:\/\/www.visitklagenfurt.at\/de\/#website","url":"https:\/\/www.visitklagenfurt.at\/de\/","name":"visitklagenfurt","description":"","publisher":{"@id":"https:\/\/www.visitklagenfurt.at\/de\/#organization"},"potentialAction":[{"@type":"SearchAction","target":{"@type":"EntryPoint","urlTemplate":"https:\/\/www.visitklagenfurt.at\/de\/?s={search_term_string}"},"query-input":{"@type":"PropertyValueSpecification","valueRequired":true,"valueName":"search_term_string"}}],"inLanguage":"de"},{"@type":"Organization","@id":"https:\/\/www.visitklagenfurt.at\/de\/#organization","name":"Tourismus Region Klagenfurt am W\u00f6rthersee GmbH","url":"https:\/\/www.visitklagenfurt.at\/de\/","logo":{"@type":"ImageObject","inLanguage":"de","@id":"https:\/\/www.visitklagenfurt.at\/de\/#\/schema\/logo\/image\/","url":"https:\/\/www.visitklagenfurt.at\/wp-content\/uploads\/2022\/03\/DT_K_Klagenfurt_S_RGB.png","contentUrl":"https:\/\/www.visitklagenfurt.at\/wp-content\/uploads\/2022\/03\/DT_K_Klagenfurt_S_RGB.png","width":2082,"height":1511,"caption":"Tourismus Region Klagenfurt am W\u00f6rthersee GmbH"},"image":{"@id":"https:\/\/www.visitklagenfurt.at\/de\/#\/schema\/logo\/image\/"}},{"@type":"Person","@id":"https:\/\/www.visitklagenfurt.at\/de\/#\/schema\/person\/dbaa4d25825273404a27e7f2883bbbf7","name":"Johannes Wouk","image":{"@type":"ImageObject","inLanguage":"de","@id":"https:\/\/www.visitklagenfurt.at\/wp-content\/uploads\/2020\/08\/johannes_wouk_redakteur-scaled.jpg","url":"https:\/\/www.visitklagenfurt.at\/wp-content\/uploads\/2020\/08\/johannes_wouk_redakteur-scaled.jpg","contentUrl":"https:\/\/www.visitklagenfurt.at\/wp-content\/uploads\/2020\/08\/johannes_wouk_redakteur-scaled.jpg","caption":"Johannes Wouk"},"description":"Johannes Wouk ist seit 2013 selbststa\u0308ndiger PR-Berater. Kreativdirektor &amp; Werbetexter mit Schwerpunkt Strategie, Content- und Social-Media-Management. Unter anderem war er Miterfinder und Chefredakteur des Onlinemagazins IMS\u00dcDEN.AT und Mitinitiator des Open-Air-Coworking-Spaces BUSINESSBEACH.EU und des Kulturfestivals lendspiel.org.","sameAs":["www.wouk.at"],"url":"https:\/\/www.visitklagenfurt.at\/de\/author\/johannes_wouk\/"}]}},"_links":{"self":[{"href":"https:\/\/www.visitklagenfurt.at\/de\/wp-json\/wp\/v2\/posts\/570","targetHints":{"allow":["GET"]}}],"collection":[{"href":"https:\/\/www.visitklagenfurt.at\/de\/wp-json\/wp\/v2\/posts"}],"about":[{"href":"https:\/\/www.visitklagenfurt.at\/de\/wp-json\/wp\/v2\/types\/post"}],"author":[{"embeddable":true,"href":"https:\/\/www.visitklagenfurt.at\/de\/wp-json\/wp\/v2\/users\/11"}],"replies":[{"embeddable":true,"href":"https:\/\/www.visitklagenfurt.at\/de\/wp-json\/wp\/v2\/comments?post=570"}],"version-history":[{"count":38,"href":"https:\/\/www.visitklagenfurt.at\/de\/wp-json\/wp\/v2\/posts\/570\/revisions"}],"predecessor-version":[{"id":37774,"href":"https:\/\/www.visitklagenfurt.at\/de\/wp-json\/wp\/v2\/posts\/570\/revisions\/37774"}],"wp:featuredmedia":[{"embeddable":true,"href":"https:\/\/www.visitklagenfurt.at\/de\/wp-json\/wp\/v2\/media\/1139"}],"wp:attachment":[{"href":"https:\/\/www.visitklagenfurt.at\/de\/wp-json\/wp\/v2\/media?parent=570"}],"wp:term":[{"taxonomy":"category","embeddable":true,"href":"https:\/\/www.visitklagenfurt.at\/de\/wp-json\/wp\/v2\/categories?post=570"},{"taxonomy":"post_tag","embeddable":true,"href":"https:\/\/www.visitklagenfurt.at\/de\/wp-json\/wp\/v2\/tags?post=570"}],"curies":[{"name":"wp","href":"https:\/\/api.w.org\/{rel}","templated":true}]}}