{"id":57320,"date":"2023-08-28T14:53:19","date_gmt":"2023-08-28T12:53:19","guid":{"rendered":"https:\/\/www.visitklagenfurt.at\/?p=57320"},"modified":"2023-08-31T14:53:35","modified_gmt":"2023-08-31T12:53:35","slug":"veranstaltungen-september-2023-klagenfurt","status":"publish","type":"post","link":"https:\/\/www.visitklagenfurt.at\/de\/blog\/urlaub-freizeit\/veranstaltungen-september-2023-klagenfurt\/","title":{"rendered":"Events und Veranstaltungstipps im September in Klagenfurt am W\u00f6rthersee"},"content":{"rendered":"\n<p>Wenn der Hochsommer langsam aber sicher in den Indian-Summer \u00fcbergeht, bekommt auch das Kulturangebot in Klagenfurt nochmal ordentlich Farbe. Ob auf der Haut oder am Teller \u2013 mit dem <strong>World Body Painting Festival <\/strong>und den<strong> Tagen der Alpen-Adria K\u00fcche <\/strong>bestimmen Kreativit\u00e4t, Vielfalt und Hingabe das Treiben in der Landeshauptstadt. <\/p>\n\n\n\n<p>Daneben gibt es feine Kl\u00e4nge am See, in der Stadt oder am Stadtpfarrturm, Freizeitaction auf der <strong>Herbstmesse <\/strong>inklusive Gaudepark und auch ein bisschen Mord und Totschlag darf im Kulturkalender dieses Septembers nicht fehlen.<\/p>\n\n\n\n<p>Die besten Veranstaltungen und Events, bei denen ihr im September in Klagenfurt auf keinen Fall fehlen d\u00fcrft, haben wir hier f\u00fcr euch zusammengetragen.<\/p>\n\n\n\n<h2 class=\"wp-block-heading\" id=\"h-fein-s-liebchen-du-sollst-mir-nicht-barfuss-gehn\">Fein\u2019s Liebchen, du sollst mir nicht barfu\u00df gehn\u2019<\/h2>\n\n\n\n<p><strong>03. September | Gustav Mahler Komponierh\u00e4uschen | Freier Eintritt<\/strong><\/p>\n\n\n\n<p>Im Jahr des \u201eStaunens\u201c lockt das <a href=\"https:\/\/www.kultur.klagenfurt.at\/kulturinstitutionen\/gustav-mahler-komponierhaeuschen.html\">Gustav Mahler Komponierh\u00e4uschen<\/a> mit experimentellen Kl\u00e4ngen ans W\u00f6rthersee S\u00fcdufer. Wo einst der ber\u00fchmte Komponist die Seeidylle zur Inspiration nutzte, finden den ganzen Sommer \u00fcber Konzerte und Veranstaltungen statt, die das Publikum in Staunen versetzen.<\/p>\n\n\n\n<p>So auch am 3. September, wenn<strong> Christa Ratzenb\u00f6ck <\/strong>(Gesang) und <strong>Manuela Kloibm\u00fcller <\/strong>(Akkordeon) das Volkslied \u201eFein\u2018s Liebchen, du sollst mir nicht barfu\u00df gehn\u2019\u201c kunstvoll in Lieder von Johannes Brahms, Benjamin Britten und Gustav Mahler einweben.&nbsp;<\/p>\n\n\n\n<p>So wird das Komponierh\u00e4uschen zu einem Ort des k\u00fcnstlerischen Zusammentreffens, vielleicht nicht ganz im Sinne des Ruhe liebenden Erbauers, doch mit Sicherheit ein Ereignis, das man sich nicht entgehen lassen sollte.<\/p>\n\n\n\n<figure class=\"wp-block-gallery has-nested-images columns-default is-cropped wp-block-gallery-1 is-layout-flex wp-block-gallery-is-layout-flex\">\n<figure class=\"wp-block-image size-large\"><img fetchpriority=\"high\" decoding=\"async\" width=\"2048\" height=\"1365\" data-id=\"23212\" src=\"https:\/\/www.visitklagenfurt.at\/wp-content\/uploads\/2021\/06\/kultur_sehenswertes_gustav_mahler_natur_c-pixelpoint_multimedia_2.jpeg\" alt=\"Gustav Mahler Komponierh\u00e4uschen als Kulturhighlight\" class=\"wp-image-23212\"\/><figcaption class=\"wp-element-caption\">(c) Pixelpoint Multimedia<\/figcaption><\/figure>\n<\/figure>\n\n\n\n<h2 class=\"wp-block-heading\" id=\"h-sudseit-n-festival\">S\u00fcdseit\u2019n Festival<\/h2>\n\n\n\n<p><strong>07. bis 09. September | diverse Spielorte | Freier Eintritt<\/strong><\/p>\n\n\n\n<p>Das <a href=\"https:\/\/www.suedseiten-festival.at\/\">S\u00fcdseit\u2019n Festival<\/a> geh\u00f6rt mittlerweile zu den kleinen, charmanten Festivals des Landes und hat sich in Insiderkreisen zu einem <strong>wahren Geheimtipp <\/strong>in der \u00f6sterreichischen Festivallandschaft entwickelt.&nbsp;<\/p>\n\n\n\n<p>Bereits zum 13. Mal vibriert die Luft in der Innenstadt, wenn an <strong>f\u00fcnf verschiedenen Spielst\u00e4tten<\/strong> Rock, Blues, Funk, Soul und Akustik Sound vom Feinsten geboten werden.<\/p>\n\n\n\n<p>Er\u00f6ffnet wird das Festival am 7. September beim Schlosswirt in der St. Veiterstra\u00dfe mit den \u201eNo Stress Brothers feat. Robert Masser\u201c. An den weiteren zwei Festivaltagen folgen unter anderem Auftritte von \u201eToro\/Milazzi\u201c, \u201eBasso Zavan feat Walter S. Kreinz\u201c oder der \u201eBand mit Leib &amp; Seele\u201c.&nbsp;<\/p>\n\n\n\n<p>Neben einem Blues Fr\u00fchschoppen sind die elektrisierenden Rhythmen und atmosph\u00e4rischen Kl\u00e4nge der Formation \u201eAfrican Beat\u201c am Samstag am Alten Platz das Highlight dieses musikalischen Wochenendes.<\/p>\n\n\n\n<figure class=\"wp-block-gallery has-nested-images columns-default is-cropped wp-block-gallery-2 is-layout-flex wp-block-gallery-is-layout-flex\">\n<figure class=\"wp-block-image size-large\"><img decoding=\"async\" width=\"1123\" height=\"631\" data-id=\"57379\" src=\"https:\/\/www.visitklagenfurt.at\/wp-content\/uploads\/2023\/08\/Rob-Massner_c-Suedseitn-Festival.png\" alt=\"Gitarrist mir e-Gitarre auf B\u00fchne w\u00e4hrend Konzert \" class=\"wp-image-57379\"\/><figcaption class=\"wp-element-caption\">(c) RM HTR<\/figcaption><\/figure>\n<\/figure>\n\n\n\n<h2 class=\"wp-block-heading\" id=\"h-tage-der-alpen-adria-kuche\">Tage der Alpen-Adria K\u00fcche<\/h2>\n\n\n\n<p><strong>&nbsp;07. bis 24. September | diverse Veranstaltungsorte<\/strong><\/p>\n\n\n\n<p>Feinschmecker haben im September leicht lachen, denn dann finden in Klagenfurt bereits zum 6. Mal die <a href=\"https:\/\/www.visitklagenfurt.at\/de\/die-tage-der-alpen-adria-kueche\/\">Tage der Alpen-Adria K\u00fcche<\/a> statt. Zweieinhalb Wochen lang trifft sich dabei die kulinarische Elite zwischen Hochgebirge und Adriak\u00fcste.&nbsp;<\/p>\n\n\n\n<p>Von vielversprechenden Koch-Sessions<strong> internationaler und heimischer Stark\u00f6che <\/strong>\u00fcber raffinierte Produkte ehrlicher<strong> Genusshandwerker bis hin zur Geschmacksarch\u00e4ologie <\/strong>durch Gro\u00dfmutters Kochbuch kommt man hier aus dem Schw\u00e4rmen nicht mehr heraus.<\/p>\n\n\n\n<p>Aus den vielen Highlights dieser Genussfestspiele sind besonders der<strong> Pordenone-Abend <\/strong>im Schloss Maria Loretto mit dem italienischen Geschmacksk\u00fcnstler <strong>Terry Giacomello<\/strong>, das <strong>Alpen-Adria Food Lab<\/strong> und die <strong>Alpen-Adria Genussmeile mit dem Biofes<\/strong>t hervorzuheben. Hier findet man auf wenigen Metern das Beste, was die Region kulinarisch zu bieten hat. Also nichts wie hinein in diesen lukullischen Trubel!<\/p>\n\n\n\n<figure class=\"wp-block-gallery has-nested-images columns-2 is-cropped wp-block-gallery-3 is-layout-flex wp-block-gallery-is-layout-flex\">\n<figure class=\"wp-block-image size-large\"><img decoding=\"async\" width=\"1024\" height=\"683\" data-id=\"1097\" src=\"https:\/\/www.visitklagenfurt.at\/wp-content\/uploads\/2020\/08\/kulinarik_tdaak_2018_genussmeile_c-arnold_poschl_10-web-1024x683.jpg\" alt=\"Schinken und K\u00e4seplatten im Rahmen der Tage der Alpen-Adria K\u00fcche \" class=\"wp-image-1097\" srcset=\"https:\/\/www.visitklagenfurt.at\/wp-content\/uploads\/2020\/08\/kulinarik_tdaak_2018_genussmeile_c-arnold_poschl_10-web-1024x683.jpg 1024w, https:\/\/www.visitklagenfurt.at\/wp-content\/uploads\/2020\/08\/kulinarik_tdaak_2018_genussmeile_c-arnold_poschl_10-web-300x200.jpg 300w, https:\/\/www.visitklagenfurt.at\/wp-content\/uploads\/2020\/08\/kulinarik_tdaak_2018_genussmeile_c-arnold_poschl_10-web-768x512.jpg 768w, https:\/\/www.visitklagenfurt.at\/wp-content\/uploads\/2020\/08\/kulinarik_tdaak_2018_genussmeile_c-arnold_poschl_10-web-1536x1024.jpg 1536w, https:\/\/www.visitklagenfurt.at\/wp-content\/uploads\/2020\/08\/kulinarik_tdaak_2018_genussmeile_c-arnold_poschl_10-web.jpg 2048w\" sizes=\"(max-width: 1024px) 100vw, 1024px\" \/><figcaption class=\"wp-element-caption\">(c) Arnold P\u00f6schl<\/figcaption><\/figure>\n\n\n\n<figure class=\"wp-block-image size-large\"><img loading=\"lazy\" decoding=\"async\" width=\"2048\" height=\"1366\" data-id=\"28616\" src=\"https:\/\/www.visitklagenfurt.at\/wp-content\/uploads\/2021\/09\/kulinarik_tdaak_genussmeile_2020_c-lukas_duernegger_1_jpg-web.jpeg\" alt=\"Kellner schenkt Wein in Weinglas\" class=\"wp-image-28616\"\/><figcaption class=\"wp-element-caption\">(c) Lukas D\u00fcrnegger<\/figcaption><\/figure>\n\n\n\n<figure class=\"wp-block-image size-large\"><img loading=\"lazy\" decoding=\"async\" width=\"2048\" height=\"1365\" data-id=\"47389\" src=\"https:\/\/www.visitklagenfurt.at\/wp-content\/uploads\/2022\/11\/tdaak_tomaz_kavcic_schloss_loretto_2022_c-tourismus_region_klagenfurt_am_woerthersee_martin_hofmann_32_jpg-web.jpeg\" alt=\"\" class=\"wp-image-47389\"\/><figcaption class=\"wp-element-caption\">(c) Martin Hofmann<\/figcaption><\/figure>\n<\/figure>\n\n\n\n<h2 class=\"wp-block-heading\">Tatort Klagenfurt: Von Gaunern, M\u00f6rdern und leichten M\u00e4dchen<\/h2>\n\n\n\n<p><strong>07. und 20. September | Dr.-Arthur-Lemisch-Platz<\/strong><\/p>\n\n\n\n<p>Diese Stadtf\u00fchrung durch die abgr\u00fcndige Geschichte Klagenfurts ist nichts f\u00fcr schwache Nerven! Ausgehend vom Dr.-Arthur-Lemisch-Platz nimmt der Guide die Teilnehmer mit auf eine <strong>Zeitreise durch die schaurige Vergangenheit <\/strong>der Landeshauptstadt und erz\u00e4hlt von hinterh\u00e4ltigen Verbrechen, heimt\u00fcckischen Morden und verh\u00e4ngnisvollen Liebschaften.<\/p>\n\n\n\n<p>Mord und Totschlag s\u00e4umen den Weg, vorbei an historischen Tatorten, wo vor Jahrhunderten, aber auch erst in der j\u00fcngeren Geschichte, spektakul\u00e4re Verbrechen ver\u00fcbt wurden. Gleichzeitig erh\u00e4lt man auch einen Einblick in das Justizwesen fr\u00fcherer Epochen und erf\u00e4hrt etwa, wie und wo der Henker seinem blutigen Handwerk nachgegangen ist.<\/p>\n\n\n\n<p>Tickets erh\u00e4tlich unter: <a href=\"https:\/\/www.visitklagenfurt.at\/de\/erlebnisse\/themenfuehrungen\/#\/erlebnisse\/KTN\/1c33ad92-c7d7-43b9-aa53-35618a75018a\/tatort-klagenfurt\">visitklagenfurt.at\/erlebnisse<\/a><\/p>\n\n\n\n<figure class=\"wp-block-gallery has-nested-images columns-default is-cropped wp-block-gallery-4 is-layout-flex wp-block-gallery-is-layout-flex\">\n<figure class=\"wp-block-image size-large\"><img loading=\"lazy\" decoding=\"async\" width=\"1024\" height=\"682\" data-id=\"5196\" src=\"https:\/\/www.visitklagenfurt.at\/wp-content\/uploads\/2021\/02\/gruppen_kultur_fuhrung_altstadt_2014_c-franz_gerdl_87-web-1024x682.jpeg\" alt=\"Themenf\u00fchrungen durch die Innenstadt\" class=\"wp-image-5196\" srcset=\"https:\/\/www.visitklagenfurt.at\/wp-content\/uploads\/2021\/02\/gruppen_kultur_fuhrung_altstadt_2014_c-franz_gerdl_87-web-1024x682.jpeg 1024w, https:\/\/www.visitklagenfurt.at\/wp-content\/uploads\/2021\/02\/gruppen_kultur_fuhrung_altstadt_2014_c-franz_gerdl_87-web-300x200.jpeg 300w, https:\/\/www.visitklagenfurt.at\/wp-content\/uploads\/2021\/02\/gruppen_kultur_fuhrung_altstadt_2014_c-franz_gerdl_87-web-768x511.jpeg 768w, https:\/\/www.visitklagenfurt.at\/wp-content\/uploads\/2021\/02\/gruppen_kultur_fuhrung_altstadt_2014_c-franz_gerdl_87-web-1536x1022.jpeg 1536w, https:\/\/www.visitklagenfurt.at\/wp-content\/uploads\/2021\/02\/gruppen_kultur_fuhrung_altstadt_2014_c-franz_gerdl_87-web.jpeg 2048w\" sizes=\"(max-width: 1024px) 100vw, 1024px\" \/><figcaption class=\"wp-element-caption\">(c) Franz Gerdl<\/figcaption><\/figure>\n<\/figure>\n\n\n\n<h2 class=\"wp-block-heading\" id=\"h-konzert-am-stadtpfarrturm-marie-luise\">Konzert am Stadtpfarrturm: Marie &amp; Luise<\/h2>\n\n\n\n<p><strong>08. September | Stadtpfarrturm | regul\u00e4rer Turmeintritt<\/strong><\/p>\n\n\n\n<p>Marie &amp; Luise, das sind die Liedermacherin Marie-Theres Vollmer und die \u201esch\u00f6nste Gitarre der Welt\u201c. Gemeinsam erklimmen sie wieder den <a href=\"https:\/\/www.visitklagenfurt.at\/de\/stadtpfarrturm\/\">Klagenfurter Stadtpfarrturm<\/a> und verwandeln ihn erneut zur h\u00f6chstgelegenen Konzertlocation der Landeshauptstadt.<\/p>\n\n\n\n<p>Unter dem Motto \u201cLieder von H\u00f6hen und Tiefen\u201d erz\u00e4hlen Marie &amp; Luises Songs von Aufbr\u00fcchen, Umbr\u00fcchen, von Begegnungen, vom Unterwegssein und vom Ankommen aber auch vom Doppelleben das man in einer Stadt, abseits der Heimat f\u00fchrt. \u201eDoppelleben&#8220; lautet auch der Titel des 2022 erschienenen Albums der K\u00fcnstlerin(en). Besondere Lieder an einer besonderen Location: ein echter Geheimtipp!<\/p>\n\n\n\n<figure class=\"wp-block-gallery has-nested-images columns-default is-cropped wp-block-gallery-5 is-layout-flex wp-block-gallery-is-layout-flex\">\n<figure class=\"wp-block-image size-large\"><img loading=\"lazy\" decoding=\"async\" width=\"2303\" height=\"1535\" data-id=\"57369\" src=\"https:\/\/www.visitklagenfurt.at\/wp-content\/uploads\/2023\/08\/MarieLuise_Foto_MG_37741.jpg\" alt=\"\" class=\"wp-image-57369\"\/><figcaption class=\"wp-element-caption\">(c) Helga Rader<\/figcaption><\/figure>\n<\/figure>\n\n\n\n<h2 class=\"wp-block-heading\" id=\"h-herbstmesse-und-gaudepark\">Herbstmesse und Gaudepark<\/h2>\n\n\n\n<p><strong>13. bis 17. September | Messegel\u00e4nde<\/strong><\/p>\n\n\n\n<p>Anl\u00e4sslich ihres 90-Jahre Jubil\u00e4ums wird die Klagenfurter <a href=\"https:\/\/www.kaerntnermessen.at\/veranstaltungen\/herbstmesse\/\">Herbstmesse<\/a> heuer noch bunter, vielf\u00e4ltiger und spektakul\u00e4rer. \u00dcber<strong> 600 Aussteller aus den Bereichen Kulinarik, Wohnen, Mode, Haustier, Energie und Bau <\/strong>stellen ihre Produkte vor und informieren die Besucher \u00fcber die neuesten Trends in ihren Branchen. Von nachhaltigen Baustoffen \u00fcber Kosmetik und Trachten bis hin zu feinen Delikatessen wird man hier f\u00fcndig.<\/p>\n\n\n\n<p>Bereits eine Woche zuvor, n\u00e4mlich am 8. September, \u00f6ffnet der <strong>Gaudepark <\/strong>seine Tore f\u00fcr Vergn\u00fcgungssuchende. 50 Fahrgesch\u00e4fte und Buden, Kulinarik, Live-Musik, Kinderschminken, Zaubershows und viele weitere Attraktionen bieten auf diesem Rummelplatz Spannung, Spa\u00df und Action f\u00fcr die ganze Familie.<\/p>\n\n\n\n<p>Ticktets erh\u00e4tlich unter: <a href=\"https:\/\/kaerntnermessen.reservix.at\/events\">kaerntnermessen.reservix.at\/events<\/a><\/p>\n\n\n\n<figure class=\"wp-block-gallery has-nested-images columns-2 is-cropped wp-block-gallery-6 is-layout-flex wp-block-gallery-is-layout-flex\">\n<figure class=\"wp-block-image size-large\"><img loading=\"lazy\" decoding=\"async\" width=\"3333\" height=\"2222\" data-id=\"49832\" src=\"https:\/\/www.visitklagenfurt.at\/wp-content\/uploads\/2023\/02\/NZP_79351.jpg\" alt=\"\" class=\"wp-image-49832\"\/><\/figure>\n\n\n\n<figure class=\"wp-block-image size-large\"><img loading=\"lazy\" decoding=\"async\" width=\"1020\" height=\"680\" data-id=\"42652\" src=\"https:\/\/www.visitklagenfurt.at\/wp-content\/uploads\/2022\/08\/ZP_5420-2.jpg\" alt=\"\" class=\"wp-image-42652\"\/><\/figure>\n\n\n\n<figure class=\"wp-block-image size-large\"><img loading=\"lazy\" decoding=\"async\" width=\"1020\" height=\"680\" data-id=\"42656\" src=\"https:\/\/www.visitklagenfurt.at\/wp-content\/uploads\/2022\/08\/ZP_5452-2.jpg\" alt=\"\" class=\"wp-image-42656\"\/><figcaption class=\"wp-element-caption\">(c) K\u00e4rntner Messen, Zangerle<\/figcaption><\/figure>\n<\/figure>\n\n\n\n<h2 class=\"wp-block-heading\" id=\"h-heidi-kindertheater\">Heidi \u2013 Kindertheater<\/h2>\n\n\n\n<p><strong>ab 15. September | Kammerlichtspiele<\/strong><\/p>\n\n\n\n<p>Der Roman der Schweizer Autorin Johanna Spyri geh\u00f6rt zu den<strong> bekanntesten Kinderb\u00fcchern der Welt <\/strong>und dient als Vorlage f\u00fcr zahlreiche Filme und Serien. Theater Rakete bereitet den Stoff nun als Theaterst\u00fcck auf und taucht auf der B\u00fchne ein in die Welt von Heidi, Ziegenpeter und dem Alm\u00f6hi.<\/p>\n\n\n\n<p>Zur Erinnerung: Die kleine Heidi hat beide Eltern verloren und lebt mit ihrem Gro\u00dfvater in den Schweizer Alpen. Als sie acht Jahre alt wird, wird sie gegen den Willen ihres Gro\u00dfvaters in die Gro\u00dfstadt gebracht, wo sie Klara Gesellschaft leisten soll, die nach einem Unfall im Rollstuhl sitzt. Trotz der neuen Freundschaft wird Heidis Sehnsucht nach dem Leben beim Gro\u00dfvater und den geliebten Bergen immer gr\u00f6\u00dfer, bis sie krank wird und zu schlafwandeln beginnt. Doch es naht \u00fcberraschende Hilfe.<\/p>\n\n\n\n<p>Reservierungen unter: Reservierungen: <a href=\"mailto:kartenrakete@gmail.com\">kartenrakete@gmail.com<\/a> oder <a href=\"telto:00436603114852\">+43 (0) 660 311 48 52<\/a><br>Webseite: <a href=\"https:\/\/www.kammerlichtspiele.at\/\">www.kammerlichtspiele.at<\/a><\/p>\n\n\n\n<figure class=\"wp-block-gallery has-nested-images columns-1 is-cropped wp-block-gallery-7 is-layout-flex wp-block-gallery-is-layout-flex\">\n<figure class=\"wp-block-image size-full\"><img loading=\"lazy\" decoding=\"async\" width=\"1020\" height=\"680\" data-id=\"35100\" src=\"https:\/\/www.visitklagenfurt.at\/wp-content\/uploads\/2022\/03\/kammerlichtspiele_amore-mio_ernst-moser_theresa-rogel_tdaak_2021_c-TVB-Klagenfurt-Sarina-Dobernig-34.jpg\" alt=\"\" class=\"wp-image-35100\"\/><figcaption class=\"wp-element-caption\">(c) Sarina Dobernig<\/figcaption><\/figure>\n<\/figure>\n\n\n\n<h2 class=\"wp-block-heading\" id=\"h-world-body-painting-festival\">World Body Painting Festival<\/h2>\n\n\n\n<p><strong>28. bis 30. September | Messegel\u00e4nde<\/strong><\/p>\n\n\n\n<p>Das <a href=\"https:\/\/bodypainting-festival.com\/de\/\">World Body Painting Festivals<\/a> findet heuer erstmals am Messegel\u00e4nde statt und verspricht auch in seiner 26. Auflage wieder ein im wahrsten Wortsinn buntes Programm. Denn dann dreht sich drei Tage lang wieder alles um fantastische Motive, grelle Farben und vor allem viel bemalte Haut.<\/p>\n\n\n\n<p>Tags\u00fcber k\u00f6nnen die Besucher den teilnehmenden<strong> K\u00fcnstlern bei der Arbeit <\/strong>\u00fcber die Schulter schauen und sich \u00fcber die neuesten Trends im Bereich Bodypainting und Makeup informieren.&nbsp;<\/p>\n\n\n\n<p>Am Abend werden die geschaffenen Kunstwerke dann unter dem Motto \u201eWelcome to Wonderland\u201c im Rahmen einer<strong> gro\u00dfen Show<\/strong> pr\u00e4sentiert. Am Abschlusstag wird dann der neue Bodypainting-Weltmeister verk\u00fcndet, bevor das Festival mit dem \u201eBody Circus\u201c seinen kr\u00f6nenden Abschluss findet.<\/p>\n\n\n\n<figure class=\"wp-block-gallery has-nested-images columns-default is-cropped wp-block-gallery-8 is-layout-flex wp-block-gallery-is-layout-flex\">\n<figure class=\"wp-block-image size-large\"><img loading=\"lazy\" decoding=\"async\" width=\"2048\" height=\"1536\" data-id=\"57361\" src=\"https:\/\/www.visitklagenfurt.at\/wp-content\/uploads\/2023\/08\/event_wbf_bodypainting_2017_c-wbf-karsten_skrabal_1_-web.jpeg\" alt=\"\" class=\"wp-image-57361\"\/><figcaption class=\"wp-element-caption\">(c) Karsten Skrabal<\/figcaption><\/figure>\n<\/figure>\n\n\n\n<figure class=\"wp-block-gallery has-nested-images columns-default is-cropped wp-block-gallery-9 is-layout-flex wp-block-gallery-is-layout-flex\">\n<figure class=\"wp-block-image size-full\"><img loading=\"lazy\" decoding=\"async\" width=\"2048\" height=\"1365\" data-id=\"57355\" src=\"https:\/\/www.visitklagenfurt.at\/wp-content\/uploads\/2023\/08\/event_wbf_bodypainting_2021_c-daniel_janesch_2_jpg-web.jpeg\" alt=\"\" class=\"wp-image-57355\"\/><figcaption class=\"wp-element-caption\">(c) Daniel Janesch<\/figcaption><\/figure>\n<\/figure>\n\n\n\n<h2 class=\"wp-block-heading\" id=\"h-viel-vergnugen-beim-sommerausklang-im-september-in-klagenfurt\">Viel Vergn\u00fcgen beim Sommerausklang im September in Klagenfurt<\/h2>\n\n\n\n<p>Das Ende des Sommers wird in Klagenfurt von einem dicht gepackten Kulturprogramm begleitet. Mit den <a href=\"https:\/\/www.visitklagenfurt.at\/de\/die-tage-der-alpen-adria-kueche\/\">Tagen der Alpen-Adria K\u00fcche<\/a> und dem <a href=\"https:\/\/bodypainting-festival.com\/de\/\">World Body Painting Festival<\/a> stehen gleich zwei internationale Gro\u00dfveranstaltungen mit Erlebnisgarantie auf dem Kalender.<\/p>\n\n\n\n<p>Daneben gibt es ausgelassene Action in der Hochschaubahn, eine schaurige Stadtf\u00fchrung durch menschliche Abgr\u00fcnde, inspirierende Konzerte an ungew\u00f6hnlichen Orten oder locker-leichtes Kindertheater. Beste Voraussetzungen also, den Sommerausklang in Klagenfurt in vollen Z\u00fcgen zu genie\u00dfen.<\/p>\n","protected":false},"excerpt":{"rendered":"<p>Wenn sich der Sommer langsam seinem Ende zuneigt und sich die Bl\u00e4tter bunt zu verf\u00e4rben beginnen, schl\u00e4gt sich das auch im Kulturprogramm der Stadt nieder. Farbenfroh, federleicht und voller Aromen pr\u00e4sentiert sich das Kulturleben im fr\u00fchherbstlichen Klagenfurt. Neben den verlockenden Tagen der Alpen-Adria K\u00fcche gibt es au\u00dferdem exzentrische K\u00f6rperkunst, Freizeit-Action und Live-Musik an gewohnten und ungew\u00f6hnlichen Locations.<\/p>\n","protected":false},"author":27,"featured_media":57361,"comment_status":"closed","ping_status":"closed","sticky":false,"template":"","format":"standard","meta":{"footnotes":""},"categories":[17],"tags":[745,23],"class_list":["post-57320","post","type-post","status-publish","format-standard","has-post-thumbnail","hentry","category-urlaub-freizeit","tag-events","tag-urlaub-und-freizeit"],"yoast_head":"<!-- This site is optimized with the Yoast SEO plugin v27.5 - https:\/\/yoast.com\/product\/yoast-seo-wordpress\/ -->\n<title>Events &amp; Veranstaltungen: September 2023 | visitklagenfurt<\/title>\n<meta name=\"description\" content=\"Wir haben hier die besten Veranstaltungen &amp; Events in Klagenfurt f\u00fcr euch zusammengestellt, bei denen ihr im September nicht fehlen d\u00fcrft.\" \/>\n<meta name=\"robots\" content=\"index, follow, max-snippet:-1, max-image-preview:large, max-video-preview:-1\" \/>\n<link rel=\"canonical\" href=\"https:\/\/www.visitklagenfurt.at\/de\/blog\/urlaub-freizeit\/veranstaltungen-september-2023-klagenfurt\/\" \/>\n<meta property=\"og:locale\" content=\"de_DE\" \/>\n<meta property=\"og:type\" content=\"article\" \/>\n<meta property=\"og:title\" content=\"Events und Veranstaltungstipps im September in Klagenfurt am W\u00f6rthersee | visitklagenfurt\" \/>\n<meta property=\"og:description\" content=\"Wir haben hier die besten Veranstaltungen &amp; Events in Klagenfurt f\u00fcr euch zusammengestellt, bei denen ihr im September nicht fehlen d\u00fcrft.\" \/>\n<meta property=\"og:url\" content=\"https:\/\/www.visitklagenfurt.at\/de\/blog\/urlaub-freizeit\/veranstaltungen-september-2023-klagenfurt\/\" \/>\n<meta property=\"og:site_name\" content=\"visitklagenfurt\" \/>\n<meta property=\"article:published_time\" content=\"2023-08-28T12:53:19+00:00\" \/>\n<meta property=\"article:modified_time\" content=\"2023-08-31T12:53:35+00:00\" \/>\n<meta property=\"og:image\" content=\"https:\/\/www.visitklagenfurt.at\/wp-content\/uploads\/2023\/08\/event_wbf_bodypainting_2017_c-wbf-karsten_skrabal_1_-web.jpeg\" \/>\n\t<meta property=\"og:image:width\" content=\"2048\" \/>\n\t<meta property=\"og:image:height\" content=\"1536\" \/>\n\t<meta property=\"og:image:type\" content=\"image\/jpeg\" \/>\n<meta name=\"author\" content=\"Simon Martinschitz\" \/>\n<meta name=\"twitter:card\" content=\"summary_large_image\" \/>\n<meta name=\"twitter:label1\" content=\"Verfasst von\" \/>\n\t<meta name=\"twitter:data1\" content=\"Simon Martinschitz\" \/>\n\t<meta name=\"twitter:label2\" content=\"Gesch\u00e4tzte Lesezeit\" \/>\n\t<meta name=\"twitter:data2\" content=\"10\u00a0Minuten\" \/>\n<script type=\"application\/ld+json\" class=\"yoast-schema-graph\">{\"@context\":\"https:\\\/\\\/schema.org\",\"@graph\":[{\"@type\":\"Article\",\"@id\":\"https:\\\/\\\/www.visitklagenfurt.at\\\/de\\\/blog\\\/urlaub-freizeit\\\/veranstaltungen-september-2023-klagenfurt\\\/#article\",\"isPartOf\":{\"@id\":\"https:\\\/\\\/www.visitklagenfurt.at\\\/de\\\/blog\\\/urlaub-freizeit\\\/veranstaltungen-september-2023-klagenfurt\\\/\"},\"author\":{\"name\":\"Simon Martinschitz\",\"@id\":\"https:\\\/\\\/www.visitklagenfurt.at\\\/de\\\/#\\\/schema\\\/person\\\/7a9c6bc8d10c35a61c7a91c28742c063\"},\"headline\":\"Events und Veranstaltungstipps im September in Klagenfurt am W\u00f6rthersee\",\"datePublished\":\"2023-08-28T12:53:19+00:00\",\"dateModified\":\"2023-08-31T12:53:35+00:00\",\"mainEntityOfPage\":{\"@id\":\"https:\\\/\\\/www.visitklagenfurt.at\\\/de\\\/blog\\\/urlaub-freizeit\\\/veranstaltungen-september-2023-klagenfurt\\\/\"},\"wordCount\":1277,\"publisher\":{\"@id\":\"https:\\\/\\\/www.visitklagenfurt.at\\\/de\\\/#organization\"},\"image\":{\"@id\":\"https:\\\/\\\/www.visitklagenfurt.at\\\/de\\\/blog\\\/urlaub-freizeit\\\/veranstaltungen-september-2023-klagenfurt\\\/#primaryimage\"},\"thumbnailUrl\":\"https:\\\/\\\/www.visitklagenfurt.at\\\/wp-content\\\/uploads\\\/2023\\\/08\\\/event_wbf_bodypainting_2017_c-wbf-karsten_skrabal_1_-web.jpeg\",\"keywords\":[\"Events\",\"Urlaub &amp; Freizeit\"],\"articleSection\":[\"Urlaub &amp; Freizeit\"],\"inLanguage\":\"de\"},{\"@type\":\"WebPage\",\"@id\":\"https:\\\/\\\/www.visitklagenfurt.at\\\/de\\\/blog\\\/urlaub-freizeit\\\/veranstaltungen-september-2023-klagenfurt\\\/\",\"url\":\"https:\\\/\\\/www.visitklagenfurt.at\\\/de\\\/blog\\\/urlaub-freizeit\\\/veranstaltungen-september-2023-klagenfurt\\\/\",\"name\":\"Events & Veranstaltungen: September 2023 | visitklagenfurt\",\"isPartOf\":{\"@id\":\"https:\\\/\\\/www.visitklagenfurt.at\\\/de\\\/#website\"},\"primaryImageOfPage\":{\"@id\":\"https:\\\/\\\/www.visitklagenfurt.at\\\/de\\\/blog\\\/urlaub-freizeit\\\/veranstaltungen-september-2023-klagenfurt\\\/#primaryimage\"},\"image\":{\"@id\":\"https:\\\/\\\/www.visitklagenfurt.at\\\/de\\\/blog\\\/urlaub-freizeit\\\/veranstaltungen-september-2023-klagenfurt\\\/#primaryimage\"},\"thumbnailUrl\":\"https:\\\/\\\/www.visitklagenfurt.at\\\/wp-content\\\/uploads\\\/2023\\\/08\\\/event_wbf_bodypainting_2017_c-wbf-karsten_skrabal_1_-web.jpeg\",\"datePublished\":\"2023-08-28T12:53:19+00:00\",\"dateModified\":\"2023-08-31T12:53:35+00:00\",\"description\":\"Wir haben hier die besten Veranstaltungen & Events in Klagenfurt f\u00fcr euch zusammengestellt, bei denen ihr im September nicht fehlen d\u00fcrft.\",\"breadcrumb\":{\"@id\":\"https:\\\/\\\/www.visitklagenfurt.at\\\/de\\\/blog\\\/urlaub-freizeit\\\/veranstaltungen-september-2023-klagenfurt\\\/#breadcrumb\"},\"inLanguage\":\"de\",\"potentialAction\":[{\"@type\":\"ReadAction\",\"target\":[\"https:\\\/\\\/www.visitklagenfurt.at\\\/de\\\/blog\\\/urlaub-freizeit\\\/veranstaltungen-september-2023-klagenfurt\\\/\"]}]},{\"@type\":\"ImageObject\",\"inLanguage\":\"de\",\"@id\":\"https:\\\/\\\/www.visitklagenfurt.at\\\/de\\\/blog\\\/urlaub-freizeit\\\/veranstaltungen-september-2023-klagenfurt\\\/#primaryimage\",\"url\":\"https:\\\/\\\/www.visitklagenfurt.at\\\/wp-content\\\/uploads\\\/2023\\\/08\\\/event_wbf_bodypainting_2017_c-wbf-karsten_skrabal_1_-web.jpeg\",\"contentUrl\":\"https:\\\/\\\/www.visitklagenfurt.at\\\/wp-content\\\/uploads\\\/2023\\\/08\\\/event_wbf_bodypainting_2017_c-wbf-karsten_skrabal_1_-web.jpeg\",\"width\":2048,\"height\":1536,\"caption\":\"(c) Karsten Skrabal\"},{\"@type\":\"BreadcrumbList\",\"@id\":\"https:\\\/\\\/www.visitklagenfurt.at\\\/de\\\/blog\\\/urlaub-freizeit\\\/veranstaltungen-september-2023-klagenfurt\\\/#breadcrumb\",\"itemListElement\":[{\"@type\":\"ListItem\",\"position\":1,\"name\":\"visitklagenfurt\",\"item\":\"https:\\\/\\\/www.visitklagenfurt.at\\\/de\\\/\"},{\"@type\":\"ListItem\",\"position\":2,\"name\":\"Blog\",\"item\":\"https:\\\/\\\/www.visitklagenfurt.at\\\/de\\\/category\\\/blog\\\/\"},{\"@type\":\"ListItem\",\"position\":3,\"name\":\"Urlaub &amp; Freizeit\",\"item\":\"https:\\\/\\\/www.visitklagenfurt.at\\\/de\\\/category\\\/blog\\\/urlaub-freizeit\\\/\"},{\"@type\":\"ListItem\",\"position\":4,\"name\":\"Events und Veranstaltungstipps im September in Klagenfurt am W\u00f6rthersee\"}]},{\"@type\":\"WebSite\",\"@id\":\"https:\\\/\\\/www.visitklagenfurt.at\\\/de\\\/#website\",\"url\":\"https:\\\/\\\/www.visitklagenfurt.at\\\/de\\\/\",\"name\":\"visitklagenfurt\",\"description\":\"\",\"publisher\":{\"@id\":\"https:\\\/\\\/www.visitklagenfurt.at\\\/de\\\/#organization\"},\"potentialAction\":[{\"@type\":\"SearchAction\",\"target\":{\"@type\":\"EntryPoint\",\"urlTemplate\":\"https:\\\/\\\/www.visitklagenfurt.at\\\/de\\\/?s={search_term_string}\"},\"query-input\":{\"@type\":\"PropertyValueSpecification\",\"valueRequired\":true,\"valueName\":\"search_term_string\"}}],\"inLanguage\":\"de\"},{\"@type\":\"Organization\",\"@id\":\"https:\\\/\\\/www.visitklagenfurt.at\\\/de\\\/#organization\",\"name\":\"Tourismus Region Klagenfurt am W\u00f6rthersee GmbH\",\"url\":\"https:\\\/\\\/www.visitklagenfurt.at\\\/de\\\/\",\"logo\":{\"@type\":\"ImageObject\",\"inLanguage\":\"de\",\"@id\":\"https:\\\/\\\/www.visitklagenfurt.at\\\/de\\\/#\\\/schema\\\/logo\\\/image\\\/\",\"url\":\"https:\\\/\\\/www.visitklagenfurt.at\\\/wp-content\\\/uploads\\\/2022\\\/03\\\/DT_K_Klagenfurt_S_RGB.png\",\"contentUrl\":\"https:\\\/\\\/www.visitklagenfurt.at\\\/wp-content\\\/uploads\\\/2022\\\/03\\\/DT_K_Klagenfurt_S_RGB.png\",\"width\":2082,\"height\":1511,\"caption\":\"Tourismus Region Klagenfurt am W\u00f6rthersee GmbH\"},\"image\":{\"@id\":\"https:\\\/\\\/www.visitklagenfurt.at\\\/de\\\/#\\\/schema\\\/logo\\\/image\\\/\"}},{\"@type\":\"Person\",\"@id\":\"https:\\\/\\\/www.visitklagenfurt.at\\\/de\\\/#\\\/schema\\\/person\\\/7a9c6bc8d10c35a61c7a91c28742c063\",\"name\":\"Simon Martinschitz\",\"image\":{\"@type\":\"ImageObject\",\"inLanguage\":\"de\",\"@id\":\"https:\\\/\\\/www.visitklagenfurt.at\\\/wp-content\\\/uploads\\\/2021\\\/05\\\/simon_martinschitz.jpg\",\"url\":\"https:\\\/\\\/www.visitklagenfurt.at\\\/wp-content\\\/uploads\\\/2021\\\/05\\\/simon_martinschitz.jpg\",\"contentUrl\":\"https:\\\/\\\/www.visitklagenfurt.at\\\/wp-content\\\/uploads\\\/2021\\\/05\\\/simon_martinschitz.jpg\",\"caption\":\"Simon Martinschitz\"},\"description\":\"Geboren in Villach, aufgewachsen im Gailtal. Zwischen Bachforellen &amp; Haselnussstauden. Studium der Kulturwissenschaften in Klagenfurt, Bilbao und Florenz. Zwischen kritischer Theorie &amp; Aperitivo. Texter und Kulturarbeiter in der freien K\u00e4rntner Szene. Zwischen Front Page &amp; Back Stage. Wortjongleur. Schauspieler. Musiker. Und \u00fcberzeugter Europ\u00e4er. Mit einer Schw\u00e4che f\u00fcr Brettljausen und Pintxos. Zwischen denen ich mich nicht entscheiden m\u00fcssen m\u00f6chte.\",\"sameAs\":[\"https:\\\/\\\/martinschitz.at\\\/\"],\"url\":\"https:\\\/\\\/www.visitklagenfurt.at\\\/de\\\/author\\\/simon_martinschitz\\\/\"}]}<\/script>\n<!-- \/ Yoast SEO plugin. -->","yoast_head_json":{"title":"Events & Veranstaltungen: September 2023 | visitklagenfurt","description":"Wir haben hier die besten Veranstaltungen & Events in Klagenfurt f\u00fcr euch zusammengestellt, bei denen ihr im September nicht fehlen d\u00fcrft.","robots":{"index":"index","follow":"follow","max-snippet":"max-snippet:-1","max-image-preview":"max-image-preview:large","max-video-preview":"max-video-preview:-1"},"canonical":"https:\/\/www.visitklagenfurt.at\/de\/blog\/urlaub-freizeit\/veranstaltungen-september-2023-klagenfurt\/","og_locale":"de_DE","og_type":"article","og_title":"Events und Veranstaltungstipps im September in Klagenfurt am W\u00f6rthersee | visitklagenfurt","og_description":"Wir haben hier die besten Veranstaltungen & Events in Klagenfurt f\u00fcr euch zusammengestellt, bei denen ihr im September nicht fehlen d\u00fcrft.","og_url":"https:\/\/www.visitklagenfurt.at\/de\/blog\/urlaub-freizeit\/veranstaltungen-september-2023-klagenfurt\/","og_site_name":"visitklagenfurt","article_published_time":"2023-08-28T12:53:19+00:00","article_modified_time":"2023-08-31T12:53:35+00:00","og_image":[{"width":2048,"height":1536,"url":"https:\/\/www.visitklagenfurt.at\/wp-content\/uploads\/2023\/08\/event_wbf_bodypainting_2017_c-wbf-karsten_skrabal_1_-web.jpeg","type":"image\/jpeg"}],"author":"Simon Martinschitz","twitter_card":"summary_large_image","twitter_misc":{"Verfasst von":"Simon Martinschitz","Gesch\u00e4tzte Lesezeit":"10\u00a0Minuten"},"schema":{"@context":"https:\/\/schema.org","@graph":[{"@type":"Article","@id":"https:\/\/www.visitklagenfurt.at\/de\/blog\/urlaub-freizeit\/veranstaltungen-september-2023-klagenfurt\/#article","isPartOf":{"@id":"https:\/\/www.visitklagenfurt.at\/de\/blog\/urlaub-freizeit\/veranstaltungen-september-2023-klagenfurt\/"},"author":{"name":"Simon Martinschitz","@id":"https:\/\/www.visitklagenfurt.at\/de\/#\/schema\/person\/7a9c6bc8d10c35a61c7a91c28742c063"},"headline":"Events und Veranstaltungstipps im September in Klagenfurt am W\u00f6rthersee","datePublished":"2023-08-28T12:53:19+00:00","dateModified":"2023-08-31T12:53:35+00:00","mainEntityOfPage":{"@id":"https:\/\/www.visitklagenfurt.at\/de\/blog\/urlaub-freizeit\/veranstaltungen-september-2023-klagenfurt\/"},"wordCount":1277,"publisher":{"@id":"https:\/\/www.visitklagenfurt.at\/de\/#organization"},"image":{"@id":"https:\/\/www.visitklagenfurt.at\/de\/blog\/urlaub-freizeit\/veranstaltungen-september-2023-klagenfurt\/#primaryimage"},"thumbnailUrl":"https:\/\/www.visitklagenfurt.at\/wp-content\/uploads\/2023\/08\/event_wbf_bodypainting_2017_c-wbf-karsten_skrabal_1_-web.jpeg","keywords":["Events","Urlaub &amp; Freizeit"],"articleSection":["Urlaub &amp; Freizeit"],"inLanguage":"de"},{"@type":"WebPage","@id":"https:\/\/www.visitklagenfurt.at\/de\/blog\/urlaub-freizeit\/veranstaltungen-september-2023-klagenfurt\/","url":"https:\/\/www.visitklagenfurt.at\/de\/blog\/urlaub-freizeit\/veranstaltungen-september-2023-klagenfurt\/","name":"Events & Veranstaltungen: September 2023 | visitklagenfurt","isPartOf":{"@id":"https:\/\/www.visitklagenfurt.at\/de\/#website"},"primaryImageOfPage":{"@id":"https:\/\/www.visitklagenfurt.at\/de\/blog\/urlaub-freizeit\/veranstaltungen-september-2023-klagenfurt\/#primaryimage"},"image":{"@id":"https:\/\/www.visitklagenfurt.at\/de\/blog\/urlaub-freizeit\/veranstaltungen-september-2023-klagenfurt\/#primaryimage"},"thumbnailUrl":"https:\/\/www.visitklagenfurt.at\/wp-content\/uploads\/2023\/08\/event_wbf_bodypainting_2017_c-wbf-karsten_skrabal_1_-web.jpeg","datePublished":"2023-08-28T12:53:19+00:00","dateModified":"2023-08-31T12:53:35+00:00","description":"Wir haben hier die besten Veranstaltungen & Events in Klagenfurt f\u00fcr euch zusammengestellt, bei denen ihr im September nicht fehlen d\u00fcrft.","breadcrumb":{"@id":"https:\/\/www.visitklagenfurt.at\/de\/blog\/urlaub-freizeit\/veranstaltungen-september-2023-klagenfurt\/#breadcrumb"},"inLanguage":"de","potentialAction":[{"@type":"ReadAction","target":["https:\/\/www.visitklagenfurt.at\/de\/blog\/urlaub-freizeit\/veranstaltungen-september-2023-klagenfurt\/"]}]},{"@type":"ImageObject","inLanguage":"de","@id":"https:\/\/www.visitklagenfurt.at\/de\/blog\/urlaub-freizeit\/veranstaltungen-september-2023-klagenfurt\/#primaryimage","url":"https:\/\/www.visitklagenfurt.at\/wp-content\/uploads\/2023\/08\/event_wbf_bodypainting_2017_c-wbf-karsten_skrabal_1_-web.jpeg","contentUrl":"https:\/\/www.visitklagenfurt.at\/wp-content\/uploads\/2023\/08\/event_wbf_bodypainting_2017_c-wbf-karsten_skrabal_1_-web.jpeg","width":2048,"height":1536,"caption":"(c) Karsten Skrabal"},{"@type":"BreadcrumbList","@id":"https:\/\/www.visitklagenfurt.at\/de\/blog\/urlaub-freizeit\/veranstaltungen-september-2023-klagenfurt\/#breadcrumb","itemListElement":[{"@type":"ListItem","position":1,"name":"visitklagenfurt","item":"https:\/\/www.visitklagenfurt.at\/de\/"},{"@type":"ListItem","position":2,"name":"Blog","item":"https:\/\/www.visitklagenfurt.at\/de\/category\/blog\/"},{"@type":"ListItem","position":3,"name":"Urlaub &amp; Freizeit","item":"https:\/\/www.visitklagenfurt.at\/de\/category\/blog\/urlaub-freizeit\/"},{"@type":"ListItem","position":4,"name":"Events und Veranstaltungstipps im September in Klagenfurt am W\u00f6rthersee"}]},{"@type":"WebSite","@id":"https:\/\/www.visitklagenfurt.at\/de\/#website","url":"https:\/\/www.visitklagenfurt.at\/de\/","name":"visitklagenfurt","description":"","publisher":{"@id":"https:\/\/www.visitklagenfurt.at\/de\/#organization"},"potentialAction":[{"@type":"SearchAction","target":{"@type":"EntryPoint","urlTemplate":"https:\/\/www.visitklagenfurt.at\/de\/?s={search_term_string}"},"query-input":{"@type":"PropertyValueSpecification","valueRequired":true,"valueName":"search_term_string"}}],"inLanguage":"de"},{"@type":"Organization","@id":"https:\/\/www.visitklagenfurt.at\/de\/#organization","name":"Tourismus Region Klagenfurt am W\u00f6rthersee GmbH","url":"https:\/\/www.visitklagenfurt.at\/de\/","logo":{"@type":"ImageObject","inLanguage":"de","@id":"https:\/\/www.visitklagenfurt.at\/de\/#\/schema\/logo\/image\/","url":"https:\/\/www.visitklagenfurt.at\/wp-content\/uploads\/2022\/03\/DT_K_Klagenfurt_S_RGB.png","contentUrl":"https:\/\/www.visitklagenfurt.at\/wp-content\/uploads\/2022\/03\/DT_K_Klagenfurt_S_RGB.png","width":2082,"height":1511,"caption":"Tourismus Region Klagenfurt am W\u00f6rthersee GmbH"},"image":{"@id":"https:\/\/www.visitklagenfurt.at\/de\/#\/schema\/logo\/image\/"}},{"@type":"Person","@id":"https:\/\/www.visitklagenfurt.at\/de\/#\/schema\/person\/7a9c6bc8d10c35a61c7a91c28742c063","name":"Simon Martinschitz","image":{"@type":"ImageObject","inLanguage":"de","@id":"https:\/\/www.visitklagenfurt.at\/wp-content\/uploads\/2021\/05\/simon_martinschitz.jpg","url":"https:\/\/www.visitklagenfurt.at\/wp-content\/uploads\/2021\/05\/simon_martinschitz.jpg","contentUrl":"https:\/\/www.visitklagenfurt.at\/wp-content\/uploads\/2021\/05\/simon_martinschitz.jpg","caption":"Simon Martinschitz"},"description":"Geboren in Villach, aufgewachsen im Gailtal. Zwischen Bachforellen &amp; Haselnussstauden. Studium der Kulturwissenschaften in Klagenfurt, Bilbao und Florenz. Zwischen kritischer Theorie &amp; Aperitivo. Texter und Kulturarbeiter in der freien K\u00e4rntner Szene. Zwischen Front Page &amp; Back Stage. Wortjongleur. Schauspieler. Musiker. Und \u00fcberzeugter Europ\u00e4er. Mit einer Schw\u00e4che f\u00fcr Brettljausen und Pintxos. Zwischen denen ich mich nicht entscheiden m\u00fcssen m\u00f6chte.","sameAs":["https:\/\/martinschitz.at\/"],"url":"https:\/\/www.visitklagenfurt.at\/de\/author\/simon_martinschitz\/"}]}},"_links":{"self":[{"href":"https:\/\/www.visitklagenfurt.at\/de\/wp-json\/wp\/v2\/posts\/57320","targetHints":{"allow":["GET"]}}],"collection":[{"href":"https:\/\/www.visitklagenfurt.at\/de\/wp-json\/wp\/v2\/posts"}],"about":[{"href":"https:\/\/www.visitklagenfurt.at\/de\/wp-json\/wp\/v2\/types\/post"}],"author":[{"embeddable":true,"href":"https:\/\/www.visitklagenfurt.at\/de\/wp-json\/wp\/v2\/users\/27"}],"replies":[{"embeddable":true,"href":"https:\/\/www.visitklagenfurt.at\/de\/wp-json\/wp\/v2\/comments?post=57320"}],"version-history":[{"count":26,"href":"https:\/\/www.visitklagenfurt.at\/de\/wp-json\/wp\/v2\/posts\/57320\/revisions"}],"predecessor-version":[{"id":57394,"href":"https:\/\/www.visitklagenfurt.at\/de\/wp-json\/wp\/v2\/posts\/57320\/revisions\/57394"}],"wp:featuredmedia":[{"embeddable":true,"href":"https:\/\/www.visitklagenfurt.at\/de\/wp-json\/wp\/v2\/media\/57361"}],"wp:attachment":[{"href":"https:\/\/www.visitklagenfurt.at\/de\/wp-json\/wp\/v2\/media?parent=57320"}],"wp:term":[{"taxonomy":"category","embeddable":true,"href":"https:\/\/www.visitklagenfurt.at\/de\/wp-json\/wp\/v2\/categories?post=57320"},{"taxonomy":"post_tag","embeddable":true,"href":"https:\/\/www.visitklagenfurt.at\/de\/wp-json\/wp\/v2\/tags?post=57320"}],"curies":[{"name":"wp","href":"https:\/\/api.w.org\/{rel}","templated":true}]}}