{"id":60183,"date":"2023-12-25T14:02:11","date_gmt":"2023-12-25T13:02:11","guid":{"rendered":"https:\/\/www.visitklagenfurt.at\/?p=60183"},"modified":"2024-01-05T14:35:59","modified_gmt":"2024-01-05T13:35:59","slug":"veranstaltungen-januar-2024-klagenfurt","status":"publish","type":"post","link":"https:\/\/www.visitklagenfurt.at\/de\/blog\/urlaub-freizeit\/veranstaltungen-januar-2024-klagenfurt\/","title":{"rendered":"Events und Veranstaltungen im Januar 2024 in Klagenfurt am W\u00f6rthersee"},"content":{"rendered":"\n<p>Das Silvesterfeuerwerk ist noch nicht ganz verstummt, da sorgen schon die n\u00e4chsten Events und Veranstaltungen f\u00fcr ein buntes Schauspiel in und um Klagenfurt am W\u00f6rthersee. Vom Snowboardweltcup auf der Simonh\u00f6he \u00fcber eine Show voller Musical-Highlights bis hin zu pointierten Lachsalven beim Stadtger\u00fccht zu Clagenfurth ist im Januar f\u00fcr jeden Gusto das Richtige dabei.<\/p>\n\n\n\n<p>Daneben gibt es eine feurig-freche Geburtstagsshow von Mnozil Brass, blendende Objektkunst und beste \u00f6sterreichische Literatur.&nbsp;<\/p>\n\n\n\n<p>Was ihr im Januar in Klagenfurt auf keinen Fall vers\u00e4umen solltet, haben wir hier f\u00fcr euch zusammengestellt.&nbsp;<\/p>\n\n\n\n<h2 class=\"wp-block-heading\" id=\"h-die-nacht-der-musicals\">Die Nacht der Musicals<\/h2>\n\n\n\n<p><strong>02. Januar | Messe Arena 5<\/strong><\/p>\n\n\n\n<p>Am 02. Januar bricht in der Klagenfurter Messehalle das Musical-Fieber aus! In einem zweist\u00fcndigen Medley kommen die Highlights aus den bekanntesten Musicals der letzten Jahre und Jahrzehnte auf die B\u00fchne.<\/p>\n\n\n\n<p>Neben echten Evergreens der Musical-Welt wie \u201eDas Phantom der Oper\u201d, \u201eCats\u201c, \u201eDie Rocky Horror Picture Show\u201c oder \u201eWest Side Story\u201c d\u00fcrfen dabei nat\u00fcrlich auch neuere Erfolgsproduktionen nicht fehlen. So kann sich das Publikum auch auf das Beste aus \u201eMamma Mia\u201c, \u201eWe Will Rock You\u201c oder \u201eFrozen\u201c freuen.<\/p>\n\n\n\n<p>Tickets erh\u00e4ltlich unter: <a href=\"https:\/\/www.oeticket.com\/event\/die-nacht-der-musicals-messezentrum-klagenfurt-17238328\/?affiliate=I50\">www.oeticket.com<\/a><br>Webseite: <a href=\"https:\/\/dienachtdermusicals.show\/\">dienachtdermusicals.show<\/a><\/p>\n\n\n\n<figure class=\"wp-block-gallery has-nested-images columns-default is-cropped wp-block-gallery-1 is-layout-flex wp-block-gallery-is-layout-flex\">\n<figure class=\"wp-block-image size-large\"><img fetchpriority=\"high\" decoding=\"async\" width=\"810\" height=\"1080\" data-id=\"60191\" src=\"https:\/\/www.visitklagenfurt.at\/wp-content\/uploads\/2023\/12\/pressetext1.jpg\" alt=\"Musical Darsteller und Darstellerinnen in Kost\u00fcmen \" class=\"wp-image-60191\"\/><figcaption class=\"wp-element-caption\">(c) C. Barz<\/figcaption><\/figure>\n<\/figure>\n\n\n\n<h2 class=\"wp-block-heading\" id=\"h-mnozil-brass-jubelei-30-jahre\">Mnozil Brass \u2013 Jubelei 30 Jahre<\/h2>\n\n\n\n<p><strong>11. Januar | Konzerthaus<\/strong><\/p>\n\n\n\n<p>Das \u00f6sterreichische Blechblasensemble Mnozil Brass feiert sein drei\u00dfigj\u00e4hriges Bestehen mit einer ausgedehnten Tour durch Europa und Nordamerika. Dabei machen die sieben Ausnahmemusiker auch Halt in Klagenfurt, um gemeinsam mit dem Publikum Geburtstag zu feiern.<\/p>\n\n\n\n<p>Auf dem Programm stehen Glanzst\u00fccke aus dem B\u00fchnenleben, aber nat\u00fcrlich auch neue Arrangements der feurig frechen Bl\u00e4sertruppe. So wird der ph\u00e4nomenale Wandel von den Wirtshaus musikalischen Anf\u00e4ngen im Wiener Gasthaus Mnozil bis hin zur angewandten Blasmusik in weltgewandter Auspr\u00e4gung feierlich zelebriert.<\/p>\n\n\n\n<p>Tickets erh\u00e4ltlich unter: <a href=\"https:\/\/www.oeticket.com\/event\/mnozil-brass-jubelei-konzerthaus-klagenfurt-17120177\/\">www.oeticket.com<\/a><br>Webseite: <a href=\"https:\/\/mnozilbrass.at\/\">mnozilbrass.at<\/a><\/p>\n\n\n\n<h2 class=\"wp-block-heading\" id=\"h-premiere-stadtgerucht-zu-clagenfurth\">Premiere: Stadtger\u00fccht zu Clagenfurth<\/h2>\n\n\n\n<p><strong>12. Januar | Messehalle<\/strong><\/p>\n\n\n\n<p>F\u00fcr Narren gehen die Weihnachtsfeiertage in Klagenfurt praktisch nahtlos in die f\u00fcnfte Jahreszeit \u00fcber \u2013 den Fasching. Die obersten Schelme der Stadt &#8211; die Stadtrichter &#8211; treffen sich deshalb in der Zeit vor dem eigentlichen Fasching an neun Terminen zum weithin ber\u00fchmten und ber\u00fcchtigten Stadtger\u00fccht zu Clagenfurth.<\/p>\n\n\n\n<p>Premiere feiert das diesj\u00e4hrige Programm am 12. J\u00e4nner und auch dieses Jahr ziehen die gesellschaftspolitischen \u201eScharfrichter\u201c und ihre Schergen \u00fcber Fettn\u00e4pfchentritte der hiesigen Stadtpolitik, Ausrutscher der st\u00e4dtischen Hautevolee und sonstige Am\u00fcsements aus dem gesellschaftlichen Leben der Landeshauptstadt her. In diesem Sinne: Bla-Bla und gute Unterhaltung!<\/p>\n\n\n\n<p>Tickets erh\u00e4ltlich unter: Kartenvorverkauf bei Gruber-Reisen \/ Walther von der Vogelweide Platz 3) oder telefonisch unter +43 664 93 02 87 21<\/p>\n\n\n\n<p>Weitere Termine:&nbsp;19.01., 20.01., 26.01., 27.01., 02.02., 03.02., 09.02. und 10.02.<br>Webseite: <a href=\"https:\/\/www.stadtrichter.at\/stadtgeruecht\/\">www.stadtrichter.at\/stadtgeruecht<\/a><\/p>\n\n\n\n<figure class=\"wp-block-gallery has-nested-images columns-default is-cropped wp-block-gallery-2 is-layout-flex wp-block-gallery-is-layout-flex\">\n<figure class=\"wp-block-image size-large\"><img decoding=\"async\" width=\"1321\" height=\"880\" data-id=\"48949\" src=\"https:\/\/www.visitklagenfurt.at\/wp-content\/uploads\/2023\/01\/Stadtgeruecht.jpg\" alt=\"Darsteller auf der B\u00fchne beim Stadtger\u00fccht zu Clagenfurth\" class=\"wp-image-48949\"\/><figcaption class=\"wp-element-caption\">(c) Stadtger\u00fccht<\/figcaption><\/figure>\n<\/figure>\n\n\n\n<h2 class=\"wp-block-heading\" id=\"h-touched-raphaela-riepl\">Touched \u2013 Raphaela Riepl<\/h2>\n\n\n\n<p><strong>13. Januar | Galerie 3 am Alter Platz<\/strong><\/p>\n\n\n\n<p>Atmosph\u00e4ren, Bewegungen, Gesten, Licht, Luft, Raum und Zeit \u2013 all das sind wesentliche Elemente in der intermedialen Arbeit der geb\u00fcrtigen Linzerin Raphaela Riepl. Auf der Suche nach einem fl\u00fcchtigen \u201eDazwischen\u201c pendelt sie die M\u00f6glichkeiten des atmosph\u00e4rischen Erlebens aus und verzichtet dabei bewusst auf narrative Strukturen oder komplexe Theorie.<\/p>\n\n\n\n<p>In ihrer eigens f\u00fcr die Galerie 3 geschaffenen Ausstellung \u201eTouched\u201c setzt Raphaela Riepl das Zwischenmenschliche in den Mittelpunkt. Das scheint auf den ersten Blick absurd, handelt es sich bei den ausgew\u00e4hlten Arbeiten doch um Leuchtobjekte mit strahlendem Neonlicht und flackernden Impulsen. Doch die Ber\u00fchrung ist hier nicht in einem k\u00f6rperlichen Sinne zu verstehen, sondern vielmehr als die grundlegende Voraussetzung f\u00fcr Austausch und Wandel.<\/p>\n\n\n\n<p>&nbsp;Webseite: <a href=\"https:\/\/www.galerie3.com\/\">www.galerie3.com<\/a><\/p>\n\n\n\n<blockquote class=\"instagram-media\" data-instgrm-permalink=\"https:\/\/www.instagram.com\/reel\/CyyscvxRn6T\/?utm_source=ig_embed&amp;utm_campaign=loading\" data-instgrm-version=\"14\" style=\" background:#FFF; border:0; border-radius:3px; box-shadow:0 0 1px 0 rgba(0,0,0,0.5),0 1px 10px 0 rgba(0,0,0,0.15); margin: 1px; max-width:540px; min-width:326px; padding:0; width:99.375%; width:-webkit-calc(100% - 2px); width:calc(100% - 2px);\"><div style=\"padding:16px;\"> <a href=\"https:\/\/www.instagram.com\/reel\/CyyscvxRn6T\/?utm_source=ig_embed&amp;utm_campaign=loading\" style=\" background:#FFFFFF; line-height:0; padding:0 0; text-align:center; text-decoration:none; width:100%;\" target=\"_blank\" rel=\"noopener\"> <div style=\" display: flex; flex-direction: row; align-items: center;\"> <div style=\"background-color: #F4F4F4; border-radius: 50%; flex-grow: 0; height: 40px; margin-right: 14px; width: 40px;\"><\/div> <div style=\"display: flex; flex-direction: column; flex-grow: 1; justify-content: center;\"> <div style=\" background-color: #F4F4F4; border-radius: 4px; flex-grow: 0; height: 14px; margin-bottom: 6px; width: 100px;\"><\/div> <div style=\" background-color: #F4F4F4; border-radius: 4px; flex-grow: 0; height: 14px; width: 60px;\"><\/div><\/div><\/div><div style=\"padding: 19% 0;\"><\/div> <div style=\"display:block; height:50px; margin:0 auto 12px; width:50px;\"><svg width=\"50px\" height=\"50px\" viewBox=\"0 0 60 60\" version=\"1.1\" xmlns=\"https:\/\/www.w3.org\/2000\/svg\" xmlns:xlink=\"https:\/\/www.w3.org\/1999\/xlink\"><g stroke=\"none\" stroke-width=\"1\" fill=\"none\" fill-rule=\"evenodd\"><g transform=\"translate(-511.000000, -20.000000)\" fill=\"#000000\"><g><path d=\"M556.869,30.41 C554.814,30.41 553.148,32.076 553.148,34.131 C553.148,36.186 554.814,37.852 556.869,37.852 C558.924,37.852 560.59,36.186 560.59,34.131 C560.59,32.076 558.924,30.41 556.869,30.41 M541,60.657 C535.114,60.657 530.342,55.887 530.342,50 C530.342,44.114 535.114,39.342 541,39.342 C546.887,39.342 551.658,44.114 551.658,50 C551.658,55.887 546.887,60.657 541,60.657 M541,33.886 C532.1,33.886 524.886,41.1 524.886,50 C524.886,58.899 532.1,66.113 541,66.113 C549.9,66.113 557.115,58.899 557.115,50 C557.115,41.1 549.9,33.886 541,33.886 M565.378,62.101 C565.244,65.022 564.756,66.606 564.346,67.663 C563.803,69.06 563.154,70.057 562.106,71.106 C561.058,72.155 560.06,72.803 558.662,73.347 C557.607,73.757 556.021,74.244 553.102,74.378 C549.944,74.521 548.997,74.552 541,74.552 C533.003,74.552 532.056,74.521 528.898,74.378 C525.979,74.244 524.393,73.757 523.338,73.347 C521.94,72.803 520.942,72.155 519.894,71.106 C518.846,70.057 518.197,69.06 517.654,67.663 C517.244,66.606 516.755,65.022 516.623,62.101 C516.479,58.943 516.448,57.996 516.448,50 C516.448,42.003 516.479,41.056 516.623,37.899 C516.755,34.978 517.244,33.391 517.654,32.338 C518.197,30.938 518.846,29.942 519.894,28.894 C520.942,27.846 521.94,27.196 523.338,26.654 C524.393,26.244 525.979,25.756 528.898,25.623 C532.057,25.479 533.004,25.448 541,25.448 C548.997,25.448 549.943,25.479 553.102,25.623 C556.021,25.756 557.607,26.244 558.662,26.654 C560.06,27.196 561.058,27.846 562.106,28.894 C563.154,29.942 563.803,30.938 564.346,32.338 C564.756,33.391 565.244,34.978 565.378,37.899 C565.522,41.056 565.552,42.003 565.552,50 C565.552,57.996 565.522,58.943 565.378,62.101 M570.82,37.631 C570.674,34.438 570.167,32.258 569.425,30.349 C568.659,28.377 567.633,26.702 565.965,25.035 C564.297,23.368 562.623,22.342 560.652,21.575 C558.743,20.834 556.562,20.326 553.369,20.18 C550.169,20.033 549.148,20 541,20 C532.853,20 531.831,20.033 528.631,20.18 C525.438,20.326 523.257,20.834 521.349,21.575 C519.376,22.342 517.703,23.368 516.035,25.035 C514.368,26.702 513.342,28.377 512.574,30.349 C511.834,32.258 511.326,34.438 511.181,37.631 C511.035,40.831 511,41.851 511,50 C511,58.147 511.035,59.17 511.181,62.369 C511.326,65.562 511.834,67.743 512.574,69.651 C513.342,71.625 514.368,73.296 516.035,74.965 C517.703,76.634 519.376,77.658 521.349,78.425 C523.257,79.167 525.438,79.673 528.631,79.82 C531.831,79.965 532.853,80.001 541,80.001 C549.148,80.001 550.169,79.965 553.369,79.82 C556.562,79.673 558.743,79.167 560.652,78.425 C562.623,77.658 564.297,76.634 565.965,74.965 C567.633,73.296 568.659,71.625 569.425,69.651 C570.167,67.743 570.674,65.562 570.82,62.369 C570.966,59.17 571,58.147 571,50 C571,41.851 570.966,40.831 570.82,37.631\"><\/path><\/g><\/g><\/g><\/svg><\/div><div style=\"padding-top: 8px;\"> <div style=\" color:#3897f0; font-family:Arial,sans-serif; font-size:14px; font-style:normal; font-weight:550; line-height:18px;\">Sieh dir diesen Beitrag auf Instagram an<\/div><\/div><div style=\"padding: 12.5% 0;\"><\/div> <div style=\"display: flex; flex-direction: row; margin-bottom: 14px; align-items: center;\"><div> <div style=\"background-color: #F4F4F4; border-radius: 50%; height: 12.5px; width: 12.5px; transform: translateX(0px) translateY(7px);\"><\/div> <div style=\"background-color: #F4F4F4; height: 12.5px; transform: rotate(-45deg) translateX(3px) translateY(1px); width: 12.5px; flex-grow: 0; margin-right: 14px; margin-left: 2px;\"><\/div> <div style=\"background-color: #F4F4F4; border-radius: 50%; height: 12.5px; width: 12.5px; transform: translateX(9px) translateY(-18px);\"><\/div><\/div><div style=\"margin-left: 8px;\"> <div style=\" background-color: #F4F4F4; border-radius: 50%; flex-grow: 0; height: 20px; width: 20px;\"><\/div> <div style=\" width: 0; height: 0; border-top: 2px solid transparent; border-left: 6px solid #f4f4f4; border-bottom: 2px solid transparent; transform: translateX(16px) translateY(-4px) rotate(30deg)\"><\/div><\/div><div style=\"margin-left: auto;\"> <div style=\" width: 0px; border-top: 8px solid #F4F4F4; border-right: 8px solid transparent; transform: translateY(16px);\"><\/div> <div style=\" background-color: #F4F4F4; flex-grow: 0; height: 12px; width: 16px; transform: translateY(-4px);\"><\/div> <div style=\" width: 0; height: 0; border-top: 8px solid #F4F4F4; border-left: 8px solid transparent; transform: translateY(-4px) translateX(8px);\"><\/div><\/div><\/div> <div style=\"display: flex; flex-direction: column; flex-grow: 1; justify-content: center; margin-bottom: 24px;\"> <div style=\" background-color: #F4F4F4; border-radius: 4px; flex-grow: 0; height: 14px; margin-bottom: 6px; width: 224px;\"><\/div> <div style=\" background-color: #F4F4F4; border-radius: 4px; flex-grow: 0; height: 14px; width: 144px;\"><\/div><\/div><\/a><p style=\" color:#c9c8cd; font-family:Arial,sans-serif; font-size:14px; line-height:17px; margin-bottom:0; margin-top:8px; overflow:hidden; padding:8px 0 7px; text-align:center; text-overflow:ellipsis; white-space:nowrap;\"><a href=\"https:\/\/www.instagram.com\/reel\/CyyscvxRn6T\/?utm_source=ig_embed&amp;utm_campaign=loading\" style=\" color:#c9c8cd; font-family:Arial,sans-serif; font-size:14px; font-style:normal; font-weight:normal; line-height:17px; text-decoration:none;\" target=\"_blank\" rel=\"noopener\">Ein Beitrag geteilt von Galerie3 (@galerie_3)<\/a><\/p><\/div><\/blockquote>\n<script async src=\"\/\/www.instagram.com\/embed.js\"><\/script>\n\n\n\n<h2 class=\"wp-block-heading\" id=\"h-lesung-markus-kohle\">Lesung: Markus K\u00f6hle<\/h2>\n\n\n\n<p><strong>16. Januar | Musilhaus<\/strong><\/p>\n\n\n\n<p>Markus K\u00f6hle kann getrost als Vater der \u00f6sterreichischen Poetry Slam Szene betitelt werden, war er es doch, der das neuartige Format in \u00d6sterreich etabliert und gro\u00df gemacht hat. Noch heute steht er regelm\u00e4\u00dfig auf den Slamb\u00fchnen des Landes. Doch auch als Schriftsteller hat er sich mittlerweile einen Namen gemacht.<\/p>\n\n\n\n<p>Am 16. Januar liest Markus K\u00f6hle im Musilhaus aus seinem neuesten Roman \u201eDas Dorf ist wie das Internet, es vergisst nichts\u201c. Darin erz\u00e4hlt er vom freiberuflichen Texter Lukas, der viel Zeit im Zug verbringt und \u00fcber die dort aufgeschnappten Gespr\u00e4che ganz tief in die \u00f6sterreichische Seele blickt.<\/p>\n\n\n\n<p>Als sich pl\u00f6tzlich der B\u00fcrgermeister seiner Tiroler Heimatgemeinde einen Literaturpreis im Tausch f\u00fcr eine literarische Lobeshymne auf den ehemaligen Heimatort verleihen will, mischen sich Erinnerungen an seine Kindheit und Jugend unter die Zugdialoge und das Stadt-Land-Schlamassel ist perfekt.<\/p>\n\n\n\n<p>&nbsp;Webseite: <a href=\"https:\/\/www.musilmuseum.at\/\">www.musilmuseum.at<\/a><\/p>\n\n\n\n<figure class=\"wp-block-gallery has-nested-images columns-default is-cropped wp-block-gallery-3 is-layout-flex wp-block-gallery-is-layout-flex\">\n<figure class=\"wp-block-image size-large\"><img decoding=\"async\" width=\"1024\" height=\"768\" data-id=\"6179\" src=\"https:\/\/www.visitklagenfurt.at\/wp-content\/uploads\/2021\/02\/Robert-Musil-Museum-Buecherwand-c-Musil-Museum-1024x768.jpg\" alt=\"Robert Musil Museum, Musilmuseum, B\u00fccherwand, Literaturlounge, 9020 Klagenfurt am W\u00f6rthersee, Galerie\" class=\"wp-image-6179\" srcset=\"https:\/\/www.visitklagenfurt.at\/wp-content\/uploads\/2021\/02\/Robert-Musil-Museum-Buecherwand-c-Musil-Museum-1024x768.jpg 1024w, https:\/\/www.visitklagenfurt.at\/wp-content\/uploads\/2021\/02\/Robert-Musil-Museum-Buecherwand-c-Musil-Museum-300x225.jpg 300w, https:\/\/www.visitklagenfurt.at\/wp-content\/uploads\/2021\/02\/Robert-Musil-Museum-Buecherwand-c-Musil-Museum-768x576.jpg 768w, https:\/\/www.visitklagenfurt.at\/wp-content\/uploads\/2021\/02\/Robert-Musil-Museum-Buecherwand-c-Musil-Museum-1536x1152.jpg 1536w, https:\/\/www.visitklagenfurt.at\/wp-content\/uploads\/2021\/02\/Robert-Musil-Museum-Buecherwand-c-Musil-Museum-2048x1536.jpg 2048w\" sizes=\"(max-width: 1024px) 100vw, 1024px\" \/><figcaption class=\"wp-element-caption\">(c) Musilmuseum<\/figcaption><\/figure>\n<\/figure>\n\n\n\n<h2 class=\"wp-block-heading\" id=\"h-ice-party\">Ice Party<\/h2>\n\n\n\n<p><strong>Samstags von 18.00 bis 20.00 Uhr | Heidi Horten-Arena<\/strong><\/p>\n\n\n\n<p>Von November bis M\u00e4rz \u00f6ffnet die Klagenfurter Eishalle jeden Samstag ihre Pforten f\u00fcr Eislaufbegeisterte. Ob Pirouetten drehen oder einfach eine gem\u00fctliche Runde \u00fcbers Eis gleiten \u2013 wo sonst die Mannschaft des KAC ihre Spiele austr\u00e4gt, kann an diesen Tagen nach Lust und Laune eisgelaufen werden.<\/p>\n\n\n\n<p>Begleitet wird die gro\u00dfe Ice Party in der Heidi Horten-Arena von ausgelassener Discostimmung und tollen Beats. Musikw\u00fcnsche und sogar die eigenen Selfies k\u00f6nnen direkt per QR-Code auf den modernen Videow\u00fcrfel gesendet werden.&nbsp;<\/p>\n\n\n\n<p>Wer sich auf Kufen \u00fcbers Eis schwingt, hat zudem die Chance, tolle Sachpreise zu gewinnen, darunter Antenne K\u00e4rnten Fanbank Gutscheine oder sogar einen Mopedf\u00fchrerschein. Das sollte man sich nicht entgehen lassen!<\/p>\n\n\n\n<p>Webseite: <a href=\"https:\/\/www.kaerntnermessen.at\/eissportzentrum\/\">www.kaerntnermessen.at\/eissportzentrum<\/a><\/p>\n\n\n\n<figure class=\"wp-block-gallery has-nested-images columns-default is-cropped wp-block-gallery-4 is-layout-flex wp-block-gallery-is-layout-flex\">\n<figure class=\"wp-block-image size-large\"><img loading=\"lazy\" decoding=\"async\" width=\"1080\" height=\"720\" data-id=\"60199\" src=\"https:\/\/www.visitklagenfurt.at\/wp-content\/uploads\/2023\/12\/B95I0612-2.jpg\" alt=\"Ice Party in der Heidi Horten-Arena\" class=\"wp-image-60199\"\/><figcaption class=\"wp-element-caption\">(c) NZ Photo, Zangerle<\/figcaption><\/figure>\n<\/figure>\n\n\n\n<h2 class=\"wp-block-heading\" id=\"h-snowboard-weltcup-auf-der-simonhohe\">Snowboard Weltcup auf der Simonh\u00f6he<\/h2>\n\n\n\n<p><strong>Samstag 27. Januar&nbsp; &#8211; Qualifikation 8.45; Finale 12.45<\/strong><br><strong>Sonntag 28. Januar &#8211; Pre Heats 11.30; Finale 12.15.<\/strong><\/p>\n\n\n\n<p>Nach einem Jahr Pause macht der Snowboard-Weltcup heuer wieder Halt auf der Simonh\u00f6he und mit ihm die Elite der internationalen Snowboardszene. Das Publikum erwartet dabei an zwei Tagen ein Event der Extraklasse!&nbsp;<\/p>\n\n\n\n<p>Den rasanten Start ins Weltcupwochenende macht der Parallel Riesentorlauf am Samstag, bevor die Antenne Weltcupparty am Abend dann zum ausgelassenen Abfeiern einl\u00e4dt.<\/p>\n\n\n\n<p>Am Tag darauf folgt mit dem Parallel Teamrennen der H\u00f6hepunkt des Wochenendes. Dabei gilt es nat\u00fcrlich, die heimischen Gr\u00f6\u00dfen rund um Sabine Sch\u00f6ffmann und Alexander Payer entlang der Strecke anzufeuern, damit sie auch dieses Mal wieder ganz oben auf dem Stockerl stehen.&nbsp;<\/p>\n\n\n\n<p>An beiden Eventtagen gilt freier Eintritt und ein gratis Shuttle Bus von Klagenfurt bringt die sportbegeisterten Fans gratis auf die Simonh\u00f6he und wieder zur\u00fcck.<\/p>\n\n\n\n<p>Infos zu Fahrzeiten und Anmeldung unter: <a href=\"https:\/\/www.kaerntner-linien.at\/wm24\">kaerntner-linien\/wm24<\/a><\/p>\n\n\n\n<blockquote class=\"instagram-media\" data-instgrm-permalink=\"https:\/\/www.instagram.com\/p\/CYtdUVdK9Vr\/?utm_source=ig_embed&amp;utm_campaign=loading\" data-instgrm-version=\"14\" style=\" background:#FFF; border:0; border-radius:3px; box-shadow:0 0 1px 0 rgba(0,0,0,0.5),0 1px 10px 0 rgba(0,0,0,0.15); margin: 1px; max-width:540px; min-width:326px; padding:0; width:99.375%; width:-webkit-calc(100% - 2px); width:calc(100% - 2px);\"><div style=\"padding:16px;\"> <a href=\"https:\/\/www.instagram.com\/p\/CYtdUVdK9Vr\/?utm_source=ig_embed&amp;utm_campaign=loading\" style=\" background:#FFFFFF; line-height:0; padding:0 0; text-align:center; text-decoration:none; width:100%;\" target=\"_blank\" rel=\"noopener\"> <div style=\" display: flex; flex-direction: row; align-items: center;\"> <div style=\"background-color: #F4F4F4; border-radius: 50%; flex-grow: 0; height: 40px; margin-right: 14px; width: 40px;\"><\/div> <div style=\"display: flex; flex-direction: column; flex-grow: 1; justify-content: center;\"> <div style=\" background-color: #F4F4F4; border-radius: 4px; flex-grow: 0; height: 14px; margin-bottom: 6px; width: 100px;\"><\/div> <div style=\" background-color: #F4F4F4; border-radius: 4px; flex-grow: 0; height: 14px; width: 60px;\"><\/div><\/div><\/div><div style=\"padding: 19% 0;\"><\/div> <div style=\"display:block; height:50px; margin:0 auto 12px; width:50px;\"><svg width=\"50px\" height=\"50px\" viewBox=\"0 0 60 60\" version=\"1.1\" xmlns=\"https:\/\/www.w3.org\/2000\/svg\" xmlns:xlink=\"https:\/\/www.w3.org\/1999\/xlink\"><g stroke=\"none\" stroke-width=\"1\" fill=\"none\" fill-rule=\"evenodd\"><g transform=\"translate(-511.000000, -20.000000)\" fill=\"#000000\"><g><path d=\"M556.869,30.41 C554.814,30.41 553.148,32.076 553.148,34.131 C553.148,36.186 554.814,37.852 556.869,37.852 C558.924,37.852 560.59,36.186 560.59,34.131 C560.59,32.076 558.924,30.41 556.869,30.41 M541,60.657 C535.114,60.657 530.342,55.887 530.342,50 C530.342,44.114 535.114,39.342 541,39.342 C546.887,39.342 551.658,44.114 551.658,50 C551.658,55.887 546.887,60.657 541,60.657 M541,33.886 C532.1,33.886 524.886,41.1 524.886,50 C524.886,58.899 532.1,66.113 541,66.113 C549.9,66.113 557.115,58.899 557.115,50 C557.115,41.1 549.9,33.886 541,33.886 M565.378,62.101 C565.244,65.022 564.756,66.606 564.346,67.663 C563.803,69.06 563.154,70.057 562.106,71.106 C561.058,72.155 560.06,72.803 558.662,73.347 C557.607,73.757 556.021,74.244 553.102,74.378 C549.944,74.521 548.997,74.552 541,74.552 C533.003,74.552 532.056,74.521 528.898,74.378 C525.979,74.244 524.393,73.757 523.338,73.347 C521.94,72.803 520.942,72.155 519.894,71.106 C518.846,70.057 518.197,69.06 517.654,67.663 C517.244,66.606 516.755,65.022 516.623,62.101 C516.479,58.943 516.448,57.996 516.448,50 C516.448,42.003 516.479,41.056 516.623,37.899 C516.755,34.978 517.244,33.391 517.654,32.338 C518.197,30.938 518.846,29.942 519.894,28.894 C520.942,27.846 521.94,27.196 523.338,26.654 C524.393,26.244 525.979,25.756 528.898,25.623 C532.057,25.479 533.004,25.448 541,25.448 C548.997,25.448 549.943,25.479 553.102,25.623 C556.021,25.756 557.607,26.244 558.662,26.654 C560.06,27.196 561.058,27.846 562.106,28.894 C563.154,29.942 563.803,30.938 564.346,32.338 C564.756,33.391 565.244,34.978 565.378,37.899 C565.522,41.056 565.552,42.003 565.552,50 C565.552,57.996 565.522,58.943 565.378,62.101 M570.82,37.631 C570.674,34.438 570.167,32.258 569.425,30.349 C568.659,28.377 567.633,26.702 565.965,25.035 C564.297,23.368 562.623,22.342 560.652,21.575 C558.743,20.834 556.562,20.326 553.369,20.18 C550.169,20.033 549.148,20 541,20 C532.853,20 531.831,20.033 528.631,20.18 C525.438,20.326 523.257,20.834 521.349,21.575 C519.376,22.342 517.703,23.368 516.035,25.035 C514.368,26.702 513.342,28.377 512.574,30.349 C511.834,32.258 511.326,34.438 511.181,37.631 C511.035,40.831 511,41.851 511,50 C511,58.147 511.035,59.17 511.181,62.369 C511.326,65.562 511.834,67.743 512.574,69.651 C513.342,71.625 514.368,73.296 516.035,74.965 C517.703,76.634 519.376,77.658 521.349,78.425 C523.257,79.167 525.438,79.673 528.631,79.82 C531.831,79.965 532.853,80.001 541,80.001 C549.148,80.001 550.169,79.965 553.369,79.82 C556.562,79.673 558.743,79.167 560.652,78.425 C562.623,77.658 564.297,76.634 565.965,74.965 C567.633,73.296 568.659,71.625 569.425,69.651 C570.167,67.743 570.674,65.562 570.82,62.369 C570.966,59.17 571,58.147 571,50 C571,41.851 570.966,40.831 570.82,37.631\"><\/path><\/g><\/g><\/g><\/svg><\/div><div style=\"padding-top: 8px;\"> <div style=\" color:#3897f0; font-family:Arial,sans-serif; font-size:14px; font-style:normal; font-weight:550; line-height:18px;\">Sieh dir diesen Beitrag auf Instagram an<\/div><\/div><div style=\"padding: 12.5% 0;\"><\/div> <div style=\"display: flex; flex-direction: row; margin-bottom: 14px; align-items: center;\"><div> <div style=\"background-color: #F4F4F4; border-radius: 50%; height: 12.5px; width: 12.5px; transform: translateX(0px) translateY(7px);\"><\/div> <div style=\"background-color: #F4F4F4; height: 12.5px; transform: rotate(-45deg) translateX(3px) translateY(1px); width: 12.5px; flex-grow: 0; margin-right: 14px; margin-left: 2px;\"><\/div> <div style=\"background-color: #F4F4F4; border-radius: 50%; height: 12.5px; width: 12.5px; transform: translateX(9px) translateY(-18px);\"><\/div><\/div><div style=\"margin-left: 8px;\"> <div style=\" background-color: #F4F4F4; border-radius: 50%; flex-grow: 0; height: 20px; width: 20px;\"><\/div> <div style=\" width: 0; height: 0; border-top: 2px solid transparent; border-left: 6px solid #f4f4f4; border-bottom: 2px solid transparent; transform: translateX(16px) translateY(-4px) rotate(30deg)\"><\/div><\/div><div style=\"margin-left: auto;\"> <div style=\" width: 0px; border-top: 8px solid #F4F4F4; border-right: 8px solid transparent; transform: translateY(16px);\"><\/div> <div style=\" background-color: #F4F4F4; flex-grow: 0; height: 12px; width: 16px; transform: translateY(-4px);\"><\/div> <div style=\" width: 0; height: 0; border-top: 8px solid #F4F4F4; border-left: 8px solid transparent; transform: translateY(-4px) translateX(8px);\"><\/div><\/div><\/div> <div style=\"display: flex; flex-direction: column; flex-grow: 1; justify-content: center; margin-bottom: 24px;\"> <div style=\" background-color: #F4F4F4; border-radius: 4px; flex-grow: 0; height: 14px; margin-bottom: 6px; width: 224px;\"><\/div> <div style=\" background-color: #F4F4F4; border-radius: 4px; flex-grow: 0; height: 14px; width: 144px;\"><\/div><\/div><\/a><p style=\" color:#c9c8cd; font-family:Arial,sans-serif; font-size:14px; line-height:17px; margin-bottom:0; margin-top:8px; overflow:hidden; padding:8px 0 7px; text-align:center; text-overflow:ellipsis; white-space:nowrap;\"><a href=\"https:\/\/www.instagram.com\/p\/CYtdUVdK9Vr\/?utm_source=ig_embed&amp;utm_campaign=loading\" style=\" color:#c9c8cd; font-family:Arial,sans-serif; font-size:14px; font-style:normal; font-weight:normal; line-height:17px; text-decoration:none;\" target=\"_blank\" rel=\"noopener\">Ein Beitrag geteilt von Snowboard Worldcup Simonh\u00f6he (@snowboardracing.simonhohe)<\/a><\/p><\/div><\/blockquote> <script async src=\"\/\/www.instagram.com\/embed.js\"><\/script>\n\n\n\n<h2 class=\"wp-block-heading\" id=\"h-bereit-fur-das-jahr-2024\">Bereit f\u00fcr das Jahr 2024?<\/h2>\n\n\n\n<p>Strahlende Objektkunst, internationaler Spitzensport oder typisch \u00f6sterreichische Literatur \u2013 der Januar in Klagenfurt hat in jeder Hinsicht einiges zu bieten. Daneben gibt es Freizeitspa\u00df auf zwei Kufen, eine musikalische Geburtstagsfeier und Faschingsnarretei vom Feinsten.&nbsp;<\/p>\n\n\n\n<p>Damit l\u00e4sst sich das neue Jahr geb\u00fchrend willkommen hei\u00dfen und wir w\u00fcnschen viel Spa\u00df bei einem abwechslungsreichen Eventprogramm!<\/p>\n","protected":false},"excerpt":{"rendered":"<p>Sportlich, musikalisch und frech, so beginnt das Jahr 2024 in Klagenfurt am W\u00f6rthersee. Ob das Beste aus der Welt der Musicals, internationale Snowboardaction vor schneebedeckter Kulisse oder die gute alte Faschingssitzung \u2013 der Januar bietet herausragende Veranstaltungen und Unterhaltung f\u00fcr jeden Geschmack.<\/p>\n","protected":false},"author":27,"featured_media":60209,"comment_status":"closed","ping_status":"closed","sticky":false,"template":"","format":"standard","meta":{"footnotes":""},"categories":[17],"tags":[745,23],"class_list":["post-60183","post","type-post","status-publish","format-standard","has-post-thumbnail","hentry","category-urlaub-freizeit","tag-events","tag-urlaub-und-freizeit"],"yoast_head":"<!-- This site is optimized with the Yoast SEO plugin v27.5 - https:\/\/yoast.com\/product\/yoast-seo-wordpress\/ -->\n<title>Events &amp; Veranstaltungen in Klagenfurt: Januar 2024 | visitklagenfurt<\/title>\n<meta name=\"description\" content=\"Entdecke hier alle Events &amp; Veranstaltungen im Januar 2024 in Klagenfurt: Von Musik, Theater, Lesungen &amp; Snowboard ist f\u00fcr alle etwas dabei!\" \/>\n<meta name=\"robots\" content=\"index, follow, max-snippet:-1, max-image-preview:large, max-video-preview:-1\" \/>\n<link rel=\"canonical\" href=\"https:\/\/www.visitklagenfurt.at\/de\/blog\/urlaub-freizeit\/veranstaltungen-januar-2024-klagenfurt\/\" \/>\n<meta property=\"og:locale\" content=\"de_DE\" \/>\n<meta property=\"og:type\" content=\"article\" \/>\n<meta property=\"og:title\" content=\"Events und Veranstaltungen im Januar 2024 in Klagenfurt am W\u00f6rthersee | visitklagenfurt\" \/>\n<meta property=\"og:description\" content=\"Entdecke hier alle Events &amp; Veranstaltungen im Januar 2024 in Klagenfurt: Von Musik, Theater, Lesungen &amp; Snowboard ist f\u00fcr alle etwas dabei!\" \/>\n<meta property=\"og:url\" content=\"https:\/\/www.visitklagenfurt.at\/de\/blog\/urlaub-freizeit\/veranstaltungen-januar-2024-klagenfurt\/\" \/>\n<meta property=\"og:site_name\" content=\"visitklagenfurt\" \/>\n<meta property=\"article:published_time\" content=\"2023-12-25T13:02:11+00:00\" \/>\n<meta property=\"article:modified_time\" content=\"2024-01-05T13:35:59+00:00\" \/>\n<meta property=\"og:image\" content=\"https:\/\/www.visitklagenfurt.at\/wp-content\/uploads\/2023\/12\/Snowboard-WC-22-Simonhohe-Daniela-Ebner-707-2.jpg\" \/>\n\t<meta property=\"og:image:width\" content=\"1080\" \/>\n\t<meta property=\"og:image:height\" content=\"720\" \/>\n\t<meta property=\"og:image:type\" content=\"image\/jpeg\" \/>\n<meta name=\"author\" content=\"Simon Martinschitz\" \/>\n<meta name=\"twitter:card\" content=\"summary_large_image\" \/>\n<meta name=\"twitter:label1\" content=\"Verfasst von\" \/>\n\t<meta name=\"twitter:data1\" content=\"Simon Martinschitz\" \/>\n\t<meta name=\"twitter:label2\" content=\"Gesch\u00e4tzte Lesezeit\" \/>\n\t<meta name=\"twitter:data2\" content=\"7\u00a0Minuten\" \/>\n<script type=\"application\/ld+json\" class=\"yoast-schema-graph\">{\"@context\":\"https:\\\/\\\/schema.org\",\"@graph\":[{\"@type\":\"Article\",\"@id\":\"https:\\\/\\\/www.visitklagenfurt.at\\\/de\\\/blog\\\/urlaub-freizeit\\\/veranstaltungen-januar-2024-klagenfurt\\\/#article\",\"isPartOf\":{\"@id\":\"https:\\\/\\\/www.visitklagenfurt.at\\\/de\\\/blog\\\/urlaub-freizeit\\\/veranstaltungen-januar-2024-klagenfurt\\\/\"},\"author\":{\"name\":\"Simon Martinschitz\",\"@id\":\"https:\\\/\\\/www.visitklagenfurt.at\\\/de\\\/#\\\/schema\\\/person\\\/7a9c6bc8d10c35a61c7a91c28742c063\"},\"headline\":\"Events und Veranstaltungen im Januar 2024 in Klagenfurt am W\u00f6rthersee\",\"datePublished\":\"2023-12-25T13:02:11+00:00\",\"dateModified\":\"2024-01-05T13:35:59+00:00\",\"mainEntityOfPage\":{\"@id\":\"https:\\\/\\\/www.visitklagenfurt.at\\\/de\\\/blog\\\/urlaub-freizeit\\\/veranstaltungen-januar-2024-klagenfurt\\\/\"},\"wordCount\":1108,\"publisher\":{\"@id\":\"https:\\\/\\\/www.visitklagenfurt.at\\\/de\\\/#organization\"},\"image\":{\"@id\":\"https:\\\/\\\/www.visitklagenfurt.at\\\/de\\\/blog\\\/urlaub-freizeit\\\/veranstaltungen-januar-2024-klagenfurt\\\/#primaryimage\"},\"thumbnailUrl\":\"https:\\\/\\\/www.visitklagenfurt.at\\\/wp-content\\\/uploads\\\/2023\\\/12\\\/Snowboard-WC-22-Simonhohe-Daniela-Ebner-707-2.jpg\",\"keywords\":[\"Events\",\"Urlaub &amp; Freizeit\"],\"articleSection\":[\"Urlaub &amp; Freizeit\"],\"inLanguage\":\"de\"},{\"@type\":\"WebPage\",\"@id\":\"https:\\\/\\\/www.visitklagenfurt.at\\\/de\\\/blog\\\/urlaub-freizeit\\\/veranstaltungen-januar-2024-klagenfurt\\\/\",\"url\":\"https:\\\/\\\/www.visitklagenfurt.at\\\/de\\\/blog\\\/urlaub-freizeit\\\/veranstaltungen-januar-2024-klagenfurt\\\/\",\"name\":\"Events & Veranstaltungen in Klagenfurt: Januar 2024 | visitklagenfurt\",\"isPartOf\":{\"@id\":\"https:\\\/\\\/www.visitklagenfurt.at\\\/de\\\/#website\"},\"primaryImageOfPage\":{\"@id\":\"https:\\\/\\\/www.visitklagenfurt.at\\\/de\\\/blog\\\/urlaub-freizeit\\\/veranstaltungen-januar-2024-klagenfurt\\\/#primaryimage\"},\"image\":{\"@id\":\"https:\\\/\\\/www.visitklagenfurt.at\\\/de\\\/blog\\\/urlaub-freizeit\\\/veranstaltungen-januar-2024-klagenfurt\\\/#primaryimage\"},\"thumbnailUrl\":\"https:\\\/\\\/www.visitklagenfurt.at\\\/wp-content\\\/uploads\\\/2023\\\/12\\\/Snowboard-WC-22-Simonhohe-Daniela-Ebner-707-2.jpg\",\"datePublished\":\"2023-12-25T13:02:11+00:00\",\"dateModified\":\"2024-01-05T13:35:59+00:00\",\"description\":\"Entdecke hier alle Events & Veranstaltungen im Januar 2024 in Klagenfurt: Von Musik, Theater, Lesungen & Snowboard ist f\u00fcr alle etwas dabei!\",\"breadcrumb\":{\"@id\":\"https:\\\/\\\/www.visitklagenfurt.at\\\/de\\\/blog\\\/urlaub-freizeit\\\/veranstaltungen-januar-2024-klagenfurt\\\/#breadcrumb\"},\"inLanguage\":\"de\",\"potentialAction\":[{\"@type\":\"ReadAction\",\"target\":[\"https:\\\/\\\/www.visitklagenfurt.at\\\/de\\\/blog\\\/urlaub-freizeit\\\/veranstaltungen-januar-2024-klagenfurt\\\/\"]}]},{\"@type\":\"ImageObject\",\"inLanguage\":\"de\",\"@id\":\"https:\\\/\\\/www.visitklagenfurt.at\\\/de\\\/blog\\\/urlaub-freizeit\\\/veranstaltungen-januar-2024-klagenfurt\\\/#primaryimage\",\"url\":\"https:\\\/\\\/www.visitklagenfurt.at\\\/wp-content\\\/uploads\\\/2023\\\/12\\\/Snowboard-WC-22-Simonhohe-Daniela-Ebner-707-2.jpg\",\"contentUrl\":\"https:\\\/\\\/www.visitklagenfurt.at\\\/wp-content\\\/uploads\\\/2023\\\/12\\\/Snowboard-WC-22-Simonhohe-Daniela-Ebner-707-2.jpg\",\"width\":1080,\"height\":720,\"caption\":\"(c) Daniela Ebner\"},{\"@type\":\"BreadcrumbList\",\"@id\":\"https:\\\/\\\/www.visitklagenfurt.at\\\/de\\\/blog\\\/urlaub-freizeit\\\/veranstaltungen-januar-2024-klagenfurt\\\/#breadcrumb\",\"itemListElement\":[{\"@type\":\"ListItem\",\"position\":1,\"name\":\"visitklagenfurt\",\"item\":\"https:\\\/\\\/www.visitklagenfurt.at\\\/de\\\/\"},{\"@type\":\"ListItem\",\"position\":2,\"name\":\"Blog\",\"item\":\"https:\\\/\\\/www.visitklagenfurt.at\\\/de\\\/category\\\/blog\\\/\"},{\"@type\":\"ListItem\",\"position\":3,\"name\":\"Urlaub &amp; Freizeit\",\"item\":\"https:\\\/\\\/www.visitklagenfurt.at\\\/de\\\/category\\\/blog\\\/urlaub-freizeit\\\/\"},{\"@type\":\"ListItem\",\"position\":4,\"name\":\"Events und Veranstaltungen im Januar 2024 in Klagenfurt am W\u00f6rthersee\"}]},{\"@type\":\"WebSite\",\"@id\":\"https:\\\/\\\/www.visitklagenfurt.at\\\/de\\\/#website\",\"url\":\"https:\\\/\\\/www.visitklagenfurt.at\\\/de\\\/\",\"name\":\"visitklagenfurt\",\"description\":\"\",\"publisher\":{\"@id\":\"https:\\\/\\\/www.visitklagenfurt.at\\\/de\\\/#organization\"},\"potentialAction\":[{\"@type\":\"SearchAction\",\"target\":{\"@type\":\"EntryPoint\",\"urlTemplate\":\"https:\\\/\\\/www.visitklagenfurt.at\\\/de\\\/?s={search_term_string}\"},\"query-input\":{\"@type\":\"PropertyValueSpecification\",\"valueRequired\":true,\"valueName\":\"search_term_string\"}}],\"inLanguage\":\"de\"},{\"@type\":\"Organization\",\"@id\":\"https:\\\/\\\/www.visitklagenfurt.at\\\/de\\\/#organization\",\"name\":\"Tourismus Region Klagenfurt am W\u00f6rthersee GmbH\",\"url\":\"https:\\\/\\\/www.visitklagenfurt.at\\\/de\\\/\",\"logo\":{\"@type\":\"ImageObject\",\"inLanguage\":\"de\",\"@id\":\"https:\\\/\\\/www.visitklagenfurt.at\\\/de\\\/#\\\/schema\\\/logo\\\/image\\\/\",\"url\":\"https:\\\/\\\/www.visitklagenfurt.at\\\/wp-content\\\/uploads\\\/2022\\\/03\\\/DT_K_Klagenfurt_S_RGB.png\",\"contentUrl\":\"https:\\\/\\\/www.visitklagenfurt.at\\\/wp-content\\\/uploads\\\/2022\\\/03\\\/DT_K_Klagenfurt_S_RGB.png\",\"width\":2082,\"height\":1511,\"caption\":\"Tourismus Region Klagenfurt am W\u00f6rthersee GmbH\"},\"image\":{\"@id\":\"https:\\\/\\\/www.visitklagenfurt.at\\\/de\\\/#\\\/schema\\\/logo\\\/image\\\/\"}},{\"@type\":\"Person\",\"@id\":\"https:\\\/\\\/www.visitklagenfurt.at\\\/de\\\/#\\\/schema\\\/person\\\/7a9c6bc8d10c35a61c7a91c28742c063\",\"name\":\"Simon Martinschitz\",\"image\":{\"@type\":\"ImageObject\",\"inLanguage\":\"de\",\"@id\":\"https:\\\/\\\/www.visitklagenfurt.at\\\/wp-content\\\/uploads\\\/2021\\\/05\\\/simon_martinschitz.jpg\",\"url\":\"https:\\\/\\\/www.visitklagenfurt.at\\\/wp-content\\\/uploads\\\/2021\\\/05\\\/simon_martinschitz.jpg\",\"contentUrl\":\"https:\\\/\\\/www.visitklagenfurt.at\\\/wp-content\\\/uploads\\\/2021\\\/05\\\/simon_martinschitz.jpg\",\"caption\":\"Simon Martinschitz\"},\"description\":\"Geboren in Villach, aufgewachsen im Gailtal. Zwischen Bachforellen &amp; Haselnussstauden. Studium der Kulturwissenschaften in Klagenfurt, Bilbao und Florenz. Zwischen kritischer Theorie &amp; Aperitivo. Texter und Kulturarbeiter in der freien K\u00e4rntner Szene. Zwischen Front Page &amp; Back Stage. Wortjongleur. Schauspieler. Musiker. Und \u00fcberzeugter Europ\u00e4er. Mit einer Schw\u00e4che f\u00fcr Brettljausen und Pintxos. Zwischen denen ich mich nicht entscheiden m\u00fcssen m\u00f6chte.\",\"sameAs\":[\"https:\\\/\\\/martinschitz.at\\\/\"],\"url\":\"https:\\\/\\\/www.visitklagenfurt.at\\\/de\\\/author\\\/simon_martinschitz\\\/\"}]}<\/script>\n<!-- \/ Yoast SEO plugin. -->","yoast_head_json":{"title":"Events & Veranstaltungen in Klagenfurt: Januar 2024 | visitklagenfurt","description":"Entdecke hier alle Events & Veranstaltungen im Januar 2024 in Klagenfurt: Von Musik, Theater, Lesungen & Snowboard ist f\u00fcr alle etwas dabei!","robots":{"index":"index","follow":"follow","max-snippet":"max-snippet:-1","max-image-preview":"max-image-preview:large","max-video-preview":"max-video-preview:-1"},"canonical":"https:\/\/www.visitklagenfurt.at\/de\/blog\/urlaub-freizeit\/veranstaltungen-januar-2024-klagenfurt\/","og_locale":"de_DE","og_type":"article","og_title":"Events und Veranstaltungen im Januar 2024 in Klagenfurt am W\u00f6rthersee | visitklagenfurt","og_description":"Entdecke hier alle Events & Veranstaltungen im Januar 2024 in Klagenfurt: Von Musik, Theater, Lesungen & Snowboard ist f\u00fcr alle etwas dabei!","og_url":"https:\/\/www.visitklagenfurt.at\/de\/blog\/urlaub-freizeit\/veranstaltungen-januar-2024-klagenfurt\/","og_site_name":"visitklagenfurt","article_published_time":"2023-12-25T13:02:11+00:00","article_modified_time":"2024-01-05T13:35:59+00:00","og_image":[{"width":1080,"height":720,"url":"https:\/\/www.visitklagenfurt.at\/wp-content\/uploads\/2023\/12\/Snowboard-WC-22-Simonhohe-Daniela-Ebner-707-2.jpg","type":"image\/jpeg"}],"author":"Simon Martinschitz","twitter_card":"summary_large_image","twitter_misc":{"Verfasst von":"Simon Martinschitz","Gesch\u00e4tzte Lesezeit":"7\u00a0Minuten"},"schema":{"@context":"https:\/\/schema.org","@graph":[{"@type":"Article","@id":"https:\/\/www.visitklagenfurt.at\/de\/blog\/urlaub-freizeit\/veranstaltungen-januar-2024-klagenfurt\/#article","isPartOf":{"@id":"https:\/\/www.visitklagenfurt.at\/de\/blog\/urlaub-freizeit\/veranstaltungen-januar-2024-klagenfurt\/"},"author":{"name":"Simon Martinschitz","@id":"https:\/\/www.visitklagenfurt.at\/de\/#\/schema\/person\/7a9c6bc8d10c35a61c7a91c28742c063"},"headline":"Events und Veranstaltungen im Januar 2024 in Klagenfurt am W\u00f6rthersee","datePublished":"2023-12-25T13:02:11+00:00","dateModified":"2024-01-05T13:35:59+00:00","mainEntityOfPage":{"@id":"https:\/\/www.visitklagenfurt.at\/de\/blog\/urlaub-freizeit\/veranstaltungen-januar-2024-klagenfurt\/"},"wordCount":1108,"publisher":{"@id":"https:\/\/www.visitklagenfurt.at\/de\/#organization"},"image":{"@id":"https:\/\/www.visitklagenfurt.at\/de\/blog\/urlaub-freizeit\/veranstaltungen-januar-2024-klagenfurt\/#primaryimage"},"thumbnailUrl":"https:\/\/www.visitklagenfurt.at\/wp-content\/uploads\/2023\/12\/Snowboard-WC-22-Simonhohe-Daniela-Ebner-707-2.jpg","keywords":["Events","Urlaub &amp; Freizeit"],"articleSection":["Urlaub &amp; Freizeit"],"inLanguage":"de"},{"@type":"WebPage","@id":"https:\/\/www.visitklagenfurt.at\/de\/blog\/urlaub-freizeit\/veranstaltungen-januar-2024-klagenfurt\/","url":"https:\/\/www.visitklagenfurt.at\/de\/blog\/urlaub-freizeit\/veranstaltungen-januar-2024-klagenfurt\/","name":"Events & Veranstaltungen in Klagenfurt: Januar 2024 | visitklagenfurt","isPartOf":{"@id":"https:\/\/www.visitklagenfurt.at\/de\/#website"},"primaryImageOfPage":{"@id":"https:\/\/www.visitklagenfurt.at\/de\/blog\/urlaub-freizeit\/veranstaltungen-januar-2024-klagenfurt\/#primaryimage"},"image":{"@id":"https:\/\/www.visitklagenfurt.at\/de\/blog\/urlaub-freizeit\/veranstaltungen-januar-2024-klagenfurt\/#primaryimage"},"thumbnailUrl":"https:\/\/www.visitklagenfurt.at\/wp-content\/uploads\/2023\/12\/Snowboard-WC-22-Simonhohe-Daniela-Ebner-707-2.jpg","datePublished":"2023-12-25T13:02:11+00:00","dateModified":"2024-01-05T13:35:59+00:00","description":"Entdecke hier alle Events & Veranstaltungen im Januar 2024 in Klagenfurt: Von Musik, Theater, Lesungen & Snowboard ist f\u00fcr alle etwas dabei!","breadcrumb":{"@id":"https:\/\/www.visitklagenfurt.at\/de\/blog\/urlaub-freizeit\/veranstaltungen-januar-2024-klagenfurt\/#breadcrumb"},"inLanguage":"de","potentialAction":[{"@type":"ReadAction","target":["https:\/\/www.visitklagenfurt.at\/de\/blog\/urlaub-freizeit\/veranstaltungen-januar-2024-klagenfurt\/"]}]},{"@type":"ImageObject","inLanguage":"de","@id":"https:\/\/www.visitklagenfurt.at\/de\/blog\/urlaub-freizeit\/veranstaltungen-januar-2024-klagenfurt\/#primaryimage","url":"https:\/\/www.visitklagenfurt.at\/wp-content\/uploads\/2023\/12\/Snowboard-WC-22-Simonhohe-Daniela-Ebner-707-2.jpg","contentUrl":"https:\/\/www.visitklagenfurt.at\/wp-content\/uploads\/2023\/12\/Snowboard-WC-22-Simonhohe-Daniela-Ebner-707-2.jpg","width":1080,"height":720,"caption":"(c) Daniela Ebner"},{"@type":"BreadcrumbList","@id":"https:\/\/www.visitklagenfurt.at\/de\/blog\/urlaub-freizeit\/veranstaltungen-januar-2024-klagenfurt\/#breadcrumb","itemListElement":[{"@type":"ListItem","position":1,"name":"visitklagenfurt","item":"https:\/\/www.visitklagenfurt.at\/de\/"},{"@type":"ListItem","position":2,"name":"Blog","item":"https:\/\/www.visitklagenfurt.at\/de\/category\/blog\/"},{"@type":"ListItem","position":3,"name":"Urlaub &amp; Freizeit","item":"https:\/\/www.visitklagenfurt.at\/de\/category\/blog\/urlaub-freizeit\/"},{"@type":"ListItem","position":4,"name":"Events und Veranstaltungen im Januar 2024 in Klagenfurt am W\u00f6rthersee"}]},{"@type":"WebSite","@id":"https:\/\/www.visitklagenfurt.at\/de\/#website","url":"https:\/\/www.visitklagenfurt.at\/de\/","name":"visitklagenfurt","description":"","publisher":{"@id":"https:\/\/www.visitklagenfurt.at\/de\/#organization"},"potentialAction":[{"@type":"SearchAction","target":{"@type":"EntryPoint","urlTemplate":"https:\/\/www.visitklagenfurt.at\/de\/?s={search_term_string}"},"query-input":{"@type":"PropertyValueSpecification","valueRequired":true,"valueName":"search_term_string"}}],"inLanguage":"de"},{"@type":"Organization","@id":"https:\/\/www.visitklagenfurt.at\/de\/#organization","name":"Tourismus Region Klagenfurt am W\u00f6rthersee GmbH","url":"https:\/\/www.visitklagenfurt.at\/de\/","logo":{"@type":"ImageObject","inLanguage":"de","@id":"https:\/\/www.visitklagenfurt.at\/de\/#\/schema\/logo\/image\/","url":"https:\/\/www.visitklagenfurt.at\/wp-content\/uploads\/2022\/03\/DT_K_Klagenfurt_S_RGB.png","contentUrl":"https:\/\/www.visitklagenfurt.at\/wp-content\/uploads\/2022\/03\/DT_K_Klagenfurt_S_RGB.png","width":2082,"height":1511,"caption":"Tourismus Region Klagenfurt am W\u00f6rthersee GmbH"},"image":{"@id":"https:\/\/www.visitklagenfurt.at\/de\/#\/schema\/logo\/image\/"}},{"@type":"Person","@id":"https:\/\/www.visitklagenfurt.at\/de\/#\/schema\/person\/7a9c6bc8d10c35a61c7a91c28742c063","name":"Simon Martinschitz","image":{"@type":"ImageObject","inLanguage":"de","@id":"https:\/\/www.visitklagenfurt.at\/wp-content\/uploads\/2021\/05\/simon_martinschitz.jpg","url":"https:\/\/www.visitklagenfurt.at\/wp-content\/uploads\/2021\/05\/simon_martinschitz.jpg","contentUrl":"https:\/\/www.visitklagenfurt.at\/wp-content\/uploads\/2021\/05\/simon_martinschitz.jpg","caption":"Simon Martinschitz"},"description":"Geboren in Villach, aufgewachsen im Gailtal. Zwischen Bachforellen &amp; Haselnussstauden. Studium der Kulturwissenschaften in Klagenfurt, Bilbao und Florenz. Zwischen kritischer Theorie &amp; Aperitivo. Texter und Kulturarbeiter in der freien K\u00e4rntner Szene. Zwischen Front Page &amp; Back Stage. Wortjongleur. Schauspieler. Musiker. Und \u00fcberzeugter Europ\u00e4er. Mit einer Schw\u00e4che f\u00fcr Brettljausen und Pintxos. Zwischen denen ich mich nicht entscheiden m\u00fcssen m\u00f6chte.","sameAs":["https:\/\/martinschitz.at\/"],"url":"https:\/\/www.visitklagenfurt.at\/de\/author\/simon_martinschitz\/"}]}},"_links":{"self":[{"href":"https:\/\/www.visitklagenfurt.at\/de\/wp-json\/wp\/v2\/posts\/60183","targetHints":{"allow":["GET"]}}],"collection":[{"href":"https:\/\/www.visitklagenfurt.at\/de\/wp-json\/wp\/v2\/posts"}],"about":[{"href":"https:\/\/www.visitklagenfurt.at\/de\/wp-json\/wp\/v2\/types\/post"}],"author":[{"embeddable":true,"href":"https:\/\/www.visitklagenfurt.at\/de\/wp-json\/wp\/v2\/users\/27"}],"replies":[{"embeddable":true,"href":"https:\/\/www.visitklagenfurt.at\/de\/wp-json\/wp\/v2\/comments?post=60183"}],"version-history":[{"count":12,"href":"https:\/\/www.visitklagenfurt.at\/de\/wp-json\/wp\/v2\/posts\/60183\/revisions"}],"predecessor-version":[{"id":60413,"href":"https:\/\/www.visitklagenfurt.at\/de\/wp-json\/wp\/v2\/posts\/60183\/revisions\/60413"}],"wp:featuredmedia":[{"embeddable":true,"href":"https:\/\/www.visitklagenfurt.at\/de\/wp-json\/wp\/v2\/media\/60209"}],"wp:attachment":[{"href":"https:\/\/www.visitklagenfurt.at\/de\/wp-json\/wp\/v2\/media?parent=60183"}],"wp:term":[{"taxonomy":"category","embeddable":true,"href":"https:\/\/www.visitklagenfurt.at\/de\/wp-json\/wp\/v2\/categories?post=60183"},{"taxonomy":"post_tag","embeddable":true,"href":"https:\/\/www.visitklagenfurt.at\/de\/wp-json\/wp\/v2\/tags?post=60183"}],"curies":[{"name":"wp","href":"https:\/\/api.w.org\/{rel}","templated":true}]}}