{"id":60267,"date":"2024-01-01T13:47:46","date_gmt":"2024-01-01T12:47:46","guid":{"rendered":"https:\/\/www.visitklagenfurt.at\/?p=60267"},"modified":"2024-01-16T16:16:32","modified_gmt":"2024-01-16T15:16:32","slug":"brueckentage-2024","status":"publish","type":"post","link":"https:\/\/www.visitklagenfurt.at\/de\/blog\/urlaub-freizeit\/brueckentage-2024\/","title":{"rendered":"Br\u00fcckentage 2024: Perfekt f\u00fcr einen St\u00e4dtetrip nach Klagenfurt am W\u00f6rthersee"},"content":{"rendered":"\n<p>Und falls ihr schon \u00f6fter hier wart \u2013 was f\u00fcr ein Gl\u00fcck, dass es bei uns jedes Jahr eine Menge zu entdecken und zu erleben gibt. Ob beim abenteuerlichen M\u00e4delsausflug, sportlich mit den Kids oder f\u00fcr ein bisschen romantische Zweisamkeit &#8211; die Lindwurmstadt und der W\u00f6rthersee sind immer einen Ausflug wert!\u00a0<\/p>\n\n\n\n<p>Wir haben uns die besten Br\u00fcckentage 2024 angesehen und verraten euch, was es an diesen Tagen in Klagenfurt am W\u00f6rthersee zu entdecken gibt.\u00a0<\/p>\n\n\n\n<h2 class=\"wp-block-heading\" id=\"h-christi-himmelfahrt-9-mai-donnerstag\">Christi Himmelfahrt: 9. Mai, Donnerstag <\/h2>\n\n\n\n<p><strong>Ben\u00f6tigte Urlaubstage: 1 Tag<br>Urlaub gesamt: 4 volle Tage&nbsp;<\/strong><\/p>\n\n\n\n<p>L\u00e4utet der erste Br\u00fcckentag im Mai nicht irgendwie den Sommer ein? Die <a href=\"https:\/\/www.visitklagenfurt.at\/de\/blog\/urlaub-freizeit\/die-schoensten-strandbaeder-am-woerthersee\/\">Strandb\u00e4der<\/a> haben bereits ge\u00f6ffnet, die Restaurants und Sehensw\u00fcrdigkeiten bereiten sich auf die sommerliche Hochsaison vor. Wer sich den Freitag, den <strong>10. Mai frei nimmt<\/strong>, hat vier volle Tage Urlaub!&nbsp;<\/p>\n\n\n\n<p>Noch ist es ruhig in Klagenfurt \u2013 Grund genug, sich Zeit f\u00fcr einen Kurzurlaub zu nehmen. Wer sich von Donnerstag bis Sonntag frei nimmt, freut sich \u00fcber vier fr\u00fchsommerliche Tage mit wei\u00dfen Bergspitzen, bl\u00fchenden Wiesen und t\u00fcrkisblauem Seewasser. Perfekt f\u00fcr <a href=\"https:\/\/www.visitklagenfurt.at\/de\/sportlich-aktiv\/\">entspannte Wanderungen oder lange Radtouren<\/a>.<\/p>\n\n\n\n<h3 class=\"wp-block-heading\" id=\"h-unser-tipp-radtour-in-die-burgenstadt-friesach\">Unser Tipp: Radtour in die Burgenstadt Friesach<\/h3>\n\n\n\n<p>Ein herrlicher Tagesausflug f\u00fcr die ganze Familie: Eine Radtour von Klagenfurt nach Friesach. Der Radweg f\u00fchrt vom Alten Platz in Klagenfurt \u00fcber St. Veit an der Glan in die Burgenstadt Friesach \u2013 oder umgekehrt.&nbsp; Der Weg von Klagenfurt nach Friesach hat etwas mehr Steigung, von Friesach nach Klagenfurt f\u00e4hrt man immer leicht bergab. <\/p>\n\n\n\n<p>Wer m\u00f6chte, kann f\u00fcr eine Strecke auch die S-Bahn nehmen. Die Zugfahrt ist mit der <a href=\"https:\/\/www.visitklagenfurt.at\/de\/services\/woerthersee-pluscard\/\">W\u00f6rthersee Plus Card<\/a> gratis \u2013 der Stellplatz f\u00fcr die Fahrradmitnahme ist <a href=\"https:\/\/www.oebb.at\/de\/reiseplanung-services\/im-zug\/fahrradmitnahme\">online buchbar<\/a>.&nbsp;<\/p>\n\n\n\n<p>Knapp 48 Kilometer voller Genuss und Geschichte warten entlang des Radweges R7 \u2013 vom Maria Saaler Dom, \u00fcber die Privatbrauerei Hirt, von Ruinen bis zur Schokoladenfabrik. Das Treten lohnt sich!&nbsp;Die ausf\u00fchrliche Tourenbeschreibung findet ihr <a href=\"https:\/\/www.visitklagenfurt.at\/de\/blog\/urlaub-freizeit\/r7-radweg-klagenfurt-nach-friesach\/\">hier<\/a>. <\/p>\n\n\n\n<figure class=\"wp-block-gallery has-nested-images columns-2 is-cropped wp-block-gallery-1 is-layout-flex wp-block-gallery-is-layout-flex\">\n<figure class=\"wp-block-image size-large\"><img fetchpriority=\"high\" decoding=\"async\" width=\"1090\" height=\"726\" data-id=\"55642\" src=\"https:\/\/www.visitklagenfurt.at\/wp-content\/uploads\/2023\/07\/Friesach_Brunnen_Hauptplatz-\u00a9Juergen-Mueller_Stadt-Friesach.jpg\" alt=\"\" class=\"wp-image-55642\"\/><figcaption class=\"wp-element-caption\">(c) J\u00fcrgen M\u00fcller<\/figcaption><\/figure>\n\n\n\n<figure class=\"wp-block-image size-large\"><img decoding=\"async\" width=\"1090\" height=\"727\" data-id=\"55654\" src=\"https:\/\/www.visitklagenfurt.at\/wp-content\/uploads\/2023\/07\/friesach_burgbau-original_f_Franz-Gerdl_c_Kaernten-Werbung_694a5c9b-1715-4ea5-b0af-7b6aac6101e8.jpg\" alt=\"\" class=\"wp-image-55654\"\/><figcaption class=\"wp-element-caption\">(c) KW, Franz Gerdl<\/figcaption><\/figure>\n\n\n\n<figure class=\"wp-block-image size-large\"><img decoding=\"async\" width=\"1090\" height=\"816\" data-id=\"55582\" src=\"https:\/\/www.visitklagenfurt.at\/wp-content\/uploads\/2023\/07\/Friesach-\u00a9Michael-Stabentheiner.jpg\" alt=\"Panoramablick \u00fcber die Burgenstadt Friesach \" class=\"wp-image-55582\"\/><figcaption class=\"wp-element-caption\">(c) Michael Stabentheiner<\/figcaption><\/figure>\n<\/figure>\n\n\n\n<h2 class=\"wp-block-heading\" id=\"h-pfingsten-21-mai-dienstag\">Pfingsten: 21. Mai, Dienstag<\/h2>\n\n\n\n<p><strong>Ben\u00f6tigte Urlaubstage: 1 Tag<br>Urlaub gesamt: 3 volle Tage&nbsp;<\/strong><\/p>\n\n\n\n<p>W\u00e4hrend sich viele Einheimische \u00fcbers Pfingstwochenende nach Italien oder Kroatien verabschieden, bleibt in Klagenfurt und rund um den W\u00f6rthersee genug Platz, um eine kurze Auszeit zu genie\u00dfen. Die perfekte Zeit f\u00fcr Erlebnis und Entspannung gleicherma\u00dfen. <\/p>\n\n\n\n<p>Wer sich den <strong>Pfingstdienstag frei nimmt<\/strong>, kann am Freitag den 17. Mai nach der Arbeit anreisen und genie\u00dft dann mit dem Pfingstmontag als Feiertag drei volle Tage bei uns im S\u00fcden.&nbsp;<\/p>\n\n\n\n<h3 class=\"wp-block-heading\" id=\"h-unser-tipp-von-der-zillhohe-zum-worthersee-wandern\">Unser Tipp: Von der Zillh\u00f6he zum W\u00f6rthersee wandern<\/h3>\n\n\n\n<p>Der Aufstieg auf die Zillh\u00f6he \u00fcber den Klagenfurter Hausberg \u2013 das <a href=\"https:\/\/www.visitklagenfurt.at\/de\/woerthersee-und-umgebung\/natur-entdecken\/kreuzbergl\/\">Kreuzbergl<\/a> \u2013 kann sportlich oder entspannt erfolgen. Familien mit Kindern k\u00f6nnen auf unz\u00e4hligen Wegen den Wald erkunden.&nbsp;<\/p>\n\n\n\n<p><a href=\"https:\/\/www.visitklagenfurt.at\/de\/blog\/urlaub-freizeit\/trailrunning-strecken-in-klagenfurt\/\">Trailrunner<\/a> sprinten \u00fcber Wurzeln und auch Fitnessfreaks finden am Kreuzbergl Outdoor-Ger\u00e4te, um sich so richtig auszupowern. Oben angekommen, genie\u00dft man einen herrlichen Ausblick \u00fcber den W\u00f6rthersee \u2013 unser n\u00e4chstes Ziel.&nbsp;<\/p>\n\n\n\n<p>Bergab geht es \u00fcber ein paar Steinstufen weiter zur Seewiese bzw. dem Weingarten der Stadtwinzer (auch ein sonniges P\u00e4uschen wert). Von dort aus geht es schnurstracks Richtung t\u00fcrkisblauen W\u00f6rthersee in die Ostbucht \u2013 auf ein Eis oder direkt ins k\u00fchle Nass im Strandbad. <\/p>\n\n\n\n<p>Am Abend empfehlen wir einen Sunset-Aperol in der <a href=\"https:\/\/www.villa-lido.at\/\">Villa Lido<\/a> gem\u00fctlich zu machen!&nbsp;<\/p>\n\n\n\n<figure class=\"wp-block-gallery has-nested-images columns-2 is-cropped wp-block-gallery-2 is-layout-flex wp-block-gallery-is-layout-flex\">\n<figure class=\"wp-block-image size-large\"><img loading=\"lazy\" decoding=\"async\" width=\"1024\" height=\"683\" data-id=\"5096\" src=\"https:\/\/www.visitklagenfurt.at\/wp-content\/uploads\/2021\/02\/KTR-Laufen-am-Kreuzbergl-2020-07-29_0186-1024x683.jpg\" alt=\"Paar mit Blick auf Kreuzberglkirche\" class=\"wp-image-5096\" srcset=\"https:\/\/www.visitklagenfurt.at\/wp-content\/uploads\/2021\/02\/KTR-Laufen-am-Kreuzbergl-2020-07-29_0186-1024x683.jpg 1024w, https:\/\/www.visitklagenfurt.at\/wp-content\/uploads\/2021\/02\/KTR-Laufen-am-Kreuzbergl-2020-07-29_0186-300x200.jpg 300w, https:\/\/www.visitklagenfurt.at\/wp-content\/uploads\/2021\/02\/KTR-Laufen-am-Kreuzbergl-2020-07-29_0186-768x512.jpg 768w, https:\/\/www.visitklagenfurt.at\/wp-content\/uploads\/2021\/02\/KTR-Laufen-am-Kreuzbergl-2020-07-29_0186.jpg 1080w\" sizes=\"(max-width: 1024px) 100vw, 1024px\" \/><\/figure>\n\n\n\n<figure class=\"wp-block-image size-large\"><img loading=\"lazy\" decoding=\"async\" width=\"1067\" height=\"1600\" data-id=\"23216\" src=\"https:\/\/www.visitklagenfurt.at\/wp-content\/uploads\/2021\/06\/laufen_kreuzbergl_2020_c-tine_steinthaler_1_jpg.jpg\" alt=\"Laufen auf die Zillh\u00f6he\" class=\"wp-image-23216\"\/><\/figure>\n\n\n\n<figure class=\"wp-block-image size-large\"><img loading=\"lazy\" decoding=\"async\" width=\"2048\" height=\"1535\" data-id=\"23284\" src=\"https:\/\/www.visitklagenfurt.at\/wp-content\/uploads\/2021\/06\/seewiese_2020_c-tine_steinthaler_4_jpg.jpeg\" alt=\"Seewiese bei Sonnenschein\" class=\"wp-image-23284\"\/><figcaption class=\"wp-element-caption\">(c) Tine Steinthaler<\/figcaption><\/figure>\n<\/figure>\n\n\n\n<h2 class=\"wp-block-heading\" id=\"h-fronleichnam-30-mai-donnerstag\">Fronleichnam: 30. Mai, Donnerstag<\/h2>\n\n\n\n<p><strong>Ben\u00f6tigte Urlaubstage: 1 Tag<br>Urlaub gesamt: 4 volle Tage&nbsp;<\/strong><\/p>\n\n\n\n<p>Zugegeben, unser liebster Fenstertag. Der Sommer ist endg\u00fcltig in Klagenfurt angekommen, keine Spur mehr vom Schnee auf den Bergen, der See gut aufgew\u00e4rmt und die Temperaturen knacken schon bald die 30 Grad.&nbsp;<\/p>\n\n\n\n<p>Endlich ist die Zeit gekommen, den See in all seiner Pracht in vollen Z\u00fcgen zu genie\u00dfen. Die Strandb\u00e4der sind gut gef\u00fcllt, das s\u00fcdliche Lebensgef\u00fchl macht sich breit: <strong>Von 30. Mai bis 2. Juni<\/strong> ergeben sich vier volle Tage.<\/p>\n\n\n\n<h3 class=\"wp-block-heading\" id=\"h-unser-tipp-sup-tour-am-worthersee\">Unser Tipp: SUP-Tour am W\u00f6rthersee<\/h3>\n\n\n\n<p>Wem es in Buchten und B\u00e4dern schnell zu voll wird, der hat dennoch die M\u00f6glichkeit, das T\u00fcrkisblau des W\u00f6rthersees ganz und gar aufzusaugen. Und wo ginge das besser als mitten auf dem Wasser? Schnell ist das notwendige Equipment ausgeliehen und die Basics gelernt.&nbsp;<\/p>\n\n\n\n<p>Wer sein eigenes Stand-Up Paddle nicht dabei hat, der kann sich im <strong>Strandbad Klagenfurt<\/strong>, <strong>Strandbad Maria Loretto<\/strong> und im <strong>Strandbad Maiernigg<\/strong> ein Paddel ausleihen. Hier werden auch Kurse und gef\u00fchrte Touren f\u00fcr alle Altersgruppen angeboten. Alle Infos rund um die Einstiegsstellen und Ausleihm\u00f6glichkeiten gibt es auf der Webseite von <a href=\"https:\/\/sup.woerthersee.com\/\">Open Water Paradise<\/a>.<\/p>\n\n\n\n<figure class=\"wp-block-gallery has-nested-images columns-2 is-cropped wp-block-gallery-3 is-layout-flex wp-block-gallery-is-layout-flex\">\n<figure class=\"wp-block-image size-full\"><img loading=\"lazy\" decoding=\"async\" width=\"2048\" height=\"1363\" data-id=\"25325\" src=\"https:\/\/www.visitklagenfurt.at\/wp-content\/uploads\/2021\/07\/SUP-bei-der-Kapuzinerinsel-c-Woerthersee-Tourismus_Gerdl.jpg\" alt=\"\" class=\"wp-image-25325\"\/><figcaption class=\"wp-element-caption\">(c) W\u00f6rthersee Tourismus, Franz Gerdl<\/figcaption><\/figure>\n\n\n\n<figure class=\"wp-block-image size-full\"><img loading=\"lazy\" decoding=\"async\" width=\"1600\" height=\"1067\" data-id=\"32542\" src=\"https:\/\/www.visitklagenfurt.at\/wp-content\/uploads\/2022\/01\/sup_lendkanal_2020c-tine_steinthaler_7_jpg-web.jpeg\" alt=\"\" class=\"wp-image-32542\"\/><figcaption class=\"wp-element-caption\">(c) Tine Steinthaler<\/figcaption><\/figure>\n\n\n\n<figure class=\"wp-block-image size-full\"><img loading=\"lazy\" decoding=\"async\" width=\"2048\" height=\"1365\" data-id=\"53610\" src=\"https:\/\/www.visitklagenfurt.at\/wp-content\/uploads\/2023\/05\/sup_woerthersee_ostbucht_2022_c-michael_stabentheiner_7_jpg-web.jpeg\" alt=\"mann und Frau bei SUP-Tour am W\u00f6rthersee \" class=\"wp-image-53610\"\/><figcaption class=\"wp-element-caption\">(c) Michael Stabentheiner<\/figcaption><\/figure>\n<\/figure>\n\n\n\n<h2 class=\"wp-block-heading\" id=\"h-maria-himmelfahrt-15-august-donnerstag\">Maria Himmelfahrt: 15. August, Donnerstag<\/h2>\n\n\n\n<p><strong>Ben\u00f6tigte Urlaubstage: 1 Tag<br>Urlaub gesamt: 4 volle Tage<\/strong><\/p>\n\n\n\n<p>Es ist Hochsommer in Klagenfurt am W\u00f6rthersee! Luft und See haben sich so weit erw\u00e4rmt, dass viele auf der Suche nach einer richtigen Abk\u00fchlung sind. <\/p>\n\n\n\n<p>Und daf\u00fcr f\u00e4llt der Feiertag im August heuer besonders gut: Wer sich am <strong>Freitag, den 16. August<\/strong>, einen Urlaubstag nimmt, genie\u00dft vier volle Sommertage zwischen Stadt, Berg und See bei uns in der Lindwurmstadt.<\/p>\n\n\n\n<h3 class=\"wp-block-heading\" id=\"h-unser-tipp-abkuhlung-mit-abenteuer-faktor\">Unser Tipp: Abk\u00fchlung mit Abenteuer-Faktor<\/h3>\n\n\n\n<p>Wenn die Temperaturen im August \u00fcber 30 Grad klettern, ist echte Abk\u00fchlung gefragt. Und die findet man bei uns garantiert in der N\u00e4he von Wasserf\u00e4llen. Ganz stadtnah und f\u00fcr Kurzstrecken-Wanderungen geeignet, gibt es den <a href=\"https:\/\/www.visitklagenfurt.at\/de\/woerthersee-und-umgebung\/region-entdecken\/ebenthal\/\">Ebenthaler Wasserfall<\/a>. F\u00fcr Abenteuerlustige bietet sich ein Tagesausflug in die <a href=\"https:\/\/www.visitklagenfurt.at\/de\/sehenswertes-und-ausfluege\/ausflugsziele-in-der-umgebung\/tscheppaschlucht-ferlach\/\">Tscheppaschlucht zum Tschaukowasserfall<\/a> an.<\/p>\n\n\n\n<figure class=\"wp-block-gallery has-nested-images columns-1 is-cropped wp-block-gallery-4 is-layout-flex wp-block-gallery-is-layout-flex\">\n<figure class=\"wp-block-image size-large\"><img loading=\"lazy\" decoding=\"async\" width=\"2048\" height=\"1367\" data-id=\"34119\" src=\"https:\/\/www.visitklagenfurt.at\/wp-content\/uploads\/2021\/01\/sommer_2020_ebenthaler_wasserfall_c-michael_stabentheiner_7_jpg-web.jpeg\" alt=\"Ebenthaler Wasserfall\" class=\"wp-image-34119\"\/><figcaption class=\"wp-element-caption\">(c) Michael Stabentheiner<\/figcaption><\/figure>\n\n\n\n<figure class=\"wp-block-image size-large\"><img loading=\"lazy\" decoding=\"async\" width=\"1024\" height=\"576\" data-id=\"5473\" src=\"https:\/\/www.visitklagenfurt.at\/wp-content\/uploads\/2021\/02\/vlcsnap-2021-02-03-12h09m00s697-1024x576.jpg\" alt=\"Unvergessliche Abenteuer in der Tscheppaschlucht\" class=\"wp-image-5473\" srcset=\"https:\/\/www.visitklagenfurt.at\/wp-content\/uploads\/2021\/02\/vlcsnap-2021-02-03-12h09m00s697-1024x576.jpg 1024w, https:\/\/www.visitklagenfurt.at\/wp-content\/uploads\/2021\/02\/vlcsnap-2021-02-03-12h09m00s697-300x169.jpg 300w, https:\/\/www.visitklagenfurt.at\/wp-content\/uploads\/2021\/02\/vlcsnap-2021-02-03-12h09m00s697-768x432.jpg 768w, https:\/\/www.visitklagenfurt.at\/wp-content\/uploads\/2021\/02\/vlcsnap-2021-02-03-12h09m00s697.jpg 1080w\" sizes=\"(max-width: 1024px) 100vw, 1024px\" \/><figcaption class=\"wp-element-caption\">(c) Lukas D\u00fcrnegger<\/figcaption><\/figure>\n<\/figure>\n\n\n\n<h2 class=\"wp-block-heading\" id=\"h-bereit-fur-einen-urlaub-in-klagenfurt-am-worthersee\">Bereit f\u00fcr einen Urlaub in Klagenfurt am W\u00f6rthersee?<\/h2>\n\n\n\n<p>Die K\u00e4rntner Landeshauptstadt hat einiges zu bieten \u2013 daf\u00fcr braucht es aber nicht immer einen ausgedehnten Aufenthalt. Einige Feiertage fallen 2024 so gut, dass sich mit den Br\u00fcckentagen gleich vier ganze Urlaubstage in Klagenfurt am W\u00f6rthersee ausgehen. <\/p>\n\n\n\n<p>Und davon h\u00e4lt jeder seine Besonderheiten bereit: Von guten Aussichten, \u00fcber geschichtstr\u00e4chtige Radtouren bis zu abenteuerlichen Schluchten ist alles dabei \u2013 ein Erlebnis f\u00fcr Gro\u00df und Klein!&nbsp;<\/p>\n","protected":false},"excerpt":{"rendered":"<p>Urlaub eingetragen? Auch im Jahr 2024 bescheren uns die sogenannten \u201eFenstertage\u201c, \u201eZwickeltage\u201c oder \u201eBr\u00fcckentage\u201c wieder einige lange Wochenenden. Von den ersten warmen Fr\u00fchlingstagen bis zum Hochsommer ergeben sich genug M\u00f6glichkeiten, um mit wenigen Urlaubstagen einen l\u00e4ssigen St\u00e4dtetrip nach Klagenfurt am W\u00f6rthersee zu planen.<\/p>\n","protected":false},"author":14,"featured_media":53521,"comment_status":"closed","ping_status":"closed","sticky":false,"template":"","format":"standard","meta":{"footnotes":""},"categories":[17],"tags":[23],"class_list":["post-60267","post","type-post","status-publish","format-standard","has-post-thumbnail","hentry","category-urlaub-freizeit","tag-urlaub-und-freizeit"],"yoast_head":"<!-- This site is optimized with the Yoast SEO plugin v27.5 - https:\/\/yoast.com\/product\/yoast-seo-wordpress\/ -->\n<title>Br\u00fcckentage 2024: Perfekt f\u00fcr einen Klagenfurt St\u00e4dtetrip | visitklagenfurt<\/title>\n<meta name=\"description\" content=\"Wir haben uns die Br\u00fcckentage 2024 angesehen und verraten euch, was es an diesen Tagen in Klagenfurt am W\u00f6rthersee zu entdecken gibt.\" \/>\n<meta name=\"robots\" content=\"index, follow, max-snippet:-1, max-image-preview:large, max-video-preview:-1\" \/>\n<link rel=\"canonical\" href=\"https:\/\/www.visitklagenfurt.at\/de\/blog\/urlaub-freizeit\/brueckentage-2024\/\" \/>\n<meta property=\"og:locale\" content=\"de_DE\" \/>\n<meta property=\"og:type\" content=\"article\" \/>\n<meta property=\"og:title\" content=\"Br\u00fcckentage 2024: Perfekt f\u00fcr einen St\u00e4dtetrip nach Klagenfurt am W\u00f6rthersee | visitklagenfurt\" \/>\n<meta property=\"og:description\" content=\"Wir haben uns die Br\u00fcckentage 2024 angesehen und verraten euch, was es an diesen Tagen in Klagenfurt am W\u00f6rthersee zu entdecken gibt.\" \/>\n<meta property=\"og:url\" content=\"https:\/\/www.visitklagenfurt.at\/de\/blog\/urlaub-freizeit\/brueckentage-2024\/\" \/>\n<meta property=\"og:site_name\" content=\"visitklagenfurt\" \/>\n<meta property=\"article:published_time\" content=\"2024-01-01T12:47:46+00:00\" \/>\n<meta property=\"article:modified_time\" content=\"2024-01-16T15:16:32+00:00\" \/>\n<meta property=\"og:image\" content=\"https:\/\/www.visitklagenfurt.at\/wp-content\/uploads\/2023\/04\/sehenswertes_innenstadt_altstadt_neuer_platz_lindwurm_sommer_c-arnold_poeschl_29_-web.jpeg\" \/>\n\t<meta property=\"og:image:width\" content=\"2048\" \/>\n\t<meta property=\"og:image:height\" content=\"1536\" \/>\n\t<meta property=\"og:image:type\" content=\"image\/jpeg\" \/>\n<meta name=\"author\" content=\"Manuela Mark\" \/>\n<meta name=\"twitter:card\" content=\"summary_large_image\" \/>\n<meta name=\"twitter:label1\" content=\"Verfasst von\" \/>\n\t<meta name=\"twitter:data1\" content=\"Manuela Mark\" \/>\n\t<meta name=\"twitter:label2\" content=\"Gesch\u00e4tzte Lesezeit\" \/>\n\t<meta name=\"twitter:data2\" content=\"1\u00a0Minute\" \/>\n<script type=\"application\/ld+json\" class=\"yoast-schema-graph\">{\"@context\":\"https:\\\/\\\/schema.org\",\"@graph\":[{\"@type\":\"Article\",\"@id\":\"https:\\\/\\\/www.visitklagenfurt.at\\\/de\\\/blog\\\/urlaub-freizeit\\\/brueckentage-2024\\\/#article\",\"isPartOf\":{\"@id\":\"https:\\\/\\\/www.visitklagenfurt.at\\\/de\\\/blog\\\/urlaub-freizeit\\\/brueckentage-2024\\\/\"},\"author\":{\"name\":\"Manuela Mark\",\"@id\":\"https:\\\/\\\/www.visitklagenfurt.at\\\/de\\\/#\\\/schema\\\/person\\\/e8b5105fb351ebafb828d30285659218\"},\"headline\":\"Br\u00fcckentage 2024: Perfekt f\u00fcr einen St\u00e4dtetrip nach Klagenfurt am W\u00f6rthersee\",\"datePublished\":\"2024-01-01T12:47:46+00:00\",\"dateModified\":\"2024-01-16T15:16:32+00:00\",\"mainEntityOfPage\":{\"@id\":\"https:\\\/\\\/www.visitklagenfurt.at\\\/de\\\/blog\\\/urlaub-freizeit\\\/brueckentage-2024\\\/\"},\"wordCount\":992,\"publisher\":{\"@id\":\"https:\\\/\\\/www.visitklagenfurt.at\\\/de\\\/#organization\"},\"image\":{\"@id\":\"https:\\\/\\\/www.visitklagenfurt.at\\\/de\\\/blog\\\/urlaub-freizeit\\\/brueckentage-2024\\\/#primaryimage\"},\"thumbnailUrl\":\"https:\\\/\\\/www.visitklagenfurt.at\\\/wp-content\\\/uploads\\\/2023\\\/04\\\/sehenswertes_innenstadt_altstadt_neuer_platz_lindwurm_sommer_c-arnold_poeschl_29_-web.jpeg\",\"keywords\":[\"Urlaub &amp; Freizeit\"],\"articleSection\":[\"Urlaub &amp; Freizeit\"],\"inLanguage\":\"de\"},{\"@type\":\"WebPage\",\"@id\":\"https:\\\/\\\/www.visitklagenfurt.at\\\/de\\\/blog\\\/urlaub-freizeit\\\/brueckentage-2024\\\/\",\"url\":\"https:\\\/\\\/www.visitklagenfurt.at\\\/de\\\/blog\\\/urlaub-freizeit\\\/brueckentage-2024\\\/\",\"name\":\"Br\u00fcckentage 2024: Perfekt f\u00fcr einen Klagenfurt St\u00e4dtetrip | visitklagenfurt\",\"isPartOf\":{\"@id\":\"https:\\\/\\\/www.visitklagenfurt.at\\\/de\\\/#website\"},\"primaryImageOfPage\":{\"@id\":\"https:\\\/\\\/www.visitklagenfurt.at\\\/de\\\/blog\\\/urlaub-freizeit\\\/brueckentage-2024\\\/#primaryimage\"},\"image\":{\"@id\":\"https:\\\/\\\/www.visitklagenfurt.at\\\/de\\\/blog\\\/urlaub-freizeit\\\/brueckentage-2024\\\/#primaryimage\"},\"thumbnailUrl\":\"https:\\\/\\\/www.visitklagenfurt.at\\\/wp-content\\\/uploads\\\/2023\\\/04\\\/sehenswertes_innenstadt_altstadt_neuer_platz_lindwurm_sommer_c-arnold_poeschl_29_-web.jpeg\",\"datePublished\":\"2024-01-01T12:47:46+00:00\",\"dateModified\":\"2024-01-16T15:16:32+00:00\",\"description\":\"Wir haben uns die Br\u00fcckentage 2024 angesehen und verraten euch, was es an diesen Tagen in Klagenfurt am W\u00f6rthersee zu entdecken gibt.\",\"breadcrumb\":{\"@id\":\"https:\\\/\\\/www.visitklagenfurt.at\\\/de\\\/blog\\\/urlaub-freizeit\\\/brueckentage-2024\\\/#breadcrumb\"},\"inLanguage\":\"de\",\"potentialAction\":[{\"@type\":\"ReadAction\",\"target\":[\"https:\\\/\\\/www.visitklagenfurt.at\\\/de\\\/blog\\\/urlaub-freizeit\\\/brueckentage-2024\\\/\"]}]},{\"@type\":\"ImageObject\",\"inLanguage\":\"de\",\"@id\":\"https:\\\/\\\/www.visitklagenfurt.at\\\/de\\\/blog\\\/urlaub-freizeit\\\/brueckentage-2024\\\/#primaryimage\",\"url\":\"https:\\\/\\\/www.visitklagenfurt.at\\\/wp-content\\\/uploads\\\/2023\\\/04\\\/sehenswertes_innenstadt_altstadt_neuer_platz_lindwurm_sommer_c-arnold_poeschl_29_-web.jpeg\",\"contentUrl\":\"https:\\\/\\\/www.visitklagenfurt.at\\\/wp-content\\\/uploads\\\/2023\\\/04\\\/sehenswertes_innenstadt_altstadt_neuer_platz_lindwurm_sommer_c-arnold_poeschl_29_-web.jpeg\",\"width\":2048,\"height\":1536,\"caption\":\"(c) Arnold P\u00f6schl\"},{\"@type\":\"BreadcrumbList\",\"@id\":\"https:\\\/\\\/www.visitklagenfurt.at\\\/de\\\/blog\\\/urlaub-freizeit\\\/brueckentage-2024\\\/#breadcrumb\",\"itemListElement\":[{\"@type\":\"ListItem\",\"position\":1,\"name\":\"visitklagenfurt\",\"item\":\"https:\\\/\\\/www.visitklagenfurt.at\\\/de\\\/\"},{\"@type\":\"ListItem\",\"position\":2,\"name\":\"Blog\",\"item\":\"https:\\\/\\\/www.visitklagenfurt.at\\\/de\\\/category\\\/blog\\\/\"},{\"@type\":\"ListItem\",\"position\":3,\"name\":\"Urlaub &amp; Freizeit\",\"item\":\"https:\\\/\\\/www.visitklagenfurt.at\\\/de\\\/category\\\/blog\\\/urlaub-freizeit\\\/\"},{\"@type\":\"ListItem\",\"position\":4,\"name\":\"Br\u00fcckentage 2024: Perfekt f\u00fcr einen St\u00e4dtetrip nach Klagenfurt am W\u00f6rthersee\"}]},{\"@type\":\"WebSite\",\"@id\":\"https:\\\/\\\/www.visitklagenfurt.at\\\/de\\\/#website\",\"url\":\"https:\\\/\\\/www.visitklagenfurt.at\\\/de\\\/\",\"name\":\"visitklagenfurt\",\"description\":\"\",\"publisher\":{\"@id\":\"https:\\\/\\\/www.visitklagenfurt.at\\\/de\\\/#organization\"},\"potentialAction\":[{\"@type\":\"SearchAction\",\"target\":{\"@type\":\"EntryPoint\",\"urlTemplate\":\"https:\\\/\\\/www.visitklagenfurt.at\\\/de\\\/?s={search_term_string}\"},\"query-input\":{\"@type\":\"PropertyValueSpecification\",\"valueRequired\":true,\"valueName\":\"search_term_string\"}}],\"inLanguage\":\"de\"},{\"@type\":\"Organization\",\"@id\":\"https:\\\/\\\/www.visitklagenfurt.at\\\/de\\\/#organization\",\"name\":\"Tourismus Region Klagenfurt am W\u00f6rthersee GmbH\",\"url\":\"https:\\\/\\\/www.visitklagenfurt.at\\\/de\\\/\",\"logo\":{\"@type\":\"ImageObject\",\"inLanguage\":\"de\",\"@id\":\"https:\\\/\\\/www.visitklagenfurt.at\\\/de\\\/#\\\/schema\\\/logo\\\/image\\\/\",\"url\":\"https:\\\/\\\/www.visitklagenfurt.at\\\/wp-content\\\/uploads\\\/2022\\\/03\\\/DT_K_Klagenfurt_S_RGB.png\",\"contentUrl\":\"https:\\\/\\\/www.visitklagenfurt.at\\\/wp-content\\\/uploads\\\/2022\\\/03\\\/DT_K_Klagenfurt_S_RGB.png\",\"width\":2082,\"height\":1511,\"caption\":\"Tourismus Region Klagenfurt am W\u00f6rthersee GmbH\"},\"image\":{\"@id\":\"https:\\\/\\\/www.visitklagenfurt.at\\\/de\\\/#\\\/schema\\\/logo\\\/image\\\/\"}},{\"@type\":\"Person\",\"@id\":\"https:\\\/\\\/www.visitklagenfurt.at\\\/de\\\/#\\\/schema\\\/person\\\/e8b5105fb351ebafb828d30285659218\",\"name\":\"Manuela Mark\",\"image\":{\"@type\":\"ImageObject\",\"inLanguage\":\"de\",\"@id\":\"https:\\\/\\\/www.visitklagenfurt.at\\\/wp-content\\\/uploads\\\/2020\\\/10\\\/manuela_mark_redakteur.jpg\",\"url\":\"https:\\\/\\\/www.visitklagenfurt.at\\\/wp-content\\\/uploads\\\/2020\\\/10\\\/manuela_mark_redakteur.jpg\",\"contentUrl\":\"https:\\\/\\\/www.visitklagenfurt.at\\\/wp-content\\\/uploads\\\/2020\\\/10\\\/manuela_mark_redakteur.jpg\",\"caption\":\"Manuela Mark\"},\"description\":\"Aufgewachsen in Wien, hat es mich im jungen Alter von 18 Jahren nach Klagenfurt verschlagen. Habe ich schon in Kindheitstagen mein Herz an die Berge, Seen und nicht zuletzt St\u00e4dte des S\u00fcdens verloren, genie\u00dfe ich seither jeden Tag in meiner Wahlheimat. Ich habe in Klagenfurt Germanistik studiert und bin seit 2020 als Werbetexterin selbstst\u00e4ndig. Ich lebe, um zu schreiben, oder ich schreibe, um zu leben \u2013 und wo ginge das besser, als in der wundersch\u00f6nen W\u00f6rtherseestadt? Als geborenes Stadtkind vermag ich einen anderen Blick auf die hiesigen Dinge zu haben, gerne kombiniere ich meinen k\u00e4rntnerischen Alltag mit viel Wiener Schm\u00e4h, vielleicht manchmal mit \u201ea bissale\u201c einem Grant, sicherlich aber immer mit einer gro\u00dfen Portion Euphorie f\u00fcr alles, das mir hier t\u00e4glich begegnet. Als vielseitige Jungmama trifft man mich am ehesten mit Shoppingt\u00fcten in der Hand, auf meinem Mountainbike oder mit meiner Familie in See-N\u00e4he. \u00dcber Klagenfurt habe ich so einiges zu erz\u00e4hlen und freue mich, euch von Geschichten und Tipps rund um Familie, Outdoor und Insiderwissen zu berichten.\",\"sameAs\":[\"http:\\\/\\\/www.manumarkant.at\",\"https:\\\/\\\/www.instagram.com\\\/manumark.ant\\\/\"],\"url\":\"https:\\\/\\\/www.visitklagenfurt.at\\\/de\\\/author\\\/manuela_mark\\\/\"}]}<\/script>\n<!-- \/ Yoast SEO plugin. -->","yoast_head_json":{"title":"Br\u00fcckentage 2024: Perfekt f\u00fcr einen Klagenfurt St\u00e4dtetrip | visitklagenfurt","description":"Wir haben uns die Br\u00fcckentage 2024 angesehen und verraten euch, was es an diesen Tagen in Klagenfurt am W\u00f6rthersee zu entdecken gibt.","robots":{"index":"index","follow":"follow","max-snippet":"max-snippet:-1","max-image-preview":"max-image-preview:large","max-video-preview":"max-video-preview:-1"},"canonical":"https:\/\/www.visitklagenfurt.at\/de\/blog\/urlaub-freizeit\/brueckentage-2024\/","og_locale":"de_DE","og_type":"article","og_title":"Br\u00fcckentage 2024: Perfekt f\u00fcr einen St\u00e4dtetrip nach Klagenfurt am W\u00f6rthersee | visitklagenfurt","og_description":"Wir haben uns die Br\u00fcckentage 2024 angesehen und verraten euch, was es an diesen Tagen in Klagenfurt am W\u00f6rthersee zu entdecken gibt.","og_url":"https:\/\/www.visitklagenfurt.at\/de\/blog\/urlaub-freizeit\/brueckentage-2024\/","og_site_name":"visitklagenfurt","article_published_time":"2024-01-01T12:47:46+00:00","article_modified_time":"2024-01-16T15:16:32+00:00","og_image":[{"width":2048,"height":1536,"url":"https:\/\/www.visitklagenfurt.at\/wp-content\/uploads\/2023\/04\/sehenswertes_innenstadt_altstadt_neuer_platz_lindwurm_sommer_c-arnold_poeschl_29_-web.jpeg","type":"image\/jpeg"}],"author":"Manuela Mark","twitter_card":"summary_large_image","twitter_misc":{"Verfasst von":"Manuela Mark","Gesch\u00e4tzte Lesezeit":"1\u00a0Minute"},"schema":{"@context":"https:\/\/schema.org","@graph":[{"@type":"Article","@id":"https:\/\/www.visitklagenfurt.at\/de\/blog\/urlaub-freizeit\/brueckentage-2024\/#article","isPartOf":{"@id":"https:\/\/www.visitklagenfurt.at\/de\/blog\/urlaub-freizeit\/brueckentage-2024\/"},"author":{"name":"Manuela Mark","@id":"https:\/\/www.visitklagenfurt.at\/de\/#\/schema\/person\/e8b5105fb351ebafb828d30285659218"},"headline":"Br\u00fcckentage 2024: Perfekt f\u00fcr einen St\u00e4dtetrip nach Klagenfurt am W\u00f6rthersee","datePublished":"2024-01-01T12:47:46+00:00","dateModified":"2024-01-16T15:16:32+00:00","mainEntityOfPage":{"@id":"https:\/\/www.visitklagenfurt.at\/de\/blog\/urlaub-freizeit\/brueckentage-2024\/"},"wordCount":992,"publisher":{"@id":"https:\/\/www.visitklagenfurt.at\/de\/#organization"},"image":{"@id":"https:\/\/www.visitklagenfurt.at\/de\/blog\/urlaub-freizeit\/brueckentage-2024\/#primaryimage"},"thumbnailUrl":"https:\/\/www.visitklagenfurt.at\/wp-content\/uploads\/2023\/04\/sehenswertes_innenstadt_altstadt_neuer_platz_lindwurm_sommer_c-arnold_poeschl_29_-web.jpeg","keywords":["Urlaub &amp; Freizeit"],"articleSection":["Urlaub &amp; Freizeit"],"inLanguage":"de"},{"@type":"WebPage","@id":"https:\/\/www.visitklagenfurt.at\/de\/blog\/urlaub-freizeit\/brueckentage-2024\/","url":"https:\/\/www.visitklagenfurt.at\/de\/blog\/urlaub-freizeit\/brueckentage-2024\/","name":"Br\u00fcckentage 2024: Perfekt f\u00fcr einen Klagenfurt St\u00e4dtetrip | visitklagenfurt","isPartOf":{"@id":"https:\/\/www.visitklagenfurt.at\/de\/#website"},"primaryImageOfPage":{"@id":"https:\/\/www.visitklagenfurt.at\/de\/blog\/urlaub-freizeit\/brueckentage-2024\/#primaryimage"},"image":{"@id":"https:\/\/www.visitklagenfurt.at\/de\/blog\/urlaub-freizeit\/brueckentage-2024\/#primaryimage"},"thumbnailUrl":"https:\/\/www.visitklagenfurt.at\/wp-content\/uploads\/2023\/04\/sehenswertes_innenstadt_altstadt_neuer_platz_lindwurm_sommer_c-arnold_poeschl_29_-web.jpeg","datePublished":"2024-01-01T12:47:46+00:00","dateModified":"2024-01-16T15:16:32+00:00","description":"Wir haben uns die Br\u00fcckentage 2024 angesehen und verraten euch, was es an diesen Tagen in Klagenfurt am W\u00f6rthersee zu entdecken gibt.","breadcrumb":{"@id":"https:\/\/www.visitklagenfurt.at\/de\/blog\/urlaub-freizeit\/brueckentage-2024\/#breadcrumb"},"inLanguage":"de","potentialAction":[{"@type":"ReadAction","target":["https:\/\/www.visitklagenfurt.at\/de\/blog\/urlaub-freizeit\/brueckentage-2024\/"]}]},{"@type":"ImageObject","inLanguage":"de","@id":"https:\/\/www.visitklagenfurt.at\/de\/blog\/urlaub-freizeit\/brueckentage-2024\/#primaryimage","url":"https:\/\/www.visitklagenfurt.at\/wp-content\/uploads\/2023\/04\/sehenswertes_innenstadt_altstadt_neuer_platz_lindwurm_sommer_c-arnold_poeschl_29_-web.jpeg","contentUrl":"https:\/\/www.visitklagenfurt.at\/wp-content\/uploads\/2023\/04\/sehenswertes_innenstadt_altstadt_neuer_platz_lindwurm_sommer_c-arnold_poeschl_29_-web.jpeg","width":2048,"height":1536,"caption":"(c) Arnold P\u00f6schl"},{"@type":"BreadcrumbList","@id":"https:\/\/www.visitklagenfurt.at\/de\/blog\/urlaub-freizeit\/brueckentage-2024\/#breadcrumb","itemListElement":[{"@type":"ListItem","position":1,"name":"visitklagenfurt","item":"https:\/\/www.visitklagenfurt.at\/de\/"},{"@type":"ListItem","position":2,"name":"Blog","item":"https:\/\/www.visitklagenfurt.at\/de\/category\/blog\/"},{"@type":"ListItem","position":3,"name":"Urlaub &amp; Freizeit","item":"https:\/\/www.visitklagenfurt.at\/de\/category\/blog\/urlaub-freizeit\/"},{"@type":"ListItem","position":4,"name":"Br\u00fcckentage 2024: Perfekt f\u00fcr einen St\u00e4dtetrip nach Klagenfurt am W\u00f6rthersee"}]},{"@type":"WebSite","@id":"https:\/\/www.visitklagenfurt.at\/de\/#website","url":"https:\/\/www.visitklagenfurt.at\/de\/","name":"visitklagenfurt","description":"","publisher":{"@id":"https:\/\/www.visitklagenfurt.at\/de\/#organization"},"potentialAction":[{"@type":"SearchAction","target":{"@type":"EntryPoint","urlTemplate":"https:\/\/www.visitklagenfurt.at\/de\/?s={search_term_string}"},"query-input":{"@type":"PropertyValueSpecification","valueRequired":true,"valueName":"search_term_string"}}],"inLanguage":"de"},{"@type":"Organization","@id":"https:\/\/www.visitklagenfurt.at\/de\/#organization","name":"Tourismus Region Klagenfurt am W\u00f6rthersee GmbH","url":"https:\/\/www.visitklagenfurt.at\/de\/","logo":{"@type":"ImageObject","inLanguage":"de","@id":"https:\/\/www.visitklagenfurt.at\/de\/#\/schema\/logo\/image\/","url":"https:\/\/www.visitklagenfurt.at\/wp-content\/uploads\/2022\/03\/DT_K_Klagenfurt_S_RGB.png","contentUrl":"https:\/\/www.visitklagenfurt.at\/wp-content\/uploads\/2022\/03\/DT_K_Klagenfurt_S_RGB.png","width":2082,"height":1511,"caption":"Tourismus Region Klagenfurt am W\u00f6rthersee GmbH"},"image":{"@id":"https:\/\/www.visitklagenfurt.at\/de\/#\/schema\/logo\/image\/"}},{"@type":"Person","@id":"https:\/\/www.visitklagenfurt.at\/de\/#\/schema\/person\/e8b5105fb351ebafb828d30285659218","name":"Manuela Mark","image":{"@type":"ImageObject","inLanguage":"de","@id":"https:\/\/www.visitklagenfurt.at\/wp-content\/uploads\/2020\/10\/manuela_mark_redakteur.jpg","url":"https:\/\/www.visitklagenfurt.at\/wp-content\/uploads\/2020\/10\/manuela_mark_redakteur.jpg","contentUrl":"https:\/\/www.visitklagenfurt.at\/wp-content\/uploads\/2020\/10\/manuela_mark_redakteur.jpg","caption":"Manuela Mark"},"description":"Aufgewachsen in Wien, hat es mich im jungen Alter von 18 Jahren nach Klagenfurt verschlagen. Habe ich schon in Kindheitstagen mein Herz an die Berge, Seen und nicht zuletzt St\u00e4dte des S\u00fcdens verloren, genie\u00dfe ich seither jeden Tag in meiner Wahlheimat. Ich habe in Klagenfurt Germanistik studiert und bin seit 2020 als Werbetexterin selbstst\u00e4ndig. Ich lebe, um zu schreiben, oder ich schreibe, um zu leben \u2013 und wo ginge das besser, als in der wundersch\u00f6nen W\u00f6rtherseestadt? Als geborenes Stadtkind vermag ich einen anderen Blick auf die hiesigen Dinge zu haben, gerne kombiniere ich meinen k\u00e4rntnerischen Alltag mit viel Wiener Schm\u00e4h, vielleicht manchmal mit \u201ea bissale\u201c einem Grant, sicherlich aber immer mit einer gro\u00dfen Portion Euphorie f\u00fcr alles, das mir hier t\u00e4glich begegnet. Als vielseitige Jungmama trifft man mich am ehesten mit Shoppingt\u00fcten in der Hand, auf meinem Mountainbike oder mit meiner Familie in See-N\u00e4he. \u00dcber Klagenfurt habe ich so einiges zu erz\u00e4hlen und freue mich, euch von Geschichten und Tipps rund um Familie, Outdoor und Insiderwissen zu berichten.","sameAs":["http:\/\/www.manumarkant.at","https:\/\/www.instagram.com\/manumark.ant\/"],"url":"https:\/\/www.visitklagenfurt.at\/de\/author\/manuela_mark\/"}]}},"_links":{"self":[{"href":"https:\/\/www.visitklagenfurt.at\/de\/wp-json\/wp\/v2\/posts\/60267","targetHints":{"allow":["GET"]}}],"collection":[{"href":"https:\/\/www.visitklagenfurt.at\/de\/wp-json\/wp\/v2\/posts"}],"about":[{"href":"https:\/\/www.visitklagenfurt.at\/de\/wp-json\/wp\/v2\/types\/post"}],"author":[{"embeddable":true,"href":"https:\/\/www.visitklagenfurt.at\/de\/wp-json\/wp\/v2\/users\/14"}],"replies":[{"embeddable":true,"href":"https:\/\/www.visitklagenfurt.at\/de\/wp-json\/wp\/v2\/comments?post=60267"}],"version-history":[{"count":17,"href":"https:\/\/www.visitklagenfurt.at\/de\/wp-json\/wp\/v2\/posts\/60267\/revisions"}],"predecessor-version":[{"id":60601,"href":"https:\/\/www.visitklagenfurt.at\/de\/wp-json\/wp\/v2\/posts\/60267\/revisions\/60601"}],"wp:featuredmedia":[{"embeddable":true,"href":"https:\/\/www.visitklagenfurt.at\/de\/wp-json\/wp\/v2\/media\/53521"}],"wp:attachment":[{"href":"https:\/\/www.visitklagenfurt.at\/de\/wp-json\/wp\/v2\/media?parent=60267"}],"wp:term":[{"taxonomy":"category","embeddable":true,"href":"https:\/\/www.visitklagenfurt.at\/de\/wp-json\/wp\/v2\/categories?post=60267"},{"taxonomy":"post_tag","embeddable":true,"href":"https:\/\/www.visitklagenfurt.at\/de\/wp-json\/wp\/v2\/tags?post=60267"}],"curies":[{"name":"wp","href":"https:\/\/api.w.org\/{rel}","templated":true}]}}