{"id":60582,"date":"2024-01-08T12:14:00","date_gmt":"2024-01-08T11:14:00","guid":{"rendered":"https:\/\/www.visitklagenfurt.at\/?p=60582"},"modified":"2025-01-13T12:59:06","modified_gmt":"2025-01-13T11:59:06","slug":"winterschlaf-in-klagenfurt-und-was-man-machen-kann","status":"publish","type":"post","link":"https:\/\/www.visitklagenfurt.at\/de\/blog\/urlaub-freizeit\/winterschlaf-in-klagenfurt-und-was-man-machen-kann\/","title":{"rendered":"Winterschlaf in Klagenfurt: Warum der Januar der zachste Monat ist"},"content":{"rendered":"\n<p>Noch ist es ein bisschen hin bis zum Fr\u00fchling, ab dem die W\u00f6rthersee Stadt wieder so richtig unwiderstehlich ist. Jetzt ist es &#8222;zach&#8220;, w\u00fcrde man hier zu Lande sagen. &#8222;Z\u00e4h&#8220; auf Hochdeutsch. &#8222;Zach&#8220; zieht sich der erste Monat des neuen Jahres. Aber warum ist das so?&nbsp;<\/p>\n\n\n\n<h2 class=\"wp-block-heading\" id=\"h-wos-moch-ma-heit\">Wos moch&#8216; ma heit?<\/h2>\n\n\n\n<p>Als zugezogene Wahl-K\u00e4rntnerin bin ich nicht auf der Nebelsuppe daher geschwommen. Der Charme des Fr\u00fchlings mit S\u00fcdflair, der unvergleichliche Sommer, den es nur in K\u00e4rnten gibt, der einzigartige goldene Herbst und die Vorweihnachtszeit machen unser Klagenfurt zu einem ganz besonderen Ort.&nbsp;<\/p>\n\n\n\n<p>Und dann kommt er &#8211; der Januar. Ein bisschen tr\u00fcb ist er, kalt, nebelig. Irgendwie sind uns nach den Feiertagen Lust und Laune pl\u00f6tzlich vergangen. Ich erinnere mich an einen dieser Januar-Samstage, wo dir die Frage \u201eWos moch&#8216; ma heit?\u201c irgendwie zum Hals heraush\u00e4ngt. Du hast <strong>genug vom st\u00e4dtischen Spaziergang<\/strong>, genug <strong>vom Ausblick aus der Ostbucht <\/strong>\u00fcber den W\u00f6rthersee.\u00a0<\/p>\n\n\n\n<p>Das Weihnachtsgeld ist l\u00e4ngst verprasst, zum n\u00e4chsten Hauptevent ist es lange hin, zum ersten Badetag sowieso. Noch bevor der Fasching die Stra\u00dfen und Gassen erhellt und damit den Startschuss in Richtung Fr\u00fchling gibt, bleibt es ruhig in Klagenfurt. <\/p>\n\n\n\n<p>Also &#8211; was ist eigentlich los in Klagenfurt? F\u00fcr alle, die glauben, es g\u00e4be hier nichts zu tun, die finden auf jeden Fall hier Inspiration.<\/p>\n\n\n\n<figure class=\"wp-block-gallery has-nested-images columns-default is-cropped wp-block-gallery-1 is-layout-flex wp-block-gallery-is-layout-flex\">\n<figure class=\"wp-block-image size-full\"><img fetchpriority=\"high\" decoding=\"async\" width=\"1020\" height=\"677\" data-id=\"30999\" src=\"https:\/\/www.visitklagenfurt.at\/wp-content\/uploads\/2021\/11\/sonnenuntergang_woerthersee_klagenfurt_f_Franz-Gerdl_c_Kaernten-Werbung.jpg\" alt=\"Ausblick auf W\u00f6rthersee im Winter mit Schnee und Schw\u00e4nen im Wasser bei Sonnenuntergang \" class=\"wp-image-30999\"\/><figcaption class=\"wp-element-caption\">(c) Franz Gerdl, KW<\/figcaption><\/figure>\n<\/figure>\n\n\n\n<h2 class=\"wp-block-heading\" id=\"h-die-unendliche-hallenbad-diskussion\">Die unendliche Hallenbad-Diskussion<\/h2>\n\n\n\n<p>Kaum ein Ort in Klagenfurt hat in den letzten Jahren f\u00fcr so viel Gespr\u00e4chsstoff gesorgt, wie das aktuell nicht vorhandene &#8211; weil geschlossen und erst in Planung befindliche &#8211; neue Hallenbad. Das vergn\u00fcgte Rutschen ins warme Wasser, ein paar Aufg\u00fcsse in der Sauna. Ein bisschen Wellness-Feeling, ein bisschen Familien-Action.&nbsp;<\/p>\n\n\n\n<p>Doch es gibt Licht am Ende des Tunnels: Schon die n\u00e4chsten Jahre k\u00f6nnte sich der Januar feucht-fr\u00f6hlicher gestalten. Ende 2024 soll am Klagenfurter S\u00fcdring das neue Hallenbad er\u00f6ffnen. Errichtet werden sollen ein Hallenbad, ein kleiner Saunabereich und im zweiten Schritt auch ein Sportbecken \u2013 so einige d\u00fcrften jetzt aufatmen.&nbsp;<\/p>\n\n\n\n<p>Denn das, was uns einige andere umliegende St\u00e4dte voraus sind, f\u00fchlt sich hier noch an wie ein kleiner Traum. Bereits im November 2022 rollten aber schon die ersten Bagger auf das neue Grundst\u00fcck, auf dem bis Ende 2024 das neue &#8222;Karawankenbad&#8220; (die Klagenfurter und ihre Karawanken) entstehen soll \u2013 im Januar 2025 darf dann also wieder ins neue Jahr geplanscht werden, Geduld! <\/p>\n\n\n\n<p>Wer doch ein wenig plantschen und dabei auch noch ins Schwitzen kommen m\u00f6chte, der kann sich im <a href=\"https:\/\/www.dasseepark.at\/de\/wellnesshotel-in-klagenfurt\/day-spa-in-klagenfurt\">Seepark W\u00f6rthersee Resort<\/a> einen Tag Spa auch ganz ohne Hotelaufenthalt g\u00f6nnen &#8211; eine fr\u00fchzeitige Reservierung ist hier von Vorteil!<\/p>\n\n\n\n<blockquote class=\"instagram-media\" data-instgrm-permalink=\"https:\/\/www.instagram.com\/p\/Cn7U6ClNkgx\/?utm_source=ig_embed&amp;utm_campaign=loading\" data-instgrm-version=\"14\" style=\" background:#FFF; border:0; border-radius:3px; box-shadow:0 0 1px 0 rgba(0,0,0,0.5),0 1px 10px 0 rgba(0,0,0,0.15); margin: 1px; max-width:540px; min-width:326px; padding:0; width:99.375%; width:-webkit-calc(100% - 2px); width:calc(100% - 2px);\"><div style=\"padding:16px;\"> <a href=\"https:\/\/www.instagram.com\/p\/Cn7U6ClNkgx\/?utm_source=ig_embed&amp;utm_campaign=loading\" style=\" background:#FFFFFF; line-height:0; padding:0 0; text-align:center; text-decoration:none; width:100%;\" target=\"_blank\" rel=\"noopener\"> <div style=\" display: flex; flex-direction: row; align-items: center;\"> <div style=\"background-color: #F4F4F4; border-radius: 50%; flex-grow: 0; height: 40px; margin-right: 14px; width: 40px;\"><\/div> <div style=\"display: flex; flex-direction: column; flex-grow: 1; justify-content: center;\"> <div style=\" background-color: #F4F4F4; border-radius: 4px; flex-grow: 0; height: 14px; margin-bottom: 6px; width: 100px;\"><\/div> <div style=\" background-color: #F4F4F4; border-radius: 4px; flex-grow: 0; height: 14px; width: 60px;\"><\/div><\/div><\/div><div style=\"padding: 19% 0;\"><\/div> <div style=\"display:block; height:50px; margin:0 auto 12px; width:50px;\"><svg width=\"50px\" height=\"50px\" viewBox=\"0 0 60 60\" version=\"1.1\" xmlns=\"https:\/\/www.w3.org\/2000\/svg\" xmlns:xlink=\"https:\/\/www.w3.org\/1999\/xlink\"><g stroke=\"none\" stroke-width=\"1\" fill=\"none\" fill-rule=\"evenodd\"><g transform=\"translate(-511.000000, -20.000000)\" fill=\"#000000\"><g><path d=\"M556.869,30.41 C554.814,30.41 553.148,32.076 553.148,34.131 C553.148,36.186 554.814,37.852 556.869,37.852 C558.924,37.852 560.59,36.186 560.59,34.131 C560.59,32.076 558.924,30.41 556.869,30.41 M541,60.657 C535.114,60.657 530.342,55.887 530.342,50 C530.342,44.114 535.114,39.342 541,39.342 C546.887,39.342 551.658,44.114 551.658,50 C551.658,55.887 546.887,60.657 541,60.657 M541,33.886 C532.1,33.886 524.886,41.1 524.886,50 C524.886,58.899 532.1,66.113 541,66.113 C549.9,66.113 557.115,58.899 557.115,50 C557.115,41.1 549.9,33.886 541,33.886 M565.378,62.101 C565.244,65.022 564.756,66.606 564.346,67.663 C563.803,69.06 563.154,70.057 562.106,71.106 C561.058,72.155 560.06,72.803 558.662,73.347 C557.607,73.757 556.021,74.244 553.102,74.378 C549.944,74.521 548.997,74.552 541,74.552 C533.003,74.552 532.056,74.521 528.898,74.378 C525.979,74.244 524.393,73.757 523.338,73.347 C521.94,72.803 520.942,72.155 519.894,71.106 C518.846,70.057 518.197,69.06 517.654,67.663 C517.244,66.606 516.755,65.022 516.623,62.101 C516.479,58.943 516.448,57.996 516.448,50 C516.448,42.003 516.479,41.056 516.623,37.899 C516.755,34.978 517.244,33.391 517.654,32.338 C518.197,30.938 518.846,29.942 519.894,28.894 C520.942,27.846 521.94,27.196 523.338,26.654 C524.393,26.244 525.979,25.756 528.898,25.623 C532.057,25.479 533.004,25.448 541,25.448 C548.997,25.448 549.943,25.479 553.102,25.623 C556.021,25.756 557.607,26.244 558.662,26.654 C560.06,27.196 561.058,27.846 562.106,28.894 C563.154,29.942 563.803,30.938 564.346,32.338 C564.756,33.391 565.244,34.978 565.378,37.899 C565.522,41.056 565.552,42.003 565.552,50 C565.552,57.996 565.522,58.943 565.378,62.101 M570.82,37.631 C570.674,34.438 570.167,32.258 569.425,30.349 C568.659,28.377 567.633,26.702 565.965,25.035 C564.297,23.368 562.623,22.342 560.652,21.575 C558.743,20.834 556.562,20.326 553.369,20.18 C550.169,20.033 549.148,20 541,20 C532.853,20 531.831,20.033 528.631,20.18 C525.438,20.326 523.257,20.834 521.349,21.575 C519.376,22.342 517.703,23.368 516.035,25.035 C514.368,26.702 513.342,28.377 512.574,30.349 C511.834,32.258 511.326,34.438 511.181,37.631 C511.035,40.831 511,41.851 511,50 C511,58.147 511.035,59.17 511.181,62.369 C511.326,65.562 511.834,67.743 512.574,69.651 C513.342,71.625 514.368,73.296 516.035,74.965 C517.703,76.634 519.376,77.658 521.349,78.425 C523.257,79.167 525.438,79.673 528.631,79.82 C531.831,79.965 532.853,80.001 541,80.001 C549.148,80.001 550.169,79.965 553.369,79.82 C556.562,79.673 558.743,79.167 560.652,78.425 C562.623,77.658 564.297,76.634 565.965,74.965 C567.633,73.296 568.659,71.625 569.425,69.651 C570.167,67.743 570.674,65.562 570.82,62.369 C570.966,59.17 571,58.147 571,50 C571,41.851 570.966,40.831 570.82,37.631\"><\/path><\/g><\/g><\/g><\/svg><\/div><div style=\"padding-top: 8px;\"> <div style=\" color:#3897f0; font-family:Arial,sans-serif; font-size:14px; font-style:normal; font-weight:550; line-height:18px;\">Sieh dir diesen Beitrag auf Instagram an<\/div><\/div><div style=\"padding: 12.5% 0;\"><\/div> <div style=\"display: flex; flex-direction: row; margin-bottom: 14px; align-items: center;\"><div> <div style=\"background-color: #F4F4F4; border-radius: 50%; height: 12.5px; width: 12.5px; transform: translateX(0px) translateY(7px);\"><\/div> <div style=\"background-color: #F4F4F4; height: 12.5px; transform: rotate(-45deg) translateX(3px) translateY(1px); width: 12.5px; flex-grow: 0; margin-right: 14px; margin-left: 2px;\"><\/div> <div style=\"background-color: #F4F4F4; border-radius: 50%; height: 12.5px; width: 12.5px; transform: translateX(9px) translateY(-18px);\"><\/div><\/div><div style=\"margin-left: 8px;\"> <div style=\" background-color: #F4F4F4; border-radius: 50%; flex-grow: 0; height: 20px; width: 20px;\"><\/div> <div style=\" width: 0; height: 0; border-top: 2px solid transparent; border-left: 6px solid #f4f4f4; border-bottom: 2px solid transparent; transform: translateX(16px) translateY(-4px) rotate(30deg)\"><\/div><\/div><div style=\"margin-left: auto;\"> <div style=\" width: 0px; border-top: 8px solid #F4F4F4; border-right: 8px solid transparent; transform: translateY(16px);\"><\/div> <div style=\" background-color: #F4F4F4; flex-grow: 0; height: 12px; width: 16px; transform: translateY(-4px);\"><\/div> <div style=\" width: 0; height: 0; border-top: 8px solid #F4F4F4; border-left: 8px solid transparent; transform: translateY(-4px) translateX(8px);\"><\/div><\/div><\/div> <div style=\"display: flex; flex-direction: column; flex-grow: 1; justify-content: center; margin-bottom: 24px;\"> <div style=\" background-color: #F4F4F4; border-radius: 4px; flex-grow: 0; height: 14px; margin-bottom: 6px; width: 224px;\"><\/div> <div style=\" background-color: #F4F4F4; border-radius: 4px; flex-grow: 0; height: 14px; width: 144px;\"><\/div><\/div><\/a><p style=\" color:#c9c8cd; font-family:Arial,sans-serif; font-size:14px; line-height:17px; margin-bottom:0; margin-top:8px; overflow:hidden; padding:8px 0 7px; text-align:center; text-overflow:ellipsis; white-space:nowrap;\"><a href=\"https:\/\/www.instagram.com\/p\/Cn7U6ClNkgx\/?utm_source=ig_embed&amp;utm_campaign=loading\" style=\" color:#c9c8cd; font-family:Arial,sans-serif; font-size:14px; font-style:normal; font-weight:normal; line-height:17px; text-decoration:none;\" target=\"_blank\" rel=\"noopener\">Ein Beitrag geteilt von ORF Ka\u0308rnten (@orfkaernten)<\/a><\/p><\/div><\/blockquote> <script async src=\"\/\/www.instagram.com\/embed.js\"><\/script>\n\n\n\n<h2 class=\"wp-block-heading\" id=\"h-und-wo-gemma-hin\">\u2026 und wo gemma hin?<\/h2>\n\n\n\n<p>Dort, wo Klagenfurt vom Sommer bis zum Herbst auch 2024 wieder mit dem ein oder anderen Konzert-Spektakel begeistert, herrscht in den Wintermonaten g\u00e4hnende Leere. Logisch, denn die meisten dieser Veranstaltungsorte sind auf Open Air Events ausgelegt oder verf\u00fcgen nicht \u00fcber die n\u00f6tigen Kapazit\u00e4ten.&nbsp;<\/p>\n\n\n\n<p>Dieses <strong>fehlende Veranstaltungszentrum<\/strong> f\u00fchrt dazu, dass es in Klagenfurt im gesamten Winterhalbjahr kaum Konzerte gibt \u2013 schade eigentlich. Als geb\u00fcrtige Wienerin wei\u00df ich, dass in Eventhallen wie dem Gasometer oder der Stadthalle von November bis M\u00e4rz, Hochsaison herrscht \u2013 viele K\u00fcnstlerinnen und K\u00fcnstler finden ihre Wege in die heiligen Hallen, w\u00e4hrend Klagenfurt schlummert. <\/p>\n\n\n\n<p>Aber: Das <a href=\"https:\/\/www.stadttheater-klagenfurt.at\/\">Stadttheater Klagenfurt<\/a> hat sicher Programm, ebenso wie das <a href=\"https:\/\/mmkk.ktn.gv.at\/\">MMKK<\/a> und das <a href=\"https:\/\/landesmuseum.ktn.gv.at\/standorte\/kaerntenmuseum\">K\u00e4rnten Museum<\/a> auch im Januar mit spannenden Ausstellungen locken \u2013 vielleicht also einfach einmal die Konzertkarten gegen Kulturluft tauschen?&nbsp;<\/p>\n\n\n\n<h2 class=\"wp-block-heading\" id=\"h-die-lange-nacht-alias-vitamin-d-mangel\">Die lange Nacht alias Vitamin-D-Mangel\u00a0<\/h2>\n\n\n\n<p>Neben fehlendem Entertainment entsteht der besondere Verdruss aber auch oft durch das Wetter. Da kann die ganze Geschichte schon erheblich drastischer erscheinen, als sie ist. Vielleicht sorgt auch einfach Mutter Natur daf\u00fcr, dass in der W\u00f6rtherseestadt im Januar Ruhe einkehren darf \u2013 nicht zu Gunsten der Laune der &#8222;Hiesigen&#8220;. <\/p>\n\n\n\n<p>Wer sich aus der flauschigen Nebeldecke winden m\u00f6chte, muss entweder Geduld haben oder flieht auf einen der nahe gelegenen Klagenfurter Hausberge. Die Sonnensucht wird dort ziemlich sicher gestillt \u2013 unter anderem am<strong>Magdalensberg<\/strong>, <strong>Ulrichsberg <\/strong>oder <strong>Pirkerkogel<\/strong>.<\/p>\n\n\n\n<p>In dem Artikel \u00fcber die <a href=\"https:\/\/www.visitklagenfurt.at\/de\/blog\/sehenswertes-ausfluege\/schoene-plaetze-zum-vitamin-d-tanken-im-winter\/\">sch\u00f6nsten Pl\u00e4tze zum Sonne tanken rund um Klagenfurt am W\u00f6rthersee<\/a> findet ihr hervorragende M\u00f6glichkeiten f\u00fcr Wandertouren und Spazierg\u00e4nge.<\/p>\n\n\n\n<figure class=\"wp-block-gallery has-nested-images columns-default is-cropped wp-block-gallery-2 is-layout-flex wp-block-gallery-is-layout-flex\">\n<figure class=\"wp-block-image size-large\"><img decoding=\"async\" width=\"1020\" height=\"574\" data-id=\"46518\" src=\"https:\/\/www.visitklagenfurt.at\/wp-content\/uploads\/2022\/11\/woerthersee_winter_landschaft-original_f_Michael-Stabentheiner_c_Kaernten-Werbung-2.jpg\" alt=\"Blick \u00fcber den W\u00f6rthersee im Winter \" class=\"wp-image-46518\"\/><figcaption class=\"wp-element-caption\">(c) KW, Stabentheiner<\/figcaption><\/figure>\n<\/figure>\n\n\n\n<h2 class=\"wp-block-heading\" id=\"h-das-ewige-warten-auf-den-fasching\">Das ewige Warten auf den Fasching<\/h2>\n\n\n\n<p>Der Januar ist gepr\u00e4gt von einem Gef\u00fchl des Wartens. Der Boost der turbulenten Weihnachtszeit l\u00e4sst einen erst einmal in ein Loch fallen. Sobald die letzte Raclette-Schlemmerei verdaut ist, muss was weitergehen. Auch viele Lokale machen nach der intensiven Weihnachtszeit Pause, was die Warterei zus\u00e4tzlich erschwert.&nbsp;<\/p>\n\n\n\n<p>Aber worauf warten wir eigentlich? Seit zw\u00f6lf Jahren lebe ich jetzt in Klagenfurt und meine pers\u00f6nliche Statistik ergibt: Wir warten auf den Fasching! <strong>Die f\u00fcnfte Jahreszeit in K\u00e4rnten<\/strong>!<\/p>\n\n\n\n<p>Der Februar gibt den Startschuss in eine veranstaltungsreiche Zeit \u2013 bald darauf folgen <a href=\"https:\/\/www.visitklagenfurt.at\/de\/ostern-in-klagenfurt\/\">Ostermarkt<\/a>, die \u00d6ffnung der Strandb\u00e4der, der Konzert-Sommer mit seinen vielen kleinen Side-Events, der Herbst mit seinen kulinarischen Highlights und dann, ja dann, ist eh schon wieder Weihnachten.&nbsp;<\/p>\n\n\n\n<figure class=\"wp-block-gallery has-nested-images columns-1 is-cropped wp-block-gallery-3 is-layout-flex wp-block-gallery-is-layout-flex\">\n<figure class=\"wp-block-image size-large\"><img decoding=\"async\" width=\"1280\" height=\"853\" data-id=\"48989\" src=\"https:\/\/www.visitklagenfurt.at\/wp-content\/uploads\/2023\/02\/people-ge9fbb6551_1280.jpg\" alt=\"Faschingsumzug in Klagenfurt am W\u00f6rthersee\" class=\"wp-image-48989\"\/><figcaption class=\"wp-element-caption\">(c) Pixaby<\/figcaption><\/figure>\n\n\n\n<figure class=\"wp-block-image size-large\"><img loading=\"lazy\" decoding=\"async\" width=\"664\" height=\"1020\" data-id=\"45760\" src=\"https:\/\/www.visitklagenfurt.at\/wp-content\/uploads\/2022\/10\/lindwurm_fasching_2020_c-martina-valentinitsch-7.jpg\" alt=\"verkleideter Lindwurm in Klagenfurt w\u00e4hrend der Faschingszeit \" class=\"wp-image-45760\"\/><figcaption class=\"wp-element-caption\">(c) TRK<\/figcaption><\/figure>\n<\/figure>\n\n\n\n<h2 class=\"wp-block-heading\" id=\"h-ein-hoch-auf-die-hochsaison\">Ein Hoch auf die Hochsaison<\/h2>\n\n\n\n<p>Die Touristinnen und Touristen fehlen uns. Ist es nicht das, was den Klagenfurter Vibe ausmacht? Das Alpen-Adria Flair, das Gef\u00fchl, Urlaubsland zu sein. Das bringt n\u00e4mlich auch uns <strong>Urlaubsgef\u00fchle <\/strong>in die Heimat. Das bringt Leben in die Bude. Ein bisschen Trubel, wie es sich geh\u00f6rt. Ein bisschen Sightseeing, das auch uns wieder genauer hinschauen l\u00e4sst.&nbsp;<\/p>\n\n\n\n<p>Eine Erinnerung, dass wir doch in einem kleinen Paradies leben. Der Beweis, dass<strong> wir wohnen, wo andere Urlaub machen<\/strong>. Und auch wenn wir uns \u00fcber mangelnde Parkpl\u00e4tze, besetzte Badepl\u00e4tze oder das Warten beim Lieblingseiscaf\u00e9 beschweren: Wir lieben euch und wir brauchen euch! \ud83d\ude42\u00a0\u00a0<\/p>\n\n\n\n<figure class=\"wp-block-embed is-type-video is-provider-youtube wp-block-embed-youtube wp-embed-aspect-16-9 wp-has-aspect-ratio\"><div class=\"wp-block-embed__wrapper\">\n <div class=\"brlbs-cmpnt-container brlbs-cmpnt-content-blocker brlbs-cmpnt-with-individual-styles\" data-borlabs-cookie-content-blocker-id=\"youtube-content-blocker\" data-borlabs-cookie-content=\"PGlmcmFtZSB0aXRsZT0iVXJsYXViIGluIEtsYWdlbmZ1cnQgYW0gV8O2cnRoZXJzZWU6IHdpciBibGVpYmVuIG5vY2ggZWluZSBXZWlsZSIgd2lkdGg9IjgwMCIgaGVpZ2h0PSI0NTAiIHNyYz0iaHR0cHM6Ly93d3cueW91dHViZS1ub2Nvb2tpZS5jb20vZW1iZWQvSmF1d3FjSXBrX2c\/ZmVhdHVyZT1vZW1iZWQiIGZyYW1lYm9yZGVyPSIwIiBhbGxvdz0iYWNjZWxlcm9tZXRlcjsgYXV0b3BsYXk7IGNsaXBib2FyZC13cml0ZTsgZW5jcnlwdGVkLW1lZGlhOyBneXJvc2NvcGU7IHBpY3R1cmUtaW4tcGljdHVyZTsgd2ViLXNoYXJlIiByZWZlcnJlcnBvbGljeT0ic3RyaWN0LW9yaWdpbi13aGVuLWNyb3NzLW9yaWdpbiIgYWxsb3dmdWxsc2NyZWVuPjwvaWZyYW1lPg==\"><div class=\"brlbs-cmpnt-cb-preset-c brlbs-cmpnt-cb-youtube\"> <div class=\"brlbs-cmpnt-cb-thumbnail\" style=\"background-image: url('https:\/\/www.visitklagenfurt.at\/wp-content\/uploads\/borlabs-cookie\/1\/yt_JauwqcIpk_g_hqdefault.jpg')\"><\/div> <div class=\"brlbs-cmpnt-cb-main\"> <div class=\"brlbs-cmpnt-cb-play-button\"><\/div> <div class=\"brlbs-cmpnt-cb-content\"> <p class=\"brlbs-cmpnt-cb-description\">Sie sehen gerade einen Platzhalterinhalt von <strong>YouTube<\/strong>. Um auf den eigentlichen Inhalt zuzugreifen, klicken Sie auf die Schaltfl\u00e4che unten. Bitte beachten Sie, dass dabei Daten an Drittanbieter weitergegeben werden.<\/p> <a class=\"brlbs-cmpnt-cb-provider-toggle\" href=\"#\" data-borlabs-cookie-show-provider-information role=\"button\">Mehr Informationen<\/a> <\/div> <div class=\"brlbs-cmpnt-cb-buttons\"> <a class=\"brlbs-cmpnt-cb-btn\" href=\"#\" data-borlabs-cookie-unblock role=\"button\">Inhalt entsperren<\/a> <a class=\"brlbs-cmpnt-cb-btn\" href=\"#\" data-borlabs-cookie-accept-service role=\"button\" style=\"display: inherit\">Erforderlichen Service akzeptieren und Inhalte entsperren<\/a> <\/div> <\/div> <\/div><\/div>\n<\/div><\/figure>\n\n\n\n<h2 class=\"wp-block-heading\" id=\"h-31-tage-winterschlaf\">31 Tage Winterschlaf <\/h2>\n\n\n\n<p>Machen wir was aus diesen 31 Januartagen in Klagenfurt am W\u00f6rthersee. Auch wenn es an der einen oder anderen Ecke Verbesserungspotential gibt, so finden wir in und um die Lindwurmstadt doch genug M\u00f6glichkeiten, die Zeit zu genie\u00dfen. <\/p>\n\n\n\n<p>Einen \u00dcberblick \u00fcber alle aktuellen Veranstaltungen findet ihr im<strong> <\/strong><a href=\"https:\/\/www.visitklagenfurt.at\/de\/veranstaltungen\/\">Veranstaltungskalender<\/a>. Und sonst machen wir halt mit beim Winterschlaf im Januar und tanken Energie f\u00fcr andere Zeiten \u2013 und die kommen, das wei\u00df ich.<\/p>\n","protected":false},"excerpt":{"rendered":"<p>Die letzte Silvester-Rakete wurde gez\u00fcndet, der letzte Christkindlmarkt-Stand schlie\u00dft seine Pforten. Der Neue Platz rund um den Lindwurm f\u00fchlt sich leer an mit den ganzen geschlossenen Fensterl\u00e4den. Das letzte Weihnachtsgeschenk ist umgetauscht, der Zauber der vorweihnachtlichen Einkaufssamstage verblasst.<\/p>\n","protected":false},"author":14,"featured_media":32381,"comment_status":"closed","ping_status":"closed","sticky":false,"template":"","format":"standard","meta":{"footnotes":""},"categories":[17],"tags":[23,55],"class_list":["post-60582","post","type-post","status-publish","format-standard","has-post-thumbnail","hentry","category-urlaub-freizeit","tag-urlaub-und-freizeit","tag-winter"],"yoast_head":"<!-- This site is optimized with the Yoast SEO plugin v27.5 - https:\/\/yoast.com\/product\/yoast-seo-wordpress\/ -->\n<title>Winterschlaf in Klagenfurt: Warum der Januar der zachste Monat ist | visitklagenfurt<\/title>\n<meta name=\"description\" content=\"Klagenfurt scheint im Januar im Winterschlaf zu sein!\" \/>\n<meta name=\"robots\" content=\"index, follow, max-snippet:-1, max-image-preview:large, max-video-preview:-1\" \/>\n<link rel=\"canonical\" href=\"https:\/\/www.visitklagenfurt.at\/de\/blog\/urlaub-freizeit\/winterschlaf-in-klagenfurt-und-was-man-machen-kann\/\" \/>\n<meta property=\"og:locale\" content=\"de_DE\" \/>\n<meta property=\"og:type\" content=\"article\" \/>\n<meta property=\"og:title\" content=\"Winterschlaf in Klagenfurt: Warum der Januar der zachste Monat ist | visitklagenfurt\" \/>\n<meta property=\"og:description\" content=\"Klagenfurt scheint im Januar im Winterschlaf zu sein!\" \/>\n<meta property=\"og:url\" content=\"https:\/\/www.visitklagenfurt.at\/de\/blog\/urlaub-freizeit\/winterschlaf-in-klagenfurt-und-was-man-machen-kann\/\" \/>\n<meta property=\"og:site_name\" content=\"visitklagenfurt\" \/>\n<meta property=\"article:published_time\" content=\"2024-01-08T11:14:00+00:00\" \/>\n<meta property=\"article:modified_time\" content=\"2025-01-13T11:59:06+00:00\" \/>\n<meta property=\"og:image\" content=\"https:\/\/www.visitklagenfurt.at\/wp-content\/uploads\/2021\/12\/2.-sehenswertes_lindwurm_winter_neuer_platz_c-pixelpoint_multimedia_1-original.jpeg\" \/>\n\t<meta property=\"og:image:width\" content=\"1920\" \/>\n\t<meta property=\"og:image:height\" content=\"1280\" \/>\n\t<meta property=\"og:image:type\" content=\"image\/jpeg\" \/>\n<meta name=\"author\" content=\"Manuela Mark\" \/>\n<meta name=\"twitter:card\" content=\"summary_large_image\" \/>\n<meta name=\"twitter:label1\" content=\"Verfasst von\" \/>\n\t<meta name=\"twitter:data1\" content=\"Manuela Mark\" \/>\n\t<meta name=\"twitter:label2\" content=\"Gesch\u00e4tzte Lesezeit\" \/>\n\t<meta name=\"twitter:data2\" content=\"7\u00a0Minuten\" \/>\n<script type=\"application\/ld+json\" class=\"yoast-schema-graph\">{\"@context\":\"https:\\\/\\\/schema.org\",\"@graph\":[{\"@type\":\"Article\",\"@id\":\"https:\\\/\\\/www.visitklagenfurt.at\\\/de\\\/blog\\\/urlaub-freizeit\\\/winterschlaf-in-klagenfurt-und-was-man-machen-kann\\\/#article\",\"isPartOf\":{\"@id\":\"https:\\\/\\\/www.visitklagenfurt.at\\\/de\\\/blog\\\/urlaub-freizeit\\\/winterschlaf-in-klagenfurt-und-was-man-machen-kann\\\/\"},\"author\":{\"name\":\"Manuela Mark\",\"@id\":\"https:\\\/\\\/www.visitklagenfurt.at\\\/de\\\/#\\\/schema\\\/person\\\/e8b5105fb351ebafb828d30285659218\"},\"headline\":\"Winterschlaf in Klagenfurt: Warum der Januar der zachste Monat ist\",\"datePublished\":\"2024-01-08T11:14:00+00:00\",\"dateModified\":\"2025-01-13T11:59:06+00:00\",\"mainEntityOfPage\":{\"@id\":\"https:\\\/\\\/www.visitklagenfurt.at\\\/de\\\/blog\\\/urlaub-freizeit\\\/winterschlaf-in-klagenfurt-und-was-man-machen-kann\\\/\"},\"wordCount\":1063,\"publisher\":{\"@id\":\"https:\\\/\\\/www.visitklagenfurt.at\\\/de\\\/#organization\"},\"image\":{\"@id\":\"https:\\\/\\\/www.visitklagenfurt.at\\\/de\\\/blog\\\/urlaub-freizeit\\\/winterschlaf-in-klagenfurt-und-was-man-machen-kann\\\/#primaryimage\"},\"thumbnailUrl\":\"https:\\\/\\\/www.visitklagenfurt.at\\\/wp-content\\\/uploads\\\/2021\\\/12\\\/2.-sehenswertes_lindwurm_winter_neuer_platz_c-pixelpoint_multimedia_1-original.jpeg\",\"keywords\":[\"Urlaub &amp; Freizeit\",\"Winter\"],\"articleSection\":[\"Urlaub &amp; Freizeit\"],\"inLanguage\":\"de\"},{\"@type\":\"WebPage\",\"@id\":\"https:\\\/\\\/www.visitklagenfurt.at\\\/de\\\/blog\\\/urlaub-freizeit\\\/winterschlaf-in-klagenfurt-und-was-man-machen-kann\\\/\",\"url\":\"https:\\\/\\\/www.visitklagenfurt.at\\\/de\\\/blog\\\/urlaub-freizeit\\\/winterschlaf-in-klagenfurt-und-was-man-machen-kann\\\/\",\"name\":\"Winterschlaf in Klagenfurt: Warum der Januar der zachste Monat ist | visitklagenfurt\",\"isPartOf\":{\"@id\":\"https:\\\/\\\/www.visitklagenfurt.at\\\/de\\\/#website\"},\"primaryImageOfPage\":{\"@id\":\"https:\\\/\\\/www.visitklagenfurt.at\\\/de\\\/blog\\\/urlaub-freizeit\\\/winterschlaf-in-klagenfurt-und-was-man-machen-kann\\\/#primaryimage\"},\"image\":{\"@id\":\"https:\\\/\\\/www.visitklagenfurt.at\\\/de\\\/blog\\\/urlaub-freizeit\\\/winterschlaf-in-klagenfurt-und-was-man-machen-kann\\\/#primaryimage\"},\"thumbnailUrl\":\"https:\\\/\\\/www.visitklagenfurt.at\\\/wp-content\\\/uploads\\\/2021\\\/12\\\/2.-sehenswertes_lindwurm_winter_neuer_platz_c-pixelpoint_multimedia_1-original.jpeg\",\"datePublished\":\"2024-01-08T11:14:00+00:00\",\"dateModified\":\"2025-01-13T11:59:06+00:00\",\"description\":\"Klagenfurt scheint im Januar im Winterschlaf zu sein!\",\"breadcrumb\":{\"@id\":\"https:\\\/\\\/www.visitklagenfurt.at\\\/de\\\/blog\\\/urlaub-freizeit\\\/winterschlaf-in-klagenfurt-und-was-man-machen-kann\\\/#breadcrumb\"},\"inLanguage\":\"de\",\"potentialAction\":[{\"@type\":\"ReadAction\",\"target\":[\"https:\\\/\\\/www.visitklagenfurt.at\\\/de\\\/blog\\\/urlaub-freizeit\\\/winterschlaf-in-klagenfurt-und-was-man-machen-kann\\\/\"]}]},{\"@type\":\"ImageObject\",\"inLanguage\":\"de\",\"@id\":\"https:\\\/\\\/www.visitklagenfurt.at\\\/de\\\/blog\\\/urlaub-freizeit\\\/winterschlaf-in-klagenfurt-und-was-man-machen-kann\\\/#primaryimage\",\"url\":\"https:\\\/\\\/www.visitklagenfurt.at\\\/wp-content\\\/uploads\\\/2021\\\/12\\\/2.-sehenswertes_lindwurm_winter_neuer_platz_c-pixelpoint_multimedia_1-original.jpeg\",\"contentUrl\":\"https:\\\/\\\/www.visitklagenfurt.at\\\/wp-content\\\/uploads\\\/2021\\\/12\\\/2.-sehenswertes_lindwurm_winter_neuer_platz_c-pixelpoint_multimedia_1-original.jpeg\",\"width\":1920,\"height\":1280,\"caption\":\"(c) Pixelpoint Multimedia\"},{\"@type\":\"BreadcrumbList\",\"@id\":\"https:\\\/\\\/www.visitklagenfurt.at\\\/de\\\/blog\\\/urlaub-freizeit\\\/winterschlaf-in-klagenfurt-und-was-man-machen-kann\\\/#breadcrumb\",\"itemListElement\":[{\"@type\":\"ListItem\",\"position\":1,\"name\":\"visitklagenfurt\",\"item\":\"https:\\\/\\\/www.visitklagenfurt.at\\\/de\\\/\"},{\"@type\":\"ListItem\",\"position\":2,\"name\":\"Blog\",\"item\":\"https:\\\/\\\/www.visitklagenfurt.at\\\/de\\\/category\\\/blog\\\/\"},{\"@type\":\"ListItem\",\"position\":3,\"name\":\"Urlaub &amp; Freizeit\",\"item\":\"https:\\\/\\\/www.visitklagenfurt.at\\\/de\\\/category\\\/blog\\\/urlaub-freizeit\\\/\"},{\"@type\":\"ListItem\",\"position\":4,\"name\":\"Winterschlaf in Klagenfurt: Warum der Januar der zachste Monat ist\"}]},{\"@type\":\"WebSite\",\"@id\":\"https:\\\/\\\/www.visitklagenfurt.at\\\/de\\\/#website\",\"url\":\"https:\\\/\\\/www.visitklagenfurt.at\\\/de\\\/\",\"name\":\"visitklagenfurt\",\"description\":\"\",\"publisher\":{\"@id\":\"https:\\\/\\\/www.visitklagenfurt.at\\\/de\\\/#organization\"},\"potentialAction\":[{\"@type\":\"SearchAction\",\"target\":{\"@type\":\"EntryPoint\",\"urlTemplate\":\"https:\\\/\\\/www.visitklagenfurt.at\\\/de\\\/?s={search_term_string}\"},\"query-input\":{\"@type\":\"PropertyValueSpecification\",\"valueRequired\":true,\"valueName\":\"search_term_string\"}}],\"inLanguage\":\"de\"},{\"@type\":\"Organization\",\"@id\":\"https:\\\/\\\/www.visitklagenfurt.at\\\/de\\\/#organization\",\"name\":\"Tourismus Region Klagenfurt am W\u00f6rthersee GmbH\",\"url\":\"https:\\\/\\\/www.visitklagenfurt.at\\\/de\\\/\",\"logo\":{\"@type\":\"ImageObject\",\"inLanguage\":\"de\",\"@id\":\"https:\\\/\\\/www.visitklagenfurt.at\\\/de\\\/#\\\/schema\\\/logo\\\/image\\\/\",\"url\":\"https:\\\/\\\/www.visitklagenfurt.at\\\/wp-content\\\/uploads\\\/2022\\\/03\\\/DT_K_Klagenfurt_S_RGB.png\",\"contentUrl\":\"https:\\\/\\\/www.visitklagenfurt.at\\\/wp-content\\\/uploads\\\/2022\\\/03\\\/DT_K_Klagenfurt_S_RGB.png\",\"width\":2082,\"height\":1511,\"caption\":\"Tourismus Region Klagenfurt am W\u00f6rthersee GmbH\"},\"image\":{\"@id\":\"https:\\\/\\\/www.visitklagenfurt.at\\\/de\\\/#\\\/schema\\\/logo\\\/image\\\/\"}},{\"@type\":\"Person\",\"@id\":\"https:\\\/\\\/www.visitklagenfurt.at\\\/de\\\/#\\\/schema\\\/person\\\/e8b5105fb351ebafb828d30285659218\",\"name\":\"Manuela Mark\",\"image\":{\"@type\":\"ImageObject\",\"inLanguage\":\"de\",\"@id\":\"https:\\\/\\\/www.visitklagenfurt.at\\\/wp-content\\\/uploads\\\/2020\\\/10\\\/manuela_mark_redakteur.jpg\",\"url\":\"https:\\\/\\\/www.visitklagenfurt.at\\\/wp-content\\\/uploads\\\/2020\\\/10\\\/manuela_mark_redakteur.jpg\",\"contentUrl\":\"https:\\\/\\\/www.visitklagenfurt.at\\\/wp-content\\\/uploads\\\/2020\\\/10\\\/manuela_mark_redakteur.jpg\",\"caption\":\"Manuela Mark\"},\"description\":\"Aufgewachsen in Wien, hat es mich im jungen Alter von 18 Jahren nach Klagenfurt verschlagen. Habe ich schon in Kindheitstagen mein Herz an die Berge, Seen und nicht zuletzt St\u00e4dte des S\u00fcdens verloren, genie\u00dfe ich seither jeden Tag in meiner Wahlheimat. Ich habe in Klagenfurt Germanistik studiert und bin seit 2020 als Werbetexterin selbstst\u00e4ndig. Ich lebe, um zu schreiben, oder ich schreibe, um zu leben \u2013 und wo ginge das besser, als in der wundersch\u00f6nen W\u00f6rtherseestadt? Als geborenes Stadtkind vermag ich einen anderen Blick auf die hiesigen Dinge zu haben, gerne kombiniere ich meinen k\u00e4rntnerischen Alltag mit viel Wiener Schm\u00e4h, vielleicht manchmal mit \u201ea bissale\u201c einem Grant, sicherlich aber immer mit einer gro\u00dfen Portion Euphorie f\u00fcr alles, das mir hier t\u00e4glich begegnet. Als vielseitige Jungmama trifft man mich am ehesten mit Shoppingt\u00fcten in der Hand, auf meinem Mountainbike oder mit meiner Familie in See-N\u00e4he. \u00dcber Klagenfurt habe ich so einiges zu erz\u00e4hlen und freue mich, euch von Geschichten und Tipps rund um Familie, Outdoor und Insiderwissen zu berichten.\",\"sameAs\":[\"http:\\\/\\\/www.manumarkant.at\",\"https:\\\/\\\/www.instagram.com\\\/manumark.ant\\\/\"],\"url\":\"https:\\\/\\\/www.visitklagenfurt.at\\\/de\\\/author\\\/manuela_mark\\\/\"}]}<\/script>\n<!-- \/ Yoast SEO plugin. -->","yoast_head_json":{"title":"Winterschlaf in Klagenfurt: Warum der Januar der zachste Monat ist | visitklagenfurt","description":"Klagenfurt scheint im Januar im Winterschlaf zu sein!","robots":{"index":"index","follow":"follow","max-snippet":"max-snippet:-1","max-image-preview":"max-image-preview:large","max-video-preview":"max-video-preview:-1"},"canonical":"https:\/\/www.visitklagenfurt.at\/de\/blog\/urlaub-freizeit\/winterschlaf-in-klagenfurt-und-was-man-machen-kann\/","og_locale":"de_DE","og_type":"article","og_title":"Winterschlaf in Klagenfurt: Warum der Januar der zachste Monat ist | visitklagenfurt","og_description":"Klagenfurt scheint im Januar im Winterschlaf zu sein!","og_url":"https:\/\/www.visitklagenfurt.at\/de\/blog\/urlaub-freizeit\/winterschlaf-in-klagenfurt-und-was-man-machen-kann\/","og_site_name":"visitklagenfurt","article_published_time":"2024-01-08T11:14:00+00:00","article_modified_time":"2025-01-13T11:59:06+00:00","og_image":[{"width":1920,"height":1280,"url":"https:\/\/www.visitklagenfurt.at\/wp-content\/uploads\/2021\/12\/2.-sehenswertes_lindwurm_winter_neuer_platz_c-pixelpoint_multimedia_1-original.jpeg","type":"image\/jpeg"}],"author":"Manuela Mark","twitter_card":"summary_large_image","twitter_misc":{"Verfasst von":"Manuela Mark","Gesch\u00e4tzte Lesezeit":"7\u00a0Minuten"},"schema":{"@context":"https:\/\/schema.org","@graph":[{"@type":"Article","@id":"https:\/\/www.visitklagenfurt.at\/de\/blog\/urlaub-freizeit\/winterschlaf-in-klagenfurt-und-was-man-machen-kann\/#article","isPartOf":{"@id":"https:\/\/www.visitklagenfurt.at\/de\/blog\/urlaub-freizeit\/winterschlaf-in-klagenfurt-und-was-man-machen-kann\/"},"author":{"name":"Manuela Mark","@id":"https:\/\/www.visitklagenfurt.at\/de\/#\/schema\/person\/e8b5105fb351ebafb828d30285659218"},"headline":"Winterschlaf in Klagenfurt: Warum der Januar der zachste Monat ist","datePublished":"2024-01-08T11:14:00+00:00","dateModified":"2025-01-13T11:59:06+00:00","mainEntityOfPage":{"@id":"https:\/\/www.visitklagenfurt.at\/de\/blog\/urlaub-freizeit\/winterschlaf-in-klagenfurt-und-was-man-machen-kann\/"},"wordCount":1063,"publisher":{"@id":"https:\/\/www.visitklagenfurt.at\/de\/#organization"},"image":{"@id":"https:\/\/www.visitklagenfurt.at\/de\/blog\/urlaub-freizeit\/winterschlaf-in-klagenfurt-und-was-man-machen-kann\/#primaryimage"},"thumbnailUrl":"https:\/\/www.visitklagenfurt.at\/wp-content\/uploads\/2021\/12\/2.-sehenswertes_lindwurm_winter_neuer_platz_c-pixelpoint_multimedia_1-original.jpeg","keywords":["Urlaub &amp; Freizeit","Winter"],"articleSection":["Urlaub &amp; Freizeit"],"inLanguage":"de"},{"@type":"WebPage","@id":"https:\/\/www.visitklagenfurt.at\/de\/blog\/urlaub-freizeit\/winterschlaf-in-klagenfurt-und-was-man-machen-kann\/","url":"https:\/\/www.visitklagenfurt.at\/de\/blog\/urlaub-freizeit\/winterschlaf-in-klagenfurt-und-was-man-machen-kann\/","name":"Winterschlaf in Klagenfurt: Warum der Januar der zachste Monat ist | visitklagenfurt","isPartOf":{"@id":"https:\/\/www.visitklagenfurt.at\/de\/#website"},"primaryImageOfPage":{"@id":"https:\/\/www.visitklagenfurt.at\/de\/blog\/urlaub-freizeit\/winterschlaf-in-klagenfurt-und-was-man-machen-kann\/#primaryimage"},"image":{"@id":"https:\/\/www.visitklagenfurt.at\/de\/blog\/urlaub-freizeit\/winterschlaf-in-klagenfurt-und-was-man-machen-kann\/#primaryimage"},"thumbnailUrl":"https:\/\/www.visitklagenfurt.at\/wp-content\/uploads\/2021\/12\/2.-sehenswertes_lindwurm_winter_neuer_platz_c-pixelpoint_multimedia_1-original.jpeg","datePublished":"2024-01-08T11:14:00+00:00","dateModified":"2025-01-13T11:59:06+00:00","description":"Klagenfurt scheint im Januar im Winterschlaf zu sein!","breadcrumb":{"@id":"https:\/\/www.visitklagenfurt.at\/de\/blog\/urlaub-freizeit\/winterschlaf-in-klagenfurt-und-was-man-machen-kann\/#breadcrumb"},"inLanguage":"de","potentialAction":[{"@type":"ReadAction","target":["https:\/\/www.visitklagenfurt.at\/de\/blog\/urlaub-freizeit\/winterschlaf-in-klagenfurt-und-was-man-machen-kann\/"]}]},{"@type":"ImageObject","inLanguage":"de","@id":"https:\/\/www.visitklagenfurt.at\/de\/blog\/urlaub-freizeit\/winterschlaf-in-klagenfurt-und-was-man-machen-kann\/#primaryimage","url":"https:\/\/www.visitklagenfurt.at\/wp-content\/uploads\/2021\/12\/2.-sehenswertes_lindwurm_winter_neuer_platz_c-pixelpoint_multimedia_1-original.jpeg","contentUrl":"https:\/\/www.visitklagenfurt.at\/wp-content\/uploads\/2021\/12\/2.-sehenswertes_lindwurm_winter_neuer_platz_c-pixelpoint_multimedia_1-original.jpeg","width":1920,"height":1280,"caption":"(c) Pixelpoint Multimedia"},{"@type":"BreadcrumbList","@id":"https:\/\/www.visitklagenfurt.at\/de\/blog\/urlaub-freizeit\/winterschlaf-in-klagenfurt-und-was-man-machen-kann\/#breadcrumb","itemListElement":[{"@type":"ListItem","position":1,"name":"visitklagenfurt","item":"https:\/\/www.visitklagenfurt.at\/de\/"},{"@type":"ListItem","position":2,"name":"Blog","item":"https:\/\/www.visitklagenfurt.at\/de\/category\/blog\/"},{"@type":"ListItem","position":3,"name":"Urlaub &amp; Freizeit","item":"https:\/\/www.visitklagenfurt.at\/de\/category\/blog\/urlaub-freizeit\/"},{"@type":"ListItem","position":4,"name":"Winterschlaf in Klagenfurt: Warum der Januar der zachste Monat ist"}]},{"@type":"WebSite","@id":"https:\/\/www.visitklagenfurt.at\/de\/#website","url":"https:\/\/www.visitklagenfurt.at\/de\/","name":"visitklagenfurt","description":"","publisher":{"@id":"https:\/\/www.visitklagenfurt.at\/de\/#organization"},"potentialAction":[{"@type":"SearchAction","target":{"@type":"EntryPoint","urlTemplate":"https:\/\/www.visitklagenfurt.at\/de\/?s={search_term_string}"},"query-input":{"@type":"PropertyValueSpecification","valueRequired":true,"valueName":"search_term_string"}}],"inLanguage":"de"},{"@type":"Organization","@id":"https:\/\/www.visitklagenfurt.at\/de\/#organization","name":"Tourismus Region Klagenfurt am W\u00f6rthersee GmbH","url":"https:\/\/www.visitklagenfurt.at\/de\/","logo":{"@type":"ImageObject","inLanguage":"de","@id":"https:\/\/www.visitklagenfurt.at\/de\/#\/schema\/logo\/image\/","url":"https:\/\/www.visitklagenfurt.at\/wp-content\/uploads\/2022\/03\/DT_K_Klagenfurt_S_RGB.png","contentUrl":"https:\/\/www.visitklagenfurt.at\/wp-content\/uploads\/2022\/03\/DT_K_Klagenfurt_S_RGB.png","width":2082,"height":1511,"caption":"Tourismus Region Klagenfurt am W\u00f6rthersee GmbH"},"image":{"@id":"https:\/\/www.visitklagenfurt.at\/de\/#\/schema\/logo\/image\/"}},{"@type":"Person","@id":"https:\/\/www.visitklagenfurt.at\/de\/#\/schema\/person\/e8b5105fb351ebafb828d30285659218","name":"Manuela Mark","image":{"@type":"ImageObject","inLanguage":"de","@id":"https:\/\/www.visitklagenfurt.at\/wp-content\/uploads\/2020\/10\/manuela_mark_redakteur.jpg","url":"https:\/\/www.visitklagenfurt.at\/wp-content\/uploads\/2020\/10\/manuela_mark_redakteur.jpg","contentUrl":"https:\/\/www.visitklagenfurt.at\/wp-content\/uploads\/2020\/10\/manuela_mark_redakteur.jpg","caption":"Manuela Mark"},"description":"Aufgewachsen in Wien, hat es mich im jungen Alter von 18 Jahren nach Klagenfurt verschlagen. Habe ich schon in Kindheitstagen mein Herz an die Berge, Seen und nicht zuletzt St\u00e4dte des S\u00fcdens verloren, genie\u00dfe ich seither jeden Tag in meiner Wahlheimat. Ich habe in Klagenfurt Germanistik studiert und bin seit 2020 als Werbetexterin selbstst\u00e4ndig. Ich lebe, um zu schreiben, oder ich schreibe, um zu leben \u2013 und wo ginge das besser, als in der wundersch\u00f6nen W\u00f6rtherseestadt? Als geborenes Stadtkind vermag ich einen anderen Blick auf die hiesigen Dinge zu haben, gerne kombiniere ich meinen k\u00e4rntnerischen Alltag mit viel Wiener Schm\u00e4h, vielleicht manchmal mit \u201ea bissale\u201c einem Grant, sicherlich aber immer mit einer gro\u00dfen Portion Euphorie f\u00fcr alles, das mir hier t\u00e4glich begegnet. Als vielseitige Jungmama trifft man mich am ehesten mit Shoppingt\u00fcten in der Hand, auf meinem Mountainbike oder mit meiner Familie in See-N\u00e4he. \u00dcber Klagenfurt habe ich so einiges zu erz\u00e4hlen und freue mich, euch von Geschichten und Tipps rund um Familie, Outdoor und Insiderwissen zu berichten.","sameAs":["http:\/\/www.manumarkant.at","https:\/\/www.instagram.com\/manumark.ant\/"],"url":"https:\/\/www.visitklagenfurt.at\/de\/author\/manuela_mark\/"}]}},"_links":{"self":[{"href":"https:\/\/www.visitklagenfurt.at\/de\/wp-json\/wp\/v2\/posts\/60582","targetHints":{"allow":["GET"]}}],"collection":[{"href":"https:\/\/www.visitklagenfurt.at\/de\/wp-json\/wp\/v2\/posts"}],"about":[{"href":"https:\/\/www.visitklagenfurt.at\/de\/wp-json\/wp\/v2\/types\/post"}],"author":[{"embeddable":true,"href":"https:\/\/www.visitklagenfurt.at\/de\/wp-json\/wp\/v2\/users\/14"}],"replies":[{"embeddable":true,"href":"https:\/\/www.visitklagenfurt.at\/de\/wp-json\/wp\/v2\/comments?post=60582"}],"version-history":[{"count":12,"href":"https:\/\/www.visitklagenfurt.at\/de\/wp-json\/wp\/v2\/posts\/60582\/revisions"}],"predecessor-version":[{"id":72372,"href":"https:\/\/www.visitklagenfurt.at\/de\/wp-json\/wp\/v2\/posts\/60582\/revisions\/72372"}],"wp:featuredmedia":[{"embeddable":true,"href":"https:\/\/www.visitklagenfurt.at\/de\/wp-json\/wp\/v2\/media\/32381"}],"wp:attachment":[{"href":"https:\/\/www.visitklagenfurt.at\/de\/wp-json\/wp\/v2\/media?parent=60582"}],"wp:term":[{"taxonomy":"category","embeddable":true,"href":"https:\/\/www.visitklagenfurt.at\/de\/wp-json\/wp\/v2\/categories?post=60582"},{"taxonomy":"post_tag","embeddable":true,"href":"https:\/\/www.visitklagenfurt.at\/de\/wp-json\/wp\/v2\/tags?post=60582"}],"curies":[{"name":"wp","href":"https:\/\/api.w.org\/{rel}","templated":true}]}}