{"id":61550,"date":"2024-02-26T14:16:42","date_gmt":"2024-02-26T13:16:42","guid":{"rendered":"https:\/\/www.visitklagenfurt.at\/?p=61550"},"modified":"2024-03-05T10:34:03","modified_gmt":"2024-03-05T09:34:03","slug":"veranstaltungen-maerz-2024-klagenfurt","status":"publish","type":"post","link":"https:\/\/www.visitklagenfurt.at\/de\/blog\/urlaub-freizeit\/veranstaltungen-maerz-2024-klagenfurt\/","title":{"rendered":"Events und Veranstaltungstipps im M\u00e4rz in Klagenfurt am W\u00f6rthersee"},"content":{"rendered":"\n<p>Die Tage werden l\u00e4nger und mit den ersten Fr\u00fchlingsboten lassen sich blicken. Auch das Leben in den Stra\u00dfen und Gassen der Stadt kommt zur\u00fcck. Das absolute M\u00e4rz-Highlight ist garantiert der Ostermarkt am Neuen Platz, auf dem man neben allerlei K\u00f6stlichkeiten das gr\u00f6\u00dfte begehbare Osternest der Welt findet.<\/p>\n\n\n\n<p>Daneben gibt es einen sportlich herausfordernden Hindernislauf zu bew\u00e4ltigen, mitrei\u00dfende Ozeanwelten auf der gro\u00dfen Leinwand zu bestaunen und musikalische Highlights wie Turbobier, Spilif oder die Guitar Days der Gustav Mahler Privatuniversit\u00e4t zu erleben. Wo ihr euch im M\u00e4rz den Lenz um die Ohren schlagen k\u00f6nnt, erfahrt ihr hier.<\/p>\n\n\n\n<h2 class=\"wp-block-heading\">Crux Arena<\/h2>\n\n\n\n<p><strong>02. M\u00e4rz, 10.00 Uhr | Leopold-Wagner Arena am S\u00fcdring<\/strong><\/p>\n\n\n\n<p>Die Crux beim Crux-Lauf ist es, dass man nicht einfach drauf loslaufen kann. Denn was den Lauf so besonders macht, sind seine Hindernisse. In einer Mischung aus <strong>CrossFit und Dirtrun<\/strong> m\u00fcssen sich die Teilnehmer durch randvoll gef\u00fcllte Wassercontainer, baumelnde Autoreifen oder sonstige kreative Kletterger\u00fcst-Varianten k\u00e4mpfen \u2013 und zwar mit vollem K\u00f6rpereinsatz.<\/p>\n\n\n\n<p>Mit der Crux Arena findet am 02. M\u00e4rz ein derartiger Hindernislauf in Klagenfurt statt. Die Gesamtstrecke betr\u00e4gt f\u00fcr den Einzel- und Gruppenwettbewerb etwa <strong>vier Kilometer<\/strong>, gut drei Kilometer f\u00fcr die Familien Crux Arena und eineinhalb Kilometer bei der Junior Crux Arena f\u00fcr Kinder ab sechs Jahren.<\/p>\n\n\n\n<p>Alle Informationen und Anmeldungen gibt es <a href=\"https:\/\/crux-lauf.com\/crux-arena\/\">hier<\/a>.<\/p>\n\n\n\n<blockquote class=\"instagram-media\" data-instgrm-permalink=\"https:\/\/www.instagram.com\/p\/Ci7BHs6t-gY\/?utm_source=ig_embed&amp;utm_campaign=loading\" data-instgrm-version=\"14\" style=\" background:#FFF; border:0; border-radius:3px; box-shadow:0 0 1px 0 rgba(0,0,0,0.5),0 1px 10px 0 rgba(0,0,0,0.15); margin: 1px; max-width:540px; min-width:326px; padding:0; width:99.375%; width:-webkit-calc(100% - 2px); width:calc(100% - 2px);\"><div style=\"padding:16px;\"> <a href=\"https:\/\/www.instagram.com\/p\/Ci7BHs6t-gY\/?utm_source=ig_embed&amp;utm_campaign=loading\" style=\" background:#FFFFFF; line-height:0; padding:0 0; text-align:center; text-decoration:none; width:100%;\" target=\"_blank\" rel=\"noopener\"> <div style=\" display: flex; flex-direction: row; align-items: center;\"> <div style=\"background-color: #F4F4F4; border-radius: 50%; flex-grow: 0; height: 40px; margin-right: 14px; width: 40px;\"><\/div> <div style=\"display: flex; flex-direction: column; flex-grow: 1; justify-content: center;\"> <div style=\" background-color: #F4F4F4; border-radius: 4px; flex-grow: 0; height: 14px; margin-bottom: 6px; width: 100px;\"><\/div> <div style=\" background-color: #F4F4F4; border-radius: 4px; flex-grow: 0; height: 14px; width: 60px;\"><\/div><\/div><\/div><div style=\"padding: 19% 0;\"><\/div> <div style=\"display:block; height:50px; margin:0 auto 12px; width:50px;\"><svg width=\"50px\" height=\"50px\" viewBox=\"0 0 60 60\" version=\"1.1\" xmlns=\"https:\/\/www.w3.org\/2000\/svg\" xmlns:xlink=\"https:\/\/www.w3.org\/1999\/xlink\"><g stroke=\"none\" stroke-width=\"1\" fill=\"none\" fill-rule=\"evenodd\"><g transform=\"translate(-511.000000, -20.000000)\" fill=\"#000000\"><g><path d=\"M556.869,30.41 C554.814,30.41 553.148,32.076 553.148,34.131 C553.148,36.186 554.814,37.852 556.869,37.852 C558.924,37.852 560.59,36.186 560.59,34.131 C560.59,32.076 558.924,30.41 556.869,30.41 M541,60.657 C535.114,60.657 530.342,55.887 530.342,50 C530.342,44.114 535.114,39.342 541,39.342 C546.887,39.342 551.658,44.114 551.658,50 C551.658,55.887 546.887,60.657 541,60.657 M541,33.886 C532.1,33.886 524.886,41.1 524.886,50 C524.886,58.899 532.1,66.113 541,66.113 C549.9,66.113 557.115,58.899 557.115,50 C557.115,41.1 549.9,33.886 541,33.886 M565.378,62.101 C565.244,65.022 564.756,66.606 564.346,67.663 C563.803,69.06 563.154,70.057 562.106,71.106 C561.058,72.155 560.06,72.803 558.662,73.347 C557.607,73.757 556.021,74.244 553.102,74.378 C549.944,74.521 548.997,74.552 541,74.552 C533.003,74.552 532.056,74.521 528.898,74.378 C525.979,74.244 524.393,73.757 523.338,73.347 C521.94,72.803 520.942,72.155 519.894,71.106 C518.846,70.057 518.197,69.06 517.654,67.663 C517.244,66.606 516.755,65.022 516.623,62.101 C516.479,58.943 516.448,57.996 516.448,50 C516.448,42.003 516.479,41.056 516.623,37.899 C516.755,34.978 517.244,33.391 517.654,32.338 C518.197,30.938 518.846,29.942 519.894,28.894 C520.942,27.846 521.94,27.196 523.338,26.654 C524.393,26.244 525.979,25.756 528.898,25.623 C532.057,25.479 533.004,25.448 541,25.448 C548.997,25.448 549.943,25.479 553.102,25.623 C556.021,25.756 557.607,26.244 558.662,26.654 C560.06,27.196 561.058,27.846 562.106,28.894 C563.154,29.942 563.803,30.938 564.346,32.338 C564.756,33.391 565.244,34.978 565.378,37.899 C565.522,41.056 565.552,42.003 565.552,50 C565.552,57.996 565.522,58.943 565.378,62.101 M570.82,37.631 C570.674,34.438 570.167,32.258 569.425,30.349 C568.659,28.377 567.633,26.702 565.965,25.035 C564.297,23.368 562.623,22.342 560.652,21.575 C558.743,20.834 556.562,20.326 553.369,20.18 C550.169,20.033 549.148,20 541,20 C532.853,20 531.831,20.033 528.631,20.18 C525.438,20.326 523.257,20.834 521.349,21.575 C519.376,22.342 517.703,23.368 516.035,25.035 C514.368,26.702 513.342,28.377 512.574,30.349 C511.834,32.258 511.326,34.438 511.181,37.631 C511.035,40.831 511,41.851 511,50 C511,58.147 511.035,59.17 511.181,62.369 C511.326,65.562 511.834,67.743 512.574,69.651 C513.342,71.625 514.368,73.296 516.035,74.965 C517.703,76.634 519.376,77.658 521.349,78.425 C523.257,79.167 525.438,79.673 528.631,79.82 C531.831,79.965 532.853,80.001 541,80.001 C549.148,80.001 550.169,79.965 553.369,79.82 C556.562,79.673 558.743,79.167 560.652,78.425 C562.623,77.658 564.297,76.634 565.965,74.965 C567.633,73.296 568.659,71.625 569.425,69.651 C570.167,67.743 570.674,65.562 570.82,62.369 C570.966,59.17 571,58.147 571,50 C571,41.851 570.966,40.831 570.82,37.631\"><\/path><\/g><\/g><\/g><\/svg><\/div><div style=\"padding-top: 8px;\"> <div style=\" color:#3897f0; font-family:Arial,sans-serif; font-size:14px; font-style:normal; font-weight:550; line-height:18px;\">Sieh dir diesen Beitrag auf Instagram an<\/div><\/div><div style=\"padding: 12.5% 0;\"><\/div> <div style=\"display: flex; flex-direction: row; margin-bottom: 14px; align-items: center;\"><div> <div style=\"background-color: #F4F4F4; border-radius: 50%; height: 12.5px; width: 12.5px; transform: translateX(0px) translateY(7px);\"><\/div> <div style=\"background-color: #F4F4F4; height: 12.5px; transform: rotate(-45deg) translateX(3px) translateY(1px); width: 12.5px; flex-grow: 0; margin-right: 14px; margin-left: 2px;\"><\/div> <div style=\"background-color: #F4F4F4; border-radius: 50%; height: 12.5px; width: 12.5px; transform: translateX(9px) translateY(-18px);\"><\/div><\/div><div style=\"margin-left: 8px;\"> <div style=\" background-color: #F4F4F4; border-radius: 50%; flex-grow: 0; height: 20px; width: 20px;\"><\/div> <div style=\" width: 0; height: 0; border-top: 2px solid transparent; border-left: 6px solid #f4f4f4; border-bottom: 2px solid transparent; transform: translateX(16px) translateY(-4px) rotate(30deg)\"><\/div><\/div><div style=\"margin-left: auto;\"> <div style=\" width: 0px; border-top: 8px solid #F4F4F4; border-right: 8px solid transparent; transform: translateY(16px);\"><\/div> <div style=\" background-color: #F4F4F4; flex-grow: 0; height: 12px; width: 16px; transform: translateY(-4px);\"><\/div> <div style=\" width: 0; height: 0; border-top: 8px solid #F4F4F4; border-left: 8px solid transparent; transform: translateY(-4px) translateX(8px);\"><\/div><\/div><\/div> <div style=\"display: flex; flex-direction: column; flex-grow: 1; justify-content: center; margin-bottom: 24px;\"> <div style=\" background-color: #F4F4F4; border-radius: 4px; flex-grow: 0; height: 14px; margin-bottom: 6px; width: 224px;\"><\/div> <div style=\" background-color: #F4F4F4; border-radius: 4px; flex-grow: 0; height: 14px; width: 144px;\"><\/div><\/div><\/a><p style=\" color:#c9c8cd; font-family:Arial,sans-serif; font-size:14px; line-height:17px; margin-bottom:0; margin-top:8px; overflow:hidden; padding:8px 0 7px; text-align:center; text-overflow:ellipsis; white-space:nowrap;\"><a href=\"https:\/\/www.instagram.com\/p\/Ci7BHs6t-gY\/?utm_source=ig_embed&amp;utm_campaign=loading\" style=\" color:#c9c8cd; font-family:Arial,sans-serif; font-size:14px; font-style:normal; font-weight:normal; line-height:17px; text-decoration:none;\" target=\"_blank\" rel=\"noopener\">Ein Beitrag geteilt von CRUX LAUF VILLACH (@crux_lauf)<\/a><\/p><\/div><\/blockquote> <script async src=\"\/\/www.instagram.com\/embed.js\"><\/script>\n\n\n\n<h2 class=\"wp-block-heading\" id=\"h-dschungelbuch-das-musical\">Dschungelbuch \u2013 Das Musical<\/h2>\n\n\n\n<p><strong>10. M\u00e4rz, 11.00 und 15.00 Uhr | Messehalle 5<\/strong><\/p>\n\n\n\n<p>Das Menschenkind Mogli erlernt mithilfe seines b\u00e4rigen Freundes Balu und dem Panther Baghira, wie das <strong>Leben im Dschungel <\/strong>funktioniert. Denn der Dschungel birgt allerlei Gefahren: Von der dreisten Affenbande \u00fcber die hinterh\u00e4ltige Schlange Kaa bis hin zum m\u00e4chtigen Tiger Shir Kahn wird der kleine Mogli ordentlich auf Trab gehalten. Kann sich Mogli gegen all diese Gefahren behaupten?<\/p>\n\n\n\n<p>Mit turbulenter Action und viel Temperament setzt das <strong>Theater Liberi <\/strong>die weltber\u00fchmte Geschichte rund um das Findelkind Mogli neu in Szene. Rasante Choreografien, pr\u00e4chtige Kost\u00fcme und ganz viel groovige Live-Musik erwecken den Dschungel im wahrsten Sinne des Wortes zum Leben.<\/p>\n\n\n\n<p>Tickets erh\u00e4ltlich unter: <a href=\"https:\/\/www.theater-liberi.de\/\">www.theater-liberi.de<\/a><\/p>\n\n\n\n<figure class=\"wp-block-gallery has-nested-images columns-default is-cropped wp-block-gallery-1 is-layout-flex wp-block-gallery-is-layout-flex\">\n<figure class=\"wp-block-image size-large\"><img fetchpriority=\"high\" decoding=\"async\" width=\"1920\" height=\"1280\" data-id=\"61555\" src=\"https:\/\/www.visitklagenfurt.at\/wp-content\/uploads\/2024\/02\/Dschungelbuch-das-Musical_Pressebild-01_quer.jpg\" alt=\"\" class=\"wp-image-61555\"\/><figcaption class=\"wp-element-caption\">(c) Theater Liberi<\/figcaption><\/figure>\n<\/figure>\n\n\n\n<h2 class=\"wp-block-heading\" id=\"h-ocean-film-tour\">Ocean Film Tour <\/h2>\n\n\n\n<p><strong>11. M\u00e4rz, 19.30 Uhr | Konzerthaus Klagenfurt<\/strong><\/p>\n\n\n\n<p>Sportlich geht es auch am 11. M\u00e4rz zu, wenn die zehnte Ausgabe der International Ocean Film Tour in der K\u00e4rntner Landeshauptstadt Station macht. F\u00fcnf Kurzfilme tauchen dabei wortw\u00f6rtlich ab in beeindruckende <strong>Ozeanwelten und erz\u00e4hlen atemberaubende Geschichten <\/strong>herausragender Pers\u00f6nlichkeiten auf dem und im Wasser.<\/p>\n\n\n\n<p>Das Programm reicht vom Weltrekordversuch der Windsurflegende Bj\u00f8rn Dunkerbeck \u00fcber die ungew\u00f6hnliche Motivation einer Eisschwimmerin aus Seattle bis hin zur beeindruckenden Doku \u00fcber Haie und Rochen, die schon durch die Weltmeere schwammen, als es zu Land noch gar keine B\u00e4ume gab. Ein herausragendes Programm \u2013 nicht nur f\u00fcr Extremsportler und Meeresbiologen.<\/p>\n\n\n\n<p>Tickets erh\u00e4ltlich unter: <a href=\"https:\/\/de.oceanfilmtour.com\/de\/tickets\/international-ocean-film-tour-2024-konzerthaus-klagenfurt-2024-03-11-19-30\">oceanfilmtour.com<\/a><\/p>\n\n\n\n<figure class=\"wp-block-embed is-type-video is-provider-youtube wp-block-embed-youtube wp-embed-aspect-16-9 wp-has-aspect-ratio\"><div class=\"wp-block-embed__wrapper\">\n <div class=\"brlbs-cmpnt-container brlbs-cmpnt-content-blocker brlbs-cmpnt-with-individual-styles\" data-borlabs-cookie-content-blocker-id=\"youtube-content-blocker\" data-borlabs-cookie-content=\"PGlmcmFtZSB0aXRsZT0iVHJhaWxlciB8IEludGVybmF0aW9uYWwgT0NFQU4gRklMTSBUT1VSIFZvbC4gMTAgfCBDYW1wYWlnbiIgd2lkdGg9IjgwMCIgaGVpZ2h0PSI0NTAiIHNyYz0iaHR0cHM6Ly93d3cueW91dHViZS1ub2Nvb2tpZS5jb20vZW1iZWQvSldseUFUbDdXNGs\/ZmVhdHVyZT1vZW1iZWQiIGZyYW1lYm9yZGVyPSIwIiBhbGxvdz0iYWNjZWxlcm9tZXRlcjsgYXV0b3BsYXk7IGNsaXBib2FyZC13cml0ZTsgZW5jcnlwdGVkLW1lZGlhOyBneXJvc2NvcGU7IHBpY3R1cmUtaW4tcGljdHVyZTsgd2ViLXNoYXJlIiBhbGxvd2Z1bGxzY3JlZW4+PC9pZnJhbWU+\"><div class=\"brlbs-cmpnt-cb-preset-c brlbs-cmpnt-cb-youtube\"> <div class=\"brlbs-cmpnt-cb-thumbnail\" style=\"background-image: url('https:\/\/www.visitklagenfurt.at\/wp-content\/uploads\/borlabs-cookie\/1\/yt_JWlyATl7W4k_hqdefault.jpg')\"><\/div> <div class=\"brlbs-cmpnt-cb-main\"> <div class=\"brlbs-cmpnt-cb-play-button\"><\/div> <div class=\"brlbs-cmpnt-cb-content\"> <p class=\"brlbs-cmpnt-cb-description\">Sie sehen gerade einen Platzhalterinhalt von <strong>YouTube<\/strong>. Um auf den eigentlichen Inhalt zuzugreifen, klicken Sie auf die Schaltfl\u00e4che unten. Bitte beachten Sie, dass dabei Daten an Drittanbieter weitergegeben werden.<\/p> <a class=\"brlbs-cmpnt-cb-provider-toggle\" href=\"#\" data-borlabs-cookie-show-provider-information role=\"button\">Mehr Informationen<\/a> <\/div> <div class=\"brlbs-cmpnt-cb-buttons\"> <a class=\"brlbs-cmpnt-cb-btn\" href=\"#\" data-borlabs-cookie-unblock role=\"button\">Inhalt entsperren<\/a> <a class=\"brlbs-cmpnt-cb-btn\" href=\"#\" data-borlabs-cookie-accept-service role=\"button\" style=\"display: inherit\">Erforderlichen Service akzeptieren und Inhalte entsperren<\/a> <\/div> <\/div> <\/div><\/div>\n<\/div><\/figure>\n\n\n\n<h2 class=\"wp-block-heading\" id=\"h-ostermarkt-am-neuen-platz\">Ostermarkt am Neuen Platz<\/h2>\n\n\n\n<p><strong>14. von 30. M\u00e4rz | Neuer Platz<\/strong><\/p>\n\n\n\n<p>Ab Mitte M\u00e4rz wird es &#8222;osterlich&#8220; in Klagenfurt, denn dann er\u00f6ffnet der gr\u00f6\u00dfte Ostermarkt der Alpen-Adria Region seine Pforten am Neuen Platz im Herzen der Altstadt. Zahlreiche <strong>Produzenten, Schausteller, Kunst- und Genusshandwerker<\/strong> bieten auch heuer wieder ihre Waren feil und verw\u00f6hnen die Marktbesucher mit vor\u00f6sterlichen K\u00f6stlichkeiten.<\/p>\n\n\n\n<p>Ob handbemalte Ostereier, traditionelle Weihk\u00f6rbe, bestickte Osterdecken oder aber s\u00fc\u00dfe und herzhafte Verlockungen \u2013 in zauberhaftem Fr\u00fchlingsflair findet man hier alles, was man rund um die Osterfeiertage braucht. Auch f\u00fcr ein umfangreiches <strong>Kinderprogramm <\/strong>ist bestens gesorgt, damit die Erwachsenen das Marktfeeling in vollen Z\u00fcgen genie\u00dfen k\u00f6nnen.<\/p>\n\n\n\n<p>Highlights des Marktes ist das gr\u00f6\u00dfte Osternest der Welt und die Riesen-Osterhasen-Familie. Ein sehr beliebtes Fotomotiv!<\/p>\n\n\n\n<p>Alle Infos rund um Ostern findet ihr unter <a href=\"https:\/\/www.visitklagenfurt.at\/de\/ostern-in-klagenfurt\/\">hier<\/a>.<\/p>\n\n\n\n<figure class=\"wp-block-embed is-type-video is-provider-youtube wp-block-embed-youtube wp-embed-aspect-16-9 wp-has-aspect-ratio\"><div class=\"wp-block-embed__wrapper\">\n <div class=\"brlbs-cmpnt-container brlbs-cmpnt-content-blocker brlbs-cmpnt-with-individual-styles\" data-borlabs-cookie-content-blocker-id=\"youtube-content-blocker\" data-borlabs-cookie-content=\"PGlmcmFtZSB0aXRsZT0iT3N0ZXJtYXJrdCBpbiBLbGFnZW5mdXJ0IGFtIFfDtnJ0aGVyc2VlIiB3aWR0aD0iODAwIiBoZWlnaHQ9IjQ1MCIgc3JjPSJodHRwczovL3d3dy55b3V0dWJlLW5vY29va2llLmNvbS9lbWJlZC8xWF9YNGlCVDZzZz9mZWF0dXJlPW9lbWJlZCIgZnJhbWVib3JkZXI9IjAiIGFsbG93PSJhY2NlbGVyb21ldGVyOyBhdXRvcGxheTsgY2xpcGJvYXJkLXdyaXRlOyBlbmNyeXB0ZWQtbWVkaWE7IGd5cm9zY29wZTsgcGljdHVyZS1pbi1waWN0dXJlOyB3ZWItc2hhcmUiIGFsbG93ZnVsbHNjcmVlbj48L2lmcmFtZT4=\"><div class=\"brlbs-cmpnt-cb-preset-c brlbs-cmpnt-cb-youtube\"> <div class=\"brlbs-cmpnt-cb-thumbnail\" style=\"background-image: url('https:\/\/www.visitklagenfurt.at\/wp-content\/uploads\/borlabs-cookie\/1\/yt_1X_X4iBT6sg_hqdefault.jpg')\"><\/div> <div class=\"brlbs-cmpnt-cb-main\"> <div class=\"brlbs-cmpnt-cb-play-button\"><\/div> <div class=\"brlbs-cmpnt-cb-content\"> <p class=\"brlbs-cmpnt-cb-description\">Sie sehen gerade einen Platzhalterinhalt von <strong>YouTube<\/strong>. Um auf den eigentlichen Inhalt zuzugreifen, klicken Sie auf die Schaltfl\u00e4che unten. Bitte beachten Sie, dass dabei Daten an Drittanbieter weitergegeben werden.<\/p> <a class=\"brlbs-cmpnt-cb-provider-toggle\" href=\"#\" data-borlabs-cookie-show-provider-information role=\"button\">Mehr Informationen<\/a> <\/div> <div class=\"brlbs-cmpnt-cb-buttons\"> <a class=\"brlbs-cmpnt-cb-btn\" href=\"#\" data-borlabs-cookie-unblock role=\"button\">Inhalt entsperren<\/a> <a class=\"brlbs-cmpnt-cb-btn\" href=\"#\" data-borlabs-cookie-accept-service role=\"button\" style=\"display: inherit\">Erforderlichen Service akzeptieren und Inhalte entsperren<\/a> <\/div> <\/div> <\/div><\/div>\n<\/div><\/figure>\n\n\n\n<h2 class=\"wp-block-heading\" id=\"h-spilif\">Spilif<\/h2>\n\n\n\n<p><strong>16. M\u00e4rz, 20.00 Uhr | Hafenstadt Urban Area<\/strong><\/p>\n\n\n\n<p>Mit Spilif kommt am 16. M\u00e4rz einer der aktuell <strong>hei\u00dfesten Rap-Acts \u00d6sterreichs<\/strong> nach Klagenfurt. Im Gep\u00e4ck hat die Innsbrucker Rapperin ihre erste LP &#8222;Irgendwas das du liebst&#8220;. Darauf rappt sie in einer erfrischenden Mischung aus Jazz, Indie-Sounds und Boom Bap \u00fcber rebellische Hippies und eine entspannte Partie Tetris, ohne jemals in den vermeintlich genre\u00fcblichen Protz zu verfallen.<\/p>\n\n\n\n<p>Auf der B\u00fchne wird Spilif von einer <strong>vierk\u00f6pfigen Band<\/strong> begleitet. Das sorgt f\u00fcr ein Live-Erlebnis, das man im Hip-Hop eher selten findet. Deshalb ist dieses Konzert auch allen w\u00e4rmstens ans Herz gelegt, die grunds\u00e4tzlich nicht viel mit Hip-Hop anfangen k\u00f6nnen. Beeindruckender Cross-Over, absolut sehenswert!<\/p>\n\n\n\n<p>Tickets erh\u00e4ltlich unter: <a href=\"https:\/\/www.hafenstadt.at\/produkt\/spilif\/\">hafenstadt.at<\/a><\/p>\n\n\n\n<blockquote class=\"instagram-media\" data-instgrm-permalink=\"https:\/\/www.instagram.com\/p\/C3fxupAiyrb\/?utm_source=ig_embed&amp;utm_campaign=loading\" data-instgrm-version=\"14\" style=\" background:#FFF; border:0; border-radius:3px; box-shadow:0 0 1px 0 rgba(0,0,0,0.5),0 1px 10px 0 rgba(0,0,0,0.15); margin: 1px; max-width:540px; min-width:326px; padding:0; width:99.375%; width:-webkit-calc(100% - 2px); width:calc(100% - 2px);\"><div style=\"padding:16px;\"> <a href=\"https:\/\/www.instagram.com\/p\/C3fxupAiyrb\/?utm_source=ig_embed&amp;utm_campaign=loading\" style=\" background:#FFFFFF; line-height:0; padding:0 0; text-align:center; text-decoration:none; width:100%;\" target=\"_blank\" rel=\"noopener\"> <div style=\" display: flex; flex-direction: row; align-items: center;\"> <div style=\"background-color: #F4F4F4; border-radius: 50%; flex-grow: 0; height: 40px; margin-right: 14px; width: 40px;\"><\/div> <div style=\"display: flex; flex-direction: column; flex-grow: 1; justify-content: center;\"> <div style=\" background-color: #F4F4F4; border-radius: 4px; flex-grow: 0; height: 14px; margin-bottom: 6px; width: 100px;\"><\/div> <div style=\" background-color: #F4F4F4; border-radius: 4px; flex-grow: 0; height: 14px; width: 60px;\"><\/div><\/div><\/div><div style=\"padding: 19% 0;\"><\/div> <div style=\"display:block; height:50px; margin:0 auto 12px; width:50px;\"><svg width=\"50px\" height=\"50px\" viewBox=\"0 0 60 60\" version=\"1.1\" xmlns=\"https:\/\/www.w3.org\/2000\/svg\" xmlns:xlink=\"https:\/\/www.w3.org\/1999\/xlink\"><g stroke=\"none\" stroke-width=\"1\" fill=\"none\" fill-rule=\"evenodd\"><g transform=\"translate(-511.000000, -20.000000)\" fill=\"#000000\"><g><path d=\"M556.869,30.41 C554.814,30.41 553.148,32.076 553.148,34.131 C553.148,36.186 554.814,37.852 556.869,37.852 C558.924,37.852 560.59,36.186 560.59,34.131 C560.59,32.076 558.924,30.41 556.869,30.41 M541,60.657 C535.114,60.657 530.342,55.887 530.342,50 C530.342,44.114 535.114,39.342 541,39.342 C546.887,39.342 551.658,44.114 551.658,50 C551.658,55.887 546.887,60.657 541,60.657 M541,33.886 C532.1,33.886 524.886,41.1 524.886,50 C524.886,58.899 532.1,66.113 541,66.113 C549.9,66.113 557.115,58.899 557.115,50 C557.115,41.1 549.9,33.886 541,33.886 M565.378,62.101 C565.244,65.022 564.756,66.606 564.346,67.663 C563.803,69.06 563.154,70.057 562.106,71.106 C561.058,72.155 560.06,72.803 558.662,73.347 C557.607,73.757 556.021,74.244 553.102,74.378 C549.944,74.521 548.997,74.552 541,74.552 C533.003,74.552 532.056,74.521 528.898,74.378 C525.979,74.244 524.393,73.757 523.338,73.347 C521.94,72.803 520.942,72.155 519.894,71.106 C518.846,70.057 518.197,69.06 517.654,67.663 C517.244,66.606 516.755,65.022 516.623,62.101 C516.479,58.943 516.448,57.996 516.448,50 C516.448,42.003 516.479,41.056 516.623,37.899 C516.755,34.978 517.244,33.391 517.654,32.338 C518.197,30.938 518.846,29.942 519.894,28.894 C520.942,27.846 521.94,27.196 523.338,26.654 C524.393,26.244 525.979,25.756 528.898,25.623 C532.057,25.479 533.004,25.448 541,25.448 C548.997,25.448 549.943,25.479 553.102,25.623 C556.021,25.756 557.607,26.244 558.662,26.654 C560.06,27.196 561.058,27.846 562.106,28.894 C563.154,29.942 563.803,30.938 564.346,32.338 C564.756,33.391 565.244,34.978 565.378,37.899 C565.522,41.056 565.552,42.003 565.552,50 C565.552,57.996 565.522,58.943 565.378,62.101 M570.82,37.631 C570.674,34.438 570.167,32.258 569.425,30.349 C568.659,28.377 567.633,26.702 565.965,25.035 C564.297,23.368 562.623,22.342 560.652,21.575 C558.743,20.834 556.562,20.326 553.369,20.18 C550.169,20.033 549.148,20 541,20 C532.853,20 531.831,20.033 528.631,20.18 C525.438,20.326 523.257,20.834 521.349,21.575 C519.376,22.342 517.703,23.368 516.035,25.035 C514.368,26.702 513.342,28.377 512.574,30.349 C511.834,32.258 511.326,34.438 511.181,37.631 C511.035,40.831 511,41.851 511,50 C511,58.147 511.035,59.17 511.181,62.369 C511.326,65.562 511.834,67.743 512.574,69.651 C513.342,71.625 514.368,73.296 516.035,74.965 C517.703,76.634 519.376,77.658 521.349,78.425 C523.257,79.167 525.438,79.673 528.631,79.82 C531.831,79.965 532.853,80.001 541,80.001 C549.148,80.001 550.169,79.965 553.369,79.82 C556.562,79.673 558.743,79.167 560.652,78.425 C562.623,77.658 564.297,76.634 565.965,74.965 C567.633,73.296 568.659,71.625 569.425,69.651 C570.167,67.743 570.674,65.562 570.82,62.369 C570.966,59.17 571,58.147 571,50 C571,41.851 570.966,40.831 570.82,37.631\"><\/path><\/g><\/g><\/g><\/svg><\/div><div style=\"padding-top: 8px;\"> <div style=\" color:#3897f0; font-family:Arial,sans-serif; font-size:14px; font-style:normal; font-weight:550; line-height:18px;\">Sieh dir diesen Beitrag auf Instagram an<\/div><\/div><div style=\"padding: 12.5% 0;\"><\/div> <div style=\"display: flex; flex-direction: row; margin-bottom: 14px; align-items: center;\"><div> <div style=\"background-color: #F4F4F4; border-radius: 50%; height: 12.5px; width: 12.5px; transform: translateX(0px) translateY(7px);\"><\/div> <div style=\"background-color: #F4F4F4; height: 12.5px; transform: rotate(-45deg) translateX(3px) translateY(1px); width: 12.5px; flex-grow: 0; margin-right: 14px; margin-left: 2px;\"><\/div> <div style=\"background-color: #F4F4F4; border-radius: 50%; height: 12.5px; width: 12.5px; transform: translateX(9px) translateY(-18px);\"><\/div><\/div><div style=\"margin-left: 8px;\"> <div style=\" background-color: #F4F4F4; border-radius: 50%; flex-grow: 0; height: 20px; width: 20px;\"><\/div> <div style=\" width: 0; height: 0; border-top: 2px solid transparent; border-left: 6px solid #f4f4f4; border-bottom: 2px solid transparent; transform: translateX(16px) translateY(-4px) rotate(30deg)\"><\/div><\/div><div style=\"margin-left: auto;\"> <div style=\" width: 0px; border-top: 8px solid #F4F4F4; border-right: 8px solid transparent; transform: translateY(16px);\"><\/div> <div style=\" background-color: #F4F4F4; flex-grow: 0; height: 12px; width: 16px; transform: translateY(-4px);\"><\/div> <div style=\" width: 0; height: 0; border-top: 8px solid #F4F4F4; border-left: 8px solid transparent; transform: translateY(-4px) translateX(8px);\"><\/div><\/div><\/div> <div style=\"display: flex; flex-direction: column; flex-grow: 1; justify-content: center; margin-bottom: 24px;\"> <div style=\" background-color: #F4F4F4; border-radius: 4px; flex-grow: 0; height: 14px; margin-bottom: 6px; width: 224px;\"><\/div> <div style=\" background-color: #F4F4F4; border-radius: 4px; flex-grow: 0; height: 14px; width: 144px;\"><\/div><\/div><\/a><p style=\" color:#c9c8cd; font-family:Arial,sans-serif; font-size:14px; line-height:17px; margin-bottom:0; margin-top:8px; overflow:hidden; padding:8px 0 7px; text-align:center; text-overflow:ellipsis; white-space:nowrap;\"><a href=\"https:\/\/www.instagram.com\/p\/C3fxupAiyrb\/?utm_source=ig_embed&amp;utm_campaign=loading\" style=\" color:#c9c8cd; font-family:Arial,sans-serif; font-size:14px; font-style:normal; font-weight:normal; line-height:17px; text-decoration:none;\" target=\"_blank\" rel=\"noopener\">Ein Beitrag geteilt von Spilif (@spilifsound)<\/a><\/p><\/div><\/blockquote> <script async src=\"\/\/www.instagram.com\/embed.js\"><\/script>\n\n\n\n<h2 class=\"wp-block-heading\" id=\"h-guitar-days-2024\">Guitar-Days 2024<\/h2>\n\n\n\n<p><strong>18. bis 22. M\u00e4rz | Konzerthaus Klagenfurt | Kammerlichtspiele<\/strong><\/p>\n\n\n\n<p>Zum bereits zweiten Mal finden heuer die Guitar-Days der <strong>Gustav Mahler Privatuniversit\u00e4t <\/strong>statt. F\u00fcnf Tage lang sind wieder zahlreiche internationale Virtuosen des Gitarrenspiels zu Gast in Klagenfurt und geben nicht nur <strong>Konzerte<\/strong>, sondern halten in Kooperation mit den Musikschulen des Landes K\u00e4rnten auch <strong>Masterclasses und Workshops<\/strong> ab.<\/p>\n\n\n\n<p>Er\u00f6ffnet werden die heurigen Guitar-Days von Helmut Weinhandl und Florian Palier im <a href=\"https:\/\/www.kammerlichtspiele.at\/\">Jazzclub Kammerlichtspiele<\/a>. Gemeinsam mit befreundeten Gastmusikern servieren sie eine bunte Melange unterschiedlichster Formen, Stile und Besetzungen \u2013 von lateinamerikanischen Rhythmen \u00fcber zeitgen\u00f6ssische klassische Musik bis hin zu Funk und Rock. Au\u00dferdem an den Guitar-Days zu Gast sind Petra Pol\u00e1\u010dov\u00e1, Judica\u00ebl Perroy und \u00c1lvaro Pierri.<\/p>\n\n\n\n<p>Weitere Infos und Anmeldungen gibt es <a href=\"https:\/\/notes.gmpu.ac.at\/events\/liste\/?tribe-bar-search=Guitar+Days+2024\">hier<\/a>.<\/p>\n\n\n\n<h2 class=\"wp-block-heading\" id=\"h-turbobier-nobel-geht-die-welt-zugrunde\">Turbobier \u2013 Nobel geht die Welt zugrunde<\/h2>\n\n\n\n<p><strong>23. M\u00e4rz, 20.00 Uhr | Veranstaltungszentrum Klagenfurt<\/strong><\/p>\n\n\n\n<p>Beinahe-Bundespr\u00e4sident, Kabarettist und h\u00f6chst erfolgreicher Bandleader \u2013 der bereits zu Lebzeiten legend\u00e4re <strong>Marco Pogo<\/strong> <strong>kommt mit seiner Band <\/strong>Turbobier nach Klagenfurt. Anlass dazu ist ihr neues Album &#8222;Nobel geht die Welt zugrunde&#8220;, f\u00fcr das sich die Wiener Punk-Band vier Jahre Zeit gelassen hat und mit dem sie im M\u00e4rz auf gro\u00dfe Tour geht.<\/p>\n\n\n\n<p>Auf dem neuen Album weicht die bisher stilpr\u00e4gende bissige Ironie zunehmend ernsteren Themen. Beinahe staatstragend wird \u00fcber den Zynismus der Arbeitswelt, das Lieblingsm\u00f6bel Diwan oder das Ende der Welt gesungen. Staatstragend auch deshalb, weil Marco Pogo im Herbst mit seiner Bierpartei bei den Nationalratswahlen antreten wird. Das sind sprudelige Aussichten auf dieser feucht-fr\u00f6hlichen Wahlkampftour.<\/p>\n\n\n\n<p>Tickets erh\u00e4ltlich unter: <a href=\"https:\/\/www.semtainment.at\/eventdetails\/turbobier#\">semtainment.at<\/a><\/p>\n\n\n\n<blockquote class=\"instagram-media\" data-instgrm-permalink=\"https:\/\/www.instagram.com\/p\/C38vkFyNneq\/?utm_source=ig_embed&amp;utm_campaign=loading\" data-instgrm-version=\"14\" style=\" background:#FFF; border:0; border-radius:3px; box-shadow:0 0 1px 0 rgba(0,0,0,0.5),0 1px 10px 0 rgba(0,0,0,0.15); margin: 1px; max-width:540px; min-width:326px; padding:0; width:99.375%; width:-webkit-calc(100% - 2px); width:calc(100% - 2px);\"><div style=\"padding:16px;\"> <a href=\"https:\/\/www.instagram.com\/p\/C38vkFyNneq\/?utm_source=ig_embed&amp;utm_campaign=loading\" style=\" background:#FFFFFF; line-height:0; padding:0 0; text-align:center; text-decoration:none; width:100%;\" target=\"_blank\" rel=\"noopener\"> <div style=\" display: flex; flex-direction: row; align-items: center;\"> <div style=\"background-color: #F4F4F4; border-radius: 50%; flex-grow: 0; height: 40px; margin-right: 14px; width: 40px;\"><\/div> <div style=\"display: flex; flex-direction: column; flex-grow: 1; justify-content: center;\"> <div style=\" background-color: #F4F4F4; border-radius: 4px; flex-grow: 0; height: 14px; margin-bottom: 6px; width: 100px;\"><\/div> <div style=\" background-color: #F4F4F4; border-radius: 4px; flex-grow: 0; height: 14px; width: 60px;\"><\/div><\/div><\/div><div style=\"padding: 19% 0;\"><\/div> <div style=\"display:block; height:50px; margin:0 auto 12px; width:50px;\"><svg width=\"50px\" height=\"50px\" viewBox=\"0 0 60 60\" version=\"1.1\" xmlns=\"https:\/\/www.w3.org\/2000\/svg\" xmlns:xlink=\"https:\/\/www.w3.org\/1999\/xlink\"><g stroke=\"none\" stroke-width=\"1\" fill=\"none\" fill-rule=\"evenodd\"><g transform=\"translate(-511.000000, -20.000000)\" fill=\"#000000\"><g><path d=\"M556.869,30.41 C554.814,30.41 553.148,32.076 553.148,34.131 C553.148,36.186 554.814,37.852 556.869,37.852 C558.924,37.852 560.59,36.186 560.59,34.131 C560.59,32.076 558.924,30.41 556.869,30.41 M541,60.657 C535.114,60.657 530.342,55.887 530.342,50 C530.342,44.114 535.114,39.342 541,39.342 C546.887,39.342 551.658,44.114 551.658,50 C551.658,55.887 546.887,60.657 541,60.657 M541,33.886 C532.1,33.886 524.886,41.1 524.886,50 C524.886,58.899 532.1,66.113 541,66.113 C549.9,66.113 557.115,58.899 557.115,50 C557.115,41.1 549.9,33.886 541,33.886 M565.378,62.101 C565.244,65.022 564.756,66.606 564.346,67.663 C563.803,69.06 563.154,70.057 562.106,71.106 C561.058,72.155 560.06,72.803 558.662,73.347 C557.607,73.757 556.021,74.244 553.102,74.378 C549.944,74.521 548.997,74.552 541,74.552 C533.003,74.552 532.056,74.521 528.898,74.378 C525.979,74.244 524.393,73.757 523.338,73.347 C521.94,72.803 520.942,72.155 519.894,71.106 C518.846,70.057 518.197,69.06 517.654,67.663 C517.244,66.606 516.755,65.022 516.623,62.101 C516.479,58.943 516.448,57.996 516.448,50 C516.448,42.003 516.479,41.056 516.623,37.899 C516.755,34.978 517.244,33.391 517.654,32.338 C518.197,30.938 518.846,29.942 519.894,28.894 C520.942,27.846 521.94,27.196 523.338,26.654 C524.393,26.244 525.979,25.756 528.898,25.623 C532.057,25.479 533.004,25.448 541,25.448 C548.997,25.448 549.943,25.479 553.102,25.623 C556.021,25.756 557.607,26.244 558.662,26.654 C560.06,27.196 561.058,27.846 562.106,28.894 C563.154,29.942 563.803,30.938 564.346,32.338 C564.756,33.391 565.244,34.978 565.378,37.899 C565.522,41.056 565.552,42.003 565.552,50 C565.552,57.996 565.522,58.943 565.378,62.101 M570.82,37.631 C570.674,34.438 570.167,32.258 569.425,30.349 C568.659,28.377 567.633,26.702 565.965,25.035 C564.297,23.368 562.623,22.342 560.652,21.575 C558.743,20.834 556.562,20.326 553.369,20.18 C550.169,20.033 549.148,20 541,20 C532.853,20 531.831,20.033 528.631,20.18 C525.438,20.326 523.257,20.834 521.349,21.575 C519.376,22.342 517.703,23.368 516.035,25.035 C514.368,26.702 513.342,28.377 512.574,30.349 C511.834,32.258 511.326,34.438 511.181,37.631 C511.035,40.831 511,41.851 511,50 C511,58.147 511.035,59.17 511.181,62.369 C511.326,65.562 511.834,67.743 512.574,69.651 C513.342,71.625 514.368,73.296 516.035,74.965 C517.703,76.634 519.376,77.658 521.349,78.425 C523.257,79.167 525.438,79.673 528.631,79.82 C531.831,79.965 532.853,80.001 541,80.001 C549.148,80.001 550.169,79.965 553.369,79.82 C556.562,79.673 558.743,79.167 560.652,78.425 C562.623,77.658 564.297,76.634 565.965,74.965 C567.633,73.296 568.659,71.625 569.425,69.651 C570.167,67.743 570.674,65.562 570.82,62.369 C570.966,59.17 571,58.147 571,50 C571,41.851 570.966,40.831 570.82,37.631\"><\/path><\/g><\/g><\/g><\/svg><\/div><div style=\"padding-top: 8px;\"> <div style=\" color:#3897f0; font-family:Arial,sans-serif; font-size:14px; font-style:normal; font-weight:550; line-height:18px;\">Sieh dir diesen Beitrag auf Instagram an<\/div><\/div><div style=\"padding: 12.5% 0;\"><\/div> <div style=\"display: flex; flex-direction: row; margin-bottom: 14px; align-items: center;\"><div> <div style=\"background-color: #F4F4F4; border-radius: 50%; height: 12.5px; width: 12.5px; transform: translateX(0px) translateY(7px);\"><\/div> <div style=\"background-color: #F4F4F4; height: 12.5px; transform: rotate(-45deg) translateX(3px) translateY(1px); width: 12.5px; flex-grow: 0; margin-right: 14px; margin-left: 2px;\"><\/div> <div style=\"background-color: #F4F4F4; border-radius: 50%; height: 12.5px; width: 12.5px; transform: translateX(9px) translateY(-18px);\"><\/div><\/div><div style=\"margin-left: 8px;\"> <div style=\" background-color: #F4F4F4; border-radius: 50%; flex-grow: 0; height: 20px; width: 20px;\"><\/div> <div style=\" width: 0; height: 0; border-top: 2px solid transparent; border-left: 6px solid #f4f4f4; border-bottom: 2px solid transparent; transform: translateX(16px) translateY(-4px) rotate(30deg)\"><\/div><\/div><div style=\"margin-left: auto;\"> <div style=\" width: 0px; border-top: 8px solid #F4F4F4; border-right: 8px solid transparent; transform: translateY(16px);\"><\/div> <div style=\" background-color: #F4F4F4; flex-grow: 0; height: 12px; width: 16px; transform: translateY(-4px);\"><\/div> <div style=\" width: 0; height: 0; border-top: 8px solid #F4F4F4; border-left: 8px solid transparent; transform: translateY(-4px) translateX(8px);\"><\/div><\/div><\/div> <div style=\"display: flex; flex-direction: column; flex-grow: 1; justify-content: center; margin-bottom: 24px;\"> <div style=\" background-color: #F4F4F4; border-radius: 4px; flex-grow: 0; height: 14px; margin-bottom: 6px; width: 224px;\"><\/div> <div style=\" background-color: #F4F4F4; border-radius: 4px; flex-grow: 0; height: 14px; width: 144px;\"><\/div><\/div><\/a><p style=\" color:#c9c8cd; font-family:Arial,sans-serif; font-size:14px; line-height:17px; margin-bottom:0; margin-top:8px; overflow:hidden; padding:8px 0 7px; text-align:center; text-overflow:ellipsis; white-space:nowrap;\"><a href=\"https:\/\/www.instagram.com\/p\/C38vkFyNneq\/?utm_source=ig_embed&amp;utm_campaign=loading\" style=\" color:#c9c8cd; font-family:Arial,sans-serif; font-size:14px; font-style:normal; font-weight:normal; line-height:17px; text-decoration:none;\" target=\"_blank\" rel=\"noopener\">Ein Beitrag geteilt von TURBOBIER (@turbobier)<\/a><\/p><\/div><\/blockquote> <script async src=\"\/\/www.instagram.com\/embed.js\"><\/script>\n\n\n\n<h2 class=\"wp-block-heading\" id=\"h-fruhlingsgluck-im-marz-in-klagenfurt-nbsp-am-worthersee\">Fr\u00fchlingsgl\u00fcck im M\u00e4rz in Klagenfurt&nbsp;am W\u00f6rthersee<\/h2>\n\n\n\n<p>Schwei\u00dftreibender Hindernislauf, fantastische Dschungel-Action oder faszinierende Ozean-Abenteuer. Der M\u00e4rz in Klagenfurt am W\u00f6rthersee kann die Vorfreude auf die warme Jahreszeit kaum mehr verbergen.&nbsp;<\/p>\n\n\n\n<p>Auch musikalisch ist einiges los, etwa bei einem feucht-fr\u00f6hlichen Konzert von Turbobier oder bei Spilif, dem aufsteigenden Stern am heimischen Hip-Hop-Himmel. Au\u00dferdem gibt es den gr\u00f6\u00dften Ostermarkt der Alpen-Adria Region und f\u00fcnf Tage geballte Gitarren-Power.<\/p>\n\n\n\n<p>Wir w\u00fcnschen viel Spa\u00df bei den Events und Veranstaltungen im M\u00e4rz in Klagenfurt am W\u00f6rthersee.<\/p>\n","protected":false},"excerpt":{"rendered":"<p>Herausfordernder Hindernisparcours, eleganter Hip-Hop und staatstragender Punk made in Austria oder das gr\u00f6\u00dfte Osternest der Welt. Der M\u00e4rz bringt in Klagenfurt am W\u00f6rthersee nicht nur die ersten Fr\u00fchlingsgef\u00fchle, sondern vor allem jede Menge Abwechslung in der Freizeitgestaltung.<\/p>\n","protected":false},"author":27,"featured_media":47925,"comment_status":"closed","ping_status":"closed","sticky":false,"template":"","format":"standard","meta":{"footnotes":""},"categories":[17],"tags":[745,23],"class_list":["post-61550","post","type-post","status-publish","format-standard","has-post-thumbnail","hentry","category-urlaub-freizeit","tag-events","tag-urlaub-und-freizeit"],"yoast_head":"<!-- This site is optimized with the Yoast SEO plugin v27.5 - https:\/\/yoast.com\/product\/yoast-seo-wordpress\/ -->\n<title>Events &amp; Veranstaltungen in Klagenfurt: M\u00e4rz 2024 | visitklagenfurt<\/title>\n<meta name=\"description\" content=\"Entdecke alle Events &amp; Veranstaltungen im M\u00e4rz in Klagenfurt: Von Sport, Musik, Film, Kulinarik &amp; Osterm\u00e4rkte ist f\u00fcr alle etwas dabei!\" \/>\n<meta name=\"robots\" content=\"index, follow, max-snippet:-1, max-image-preview:large, max-video-preview:-1\" \/>\n<link rel=\"canonical\" href=\"https:\/\/www.visitklagenfurt.at\/de\/blog\/urlaub-freizeit\/veranstaltungen-maerz-2024-klagenfurt\/\" \/>\n<meta property=\"og:locale\" content=\"de_DE\" \/>\n<meta property=\"og:type\" content=\"article\" \/>\n<meta property=\"og:title\" content=\"Events &amp; Veranstaltungen in Klagenfurt: M\u00e4rz 2024 | visitklagenfurt\" \/>\n<meta property=\"og:description\" content=\"Entdecke alle Events &amp; Veranstaltungen im M\u00e4rz in Klagenfurt: Von Sport, Musik, Film, Kulinarik &amp; Osterm\u00e4rkte ist f\u00fcr alle etwas dabei!\" \/>\n<meta property=\"og:url\" content=\"https:\/\/www.visitklagenfurt.at\/de\/blog\/urlaub-freizeit\/veranstaltungen-maerz-2024-klagenfurt\/\" \/>\n<meta property=\"og:site_name\" content=\"visitklagenfurt\" \/>\n<meta property=\"article:published_time\" content=\"2024-02-26T13:16:42+00:00\" \/>\n<meta property=\"article:modified_time\" content=\"2024-03-05T09:34:03+00:00\" \/>\n<meta property=\"og:image\" content=\"https:\/\/www.visitklagenfurt.at\/wp-content\/uploads\/2022\/12\/ostermarkt_ostern_2022_c-lukas_lenhardt_55_jpg-web.jpeg\" \/>\n\t<meta property=\"og:image:width\" content=\"2048\" \/>\n\t<meta property=\"og:image:height\" content=\"1372\" \/>\n\t<meta property=\"og:image:type\" content=\"image\/jpeg\" \/>\n<meta name=\"author\" content=\"Simon Martinschitz\" \/>\n<meta name=\"twitter:card\" content=\"summary_large_image\" \/>\n<meta name=\"twitter:label1\" content=\"Verfasst von\" \/>\n\t<meta name=\"twitter:data1\" content=\"Simon Martinschitz\" \/>\n\t<meta name=\"twitter:label2\" content=\"Gesch\u00e4tzte Lesezeit\" \/>\n\t<meta name=\"twitter:data2\" content=\"6\u00a0Minuten\" \/>\n<script type=\"application\/ld+json\" class=\"yoast-schema-graph\">{\"@context\":\"https:\\\/\\\/schema.org\",\"@graph\":[{\"@type\":\"Article\",\"@id\":\"https:\\\/\\\/www.visitklagenfurt.at\\\/de\\\/blog\\\/urlaub-freizeit\\\/veranstaltungen-maerz-2024-klagenfurt\\\/#article\",\"isPartOf\":{\"@id\":\"https:\\\/\\\/www.visitklagenfurt.at\\\/de\\\/blog\\\/urlaub-freizeit\\\/veranstaltungen-maerz-2024-klagenfurt\\\/\"},\"author\":{\"name\":\"Simon Martinschitz\",\"@id\":\"https:\\\/\\\/www.visitklagenfurt.at\\\/de\\\/#\\\/schema\\\/person\\\/7a9c6bc8d10c35a61c7a91c28742c063\"},\"headline\":\"Events und Veranstaltungstipps im M\u00e4rz in Klagenfurt am W\u00f6rthersee\",\"datePublished\":\"2024-02-26T13:16:42+00:00\",\"dateModified\":\"2024-03-05T09:34:03+00:00\",\"mainEntityOfPage\":{\"@id\":\"https:\\\/\\\/www.visitklagenfurt.at\\\/de\\\/blog\\\/urlaub-freizeit\\\/veranstaltungen-maerz-2024-klagenfurt\\\/\"},\"wordCount\":1153,\"publisher\":{\"@id\":\"https:\\\/\\\/www.visitklagenfurt.at\\\/de\\\/#organization\"},\"image\":{\"@id\":\"https:\\\/\\\/www.visitklagenfurt.at\\\/de\\\/blog\\\/urlaub-freizeit\\\/veranstaltungen-maerz-2024-klagenfurt\\\/#primaryimage\"},\"thumbnailUrl\":\"https:\\\/\\\/www.visitklagenfurt.at\\\/wp-content\\\/uploads\\\/2022\\\/12\\\/ostermarkt_ostern_2022_c-lukas_lenhardt_55_jpg-web.jpeg\",\"keywords\":[\"Events\",\"Urlaub &amp; Freizeit\"],\"articleSection\":[\"Urlaub &amp; Freizeit\"],\"inLanguage\":\"de\"},{\"@type\":\"WebPage\",\"@id\":\"https:\\\/\\\/www.visitklagenfurt.at\\\/de\\\/blog\\\/urlaub-freizeit\\\/veranstaltungen-maerz-2024-klagenfurt\\\/\",\"url\":\"https:\\\/\\\/www.visitklagenfurt.at\\\/de\\\/blog\\\/urlaub-freizeit\\\/veranstaltungen-maerz-2024-klagenfurt\\\/\",\"name\":\"Events & Veranstaltungen in Klagenfurt: M\u00e4rz 2024 | visitklagenfurt\",\"isPartOf\":{\"@id\":\"https:\\\/\\\/www.visitklagenfurt.at\\\/de\\\/#website\"},\"primaryImageOfPage\":{\"@id\":\"https:\\\/\\\/www.visitklagenfurt.at\\\/de\\\/blog\\\/urlaub-freizeit\\\/veranstaltungen-maerz-2024-klagenfurt\\\/#primaryimage\"},\"image\":{\"@id\":\"https:\\\/\\\/www.visitklagenfurt.at\\\/de\\\/blog\\\/urlaub-freizeit\\\/veranstaltungen-maerz-2024-klagenfurt\\\/#primaryimage\"},\"thumbnailUrl\":\"https:\\\/\\\/www.visitklagenfurt.at\\\/wp-content\\\/uploads\\\/2022\\\/12\\\/ostermarkt_ostern_2022_c-lukas_lenhardt_55_jpg-web.jpeg\",\"datePublished\":\"2024-02-26T13:16:42+00:00\",\"dateModified\":\"2024-03-05T09:34:03+00:00\",\"description\":\"Entdecke alle Events & Veranstaltungen im M\u00e4rz in Klagenfurt: Von Sport, Musik, Film, Kulinarik & Osterm\u00e4rkte ist f\u00fcr alle etwas dabei!\",\"breadcrumb\":{\"@id\":\"https:\\\/\\\/www.visitklagenfurt.at\\\/de\\\/blog\\\/urlaub-freizeit\\\/veranstaltungen-maerz-2024-klagenfurt\\\/#breadcrumb\"},\"inLanguage\":\"de\",\"potentialAction\":[{\"@type\":\"ReadAction\",\"target\":[\"https:\\\/\\\/www.visitklagenfurt.at\\\/de\\\/blog\\\/urlaub-freizeit\\\/veranstaltungen-maerz-2024-klagenfurt\\\/\"]}]},{\"@type\":\"ImageObject\",\"inLanguage\":\"de\",\"@id\":\"https:\\\/\\\/www.visitklagenfurt.at\\\/de\\\/blog\\\/urlaub-freizeit\\\/veranstaltungen-maerz-2024-klagenfurt\\\/#primaryimage\",\"url\":\"https:\\\/\\\/www.visitklagenfurt.at\\\/wp-content\\\/uploads\\\/2022\\\/12\\\/ostermarkt_ostern_2022_c-lukas_lenhardt_55_jpg-web.jpeg\",\"contentUrl\":\"https:\\\/\\\/www.visitklagenfurt.at\\\/wp-content\\\/uploads\\\/2022\\\/12\\\/ostermarkt_ostern_2022_c-lukas_lenhardt_55_jpg-web.jpeg\",\"width\":2048,\"height\":1372,\"caption\":\"(c) Lukas Lenhardt\"},{\"@type\":\"BreadcrumbList\",\"@id\":\"https:\\\/\\\/www.visitklagenfurt.at\\\/de\\\/blog\\\/urlaub-freizeit\\\/veranstaltungen-maerz-2024-klagenfurt\\\/#breadcrumb\",\"itemListElement\":[{\"@type\":\"ListItem\",\"position\":1,\"name\":\"visitklagenfurt\",\"item\":\"https:\\\/\\\/www.visitklagenfurt.at\\\/de\\\/\"},{\"@type\":\"ListItem\",\"position\":2,\"name\":\"Blog\",\"item\":\"https:\\\/\\\/www.visitklagenfurt.at\\\/de\\\/category\\\/blog\\\/\"},{\"@type\":\"ListItem\",\"position\":3,\"name\":\"Urlaub &amp; Freizeit\",\"item\":\"https:\\\/\\\/www.visitklagenfurt.at\\\/de\\\/category\\\/blog\\\/urlaub-freizeit\\\/\"},{\"@type\":\"ListItem\",\"position\":4,\"name\":\"Events und Veranstaltungstipps im M\u00e4rz in Klagenfurt am W\u00f6rthersee\"}]},{\"@type\":\"WebSite\",\"@id\":\"https:\\\/\\\/www.visitklagenfurt.at\\\/de\\\/#website\",\"url\":\"https:\\\/\\\/www.visitklagenfurt.at\\\/de\\\/\",\"name\":\"visitklagenfurt\",\"description\":\"\",\"publisher\":{\"@id\":\"https:\\\/\\\/www.visitklagenfurt.at\\\/de\\\/#organization\"},\"potentialAction\":[{\"@type\":\"SearchAction\",\"target\":{\"@type\":\"EntryPoint\",\"urlTemplate\":\"https:\\\/\\\/www.visitklagenfurt.at\\\/de\\\/?s={search_term_string}\"},\"query-input\":{\"@type\":\"PropertyValueSpecification\",\"valueRequired\":true,\"valueName\":\"search_term_string\"}}],\"inLanguage\":\"de\"},{\"@type\":\"Organization\",\"@id\":\"https:\\\/\\\/www.visitklagenfurt.at\\\/de\\\/#organization\",\"name\":\"Tourismus Region Klagenfurt am W\u00f6rthersee GmbH\",\"url\":\"https:\\\/\\\/www.visitklagenfurt.at\\\/de\\\/\",\"logo\":{\"@type\":\"ImageObject\",\"inLanguage\":\"de\",\"@id\":\"https:\\\/\\\/www.visitklagenfurt.at\\\/de\\\/#\\\/schema\\\/logo\\\/image\\\/\",\"url\":\"https:\\\/\\\/www.visitklagenfurt.at\\\/wp-content\\\/uploads\\\/2022\\\/03\\\/DT_K_Klagenfurt_S_RGB.png\",\"contentUrl\":\"https:\\\/\\\/www.visitklagenfurt.at\\\/wp-content\\\/uploads\\\/2022\\\/03\\\/DT_K_Klagenfurt_S_RGB.png\",\"width\":2082,\"height\":1511,\"caption\":\"Tourismus Region Klagenfurt am W\u00f6rthersee GmbH\"},\"image\":{\"@id\":\"https:\\\/\\\/www.visitklagenfurt.at\\\/de\\\/#\\\/schema\\\/logo\\\/image\\\/\"}},{\"@type\":\"Person\",\"@id\":\"https:\\\/\\\/www.visitklagenfurt.at\\\/de\\\/#\\\/schema\\\/person\\\/7a9c6bc8d10c35a61c7a91c28742c063\",\"name\":\"Simon Martinschitz\",\"image\":{\"@type\":\"ImageObject\",\"inLanguage\":\"de\",\"@id\":\"https:\\\/\\\/www.visitklagenfurt.at\\\/wp-content\\\/uploads\\\/2021\\\/05\\\/simon_martinschitz.jpg\",\"url\":\"https:\\\/\\\/www.visitklagenfurt.at\\\/wp-content\\\/uploads\\\/2021\\\/05\\\/simon_martinschitz.jpg\",\"contentUrl\":\"https:\\\/\\\/www.visitklagenfurt.at\\\/wp-content\\\/uploads\\\/2021\\\/05\\\/simon_martinschitz.jpg\",\"caption\":\"Simon Martinschitz\"},\"description\":\"Geboren in Villach, aufgewachsen im Gailtal. Zwischen Bachforellen &amp; Haselnussstauden. Studium der Kulturwissenschaften in Klagenfurt, Bilbao und Florenz. Zwischen kritischer Theorie &amp; Aperitivo. Texter und Kulturarbeiter in der freien K\u00e4rntner Szene. Zwischen Front Page &amp; Back Stage. Wortjongleur. Schauspieler. Musiker. Und \u00fcberzeugter Europ\u00e4er. Mit einer Schw\u00e4che f\u00fcr Brettljausen und Pintxos. Zwischen denen ich mich nicht entscheiden m\u00fcssen m\u00f6chte.\",\"sameAs\":[\"https:\\\/\\\/martinschitz.at\\\/\"],\"url\":\"https:\\\/\\\/www.visitklagenfurt.at\\\/de\\\/author\\\/simon_martinschitz\\\/\"}]}<\/script>\n<!-- \/ Yoast SEO plugin. -->","yoast_head_json":{"title":"Events & Veranstaltungen in Klagenfurt: M\u00e4rz 2024 | visitklagenfurt","description":"Entdecke alle Events & Veranstaltungen im M\u00e4rz in Klagenfurt: Von Sport, Musik, Film, Kulinarik & Osterm\u00e4rkte ist f\u00fcr alle etwas dabei!","robots":{"index":"index","follow":"follow","max-snippet":"max-snippet:-1","max-image-preview":"max-image-preview:large","max-video-preview":"max-video-preview:-1"},"canonical":"https:\/\/www.visitklagenfurt.at\/de\/blog\/urlaub-freizeit\/veranstaltungen-maerz-2024-klagenfurt\/","og_locale":"de_DE","og_type":"article","og_title":"Events & Veranstaltungen in Klagenfurt: M\u00e4rz 2024 | visitklagenfurt","og_description":"Entdecke alle Events & Veranstaltungen im M\u00e4rz in Klagenfurt: Von Sport, Musik, Film, Kulinarik & Osterm\u00e4rkte ist f\u00fcr alle etwas dabei!","og_url":"https:\/\/www.visitklagenfurt.at\/de\/blog\/urlaub-freizeit\/veranstaltungen-maerz-2024-klagenfurt\/","og_site_name":"visitklagenfurt","article_published_time":"2024-02-26T13:16:42+00:00","article_modified_time":"2024-03-05T09:34:03+00:00","og_image":[{"width":2048,"height":1372,"url":"https:\/\/www.visitklagenfurt.at\/wp-content\/uploads\/2022\/12\/ostermarkt_ostern_2022_c-lukas_lenhardt_55_jpg-web.jpeg","type":"image\/jpeg"}],"author":"Simon Martinschitz","twitter_card":"summary_large_image","twitter_misc":{"Verfasst von":"Simon Martinschitz","Gesch\u00e4tzte Lesezeit":"6\u00a0Minuten"},"schema":{"@context":"https:\/\/schema.org","@graph":[{"@type":"Article","@id":"https:\/\/www.visitklagenfurt.at\/de\/blog\/urlaub-freizeit\/veranstaltungen-maerz-2024-klagenfurt\/#article","isPartOf":{"@id":"https:\/\/www.visitklagenfurt.at\/de\/blog\/urlaub-freizeit\/veranstaltungen-maerz-2024-klagenfurt\/"},"author":{"name":"Simon Martinschitz","@id":"https:\/\/www.visitklagenfurt.at\/de\/#\/schema\/person\/7a9c6bc8d10c35a61c7a91c28742c063"},"headline":"Events und Veranstaltungstipps im M\u00e4rz in Klagenfurt am W\u00f6rthersee","datePublished":"2024-02-26T13:16:42+00:00","dateModified":"2024-03-05T09:34:03+00:00","mainEntityOfPage":{"@id":"https:\/\/www.visitklagenfurt.at\/de\/blog\/urlaub-freizeit\/veranstaltungen-maerz-2024-klagenfurt\/"},"wordCount":1153,"publisher":{"@id":"https:\/\/www.visitklagenfurt.at\/de\/#organization"},"image":{"@id":"https:\/\/www.visitklagenfurt.at\/de\/blog\/urlaub-freizeit\/veranstaltungen-maerz-2024-klagenfurt\/#primaryimage"},"thumbnailUrl":"https:\/\/www.visitklagenfurt.at\/wp-content\/uploads\/2022\/12\/ostermarkt_ostern_2022_c-lukas_lenhardt_55_jpg-web.jpeg","keywords":["Events","Urlaub &amp; Freizeit"],"articleSection":["Urlaub &amp; Freizeit"],"inLanguage":"de"},{"@type":"WebPage","@id":"https:\/\/www.visitklagenfurt.at\/de\/blog\/urlaub-freizeit\/veranstaltungen-maerz-2024-klagenfurt\/","url":"https:\/\/www.visitklagenfurt.at\/de\/blog\/urlaub-freizeit\/veranstaltungen-maerz-2024-klagenfurt\/","name":"Events & Veranstaltungen in Klagenfurt: M\u00e4rz 2024 | visitklagenfurt","isPartOf":{"@id":"https:\/\/www.visitklagenfurt.at\/de\/#website"},"primaryImageOfPage":{"@id":"https:\/\/www.visitklagenfurt.at\/de\/blog\/urlaub-freizeit\/veranstaltungen-maerz-2024-klagenfurt\/#primaryimage"},"image":{"@id":"https:\/\/www.visitklagenfurt.at\/de\/blog\/urlaub-freizeit\/veranstaltungen-maerz-2024-klagenfurt\/#primaryimage"},"thumbnailUrl":"https:\/\/www.visitklagenfurt.at\/wp-content\/uploads\/2022\/12\/ostermarkt_ostern_2022_c-lukas_lenhardt_55_jpg-web.jpeg","datePublished":"2024-02-26T13:16:42+00:00","dateModified":"2024-03-05T09:34:03+00:00","description":"Entdecke alle Events & Veranstaltungen im M\u00e4rz in Klagenfurt: Von Sport, Musik, Film, Kulinarik & Osterm\u00e4rkte ist f\u00fcr alle etwas dabei!","breadcrumb":{"@id":"https:\/\/www.visitklagenfurt.at\/de\/blog\/urlaub-freizeit\/veranstaltungen-maerz-2024-klagenfurt\/#breadcrumb"},"inLanguage":"de","potentialAction":[{"@type":"ReadAction","target":["https:\/\/www.visitklagenfurt.at\/de\/blog\/urlaub-freizeit\/veranstaltungen-maerz-2024-klagenfurt\/"]}]},{"@type":"ImageObject","inLanguage":"de","@id":"https:\/\/www.visitklagenfurt.at\/de\/blog\/urlaub-freizeit\/veranstaltungen-maerz-2024-klagenfurt\/#primaryimage","url":"https:\/\/www.visitklagenfurt.at\/wp-content\/uploads\/2022\/12\/ostermarkt_ostern_2022_c-lukas_lenhardt_55_jpg-web.jpeg","contentUrl":"https:\/\/www.visitklagenfurt.at\/wp-content\/uploads\/2022\/12\/ostermarkt_ostern_2022_c-lukas_lenhardt_55_jpg-web.jpeg","width":2048,"height":1372,"caption":"(c) Lukas Lenhardt"},{"@type":"BreadcrumbList","@id":"https:\/\/www.visitklagenfurt.at\/de\/blog\/urlaub-freizeit\/veranstaltungen-maerz-2024-klagenfurt\/#breadcrumb","itemListElement":[{"@type":"ListItem","position":1,"name":"visitklagenfurt","item":"https:\/\/www.visitklagenfurt.at\/de\/"},{"@type":"ListItem","position":2,"name":"Blog","item":"https:\/\/www.visitklagenfurt.at\/de\/category\/blog\/"},{"@type":"ListItem","position":3,"name":"Urlaub &amp; Freizeit","item":"https:\/\/www.visitklagenfurt.at\/de\/category\/blog\/urlaub-freizeit\/"},{"@type":"ListItem","position":4,"name":"Events und Veranstaltungstipps im M\u00e4rz in Klagenfurt am W\u00f6rthersee"}]},{"@type":"WebSite","@id":"https:\/\/www.visitklagenfurt.at\/de\/#website","url":"https:\/\/www.visitklagenfurt.at\/de\/","name":"visitklagenfurt","description":"","publisher":{"@id":"https:\/\/www.visitklagenfurt.at\/de\/#organization"},"potentialAction":[{"@type":"SearchAction","target":{"@type":"EntryPoint","urlTemplate":"https:\/\/www.visitklagenfurt.at\/de\/?s={search_term_string}"},"query-input":{"@type":"PropertyValueSpecification","valueRequired":true,"valueName":"search_term_string"}}],"inLanguage":"de"},{"@type":"Organization","@id":"https:\/\/www.visitklagenfurt.at\/de\/#organization","name":"Tourismus Region Klagenfurt am W\u00f6rthersee GmbH","url":"https:\/\/www.visitklagenfurt.at\/de\/","logo":{"@type":"ImageObject","inLanguage":"de","@id":"https:\/\/www.visitklagenfurt.at\/de\/#\/schema\/logo\/image\/","url":"https:\/\/www.visitklagenfurt.at\/wp-content\/uploads\/2022\/03\/DT_K_Klagenfurt_S_RGB.png","contentUrl":"https:\/\/www.visitklagenfurt.at\/wp-content\/uploads\/2022\/03\/DT_K_Klagenfurt_S_RGB.png","width":2082,"height":1511,"caption":"Tourismus Region Klagenfurt am W\u00f6rthersee GmbH"},"image":{"@id":"https:\/\/www.visitklagenfurt.at\/de\/#\/schema\/logo\/image\/"}},{"@type":"Person","@id":"https:\/\/www.visitklagenfurt.at\/de\/#\/schema\/person\/7a9c6bc8d10c35a61c7a91c28742c063","name":"Simon Martinschitz","image":{"@type":"ImageObject","inLanguage":"de","@id":"https:\/\/www.visitklagenfurt.at\/wp-content\/uploads\/2021\/05\/simon_martinschitz.jpg","url":"https:\/\/www.visitklagenfurt.at\/wp-content\/uploads\/2021\/05\/simon_martinschitz.jpg","contentUrl":"https:\/\/www.visitklagenfurt.at\/wp-content\/uploads\/2021\/05\/simon_martinschitz.jpg","caption":"Simon Martinschitz"},"description":"Geboren in Villach, aufgewachsen im Gailtal. Zwischen Bachforellen &amp; Haselnussstauden. Studium der Kulturwissenschaften in Klagenfurt, Bilbao und Florenz. Zwischen kritischer Theorie &amp; Aperitivo. Texter und Kulturarbeiter in der freien K\u00e4rntner Szene. Zwischen Front Page &amp; Back Stage. Wortjongleur. Schauspieler. Musiker. Und \u00fcberzeugter Europ\u00e4er. Mit einer Schw\u00e4che f\u00fcr Brettljausen und Pintxos. Zwischen denen ich mich nicht entscheiden m\u00fcssen m\u00f6chte.","sameAs":["https:\/\/martinschitz.at\/"],"url":"https:\/\/www.visitklagenfurt.at\/de\/author\/simon_martinschitz\/"}]}},"_links":{"self":[{"href":"https:\/\/www.visitklagenfurt.at\/de\/wp-json\/wp\/v2\/posts\/61550","targetHints":{"allow":["GET"]}}],"collection":[{"href":"https:\/\/www.visitklagenfurt.at\/de\/wp-json\/wp\/v2\/posts"}],"about":[{"href":"https:\/\/www.visitklagenfurt.at\/de\/wp-json\/wp\/v2\/types\/post"}],"author":[{"embeddable":true,"href":"https:\/\/www.visitklagenfurt.at\/de\/wp-json\/wp\/v2\/users\/27"}],"replies":[{"embeddable":true,"href":"https:\/\/www.visitklagenfurt.at\/de\/wp-json\/wp\/v2\/comments?post=61550"}],"version-history":[{"count":7,"href":"https:\/\/www.visitklagenfurt.at\/de\/wp-json\/wp\/v2\/posts\/61550\/revisions"}],"predecessor-version":[{"id":61600,"href":"https:\/\/www.visitklagenfurt.at\/de\/wp-json\/wp\/v2\/posts\/61550\/revisions\/61600"}],"wp:featuredmedia":[{"embeddable":true,"href":"https:\/\/www.visitklagenfurt.at\/de\/wp-json\/wp\/v2\/media\/47925"}],"wp:attachment":[{"href":"https:\/\/www.visitklagenfurt.at\/de\/wp-json\/wp\/v2\/media?parent=61550"}],"wp:term":[{"taxonomy":"category","embeddable":true,"href":"https:\/\/www.visitklagenfurt.at\/de\/wp-json\/wp\/v2\/categories?post=61550"},{"taxonomy":"post_tag","embeddable":true,"href":"https:\/\/www.visitklagenfurt.at\/de\/wp-json\/wp\/v2\/tags?post=61550"}],"curies":[{"name":"wp","href":"https:\/\/api.w.org\/{rel}","templated":true}]}}