{"id":70387,"date":"2024-10-07T11:10:46","date_gmt":"2024-10-07T09:10:46","guid":{"rendered":"https:\/\/www.visitklagenfurt.at\/?p=70387"},"modified":"2024-10-21T15:15:32","modified_gmt":"2024-10-21T13:15:32","slug":"kulinarischer-herbst","status":"publish","type":"post","link":"https:\/\/www.visitklagenfurt.at\/de\/blog\/essen-trinken\/kulinarischer-herbst\/","title":{"rendered":"Kulinarische Spezialit\u00e4ten, die ihr im Herbst in Klagenfurt am W\u00f6rthersee probiert haben m\u00fcsst"},"content":{"rendered":"\n<p>Die Schatten werden zwar l\u00e4nger, das aromatische Spektakel im K\u00e4rntner Kulinarik-Herbst ist allerdings kurzweilig und kontrastreich wie das Bl\u00e4tterdach der B\u00e4ume am Kreuzbergl. Ob frisches <strong>Wildbret vom Hirsch, Reh oder Wildschwein, K\u00fcrbiskern\u00f6l, Pilze und Schwammerln oder erdiges Herbstgem\u00fcse<\/strong> in vielen verschiedenen Farben und Formen machen diese Jahreszeit zu einem echten Geschmackserlebnis.<\/p>\n\n\n\n<p>Nebenbei sorgt die Zeit der Weinlese nicht nur f\u00fcr ein stimmungsvolles Ambiente in den <a href=\"https:\/\/www.visitklagenfurt.at\/de\/blog\/essen-trinken\/weinland-kaernten-die-ganz-besonderen-tropfen\/\">K\u00e4rntner Weinbergen<\/a>, sondern steigert auch die Vorfreude auf den kommenden Jahrgang. Derweil sind die Weinkeller der heimischen Winzer gut best\u00fcckt und auch f\u00fcr einen hochprozentigen Abschluss eines herbstlichen Men\u00fcs mit echten K\u00e4rntner Wildkr\u00e4utern ist bestens gesorgt.<\/p>\n\n\n\n<p>Was ihr bei eurem Streifzug durch den <strong>kulinarischen Herbst in K\u00e4rnten <\/strong>unbedingt probieren solltet, das haben wir hier f\u00fcr euch herausgepickt.<\/p>\n\n\n\n<h2 class=\"wp-block-heading\" id=\"h-alles-vom-kurbis\">Alles vom K\u00fcrbis<\/h2>\n\n\n\n<p>Kaum ein anderes Gew\u00e4chs steht symbolisch so stellvertretend f\u00fcr den Herbst wie der K\u00fcrbis. Deshalb ist ihm hier auch ein eigener Absatz gewidmet. Ob Butternut, Hokkaido oder Patisson und von der <strong>Suppe, geschmort oder gef\u00fcllt und eingelegt<\/strong>: Der K\u00fcrbis ist ein echter Allrounder und geh\u00f6rt zur Herbstkulinarik einfach dazu.<\/p>\n\n\n\n<p>Aus den Samen des \u00d6lk\u00fcrbis\u2018 l\u00e4sst sich nicht nur in der <strong>Steiermark erstklassiges Kern\u00f6l <\/strong>pressen. Die Pumpazona (K\u00fcrbis, Anm.) gedeihen n\u00e4mlich auch in K\u00e4rnten hervorragend und demnach bekommt man diese regionale Spezialit\u00e4t auch hierzulande direkt vom Bauern. Anstatt die <strong>Kerne <\/strong>zu pressen, k\u00f6nnen sie aber auch<strong> ger\u00f6stet, gesalzen oder mit Schokolade \u00fcberzogen <\/strong>und als gesunder Snack f\u00fcr zwischendurch geknabbert werden.<\/p>\n\n\n\n<p>Ganze K\u00fcrbisse bekommt man in Klagenfurt am <a href=\"https:\/\/www.visitklagenfurt.at\/de\/essen-und-trinken\/maerkte\/benediktinermarkt\/\">Benediktinermarkt<\/a> und an den Wochenm\u00e4rkten in Waidmannsdorf, Viktring oder in der Lidmanskygasse. Bestes K\u00e4rntner K\u00fcrbiskern\u00f6l und Knabberkerne findet man ab Hof etwa beim <a href=\"https:\/\/www.knafl.org\/\">Bauernhof Knafl<\/a> in Maria Saal. Wer sich den K\u00fcrbis lieber direkt auf den Teller bestellt, wird mit Sicherheit in einem der vielen Alpen-Adria Restaurants in Klagenfurt f\u00fcndig.<\/p>\n\n\n\n<blockquote class=\"instagram-media\" data-instgrm-permalink=\"https:\/\/www.instagram.com\/p\/DA7zjC2uCXv\/?utm_source=ig_embed&amp;utm_campaign=loading\" data-instgrm-version=\"14\" style=\" background:#FFF; border:0; border-radius:3px; box-shadow:0 0 1px 0 rgba(0,0,0,0.5),0 1px 10px 0 rgba(0,0,0,0.15); margin: 1px; max-width:540px; min-width:326px; padding:0; width:99.375%; width:-webkit-calc(100% - 2px); width:calc(100% - 2px);\"><div style=\"padding:16px;\"> <a href=\"https:\/\/www.instagram.com\/p\/DA7zjC2uCXv\/?utm_source=ig_embed&amp;utm_campaign=loading\" style=\" background:#FFFFFF; line-height:0; padding:0 0; text-align:center; text-decoration:none; width:100%;\" target=\"_blank\" rel=\"noopener\"> <div style=\" display: flex; flex-direction: row; align-items: center;\"> <div style=\"background-color: #F4F4F4; border-radius: 50%; flex-grow: 0; height: 40px; margin-right: 14px; width: 40px;\"><\/div> <div style=\"display: flex; flex-direction: column; flex-grow: 1; justify-content: center;\"> <div style=\" background-color: #F4F4F4; border-radius: 4px; flex-grow: 0; height: 14px; margin-bottom: 6px; width: 100px;\"><\/div> <div style=\" background-color: #F4F4F4; border-radius: 4px; flex-grow: 0; height: 14px; width: 60px;\"><\/div><\/div><\/div><div style=\"padding: 19% 0;\"><\/div> <div style=\"display:block; height:50px; margin:0 auto 12px; width:50px;\"><svg width=\"50px\" height=\"50px\" viewBox=\"0 0 60 60\" version=\"1.1\" xmlns=\"https:\/\/www.w3.org\/2000\/svg\" xmlns:xlink=\"https:\/\/www.w3.org\/1999\/xlink\"><g stroke=\"none\" stroke-width=\"1\" fill=\"none\" fill-rule=\"evenodd\"><g transform=\"translate(-511.000000, -20.000000)\" fill=\"#000000\"><g><path d=\"M556.869,30.41 C554.814,30.41 553.148,32.076 553.148,34.131 C553.148,36.186 554.814,37.852 556.869,37.852 C558.924,37.852 560.59,36.186 560.59,34.131 C560.59,32.076 558.924,30.41 556.869,30.41 M541,60.657 C535.114,60.657 530.342,55.887 530.342,50 C530.342,44.114 535.114,39.342 541,39.342 C546.887,39.342 551.658,44.114 551.658,50 C551.658,55.887 546.887,60.657 541,60.657 M541,33.886 C532.1,33.886 524.886,41.1 524.886,50 C524.886,58.899 532.1,66.113 541,66.113 C549.9,66.113 557.115,58.899 557.115,50 C557.115,41.1 549.9,33.886 541,33.886 M565.378,62.101 C565.244,65.022 564.756,66.606 564.346,67.663 C563.803,69.06 563.154,70.057 562.106,71.106 C561.058,72.155 560.06,72.803 558.662,73.347 C557.607,73.757 556.021,74.244 553.102,74.378 C549.944,74.521 548.997,74.552 541,74.552 C533.003,74.552 532.056,74.521 528.898,74.378 C525.979,74.244 524.393,73.757 523.338,73.347 C521.94,72.803 520.942,72.155 519.894,71.106 C518.846,70.057 518.197,69.06 517.654,67.663 C517.244,66.606 516.755,65.022 516.623,62.101 C516.479,58.943 516.448,57.996 516.448,50 C516.448,42.003 516.479,41.056 516.623,37.899 C516.755,34.978 517.244,33.391 517.654,32.338 C518.197,30.938 518.846,29.942 519.894,28.894 C520.942,27.846 521.94,27.196 523.338,26.654 C524.393,26.244 525.979,25.756 528.898,25.623 C532.057,25.479 533.004,25.448 541,25.448 C548.997,25.448 549.943,25.479 553.102,25.623 C556.021,25.756 557.607,26.244 558.662,26.654 C560.06,27.196 561.058,27.846 562.106,28.894 C563.154,29.942 563.803,30.938 564.346,32.338 C564.756,33.391 565.244,34.978 565.378,37.899 C565.522,41.056 565.552,42.003 565.552,50 C565.552,57.996 565.522,58.943 565.378,62.101 M570.82,37.631 C570.674,34.438 570.167,32.258 569.425,30.349 C568.659,28.377 567.633,26.702 565.965,25.035 C564.297,23.368 562.623,22.342 560.652,21.575 C558.743,20.834 556.562,20.326 553.369,20.18 C550.169,20.033 549.148,20 541,20 C532.853,20 531.831,20.033 528.631,20.18 C525.438,20.326 523.257,20.834 521.349,21.575 C519.376,22.342 517.703,23.368 516.035,25.035 C514.368,26.702 513.342,28.377 512.574,30.349 C511.834,32.258 511.326,34.438 511.181,37.631 C511.035,40.831 511,41.851 511,50 C511,58.147 511.035,59.17 511.181,62.369 C511.326,65.562 511.834,67.743 512.574,69.651 C513.342,71.625 514.368,73.296 516.035,74.965 C517.703,76.634 519.376,77.658 521.349,78.425 C523.257,79.167 525.438,79.673 528.631,79.82 C531.831,79.965 532.853,80.001 541,80.001 C549.148,80.001 550.169,79.965 553.369,79.82 C556.562,79.673 558.743,79.167 560.652,78.425 C562.623,77.658 564.297,76.634 565.965,74.965 C567.633,73.296 568.659,71.625 569.425,69.651 C570.167,67.743 570.674,65.562 570.82,62.369 C570.966,59.17 571,58.147 571,50 C571,41.851 570.966,40.831 570.82,37.631\"><\/path><\/g><\/g><\/g><\/svg><\/div><div style=\"padding-top: 8px;\"> <div style=\" color:#3897f0; font-family:Arial,sans-serif; font-size:14px; font-style:normal; font-weight:550; line-height:18px;\">Sieh dir diesen Beitrag auf Instagram an<\/div><\/div><div style=\"padding: 12.5% 0;\"><\/div> <div style=\"display: flex; flex-direction: row; margin-bottom: 14px; align-items: center;\"><div> <div style=\"background-color: #F4F4F4; border-radius: 50%; height: 12.5px; width: 12.5px; transform: translateX(0px) translateY(7px);\"><\/div> <div style=\"background-color: #F4F4F4; height: 12.5px; transform: rotate(-45deg) translateX(3px) translateY(1px); width: 12.5px; flex-grow: 0; margin-right: 14px; margin-left: 2px;\"><\/div> <div style=\"background-color: #F4F4F4; border-radius: 50%; height: 12.5px; width: 12.5px; transform: translateX(9px) translateY(-18px);\"><\/div><\/div><div style=\"margin-left: 8px;\"> <div style=\" background-color: #F4F4F4; border-radius: 50%; flex-grow: 0; height: 20px; width: 20px;\"><\/div> <div style=\" width: 0; height: 0; border-top: 2px solid transparent; border-left: 6px solid #f4f4f4; border-bottom: 2px solid transparent; transform: translateX(16px) translateY(-4px) rotate(30deg)\"><\/div><\/div><div style=\"margin-left: auto;\"> <div style=\" width: 0px; border-top: 8px solid #F4F4F4; border-right: 8px solid transparent; transform: translateY(16px);\"><\/div> <div style=\" background-color: #F4F4F4; flex-grow: 0; height: 12px; width: 16px; transform: translateY(-4px);\"><\/div> <div style=\" width: 0; height: 0; border-top: 8px solid #F4F4F4; border-left: 8px solid transparent; transform: translateY(-4px) translateX(8px);\"><\/div><\/div><\/div> <div style=\"display: flex; flex-direction: column; flex-grow: 1; justify-content: center; margin-bottom: 24px;\"> <div style=\" background-color: #F4F4F4; border-radius: 4px; flex-grow: 0; height: 14px; margin-bottom: 6px; width: 224px;\"><\/div> <div style=\" background-color: #F4F4F4; border-radius: 4px; flex-grow: 0; height: 14px; width: 144px;\"><\/div><\/div><\/a><p style=\" color:#c9c8cd; font-family:Arial,sans-serif; font-size:14px; line-height:17px; margin-bottom:0; margin-top:8px; overflow:hidden; padding:8px 0 7px; text-align:center; text-overflow:ellipsis; white-space:nowrap;\"><a href=\"https:\/\/www.instagram.com\/p\/DA7zjC2uCXv\/?utm_source=ig_embed&amp;utm_campaign=loading\" style=\" color:#c9c8cd; font-family:Arial,sans-serif; font-size:14px; font-style:normal; font-weight:normal; line-height:17px; text-decoration:none;\" target=\"_blank\" rel=\"noopener\">Ein Beitrag geteilt von Klagenfurt am Wo\u0308rthersee (@klagenfurt)<\/a><\/p><\/div><\/blockquote>\n<script async src=\"\/\/www.instagram.com\/embed.js\"><\/script>\n\n\n\n<h2 class=\"wp-block-heading\" id=\"h-herbstgemuse\">Herbstgem\u00fcse<\/h2>\n\n\n\n<p>Die Hauptsaison in den Gem\u00fcsebeeten mag zwar vorbei sein, das bedeutet aber nicht, dass es im Herbst kein saisonales Gem\u00fcse zu genie\u00dfen gibt. So halten etwa viele Arten von <strong>Kohlgem\u00fcse wie Wirsing, Gr\u00fcnkohl oder Palmkohl, aber auch Blaukraut<\/strong> den k\u00fchlen Herbsttemperaturen problemlos Stand. Auch <strong>frischen Lauch, Vogerlsalat oder Radicchio<\/strong> bereichern die Herbstk\u00fcche ungemein.<\/p>\n\n\n\n<p>Noch leichter hat es alles, was unter der Erde w\u00e4chst<strong>. Erd\u00e4pfel, Karotten, rote Rohnen, Pastinaken, Knollensellerie oder Rettich <\/strong>k\u00f6nnen so bis tief hinein in den Sp\u00e4therbst geerntet und genossen werden. Auch wilde <strong>Beeren wie Berberitzen, Holunder- oder Wacholderbeeren <\/strong>haben im Herbst Saison und sorgen ganz nebenbei f\u00fcr einen aromatischen Vitamin-Kick.<\/p>\n\n\n\n<p>Frisches Herbstgem\u00fcse gibt es etwa am <a href=\"https:\/\/www.visitklagenfurt.at\/de\/essen-und-trinken\/maerkte\/benediktinermarkt\/\">Benediktinermarkt<\/a> sowie an den Wochenm\u00e4rkten. Ab Hof beziehungsweise per Zustellung direkt nach Hause gibt es Gem\u00fcse bis in den November hinein in der Gartenvielfalt Wildhaber und am <a href=\"https:\/\/weidenwald.at\/\">Bio-Hof Weidenwald<\/a> in Maria Saal.<\/p>\n\n\n\n<figure class=\"wp-block-gallery has-nested-images columns-default is-cropped wp-block-gallery-1 is-layout-flex wp-block-gallery-is-layout-flex\">\n<figure class=\"wp-block-image size-large\"><img fetchpriority=\"high\" decoding=\"async\" width=\"1024\" height=\"681\" data-id=\"1011\" src=\"https:\/\/www.visitklagenfurt.at\/wp-content\/uploads\/2020\/08\/KlagenfurterMaerkte_Benediktinermarkt_HelgeBauer-1024x681.jpg\" alt=\"Benediktinermarkt in Klagenfurt\" class=\"wp-image-1011\" srcset=\"https:\/\/www.visitklagenfurt.at\/wp-content\/uploads\/2020\/08\/KlagenfurterMaerkte_Benediktinermarkt_HelgeBauer-1024x681.jpg 1024w, https:\/\/www.visitklagenfurt.at\/wp-content\/uploads\/2020\/08\/KlagenfurterMaerkte_Benediktinermarkt_HelgeBauer-300x199.jpg 300w, https:\/\/www.visitklagenfurt.at\/wp-content\/uploads\/2020\/08\/KlagenfurterMaerkte_Benediktinermarkt_HelgeBauer-768x511.jpg 768w, https:\/\/www.visitklagenfurt.at\/wp-content\/uploads\/2020\/08\/KlagenfurterMaerkte_Benediktinermarkt_HelgeBauer.jpg 1080w\" sizes=\"(max-width: 1024px) 100vw, 1024px\" \/><figcaption class=\"wp-element-caption\">(c) Klagenfurter Maerkte_Benediktinermarkt &#8211; HelgeBauer<\/figcaption><\/figure>\n<\/figure>\n\n\n\n<h2 class=\"wp-block-heading\" id=\"h-wein\">Wein<\/h2>\n\n\n\n<p>K\u00e4rnten hat sich als Weinbaugebiet in den letzten Jahren zu einem echten Geheimtipp entwickelt. Zwar hatten bereits die R\u00f6mer die Kunst des Kelterns nach K\u00e4rnten gebracht, allerdings war der Weinbau \u00fcber Jahrhunderte komplett von der Bildfl\u00e4che verschwunden.<\/p>\n\n\n\n<p>Die Landschaft rund um Klagenfurt ist f\u00fcr den Weinbau ideal geeignet. <strong>Hohe Lagen, viel Feuchtigkeit aber auch viel Sonne<\/strong> verleihen den Reben eine ganz eigene Note und Spritzigkeit. Besonders im Trend liegen auch<strong> Orange-Weine<\/strong>,<strong> <\/strong>also Wei\u00dfweine, die wie ein Rotwein samt der Schale vergoren werden.<\/p>\n\n\n\n<p>Edle Tropfen aus dem Klagenfurter Umland erh\u00e4lt man \u2013 solange die Ernte reicht \u2013 bei <a href=\"https:\/\/www.weinbauwaltl.at\/\">Bioweinbau Waltl<\/a> am Stadtrand von Klagenfurt oder am <a href=\"https:\/\/leiten.eu\/\">Weingut Karnburg<\/a> am Fu\u00dfe des Ulrichsberges. Eine feine Auswahl weiterer Spitzenweine aus K\u00e4rnten findet man auch bei <a href=\"https:\/\/www.delijaeger.com\/\">Delikatessen J\u00e4ger<\/a> in der Radetzkystra\u00dfe nahe dem Kreuzbergl.<\/p>\n\n\n\n<p>Alles \u00fcber die besten Weine aus K\u00e4rnten k\u00f6nnt ihr <a href=\"https:\/\/www.visitklagenfurt.at\/de\/blog\/essen-trinken\/weinland-kaernten-die-ganz-besonderen-tropfen\/\">hier<\/a> nachlesen. <\/p>\n\n\n\n<figure class=\"wp-block-gallery has-nested-images columns-2 is-cropped wp-block-gallery-2 is-layout-flex wp-block-gallery-is-layout-flex\">\n<figure class=\"wp-block-image size-large\"><img decoding=\"async\" width=\"1365\" height=\"2048\" data-id=\"68325\" src=\"https:\/\/www.visitklagenfurt.at\/wp-content\/uploads\/2024\/08\/tdaak_winzerfest_osterwitzgasse_2023_c-martin_hofmann_140_jpg-web.jpeg\" alt=\"Frau schenkt Rotwein in Glas ein \" class=\"wp-image-68325\"\/><figcaption class=\"wp-element-caption\">(c) Martin Hofmann<\/figcaption><\/figure>\n\n\n\n<figure class=\"wp-block-image size-large\"><img decoding=\"async\" width=\"1020\" height=\"680\" data-id=\"42532\" src=\"https:\/\/www.visitklagenfurt.at\/wp-content\/uploads\/2021\/10\/Weingut_Karnburgc-Elias-Jerusalem-3.jpg\" alt=\"Weinlese beim Weingut Karnburg \" class=\"wp-image-42532\"\/><figcaption class=\"wp-element-caption\">(c) Elias Jerusalem, Weingut Karnburg<\/figcaption><\/figure>\n\n\n\n<figure class=\"wp-block-image size-large\"><img loading=\"lazy\" decoding=\"async\" width=\"2048\" height=\"1365\" data-id=\"42569\" src=\"https:\/\/www.visitklagenfurt.at\/wp-content\/uploads\/2021\/10\/weinrebe-web_f_Theny_c_Kaernten-Werbung.jpeg\" alt=\"Rote Trauben auf der Weinrebe\" class=\"wp-image-42569\"\/><figcaption class=\"wp-element-caption\">(c) KW, Theny<\/figcaption><\/figure>\n<\/figure>\n\n\n\n<h2 class=\"wp-block-heading\" id=\"h-wild\">Wild<\/h2>\n\n\n\n<p>Kein Herbst ohne Wildwochen! Das verwundert in K\u00e4rnten nicht, sind doch 60 % des Bundeslandes mit Wald bedeckt. Demnach haben Wildgerichte hierzulande gro\u00dfe Tradition und werden in vielen verschiedenen Varianten angeboten und gerne gegessen.&nbsp;<\/p>\n\n\n\n<p>Die Jagdsaison endet allerdings mit dem 31. Dezember, deshalb ist <strong>frisches Wild saisonal nur begrenzt verf\u00fcgbar<\/strong>. Nicht zuletzt deshalb sollte man zugreifen, wenn man die Chance dazu hat.<\/p>\n\n\n\n<p>Neben Klassikern wie <strong>Rehr\u00fccken, Hirschbraten oder Ragout<\/strong> findet man auf den Speisekarten immer \u00f6fter neue Kreationen wie Rehtartar, oder aber noch urspr\u00fcnglichere Rezepte \u2013 oft auch mit Innereien. So gilt die <strong>Rehleber <\/strong>unter J\u00e4gern als echte Delikatesse und das <strong>Wildbeuschel <\/strong>ist ebenfalls wieder auf dem Vormarsch. F\u00fcr ganz Mutige liegt die Latte mit Kr\u00e4hensuppe oder einem Murmeltierbraten noch etwas h\u00f6her.<\/p>\n\n\n\n<p>Die erste Adresse f\u00fcr Wildgerichte in Klagenfurt ist das <a href=\"https:\/\/blattschuss.eatbu.com\/?lang=de\">Restaurant Blattschuss<\/a> im Schloss Mageregg. Hier werden alle Sorten frischen Wildbrets, vom Reh \u00fcber Wildschwein bis hin zu Hase und Fasan, je nach Verf\u00fcgbarkeit zu wilden K\u00f6stlichkeiten verarbeitet.<\/p>\n\n\n\n<p>Die besten Lokale f\u00fcr Wildspezialit\u00e4ten findet ihr <a href=\"https:\/\/www.visitklagenfurt.at\/de\/blog\/essen-trinken\/die-besten-lokale-fuer-wildspezialitaeten\/\">hier<\/a>.<\/p>\n\n\n\n<figure class=\"wp-block-gallery has-nested-images columns-default is-cropped wp-block-gallery-3 is-layout-flex wp-block-gallery-is-layout-flex\">\n<figure class=\"wp-block-image size-large\"><img loading=\"lazy\" decoding=\"async\" width=\"1020\" height=\"680\" data-id=\"30439\" src=\"https:\/\/www.visitklagenfurt.at\/wp-content\/uploads\/2021\/10\/genusswirt-schloss-mageregg-klagenfurt-mlakar-hirschgulasch.jpg\" alt=\"Wildgericht im Schloss Mageregg\" class=\"wp-image-30439\"\/><figcaption class=\"wp-element-caption\">(c) Schloss Mageregg<\/figcaption><\/figure>\n<\/figure>\n\n\n\n<h2 class=\"wp-block-heading\" id=\"h-pilze-und-schwammerln\">Pilze und Schwammerln<\/h2>\n\n\n\n<p>Als Beilage zum Wild, aber auch als Protagonist am Teller d\u00fcrfen im Herbst nat\u00fcrlich Pilze und Schwammerln auf keinen Fall fehlen. In K\u00e4rnten werden daf\u00fcr in erster Linie wild gesammelte <strong>Eierschwammerln, Steinpilze und Parasole <\/strong>verwendet. Austernpilze oder Kr\u00e4uterseitlinge kommen wild nur mehr selten vor und stammen meist aus eigenen Zuchtbetrieben.<\/p>\n\n\n\n<p>So vielf\u00e4ltig die Welt der Pilze, so abwechslungsreich sind auch die Gerichte, die man aus ihnen zaubern kann. Ob <strong>Steinpilzrisotto, ger\u00f6stete Eierschwammerln, Pilzragout<\/strong>, in der Suppe oder als feiner Begleiter zum Fleisch oder Fisch sind diese Fr\u00fcchte des Waldes eine absolute Delikatesse im K\u00e4rntner Kulinarik-Herbst.<\/p>\n\n\n\n<p>Erh\u00e4ltlich sind frische Pilze und Schwammerln am <a href=\"https:\/\/www.visitklagenfurt.at\/de\/essen-und-trinken\/maerkte\/benediktinermarkt\/\">Benediktinermarkt<\/a>. Da sie wild gesammelt werden, h\u00e4ngt das Angebot aber sehr stark von der Verf\u00fcgbarkeit ab. Auf den Speisekarten sprie\u00dfen sie im Herbst allerdings so gut wie \u00fcberall. Einfach Ausschau halten \u2013 wer suchet, der findet.<\/p>\n\n\n\n<blockquote class=\"instagram-media\" data-instgrm-permalink=\"https:\/\/www.instagram.com\/p\/CCNd7EeJHV5\/?utm_source=ig_embed&amp;utm_campaign=loading\" data-instgrm-version=\"14\" style=\" background:#FFF; border:0; border-radius:3px; box-shadow:0 0 1px 0 rgba(0,0,0,0.5),0 1px 10px 0 rgba(0,0,0,0.15); margin: 1px; max-width:540px; min-width:326px; padding:0; width:99.375%; width:-webkit-calc(100% - 2px); width:calc(100% - 2px);\"><div style=\"padding:16px;\"> <a href=\"https:\/\/www.instagram.com\/p\/CCNd7EeJHV5\/?utm_source=ig_embed&amp;utm_campaign=loading\" style=\" background:#FFFFFF; line-height:0; padding:0 0; text-align:center; text-decoration:none; width:100%;\" target=\"_blank\" rel=\"noopener\"> <div style=\" display: flex; flex-direction: row; align-items: center;\"> <div style=\"background-color: #F4F4F4; border-radius: 50%; flex-grow: 0; height: 40px; margin-right: 14px; width: 40px;\"><\/div> <div style=\"display: flex; flex-direction: column; flex-grow: 1; justify-content: center;\"> <div style=\" background-color: #F4F4F4; border-radius: 4px; flex-grow: 0; height: 14px; margin-bottom: 6px; width: 100px;\"><\/div> <div style=\" background-color: #F4F4F4; border-radius: 4px; flex-grow: 0; height: 14px; width: 60px;\"><\/div><\/div><\/div><div style=\"padding: 19% 0;\"><\/div> <div style=\"display:block; height:50px; margin:0 auto 12px; width:50px;\"><svg width=\"50px\" height=\"50px\" viewBox=\"0 0 60 60\" version=\"1.1\" xmlns=\"https:\/\/www.w3.org\/2000\/svg\" xmlns:xlink=\"https:\/\/www.w3.org\/1999\/xlink\"><g stroke=\"none\" stroke-width=\"1\" fill=\"none\" fill-rule=\"evenodd\"><g transform=\"translate(-511.000000, -20.000000)\" fill=\"#000000\"><g><path d=\"M556.869,30.41 C554.814,30.41 553.148,32.076 553.148,34.131 C553.148,36.186 554.814,37.852 556.869,37.852 C558.924,37.852 560.59,36.186 560.59,34.131 C560.59,32.076 558.924,30.41 556.869,30.41 M541,60.657 C535.114,60.657 530.342,55.887 530.342,50 C530.342,44.114 535.114,39.342 541,39.342 C546.887,39.342 551.658,44.114 551.658,50 C551.658,55.887 546.887,60.657 541,60.657 M541,33.886 C532.1,33.886 524.886,41.1 524.886,50 C524.886,58.899 532.1,66.113 541,66.113 C549.9,66.113 557.115,58.899 557.115,50 C557.115,41.1 549.9,33.886 541,33.886 M565.378,62.101 C565.244,65.022 564.756,66.606 564.346,67.663 C563.803,69.06 563.154,70.057 562.106,71.106 C561.058,72.155 560.06,72.803 558.662,73.347 C557.607,73.757 556.021,74.244 553.102,74.378 C549.944,74.521 548.997,74.552 541,74.552 C533.003,74.552 532.056,74.521 528.898,74.378 C525.979,74.244 524.393,73.757 523.338,73.347 C521.94,72.803 520.942,72.155 519.894,71.106 C518.846,70.057 518.197,69.06 517.654,67.663 C517.244,66.606 516.755,65.022 516.623,62.101 C516.479,58.943 516.448,57.996 516.448,50 C516.448,42.003 516.479,41.056 516.623,37.899 C516.755,34.978 517.244,33.391 517.654,32.338 C518.197,30.938 518.846,29.942 519.894,28.894 C520.942,27.846 521.94,27.196 523.338,26.654 C524.393,26.244 525.979,25.756 528.898,25.623 C532.057,25.479 533.004,25.448 541,25.448 C548.997,25.448 549.943,25.479 553.102,25.623 C556.021,25.756 557.607,26.244 558.662,26.654 C560.06,27.196 561.058,27.846 562.106,28.894 C563.154,29.942 563.803,30.938 564.346,32.338 C564.756,33.391 565.244,34.978 565.378,37.899 C565.522,41.056 565.552,42.003 565.552,50 C565.552,57.996 565.522,58.943 565.378,62.101 M570.82,37.631 C570.674,34.438 570.167,32.258 569.425,30.349 C568.659,28.377 567.633,26.702 565.965,25.035 C564.297,23.368 562.623,22.342 560.652,21.575 C558.743,20.834 556.562,20.326 553.369,20.18 C550.169,20.033 549.148,20 541,20 C532.853,20 531.831,20.033 528.631,20.18 C525.438,20.326 523.257,20.834 521.349,21.575 C519.376,22.342 517.703,23.368 516.035,25.035 C514.368,26.702 513.342,28.377 512.574,30.349 C511.834,32.258 511.326,34.438 511.181,37.631 C511.035,40.831 511,41.851 511,50 C511,58.147 511.035,59.17 511.181,62.369 C511.326,65.562 511.834,67.743 512.574,69.651 C513.342,71.625 514.368,73.296 516.035,74.965 C517.703,76.634 519.376,77.658 521.349,78.425 C523.257,79.167 525.438,79.673 528.631,79.82 C531.831,79.965 532.853,80.001 541,80.001 C549.148,80.001 550.169,79.965 553.369,79.82 C556.562,79.673 558.743,79.167 560.652,78.425 C562.623,77.658 564.297,76.634 565.965,74.965 C567.633,73.296 568.659,71.625 569.425,69.651 C570.167,67.743 570.674,65.562 570.82,62.369 C570.966,59.17 571,58.147 571,50 C571,41.851 570.966,40.831 570.82,37.631\"><\/path><\/g><\/g><\/g><\/svg><\/div><div style=\"padding-top: 8px;\"> <div style=\" color:#3897f0; font-family:Arial,sans-serif; font-size:14px; font-style:normal; font-weight:550; line-height:18px;\">Sieh dir diesen Beitrag auf Instagram an<\/div><\/div><div style=\"padding: 12.5% 0;\"><\/div> <div style=\"display: flex; flex-direction: row; margin-bottom: 14px; align-items: center;\"><div> <div style=\"background-color: #F4F4F4; border-radius: 50%; height: 12.5px; width: 12.5px; transform: translateX(0px) translateY(7px);\"><\/div> <div style=\"background-color: #F4F4F4; height: 12.5px; transform: rotate(-45deg) translateX(3px) translateY(1px); width: 12.5px; flex-grow: 0; margin-right: 14px; margin-left: 2px;\"><\/div> <div style=\"background-color: #F4F4F4; border-radius: 50%; height: 12.5px; width: 12.5px; transform: translateX(9px) translateY(-18px);\"><\/div><\/div><div style=\"margin-left: 8px;\"> <div style=\" background-color: #F4F4F4; border-radius: 50%; flex-grow: 0; height: 20px; width: 20px;\"><\/div> <div style=\" width: 0; height: 0; border-top: 2px solid transparent; border-left: 6px solid #f4f4f4; border-bottom: 2px solid transparent; transform: translateX(16px) translateY(-4px) rotate(30deg)\"><\/div><\/div><div style=\"margin-left: auto;\"> <div style=\" width: 0px; border-top: 8px solid #F4F4F4; border-right: 8px solid transparent; transform: translateY(16px);\"><\/div> <div style=\" background-color: #F4F4F4; flex-grow: 0; height: 12px; width: 16px; transform: translateY(-4px);\"><\/div> <div style=\" width: 0; height: 0; border-top: 8px solid #F4F4F4; border-left: 8px solid transparent; transform: translateY(-4px) translateX(8px);\"><\/div><\/div><\/div> <div style=\"display: flex; flex-direction: column; flex-grow: 1; justify-content: center; margin-bottom: 24px;\"> <div style=\" background-color: #F4F4F4; border-radius: 4px; flex-grow: 0; height: 14px; margin-bottom: 6px; width: 224px;\"><\/div> <div style=\" background-color: #F4F4F4; border-radius: 4px; flex-grow: 0; height: 14px; width: 144px;\"><\/div><\/div><\/a><p style=\" color:#c9c8cd; font-family:Arial,sans-serif; font-size:14px; line-height:17px; margin-bottom:0; margin-top:8px; overflow:hidden; padding:8px 0 7px; text-align:center; text-overflow:ellipsis; white-space:nowrap;\"><a href=\"https:\/\/www.instagram.com\/p\/CCNd7EeJHV5\/?utm_source=ig_embed&amp;utm_campaign=loading\" style=\" color:#c9c8cd; font-family:Arial,sans-serif; font-size:14px; font-style:normal; font-weight:normal; line-height:17px; text-decoration:none;\" target=\"_blank\" rel=\"noopener\">Ein Beitrag geteilt von Klagenfurter Ma\u0308rkte (@klagenfurtermaerkte)<\/a><\/p><\/div><\/blockquote>\n<script async src=\"\/\/www.instagram.com\/embed.js\"><\/script>\n\n\n\n<h2 class=\"wp-block-heading\" id=\"h-black-garlic-schwarzer-knoblauch\">Black Garlic &#8211; Schwarzer Knoblauch<\/h2>\n\n\n\n<p>Eine ganz besondere Knoblauchspezialit\u00e4t wird indes im Lavanttal hergestellt. Die <a href=\"https:\/\/www.holzer-austria.com\/\">Familie Holzer<\/a> unterzieht ihre Knoblauchzehen n\u00e4mlich einem <strong>aufw\u00e4ndigen Fermentierungsprozess \u00fcber mehrere Monate<\/strong>. Dadurch ver\u00e4ndert sich das w\u00fcrzige Lauchgew\u00e4chs grundlegend, und zwar sowohl in Farbe und Konsistenz, als auch \u2013 und vor allem \u2013 im Geschmack.<\/p>\n\n\n\n<p>Mit Noten von <strong>Vanille, Karamell, Balsamico oder Tamarinde<\/strong> er\u00f6ffnen sich mit dem Black Garlic vollkommen neue M\u00f6glichkeiten, Knoblauch in der K\u00fcche zu verwenden. Der Einsatz ist nicht mehr nur auf pikante Gerichte limitiert, sondern er kann durchaus auch in Desserts Verwendung finden. Denn neben dem besonderen Geschmackserlebnis hat der Black Garlic vor allem einen Vorteil: Sein Konsum verursacht <strong>keinerlei unangenehme Ger\u00fcche<\/strong>!<\/p>\n\n\n\n<p>In Klagenfurt bekommt man den Black Garlic immer donnerstags am <a href=\"https:\/\/www.visitklagenfurt.at\/de\/essen-und-trinken\/maerkte\/benediktinermarkt\/\">Benediktinermarkt<\/a> und nach Absprache bei Robert Sorger unter <a href=\"telto:004306643476613\">+43 664 34 766 13<\/a>.<\/p>\n\n\n\n<figure class=\"wp-block-gallery has-nested-images columns-1 is-cropped wp-block-gallery-4 is-layout-flex wp-block-gallery-is-layout-flex\">\n<figure class=\"wp-block-image size-large\"><img loading=\"lazy\" decoding=\"async\" width=\"1020\" height=\"681\" data-id=\"26268\" src=\"https:\/\/www.visitklagenfurt.at\/wp-content\/uploads\/2021\/08\/Holzer-2.jpg\" alt=\"Korb mit schwarzem Knoblauch der Familie Holzer\" class=\"wp-image-26268\"\/><\/figure>\n\n\n\n<figure class=\"wp-block-image size-large\"><img loading=\"lazy\" decoding=\"async\" width=\"1020\" height=\"680\" data-id=\"33160\" src=\"https:\/\/www.visitklagenfurt.at\/wp-content\/uploads\/2022\/01\/holzer_knoblauch_c-Norbert-Janesch.jpg\" alt=\"schwarzer Knoblauch \" class=\"wp-image-33160\"\/><figcaption class=\"wp-element-caption\">(c) Norbert Janesch<\/figcaption><\/figure>\n<\/figure>\n\n\n\n<h2 class=\"wp-block-heading\" id=\"h-gurktaler-alpenkrauter\">Gurktaler Alpenkr\u00e4uter<\/h2>\n\n\n\n<p>Nach so viel Herbstgenuss darf zum Abschluss nat\u00fcrlich ein echter K\u00e4rntner Kr\u00e4uterbitter nicht fehlen. Dabei ist man mit dem <a href=\"https:\/\/gurktaler.at\/\">Gurktaler Alpenkr\u00e4uter<\/a> auf der sicheren Seite. Die Kr\u00e4uter daf\u00fcr gedeihen im<strong> Stiftsgarten des Doms zu Gurk<\/strong> und werden nach wie vor per <strong>Hand geerntet<\/strong> und dem Gurktaler Alpenkr\u00e4uter frisch beigesetzt. Das macht diesen Kr\u00e4uterlik\u00f6r made in K\u00e4rnten einzigartig.<\/p>\n\n\n\n<p>Den Lik\u00f6r kann man entweder pur als Amaro nach einem guten Essen genie\u00dfen. Oder man mischt ihn zu <a href=\"https:\/\/gurktaler.at\/pages\/drinkrezepte\">Longdrinks und Cocktails<\/a>, die dadurch einen ganz eigenen Drive bekommen. So kann man daraus etwa einen Alpen Mule, einen Gurktaler Sour oder einen<strong> Alpenkr\u00e4uter-Cocktail <\/strong>mixen. Die spritzige Sanddornvariante ist auch an sonnigen Herbsttagen sicher nicht die schlechteste Wahl.<\/p>\n\n\n\n<p>Der Gurktaler Alpenkr\u00e4uter ist als Alternative zum Vecchio Amaro del Capo, Montenegro oder Cynar in den meisten <a href=\"https:\/\/www.visitklagenfurt.at\/de\/blog\/essen-trinken\/die-besten-bars-in-klagenfurt\/\">Bars in Klagenfurt<\/a> erh\u00e4ltlich. Im Einzelhandel bekommt man ihn im Supermarkt oder im Spirituosenfachhandel.<\/p>\n\n\n\n<figure class=\"wp-block-gallery has-nested-images columns-default is-cropped wp-block-gallery-5 is-layout-flex wp-block-gallery-is-layout-flex\">\n<figure class=\"wp-block-image size-large\"><img loading=\"lazy\" decoding=\"async\" width=\"1080\" height=\"720\" data-id=\"68726\" src=\"https:\/\/www.visitklagenfurt.at\/wp-content\/uploads\/2024\/08\/DWP_6429.jpg\" alt=\"AUswahl an Cocktails mit Gurktaler Alpenkr\u00e4uter\" class=\"wp-image-68726\"\/><\/figure>\n\n\n\n<figure class=\"wp-block-image size-large\"><img loading=\"lazy\" decoding=\"async\" width=\"1080\" height=\"720\" data-id=\"68714\" src=\"https:\/\/www.visitklagenfurt.at\/wp-content\/uploads\/2024\/08\/DWP_4425.jpg\" alt=\"Freunde beim Ansto\u00dfen mit Cocktails mit Gurktaler Alpenkr\u00e4uter\" class=\"wp-image-68714\"\/><\/figure>\n<\/figure>\n\n\n\n<figure class=\"wp-block-gallery has-nested-images columns-default is-cropped wp-block-gallery-6 is-layout-flex wp-block-gallery-is-layout-flex\">\n<figure class=\"wp-block-image size-large\"><img loading=\"lazy\" decoding=\"async\" width=\"1080\" height=\"721\" data-id=\"68734\" src=\"https:\/\/www.visitklagenfurt.at\/wp-content\/uploads\/2024\/08\/Gurktaler_1.jpg\" alt=\"Gurktaler Alpenkr\u00e4uter Flasche\" class=\"wp-image-68734\"\/><figcaption class=\"wp-element-caption\">(c) Gurktaler<\/figcaption><\/figure>\n<\/figure>\n\n\n\n<h2 class=\"wp-block-heading\" id=\"h-die-zeit-der-reife-und-der-ernte\">Die Zeit der Reife und der Ernte<\/h2>\n\n\n\n<p>Die Natur bettet sich zum Winterschlaf, doch davor zeigt sie sich in K\u00e4rnten noch einmal von ihrer bunten und aromatischen Seite. Vom w\u00fcrziges <strong>Wild aus den heimischen W\u00e4ldern<\/strong>, \u00fcber Herbstgem\u00fcse in allen Farben und Formen, Wildbeeren, Pilze und Schwammerln bis hin zu<strong> erlesenen Weinen<\/strong> und Kr\u00e4uterlik\u00f6ren sind Feinschmecker im K\u00e4rntner Kulinarik-Herbst bestens aufgehoben. <\/p>\n\n\n\n<p>Wir w\u00fcnschen viel Spa\u00df bei euren Aroma-Abenteuern im Klagenfurter Genuss-Herbst.<\/p>\n","protected":false},"excerpt":{"rendered":"<p>Mit den warmen Herbstfarben in der Natur h\u00e4lt auch eine ganz besondere Aromenvielfalt Einzug in die K\u00e4rntner K\u00fcche. Vom K\u00fcrbis \u00fcber frisches Wildbret und Pilze bis hin zum Knollengem\u00fcse und Wildbeeren ist der Herbst f\u00fcr Feinschmecker eine ganz besondere Zeit. Selbstverst\u00e4ndlich darf zum Herbst-Men\u00fc das passende Glas Wein und ein hochprozentiger Abschluss auf keinen Fall fehlen.<\/p>\n","protected":false},"author":27,"featured_media":70795,"comment_status":"closed","ping_status":"closed","sticky":false,"template":"","format":"standard","meta":{"footnotes":""},"categories":[20],"tags":[40,52],"class_list":["post-70387","post","type-post","status-publish","format-standard","has-post-thumbnail","hentry","category-essen-trinken","tag-essen-trinken","tag-herbst"],"yoast_head":"<!-- This site is optimized with the Yoast SEO plugin v27.5 - https:\/\/yoast.com\/product\/yoast-seo-wordpress\/ -->\n<title>Kulinarische Spezialit\u00e4ten, die ihr im Herbst in Klagenfurt am W\u00f6rthersee probiert haben m\u00fcsst | visitklagenfurt<\/title>\n<meta name=\"robots\" content=\"index, follow, max-snippet:-1, max-image-preview:large, max-video-preview:-1\" \/>\n<link rel=\"canonical\" href=\"https:\/\/www.visitklagenfurt.at\/de\/blog\/essen-trinken\/kulinarischer-herbst\/\" \/>\n<meta property=\"og:locale\" content=\"de_DE\" \/>\n<meta property=\"og:type\" content=\"article\" \/>\n<meta property=\"og:title\" content=\"Kulinarische Spezialit\u00e4ten, die ihr im Herbst in Klagenfurt am W\u00f6rthersee probiert haben m\u00fcsst | visitklagenfurt\" \/>\n<meta property=\"og:description\" content=\"Mit den warmen Herbstfarben in der Natur h\u00e4lt auch eine ganz besondere Aromenvielfalt Einzug in die K\u00e4rntner K\u00fcche. Vom K\u00fcrbis \u00fcber frisches Wildbret und Pilze bis hin zum Knollengem\u00fcse und Wildbeeren ist der Herbst f\u00fcr Feinschmecker eine ganz besondere Zeit. Selbstverst\u00e4ndlich darf zum Herbst-Men\u00fc das passende Glas Wein und ein hochprozentiger Abschluss auf keinen Fall fehlen.\" \/>\n<meta property=\"og:url\" content=\"https:\/\/www.visitklagenfurt.at\/de\/blog\/essen-trinken\/kulinarischer-herbst\/\" \/>\n<meta property=\"og:site_name\" content=\"visitklagenfurt\" \/>\n<meta property=\"article:published_time\" content=\"2024-10-07T09:10:46+00:00\" \/>\n<meta property=\"article:modified_time\" content=\"2024-10-21T13:15:32+00:00\" \/>\n<meta property=\"og:image\" content=\"https:\/\/www.visitklagenfurt.at\/wp-content\/uploads\/2024\/10\/kuerbiscremesuppe_vegan-web_f_Carletto-Photography_c_Kaernten-Werbung.jpeg\" \/>\n\t<meta property=\"og:image:width\" content=\"2048\" \/>\n\t<meta property=\"og:image:height\" content=\"1363\" \/>\n\t<meta property=\"og:image:type\" content=\"image\/jpeg\" \/>\n<meta name=\"author\" content=\"Simon Martinschitz\" \/>\n<meta name=\"twitter:card\" content=\"summary_large_image\" \/>\n<meta name=\"twitter:label1\" content=\"Verfasst von\" \/>\n\t<meta name=\"twitter:data1\" content=\"Simon Martinschitz\" \/>\n\t<meta name=\"twitter:label2\" content=\"Gesch\u00e4tzte Lesezeit\" \/>\n\t<meta name=\"twitter:data2\" content=\"10\u00a0Minuten\" \/>\n<script type=\"application\/ld+json\" class=\"yoast-schema-graph\">{\"@context\":\"https:\\\/\\\/schema.org\",\"@graph\":[{\"@type\":\"Article\",\"@id\":\"https:\\\/\\\/www.visitklagenfurt.at\\\/de\\\/blog\\\/essen-trinken\\\/kulinarischer-herbst\\\/#article\",\"isPartOf\":{\"@id\":\"https:\\\/\\\/www.visitklagenfurt.at\\\/de\\\/blog\\\/essen-trinken\\\/kulinarischer-herbst\\\/\"},\"author\":{\"name\":\"Simon Martinschitz\",\"@id\":\"https:\\\/\\\/www.visitklagenfurt.at\\\/de\\\/#\\\/schema\\\/person\\\/7a9c6bc8d10c35a61c7a91c28742c063\"},\"headline\":\"Kulinarische Spezialit\u00e4ten, die ihr im Herbst in Klagenfurt am W\u00f6rthersee probiert haben m\u00fcsst\",\"datePublished\":\"2024-10-07T09:10:46+00:00\",\"dateModified\":\"2024-10-21T13:15:32+00:00\",\"mainEntityOfPage\":{\"@id\":\"https:\\\/\\\/www.visitklagenfurt.at\\\/de\\\/blog\\\/essen-trinken\\\/kulinarischer-herbst\\\/\"},\"wordCount\":1423,\"publisher\":{\"@id\":\"https:\\\/\\\/www.visitklagenfurt.at\\\/de\\\/#organization\"},\"image\":{\"@id\":\"https:\\\/\\\/www.visitklagenfurt.at\\\/de\\\/blog\\\/essen-trinken\\\/kulinarischer-herbst\\\/#primaryimage\"},\"thumbnailUrl\":\"https:\\\/\\\/www.visitklagenfurt.at\\\/wp-content\\\/uploads\\\/2024\\\/10\\\/kuerbiscremesuppe_vegan-web_f_Carletto-Photography_c_Kaernten-Werbung.jpeg\",\"keywords\":[\"Essen &amp; Trinken\",\"Herbst\"],\"articleSection\":[\"Essen &amp; Trinken\"],\"inLanguage\":\"de\"},{\"@type\":\"WebPage\",\"@id\":\"https:\\\/\\\/www.visitklagenfurt.at\\\/de\\\/blog\\\/essen-trinken\\\/kulinarischer-herbst\\\/\",\"url\":\"https:\\\/\\\/www.visitklagenfurt.at\\\/de\\\/blog\\\/essen-trinken\\\/kulinarischer-herbst\\\/\",\"name\":\"Kulinarische Spezialit\u00e4ten, die ihr im Herbst in Klagenfurt am W\u00f6rthersee probiert haben m\u00fcsst | visitklagenfurt\",\"isPartOf\":{\"@id\":\"https:\\\/\\\/www.visitklagenfurt.at\\\/de\\\/#website\"},\"primaryImageOfPage\":{\"@id\":\"https:\\\/\\\/www.visitklagenfurt.at\\\/de\\\/blog\\\/essen-trinken\\\/kulinarischer-herbst\\\/#primaryimage\"},\"image\":{\"@id\":\"https:\\\/\\\/www.visitklagenfurt.at\\\/de\\\/blog\\\/essen-trinken\\\/kulinarischer-herbst\\\/#primaryimage\"},\"thumbnailUrl\":\"https:\\\/\\\/www.visitklagenfurt.at\\\/wp-content\\\/uploads\\\/2024\\\/10\\\/kuerbiscremesuppe_vegan-web_f_Carletto-Photography_c_Kaernten-Werbung.jpeg\",\"datePublished\":\"2024-10-07T09:10:46+00:00\",\"dateModified\":\"2024-10-21T13:15:32+00:00\",\"breadcrumb\":{\"@id\":\"https:\\\/\\\/www.visitklagenfurt.at\\\/de\\\/blog\\\/essen-trinken\\\/kulinarischer-herbst\\\/#breadcrumb\"},\"inLanguage\":\"de\",\"potentialAction\":[{\"@type\":\"ReadAction\",\"target\":[\"https:\\\/\\\/www.visitklagenfurt.at\\\/de\\\/blog\\\/essen-trinken\\\/kulinarischer-herbst\\\/\"]}]},{\"@type\":\"ImageObject\",\"inLanguage\":\"de\",\"@id\":\"https:\\\/\\\/www.visitklagenfurt.at\\\/de\\\/blog\\\/essen-trinken\\\/kulinarischer-herbst\\\/#primaryimage\",\"url\":\"https:\\\/\\\/www.visitklagenfurt.at\\\/wp-content\\\/uploads\\\/2024\\\/10\\\/kuerbiscremesuppe_vegan-web_f_Carletto-Photography_c_Kaernten-Werbung.jpeg\",\"contentUrl\":\"https:\\\/\\\/www.visitklagenfurt.at\\\/wp-content\\\/uploads\\\/2024\\\/10\\\/kuerbiscremesuppe_vegan-web_f_Carletto-Photography_c_Kaernten-Werbung.jpeg\",\"width\":2048,\"height\":1363,\"caption\":\"(c) K\u00e4rnten Werbung, Carletto Photography\"},{\"@type\":\"BreadcrumbList\",\"@id\":\"https:\\\/\\\/www.visitklagenfurt.at\\\/de\\\/blog\\\/essen-trinken\\\/kulinarischer-herbst\\\/#breadcrumb\",\"itemListElement\":[{\"@type\":\"ListItem\",\"position\":1,\"name\":\"visitklagenfurt\",\"item\":\"https:\\\/\\\/www.visitklagenfurt.at\\\/de\\\/\"},{\"@type\":\"ListItem\",\"position\":2,\"name\":\"Blog\",\"item\":\"https:\\\/\\\/www.visitklagenfurt.at\\\/de\\\/category\\\/blog\\\/\"},{\"@type\":\"ListItem\",\"position\":3,\"name\":\"Essen &amp; Trinken\",\"item\":\"https:\\\/\\\/www.visitklagenfurt.at\\\/de\\\/category\\\/blog\\\/essen-trinken\\\/\"},{\"@type\":\"ListItem\",\"position\":4,\"name\":\"Kulinarische Spezialit\u00e4ten, die ihr im Herbst in Klagenfurt am W\u00f6rthersee probiert haben m\u00fcsst\"}]},{\"@type\":\"WebSite\",\"@id\":\"https:\\\/\\\/www.visitklagenfurt.at\\\/de\\\/#website\",\"url\":\"https:\\\/\\\/www.visitklagenfurt.at\\\/de\\\/\",\"name\":\"visitklagenfurt\",\"description\":\"\",\"publisher\":{\"@id\":\"https:\\\/\\\/www.visitklagenfurt.at\\\/de\\\/#organization\"},\"potentialAction\":[{\"@type\":\"SearchAction\",\"target\":{\"@type\":\"EntryPoint\",\"urlTemplate\":\"https:\\\/\\\/www.visitklagenfurt.at\\\/de\\\/?s={search_term_string}\"},\"query-input\":{\"@type\":\"PropertyValueSpecification\",\"valueRequired\":true,\"valueName\":\"search_term_string\"}}],\"inLanguage\":\"de\"},{\"@type\":\"Organization\",\"@id\":\"https:\\\/\\\/www.visitklagenfurt.at\\\/de\\\/#organization\",\"name\":\"Tourismus Region Klagenfurt am W\u00f6rthersee GmbH\",\"url\":\"https:\\\/\\\/www.visitklagenfurt.at\\\/de\\\/\",\"logo\":{\"@type\":\"ImageObject\",\"inLanguage\":\"de\",\"@id\":\"https:\\\/\\\/www.visitklagenfurt.at\\\/de\\\/#\\\/schema\\\/logo\\\/image\\\/\",\"url\":\"https:\\\/\\\/www.visitklagenfurt.at\\\/wp-content\\\/uploads\\\/2022\\\/03\\\/DT_K_Klagenfurt_S_RGB.png\",\"contentUrl\":\"https:\\\/\\\/www.visitklagenfurt.at\\\/wp-content\\\/uploads\\\/2022\\\/03\\\/DT_K_Klagenfurt_S_RGB.png\",\"width\":2082,\"height\":1511,\"caption\":\"Tourismus Region Klagenfurt am W\u00f6rthersee GmbH\"},\"image\":{\"@id\":\"https:\\\/\\\/www.visitklagenfurt.at\\\/de\\\/#\\\/schema\\\/logo\\\/image\\\/\"}},{\"@type\":\"Person\",\"@id\":\"https:\\\/\\\/www.visitklagenfurt.at\\\/de\\\/#\\\/schema\\\/person\\\/7a9c6bc8d10c35a61c7a91c28742c063\",\"name\":\"Simon Martinschitz\",\"image\":{\"@type\":\"ImageObject\",\"inLanguage\":\"de\",\"@id\":\"https:\\\/\\\/www.visitklagenfurt.at\\\/wp-content\\\/uploads\\\/2021\\\/05\\\/simon_martinschitz.jpg\",\"url\":\"https:\\\/\\\/www.visitklagenfurt.at\\\/wp-content\\\/uploads\\\/2021\\\/05\\\/simon_martinschitz.jpg\",\"contentUrl\":\"https:\\\/\\\/www.visitklagenfurt.at\\\/wp-content\\\/uploads\\\/2021\\\/05\\\/simon_martinschitz.jpg\",\"caption\":\"Simon Martinschitz\"},\"description\":\"Geboren in Villach, aufgewachsen im Gailtal. Zwischen Bachforellen &amp; Haselnussstauden. Studium der Kulturwissenschaften in Klagenfurt, Bilbao und Florenz. Zwischen kritischer Theorie &amp; Aperitivo. Texter und Kulturarbeiter in der freien K\u00e4rntner Szene. Zwischen Front Page &amp; Back Stage. Wortjongleur. Schauspieler. Musiker. Und \u00fcberzeugter Europ\u00e4er. Mit einer Schw\u00e4che f\u00fcr Brettljausen und Pintxos. Zwischen denen ich mich nicht entscheiden m\u00fcssen m\u00f6chte.\",\"sameAs\":[\"https:\\\/\\\/martinschitz.at\\\/\"],\"url\":\"https:\\\/\\\/www.visitklagenfurt.at\\\/de\\\/author\\\/simon_martinschitz\\\/\"}]}<\/script>\n<!-- \/ Yoast SEO plugin. -->","yoast_head_json":{"title":"Kulinarische Spezialit\u00e4ten, die ihr im Herbst in Klagenfurt am W\u00f6rthersee probiert haben m\u00fcsst | visitklagenfurt","robots":{"index":"index","follow":"follow","max-snippet":"max-snippet:-1","max-image-preview":"max-image-preview:large","max-video-preview":"max-video-preview:-1"},"canonical":"https:\/\/www.visitklagenfurt.at\/de\/blog\/essen-trinken\/kulinarischer-herbst\/","og_locale":"de_DE","og_type":"article","og_title":"Kulinarische Spezialit\u00e4ten, die ihr im Herbst in Klagenfurt am W\u00f6rthersee probiert haben m\u00fcsst | visitklagenfurt","og_description":"Mit den warmen Herbstfarben in der Natur h\u00e4lt auch eine ganz besondere Aromenvielfalt Einzug in die K\u00e4rntner K\u00fcche. Vom K\u00fcrbis \u00fcber frisches Wildbret und Pilze bis hin zum Knollengem\u00fcse und Wildbeeren ist der Herbst f\u00fcr Feinschmecker eine ganz besondere Zeit. Selbstverst\u00e4ndlich darf zum Herbst-Men\u00fc das passende Glas Wein und ein hochprozentiger Abschluss auf keinen Fall fehlen.","og_url":"https:\/\/www.visitklagenfurt.at\/de\/blog\/essen-trinken\/kulinarischer-herbst\/","og_site_name":"visitklagenfurt","article_published_time":"2024-10-07T09:10:46+00:00","article_modified_time":"2024-10-21T13:15:32+00:00","og_image":[{"width":2048,"height":1363,"url":"https:\/\/www.visitklagenfurt.at\/wp-content\/uploads\/2024\/10\/kuerbiscremesuppe_vegan-web_f_Carletto-Photography_c_Kaernten-Werbung.jpeg","type":"image\/jpeg"}],"author":"Simon Martinschitz","twitter_card":"summary_large_image","twitter_misc":{"Verfasst von":"Simon Martinschitz","Gesch\u00e4tzte Lesezeit":"10\u00a0Minuten"},"schema":{"@context":"https:\/\/schema.org","@graph":[{"@type":"Article","@id":"https:\/\/www.visitklagenfurt.at\/de\/blog\/essen-trinken\/kulinarischer-herbst\/#article","isPartOf":{"@id":"https:\/\/www.visitklagenfurt.at\/de\/blog\/essen-trinken\/kulinarischer-herbst\/"},"author":{"name":"Simon Martinschitz","@id":"https:\/\/www.visitklagenfurt.at\/de\/#\/schema\/person\/7a9c6bc8d10c35a61c7a91c28742c063"},"headline":"Kulinarische Spezialit\u00e4ten, die ihr im Herbst in Klagenfurt am W\u00f6rthersee probiert haben m\u00fcsst","datePublished":"2024-10-07T09:10:46+00:00","dateModified":"2024-10-21T13:15:32+00:00","mainEntityOfPage":{"@id":"https:\/\/www.visitklagenfurt.at\/de\/blog\/essen-trinken\/kulinarischer-herbst\/"},"wordCount":1423,"publisher":{"@id":"https:\/\/www.visitklagenfurt.at\/de\/#organization"},"image":{"@id":"https:\/\/www.visitklagenfurt.at\/de\/blog\/essen-trinken\/kulinarischer-herbst\/#primaryimage"},"thumbnailUrl":"https:\/\/www.visitklagenfurt.at\/wp-content\/uploads\/2024\/10\/kuerbiscremesuppe_vegan-web_f_Carletto-Photography_c_Kaernten-Werbung.jpeg","keywords":["Essen &amp; Trinken","Herbst"],"articleSection":["Essen &amp; Trinken"],"inLanguage":"de"},{"@type":"WebPage","@id":"https:\/\/www.visitklagenfurt.at\/de\/blog\/essen-trinken\/kulinarischer-herbst\/","url":"https:\/\/www.visitklagenfurt.at\/de\/blog\/essen-trinken\/kulinarischer-herbst\/","name":"Kulinarische Spezialit\u00e4ten, die ihr im Herbst in Klagenfurt am W\u00f6rthersee probiert haben m\u00fcsst | visitklagenfurt","isPartOf":{"@id":"https:\/\/www.visitklagenfurt.at\/de\/#website"},"primaryImageOfPage":{"@id":"https:\/\/www.visitklagenfurt.at\/de\/blog\/essen-trinken\/kulinarischer-herbst\/#primaryimage"},"image":{"@id":"https:\/\/www.visitklagenfurt.at\/de\/blog\/essen-trinken\/kulinarischer-herbst\/#primaryimage"},"thumbnailUrl":"https:\/\/www.visitklagenfurt.at\/wp-content\/uploads\/2024\/10\/kuerbiscremesuppe_vegan-web_f_Carletto-Photography_c_Kaernten-Werbung.jpeg","datePublished":"2024-10-07T09:10:46+00:00","dateModified":"2024-10-21T13:15:32+00:00","breadcrumb":{"@id":"https:\/\/www.visitklagenfurt.at\/de\/blog\/essen-trinken\/kulinarischer-herbst\/#breadcrumb"},"inLanguage":"de","potentialAction":[{"@type":"ReadAction","target":["https:\/\/www.visitklagenfurt.at\/de\/blog\/essen-trinken\/kulinarischer-herbst\/"]}]},{"@type":"ImageObject","inLanguage":"de","@id":"https:\/\/www.visitklagenfurt.at\/de\/blog\/essen-trinken\/kulinarischer-herbst\/#primaryimage","url":"https:\/\/www.visitklagenfurt.at\/wp-content\/uploads\/2024\/10\/kuerbiscremesuppe_vegan-web_f_Carletto-Photography_c_Kaernten-Werbung.jpeg","contentUrl":"https:\/\/www.visitklagenfurt.at\/wp-content\/uploads\/2024\/10\/kuerbiscremesuppe_vegan-web_f_Carletto-Photography_c_Kaernten-Werbung.jpeg","width":2048,"height":1363,"caption":"(c) K\u00e4rnten Werbung, Carletto Photography"},{"@type":"BreadcrumbList","@id":"https:\/\/www.visitklagenfurt.at\/de\/blog\/essen-trinken\/kulinarischer-herbst\/#breadcrumb","itemListElement":[{"@type":"ListItem","position":1,"name":"visitklagenfurt","item":"https:\/\/www.visitklagenfurt.at\/de\/"},{"@type":"ListItem","position":2,"name":"Blog","item":"https:\/\/www.visitklagenfurt.at\/de\/category\/blog\/"},{"@type":"ListItem","position":3,"name":"Essen &amp; Trinken","item":"https:\/\/www.visitklagenfurt.at\/de\/category\/blog\/essen-trinken\/"},{"@type":"ListItem","position":4,"name":"Kulinarische Spezialit\u00e4ten, die ihr im Herbst in Klagenfurt am W\u00f6rthersee probiert haben m\u00fcsst"}]},{"@type":"WebSite","@id":"https:\/\/www.visitklagenfurt.at\/de\/#website","url":"https:\/\/www.visitklagenfurt.at\/de\/","name":"visitklagenfurt","description":"","publisher":{"@id":"https:\/\/www.visitklagenfurt.at\/de\/#organization"},"potentialAction":[{"@type":"SearchAction","target":{"@type":"EntryPoint","urlTemplate":"https:\/\/www.visitklagenfurt.at\/de\/?s={search_term_string}"},"query-input":{"@type":"PropertyValueSpecification","valueRequired":true,"valueName":"search_term_string"}}],"inLanguage":"de"},{"@type":"Organization","@id":"https:\/\/www.visitklagenfurt.at\/de\/#organization","name":"Tourismus Region Klagenfurt am W\u00f6rthersee GmbH","url":"https:\/\/www.visitklagenfurt.at\/de\/","logo":{"@type":"ImageObject","inLanguage":"de","@id":"https:\/\/www.visitklagenfurt.at\/de\/#\/schema\/logo\/image\/","url":"https:\/\/www.visitklagenfurt.at\/wp-content\/uploads\/2022\/03\/DT_K_Klagenfurt_S_RGB.png","contentUrl":"https:\/\/www.visitklagenfurt.at\/wp-content\/uploads\/2022\/03\/DT_K_Klagenfurt_S_RGB.png","width":2082,"height":1511,"caption":"Tourismus Region Klagenfurt am W\u00f6rthersee GmbH"},"image":{"@id":"https:\/\/www.visitklagenfurt.at\/de\/#\/schema\/logo\/image\/"}},{"@type":"Person","@id":"https:\/\/www.visitklagenfurt.at\/de\/#\/schema\/person\/7a9c6bc8d10c35a61c7a91c28742c063","name":"Simon Martinschitz","image":{"@type":"ImageObject","inLanguage":"de","@id":"https:\/\/www.visitklagenfurt.at\/wp-content\/uploads\/2021\/05\/simon_martinschitz.jpg","url":"https:\/\/www.visitklagenfurt.at\/wp-content\/uploads\/2021\/05\/simon_martinschitz.jpg","contentUrl":"https:\/\/www.visitklagenfurt.at\/wp-content\/uploads\/2021\/05\/simon_martinschitz.jpg","caption":"Simon Martinschitz"},"description":"Geboren in Villach, aufgewachsen im Gailtal. Zwischen Bachforellen &amp; Haselnussstauden. Studium der Kulturwissenschaften in Klagenfurt, Bilbao und Florenz. Zwischen kritischer Theorie &amp; Aperitivo. Texter und Kulturarbeiter in der freien K\u00e4rntner Szene. Zwischen Front Page &amp; Back Stage. Wortjongleur. Schauspieler. Musiker. Und \u00fcberzeugter Europ\u00e4er. Mit einer Schw\u00e4che f\u00fcr Brettljausen und Pintxos. Zwischen denen ich mich nicht entscheiden m\u00fcssen m\u00f6chte.","sameAs":["https:\/\/martinschitz.at\/"],"url":"https:\/\/www.visitklagenfurt.at\/de\/author\/simon_martinschitz\/"}]}},"_links":{"self":[{"href":"https:\/\/www.visitklagenfurt.at\/de\/wp-json\/wp\/v2\/posts\/70387","targetHints":{"allow":["GET"]}}],"collection":[{"href":"https:\/\/www.visitklagenfurt.at\/de\/wp-json\/wp\/v2\/posts"}],"about":[{"href":"https:\/\/www.visitklagenfurt.at\/de\/wp-json\/wp\/v2\/types\/post"}],"author":[{"embeddable":true,"href":"https:\/\/www.visitklagenfurt.at\/de\/wp-json\/wp\/v2\/users\/27"}],"replies":[{"embeddable":true,"href":"https:\/\/www.visitklagenfurt.at\/de\/wp-json\/wp\/v2\/comments?post=70387"}],"version-history":[{"count":20,"href":"https:\/\/www.visitklagenfurt.at\/de\/wp-json\/wp\/v2\/posts\/70387\/revisions"}],"predecessor-version":[{"id":71044,"href":"https:\/\/www.visitklagenfurt.at\/de\/wp-json\/wp\/v2\/posts\/70387\/revisions\/71044"}],"wp:featuredmedia":[{"embeddable":true,"href":"https:\/\/www.visitklagenfurt.at\/de\/wp-json\/wp\/v2\/media\/70795"}],"wp:attachment":[{"href":"https:\/\/www.visitklagenfurt.at\/de\/wp-json\/wp\/v2\/media?parent=70387"}],"wp:term":[{"taxonomy":"category","embeddable":true,"href":"https:\/\/www.visitklagenfurt.at\/de\/wp-json\/wp\/v2\/categories?post=70387"},{"taxonomy":"post_tag","embeddable":true,"href":"https:\/\/www.visitklagenfurt.at\/de\/wp-json\/wp\/v2\/tags?post=70387"}],"curies":[{"name":"wp","href":"https:\/\/api.w.org\/{rel}","templated":true}]}}