{"id":70721,"date":"2021-10-09T14:50:00","date_gmt":"2021-10-09T12:50:00","guid":{"rendered":"https:\/\/www.visitklagenfurt.at\/?p=70721"},"modified":"2025-10-22T13:54:09","modified_gmt":"2025-10-22T11:54:09","slug":"advent-im-freilichtmuseum-maria-saal","status":"publish","type":"post","link":"https:\/\/www.visitklagenfurt.at\/de\/advent\/advent-im-freilichtmuseum-maria-saal\/","title":{"rendered":"Advent im Freilichtmuseum Maria Saal"},"content":{"rendered":"\n<p>Eingebettet in die malerische Kulisse historischer Geb\u00e4ude, tauchen Besucher in die <strong>besinnliche Atmosph\u00e4re<\/strong> ein und erleben den Advent, wie er einst gewesen sein k\u00f6nnte.<\/p>\n\n\n\n<p>Auf einem abwechslungsreichen Rundgang durch das <strong>K\u00e4rntner Freilichtmuseum <\/strong>laden verschiedene Stationen dazu ein,<strong> altes Brauchtum und traditionelles Handwerk <\/strong>hautnah kennenzulernen. Es ist der perfekte Ort, um in der winterlichen Stille des Museumsgel\u00e4ndes Zeit mit der Familie zu verbringen und sich auf das bevorstehende Weihnachtsfest einzustimmen.<\/p>\n\n\n\n<p>Die geheizte Rauchstube sorgt f\u00fcr wohlige W\u00e4rme, w\u00e4hrend<strong> Lesungen, Musik und kulinarische Spezialit\u00e4ten <\/strong>die Sinne verw\u00f6hnen. F\u00fcr die kleinen Besucher gibt es vorweihnachtliche Bastelaktivit\u00e4ten und szenische Auftritte, die das Erlebnis noch spannender machen.<\/p>\n\n\n\n<p>Genie\u00dfe die Vorfreude auf Weihnachten im einzigartigen Ambiente des Freilichtmuseums Maria Saal und lass dich von der Tradition verzaubern!<\/p>\n\n\n\n<figure class=\"wp-block-gallery has-nested-images columns-2 is-cropped wp-block-gallery-1 is-layout-flex wp-block-gallery-is-layout-flex\">\n<figure class=\"wp-block-image size-large\"><img fetchpriority=\"high\" decoding=\"async\" width=\"810\" height=\"1080\" data-id=\"70722\" src=\"https:\/\/www.visitklagenfurt.at\/wp-content\/uploads\/2024\/10\/Foto-KM_Baeck.3.jpg\" alt=\"\" class=\"wp-image-70722\"\/><\/figure>\n\n\n\n<figure class=\"wp-block-image size-large\"><img decoding=\"async\" width=\"810\" height=\"1080\" data-id=\"70726\" src=\"https:\/\/www.visitklagenfurt.at\/wp-content\/uploads\/2024\/10\/Foto-KM_Baeck.4.jpg\" alt=\"\" class=\"wp-image-70726\"\/><\/figure>\n\n\n\n<figure class=\"wp-block-image size-large\"><img decoding=\"async\" width=\"1080\" height=\"720\" data-id=\"70730\" src=\"https:\/\/www.visitklagenfurt.at\/wp-content\/uploads\/2024\/10\/Foto-KM_Blaschun.jpg\" alt=\"\" class=\"wp-image-70730\"\/><figcaption class=\"wp-element-caption\">(c) B\u00e4ck<\/figcaption><\/figure>\n<\/figure>\n\n\n\n<h2 class=\"wp-block-heading\" id=\"h-offnungszeiten-advent-im-freilichtmuseum\">\u00d6ffnungszeiten Advent im Freilichtmuseum<\/h2>\n\n\n\n<p>06., 07. &amp; 08. Dezember 2025, von 11.00 bis 19.00 Uhr<br>Letzter Einlass um 18.00 Uhr<\/p>\n\n\n\n<p><strong>K\u00e4rntner Freilichtmuseum<\/strong><br>Adresse: Maria Saal, Museumweg 10, 9063 Maria Saal<br>Kosten: Erwachsene \u20ac 7,-, Kinder bis 6 Jahre Eintritt frei, Jugendliche und Kinder ab 7 Jahre \u20ac 5,-, Familien \u20ac 14,-<br>Webseite: <a href=\"ttps:\/\/landesmuseum.ktn.gv.at\/standorte\/kfm\">landesmuseum.ktn.gv.at<\/a><\/p>\n\n\n\n<figure class=\"wp-block-gallery has-nested-images columns-default is-cropped wp-block-gallery-2 is-layout-flex wp-block-gallery-is-layout-flex\">\n<figure class=\"wp-block-image size-large\"><img loading=\"lazy\" decoding=\"async\" width=\"1080\" height=\"1080\" data-id=\"70734\" src=\"https:\/\/www.visitklagenfurt.at\/wp-content\/uploads\/2024\/10\/Foto-Tschinder-privat.2.jpg\" alt=\"\" class=\"wp-image-70734\"\/><figcaption class=\"wp-element-caption\">(c) Tschinder<\/figcaption><\/figure>\n<\/figure>\n","protected":false},"excerpt":{"rendered":"<p>Erlebe den Advent wie aus l\u00e4ngst vergangenen Zeiten! Im stimmungsvollen Freilichtmuseum Maria Saal wird die Vorweihnachtszeit unserer Vorfahren wieder lebendig.<\/p>\n","protected":false},"author":4,"featured_media":59259,"comment_status":"closed","ping_status":"closed","sticky":false,"template":"","format":"standard","meta":{"footnotes":""},"categories":[614],"tags":[221],"class_list":["post-70721","post","type-post","status-publish","format-standard","has-post-thumbnail","hentry","category-advent","tag-advent"],"yoast_head":"<!-- This site is optimized with the Yoast SEO plugin v27.5 - https:\/\/yoast.com\/product\/yoast-seo-wordpress\/ -->\n<title>Advent im Freilichtmuseum Maria Saal | visitklagenfurt<\/title>\n<meta name=\"description\" content=\"Entdecke hier das Advent-Programm im Freilichtmuseum Maria Saal \u2713 \u00d6ffnungszeiten \u2713 Workshops \u25b7 Mehr Informationen hier!\" \/>\n<meta name=\"robots\" content=\"index, follow, max-snippet:-1, max-image-preview:large, max-video-preview:-1\" \/>\n<link rel=\"canonical\" href=\"https:\/\/www.visitklagenfurt.at\/de\/advent\/advent-im-freilichtmuseum-maria-saal\/\" \/>\n<meta property=\"og:locale\" content=\"de_DE\" \/>\n<meta property=\"og:type\" content=\"article\" \/>\n<meta property=\"og:title\" content=\"Advent im Freilichtmuseum Maria Saal | visitklagenfurt\" \/>\n<meta property=\"og:description\" content=\"Entdecke hier das Advent-Programm im Freilichtmuseum Maria Saal \u2713 \u00d6ffnungszeiten \u2713 Workshops \u25b7 Mehr Informationen hier!\" \/>\n<meta property=\"og:url\" content=\"https:\/\/www.visitklagenfurt.at\/de\/advent\/advent-im-freilichtmuseum-maria-saal\/\" \/>\n<meta property=\"og:site_name\" content=\"visitklagenfurt\" \/>\n<meta property=\"article:published_time\" content=\"2021-10-09T12:50:00+00:00\" \/>\n<meta property=\"article:modified_time\" content=\"2025-10-22T11:54:09+00:00\" \/>\n<meta property=\"og:image\" content=\"https:\/\/www.visitklagenfurt.at\/wp-content\/uploads\/2021\/10\/Freilichtmuseum_Foto-M.-Tschinder-privat-1.jpeg\" \/>\n\t<meta property=\"og:image:width\" content=\"2448\" \/>\n\t<meta property=\"og:image:height\" content=\"1948\" \/>\n\t<meta property=\"og:image:type\" content=\"image\/jpeg\" \/>\n<meta name=\"author\" content=\"Martina Valentinitsch\" \/>\n<meta name=\"twitter:card\" content=\"summary_large_image\" \/>\n<meta name=\"twitter:label1\" content=\"Verfasst von\" \/>\n\t<meta name=\"twitter:data1\" content=\"Martina Valentinitsch\" \/>\n\t<meta name=\"twitter:label2\" content=\"Gesch\u00e4tzte Lesezeit\" \/>\n\t<meta name=\"twitter:data2\" content=\"3\u00a0Minuten\" \/>\n<script type=\"application\/ld+json\" class=\"yoast-schema-graph\">{\"@context\":\"https:\\\/\\\/schema.org\",\"@graph\":[{\"@type\":\"Article\",\"@id\":\"https:\\\/\\\/www.visitklagenfurt.at\\\/de\\\/advent\\\/advent-im-freilichtmuseum-maria-saal\\\/#article\",\"isPartOf\":{\"@id\":\"https:\\\/\\\/www.visitklagenfurt.at\\\/de\\\/advent\\\/advent-im-freilichtmuseum-maria-saal\\\/\"},\"author\":{\"name\":\"Martina Valentinitsch\",\"@id\":\"https:\\\/\\\/www.visitklagenfurt.at\\\/de\\\/#\\\/schema\\\/person\\\/a3e77217ef718bf9b74f8a43f03ada41\"},\"headline\":\"Advent im Freilichtmuseum Maria Saal\",\"datePublished\":\"2021-10-09T12:50:00+00:00\",\"dateModified\":\"2025-10-22T11:54:09+00:00\",\"mainEntityOfPage\":{\"@id\":\"https:\\\/\\\/www.visitklagenfurt.at\\\/de\\\/advent\\\/advent-im-freilichtmuseum-maria-saal\\\/\"},\"wordCount\":184,\"publisher\":{\"@id\":\"https:\\\/\\\/www.visitklagenfurt.at\\\/de\\\/#organization\"},\"image\":{\"@id\":\"https:\\\/\\\/www.visitklagenfurt.at\\\/de\\\/advent\\\/advent-im-freilichtmuseum-maria-saal\\\/#primaryimage\"},\"thumbnailUrl\":\"https:\\\/\\\/www.visitklagenfurt.at\\\/wp-content\\\/uploads\\\/2021\\\/10\\\/Freilichtmuseum_Foto-M.-Tschinder-privat-1.jpeg\",\"keywords\":[\"Advent\"],\"articleSection\":[\"Advent\"],\"inLanguage\":\"de\"},{\"@type\":\"WebPage\",\"@id\":\"https:\\\/\\\/www.visitklagenfurt.at\\\/de\\\/advent\\\/advent-im-freilichtmuseum-maria-saal\\\/\",\"url\":\"https:\\\/\\\/www.visitklagenfurt.at\\\/de\\\/advent\\\/advent-im-freilichtmuseum-maria-saal\\\/\",\"name\":\"Advent im Freilichtmuseum Maria Saal | visitklagenfurt\",\"isPartOf\":{\"@id\":\"https:\\\/\\\/www.visitklagenfurt.at\\\/de\\\/#website\"},\"primaryImageOfPage\":{\"@id\":\"https:\\\/\\\/www.visitklagenfurt.at\\\/de\\\/advent\\\/advent-im-freilichtmuseum-maria-saal\\\/#primaryimage\"},\"image\":{\"@id\":\"https:\\\/\\\/www.visitklagenfurt.at\\\/de\\\/advent\\\/advent-im-freilichtmuseum-maria-saal\\\/#primaryimage\"},\"thumbnailUrl\":\"https:\\\/\\\/www.visitklagenfurt.at\\\/wp-content\\\/uploads\\\/2021\\\/10\\\/Freilichtmuseum_Foto-M.-Tschinder-privat-1.jpeg\",\"datePublished\":\"2021-10-09T12:50:00+00:00\",\"dateModified\":\"2025-10-22T11:54:09+00:00\",\"description\":\"Entdecke hier das Advent-Programm im Freilichtmuseum Maria Saal \u2713 \u00d6ffnungszeiten \u2713 Workshops \u25b7 Mehr Informationen hier!\",\"breadcrumb\":{\"@id\":\"https:\\\/\\\/www.visitklagenfurt.at\\\/de\\\/advent\\\/advent-im-freilichtmuseum-maria-saal\\\/#breadcrumb\"},\"inLanguage\":\"de\",\"potentialAction\":[{\"@type\":\"ReadAction\",\"target\":[\"https:\\\/\\\/www.visitklagenfurt.at\\\/de\\\/advent\\\/advent-im-freilichtmuseum-maria-saal\\\/\"]}]},{\"@type\":\"ImageObject\",\"inLanguage\":\"de\",\"@id\":\"https:\\\/\\\/www.visitklagenfurt.at\\\/de\\\/advent\\\/advent-im-freilichtmuseum-maria-saal\\\/#primaryimage\",\"url\":\"https:\\\/\\\/www.visitklagenfurt.at\\\/wp-content\\\/uploads\\\/2021\\\/10\\\/Freilichtmuseum_Foto-M.-Tschinder-privat-1.jpeg\",\"contentUrl\":\"https:\\\/\\\/www.visitklagenfurt.at\\\/wp-content\\\/uploads\\\/2021\\\/10\\\/Freilichtmuseum_Foto-M.-Tschinder-privat-1.jpeg\",\"width\":2448,\"height\":1948,\"caption\":\"(c) M. Tschinder\"},{\"@type\":\"BreadcrumbList\",\"@id\":\"https:\\\/\\\/www.visitklagenfurt.at\\\/de\\\/advent\\\/advent-im-freilichtmuseum-maria-saal\\\/#breadcrumb\",\"itemListElement\":[{\"@type\":\"ListItem\",\"position\":1,\"name\":\"visitklagenfurt\",\"item\":\"https:\\\/\\\/www.visitklagenfurt.at\\\/de\\\/\"},{\"@type\":\"ListItem\",\"position\":2,\"name\":\"Advent\",\"item\":\"https:\\\/\\\/www.visitklagenfurt.at\\\/de\\\/category\\\/advent\\\/\"},{\"@type\":\"ListItem\",\"position\":3,\"name\":\"Advent im Freilichtmuseum Maria Saal\"}]},{\"@type\":\"WebSite\",\"@id\":\"https:\\\/\\\/www.visitklagenfurt.at\\\/de\\\/#website\",\"url\":\"https:\\\/\\\/www.visitklagenfurt.at\\\/de\\\/\",\"name\":\"visitklagenfurt\",\"description\":\"\",\"publisher\":{\"@id\":\"https:\\\/\\\/www.visitklagenfurt.at\\\/de\\\/#organization\"},\"potentialAction\":[{\"@type\":\"SearchAction\",\"target\":{\"@type\":\"EntryPoint\",\"urlTemplate\":\"https:\\\/\\\/www.visitklagenfurt.at\\\/de\\\/?s={search_term_string}\"},\"query-input\":{\"@type\":\"PropertyValueSpecification\",\"valueRequired\":true,\"valueName\":\"search_term_string\"}}],\"inLanguage\":\"de\"},{\"@type\":\"Organization\",\"@id\":\"https:\\\/\\\/www.visitklagenfurt.at\\\/de\\\/#organization\",\"name\":\"Tourismus Region Klagenfurt am W\u00f6rthersee GmbH\",\"url\":\"https:\\\/\\\/www.visitklagenfurt.at\\\/de\\\/\",\"logo\":{\"@type\":\"ImageObject\",\"inLanguage\":\"de\",\"@id\":\"https:\\\/\\\/www.visitklagenfurt.at\\\/de\\\/#\\\/schema\\\/logo\\\/image\\\/\",\"url\":\"https:\\\/\\\/www.visitklagenfurt.at\\\/wp-content\\\/uploads\\\/2022\\\/03\\\/DT_K_Klagenfurt_S_RGB.png\",\"contentUrl\":\"https:\\\/\\\/www.visitklagenfurt.at\\\/wp-content\\\/uploads\\\/2022\\\/03\\\/DT_K_Klagenfurt_S_RGB.png\",\"width\":2082,\"height\":1511,\"caption\":\"Tourismus Region Klagenfurt am W\u00f6rthersee GmbH\"},\"image\":{\"@id\":\"https:\\\/\\\/www.visitklagenfurt.at\\\/de\\\/#\\\/schema\\\/logo\\\/image\\\/\"}},{\"@type\":\"Person\",\"@id\":\"https:\\\/\\\/www.visitklagenfurt.at\\\/de\\\/#\\\/schema\\\/person\\\/a3e77217ef718bf9b74f8a43f03ada41\",\"name\":\"Martina Valentinitsch\",\"image\":{\"@type\":\"ImageObject\",\"inLanguage\":\"de\",\"@id\":\"https:\\\/\\\/secure.gravatar.com\\\/avatar\\\/49ae3bcb12846fb3d976b9823a5af43c4d12e64fb7b52146e0e9ac403a80e415?s=96&d=mm&r=g\",\"url\":\"https:\\\/\\\/secure.gravatar.com\\\/avatar\\\/49ae3bcb12846fb3d976b9823a5af43c4d12e64fb7b52146e0e9ac403a80e415?s=96&d=mm&r=g\",\"contentUrl\":\"https:\\\/\\\/secure.gravatar.com\\\/avatar\\\/49ae3bcb12846fb3d976b9823a5af43c4d12e64fb7b52146e0e9ac403a80e415?s=96&d=mm&r=g\",\"caption\":\"Martina Valentinitsch\"},\"url\":\"https:\\\/\\\/www.visitklagenfurt.at\\\/de\\\/author\\\/martina_valentinitsch\\\/\"}]}<\/script>\n<!-- \/ Yoast SEO plugin. -->","yoast_head_json":{"title":"Advent im Freilichtmuseum Maria Saal | visitklagenfurt","description":"Entdecke hier das Advent-Programm im Freilichtmuseum Maria Saal \u2713 \u00d6ffnungszeiten \u2713 Workshops \u25b7 Mehr Informationen hier!","robots":{"index":"index","follow":"follow","max-snippet":"max-snippet:-1","max-image-preview":"max-image-preview:large","max-video-preview":"max-video-preview:-1"},"canonical":"https:\/\/www.visitklagenfurt.at\/de\/advent\/advent-im-freilichtmuseum-maria-saal\/","og_locale":"de_DE","og_type":"article","og_title":"Advent im Freilichtmuseum Maria Saal | visitklagenfurt","og_description":"Entdecke hier das Advent-Programm im Freilichtmuseum Maria Saal \u2713 \u00d6ffnungszeiten \u2713 Workshops \u25b7 Mehr Informationen hier!","og_url":"https:\/\/www.visitklagenfurt.at\/de\/advent\/advent-im-freilichtmuseum-maria-saal\/","og_site_name":"visitklagenfurt","article_published_time":"2021-10-09T12:50:00+00:00","article_modified_time":"2025-10-22T11:54:09+00:00","og_image":[{"width":2448,"height":1948,"url":"https:\/\/www.visitklagenfurt.at\/wp-content\/uploads\/2021\/10\/Freilichtmuseum_Foto-M.-Tschinder-privat-1.jpeg","type":"image\/jpeg"}],"author":"Martina Valentinitsch","twitter_card":"summary_large_image","twitter_misc":{"Verfasst von":"Martina Valentinitsch","Gesch\u00e4tzte Lesezeit":"3\u00a0Minuten"},"schema":{"@context":"https:\/\/schema.org","@graph":[{"@type":"Article","@id":"https:\/\/www.visitklagenfurt.at\/de\/advent\/advent-im-freilichtmuseum-maria-saal\/#article","isPartOf":{"@id":"https:\/\/www.visitklagenfurt.at\/de\/advent\/advent-im-freilichtmuseum-maria-saal\/"},"author":{"name":"Martina Valentinitsch","@id":"https:\/\/www.visitklagenfurt.at\/de\/#\/schema\/person\/a3e77217ef718bf9b74f8a43f03ada41"},"headline":"Advent im Freilichtmuseum Maria Saal","datePublished":"2021-10-09T12:50:00+00:00","dateModified":"2025-10-22T11:54:09+00:00","mainEntityOfPage":{"@id":"https:\/\/www.visitklagenfurt.at\/de\/advent\/advent-im-freilichtmuseum-maria-saal\/"},"wordCount":184,"publisher":{"@id":"https:\/\/www.visitklagenfurt.at\/de\/#organization"},"image":{"@id":"https:\/\/www.visitklagenfurt.at\/de\/advent\/advent-im-freilichtmuseum-maria-saal\/#primaryimage"},"thumbnailUrl":"https:\/\/www.visitklagenfurt.at\/wp-content\/uploads\/2021\/10\/Freilichtmuseum_Foto-M.-Tschinder-privat-1.jpeg","keywords":["Advent"],"articleSection":["Advent"],"inLanguage":"de"},{"@type":"WebPage","@id":"https:\/\/www.visitklagenfurt.at\/de\/advent\/advent-im-freilichtmuseum-maria-saal\/","url":"https:\/\/www.visitklagenfurt.at\/de\/advent\/advent-im-freilichtmuseum-maria-saal\/","name":"Advent im Freilichtmuseum Maria Saal | visitklagenfurt","isPartOf":{"@id":"https:\/\/www.visitklagenfurt.at\/de\/#website"},"primaryImageOfPage":{"@id":"https:\/\/www.visitklagenfurt.at\/de\/advent\/advent-im-freilichtmuseum-maria-saal\/#primaryimage"},"image":{"@id":"https:\/\/www.visitklagenfurt.at\/de\/advent\/advent-im-freilichtmuseum-maria-saal\/#primaryimage"},"thumbnailUrl":"https:\/\/www.visitklagenfurt.at\/wp-content\/uploads\/2021\/10\/Freilichtmuseum_Foto-M.-Tschinder-privat-1.jpeg","datePublished":"2021-10-09T12:50:00+00:00","dateModified":"2025-10-22T11:54:09+00:00","description":"Entdecke hier das Advent-Programm im Freilichtmuseum Maria Saal \u2713 \u00d6ffnungszeiten \u2713 Workshops \u25b7 Mehr Informationen hier!","breadcrumb":{"@id":"https:\/\/www.visitklagenfurt.at\/de\/advent\/advent-im-freilichtmuseum-maria-saal\/#breadcrumb"},"inLanguage":"de","potentialAction":[{"@type":"ReadAction","target":["https:\/\/www.visitklagenfurt.at\/de\/advent\/advent-im-freilichtmuseum-maria-saal\/"]}]},{"@type":"ImageObject","inLanguage":"de","@id":"https:\/\/www.visitklagenfurt.at\/de\/advent\/advent-im-freilichtmuseum-maria-saal\/#primaryimage","url":"https:\/\/www.visitklagenfurt.at\/wp-content\/uploads\/2021\/10\/Freilichtmuseum_Foto-M.-Tschinder-privat-1.jpeg","contentUrl":"https:\/\/www.visitklagenfurt.at\/wp-content\/uploads\/2021\/10\/Freilichtmuseum_Foto-M.-Tschinder-privat-1.jpeg","width":2448,"height":1948,"caption":"(c) M. Tschinder"},{"@type":"BreadcrumbList","@id":"https:\/\/www.visitklagenfurt.at\/de\/advent\/advent-im-freilichtmuseum-maria-saal\/#breadcrumb","itemListElement":[{"@type":"ListItem","position":1,"name":"visitklagenfurt","item":"https:\/\/www.visitklagenfurt.at\/de\/"},{"@type":"ListItem","position":2,"name":"Advent","item":"https:\/\/www.visitklagenfurt.at\/de\/category\/advent\/"},{"@type":"ListItem","position":3,"name":"Advent im Freilichtmuseum Maria Saal"}]},{"@type":"WebSite","@id":"https:\/\/www.visitklagenfurt.at\/de\/#website","url":"https:\/\/www.visitklagenfurt.at\/de\/","name":"visitklagenfurt","description":"","publisher":{"@id":"https:\/\/www.visitklagenfurt.at\/de\/#organization"},"potentialAction":[{"@type":"SearchAction","target":{"@type":"EntryPoint","urlTemplate":"https:\/\/www.visitklagenfurt.at\/de\/?s={search_term_string}"},"query-input":{"@type":"PropertyValueSpecification","valueRequired":true,"valueName":"search_term_string"}}],"inLanguage":"de"},{"@type":"Organization","@id":"https:\/\/www.visitklagenfurt.at\/de\/#organization","name":"Tourismus Region Klagenfurt am W\u00f6rthersee GmbH","url":"https:\/\/www.visitklagenfurt.at\/de\/","logo":{"@type":"ImageObject","inLanguage":"de","@id":"https:\/\/www.visitklagenfurt.at\/de\/#\/schema\/logo\/image\/","url":"https:\/\/www.visitklagenfurt.at\/wp-content\/uploads\/2022\/03\/DT_K_Klagenfurt_S_RGB.png","contentUrl":"https:\/\/www.visitklagenfurt.at\/wp-content\/uploads\/2022\/03\/DT_K_Klagenfurt_S_RGB.png","width":2082,"height":1511,"caption":"Tourismus Region Klagenfurt am W\u00f6rthersee GmbH"},"image":{"@id":"https:\/\/www.visitklagenfurt.at\/de\/#\/schema\/logo\/image\/"}},{"@type":"Person","@id":"https:\/\/www.visitklagenfurt.at\/de\/#\/schema\/person\/a3e77217ef718bf9b74f8a43f03ada41","name":"Martina Valentinitsch","image":{"@type":"ImageObject","inLanguage":"de","@id":"https:\/\/secure.gravatar.com\/avatar\/49ae3bcb12846fb3d976b9823a5af43c4d12e64fb7b52146e0e9ac403a80e415?s=96&d=mm&r=g","url":"https:\/\/secure.gravatar.com\/avatar\/49ae3bcb12846fb3d976b9823a5af43c4d12e64fb7b52146e0e9ac403a80e415?s=96&d=mm&r=g","contentUrl":"https:\/\/secure.gravatar.com\/avatar\/49ae3bcb12846fb3d976b9823a5af43c4d12e64fb7b52146e0e9ac403a80e415?s=96&d=mm&r=g","caption":"Martina Valentinitsch"},"url":"https:\/\/www.visitklagenfurt.at\/de\/author\/martina_valentinitsch\/"}]}},"_links":{"self":[{"href":"https:\/\/www.visitklagenfurt.at\/de\/wp-json\/wp\/v2\/posts\/70721","targetHints":{"allow":["GET"]}}],"collection":[{"href":"https:\/\/www.visitklagenfurt.at\/de\/wp-json\/wp\/v2\/posts"}],"about":[{"href":"https:\/\/www.visitklagenfurt.at\/de\/wp-json\/wp\/v2\/types\/post"}],"author":[{"embeddable":true,"href":"https:\/\/www.visitklagenfurt.at\/de\/wp-json\/wp\/v2\/users\/4"}],"replies":[{"embeddable":true,"href":"https:\/\/www.visitklagenfurt.at\/de\/wp-json\/wp\/v2\/comments?post=70721"}],"version-history":[{"count":13,"href":"https:\/\/www.visitklagenfurt.at\/de\/wp-json\/wp\/v2\/posts\/70721\/revisions"}],"predecessor-version":[{"id":77101,"href":"https:\/\/www.visitklagenfurt.at\/de\/wp-json\/wp\/v2\/posts\/70721\/revisions\/77101"}],"wp:featuredmedia":[{"embeddable":true,"href":"https:\/\/www.visitklagenfurt.at\/de\/wp-json\/wp\/v2\/media\/59259"}],"wp:attachment":[{"href":"https:\/\/www.visitklagenfurt.at\/de\/wp-json\/wp\/v2\/media?parent=70721"}],"wp:term":[{"taxonomy":"category","embeddable":true,"href":"https:\/\/www.visitklagenfurt.at\/de\/wp-json\/wp\/v2\/categories?post=70721"},{"taxonomy":"post_tag","embeddable":true,"href":"https:\/\/www.visitklagenfurt.at\/de\/wp-json\/wp\/v2\/tags?post=70721"}],"curies":[{"name":"wp","href":"https:\/\/api.w.org\/{rel}","templated":true}]}}