{"id":71020,"date":"2024-10-17T16:00:56","date_gmt":"2024-10-17T14:00:56","guid":{"rendered":"https:\/\/www.visitklagenfurt.at\/winterurlaub-in-klagenfurt\/"},"modified":"2024-10-17T16:24:36","modified_gmt":"2024-10-17T14:24:36","slug":"vacanza-invernale-a-klagenfurt","status":"publish","type":"post","link":"https:\/\/www.visitklagenfurt.at\/it\/blog-it\/vacanze-tempo-libero\/vacanza-invernale-a-klagenfurt\/","title":{"rendered":"I nostri consigli per una fantastica vacanza invernale a Klagenfurt am W\u00f6rthersee"},"content":{"rendered":"\n<p>Quando il ghiaccio e la neve accolgono gli ospiti o la nebbia avvolge la citt\u00e0 come un batuffolo di cotone, c&#8217;\u00e8 l&#8217;opportunit\u00e0 di scoprire la bellezza di Klagenfurt senza alcun trambusto.&nbsp;E ci sono molti modi per farlo: attivi nella natura, rilassati nel centro citt\u00e0, godendo di un centro benessere o visitando la citt\u00e0.<\/p>\n\n\n\n<p>Abbiamo i migliori consigli per un&#8217;indimenticabile vacanza invernale a Klagenfurt am W\u00f6rthersee.<\/p>\n\n\n\n<h2 class=\"wp-block-heading\" id=\"h-1-magia-d-inverno-nel-centro-citta\">1. Magia d\u2018inverno nel centro citt\u00e0<\/h2>\n\n\n\n<p>Nei mesi freddi, una magia molto speciale si posa per le strade della citt\u00e0 di Klagenfurt. Dove in estate c&#8217;\u00e8 un trambusto colorato, da ottobre a marzo si pu\u00f2 vivere un\u2019atmosfera versatile, trasportata dalla <strong>pace e dal romanticismo<\/strong>.<\/p>\n\n\n\n<p>Una passeggiata nel centro di Klagenfurt \u2013 soprattutto al tramonto, quando il respiro diventa visibile nell&#8217;aria fredda, la <a href=\"https:\/\/www.visitklagenfurt.at\/de\/sehenswuerdigkeiten\/lindwurmbrunnen\/\">fontana Lindwurm<\/a> illuminata&nbsp; sulla Neuer Platz risplende e passeggiare per la <strong>via dello shopping nella zona pedonale <\/strong>diventa un&#8217;esperienza che crea un&#8217;atmosfera molto speciale.<\/p>\n\n\n\n<figure class=\"wp-block-gallery has-nested-images columns-default is-cropped wp-block-gallery-1 is-layout-flex wp-block-gallery-is-layout-flex\">\n<figure class=\"wp-block-image size-full\"><img fetchpriority=\"high\" decoding=\"async\" width=\"1080\" height=\"1080\" data-id=\"29283\" src=\"https:\/\/www.visitklagenfurt.at\/wp-content\/uploads\/2021\/09\/82b767a115342e90865ea9ada8aa040c.jpg\" alt=\"Klagenfurter Innenstadt mit Weihnachtsbeleuchtung \" class=\"wp-image-29283\"\/><figcaption class=\"wp-element-caption\">(c) IG, liebedinge<\/figcaption><\/figure>\n<\/figure>\n\n\n\n<h2 class=\"wp-block-heading\" id=\"h-2-cammina-dal-lendhafen-al-lago-worthersee\">2. Cammina dal Lendhafen al lago W\u00f6rthersee<\/h2>\n\n\n\n<p>Se si vuole fare una lunga passeggiata di circa <strong>cinque chilometri in citt\u00e0 fino al lago<\/strong>, il percorso pi\u00f9 bello \u00e8 da Kardinalplatz, poi in Alter Platz, Neuer Platz, passando attraverso piccoli vicoli fino al Benediktinermarkt, raggiungendo Heiligengeistplatz, Heuplatz fino al Lendhafen.<\/p>\n\n\n\n<p>Da l\u00ec, si pu\u00f2 camminare a fianco del Lendkanal fino alla baia orientale del lago W\u00f6rthersee, dove il <a href=\"https:\/\/www.villa-lido.at\/\">ristorante Villa Lido<\/a> e il <a href=\"https:\/\/www.sunsetklagenfurt.at\/\">bar Sunset<\/a>&nbsp; vi aspettano con bevande calde o <strong>specialit\u00e0 culinarie <\/strong>&nbsp;italiane e il lago W\u00f6rthersee si presenta in un&#8217;atmosfera molto speciale.<\/p>\n\n\n\n<p>\u00c8 possibile tornare in citt\u00e0 sia con Nextbike, con l&#8217;autobus urbano o in taxi. Gli sportivi completano volentieri i dieci chilometri facendo a piedi anche il ritorno.<\/p>\n\n\n\n<figure class=\"wp-block-gallery has-nested-images columns-default is-cropped wp-block-gallery-2 is-layout-flex wp-block-gallery-is-layout-flex\">\n<figure class=\"wp-block-image size-large\"><img decoding=\"async\" width=\"1020\" height=\"677\" data-id=\"30999\" src=\"https:\/\/www.visitklagenfurt.at\/wp-content\/uploads\/2021\/11\/sonnenuntergang_woerthersee_klagenfurt_f_Franz-Gerdl_c_Kaernten-Werbung.jpg\" alt=\"Blick auf W\u00f6rthersee bei Abendsonne und mit Schnee am Uferrand \" class=\"wp-image-30999\"\/><figcaption class=\"wp-element-caption\">(c) Franz Gerdl, KW<\/figcaption><\/figure>\n<\/figure>\n\n\n\n<h2 class=\"wp-block-heading\" id=\"h-3-visita-l-harry-potter-cafe\">3. Visita l&#8217;Harry Potter Caf\u00e9<\/h2>\n\n\n\n<p>Il modo migliore per prendersi una pausa dal giro turistico \u00e8 quello di gustare un caff\u00e8 o un t\u00e8 in uno dei ristoranti del centro citt\u00e0, come ad esempio l&#8217;elegante Caf\u00e9 am Platz, il <a href=\"https:\/\/www.phoenixbookcafe.com\/\">Phoenix Book Caf\u00e9<\/a> ispirato a Harry Potter&nbsp; o il Caf\u00e9 Domgassner con il suo fascino unico.<\/p>\n\n\n\n<figure class=\"wp-block-gallery has-nested-images columns-default is-cropped wp-block-gallery-3 is-layout-flex wp-block-gallery-is-layout-flex\">\n<figure class=\"wp-block-image size-large\"><img decoding=\"async\" width=\"1000\" height=\"666\" data-id=\"24067\" src=\"https:\/\/www.visitklagenfurt.at\/wp-content\/uploads\/2021\/07\/Phoenix-Buchcafe_KLU_c_Nicole-Hubmann-3-1.jpg\" alt=\"der 1.Stock des Phoenix Book Caf\u00e9s mit samt\u00fcberzogenen Ohrensesseln, Teppichboden, einem Besen, dem Nimbus 2000 und B\u00fccherregalen mit vielen Fanartikeln von Harry Potter\" class=\"wp-image-24067\"\/><figcaption class=\"wp-element-caption\">(c) KLAMAG, NH<\/figcaption><\/figure>\n<\/figure>\n\n\n\n<h2 class=\"wp-block-heading\" id=\"h-4-pattinaggio-sul-ghiaccio-sul-canale-lend\">4. Pattinaggio sul ghiaccio sul canale Lend<\/h2>\n\n\n\n<p>Le attivit\u00e0 intorno alla citt\u00e0 e al lago W\u00f6rthersee fanno di Klagenfurt una destinazione top anche in inverno. Con un po&#8217; di fortuna, soprattutto a partire da gennaio, il <strong>Lendkanal <\/strong>e i <strong>laghetti sul Kreuzbergl <\/strong>&nbsp;attendono gli ospiti per un paio di giri sui pattini.<\/p>\n\n\n\n<p>\u00c8 quasi certo che il canale di Lend geler\u00e0 per un&nbsp;&nbsp; buon chilometro e mezzo&nbsp; <strong>tra il Lendhafen e il ponte Rizzibr\u00fccke<\/strong> a partire da gennaio. <a href=\"https:\/\/www.visitklagenfurt.at\/de\/blog\/urlaub-freizeit\/eislaufen\/\">Pattinaggio su ghiaccio naturale<\/a> nel centro della citt\u00e0: un sogno invernale assoluto! Per riscaldarvi, la <a href=\"https:\/\/www.hafenstadt.at\/\">Hafenstadt<\/a> e il <a href=\"https:\/\/www.facebook.com\/profile.php?id=100063601961291\">Lendhafencaf\u00e9<\/a> vi attirano&nbsp; con t\u00e8 e caff\u00e8 caldi o bevande fresche!<\/p>\n\n\n\n<figure class=\"wp-block-gallery has-nested-images columns-default is-cropped wp-block-gallery-4 is-layout-flex wp-block-gallery-is-layout-flex\">\n<figure class=\"wp-block-image size-large\"><img loading=\"lazy\" decoding=\"async\" width=\"1024\" height=\"684\" data-id=\"4417\" src=\"https:\/\/www.visitklagenfurt.at\/wp-content\/uploads\/2021\/01\/sport_eislaufen_winter_lendkanal_c-arnold_poschl_1-web-1024x684.jpeg\" alt=\"Natureislaufen auf der Lend in Klagenfurt \" class=\"wp-image-4417\" srcset=\"https:\/\/www.visitklagenfurt.at\/wp-content\/uploads\/2021\/01\/sport_eislaufen_winter_lendkanal_c-arnold_poschl_1-web-1024x684.jpeg 1024w, https:\/\/www.visitklagenfurt.at\/wp-content\/uploads\/2021\/01\/sport_eislaufen_winter_lendkanal_c-arnold_poschl_1-web-300x200.jpeg 300w, https:\/\/www.visitklagenfurt.at\/wp-content\/uploads\/2021\/01\/sport_eislaufen_winter_lendkanal_c-arnold_poschl_1-web-768x513.jpeg 768w, https:\/\/www.visitklagenfurt.at\/wp-content\/uploads\/2021\/01\/sport_eislaufen_winter_lendkanal_c-arnold_poschl_1-web-1536x1025.jpeg 1536w, https:\/\/www.visitklagenfurt.at\/wp-content\/uploads\/2021\/01\/sport_eislaufen_winter_lendkanal_c-arnold_poschl_1-web.jpeg 2048w\" sizes=\"(max-width: 1024px) 100vw, 1024px\" \/><figcaption class=\"wp-element-caption\">(c) Arnold P\u00f6schl<\/figcaption><\/figure>\n<\/figure>\n\n\n\n<h2 class=\"wp-block-heading\" id=\"h-5-esplora-le-destinazioni-delle-escursioni\">5. Esplora le destinazioni delle escursioni<\/h2>\n\n\n\n<p>Tutte le mete escursionistiche descritte a Klagenfurt sono facilmente raggiungibili. Che si tratti di un magnifico panorama ad un&#8217;altezza vertiginosa sul Pyramidenkogel, di una visita al Wappensaal o di una visita al Lindwurm. Con queste grandi possibilit\u00e0, hai la garanzia di non annoiarti.<\/p>\n\n\n\n<p>Non dimenticate: con la <a href=\"https:\/\/www.kaerntencard.at\/winter\/\">K\u00e4rtnten Card<\/a> ci sono numerosi sconti!<\/p>\n\n\n\n<h3 class=\"wp-block-heading\">Lindwurm<\/h3>\n\n\n\n<p>Durante una passeggiata per la citt\u00e0, \u00e8 d&#8217;obbligo dare <a href=\"https:\/\/www.visitklagenfurt.at\/de\/blog\/sehenswertes-ausfluege\/lindwurm-lindwurmbrunnen\/\"><\/a>&nbsp;un&#8217;occhiata pi\u00f9 da vicino al Lindwurm: il materiale con cui \u00e8 realizzato il simbolo di Klagenfurt proviene dalla vicina Kreuzbergl. Ercole e Maria Teresa custodiscono sulla Neuer Platz l&#8217;animale araldico, simbolo della citt\u00e0.<\/p>\n\n\n\n<figure class=\"wp-block-gallery has-nested-images columns-default is-cropped wp-block-gallery-5 is-layout-flex wp-block-gallery-is-layout-flex\">\n<figure class=\"wp-block-image size-large\"><img loading=\"lazy\" decoding=\"async\" width=\"1920\" height=\"1280\" data-id=\"32381\" src=\"https:\/\/www.visitklagenfurt.at\/wp-content\/uploads\/2021\/12\/2.-sehenswertes_lindwurm_winter_neuer_platz_c-pixelpoint_multimedia_1-original.jpeg\" alt=\"Schneebedeckter Lindwurm in Klagenfurt \" class=\"wp-image-32381\"\/><figcaption class=\"wp-element-caption\">(c) Pixelpoint Multimedia<\/figcaption><\/figure>\n<\/figure>\n\n\n\n<h3 class=\"wp-block-heading\" id=\"h-sala-degli-stemmi-nel-landhaus\">Sala degli stemmi nel Landhaus<\/h3>\n\n\n\n<p>Merita una visita la <a href=\"https:\/\/landesmuseum.ktn.gv.at\/standorte\/wappensaal\">Sala degli Stemmi del Landhaus<\/a>, dove Josef Ferdinand Fromiller, il pi\u00f9 famoso pittore barocco della Carinzia, cre\u00f2 una delle sale pi\u00f9 belle e imponenti del paese. Qui \u00e8 esposto anche lo storico F\u00fcrstenstein, simbolo del potere signorile nel corso dei secoli.<\/p>\n\n\n\n<figure class=\"wp-block-gallery has-nested-images columns-default is-cropped wp-block-gallery-6 is-layout-flex wp-block-gallery-is-layout-flex\">\n<figure class=\"wp-block-image size-large\"><img loading=\"lazy\" decoding=\"async\" width=\"1000\" height=\"666\" data-id=\"5959\" src=\"https:\/\/www.visitklagenfurt.at\/wp-content\/uploads\/2021\/02\/Landesmuseum-Kaernten-01LMK_Grosser_Wappensaal_im_Landhaus_Klagenfurt-c-Peter-Germ-Lippitz.jpg\" alt=\"Wappensaal, Landhaus, Landesmuseum, 9020 Klagenfurt am W\u00f6rthersee, Ausstellung, Galerie, Kunst, Skulpturen, Installationen, Bilder, Malerei, Fotografie\" class=\"wp-image-5959\" srcset=\"https:\/\/www.visitklagenfurt.at\/wp-content\/uploads\/2021\/02\/Landesmuseum-Kaernten-01LMK_Grosser_Wappensaal_im_Landhaus_Klagenfurt-c-Peter-Germ-Lippitz.jpg 1000w, https:\/\/www.visitklagenfurt.at\/wp-content\/uploads\/2021\/02\/Landesmuseum-Kaernten-01LMK_Grosser_Wappensaal_im_Landhaus_Klagenfurt-c-Peter-Germ-Lippitz-300x200.jpg 300w, https:\/\/www.visitklagenfurt.at\/wp-content\/uploads\/2021\/02\/Landesmuseum-Kaernten-01LMK_Grosser_Wappensaal_im_Landhaus_Klagenfurt-c-Peter-Germ-Lippitz-768x511.jpg 768w\" sizes=\"(max-width: 1000px) 100vw, 1000px\" \/><figcaption class=\"wp-element-caption\">(c) Peter Germ-Lippitz<\/figcaption><\/figure>\n<\/figure>\n\n\n\n<h3 class=\"wp-block-heading\" id=\"h-pyramidenkogel\">Pyramidenkogel<\/h3>\n\n\n\n<p>Se siete alla ricerca di una vista speciale su Klagenfurt e la Carinzia, non dovete perdervi una visita al <a href=\"https:\/\/www.pyramidenkogel.info\/\">Pyramidenkogel<\/a>. La torre di osservazione in legno pi\u00f9 alta del mondo colpisce dal basso con il suo design unico a forma di elica e il panorama mozzafiato dall&#8217;alto. Da 905 metri sul livello del mare, si gode di una vista panoramica unica sulla Carinzia e sul suo impressionante paesaggio montano e lacustre.<\/p>\n\n\n\n<figure class=\"wp-block-gallery has-nested-images columns-default is-cropped wp-block-gallery-7 is-layout-flex wp-block-gallery-is-layout-flex\">\n<figure class=\"wp-block-image size-full\"><img loading=\"lazy\" decoding=\"async\" width=\"1309\" height=\"1047\" data-id=\"30988\" src=\"https:\/\/www.visitklagenfurt.at\/wp-content\/uploads\/2021\/10\/pyramidenkogel_winter_c-Gert-Steinthaler-2-2.jpg\" alt=\"Blick auf Pyramidenkogel mit Aussicht auf den winterlichen W\u00f6rthersee \" class=\"wp-image-30988\"\/><figcaption class=\"wp-element-caption\">(c) Gert Steinthaler<\/figcaption><\/figure>\n<\/figure>\n\n\n\n<h2 class=\"wp-block-heading\" id=\"h-6-goditi-la-natura\">6. Goditi la natura<\/h2>\n\n\n\n<p>Klagenfurt offre anche molte opportunit\u00e0 per <strong>gli amanti della natura attiva<\/strong> lontano dal centro citt\u00e0: primo fra tutti il Bodental, a una buona mezz&#8217;ora di auto da Klagenfurt verso la Slovenia. Partendo dal Gasthof Sereinig o dal parcheggio del Gasthof Bodenbauer, una facile escursione invernale attraverso il Bodental innevato nel mezzo delle Caravanche \u00e8 un&#8217;avventura speciale.<\/p>\n\n\n\n<h3 class=\"wp-block-heading\" id=\"h-meerauge-nella-valle-bodental-e-il-marchenwiese-prato-da-favola\">Meerauge nella valle Bodental e il M\u00e4rchenwiese &#8211; prato da favola<\/h3>\n\n\n\n<p>Sulla strada per il famoso &#8220;<strong>M\u00e4rchenwiese<\/strong>&#8221; passerete davanti allo stagno &#8220;<strong>Meerauge<\/strong>&#8221; (occhio del mare), che offre uno spettacolo naturale speciale nei mesi invernali. Il <a href=\"https:\/\/www.kaernten.at\/sehenswertes\/naturerlebnisse\/meerauge-bodental\/\">Meerauge<\/a> \u00e8 una buca di ghiaccio morta, creata da un ghiacciaio durante l\u2019era glaciale con uno stagno al centro. Si trova a 1.052 metri sul livello del mare ed \u00e8 accessibile da attraverso un sentiero ben protetto.<\/p>\n\n\n\n<p>La caratteristica colorazione turchese dell&#8217;acqua \u00e8 causata dalle alghe. La formazione del Meerauge pu\u00f2 essere fatta risalire all&#8217;ultima era glaciale: un luogo perfetto per una foto straordinaria!<\/p>\n\n\n\n<figure class=\"wp-block-gallery has-nested-images columns-default is-cropped wp-block-gallery-8 is-layout-flex wp-block-gallery-is-layout-flex\">\n<figure class=\"wp-block-image size-full\"><img loading=\"lazy\" decoding=\"async\" width=\"1020\" height=\"680\" data-id=\"30984\" src=\"https:\/\/www.visitklagenfurt.at\/wp-content\/uploads\/2021\/11\/meerauge_lukas-lenhardt.jpg\" alt=\"Vogelperspektive auf das Meerauge umgeben von einer verschneiten winterlichen Waldlandschaft \" class=\"wp-image-30984\"\/><figcaption class=\"wp-element-caption\">(c) Lukas Lenhardt<\/figcaption><\/figure>\n<\/figure>\n\n\n\n<figure class=\"wp-block-gallery has-nested-images columns-default is-cropped wp-block-gallery-9 is-layout-flex wp-block-gallery-is-layout-flex\">\n<figure class=\"wp-block-image size-large\"><img loading=\"lazy\" decoding=\"async\" width=\"1020\" height=\"680\" data-id=\"33386\" src=\"https:\/\/www.visitklagenfurt.at\/wp-content\/uploads\/2022\/02\/das_meerauge_im_winterlichen_bodental_in_kaernten-original_f_Michael-Stabentheiner_c_Kaernten-Werbung-2.jpg\" alt=\"strahlend blaues Meerauge umgeben von einer winterlich wei\u00dfen Schneelandschaft\" class=\"wp-image-33386\"\/><figcaption class=\"wp-element-caption\">(c) KW, Michael Stabentheiner<\/figcaption><\/figure>\n<\/figure>\n\n\n\n<p>Se seguite il sentiero verso la <strong>malga Ogrisalm<\/strong>, la vostra escursione invernale vi condurr\u00e0 al M\u00e4rchenwiese, uno dei prati di montagna pi\u00f9 belli della Carinzia. Al pi\u00f9 tardi quando alti alberi e imponenti cime montuose si incontrano tutt&#8217;intorno, ci si perde nel cuore della straordinaria valle.&nbsp;<\/p>\n\n\n\n<figure class=\"wp-block-gallery has-nested-images columns-default is-cropped wp-block-gallery-10 is-layout-flex wp-block-gallery-is-layout-flex\">\n<figure class=\"wp-block-image size-large\"><img loading=\"lazy\" decoding=\"async\" width=\"1440\" height=\"1800\" data-id=\"33378\" src=\"https:\/\/www.visitklagenfurt.at\/wp-content\/uploads\/2022\/02\/6fbcf88ffde2e1cf38792230de78ea80.jpg\" alt=\"verschneite Winderlandschaft auf dem Weg zur Ogrisalm\" class=\"wp-image-33378\"\/><figcaption class=\"wp-element-caption\">(c) IG, wued.oim<\/figcaption><\/figure>\n<\/figure>\n\n\n\n<h3 class=\"wp-block-heading\" id=\"h-kreuzbergl\">Kreuzbergl<\/h3>\n\n\n\n<p>Il Kreuzbergl si trova a soli venti minuti a piedi dal centro della citt\u00e0. Molte persone usano la &#8220;montagna locale&#8221; di Klagenfurt per passeggiare e correre o per una visita al <a href=\"http:\/\/www.landesmuseum.ktn.gv.at\/210227_DE-LMK-MuseenStandorte.?aussenstelle=4\">giardino botanico<\/a>, all&#8217;<a href=\"http:\/\/www.avk.at\/index.php\/sternwarte-klagenfurt\">osservatorio<\/a> o alla chiesa <a href=\"https:\/\/www.visitklagenfurt.at\/de\/entdecken-und-erleben\/sehenswertes\/319-kreuzberglkirche.html\">Kreuzberglkirche<\/a>. Diversi piccoli stagni e un&#8217;ampia area boschiva offrono ai visitatori un vero idillio naturale con vista su Klagenfurt.<\/p>\n\n\n\n<p>Le delizie culinarie si possono trovare in alcuni ristoranti sul Kreuzbergl e nei dintorni. Soprattutto la gasthaus <a href=\"https:\/\/www.schweizerhaus.co.at\/\">Schweizerhaus<\/a> con vista diretta sul centro citt\u00e0 e l&#8217;eccellente cucina austriaca vanno sottolineati qui. Dal punto panoramico &#8220;<strong>Zillh\u00f6he<\/strong>&#8221; si gode anche di una vista indimenticabile sul lago W\u00f6rthersee e sulla baia orientale.<\/p>\n\n\n\n<figure class=\"wp-block-gallery has-nested-images columns-default is-cropped wp-block-gallery-11 is-layout-flex wp-block-gallery-is-layout-flex\">\n<figure class=\"wp-block-image size-full\"><img loading=\"lazy\" decoding=\"async\" width=\"765\" height=\"1020\" data-id=\"30240\" src=\"https:\/\/www.visitklagenfurt.at\/wp-content\/uploads\/2021\/10\/IMG_1662.jpg\" alt=\"Ausblick auf ein verschneites Klagenfurt im Winter\" class=\"wp-image-30240\"\/><figcaption class=\"wp-element-caption\">(c) Martina Valentinitsch<\/figcaption><\/figure>\n<\/figure>\n\n\n\n<h2 class=\"wp-block-heading\" id=\"h-7-trascorri-una-giornata-di-benessere\">7. Trascorri una giornata di benessere<\/h2>\n\n\n\n<p>Oltre a una variet\u00e0 di attivit\u00e0 all&#8217;aperto, c&#8217;\u00e8 naturalmente anche spazio sufficiente per un relax esclusivo in un ambiente speciale nei centri benessere di Klagenfurt.<\/p>\n\n\n\n<p>Il <a href=\"https:\/\/www.dasseepark.at\/de\/\">Seepark W\u00f6rthersee Resort<\/a> direttamente sul Lendkanal offre anche agli ospiti giornalieri la possibilit\u00e0 di farsi coccolare nell&#8217;area benessere dell&#8217;hotel in saune<strong>, bagno turco, tepidarium e piscina <\/strong>o con un trattamento straordinario o un massaggio fino alle 22. Consigliati soprattutto in inverno: il peeling completo del corpo e il <strong>massaggio alla schiena <\/strong>con olio di arancia e cannella!<\/p>\n\n\n\n<p>Un vero e proprio consiglio da insider \u00e8 anche l&#8217;<a href=\"https:\/\/www.dermuth.at\/\">Hotel Dermuth<\/a>, recentemente rinnovato, che offre camere straordinarie con un tocco italiano e una meravigliosa offerta benessere. Ci si pu\u00f2 rilassare perfettamente non solo nell&#8217;<strong>area relax con vista <\/strong>sul giardino, ma anche nel <strong>Giovanni Bar<\/strong>, che combina perfettamente l&#8217;oldstyle con un tocco moderno, non solo nei drink.<\/p>\n\n\n\n<figure class=\"wp-block-gallery has-nested-images columns-default is-cropped wp-block-gallery-12 is-layout-flex wp-block-gallery-is-layout-flex\">\n<figure class=\"wp-block-image size-large is-resized\"><img loading=\"lazy\" decoding=\"async\" width=\"1024\" height=\"683\" data-id=\"1310\" src=\"https:\/\/www.visitklagenfurt.at\/wp-content\/uploads\/2020\/09\/Seepark-Hotel-Daniel-Waschnig-2018-06-25-1024x683.jpg\" alt=\"2 Frauen in Sauna beim Wellnessen im Seepark Hotel in Klagenfurt\" class=\"wp-image-1310\" srcset=\"https:\/\/www.visitklagenfurt.at\/wp-content\/uploads\/2020\/09\/Seepark-Hotel-Daniel-Waschnig-2018-06-25-1024x683.jpg 1024w, https:\/\/www.visitklagenfurt.at\/wp-content\/uploads\/2020\/09\/Seepark-Hotel-Daniel-Waschnig-2018-06-25-300x200.jpg 300w, https:\/\/www.visitklagenfurt.at\/wp-content\/uploads\/2020\/09\/Seepark-Hotel-Daniel-Waschnig-2018-06-25-768x512.jpg 768w, https:\/\/www.visitklagenfurt.at\/wp-content\/uploads\/2020\/09\/Seepark-Hotel-Daniel-Waschnig-2018-06-25-1536x1024.jpg 1536w, https:\/\/www.visitklagenfurt.at\/wp-content\/uploads\/2020\/09\/Seepark-Hotel-Daniel-Waschnig-2018-06-25-2048x1365.jpg 2048w\" sizes=\"(max-width: 1024px) 100vw, 1024px\" \/><figcaption class=\"wp-element-caption\">(c) Das Seepark, Daniel Waschnig<\/figcaption><\/figure>\n<\/figure>\n\n\n\n<h2 class=\"wp-block-heading\" id=\"h-una-splendida-vacanza-invernale\">Una splendida vacanza invernale<\/h2>\n\n\n\n<p>Se in inverno avete voglia di una <strong>gita rilassata in citt\u00e0, <\/strong>piacevole e variegata, Klagenfurt am W\u00f6rthersee \u00e8 sicuramente il posto giusto per voi. Essendo un luogo popolare per i vacanzieri estivi di tutto il mondo, vale la pena visitare la citt\u00e0 sul lago W\u00f6rthersee una volta nei mesi invernali perch\u00e9 sar\u00e1 una splendida sorpresa.<\/p>\n\n\n\n<p>Che si&nbsp; tratti di una <strong>romantica passeggiata in citt\u00e0<\/strong> nel centro rinascimentale illuminato, di <strong>escursioni invernali nella natura<\/strong>, passeggiate o semplicemente per il relax, Klagenfurt ha il posto giusto per tutti i gusti e per tutte le esigenze.<\/p>\n","protected":false},"excerpt":{"rendered":"<p>Una gita in citt\u00e0 a Klagenfurt am W\u00f6rthersee in inverno \u00e8 un&#8217;occasione perfetta per conoscere la metropoli del W\u00f6rthersee da un lato completamente diverso. Nonostante la citt\u00e0 sia una meta di vacanza estremamente popolare per la sua vicinanza a montagne e laghi, soprattutto in estate, risulta essere una vera e propria meraviglia anche lontana dalla stagione estiva.<\/p>\n","protected":false},"author":14,"featured_media":46587,"comment_status":"closed","ping_status":"closed","sticky":false,"template":"","format":"standard","meta":{"footnotes":""},"categories":[261],"tags":[889,370,454],"class_list":["post-71020","post","type-post","status-publish","format-standard","has-post-thumbnail","hentry","category-vacanze-tempo-libero","tag-inverno-2","tag-vacanze-tempo-libero","tag-inverno"],"yoast_head":"<!-- This site is optimized with the Yoast SEO plugin v27.5 - https:\/\/yoast.com\/product\/yoast-seo-wordpress\/ -->\n<title>Consigli per la vostra vacanza invernale a Klagenfurt | visitklagenfurt<\/title>\n<meta name=\"description\" content=\"Paesaggio innevato, lunghe passeggiate nella natura, visite al centro storico. I migliori consigli per una vacanza invernale a Klagenfurt.\" \/>\n<meta name=\"robots\" content=\"index, follow, max-snippet:-1, max-image-preview:large, max-video-preview:-1\" \/>\n<link rel=\"canonical\" href=\"https:\/\/www.visitklagenfurt.at\/it\/blog-it\/vacanze-tempo-libero\/vacanza-invernale-a-klagenfurt\/\" \/>\n<meta property=\"og:locale\" content=\"it_IT\" \/>\n<meta property=\"og:type\" content=\"article\" \/>\n<meta property=\"og:title\" content=\"I nostri consigli per una fantastica vacanza invernale a Klagenfurt am W\u00f6rthersee | visitklagenfurt\" \/>\n<meta property=\"og:description\" content=\"Citytrip im Winter? Ein Urlaub in Klagenfurt kann auch abseits vom Sommertrubel richtig was \u2013 wir haben die besten Tipps f\u00fcr einen Winterurlaub in der W\u00f6rtherseestadt!\" \/>\n<meta property=\"og:url\" content=\"https:\/\/www.visitklagenfurt.at\/it\/blog-it\/vacanze-tempo-libero\/vacanza-invernale-a-klagenfurt\/\" \/>\n<meta property=\"og:site_name\" content=\"visitklagenfurt\" \/>\n<meta property=\"article:published_time\" content=\"2024-10-17T14:00:56+00:00\" \/>\n<meta property=\"article:modified_time\" content=\"2024-10-17T14:24:36+00:00\" \/>\n<meta property=\"og:image\" content=\"https:\/\/www.visitklagenfurt.at\/wp-content\/uploads\/2022\/11\/woerthersee_winter_landschaft-original_f_Michael-Stabentheiner_c_Kaernten-Werbung_84676c0c-652d-4e6f-87c6-8c322ad22323.jpeg\" \/>\n\t<meta property=\"og:image:width\" content=\"1920\" \/>\n\t<meta property=\"og:image:height\" content=\"1280\" \/>\n\t<meta property=\"og:image:type\" content=\"image\/jpeg\" \/>\n<meta name=\"author\" content=\"Manuela Mark\" \/>\n<meta name=\"twitter:card\" content=\"summary_large_image\" \/>\n<meta name=\"twitter:label1\" content=\"Scritto da\" \/>\n\t<meta name=\"twitter:data1\" content=\"Manuela Mark\" \/>\n\t<meta name=\"twitter:label2\" content=\"Tempo di lettura stimato\" \/>\n\t<meta name=\"twitter:data2\" content=\"10 minuti\" \/>\n<script type=\"application\/ld+json\" class=\"yoast-schema-graph\">{\"@context\":\"https:\\\/\\\/schema.org\",\"@graph\":[{\"@type\":\"Article\",\"@id\":\"https:\\\/\\\/www.visitklagenfurt.at\\\/it\\\/blog-it\\\/vacanze-tempo-libero\\\/vacanza-invernale-a-klagenfurt\\\/#article\",\"isPartOf\":{\"@id\":\"https:\\\/\\\/www.visitklagenfurt.at\\\/it\\\/blog-it\\\/vacanze-tempo-libero\\\/vacanza-invernale-a-klagenfurt\\\/\"},\"author\":{\"name\":\"Manuela Mark\",\"@id\":\"https:\\\/\\\/www.visitklagenfurt.at\\\/it\\\/#\\\/schema\\\/person\\\/e8b5105fb351ebafb828d30285659218\"},\"headline\":\"I nostri consigli per una fantastica vacanza invernale a Klagenfurt am W\u00f6rthersee\",\"datePublished\":\"2024-10-17T14:00:56+00:00\",\"dateModified\":\"2024-10-17T14:24:36+00:00\",\"mainEntityOfPage\":{\"@id\":\"https:\\\/\\\/www.visitklagenfurt.at\\\/it\\\/blog-it\\\/vacanze-tempo-libero\\\/vacanza-invernale-a-klagenfurt\\\/\"},\"wordCount\":1302,\"publisher\":{\"@id\":\"https:\\\/\\\/www.visitklagenfurt.at\\\/it\\\/#organization\"},\"image\":{\"@id\":\"https:\\\/\\\/www.visitklagenfurt.at\\\/it\\\/blog-it\\\/vacanze-tempo-libero\\\/vacanza-invernale-a-klagenfurt\\\/#primaryimage\"},\"thumbnailUrl\":\"https:\\\/\\\/www.visitklagenfurt.at\\\/wp-content\\\/uploads\\\/2022\\\/11\\\/woerthersee_winter_landschaft-original_f_Michael-Stabentheiner_c_Kaernten-Werbung_84676c0c-652d-4e6f-87c6-8c322ad22323.jpeg\",\"keywords\":[\"Inverno\",\"Urlaub &amp; Freizeit\",\"Winter\"],\"articleSection\":[\"Urlaub &amp; Freizeit\"],\"inLanguage\":\"it-IT\"},{\"@type\":\"WebPage\",\"@id\":\"https:\\\/\\\/www.visitklagenfurt.at\\\/it\\\/blog-it\\\/vacanze-tempo-libero\\\/vacanza-invernale-a-klagenfurt\\\/\",\"url\":\"https:\\\/\\\/www.visitklagenfurt.at\\\/it\\\/blog-it\\\/vacanze-tempo-libero\\\/vacanza-invernale-a-klagenfurt\\\/\",\"name\":\"Consigli per la vostra vacanza invernale a Klagenfurt | visitklagenfurt\",\"isPartOf\":{\"@id\":\"https:\\\/\\\/www.visitklagenfurt.at\\\/it\\\/#website\"},\"primaryImageOfPage\":{\"@id\":\"https:\\\/\\\/www.visitklagenfurt.at\\\/it\\\/blog-it\\\/vacanze-tempo-libero\\\/vacanza-invernale-a-klagenfurt\\\/#primaryimage\"},\"image\":{\"@id\":\"https:\\\/\\\/www.visitklagenfurt.at\\\/it\\\/blog-it\\\/vacanze-tempo-libero\\\/vacanza-invernale-a-klagenfurt\\\/#primaryimage\"},\"thumbnailUrl\":\"https:\\\/\\\/www.visitklagenfurt.at\\\/wp-content\\\/uploads\\\/2022\\\/11\\\/woerthersee_winter_landschaft-original_f_Michael-Stabentheiner_c_Kaernten-Werbung_84676c0c-652d-4e6f-87c6-8c322ad22323.jpeg\",\"datePublished\":\"2024-10-17T14:00:56+00:00\",\"dateModified\":\"2024-10-17T14:24:36+00:00\",\"description\":\"Paesaggio innevato, lunghe passeggiate nella natura, visite al centro storico. I migliori consigli per una vacanza invernale a Klagenfurt.\",\"breadcrumb\":{\"@id\":\"https:\\\/\\\/www.visitklagenfurt.at\\\/it\\\/blog-it\\\/vacanze-tempo-libero\\\/vacanza-invernale-a-klagenfurt\\\/#breadcrumb\"},\"inLanguage\":\"it-IT\",\"potentialAction\":[{\"@type\":\"ReadAction\",\"target\":[\"https:\\\/\\\/www.visitklagenfurt.at\\\/it\\\/blog-it\\\/vacanze-tempo-libero\\\/vacanza-invernale-a-klagenfurt\\\/\"]}]},{\"@type\":\"ImageObject\",\"inLanguage\":\"it-IT\",\"@id\":\"https:\\\/\\\/www.visitklagenfurt.at\\\/it\\\/blog-it\\\/vacanze-tempo-libero\\\/vacanza-invernale-a-klagenfurt\\\/#primaryimage\",\"url\":\"https:\\\/\\\/www.visitklagenfurt.at\\\/wp-content\\\/uploads\\\/2022\\\/11\\\/woerthersee_winter_landschaft-original_f_Michael-Stabentheiner_c_Kaernten-Werbung_84676c0c-652d-4e6f-87c6-8c322ad22323.jpeg\",\"contentUrl\":\"https:\\\/\\\/www.visitklagenfurt.at\\\/wp-content\\\/uploads\\\/2022\\\/11\\\/woerthersee_winter_landschaft-original_f_Michael-Stabentheiner_c_Kaernten-Werbung_84676c0c-652d-4e6f-87c6-8c322ad22323.jpeg\",\"width\":1920,\"height\":1280},{\"@type\":\"BreadcrumbList\",\"@id\":\"https:\\\/\\\/www.visitklagenfurt.at\\\/it\\\/blog-it\\\/vacanze-tempo-libero\\\/vacanza-invernale-a-klagenfurt\\\/#breadcrumb\",\"itemListElement\":[{\"@type\":\"ListItem\",\"position\":1,\"name\":\"visitklagenfurt\",\"item\":\"https:\\\/\\\/www.visitklagenfurt.at\\\/it\\\/\"},{\"@type\":\"ListItem\",\"position\":2,\"name\":\"Blog-it\",\"item\":\"https:\\\/\\\/www.visitklagenfurt.at\\\/it\\\/category\\\/blog-it\\\/\"},{\"@type\":\"ListItem\",\"position\":3,\"name\":\"Urlaub &amp; Freizeit\",\"item\":\"https:\\\/\\\/www.visitklagenfurt.at\\\/it\\\/category\\\/blog-it\\\/vacanze-tempo-libero\\\/\"},{\"@type\":\"ListItem\",\"position\":4,\"name\":\"I nostri consigli per una fantastica vacanza invernale a Klagenfurt am W\u00f6rthersee\"}]},{\"@type\":\"WebSite\",\"@id\":\"https:\\\/\\\/www.visitklagenfurt.at\\\/it\\\/#website\",\"url\":\"https:\\\/\\\/www.visitklagenfurt.at\\\/it\\\/\",\"name\":\"visitklagenfurt\",\"description\":\"\",\"publisher\":{\"@id\":\"https:\\\/\\\/www.visitklagenfurt.at\\\/it\\\/#organization\"},\"potentialAction\":[{\"@type\":\"SearchAction\",\"target\":{\"@type\":\"EntryPoint\",\"urlTemplate\":\"https:\\\/\\\/www.visitklagenfurt.at\\\/it\\\/?s={search_term_string}\"},\"query-input\":{\"@type\":\"PropertyValueSpecification\",\"valueRequired\":true,\"valueName\":\"search_term_string\"}}],\"inLanguage\":\"it-IT\"},{\"@type\":\"Organization\",\"@id\":\"https:\\\/\\\/www.visitklagenfurt.at\\\/it\\\/#organization\",\"name\":\"Tourismus Region Klagenfurt am W\u00f6rthersee GmbH\",\"url\":\"https:\\\/\\\/www.visitklagenfurt.at\\\/it\\\/\",\"logo\":{\"@type\":\"ImageObject\",\"inLanguage\":\"it-IT\",\"@id\":\"https:\\\/\\\/www.visitklagenfurt.at\\\/it\\\/#\\\/schema\\\/logo\\\/image\\\/\",\"url\":\"https:\\\/\\\/www.visitklagenfurt.at\\\/wp-content\\\/uploads\\\/2022\\\/03\\\/DT_K_Klagenfurt_S_RGB.png\",\"contentUrl\":\"https:\\\/\\\/www.visitklagenfurt.at\\\/wp-content\\\/uploads\\\/2022\\\/03\\\/DT_K_Klagenfurt_S_RGB.png\",\"width\":2082,\"height\":1511,\"caption\":\"Tourismus Region Klagenfurt am W\u00f6rthersee GmbH\"},\"image\":{\"@id\":\"https:\\\/\\\/www.visitklagenfurt.at\\\/it\\\/#\\\/schema\\\/logo\\\/image\\\/\"}},{\"@type\":\"Person\",\"@id\":\"https:\\\/\\\/www.visitklagenfurt.at\\\/it\\\/#\\\/schema\\\/person\\\/e8b5105fb351ebafb828d30285659218\",\"name\":\"Manuela Mark\",\"image\":{\"@type\":\"ImageObject\",\"inLanguage\":\"it-IT\",\"@id\":\"https:\\\/\\\/www.visitklagenfurt.at\\\/wp-content\\\/uploads\\\/2020\\\/10\\\/manuela_mark_redakteur.jpg\",\"url\":\"https:\\\/\\\/www.visitklagenfurt.at\\\/wp-content\\\/uploads\\\/2020\\\/10\\\/manuela_mark_redakteur.jpg\",\"contentUrl\":\"https:\\\/\\\/www.visitklagenfurt.at\\\/wp-content\\\/uploads\\\/2020\\\/10\\\/manuela_mark_redakteur.jpg\",\"caption\":\"Manuela Mark\"},\"description\":\"Aufgewachsen in Wien, hat es mich im jungen Alter von 18 Jahren nach Klagenfurt verschlagen. Habe ich schon in Kindheitstagen mein Herz an die Berge, Seen und nicht zuletzt St\u00e4dte des S\u00fcdens verloren, genie\u00dfe ich seither jeden Tag in meiner Wahlheimat. Ich habe in Klagenfurt Germanistik studiert und bin seit 2020 als Werbetexterin selbstst\u00e4ndig. Ich lebe, um zu schreiben, oder ich schreibe, um zu leben \u2013 und wo ginge das besser, als in der wundersch\u00f6nen W\u00f6rtherseestadt? Als geborenes Stadtkind vermag ich einen anderen Blick auf die hiesigen Dinge zu haben, gerne kombiniere ich meinen k\u00e4rntnerischen Alltag mit viel Wiener Schm\u00e4h, vielleicht manchmal mit \u201ea bissale\u201c einem Grant, sicherlich aber immer mit einer gro\u00dfen Portion Euphorie f\u00fcr alles, das mir hier t\u00e4glich begegnet. Als vielseitige Jungmama trifft man mich am ehesten mit Shoppingt\u00fcten in der Hand, auf meinem Mountainbike oder mit meiner Familie in See-N\u00e4he. \u00dcber Klagenfurt habe ich so einiges zu erz\u00e4hlen und freue mich, euch von Geschichten und Tipps rund um Familie, Outdoor und Insiderwissen zu berichten.\",\"sameAs\":[\"http:\\\/\\\/www.manumarkant.at\",\"https:\\\/\\\/www.instagram.com\\\/manumark.ant\\\/\"],\"url\":\"https:\\\/\\\/www.visitklagenfurt.at\\\/it\\\/author\\\/manuela_mark\\\/\"}]}<\/script>\n<!-- \/ Yoast SEO plugin. -->","yoast_head_json":{"title":"Consigli per la vostra vacanza invernale a Klagenfurt | visitklagenfurt","description":"Paesaggio innevato, lunghe passeggiate nella natura, visite al centro storico. I migliori consigli per una vacanza invernale a Klagenfurt.","robots":{"index":"index","follow":"follow","max-snippet":"max-snippet:-1","max-image-preview":"max-image-preview:large","max-video-preview":"max-video-preview:-1"},"canonical":"https:\/\/www.visitklagenfurt.at\/it\/blog-it\/vacanze-tempo-libero\/vacanza-invernale-a-klagenfurt\/","og_locale":"it_IT","og_type":"article","og_title":"I nostri consigli per una fantastica vacanza invernale a Klagenfurt am W\u00f6rthersee | visitklagenfurt","og_description":"Citytrip im Winter? Ein Urlaub in Klagenfurt kann auch abseits vom Sommertrubel richtig was \u2013 wir haben die besten Tipps f\u00fcr einen Winterurlaub in der W\u00f6rtherseestadt!","og_url":"https:\/\/www.visitklagenfurt.at\/it\/blog-it\/vacanze-tempo-libero\/vacanza-invernale-a-klagenfurt\/","og_site_name":"visitklagenfurt","article_published_time":"2024-10-17T14:00:56+00:00","article_modified_time":"2024-10-17T14:24:36+00:00","og_image":[{"width":1920,"height":1280,"url":"https:\/\/www.visitklagenfurt.at\/wp-content\/uploads\/2022\/11\/woerthersee_winter_landschaft-original_f_Michael-Stabentheiner_c_Kaernten-Werbung_84676c0c-652d-4e6f-87c6-8c322ad22323.jpeg","type":"image\/jpeg"}],"author":"Manuela Mark","twitter_card":"summary_large_image","twitter_misc":{"Scritto da":"Manuela Mark","Tempo di lettura stimato":"10 minuti"},"schema":{"@context":"https:\/\/schema.org","@graph":[{"@type":"Article","@id":"https:\/\/www.visitklagenfurt.at\/it\/blog-it\/vacanze-tempo-libero\/vacanza-invernale-a-klagenfurt\/#article","isPartOf":{"@id":"https:\/\/www.visitklagenfurt.at\/it\/blog-it\/vacanze-tempo-libero\/vacanza-invernale-a-klagenfurt\/"},"author":{"name":"Manuela Mark","@id":"https:\/\/www.visitklagenfurt.at\/it\/#\/schema\/person\/e8b5105fb351ebafb828d30285659218"},"headline":"I nostri consigli per una fantastica vacanza invernale a Klagenfurt am W\u00f6rthersee","datePublished":"2024-10-17T14:00:56+00:00","dateModified":"2024-10-17T14:24:36+00:00","mainEntityOfPage":{"@id":"https:\/\/www.visitklagenfurt.at\/it\/blog-it\/vacanze-tempo-libero\/vacanza-invernale-a-klagenfurt\/"},"wordCount":1302,"publisher":{"@id":"https:\/\/www.visitklagenfurt.at\/it\/#organization"},"image":{"@id":"https:\/\/www.visitklagenfurt.at\/it\/blog-it\/vacanze-tempo-libero\/vacanza-invernale-a-klagenfurt\/#primaryimage"},"thumbnailUrl":"https:\/\/www.visitklagenfurt.at\/wp-content\/uploads\/2022\/11\/woerthersee_winter_landschaft-original_f_Michael-Stabentheiner_c_Kaernten-Werbung_84676c0c-652d-4e6f-87c6-8c322ad22323.jpeg","keywords":["Inverno","Urlaub &amp; Freizeit","Winter"],"articleSection":["Urlaub &amp; Freizeit"],"inLanguage":"it-IT"},{"@type":"WebPage","@id":"https:\/\/www.visitklagenfurt.at\/it\/blog-it\/vacanze-tempo-libero\/vacanza-invernale-a-klagenfurt\/","url":"https:\/\/www.visitklagenfurt.at\/it\/blog-it\/vacanze-tempo-libero\/vacanza-invernale-a-klagenfurt\/","name":"Consigli per la vostra vacanza invernale a Klagenfurt | visitklagenfurt","isPartOf":{"@id":"https:\/\/www.visitklagenfurt.at\/it\/#website"},"primaryImageOfPage":{"@id":"https:\/\/www.visitklagenfurt.at\/it\/blog-it\/vacanze-tempo-libero\/vacanza-invernale-a-klagenfurt\/#primaryimage"},"image":{"@id":"https:\/\/www.visitklagenfurt.at\/it\/blog-it\/vacanze-tempo-libero\/vacanza-invernale-a-klagenfurt\/#primaryimage"},"thumbnailUrl":"https:\/\/www.visitklagenfurt.at\/wp-content\/uploads\/2022\/11\/woerthersee_winter_landschaft-original_f_Michael-Stabentheiner_c_Kaernten-Werbung_84676c0c-652d-4e6f-87c6-8c322ad22323.jpeg","datePublished":"2024-10-17T14:00:56+00:00","dateModified":"2024-10-17T14:24:36+00:00","description":"Paesaggio innevato, lunghe passeggiate nella natura, visite al centro storico. I migliori consigli per una vacanza invernale a Klagenfurt.","breadcrumb":{"@id":"https:\/\/www.visitklagenfurt.at\/it\/blog-it\/vacanze-tempo-libero\/vacanza-invernale-a-klagenfurt\/#breadcrumb"},"inLanguage":"it-IT","potentialAction":[{"@type":"ReadAction","target":["https:\/\/www.visitklagenfurt.at\/it\/blog-it\/vacanze-tempo-libero\/vacanza-invernale-a-klagenfurt\/"]}]},{"@type":"ImageObject","inLanguage":"it-IT","@id":"https:\/\/www.visitklagenfurt.at\/it\/blog-it\/vacanze-tempo-libero\/vacanza-invernale-a-klagenfurt\/#primaryimage","url":"https:\/\/www.visitklagenfurt.at\/wp-content\/uploads\/2022\/11\/woerthersee_winter_landschaft-original_f_Michael-Stabentheiner_c_Kaernten-Werbung_84676c0c-652d-4e6f-87c6-8c322ad22323.jpeg","contentUrl":"https:\/\/www.visitklagenfurt.at\/wp-content\/uploads\/2022\/11\/woerthersee_winter_landschaft-original_f_Michael-Stabentheiner_c_Kaernten-Werbung_84676c0c-652d-4e6f-87c6-8c322ad22323.jpeg","width":1920,"height":1280},{"@type":"BreadcrumbList","@id":"https:\/\/www.visitklagenfurt.at\/it\/blog-it\/vacanze-tempo-libero\/vacanza-invernale-a-klagenfurt\/#breadcrumb","itemListElement":[{"@type":"ListItem","position":1,"name":"visitklagenfurt","item":"https:\/\/www.visitklagenfurt.at\/it\/"},{"@type":"ListItem","position":2,"name":"Blog-it","item":"https:\/\/www.visitklagenfurt.at\/it\/category\/blog-it\/"},{"@type":"ListItem","position":3,"name":"Urlaub &amp; Freizeit","item":"https:\/\/www.visitklagenfurt.at\/it\/category\/blog-it\/vacanze-tempo-libero\/"},{"@type":"ListItem","position":4,"name":"I nostri consigli per una fantastica vacanza invernale a Klagenfurt am W\u00f6rthersee"}]},{"@type":"WebSite","@id":"https:\/\/www.visitklagenfurt.at\/it\/#website","url":"https:\/\/www.visitklagenfurt.at\/it\/","name":"visitklagenfurt","description":"","publisher":{"@id":"https:\/\/www.visitklagenfurt.at\/it\/#organization"},"potentialAction":[{"@type":"SearchAction","target":{"@type":"EntryPoint","urlTemplate":"https:\/\/www.visitklagenfurt.at\/it\/?s={search_term_string}"},"query-input":{"@type":"PropertyValueSpecification","valueRequired":true,"valueName":"search_term_string"}}],"inLanguage":"it-IT"},{"@type":"Organization","@id":"https:\/\/www.visitklagenfurt.at\/it\/#organization","name":"Tourismus Region Klagenfurt am W\u00f6rthersee GmbH","url":"https:\/\/www.visitklagenfurt.at\/it\/","logo":{"@type":"ImageObject","inLanguage":"it-IT","@id":"https:\/\/www.visitklagenfurt.at\/it\/#\/schema\/logo\/image\/","url":"https:\/\/www.visitklagenfurt.at\/wp-content\/uploads\/2022\/03\/DT_K_Klagenfurt_S_RGB.png","contentUrl":"https:\/\/www.visitklagenfurt.at\/wp-content\/uploads\/2022\/03\/DT_K_Klagenfurt_S_RGB.png","width":2082,"height":1511,"caption":"Tourismus Region Klagenfurt am W\u00f6rthersee GmbH"},"image":{"@id":"https:\/\/www.visitklagenfurt.at\/it\/#\/schema\/logo\/image\/"}},{"@type":"Person","@id":"https:\/\/www.visitklagenfurt.at\/it\/#\/schema\/person\/e8b5105fb351ebafb828d30285659218","name":"Manuela Mark","image":{"@type":"ImageObject","inLanguage":"it-IT","@id":"https:\/\/www.visitklagenfurt.at\/wp-content\/uploads\/2020\/10\/manuela_mark_redakteur.jpg","url":"https:\/\/www.visitklagenfurt.at\/wp-content\/uploads\/2020\/10\/manuela_mark_redakteur.jpg","contentUrl":"https:\/\/www.visitklagenfurt.at\/wp-content\/uploads\/2020\/10\/manuela_mark_redakteur.jpg","caption":"Manuela Mark"},"description":"Aufgewachsen in Wien, hat es mich im jungen Alter von 18 Jahren nach Klagenfurt verschlagen. Habe ich schon in Kindheitstagen mein Herz an die Berge, Seen und nicht zuletzt St\u00e4dte des S\u00fcdens verloren, genie\u00dfe ich seither jeden Tag in meiner Wahlheimat. Ich habe in Klagenfurt Germanistik studiert und bin seit 2020 als Werbetexterin selbstst\u00e4ndig. Ich lebe, um zu schreiben, oder ich schreibe, um zu leben \u2013 und wo ginge das besser, als in der wundersch\u00f6nen W\u00f6rtherseestadt? Als geborenes Stadtkind vermag ich einen anderen Blick auf die hiesigen Dinge zu haben, gerne kombiniere ich meinen k\u00e4rntnerischen Alltag mit viel Wiener Schm\u00e4h, vielleicht manchmal mit \u201ea bissale\u201c einem Grant, sicherlich aber immer mit einer gro\u00dfen Portion Euphorie f\u00fcr alles, das mir hier t\u00e4glich begegnet. Als vielseitige Jungmama trifft man mich am ehesten mit Shoppingt\u00fcten in der Hand, auf meinem Mountainbike oder mit meiner Familie in See-N\u00e4he. \u00dcber Klagenfurt habe ich so einiges zu erz\u00e4hlen und freue mich, euch von Geschichten und Tipps rund um Familie, Outdoor und Insiderwissen zu berichten.","sameAs":["http:\/\/www.manumarkant.at","https:\/\/www.instagram.com\/manumark.ant\/"],"url":"https:\/\/www.visitklagenfurt.at\/it\/author\/manuela_mark\/"}]}},"_links":{"self":[{"href":"https:\/\/www.visitklagenfurt.at\/it\/wp-json\/wp\/v2\/posts\/71020","targetHints":{"allow":["GET"]}}],"collection":[{"href":"https:\/\/www.visitklagenfurt.at\/it\/wp-json\/wp\/v2\/posts"}],"about":[{"href":"https:\/\/www.visitklagenfurt.at\/it\/wp-json\/wp\/v2\/types\/post"}],"author":[{"embeddable":true,"href":"https:\/\/www.visitklagenfurt.at\/it\/wp-json\/wp\/v2\/users\/14"}],"replies":[{"embeddable":true,"href":"https:\/\/www.visitklagenfurt.at\/it\/wp-json\/wp\/v2\/comments?post=71020"}],"version-history":[{"count":3,"href":"https:\/\/www.visitklagenfurt.at\/it\/wp-json\/wp\/v2\/posts\/71020\/revisions"}],"predecessor-version":[{"id":71024,"href":"https:\/\/www.visitklagenfurt.at\/it\/wp-json\/wp\/v2\/posts\/71020\/revisions\/71024"}],"wp:featuredmedia":[{"embeddable":true,"href":"https:\/\/www.visitklagenfurt.at\/it\/wp-json\/wp\/v2\/media\/46587"}],"wp:attachment":[{"href":"https:\/\/www.visitklagenfurt.at\/it\/wp-json\/wp\/v2\/media?parent=71020"}],"wp:term":[{"taxonomy":"category","embeddable":true,"href":"https:\/\/www.visitklagenfurt.at\/it\/wp-json\/wp\/v2\/categories?post=71020"},{"taxonomy":"post_tag","embeddable":true,"href":"https:\/\/www.visitklagenfurt.at\/it\/wp-json\/wp\/v2\/tags?post=71020"}],"curies":[{"name":"wp","href":"https:\/\/api.w.org\/{rel}","templated":true}]}}