{"id":76109,"date":"2025-08-21T12:38:24","date_gmt":"2025-08-21T10:38:24","guid":{"rendered":"https:\/\/www.visitklagenfurt.at\/otmar-feistritzer\/"},"modified":"2026-08-12T10:33:42","modified_gmt":"2026-08-12T08:33:42","slug":"otmar-feistritzer","status":"publish","type":"post","link":"https:\/\/www.visitklagenfurt.at\/it\/giornate-della-cucina-alpe-adria\/chef-culinari\/otmar-feistritzer\/","title":{"rendered":"Otmar Feistritzer"},"content":{"rendered":"\n<p class=\"wp-block-paragraph\">Insieme a Marion Bauer gestisce il ristorante Seltenheim, situato proprio accanto al campo da golf da campionato di Klagenfurt W\u00f6lfnitz. Sotto la sua guida, il locale si \u00e8 affermato come un punto di riferimento per la cucina regionale di alto livello: gli ospiti vengono viziati con piatti del giorno sempre diversi, una carta dei vini selezionata e specialit\u00e0 culinarie d\u2019eccezione. <\/p>\n\n<div class=\"wp-block-columns is-layout-flex wp-container-core-columns-is-layout-7387b849 wp-block-columns-is-layout-flex\">\n<div class=\"wp-block-column event is-layout-flow wp-block-column-is-layout-flow\">\n<figure class=\"wp-block-image aligncenter size-full\"><img fetchpriority=\"high\" decoding=\"async\" width=\"280\" height=\"280\" src=\"https:\/\/www.visitklagenfurt.at\/wp-content\/uploads\/2024\/08\/gourmet280.png\" alt=\"\" class=\"wp-image-67992\"\/><\/figure>\n\n\n\n<h3 class=\"wp-block-heading\">Grigliata alpino-adriatica con il campione mondiale di grigliata Horst \u201cBimbo\u201d Binder e Otmar Feistritzer<\/h3>\n\n\n\n<p class=\"wp-block-paragraph\">Creativit\u00e0, semplicit\u00e0 e, al tempo stesso, combinazioni di sapori sorprendenti: questo \u00e8 il marchio di fabbrica del campione mondiale di barbecue Bimbo Binder. Insieme a Otmar Feistritzer, vi invita a un viaggio culinario alla griglia in sei portate attraverso la regione alpino-adriatica, con specialit\u00e0 di montagna e di mare. Un punto forte particolare \u00e8 l\u2019atmosfera suggestiva del ristorante Seltenheim, nonch\u00e9 la variegata selezione di bevande per accompagnare i piatti.  <\/p>\n\n\n\n<p class=\"wp-block-paragraph\"><strong>Data: venerd\u00ec <\/strong>12 settembre 2025, ore 18.00<br\/><strong>Prezzo:<\/strong> 99 \u20ac a persona per il menu di 6 portate + 35 \u20ac a persona per l\u2019abbinamento vini (facoltativo)<br\/><strong>Luogo:<\/strong> Ristorante Seltenheim, Seltenheimer Str. 137, 9020 Klagenfurt am W\u00f6rthersee<br\/><strong>Prenotazioni: <a href=\"https:\/\/www.visitklagenfurt.at\/de\/alpen-adria-kulinarik\/erlebnisse\/?useDetailSearch=false#\/erlebnisse\/KTN\/51399d52-1377-48ca-b4a8-db83a4ec967d\/alpen-adria-grillen-mit-grill-weltmeister-horst--binder---otmar-feistritzer\">www.visitklagenfurt.at\/erlebnisse<\/a><\/strong> oppure 0463 \/ 287 463-0<br\/><strong>Numero massimo di partecipanti: 80 <\/strong>persone<\/p>\n<\/div>\n<\/div>\n\n<p class=\"wp-block-paragraph\"><\/p>\n\n<p class=\"wp-block-paragraph\"><\/p>\n","protected":false},"excerpt":{"rendered":"<p>Insieme a Marion Bauer gestisce il ristorante Seltenheim, situato proprio accanto al campo da golf da campionato di Klagenfurt W\u00f6lfnitz. Sotto la sua guida, il locale si \u00e8 affermato come un punto di riferimento per la cucina regionale di alto livello: gli ospiti vengono viziati con piatti del giorno sempre diversi, una carta dei vini [&hellip;]<\/p>\n","protected":false},"author":4,"featured_media":74984,"comment_status":"closed","ping_status":"closed","sticky":false,"template":"","format":"standard","meta":{"footnotes":""},"categories":[932],"tags":[933,934],"class_list":["post-76109","post","type-post","status-publish","format-standard","has-post-thumbnail","hentry","category-chef-culinari","tag-austria","tag-cuochi"],"yoast_head":"<!-- This site is optimized with the Yoast SEO plugin v28.4 - https:\/\/yoast.com\/product\/yoast-seo-wordpress\/ -->\n<title>Otmar Feistritzer | visitklagenfurt<\/title>\n<meta name=\"robots\" content=\"index, follow, max-snippet:-1, max-image-preview:large, max-video-preview:-1\" \/>\n<link rel=\"canonical\" href=\"https:\/\/www.visitklagenfurt.at\/it\/giornate-della-cucina-alpe-adria\/chef-culinari\/otmar-feistritzer\/\" \/>\n<meta property=\"og:locale\" content=\"it_IT\" \/>\n<meta property=\"og:type\" content=\"article\" \/>\n<meta property=\"og:title\" content=\"Otmar Feistritzer | visitklagenfurt\" \/>\n<meta property=\"og:description\" content=\"Insieme a Marion Bauer gestisce il ristorante Seltenheim, situato proprio accanto al campo da golf da campionato di Klagenfurt W\u00f6lfnitz. Sotto la sua guida, il locale si \u00e8 affermato come un punto di riferimento per la cucina regionale di alto livello: gli ospiti vengono viziati con piatti del giorno sempre diversi, una carta dei vini [&hellip;]\" \/>\n<meta property=\"og:url\" content=\"https:\/\/www.visitklagenfurt.at\/it\/giornate-della-cucina-alpe-adria\/chef-culinari\/otmar-feistritzer\/\" \/>\n<meta property=\"og:site_name\" content=\"visitklagenfurt\" \/>\n<meta property=\"article:published_time\" content=\"2025-08-21T10:38:24+00:00\" \/>\n<meta property=\"article:modified_time\" content=\"2026-08-12T08:33:42+00:00\" \/>\n<meta property=\"og:image\" content=\"https:\/\/www.visitklagenfurt.at\/wp-content\/uploads\/2025\/07\/alpenadriagrillen_seltenheim_2025_c-Mischitz-Media-9.jpg\" \/>\n\t<meta property=\"og:image:width\" content=\"810\" \/>\n\t<meta property=\"og:image:height\" content=\"1080\" \/>\n\t<meta property=\"og:image:type\" content=\"image\/jpeg\" \/>\n<meta name=\"author\" content=\"Martina Valentinitsch\" \/>\n<meta name=\"twitter:card\" content=\"summary_large_image\" \/>\n<meta name=\"twitter:label1\" content=\"Scritto da\" \/>\n\t<meta name=\"twitter:data1\" content=\"Martina Valentinitsch\" \/>\n\t<meta name=\"twitter:label2\" content=\"Tempo di lettura stimato\" \/>\n\t<meta name=\"twitter:data2\" content=\"1 minuto\" \/>\n<script type=\"application\/ld+json\" class=\"yoast-schema-graph\">{\"@context\":\"https:\\\/\\\/schema.org\",\"@graph\":[{\"@type\":\"Article\",\"@id\":\"https:\\\/\\\/www.visitklagenfurt.at\\\/it\\\/giornate-della-cucina-alpe-adria\\\/chef-culinari\\\/otmar-feistritzer\\\/#article\",\"isPartOf\":{\"@id\":\"https:\\\/\\\/www.visitklagenfurt.at\\\/it\\\/giornate-della-cucina-alpe-adria\\\/chef-culinari\\\/otmar-feistritzer\\\/\"},\"author\":{\"name\":\"Martina Valentinitsch\",\"@id\":\"https:\\\/\\\/www.visitklagenfurt.at\\\/it\\\/#\\\/schema\\\/person\\\/a3e77217ef718bf9b74f8a43f03ada41\"},\"headline\":\"Otmar Feistritzer\",\"datePublished\":\"2025-08-21T10:38:24+00:00\",\"dateModified\":\"2026-08-12T08:33:42+00:00\",\"mainEntityOfPage\":{\"@id\":\"https:\\\/\\\/www.visitklagenfurt.at\\\/it\\\/giornate-della-cucina-alpe-adria\\\/chef-culinari\\\/otmar-feistritzer\\\/\"},\"wordCount\":185,\"publisher\":{\"@id\":\"https:\\\/\\\/www.visitklagenfurt.at\\\/it\\\/#organization\"},\"image\":{\"@id\":\"https:\\\/\\\/www.visitklagenfurt.at\\\/it\\\/giornate-della-cucina-alpe-adria\\\/chef-culinari\\\/otmar-feistritzer\\\/#primaryimage\"},\"thumbnailUrl\":\"https:\\\/\\\/www.visitklagenfurt.at\\\/wp-content\\\/uploads\\\/2025\\\/07\\\/alpenadriagrillen_seltenheim_2025_c-Mischitz-Media-9.jpg\",\"keywords\":[\"Austria\",\"Cuochi\"],\"articleSection\":[\"Gastronomia - Cuochi\"],\"inLanguage\":\"it-IT\"},{\"@type\":\"WebPage\",\"@id\":\"https:\\\/\\\/www.visitklagenfurt.at\\\/it\\\/giornate-della-cucina-alpe-adria\\\/chef-culinari\\\/otmar-feistritzer\\\/\",\"url\":\"https:\\\/\\\/www.visitklagenfurt.at\\\/it\\\/giornate-della-cucina-alpe-adria\\\/chef-culinari\\\/otmar-feistritzer\\\/\",\"name\":\"Otmar Feistritzer | visitklagenfurt\",\"isPartOf\":{\"@id\":\"https:\\\/\\\/www.visitklagenfurt.at\\\/it\\\/#website\"},\"primaryImageOfPage\":{\"@id\":\"https:\\\/\\\/www.visitklagenfurt.at\\\/it\\\/giornate-della-cucina-alpe-adria\\\/chef-culinari\\\/otmar-feistritzer\\\/#primaryimage\"},\"image\":{\"@id\":\"https:\\\/\\\/www.visitklagenfurt.at\\\/it\\\/giornate-della-cucina-alpe-adria\\\/chef-culinari\\\/otmar-feistritzer\\\/#primaryimage\"},\"thumbnailUrl\":\"https:\\\/\\\/www.visitklagenfurt.at\\\/wp-content\\\/uploads\\\/2025\\\/07\\\/alpenadriagrillen_seltenheim_2025_c-Mischitz-Media-9.jpg\",\"datePublished\":\"2025-08-21T10:38:24+00:00\",\"dateModified\":\"2026-08-12T08:33:42+00:00\",\"breadcrumb\":{\"@id\":\"https:\\\/\\\/www.visitklagenfurt.at\\\/it\\\/giornate-della-cucina-alpe-adria\\\/chef-culinari\\\/otmar-feistritzer\\\/#breadcrumb\"},\"inLanguage\":\"it-IT\",\"potentialAction\":[{\"@type\":\"ReadAction\",\"target\":[\"https:\\\/\\\/www.visitklagenfurt.at\\\/it\\\/giornate-della-cucina-alpe-adria\\\/chef-culinari\\\/otmar-feistritzer\\\/\"]}]},{\"@type\":\"ImageObject\",\"inLanguage\":\"it-IT\",\"@id\":\"https:\\\/\\\/www.visitklagenfurt.at\\\/it\\\/giornate-della-cucina-alpe-adria\\\/chef-culinari\\\/otmar-feistritzer\\\/#primaryimage\",\"url\":\"https:\\\/\\\/www.visitklagenfurt.at\\\/wp-content\\\/uploads\\\/2025\\\/07\\\/alpenadriagrillen_seltenheim_2025_c-Mischitz-Media-9.jpg\",\"contentUrl\":\"https:\\\/\\\/www.visitklagenfurt.at\\\/wp-content\\\/uploads\\\/2025\\\/07\\\/alpenadriagrillen_seltenheim_2025_c-Mischitz-Media-9.jpg\",\"width\":810,\"height\":1080,\"caption\":\"(c) Mischitz Media\"},{\"@type\":\"BreadcrumbList\",\"@id\":\"https:\\\/\\\/www.visitklagenfurt.at\\\/it\\\/giornate-della-cucina-alpe-adria\\\/chef-culinari\\\/otmar-feistritzer\\\/#breadcrumb\",\"itemListElement\":[{\"@type\":\"ListItem\",\"position\":1,\"name\":\"visitklagenfurt\",\"item\":\"https:\\\/\\\/www.visitklagenfurt.at\\\/it\\\/\"},{\"@type\":\"ListItem\",\"position\":2,\"name\":\"Giornate della cucina dell\u2019Alpe Adria\",\"item\":\"https:\\\/\\\/www.visitklagenfurt.at\\\/it\\\/category\\\/giornate-della-cucina-alpe-adria\\\/\"},{\"@type\":\"ListItem\",\"position\":3,\"name\":\"Gastronomia - Cuochi\",\"item\":\"https:\\\/\\\/www.visitklagenfurt.at\\\/it\\\/category\\\/giornate-della-cucina-alpe-adria\\\/chef-culinari\\\/\"},{\"@type\":\"ListItem\",\"position\":4,\"name\":\"Otmar Feistritzer\"}]},{\"@type\":\"WebSite\",\"@id\":\"https:\\\/\\\/www.visitklagenfurt.at\\\/it\\\/#website\",\"url\":\"https:\\\/\\\/www.visitklagenfurt.at\\\/it\\\/\",\"name\":\"visitklagenfurt\",\"description\":\"\",\"publisher\":{\"@id\":\"https:\\\/\\\/www.visitklagenfurt.at\\\/it\\\/#organization\"},\"potentialAction\":[{\"@type\":\"SearchAction\",\"target\":{\"@type\":\"EntryPoint\",\"urlTemplate\":\"https:\\\/\\\/www.visitklagenfurt.at\\\/it\\\/?s={search_term_string}\"},\"query-input\":{\"@type\":\"PropertyValueSpecification\",\"valueRequired\":true,\"valueName\":\"search_term_string\"}}],\"inLanguage\":\"it-IT\"},{\"@type\":\"Organization\",\"@id\":\"https:\\\/\\\/www.visitklagenfurt.at\\\/it\\\/#organization\",\"name\":\"Tourismus Region Klagenfurt am W\u00f6rthersee GmbH\",\"url\":\"https:\\\/\\\/www.visitklagenfurt.at\\\/it\\\/\",\"logo\":{\"@type\":\"ImageObject\",\"inLanguage\":\"it-IT\",\"@id\":\"https:\\\/\\\/www.visitklagenfurt.at\\\/it\\\/#\\\/schema\\\/logo\\\/image\\\/\",\"url\":\"https:\\\/\\\/www.visitklagenfurt.at\\\/wp-content\\\/uploads\\\/2022\\\/03\\\/DT_K_Klagenfurt_S_RGB.png\",\"contentUrl\":\"https:\\\/\\\/www.visitklagenfurt.at\\\/wp-content\\\/uploads\\\/2022\\\/03\\\/DT_K_Klagenfurt_S_RGB.png\",\"width\":2082,\"height\":1511,\"caption\":\"Tourismus Region Klagenfurt am W\u00f6rthersee GmbH\"},\"image\":{\"@id\":\"https:\\\/\\\/www.visitklagenfurt.at\\\/it\\\/#\\\/schema\\\/logo\\\/image\\\/\"}},{\"@type\":\"Person\",\"@id\":\"https:\\\/\\\/www.visitklagenfurt.at\\\/it\\\/#\\\/schema\\\/person\\\/a3e77217ef718bf9b74f8a43f03ada41\",\"name\":\"Martina Valentinitsch\",\"image\":{\"@type\":\"ImageObject\",\"inLanguage\":\"it-IT\",\"@id\":\"https:\\\/\\\/secure.gravatar.com\\\/avatar\\\/49ae3bcb12846fb3d976b9823a5af43c4d12e64fb7b52146e0e9ac403a80e415?s=96&d=mm&r=g\",\"url\":\"https:\\\/\\\/secure.gravatar.com\\\/avatar\\\/49ae3bcb12846fb3d976b9823a5af43c4d12e64fb7b52146e0e9ac403a80e415?s=96&d=mm&r=g\",\"contentUrl\":\"https:\\\/\\\/secure.gravatar.com\\\/avatar\\\/49ae3bcb12846fb3d976b9823a5af43c4d12e64fb7b52146e0e9ac403a80e415?s=96&d=mm&r=g\",\"caption\":\"Martina Valentinitsch\"},\"url\":\"https:\\\/\\\/www.visitklagenfurt.at\\\/it\\\/author\\\/martina_valentinitsch\\\/\"}]}<\/script>\n<!-- \/ Yoast SEO plugin. -->","yoast_head_json":{"title":"Otmar Feistritzer | visitklagenfurt","robots":{"index":"index","follow":"follow","max-snippet":"max-snippet:-1","max-image-preview":"max-image-preview:large","max-video-preview":"max-video-preview:-1"},"canonical":"https:\/\/www.visitklagenfurt.at\/it\/giornate-della-cucina-alpe-adria\/chef-culinari\/otmar-feistritzer\/","og_locale":"it_IT","og_type":"article","og_title":"Otmar Feistritzer | visitklagenfurt","og_description":"Insieme a Marion Bauer gestisce il ristorante Seltenheim, situato proprio accanto al campo da golf da campionato di Klagenfurt W\u00f6lfnitz. Sotto la sua guida, il locale si \u00e8 affermato come un punto di riferimento per la cucina regionale di alto livello: gli ospiti vengono viziati con piatti del giorno sempre diversi, una carta dei vini [&hellip;]","og_url":"https:\/\/www.visitklagenfurt.at\/it\/giornate-della-cucina-alpe-adria\/chef-culinari\/otmar-feistritzer\/","og_site_name":"visitklagenfurt","article_published_time":"2025-08-21T10:38:24+00:00","article_modified_time":"2026-08-12T08:33:42+00:00","og_image":[{"width":810,"height":1080,"url":"https:\/\/www.visitklagenfurt.at\/wp-content\/uploads\/2025\/07\/alpenadriagrillen_seltenheim_2025_c-Mischitz-Media-9.jpg","type":"image\/jpeg"}],"author":"Martina Valentinitsch","twitter_card":"summary_large_image","twitter_misc":{"Scritto da":"Martina Valentinitsch","Tempo di lettura stimato":"1 minuto"},"schema":{"@context":"https:\/\/schema.org","@graph":[{"@type":"Article","@id":"https:\/\/www.visitklagenfurt.at\/it\/giornate-della-cucina-alpe-adria\/chef-culinari\/otmar-feistritzer\/#article","isPartOf":{"@id":"https:\/\/www.visitklagenfurt.at\/it\/giornate-della-cucina-alpe-adria\/chef-culinari\/otmar-feistritzer\/"},"author":{"name":"Martina Valentinitsch","@id":"https:\/\/www.visitklagenfurt.at\/it\/#\/schema\/person\/a3e77217ef718bf9b74f8a43f03ada41"},"headline":"Otmar Feistritzer","datePublished":"2025-08-21T10:38:24+00:00","dateModified":"2026-08-12T08:33:42+00:00","mainEntityOfPage":{"@id":"https:\/\/www.visitklagenfurt.at\/it\/giornate-della-cucina-alpe-adria\/chef-culinari\/otmar-feistritzer\/"},"wordCount":185,"publisher":{"@id":"https:\/\/www.visitklagenfurt.at\/it\/#organization"},"image":{"@id":"https:\/\/www.visitklagenfurt.at\/it\/giornate-della-cucina-alpe-adria\/chef-culinari\/otmar-feistritzer\/#primaryimage"},"thumbnailUrl":"https:\/\/www.visitklagenfurt.at\/wp-content\/uploads\/2025\/07\/alpenadriagrillen_seltenheim_2025_c-Mischitz-Media-9.jpg","keywords":["Austria","Cuochi"],"articleSection":["Gastronomia - Cuochi"],"inLanguage":"it-IT"},{"@type":"WebPage","@id":"https:\/\/www.visitklagenfurt.at\/it\/giornate-della-cucina-alpe-adria\/chef-culinari\/otmar-feistritzer\/","url":"https:\/\/www.visitklagenfurt.at\/it\/giornate-della-cucina-alpe-adria\/chef-culinari\/otmar-feistritzer\/","name":"Otmar Feistritzer | visitklagenfurt","isPartOf":{"@id":"https:\/\/www.visitklagenfurt.at\/it\/#website"},"primaryImageOfPage":{"@id":"https:\/\/www.visitklagenfurt.at\/it\/giornate-della-cucina-alpe-adria\/chef-culinari\/otmar-feistritzer\/#primaryimage"},"image":{"@id":"https:\/\/www.visitklagenfurt.at\/it\/giornate-della-cucina-alpe-adria\/chef-culinari\/otmar-feistritzer\/#primaryimage"},"thumbnailUrl":"https:\/\/www.visitklagenfurt.at\/wp-content\/uploads\/2025\/07\/alpenadriagrillen_seltenheim_2025_c-Mischitz-Media-9.jpg","datePublished":"2025-08-21T10:38:24+00:00","dateModified":"2026-08-12T08:33:42+00:00","breadcrumb":{"@id":"https:\/\/www.visitklagenfurt.at\/it\/giornate-della-cucina-alpe-adria\/chef-culinari\/otmar-feistritzer\/#breadcrumb"},"inLanguage":"it-IT","potentialAction":[{"@type":"ReadAction","target":["https:\/\/www.visitklagenfurt.at\/it\/giornate-della-cucina-alpe-adria\/chef-culinari\/otmar-feistritzer\/"]}]},{"@type":"ImageObject","inLanguage":"it-IT","@id":"https:\/\/www.visitklagenfurt.at\/it\/giornate-della-cucina-alpe-adria\/chef-culinari\/otmar-feistritzer\/#primaryimage","url":"https:\/\/www.visitklagenfurt.at\/wp-content\/uploads\/2025\/07\/alpenadriagrillen_seltenheim_2025_c-Mischitz-Media-9.jpg","contentUrl":"https:\/\/www.visitklagenfurt.at\/wp-content\/uploads\/2025\/07\/alpenadriagrillen_seltenheim_2025_c-Mischitz-Media-9.jpg","width":810,"height":1080,"caption":"(c) Mischitz Media"},{"@type":"BreadcrumbList","@id":"https:\/\/www.visitklagenfurt.at\/it\/giornate-della-cucina-alpe-adria\/chef-culinari\/otmar-feistritzer\/#breadcrumb","itemListElement":[{"@type":"ListItem","position":1,"name":"visitklagenfurt","item":"https:\/\/www.visitklagenfurt.at\/it\/"},{"@type":"ListItem","position":2,"name":"Giornate della cucina dell\u2019Alpe Adria","item":"https:\/\/www.visitklagenfurt.at\/it\/category\/giornate-della-cucina-alpe-adria\/"},{"@type":"ListItem","position":3,"name":"Gastronomia - Cuochi","item":"https:\/\/www.visitklagenfurt.at\/it\/category\/giornate-della-cucina-alpe-adria\/chef-culinari\/"},{"@type":"ListItem","position":4,"name":"Otmar Feistritzer"}]},{"@type":"WebSite","@id":"https:\/\/www.visitklagenfurt.at\/it\/#website","url":"https:\/\/www.visitklagenfurt.at\/it\/","name":"visitklagenfurt","description":"","publisher":{"@id":"https:\/\/www.visitklagenfurt.at\/it\/#organization"},"potentialAction":[{"@type":"SearchAction","target":{"@type":"EntryPoint","urlTemplate":"https:\/\/www.visitklagenfurt.at\/it\/?s={search_term_string}"},"query-input":{"@type":"PropertyValueSpecification","valueRequired":true,"valueName":"search_term_string"}}],"inLanguage":"it-IT"},{"@type":"Organization","@id":"https:\/\/www.visitklagenfurt.at\/it\/#organization","name":"Tourismus Region Klagenfurt am W\u00f6rthersee GmbH","url":"https:\/\/www.visitklagenfurt.at\/it\/","logo":{"@type":"ImageObject","inLanguage":"it-IT","@id":"https:\/\/www.visitklagenfurt.at\/it\/#\/schema\/logo\/image\/","url":"https:\/\/www.visitklagenfurt.at\/wp-content\/uploads\/2022\/03\/DT_K_Klagenfurt_S_RGB.png","contentUrl":"https:\/\/www.visitklagenfurt.at\/wp-content\/uploads\/2022\/03\/DT_K_Klagenfurt_S_RGB.png","width":2082,"height":1511,"caption":"Tourismus Region Klagenfurt am W\u00f6rthersee GmbH"},"image":{"@id":"https:\/\/www.visitklagenfurt.at\/it\/#\/schema\/logo\/image\/"}},{"@type":"Person","@id":"https:\/\/www.visitklagenfurt.at\/it\/#\/schema\/person\/a3e77217ef718bf9b74f8a43f03ada41","name":"Martina Valentinitsch","image":{"@type":"ImageObject","inLanguage":"it-IT","@id":"https:\/\/secure.gravatar.com\/avatar\/49ae3bcb12846fb3d976b9823a5af43c4d12e64fb7b52146e0e9ac403a80e415?s=96&d=mm&r=g","url":"https:\/\/secure.gravatar.com\/avatar\/49ae3bcb12846fb3d976b9823a5af43c4d12e64fb7b52146e0e9ac403a80e415?s=96&d=mm&r=g","contentUrl":"https:\/\/secure.gravatar.com\/avatar\/49ae3bcb12846fb3d976b9823a5af43c4d12e64fb7b52146e0e9ac403a80e415?s=96&d=mm&r=g","caption":"Martina Valentinitsch"},"url":"https:\/\/www.visitklagenfurt.at\/it\/author\/martina_valentinitsch\/"}]}},"_links":{"self":[{"href":"https:\/\/www.visitklagenfurt.at\/it\/wp-json\/wp\/v2\/posts\/76109","targetHints":{"allow":["GET"]}}],"collection":[{"href":"https:\/\/www.visitklagenfurt.at\/it\/wp-json\/wp\/v2\/posts"}],"about":[{"href":"https:\/\/www.visitklagenfurt.at\/it\/wp-json\/wp\/v2\/types\/post"}],"author":[{"embeddable":true,"href":"https:\/\/www.visitklagenfurt.at\/it\/wp-json\/wp\/v2\/users\/4"}],"replies":[{"embeddable":true,"href":"https:\/\/www.visitklagenfurt.at\/it\/wp-json\/wp\/v2\/comments?post=76109"}],"version-history":[{"count":3,"href":"https:\/\/www.visitklagenfurt.at\/it\/wp-json\/wp\/v2\/posts\/76109\/revisions"}],"predecessor-version":[{"id":80030,"href":"https:\/\/www.visitklagenfurt.at\/it\/wp-json\/wp\/v2\/posts\/76109\/revisions\/80030"}],"wp:featuredmedia":[{"embeddable":true,"href":"https:\/\/www.visitklagenfurt.at\/it\/wp-json\/wp\/v2\/media\/74984"}],"wp:attachment":[{"href":"https:\/\/www.visitklagenfurt.at\/it\/wp-json\/wp\/v2\/media?parent=76109"}],"wp:term":[{"taxonomy":"category","embeddable":true,"href":"https:\/\/www.visitklagenfurt.at\/it\/wp-json\/wp\/v2\/categories?post=76109"},{"taxonomy":"post_tag","embeddable":true,"href":"https:\/\/www.visitklagenfurt.at\/it\/wp-json\/wp\/v2\/tags?post=76109"}],"curies":[{"name":"wp","href":"https:\/\/api.w.org\/{rel}","templated":true}]}}