{"id":76132,"date":"2025-08-21T12:54:25","date_gmt":"2025-08-21T10:54:25","guid":{"rendered":"https:\/\/www.visitklagenfurt.at\/david-zefran\/"},"modified":"2025-08-21T13:14:39","modified_gmt":"2025-08-21T11:14:39","slug":"david-zefran","status":"publish","type":"post","link":"https:\/\/www.visitklagenfurt.at\/it\/giornate-della-cucina-alpe-adria\/chef-culinari\/david-zefran\/","title":{"rendered":"David \u017defran"},"content":{"rendered":"\n<p>Dopo essersi formato nei migliori ristoranti svedesi, David \u017defran \u00e8 tornato per realizzare la sua visione al Ristorante Milka di Kranjska Gora: una moderna cucina nordica ispirata alla tradizione, con un&#8217;attenzione particolare agli ingredienti regionali e stagionali, presentati con stile e con un&#8217;attenzione al gusto e all&#8217;estetica.<\/p>\n\n<div class=\"wp-block-columns is-layout-flex wp-container-core-columns-is-layout-28f84493 wp-block-columns-is-layout-flex\">\n<div class=\"wp-block-column event is-layout-flow wp-block-column-is-layout-flow\">\n<figure class=\"wp-block-image aligncenter size-full\"><img fetchpriority=\"high\" decoding=\"async\" width=\"280\" height=\"280\" src=\"https:\/\/www.visitklagenfurt.at\/wp-content\/uploads\/2024\/08\/gourmet280.png\" alt=\"\" class=\"wp-image-67992\"\/><\/figure>\n\n\n\n<h3 class=\"wp-block-heading\"><br\/>David \u017defran del Ristorante Milka di Kranjska Gora in duetto con Domenik Lechner di Oscar<\/h3>\n\n\n\n<p>David \u017defran del ristorante Milka di Kranjska Gora &#8211; chef 2 stelle Michelin e appassionato ambasciatore della gastronomia slovena &#8211; ispira con la sua dedizione alla natura, il suo amore per gli ingredienti eccellenti e il suo estro creativo per le composizioni di sapori. Al suo fianco: lo chef a 2 stelle Domenik Lechner, proveniente da Oscar, che crea piatti sofisticati dal sapore riconoscibile con influenze mediterranee e asiatiche. Insieme garantiscono un&#8217;esperienza culinaria di prima classe.  <\/p>\n\n\n\n<p><strong>Data: <\/strong>luned\u00ec 8 settembre 2025, ore 18.30<strong><br\/>Prezzo:<\/strong> \u20ac 165 \/ persona incl. menu di 6 portate, coperti, aperitivo, acqua minerale e caff\u00e8 <br\/><strong>Luogo: <\/strong>Ristorante Oscar 17, St. Veiter Ring 43, 9020 Klagenfurt am W\u00f6rthersee<br\/><strong>Prenotazione<\/strong>: <strong><a href=\"mailto:oscar@a1business.at\">oscar@a1business.at<\/a><\/strong> o 0463 \/ 50 23 00<br\/><strong>Numero massimo di partecipanti: <\/strong>40 persone<\/p>\n<\/div>\n<\/div>\n\n<p><\/p>\n\n<p><\/p>\n","protected":false},"excerpt":{"rendered":"<p>Dopo essersi formato nei migliori ristoranti svedesi, David \u017defran \u00e8 tornato per realizzare la sua visione al Ristorante Milka di Kranjska Gora: una moderna cucina nordica ispirata alla tradizione, con un&#8217;attenzione particolare agli ingredienti regionali e stagionali, presentati con stile e con un&#8217;attenzione al gusto e all&#8217;estetica. David \u017defran del Ristorante Milka di Kranjska Gora [&hellip;]<\/p>\n","protected":false},"author":4,"featured_media":56678,"comment_status":"closed","ping_status":"closed","sticky":false,"template":"","format":"standard","meta":{"footnotes":""},"categories":[932],"tags":[934,935],"class_list":["post-76132","post","type-post","status-publish","format-standard","has-post-thumbnail","hentry","category-chef-culinari","tag-cuochi","tag-slovenia"],"yoast_head":"<!-- This site is optimized with the Yoast SEO plugin v27.3 - https:\/\/yoast.com\/product\/yoast-seo-wordpress\/ -->\n<title>David \u017defran | visitklagenfurt<\/title>\n<meta name=\"robots\" content=\"index, follow, max-snippet:-1, max-image-preview:large, max-video-preview:-1\" \/>\n<link rel=\"canonical\" href=\"https:\/\/www.visitklagenfurt.at\/it\/giornate-della-cucina-alpe-adria\/chef-culinari\/david-zefran\/\" \/>\n<meta property=\"og:locale\" content=\"it_IT\" \/>\n<meta property=\"og:type\" content=\"article\" \/>\n<meta property=\"og:title\" content=\"David \u017defran | visitklagenfurt\" \/>\n<meta property=\"og:description\" content=\"Dopo essersi formato nei migliori ristoranti svedesi, David \u017defran \u00e8 tornato per realizzare la sua visione al Ristorante Milka di Kranjska Gora: una moderna cucina nordica ispirata alla tradizione, con un&#8217;attenzione particolare agli ingredienti regionali e stagionali, presentati con stile e con un&#8217;attenzione al gusto e all&#8217;estetica. David \u017defran del Ristorante Milka di Kranjska Gora [&hellip;]\" \/>\n<meta property=\"og:url\" content=\"https:\/\/www.visitklagenfurt.at\/it\/giornate-della-cucina-alpe-adria\/chef-culinari\/david-zefran\/\" \/>\n<meta property=\"og:site_name\" content=\"visitklagenfurt\" \/>\n<meta property=\"article:published_time\" content=\"2025-08-21T10:54:25+00:00\" \/>\n<meta property=\"article:modified_time\" content=\"2025-08-21T11:14:39+00:00\" \/>\n<meta property=\"og:image\" content=\"https:\/\/www.visitklagenfurt.at\/wp-content\/uploads\/2020\/12\/David-Zefran_.jpg\" \/>\n\t<meta property=\"og:image:width\" content=\"810\" \/>\n\t<meta property=\"og:image:height\" content=\"1080\" \/>\n\t<meta property=\"og:image:type\" content=\"image\/jpeg\" \/>\n<meta name=\"author\" content=\"Martina Valentinitsch\" \/>\n<meta name=\"twitter:card\" content=\"summary_large_image\" \/>\n<meta name=\"twitter:label1\" content=\"Scritto da\" \/>\n\t<meta name=\"twitter:data1\" content=\"Martina Valentinitsch\" \/>\n\t<meta name=\"twitter:label2\" content=\"Tempo di lettura stimato\" \/>\n\t<meta name=\"twitter:data2\" content=\"1 minuto\" \/>\n<script type=\"application\/ld+json\" class=\"yoast-schema-graph\">{\"@context\":\"https:\\\/\\\/schema.org\",\"@graph\":[{\"@type\":\"Article\",\"@id\":\"https:\\\/\\\/www.visitklagenfurt.at\\\/it\\\/giornate-della-cucina-alpe-adria\\\/chef-culinari\\\/david-zefran\\\/#article\",\"isPartOf\":{\"@id\":\"https:\\\/\\\/www.visitklagenfurt.at\\\/it\\\/giornate-della-cucina-alpe-adria\\\/chef-culinari\\\/david-zefran\\\/\"},\"author\":{\"name\":\"Martina Valentinitsch\",\"@id\":\"https:\\\/\\\/www.visitklagenfurt.at\\\/it\\\/#\\\/schema\\\/person\\\/a3e77217ef718bf9b74f8a43f03ada41\"},\"headline\":\"David \u017defran\",\"datePublished\":\"2025-08-21T10:54:25+00:00\",\"dateModified\":\"2025-08-21T11:14:39+00:00\",\"mainEntityOfPage\":{\"@id\":\"https:\\\/\\\/www.visitklagenfurt.at\\\/it\\\/giornate-della-cucina-alpe-adria\\\/chef-culinari\\\/david-zefran\\\/\"},\"wordCount\":178,\"publisher\":{\"@id\":\"https:\\\/\\\/www.visitklagenfurt.at\\\/it\\\/#organization\"},\"image\":{\"@id\":\"https:\\\/\\\/www.visitklagenfurt.at\\\/it\\\/giornate-della-cucina-alpe-adria\\\/chef-culinari\\\/david-zefran\\\/#primaryimage\"},\"thumbnailUrl\":\"https:\\\/\\\/www.visitklagenfurt.at\\\/wp-content\\\/uploads\\\/2020\\\/12\\\/David-Zefran_.jpg\",\"keywords\":[\"Cuochi\",\"Slovenia\"],\"articleSection\":[\"Chef culinari\"],\"inLanguage\":\"it-IT\"},{\"@type\":\"WebPage\",\"@id\":\"https:\\\/\\\/www.visitklagenfurt.at\\\/it\\\/giornate-della-cucina-alpe-adria\\\/chef-culinari\\\/david-zefran\\\/\",\"url\":\"https:\\\/\\\/www.visitklagenfurt.at\\\/it\\\/giornate-della-cucina-alpe-adria\\\/chef-culinari\\\/david-zefran\\\/\",\"name\":\"David \u017defran | visitklagenfurt\",\"isPartOf\":{\"@id\":\"https:\\\/\\\/www.visitklagenfurt.at\\\/it\\\/#website\"},\"primaryImageOfPage\":{\"@id\":\"https:\\\/\\\/www.visitklagenfurt.at\\\/it\\\/giornate-della-cucina-alpe-adria\\\/chef-culinari\\\/david-zefran\\\/#primaryimage\"},\"image\":{\"@id\":\"https:\\\/\\\/www.visitklagenfurt.at\\\/it\\\/giornate-della-cucina-alpe-adria\\\/chef-culinari\\\/david-zefran\\\/#primaryimage\"},\"thumbnailUrl\":\"https:\\\/\\\/www.visitklagenfurt.at\\\/wp-content\\\/uploads\\\/2020\\\/12\\\/David-Zefran_.jpg\",\"datePublished\":\"2025-08-21T10:54:25+00:00\",\"dateModified\":\"2025-08-21T11:14:39+00:00\",\"breadcrumb\":{\"@id\":\"https:\\\/\\\/www.visitklagenfurt.at\\\/it\\\/giornate-della-cucina-alpe-adria\\\/chef-culinari\\\/david-zefran\\\/#breadcrumb\"},\"inLanguage\":\"it-IT\",\"potentialAction\":[{\"@type\":\"ReadAction\",\"target\":[\"https:\\\/\\\/www.visitklagenfurt.at\\\/it\\\/giornate-della-cucina-alpe-adria\\\/chef-culinari\\\/david-zefran\\\/\"]}]},{\"@type\":\"ImageObject\",\"inLanguage\":\"it-IT\",\"@id\":\"https:\\\/\\\/www.visitklagenfurt.at\\\/it\\\/giornate-della-cucina-alpe-adria\\\/chef-culinari\\\/david-zefran\\\/#primaryimage\",\"url\":\"https:\\\/\\\/www.visitklagenfurt.at\\\/wp-content\\\/uploads\\\/2020\\\/12\\\/David-Zefran_.jpg\",\"contentUrl\":\"https:\\\/\\\/www.visitklagenfurt.at\\\/wp-content\\\/uploads\\\/2020\\\/12\\\/David-Zefran_.jpg\",\"width\":810,\"height\":1080},{\"@type\":\"BreadcrumbList\",\"@id\":\"https:\\\/\\\/www.visitklagenfurt.at\\\/it\\\/giornate-della-cucina-alpe-adria\\\/chef-culinari\\\/david-zefran\\\/#breadcrumb\",\"itemListElement\":[{\"@type\":\"ListItem\",\"position\":1,\"name\":\"visitklagenfurt\",\"item\":\"https:\\\/\\\/www.visitklagenfurt.at\\\/it\\\/\"},{\"@type\":\"ListItem\",\"position\":2,\"name\":\"Giornate della cucina dell\u2019Alpe Adria\",\"item\":\"https:\\\/\\\/www.visitklagenfurt.at\\\/it\\\/category\\\/giornate-della-cucina-alpe-adria\\\/\"},{\"@type\":\"ListItem\",\"position\":3,\"name\":\"Chef culinari\",\"item\":\"https:\\\/\\\/www.visitklagenfurt.at\\\/it\\\/category\\\/giornate-della-cucina-alpe-adria\\\/chef-culinari\\\/\"},{\"@type\":\"ListItem\",\"position\":4,\"name\":\"David \u017defran\"}]},{\"@type\":\"WebSite\",\"@id\":\"https:\\\/\\\/www.visitklagenfurt.at\\\/it\\\/#website\",\"url\":\"https:\\\/\\\/www.visitklagenfurt.at\\\/it\\\/\",\"name\":\"visitklagenfurt\",\"description\":\"\",\"publisher\":{\"@id\":\"https:\\\/\\\/www.visitklagenfurt.at\\\/it\\\/#organization\"},\"potentialAction\":[{\"@type\":\"SearchAction\",\"target\":{\"@type\":\"EntryPoint\",\"urlTemplate\":\"https:\\\/\\\/www.visitklagenfurt.at\\\/it\\\/?s={search_term_string}\"},\"query-input\":{\"@type\":\"PropertyValueSpecification\",\"valueRequired\":true,\"valueName\":\"search_term_string\"}}],\"inLanguage\":\"it-IT\"},{\"@type\":\"Organization\",\"@id\":\"https:\\\/\\\/www.visitklagenfurt.at\\\/it\\\/#organization\",\"name\":\"Tourismus Region Klagenfurt am W\u00f6rthersee GmbH\",\"url\":\"https:\\\/\\\/www.visitklagenfurt.at\\\/it\\\/\",\"logo\":{\"@type\":\"ImageObject\",\"inLanguage\":\"it-IT\",\"@id\":\"https:\\\/\\\/www.visitklagenfurt.at\\\/it\\\/#\\\/schema\\\/logo\\\/image\\\/\",\"url\":\"https:\\\/\\\/www.visitklagenfurt.at\\\/wp-content\\\/uploads\\\/2022\\\/03\\\/DT_K_Klagenfurt_S_RGB.png\",\"contentUrl\":\"https:\\\/\\\/www.visitklagenfurt.at\\\/wp-content\\\/uploads\\\/2022\\\/03\\\/DT_K_Klagenfurt_S_RGB.png\",\"width\":2082,\"height\":1511,\"caption\":\"Tourismus Region Klagenfurt am W\u00f6rthersee GmbH\"},\"image\":{\"@id\":\"https:\\\/\\\/www.visitklagenfurt.at\\\/it\\\/#\\\/schema\\\/logo\\\/image\\\/\"}},{\"@type\":\"Person\",\"@id\":\"https:\\\/\\\/www.visitklagenfurt.at\\\/it\\\/#\\\/schema\\\/person\\\/a3e77217ef718bf9b74f8a43f03ada41\",\"name\":\"Martina Valentinitsch\",\"image\":{\"@type\":\"ImageObject\",\"inLanguage\":\"it-IT\",\"@id\":\"https:\\\/\\\/secure.gravatar.com\\\/avatar\\\/49ae3bcb12846fb3d976b9823a5af43c4d12e64fb7b52146e0e9ac403a80e415?s=96&d=mm&r=g\",\"url\":\"https:\\\/\\\/secure.gravatar.com\\\/avatar\\\/49ae3bcb12846fb3d976b9823a5af43c4d12e64fb7b52146e0e9ac403a80e415?s=96&d=mm&r=g\",\"contentUrl\":\"https:\\\/\\\/secure.gravatar.com\\\/avatar\\\/49ae3bcb12846fb3d976b9823a5af43c4d12e64fb7b52146e0e9ac403a80e415?s=96&d=mm&r=g\",\"caption\":\"Martina Valentinitsch\"},\"url\":\"https:\\\/\\\/www.visitklagenfurt.at\\\/it\\\/author\\\/martina_valentinitsch\\\/\"}]}<\/script>\n<!-- \/ Yoast SEO plugin. -->","yoast_head_json":{"title":"David \u017defran | visitklagenfurt","robots":{"index":"index","follow":"follow","max-snippet":"max-snippet:-1","max-image-preview":"max-image-preview:large","max-video-preview":"max-video-preview:-1"},"canonical":"https:\/\/www.visitklagenfurt.at\/it\/giornate-della-cucina-alpe-adria\/chef-culinari\/david-zefran\/","og_locale":"it_IT","og_type":"article","og_title":"David \u017defran | visitklagenfurt","og_description":"Dopo essersi formato nei migliori ristoranti svedesi, David \u017defran \u00e8 tornato per realizzare la sua visione al Ristorante Milka di Kranjska Gora: una moderna cucina nordica ispirata alla tradizione, con un&#8217;attenzione particolare agli ingredienti regionali e stagionali, presentati con stile e con un&#8217;attenzione al gusto e all&#8217;estetica. David \u017defran del Ristorante Milka di Kranjska Gora [&hellip;]","og_url":"https:\/\/www.visitklagenfurt.at\/it\/giornate-della-cucina-alpe-adria\/chef-culinari\/david-zefran\/","og_site_name":"visitklagenfurt","article_published_time":"2025-08-21T10:54:25+00:00","article_modified_time":"2025-08-21T11:14:39+00:00","og_image":[{"width":810,"height":1080,"url":"https:\/\/www.visitklagenfurt.at\/wp-content\/uploads\/2020\/12\/David-Zefran_.jpg","type":"image\/jpeg"}],"author":"Martina Valentinitsch","twitter_card":"summary_large_image","twitter_misc":{"Scritto da":"Martina Valentinitsch","Tempo di lettura stimato":"1 minuto"},"schema":{"@context":"https:\/\/schema.org","@graph":[{"@type":"Article","@id":"https:\/\/www.visitklagenfurt.at\/it\/giornate-della-cucina-alpe-adria\/chef-culinari\/david-zefran\/#article","isPartOf":{"@id":"https:\/\/www.visitklagenfurt.at\/it\/giornate-della-cucina-alpe-adria\/chef-culinari\/david-zefran\/"},"author":{"name":"Martina Valentinitsch","@id":"https:\/\/www.visitklagenfurt.at\/it\/#\/schema\/person\/a3e77217ef718bf9b74f8a43f03ada41"},"headline":"David \u017defran","datePublished":"2025-08-21T10:54:25+00:00","dateModified":"2025-08-21T11:14:39+00:00","mainEntityOfPage":{"@id":"https:\/\/www.visitklagenfurt.at\/it\/giornate-della-cucina-alpe-adria\/chef-culinari\/david-zefran\/"},"wordCount":178,"publisher":{"@id":"https:\/\/www.visitklagenfurt.at\/it\/#organization"},"image":{"@id":"https:\/\/www.visitklagenfurt.at\/it\/giornate-della-cucina-alpe-adria\/chef-culinari\/david-zefran\/#primaryimage"},"thumbnailUrl":"https:\/\/www.visitklagenfurt.at\/wp-content\/uploads\/2020\/12\/David-Zefran_.jpg","keywords":["Cuochi","Slovenia"],"articleSection":["Chef culinari"],"inLanguage":"it-IT"},{"@type":"WebPage","@id":"https:\/\/www.visitklagenfurt.at\/it\/giornate-della-cucina-alpe-adria\/chef-culinari\/david-zefran\/","url":"https:\/\/www.visitklagenfurt.at\/it\/giornate-della-cucina-alpe-adria\/chef-culinari\/david-zefran\/","name":"David \u017defran | visitklagenfurt","isPartOf":{"@id":"https:\/\/www.visitklagenfurt.at\/it\/#website"},"primaryImageOfPage":{"@id":"https:\/\/www.visitklagenfurt.at\/it\/giornate-della-cucina-alpe-adria\/chef-culinari\/david-zefran\/#primaryimage"},"image":{"@id":"https:\/\/www.visitklagenfurt.at\/it\/giornate-della-cucina-alpe-adria\/chef-culinari\/david-zefran\/#primaryimage"},"thumbnailUrl":"https:\/\/www.visitklagenfurt.at\/wp-content\/uploads\/2020\/12\/David-Zefran_.jpg","datePublished":"2025-08-21T10:54:25+00:00","dateModified":"2025-08-21T11:14:39+00:00","breadcrumb":{"@id":"https:\/\/www.visitklagenfurt.at\/it\/giornate-della-cucina-alpe-adria\/chef-culinari\/david-zefran\/#breadcrumb"},"inLanguage":"it-IT","potentialAction":[{"@type":"ReadAction","target":["https:\/\/www.visitklagenfurt.at\/it\/giornate-della-cucina-alpe-adria\/chef-culinari\/david-zefran\/"]}]},{"@type":"ImageObject","inLanguage":"it-IT","@id":"https:\/\/www.visitklagenfurt.at\/it\/giornate-della-cucina-alpe-adria\/chef-culinari\/david-zefran\/#primaryimage","url":"https:\/\/www.visitklagenfurt.at\/wp-content\/uploads\/2020\/12\/David-Zefran_.jpg","contentUrl":"https:\/\/www.visitklagenfurt.at\/wp-content\/uploads\/2020\/12\/David-Zefran_.jpg","width":810,"height":1080},{"@type":"BreadcrumbList","@id":"https:\/\/www.visitklagenfurt.at\/it\/giornate-della-cucina-alpe-adria\/chef-culinari\/david-zefran\/#breadcrumb","itemListElement":[{"@type":"ListItem","position":1,"name":"visitklagenfurt","item":"https:\/\/www.visitklagenfurt.at\/it\/"},{"@type":"ListItem","position":2,"name":"Giornate della cucina dell\u2019Alpe Adria","item":"https:\/\/www.visitklagenfurt.at\/it\/category\/giornate-della-cucina-alpe-adria\/"},{"@type":"ListItem","position":3,"name":"Chef culinari","item":"https:\/\/www.visitklagenfurt.at\/it\/category\/giornate-della-cucina-alpe-adria\/chef-culinari\/"},{"@type":"ListItem","position":4,"name":"David \u017defran"}]},{"@type":"WebSite","@id":"https:\/\/www.visitklagenfurt.at\/it\/#website","url":"https:\/\/www.visitklagenfurt.at\/it\/","name":"visitklagenfurt","description":"","publisher":{"@id":"https:\/\/www.visitklagenfurt.at\/it\/#organization"},"potentialAction":[{"@type":"SearchAction","target":{"@type":"EntryPoint","urlTemplate":"https:\/\/www.visitklagenfurt.at\/it\/?s={search_term_string}"},"query-input":{"@type":"PropertyValueSpecification","valueRequired":true,"valueName":"search_term_string"}}],"inLanguage":"it-IT"},{"@type":"Organization","@id":"https:\/\/www.visitklagenfurt.at\/it\/#organization","name":"Tourismus Region Klagenfurt am W\u00f6rthersee GmbH","url":"https:\/\/www.visitklagenfurt.at\/it\/","logo":{"@type":"ImageObject","inLanguage":"it-IT","@id":"https:\/\/www.visitklagenfurt.at\/it\/#\/schema\/logo\/image\/","url":"https:\/\/www.visitklagenfurt.at\/wp-content\/uploads\/2022\/03\/DT_K_Klagenfurt_S_RGB.png","contentUrl":"https:\/\/www.visitklagenfurt.at\/wp-content\/uploads\/2022\/03\/DT_K_Klagenfurt_S_RGB.png","width":2082,"height":1511,"caption":"Tourismus Region Klagenfurt am W\u00f6rthersee GmbH"},"image":{"@id":"https:\/\/www.visitklagenfurt.at\/it\/#\/schema\/logo\/image\/"}},{"@type":"Person","@id":"https:\/\/www.visitklagenfurt.at\/it\/#\/schema\/person\/a3e77217ef718bf9b74f8a43f03ada41","name":"Martina Valentinitsch","image":{"@type":"ImageObject","inLanguage":"it-IT","@id":"https:\/\/secure.gravatar.com\/avatar\/49ae3bcb12846fb3d976b9823a5af43c4d12e64fb7b52146e0e9ac403a80e415?s=96&d=mm&r=g","url":"https:\/\/secure.gravatar.com\/avatar\/49ae3bcb12846fb3d976b9823a5af43c4d12e64fb7b52146e0e9ac403a80e415?s=96&d=mm&r=g","contentUrl":"https:\/\/secure.gravatar.com\/avatar\/49ae3bcb12846fb3d976b9823a5af43c4d12e64fb7b52146e0e9ac403a80e415?s=96&d=mm&r=g","caption":"Martina Valentinitsch"},"url":"https:\/\/www.visitklagenfurt.at\/it\/author\/martina_valentinitsch\/"}]}},"_links":{"self":[{"href":"https:\/\/www.visitklagenfurt.at\/it\/wp-json\/wp\/v2\/posts\/76132","targetHints":{"allow":["GET"]}}],"collection":[{"href":"https:\/\/www.visitklagenfurt.at\/it\/wp-json\/wp\/v2\/posts"}],"about":[{"href":"https:\/\/www.visitklagenfurt.at\/it\/wp-json\/wp\/v2\/types\/post"}],"author":[{"embeddable":true,"href":"https:\/\/www.visitklagenfurt.at\/it\/wp-json\/wp\/v2\/users\/4"}],"replies":[{"embeddable":true,"href":"https:\/\/www.visitklagenfurt.at\/it\/wp-json\/wp\/v2\/comments?post=76132"}],"version-history":[{"count":1,"href":"https:\/\/www.visitklagenfurt.at\/it\/wp-json\/wp\/v2\/posts\/76132\/revisions"}],"predecessor-version":[{"id":76133,"href":"https:\/\/www.visitklagenfurt.at\/it\/wp-json\/wp\/v2\/posts\/76132\/revisions\/76133"}],"wp:featuredmedia":[{"embeddable":true,"href":"https:\/\/www.visitklagenfurt.at\/it\/wp-json\/wp\/v2\/media\/56678"}],"wp:attachment":[{"href":"https:\/\/www.visitklagenfurt.at\/it\/wp-json\/wp\/v2\/media?parent=76132"}],"wp:term":[{"taxonomy":"category","embeddable":true,"href":"https:\/\/www.visitklagenfurt.at\/it\/wp-json\/wp\/v2\/categories?post=76132"},{"taxonomy":"post_tag","embeddable":true,"href":"https:\/\/www.visitklagenfurt.at\/it\/wp-json\/wp\/v2\/tags?post=76132"}],"curies":[{"name":"wp","href":"https:\/\/api.w.org\/{rel}","templated":true}]}}