{"id":76159,"date":"2025-08-21T12:56:19","date_gmt":"2025-08-21T10:56:19","guid":{"rendered":"https:\/\/www.visitklagenfurt.at\/slow-food-travel-alpe-adria-kaernten\/"},"modified":"2026-08-12T11:08:56","modified_gmt":"2026-08-12T09:08:56","slug":"slow-food-travel-alpe-adria-carinzia","status":"publish","type":"post","link":"https:\/\/www.visitklagenfurt.at\/it\/giornate-della-cucina-alpe-adria\/produttori-culinari\/slow-food-travel-alpe-adria-carinzia\/","title":{"rendered":"Consorzio BK Slow Food Travel Alpe Adria Carinzia"},"content":{"rendered":"\n<p class=\"wp-block-paragraph\">In Carinzia, le valli di Lesach, Gail e Gitschtal e il lago Weissensee sono diventate la prima Slow Food Travel Destination del mondo. O meglio: \u00e8 stata realizzata, perch\u00e9 questo progetto di punta \u00e8 nelle mani di quegli artigiani e produttori alimentari che da sempre vivono la filosofia Slow Food in questa tranquilla e quasi silenziosa regione di confine nel sud dell&#8217;Austria. E nello spirito di questo piacere lento, sono felici di lasciarvi guardare alle loro spalle mentre praticano il loro mestiere e trasmettono le loro conoscenze.  <\/p>\n\n<p class=\"wp-block-paragraph\">Durante le Giornate della Cucina Alpe-Adria, le <strong>erbe della Valle di Lesach <\/strong>sono presenti tanto quanto le <strong>bacche di aronia carnica<\/strong> o il <strong>Gailtaler Almk\u00e4se g.U.<\/strong> o i <strong>cracker dello Stieflb\u00e4ck<\/strong> di K\u00f6tschach-Mauthen. <\/p>\n\n<h2 class=\"wp-block-heading\">Sepp Brandst\u00e4tter: Mais bianco da campo della Gailtal<\/h2>\n\n<p class=\"wp-block-paragraph\">A W\u00fcrmlach, nella valle del Gail, la famiglia Brandst\u00e4tter coltiva un vero e proprio patrimonio culturale: il \u201cmais bianco della valle del Gail\u201d. Questa antica variet\u00e0 di mais viene coltivata da secoli nella regione ed \u00e8 oggi un prezioso elemento del patrimonio culinario. Il mais viene coltivato con metodo biologico, \u00e8 privo di OGM e senza glutine e viene macinato con cura direttamente in azienda per ottenere farina e semola di alta qualit\u00e0. Da questi ingredienti nascono polenta, pane o deliziosi dolci \u2013 sempre con un gusto inconfondibile e un forte legame con la tradizione. Ad ogni boccone si percepisce quanto siano strettamente legati qui la regionalit\u00e0, l\u2019agricoltura sostenibile e il vero piacere del gusto.    <\/p>\n\n<figure class=\"wp-block-image size-full\"><img fetchpriority=\"high\" decoding=\"async\" width=\"1080\" height=\"720\" src=\"https:\/\/www.visitklagenfurt.at\/wp-content\/uploads\/2025\/07\/Sepp-Brandstaetter-cslowfood.travel_W.Hummer.jpg\" alt=\"\" class=\"wp-image-76689\"\/><\/figure>\n\n<h2 class=\"wp-block-heading\">Heimo Oberrauner: Patate del \u201ccontadino di Zerza\u201d<\/h2>\n\n<p class=\"wp-block-paragraph\">La variet\u00e0 \u00e8 un piacere! Heimo Oberauner, noto come \u201cZerza Bauer\u201d, si dedica nella valle del Gail alla conservazione di antiche variet\u00e0 di patate. Qui crescono circa 16 variet\u00e0 diverse di tuberi: alcuni viola, altri rosa-rossastri, altri ancora giallo-dorati. Ogni variet\u00e0 sorprende con il proprio aroma, che spazia da un gusto terroso e deciso a una consistenza delicatamente farinosa. Gli ospiti sono invitati a partecipare attivamente alla raccolta e a estrarre questi tesori dalla terra, per poi degustarli immediatamente. L\u2019offerta \u00e8 completata da una piccola distilleria di qualit\u00e0, dalla produzione di aceto e dal negozio della fattoria, sempre aperto. Il risultato \u00e8 un\u2019esperienza autentica che unisce in modo unico artigianato, sostenibilit\u00e0 e piacere.      <\/p>\n\n<figure class=\"wp-block-gallery has-nested-images columns-default is-cropped wp-block-gallery-1 is-layout-flex wp-block-gallery-is-layout-flex\">\n<figure class=\"wp-block-image size-large\"><img decoding=\"async\" width=\"1333\" height=\"2000\" data-id=\"76693\" src=\"https:\/\/www.visitklagenfurt.at\/wp-content\/uploads\/2025\/07\/Zerza-ErdaepfelbauercSlow-Food-Travel-Alpe-Adria.jpg\" alt=\"\" class=\"wp-image-76693\"\/><\/figure>\n<\/figure>\n\n<h2 class=\"wp-block-heading\">Klara Obernosterer: La casetta delle erbe aromatiche della Lesachtal<\/h2>\n\n<p class=\"wp-block-paragraph\">Klara Obernosterer, originaria della valle del Lesach, trae ispirazione direttamente dalla natura: dalle erbe selvatiche e da giardino raccolte a mano crea miscele di t\u00e8, sciroppi, tinture, sali alle erbe e prodotti per la cura del corpo ricchi di aroma e propriet\u00e0 curative. Con grande competenza e sensibilit\u00e0, unisce l\u2019erboristeria tradizionale alle moderne tecniche di lavorazione. Ogni creazione racconta delle montagne, dei prati e della straordinaria variet\u00e0 della sua terra natale. Nascono cos\u00ec prodotti che non solo deliziano il palato, ma rafforzano anche la consapevolezza del valore dei tesori naturali: puri, autentici e sostenibili.   <\/p>\n\n<figure class=\"wp-block-gallery has-nested-images columns-default is-cropped wp-block-gallery-2 is-layout-flex wp-block-gallery-is-layout-flex\">\n<figure class=\"wp-block-image size-large\"><img decoding=\"async\" width=\"1080\" height=\"720\" data-id=\"75564\" src=\"https:\/\/www.visitklagenfurt.at\/wp-content\/uploads\/2025\/07\/Klara-Obernosterer_Foto-M.Hoffmann.jpg\" alt=\"\" class=\"wp-image-75564\"\/><\/figure>\n<\/figure>\n\n<h2 class=\"wp-block-heading\">Andrea Unterguggenberger: Il pane della Lesachtal e altro ancora<\/h2>\n\n<p class=\"wp-block-paragraph\">Al Peintnerhof, nella valle del Lesach, Andrea Unterguggenberger produce un Presidio Slow Food davvero speciale: il <strong>pane della valle del Lesach<\/strong>. Realizzato con cereali della valle del Lesach, macinati freschi in fattoria \u2013 senza alcun lievito. Spezie come anice, finocchio, coriandolo e cumino, insieme a sale di sorgente naturale ad alto contenuto di selenio, gli conferiscono una profondit\u00e0 aromatica. La lunga maturazione del lievito naturale rende il pane non solo digeribile, ma anche un delizioso esempio dell\u2019arte tradizionale della panificazione. Ogni fetta trasuda l\u2019autenticit\u00e0 e la vitalit\u00e0 della Lesachtal. Oltre a questo pane, Andrea propone anche altre specialit\u00e0 della regione.     <\/p>\n\n<figure class=\"wp-block-gallery has-nested-images columns-default is-cropped wp-block-gallery-3 is-layout-flex wp-block-gallery-is-layout-flex\">\n<figure class=\"wp-block-image size-large\"><img decoding=\"async\" data-id=\"76697\" src=\"https:\/\/www.visitklagenfurt.at\/wp-content\/uploads\/2025\/07\/Lesachtaler-Brot-&#xA9;Hummer.jpg\" alt=\"\" class=\"wp-image-76697\"\/><\/figure>\n<\/figure>\n\n<h2 class=\"wp-block-heading\">Ingrid Toulali: Aronia delle montagne cariche<\/h2>\n\n<p class=\"wp-block-paragraph\">Con grande passione, Ingrid Toulali si dedica <strong>all\u2019aronia delle montagne cariche<\/strong>, una bacca dalle propriet\u00e0 straordinarie. Sui terreni soleggiati della valle del Gail, i frutti maturano fino a diventare prelibatezze regionali. Lavorati con cura, questi frutti vengono trasformati in succhi naturali, sciroppi, creme spalmabili alla frutta, tisane, bacche essiccate e polvere \u2013 ricchi di vitamine e antiossidanti. L\u2019assortimento comprende anche specialit\u00e0 particolari come l\u2019\u00abHollaronia\u00bb, un connubio tra sambuco e aronia. Ogni prodotto \u00e8 sinonimo di genuinit\u00e0, accurata lavorazione artigianale e della visione di coniugare armoniosamente piacere e salute.    <\/p>\n\n<figure class=\"wp-block-gallery has-nested-images columns-default is-cropped wp-block-gallery-4 is-layout-flex wp-block-gallery-is-layout-flex\">\n<figure class=\"wp-block-image size-large\"><img loading=\"lazy\" decoding=\"async\" width=\"1080\" height=\"720\" data-id=\"75552\" src=\"https:\/\/www.visitklagenfurt.at\/wp-content\/uploads\/2025\/07\/Aronia_Koetschach_Slow_Food_Travel_2023-1847.jpg\" alt=\"\" class=\"wp-image-75552\"\/><\/figure>\n<\/figure>\n","protected":false},"excerpt":{"rendered":"<p>In Carinzia, le valli di Lesach, Gail e Gitschtal e il lago Weissensee sono diventate la prima Slow Food Travel Destination del mondo. O meglio: \u00e8 stata realizzata, perch\u00e9 questo progetto di punta \u00e8 nelle mani di quegli artigiani e produttori alimentari che da sempre vivono la filosofia Slow Food in questa tranquilla e quasi [&hellip;]<\/p>\n","protected":false},"author":4,"featured_media":75562,"comment_status":"closed","ping_status":"closed","sticky":false,"template":"","format":"standard","meta":{"footnotes":""},"categories":[939],"tags":[933,940],"class_list":["post-76159","post","type-post","status-publish","format-standard","has-post-thumbnail","hentry","category-produttori-culinari","tag-austria","tag-produttori"],"yoast_head":"<!-- This site is optimized with the Yoast SEO plugin v28.4 - https:\/\/yoast.com\/product\/yoast-seo-wordpress\/ -->\n<title>Consorzio BK Slow Food Travel Alpe Adria Carinzia | visitklagenfurt<\/title>\n<meta name=\"robots\" content=\"index, follow, max-snippet:-1, max-image-preview:large, max-video-preview:-1\" \/>\n<link rel=\"canonical\" href=\"https:\/\/www.visitklagenfurt.at\/it\/giornate-della-cucina-alpe-adria\/produttori-culinari\/slow-food-travel-alpe-adria-carinzia\/\" \/>\n<meta property=\"og:locale\" content=\"it_IT\" \/>\n<meta property=\"og:type\" content=\"article\" \/>\n<meta property=\"og:title\" content=\"Consorzio BK Slow Food Travel Alpe Adria Carinzia | visitklagenfurt\" \/>\n<meta property=\"og:description\" content=\"In Carinzia, le valli di Lesach, Gail e Gitschtal e il lago Weissensee sono diventate la prima Slow Food Travel Destination del mondo. O meglio: \u00e8 stata realizzata, perch\u00e9 questo progetto di punta \u00e8 nelle mani di quegli artigiani e produttori alimentari che da sempre vivono la filosofia Slow Food in questa tranquilla e quasi [&hellip;]\" \/>\n<meta property=\"og:url\" content=\"https:\/\/www.visitklagenfurt.at\/it\/giornate-della-cucina-alpe-adria\/produttori-culinari\/slow-food-travel-alpe-adria-carinzia\/\" \/>\n<meta property=\"og:site_name\" content=\"visitklagenfurt\" \/>\n<meta property=\"article:published_time\" content=\"2025-08-21T10:56:19+00:00\" \/>\n<meta property=\"article:modified_time\" content=\"2026-08-12T09:08:56+00:00\" \/>\n<meta property=\"og:image\" content=\"https:\/\/www.visitklagenfurt.at\/wp-content\/uploads\/2025\/07\/Gailtaler-Almkaese-g.U.-Foto-Helga-Rader.jpg\" \/>\n\t<meta property=\"og:image:width\" content=\"1080\" \/>\n\t<meta property=\"og:image:height\" content=\"720\" \/>\n\t<meta property=\"og:image:type\" content=\"image\/jpeg\" \/>\n<meta name=\"author\" content=\"Martina Valentinitsch\" \/>\n<meta name=\"twitter:card\" content=\"summary_large_image\" \/>\n<meta name=\"twitter:label1\" content=\"Scritto da\" \/>\n\t<meta name=\"twitter:data1\" content=\"Martina Valentinitsch\" \/>\n\t<meta name=\"twitter:label2\" content=\"Tempo di lettura stimato\" \/>\n\t<meta name=\"twitter:data2\" content=\"3 minuti\" \/>\n<script type=\"application\/ld+json\" class=\"yoast-schema-graph\">{\"@context\":\"https:\\\/\\\/schema.org\",\"@graph\":[{\"@type\":\"Article\",\"@id\":\"https:\\\/\\\/www.visitklagenfurt.at\\\/it\\\/giornate-della-cucina-alpe-adria\\\/produttori-culinari\\\/slow-food-travel-alpe-adria-carinzia\\\/#article\",\"isPartOf\":{\"@id\":\"https:\\\/\\\/www.visitklagenfurt.at\\\/it\\\/giornate-della-cucina-alpe-adria\\\/produttori-culinari\\\/slow-food-travel-alpe-adria-carinzia\\\/\"},\"author\":{\"name\":\"Martina Valentinitsch\",\"@id\":\"https:\\\/\\\/www.visitklagenfurt.at\\\/it\\\/#\\\/schema\\\/person\\\/a3e77217ef718bf9b74f8a43f03ada41\"},\"headline\":\"Consorzio BK Slow Food Travel Alpe Adria Carinzia\",\"datePublished\":\"2025-08-21T10:56:19+00:00\",\"dateModified\":\"2026-08-12T09:08:56+00:00\",\"mainEntityOfPage\":{\"@id\":\"https:\\\/\\\/www.visitklagenfurt.at\\\/it\\\/giornate-della-cucina-alpe-adria\\\/produttori-culinari\\\/slow-food-travel-alpe-adria-carinzia\\\/\"},\"wordCount\":682,\"publisher\":{\"@id\":\"https:\\\/\\\/www.visitklagenfurt.at\\\/it\\\/#organization\"},\"image\":{\"@id\":\"https:\\\/\\\/www.visitklagenfurt.at\\\/it\\\/giornate-della-cucina-alpe-adria\\\/produttori-culinari\\\/slow-food-travel-alpe-adria-carinzia\\\/#primaryimage\"},\"thumbnailUrl\":\"https:\\\/\\\/www.visitklagenfurt.at\\\/wp-content\\\/uploads\\\/2025\\\/07\\\/Gailtaler-Almkaese-g.U.-Foto-Helga-Rader.jpg\",\"keywords\":[\"Austria\",\"Produttori\"],\"articleSection\":[\"Produttori di prodotti gastronomici\"],\"inLanguage\":\"it-IT\"},{\"@type\":\"WebPage\",\"@id\":\"https:\\\/\\\/www.visitklagenfurt.at\\\/it\\\/giornate-della-cucina-alpe-adria\\\/produttori-culinari\\\/slow-food-travel-alpe-adria-carinzia\\\/\",\"url\":\"https:\\\/\\\/www.visitklagenfurt.at\\\/it\\\/giornate-della-cucina-alpe-adria\\\/produttori-culinari\\\/slow-food-travel-alpe-adria-carinzia\\\/\",\"name\":\"Consorzio BK Slow Food Travel Alpe Adria Carinzia | visitklagenfurt\",\"isPartOf\":{\"@id\":\"https:\\\/\\\/www.visitklagenfurt.at\\\/it\\\/#website\"},\"primaryImageOfPage\":{\"@id\":\"https:\\\/\\\/www.visitklagenfurt.at\\\/it\\\/giornate-della-cucina-alpe-adria\\\/produttori-culinari\\\/slow-food-travel-alpe-adria-carinzia\\\/#primaryimage\"},\"image\":{\"@id\":\"https:\\\/\\\/www.visitklagenfurt.at\\\/it\\\/giornate-della-cucina-alpe-adria\\\/produttori-culinari\\\/slow-food-travel-alpe-adria-carinzia\\\/#primaryimage\"},\"thumbnailUrl\":\"https:\\\/\\\/www.visitklagenfurt.at\\\/wp-content\\\/uploads\\\/2025\\\/07\\\/Gailtaler-Almkaese-g.U.-Foto-Helga-Rader.jpg\",\"datePublished\":\"2025-08-21T10:56:19+00:00\",\"dateModified\":\"2026-08-12T09:08:56+00:00\",\"breadcrumb\":{\"@id\":\"https:\\\/\\\/www.visitklagenfurt.at\\\/it\\\/giornate-della-cucina-alpe-adria\\\/produttori-culinari\\\/slow-food-travel-alpe-adria-carinzia\\\/#breadcrumb\"},\"inLanguage\":\"it-IT\",\"potentialAction\":[{\"@type\":\"ReadAction\",\"target\":[\"https:\\\/\\\/www.visitklagenfurt.at\\\/it\\\/giornate-della-cucina-alpe-adria\\\/produttori-culinari\\\/slow-food-travel-alpe-adria-carinzia\\\/\"]}]},{\"@type\":\"ImageObject\",\"inLanguage\":\"it-IT\",\"@id\":\"https:\\\/\\\/www.visitklagenfurt.at\\\/it\\\/giornate-della-cucina-alpe-adria\\\/produttori-culinari\\\/slow-food-travel-alpe-adria-carinzia\\\/#primaryimage\",\"url\":\"https:\\\/\\\/www.visitklagenfurt.at\\\/wp-content\\\/uploads\\\/2025\\\/07\\\/Gailtaler-Almkaese-g.U.-Foto-Helga-Rader.jpg\",\"contentUrl\":\"https:\\\/\\\/www.visitklagenfurt.at\\\/wp-content\\\/uploads\\\/2025\\\/07\\\/Gailtaler-Almkaese-g.U.-Foto-Helga-Rader.jpg\",\"width\":1080,\"height\":720},{\"@type\":\"BreadcrumbList\",\"@id\":\"https:\\\/\\\/www.visitklagenfurt.at\\\/it\\\/giornate-della-cucina-alpe-adria\\\/produttori-culinari\\\/slow-food-travel-alpe-adria-carinzia\\\/#breadcrumb\",\"itemListElement\":[{\"@type\":\"ListItem\",\"position\":1,\"name\":\"visitklagenfurt\",\"item\":\"https:\\\/\\\/www.visitklagenfurt.at\\\/it\\\/\"},{\"@type\":\"ListItem\",\"position\":2,\"name\":\"Giornate della cucina dell\u2019Alpe Adria\",\"item\":\"https:\\\/\\\/www.visitklagenfurt.at\\\/it\\\/category\\\/giornate-della-cucina-alpe-adria\\\/\"},{\"@type\":\"ListItem\",\"position\":3,\"name\":\"Produttori di prodotti gastronomici\",\"item\":\"https:\\\/\\\/www.visitklagenfurt.at\\\/it\\\/category\\\/giornate-della-cucina-alpe-adria\\\/produttori-culinari\\\/\"},{\"@type\":\"ListItem\",\"position\":4,\"name\":\"Consorzio BK Slow Food Travel Alpe Adria Carinzia\"}]},{\"@type\":\"WebSite\",\"@id\":\"https:\\\/\\\/www.visitklagenfurt.at\\\/it\\\/#website\",\"url\":\"https:\\\/\\\/www.visitklagenfurt.at\\\/it\\\/\",\"name\":\"visitklagenfurt\",\"description\":\"\",\"publisher\":{\"@id\":\"https:\\\/\\\/www.visitklagenfurt.at\\\/it\\\/#organization\"},\"potentialAction\":[{\"@type\":\"SearchAction\",\"target\":{\"@type\":\"EntryPoint\",\"urlTemplate\":\"https:\\\/\\\/www.visitklagenfurt.at\\\/it\\\/?s={search_term_string}\"},\"query-input\":{\"@type\":\"PropertyValueSpecification\",\"valueRequired\":true,\"valueName\":\"search_term_string\"}}],\"inLanguage\":\"it-IT\"},{\"@type\":\"Organization\",\"@id\":\"https:\\\/\\\/www.visitklagenfurt.at\\\/it\\\/#organization\",\"name\":\"Tourismus Region Klagenfurt am W\u00f6rthersee GmbH\",\"url\":\"https:\\\/\\\/www.visitklagenfurt.at\\\/it\\\/\",\"logo\":{\"@type\":\"ImageObject\",\"inLanguage\":\"it-IT\",\"@id\":\"https:\\\/\\\/www.visitklagenfurt.at\\\/it\\\/#\\\/schema\\\/logo\\\/image\\\/\",\"url\":\"https:\\\/\\\/www.visitklagenfurt.at\\\/wp-content\\\/uploads\\\/2022\\\/03\\\/DT_K_Klagenfurt_S_RGB.png\",\"contentUrl\":\"https:\\\/\\\/www.visitklagenfurt.at\\\/wp-content\\\/uploads\\\/2022\\\/03\\\/DT_K_Klagenfurt_S_RGB.png\",\"width\":2082,\"height\":1511,\"caption\":\"Tourismus Region Klagenfurt am W\u00f6rthersee GmbH\"},\"image\":{\"@id\":\"https:\\\/\\\/www.visitklagenfurt.at\\\/it\\\/#\\\/schema\\\/logo\\\/image\\\/\"}},{\"@type\":\"Person\",\"@id\":\"https:\\\/\\\/www.visitklagenfurt.at\\\/it\\\/#\\\/schema\\\/person\\\/a3e77217ef718bf9b74f8a43f03ada41\",\"name\":\"Martina Valentinitsch\",\"image\":{\"@type\":\"ImageObject\",\"inLanguage\":\"it-IT\",\"@id\":\"https:\\\/\\\/secure.gravatar.com\\\/avatar\\\/49ae3bcb12846fb3d976b9823a5af43c4d12e64fb7b52146e0e9ac403a80e415?s=96&d=mm&r=g\",\"url\":\"https:\\\/\\\/secure.gravatar.com\\\/avatar\\\/49ae3bcb12846fb3d976b9823a5af43c4d12e64fb7b52146e0e9ac403a80e415?s=96&d=mm&r=g\",\"contentUrl\":\"https:\\\/\\\/secure.gravatar.com\\\/avatar\\\/49ae3bcb12846fb3d976b9823a5af43c4d12e64fb7b52146e0e9ac403a80e415?s=96&d=mm&r=g\",\"caption\":\"Martina Valentinitsch\"},\"url\":\"https:\\\/\\\/www.visitklagenfurt.at\\\/it\\\/author\\\/martina_valentinitsch\\\/\"}]}<\/script>\n<!-- \/ Yoast SEO plugin. -->","yoast_head_json":{"title":"Consorzio BK Slow Food Travel Alpe Adria Carinzia | visitklagenfurt","robots":{"index":"index","follow":"follow","max-snippet":"max-snippet:-1","max-image-preview":"max-image-preview:large","max-video-preview":"max-video-preview:-1"},"canonical":"https:\/\/www.visitklagenfurt.at\/it\/giornate-della-cucina-alpe-adria\/produttori-culinari\/slow-food-travel-alpe-adria-carinzia\/","og_locale":"it_IT","og_type":"article","og_title":"Consorzio BK Slow Food Travel Alpe Adria Carinzia | visitklagenfurt","og_description":"In Carinzia, le valli di Lesach, Gail e Gitschtal e il lago Weissensee sono diventate la prima Slow Food Travel Destination del mondo. O meglio: \u00e8 stata realizzata, perch\u00e9 questo progetto di punta \u00e8 nelle mani di quegli artigiani e produttori alimentari che da sempre vivono la filosofia Slow Food in questa tranquilla e quasi [&hellip;]","og_url":"https:\/\/www.visitklagenfurt.at\/it\/giornate-della-cucina-alpe-adria\/produttori-culinari\/slow-food-travel-alpe-adria-carinzia\/","og_site_name":"visitklagenfurt","article_published_time":"2025-08-21T10:56:19+00:00","article_modified_time":"2026-08-12T09:08:56+00:00","og_image":[{"width":1080,"height":720,"url":"https:\/\/www.visitklagenfurt.at\/wp-content\/uploads\/2025\/07\/Gailtaler-Almkaese-g.U.-Foto-Helga-Rader.jpg","type":"image\/jpeg"}],"author":"Martina Valentinitsch","twitter_card":"summary_large_image","twitter_misc":{"Scritto da":"Martina Valentinitsch","Tempo di lettura stimato":"3 minuti"},"schema":{"@context":"https:\/\/schema.org","@graph":[{"@type":"Article","@id":"https:\/\/www.visitklagenfurt.at\/it\/giornate-della-cucina-alpe-adria\/produttori-culinari\/slow-food-travel-alpe-adria-carinzia\/#article","isPartOf":{"@id":"https:\/\/www.visitklagenfurt.at\/it\/giornate-della-cucina-alpe-adria\/produttori-culinari\/slow-food-travel-alpe-adria-carinzia\/"},"author":{"name":"Martina Valentinitsch","@id":"https:\/\/www.visitklagenfurt.at\/it\/#\/schema\/person\/a3e77217ef718bf9b74f8a43f03ada41"},"headline":"Consorzio BK Slow Food Travel Alpe Adria Carinzia","datePublished":"2025-08-21T10:56:19+00:00","dateModified":"2026-08-12T09:08:56+00:00","mainEntityOfPage":{"@id":"https:\/\/www.visitklagenfurt.at\/it\/giornate-della-cucina-alpe-adria\/produttori-culinari\/slow-food-travel-alpe-adria-carinzia\/"},"wordCount":682,"publisher":{"@id":"https:\/\/www.visitklagenfurt.at\/it\/#organization"},"image":{"@id":"https:\/\/www.visitklagenfurt.at\/it\/giornate-della-cucina-alpe-adria\/produttori-culinari\/slow-food-travel-alpe-adria-carinzia\/#primaryimage"},"thumbnailUrl":"https:\/\/www.visitklagenfurt.at\/wp-content\/uploads\/2025\/07\/Gailtaler-Almkaese-g.U.-Foto-Helga-Rader.jpg","keywords":["Austria","Produttori"],"articleSection":["Produttori di prodotti gastronomici"],"inLanguage":"it-IT"},{"@type":"WebPage","@id":"https:\/\/www.visitklagenfurt.at\/it\/giornate-della-cucina-alpe-adria\/produttori-culinari\/slow-food-travel-alpe-adria-carinzia\/","url":"https:\/\/www.visitklagenfurt.at\/it\/giornate-della-cucina-alpe-adria\/produttori-culinari\/slow-food-travel-alpe-adria-carinzia\/","name":"Consorzio BK Slow Food Travel Alpe Adria Carinzia | visitklagenfurt","isPartOf":{"@id":"https:\/\/www.visitklagenfurt.at\/it\/#website"},"primaryImageOfPage":{"@id":"https:\/\/www.visitklagenfurt.at\/it\/giornate-della-cucina-alpe-adria\/produttori-culinari\/slow-food-travel-alpe-adria-carinzia\/#primaryimage"},"image":{"@id":"https:\/\/www.visitklagenfurt.at\/it\/giornate-della-cucina-alpe-adria\/produttori-culinari\/slow-food-travel-alpe-adria-carinzia\/#primaryimage"},"thumbnailUrl":"https:\/\/www.visitklagenfurt.at\/wp-content\/uploads\/2025\/07\/Gailtaler-Almkaese-g.U.-Foto-Helga-Rader.jpg","datePublished":"2025-08-21T10:56:19+00:00","dateModified":"2026-08-12T09:08:56+00:00","breadcrumb":{"@id":"https:\/\/www.visitklagenfurt.at\/it\/giornate-della-cucina-alpe-adria\/produttori-culinari\/slow-food-travel-alpe-adria-carinzia\/#breadcrumb"},"inLanguage":"it-IT","potentialAction":[{"@type":"ReadAction","target":["https:\/\/www.visitklagenfurt.at\/it\/giornate-della-cucina-alpe-adria\/produttori-culinari\/slow-food-travel-alpe-adria-carinzia\/"]}]},{"@type":"ImageObject","inLanguage":"it-IT","@id":"https:\/\/www.visitklagenfurt.at\/it\/giornate-della-cucina-alpe-adria\/produttori-culinari\/slow-food-travel-alpe-adria-carinzia\/#primaryimage","url":"https:\/\/www.visitklagenfurt.at\/wp-content\/uploads\/2025\/07\/Gailtaler-Almkaese-g.U.-Foto-Helga-Rader.jpg","contentUrl":"https:\/\/www.visitklagenfurt.at\/wp-content\/uploads\/2025\/07\/Gailtaler-Almkaese-g.U.-Foto-Helga-Rader.jpg","width":1080,"height":720},{"@type":"BreadcrumbList","@id":"https:\/\/www.visitklagenfurt.at\/it\/giornate-della-cucina-alpe-adria\/produttori-culinari\/slow-food-travel-alpe-adria-carinzia\/#breadcrumb","itemListElement":[{"@type":"ListItem","position":1,"name":"visitklagenfurt","item":"https:\/\/www.visitklagenfurt.at\/it\/"},{"@type":"ListItem","position":2,"name":"Giornate della cucina dell\u2019Alpe Adria","item":"https:\/\/www.visitklagenfurt.at\/it\/category\/giornate-della-cucina-alpe-adria\/"},{"@type":"ListItem","position":3,"name":"Produttori di prodotti gastronomici","item":"https:\/\/www.visitklagenfurt.at\/it\/category\/giornate-della-cucina-alpe-adria\/produttori-culinari\/"},{"@type":"ListItem","position":4,"name":"Consorzio BK Slow Food Travel Alpe Adria Carinzia"}]},{"@type":"WebSite","@id":"https:\/\/www.visitklagenfurt.at\/it\/#website","url":"https:\/\/www.visitklagenfurt.at\/it\/","name":"visitklagenfurt","description":"","publisher":{"@id":"https:\/\/www.visitklagenfurt.at\/it\/#organization"},"potentialAction":[{"@type":"SearchAction","target":{"@type":"EntryPoint","urlTemplate":"https:\/\/www.visitklagenfurt.at\/it\/?s={search_term_string}"},"query-input":{"@type":"PropertyValueSpecification","valueRequired":true,"valueName":"search_term_string"}}],"inLanguage":"it-IT"},{"@type":"Organization","@id":"https:\/\/www.visitklagenfurt.at\/it\/#organization","name":"Tourismus Region Klagenfurt am W\u00f6rthersee GmbH","url":"https:\/\/www.visitklagenfurt.at\/it\/","logo":{"@type":"ImageObject","inLanguage":"it-IT","@id":"https:\/\/www.visitklagenfurt.at\/it\/#\/schema\/logo\/image\/","url":"https:\/\/www.visitklagenfurt.at\/wp-content\/uploads\/2022\/03\/DT_K_Klagenfurt_S_RGB.png","contentUrl":"https:\/\/www.visitklagenfurt.at\/wp-content\/uploads\/2022\/03\/DT_K_Klagenfurt_S_RGB.png","width":2082,"height":1511,"caption":"Tourismus Region Klagenfurt am W\u00f6rthersee GmbH"},"image":{"@id":"https:\/\/www.visitklagenfurt.at\/it\/#\/schema\/logo\/image\/"}},{"@type":"Person","@id":"https:\/\/www.visitklagenfurt.at\/it\/#\/schema\/person\/a3e77217ef718bf9b74f8a43f03ada41","name":"Martina Valentinitsch","image":{"@type":"ImageObject","inLanguage":"it-IT","@id":"https:\/\/secure.gravatar.com\/avatar\/49ae3bcb12846fb3d976b9823a5af43c4d12e64fb7b52146e0e9ac403a80e415?s=96&d=mm&r=g","url":"https:\/\/secure.gravatar.com\/avatar\/49ae3bcb12846fb3d976b9823a5af43c4d12e64fb7b52146e0e9ac403a80e415?s=96&d=mm&r=g","contentUrl":"https:\/\/secure.gravatar.com\/avatar\/49ae3bcb12846fb3d976b9823a5af43c4d12e64fb7b52146e0e9ac403a80e415?s=96&d=mm&r=g","caption":"Martina Valentinitsch"},"url":"https:\/\/www.visitklagenfurt.at\/it\/author\/martina_valentinitsch\/"}]}},"_links":{"self":[{"href":"https:\/\/www.visitklagenfurt.at\/it\/wp-json\/wp\/v2\/posts\/76159","targetHints":{"allow":["GET"]}}],"collection":[{"href":"https:\/\/www.visitklagenfurt.at\/it\/wp-json\/wp\/v2\/posts"}],"about":[{"href":"https:\/\/www.visitklagenfurt.at\/it\/wp-json\/wp\/v2\/types\/post"}],"author":[{"embeddable":true,"href":"https:\/\/www.visitklagenfurt.at\/it\/wp-json\/wp\/v2\/users\/4"}],"replies":[{"embeddable":true,"href":"https:\/\/www.visitklagenfurt.at\/it\/wp-json\/wp\/v2\/comments?post=76159"}],"version-history":[{"count":3,"href":"https:\/\/www.visitklagenfurt.at\/it\/wp-json\/wp\/v2\/posts\/76159\/revisions"}],"predecessor-version":[{"id":80161,"href":"https:\/\/www.visitklagenfurt.at\/it\/wp-json\/wp\/v2\/posts\/76159\/revisions\/80161"}],"wp:featuredmedia":[{"embeddable":true,"href":"https:\/\/www.visitklagenfurt.at\/it\/wp-json\/wp\/v2\/media\/75562"}],"wp:attachment":[{"href":"https:\/\/www.visitklagenfurt.at\/it\/wp-json\/wp\/v2\/media?parent=76159"}],"wp:term":[{"taxonomy":"category","embeddable":true,"href":"https:\/\/www.visitklagenfurt.at\/it\/wp-json\/wp\/v2\/categories?post=76159"},{"taxonomy":"post_tag","embeddable":true,"href":"https:\/\/www.visitklagenfurt.at\/it\/wp-json\/wp\/v2\/tags?post=76159"}],"curies":[{"name":"wp","href":"https:\/\/api.w.org\/{rel}","templated":true}]}}