{"id":8196,"date":"2021-02-23T10:34:31","date_gmt":"2021-02-23T09:34:31","guid":{"rendered":"http:\/\/blog.visitklagenfurt.at\/maltempo\/"},"modified":"2021-05-05T16:43:04","modified_gmt":"2021-05-05T14:43:04","slug":"maltempo","status":"publish","type":"post","link":"https:\/\/www.visitklagenfurt.at\/it\/blog-it\/vacanze-tempo-libero\/maltempo\/","title":{"rendered":"A Klagenfurt con il maltempo"},"content":{"rendered":"\n<p>Cosa fare quando piove a Klagenfurt? Allora, ecco la nostra idea: innanzitutto leggete questo post. Quindi decidete se tendete pi\u00f9 verso l&#8217;arte e il cinema, il caff\u00e8 o il vino, lo sport e lo shopping o la lettura e il benessere. E poi potete iniziare!<\/p>\n\n\n\n<p>Klagenfurt ha molti volti e alcuni di essi possono essere esplorati al meglio proprio in caso di maltempo. Basta con la noia e il cattivo umore. Con i nostri consigli daremo una svolta al tempo grigio.<\/p>\n\n\n\n<figure class=\"wp-block-image size-large\"><img fetchpriority=\"high\" decoding=\"async\" width=\"736\" height=\"1024\" src=\"https:\/\/www.visitklagenfurt.at\/wp-content\/uploads\/2020\/10\/innenstadt_regen_spanheimer_brunnen_2020_c-stefan_kobald_4_jpg-web-736x1024.jpg\" alt=\"\" class=\"wp-image-2196\" srcset=\"https:\/\/www.visitklagenfurt.at\/wp-content\/uploads\/2020\/10\/innenstadt_regen_spanheimer_brunnen_2020_c-stefan_kobald_4_jpg-web-736x1024.jpg 736w, https:\/\/www.visitklagenfurt.at\/wp-content\/uploads\/2020\/10\/innenstadt_regen_spanheimer_brunnen_2020_c-stefan_kobald_4_jpg-web-215x300.jpg 215w, https:\/\/www.visitklagenfurt.at\/wp-content\/uploads\/2020\/10\/innenstadt_regen_spanheimer_brunnen_2020_c-stefan_kobald_4_jpg-web-768x1069.jpg 768w, https:\/\/www.visitklagenfurt.at\/wp-content\/uploads\/2020\/10\/innenstadt_regen_spanheimer_brunnen_2020_c-stefan_kobald_4_jpg-web-1103x1536.jpg 1103w, https:\/\/www.visitklagenfurt.at\/wp-content\/uploads\/2020\/10\/innenstadt_regen_spanheimer_brunnen_2020_c-stefan_kobald_4_jpg-web.jpg 1471w\" sizes=\"(max-width: 736px) 100vw, 736px\" \/><figcaption>(c) Stefan Kobald<\/figcaption><\/figure>\n\n\n\n<h2 class=\"wp-block-heading\">I luoghi dell&#8217;arte contemporanea<\/h2>\n\n\n\n<p>La Carinzia \u00e8 un paese di artisti eccezionali che sanno gettare uno sguardo critico sulla regione, le sue contraddizioni e il suo potenziale. Gli artisti visivi mostrano la loro forza creativa nel Museo di arte moderna della Carinzia (Museum Moderner Kunst K\u00e4rnten) e nella Galleria cittadina di Klagenfurt.<\/p>\n\n\n\n<h3 class=\"wp-block-heading\">Il MMKK &#8211; Museo d&#8217;arte moderna della Carinzia<\/h3>\n\n\n\n<p>Il museo si chiama in breve <a href=\"http:\/\/mmkk.ktn.gv.at\/\">MMKK<\/a>. Si trova al primo piano del Castello di Klagenfurt, in pieno centro. Qui, su una superficie espositiva di circa 1.000 mq, vengono presentate, in mostre personali e a tema, opere d&#8217;arte nazionali e internazionali sia contemporanee che classiche. La cappella del castello si offre come ulteriore gioiello per progetti artistici sperimentali e installazioni.\r\n\r\nBurggasse 8, 9020 Klagenfurt am W\u00f6rthersee<\/p>\n\n\n\n<figure class=\"wp-block-image size-large\"><img decoding=\"async\" width=\"683\" height=\"1024\" src=\"https:\/\/www.visitklagenfurt.at\/wp-content\/uploads\/2020\/08\/DSC_0284-683x1024.jpg\" alt=\"\" class=\"wp-image-8238\" srcset=\"https:\/\/www.visitklagenfurt.at\/wp-content\/uploads\/2020\/08\/DSC_0284-683x1024.jpg 683w, https:\/\/www.visitklagenfurt.at\/wp-content\/uploads\/2020\/08\/DSC_0284-200x300.jpg 200w, https:\/\/www.visitklagenfurt.at\/wp-content\/uploads\/2020\/08\/DSC_0284-768x1152.jpg 768w, https:\/\/www.visitklagenfurt.at\/wp-content\/uploads\/2020\/08\/DSC_0284-1024x1536.jpg 1024w, https:\/\/www.visitklagenfurt.at\/wp-content\/uploads\/2020\/08\/DSC_0284.jpg 1365w\" sizes=\"(max-width: 683px) 100vw, 683px\" \/><figcaption>(c) Tourismus Region Klagenfurt am W\u00f6rthersee GmbH<\/figcaption><\/figure>\n\n\n\n<h3 class=\"wp-block-heading\">La Galleria della citt\u00e0 di Klagenfurt<\/h3>\n\n\n\n<p>La <a href=\"http:\/\/www.stadtgalerie.net\/\">Galleria della citt\u00e0 di Klagenfurt<\/a> (Stadtgalerie) porta nel cuore della citt\u00e0 mostre sempre nuove di artisti di respiro internazionale. Qui si pu\u00f2 trovare arte di tutti i generi, pittura, scultura, fotografia e nuovi media.<\/p>\n\n\n\n<p>Su quasi 1.000 metri quadrati sono esposte opere del modernismo classico internazionale, ma anche lavori di giovani artisti, soprattutto europei, nonch\u00e9 mostre a tema.\r\n\r\nTheatergasse 4, 9020 Klagenfurt am W\u00f6rthersee<\/p>\n\n\n\n<figure class=\"wp-block-image size-large\"><img decoding=\"async\" width=\"1024\" height=\"682\" src=\"https:\/\/www.visitklagenfurt.at\/wp-content\/uploads\/2020\/08\/kultur_galerie_stadtgalerie_2012_c-helge_bauer_15-web-1024x682.jpg\" alt=\"\" class=\"wp-image-1283\" srcset=\"https:\/\/www.visitklagenfurt.at\/wp-content\/uploads\/2020\/08\/kultur_galerie_stadtgalerie_2012_c-helge_bauer_15-web-1024x682.jpg 1024w, https:\/\/www.visitklagenfurt.at\/wp-content\/uploads\/2020\/08\/kultur_galerie_stadtgalerie_2012_c-helge_bauer_15-web-300x200.jpg 300w, https:\/\/www.visitklagenfurt.at\/wp-content\/uploads\/2020\/08\/kultur_galerie_stadtgalerie_2012_c-helge_bauer_15-web-768x511.jpg 768w, https:\/\/www.visitklagenfurt.at\/wp-content\/uploads\/2020\/08\/kultur_galerie_stadtgalerie_2012_c-helge_bauer_15-web-1536x1022.jpg 1536w, https:\/\/www.visitklagenfurt.at\/wp-content\/uploads\/2020\/08\/kultur_galerie_stadtgalerie_2012_c-helge_bauer_15-web.jpg 2048w\" sizes=\"(max-width: 1024px) 100vw, 1024px\" \/><figcaption>(c) Helge Bauer<\/figcaption><\/figure>\n\n\n\n<h2 class=\"wp-block-heading\">La cultura dei caff\u00e8 a Klagenfurt<\/h2>\n\n\n\n<p>Fuori c&#8217;\u00e8 la pioggia che picchietta sul vetro della vetrina, dentro c&#8217;\u00e8 musica, una raffinata selezione di riviste e una grande tazza di caffelatte. Una bella immagine per un pomeriggio di pioggia riuscito, non \u00e8 vero? A Klagenfurt c&#8217;\u00e8 una buona selezione di svariati caff\u00e8 con diverse specialit\u00e0.<\/p>\n\n\n\n<h3 class=\"wp-block-heading\">Il Caf\u00e8 Domgassner<\/h3>\n\n\n\n<p>Il <a href=\"https:\/\/gut-essen-trinken.at\/der-domgassner\">Caf\u00e8 Domgassner<\/a>, con una forte impronta di autentica cultura austriaca del caff\u00e8 e un leggero tocco di spirito italiano, \u00e8 il caff\u00e8 classico di Klagenfurt. La combinazione di prosecco con panino \u00e8 disponibile solo qui. Come dicono i locali, vedere ed essere visti nel \u00bbGassner\u00ab ha sempre avuto una certa importanza. La citt\u00e0 di Klagenfurt si incontra qui.<\/p>\n\n\n\n<figure class=\"wp-block-gallery columns-1 is-cropped wp-block-gallery-1 is-layout-flex wp-block-gallery-is-layout-flex\"><ul class=\"blocks-gallery-grid\"><li class=\"blocks-gallery-item\"><figure><img loading=\"lazy\" decoding=\"async\" width=\"1024\" height=\"683\" src=\"https:\/\/www.visitklagenfurt.at\/wp-content\/uploads\/2020\/09\/DSC_1626-1024x683.jpg\" alt=\"\" data-id=\"1383\" data-full-url=\"https:\/\/www.visitklagenfurt.at\/wp-content\/uploads\/2020\/09\/DSC_1626.jpg\" data-link=\"https:\/\/www.visitklagenfurt.at\/?attachment_id=1383\" class=\"wp-image-8218\" srcset=\"https:\/\/www.visitklagenfurt.at\/wp-content\/uploads\/2020\/09\/DSC_1626-1024x683.jpg 1024w, https:\/\/www.visitklagenfurt.at\/wp-content\/uploads\/2020\/09\/DSC_1626-300x200.jpg 300w, https:\/\/www.visitklagenfurt.at\/wp-content\/uploads\/2020\/09\/DSC_1626-768x512.jpg 768w, https:\/\/www.visitklagenfurt.at\/wp-content\/uploads\/2020\/09\/DSC_1626.jpg 1080w\" sizes=\"(max-width: 1024px) 100vw, 1024px\" \/><figcaption class=\"blocks-gallery-item__caption\">(c) Caf\u00e8 DomGassner<\/figcaption><\/figure><\/li><li class=\"blocks-gallery-item\"><figure><img loading=\"lazy\" decoding=\"async\" width=\"1024\" height=\"683\" src=\"https:\/\/www.visitklagenfurt.at\/wp-content\/uploads\/2020\/09\/DSC_0626-1024x683.jpg\" alt=\"\" data-id=\"1385\" data-full-url=\"https:\/\/www.visitklagenfurt.at\/wp-content\/uploads\/2020\/09\/DSC_0626.jpg\" data-link=\"https:\/\/www.visitklagenfurt.at\/?attachment_id=1385\" class=\"wp-image-8214\" srcset=\"https:\/\/www.visitklagenfurt.at\/wp-content\/uploads\/2020\/09\/DSC_0626-1024x683.jpg 1024w, https:\/\/www.visitklagenfurt.at\/wp-content\/uploads\/2020\/09\/DSC_0626-300x200.jpg 300w, https:\/\/www.visitklagenfurt.at\/wp-content\/uploads\/2020\/09\/DSC_0626-768x512.jpg 768w, https:\/\/www.visitklagenfurt.at\/wp-content\/uploads\/2020\/09\/DSC_0626.jpg 1080w\" sizes=\"(max-width: 1024px) 100vw, 1024px\" \/><figcaption class=\"blocks-gallery-item__caption\">(c) Caf\u00e8 DomGassner<\/figcaption><\/figure><\/li><\/ul><\/figure>\n\n\n\n<h3 class=\"wp-block-heading\">Il Caf\u00e8 Ingeborg<\/h3>\n\n\n\n<p>Il <a href=\"https:\/\/www.facebook.com\/kaffeehaus.ingeborg\/\">Caf\u00e8 Ingeborg Bachmann<\/a> offre un&#8217;eleganza sofisticata anni &#8217;70, oltre a un eccellente caff\u00e8 Hausbrandt! Il gestore Klaus Kirchner presta molta attenzione allo stile, degni di nota i tavolini apparecchiati in bianco. Molto curata la selezione delle riviste, un richiamo per le menti intellettuali. A volte Klaus si presta anche a DJ, scegliendo ottima musica d&#8217;ambiente. Ha una buona scelta di raffinate varianti per la prima colazione.\r\n\r\nRadetzkystra\u00dfe 3, 9020 Klagenfurt am W\u00f6rthersee<\/p>\n\n\n\n<figure class=\"wp-block-embed-instagram wp-block-embed is-type-rich is-provider-instagram\"><div class=\"wp-block-embed__wrapper\">\nhttps:\/\/www.instagram.com\/p\/CD_WX_PpDz_\/\n<\/div><\/figure>\n\n\n\n<h3 class=\"wp-block-heading\">Katzencaf\u00e8 Cat\u2019n\u2019Coffee<\/h3>\n\n\n\n<p>Nel <a href=\"https:\/\/de-de.facebook.com\/katzencafe\">Katzencafe<\/a> (Caff\u00e8 dei gatti) si sentiranno a casa gli amanti dei gatti. Un&#8217;accogliente caffetteria in cui con gli ospiti si trovano a convivere dieci micioni. Qui viene servito un ottimo caffelatte, ci sono comode poltrone e una piacevole musica di sottofondo che rendono l&#8217;atmosfera al Katzencafe particolarmente rilassante, facendone un luogo ideale per tutti coloro che vogliono immergersi in una buona lettura.\r\n\r\nPaulitschgasse 9, 9020 Klagenfurt am W\u00f6rthersee<\/p>\n\n\n\n<figure class=\"wp-block-embed-instagram wp-block-embed is-type-rich is-provider-instagram\"><div class=\"wp-block-embed__wrapper\">\nhttps:\/\/www.instagram.com\/p\/CCWtTLoAi9i\/\n<\/div><\/figure>\n\n\n\n<h3 class=\"wp-block-heading\">Ph\u00f6nix Book Cafe<\/h3>\n\n\n\n<p>Adoriamo il<a href=\"https:\/\/www.phoenixbookcafe.com\/\"> Ph\u00f6nix Book Cafe<\/a> con il suo stile sul tema di Harry Potter. Chiunque abbia provato la cioccolata calda con i marshmallow sa perch\u00e9. All&#8217;interno ci sono innumerevoli gadget di Harry &nbsp;Potter, ma si respira anche l&#8217;atmosfera della scuola di Hogwarts con pesanti poltrone, pareti di libri e la mitica scala a chiocciola in legno che porta al primo piano.<\/p>\n\n\n\n<figure class=\"wp-block-embed-instagram wp-block-embed is-type-rich is-provider-instagram\"><div class=\"wp-block-embed__wrapper\">\nhttps:\/\/www.instagram.com\/p\/B8ZKAvYABeQ\/\n<\/div><\/figure>\n\n\n\n<h3 class=\"wp-block-heading\">Caff\u00e8 del teatro<\/h3>\n\n\n\n<p>Un&#8217;idea pi\u00f9 personale di posto preferito: la bizzarra ma amorevole atmosfera nel <a href=\"https:\/\/www.facebook.com\/pages\/Theatercafe-Cho-Cho-San\/153579734698617\">caff\u00e8 del teatro<\/a> \u00e8 leggendaria. \u00c8 un luogo di incontro per attori, buongustai e amanti della musica classica di sottofondo. Mentre Vroni con le sue radici nel Tirolo orientale a Klagenfurt \u00e8 una vera leggenda!\r\n\r\nTheatergasse 9, 9020 Klagenfurt am W\u00f6rthersee<\/p>\n\n\n\n<h2 class=\"wp-block-heading\">Spa nella Lendlagune<\/h2>\n\n\n\n<p>La posizione del <a href=\"http:\/\/www.seeparkhotel.at\/\">Seeparkhotel<\/a> nella romantica Lendlagune \u00e8 impareggiabile. Ha un che di meditativo, quando dalla superficie del W\u00f6rthersee le nuvole di pioggia si alzano come batuffoli di cotone.<\/p>\n\n\n\n<p>Nella day spa dell&#8217;hotel, aperta anche agli ospiti esterni, c&#8217;\u00e8 un&#8217;offerta perfetta per una lunga giornata di benessere. Una giornata di pioggia fatta di coccole \u00e8 disponibile per \u20ac 29; Ci sono anche tariffe orarie o serali. Il tempo vola mentre ci si sposta tra la piscina coperta, la sauna finlandese, il bagno turco e la grotta di ghiaccio. \u00c8 richiesta la prenotazione!\r\n\r\n<a href=\"https:\/\/www.seeparkhotel.at\/de\/move-relax\/day-spa\" target=\"_blank\" rel=\"noreferrer noopener\">www.seeparkhotel.at\/day-spa<\/a><\/p>\n\n\n\n<figure class=\"wp-block-gallery columns-2 is-cropped wp-block-gallery-2 is-layout-flex wp-block-gallery-is-layout-flex\"><ul class=\"blocks-gallery-grid\"><li class=\"blocks-gallery-item\"><figure><img loading=\"lazy\" decoding=\"async\" width=\"1024\" height=\"683\" src=\"https:\/\/www.visitklagenfurt.at\/wp-content\/uploads\/2020\/09\/Seepark-Hotel-Daniel-Waschnig-2018-06-25-1024x683.jpg\" alt=\"\" data-id=\"1310\" data-full-url=\"https:\/\/www.visitklagenfurt.at\/wp-content\/uploads\/2020\/09\/Seepark-Hotel-Daniel-Waschnig-2018-06-25-scaled.jpg\" data-link=\"https:\/\/www.visitklagenfurt.at\/?attachment_id=1310\" class=\"wp-image-1310\" srcset=\"https:\/\/www.visitklagenfurt.at\/wp-content\/uploads\/2020\/09\/Seepark-Hotel-Daniel-Waschnig-2018-06-25-1024x683.jpg 1024w, https:\/\/www.visitklagenfurt.at\/wp-content\/uploads\/2020\/09\/Seepark-Hotel-Daniel-Waschnig-2018-06-25-300x200.jpg 300w, https:\/\/www.visitklagenfurt.at\/wp-content\/uploads\/2020\/09\/Seepark-Hotel-Daniel-Waschnig-2018-06-25-768x512.jpg 768w, https:\/\/www.visitklagenfurt.at\/wp-content\/uploads\/2020\/09\/Seepark-Hotel-Daniel-Waschnig-2018-06-25-1536x1024.jpg 1536w, https:\/\/www.visitklagenfurt.at\/wp-content\/uploads\/2020\/09\/Seepark-Hotel-Daniel-Waschnig-2018-06-25-2048x1365.jpg 2048w\" sizes=\"(max-width: 1024px) 100vw, 1024px\" \/><figcaption class=\"blocks-gallery-item__caption\">(c) Seepark W\u00f6rthersee Resort, Daniel Waschnig<\/figcaption><\/figure><\/li><li class=\"blocks-gallery-item\"><figure><img loading=\"lazy\" decoding=\"async\" width=\"1024\" height=\"683\" src=\"https:\/\/www.visitklagenfurt.at\/wp-content\/uploads\/2020\/09\/Seepark-Hotel-Daniel-Waschnig-2018-06-52-1024x683.jpg\" alt=\"\" data-id=\"1312\" data-full-url=\"https:\/\/www.visitklagenfurt.at\/wp-content\/uploads\/2020\/09\/Seepark-Hotel-Daniel-Waschnig-2018-06-52-scaled.jpg\" data-link=\"https:\/\/www.visitklagenfurt.at\/?attachment_id=1312\" class=\"wp-image-1312\" srcset=\"https:\/\/www.visitklagenfurt.at\/wp-content\/uploads\/2020\/09\/Seepark-Hotel-Daniel-Waschnig-2018-06-52-1024x683.jpg 1024w, https:\/\/www.visitklagenfurt.at\/wp-content\/uploads\/2020\/09\/Seepark-Hotel-Daniel-Waschnig-2018-06-52-300x200.jpg 300w, https:\/\/www.visitklagenfurt.at\/wp-content\/uploads\/2020\/09\/Seepark-Hotel-Daniel-Waschnig-2018-06-52-768x512.jpg 768w, https:\/\/www.visitklagenfurt.at\/wp-content\/uploads\/2020\/09\/Seepark-Hotel-Daniel-Waschnig-2018-06-52-1536x1024.jpg 1536w, https:\/\/www.visitklagenfurt.at\/wp-content\/uploads\/2020\/09\/Seepark-Hotel-Daniel-Waschnig-2018-06-52-2048x1365.jpg 2048w\" sizes=\"(max-width: 1024px) 100vw, 1024px\" \/><figcaption class=\"blocks-gallery-item__caption\">(c) Seepark W\u00f6rthersee Resort, Daniel Waschnig<\/figcaption><\/figure><\/li><li class=\"blocks-gallery-item\"><figure><img loading=\"lazy\" decoding=\"async\" width=\"1024\" height=\"683\" src=\"https:\/\/www.visitklagenfurt.at\/wp-content\/uploads\/2020\/09\/Seepark-Hotel-Daniel-Waschnig-09-2019-6966-1024x683.jpg\" alt=\"\" data-id=\"1309\" data-full-url=\"https:\/\/www.visitklagenfurt.at\/wp-content\/uploads\/2020\/09\/Seepark-Hotel-Daniel-Waschnig-09-2019-6966-scaled.jpg\" data-link=\"https:\/\/www.visitklagenfurt.at\/?attachment_id=1309\" class=\"wp-image-1309\" srcset=\"https:\/\/www.visitklagenfurt.at\/wp-content\/uploads\/2020\/09\/Seepark-Hotel-Daniel-Waschnig-09-2019-6966-1024x683.jpg 1024w, https:\/\/www.visitklagenfurt.at\/wp-content\/uploads\/2020\/09\/Seepark-Hotel-Daniel-Waschnig-09-2019-6966-300x200.jpg 300w, https:\/\/www.visitklagenfurt.at\/wp-content\/uploads\/2020\/09\/Seepark-Hotel-Daniel-Waschnig-09-2019-6966-768x512.jpg 768w, https:\/\/www.visitklagenfurt.at\/wp-content\/uploads\/2020\/09\/Seepark-Hotel-Daniel-Waschnig-09-2019-6966-1536x1024.jpg 1536w, https:\/\/www.visitklagenfurt.at\/wp-content\/uploads\/2020\/09\/Seepark-Hotel-Daniel-Waschnig-09-2019-6966-2048x1365.jpg 2048w\" sizes=\"(max-width: 1024px) 100vw, 1024px\" \/><figcaption class=\"blocks-gallery-item__caption\">(c) Seepark W\u00f6rthersee Resort, Daniel Waschnig<\/figcaption><\/figure><\/li><\/ul><\/figure>\n\n\n\n<h2 class=\"wp-block-heading\">Tempo perfetto per lo shopping!<\/h2>\n\n\n\n<p>Il <a href=\"http:\/\/www.city-arkaden-klagenfurt.at\/\">centro commerciale City Arkaden<\/a> \u00e8 come se fosse fatto per le giornate nuvolose. Nel mezzo della citt\u00e0, con un ampio garage sul tetto, questo centro commerciale con 27.000 metri quadrati e oltre 100 negozi \u00e8 un&#8217;alternativa ideale alla pioggia per tutte le regine e i re dello shopping&#8230;<\/p>\n\n\n\n<p>Qui tutto si torva sotto lo stesso tetto: dalla moda e le scarpe alla tecnologia, dai libri ai gioielli, articoli sportivi e casalinghi. Oltre ai punti vendita delle grandi catene, ci sono anche molti negozi regionali. Caff\u00e8, snack bar e ristoranti hanno un&#8217;offerta per tutti i gusti.<\/p>\n\n\n\n<p>Anche il centro citt\u00e0 con i suoi negozi e cortili \u00e8 una buona idea per passare le giornate di maltempo: le distanze comunque sono piccole e la variet\u00e0 dell&#8217;offerta del centro \u00e8 talmente ricca da accontentare tutti.<\/p>\n\n\n\n<h2 class=\"wp-block-heading\">I luoghi preferiti dei topi di biblioteca<\/h2>\n\n\n\n<p>Quando piove basta avere immaginazione. Cosa c&#8217;\u00e8 di meglio che un&#8217;accogliente libreria con scaffali pieni fino al soffitto?<\/p>\n\n\n\n<h3 class=\"wp-block-heading\">Libreria Heyn<\/h3>\n\n\n\n<p>Il posto preferito di molti topi di biblioteca locali \u00e8 la <a href=\"http:\/\/www.heyn.at\/\">libreria Heyn<\/a>, non da ultimo per l&#8217;atmosfera accogliente. Un negozio tradizionale di Klagenfurt che da generazioni garantisce la massima qualit\u00e0 e un servizio di alto livello. Grazie all&#8217;editore affiliato, c&#8217;\u00e8 una ricca scelta di titoli regionali.<\/p>\n\n\n\n<figure class=\"wp-block-image size-large\"><img loading=\"lazy\" decoding=\"async\" width=\"1024\" height=\"683\" src=\"https:\/\/www.visitklagenfurt.at\/wp-content\/uploads\/2020\/09\/Heyn_17_2_Arnold_Poeschl_9396-1024x683.jpg\" alt=\"\" class=\"wp-image-1444\" srcset=\"https:\/\/www.visitklagenfurt.at\/wp-content\/uploads\/2020\/09\/Heyn_17_2_Arnold_Poeschl_9396-1024x683.jpg 1024w, https:\/\/www.visitklagenfurt.at\/wp-content\/uploads\/2020\/09\/Heyn_17_2_Arnold_Poeschl_9396-300x200.jpg 300w, https:\/\/www.visitklagenfurt.at\/wp-content\/uploads\/2020\/09\/Heyn_17_2_Arnold_Poeschl_9396-768x512.jpg 768w, https:\/\/www.visitklagenfurt.at\/wp-content\/uploads\/2020\/09\/Heyn_17_2_Arnold_Poeschl_9396-1536x1024.jpg 1536w, https:\/\/www.visitklagenfurt.at\/wp-content\/uploads\/2020\/09\/Heyn_17_2_Arnold_Poeschl_9396-2048x1366.jpg 2048w\" sizes=\"(max-width: 1024px) 100vw, 1024px\" \/><figcaption>(c) Arnold P\u00f6schl<\/figcaption><\/figure>\n\n\n\n<h3 class=\"wp-block-heading\">La libreria della Carinzia<\/h3>\n\n\n\n<p>Per i topi di biblioteca \u00e8 un punto di riferimento anche la <a href=\"https:\/\/www.morawa.at\/about\/stores\/storeDetail\/BK-artcStore\/K%C3%A4rntner-Buchhandlung-Klagenfurt\">libreria della Carinzia<\/a>: ben fornita e con esperti disponibili a dare buoni consigli. Ha anche un reparto cartoleria per appasionati di articoli di cancelleria e di decorazioni.\r\n\r\nWiesbadener Str. 5, 9020 Klagenfurt am W\u00f6rthersee<\/p>\n\n\n\n<h3 class=\"wp-block-heading\">Esperti in libri antiquari e bilingui<\/h3>\n\n\n\n<p>Daniela Warmuth della libreria \u201c<a href=\"https:\/\/finde-offen.at\/klagenfurt-am-worthersee\/lendbuch-241732\">Lendbuch<\/a>\u201d \u00e8 specializzata in capolavori letterari di natura antiquaria. La sua piccola libreria sopra il Lendhafen a Klagenfurt \u00e8 luogo perfetto per i veri buongustai del libro.<\/p>\n\n\n\n<p>La <a href=\"http:\/\/www.hacek.at\/\">libreria Ha\u010dek<\/a> sulla Paulitschgasse invece \u00e8 bilingue come la Carinzia. Oltre alle traduzioni in sloveno, qui sono soprattutto sempre disponibili le versioni tedesche di autori sloveni. Chiunque abbia bambini dovrebbe assolutamente conoscere la cantina di Ha\u010dek. La loro vasta selezione di libri per bambini fatti con particolare amore e attenzione non si trova da nessun&#8217;altra parte a Klagenfurt.<\/p>\n\n\n\n<h2 class=\"wp-block-heading\">Pareti da scalare al coperto <\/h2>\n\n\n\n<p>Se piove non significa che non potete muovervi. Niente di meglio che andare al <a href=\"http:\/\/www.boulderama.at\/\">Boulderama<\/a>, una delle pi\u00f9 grandi sale boulder in Austria.<\/p>\n\n\n\n<p>Su oltre 1.000 metri quadrati di spazio dedicato all&#8217;arrampicata con vie di vari livelli di difficolt\u00e0, tutti troveranno spazio sufficiente per sviluppare le proprie capacit\u00e0 di bouldering, dai principianti assoluti ai professionisti.<\/p>\n\n\n\n<p>Sotto il tetto del Boulderama \u00e8 stata spostata anche l&#8217;arena di arrampicata indoor del Club Alpino con le sue pareti di arrampicata e una torre Free Solo alta 8,40 metri. Insomma tutti coloro che vogliono arrampicare pi\u00f9 in alto qui troveranno pane per i loro denti.<\/p>\n\n\n\n<p>Biglietti giornalieri a 13 \u20ac, le scarpe possono essere noleggiate in loco. Ci si pu\u00f2 riposare e ricare le batterie in un piccolo caff\u00e8 nel foyer.\r\n\r\nRaiffeisenstra\u00dfe 12, 9020 Klagenfurt am W\u00f6rthersee<\/p>\n\n\n\n<figure class=\"wp-block-embed-instagram wp-block-embed is-type-rich is-provider-instagram\"><div class=\"wp-block-embed__wrapper\">\nhttps:\/\/www.instagram.com\/p\/CDJ_0oWJTQZ\/\n<\/div><\/figure>\n\n\n\n<h2 class=\"wp-block-heading\">Relax nella piscina coperta<\/h2>\n\n\n\n<p>Qui una giornata di pioggia \u00e8 facile da sopportare. Per gli amanti del benessere e del fitness la <a href=\"http:\/\/www.stw.at\/privat\/baeder\/hallenbad\/\">piscina coperta di Klagenfurt<\/a> \u00e8 il top della capitale della regione.<\/p>\n\n\n\n<p>Una piscina sportiva di 25 metri per atleti ambiziosi, una calda piscina da wellness con un canale d&#8217;acqua, una grotta rocciosa, doccia a pioggia e idromassaggio per coloro che adorano stare in ammollo. Ce n&#8217;\u00e8 per tutti i gusti.<\/p>\n\n\n\n<p>Chi desidera rilassarsi dopo una nuotata sportiva pu\u00f2 acquistare un biglietto per la sauna interna. Oppure prenota direttamente un massaggio. Non importa che tempo fa fuori: alla fine della giornata tornano tutti a casa super rilassati.\r\n\r\nGasometergasse 1, 9020 Klagenfurt am W\u00f6rthersee<\/p>\n\n\n\n<h2 class=\"wp-block-heading\">Musei esclusivi per gli appassionati di musica e letteratura<\/h2>\n\n\n\n<p>Klagenfurt ha una ricca rete di musei. Consigliamo vivamente due luoghi molto speciali:<\/p>\n\n\n\n<h3 class=\"wp-block-heading\">Eboardmuseum, il museo delle tastiere<\/h3>\n\n\n\n<p>\u00c8 un museo che entusiasma i tastieristi. <a href=\"https:\/\/www.eboardmuseum.com\/home_de.html\">L&#8217;Eboardmuseum<\/a>, il primo museo al mondo di questo tipo, si trova a Klagenfurt. Attualmente su quasi 2.000 metri quadrati di superficie espositiva sono esposti oltre 1.700 oggetti.<\/p>\n\n\n\n<p>L&#8217;attenzione maggiore viene data agli strumenti a tastiera elettronici, come sintetizzatori, pianoforti elettrici, organi hammond e organi elettronici. Accordandosi con il direttore del museo Gert Prix, si possono anche provare e suonare gli strumenti.\r\n\r\nFlorian-Gr\u00f6ger-Stra\u00dfe 20, 9020 Klagenfurt am W\u00f6rthersee<\/p>\n\n\n\n<h3 class=\"wp-block-heading\">Musilmuseum<\/h3>\n\n\n\n<p>In una citt\u00e0 letteraria come Klagenfurt non pu\u00f2 mancare un luogo speciale legato alla letteratura: proprio di fronte alla stazione ferroviaria si trova il <a href=\"http:\/\/www.musilmuseum.at\/\">Museo della letteratura Robert Musil<\/a>. Nella casa natale di Robert Musil tre mostre rendono omaggio a tre grandi nomi del mondo letterario che hanno lavorato o vissuto a Klagenfurt: Ingeborg Bachmann, Robert Musil e Christine Lavant.<\/p>\n\n\n\n<p>Arricchiscono l&#8217;offerta le mostre temporanee nel foyer, nonch\u00e9 regolari appuntamenti di letture di autori noti o di giovani scoperte.\r\n\r\nBahnhofstra\u00dfe 50, 9020 Klagenfurt am W\u00f6rthersee<\/p>\n\n\n\n<figure class=\"wp-block-image size-large\"><img loading=\"lazy\" decoding=\"async\" width=\"1024\" height=\"683\" src=\"https:\/\/www.visitklagenfurt.at\/wp-content\/uploads\/2020\/09\/Robert_Musil_Literaturmuseum__C_Arnold_Poeschl_8463-1024x683.jpg\" alt=\"\" class=\"wp-image-1445\" srcset=\"https:\/\/www.visitklagenfurt.at\/wp-content\/uploads\/2020\/09\/Robert_Musil_Literaturmuseum__C_Arnold_Poeschl_8463-1024x683.jpg 1024w, https:\/\/www.visitklagenfurt.at\/wp-content\/uploads\/2020\/09\/Robert_Musil_Literaturmuseum__C_Arnold_Poeschl_8463-300x200.jpg 300w, https:\/\/www.visitklagenfurt.at\/wp-content\/uploads\/2020\/09\/Robert_Musil_Literaturmuseum__C_Arnold_Poeschl_8463-768x512.jpg 768w, https:\/\/www.visitklagenfurt.at\/wp-content\/uploads\/2020\/09\/Robert_Musil_Literaturmuseum__C_Arnold_Poeschl_8463-1536x1024.jpg 1536w, https:\/\/www.visitklagenfurt.at\/wp-content\/uploads\/2020\/09\/Robert_Musil_Literaturmuseum__C_Arnold_Poeschl_8463-2048x1366.jpg 2048w\" sizes=\"(max-width: 1024px) 100vw, 1024px\" \/><figcaption>(c) Arnold P\u00f6schl<\/figcaption><\/figure>\n\n\n\n<h2 class=\"wp-block-heading\">I cinema a Klagenfurt<\/h2>\n\n\n\n<p>A Klagenfurt gli appassionati di cinema sono in buone mani e non solo nei giorni di pioggia. Ce n&#8217;\u00e8 per tutte le et\u00e0, per gli amanti dei film hollywoodiani o delle piccole produzioni indipendenti.<\/p>\n\n\n\n<h3 class=\"wp-block-heading\">CineCity<\/h3>\n\n\n\n<p>Il pi\u00f9 grande centro cinematografico della citt\u00e0 \u00e8 il <a href=\"https:\/\/www.cinecity.at\/\">CineCity<\/a> con otto sale. La programmazione delle produzioni cinematografiche pi\u00f9 recenti, soprattutto dei successi di Hollywood, qui inizia gi\u00e0 nel pomeriggio.<\/p>\n\n\n\n<h3 class=\"wp-block-heading\">Cinema Wulfenia<\/h3>\n\n\n\n<p>In alternativa, consigliamo il <a href=\"https:\/\/www.wulfeniakino.at\/home\">Wulfenia Kino<\/a> a ovest del centro citt\u00e0, con sei piccole sale e una buona combinazione di comuni produzioni statunitensi e film europei e austriaci ben selezionati. Una particolarit\u00e0 sono la programazione degli spettacoli del Metropolitan Opera di New York che vengono trasmessi regolarmente, in occasioni particolari anche dal vivo.<\/p>\n\n\n\n<h3 class=\"wp-block-heading\">Il Volkskino (Cinema popolare)<\/h3>\n\n\n\n<p>Il <a href=\"http:\/\/www.volkskino.net\/\">Volkskino<\/a> nel quartiere St. Ruprecht di Klagenfurt \u00e8 un cinema piccolo ma con un&#8217;atmosfera particolare. \u00c8 la meta preferita degli amanti dei raffinati film d&#8217;autore e delle produzioni indipendenti. Molto professionale la selezione dei film, spesso in versione originale con sottotitoli.<\/p>\n\n\n\n<h2 class=\"wp-block-heading\">Klagenfurt per gli intenditori di vino<\/h2>\n\n\n\n<p>I giorni di pioggia si sposano bene con un buon bicchiere. Fortunatamente Klagenfurt ha diversi posti dove si possono sia acquistare che degustare buoni vini.<\/p>\n\n\n\n<h3 class=\"wp-block-heading\">Enoteca Sussitz<\/h3>\n\n\n\n<p>I <a href=\"https:\/\/www.sussitz.eu\/de\/Wein\/\">professionisti del vino dell&#8217;enoteca Sussitz<\/a> a ragione dicono di s\u00e9: \u201cWe live wine!\u201d. Il loro modo di consigliare i clienti \u00e8 al cento per cento competente e personalizzato. L&#8217;assortimento spazia dai vini regionali a quelli internazionali.<\/p>\n\n\n\n<h3 class=\"wp-block-heading\">Vino e liquori da Yomi&#8217;s<\/h3>\n\n\n\n<p>Un&#8217;altra meta obbligata \u00e8 <a href=\"https:\/\/www.facebook.com\/yomis.wein\">Yomi&#8217;s<\/a> in Karfreitstra\u00dfe. Grazie all&#8217;alta qualit\u00e0 e alla grande varieta di vini e bevande alcoliche questo negozio di vini e liquori \u00e8 un luogo da raccomandare agli intenditori. Offre inoltre una consulenza molto professionale. Ci sono frequentemente degustazioni di rum, whisky o gin tonic per gruppi di un massimo di 20 persone. Basta chiedere qual \u00e8 il loro programma attuale!<\/p>\n\n\n\n<figure class=\"wp-block-image size-large\"><img loading=\"lazy\" decoding=\"async\" width=\"870\" height=\"873\" src=\"https:\/\/www.visitklagenfurt.at\/wp-content\/uploads\/2020\/09\/Anmerkung-2020-09-01-154306.jpg\" alt=\"\" class=\"wp-image-8198\" srcset=\"https:\/\/www.visitklagenfurt.at\/wp-content\/uploads\/2020\/09\/Anmerkung-2020-09-01-154306.jpg 870w, https:\/\/www.visitklagenfurt.at\/wp-content\/uploads\/2020\/09\/Anmerkung-2020-09-01-154306-300x300.jpg 300w, https:\/\/www.visitklagenfurt.at\/wp-content\/uploads\/2020\/09\/Anmerkung-2020-09-01-154306-150x150.jpg 150w, https:\/\/www.visitklagenfurt.at\/wp-content\/uploads\/2020\/09\/Anmerkung-2020-09-01-154306-768x771.jpg 768w\" sizes=\"(max-width: 870px) 100vw, 870px\" \/><figcaption>(c) Arnold P\u00f6schl<\/figcaption><\/figure>\n\n\n\n<h3 class=\"wp-block-heading\">Piccoli, raffinati snack-bar <\/h3>\n\n\n\n<p>Nel centro di Klagenfurt ci sono anche una serie di piccoli e raffinati snack-bar che consigliamo vivamente agli amanti del vino.\r\n\r\nAd esempio <a href=\"https:\/\/www.facebook.com\/derfranzos\/\">Der Franzos<\/a> nella Pernhartgasse, dove ci si pu\u00f2 prendere un momento di relax con un bicchiere di buon vino accompagnato da formaggio francese.<\/p>\n\n\n\n<figure class=\"wp-block-image size-large\"><img loading=\"lazy\" decoding=\"async\" width=\"874\" height=\"875\" src=\"https:\/\/www.visitklagenfurt.at\/wp-content\/uploads\/2020\/09\/Anmerkung-2020-09-01-154058.jpg\" alt=\"\" class=\"wp-image-8202\" srcset=\"https:\/\/www.visitklagenfurt.at\/wp-content\/uploads\/2020\/09\/Anmerkung-2020-09-01-154058.jpg 874w, https:\/\/www.visitklagenfurt.at\/wp-content\/uploads\/2020\/09\/Anmerkung-2020-09-01-154058-300x300.jpg 300w, https:\/\/www.visitklagenfurt.at\/wp-content\/uploads\/2020\/09\/Anmerkung-2020-09-01-154058-150x150.jpg 150w, https:\/\/www.visitklagenfurt.at\/wp-content\/uploads\/2020\/09\/Anmerkung-2020-09-01-154058-768x769.jpg 768w\" sizes=\"(max-width: 874px) 100vw, 874px\" \/><figcaption>(c) Arnold P\u00f6schl<\/figcaption><\/figure>\n\n\n\n<p>Oppure il <a href=\"https:\/\/www.genusskanzlei.at\/genuss-service\/#genuss-bar\">GenussKanzlei <\/a>nella Priesterhausgasse, dove ci sono sempre degustazioni perfette per i buongustai e i pi\u00f9 golosi \u2013 con novit\u00e0, rarit\u00e0 o classici da degustare e assaporare in un&#8217;atmosfera accogliente.<\/p>\n\n\n\n<figure class=\"wp-block-embed-instagram wp-block-embed is-type-rich is-provider-instagram\"><div class=\"wp-block-embed__wrapper\">\nhttps:\/\/www.instagram.com\/p\/CDya6G6jjPL\/\n<\/div><\/figure>\n\n\n\n<h2 class=\"wp-block-heading\">Pioggia: una possibilit\u00e0 per conoscere Klagenfurt ancora meglio<\/h2>\n\n\n\n<p>La splendida cornice naturale della citt\u00e0, immersa tra le alte vette dei monti Caravanche, il dolce paesaggio delle colline e il turchese W\u00f6rthersee vi abbaglier\u00e0 per le &#8220;ricchezze nascoste&#8221; della capitale della regione.<\/p>\n\n\n\n<p>Klagenfurt ha una ricca offerta culturale, \u00e8 una citt\u00e0 piena di luoghi accoglienti e di negozi tradizionali che in caso di maltempo possono venire esplorati al meglio.<\/p>\n\n\n\n<p>Ci sono anche molte possibilit\u00e0 di svolgere al coperto tutta una serie di attivit\u00e0 sportive. Quindi nessun motivo per restare a casa. La pioggia \u00e8 un&#8217;ottima occasione per scoprire un lato molto speciale di Klagenfurt.<\/p>\n","protected":false},"excerpt":{"rendered":"<p>Perch\u00e9 Klagenfurt \u00e8 meravigliosa con qualsiasi tempo, parola d&#8217;onore! Non ci credete? Allora continuate a leggere.<\/p>\n","protected":false},"author":8,"featured_media":8206,"comment_status":"open","ping_status":"open","sticky":false,"template":"","format":"standard","meta":{"footnotes":""},"categories":[261],"tags":[348,370],"class_list":["post-8196","post","type-post","status-publish","format-standard","has-post-thumbnail","hentry","category-vacanze-tempo-libero","tag-in-caso-di-pioggia","tag-vacanze-tempo-libero"],"yoast_head":"<!-- This site is optimized with the Yoast SEO plugin v27.5 - https:\/\/yoast.com\/product\/yoast-seo-wordpress\/ -->\n<title>Cosa Vedere a Klagenfurt | Museo d\u2019Arte Moderna | Caff\u00e8 dei Gatti<\/title>\n<meta name=\"description\" content=\"Perch\u00e9 Klagenfurt sul W\u00f6rthersee \u00e8 meravigliosa con qualsiasi tempo, parola d&#039;onore! Non ci credete? Allora continuate a leggere.\" \/>\n<meta name=\"robots\" content=\"index, follow, max-snippet:-1, max-image-preview:large, max-video-preview:-1\" \/>\n<link rel=\"canonical\" href=\"https:\/\/www.visitklagenfurt.at\/it\/blog-it\/vacanze-tempo-libero\/maltempo\/\" \/>\n<meta property=\"og:locale\" content=\"it_IT\" \/>\n<meta property=\"og:type\" content=\"article\" \/>\n<meta property=\"og:title\" content=\"Cosa Vedere a Klagenfurt | Museo d\u2019Arte Moderna | Caff\u00e8 dei Gatti\" \/>\n<meta property=\"og:description\" content=\"Perch\u00e9 Klagenfurt sul W\u00f6rthersee \u00e8 meravigliosa con qualsiasi tempo, parola d&#039;onore! Non ci credete? Allora continuate a leggere.\" \/>\n<meta property=\"og:url\" content=\"https:\/\/www.visitklagenfurt.at\/it\/blog-it\/vacanze-tempo-libero\/maltempo\/\" \/>\n<meta property=\"og:site_name\" content=\"visitklagenfurt\" \/>\n<meta property=\"article:published_time\" content=\"2021-02-23T09:34:31+00:00\" \/>\n<meta property=\"article:modified_time\" content=\"2021-05-05T14:43:04+00:00\" \/>\n<meta property=\"og:image\" content=\"https:\/\/www.visitklagenfurt.at\/wp-content\/uploads\/2020\/09\/innenstadt_regen_2020_c-stefan_kobald_1_jpg-web.jpg\" \/>\n\t<meta property=\"og:image:width\" content=\"2048\" \/>\n\t<meta property=\"og:image:height\" content=\"1822\" \/>\n\t<meta property=\"og:image:type\" content=\"image\/jpeg\" \/>\n<meta name=\"author\" content=\"Johanna Wohlfahrt\" \/>\n<meta name=\"twitter:card\" content=\"summary_large_image\" \/>\n<meta name=\"twitter:label1\" content=\"Scritto da\" \/>\n\t<meta name=\"twitter:data1\" content=\"Johanna Wohlfahrt\" \/>\n\t<meta name=\"twitter:label2\" content=\"Tempo di lettura stimato\" \/>\n\t<meta name=\"twitter:data2\" content=\"12 minuti\" \/>\n<script type=\"application\/ld+json\" class=\"yoast-schema-graph\">{\"@context\":\"https:\\\/\\\/schema.org\",\"@graph\":[{\"@type\":\"Article\",\"@id\":\"https:\\\/\\\/www.visitklagenfurt.at\\\/it\\\/blog-it\\\/vacanze-tempo-libero\\\/maltempo\\\/#article\",\"isPartOf\":{\"@id\":\"https:\\\/\\\/www.visitklagenfurt.at\\\/it\\\/blog-it\\\/vacanze-tempo-libero\\\/maltempo\\\/\"},\"author\":{\"name\":\"Johanna Wohlfahrt\",\"@id\":\"https:\\\/\\\/www.visitklagenfurt.at\\\/it\\\/#\\\/schema\\\/person\\\/0a69a33beb43019798be20d9d9bbe303\"},\"headline\":\"A Klagenfurt con il maltempo\",\"datePublished\":\"2021-02-23T09:34:31+00:00\",\"dateModified\":\"2021-05-05T14:43:04+00:00\",\"mainEntityOfPage\":{\"@id\":\"https:\\\/\\\/www.visitklagenfurt.at\\\/it\\\/blog-it\\\/vacanze-tempo-libero\\\/maltempo\\\/\"},\"wordCount\":2142,\"commentCount\":0,\"publisher\":{\"@id\":\"https:\\\/\\\/www.visitklagenfurt.at\\\/it\\\/#organization\"},\"image\":{\"@id\":\"https:\\\/\\\/www.visitklagenfurt.at\\\/it\\\/blog-it\\\/vacanze-tempo-libero\\\/maltempo\\\/#primaryimage\"},\"thumbnailUrl\":\"https:\\\/\\\/www.visitklagenfurt.at\\\/wp-content\\\/uploads\\\/2020\\\/09\\\/innenstadt_regen_2020_c-stefan_kobald_1_jpg-web.jpg\",\"keywords\":[\"In caso di pioggia\",\"Urlaub &amp; Freizeit\"],\"articleSection\":[\"Urlaub &amp; Freizeit\"],\"inLanguage\":\"it-IT\",\"potentialAction\":[{\"@type\":\"CommentAction\",\"name\":\"Comment\",\"target\":[\"https:\\\/\\\/www.visitklagenfurt.at\\\/it\\\/blog-it\\\/vacanze-tempo-libero\\\/maltempo\\\/#respond\"]}]},{\"@type\":\"WebPage\",\"@id\":\"https:\\\/\\\/www.visitklagenfurt.at\\\/it\\\/blog-it\\\/vacanze-tempo-libero\\\/maltempo\\\/\",\"url\":\"https:\\\/\\\/www.visitklagenfurt.at\\\/it\\\/blog-it\\\/vacanze-tempo-libero\\\/maltempo\\\/\",\"name\":\"Cosa Vedere a Klagenfurt | Museo d\u2019Arte Moderna | Caff\u00e8 dei Gatti\",\"isPartOf\":{\"@id\":\"https:\\\/\\\/www.visitklagenfurt.at\\\/it\\\/#website\"},\"primaryImageOfPage\":{\"@id\":\"https:\\\/\\\/www.visitklagenfurt.at\\\/it\\\/blog-it\\\/vacanze-tempo-libero\\\/maltempo\\\/#primaryimage\"},\"image\":{\"@id\":\"https:\\\/\\\/www.visitklagenfurt.at\\\/it\\\/blog-it\\\/vacanze-tempo-libero\\\/maltempo\\\/#primaryimage\"},\"thumbnailUrl\":\"https:\\\/\\\/www.visitklagenfurt.at\\\/wp-content\\\/uploads\\\/2020\\\/09\\\/innenstadt_regen_2020_c-stefan_kobald_1_jpg-web.jpg\",\"datePublished\":\"2021-02-23T09:34:31+00:00\",\"dateModified\":\"2021-05-05T14:43:04+00:00\",\"description\":\"Perch\u00e9 Klagenfurt sul W\u00f6rthersee \u00e8 meravigliosa con qualsiasi tempo, parola d'onore! Non ci credete? Allora continuate a leggere.\",\"breadcrumb\":{\"@id\":\"https:\\\/\\\/www.visitklagenfurt.at\\\/it\\\/blog-it\\\/vacanze-tempo-libero\\\/maltempo\\\/#breadcrumb\"},\"inLanguage\":\"it-IT\",\"potentialAction\":[{\"@type\":\"ReadAction\",\"target\":[\"https:\\\/\\\/www.visitklagenfurt.at\\\/it\\\/blog-it\\\/vacanze-tempo-libero\\\/maltempo\\\/\"]}]},{\"@type\":\"ImageObject\",\"inLanguage\":\"it-IT\",\"@id\":\"https:\\\/\\\/www.visitklagenfurt.at\\\/it\\\/blog-it\\\/vacanze-tempo-libero\\\/maltempo\\\/#primaryimage\",\"url\":\"https:\\\/\\\/www.visitklagenfurt.at\\\/wp-content\\\/uploads\\\/2020\\\/09\\\/innenstadt_regen_2020_c-stefan_kobald_1_jpg-web.jpg\",\"contentUrl\":\"https:\\\/\\\/www.visitklagenfurt.at\\\/wp-content\\\/uploads\\\/2020\\\/09\\\/innenstadt_regen_2020_c-stefan_kobald_1_jpg-web.jpg\",\"width\":2048,\"height\":1822,\"caption\":\"(c) Stefan Kobald\"},{\"@type\":\"BreadcrumbList\",\"@id\":\"https:\\\/\\\/www.visitklagenfurt.at\\\/it\\\/blog-it\\\/vacanze-tempo-libero\\\/maltempo\\\/#breadcrumb\",\"itemListElement\":[{\"@type\":\"ListItem\",\"position\":1,\"name\":\"visitklagenfurt\",\"item\":\"https:\\\/\\\/www.visitklagenfurt.at\\\/it\\\/\"},{\"@type\":\"ListItem\",\"position\":2,\"name\":\"Blog-it\",\"item\":\"https:\\\/\\\/www.visitklagenfurt.at\\\/it\\\/category\\\/blog-it\\\/\"},{\"@type\":\"ListItem\",\"position\":3,\"name\":\"Urlaub &amp; Freizeit\",\"item\":\"https:\\\/\\\/www.visitklagenfurt.at\\\/it\\\/category\\\/blog-it\\\/vacanze-tempo-libero\\\/\"},{\"@type\":\"ListItem\",\"position\":4,\"name\":\"A Klagenfurt con il maltempo\"}]},{\"@type\":\"WebSite\",\"@id\":\"https:\\\/\\\/www.visitklagenfurt.at\\\/it\\\/#website\",\"url\":\"https:\\\/\\\/www.visitklagenfurt.at\\\/it\\\/\",\"name\":\"visitklagenfurt\",\"description\":\"\",\"publisher\":{\"@id\":\"https:\\\/\\\/www.visitklagenfurt.at\\\/it\\\/#organization\"},\"potentialAction\":[{\"@type\":\"SearchAction\",\"target\":{\"@type\":\"EntryPoint\",\"urlTemplate\":\"https:\\\/\\\/www.visitklagenfurt.at\\\/it\\\/?s={search_term_string}\"},\"query-input\":{\"@type\":\"PropertyValueSpecification\",\"valueRequired\":true,\"valueName\":\"search_term_string\"}}],\"inLanguage\":\"it-IT\"},{\"@type\":\"Organization\",\"@id\":\"https:\\\/\\\/www.visitklagenfurt.at\\\/it\\\/#organization\",\"name\":\"Tourismus Region Klagenfurt am W\u00f6rthersee GmbH\",\"url\":\"https:\\\/\\\/www.visitklagenfurt.at\\\/it\\\/\",\"logo\":{\"@type\":\"ImageObject\",\"inLanguage\":\"it-IT\",\"@id\":\"https:\\\/\\\/www.visitklagenfurt.at\\\/it\\\/#\\\/schema\\\/logo\\\/image\\\/\",\"url\":\"https:\\\/\\\/www.visitklagenfurt.at\\\/wp-content\\\/uploads\\\/2022\\\/03\\\/DT_K_Klagenfurt_S_RGB.png\",\"contentUrl\":\"https:\\\/\\\/www.visitklagenfurt.at\\\/wp-content\\\/uploads\\\/2022\\\/03\\\/DT_K_Klagenfurt_S_RGB.png\",\"width\":2082,\"height\":1511,\"caption\":\"Tourismus Region Klagenfurt am W\u00f6rthersee GmbH\"},\"image\":{\"@id\":\"https:\\\/\\\/www.visitklagenfurt.at\\\/it\\\/#\\\/schema\\\/logo\\\/image\\\/\"}},{\"@type\":\"Person\",\"@id\":\"https:\\\/\\\/www.visitklagenfurt.at\\\/it\\\/#\\\/schema\\\/person\\\/0a69a33beb43019798be20d9d9bbe303\",\"name\":\"Johanna Wohlfahrt\",\"image\":{\"@type\":\"ImageObject\",\"inLanguage\":\"it-IT\",\"@id\":\"https:\\\/\\\/www.visitklagenfurt.at\\\/wp-content\\\/uploads\\\/2021\\\/07\\\/johanna_wohlfahrt_512.jpg\",\"url\":\"https:\\\/\\\/www.visitklagenfurt.at\\\/wp-content\\\/uploads\\\/2021\\\/07\\\/johanna_wohlfahrt_512.jpg\",\"contentUrl\":\"https:\\\/\\\/www.visitklagenfurt.at\\\/wp-content\\\/uploads\\\/2021\\\/07\\\/johanna_wohlfahrt_512.jpg\",\"caption\":\"Johanna Wohlfahrt\"},\"description\":\"Hallo, Johanna Wohlfahrt mein Name. Studierte Germanistin, gelernte Printjournalistin, engagierte Bloggerin. 20 Jahre schon schreibe ich \u00fcber Reisen, Lifestyle und Trends f\u00fcr unterschiedliche Medien, Plattformen und Kan\u00e4le. Ich st\u00f6bere st\u00e4ndig nach Kuriosem, Herausragendem, nach der Story dahinter. Kaum ein Geheimtipp von K\u00e4rnten bis zur Adria, der mir verborgen bleibt. Schreibtischt\u00e4terin bin ich keine. Lieber mach ich mir selber ein Bild. Was gut ist, empfehle ich in meinen Texten gerne weiter. Alles andere bleibt au\u00dfen vor. Seit zwei Jahrzehnten ist Klagenfurt mein Habitat. Manchmal bin ich selbst erstaunt, wie sehr sich die Stadt in dieser Zeit entwickelt hat. Klagenfurt ist cool - und hier ist es nachzulesen.\",\"url\":\"https:\\\/\\\/www.visitklagenfurt.at\\\/it\\\/author\\\/johanna_wohlfahrt\\\/\"}]}<\/script>\n<!-- \/ Yoast SEO plugin. -->","yoast_head_json":{"title":"Cosa Vedere a Klagenfurt | Museo d\u2019Arte Moderna | Caff\u00e8 dei Gatti","description":"Perch\u00e9 Klagenfurt sul W\u00f6rthersee \u00e8 meravigliosa con qualsiasi tempo, parola d'onore! Non ci credete? Allora continuate a leggere.","robots":{"index":"index","follow":"follow","max-snippet":"max-snippet:-1","max-image-preview":"max-image-preview:large","max-video-preview":"max-video-preview:-1"},"canonical":"https:\/\/www.visitklagenfurt.at\/it\/blog-it\/vacanze-tempo-libero\/maltempo\/","og_locale":"it_IT","og_type":"article","og_title":"Cosa Vedere a Klagenfurt | Museo d\u2019Arte Moderna | Caff\u00e8 dei Gatti","og_description":"Perch\u00e9 Klagenfurt sul W\u00f6rthersee \u00e8 meravigliosa con qualsiasi tempo, parola d'onore! Non ci credete? Allora continuate a leggere.","og_url":"https:\/\/www.visitklagenfurt.at\/it\/blog-it\/vacanze-tempo-libero\/maltempo\/","og_site_name":"visitklagenfurt","article_published_time":"2021-02-23T09:34:31+00:00","article_modified_time":"2021-05-05T14:43:04+00:00","og_image":[{"width":2048,"height":1822,"url":"https:\/\/www.visitklagenfurt.at\/wp-content\/uploads\/2020\/09\/innenstadt_regen_2020_c-stefan_kobald_1_jpg-web.jpg","type":"image\/jpeg"}],"author":"Johanna Wohlfahrt","twitter_card":"summary_large_image","twitter_misc":{"Scritto da":"Johanna Wohlfahrt","Tempo di lettura stimato":"12 minuti"},"schema":{"@context":"https:\/\/schema.org","@graph":[{"@type":"Article","@id":"https:\/\/www.visitklagenfurt.at\/it\/blog-it\/vacanze-tempo-libero\/maltempo\/#article","isPartOf":{"@id":"https:\/\/www.visitklagenfurt.at\/it\/blog-it\/vacanze-tempo-libero\/maltempo\/"},"author":{"name":"Johanna Wohlfahrt","@id":"https:\/\/www.visitklagenfurt.at\/it\/#\/schema\/person\/0a69a33beb43019798be20d9d9bbe303"},"headline":"A Klagenfurt con il maltempo","datePublished":"2021-02-23T09:34:31+00:00","dateModified":"2021-05-05T14:43:04+00:00","mainEntityOfPage":{"@id":"https:\/\/www.visitklagenfurt.at\/it\/blog-it\/vacanze-tempo-libero\/maltempo\/"},"wordCount":2142,"commentCount":0,"publisher":{"@id":"https:\/\/www.visitklagenfurt.at\/it\/#organization"},"image":{"@id":"https:\/\/www.visitklagenfurt.at\/it\/blog-it\/vacanze-tempo-libero\/maltempo\/#primaryimage"},"thumbnailUrl":"https:\/\/www.visitklagenfurt.at\/wp-content\/uploads\/2020\/09\/innenstadt_regen_2020_c-stefan_kobald_1_jpg-web.jpg","keywords":["In caso di pioggia","Urlaub &amp; Freizeit"],"articleSection":["Urlaub &amp; Freizeit"],"inLanguage":"it-IT","potentialAction":[{"@type":"CommentAction","name":"Comment","target":["https:\/\/www.visitklagenfurt.at\/it\/blog-it\/vacanze-tempo-libero\/maltempo\/#respond"]}]},{"@type":"WebPage","@id":"https:\/\/www.visitklagenfurt.at\/it\/blog-it\/vacanze-tempo-libero\/maltempo\/","url":"https:\/\/www.visitklagenfurt.at\/it\/blog-it\/vacanze-tempo-libero\/maltempo\/","name":"Cosa Vedere a Klagenfurt | Museo d\u2019Arte Moderna | Caff\u00e8 dei Gatti","isPartOf":{"@id":"https:\/\/www.visitklagenfurt.at\/it\/#website"},"primaryImageOfPage":{"@id":"https:\/\/www.visitklagenfurt.at\/it\/blog-it\/vacanze-tempo-libero\/maltempo\/#primaryimage"},"image":{"@id":"https:\/\/www.visitklagenfurt.at\/it\/blog-it\/vacanze-tempo-libero\/maltempo\/#primaryimage"},"thumbnailUrl":"https:\/\/www.visitklagenfurt.at\/wp-content\/uploads\/2020\/09\/innenstadt_regen_2020_c-stefan_kobald_1_jpg-web.jpg","datePublished":"2021-02-23T09:34:31+00:00","dateModified":"2021-05-05T14:43:04+00:00","description":"Perch\u00e9 Klagenfurt sul W\u00f6rthersee \u00e8 meravigliosa con qualsiasi tempo, parola d'onore! Non ci credete? Allora continuate a leggere.","breadcrumb":{"@id":"https:\/\/www.visitklagenfurt.at\/it\/blog-it\/vacanze-tempo-libero\/maltempo\/#breadcrumb"},"inLanguage":"it-IT","potentialAction":[{"@type":"ReadAction","target":["https:\/\/www.visitklagenfurt.at\/it\/blog-it\/vacanze-tempo-libero\/maltempo\/"]}]},{"@type":"ImageObject","inLanguage":"it-IT","@id":"https:\/\/www.visitklagenfurt.at\/it\/blog-it\/vacanze-tempo-libero\/maltempo\/#primaryimage","url":"https:\/\/www.visitklagenfurt.at\/wp-content\/uploads\/2020\/09\/innenstadt_regen_2020_c-stefan_kobald_1_jpg-web.jpg","contentUrl":"https:\/\/www.visitklagenfurt.at\/wp-content\/uploads\/2020\/09\/innenstadt_regen_2020_c-stefan_kobald_1_jpg-web.jpg","width":2048,"height":1822,"caption":"(c) Stefan Kobald"},{"@type":"BreadcrumbList","@id":"https:\/\/www.visitklagenfurt.at\/it\/blog-it\/vacanze-tempo-libero\/maltempo\/#breadcrumb","itemListElement":[{"@type":"ListItem","position":1,"name":"visitklagenfurt","item":"https:\/\/www.visitklagenfurt.at\/it\/"},{"@type":"ListItem","position":2,"name":"Blog-it","item":"https:\/\/www.visitklagenfurt.at\/it\/category\/blog-it\/"},{"@type":"ListItem","position":3,"name":"Urlaub &amp; Freizeit","item":"https:\/\/www.visitklagenfurt.at\/it\/category\/blog-it\/vacanze-tempo-libero\/"},{"@type":"ListItem","position":4,"name":"A Klagenfurt con il maltempo"}]},{"@type":"WebSite","@id":"https:\/\/www.visitklagenfurt.at\/it\/#website","url":"https:\/\/www.visitklagenfurt.at\/it\/","name":"visitklagenfurt","description":"","publisher":{"@id":"https:\/\/www.visitklagenfurt.at\/it\/#organization"},"potentialAction":[{"@type":"SearchAction","target":{"@type":"EntryPoint","urlTemplate":"https:\/\/www.visitklagenfurt.at\/it\/?s={search_term_string}"},"query-input":{"@type":"PropertyValueSpecification","valueRequired":true,"valueName":"search_term_string"}}],"inLanguage":"it-IT"},{"@type":"Organization","@id":"https:\/\/www.visitklagenfurt.at\/it\/#organization","name":"Tourismus Region Klagenfurt am W\u00f6rthersee GmbH","url":"https:\/\/www.visitklagenfurt.at\/it\/","logo":{"@type":"ImageObject","inLanguage":"it-IT","@id":"https:\/\/www.visitklagenfurt.at\/it\/#\/schema\/logo\/image\/","url":"https:\/\/www.visitklagenfurt.at\/wp-content\/uploads\/2022\/03\/DT_K_Klagenfurt_S_RGB.png","contentUrl":"https:\/\/www.visitklagenfurt.at\/wp-content\/uploads\/2022\/03\/DT_K_Klagenfurt_S_RGB.png","width":2082,"height":1511,"caption":"Tourismus Region Klagenfurt am W\u00f6rthersee GmbH"},"image":{"@id":"https:\/\/www.visitklagenfurt.at\/it\/#\/schema\/logo\/image\/"}},{"@type":"Person","@id":"https:\/\/www.visitklagenfurt.at\/it\/#\/schema\/person\/0a69a33beb43019798be20d9d9bbe303","name":"Johanna Wohlfahrt","image":{"@type":"ImageObject","inLanguage":"it-IT","@id":"https:\/\/www.visitklagenfurt.at\/wp-content\/uploads\/2021\/07\/johanna_wohlfahrt_512.jpg","url":"https:\/\/www.visitklagenfurt.at\/wp-content\/uploads\/2021\/07\/johanna_wohlfahrt_512.jpg","contentUrl":"https:\/\/www.visitklagenfurt.at\/wp-content\/uploads\/2021\/07\/johanna_wohlfahrt_512.jpg","caption":"Johanna Wohlfahrt"},"description":"Hallo, Johanna Wohlfahrt mein Name. Studierte Germanistin, gelernte Printjournalistin, engagierte Bloggerin. 20 Jahre schon schreibe ich \u00fcber Reisen, Lifestyle und Trends f\u00fcr unterschiedliche Medien, Plattformen und Kan\u00e4le. Ich st\u00f6bere st\u00e4ndig nach Kuriosem, Herausragendem, nach der Story dahinter. Kaum ein Geheimtipp von K\u00e4rnten bis zur Adria, der mir verborgen bleibt. Schreibtischt\u00e4terin bin ich keine. Lieber mach ich mir selber ein Bild. Was gut ist, empfehle ich in meinen Texten gerne weiter. Alles andere bleibt au\u00dfen vor. Seit zwei Jahrzehnten ist Klagenfurt mein Habitat. Manchmal bin ich selbst erstaunt, wie sehr sich die Stadt in dieser Zeit entwickelt hat. Klagenfurt ist cool - und hier ist es nachzulesen.","url":"https:\/\/www.visitklagenfurt.at\/it\/author\/johanna_wohlfahrt\/"}]}},"_links":{"self":[{"href":"https:\/\/www.visitklagenfurt.at\/it\/wp-json\/wp\/v2\/posts\/8196","targetHints":{"allow":["GET"]}}],"collection":[{"href":"https:\/\/www.visitklagenfurt.at\/it\/wp-json\/wp\/v2\/posts"}],"about":[{"href":"https:\/\/www.visitklagenfurt.at\/it\/wp-json\/wp\/v2\/types\/post"}],"author":[{"embeddable":true,"href":"https:\/\/www.visitklagenfurt.at\/it\/wp-json\/wp\/v2\/users\/8"}],"replies":[{"embeddable":true,"href":"https:\/\/www.visitklagenfurt.at\/it\/wp-json\/wp\/v2\/comments?post=8196"}],"version-history":[{"count":4,"href":"https:\/\/www.visitklagenfurt.at\/it\/wp-json\/wp\/v2\/posts\/8196\/revisions"}],"predecessor-version":[{"id":19234,"href":"https:\/\/www.visitklagenfurt.at\/it\/wp-json\/wp\/v2\/posts\/8196\/revisions\/19234"}],"wp:featuredmedia":[{"embeddable":true,"href":"https:\/\/www.visitklagenfurt.at\/it\/wp-json\/wp\/v2\/media\/8206"}],"wp:attachment":[{"href":"https:\/\/www.visitklagenfurt.at\/it\/wp-json\/wp\/v2\/media?parent=8196"}],"wp:term":[{"taxonomy":"category","embeddable":true,"href":"https:\/\/www.visitklagenfurt.at\/it\/wp-json\/wp\/v2\/categories?post=8196"},{"taxonomy":"post_tag","embeddable":true,"href":"https:\/\/www.visitklagenfurt.at\/it\/wp-json\/wp\/v2\/tags?post=8196"}],"curies":[{"name":"wp","href":"https:\/\/api.w.org\/{rel}","templated":true}]}}