{"id":8312,"date":"2021-02-23T12:19:43","date_gmt":"2021-02-23T11:19:43","guid":{"rendered":"http:\/\/blog.visitklagenfurt.at\/giardino-botanico\/"},"modified":"2021-12-15T14:03:19","modified_gmt":"2021-12-15T13:03:19","slug":"giardino-botanico","status":"publish","type":"post","link":"https:\/\/www.visitklagenfurt.at\/it\/attrazioni-ed-escursioni\/ausflugsziele-it\/giardino-botanico\/","title":{"rendered":"Il Giardino botanico"},"content":{"rendered":"\n<p>Ai piedi del monte Kreuzbergl, con eleganti ville e il fascino del centro di Klagenfurt a portata di mano, si trova un mondo a s\u00e9: il Giardino Botanico di Klagenfurt. La meta escursionistica aperta tutto l&#8217;anno presenta l&#8217;affascinante flora della Carinzia, arricchita da specie particolari provenienti da tutto il mondo. Un luogo straordinario, non solo per gli amanti delle piante, ma anche per chi cerca pace e tranquillit\u00e0.<\/p>\n\n<h2 class=\"wp-block-heading\">Un luogo ideale per fare una pausa<\/h2>\n\n<p>Non appena entrerete in questa oasi cittadina vi troverete immersi in una atmosfera straordinaria. Su sentieri meravigliosi, piccoli ponti e panchine all\u2019ombra, la vostra anima sar\u00e0 libera di muoversi. I ponti stanno a indicare che c\u2019\u00e8 dell&#8217;acqua, non \u00e8 cos\u00ec? I ponti infatti attraversano un ruscello e uno stagno, offrendo una splendida vista sull&#8217;imponente sfondo roccioso, il paesaggio acquatico e una cascata. Quindi, se avete del tempo libero, soffermatevi per un momento: percepite, ascoltate, tirate un sospiro di sollievo e ricaricate le batterie.<\/p>\n\n<figure class=\"wp-block-image size-large\"><img fetchpriority=\"high\" decoding=\"async\" width=\"1024\" height=\"682\" src=\"https:\/\/www.visitklagenfurt.at\/wp-content\/uploads\/2021\/02\/sehenswertes_botanikerzentrum_2012_c-helge_bauer_16-web-1024x682.jpeg\" alt=\"\" class=\"wp-image-5351\" srcset=\"https:\/\/www.visitklagenfurt.at\/wp-content\/uploads\/2021\/02\/sehenswertes_botanikerzentrum_2012_c-helge_bauer_16-web-1024x682.jpeg 1024w, https:\/\/www.visitklagenfurt.at\/wp-content\/uploads\/2021\/02\/sehenswertes_botanikerzentrum_2012_c-helge_bauer_16-web-300x200.jpeg 300w, https:\/\/www.visitklagenfurt.at\/wp-content\/uploads\/2021\/02\/sehenswertes_botanikerzentrum_2012_c-helge_bauer_16-web-768x511.jpeg 768w, https:\/\/www.visitklagenfurt.at\/wp-content\/uploads\/2021\/02\/sehenswertes_botanikerzentrum_2012_c-helge_bauer_16-web-1536x1022.jpeg 1536w, https:\/\/www.visitklagenfurt.at\/wp-content\/uploads\/2021\/02\/sehenswertes_botanikerzentrum_2012_c-helge_bauer_16-web.jpeg 2048w\" sizes=\"(max-width: 1024px) 100vw, 1024px\" \/><figcaption>(c) Helge Bauer<\/figcaption><\/figure>\n\n<h2 class=\"wp-block-heading\">Ricerca e istruzione<\/h2>\n\n<p>Oltre al piacere di ammirare le sue bellezze naturali, a tutti coloro che vogliono conoscere cose interessanti sulla flora, l&#8217;Orto Botanico offre anche la possibilit\u00e0 di imparare in grande stile. A partire dalle innumerevoli targhe descrittive accanto alle varie piante \u2013 tra l&#8217;altro, alcune anche in scrittura braille \u2013 fino alle lezioni del mercoled\u00ec, che si svolgono due volte al mese alle 17:00, indipendentemente dal tempo. <\/p>\n\n<p>Al centro dell\u2019attenzione di questo universo delle piante ci sono la ricerca, l&#8217;istruzione, la consulenza e soprattutto la conservazione di specie rare o in pericolo di estinzione. Ogni anno viene inoltre pubblicato un &#8220;Index Seminum&#8221; (elenco di semi) per lo scambio internazionale di giovani piante e di semi.<\/p>\n\n<figure class=\"wp-block-image size-large\"><img decoding=\"async\" width=\"1024\" height=\"682\" src=\"https:\/\/www.visitklagenfurt.at\/wp-content\/uploads\/2021\/02\/sehenswertes_botanikerzentrum_2012_c-helge_bauer_14-web-1024x682.jpeg\" alt=\"\" class=\"wp-image-5354\" srcset=\"https:\/\/www.visitklagenfurt.at\/wp-content\/uploads\/2021\/02\/sehenswertes_botanikerzentrum_2012_c-helge_bauer_14-web-1024x682.jpeg 1024w, https:\/\/www.visitklagenfurt.at\/wp-content\/uploads\/2021\/02\/sehenswertes_botanikerzentrum_2012_c-helge_bauer_14-web-300x200.jpeg 300w, https:\/\/www.visitklagenfurt.at\/wp-content\/uploads\/2021\/02\/sehenswertes_botanikerzentrum_2012_c-helge_bauer_14-web-768x511.jpeg 768w, https:\/\/www.visitklagenfurt.at\/wp-content\/uploads\/2021\/02\/sehenswertes_botanikerzentrum_2012_c-helge_bauer_14-web-1536x1022.jpeg 1536w, https:\/\/www.visitklagenfurt.at\/wp-content\/uploads\/2021\/02\/sehenswertes_botanikerzentrum_2012_c-helge_bauer_14-web.jpeg 2048w\" sizes=\"(max-width: 1024px) 100vw, 1024px\" \/><figcaption>(c) Helge Bauer<\/figcaption><\/figure>\n","protected":false},"excerpt":{"rendered":"<p>Ai piedi del monte Kreuzbergl, con eleganti ville e il fascino del centro di Klagenfurt a portata di mano, si trova un mondo a s\u00e9: il Giardino Botanico di Klagenfurt. La meta escursionistica aperta tutto l&#8217;anno presenta l&#8217;affascinante flora della Carinzia, arricchita da specie particolari provenienti da tutto il mondo. Un luogo straordinario, non solo [&hellip;]<\/p>\n","protected":false},"author":31,"featured_media":4982,"comment_status":"open","ping_status":"open","sticky":false,"template":"","format":"standard","meta":{"footnotes":""},"categories":[382],"tags":[326],"class_list":["post-8312","post","type-post","status-publish","format-standard","has-post-thumbnail","hentry","category-ausflugsziele-it","tag-luoghi-dinteresse"],"yoast_head":"<!-- This site is optimized with the Yoast SEO plugin v27.3 - https:\/\/yoast.com\/product\/yoast-seo-wordpress\/ -->\n<title>Giardino Botanico a Klagenfurt | Ricerca &amp; Istruzione | Flora<\/title>\n<meta name=\"description\" content=\"Ai piedi del monte Kreuzbergl, con il fascino del centro di Klagenfurt a portata di mano, si trova un mondo a s\u00e9: il Giardino Botanico.\" \/>\n<meta name=\"robots\" content=\"index, follow, max-snippet:-1, max-image-preview:large, max-video-preview:-1\" \/>\n<link rel=\"canonical\" href=\"https:\/\/www.visitklagenfurt.at\/it\/attrazioni-ed-escursioni\/ausflugsziele-it\/giardino-botanico\/\" \/>\n<meta property=\"og:locale\" content=\"it_IT\" \/>\n<meta property=\"og:type\" content=\"article\" \/>\n<meta property=\"og:title\" content=\"Giardino Botanico a Klagenfurt | Ricerca &amp; Istruzione | Flora\" \/>\n<meta property=\"og:description\" content=\"Ai piedi del monte Kreuzbergl, con il fascino del centro di Klagenfurt a portata di mano, si trova un mondo a s\u00e9: il Giardino Botanico.\" \/>\n<meta property=\"og:url\" content=\"https:\/\/www.visitklagenfurt.at\/it\/attrazioni-ed-escursioni\/ausflugsziele-it\/giardino-botanico\/\" \/>\n<meta property=\"og:site_name\" content=\"visitklagenfurt\" \/>\n<meta property=\"article:published_time\" content=\"2021-02-23T11:19:43+00:00\" \/>\n<meta property=\"article:modified_time\" content=\"2021-12-15T13:03:19+00:00\" \/>\n<meta property=\"og:image\" content=\"https:\/\/www.visitklagenfurt.at\/wp-content\/uploads\/2021\/02\/sehenswertes_botanikerzentrum_2012_c-helge_bauer_17-web.jpeg\" \/>\n\t<meta property=\"og:image:width\" content=\"2048\" \/>\n\t<meta property=\"og:image:height\" content=\"1363\" \/>\n\t<meta property=\"og:image:type\" content=\"image\/jpeg\" \/>\n<meta name=\"author\" content=\"visitklagenfurt\" \/>\n<meta name=\"twitter:card\" content=\"summary_large_image\" \/>\n<meta name=\"twitter:label1\" content=\"Scritto da\" \/>\n\t<meta name=\"twitter:data1\" content=\"visitklagenfurt\" \/>\n\t<meta name=\"twitter:label2\" content=\"Tempo di lettura stimato\" \/>\n\t<meta name=\"twitter:data2\" content=\"2 minuti\" \/>\n<script type=\"application\/ld+json\" class=\"yoast-schema-graph\">{\"@context\":\"https:\\\/\\\/schema.org\",\"@graph\":[{\"@type\":\"Article\",\"@id\":\"https:\\\/\\\/www.visitklagenfurt.at\\\/it\\\/attrazioni-ed-escursioni\\\/ausflugsziele-it\\\/giardino-botanico\\\/#article\",\"isPartOf\":{\"@id\":\"https:\\\/\\\/www.visitklagenfurt.at\\\/it\\\/attrazioni-ed-escursioni\\\/ausflugsziele-it\\\/giardino-botanico\\\/\"},\"author\":{\"name\":\"visitklagenfurt\",\"@id\":\"https:\\\/\\\/www.visitklagenfurt.at\\\/it\\\/#\\\/schema\\\/person\\\/7bc1cce71726d48c458144f55517b2df\"},\"headline\":\"Il Giardino botanico\",\"datePublished\":\"2021-02-23T11:19:43+00:00\",\"dateModified\":\"2021-12-15T13:03:19+00:00\",\"mainEntityOfPage\":{\"@id\":\"https:\\\/\\\/www.visitklagenfurt.at\\\/it\\\/attrazioni-ed-escursioni\\\/ausflugsziele-it\\\/giardino-botanico\\\/\"},\"wordCount\":289,\"commentCount\":0,\"publisher\":{\"@id\":\"https:\\\/\\\/www.visitklagenfurt.at\\\/it\\\/#organization\"},\"image\":{\"@id\":\"https:\\\/\\\/www.visitklagenfurt.at\\\/it\\\/attrazioni-ed-escursioni\\\/ausflugsziele-it\\\/giardino-botanico\\\/#primaryimage\"},\"thumbnailUrl\":\"https:\\\/\\\/www.visitklagenfurt.at\\\/wp-content\\\/uploads\\\/2021\\\/02\\\/sehenswertes_botanikerzentrum_2012_c-helge_bauer_17-web.jpeg\",\"keywords\":[\"Luoghi d\u00b4interesse\"],\"articleSection\":[\"Ausflugsziele\"],\"inLanguage\":\"it-IT\",\"potentialAction\":[{\"@type\":\"CommentAction\",\"name\":\"Comment\",\"target\":[\"https:\\\/\\\/www.visitklagenfurt.at\\\/it\\\/attrazioni-ed-escursioni\\\/ausflugsziele-it\\\/giardino-botanico\\\/#respond\"]}]},{\"@type\":\"WebPage\",\"@id\":\"https:\\\/\\\/www.visitklagenfurt.at\\\/it\\\/attrazioni-ed-escursioni\\\/ausflugsziele-it\\\/giardino-botanico\\\/\",\"url\":\"https:\\\/\\\/www.visitklagenfurt.at\\\/it\\\/attrazioni-ed-escursioni\\\/ausflugsziele-it\\\/giardino-botanico\\\/\",\"name\":\"Giardino Botanico a Klagenfurt | Ricerca & Istruzione | Flora\",\"isPartOf\":{\"@id\":\"https:\\\/\\\/www.visitklagenfurt.at\\\/it\\\/#website\"},\"primaryImageOfPage\":{\"@id\":\"https:\\\/\\\/www.visitklagenfurt.at\\\/it\\\/attrazioni-ed-escursioni\\\/ausflugsziele-it\\\/giardino-botanico\\\/#primaryimage\"},\"image\":{\"@id\":\"https:\\\/\\\/www.visitklagenfurt.at\\\/it\\\/attrazioni-ed-escursioni\\\/ausflugsziele-it\\\/giardino-botanico\\\/#primaryimage\"},\"thumbnailUrl\":\"https:\\\/\\\/www.visitklagenfurt.at\\\/wp-content\\\/uploads\\\/2021\\\/02\\\/sehenswertes_botanikerzentrum_2012_c-helge_bauer_17-web.jpeg\",\"datePublished\":\"2021-02-23T11:19:43+00:00\",\"dateModified\":\"2021-12-15T13:03:19+00:00\",\"description\":\"Ai piedi del monte Kreuzbergl, con il fascino del centro di Klagenfurt a portata di mano, si trova un mondo a s\u00e9: il Giardino Botanico.\",\"breadcrumb\":{\"@id\":\"https:\\\/\\\/www.visitklagenfurt.at\\\/it\\\/attrazioni-ed-escursioni\\\/ausflugsziele-it\\\/giardino-botanico\\\/#breadcrumb\"},\"inLanguage\":\"it-IT\",\"potentialAction\":[{\"@type\":\"ReadAction\",\"target\":[\"https:\\\/\\\/www.visitklagenfurt.at\\\/it\\\/attrazioni-ed-escursioni\\\/ausflugsziele-it\\\/giardino-botanico\\\/\"]}]},{\"@type\":\"ImageObject\",\"inLanguage\":\"it-IT\",\"@id\":\"https:\\\/\\\/www.visitklagenfurt.at\\\/it\\\/attrazioni-ed-escursioni\\\/ausflugsziele-it\\\/giardino-botanico\\\/#primaryimage\",\"url\":\"https:\\\/\\\/www.visitklagenfurt.at\\\/wp-content\\\/uploads\\\/2021\\\/02\\\/sehenswertes_botanikerzentrum_2012_c-helge_bauer_17-web.jpeg\",\"contentUrl\":\"https:\\\/\\\/www.visitklagenfurt.at\\\/wp-content\\\/uploads\\\/2021\\\/02\\\/sehenswertes_botanikerzentrum_2012_c-helge_bauer_17-web.jpeg\",\"width\":2048,\"height\":1363,\"caption\":\"(c) Helge Bauer\"},{\"@type\":\"BreadcrumbList\",\"@id\":\"https:\\\/\\\/www.visitklagenfurt.at\\\/it\\\/attrazioni-ed-escursioni\\\/ausflugsziele-it\\\/giardino-botanico\\\/#breadcrumb\",\"itemListElement\":[{\"@type\":\"ListItem\",\"position\":1,\"name\":\"visitklagenfurt\",\"item\":\"https:\\\/\\\/www.visitklagenfurt.at\\\/it\\\/\"},{\"@type\":\"ListItem\",\"position\":2,\"name\":\"Attrazioni ed escursioni\",\"item\":\"https:\\\/\\\/www.visitklagenfurt.at\\\/it\\\/category\\\/attrazioni-ed-escursioni\\\/\"},{\"@type\":\"ListItem\",\"position\":3,\"name\":\"Ausflugsziele\",\"item\":\"https:\\\/\\\/www.visitklagenfurt.at\\\/it\\\/category\\\/attrazioni-ed-escursioni\\\/ausflugsziele-it\\\/\"},{\"@type\":\"ListItem\",\"position\":4,\"name\":\"Il Giardino botanico\"}]},{\"@type\":\"WebSite\",\"@id\":\"https:\\\/\\\/www.visitklagenfurt.at\\\/it\\\/#website\",\"url\":\"https:\\\/\\\/www.visitklagenfurt.at\\\/it\\\/\",\"name\":\"visitklagenfurt\",\"description\":\"\",\"publisher\":{\"@id\":\"https:\\\/\\\/www.visitklagenfurt.at\\\/it\\\/#organization\"},\"potentialAction\":[{\"@type\":\"SearchAction\",\"target\":{\"@type\":\"EntryPoint\",\"urlTemplate\":\"https:\\\/\\\/www.visitklagenfurt.at\\\/it\\\/?s={search_term_string}\"},\"query-input\":{\"@type\":\"PropertyValueSpecification\",\"valueRequired\":true,\"valueName\":\"search_term_string\"}}],\"inLanguage\":\"it-IT\"},{\"@type\":\"Organization\",\"@id\":\"https:\\\/\\\/www.visitklagenfurt.at\\\/it\\\/#organization\",\"name\":\"Tourismus Region Klagenfurt am W\u00f6rthersee GmbH\",\"url\":\"https:\\\/\\\/www.visitklagenfurt.at\\\/it\\\/\",\"logo\":{\"@type\":\"ImageObject\",\"inLanguage\":\"it-IT\",\"@id\":\"https:\\\/\\\/www.visitklagenfurt.at\\\/it\\\/#\\\/schema\\\/logo\\\/image\\\/\",\"url\":\"https:\\\/\\\/www.visitklagenfurt.at\\\/wp-content\\\/uploads\\\/2022\\\/03\\\/DT_K_Klagenfurt_S_RGB.png\",\"contentUrl\":\"https:\\\/\\\/www.visitklagenfurt.at\\\/wp-content\\\/uploads\\\/2022\\\/03\\\/DT_K_Klagenfurt_S_RGB.png\",\"width\":2082,\"height\":1511,\"caption\":\"Tourismus Region Klagenfurt am W\u00f6rthersee GmbH\"},\"image\":{\"@id\":\"https:\\\/\\\/www.visitklagenfurt.at\\\/it\\\/#\\\/schema\\\/logo\\\/image\\\/\"}},{\"@type\":\"Person\",\"@id\":\"https:\\\/\\\/www.visitklagenfurt.at\\\/it\\\/#\\\/schema\\\/person\\\/7bc1cce71726d48c458144f55517b2df\",\"name\":\"visitklagenfurt\",\"image\":{\"@type\":\"ImageObject\",\"inLanguage\":\"it-IT\",\"@id\":\"https:\\\/\\\/www.visitklagenfurt.at\\\/wp-content\\\/uploads\\\/2021\\\/05\\\/KLU_LINDWURM_Blau.jpg\",\"url\":\"https:\\\/\\\/www.visitklagenfurt.at\\\/wp-content\\\/uploads\\\/2021\\\/05\\\/KLU_LINDWURM_Blau.jpg\",\"contentUrl\":\"https:\\\/\\\/www.visitklagenfurt.at\\\/wp-content\\\/uploads\\\/2021\\\/05\\\/KLU_LINDWURM_Blau.jpg\",\"caption\":\"visitklagenfurt\"},\"url\":\"https:\\\/\\\/www.visitklagenfurt.at\\\/it\\\/author\\\/visitklagenfurt\\\/\"}]}<\/script>\n<!-- \/ Yoast SEO plugin. -->","yoast_head_json":{"title":"Giardino Botanico a Klagenfurt | Ricerca & Istruzione | Flora","description":"Ai piedi del monte Kreuzbergl, con il fascino del centro di Klagenfurt a portata di mano, si trova un mondo a s\u00e9: il Giardino Botanico.","robots":{"index":"index","follow":"follow","max-snippet":"max-snippet:-1","max-image-preview":"max-image-preview:large","max-video-preview":"max-video-preview:-1"},"canonical":"https:\/\/www.visitklagenfurt.at\/it\/attrazioni-ed-escursioni\/ausflugsziele-it\/giardino-botanico\/","og_locale":"it_IT","og_type":"article","og_title":"Giardino Botanico a Klagenfurt | Ricerca & Istruzione | Flora","og_description":"Ai piedi del monte Kreuzbergl, con il fascino del centro di Klagenfurt a portata di mano, si trova un mondo a s\u00e9: il Giardino Botanico.","og_url":"https:\/\/www.visitklagenfurt.at\/it\/attrazioni-ed-escursioni\/ausflugsziele-it\/giardino-botanico\/","og_site_name":"visitklagenfurt","article_published_time":"2021-02-23T11:19:43+00:00","article_modified_time":"2021-12-15T13:03:19+00:00","og_image":[{"width":2048,"height":1363,"url":"https:\/\/www.visitklagenfurt.at\/wp-content\/uploads\/2021\/02\/sehenswertes_botanikerzentrum_2012_c-helge_bauer_17-web.jpeg","type":"image\/jpeg"}],"author":"visitklagenfurt","twitter_card":"summary_large_image","twitter_misc":{"Scritto da":"visitklagenfurt","Tempo di lettura stimato":"2 minuti"},"schema":{"@context":"https:\/\/schema.org","@graph":[{"@type":"Article","@id":"https:\/\/www.visitklagenfurt.at\/it\/attrazioni-ed-escursioni\/ausflugsziele-it\/giardino-botanico\/#article","isPartOf":{"@id":"https:\/\/www.visitklagenfurt.at\/it\/attrazioni-ed-escursioni\/ausflugsziele-it\/giardino-botanico\/"},"author":{"name":"visitklagenfurt","@id":"https:\/\/www.visitklagenfurt.at\/it\/#\/schema\/person\/7bc1cce71726d48c458144f55517b2df"},"headline":"Il Giardino botanico","datePublished":"2021-02-23T11:19:43+00:00","dateModified":"2021-12-15T13:03:19+00:00","mainEntityOfPage":{"@id":"https:\/\/www.visitklagenfurt.at\/it\/attrazioni-ed-escursioni\/ausflugsziele-it\/giardino-botanico\/"},"wordCount":289,"commentCount":0,"publisher":{"@id":"https:\/\/www.visitklagenfurt.at\/it\/#organization"},"image":{"@id":"https:\/\/www.visitklagenfurt.at\/it\/attrazioni-ed-escursioni\/ausflugsziele-it\/giardino-botanico\/#primaryimage"},"thumbnailUrl":"https:\/\/www.visitklagenfurt.at\/wp-content\/uploads\/2021\/02\/sehenswertes_botanikerzentrum_2012_c-helge_bauer_17-web.jpeg","keywords":["Luoghi d\u00b4interesse"],"articleSection":["Ausflugsziele"],"inLanguage":"it-IT","potentialAction":[{"@type":"CommentAction","name":"Comment","target":["https:\/\/www.visitklagenfurt.at\/it\/attrazioni-ed-escursioni\/ausflugsziele-it\/giardino-botanico\/#respond"]}]},{"@type":"WebPage","@id":"https:\/\/www.visitklagenfurt.at\/it\/attrazioni-ed-escursioni\/ausflugsziele-it\/giardino-botanico\/","url":"https:\/\/www.visitklagenfurt.at\/it\/attrazioni-ed-escursioni\/ausflugsziele-it\/giardino-botanico\/","name":"Giardino Botanico a Klagenfurt | Ricerca & Istruzione | Flora","isPartOf":{"@id":"https:\/\/www.visitklagenfurt.at\/it\/#website"},"primaryImageOfPage":{"@id":"https:\/\/www.visitklagenfurt.at\/it\/attrazioni-ed-escursioni\/ausflugsziele-it\/giardino-botanico\/#primaryimage"},"image":{"@id":"https:\/\/www.visitklagenfurt.at\/it\/attrazioni-ed-escursioni\/ausflugsziele-it\/giardino-botanico\/#primaryimage"},"thumbnailUrl":"https:\/\/www.visitklagenfurt.at\/wp-content\/uploads\/2021\/02\/sehenswertes_botanikerzentrum_2012_c-helge_bauer_17-web.jpeg","datePublished":"2021-02-23T11:19:43+00:00","dateModified":"2021-12-15T13:03:19+00:00","description":"Ai piedi del monte Kreuzbergl, con il fascino del centro di Klagenfurt a portata di mano, si trova un mondo a s\u00e9: il Giardino Botanico.","breadcrumb":{"@id":"https:\/\/www.visitklagenfurt.at\/it\/attrazioni-ed-escursioni\/ausflugsziele-it\/giardino-botanico\/#breadcrumb"},"inLanguage":"it-IT","potentialAction":[{"@type":"ReadAction","target":["https:\/\/www.visitklagenfurt.at\/it\/attrazioni-ed-escursioni\/ausflugsziele-it\/giardino-botanico\/"]}]},{"@type":"ImageObject","inLanguage":"it-IT","@id":"https:\/\/www.visitklagenfurt.at\/it\/attrazioni-ed-escursioni\/ausflugsziele-it\/giardino-botanico\/#primaryimage","url":"https:\/\/www.visitklagenfurt.at\/wp-content\/uploads\/2021\/02\/sehenswertes_botanikerzentrum_2012_c-helge_bauer_17-web.jpeg","contentUrl":"https:\/\/www.visitklagenfurt.at\/wp-content\/uploads\/2021\/02\/sehenswertes_botanikerzentrum_2012_c-helge_bauer_17-web.jpeg","width":2048,"height":1363,"caption":"(c) Helge Bauer"},{"@type":"BreadcrumbList","@id":"https:\/\/www.visitklagenfurt.at\/it\/attrazioni-ed-escursioni\/ausflugsziele-it\/giardino-botanico\/#breadcrumb","itemListElement":[{"@type":"ListItem","position":1,"name":"visitklagenfurt","item":"https:\/\/www.visitklagenfurt.at\/it\/"},{"@type":"ListItem","position":2,"name":"Attrazioni ed escursioni","item":"https:\/\/www.visitklagenfurt.at\/it\/category\/attrazioni-ed-escursioni\/"},{"@type":"ListItem","position":3,"name":"Ausflugsziele","item":"https:\/\/www.visitklagenfurt.at\/it\/category\/attrazioni-ed-escursioni\/ausflugsziele-it\/"},{"@type":"ListItem","position":4,"name":"Il Giardino botanico"}]},{"@type":"WebSite","@id":"https:\/\/www.visitklagenfurt.at\/it\/#website","url":"https:\/\/www.visitklagenfurt.at\/it\/","name":"visitklagenfurt","description":"","publisher":{"@id":"https:\/\/www.visitklagenfurt.at\/it\/#organization"},"potentialAction":[{"@type":"SearchAction","target":{"@type":"EntryPoint","urlTemplate":"https:\/\/www.visitklagenfurt.at\/it\/?s={search_term_string}"},"query-input":{"@type":"PropertyValueSpecification","valueRequired":true,"valueName":"search_term_string"}}],"inLanguage":"it-IT"},{"@type":"Organization","@id":"https:\/\/www.visitklagenfurt.at\/it\/#organization","name":"Tourismus Region Klagenfurt am W\u00f6rthersee GmbH","url":"https:\/\/www.visitklagenfurt.at\/it\/","logo":{"@type":"ImageObject","inLanguage":"it-IT","@id":"https:\/\/www.visitklagenfurt.at\/it\/#\/schema\/logo\/image\/","url":"https:\/\/www.visitklagenfurt.at\/wp-content\/uploads\/2022\/03\/DT_K_Klagenfurt_S_RGB.png","contentUrl":"https:\/\/www.visitklagenfurt.at\/wp-content\/uploads\/2022\/03\/DT_K_Klagenfurt_S_RGB.png","width":2082,"height":1511,"caption":"Tourismus Region Klagenfurt am W\u00f6rthersee GmbH"},"image":{"@id":"https:\/\/www.visitklagenfurt.at\/it\/#\/schema\/logo\/image\/"}},{"@type":"Person","@id":"https:\/\/www.visitklagenfurt.at\/it\/#\/schema\/person\/7bc1cce71726d48c458144f55517b2df","name":"visitklagenfurt","image":{"@type":"ImageObject","inLanguage":"it-IT","@id":"https:\/\/www.visitklagenfurt.at\/wp-content\/uploads\/2021\/05\/KLU_LINDWURM_Blau.jpg","url":"https:\/\/www.visitklagenfurt.at\/wp-content\/uploads\/2021\/05\/KLU_LINDWURM_Blau.jpg","contentUrl":"https:\/\/www.visitklagenfurt.at\/wp-content\/uploads\/2021\/05\/KLU_LINDWURM_Blau.jpg","caption":"visitklagenfurt"},"url":"https:\/\/www.visitklagenfurt.at\/it\/author\/visitklagenfurt\/"}]}},"_links":{"self":[{"href":"https:\/\/www.visitklagenfurt.at\/it\/wp-json\/wp\/v2\/posts\/8312","targetHints":{"allow":["GET"]}}],"collection":[{"href":"https:\/\/www.visitklagenfurt.at\/it\/wp-json\/wp\/v2\/posts"}],"about":[{"href":"https:\/\/www.visitklagenfurt.at\/it\/wp-json\/wp\/v2\/types\/post"}],"author":[{"embeddable":true,"href":"https:\/\/www.visitklagenfurt.at\/it\/wp-json\/wp\/v2\/users\/31"}],"replies":[{"embeddable":true,"href":"https:\/\/www.visitklagenfurt.at\/it\/wp-json\/wp\/v2\/comments?post=8312"}],"version-history":[{"count":4,"href":"https:\/\/www.visitklagenfurt.at\/it\/wp-json\/wp\/v2\/posts\/8312\/revisions"}],"predecessor-version":[{"id":32066,"href":"https:\/\/www.visitklagenfurt.at\/it\/wp-json\/wp\/v2\/posts\/8312\/revisions\/32066"}],"wp:featuredmedia":[{"embeddable":true,"href":"https:\/\/www.visitklagenfurt.at\/it\/wp-json\/wp\/v2\/media\/4982"}],"wp:attachment":[{"href":"https:\/\/www.visitklagenfurt.at\/it\/wp-json\/wp\/v2\/media?parent=8312"}],"wp:term":[{"taxonomy":"category","embeddable":true,"href":"https:\/\/www.visitklagenfurt.at\/it\/wp-json\/wp\/v2\/categories?post=8312"},{"taxonomy":"post_tag","embeddable":true,"href":"https:\/\/www.visitklagenfurt.at\/it\/wp-json\/wp\/v2\/tags?post=8312"}],"curies":[{"name":"wp","href":"https:\/\/api.w.org\/{rel}","templated":true}]}}