{"id":8394,"date":"2024-05-10T15:15:00","date_gmt":"2024-05-10T13:15:00","guid":{"rendered":"http:\/\/blog.visitklagenfurt.at\/pedalare-con-piacere\/"},"modified":"2024-05-14T11:18:20","modified_gmt":"2024-05-14T09:18:20","slug":"pedalare-con-piacere","status":"publish","type":"post","link":"https:\/\/www.visitklagenfurt.at\/it\/blog-it\/attrazioni-escursioni\/pedalare-con-piacere\/","title":{"rendered":"I migliori consigli per godersi la bicicletta a Klagenfurt"},"content":{"rendered":"\n<p>Quando si pedala per piacere, la meta \u00e8 il percorso e il miglior punto di partenza \u00e8 sempre Klagenfurt. Il capoluogo della Carinzia non solo si trova all&#8217;estremit\u00e0 pi\u00f9 bella del W\u00f6rthersee, ma \u00e8 anche <strong>il punto focale della rete di 1.300 km di piste ciclabili della Carinzia<\/strong>.\n\nLa citt\u00e0 del drago Lindwurm \u00e8 quindi particolarmente adatta come base per piacevoli gite in <strong>bicicletta tra montagne e laghi<\/strong>. Qui si trova tutto ci\u00f2 che si deve sapere sul turismo in bicicletta intorno a Klagenfurt sul W\u00f6rthersee. <strong>Informazioni preziose, tour fantastici e consigli utili<\/strong>.<\/p>\n\n\n\n<figure class=\"wp-block-image size-large\"><img fetchpriority=\"high\" decoding=\"async\" width=\"1024\" height=\"683\" src=\"https:\/\/www.visitklagenfurt.at\/wp-content\/uploads\/2020\/07\/KTR-Biken-SUP-und-Picknick-2020-07-14_0323-1024x683.jpg\" alt=\"\" class=\"wp-image-8424\" srcset=\"https:\/\/www.visitklagenfurt.at\/wp-content\/uploads\/2020\/07\/KTR-Biken-SUP-und-Picknick-2020-07-14_0323-1024x683.jpg 1024w, https:\/\/www.visitklagenfurt.at\/wp-content\/uploads\/2020\/07\/KTR-Biken-SUP-und-Picknick-2020-07-14_0323-300x200.jpg 300w, https:\/\/www.visitklagenfurt.at\/wp-content\/uploads\/2020\/07\/KTR-Biken-SUP-und-Picknick-2020-07-14_0323-768x512.jpg 768w, https:\/\/www.visitklagenfurt.at\/wp-content\/uploads\/2020\/07\/KTR-Biken-SUP-und-Picknick-2020-07-14_0323-1536x1024.jpg 1536w, https:\/\/www.visitklagenfurt.at\/wp-content\/uploads\/2020\/07\/KTR-Biken-SUP-und-Picknick-2020-07-14_0323.jpg 1600w\" sizes=\"(max-width: 1024px) 100vw, 1024px\" \/><figcaption class=\"wp-element-caption\">(c) Tine Steinthaler<\/figcaption><\/figure>\n\n\n\n<h2 class=\"wp-block-heading\" id=\"h-mete-turistiche-e-culturali-da-scoprire-in-bicicletta\">Mete turistiche e culturali da scoprire in bicicletta<\/h2>\n\n\n\n<p>Klagenfurt e l\u2019area circostante tra il lago W\u00f6rthersee e i centri storici di Maria Saal e Friesach sono stati per secoli un centro economico, crocevia delle vie commerciali e fulcro culturale dell&#8217;Austria meridionale. Lo testimoniano gli <strong>scavi<\/strong> celtici e&nbsp;<strong>romani sul vicino Magdalensberg<\/strong>, i numerosi castelli medievali e <strong>palazzi barocchi<\/strong>, nonch\u00e9 il pittoresco <strong>centro storico rinascimentale della stessa Klagenfurt<\/strong>. Ci\u00f2 rende ogni giro in bicicletta qui un piccolo viaggio nel tempo pieno di storie emozionanti.<\/p>\n\n\n\n<p>Cavalieri a pedali ben armati partono per <a href=\"https:\/\/touren.kaernten.at\/de\/tour\/radfahren\/schloessertour-rund-um-klagenfurt-am-woerthersee\/1537293\/\">il giro dei castelli<\/a> intorno a Klagenfurt am W\u00f6rthersee (22,1 km).<\/p>\n\n\n<div style=\"min-width: 260px; max-width: 100%\"><script type=\"text\/javascript\" src=\"https:\/\/www.outdooractive.com\/it\/embed\/1537293\/js?mw=false\"><\/script><\/div>\n\n\n<p>Lungo le piste ciclabili di Klagenfurt si possono conoscere confortevolmente, passo dopo passo anche l&#8217;arte e la cultura. Oltre ai numerosi musei, gallerie e luoghi di eventi nel centro della citt\u00e0, in poche pedalate \u00e8 possibile raggiungere l&#8217;idilliaca casa del compositore Gustav Mahler&nbsp; &#8211;&nbsp; <strong>Gustav Mahler Komponierh\u00e4uschen<\/strong> (circa 7 km) o lo spazio d&#8217;arte contemporanea Lakeside &#8211; &nbsp;<strong>Kunstraum Lakeside<\/strong> (circa 4 km).<\/p>\n\n\n\n<figure class=\"wp-block-gallery columns-2 is-cropped wp-block-gallery-1 is-layout-flex wp-block-gallery-is-layout-flex\"><ul class=\"blocks-gallery-grid\"><li class=\"blocks-gallery-item\"><figure><img decoding=\"async\" width=\"1024\" height=\"684\" src=\"https:\/\/www.visitklagenfurt.at\/wp-content\/uploads\/2020\/07\/genussrad_sport_rad_sommer_lindwurm_neuer_platz_2018_c-franz_gerdl_201-web-1024x684.jpg\" alt=\"\" data-id=\"808\" data-full-url=\"https:\/\/www.visitklagenfurt.at\/wp-content\/uploads\/2020\/07\/genussrad_sport_rad_sommer_lindwurm_neuer_platz_2018_c-franz_gerdl_201-web.jpg\" data-link=\"https:\/\/www.visitklagenfurt.at\/de\/blog\/urlaub-freizeit\/die-besten-tipps-zum-radfahren-voller-genuss\/attachment\/genussrad_sport_rad_sommer_lindwurm_neuer_platz_2018_c-franz_gerdl_201-web\/\" class=\"wp-image-8420\" srcset=\"https:\/\/www.visitklagenfurt.at\/wp-content\/uploads\/2020\/07\/genussrad_sport_rad_sommer_lindwurm_neuer_platz_2018_c-franz_gerdl_201-web-1024x684.jpg 1024w, https:\/\/www.visitklagenfurt.at\/wp-content\/uploads\/2020\/07\/genussrad_sport_rad_sommer_lindwurm_neuer_platz_2018_c-franz_gerdl_201-web-300x200.jpg 300w, https:\/\/www.visitklagenfurt.at\/wp-content\/uploads\/2020\/07\/genussrad_sport_rad_sommer_lindwurm_neuer_platz_2018_c-franz_gerdl_201-web-768x513.jpg 768w, https:\/\/www.visitklagenfurt.at\/wp-content\/uploads\/2020\/07\/genussrad_sport_rad_sommer_lindwurm_neuer_platz_2018_c-franz_gerdl_201-web-1536x1025.jpg 1536w, https:\/\/www.visitklagenfurt.at\/wp-content\/uploads\/2020\/07\/genussrad_sport_rad_sommer_lindwurm_neuer_platz_2018_c-franz_gerdl_201-web.jpg 2048w\" sizes=\"(max-width: 1024px) 100vw, 1024px\" \/><figcaption class=\"blocks-gallery-item__caption\">(c) Franz Gerdl<\/figcaption><\/figure><\/li><li class=\"blocks-gallery-item\"><figure><img decoding=\"async\" width=\"1024\" height=\"684\" src=\"https:\/\/www.visitklagenfurt.at\/wp-content\/uploads\/2020\/07\/genussrad_sport_rad_park_innenstadt_sommer_2018_c-franz_gerdl_181-web1-1024x684.jpg\" alt=\"\" data-id=\"802\" data-full-url=\"https:\/\/www.visitklagenfurt.at\/wp-content\/uploads\/2020\/07\/genussrad_sport_rad_park_innenstadt_sommer_2018_c-franz_gerdl_181-web1.jpg\" data-link=\"https:\/\/www.visitklagenfurt.at\/de\/blog\/urlaub-freizeit\/die-besten-tipps-zum-radfahren-voller-genuss\/attachment\/genussrad_sport_rad_park_innenstadt_sommer_2018_c-franz_gerdl_181-web1\/\" class=\"wp-image-8428\" srcset=\"https:\/\/www.visitklagenfurt.at\/wp-content\/uploads\/2020\/07\/genussrad_sport_rad_park_innenstadt_sommer_2018_c-franz_gerdl_181-web1-1024x684.jpg 1024w, https:\/\/www.visitklagenfurt.at\/wp-content\/uploads\/2020\/07\/genussrad_sport_rad_park_innenstadt_sommer_2018_c-franz_gerdl_181-web1-300x200.jpg 300w, https:\/\/www.visitklagenfurt.at\/wp-content\/uploads\/2020\/07\/genussrad_sport_rad_park_innenstadt_sommer_2018_c-franz_gerdl_181-web1-768x513.jpg 768w, https:\/\/www.visitklagenfurt.at\/wp-content\/uploads\/2020\/07\/genussrad_sport_rad_park_innenstadt_sommer_2018_c-franz_gerdl_181-web1-1536x1025.jpg 1536w, https:\/\/www.visitklagenfurt.at\/wp-content\/uploads\/2020\/07\/genussrad_sport_rad_park_innenstadt_sommer_2018_c-franz_gerdl_181-web1.jpg 2048w\" sizes=\"(max-width: 1024px) 100vw, 1024px\" \/><figcaption class=\"blocks-gallery-item__caption\">(c) Franz Gerdl<\/figcaption><\/figure><\/li><li class=\"blocks-gallery-item\"><figure><img loading=\"lazy\" decoding=\"async\" width=\"1024\" height=\"684\" src=\"https:\/\/www.visitklagenfurt.at\/wp-content\/uploads\/2021\/01\/rennrad_sport_rad_sommer_dom_maria_saal_2017_c-franz_gerdl_141-web-1024x684.jpeg\" alt=\"Maria Saaler Dom\" data-id=\"4831\" data-full-url=\"https:\/\/www.visitklagenfurt.at\/wp-content\/uploads\/2021\/01\/rennrad_sport_rad_sommer_dom_maria_saal_2017_c-franz_gerdl_141-web.jpeg\" data-link=\"https:\/\/www.visitklagenfurt.at\/de\/woerthersee-und-umgebung\/region-entdecken\/maria-saal\/attachment\/rennrad_sport_rad_sommer_dom_maria_saal_2017_c-franz_gerdl_141-web\/\" class=\"wp-image-4833\" srcset=\"https:\/\/www.visitklagenfurt.at\/wp-content\/uploads\/2021\/01\/rennrad_sport_rad_sommer_dom_maria_saal_2017_c-franz_gerdl_141-web-1024x684.jpeg 1024w, https:\/\/www.visitklagenfurt.at\/wp-content\/uploads\/2021\/01\/rennrad_sport_rad_sommer_dom_maria_saal_2017_c-franz_gerdl_141-web-300x200.jpeg 300w, https:\/\/www.visitklagenfurt.at\/wp-content\/uploads\/2021\/01\/rennrad_sport_rad_sommer_dom_maria_saal_2017_c-franz_gerdl_141-web-768x513.jpeg 768w, https:\/\/www.visitklagenfurt.at\/wp-content\/uploads\/2021\/01\/rennrad_sport_rad_sommer_dom_maria_saal_2017_c-franz_gerdl_141-web-1536x1025.jpeg 1536w, https:\/\/www.visitklagenfurt.at\/wp-content\/uploads\/2021\/01\/rennrad_sport_rad_sommer_dom_maria_saal_2017_c-franz_gerdl_141-web.jpeg 2048w\" sizes=\"(max-width: 1024px) 100vw, 1024px\" \/><figcaption class=\"blocks-gallery-item__caption\">(c) Franz Gerdl<\/figcaption><\/figure><\/li><\/ul><\/figure>\n\n\n\n<h2 class=\"wp-block-heading\" id=\"h-quando-avete-veramente-fame-specialita-gastronomiche-per-i-ciclisti\">Quando avete veramente fame: specialit\u00e0 gastronomiche per i ciclisti<\/h2>\n\n\n\n<p>Quelli che vanno molto in bicicletta sono ovviamente molto affamati. Quindi \u00e8 un bene che lungo le piste ciclabili intorno a Klagenfurt ci siano molte buone possibilit\u00e0 di fermarsi per mangiare.<\/p>\n\n\n\n<p>Un classico per le gente del posto e gli ospiti \u00e8 sicuramente il cosiddetto <a href=\"https:\/\/www.facebook.com\/Tramway.Klagenfurt\/\">Buffet zur Tramway<\/a> (o Tram in breve) nella baia est del lago W\u00f6rthersee, situato vicino al canale Lend. Qui in un ambiente informale dopo i loro tour in bicicletta intorno a Klagenfurt si danno appuntamento atleti esausti, mountain biker che hanno subito il battesimo del fango e buongustai.<\/p>\n\n\n\n<p>Qui tutti fanno il pieno di elettroliti (si consiglia la birra ghiacciata di cantina del birrificio Klagenfurter Schleppe) e di carboidrati (vanno per la maggiore il miglior Burenwurst fuori Vienna e le salsicce bernesi fatte in casa) per poi riprendere le loro avventure in sella alla bici.<\/p>\n\n\n\n<h3 class=\"wp-block-heading\" id=\"h-i-buschenschank-con-la-merenda-della-carinzia\">I Buschenschank con la merenda della Carinzia<\/h3>\n\n\n\n<p>Tipici della Carinzia sono i punti di ristoro estivi, chiamati <em>Buschenschank<\/em>, con la loro classica merenda carinziana. Una specialit\u00e0 qui sono le prelibatezze prodotte artigianalmente nella azienda agricola che li ospita: salame della Carinzia, pancetta essiccata all&#8217;aria, formaggio Glundner e ricotta alle erbe aromatiche.\n\nRimettono in forma per nuove avventure i ciclisti stanchi. Questo tipo di attivit\u00e0 a conduzione familiare pu\u00f2 essere aperto solo per poche settimane all&#8217;anno, \u00e8 dunque bene che i ciclisti affamati seguano gli orari di apertura sul sito buschenschank.at. Chi ama improvvisare basta che lungo il percorso faccia attenzione ai cosiddetti &#8220;cespugli&#8221; o ai cartelli: se ci sono dei rami esposti fuori dalla porta, il punto di ristoro \u00e8 aperto.<\/p>\n\n\n\n<figure class=\"wp-block-image size-large\"><img loading=\"lazy\" decoding=\"async\" width=\"1024\" height=\"681\" src=\"https:\/\/www.visitklagenfurt.at\/wp-content\/uploads\/2020\/08\/1762.jpg\" alt=\"\" class=\"wp-image-13258\"\/><figcaption class=\"wp-element-caption\">(c) K\u00e4rnten Werbung, Michael Seyer\t<\/figcaption><\/figure>\n\n\n\n<p><strong>I nostri suggerimenti nel circondario:<\/strong> Buschenschank Schifferl a Tessendorf-Klagenfurt, Buschenschank Taschek a Linsendorf, Buschenschank Rabitsch a Moosburg e Buschenschank Melcher a Grafenstein.<\/p>\n\n\n\n<h3 class=\"wp-block-heading\" id=\"h-le-locande-di-campagna-vi-invitano-a-fare-una-sosta\">Le locande di campagna vi invitano a fare una sosta<\/h3>\n\n\n\n<p>I ciclisti sono sempre ospiti graditi anche nelle numerose <strong>locande della campagna di Klagenfurt<\/strong> che invitano gli ospiti a rilassarsi nell&#8217;ombra dei loro giardini. I prodotti regionali sono preparati con molto amore. Quindi niente ostacola una bella pausa.<\/p>\n\n\n\n<p>Vale la pena deviare dalla Glandradweg (pista ciclabile del Glan) per <a href=\"http:\/\/www.sandwirt.at\/de\/gasthof\/\">il Sandwirth a Maria Saal<\/a> sulla piazza Domplatz. \u00c8 famosa per i peperoni ripieni fatti in casa e le specialit\u00e0 di pesce e selvaggina che cambiano a seconda della stagione.\n\n&nbsp;<\/p>\n\n\n\n<figure class=\"wp-block-image size-large\"><img loading=\"lazy\" decoding=\"async\" width=\"800\" height=\"533\" src=\"https:\/\/www.visitklagenfurt.at\/wp-content\/uploads\/2021\/01\/1344832_eb.jpg\" alt=\"\" class=\"wp-image-5279\" srcset=\"https:\/\/www.visitklagenfurt.at\/wp-content\/uploads\/2021\/01\/1344832_eb.jpg 800w, https:\/\/www.visitklagenfurt.at\/wp-content\/uploads\/2021\/01\/1344832_eb-300x200.jpg 300w, https:\/\/www.visitklagenfurt.at\/wp-content\/uploads\/2021\/01\/1344832_eb-768x512.jpg 768w\" sizes=\"(max-width: 800px) 100vw, 800px\" \/><figcaption class=\"wp-element-caption\">(c) Sandwirt<\/figcaption><\/figure>\n\n\n\n<p>Se si guida verso est, in direzione della ciclabile della Drava &#8211; Drau o si ritorna da l\u00ec sulla pista ciclabile lungo la ferrovia, \u00e8 assolutamente da prevedere una tappa a Grafenstein che ha due ottimi ristoranti: <\/p>\n\n\n\n<p><a href=\"http:\/\/www.derhambrusch.at\/\">Il ristorante Der Hambrusch<\/a> si trova proprio sulla pista ciclabile a Grafenstein, a est di Klagenfurt. Qui ci si pu\u00f2 fermare a pranzo, se si \u00e8 in viaggio verso la Bassa Carinzia, o per un ultimo riposo sulla via del ritorno.<\/p>\n\n\n\n<p>La cucina del <a href=\"https:\/\/www.restaurantmoritz.at\/\">ristorante Moritz<\/a> \u00e8 insignita di cappelli per la qualit\u00e0: qui vengono serviti piatti freschi e creativi, con influenze delle Alpi e dell&#8217;Adriatico. Importante: assicuratevi di prenotare un tavolo! Il rettilineo Bahnbegleitweg (binario ferroviario) riporter\u00e0 poi il ciclista sazio da Grafenstein direttamente nel cuore di Klagenfurt.<\/p>\n\n\n\n<h2 class=\"wp-block-heading\" id=\"h-in-giro-con-la-famiglia\">In giro con la famiglia<\/h2>\n\n\n\n<p>Cosa c&#8217;\u00e8 di pi\u00f9 bello di un viaggio in bicicletta con tutta la famiglia? Per questo Klagenfurt, citt\u00e0 della bicicletta, offre le condizioni ideali. Che ne dite di una piccola deviazione al lago W\u00f6rthersee, ad esempio? Direttamente dal centro di Klagenfurt in pochi minuti ci si trova nella soleggiata baia orientale del W\u00f6rthersee, dove un variegato programma di svago per i bambini aspetta solo di essere scoperto.<\/p>\n\n\n\n<figure class=\"wp-block-gallery columns-2 is-cropped wp-block-gallery-2 is-layout-flex wp-block-gallery-is-layout-flex\"><ul class=\"blocks-gallery-grid\"><li class=\"blocks-gallery-item\"><figure><img loading=\"lazy\" decoding=\"async\" width=\"1024\" height=\"684\" src=\"https:\/\/www.visitklagenfurt.at\/wp-content\/uploads\/2020\/08\/genussrad_sport_rad_sommer_fussgangerzone_familie_2018_c-franz_gerdl_198-web-1024x684.jpg\" alt=\"\" data-id=\"1145\" data-full-url=\"https:\/\/www.visitklagenfurt.at\/wp-content\/uploads\/2020\/08\/genussrad_sport_rad_sommer_fussgangerzone_familie_2018_c-franz_gerdl_198-web.jpg\" data-link=\"https:\/\/www.visitklagenfurt.at\/de\/blog\/urlaub-freizeit\/radfahren-mit-familie\/attachment\/genussrad_sport_rad_sommer_fussgangerzone_familie_2018_c-franz_gerdl_198-web\/\" class=\"wp-image-8263\" srcset=\"https:\/\/www.visitklagenfurt.at\/wp-content\/uploads\/2020\/08\/genussrad_sport_rad_sommer_fussgangerzone_familie_2018_c-franz_gerdl_198-web-1024x684.jpg 1024w, https:\/\/www.visitklagenfurt.at\/wp-content\/uploads\/2020\/08\/genussrad_sport_rad_sommer_fussgangerzone_familie_2018_c-franz_gerdl_198-web-300x200.jpg 300w, https:\/\/www.visitklagenfurt.at\/wp-content\/uploads\/2020\/08\/genussrad_sport_rad_sommer_fussgangerzone_familie_2018_c-franz_gerdl_198-web-768x513.jpg 768w, https:\/\/www.visitklagenfurt.at\/wp-content\/uploads\/2020\/08\/genussrad_sport_rad_sommer_fussgangerzone_familie_2018_c-franz_gerdl_198-web-1536x1025.jpg 1536w, https:\/\/www.visitklagenfurt.at\/wp-content\/uploads\/2020\/08\/genussrad_sport_rad_sommer_fussgangerzone_familie_2018_c-franz_gerdl_198-web.jpg 2048w\" sizes=\"(max-width: 1024px) 100vw, 1024px\" \/><figcaption class=\"blocks-gallery-item__caption\">(c) Franz Gerdl<\/figcaption><\/figure><\/li><li class=\"blocks-gallery-item\"><figure><img loading=\"lazy\" decoding=\"async\" width=\"1024\" height=\"684\" src=\"https:\/\/www.visitklagenfurt.at\/wp-content\/uploads\/2020\/07\/genussrad_sport_rad_lendkanal_sommer_2018_c-franz_gerdl_132-web-1024x684.jpg\" alt=\"\" data-id=\"801\" data-full-url=\"https:\/\/www.visitklagenfurt.at\/wp-content\/uploads\/2020\/07\/genussrad_sport_rad_lendkanal_sommer_2018_c-franz_gerdl_132-web.jpg\" data-link=\"https:\/\/www.visitklagenfurt.at\/de\/blog\/urlaub-freizeit\/die-besten-tipps-zum-radfahren-voller-genuss\/attachment\/genussrad_sport_rad_lendkanal_sommer_2018_c-franz_gerdl_132-web\/\" class=\"wp-image-8432\" srcset=\"https:\/\/www.visitklagenfurt.at\/wp-content\/uploads\/2020\/07\/genussrad_sport_rad_lendkanal_sommer_2018_c-franz_gerdl_132-web-1024x684.jpg 1024w, https:\/\/www.visitklagenfurt.at\/wp-content\/uploads\/2020\/07\/genussrad_sport_rad_lendkanal_sommer_2018_c-franz_gerdl_132-web-300x200.jpg 300w, https:\/\/www.visitklagenfurt.at\/wp-content\/uploads\/2020\/07\/genussrad_sport_rad_lendkanal_sommer_2018_c-franz_gerdl_132-web-768x513.jpg 768w, https:\/\/www.visitklagenfurt.at\/wp-content\/uploads\/2020\/07\/genussrad_sport_rad_lendkanal_sommer_2018_c-franz_gerdl_132-web-1536x1025.jpg 1536w, https:\/\/www.visitklagenfurt.at\/wp-content\/uploads\/2020\/07\/genussrad_sport_rad_lendkanal_sommer_2018_c-franz_gerdl_132-web.jpg 2048w\" sizes=\"(max-width: 1024px) 100vw, 1024px\" \/><figcaption class=\"blocks-gallery-item__caption\">(c) Franz Gerdl<\/figcaption><\/figure><\/li><li class=\"blocks-gallery-item\"><figure><img loading=\"lazy\" decoding=\"async\" width=\"1024\" height=\"688\" src=\"https:\/\/www.visitklagenfurt.at\/wp-content\/uploads\/2020\/09\/genussrad_sport_rad_ostbucht_promenade_worthersee_sommer_familie_see_2018_c-franz_gerdl_57-web-1024x688.jpg\" alt=\"\" data-id=\"1531\" data-full-url=\"https:\/\/www.visitklagenfurt.at\/wp-content\/uploads\/2020\/09\/genussrad_sport_rad_ostbucht_promenade_worthersee_sommer_familie_see_2018_c-franz_gerdl_57-web.jpg\" data-link=\"https:\/\/www.visitklagenfurt.at\/de\/blog\/urlaub-freizeit\/mit-dem-rad-von-klagenfurt-rund-um-den-woerthersee\/attachment\/genussrad_sport_rad_ostbucht_promenade_worthersee_sommer_familie_see_2018_c-franz_gerdl_57-web\/\" class=\"wp-image-13267\" srcset=\"https:\/\/www.visitklagenfurt.at\/wp-content\/uploads\/2020\/09\/genussrad_sport_rad_ostbucht_promenade_worthersee_sommer_familie_see_2018_c-franz_gerdl_57-web-1024x688.jpg 1024w, https:\/\/www.visitklagenfurt.at\/wp-content\/uploads\/2020\/09\/genussrad_sport_rad_ostbucht_promenade_worthersee_sommer_familie_see_2018_c-franz_gerdl_57-web-300x202.jpg 300w, https:\/\/www.visitklagenfurt.at\/wp-content\/uploads\/2020\/09\/genussrad_sport_rad_ostbucht_promenade_worthersee_sommer_familie_see_2018_c-franz_gerdl_57-web-768x516.jpg 768w, https:\/\/www.visitklagenfurt.at\/wp-content\/uploads\/2020\/09\/genussrad_sport_rad_ostbucht_promenade_worthersee_sommer_familie_see_2018_c-franz_gerdl_57-web-1536x1032.jpg 1536w, https:\/\/www.visitklagenfurt.at\/wp-content\/uploads\/2020\/09\/genussrad_sport_rad_ostbucht_promenade_worthersee_sommer_familie_see_2018_c-franz_gerdl_57-web.jpg 2048w\" sizes=\"(max-width: 1024px) 100vw, 1024px\" \/><figcaption class=\"blocks-gallery-item__caption\">(c) Franz Gerdl<\/figcaption><\/figure><\/li><\/ul><\/figure>\n\n\n\n<p>O preferireste andare in una&#8217;altra direzione? Nessun problema anche per le famiglie: il sud di Klagenfurt pu\u00f2 essere facilmente esplorato lungo il Sattnitz (Glanfurt). Siti speciali per i pi\u00f9 piccoli: <strong>la pista BMX<\/strong> non lontano dal buffet del tennis Weinl\u00e4nder e l&#8217;allevamento <a href=\"https:\/\/www.derjorde.com\/\">l\u2019allevamento&nbsp;ittico Jordan<\/a> al Polsterteich a Viktring, dove ognuno pu\u00f2 pescarsi la propria cena.<\/p>\n\n\n\n<p>Nel sud-est nell&#8217;Ebenthal, il bagno <strong>Kalmusbad<\/strong> ti invita a fare una lunga pausa, con la possibilit\u00e0 anche di rinfrescarsi. Mentre i bambini si svagano nell&#8217;acqua, mamma e pap\u00e0 possono rifocillarsi all&#8217;ombra degli alberi della trattoria <strong>Gasthaus M\u00fchle<\/strong> con una sostanziosa merenda e magari una rigenerante grappa di canna odorosa per la digestione.<\/p>\n\n\n\n<h2 class=\"wp-block-heading\" id=\"h-collegamento-perfetto-con-la-rete-di-piste-ciclabili-in-carinzia\">Collegamento perfetto con la rete di piste ciclabili in Carinzia<\/h2>\n\n\n\n<p>Grazie alla sua posizione centrale, Klagenfurt fa anche da crocevia delle piste ciclabili pi\u00f9 importanti della rete ciclabile della Carinzia. La pista pluripremiata <strong>Drauradweg (R1)<\/strong> pu\u00f2 essere raggiunta rapidamente e facilmente, le <strong>W\u00f6rtherseeweg (R4)<\/strong>, <strong>Glan-Gurkweg (R5)<\/strong>, <strong>V\u00f6lkermarkterweg (R6)<\/strong> e <strong>Friesacherweg e Loiblweg (R7)<\/strong> addirittura attraversano la citt\u00e0.<\/p>\n\n\n\n<p>Dopotutto prendendo questi percorsi si possono raggiungere quasi tutte le altre piste ciclabili della regione. Questo fa di Klagenfurt il punto di partenza perfetto per una vacanza in bicicletta ricca di variet\u00e0.<\/p>\n\n\n\n<h2 class=\"wp-block-heading\" id=\"h-gite-in-bicicletta-di-lunghezza-breve-e-media-da-godersi-intorno-a-klagenfurt\">Gite in bicicletta di lunghezza breve e media da godersi intorno a Klagenfurt<\/h2>\n\n\n\n<ul class=\"wp-block-list\">\n<li><strong>Sul canale Lend<\/strong> dalla citt\u00e0 al lago: il classico tour per principianti. Basta prendere una Nextbike al Neuer Platz e pedalare attraverso il Lendhafen lungo il corso d&#8217;acqua di Klagenfurt fino al Sonnenbucht (circa 5 km).<\/li>\n\n\n\n<li><strong>Alle sorgenti &#8211; il sud di Klagenfurt:<\/strong> un&#8217;esperienza nella natura lungo il Glan fino alle cascate di Ebenthal e poi di ritorno al centro storico passando per il Glanfurt \/ Sattnitz (14,9 km).<\/li>\n<\/ul>\n\n\n<div style=\"min-width: 260px; max-width: 100%\"><script type=\"text\/javascript\" src=\"https:\/\/www.outdooractive.com\/it\/embed\/14533615\/js?mw=false\"><\/script><\/div>\n\n\n<ul class=\"wp-block-list\">\n<li><strong>Giro in bicicletta per famiglie intorno al monte Maria Saaler Berg: <\/strong>sulle tracce della storia nel nord della citt\u00e0. I punti salienti sono il Trono Ducale, Karnburg e, naturalmente, l&#8217;imponente cattedrale di Maria Saal come punto di partenza e di arrivo (18,5 km).<\/li>\n<\/ul>\n\n\n<div style=\"min-width: 260px; max-width: 100%\"><script type=\"text\/javascript\" src=\"https:\/\/www.outdooractive.com\/it\/embed\/14578892\/js?mw=false\"><\/script><\/div>\n\n\n<ul class=\"wp-block-list\">\n<li><strong>Intorno alla montagna &#8211; Kreuzbergl e Falkenberg:<\/strong> In bicicletta nell&#8217;area ricreativa locale di Klagenfurt. Un puro idillio! (20,9 km)<\/li>\n<\/ul>\n\n\n<div style=\"min-width: 260px; max-width: 100%\"><script type=\"text\/javascript\" src=\"https:\/\/www.outdooractive.com\/it\/embed\/14538293\/js?mw=false\"><\/script><\/div>\n\n\n<ul class=\"wp-block-list\">\n<li><strong>Citt\u00e0, montagna, W\u00f6rthersee &#8211; i luoghi pi\u00f9 belli nel sud-ovest di Klagenfurt: <\/strong>mete escursionistiche emozionanti, luoghi unici e natura idilliaca. Questo tour in bicicletta mostra la ricca variet\u00e0 della citt\u00e0 del drago Lindwurm. (22,2 km).<br><br>\u00a0<\/li>\n<\/ul>\n\n\n<div style=\"min-width: 260px; max-width: 100%\"><script type=\"text\/javascript\" src=\"https:\/\/www.outdooractive.com\/it\/embed\/14669407\/js?mw=false\"><\/script><\/div>\n\n\n<ul class=\"wp-block-list\">\n<li><strong>Attraverso il tempo<\/strong> &#8211; luoghi della storia nel nord di Klagenfurt: dal centro della citt\u00e0 allo storico Zollfeld fino alla cattedrale Maria Saal e ritorno (25 km).<\/li>\n<\/ul>\n\n\n<div style=\"min-width: 260px; max-width: 100%\"><script type=\"text\/javascript\" src=\"https:\/\/www.outdooractive.com\/it\/embed\/14538933\/js?mw=false\"><\/script><\/div>\n\n\n<h2 class=\"wp-block-heading\" id=\"h-gite-in-bicicletta-piu-lunghe-da-godersi-intorno-a-klagenfurt\">Gite in bicicletta pi\u00f9 lunghe da godersi intorno a Klagenfurt<\/h2>\n\n\n\n<ul class=\"wp-block-list\">\n<li><strong>Transromanica Tour 4: Klagenfurt &#8211; Keutschacher Seental &#8211; Maria W\u00f6rth:<\/strong> Sulle tracce del periodo romanico, si attraversa l&#8217;Abbazia di Viktring nel Seental e poi lungo la riva sud del W\u00f6rthersee fino a Maria W\u00f6rth. (45 km)<\/li>\n<\/ul>\n\n\n<div style=\"min-width: 260px; max-width: 100%\"><script type=\"text\/javascript\" src=\"https:\/\/www.outdooractive.com\/it\/embed\/1503047\/js?mw=false\"><\/script><\/div>\n\n\n<ul class=\"wp-block-list\">\n<li><strong>Transromanica Tour 5: Maria W\u00f6rth &#8211; Klagenfurt &#8211; Friesach:<\/strong> La continuazione del Transromanica Tour esplora il cuore culturale della Carinzia, attraverso lo storico Zollfeld fino alla citt\u00e0 con il castello di Friesach (63 km).<\/li>\n<\/ul>\n\n\n<div style=\"min-width: 260px; max-width: 100%\"><script type=\"text\/javascript\" src=\"https:\/\/www.outdooractive.com\/it\/embed\/1493065\/js?mw=false\"><\/script><\/div>\n\n\n<ul class=\"wp-block-list\">\n<li><strong>W\u00f6rthersee Runde (il giro del W\u00f6rtersee):<\/strong> il classico giro intorno al lago pi\u00f9 grande della Carinzia.\u00a0 Ottime piste ciclabili, i migliori ristoranti e dappertutto possibilit\u00e0 per fare il bagno. Un must assoluto! (39 km)<\/li>\n<\/ul>\n\n\n<div style=\"min-width: 260px; max-width: 100%\"><script type=\"text\/javascript\" src=\"https:\/\/www.outdooractive.com\/it\/embed\/21657998\/js?mw=false\"><\/script><\/div>\n\n\n<p><strong>Consiglio: intorno al lago W\u00f6rthersee in bici e in barca<\/strong>\nSe l&#8217;intero giro del W\u00f6rthersee vi sembra troppo lungo, potete sempre prendere una &#8220;scorciatoia&#8221;&nbsp; sull&#8217;acqua. In quasi tutti i comuni c&#8217;\u00e8 un attracco per la barca <a href=\"https:\/\/www.woertherseeschifffahrt.at\/it\/\">W\u00f6rthersee Schifffahrt<\/a> che vi riporter\u00e0 a Klagenfurt o semplicemente fino all&#8217;altra riva. I ciclisti particolarmente accorti usufruiscono anche dell&#8217;offerta della colazione a bordo, cos\u00ec sulla via dell&#8217;acqua verso Velden riacquistano le forze per il viaggio di ritorno a Klagenfurt.\n\n&nbsp;<\/p>\n\n\n\n<figure class=\"wp-block-image size-large is-resized\"><img loading=\"lazy\" decoding=\"async\" width=\"1024\" height=\"684\" src=\"https:\/\/www.visitklagenfurt.at\/wp-content\/uploads\/2020\/07\/genussrad_sport_rad_sommer_promenade_ostbucht_2018_c-franz_gerdl_113-web-1024x684.jpg\" alt=\"\" class=\"wp-image-8416\" style=\"width:580px;height:387px\" srcset=\"https:\/\/www.visitklagenfurt.at\/wp-content\/uploads\/2020\/07\/genussrad_sport_rad_sommer_promenade_ostbucht_2018_c-franz_gerdl_113-web-1024x684.jpg 1024w, https:\/\/www.visitklagenfurt.at\/wp-content\/uploads\/2020\/07\/genussrad_sport_rad_sommer_promenade_ostbucht_2018_c-franz_gerdl_113-web-300x200.jpg 300w, https:\/\/www.visitklagenfurt.at\/wp-content\/uploads\/2020\/07\/genussrad_sport_rad_sommer_promenade_ostbucht_2018_c-franz_gerdl_113-web-768x513.jpg 768w, https:\/\/www.visitklagenfurt.at\/wp-content\/uploads\/2020\/07\/genussrad_sport_rad_sommer_promenade_ostbucht_2018_c-franz_gerdl_113-web-1536x1025.jpg 1536w, https:\/\/www.visitklagenfurt.at\/wp-content\/uploads\/2020\/07\/genussrad_sport_rad_sommer_promenade_ostbucht_2018_c-franz_gerdl_113-web.jpg 2048w\" sizes=\"(max-width: 1024px) 100vw, 1024px\" \/><figcaption class=\"wp-element-caption\">(c) Franz Gerdl<\/figcaption><\/figure>\n\n\n\n<h2 class=\"wp-block-heading\" id=\"h-noleggio-bici-a-klagenfurt\">Noleggio bici a Klagenfurt<\/h2>\n\n\n\n<ul class=\"wp-block-list\">\n<li><strong>Nextbike<\/strong> \u00e8 facile da usare, economica e flessibile: le biciclette possono essere noleggiate tramite l&#8217;app (Nextbike), il BikeComputer, il Stationsterminal o una telefonata. Basta registrarsi, noleggiare e iniziare a pedalare. \u00c8 possibile restituire la bicicletta in una qualsiasi delle 42 stazioni per biciclette a Klagenfurt e nei comuni circostanti.<br><br><a href=\"http:\/\/www.nextbike.at\/klagenfurt\">www.nextbike.at<\/a><\/li>\n\n\n\n<li>Per le gite pi\u00f9 lunghe, la scelta perfetta sono le biciclette della <strong>SBK Sozialen Betriebe K\u00e4rnten GmbH:<\/strong> bici con cambio, bici da trekking e da cross, mountain bike, bici da donna e da bambino e, naturalmente, e-bike. Troverete sicuramente quella che fa per voi. Il punto di noleggio centrale si trova di fronte all&#8217;Azienda turistica di Klagenfurt sul W\u00f6rthersee, Neuer Platz 5 (aprile &#8211; ottobre!)<br><br><a href=\"http:\/\/www.sbk.or.at\">www.sbk.or.at<\/a><\/li>\n\n\n\n<li>Le SBK noleggiano anche <strong>e-bike<\/strong>. Ma gli e-bike possono anche essere prenotati online alla Papin Sport.<br><br><a href=\"http:\/\/kaernten.papinsport.at\">kaernten.papinsport.at<\/a><\/li>\n<\/ul>\n\n\n\n<figure class=\"wp-block-image size-large is-resized\"><img loading=\"lazy\" decoding=\"async\" width=\"1024\" height=\"684\" src=\"https:\/\/www.visitklagenfurt.at\/wp-content\/uploads\/2020\/08\/genussrad_sport_rad_sommer_2018_c-franz_gerdl_197-web-1024x684.jpg\" alt=\"\" class=\"wp-image-1088\" style=\"width:1024px;height:684px\" srcset=\"https:\/\/www.visitklagenfurt.at\/wp-content\/uploads\/2020\/08\/genussrad_sport_rad_sommer_2018_c-franz_gerdl_197-web-1024x684.jpg 1024w, https:\/\/www.visitklagenfurt.at\/wp-content\/uploads\/2020\/08\/genussrad_sport_rad_sommer_2018_c-franz_gerdl_197-web-300x200.jpg 300w, https:\/\/www.visitklagenfurt.at\/wp-content\/uploads\/2020\/08\/genussrad_sport_rad_sommer_2018_c-franz_gerdl_197-web-768x513.jpg 768w, https:\/\/www.visitklagenfurt.at\/wp-content\/uploads\/2020\/08\/genussrad_sport_rad_sommer_2018_c-franz_gerdl_197-web-1536x1025.jpg 1536w, https:\/\/www.visitklagenfurt.at\/wp-content\/uploads\/2020\/08\/genussrad_sport_rad_sommer_2018_c-franz_gerdl_197-web.jpg 2048w\" sizes=\"(max-width: 1024px) 100vw, 1024px\" \/><figcaption class=\"wp-element-caption\">(c) Franz Gerdl<\/figcaption><\/figure>\n\n\n\n<h2 class=\"wp-block-heading\" id=\"h-klagenfurt-la-base-ideale-per-il-turismo-ciclistico\">Klagenfurt: la base ideale per il turismo ciclistico<\/h2>\n\n\n\n<p>Se state pianificando una vacanza in bicicletta nel sud dell&#8217;Austria, allora a Klagenfurt sul W\u00f6rthersee sarete nel posto giusto. Tra un picevole giro in bici e l&#8217;altro potrete trascorrere il vostro tempo nel centro storico mediterraneo pulsante di vita, con il suo fascino alpino-adriatico e tutte le sue opportunit\u00e0 di shopping e divertimento.\n\nDurante le vostre brevi, medie o lunghe gite in bicicletta scoprirete la ricca storia della Carinzia, il suo affascinante paesaggio e i suoi ospitali abitanti. Per farla breve: Klagenfurt \u00e8 la base ideale per gli amanti della bicicletta e per coloro che vogliono diventarlo qui.<\/p>\n","protected":false},"excerpt":{"rendered":"<p>Klagenfurt am W\u00f6rthersee \u00e8 il punto di partenza ideale per piacevoli escursioni in bicicletta nel centro della Carinzia. La capitale mediterranea nel sud dell&#8217;Austria offre agli amanti dello sport tour in bicicletta brevi, medi e lunghi pieni di storia, cultura e delizie culinarie.<\/p>\n","protected":false},"author":11,"featured_media":8396,"comment_status":"open","ping_status":"open","sticky":false,"template":"","format":"standard","meta":{"footnotes":""},"categories":[255],"tags":[345],"class_list":["post-8394","post","type-post","status-publish","format-standard","has-post-thumbnail","hentry","category-attrazioni-escursioni","tag-ciclismo"],"yoast_head":"<!-- This site is optimized with the Yoast SEO plugin v27.3 - https:\/\/yoast.com\/product\/yoast-seo-wordpress\/ -->\n<title>Tour in Bici a Klagenfurt | Giro in Bicicletta con la Famiglia<\/title>\n<meta name=\"description\" content=\"Qui si trova tutto ci\u00f2 che si deve sapere sul turismo in bici intorno a Klagenfurt. Informazioni preziose, tour fantastici e consigli utili.\" \/>\n<meta name=\"robots\" content=\"index, follow, max-snippet:-1, max-image-preview:large, max-video-preview:-1\" \/>\n<link rel=\"canonical\" href=\"https:\/\/www.visitklagenfurt.at\/it\/blog-it\/attrazioni-escursioni\/pedalare-con-piacere\/\" \/>\n<meta property=\"og:locale\" content=\"it_IT\" \/>\n<meta property=\"og:type\" content=\"article\" \/>\n<meta property=\"og:title\" content=\"Tour in Bici a Klagenfurt | Giro in Bicicletta con la Famiglia\" \/>\n<meta property=\"og:description\" content=\"Qui si trova tutto ci\u00f2 che si deve sapere sul turismo in bici intorno a Klagenfurt. Informazioni preziose, tour fantastici e consigli utili.\" \/>\n<meta property=\"og:url\" content=\"https:\/\/www.visitklagenfurt.at\/it\/blog-it\/attrazioni-escursioni\/pedalare-con-piacere\/\" \/>\n<meta property=\"og:site_name\" content=\"visitklagenfurt\" \/>\n<meta property=\"article:published_time\" content=\"2024-05-10T13:15:00+00:00\" \/>\n<meta property=\"article:modified_time\" content=\"2024-05-14T09:18:20+00:00\" \/>\n<meta property=\"og:image\" content=\"https:\/\/www.visitklagenfurt.at\/wp-content\/uploads\/2020\/08\/KTR-Biken-SUP-und-Picknick-2020-07-14_0176-1.jpg\" \/>\n\t<meta property=\"og:image:width\" content=\"1080\" \/>\n\t<meta property=\"og:image:height\" content=\"720\" \/>\n\t<meta property=\"og:image:type\" content=\"image\/jpeg\" \/>\n<meta name=\"author\" content=\"Johannes Wouk\" \/>\n<meta name=\"twitter:card\" content=\"summary_large_image\" \/>\n<meta name=\"twitter:label1\" content=\"Scritto da\" \/>\n\t<meta name=\"twitter:data1\" content=\"Johannes Wouk\" \/>\n\t<meta name=\"twitter:label2\" content=\"Tempo di lettura stimato\" \/>\n\t<meta name=\"twitter:data2\" content=\"13 minuti\" \/>\n<script type=\"application\/ld+json\" class=\"yoast-schema-graph\">{\"@context\":\"https:\\\/\\\/schema.org\",\"@graph\":[{\"@type\":\"Article\",\"@id\":\"https:\\\/\\\/www.visitklagenfurt.at\\\/it\\\/blog-it\\\/attrazioni-escursioni\\\/pedalare-con-piacere\\\/#article\",\"isPartOf\":{\"@id\":\"https:\\\/\\\/www.visitklagenfurt.at\\\/it\\\/blog-it\\\/attrazioni-escursioni\\\/pedalare-con-piacere\\\/\"},\"author\":{\"name\":\"Johannes Wouk\",\"@id\":\"https:\\\/\\\/www.visitklagenfurt.at\\\/it\\\/#\\\/schema\\\/person\\\/dbaa4d25825273404a27e7f2883bbbf7\"},\"headline\":\"I migliori consigli per godersi la bicicletta a Klagenfurt\",\"datePublished\":\"2024-05-10T13:15:00+00:00\",\"dateModified\":\"2024-05-14T09:18:20+00:00\",\"mainEntityOfPage\":{\"@id\":\"https:\\\/\\\/www.visitklagenfurt.at\\\/it\\\/blog-it\\\/attrazioni-escursioni\\\/pedalare-con-piacere\\\/\"},\"wordCount\":1949,\"commentCount\":0,\"publisher\":{\"@id\":\"https:\\\/\\\/www.visitklagenfurt.at\\\/it\\\/#organization\"},\"image\":{\"@id\":\"https:\\\/\\\/www.visitklagenfurt.at\\\/it\\\/blog-it\\\/attrazioni-escursioni\\\/pedalare-con-piacere\\\/#primaryimage\"},\"thumbnailUrl\":\"https:\\\/\\\/www.visitklagenfurt.at\\\/wp-content\\\/uploads\\\/2020\\\/08\\\/KTR-Biken-SUP-und-Picknick-2020-07-14_0176-1.jpg\",\"keywords\":[\"Ciclismo\"],\"articleSection\":[\"Sehenswertes &amp; Ausfl\u00fcge\"],\"inLanguage\":\"it-IT\",\"potentialAction\":[{\"@type\":\"CommentAction\",\"name\":\"Comment\",\"target\":[\"https:\\\/\\\/www.visitklagenfurt.at\\\/it\\\/blog-it\\\/attrazioni-escursioni\\\/pedalare-con-piacere\\\/#respond\"]}]},{\"@type\":\"WebPage\",\"@id\":\"https:\\\/\\\/www.visitklagenfurt.at\\\/it\\\/blog-it\\\/attrazioni-escursioni\\\/pedalare-con-piacere\\\/\",\"url\":\"https:\\\/\\\/www.visitklagenfurt.at\\\/it\\\/blog-it\\\/attrazioni-escursioni\\\/pedalare-con-piacere\\\/\",\"name\":\"Tour in Bici a Klagenfurt | Giro in Bicicletta con la Famiglia\",\"isPartOf\":{\"@id\":\"https:\\\/\\\/www.visitklagenfurt.at\\\/it\\\/#website\"},\"primaryImageOfPage\":{\"@id\":\"https:\\\/\\\/www.visitklagenfurt.at\\\/it\\\/blog-it\\\/attrazioni-escursioni\\\/pedalare-con-piacere\\\/#primaryimage\"},\"image\":{\"@id\":\"https:\\\/\\\/www.visitklagenfurt.at\\\/it\\\/blog-it\\\/attrazioni-escursioni\\\/pedalare-con-piacere\\\/#primaryimage\"},\"thumbnailUrl\":\"https:\\\/\\\/www.visitklagenfurt.at\\\/wp-content\\\/uploads\\\/2020\\\/08\\\/KTR-Biken-SUP-und-Picknick-2020-07-14_0176-1.jpg\",\"datePublished\":\"2024-05-10T13:15:00+00:00\",\"dateModified\":\"2024-05-14T09:18:20+00:00\",\"description\":\"Qui si trova tutto ci\u00f2 che si deve sapere sul turismo in bici intorno a Klagenfurt. Informazioni preziose, tour fantastici e consigli utili.\",\"breadcrumb\":{\"@id\":\"https:\\\/\\\/www.visitklagenfurt.at\\\/it\\\/blog-it\\\/attrazioni-escursioni\\\/pedalare-con-piacere\\\/#breadcrumb\"},\"inLanguage\":\"it-IT\",\"potentialAction\":[{\"@type\":\"ReadAction\",\"target\":[\"https:\\\/\\\/www.visitklagenfurt.at\\\/it\\\/blog-it\\\/attrazioni-escursioni\\\/pedalare-con-piacere\\\/\"]}]},{\"@type\":\"ImageObject\",\"inLanguage\":\"it-IT\",\"@id\":\"https:\\\/\\\/www.visitklagenfurt.at\\\/it\\\/blog-it\\\/attrazioni-escursioni\\\/pedalare-con-piacere\\\/#primaryimage\",\"url\":\"https:\\\/\\\/www.visitklagenfurt.at\\\/wp-content\\\/uploads\\\/2020\\\/08\\\/KTR-Biken-SUP-und-Picknick-2020-07-14_0176-1.jpg\",\"contentUrl\":\"https:\\\/\\\/www.visitklagenfurt.at\\\/wp-content\\\/uploads\\\/2020\\\/08\\\/KTR-Biken-SUP-und-Picknick-2020-07-14_0176-1.jpg\",\"width\":1080,\"height\":720,\"caption\":\"(c) Tine Steinthaler\"},{\"@type\":\"BreadcrumbList\",\"@id\":\"https:\\\/\\\/www.visitklagenfurt.at\\\/it\\\/blog-it\\\/attrazioni-escursioni\\\/pedalare-con-piacere\\\/#breadcrumb\",\"itemListElement\":[{\"@type\":\"ListItem\",\"position\":1,\"name\":\"visitklagenfurt\",\"item\":\"https:\\\/\\\/www.visitklagenfurt.at\\\/it\\\/\"},{\"@type\":\"ListItem\",\"position\":2,\"name\":\"Blog-it\",\"item\":\"https:\\\/\\\/www.visitklagenfurt.at\\\/it\\\/category\\\/blog-it\\\/\"},{\"@type\":\"ListItem\",\"position\":3,\"name\":\"Sehenswertes &amp; Ausfl\u00fcge\",\"item\":\"https:\\\/\\\/www.visitklagenfurt.at\\\/it\\\/category\\\/blog-it\\\/attrazioni-escursioni\\\/\"},{\"@type\":\"ListItem\",\"position\":4,\"name\":\"I migliori consigli per godersi la bicicletta a Klagenfurt\"}]},{\"@type\":\"WebSite\",\"@id\":\"https:\\\/\\\/www.visitklagenfurt.at\\\/it\\\/#website\",\"url\":\"https:\\\/\\\/www.visitklagenfurt.at\\\/it\\\/\",\"name\":\"visitklagenfurt\",\"description\":\"\",\"publisher\":{\"@id\":\"https:\\\/\\\/www.visitklagenfurt.at\\\/it\\\/#organization\"},\"potentialAction\":[{\"@type\":\"SearchAction\",\"target\":{\"@type\":\"EntryPoint\",\"urlTemplate\":\"https:\\\/\\\/www.visitklagenfurt.at\\\/it\\\/?s={search_term_string}\"},\"query-input\":{\"@type\":\"PropertyValueSpecification\",\"valueRequired\":true,\"valueName\":\"search_term_string\"}}],\"inLanguage\":\"it-IT\"},{\"@type\":\"Organization\",\"@id\":\"https:\\\/\\\/www.visitklagenfurt.at\\\/it\\\/#organization\",\"name\":\"Tourismus Region Klagenfurt am W\u00f6rthersee GmbH\",\"url\":\"https:\\\/\\\/www.visitklagenfurt.at\\\/it\\\/\",\"logo\":{\"@type\":\"ImageObject\",\"inLanguage\":\"it-IT\",\"@id\":\"https:\\\/\\\/www.visitklagenfurt.at\\\/it\\\/#\\\/schema\\\/logo\\\/image\\\/\",\"url\":\"https:\\\/\\\/www.visitklagenfurt.at\\\/wp-content\\\/uploads\\\/2022\\\/03\\\/DT_K_Klagenfurt_S_RGB.png\",\"contentUrl\":\"https:\\\/\\\/www.visitklagenfurt.at\\\/wp-content\\\/uploads\\\/2022\\\/03\\\/DT_K_Klagenfurt_S_RGB.png\",\"width\":2082,\"height\":1511,\"caption\":\"Tourismus Region Klagenfurt am W\u00f6rthersee GmbH\"},\"image\":{\"@id\":\"https:\\\/\\\/www.visitklagenfurt.at\\\/it\\\/#\\\/schema\\\/logo\\\/image\\\/\"}},{\"@type\":\"Person\",\"@id\":\"https:\\\/\\\/www.visitklagenfurt.at\\\/it\\\/#\\\/schema\\\/person\\\/dbaa4d25825273404a27e7f2883bbbf7\",\"name\":\"Johannes Wouk\",\"image\":{\"@type\":\"ImageObject\",\"inLanguage\":\"it-IT\",\"@id\":\"https:\\\/\\\/www.visitklagenfurt.at\\\/wp-content\\\/uploads\\\/2020\\\/08\\\/johannes_wouk_redakteur-scaled.jpg\",\"url\":\"https:\\\/\\\/www.visitklagenfurt.at\\\/wp-content\\\/uploads\\\/2020\\\/08\\\/johannes_wouk_redakteur-scaled.jpg\",\"contentUrl\":\"https:\\\/\\\/www.visitklagenfurt.at\\\/wp-content\\\/uploads\\\/2020\\\/08\\\/johannes_wouk_redakteur-scaled.jpg\",\"caption\":\"Johannes Wouk\"},\"description\":\"Johannes Wouk ist seit 2013 selbststa\u0308ndiger PR-Berater. Kreativdirektor &amp; Werbetexter mit Schwerpunkt Strategie, Content- und Social-Media-Management. Unter anderem war er Miterfinder und Chefredakteur des Onlinemagazins IMS\u00dcDEN.AT und Mitinitiator des Open-Air-Coworking-Spaces BUSINESSBEACH.EU und des Kulturfestivals lendspiel.org.\",\"sameAs\":[\"www.wouk.at\"],\"url\":\"https:\\\/\\\/www.visitklagenfurt.at\\\/it\\\/author\\\/johannes_wouk\\\/\"}]}<\/script>\n<!-- \/ Yoast SEO plugin. -->","yoast_head_json":{"title":"Tour in Bici a Klagenfurt | Giro in Bicicletta con la Famiglia","description":"Qui si trova tutto ci\u00f2 che si deve sapere sul turismo in bici intorno a Klagenfurt. Informazioni preziose, tour fantastici e consigli utili.","robots":{"index":"index","follow":"follow","max-snippet":"max-snippet:-1","max-image-preview":"max-image-preview:large","max-video-preview":"max-video-preview:-1"},"canonical":"https:\/\/www.visitklagenfurt.at\/it\/blog-it\/attrazioni-escursioni\/pedalare-con-piacere\/","og_locale":"it_IT","og_type":"article","og_title":"Tour in Bici a Klagenfurt | Giro in Bicicletta con la Famiglia","og_description":"Qui si trova tutto ci\u00f2 che si deve sapere sul turismo in bici intorno a Klagenfurt. Informazioni preziose, tour fantastici e consigli utili.","og_url":"https:\/\/www.visitklagenfurt.at\/it\/blog-it\/attrazioni-escursioni\/pedalare-con-piacere\/","og_site_name":"visitklagenfurt","article_published_time":"2024-05-10T13:15:00+00:00","article_modified_time":"2024-05-14T09:18:20+00:00","og_image":[{"width":1080,"height":720,"url":"https:\/\/www.visitklagenfurt.at\/wp-content\/uploads\/2020\/08\/KTR-Biken-SUP-und-Picknick-2020-07-14_0176-1.jpg","type":"image\/jpeg"}],"author":"Johannes Wouk","twitter_card":"summary_large_image","twitter_misc":{"Scritto da":"Johannes Wouk","Tempo di lettura stimato":"13 minuti"},"schema":{"@context":"https:\/\/schema.org","@graph":[{"@type":"Article","@id":"https:\/\/www.visitklagenfurt.at\/it\/blog-it\/attrazioni-escursioni\/pedalare-con-piacere\/#article","isPartOf":{"@id":"https:\/\/www.visitklagenfurt.at\/it\/blog-it\/attrazioni-escursioni\/pedalare-con-piacere\/"},"author":{"name":"Johannes Wouk","@id":"https:\/\/www.visitklagenfurt.at\/it\/#\/schema\/person\/dbaa4d25825273404a27e7f2883bbbf7"},"headline":"I migliori consigli per godersi la bicicletta a Klagenfurt","datePublished":"2024-05-10T13:15:00+00:00","dateModified":"2024-05-14T09:18:20+00:00","mainEntityOfPage":{"@id":"https:\/\/www.visitklagenfurt.at\/it\/blog-it\/attrazioni-escursioni\/pedalare-con-piacere\/"},"wordCount":1949,"commentCount":0,"publisher":{"@id":"https:\/\/www.visitklagenfurt.at\/it\/#organization"},"image":{"@id":"https:\/\/www.visitklagenfurt.at\/it\/blog-it\/attrazioni-escursioni\/pedalare-con-piacere\/#primaryimage"},"thumbnailUrl":"https:\/\/www.visitklagenfurt.at\/wp-content\/uploads\/2020\/08\/KTR-Biken-SUP-und-Picknick-2020-07-14_0176-1.jpg","keywords":["Ciclismo"],"articleSection":["Sehenswertes &amp; Ausfl\u00fcge"],"inLanguage":"it-IT","potentialAction":[{"@type":"CommentAction","name":"Comment","target":["https:\/\/www.visitklagenfurt.at\/it\/blog-it\/attrazioni-escursioni\/pedalare-con-piacere\/#respond"]}]},{"@type":"WebPage","@id":"https:\/\/www.visitklagenfurt.at\/it\/blog-it\/attrazioni-escursioni\/pedalare-con-piacere\/","url":"https:\/\/www.visitklagenfurt.at\/it\/blog-it\/attrazioni-escursioni\/pedalare-con-piacere\/","name":"Tour in Bici a Klagenfurt | Giro in Bicicletta con la Famiglia","isPartOf":{"@id":"https:\/\/www.visitklagenfurt.at\/it\/#website"},"primaryImageOfPage":{"@id":"https:\/\/www.visitklagenfurt.at\/it\/blog-it\/attrazioni-escursioni\/pedalare-con-piacere\/#primaryimage"},"image":{"@id":"https:\/\/www.visitklagenfurt.at\/it\/blog-it\/attrazioni-escursioni\/pedalare-con-piacere\/#primaryimage"},"thumbnailUrl":"https:\/\/www.visitklagenfurt.at\/wp-content\/uploads\/2020\/08\/KTR-Biken-SUP-und-Picknick-2020-07-14_0176-1.jpg","datePublished":"2024-05-10T13:15:00+00:00","dateModified":"2024-05-14T09:18:20+00:00","description":"Qui si trova tutto ci\u00f2 che si deve sapere sul turismo in bici intorno a Klagenfurt. Informazioni preziose, tour fantastici e consigli utili.","breadcrumb":{"@id":"https:\/\/www.visitklagenfurt.at\/it\/blog-it\/attrazioni-escursioni\/pedalare-con-piacere\/#breadcrumb"},"inLanguage":"it-IT","potentialAction":[{"@type":"ReadAction","target":["https:\/\/www.visitklagenfurt.at\/it\/blog-it\/attrazioni-escursioni\/pedalare-con-piacere\/"]}]},{"@type":"ImageObject","inLanguage":"it-IT","@id":"https:\/\/www.visitklagenfurt.at\/it\/blog-it\/attrazioni-escursioni\/pedalare-con-piacere\/#primaryimage","url":"https:\/\/www.visitklagenfurt.at\/wp-content\/uploads\/2020\/08\/KTR-Biken-SUP-und-Picknick-2020-07-14_0176-1.jpg","contentUrl":"https:\/\/www.visitklagenfurt.at\/wp-content\/uploads\/2020\/08\/KTR-Biken-SUP-und-Picknick-2020-07-14_0176-1.jpg","width":1080,"height":720,"caption":"(c) Tine Steinthaler"},{"@type":"BreadcrumbList","@id":"https:\/\/www.visitklagenfurt.at\/it\/blog-it\/attrazioni-escursioni\/pedalare-con-piacere\/#breadcrumb","itemListElement":[{"@type":"ListItem","position":1,"name":"visitklagenfurt","item":"https:\/\/www.visitklagenfurt.at\/it\/"},{"@type":"ListItem","position":2,"name":"Blog-it","item":"https:\/\/www.visitklagenfurt.at\/it\/category\/blog-it\/"},{"@type":"ListItem","position":3,"name":"Sehenswertes &amp; Ausfl\u00fcge","item":"https:\/\/www.visitklagenfurt.at\/it\/category\/blog-it\/attrazioni-escursioni\/"},{"@type":"ListItem","position":4,"name":"I migliori consigli per godersi la bicicletta a Klagenfurt"}]},{"@type":"WebSite","@id":"https:\/\/www.visitklagenfurt.at\/it\/#website","url":"https:\/\/www.visitklagenfurt.at\/it\/","name":"visitklagenfurt","description":"","publisher":{"@id":"https:\/\/www.visitklagenfurt.at\/it\/#organization"},"potentialAction":[{"@type":"SearchAction","target":{"@type":"EntryPoint","urlTemplate":"https:\/\/www.visitklagenfurt.at\/it\/?s={search_term_string}"},"query-input":{"@type":"PropertyValueSpecification","valueRequired":true,"valueName":"search_term_string"}}],"inLanguage":"it-IT"},{"@type":"Organization","@id":"https:\/\/www.visitklagenfurt.at\/it\/#organization","name":"Tourismus Region Klagenfurt am W\u00f6rthersee GmbH","url":"https:\/\/www.visitklagenfurt.at\/it\/","logo":{"@type":"ImageObject","inLanguage":"it-IT","@id":"https:\/\/www.visitklagenfurt.at\/it\/#\/schema\/logo\/image\/","url":"https:\/\/www.visitklagenfurt.at\/wp-content\/uploads\/2022\/03\/DT_K_Klagenfurt_S_RGB.png","contentUrl":"https:\/\/www.visitklagenfurt.at\/wp-content\/uploads\/2022\/03\/DT_K_Klagenfurt_S_RGB.png","width":2082,"height":1511,"caption":"Tourismus Region Klagenfurt am W\u00f6rthersee GmbH"},"image":{"@id":"https:\/\/www.visitklagenfurt.at\/it\/#\/schema\/logo\/image\/"}},{"@type":"Person","@id":"https:\/\/www.visitklagenfurt.at\/it\/#\/schema\/person\/dbaa4d25825273404a27e7f2883bbbf7","name":"Johannes Wouk","image":{"@type":"ImageObject","inLanguage":"it-IT","@id":"https:\/\/www.visitklagenfurt.at\/wp-content\/uploads\/2020\/08\/johannes_wouk_redakteur-scaled.jpg","url":"https:\/\/www.visitklagenfurt.at\/wp-content\/uploads\/2020\/08\/johannes_wouk_redakteur-scaled.jpg","contentUrl":"https:\/\/www.visitklagenfurt.at\/wp-content\/uploads\/2020\/08\/johannes_wouk_redakteur-scaled.jpg","caption":"Johannes Wouk"},"description":"Johannes Wouk ist seit 2013 selbststa\u0308ndiger PR-Berater. Kreativdirektor &amp; Werbetexter mit Schwerpunkt Strategie, Content- und Social-Media-Management. Unter anderem war er Miterfinder und Chefredakteur des Onlinemagazins IMS\u00dcDEN.AT und Mitinitiator des Open-Air-Coworking-Spaces BUSINESSBEACH.EU und des Kulturfestivals lendspiel.org.","sameAs":["www.wouk.at"],"url":"https:\/\/www.visitklagenfurt.at\/it\/author\/johannes_wouk\/"}]}},"_links":{"self":[{"href":"https:\/\/www.visitklagenfurt.at\/it\/wp-json\/wp\/v2\/posts\/8394","targetHints":{"allow":["GET"]}}],"collection":[{"href":"https:\/\/www.visitklagenfurt.at\/it\/wp-json\/wp\/v2\/posts"}],"about":[{"href":"https:\/\/www.visitklagenfurt.at\/it\/wp-json\/wp\/v2\/types\/post"}],"author":[{"embeddable":true,"href":"https:\/\/www.visitklagenfurt.at\/it\/wp-json\/wp\/v2\/users\/11"}],"replies":[{"embeddable":true,"href":"https:\/\/www.visitklagenfurt.at\/it\/wp-json\/wp\/v2\/comments?post=8394"}],"version-history":[{"count":17,"href":"https:\/\/www.visitklagenfurt.at\/it\/wp-json\/wp\/v2\/posts\/8394\/revisions"}],"predecessor-version":[{"id":64124,"href":"https:\/\/www.visitklagenfurt.at\/it\/wp-json\/wp\/v2\/posts\/8394\/revisions\/64124"}],"wp:featuredmedia":[{"embeddable":true,"href":"https:\/\/www.visitklagenfurt.at\/it\/wp-json\/wp\/v2\/media\/8396"}],"wp:attachment":[{"href":"https:\/\/www.visitklagenfurt.at\/it\/wp-json\/wp\/v2\/media?parent=8394"}],"wp:term":[{"taxonomy":"category","embeddable":true,"href":"https:\/\/www.visitklagenfurt.at\/it\/wp-json\/wp\/v2\/categories?post=8394"},{"taxonomy":"post_tag","embeddable":true,"href":"https:\/\/www.visitklagenfurt.at\/it\/wp-json\/wp\/v2\/tags?post=8394"}],"curies":[{"name":"wp","href":"https:\/\/api.w.org\/{rel}","templated":true}]}}