{"id":76441,"date":"2025-08-25T13:32:43","date_gmt":"2025-08-25T11:32:43","guid":{"rendered":"https:\/\/www.visitklagenfurt.at\/blog-sl\/werner-schleich-wolf\/"},"modified":"2026-08-12T10:33:30","modified_gmt":"2026-08-12T08:33:30","slug":"werner-schleich-wolf","status":"publish","type":"post","link":"https:\/\/www.visitklagenfurt.at\/sl\/dnevi-alpsko-jadranske-kuhinje\/kulinaricni-kuharji\/werner-schleich-wolf\/","title":{"rendered":"Werner Schleich-Wolf"},"content":{"rendered":"\n<p class=\"wp-block-paragraph\">Werner Schleich-Wolf je \u017ee ve\u010d let vodja kuhinje v restavraciji \u00bbFeine K\u00fcche Kulterer\u00ab.<\/p>\n\n<p class=\"wp-block-paragraph\">V svoji vlogi vodi raznoliko ekipo, ki \u0161teje pribli\u017eno 45 zaposlenih, pri \u010demer posve\u010da posebno pozornost regionalnim sestavinam in trajnostnim standardom.<\/p>\n\n<p class=\"wp-block-paragraph\">Pod njegovim vodstvom je velika kuhinja prejela certifikat regionalnosti \u00bbGut zu wissen\u00ab Koro\u0161ke kmetijske zbornice. Njegova kuhinja je sinonim za kakovost, zanesljivost in \u017eivahno kulturo timskega dela, v kateri se raznolikost in regionalne vrednote dopolnjujejo. <\/p>\n\n<div class=\"wp-block-columns is-layout-flex wp-container-core-columns-is-layout-7387b849 wp-block-columns-is-layout-flex\">\n<div class=\"wp-block-column event is-layout-flow wp-block-column-is-layout-flow\">\n<figure class=\"wp-block-image aligncenter size-full\"><img fetchpriority=\"high\" decoding=\"async\" width=\"280\" height=\"280\" src=\"https:\/\/www.visitklagenfurt.at\/wp-content\/uploads\/2024\/08\/gourmet280.png\" alt=\"\" class=\"wp-image-67992\"\/><\/figure>\n\n\n\n<h3 class=\"wp-block-heading\">Zve\u010der v zalo\u017ebi Wieser-Drava: Predstavitev knjige \u00bbGeschmackshochzeit IV\u00ab v spremstvu kuharskega dvojca Christian Cabalier in Werner Schleich-Wolf<\/h3>\n\n\n\n<p class=\"wp-block-paragraph\">Direktorica zalo\u017ebe Erika Hornbogner \u017ee tretji\u010d vabi na kulinari\u010dno-literarni \u00bbt\u00eate-\u00e0-t\u00eate\u00ab: avtor in gastrosof Lojze Wieser bo bral iz nove knjige \u00bbGeschmackshochzeit IV\u00ab, ki jo je izdala turisti\u010dna organizacija Tourismus Klagenfurt. Za to prilo\u017enost sta kuharja Christian Cabalier (Kochwerkstatt) in Werner Schleich-Wolf (Schloss Loretto &amp; Feine K\u00fcche Kulterer) pripravila \u0161est tipi\u010dnih alpsko-adriatskih prigrizkov za ve\u010derni u\u017eitek, vklju\u010dno s pija\u010do.  <\/p>\n\n\n\n<p class=\"wp-block-paragraph\"><strong>Datum:<\/strong> sreda, 10. 9. 2025, ob 18.30<br\/><strong>Cena: 75 <\/strong>\u20ac na osebo \u2013 branje, 6 manj\u0161ih jedi in pija\u010da<br\/><strong>Lokacija: Grad <\/strong>Maria Loretto, Lorettoweg 52, 9020 Klagenfurt am W\u00f6rthersee<br\/><strong>Rezervacije:<\/strong> <strong><a href=\"https:\/\/www.visitklagenfurt.at\/de\/alpen-adria-kulinarik\/erlebnisse\/?useDetailSearch=false#\/erlebnisse\/KTN\/5f57e5e4-1197-42de-a4e0-9392ad4481d5\/wieser-drava-verlagsabend--praesentation-des-buchs--geschmackshochzeit-iv-\">www.visitklagenfurt.at\/erlebnisse<\/a><\/strong><\/p>\n<\/div>\n<\/div>\n\n<p class=\"wp-block-paragraph\"><\/p>\n\n<p class=\"wp-block-paragraph\"><\/p>\n","protected":false},"excerpt":{"rendered":"<p>Werner Schleich-Wolf je \u017ee ve\u010d let vodja kuhinje v restavraciji \u00bbFeine K\u00fcche Kulterer\u00ab. V svoji vlogi vodi raznoliko ekipo, ki \u0161teje pribli\u017eno 45 zaposlenih, pri \u010demer posve\u010da posebno pozornost regionalnim sestavinam in trajnostnim standardom. Pod njegovim vodstvom je velika kuhinja prejela certifikat regionalnosti \u00bbGut zu wissen\u00ab Koro\u0161ke kmetijske zbornice. Njegova kuhinja je sinonim za kakovost, [&hellip;]<\/p>\n","protected":false},"author":4,"featured_media":74996,"comment_status":"closed","ping_status":"closed","sticky":false,"template":"","format":"standard","meta":{"footnotes":""},"categories":[941],"tags":[942,943],"class_list":["post-76441","post","type-post","status-publish","format-standard","has-post-thumbnail","hentry","category-kulinaricni-kuharji","tag-avstrija","tag-kuharji"],"yoast_head":"<!-- This site is optimized with the Yoast SEO plugin v28.4 - https:\/\/yoast.com\/product\/yoast-seo-wordpress\/ -->\n<title>Werner Schleich-Wolf | visitklagenfurt<\/title>\n<meta name=\"robots\" content=\"index, follow, max-snippet:-1, max-image-preview:large, max-video-preview:-1\" \/>\n<link rel=\"canonical\" href=\"https:\/\/www.visitklagenfurt.at\/sl\/dnevi-alpsko-jadranske-kuhinje\/kulinaricni-kuharji\/werner-schleich-wolf\/\" \/>\n<meta property=\"og:locale\" content=\"sl_SI\" \/>\n<meta property=\"og:type\" content=\"article\" \/>\n<meta property=\"og:title\" content=\"Werner Schleich-Wolf | visitklagenfurt\" \/>\n<meta property=\"og:description\" content=\"Werner Schleich-Wolf je \u017ee ve\u010d let vodja kuhinje v restavraciji \u00bbFeine K\u00fcche Kulterer\u00ab. V svoji vlogi vodi raznoliko ekipo, ki \u0161teje pribli\u017eno 45 zaposlenih, pri \u010demer posve\u010da posebno pozornost regionalnim sestavinam in trajnostnim standardom. Pod njegovim vodstvom je velika kuhinja prejela certifikat regionalnosti \u00bbGut zu wissen\u00ab Koro\u0161ke kmetijske zbornice. Njegova kuhinja je sinonim za kakovost, [&hellip;]\" \/>\n<meta property=\"og:url\" content=\"https:\/\/www.visitklagenfurt.at\/sl\/dnevi-alpsko-jadranske-kuhinje\/kulinaricni-kuharji\/werner-schleich-wolf\/\" \/>\n<meta property=\"og:site_name\" content=\"visitklagenfurt\" \/>\n<meta property=\"article:published_time\" content=\"2025-08-25T11:32:43+00:00\" \/>\n<meta property=\"article:modified_time\" content=\"2026-08-12T08:33:30+00:00\" \/>\n<meta property=\"og:image\" content=\"https:\/\/www.visitklagenfurt.at\/wp-content\/uploads\/2025\/07\/Schloss-Maria-Loretto_Feine-Kueche-Kulterer_TANJAundJOSEF_0026.jpg\" \/>\n\t<meta property=\"og:image:width\" content=\"1080\" \/>\n\t<meta property=\"og:image:height\" content=\"720\" \/>\n\t<meta property=\"og:image:type\" content=\"image\/jpeg\" \/>\n<meta name=\"author\" content=\"Martina Valentinitsch\" \/>\n<meta name=\"twitter:card\" content=\"summary_large_image\" \/>\n<meta name=\"twitter:label1\" content=\"Written by\" \/>\n\t<meta name=\"twitter:data1\" content=\"Martina Valentinitsch\" \/>\n\t<meta name=\"twitter:label2\" content=\"Est. reading time\" \/>\n\t<meta name=\"twitter:data2\" content=\"1 minuta\" \/>\n<script type=\"application\/ld+json\" class=\"yoast-schema-graph\">{\"@context\":\"https:\\\/\\\/schema.org\",\"@graph\":[{\"@type\":\"Article\",\"@id\":\"https:\\\/\\\/www.visitklagenfurt.at\\\/sl\\\/dnevi-alpsko-jadranske-kuhinje\\\/kulinaricni-kuharji\\\/werner-schleich-wolf\\\/#article\",\"isPartOf\":{\"@id\":\"https:\\\/\\\/www.visitklagenfurt.at\\\/sl\\\/dnevi-alpsko-jadranske-kuhinje\\\/kulinaricni-kuharji\\\/werner-schleich-wolf\\\/\"},\"author\":{\"name\":\"Martina Valentinitsch\",\"@id\":\"https:\\\/\\\/www.visitklagenfurt.at\\\/sl\\\/#\\\/schema\\\/person\\\/a3e77217ef718bf9b74f8a43f03ada41\"},\"headline\":\"Werner Schleich-Wolf\",\"datePublished\":\"2025-08-25T11:32:43+00:00\",\"dateModified\":\"2026-08-12T08:33:30+00:00\",\"mainEntityOfPage\":{\"@id\":\"https:\\\/\\\/www.visitklagenfurt.at\\\/sl\\\/dnevi-alpsko-jadranske-kuhinje\\\/kulinaricni-kuharji\\\/werner-schleich-wolf\\\/\"},\"wordCount\":191,\"publisher\":{\"@id\":\"https:\\\/\\\/www.visitklagenfurt.at\\\/sl\\\/#organization\"},\"image\":{\"@id\":\"https:\\\/\\\/www.visitklagenfurt.at\\\/sl\\\/dnevi-alpsko-jadranske-kuhinje\\\/kulinaricni-kuharji\\\/werner-schleich-wolf\\\/#primaryimage\"},\"thumbnailUrl\":\"https:\\\/\\\/www.visitklagenfurt.at\\\/wp-content\\\/uploads\\\/2025\\\/07\\\/Schloss-Maria-Loretto_Feine-Kueche-Kulterer_TANJAundJOSEF_0026.jpg\",\"keywords\":[\"Avstrija\",\"Kuharji\"],\"articleSection\":[\"Kulinari\u010dni kuharji\"],\"inLanguage\":\"sl-SI\"},{\"@type\":\"WebPage\",\"@id\":\"https:\\\/\\\/www.visitklagenfurt.at\\\/sl\\\/dnevi-alpsko-jadranske-kuhinje\\\/kulinaricni-kuharji\\\/werner-schleich-wolf\\\/\",\"url\":\"https:\\\/\\\/www.visitklagenfurt.at\\\/sl\\\/dnevi-alpsko-jadranske-kuhinje\\\/kulinaricni-kuharji\\\/werner-schleich-wolf\\\/\",\"name\":\"Werner Schleich-Wolf | visitklagenfurt\",\"isPartOf\":{\"@id\":\"https:\\\/\\\/www.visitklagenfurt.at\\\/sl\\\/#website\"},\"primaryImageOfPage\":{\"@id\":\"https:\\\/\\\/www.visitklagenfurt.at\\\/sl\\\/dnevi-alpsko-jadranske-kuhinje\\\/kulinaricni-kuharji\\\/werner-schleich-wolf\\\/#primaryimage\"},\"image\":{\"@id\":\"https:\\\/\\\/www.visitklagenfurt.at\\\/sl\\\/dnevi-alpsko-jadranske-kuhinje\\\/kulinaricni-kuharji\\\/werner-schleich-wolf\\\/#primaryimage\"},\"thumbnailUrl\":\"https:\\\/\\\/www.visitklagenfurt.at\\\/wp-content\\\/uploads\\\/2025\\\/07\\\/Schloss-Maria-Loretto_Feine-Kueche-Kulterer_TANJAundJOSEF_0026.jpg\",\"datePublished\":\"2025-08-25T11:32:43+00:00\",\"dateModified\":\"2026-08-12T08:33:30+00:00\",\"breadcrumb\":{\"@id\":\"https:\\\/\\\/www.visitklagenfurt.at\\\/sl\\\/dnevi-alpsko-jadranske-kuhinje\\\/kulinaricni-kuharji\\\/werner-schleich-wolf\\\/#breadcrumb\"},\"inLanguage\":\"sl-SI\",\"potentialAction\":[{\"@type\":\"ReadAction\",\"target\":[\"https:\\\/\\\/www.visitklagenfurt.at\\\/sl\\\/dnevi-alpsko-jadranske-kuhinje\\\/kulinaricni-kuharji\\\/werner-schleich-wolf\\\/\"]}]},{\"@type\":\"ImageObject\",\"inLanguage\":\"sl-SI\",\"@id\":\"https:\\\/\\\/www.visitklagenfurt.at\\\/sl\\\/dnevi-alpsko-jadranske-kuhinje\\\/kulinaricni-kuharji\\\/werner-schleich-wolf\\\/#primaryimage\",\"url\":\"https:\\\/\\\/www.visitklagenfurt.at\\\/wp-content\\\/uploads\\\/2025\\\/07\\\/Schloss-Maria-Loretto_Feine-Kueche-Kulterer_TANJAundJOSEF_0026.jpg\",\"contentUrl\":\"https:\\\/\\\/www.visitklagenfurt.at\\\/wp-content\\\/uploads\\\/2025\\\/07\\\/Schloss-Maria-Loretto_Feine-Kueche-Kulterer_TANJAundJOSEF_0026.jpg\",\"width\":1080,\"height\":720},{\"@type\":\"BreadcrumbList\",\"@id\":\"https:\\\/\\\/www.visitklagenfurt.at\\\/sl\\\/dnevi-alpsko-jadranske-kuhinje\\\/kulinaricni-kuharji\\\/werner-schleich-wolf\\\/#breadcrumb\",\"itemListElement\":[{\"@type\":\"ListItem\",\"position\":1,\"name\":\"visitklagenfurt\",\"item\":\"https:\\\/\\\/www.visitklagenfurt.at\\\/sl\\\/\"},{\"@type\":\"ListItem\",\"position\":2,\"name\":\"Dnevi alpsko-jadranske kuhinje\",\"item\":\"https:\\\/\\\/www.visitklagenfurt.at\\\/sl\\\/category\\\/dnevi-alpsko-jadranske-kuhinje\\\/\"},{\"@type\":\"ListItem\",\"position\":3,\"name\":\"Kulinari\u010dni kuharji\",\"item\":\"https:\\\/\\\/www.visitklagenfurt.at\\\/sl\\\/category\\\/dnevi-alpsko-jadranske-kuhinje\\\/kulinaricni-kuharji\\\/\"},{\"@type\":\"ListItem\",\"position\":4,\"name\":\"Werner Schleich-Wolf\"}]},{\"@type\":\"WebSite\",\"@id\":\"https:\\\/\\\/www.visitklagenfurt.at\\\/sl\\\/#website\",\"url\":\"https:\\\/\\\/www.visitklagenfurt.at\\\/sl\\\/\",\"name\":\"visitklagenfurt\",\"description\":\"\",\"publisher\":{\"@id\":\"https:\\\/\\\/www.visitklagenfurt.at\\\/sl\\\/#organization\"},\"potentialAction\":[{\"@type\":\"SearchAction\",\"target\":{\"@type\":\"EntryPoint\",\"urlTemplate\":\"https:\\\/\\\/www.visitklagenfurt.at\\\/sl\\\/?s={search_term_string}\"},\"query-input\":{\"@type\":\"PropertyValueSpecification\",\"valueRequired\":true,\"valueName\":\"search_term_string\"}}],\"inLanguage\":\"sl-SI\"},{\"@type\":\"Organization\",\"@id\":\"https:\\\/\\\/www.visitklagenfurt.at\\\/sl\\\/#organization\",\"name\":\"Tourismus Region Klagenfurt am W\u00f6rthersee GmbH\",\"url\":\"https:\\\/\\\/www.visitklagenfurt.at\\\/sl\\\/\",\"logo\":{\"@type\":\"ImageObject\",\"inLanguage\":\"sl-SI\",\"@id\":\"https:\\\/\\\/www.visitklagenfurt.at\\\/sl\\\/#\\\/schema\\\/logo\\\/image\\\/\",\"url\":\"https:\\\/\\\/www.visitklagenfurt.at\\\/wp-content\\\/uploads\\\/2022\\\/03\\\/DT_K_Klagenfurt_S_RGB.png\",\"contentUrl\":\"https:\\\/\\\/www.visitklagenfurt.at\\\/wp-content\\\/uploads\\\/2022\\\/03\\\/DT_K_Klagenfurt_S_RGB.png\",\"width\":2082,\"height\":1511,\"caption\":\"Tourismus Region Klagenfurt am W\u00f6rthersee GmbH\"},\"image\":{\"@id\":\"https:\\\/\\\/www.visitklagenfurt.at\\\/sl\\\/#\\\/schema\\\/logo\\\/image\\\/\"}},{\"@type\":\"Person\",\"@id\":\"https:\\\/\\\/www.visitklagenfurt.at\\\/sl\\\/#\\\/schema\\\/person\\\/a3e77217ef718bf9b74f8a43f03ada41\",\"name\":\"Martina Valentinitsch\",\"image\":{\"@type\":\"ImageObject\",\"inLanguage\":\"sl-SI\",\"@id\":\"https:\\\/\\\/secure.gravatar.com\\\/avatar\\\/49ae3bcb12846fb3d976b9823a5af43c4d12e64fb7b52146e0e9ac403a80e415?s=96&d=mm&r=g\",\"url\":\"https:\\\/\\\/secure.gravatar.com\\\/avatar\\\/49ae3bcb12846fb3d976b9823a5af43c4d12e64fb7b52146e0e9ac403a80e415?s=96&d=mm&r=g\",\"contentUrl\":\"https:\\\/\\\/secure.gravatar.com\\\/avatar\\\/49ae3bcb12846fb3d976b9823a5af43c4d12e64fb7b52146e0e9ac403a80e415?s=96&d=mm&r=g\",\"caption\":\"Martina Valentinitsch\"},\"url\":\"https:\\\/\\\/www.visitklagenfurt.at\\\/sl\\\/author\\\/martina_valentinitsch\\\/\"}]}<\/script>\n<!-- \/ Yoast SEO plugin. -->","yoast_head_json":{"title":"Werner Schleich-Wolf | visitklagenfurt","robots":{"index":"index","follow":"follow","max-snippet":"max-snippet:-1","max-image-preview":"max-image-preview:large","max-video-preview":"max-video-preview:-1"},"canonical":"https:\/\/www.visitklagenfurt.at\/sl\/dnevi-alpsko-jadranske-kuhinje\/kulinaricni-kuharji\/werner-schleich-wolf\/","og_locale":"sl_SI","og_type":"article","og_title":"Werner Schleich-Wolf | visitklagenfurt","og_description":"Werner Schleich-Wolf je \u017ee ve\u010d let vodja kuhinje v restavraciji \u00bbFeine K\u00fcche Kulterer\u00ab. V svoji vlogi vodi raznoliko ekipo, ki \u0161teje pribli\u017eno 45 zaposlenih, pri \u010demer posve\u010da posebno pozornost regionalnim sestavinam in trajnostnim standardom. Pod njegovim vodstvom je velika kuhinja prejela certifikat regionalnosti \u00bbGut zu wissen\u00ab Koro\u0161ke kmetijske zbornice. Njegova kuhinja je sinonim za kakovost, [&hellip;]","og_url":"https:\/\/www.visitklagenfurt.at\/sl\/dnevi-alpsko-jadranske-kuhinje\/kulinaricni-kuharji\/werner-schleich-wolf\/","og_site_name":"visitklagenfurt","article_published_time":"2025-08-25T11:32:43+00:00","article_modified_time":"2026-08-12T08:33:30+00:00","og_image":[{"width":1080,"height":720,"url":"https:\/\/www.visitklagenfurt.at\/wp-content\/uploads\/2025\/07\/Schloss-Maria-Loretto_Feine-Kueche-Kulterer_TANJAundJOSEF_0026.jpg","type":"image\/jpeg"}],"author":"Martina Valentinitsch","twitter_card":"summary_large_image","twitter_misc":{"Written by":"Martina Valentinitsch","Est. reading time":"1 minuta"},"schema":{"@context":"https:\/\/schema.org","@graph":[{"@type":"Article","@id":"https:\/\/www.visitklagenfurt.at\/sl\/dnevi-alpsko-jadranske-kuhinje\/kulinaricni-kuharji\/werner-schleich-wolf\/#article","isPartOf":{"@id":"https:\/\/www.visitklagenfurt.at\/sl\/dnevi-alpsko-jadranske-kuhinje\/kulinaricni-kuharji\/werner-schleich-wolf\/"},"author":{"name":"Martina Valentinitsch","@id":"https:\/\/www.visitklagenfurt.at\/sl\/#\/schema\/person\/a3e77217ef718bf9b74f8a43f03ada41"},"headline":"Werner Schleich-Wolf","datePublished":"2025-08-25T11:32:43+00:00","dateModified":"2026-08-12T08:33:30+00:00","mainEntityOfPage":{"@id":"https:\/\/www.visitklagenfurt.at\/sl\/dnevi-alpsko-jadranske-kuhinje\/kulinaricni-kuharji\/werner-schleich-wolf\/"},"wordCount":191,"publisher":{"@id":"https:\/\/www.visitklagenfurt.at\/sl\/#organization"},"image":{"@id":"https:\/\/www.visitklagenfurt.at\/sl\/dnevi-alpsko-jadranske-kuhinje\/kulinaricni-kuharji\/werner-schleich-wolf\/#primaryimage"},"thumbnailUrl":"https:\/\/www.visitklagenfurt.at\/wp-content\/uploads\/2025\/07\/Schloss-Maria-Loretto_Feine-Kueche-Kulterer_TANJAundJOSEF_0026.jpg","keywords":["Avstrija","Kuharji"],"articleSection":["Kulinari\u010dni kuharji"],"inLanguage":"sl-SI"},{"@type":"WebPage","@id":"https:\/\/www.visitklagenfurt.at\/sl\/dnevi-alpsko-jadranske-kuhinje\/kulinaricni-kuharji\/werner-schleich-wolf\/","url":"https:\/\/www.visitklagenfurt.at\/sl\/dnevi-alpsko-jadranske-kuhinje\/kulinaricni-kuharji\/werner-schleich-wolf\/","name":"Werner Schleich-Wolf | visitklagenfurt","isPartOf":{"@id":"https:\/\/www.visitklagenfurt.at\/sl\/#website"},"primaryImageOfPage":{"@id":"https:\/\/www.visitklagenfurt.at\/sl\/dnevi-alpsko-jadranske-kuhinje\/kulinaricni-kuharji\/werner-schleich-wolf\/#primaryimage"},"image":{"@id":"https:\/\/www.visitklagenfurt.at\/sl\/dnevi-alpsko-jadranske-kuhinje\/kulinaricni-kuharji\/werner-schleich-wolf\/#primaryimage"},"thumbnailUrl":"https:\/\/www.visitklagenfurt.at\/wp-content\/uploads\/2025\/07\/Schloss-Maria-Loretto_Feine-Kueche-Kulterer_TANJAundJOSEF_0026.jpg","datePublished":"2025-08-25T11:32:43+00:00","dateModified":"2026-08-12T08:33:30+00:00","breadcrumb":{"@id":"https:\/\/www.visitklagenfurt.at\/sl\/dnevi-alpsko-jadranske-kuhinje\/kulinaricni-kuharji\/werner-schleich-wolf\/#breadcrumb"},"inLanguage":"sl-SI","potentialAction":[{"@type":"ReadAction","target":["https:\/\/www.visitklagenfurt.at\/sl\/dnevi-alpsko-jadranske-kuhinje\/kulinaricni-kuharji\/werner-schleich-wolf\/"]}]},{"@type":"ImageObject","inLanguage":"sl-SI","@id":"https:\/\/www.visitklagenfurt.at\/sl\/dnevi-alpsko-jadranske-kuhinje\/kulinaricni-kuharji\/werner-schleich-wolf\/#primaryimage","url":"https:\/\/www.visitklagenfurt.at\/wp-content\/uploads\/2025\/07\/Schloss-Maria-Loretto_Feine-Kueche-Kulterer_TANJAundJOSEF_0026.jpg","contentUrl":"https:\/\/www.visitklagenfurt.at\/wp-content\/uploads\/2025\/07\/Schloss-Maria-Loretto_Feine-Kueche-Kulterer_TANJAundJOSEF_0026.jpg","width":1080,"height":720},{"@type":"BreadcrumbList","@id":"https:\/\/www.visitklagenfurt.at\/sl\/dnevi-alpsko-jadranske-kuhinje\/kulinaricni-kuharji\/werner-schleich-wolf\/#breadcrumb","itemListElement":[{"@type":"ListItem","position":1,"name":"visitklagenfurt","item":"https:\/\/www.visitklagenfurt.at\/sl\/"},{"@type":"ListItem","position":2,"name":"Dnevi alpsko-jadranske kuhinje","item":"https:\/\/www.visitklagenfurt.at\/sl\/category\/dnevi-alpsko-jadranske-kuhinje\/"},{"@type":"ListItem","position":3,"name":"Kulinari\u010dni kuharji","item":"https:\/\/www.visitklagenfurt.at\/sl\/category\/dnevi-alpsko-jadranske-kuhinje\/kulinaricni-kuharji\/"},{"@type":"ListItem","position":4,"name":"Werner Schleich-Wolf"}]},{"@type":"WebSite","@id":"https:\/\/www.visitklagenfurt.at\/sl\/#website","url":"https:\/\/www.visitklagenfurt.at\/sl\/","name":"visitklagenfurt","description":"","publisher":{"@id":"https:\/\/www.visitklagenfurt.at\/sl\/#organization"},"potentialAction":[{"@type":"SearchAction","target":{"@type":"EntryPoint","urlTemplate":"https:\/\/www.visitklagenfurt.at\/sl\/?s={search_term_string}"},"query-input":{"@type":"PropertyValueSpecification","valueRequired":true,"valueName":"search_term_string"}}],"inLanguage":"sl-SI"},{"@type":"Organization","@id":"https:\/\/www.visitklagenfurt.at\/sl\/#organization","name":"Tourismus Region Klagenfurt am W\u00f6rthersee GmbH","url":"https:\/\/www.visitklagenfurt.at\/sl\/","logo":{"@type":"ImageObject","inLanguage":"sl-SI","@id":"https:\/\/www.visitklagenfurt.at\/sl\/#\/schema\/logo\/image\/","url":"https:\/\/www.visitklagenfurt.at\/wp-content\/uploads\/2022\/03\/DT_K_Klagenfurt_S_RGB.png","contentUrl":"https:\/\/www.visitklagenfurt.at\/wp-content\/uploads\/2022\/03\/DT_K_Klagenfurt_S_RGB.png","width":2082,"height":1511,"caption":"Tourismus Region Klagenfurt am W\u00f6rthersee GmbH"},"image":{"@id":"https:\/\/www.visitklagenfurt.at\/sl\/#\/schema\/logo\/image\/"}},{"@type":"Person","@id":"https:\/\/www.visitklagenfurt.at\/sl\/#\/schema\/person\/a3e77217ef718bf9b74f8a43f03ada41","name":"Martina Valentinitsch","image":{"@type":"ImageObject","inLanguage":"sl-SI","@id":"https:\/\/secure.gravatar.com\/avatar\/49ae3bcb12846fb3d976b9823a5af43c4d12e64fb7b52146e0e9ac403a80e415?s=96&d=mm&r=g","url":"https:\/\/secure.gravatar.com\/avatar\/49ae3bcb12846fb3d976b9823a5af43c4d12e64fb7b52146e0e9ac403a80e415?s=96&d=mm&r=g","contentUrl":"https:\/\/secure.gravatar.com\/avatar\/49ae3bcb12846fb3d976b9823a5af43c4d12e64fb7b52146e0e9ac403a80e415?s=96&d=mm&r=g","caption":"Martina Valentinitsch"},"url":"https:\/\/www.visitklagenfurt.at\/sl\/author\/martina_valentinitsch\/"}]}},"_links":{"self":[{"href":"https:\/\/www.visitklagenfurt.at\/sl\/wp-json\/wp\/v2\/posts\/76441","targetHints":{"allow":["GET"]}}],"collection":[{"href":"https:\/\/www.visitklagenfurt.at\/sl\/wp-json\/wp\/v2\/posts"}],"about":[{"href":"https:\/\/www.visitklagenfurt.at\/sl\/wp-json\/wp\/v2\/types\/post"}],"author":[{"embeddable":true,"href":"https:\/\/www.visitklagenfurt.at\/sl\/wp-json\/wp\/v2\/users\/4"}],"replies":[{"embeddable":true,"href":"https:\/\/www.visitklagenfurt.at\/sl\/wp-json\/wp\/v2\/comments?post=76441"}],"version-history":[{"count":2,"href":"https:\/\/www.visitklagenfurt.at\/sl\/wp-json\/wp\/v2\/posts\/76441\/revisions"}],"predecessor-version":[{"id":80024,"href":"https:\/\/www.visitklagenfurt.at\/sl\/wp-json\/wp\/v2\/posts\/76441\/revisions\/80024"}],"wp:featuredmedia":[{"embeddable":true,"href":"https:\/\/www.visitklagenfurt.at\/sl\/wp-json\/wp\/v2\/media\/74996"}],"wp:attachment":[{"href":"https:\/\/www.visitklagenfurt.at\/sl\/wp-json\/wp\/v2\/media?parent=76441"}],"wp:term":[{"taxonomy":"category","embeddable":true,"href":"https:\/\/www.visitklagenfurt.at\/sl\/wp-json\/wp\/v2\/categories?post=76441"},{"taxonomy":"post_tag","embeddable":true,"href":"https:\/\/www.visitklagenfurt.at\/sl\/wp-json\/wp\/v2\/tags?post=76441"}],"curies":[{"name":"wp","href":"https:\/\/api.w.org\/{rel}","templated":true}]}}