{"id":76523,"date":"2025-08-25T13:34:30","date_gmt":"2025-08-25T11:34:30","guid":{"rendered":"https:\/\/www.visitklagenfurt.at\/blog-sl\/lojze-wieser\/"},"modified":"2026-08-12T11:16:34","modified_gmt":"2026-08-12T09:16:34","slug":"lojze-wieser","status":"publish","type":"post","link":"https:\/\/www.visitklagenfurt.at\/sl\/dnevi-alpsko-jadranske-kuhinje\/kulinaricni-uzitki\/lojze-wieser\/","title":{"rendered":"Lojze Wieser"},"content":{"rendered":"\n<p class=\"wp-block-paragraph\">Lojze Wieser je pravi Evropejec med koro\u0161kimi ustvarjalci: ta koro\u0161ki Slovenec je s zalo\u017ebo Wieser-Verlag \u017ee desetletja prispeval k prepoznavnosti vzhodnoevropske literature. V ve\u010dkrat nagrajeni knji\u017eni in televizijski dokumentarni seriji \u00bbGeschmack Europas\u00ab (Okus Evrope) je pokazal, da sta kulinarika in kulturna identiteta nelo\u010dljivo povezani. Za Wieserja hrana nikoli ni zgolj prehrana, temve\u010d spomin, zgodovina in jezik. V Alpen-Adria Food Labu skupaj s kuharjem Patrickom Feichterjem izvaja \u00bbarheologijo okusov\u00ab: zgodovinske recepte, pozabljene sestavine in presenetljive povezave med kuhinjo in kulturami alpsko-jadranskega prostora.   <\/p>\n\n<div class=\"wp-block-columns is-layout-flex wp-container-core-columns-is-layout-7387b849 wp-block-columns-is-layout-flex\">\n<div class=\"wp-block-column event is-layout-flow wp-block-column-is-layout-flow\">\n<figure class=\"wp-block-image aligncenter size-full\"><img fetchpriority=\"high\" decoding=\"async\" width=\"280\" height=\"280\" src=\"https:\/\/www.visitklagenfurt.at\/wp-content\/uploads\/2024\/08\/gourmet280.png\" alt=\"\" class=\"wp-image-67992\"\/><\/figure>\n\n\n\n<h3 class=\"wp-block-heading\">Alpen-Adria Food Lab: Arheologija okusov \u2013 reka, potok, ribnik in jezero z Lojzejem Wieserjem in kuharjem Patrickom Feichterjem<\/h3>\n\n\n\n<p class=\"wp-block-paragraph\">Lojze Wieser, gastrosof in eden najbolj poznavalskih posrednikov kulture v alpsko-adriatskem prostoru, se skupaj s kuharskim mojstrom Patrickom Feichterjem ukvarja z arheologijo okusov \u2013 tokrat pod geslom \u00bbReka, potok, ribnik in jezero\u00ab: cmoki iz \u0161\u010duke, tartar iz rakov, divja raca, pita iz ribni\u0161kih hru\u0161k in \u0161e veliko ve\u010d. Zgodbe in okusi v enem ve\u010deru. <\/p>\n\n\n\n<p class=\"wp-block-paragraph\"><strong>Datum: torek <\/strong>, 15. 9. 2026, ob 18.00<br\/><strong>Cena:<\/strong> 95 \u20ac na osebo za 5-hodni meni brez pija\u010de <br\/><strong>Lokacija: Gostilna <\/strong>v Landhaushof, Landhaus, 9020 Klagenfurt am W\u00f6rthersee<br\/><strong>Rezervacije: 0463 <\/strong>\/ 50 23 63<br\/><strong>Najve\u010dje \u0161tevilo udele\u017eencev: 60 <\/strong>oseb<br\/><\/p>\n\n\n\n<h3 class=\"wp-block-heading\"><br\/>Zve\u010der v zalo\u017ebi Wieser-Drava: Predstavitev knjige \u00bbGeschmackshochzeit IV\u00ab v spremstvu kuharskega dvojca Christian Cabalier in Werner Schleich-Wolf<\/h3>\n\n\n\n<p class=\"wp-block-paragraph\">Direktorica zalo\u017ebe Erika Hornbogner \u017ee tretji\u010d vabi na kulinari\u010dno-literarni \u00bbt\u00eate-\u00e0-t\u00eate\u00ab: avtor in gastrosof Lojze Wieser bo bral iz nove knjige \u00bbGeschmackshochzeit IV\u00ab, ki jo je izdala turisti\u010dna organizacija Tourismus Klagenfurt. Za to prilo\u017enost sta kuharja Christian Cabalier (Kochwerkstatt) in Werner Schleich-Wolf (Schloss Loretto &amp; Feine K\u00fcche Kulterer) pripravila \u0161est tipi\u010dnih alpsko-adriatskih prigrizkov za ve\u010derni u\u017eitek, vklju\u010dno s pija\u010do.  <\/p>\n\n\n\n<p class=\"wp-block-paragraph\"><strong>Datum:<\/strong> sreda, 10. 9. 2025, ob 18.30<br\/><strong>Cena: 75 <\/strong>\u20ac na osebo \u2013 branje, 6 manj\u0161ih jedi in pija\u010da<br\/><strong>Lokacija: Grad <\/strong>Maria Loretto, Lorettoweg 52, 9020 Klagenfurt am W\u00f6rthersee<br\/><strong>Rezervacije:<\/strong> <strong><a href=\"https:\/\/www.visitklagenfurt.at\/de\/alpen-adria-kulinarik\/erlebnisse\/?useDetailSearch=false#\/erlebnisse\/KTN\/5f57e5e4-1197-42de-a4e0-9392ad4481d5\/wieser-drava-verlagsabend--praesentation-des-buchs--geschmackshochzeit-iv-\">www.visitklagenfurt.at\/erlebnisse<\/a><\/strong><\/p>\n<\/div>\n<\/div>\n\n<p class=\"wp-block-paragraph\"><\/p>\n\n<p class=\"wp-block-paragraph\"><\/p>\n","protected":false},"excerpt":{"rendered":"<p>Lojze Wieser je pravi Evropejec med koro\u0161kimi ustvarjalci: ta koro\u0161ki Slovenec je s zalo\u017ebo Wieser-Verlag \u017ee desetletja prispeval k prepoznavnosti vzhodnoevropske literature. V ve\u010dkrat nagrajeni knji\u017eni in televizijski dokumentarni seriji \u00bbGeschmack Europas\u00ab (Okus Evrope) je pokazal, da sta kulinarika in kulturna identiteta nelo\u010dljivo povezani. Za Wieserja hrana nikoli ni zgolj prehrana, temve\u010d spomin, zgodovina in [&hellip;]<\/p>\n","protected":false},"author":4,"featured_media":67239,"comment_status":"closed","ping_status":"closed","sticky":false,"template":"","format":"standard","meta":{"footnotes":""},"categories":[946],"tags":[942,947],"class_list":["post-76523","post","type-post","status-publish","format-standard","has-post-thumbnail","hentry","category-kulinaricni-uzitki","tag-avstrija","tag-znanje-o-uzitku"],"yoast_head":"<!-- This site is optimized with the Yoast SEO plugin v28.4 - https:\/\/yoast.com\/product\/yoast-seo-wordpress\/ -->\n<title>Lojze Wieser | visitklagenfurt<\/title>\n<meta name=\"robots\" content=\"index, follow, max-snippet:-1, max-image-preview:large, max-video-preview:-1\" \/>\n<link rel=\"canonical\" href=\"https:\/\/www.visitklagenfurt.at\/sl\/dnevi-alpsko-jadranske-kuhinje\/kulinaricni-uzitki\/lojze-wieser\/\" \/>\n<meta property=\"og:locale\" content=\"sl_SI\" \/>\n<meta property=\"og:type\" content=\"article\" \/>\n<meta property=\"og:title\" content=\"Lojze Wieser | visitklagenfurt\" \/>\n<meta property=\"og:description\" content=\"Lojze Wieser je pravi Evropejec med koro\u0161kimi ustvarjalci: ta koro\u0161ki Slovenec je s zalo\u017ebo Wieser-Verlag \u017ee desetletja prispeval k prepoznavnosti vzhodnoevropske literature. V ve\u010dkrat nagrajeni knji\u017eni in televizijski dokumentarni seriji \u00bbGeschmack Europas\u00ab (Okus Evrope) je pokazal, da sta kulinarika in kulturna identiteta nelo\u010dljivo povezani. Za Wieserja hrana nikoli ni zgolj prehrana, temve\u010d spomin, zgodovina in [&hellip;]\" \/>\n<meta property=\"og:url\" content=\"https:\/\/www.visitklagenfurt.at\/sl\/dnevi-alpsko-jadranske-kuhinje\/kulinaricni-uzitki\/lojze-wieser\/\" \/>\n<meta property=\"og:site_name\" content=\"visitklagenfurt\" \/>\n<meta property=\"article:published_time\" content=\"2025-08-25T11:34:30+00:00\" \/>\n<meta property=\"article:modified_time\" content=\"2026-08-12T09:16:34+00:00\" \/>\n<meta property=\"og:image\" content=\"https:\/\/www.visitklagenfurt.at\/wp-content\/uploads\/2024\/07\/tdaak_leiten_max_stiegel_2021_c-tvb_klagenfurt_lukas_lenhardt_5_jpg-web.jpeg\" \/>\n\t<meta property=\"og:image:width\" content=\"1595\" \/>\n\t<meta property=\"og:image:height\" content=\"2048\" \/>\n\t<meta property=\"og:image:type\" content=\"image\/jpeg\" \/>\n<meta name=\"author\" content=\"Martina Valentinitsch\" \/>\n<meta name=\"twitter:card\" content=\"summary_large_image\" \/>\n<meta name=\"twitter:label1\" content=\"Written by\" \/>\n\t<meta name=\"twitter:data1\" content=\"Martina Valentinitsch\" \/>\n\t<meta name=\"twitter:label2\" content=\"Est. reading time\" \/>\n\t<meta name=\"twitter:data2\" content=\"2 minuti\" \/>\n<script type=\"application\/ld+json\" class=\"yoast-schema-graph\">{\"@context\":\"https:\\\/\\\/schema.org\",\"@graph\":[{\"@type\":\"Article\",\"@id\":\"https:\\\/\\\/www.visitklagenfurt.at\\\/sl\\\/dnevi-alpsko-jadranske-kuhinje\\\/kulinaricni-uzitki\\\/lojze-wieser\\\/#article\",\"isPartOf\":{\"@id\":\"https:\\\/\\\/www.visitklagenfurt.at\\\/sl\\\/dnevi-alpsko-jadranske-kuhinje\\\/kulinaricni-uzitki\\\/lojze-wieser\\\/\"},\"author\":{\"name\":\"Martina Valentinitsch\",\"@id\":\"https:\\\/\\\/www.visitklagenfurt.at\\\/sl\\\/#\\\/schema\\\/person\\\/a3e77217ef718bf9b74f8a43f03ada41\"},\"headline\":\"Lojze Wieser\",\"datePublished\":\"2025-08-25T11:34:30+00:00\",\"dateModified\":\"2026-08-12T09:16:34+00:00\",\"mainEntityOfPage\":{\"@id\":\"https:\\\/\\\/www.visitklagenfurt.at\\\/sl\\\/dnevi-alpsko-jadranske-kuhinje\\\/kulinaricni-uzitki\\\/lojze-wieser\\\/\"},\"wordCount\":307,\"publisher\":{\"@id\":\"https:\\\/\\\/www.visitklagenfurt.at\\\/sl\\\/#organization\"},\"image\":{\"@id\":\"https:\\\/\\\/www.visitklagenfurt.at\\\/sl\\\/dnevi-alpsko-jadranske-kuhinje\\\/kulinaricni-uzitki\\\/lojze-wieser\\\/#primaryimage\"},\"thumbnailUrl\":\"https:\\\/\\\/www.visitklagenfurt.at\\\/wp-content\\\/uploads\\\/2024\\\/07\\\/tdaak_leiten_max_stiegel_2021_c-tvb_klagenfurt_lukas_lenhardt_5_jpg-web.jpeg\",\"keywords\":[\"Avstrija\",\"Znanje o u\u017eitkih\"],\"articleSection\":[\"Kulinari\u010dne u\u017eitke\"],\"inLanguage\":\"sl-SI\"},{\"@type\":\"WebPage\",\"@id\":\"https:\\\/\\\/www.visitklagenfurt.at\\\/sl\\\/dnevi-alpsko-jadranske-kuhinje\\\/kulinaricni-uzitki\\\/lojze-wieser\\\/\",\"url\":\"https:\\\/\\\/www.visitklagenfurt.at\\\/sl\\\/dnevi-alpsko-jadranske-kuhinje\\\/kulinaricni-uzitki\\\/lojze-wieser\\\/\",\"name\":\"Lojze Wieser | visitklagenfurt\",\"isPartOf\":{\"@id\":\"https:\\\/\\\/www.visitklagenfurt.at\\\/sl\\\/#website\"},\"primaryImageOfPage\":{\"@id\":\"https:\\\/\\\/www.visitklagenfurt.at\\\/sl\\\/dnevi-alpsko-jadranske-kuhinje\\\/kulinaricni-uzitki\\\/lojze-wieser\\\/#primaryimage\"},\"image\":{\"@id\":\"https:\\\/\\\/www.visitklagenfurt.at\\\/sl\\\/dnevi-alpsko-jadranske-kuhinje\\\/kulinaricni-uzitki\\\/lojze-wieser\\\/#primaryimage\"},\"thumbnailUrl\":\"https:\\\/\\\/www.visitklagenfurt.at\\\/wp-content\\\/uploads\\\/2024\\\/07\\\/tdaak_leiten_max_stiegel_2021_c-tvb_klagenfurt_lukas_lenhardt_5_jpg-web.jpeg\",\"datePublished\":\"2025-08-25T11:34:30+00:00\",\"dateModified\":\"2026-08-12T09:16:34+00:00\",\"breadcrumb\":{\"@id\":\"https:\\\/\\\/www.visitklagenfurt.at\\\/sl\\\/dnevi-alpsko-jadranske-kuhinje\\\/kulinaricni-uzitki\\\/lojze-wieser\\\/#breadcrumb\"},\"inLanguage\":\"sl-SI\",\"potentialAction\":[{\"@type\":\"ReadAction\",\"target\":[\"https:\\\/\\\/www.visitklagenfurt.at\\\/sl\\\/dnevi-alpsko-jadranske-kuhinje\\\/kulinaricni-uzitki\\\/lojze-wieser\\\/\"]}]},{\"@type\":\"ImageObject\",\"inLanguage\":\"sl-SI\",\"@id\":\"https:\\\/\\\/www.visitklagenfurt.at\\\/sl\\\/dnevi-alpsko-jadranske-kuhinje\\\/kulinaricni-uzitki\\\/lojze-wieser\\\/#primaryimage\",\"url\":\"https:\\\/\\\/www.visitklagenfurt.at\\\/wp-content\\\/uploads\\\/2024\\\/07\\\/tdaak_leiten_max_stiegel_2021_c-tvb_klagenfurt_lukas_lenhardt_5_jpg-web.jpeg\",\"contentUrl\":\"https:\\\/\\\/www.visitklagenfurt.at\\\/wp-content\\\/uploads\\\/2024\\\/07\\\/tdaak_leiten_max_stiegel_2021_c-tvb_klagenfurt_lukas_lenhardt_5_jpg-web.jpeg\",\"width\":1595,\"height\":2048,\"caption\":\"(c) Lukas Lenhardt\"},{\"@type\":\"BreadcrumbList\",\"@id\":\"https:\\\/\\\/www.visitklagenfurt.at\\\/sl\\\/dnevi-alpsko-jadranske-kuhinje\\\/kulinaricni-uzitki\\\/lojze-wieser\\\/#breadcrumb\",\"itemListElement\":[{\"@type\":\"ListItem\",\"position\":1,\"name\":\"visitklagenfurt\",\"item\":\"https:\\\/\\\/www.visitklagenfurt.at\\\/sl\\\/\"},{\"@type\":\"ListItem\",\"position\":2,\"name\":\"Dnevi alpsko-jadranske kuhinje\",\"item\":\"https:\\\/\\\/www.visitklagenfurt.at\\\/sl\\\/category\\\/dnevi-alpsko-jadranske-kuhinje\\\/\"},{\"@type\":\"ListItem\",\"position\":3,\"name\":\"Kulinari\u010dne u\u017eitke\",\"item\":\"https:\\\/\\\/www.visitklagenfurt.at\\\/sl\\\/category\\\/dnevi-alpsko-jadranske-kuhinje\\\/kulinaricni-uzitki\\\/\"},{\"@type\":\"ListItem\",\"position\":4,\"name\":\"Lojze Wieser\"}]},{\"@type\":\"WebSite\",\"@id\":\"https:\\\/\\\/www.visitklagenfurt.at\\\/sl\\\/#website\",\"url\":\"https:\\\/\\\/www.visitklagenfurt.at\\\/sl\\\/\",\"name\":\"visitklagenfurt\",\"description\":\"\",\"publisher\":{\"@id\":\"https:\\\/\\\/www.visitklagenfurt.at\\\/sl\\\/#organization\"},\"potentialAction\":[{\"@type\":\"SearchAction\",\"target\":{\"@type\":\"EntryPoint\",\"urlTemplate\":\"https:\\\/\\\/www.visitklagenfurt.at\\\/sl\\\/?s={search_term_string}\"},\"query-input\":{\"@type\":\"PropertyValueSpecification\",\"valueRequired\":true,\"valueName\":\"search_term_string\"}}],\"inLanguage\":\"sl-SI\"},{\"@type\":\"Organization\",\"@id\":\"https:\\\/\\\/www.visitklagenfurt.at\\\/sl\\\/#organization\",\"name\":\"Tourismus Region Klagenfurt am W\u00f6rthersee GmbH\",\"url\":\"https:\\\/\\\/www.visitklagenfurt.at\\\/sl\\\/\",\"logo\":{\"@type\":\"ImageObject\",\"inLanguage\":\"sl-SI\",\"@id\":\"https:\\\/\\\/www.visitklagenfurt.at\\\/sl\\\/#\\\/schema\\\/logo\\\/image\\\/\",\"url\":\"https:\\\/\\\/www.visitklagenfurt.at\\\/wp-content\\\/uploads\\\/2022\\\/03\\\/DT_K_Klagenfurt_S_RGB.png\",\"contentUrl\":\"https:\\\/\\\/www.visitklagenfurt.at\\\/wp-content\\\/uploads\\\/2022\\\/03\\\/DT_K_Klagenfurt_S_RGB.png\",\"width\":2082,\"height\":1511,\"caption\":\"Tourismus Region Klagenfurt am W\u00f6rthersee GmbH\"},\"image\":{\"@id\":\"https:\\\/\\\/www.visitklagenfurt.at\\\/sl\\\/#\\\/schema\\\/logo\\\/image\\\/\"}},{\"@type\":\"Person\",\"@id\":\"https:\\\/\\\/www.visitklagenfurt.at\\\/sl\\\/#\\\/schema\\\/person\\\/a3e77217ef718bf9b74f8a43f03ada41\",\"name\":\"Martina Valentinitsch\",\"image\":{\"@type\":\"ImageObject\",\"inLanguage\":\"sl-SI\",\"@id\":\"https:\\\/\\\/secure.gravatar.com\\\/avatar\\\/49ae3bcb12846fb3d976b9823a5af43c4d12e64fb7b52146e0e9ac403a80e415?s=96&d=mm&r=g\",\"url\":\"https:\\\/\\\/secure.gravatar.com\\\/avatar\\\/49ae3bcb12846fb3d976b9823a5af43c4d12e64fb7b52146e0e9ac403a80e415?s=96&d=mm&r=g\",\"contentUrl\":\"https:\\\/\\\/secure.gravatar.com\\\/avatar\\\/49ae3bcb12846fb3d976b9823a5af43c4d12e64fb7b52146e0e9ac403a80e415?s=96&d=mm&r=g\",\"caption\":\"Martina Valentinitsch\"},\"url\":\"https:\\\/\\\/www.visitklagenfurt.at\\\/sl\\\/author\\\/martina_valentinitsch\\\/\"}]}<\/script>\n<!-- \/ Yoast SEO plugin. -->","yoast_head_json":{"title":"Lojze Wieser | visitklagenfurt","robots":{"index":"index","follow":"follow","max-snippet":"max-snippet:-1","max-image-preview":"max-image-preview:large","max-video-preview":"max-video-preview:-1"},"canonical":"https:\/\/www.visitklagenfurt.at\/sl\/dnevi-alpsko-jadranske-kuhinje\/kulinaricni-uzitki\/lojze-wieser\/","og_locale":"sl_SI","og_type":"article","og_title":"Lojze Wieser | visitklagenfurt","og_description":"Lojze Wieser je pravi Evropejec med koro\u0161kimi ustvarjalci: ta koro\u0161ki Slovenec je s zalo\u017ebo Wieser-Verlag \u017ee desetletja prispeval k prepoznavnosti vzhodnoevropske literature. V ve\u010dkrat nagrajeni knji\u017eni in televizijski dokumentarni seriji \u00bbGeschmack Europas\u00ab (Okus Evrope) je pokazal, da sta kulinarika in kulturna identiteta nelo\u010dljivo povezani. Za Wieserja hrana nikoli ni zgolj prehrana, temve\u010d spomin, zgodovina in [&hellip;]","og_url":"https:\/\/www.visitklagenfurt.at\/sl\/dnevi-alpsko-jadranske-kuhinje\/kulinaricni-uzitki\/lojze-wieser\/","og_site_name":"visitklagenfurt","article_published_time":"2025-08-25T11:34:30+00:00","article_modified_time":"2026-08-12T09:16:34+00:00","og_image":[{"width":1595,"height":2048,"url":"https:\/\/www.visitklagenfurt.at\/wp-content\/uploads\/2024\/07\/tdaak_leiten_max_stiegel_2021_c-tvb_klagenfurt_lukas_lenhardt_5_jpg-web.jpeg","type":"image\/jpeg"}],"author":"Martina Valentinitsch","twitter_card":"summary_large_image","twitter_misc":{"Written by":"Martina Valentinitsch","Est. reading time":"2 minuti"},"schema":{"@context":"https:\/\/schema.org","@graph":[{"@type":"Article","@id":"https:\/\/www.visitklagenfurt.at\/sl\/dnevi-alpsko-jadranske-kuhinje\/kulinaricni-uzitki\/lojze-wieser\/#article","isPartOf":{"@id":"https:\/\/www.visitklagenfurt.at\/sl\/dnevi-alpsko-jadranske-kuhinje\/kulinaricni-uzitki\/lojze-wieser\/"},"author":{"name":"Martina Valentinitsch","@id":"https:\/\/www.visitklagenfurt.at\/sl\/#\/schema\/person\/a3e77217ef718bf9b74f8a43f03ada41"},"headline":"Lojze Wieser","datePublished":"2025-08-25T11:34:30+00:00","dateModified":"2026-08-12T09:16:34+00:00","mainEntityOfPage":{"@id":"https:\/\/www.visitklagenfurt.at\/sl\/dnevi-alpsko-jadranske-kuhinje\/kulinaricni-uzitki\/lojze-wieser\/"},"wordCount":307,"publisher":{"@id":"https:\/\/www.visitklagenfurt.at\/sl\/#organization"},"image":{"@id":"https:\/\/www.visitklagenfurt.at\/sl\/dnevi-alpsko-jadranske-kuhinje\/kulinaricni-uzitki\/lojze-wieser\/#primaryimage"},"thumbnailUrl":"https:\/\/www.visitklagenfurt.at\/wp-content\/uploads\/2024\/07\/tdaak_leiten_max_stiegel_2021_c-tvb_klagenfurt_lukas_lenhardt_5_jpg-web.jpeg","keywords":["Avstrija","Znanje o u\u017eitkih"],"articleSection":["Kulinari\u010dne u\u017eitke"],"inLanguage":"sl-SI"},{"@type":"WebPage","@id":"https:\/\/www.visitklagenfurt.at\/sl\/dnevi-alpsko-jadranske-kuhinje\/kulinaricni-uzitki\/lojze-wieser\/","url":"https:\/\/www.visitklagenfurt.at\/sl\/dnevi-alpsko-jadranske-kuhinje\/kulinaricni-uzitki\/lojze-wieser\/","name":"Lojze Wieser | visitklagenfurt","isPartOf":{"@id":"https:\/\/www.visitklagenfurt.at\/sl\/#website"},"primaryImageOfPage":{"@id":"https:\/\/www.visitklagenfurt.at\/sl\/dnevi-alpsko-jadranske-kuhinje\/kulinaricni-uzitki\/lojze-wieser\/#primaryimage"},"image":{"@id":"https:\/\/www.visitklagenfurt.at\/sl\/dnevi-alpsko-jadranske-kuhinje\/kulinaricni-uzitki\/lojze-wieser\/#primaryimage"},"thumbnailUrl":"https:\/\/www.visitklagenfurt.at\/wp-content\/uploads\/2024\/07\/tdaak_leiten_max_stiegel_2021_c-tvb_klagenfurt_lukas_lenhardt_5_jpg-web.jpeg","datePublished":"2025-08-25T11:34:30+00:00","dateModified":"2026-08-12T09:16:34+00:00","breadcrumb":{"@id":"https:\/\/www.visitklagenfurt.at\/sl\/dnevi-alpsko-jadranske-kuhinje\/kulinaricni-uzitki\/lojze-wieser\/#breadcrumb"},"inLanguage":"sl-SI","potentialAction":[{"@type":"ReadAction","target":["https:\/\/www.visitklagenfurt.at\/sl\/dnevi-alpsko-jadranske-kuhinje\/kulinaricni-uzitki\/lojze-wieser\/"]}]},{"@type":"ImageObject","inLanguage":"sl-SI","@id":"https:\/\/www.visitklagenfurt.at\/sl\/dnevi-alpsko-jadranske-kuhinje\/kulinaricni-uzitki\/lojze-wieser\/#primaryimage","url":"https:\/\/www.visitklagenfurt.at\/wp-content\/uploads\/2024\/07\/tdaak_leiten_max_stiegel_2021_c-tvb_klagenfurt_lukas_lenhardt_5_jpg-web.jpeg","contentUrl":"https:\/\/www.visitklagenfurt.at\/wp-content\/uploads\/2024\/07\/tdaak_leiten_max_stiegel_2021_c-tvb_klagenfurt_lukas_lenhardt_5_jpg-web.jpeg","width":1595,"height":2048,"caption":"(c) Lukas Lenhardt"},{"@type":"BreadcrumbList","@id":"https:\/\/www.visitklagenfurt.at\/sl\/dnevi-alpsko-jadranske-kuhinje\/kulinaricni-uzitki\/lojze-wieser\/#breadcrumb","itemListElement":[{"@type":"ListItem","position":1,"name":"visitklagenfurt","item":"https:\/\/www.visitklagenfurt.at\/sl\/"},{"@type":"ListItem","position":2,"name":"Dnevi alpsko-jadranske kuhinje","item":"https:\/\/www.visitklagenfurt.at\/sl\/category\/dnevi-alpsko-jadranske-kuhinje\/"},{"@type":"ListItem","position":3,"name":"Kulinari\u010dne u\u017eitke","item":"https:\/\/www.visitklagenfurt.at\/sl\/category\/dnevi-alpsko-jadranske-kuhinje\/kulinaricni-uzitki\/"},{"@type":"ListItem","position":4,"name":"Lojze Wieser"}]},{"@type":"WebSite","@id":"https:\/\/www.visitklagenfurt.at\/sl\/#website","url":"https:\/\/www.visitklagenfurt.at\/sl\/","name":"visitklagenfurt","description":"","publisher":{"@id":"https:\/\/www.visitklagenfurt.at\/sl\/#organization"},"potentialAction":[{"@type":"SearchAction","target":{"@type":"EntryPoint","urlTemplate":"https:\/\/www.visitklagenfurt.at\/sl\/?s={search_term_string}"},"query-input":{"@type":"PropertyValueSpecification","valueRequired":true,"valueName":"search_term_string"}}],"inLanguage":"sl-SI"},{"@type":"Organization","@id":"https:\/\/www.visitklagenfurt.at\/sl\/#organization","name":"Tourismus Region Klagenfurt am W\u00f6rthersee GmbH","url":"https:\/\/www.visitklagenfurt.at\/sl\/","logo":{"@type":"ImageObject","inLanguage":"sl-SI","@id":"https:\/\/www.visitklagenfurt.at\/sl\/#\/schema\/logo\/image\/","url":"https:\/\/www.visitklagenfurt.at\/wp-content\/uploads\/2022\/03\/DT_K_Klagenfurt_S_RGB.png","contentUrl":"https:\/\/www.visitklagenfurt.at\/wp-content\/uploads\/2022\/03\/DT_K_Klagenfurt_S_RGB.png","width":2082,"height":1511,"caption":"Tourismus Region Klagenfurt am W\u00f6rthersee GmbH"},"image":{"@id":"https:\/\/www.visitklagenfurt.at\/sl\/#\/schema\/logo\/image\/"}},{"@type":"Person","@id":"https:\/\/www.visitklagenfurt.at\/sl\/#\/schema\/person\/a3e77217ef718bf9b74f8a43f03ada41","name":"Martina Valentinitsch","image":{"@type":"ImageObject","inLanguage":"sl-SI","@id":"https:\/\/secure.gravatar.com\/avatar\/49ae3bcb12846fb3d976b9823a5af43c4d12e64fb7b52146e0e9ac403a80e415?s=96&d=mm&r=g","url":"https:\/\/secure.gravatar.com\/avatar\/49ae3bcb12846fb3d976b9823a5af43c4d12e64fb7b52146e0e9ac403a80e415?s=96&d=mm&r=g","contentUrl":"https:\/\/secure.gravatar.com\/avatar\/49ae3bcb12846fb3d976b9823a5af43c4d12e64fb7b52146e0e9ac403a80e415?s=96&d=mm&r=g","caption":"Martina Valentinitsch"},"url":"https:\/\/www.visitklagenfurt.at\/sl\/author\/martina_valentinitsch\/"}]}},"_links":{"self":[{"href":"https:\/\/www.visitklagenfurt.at\/sl\/wp-json\/wp\/v2\/posts\/76523","targetHints":{"allow":["GET"]}}],"collection":[{"href":"https:\/\/www.visitklagenfurt.at\/sl\/wp-json\/wp\/v2\/posts"}],"about":[{"href":"https:\/\/www.visitklagenfurt.at\/sl\/wp-json\/wp\/v2\/types\/post"}],"author":[{"embeddable":true,"href":"https:\/\/www.visitklagenfurt.at\/sl\/wp-json\/wp\/v2\/users\/4"}],"replies":[{"embeddable":true,"href":"https:\/\/www.visitklagenfurt.at\/sl\/wp-json\/wp\/v2\/comments?post=76523"}],"version-history":[{"count":2,"href":"https:\/\/www.visitklagenfurt.at\/sl\/wp-json\/wp\/v2\/posts\/76523\/revisions"}],"predecessor-version":[{"id":80249,"href":"https:\/\/www.visitklagenfurt.at\/sl\/wp-json\/wp\/v2\/posts\/76523\/revisions\/80249"}],"wp:featuredmedia":[{"embeddable":true,"href":"https:\/\/www.visitklagenfurt.at\/sl\/wp-json\/wp\/v2\/media\/67239"}],"wp:attachment":[{"href":"https:\/\/www.visitklagenfurt.at\/sl\/wp-json\/wp\/v2\/media?parent=76523"}],"wp:term":[{"taxonomy":"category","embeddable":true,"href":"https:\/\/www.visitklagenfurt.at\/sl\/wp-json\/wp\/v2\/categories?post=76523"},{"taxonomy":"post_tag","embeddable":true,"href":"https:\/\/www.visitklagenfurt.at\/sl\/wp-json\/wp\/v2\/tags?post=76523"}],"curies":[{"name":"wp","href":"https:\/\/api.w.org\/{rel}","templated":true}]}}