{"id":76548,"date":"2025-08-25T13:35:56","date_gmt":"2025-08-25T11:35:56","guid":{"rendered":"https:\/\/www.visitklagenfurt.at\/blog-sl\/marktplatz-mittelkaernten\/"},"modified":"2026-08-12T11:09:06","modified_gmt":"2026-08-12T09:09:06","slug":"trznica-srednja-karnten","status":"publish","type":"post","link":"https:\/\/www.visitklagenfurt.at\/sl\/dnevi-alpsko-jadranske-kuhinje\/kulinaricni-proizvajalci\/trznica-srednja-karnten\/","title":{"rendered":"Tr\u017enica Osrednja Koro\u0161ka"},"content":{"rendered":"\n<p class=\"wp-block-paragraph\">Raznolikost bogati \u017eivljenje. Raznolikost je strast. \u010cista in pristna. Ob\u010dutite pravo vrednost strasti.   <\/p>\n\n<p class=\"wp-block-paragraph\"><br\/>Tr\u017enica Srednje Koro\u0161ke je \u010dutno popotovanje, ki omogo\u010da do\u017eivetje te o\u010darljive regije v vseh njenih razse\u017enostih. Kakovostno usmerjene vrhunske delavnice, pristna in raznolika gastronomija ter nastanitve, kmetijska gospodarstva, pravo obrtni\u0161tvo, predani vinogradniki, pivovarji in ustvarjalni predelovalci naredijo trg Srednje Koro\u0161ke za pravo sanjsko destinacijo za ljubitelje narave in u\u017eitkarje. Tukaj se regionalnost nedvomno pi\u0161e z velikimi \u010drkami. Obrtni\u0161ki mojstrovini izjemnih osebnosti ustvarjajo edinstveno ponudbo pristnih izdelkov. Rezultat so izdelki z zgodovino in zgodbami, ki so vredni odkritja.    <\/p>\n\n<p class=\"wp-block-paragraph\">Dragocena sre\u010danja, bogatijo\u010di vtisi in bli\u017eina proizvajalcev naredijo tr\u017enico v Srednji Koro\u0161ki edinstveno do\u017eivetje za vsakogar. Izbrane, sve\u017ee sestavine, pristna in domiselna priprava ter najrazli\u010dnej\u0161e kombinacije, dopolnjene z neformalnim oku\u0161anjem in degustacijo. Ne le u\u017eitek za vse \u010dute, temve\u010d tudi u\u017eitek z odgovornostjo. Zakladi regije tu dobijo poseben pomen in stopijo v sredi\u0161\u010de do\u017eivetja.   <\/p>\n\n<p class=\"wp-block-paragraph\"><br\/>Odkrijte svojo \u017eeljo po Srednji Koro\u0161ki in spoznajte \u010dudovite ljudi, ki se skrivajo za njihovimi poklici in strastmi \u2013 v vsej njihovi pristnosti in izjemno od blizu!<\/p>\n","protected":false},"excerpt":{"rendered":"<p>Raznolikost bogati \u017eivljenje. Raznolikost je strast. \u010cista in pristna. Ob\u010dutite pravo vrednost strasti. Tr\u017enica Srednje Koro\u0161ke je \u010dutno popotovanje, ki omogo\u010da do\u017eivetje te o\u010darljive regije v vseh njenih razse\u017enostih. Kakovostno usmerjene vrhunske delavnice, pristna in raznolika gastronomija ter nastanitve, kmetijska gospodarstva, pravo obrtni\u0161tvo, predani vinogradniki, pivovarji in ustvarjalni predelovalci naredijo trg Srednje Koro\u0161ke za pravo [&hellip;]<\/p>\n","protected":false},"author":4,"featured_media":75503,"comment_status":"closed","ping_status":"closed","sticky":false,"template":"","format":"standard","meta":{"footnotes":""},"categories":[948],"tags":[942,950],"class_list":["post-76548","post","type-post","status-publish","format-standard","has-post-thumbnail","hentry","category-kulinaricni-proizvajalci","tag-avstrija","tag-proizvajalci"],"yoast_head":"<!-- This site is optimized with the Yoast SEO plugin v28.4 - https:\/\/yoast.com\/product\/yoast-seo-wordpress\/ -->\n<title>Tr\u017enica Osrednja Koro\u0161ka | visitklagenfurt<\/title>\n<meta name=\"robots\" content=\"index, follow, max-snippet:-1, max-image-preview:large, max-video-preview:-1\" \/>\n<link rel=\"canonical\" href=\"https:\/\/www.visitklagenfurt.at\/sl\/dnevi-alpsko-jadranske-kuhinje\/kulinaricni-proizvajalci\/trznica-srednja-karnten\/\" \/>\n<meta property=\"og:locale\" content=\"sl_SI\" \/>\n<meta property=\"og:type\" content=\"article\" \/>\n<meta property=\"og:title\" content=\"Tr\u017enica Osrednja Koro\u0161ka | visitklagenfurt\" \/>\n<meta property=\"og:description\" content=\"Raznolikost bogati \u017eivljenje. Raznolikost je strast. \u010cista in pristna. Ob\u010dutite pravo vrednost strasti. Tr\u017enica Srednje Koro\u0161ke je \u010dutno popotovanje, ki omogo\u010da do\u017eivetje te o\u010darljive regije v vseh njenih razse\u017enostih. Kakovostno usmerjene vrhunske delavnice, pristna in raznolika gastronomija ter nastanitve, kmetijska gospodarstva, pravo obrtni\u0161tvo, predani vinogradniki, pivovarji in ustvarjalni predelovalci naredijo trg Srednje Koro\u0161ke za pravo [&hellip;]\" \/>\n<meta property=\"og:url\" content=\"https:\/\/www.visitklagenfurt.at\/sl\/dnevi-alpsko-jadranske-kuhinje\/kulinaricni-proizvajalci\/trznica-srednja-karnten\/\" \/>\n<meta property=\"og:site_name\" content=\"visitklagenfurt\" \/>\n<meta property=\"article:published_time\" content=\"2025-08-25T11:35:56+00:00\" \/>\n<meta property=\"article:modified_time\" content=\"2026-08-12T09:09:06+00:00\" \/>\n<meta property=\"og:image\" content=\"https:\/\/www.visitklagenfurt.at\/wp-content\/uploads\/2025\/07\/04_MMK_Kramer_300ppi_c_Elias_Jerusalem.jpg\" \/>\n\t<meta property=\"og:image:width\" content=\"1080\" \/>\n\t<meta property=\"og:image:height\" content=\"720\" \/>\n\t<meta property=\"og:image:type\" content=\"image\/jpeg\" \/>\n<meta name=\"author\" content=\"Martina Valentinitsch\" \/>\n<meta name=\"twitter:card\" content=\"summary_large_image\" \/>\n<meta name=\"twitter:label1\" content=\"Written by\" \/>\n\t<meta name=\"twitter:data1\" content=\"Martina Valentinitsch\" \/>\n\t<meta name=\"twitter:label2\" content=\"Est. reading time\" \/>\n\t<meta name=\"twitter:data2\" content=\"1 minuta\" \/>\n<script type=\"application\/ld+json\" class=\"yoast-schema-graph\">{\"@context\":\"https:\\\/\\\/schema.org\",\"@graph\":[{\"@type\":\"Article\",\"@id\":\"https:\\\/\\\/www.visitklagenfurt.at\\\/sl\\\/dnevi-alpsko-jadranske-kuhinje\\\/kulinaricni-proizvajalci\\\/trznica-srednja-karnten\\\/#article\",\"isPartOf\":{\"@id\":\"https:\\\/\\\/www.visitklagenfurt.at\\\/sl\\\/dnevi-alpsko-jadranske-kuhinje\\\/kulinaricni-proizvajalci\\\/trznica-srednja-karnten\\\/\"},\"author\":{\"name\":\"Martina Valentinitsch\",\"@id\":\"https:\\\/\\\/www.visitklagenfurt.at\\\/sl\\\/#\\\/schema\\\/person\\\/a3e77217ef718bf9b74f8a43f03ada41\"},\"headline\":\"Tr\u017enica Osrednja Koro\u0161ka\",\"datePublished\":\"2025-08-25T11:35:56+00:00\",\"dateModified\":\"2026-08-12T09:09:06+00:00\",\"mainEntityOfPage\":{\"@id\":\"https:\\\/\\\/www.visitklagenfurt.at\\\/sl\\\/dnevi-alpsko-jadranske-kuhinje\\\/kulinaricni-proizvajalci\\\/trznica-srednja-karnten\\\/\"},\"wordCount\":202,\"publisher\":{\"@id\":\"https:\\\/\\\/www.visitklagenfurt.at\\\/sl\\\/#organization\"},\"image\":{\"@id\":\"https:\\\/\\\/www.visitklagenfurt.at\\\/sl\\\/dnevi-alpsko-jadranske-kuhinje\\\/kulinaricni-proizvajalci\\\/trznica-srednja-karnten\\\/#primaryimage\"},\"thumbnailUrl\":\"https:\\\/\\\/www.visitklagenfurt.at\\\/wp-content\\\/uploads\\\/2025\\\/07\\\/04_MMK_Kramer_300ppi_c_Elias_Jerusalem.jpg\",\"keywords\":[\"Avstrija\",\"Proizvajalci\"],\"articleSection\":[\"Proizvajalci kulinari\u010dnih izdelkov\"],\"inLanguage\":\"sl-SI\"},{\"@type\":\"WebPage\",\"@id\":\"https:\\\/\\\/www.visitklagenfurt.at\\\/sl\\\/dnevi-alpsko-jadranske-kuhinje\\\/kulinaricni-proizvajalci\\\/trznica-srednja-karnten\\\/\",\"url\":\"https:\\\/\\\/www.visitklagenfurt.at\\\/sl\\\/dnevi-alpsko-jadranske-kuhinje\\\/kulinaricni-proizvajalci\\\/trznica-srednja-karnten\\\/\",\"name\":\"Tr\u017enica Osrednja Koro\u0161ka | visitklagenfurt\",\"isPartOf\":{\"@id\":\"https:\\\/\\\/www.visitklagenfurt.at\\\/sl\\\/#website\"},\"primaryImageOfPage\":{\"@id\":\"https:\\\/\\\/www.visitklagenfurt.at\\\/sl\\\/dnevi-alpsko-jadranske-kuhinje\\\/kulinaricni-proizvajalci\\\/trznica-srednja-karnten\\\/#primaryimage\"},\"image\":{\"@id\":\"https:\\\/\\\/www.visitklagenfurt.at\\\/sl\\\/dnevi-alpsko-jadranske-kuhinje\\\/kulinaricni-proizvajalci\\\/trznica-srednja-karnten\\\/#primaryimage\"},\"thumbnailUrl\":\"https:\\\/\\\/www.visitklagenfurt.at\\\/wp-content\\\/uploads\\\/2025\\\/07\\\/04_MMK_Kramer_300ppi_c_Elias_Jerusalem.jpg\",\"datePublished\":\"2025-08-25T11:35:56+00:00\",\"dateModified\":\"2026-08-12T09:09:06+00:00\",\"breadcrumb\":{\"@id\":\"https:\\\/\\\/www.visitklagenfurt.at\\\/sl\\\/dnevi-alpsko-jadranske-kuhinje\\\/kulinaricni-proizvajalci\\\/trznica-srednja-karnten\\\/#breadcrumb\"},\"inLanguage\":\"sl-SI\",\"potentialAction\":[{\"@type\":\"ReadAction\",\"target\":[\"https:\\\/\\\/www.visitklagenfurt.at\\\/sl\\\/dnevi-alpsko-jadranske-kuhinje\\\/kulinaricni-proizvajalci\\\/trznica-srednja-karnten\\\/\"]}]},{\"@type\":\"ImageObject\",\"inLanguage\":\"sl-SI\",\"@id\":\"https:\\\/\\\/www.visitklagenfurt.at\\\/sl\\\/dnevi-alpsko-jadranske-kuhinje\\\/kulinaricni-proizvajalci\\\/trznica-srednja-karnten\\\/#primaryimage\",\"url\":\"https:\\\/\\\/www.visitklagenfurt.at\\\/wp-content\\\/uploads\\\/2025\\\/07\\\/04_MMK_Kramer_300ppi_c_Elias_Jerusalem.jpg\",\"contentUrl\":\"https:\\\/\\\/www.visitklagenfurt.at\\\/wp-content\\\/uploads\\\/2025\\\/07\\\/04_MMK_Kramer_300ppi_c_Elias_Jerusalem.jpg\",\"width\":1080,\"height\":720,\"caption\":\"Gasthof Kramer\"},{\"@type\":\"BreadcrumbList\",\"@id\":\"https:\\\/\\\/www.visitklagenfurt.at\\\/sl\\\/dnevi-alpsko-jadranske-kuhinje\\\/kulinaricni-proizvajalci\\\/trznica-srednja-karnten\\\/#breadcrumb\",\"itemListElement\":[{\"@type\":\"ListItem\",\"position\":1,\"name\":\"visitklagenfurt\",\"item\":\"https:\\\/\\\/www.visitklagenfurt.at\\\/sl\\\/\"},{\"@type\":\"ListItem\",\"position\":2,\"name\":\"Dnevi alpsko-jadranske kuhinje\",\"item\":\"https:\\\/\\\/www.visitklagenfurt.at\\\/sl\\\/category\\\/dnevi-alpsko-jadranske-kuhinje\\\/\"},{\"@type\":\"ListItem\",\"position\":3,\"name\":\"Proizvajalci kulinari\u010dnih izdelkov\",\"item\":\"https:\\\/\\\/www.visitklagenfurt.at\\\/sl\\\/category\\\/dnevi-alpsko-jadranske-kuhinje\\\/kulinaricni-proizvajalci\\\/\"},{\"@type\":\"ListItem\",\"position\":4,\"name\":\"Tr\u017enica Osrednja Koro\u0161ka\"}]},{\"@type\":\"WebSite\",\"@id\":\"https:\\\/\\\/www.visitklagenfurt.at\\\/sl\\\/#website\",\"url\":\"https:\\\/\\\/www.visitklagenfurt.at\\\/sl\\\/\",\"name\":\"visitklagenfurt\",\"description\":\"\",\"publisher\":{\"@id\":\"https:\\\/\\\/www.visitklagenfurt.at\\\/sl\\\/#organization\"},\"potentialAction\":[{\"@type\":\"SearchAction\",\"target\":{\"@type\":\"EntryPoint\",\"urlTemplate\":\"https:\\\/\\\/www.visitklagenfurt.at\\\/sl\\\/?s={search_term_string}\"},\"query-input\":{\"@type\":\"PropertyValueSpecification\",\"valueRequired\":true,\"valueName\":\"search_term_string\"}}],\"inLanguage\":\"sl-SI\"},{\"@type\":\"Organization\",\"@id\":\"https:\\\/\\\/www.visitklagenfurt.at\\\/sl\\\/#organization\",\"name\":\"Tourismus Region Klagenfurt am W\u00f6rthersee GmbH\",\"url\":\"https:\\\/\\\/www.visitklagenfurt.at\\\/sl\\\/\",\"logo\":{\"@type\":\"ImageObject\",\"inLanguage\":\"sl-SI\",\"@id\":\"https:\\\/\\\/www.visitklagenfurt.at\\\/sl\\\/#\\\/schema\\\/logo\\\/image\\\/\",\"url\":\"https:\\\/\\\/www.visitklagenfurt.at\\\/wp-content\\\/uploads\\\/2022\\\/03\\\/DT_K_Klagenfurt_S_RGB.png\",\"contentUrl\":\"https:\\\/\\\/www.visitklagenfurt.at\\\/wp-content\\\/uploads\\\/2022\\\/03\\\/DT_K_Klagenfurt_S_RGB.png\",\"width\":2082,\"height\":1511,\"caption\":\"Tourismus Region Klagenfurt am W\u00f6rthersee GmbH\"},\"image\":{\"@id\":\"https:\\\/\\\/www.visitklagenfurt.at\\\/sl\\\/#\\\/schema\\\/logo\\\/image\\\/\"}},{\"@type\":\"Person\",\"@id\":\"https:\\\/\\\/www.visitklagenfurt.at\\\/sl\\\/#\\\/schema\\\/person\\\/a3e77217ef718bf9b74f8a43f03ada41\",\"name\":\"Martina Valentinitsch\",\"image\":{\"@type\":\"ImageObject\",\"inLanguage\":\"sl-SI\",\"@id\":\"https:\\\/\\\/secure.gravatar.com\\\/avatar\\\/49ae3bcb12846fb3d976b9823a5af43c4d12e64fb7b52146e0e9ac403a80e415?s=96&d=mm&r=g\",\"url\":\"https:\\\/\\\/secure.gravatar.com\\\/avatar\\\/49ae3bcb12846fb3d976b9823a5af43c4d12e64fb7b52146e0e9ac403a80e415?s=96&d=mm&r=g\",\"contentUrl\":\"https:\\\/\\\/secure.gravatar.com\\\/avatar\\\/49ae3bcb12846fb3d976b9823a5af43c4d12e64fb7b52146e0e9ac403a80e415?s=96&d=mm&r=g\",\"caption\":\"Martina Valentinitsch\"},\"url\":\"https:\\\/\\\/www.visitklagenfurt.at\\\/sl\\\/author\\\/martina_valentinitsch\\\/\"}]}<\/script>\n<!-- \/ Yoast SEO plugin. -->","yoast_head_json":{"title":"Tr\u017enica Osrednja Koro\u0161ka | visitklagenfurt","robots":{"index":"index","follow":"follow","max-snippet":"max-snippet:-1","max-image-preview":"max-image-preview:large","max-video-preview":"max-video-preview:-1"},"canonical":"https:\/\/www.visitklagenfurt.at\/sl\/dnevi-alpsko-jadranske-kuhinje\/kulinaricni-proizvajalci\/trznica-srednja-karnten\/","og_locale":"sl_SI","og_type":"article","og_title":"Tr\u017enica Osrednja Koro\u0161ka | visitklagenfurt","og_description":"Raznolikost bogati \u017eivljenje. Raznolikost je strast. \u010cista in pristna. Ob\u010dutite pravo vrednost strasti. Tr\u017enica Srednje Koro\u0161ke je \u010dutno popotovanje, ki omogo\u010da do\u017eivetje te o\u010darljive regije v vseh njenih razse\u017enostih. Kakovostno usmerjene vrhunske delavnice, pristna in raznolika gastronomija ter nastanitve, kmetijska gospodarstva, pravo obrtni\u0161tvo, predani vinogradniki, pivovarji in ustvarjalni predelovalci naredijo trg Srednje Koro\u0161ke za pravo [&hellip;]","og_url":"https:\/\/www.visitklagenfurt.at\/sl\/dnevi-alpsko-jadranske-kuhinje\/kulinaricni-proizvajalci\/trznica-srednja-karnten\/","og_site_name":"visitklagenfurt","article_published_time":"2025-08-25T11:35:56+00:00","article_modified_time":"2026-08-12T09:09:06+00:00","og_image":[{"width":1080,"height":720,"url":"https:\/\/www.visitklagenfurt.at\/wp-content\/uploads\/2025\/07\/04_MMK_Kramer_300ppi_c_Elias_Jerusalem.jpg","type":"image\/jpeg"}],"author":"Martina Valentinitsch","twitter_card":"summary_large_image","twitter_misc":{"Written by":"Martina Valentinitsch","Est. reading time":"1 minuta"},"schema":{"@context":"https:\/\/schema.org","@graph":[{"@type":"Article","@id":"https:\/\/www.visitklagenfurt.at\/sl\/dnevi-alpsko-jadranske-kuhinje\/kulinaricni-proizvajalci\/trznica-srednja-karnten\/#article","isPartOf":{"@id":"https:\/\/www.visitklagenfurt.at\/sl\/dnevi-alpsko-jadranske-kuhinje\/kulinaricni-proizvajalci\/trznica-srednja-karnten\/"},"author":{"name":"Martina Valentinitsch","@id":"https:\/\/www.visitklagenfurt.at\/sl\/#\/schema\/person\/a3e77217ef718bf9b74f8a43f03ada41"},"headline":"Tr\u017enica Osrednja Koro\u0161ka","datePublished":"2025-08-25T11:35:56+00:00","dateModified":"2026-08-12T09:09:06+00:00","mainEntityOfPage":{"@id":"https:\/\/www.visitklagenfurt.at\/sl\/dnevi-alpsko-jadranske-kuhinje\/kulinaricni-proizvajalci\/trznica-srednja-karnten\/"},"wordCount":202,"publisher":{"@id":"https:\/\/www.visitklagenfurt.at\/sl\/#organization"},"image":{"@id":"https:\/\/www.visitklagenfurt.at\/sl\/dnevi-alpsko-jadranske-kuhinje\/kulinaricni-proizvajalci\/trznica-srednja-karnten\/#primaryimage"},"thumbnailUrl":"https:\/\/www.visitklagenfurt.at\/wp-content\/uploads\/2025\/07\/04_MMK_Kramer_300ppi_c_Elias_Jerusalem.jpg","keywords":["Avstrija","Proizvajalci"],"articleSection":["Proizvajalci kulinari\u010dnih izdelkov"],"inLanguage":"sl-SI"},{"@type":"WebPage","@id":"https:\/\/www.visitklagenfurt.at\/sl\/dnevi-alpsko-jadranske-kuhinje\/kulinaricni-proizvajalci\/trznica-srednja-karnten\/","url":"https:\/\/www.visitklagenfurt.at\/sl\/dnevi-alpsko-jadranske-kuhinje\/kulinaricni-proizvajalci\/trznica-srednja-karnten\/","name":"Tr\u017enica Osrednja Koro\u0161ka | visitklagenfurt","isPartOf":{"@id":"https:\/\/www.visitklagenfurt.at\/sl\/#website"},"primaryImageOfPage":{"@id":"https:\/\/www.visitklagenfurt.at\/sl\/dnevi-alpsko-jadranske-kuhinje\/kulinaricni-proizvajalci\/trznica-srednja-karnten\/#primaryimage"},"image":{"@id":"https:\/\/www.visitklagenfurt.at\/sl\/dnevi-alpsko-jadranske-kuhinje\/kulinaricni-proizvajalci\/trznica-srednja-karnten\/#primaryimage"},"thumbnailUrl":"https:\/\/www.visitklagenfurt.at\/wp-content\/uploads\/2025\/07\/04_MMK_Kramer_300ppi_c_Elias_Jerusalem.jpg","datePublished":"2025-08-25T11:35:56+00:00","dateModified":"2026-08-12T09:09:06+00:00","breadcrumb":{"@id":"https:\/\/www.visitklagenfurt.at\/sl\/dnevi-alpsko-jadranske-kuhinje\/kulinaricni-proizvajalci\/trznica-srednja-karnten\/#breadcrumb"},"inLanguage":"sl-SI","potentialAction":[{"@type":"ReadAction","target":["https:\/\/www.visitklagenfurt.at\/sl\/dnevi-alpsko-jadranske-kuhinje\/kulinaricni-proizvajalci\/trznica-srednja-karnten\/"]}]},{"@type":"ImageObject","inLanguage":"sl-SI","@id":"https:\/\/www.visitklagenfurt.at\/sl\/dnevi-alpsko-jadranske-kuhinje\/kulinaricni-proizvajalci\/trznica-srednja-karnten\/#primaryimage","url":"https:\/\/www.visitklagenfurt.at\/wp-content\/uploads\/2025\/07\/04_MMK_Kramer_300ppi_c_Elias_Jerusalem.jpg","contentUrl":"https:\/\/www.visitklagenfurt.at\/wp-content\/uploads\/2025\/07\/04_MMK_Kramer_300ppi_c_Elias_Jerusalem.jpg","width":1080,"height":720,"caption":"Gasthof Kramer"},{"@type":"BreadcrumbList","@id":"https:\/\/www.visitklagenfurt.at\/sl\/dnevi-alpsko-jadranske-kuhinje\/kulinaricni-proizvajalci\/trznica-srednja-karnten\/#breadcrumb","itemListElement":[{"@type":"ListItem","position":1,"name":"visitklagenfurt","item":"https:\/\/www.visitklagenfurt.at\/sl\/"},{"@type":"ListItem","position":2,"name":"Dnevi alpsko-jadranske kuhinje","item":"https:\/\/www.visitklagenfurt.at\/sl\/category\/dnevi-alpsko-jadranske-kuhinje\/"},{"@type":"ListItem","position":3,"name":"Proizvajalci kulinari\u010dnih izdelkov","item":"https:\/\/www.visitklagenfurt.at\/sl\/category\/dnevi-alpsko-jadranske-kuhinje\/kulinaricni-proizvajalci\/"},{"@type":"ListItem","position":4,"name":"Tr\u017enica Osrednja Koro\u0161ka"}]},{"@type":"WebSite","@id":"https:\/\/www.visitklagenfurt.at\/sl\/#website","url":"https:\/\/www.visitklagenfurt.at\/sl\/","name":"visitklagenfurt","description":"","publisher":{"@id":"https:\/\/www.visitklagenfurt.at\/sl\/#organization"},"potentialAction":[{"@type":"SearchAction","target":{"@type":"EntryPoint","urlTemplate":"https:\/\/www.visitklagenfurt.at\/sl\/?s={search_term_string}"},"query-input":{"@type":"PropertyValueSpecification","valueRequired":true,"valueName":"search_term_string"}}],"inLanguage":"sl-SI"},{"@type":"Organization","@id":"https:\/\/www.visitklagenfurt.at\/sl\/#organization","name":"Tourismus Region Klagenfurt am W\u00f6rthersee GmbH","url":"https:\/\/www.visitklagenfurt.at\/sl\/","logo":{"@type":"ImageObject","inLanguage":"sl-SI","@id":"https:\/\/www.visitklagenfurt.at\/sl\/#\/schema\/logo\/image\/","url":"https:\/\/www.visitklagenfurt.at\/wp-content\/uploads\/2022\/03\/DT_K_Klagenfurt_S_RGB.png","contentUrl":"https:\/\/www.visitklagenfurt.at\/wp-content\/uploads\/2022\/03\/DT_K_Klagenfurt_S_RGB.png","width":2082,"height":1511,"caption":"Tourismus Region Klagenfurt am W\u00f6rthersee GmbH"},"image":{"@id":"https:\/\/www.visitklagenfurt.at\/sl\/#\/schema\/logo\/image\/"}},{"@type":"Person","@id":"https:\/\/www.visitklagenfurt.at\/sl\/#\/schema\/person\/a3e77217ef718bf9b74f8a43f03ada41","name":"Martina Valentinitsch","image":{"@type":"ImageObject","inLanguage":"sl-SI","@id":"https:\/\/secure.gravatar.com\/avatar\/49ae3bcb12846fb3d976b9823a5af43c4d12e64fb7b52146e0e9ac403a80e415?s=96&d=mm&r=g","url":"https:\/\/secure.gravatar.com\/avatar\/49ae3bcb12846fb3d976b9823a5af43c4d12e64fb7b52146e0e9ac403a80e415?s=96&d=mm&r=g","contentUrl":"https:\/\/secure.gravatar.com\/avatar\/49ae3bcb12846fb3d976b9823a5af43c4d12e64fb7b52146e0e9ac403a80e415?s=96&d=mm&r=g","caption":"Martina Valentinitsch"},"url":"https:\/\/www.visitklagenfurt.at\/sl\/author\/martina_valentinitsch\/"}]}},"_links":{"self":[{"href":"https:\/\/www.visitklagenfurt.at\/sl\/wp-json\/wp\/v2\/posts\/76548","targetHints":{"allow":["GET"]}}],"collection":[{"href":"https:\/\/www.visitklagenfurt.at\/sl\/wp-json\/wp\/v2\/posts"}],"about":[{"href":"https:\/\/www.visitklagenfurt.at\/sl\/wp-json\/wp\/v2\/types\/post"}],"author":[{"embeddable":true,"href":"https:\/\/www.visitklagenfurt.at\/sl\/wp-json\/wp\/v2\/users\/4"}],"replies":[{"embeddable":true,"href":"https:\/\/www.visitklagenfurt.at\/sl\/wp-json\/wp\/v2\/comments?post=76548"}],"version-history":[{"count":2,"href":"https:\/\/www.visitklagenfurt.at\/sl\/wp-json\/wp\/v2\/posts\/76548\/revisions"}],"predecessor-version":[{"id":80171,"href":"https:\/\/www.visitklagenfurt.at\/sl\/wp-json\/wp\/v2\/posts\/76548\/revisions\/80171"}],"wp:featuredmedia":[{"embeddable":true,"href":"https:\/\/www.visitklagenfurt.at\/sl\/wp-json\/wp\/v2\/media\/75503"}],"wp:attachment":[{"href":"https:\/\/www.visitklagenfurt.at\/sl\/wp-json\/wp\/v2\/media?parent=76548"}],"wp:term":[{"taxonomy":"category","embeddable":true,"href":"https:\/\/www.visitklagenfurt.at\/sl\/wp-json\/wp\/v2\/categories?post=76548"},{"taxonomy":"post_tag","embeddable":true,"href":"https:\/\/www.visitklagenfurt.at\/sl\/wp-json\/wp\/v2\/tags?post=76548"}],"curies":[{"name":"wp","href":"https:\/\/api.w.org\/{rel}","templated":true}]}}