{"id":76555,"date":"2025-08-25T13:35:59","date_gmt":"2025-08-25T11:35:59","guid":{"rendered":"https:\/\/www.visitklagenfurt.at\/blog-sl\/hirter-bier\/"},"modified":"2026-08-12T11:08:56","modified_gmt":"2026-08-12T09:08:56","slug":"pivo-hirter","status":"publish","type":"post","link":"https:\/\/www.visitklagenfurt.at\/sl\/dnevi-alpsko-jadranske-kuhinje\/kulinaricni-proizvajalci\/pivo-hirter\/","title":{"rendered":"Pivo Hirter"},"content":{"rendered":"\n<p class=\"wp-block-paragraph\">Nekatere stvari potrebujejo \u010das \u2013 \u010das, da se kakovost dozori, da se razvije pravi okus in da se omogo\u010dijo posebni trenutki. \u017de od leta 1270 na\u0161emu pivu namenjamo prav ta \u010das \u2013 od prvega zrna do popolnega u\u017eitka. Kot edina srednje velika zasebna pivovarna v Koro\u0161ki smo sinonim za vrhunska piva in pristne trenutke u\u017eitka, ki ostanejo v spominu.  <\/p>\n\n<p class=\"wp-block-paragraph\"><\/p>\n","protected":false},"excerpt":{"rendered":"<p>Nekatere stvari potrebujejo \u010das \u2013 \u010das, da se kakovost dozori, da se razvije pravi okus in da se omogo\u010dijo posebni trenutki. \u017de od leta 1270 na\u0161emu pivu namenjamo prav ta \u010das \u2013 od prvega zrna do popolnega u\u017eitka. Kot edina srednje velika zasebna pivovarna v Koro\u0161ki smo sinonim za vrhunska piva in pristne trenutke u\u017eitka, [&hellip;]<\/p>\n","protected":false},"author":4,"featured_media":55702,"comment_status":"closed","ping_status":"closed","sticky":false,"template":"","format":"standard","meta":{"footnotes":""},"categories":[948],"tags":[942,950],"class_list":["post-76555","post","type-post","status-publish","format-standard","has-post-thumbnail","hentry","category-kulinaricni-proizvajalci","tag-avstrija","tag-proizvajalci"],"yoast_head":"<!-- This site is optimized with the Yoast SEO plugin v28.4 - https:\/\/yoast.com\/product\/yoast-seo-wordpress\/ -->\n<title>Pivo Hirter | visitklagenfurt<\/title>\n<meta name=\"robots\" content=\"index, follow, max-snippet:-1, max-image-preview:large, max-video-preview:-1\" \/>\n<link rel=\"canonical\" href=\"https:\/\/www.visitklagenfurt.at\/sl\/dnevi-alpsko-jadranske-kuhinje\/kulinaricni-proizvajalci\/pivo-hirter\/\" \/>\n<meta property=\"og:locale\" content=\"sl_SI\" \/>\n<meta property=\"og:type\" content=\"article\" \/>\n<meta property=\"og:title\" content=\"Pivo Hirter | visitklagenfurt\" \/>\n<meta property=\"og:description\" content=\"Nekatere stvari potrebujejo \u010das \u2013 \u010das, da se kakovost dozori, da se razvije pravi okus in da se omogo\u010dijo posebni trenutki. \u017de od leta 1270 na\u0161emu pivu namenjamo prav ta \u010das \u2013 od prvega zrna do popolnega u\u017eitka. Kot edina srednje velika zasebna pivovarna v Koro\u0161ki smo sinonim za vrhunska piva in pristne trenutke u\u017eitka, [&hellip;]\" \/>\n<meta property=\"og:url\" content=\"https:\/\/www.visitklagenfurt.at\/sl\/dnevi-alpsko-jadranske-kuhinje\/kulinaricni-proizvajalci\/pivo-hirter\/\" \/>\n<meta property=\"og:site_name\" content=\"visitklagenfurt\" \/>\n<meta property=\"article:published_time\" content=\"2025-08-25T11:35:59+00:00\" \/>\n<meta property=\"article:modified_time\" content=\"2026-08-12T09:08:56+00:00\" \/>\n<meta property=\"og:image\" content=\"https:\/\/www.visitklagenfurt.at\/wp-content\/uploads\/2023\/07\/Hirter-Bier_Prost_\u00a9-Privatbrauerei-Hirt-.jpg\" \/>\n\t<meta property=\"og:image:width\" content=\"2953\" \/>\n\t<meta property=\"og:image:height\" content=\"1969\" \/>\n\t<meta property=\"og:image:type\" content=\"image\/jpeg\" \/>\n<meta name=\"author\" content=\"Martina Valentinitsch\" \/>\n<meta name=\"twitter:card\" content=\"summary_large_image\" \/>\n<meta name=\"twitter:label1\" content=\"Written by\" \/>\n\t<meta name=\"twitter:data1\" content=\"Martina Valentinitsch\" \/>\n<script type=\"application\/ld+json\" class=\"yoast-schema-graph\">{\"@context\":\"https:\\\/\\\/schema.org\",\"@graph\":[{\"@type\":\"Article\",\"@id\":\"https:\\\/\\\/www.visitklagenfurt.at\\\/sl\\\/dnevi-alpsko-jadranske-kuhinje\\\/kulinaricni-proizvajalci\\\/pivo-hirter\\\/#article\",\"isPartOf\":{\"@id\":\"https:\\\/\\\/www.visitklagenfurt.at\\\/sl\\\/dnevi-alpsko-jadranske-kuhinje\\\/kulinaricni-proizvajalci\\\/pivo-hirter\\\/\"},\"author\":{\"name\":\"Martina Valentinitsch\",\"@id\":\"https:\\\/\\\/www.visitklagenfurt.at\\\/sl\\\/#\\\/schema\\\/person\\\/a3e77217ef718bf9b74f8a43f03ada41\"},\"headline\":\"Pivo Hirter\",\"datePublished\":\"2025-08-25T11:35:59+00:00\",\"dateModified\":\"2026-08-12T09:08:56+00:00\",\"mainEntityOfPage\":{\"@id\":\"https:\\\/\\\/www.visitklagenfurt.at\\\/sl\\\/dnevi-alpsko-jadranske-kuhinje\\\/kulinaricni-proizvajalci\\\/pivo-hirter\\\/\"},\"wordCount\":63,\"publisher\":{\"@id\":\"https:\\\/\\\/www.visitklagenfurt.at\\\/sl\\\/#organization\"},\"image\":{\"@id\":\"https:\\\/\\\/www.visitklagenfurt.at\\\/sl\\\/dnevi-alpsko-jadranske-kuhinje\\\/kulinaricni-proizvajalci\\\/pivo-hirter\\\/#primaryimage\"},\"thumbnailUrl\":\"https:\\\/\\\/www.visitklagenfurt.at\\\/wp-content\\\/uploads\\\/2023\\\/07\\\/Hirter-Bier_Prost_\u00a9-Privatbrauerei-Hirt-.jpg\",\"keywords\":[\"Avstrija\",\"Proizvajalci\"],\"articleSection\":[\"Proizvajalci kulinari\u010dnih izdelkov\"],\"inLanguage\":\"sl-SI\"},{\"@type\":\"WebPage\",\"@id\":\"https:\\\/\\\/www.visitklagenfurt.at\\\/sl\\\/dnevi-alpsko-jadranske-kuhinje\\\/kulinaricni-proizvajalci\\\/pivo-hirter\\\/\",\"url\":\"https:\\\/\\\/www.visitklagenfurt.at\\\/sl\\\/dnevi-alpsko-jadranske-kuhinje\\\/kulinaricni-proizvajalci\\\/pivo-hirter\\\/\",\"name\":\"Pivo Hirter | visitklagenfurt\",\"isPartOf\":{\"@id\":\"https:\\\/\\\/www.visitklagenfurt.at\\\/sl\\\/#website\"},\"primaryImageOfPage\":{\"@id\":\"https:\\\/\\\/www.visitklagenfurt.at\\\/sl\\\/dnevi-alpsko-jadranske-kuhinje\\\/kulinaricni-proizvajalci\\\/pivo-hirter\\\/#primaryimage\"},\"image\":{\"@id\":\"https:\\\/\\\/www.visitklagenfurt.at\\\/sl\\\/dnevi-alpsko-jadranske-kuhinje\\\/kulinaricni-proizvajalci\\\/pivo-hirter\\\/#primaryimage\"},\"thumbnailUrl\":\"https:\\\/\\\/www.visitklagenfurt.at\\\/wp-content\\\/uploads\\\/2023\\\/07\\\/Hirter-Bier_Prost_\u00a9-Privatbrauerei-Hirt-.jpg\",\"datePublished\":\"2025-08-25T11:35:59+00:00\",\"dateModified\":\"2026-08-12T09:08:56+00:00\",\"breadcrumb\":{\"@id\":\"https:\\\/\\\/www.visitklagenfurt.at\\\/sl\\\/dnevi-alpsko-jadranske-kuhinje\\\/kulinaricni-proizvajalci\\\/pivo-hirter\\\/#breadcrumb\"},\"inLanguage\":\"sl-SI\",\"potentialAction\":[{\"@type\":\"ReadAction\",\"target\":[\"https:\\\/\\\/www.visitklagenfurt.at\\\/sl\\\/dnevi-alpsko-jadranske-kuhinje\\\/kulinaricni-proizvajalci\\\/pivo-hirter\\\/\"]}]},{\"@type\":\"ImageObject\",\"inLanguage\":\"sl-SI\",\"@id\":\"https:\\\/\\\/www.visitklagenfurt.at\\\/sl\\\/dnevi-alpsko-jadranske-kuhinje\\\/kulinaricni-proizvajalci\\\/pivo-hirter\\\/#primaryimage\",\"url\":\"https:\\\/\\\/www.visitklagenfurt.at\\\/wp-content\\\/uploads\\\/2023\\\/07\\\/Hirter-Bier_Prost_\u00a9-Privatbrauerei-Hirt-.jpg\",\"contentUrl\":\"https:\\\/\\\/www.visitklagenfurt.at\\\/wp-content\\\/uploads\\\/2023\\\/07\\\/Hirter-Bier_Prost_\u00a9-Privatbrauerei-Hirt-.jpg\",\"width\":2953,\"height\":1969,\"caption\":\"(c) Privatbrauerei Hirt\"},{\"@type\":\"BreadcrumbList\",\"@id\":\"https:\\\/\\\/www.visitklagenfurt.at\\\/sl\\\/dnevi-alpsko-jadranske-kuhinje\\\/kulinaricni-proizvajalci\\\/pivo-hirter\\\/#breadcrumb\",\"itemListElement\":[{\"@type\":\"ListItem\",\"position\":1,\"name\":\"visitklagenfurt\",\"item\":\"https:\\\/\\\/www.visitklagenfurt.at\\\/sl\\\/\"},{\"@type\":\"ListItem\",\"position\":2,\"name\":\"Dnevi alpsko-jadranske kuhinje\",\"item\":\"https:\\\/\\\/www.visitklagenfurt.at\\\/sl\\\/category\\\/dnevi-alpsko-jadranske-kuhinje\\\/\"},{\"@type\":\"ListItem\",\"position\":3,\"name\":\"Proizvajalci kulinari\u010dnih izdelkov\",\"item\":\"https:\\\/\\\/www.visitklagenfurt.at\\\/sl\\\/category\\\/dnevi-alpsko-jadranske-kuhinje\\\/kulinaricni-proizvajalci\\\/\"},{\"@type\":\"ListItem\",\"position\":4,\"name\":\"Pivo Hirter\"}]},{\"@type\":\"WebSite\",\"@id\":\"https:\\\/\\\/www.visitklagenfurt.at\\\/sl\\\/#website\",\"url\":\"https:\\\/\\\/www.visitklagenfurt.at\\\/sl\\\/\",\"name\":\"visitklagenfurt\",\"description\":\"\",\"publisher\":{\"@id\":\"https:\\\/\\\/www.visitklagenfurt.at\\\/sl\\\/#organization\"},\"potentialAction\":[{\"@type\":\"SearchAction\",\"target\":{\"@type\":\"EntryPoint\",\"urlTemplate\":\"https:\\\/\\\/www.visitklagenfurt.at\\\/sl\\\/?s={search_term_string}\"},\"query-input\":{\"@type\":\"PropertyValueSpecification\",\"valueRequired\":true,\"valueName\":\"search_term_string\"}}],\"inLanguage\":\"sl-SI\"},{\"@type\":\"Organization\",\"@id\":\"https:\\\/\\\/www.visitklagenfurt.at\\\/sl\\\/#organization\",\"name\":\"Tourismus Region Klagenfurt am W\u00f6rthersee GmbH\",\"url\":\"https:\\\/\\\/www.visitklagenfurt.at\\\/sl\\\/\",\"logo\":{\"@type\":\"ImageObject\",\"inLanguage\":\"sl-SI\",\"@id\":\"https:\\\/\\\/www.visitklagenfurt.at\\\/sl\\\/#\\\/schema\\\/logo\\\/image\\\/\",\"url\":\"https:\\\/\\\/www.visitklagenfurt.at\\\/wp-content\\\/uploads\\\/2022\\\/03\\\/DT_K_Klagenfurt_S_RGB.png\",\"contentUrl\":\"https:\\\/\\\/www.visitklagenfurt.at\\\/wp-content\\\/uploads\\\/2022\\\/03\\\/DT_K_Klagenfurt_S_RGB.png\",\"width\":2082,\"height\":1511,\"caption\":\"Tourismus Region Klagenfurt am W\u00f6rthersee GmbH\"},\"image\":{\"@id\":\"https:\\\/\\\/www.visitklagenfurt.at\\\/sl\\\/#\\\/schema\\\/logo\\\/image\\\/\"}},{\"@type\":\"Person\",\"@id\":\"https:\\\/\\\/www.visitklagenfurt.at\\\/sl\\\/#\\\/schema\\\/person\\\/a3e77217ef718bf9b74f8a43f03ada41\",\"name\":\"Martina Valentinitsch\",\"image\":{\"@type\":\"ImageObject\",\"inLanguage\":\"sl-SI\",\"@id\":\"https:\\\/\\\/secure.gravatar.com\\\/avatar\\\/49ae3bcb12846fb3d976b9823a5af43c4d12e64fb7b52146e0e9ac403a80e415?s=96&d=mm&r=g\",\"url\":\"https:\\\/\\\/secure.gravatar.com\\\/avatar\\\/49ae3bcb12846fb3d976b9823a5af43c4d12e64fb7b52146e0e9ac403a80e415?s=96&d=mm&r=g\",\"contentUrl\":\"https:\\\/\\\/secure.gravatar.com\\\/avatar\\\/49ae3bcb12846fb3d976b9823a5af43c4d12e64fb7b52146e0e9ac403a80e415?s=96&d=mm&r=g\",\"caption\":\"Martina Valentinitsch\"},\"url\":\"https:\\\/\\\/www.visitklagenfurt.at\\\/sl\\\/author\\\/martina_valentinitsch\\\/\"}]}<\/script>\n<!-- \/ Yoast SEO plugin. -->","yoast_head_json":{"title":"Pivo Hirter | visitklagenfurt","robots":{"index":"index","follow":"follow","max-snippet":"max-snippet:-1","max-image-preview":"max-image-preview:large","max-video-preview":"max-video-preview:-1"},"canonical":"https:\/\/www.visitklagenfurt.at\/sl\/dnevi-alpsko-jadranske-kuhinje\/kulinaricni-proizvajalci\/pivo-hirter\/","og_locale":"sl_SI","og_type":"article","og_title":"Pivo Hirter | visitklagenfurt","og_description":"Nekatere stvari potrebujejo \u010das \u2013 \u010das, da se kakovost dozori, da se razvije pravi okus in da se omogo\u010dijo posebni trenutki. \u017de od leta 1270 na\u0161emu pivu namenjamo prav ta \u010das \u2013 od prvega zrna do popolnega u\u017eitka. Kot edina srednje velika zasebna pivovarna v Koro\u0161ki smo sinonim za vrhunska piva in pristne trenutke u\u017eitka, [&hellip;]","og_url":"https:\/\/www.visitklagenfurt.at\/sl\/dnevi-alpsko-jadranske-kuhinje\/kulinaricni-proizvajalci\/pivo-hirter\/","og_site_name":"visitklagenfurt","article_published_time":"2025-08-25T11:35:59+00:00","article_modified_time":"2026-08-12T09:08:56+00:00","og_image":[{"width":2953,"height":1969,"url":"https:\/\/www.visitklagenfurt.at\/wp-content\/uploads\/2023\/07\/Hirter-Bier_Prost_\u00a9-Privatbrauerei-Hirt-.jpg","type":"image\/jpeg"}],"author":"Martina Valentinitsch","twitter_card":"summary_large_image","twitter_misc":{"Written by":"Martina Valentinitsch"},"schema":{"@context":"https:\/\/schema.org","@graph":[{"@type":"Article","@id":"https:\/\/www.visitklagenfurt.at\/sl\/dnevi-alpsko-jadranske-kuhinje\/kulinaricni-proizvajalci\/pivo-hirter\/#article","isPartOf":{"@id":"https:\/\/www.visitklagenfurt.at\/sl\/dnevi-alpsko-jadranske-kuhinje\/kulinaricni-proizvajalci\/pivo-hirter\/"},"author":{"name":"Martina Valentinitsch","@id":"https:\/\/www.visitklagenfurt.at\/sl\/#\/schema\/person\/a3e77217ef718bf9b74f8a43f03ada41"},"headline":"Pivo Hirter","datePublished":"2025-08-25T11:35:59+00:00","dateModified":"2026-08-12T09:08:56+00:00","mainEntityOfPage":{"@id":"https:\/\/www.visitklagenfurt.at\/sl\/dnevi-alpsko-jadranske-kuhinje\/kulinaricni-proizvajalci\/pivo-hirter\/"},"wordCount":63,"publisher":{"@id":"https:\/\/www.visitklagenfurt.at\/sl\/#organization"},"image":{"@id":"https:\/\/www.visitklagenfurt.at\/sl\/dnevi-alpsko-jadranske-kuhinje\/kulinaricni-proizvajalci\/pivo-hirter\/#primaryimage"},"thumbnailUrl":"https:\/\/www.visitklagenfurt.at\/wp-content\/uploads\/2023\/07\/Hirter-Bier_Prost_\u00a9-Privatbrauerei-Hirt-.jpg","keywords":["Avstrija","Proizvajalci"],"articleSection":["Proizvajalci kulinari\u010dnih izdelkov"],"inLanguage":"sl-SI"},{"@type":"WebPage","@id":"https:\/\/www.visitklagenfurt.at\/sl\/dnevi-alpsko-jadranske-kuhinje\/kulinaricni-proizvajalci\/pivo-hirter\/","url":"https:\/\/www.visitklagenfurt.at\/sl\/dnevi-alpsko-jadranske-kuhinje\/kulinaricni-proizvajalci\/pivo-hirter\/","name":"Pivo Hirter | visitklagenfurt","isPartOf":{"@id":"https:\/\/www.visitklagenfurt.at\/sl\/#website"},"primaryImageOfPage":{"@id":"https:\/\/www.visitklagenfurt.at\/sl\/dnevi-alpsko-jadranske-kuhinje\/kulinaricni-proizvajalci\/pivo-hirter\/#primaryimage"},"image":{"@id":"https:\/\/www.visitklagenfurt.at\/sl\/dnevi-alpsko-jadranske-kuhinje\/kulinaricni-proizvajalci\/pivo-hirter\/#primaryimage"},"thumbnailUrl":"https:\/\/www.visitklagenfurt.at\/wp-content\/uploads\/2023\/07\/Hirter-Bier_Prost_\u00a9-Privatbrauerei-Hirt-.jpg","datePublished":"2025-08-25T11:35:59+00:00","dateModified":"2026-08-12T09:08:56+00:00","breadcrumb":{"@id":"https:\/\/www.visitklagenfurt.at\/sl\/dnevi-alpsko-jadranske-kuhinje\/kulinaricni-proizvajalci\/pivo-hirter\/#breadcrumb"},"inLanguage":"sl-SI","potentialAction":[{"@type":"ReadAction","target":["https:\/\/www.visitklagenfurt.at\/sl\/dnevi-alpsko-jadranske-kuhinje\/kulinaricni-proizvajalci\/pivo-hirter\/"]}]},{"@type":"ImageObject","inLanguage":"sl-SI","@id":"https:\/\/www.visitklagenfurt.at\/sl\/dnevi-alpsko-jadranske-kuhinje\/kulinaricni-proizvajalci\/pivo-hirter\/#primaryimage","url":"https:\/\/www.visitklagenfurt.at\/wp-content\/uploads\/2023\/07\/Hirter-Bier_Prost_\u00a9-Privatbrauerei-Hirt-.jpg","contentUrl":"https:\/\/www.visitklagenfurt.at\/wp-content\/uploads\/2023\/07\/Hirter-Bier_Prost_\u00a9-Privatbrauerei-Hirt-.jpg","width":2953,"height":1969,"caption":"(c) Privatbrauerei Hirt"},{"@type":"BreadcrumbList","@id":"https:\/\/www.visitklagenfurt.at\/sl\/dnevi-alpsko-jadranske-kuhinje\/kulinaricni-proizvajalci\/pivo-hirter\/#breadcrumb","itemListElement":[{"@type":"ListItem","position":1,"name":"visitklagenfurt","item":"https:\/\/www.visitklagenfurt.at\/sl\/"},{"@type":"ListItem","position":2,"name":"Dnevi alpsko-jadranske kuhinje","item":"https:\/\/www.visitklagenfurt.at\/sl\/category\/dnevi-alpsko-jadranske-kuhinje\/"},{"@type":"ListItem","position":3,"name":"Proizvajalci kulinari\u010dnih izdelkov","item":"https:\/\/www.visitklagenfurt.at\/sl\/category\/dnevi-alpsko-jadranske-kuhinje\/kulinaricni-proizvajalci\/"},{"@type":"ListItem","position":4,"name":"Pivo Hirter"}]},{"@type":"WebSite","@id":"https:\/\/www.visitklagenfurt.at\/sl\/#website","url":"https:\/\/www.visitklagenfurt.at\/sl\/","name":"visitklagenfurt","description":"","publisher":{"@id":"https:\/\/www.visitklagenfurt.at\/sl\/#organization"},"potentialAction":[{"@type":"SearchAction","target":{"@type":"EntryPoint","urlTemplate":"https:\/\/www.visitklagenfurt.at\/sl\/?s={search_term_string}"},"query-input":{"@type":"PropertyValueSpecification","valueRequired":true,"valueName":"search_term_string"}}],"inLanguage":"sl-SI"},{"@type":"Organization","@id":"https:\/\/www.visitklagenfurt.at\/sl\/#organization","name":"Tourismus Region Klagenfurt am W\u00f6rthersee GmbH","url":"https:\/\/www.visitklagenfurt.at\/sl\/","logo":{"@type":"ImageObject","inLanguage":"sl-SI","@id":"https:\/\/www.visitklagenfurt.at\/sl\/#\/schema\/logo\/image\/","url":"https:\/\/www.visitklagenfurt.at\/wp-content\/uploads\/2022\/03\/DT_K_Klagenfurt_S_RGB.png","contentUrl":"https:\/\/www.visitklagenfurt.at\/wp-content\/uploads\/2022\/03\/DT_K_Klagenfurt_S_RGB.png","width":2082,"height":1511,"caption":"Tourismus Region Klagenfurt am W\u00f6rthersee GmbH"},"image":{"@id":"https:\/\/www.visitklagenfurt.at\/sl\/#\/schema\/logo\/image\/"}},{"@type":"Person","@id":"https:\/\/www.visitklagenfurt.at\/sl\/#\/schema\/person\/a3e77217ef718bf9b74f8a43f03ada41","name":"Martina Valentinitsch","image":{"@type":"ImageObject","inLanguage":"sl-SI","@id":"https:\/\/secure.gravatar.com\/avatar\/49ae3bcb12846fb3d976b9823a5af43c4d12e64fb7b52146e0e9ac403a80e415?s=96&d=mm&r=g","url":"https:\/\/secure.gravatar.com\/avatar\/49ae3bcb12846fb3d976b9823a5af43c4d12e64fb7b52146e0e9ac403a80e415?s=96&d=mm&r=g","contentUrl":"https:\/\/secure.gravatar.com\/avatar\/49ae3bcb12846fb3d976b9823a5af43c4d12e64fb7b52146e0e9ac403a80e415?s=96&d=mm&r=g","caption":"Martina Valentinitsch"},"url":"https:\/\/www.visitklagenfurt.at\/sl\/author\/martina_valentinitsch\/"}]}},"_links":{"self":[{"href":"https:\/\/www.visitklagenfurt.at\/sl\/wp-json\/wp\/v2\/posts\/76555","targetHints":{"allow":["GET"]}}],"collection":[{"href":"https:\/\/www.visitklagenfurt.at\/sl\/wp-json\/wp\/v2\/posts"}],"about":[{"href":"https:\/\/www.visitklagenfurt.at\/sl\/wp-json\/wp\/v2\/types\/post"}],"author":[{"embeddable":true,"href":"https:\/\/www.visitklagenfurt.at\/sl\/wp-json\/wp\/v2\/users\/4"}],"replies":[{"embeddable":true,"href":"https:\/\/www.visitklagenfurt.at\/sl\/wp-json\/wp\/v2\/comments?post=76555"}],"version-history":[{"count":2,"href":"https:\/\/www.visitklagenfurt.at\/sl\/wp-json\/wp\/v2\/posts\/76555\/revisions"}],"predecessor-version":[{"id":80150,"href":"https:\/\/www.visitklagenfurt.at\/sl\/wp-json\/wp\/v2\/posts\/76555\/revisions\/80150"}],"wp:featuredmedia":[{"embeddable":true,"href":"https:\/\/www.visitklagenfurt.at\/sl\/wp-json\/wp\/v2\/media\/55702"}],"wp:attachment":[{"href":"https:\/\/www.visitklagenfurt.at\/sl\/wp-json\/wp\/v2\/media?parent=76555"}],"wp:term":[{"taxonomy":"category","embeddable":true,"href":"https:\/\/www.visitklagenfurt.at\/sl\/wp-json\/wp\/v2\/categories?post=76555"},{"taxonomy":"post_tag","embeddable":true,"href":"https:\/\/www.visitklagenfurt.at\/sl\/wp-json\/wp\/v2\/tags?post=76555"}],"curies":[{"name":"wp","href":"https:\/\/api.w.org\/{rel}","templated":true}]}}