{"id":8861,"date":"2021-02-25T08:38:12","date_gmt":"2021-02-25T07:38:12","guid":{"rendered":"http:\/\/blog.visitklagenfurt.at\/blog-sl\/minimundus\/"},"modified":"2021-12-15T14:03:11","modified_gmt":"2021-12-15T13:03:11","slug":"minimundus","status":"publish","type":"post","link":"https:\/\/www.visitklagenfurt.at\/sl\/ogledi-in-izleti\/izleti\/minimundus\/","title":{"rendered":"Minimundus: Svet v malem na Vrbskem jezeru"},"content":{"rendered":"\n<p>Okoli sveta v enem dnevu? V Celovcu na Vrbskem jezeru je to mogo\u010de, v svetovno znanem Minimundusu. Obi\u0161\u010dite operno hi\u0161o v Sydneyju, sprehodite se pod Eifflovim stolpom, fotografirajte pred Taj Mahalom, pojejte sladoled pred baziliko svetega Petra ali ob\u010dudujte Kip svobode \u2013 vse to v samo nekaj urah!<\/p>\n\n<figure class=\"wp-block-gallery columns-2 is-cropped wp-block-gallery-1 is-layout-flex wp-block-gallery-is-layout-flex\"><ul class=\"blocks-gallery-grid\"><li class=\"blocks-gallery-item\"><figure><img fetchpriority=\"high\" decoding=\"async\" width=\"1024\" height=\"683\" src=\"https:\/\/www.visitklagenfurt.at\/wp-content\/uploads\/2021\/02\/sehenswertes_minimundus_ausflug_c-minimundus-helmuth_weichselbraun_4-web-1024x683.jpeg\" alt=\"\" data-id=\"5335\" data-full-url=\"https:\/\/www.visitklagenfurt.at\/wp-content\/uploads\/2021\/02\/sehenswertes_minimundus_ausflug_c-minimundus-helmuth_weichselbraun_4-web.jpeg\" data-link=\"https:\/\/www.visitklagenfurt.at\/de\/sehenswertes-und-ausfluege\/ausflugsziele\/minimundus\/attachment\/sehenswertes_minimundus_ausflug_c-minimundus-helmuth_weichselbraun_4-web\/\" class=\"wp-image-5335\" srcset=\"https:\/\/www.visitklagenfurt.at\/wp-content\/uploads\/2021\/02\/sehenswertes_minimundus_ausflug_c-minimundus-helmuth_weichselbraun_4-web-1024x683.jpeg 1024w, https:\/\/www.visitklagenfurt.at\/wp-content\/uploads\/2021\/02\/sehenswertes_minimundus_ausflug_c-minimundus-helmuth_weichselbraun_4-web-300x200.jpeg 300w, https:\/\/www.visitklagenfurt.at\/wp-content\/uploads\/2021\/02\/sehenswertes_minimundus_ausflug_c-minimundus-helmuth_weichselbraun_4-web-768x512.jpeg 768w, https:\/\/www.visitklagenfurt.at\/wp-content\/uploads\/2021\/02\/sehenswertes_minimundus_ausflug_c-minimundus-helmuth_weichselbraun_4-web-1536x1024.jpeg 1536w, https:\/\/www.visitklagenfurt.at\/wp-content\/uploads\/2021\/02\/sehenswertes_minimundus_ausflug_c-minimundus-helmuth_weichselbraun_4-web.jpeg 2048w\" sizes=\"(max-width: 1024px) 100vw, 1024px\" \/><figcaption class=\"blocks-gallery-item__caption\">(c) Helmuth Weichselbraun<\/figcaption><\/figure><\/li><li class=\"blocks-gallery-item\"><figure><img decoding=\"async\" width=\"1024\" height=\"683\" src=\"https:\/\/www.visitklagenfurt.at\/wp-content\/uploads\/2021\/02\/sehenswertes_minimundus_ausflug_c-minimundus-helmuth_weichselbraun_2-web-1024x683.jpeg\" alt=\"\" data-id=\"5338\" data-full-url=\"https:\/\/www.visitklagenfurt.at\/wp-content\/uploads\/2021\/02\/sehenswertes_minimundus_ausflug_c-minimundus-helmuth_weichselbraun_2-web.jpeg\" data-link=\"https:\/\/www.visitklagenfurt.at\/de\/sehenswertes-und-ausfluege\/ausflugsziele\/minimundus\/attachment\/sehenswertes_minimundus_ausflug_c-minimundus-helmuth_weichselbraun_2-web\/\" class=\"wp-image-5338\" srcset=\"https:\/\/www.visitklagenfurt.at\/wp-content\/uploads\/2021\/02\/sehenswertes_minimundus_ausflug_c-minimundus-helmuth_weichselbraun_2-web-1024x683.jpeg 1024w, https:\/\/www.visitklagenfurt.at\/wp-content\/uploads\/2021\/02\/sehenswertes_minimundus_ausflug_c-minimundus-helmuth_weichselbraun_2-web-300x200.jpeg 300w, https:\/\/www.visitklagenfurt.at\/wp-content\/uploads\/2021\/02\/sehenswertes_minimundus_ausflug_c-minimundus-helmuth_weichselbraun_2-web-768x512.jpeg 768w, https:\/\/www.visitklagenfurt.at\/wp-content\/uploads\/2021\/02\/sehenswertes_minimundus_ausflug_c-minimundus-helmuth_weichselbraun_2-web-1536x1024.jpeg 1536w, https:\/\/www.visitklagenfurt.at\/wp-content\/uploads\/2021\/02\/sehenswertes_minimundus_ausflug_c-minimundus-helmuth_weichselbraun_2-web.jpeg 2048w\" sizes=\"(max-width: 1024px) 100vw, 1024px\" \/><figcaption class=\"blocks-gallery-item__caption\">(c) Helmuth Weichselbraun<\/figcaption><\/figure><\/li><\/ul><\/figure>\n\n<p>Poleg 159 modelov iz ve\u010d kot 40 dr\u017eav je vredno obiskati tudi \u0161tevilne interaktivne postaje v velikem notranjem prostoru. Posamezne modele izdelujejo v modelarski delavnici Minimundus, v tehni\u010dnih strokovnih \u0161olah ali pri profesionalnih modelarjih iz celega sveta. Vse je ro\u010dno izdelano, do najmanj\u0161e podrobnosti. Pri stavbah, ki so grajene iz \u0161tevilnih posameznih kamnov to lahko traja tudi do pet let, kot v primeru bazilike svetega Petra.&#13;\n&#13;\n<\/p>\n\n<p>Tu je torej veliko dela s kladivom, betoniranja in rezbarjenja. Da bi bili vsi eksponati \u010dim bolj podobni originalom, so vsi modeli narejeni v merilu 1:25. <\/p>\n\n<p>Od leta 2015 je ta izletni\u0161ka destinacija odprta celo leto, tako da Minimundus ni samo poletno do\u017eivetje za stare in mlade, ampak poka\u017ee svojo o\u010darljivo plat tudi v zimskih mesecih.&#13;\n&#13;\n<\/p>\n\n<figure class=\"wp-block-image size-large\"><img decoding=\"async\" width=\"1024\" height=\"683\" src=\"https:\/\/www.visitklagenfurt.at\/wp-content\/uploads\/2021\/02\/sehenswertes_minimundus_ausflug_c-minimundus-helmuth_weichselbraun_13-web-1024x683.jpeg\" alt=\"\" class=\"wp-image-5331\" srcset=\"https:\/\/www.visitklagenfurt.at\/wp-content\/uploads\/2021\/02\/sehenswertes_minimundus_ausflug_c-minimundus-helmuth_weichselbraun_13-web-1024x683.jpeg 1024w, https:\/\/www.visitklagenfurt.at\/wp-content\/uploads\/2021\/02\/sehenswertes_minimundus_ausflug_c-minimundus-helmuth_weichselbraun_13-web-300x200.jpeg 300w, https:\/\/www.visitklagenfurt.at\/wp-content\/uploads\/2021\/02\/sehenswertes_minimundus_ausflug_c-minimundus-helmuth_weichselbraun_13-web-768x512.jpeg 768w, https:\/\/www.visitklagenfurt.at\/wp-content\/uploads\/2021\/02\/sehenswertes_minimundus_ausflug_c-minimundus-helmuth_weichselbraun_13-web-1536x1024.jpeg 1536w, https:\/\/www.visitklagenfurt.at\/wp-content\/uploads\/2021\/02\/sehenswertes_minimundus_ausflug_c-minimundus-helmuth_weichselbraun_13-web.jpeg 2048w\" sizes=\"(max-width: 1024px) 100vw, 1024px\" \/><figcaption>(c) Helmuth Weichselbraun<\/figcaption><\/figure>\n\n<p><strong>Posebnost:<\/strong> Nepozabno do\u017eivetje ponuja otrokom 4-D kino. Z glasbenimi in s kulinari\u010dnimi prireditvami je Minimundus s\u010dasoma postal celov\u0161ko priljubljeno zbirali\u0161\u010de.&#13;\n&#13;\n\u00a0&#13;\n&#13;\n\u00a0<\/p>\n\n<div class=\"wp-block-buttons is-layout-flex wp-block-buttons-is-layout-flex\">\n<div class=\"wp-block-button\"><a class=\"wp-block-button__link has-background\" href=\"https:\/\/www.minimundus.at\/sl\/\" style=\"background-color:#54595f\" target=\"_blank\" rel=\"noreferrer noopener\">Ve\u010d<\/a><\/div>\n<\/div>\n\n<h2 class=\"wp-block-heading\">Mesto z zgodovino<\/h2>\n\n<p>Zgodovina sveta v malem na Vrbskem jezeru se za\u010dne v 50-ih letih 20. Stoletja, ko je takratni de\u017eelni predsednik organizacije \u201cRETTET DAS KIND\u201d (Re\u0161imo otroka), svetnik dr. Peter Zojer, vizionarsko zdru\u017eil znamenitosti celega sveta na enem mestu.<\/p>\n\n<p>Pod prvotnim imenom \u201eMinieurop\u201c je bilo tedaj na ogled le 20 modelov. S \u010dasom se je povr\u0161ina pove\u010dala na 26.000 m\u00b2, parku pa so dodali \u0161tevilne stavbe od vsepovsod.<\/p>\n\n<p>Z obiskom Minimundusa tudi danes podpirate otroke in mlade na Koro\u0161kem: Minimundus je \u0161e vedno last zdru\u017eenja RETTET DAS KIND, vsi prihodki pa so namenjeni otrokom, mladim in pomo\u010di potrebnim dru\u017einam. Razlog ve\u010d, da obi\u0161\u010dete to mestece!&#13;\n<\/p>\n\n<p><\/p>\n","protected":false},"excerpt":{"rendered":"<p>Okoli sveta v enem dnevu? V Celovcu na Vrbskem jezeru je to mogo\u010de, v svetovno znanem Minimundusu. Obi\u0161\u010dite operno hi\u0161o v Sydneyju, sprehodite se pod Eifflovim stolpom, fotografirajte pred Taj Mahalom, pojejte sladoled pred baziliko svetega Petra ali ob\u010dudujte Kip svobode \u2013 vse to v samo nekaj urah! Poleg 159 modelov iz ve\u010d kot 40 [&hellip;]<\/p>\n","protected":false},"author":31,"featured_media":7777,"comment_status":"open","ping_status":"open","sticky":false,"template":"","format":"standard","meta":{"footnotes":""},"categories":[390],"tags":[327,417],"class_list":["post-8861","post","type-post","status-publish","format-standard","has-post-thumbnail","hentry","category-izleti","tag-izleti","tag-pomlad"],"yoast_head":"<!-- This site is optimized with the Yoast SEO plugin v27.3 - https:\/\/yoast.com\/product\/yoast-seo-wordpress\/ -->\n<title>Minimundus: Svet v malem na Vrbskem jezeru | visitklagenfurt<\/title>\n<meta name=\"description\" content=\"Okoli sveta v enem dnevu? V Celovcu na Vrbskem jezeru je to mogo\u010de, v svetovno znanem Minimundusu.\" \/>\n<meta name=\"robots\" content=\"index, follow, max-snippet:-1, max-image-preview:large, max-video-preview:-1\" \/>\n<link rel=\"canonical\" href=\"https:\/\/www.visitklagenfurt.at\/sl\/ogledi-in-izleti\/izleti\/minimundus\/\" \/>\n<meta property=\"og:locale\" content=\"sl_SI\" \/>\n<meta property=\"og:type\" content=\"article\" \/>\n<meta property=\"og:title\" content=\"Minimundus: Svet v malem na Vrbskem jezeru | visitklagenfurt\" \/>\n<meta property=\"og:description\" content=\"Okoli sveta v enem dnevu? V Celovcu na Vrbskem jezeru je to mogo\u010de, v svetovno znanem Minimundusu.\" \/>\n<meta property=\"og:url\" content=\"https:\/\/www.visitklagenfurt.at\/sl\/ogledi-in-izleti\/izleti\/minimundus\/\" \/>\n<meta property=\"og:site_name\" content=\"visitklagenfurt\" \/>\n<meta property=\"article:published_time\" content=\"2021-02-25T07:38:12+00:00\" \/>\n<meta property=\"article:modified_time\" content=\"2021-12-15T13:03:11+00:00\" \/>\n<meta property=\"og:image\" content=\"https:\/\/www.visitklagenfurt.at\/wp-content\/uploads\/2021\/02\/sehenswertes_minimundus_fruhling_c-wolfgang_handler_3-web.jpeg\" \/>\n\t<meta property=\"og:image:width\" content=\"2048\" \/>\n\t<meta property=\"og:image:height\" content=\"1365\" \/>\n\t<meta property=\"og:image:type\" content=\"image\/jpeg\" \/>\n<meta name=\"author\" content=\"visitklagenfurt\" \/>\n<meta name=\"twitter:card\" content=\"summary_large_image\" \/>\n<meta name=\"twitter:label1\" content=\"Written by\" \/>\n\t<meta name=\"twitter:data1\" content=\"visitklagenfurt\" \/>\n\t<meta name=\"twitter:label2\" content=\"Est. reading time\" \/>\n\t<meta name=\"twitter:data2\" content=\"2 minuti\" \/>\n<script type=\"application\/ld+json\" class=\"yoast-schema-graph\">{\"@context\":\"https:\\\/\\\/schema.org\",\"@graph\":[{\"@type\":\"Article\",\"@id\":\"https:\\\/\\\/www.visitklagenfurt.at\\\/sl\\\/ogledi-in-izleti\\\/izleti\\\/minimundus\\\/#article\",\"isPartOf\":{\"@id\":\"https:\\\/\\\/www.visitklagenfurt.at\\\/sl\\\/ogledi-in-izleti\\\/izleti\\\/minimundus\\\/\"},\"author\":{\"name\":\"visitklagenfurt\",\"@id\":\"https:\\\/\\\/www.visitklagenfurt.at\\\/sl\\\/#\\\/schema\\\/person\\\/7bc1cce71726d48c458144f55517b2df\"},\"headline\":\"Minimundus: Svet v malem na Vrbskem jezeru\",\"datePublished\":\"2021-02-25T07:38:12+00:00\",\"dateModified\":\"2021-12-15T13:03:11+00:00\",\"mainEntityOfPage\":{\"@id\":\"https:\\\/\\\/www.visitklagenfurt.at\\\/sl\\\/ogledi-in-izleti\\\/izleti\\\/minimundus\\\/\"},\"wordCount\":333,\"commentCount\":0,\"publisher\":{\"@id\":\"https:\\\/\\\/www.visitklagenfurt.at\\\/sl\\\/#organization\"},\"image\":{\"@id\":\"https:\\\/\\\/www.visitklagenfurt.at\\\/sl\\\/ogledi-in-izleti\\\/izleti\\\/minimundus\\\/#primaryimage\"},\"thumbnailUrl\":\"https:\\\/\\\/www.visitklagenfurt.at\\\/wp-content\\\/uploads\\\/2021\\\/02\\\/sehenswertes_minimundus_fruhling_c-wolfgang_handler_3-web.jpeg\",\"keywords\":[\"Izleti\",\"Poml\u00e1d\"],\"articleSection\":[\"Izleti\"],\"inLanguage\":\"sl-SI\",\"potentialAction\":[{\"@type\":\"CommentAction\",\"name\":\"Comment\",\"target\":[\"https:\\\/\\\/www.visitklagenfurt.at\\\/sl\\\/ogledi-in-izleti\\\/izleti\\\/minimundus\\\/#respond\"]}]},{\"@type\":\"WebPage\",\"@id\":\"https:\\\/\\\/www.visitklagenfurt.at\\\/sl\\\/ogledi-in-izleti\\\/izleti\\\/minimundus\\\/\",\"url\":\"https:\\\/\\\/www.visitklagenfurt.at\\\/sl\\\/ogledi-in-izleti\\\/izleti\\\/minimundus\\\/\",\"name\":\"Minimundus: Svet v malem na Vrbskem jezeru | visitklagenfurt\",\"isPartOf\":{\"@id\":\"https:\\\/\\\/www.visitklagenfurt.at\\\/sl\\\/#website\"},\"primaryImageOfPage\":{\"@id\":\"https:\\\/\\\/www.visitklagenfurt.at\\\/sl\\\/ogledi-in-izleti\\\/izleti\\\/minimundus\\\/#primaryimage\"},\"image\":{\"@id\":\"https:\\\/\\\/www.visitklagenfurt.at\\\/sl\\\/ogledi-in-izleti\\\/izleti\\\/minimundus\\\/#primaryimage\"},\"thumbnailUrl\":\"https:\\\/\\\/www.visitklagenfurt.at\\\/wp-content\\\/uploads\\\/2021\\\/02\\\/sehenswertes_minimundus_fruhling_c-wolfgang_handler_3-web.jpeg\",\"datePublished\":\"2021-02-25T07:38:12+00:00\",\"dateModified\":\"2021-12-15T13:03:11+00:00\",\"description\":\"Okoli sveta v enem dnevu? V Celovcu na Vrbskem jezeru je to mogo\u010de, v svetovno znanem Minimundusu.\",\"breadcrumb\":{\"@id\":\"https:\\\/\\\/www.visitklagenfurt.at\\\/sl\\\/ogledi-in-izleti\\\/izleti\\\/minimundus\\\/#breadcrumb\"},\"inLanguage\":\"sl-SI\",\"potentialAction\":[{\"@type\":\"ReadAction\",\"target\":[\"https:\\\/\\\/www.visitklagenfurt.at\\\/sl\\\/ogledi-in-izleti\\\/izleti\\\/minimundus\\\/\"]}]},{\"@type\":\"ImageObject\",\"inLanguage\":\"sl-SI\",\"@id\":\"https:\\\/\\\/www.visitklagenfurt.at\\\/sl\\\/ogledi-in-izleti\\\/izleti\\\/minimundus\\\/#primaryimage\",\"url\":\"https:\\\/\\\/www.visitklagenfurt.at\\\/wp-content\\\/uploads\\\/2021\\\/02\\\/sehenswertes_minimundus_fruhling_c-wolfgang_handler_3-web.jpeg\",\"contentUrl\":\"https:\\\/\\\/www.visitklagenfurt.at\\\/wp-content\\\/uploads\\\/2021\\\/02\\\/sehenswertes_minimundus_fruhling_c-wolfgang_handler_3-web.jpeg\",\"width\":2048,\"height\":1365,\"caption\":\"(c) Wolfgang Handler\"},{\"@type\":\"BreadcrumbList\",\"@id\":\"https:\\\/\\\/www.visitklagenfurt.at\\\/sl\\\/ogledi-in-izleti\\\/izleti\\\/minimundus\\\/#breadcrumb\",\"itemListElement\":[{\"@type\":\"ListItem\",\"position\":1,\"name\":\"visitklagenfurt\",\"item\":\"https:\\\/\\\/www.visitklagenfurt.at\\\/sl\\\/\"},{\"@type\":\"ListItem\",\"position\":2,\"name\":\"Ogledi in izleti\",\"item\":\"https:\\\/\\\/www.visitklagenfurt.at\\\/sl\\\/category\\\/ogledi-in-izleti\\\/\"},{\"@type\":\"ListItem\",\"position\":3,\"name\":\"Izleti\",\"item\":\"https:\\\/\\\/www.visitklagenfurt.at\\\/sl\\\/category\\\/ogledi-in-izleti\\\/izleti\\\/\"},{\"@type\":\"ListItem\",\"position\":4,\"name\":\"Minimundus: Svet v malem na Vrbskem jezeru\"}]},{\"@type\":\"WebSite\",\"@id\":\"https:\\\/\\\/www.visitklagenfurt.at\\\/sl\\\/#website\",\"url\":\"https:\\\/\\\/www.visitklagenfurt.at\\\/sl\\\/\",\"name\":\"visitklagenfurt\",\"description\":\"\",\"publisher\":{\"@id\":\"https:\\\/\\\/www.visitklagenfurt.at\\\/sl\\\/#organization\"},\"potentialAction\":[{\"@type\":\"SearchAction\",\"target\":{\"@type\":\"EntryPoint\",\"urlTemplate\":\"https:\\\/\\\/www.visitklagenfurt.at\\\/sl\\\/?s={search_term_string}\"},\"query-input\":{\"@type\":\"PropertyValueSpecification\",\"valueRequired\":true,\"valueName\":\"search_term_string\"}}],\"inLanguage\":\"sl-SI\"},{\"@type\":\"Organization\",\"@id\":\"https:\\\/\\\/www.visitklagenfurt.at\\\/sl\\\/#organization\",\"name\":\"Tourismus Region Klagenfurt am W\u00f6rthersee GmbH\",\"url\":\"https:\\\/\\\/www.visitklagenfurt.at\\\/sl\\\/\",\"logo\":{\"@type\":\"ImageObject\",\"inLanguage\":\"sl-SI\",\"@id\":\"https:\\\/\\\/www.visitklagenfurt.at\\\/sl\\\/#\\\/schema\\\/logo\\\/image\\\/\",\"url\":\"https:\\\/\\\/www.visitklagenfurt.at\\\/wp-content\\\/uploads\\\/2022\\\/03\\\/DT_K_Klagenfurt_S_RGB.png\",\"contentUrl\":\"https:\\\/\\\/www.visitklagenfurt.at\\\/wp-content\\\/uploads\\\/2022\\\/03\\\/DT_K_Klagenfurt_S_RGB.png\",\"width\":2082,\"height\":1511,\"caption\":\"Tourismus Region Klagenfurt am W\u00f6rthersee GmbH\"},\"image\":{\"@id\":\"https:\\\/\\\/www.visitklagenfurt.at\\\/sl\\\/#\\\/schema\\\/logo\\\/image\\\/\"}},{\"@type\":\"Person\",\"@id\":\"https:\\\/\\\/www.visitklagenfurt.at\\\/sl\\\/#\\\/schema\\\/person\\\/7bc1cce71726d48c458144f55517b2df\",\"name\":\"visitklagenfurt\",\"image\":{\"@type\":\"ImageObject\",\"inLanguage\":\"sl-SI\",\"@id\":\"https:\\\/\\\/www.visitklagenfurt.at\\\/wp-content\\\/uploads\\\/2021\\\/05\\\/KLU_LINDWURM_Blau.jpg\",\"url\":\"https:\\\/\\\/www.visitklagenfurt.at\\\/wp-content\\\/uploads\\\/2021\\\/05\\\/KLU_LINDWURM_Blau.jpg\",\"contentUrl\":\"https:\\\/\\\/www.visitklagenfurt.at\\\/wp-content\\\/uploads\\\/2021\\\/05\\\/KLU_LINDWURM_Blau.jpg\",\"caption\":\"visitklagenfurt\"},\"url\":\"https:\\\/\\\/www.visitklagenfurt.at\\\/sl\\\/author\\\/visitklagenfurt\\\/\"}]}<\/script>\n<!-- \/ Yoast SEO plugin. -->","yoast_head_json":{"title":"Minimundus: Svet v malem na Vrbskem jezeru | visitklagenfurt","description":"Okoli sveta v enem dnevu? V Celovcu na Vrbskem jezeru je to mogo\u010de, v svetovno znanem Minimundusu.","robots":{"index":"index","follow":"follow","max-snippet":"max-snippet:-1","max-image-preview":"max-image-preview:large","max-video-preview":"max-video-preview:-1"},"canonical":"https:\/\/www.visitklagenfurt.at\/sl\/ogledi-in-izleti\/izleti\/minimundus\/","og_locale":"sl_SI","og_type":"article","og_title":"Minimundus: Svet v malem na Vrbskem jezeru | visitklagenfurt","og_description":"Okoli sveta v enem dnevu? V Celovcu na Vrbskem jezeru je to mogo\u010de, v svetovno znanem Minimundusu.","og_url":"https:\/\/www.visitklagenfurt.at\/sl\/ogledi-in-izleti\/izleti\/minimundus\/","og_site_name":"visitklagenfurt","article_published_time":"2021-02-25T07:38:12+00:00","article_modified_time":"2021-12-15T13:03:11+00:00","og_image":[{"width":2048,"height":1365,"url":"https:\/\/www.visitklagenfurt.at\/wp-content\/uploads\/2021\/02\/sehenswertes_minimundus_fruhling_c-wolfgang_handler_3-web.jpeg","type":"image\/jpeg"}],"author":"visitklagenfurt","twitter_card":"summary_large_image","twitter_misc":{"Written by":"visitklagenfurt","Est. reading time":"2 minuti"},"schema":{"@context":"https:\/\/schema.org","@graph":[{"@type":"Article","@id":"https:\/\/www.visitklagenfurt.at\/sl\/ogledi-in-izleti\/izleti\/minimundus\/#article","isPartOf":{"@id":"https:\/\/www.visitklagenfurt.at\/sl\/ogledi-in-izleti\/izleti\/minimundus\/"},"author":{"name":"visitklagenfurt","@id":"https:\/\/www.visitklagenfurt.at\/sl\/#\/schema\/person\/7bc1cce71726d48c458144f55517b2df"},"headline":"Minimundus: Svet v malem na Vrbskem jezeru","datePublished":"2021-02-25T07:38:12+00:00","dateModified":"2021-12-15T13:03:11+00:00","mainEntityOfPage":{"@id":"https:\/\/www.visitklagenfurt.at\/sl\/ogledi-in-izleti\/izleti\/minimundus\/"},"wordCount":333,"commentCount":0,"publisher":{"@id":"https:\/\/www.visitklagenfurt.at\/sl\/#organization"},"image":{"@id":"https:\/\/www.visitklagenfurt.at\/sl\/ogledi-in-izleti\/izleti\/minimundus\/#primaryimage"},"thumbnailUrl":"https:\/\/www.visitklagenfurt.at\/wp-content\/uploads\/2021\/02\/sehenswertes_minimundus_fruhling_c-wolfgang_handler_3-web.jpeg","keywords":["Izleti","Poml\u00e1d"],"articleSection":["Izleti"],"inLanguage":"sl-SI","potentialAction":[{"@type":"CommentAction","name":"Comment","target":["https:\/\/www.visitklagenfurt.at\/sl\/ogledi-in-izleti\/izleti\/minimundus\/#respond"]}]},{"@type":"WebPage","@id":"https:\/\/www.visitklagenfurt.at\/sl\/ogledi-in-izleti\/izleti\/minimundus\/","url":"https:\/\/www.visitklagenfurt.at\/sl\/ogledi-in-izleti\/izleti\/minimundus\/","name":"Minimundus: Svet v malem na Vrbskem jezeru | visitklagenfurt","isPartOf":{"@id":"https:\/\/www.visitklagenfurt.at\/sl\/#website"},"primaryImageOfPage":{"@id":"https:\/\/www.visitklagenfurt.at\/sl\/ogledi-in-izleti\/izleti\/minimundus\/#primaryimage"},"image":{"@id":"https:\/\/www.visitklagenfurt.at\/sl\/ogledi-in-izleti\/izleti\/minimundus\/#primaryimage"},"thumbnailUrl":"https:\/\/www.visitklagenfurt.at\/wp-content\/uploads\/2021\/02\/sehenswertes_minimundus_fruhling_c-wolfgang_handler_3-web.jpeg","datePublished":"2021-02-25T07:38:12+00:00","dateModified":"2021-12-15T13:03:11+00:00","description":"Okoli sveta v enem dnevu? V Celovcu na Vrbskem jezeru je to mogo\u010de, v svetovno znanem Minimundusu.","breadcrumb":{"@id":"https:\/\/www.visitklagenfurt.at\/sl\/ogledi-in-izleti\/izleti\/minimundus\/#breadcrumb"},"inLanguage":"sl-SI","potentialAction":[{"@type":"ReadAction","target":["https:\/\/www.visitklagenfurt.at\/sl\/ogledi-in-izleti\/izleti\/minimundus\/"]}]},{"@type":"ImageObject","inLanguage":"sl-SI","@id":"https:\/\/www.visitklagenfurt.at\/sl\/ogledi-in-izleti\/izleti\/minimundus\/#primaryimage","url":"https:\/\/www.visitklagenfurt.at\/wp-content\/uploads\/2021\/02\/sehenswertes_minimundus_fruhling_c-wolfgang_handler_3-web.jpeg","contentUrl":"https:\/\/www.visitklagenfurt.at\/wp-content\/uploads\/2021\/02\/sehenswertes_minimundus_fruhling_c-wolfgang_handler_3-web.jpeg","width":2048,"height":1365,"caption":"(c) Wolfgang Handler"},{"@type":"BreadcrumbList","@id":"https:\/\/www.visitklagenfurt.at\/sl\/ogledi-in-izleti\/izleti\/minimundus\/#breadcrumb","itemListElement":[{"@type":"ListItem","position":1,"name":"visitklagenfurt","item":"https:\/\/www.visitklagenfurt.at\/sl\/"},{"@type":"ListItem","position":2,"name":"Ogledi in izleti","item":"https:\/\/www.visitklagenfurt.at\/sl\/category\/ogledi-in-izleti\/"},{"@type":"ListItem","position":3,"name":"Izleti","item":"https:\/\/www.visitklagenfurt.at\/sl\/category\/ogledi-in-izleti\/izleti\/"},{"@type":"ListItem","position":4,"name":"Minimundus: Svet v malem na Vrbskem jezeru"}]},{"@type":"WebSite","@id":"https:\/\/www.visitklagenfurt.at\/sl\/#website","url":"https:\/\/www.visitklagenfurt.at\/sl\/","name":"visitklagenfurt","description":"","publisher":{"@id":"https:\/\/www.visitklagenfurt.at\/sl\/#organization"},"potentialAction":[{"@type":"SearchAction","target":{"@type":"EntryPoint","urlTemplate":"https:\/\/www.visitklagenfurt.at\/sl\/?s={search_term_string}"},"query-input":{"@type":"PropertyValueSpecification","valueRequired":true,"valueName":"search_term_string"}}],"inLanguage":"sl-SI"},{"@type":"Organization","@id":"https:\/\/www.visitklagenfurt.at\/sl\/#organization","name":"Tourismus Region Klagenfurt am W\u00f6rthersee GmbH","url":"https:\/\/www.visitklagenfurt.at\/sl\/","logo":{"@type":"ImageObject","inLanguage":"sl-SI","@id":"https:\/\/www.visitklagenfurt.at\/sl\/#\/schema\/logo\/image\/","url":"https:\/\/www.visitklagenfurt.at\/wp-content\/uploads\/2022\/03\/DT_K_Klagenfurt_S_RGB.png","contentUrl":"https:\/\/www.visitklagenfurt.at\/wp-content\/uploads\/2022\/03\/DT_K_Klagenfurt_S_RGB.png","width":2082,"height":1511,"caption":"Tourismus Region Klagenfurt am W\u00f6rthersee GmbH"},"image":{"@id":"https:\/\/www.visitklagenfurt.at\/sl\/#\/schema\/logo\/image\/"}},{"@type":"Person","@id":"https:\/\/www.visitklagenfurt.at\/sl\/#\/schema\/person\/7bc1cce71726d48c458144f55517b2df","name":"visitklagenfurt","image":{"@type":"ImageObject","inLanguage":"sl-SI","@id":"https:\/\/www.visitklagenfurt.at\/wp-content\/uploads\/2021\/05\/KLU_LINDWURM_Blau.jpg","url":"https:\/\/www.visitklagenfurt.at\/wp-content\/uploads\/2021\/05\/KLU_LINDWURM_Blau.jpg","contentUrl":"https:\/\/www.visitklagenfurt.at\/wp-content\/uploads\/2021\/05\/KLU_LINDWURM_Blau.jpg","caption":"visitklagenfurt"},"url":"https:\/\/www.visitklagenfurt.at\/sl\/author\/visitklagenfurt\/"}]}},"_links":{"self":[{"href":"https:\/\/www.visitklagenfurt.at\/sl\/wp-json\/wp\/v2\/posts\/8861","targetHints":{"allow":["GET"]}}],"collection":[{"href":"https:\/\/www.visitklagenfurt.at\/sl\/wp-json\/wp\/v2\/posts"}],"about":[{"href":"https:\/\/www.visitklagenfurt.at\/sl\/wp-json\/wp\/v2\/types\/post"}],"author":[{"embeddable":true,"href":"https:\/\/www.visitklagenfurt.at\/sl\/wp-json\/wp\/v2\/users\/31"}],"replies":[{"embeddable":true,"href":"https:\/\/www.visitklagenfurt.at\/sl\/wp-json\/wp\/v2\/comments?post=8861"}],"version-history":[{"count":1,"href":"https:\/\/www.visitklagenfurt.at\/sl\/wp-json\/wp\/v2\/posts\/8861\/revisions"}],"predecessor-version":[{"id":8862,"href":"https:\/\/www.visitklagenfurt.at\/sl\/wp-json\/wp\/v2\/posts\/8861\/revisions\/8862"}],"wp:featuredmedia":[{"embeddable":true,"href":"https:\/\/www.visitklagenfurt.at\/sl\/wp-json\/wp\/v2\/media\/7777"}],"wp:attachment":[{"href":"https:\/\/www.visitklagenfurt.at\/sl\/wp-json\/wp\/v2\/media?parent=8861"}],"wp:term":[{"taxonomy":"category","embeddable":true,"href":"https:\/\/www.visitklagenfurt.at\/sl\/wp-json\/wp\/v2\/categories?post=8861"},{"taxonomy":"post_tag","embeddable":true,"href":"https:\/\/www.visitklagenfurt.at\/sl\/wp-json\/wp\/v2\/tags?post=8861"}],"curies":[{"name":"wp","href":"https:\/\/api.w.org\/{rel}","templated":true}]}}