{"id":9035,"date":"2021-02-26T09:07:03","date_gmt":"2021-02-26T08:07:03","guid":{"rendered":"http:\/\/blog.visitklagenfurt.at\/blog-sl\/izleti-v-okolico-celovca\/"},"modified":"2021-12-15T14:03:05","modified_gmt":"2021-12-15T13:03:05","slug":"izleti-v-okolico-celovca","status":"publish","type":"post","link":"https:\/\/www.visitklagenfurt.at\/sl\/attivita-sportiva-sl\/pohodnistvo\/izleti-v-okolico-celovca\/","title":{"rendered":"Izleti v okolico Celovca"},"content":{"rendered":"\n<p>Celovec ne le\u017ei samo ob Vrbskem jezeru, ampak tudi med koro\u0161kimi hribi. Zato ni \u010dudno, da je zmajevo mesto odli\u010dna izhodi\u0161\u010dna to\u010dka za razli\u010dne izlete po jugu Avstrije.<\/p>\n\n<p>Kaj si lahko \u017eeli ve\u010d potepu\u0161ko srce? Severno od Celovca zgodovinski gri\u010di osrednje Kro\u0161ke pri\u010dakujejo tiste, ki so la\u010dni znanja. Na vzhodu niso dale\u010d mehke vzpetine Svin\u0161ke planine (Saualpe). Na jugu vabijo ostri vrhovi Karavank in tudi okoli Vrbskega jezera je veliko mo\u017enosti za izlete.<\/p>\n\n<h2 class=\"wp-block-heading\">Pot okoli Vrbskega jezera<\/h2>\n\n<p>En krog okoli Vrbskega jezera ali \u201esamo\u201c ena od \u0161tirih etap? Ni pomembno! Kro\u017ena pot okoli Vrbskega jezera je nepozabna izku\u0161nja v vseh letnih \u010dasih. Na dobro ozna\u010deni poti, dolgi 55 km, ki se vije po gri\u010dih med 440 in 850 m vi\u0161ine okoli turkiznega jezera, med vzponi in spusti lahko osvojite okoli 2.200 metrov in ob\u010dudujete vedno nove razglede. Tudi etapa 2 od Ribnice (Reifnitz) do Krive Vrbe (Krumpendorf) in naslednja, etapa 3 od Krive Vrbe do Pore\u010d (P\u00f6rtschach) so iz Celovca lahko dostopne tudi pe\u0161.<\/p>\n\n<figure class=\"wp-block-image size-large\"><img fetchpriority=\"high\" decoding=\"async\" width=\"1024\" height=\"683\" src=\"https:\/\/www.visitklagenfurt.at\/wp-content\/uploads\/2021\/02\/sport_wandern_seewiese_weinberg_parchen_2015_c-gernot_gleiss_6-web-1024x683.jpeg\" alt=\"\" class=\"wp-image-7955\" srcset=\"https:\/\/www.visitklagenfurt.at\/wp-content\/uploads\/2021\/02\/sport_wandern_seewiese_weinberg_parchen_2015_c-gernot_gleiss_6-web-1024x683.jpeg 1024w, https:\/\/www.visitklagenfurt.at\/wp-content\/uploads\/2021\/02\/sport_wandern_seewiese_weinberg_parchen_2015_c-gernot_gleiss_6-web-300x200.jpeg 300w, https:\/\/www.visitklagenfurt.at\/wp-content\/uploads\/2021\/02\/sport_wandern_seewiese_weinberg_parchen_2015_c-gernot_gleiss_6-web-768x512.jpeg 768w, https:\/\/www.visitklagenfurt.at\/wp-content\/uploads\/2021\/02\/sport_wandern_seewiese_weinberg_parchen_2015_c-gernot_gleiss_6-web-1536x1024.jpeg 1536w, https:\/\/www.visitklagenfurt.at\/wp-content\/uploads\/2021\/02\/sport_wandern_seewiese_weinberg_parchen_2015_c-gernot_gleiss_6-web.jpeg 2048w\" sizes=\"(max-width: 1024px) 100vw, 1024px\" \/><figcaption>(c) Gernot Gleiss<\/figcaption><\/figure>\n\n<h2 class=\"wp-block-heading\">Pravlji\u010dna dolina Poden<\/h2>\n\n<p>Le nekaj minut vo\u017enje, ju\u017eno od Celovca , se v dolini Poden skriva majhen izletni\u0161ki raj za mlade in stare: odkrijte skrivnostno Jazerce (Morsko oko), Pravlji\u010dni travnik in u\u017eivajte v pogledu na veli\u010dastne Karavanke, medtem ko se son\u010dite na ju\u017eni strani Podnarjeve doma\u010dije. V soteski \u010cepa in v gozdnem adrenalinskem parku je pustolov\u0161\u010dina zagotovljena.<\/p>\n\n<figure class=\"wp-block-image size-large\"><img decoding=\"async\" width=\"1024\" height=\"681\" src=\"https:\/\/www.visitklagenfurt.at\/wp-content\/uploads\/2021\/02\/562.jpg\" alt=\"\" class=\"wp-image-7957\" srcset=\"https:\/\/www.visitklagenfurt.at\/wp-content\/uploads\/2021\/02\/562.jpg 1024w, https:\/\/www.visitklagenfurt.at\/wp-content\/uploads\/2021\/02\/562-300x200.jpg 300w, https:\/\/www.visitklagenfurt.at\/wp-content\/uploads\/2021\/02\/562-768x511.jpg 768w\" sizes=\"(max-width: 1024px) 100vw, 1024px\" \/><figcaption>(c) K\u00e4rnten Werbung, Steinthaler<\/figcaption><\/figure>\n\n<h2 class=\"wp-block-heading\">Gostoljubna Celov\u0161ka ko\u010da<\/h2>\n\n<p>Iz doline Poden pot vodi do Celov\u0161ke ko\u010de, ki je la\u017eje dostopna tudi iz sosednje doline Rute (B\u00e4rental). Od parkiri\u0161\u010da Johannsenruhe se lahko povzpnete po polo\u017eni ovinkasti makadamski poti ali po strmi poti, ki jo pre\u010dka, mimo  plan\u0161arije na Ma\u010denski planini (Matschacher Alm) do Celov\u0161ke ko\u010de. &#13;\n<\/p>\n\n<p>Trud bo popla\u010dan z izjemnim razgledom in obilno kuhinjo (svinjska pe\u010denka je \u010dista poezija!). Pot traja pribli\u017eno 6 ur tja in nazaj, s 366 metrov vzpona. &#13;\nOd Celov\u0161ke ko\u010de se lahko povzpnete na ostale okoli\u0161ke vrhove. Na primer, la\u017eji vzponi na Kozjak in Sva\u010dico ali zahtevnej\u0161i na Veliki Stol.&#13;\n <\/p>\n\n<figure class=\"wp-block-image size-large\"><img decoding=\"async\" width=\"1024\" height=\"682\" src=\"https:\/\/www.visitklagenfurt.at\/wp-content\/uploads\/2021\/02\/Carnica-Region-Rosental_Klagenfurter-Huette_Foto-Joerg-Schmoee-1024x682.jpg\" alt=\"\" class=\"wp-image-6138\" srcset=\"https:\/\/www.visitklagenfurt.at\/wp-content\/uploads\/2021\/02\/Carnica-Region-Rosental_Klagenfurter-Huette_Foto-Joerg-Schmoee-1024x682.jpg 1024w, https:\/\/www.visitklagenfurt.at\/wp-content\/uploads\/2021\/02\/Carnica-Region-Rosental_Klagenfurter-Huette_Foto-Joerg-Schmoee-300x200.jpg 300w, https:\/\/www.visitklagenfurt.at\/wp-content\/uploads\/2021\/02\/Carnica-Region-Rosental_Klagenfurter-Huette_Foto-Joerg-Schmoee-768x512.jpg 768w, https:\/\/www.visitklagenfurt.at\/wp-content\/uploads\/2021\/02\/Carnica-Region-Rosental_Klagenfurter-Huette_Foto-Joerg-Schmoee-1536x1024.jpg 1536w, https:\/\/www.visitklagenfurt.at\/wp-content\/uploads\/2021\/02\/Carnica-Region-Rosental_Klagenfurter-Huette_Foto-Joerg-Schmoee.jpg 2000w\" sizes=\"(max-width: 1024px) 100vw, 1024px\" \/><figcaption>(c) Carnica Region Rosental, J\u00f6rg Schm\u00f6e<\/figcaption><\/figure>\n\n<h2 class=\"wp-block-heading\">Prijetna Ko\u010da pod Ko\u0161uto (Koschuta Haus)<\/h2>\n\n<p>Greben Ko\u0161ute, ki je viden \u017ee od dale\u010d, je oporna to\u010dka Karavank. V podno\u017eju ogromnih apnen\u010dastih stolpov se nahaja Ko\u010da pod Ko\u0161uto, do katere lahko pridete tudi z avtomobilom, po beli poti. Vsekakor pa je lep\u0161i vzpon, ki pre\u010dka izvirno alpsko vas Sele-Fara (Zell Pfarre). V tem primeru si zaslu\u017eite odli\u010den Bergsteigerstrudel (planinski \u0161trudel). <\/p>\n\n<h2 class=\"wp-block-heading\">Karavanke: Panoramska steza vzdol\u017e ju\u017enih Alp<\/h2>\n\n<p>Panoramska pot ju\u017enih alp povezuje Celov\u0161ko ko\u010do, dolino Poden in Ko\u010do pod Ko\u0161uto. Ta pohodni\u0161ka pot se rasteza na 286 km in se vzdigne do 17.700 metrov, od Korenskega sedla do italijanske meje, \u010dez Kepo blizu Beljaka na ju\u017eni meji Koro\u0161ke in Slovenije, vse do \u017delezne Kaple na jugovzhodu in na koncu \u010dez Pliberk do Svin\u0161ke planine, na vzhodu Koro\u0161ke. Vseh 20 etap je lahko dostopnih z avtomobilom iz Celovca.<\/p>\n\n<figure class=\"wp-block-image size-large\"><img loading=\"lazy\" decoding=\"async\" width=\"1024\" height=\"682\" src=\"https:\/\/www.visitklagenfurt.at\/wp-content\/uploads\/2021\/02\/Carnica-Region-Rosental_Panoramaweg-Suedalpen_Foto-Wolfgang-Ehn-1-1024x682.jpg\" alt=\"\" class=\"wp-image-7954\" srcset=\"https:\/\/www.visitklagenfurt.at\/wp-content\/uploads\/2021\/02\/Carnica-Region-Rosental_Panoramaweg-Suedalpen_Foto-Wolfgang-Ehn-1-1024x682.jpg 1024w, https:\/\/www.visitklagenfurt.at\/wp-content\/uploads\/2021\/02\/Carnica-Region-Rosental_Panoramaweg-Suedalpen_Foto-Wolfgang-Ehn-1-300x200.jpg 300w, https:\/\/www.visitklagenfurt.at\/wp-content\/uploads\/2021\/02\/Carnica-Region-Rosental_Panoramaweg-Suedalpen_Foto-Wolfgang-Ehn-1-768x512.jpg 768w, https:\/\/www.visitklagenfurt.at\/wp-content\/uploads\/2021\/02\/Carnica-Region-Rosental_Panoramaweg-Suedalpen_Foto-Wolfgang-Ehn-1-1536x1024.jpg 1536w, https:\/\/www.visitklagenfurt.at\/wp-content\/uploads\/2021\/02\/Carnica-Region-Rosental_Panoramaweg-Suedalpen_Foto-Wolfgang-Ehn-1.jpg 2000w\" sizes=\"(max-width: 1024px) 100vw, 1024px\" \/><figcaption>(c) Carnica Region Rosental, Wolfgang Ehn<\/figcaption><\/figure>\n\n<h2 class=\"wp-block-heading\">Celovec: izletni\u0161ko sredi\u0161\u010de na jugu Avstrije<\/h2>\n\n<p>Ni potrebno ponavljati, da je Celovec idelano mesto za pohodni\u0161ke po\u010ditnice na Koro\u0161kem. Zve\u010der lahko u\u017eivate v \u017eivahnem mestnem \u017eivljenju, po dnevi pa osvajate samotne vrhove. Poleti se lahko osve\u017eite v jezeru, medtem ko spomladi in jeseni pohodu lahko dodate shopping.<\/p>\n","protected":false},"excerpt":{"rendered":"<p>Celovec ne le\u017ei samo ob Vrbskem jezeru, ampak tudi med koro\u0161kimi hribi. Zato ni \u010dudno, da je zmajevo mesto odli\u010dna izhodi\u0161\u010dna to\u010dka za razli\u010dne izlete po jugu Avstrije. Kaj si lahko \u017eeli ve\u010d potepu\u0161ko srce? Severno od Celovca zgodovinski gri\u010di osrednje Kro\u0161ke pri\u010dakujejo tiste, ki so la\u010dni znanja. Na vzhodu niso dale\u010d mehke vzpetine Svin\u0161ke [&hellip;]<\/p>\n","protected":false},"author":31,"featured_media":7952,"comment_status":"open","ping_status":"open","sticky":false,"template":"","format":"standard","meta":{"footnotes":""},"categories":[319],"tags":[374,413],"class_list":["post-9035","post","type-post","status-publish","format-standard","has-post-thumbnail","hentry","category-pohodnistvo","tag-pohodnistvo","tag-sport-sl"],"yoast_head":"<!-- This site is optimized with the Yoast SEO plugin v27.3 - https:\/\/yoast.com\/product\/yoast-seo-wordpress\/ -->\n<title>Izleti v okolico Celovca | visitklagenfurt<\/title>\n<meta name=\"description\" content=\"Celovec ne le\u017ei samo ob Vrbskem jezeru, ampak tudi med koro\u0161kimi hribi. Zato ni \u010dudno, da je zmajevo mesto odli\u010dna izhodi\u0161\u010dna to\u010dka za razli\u010dne izlete po jugu Avstrije.\" \/>\n<meta name=\"robots\" content=\"index, follow, max-snippet:-1, max-image-preview:large, max-video-preview:-1\" \/>\n<link rel=\"canonical\" href=\"https:\/\/www.visitklagenfurt.at\/sl\/attivita-sportiva-sl\/pohodnistvo\/izleti-v-okolico-celovca\/\" \/>\n<meta property=\"og:locale\" content=\"sl_SI\" \/>\n<meta property=\"og:type\" content=\"article\" \/>\n<meta property=\"og:title\" content=\"Izleti v okolico Celovca | visitklagenfurt\" \/>\n<meta property=\"og:description\" content=\"Celovec ne le\u017ei samo ob Vrbskem jezeru, ampak tudi med koro\u0161kimi hribi. Zato ni \u010dudno, da je zmajevo mesto odli\u010dna izhodi\u0161\u010dna to\u010dka za razli\u010dne izlete po jugu Avstrije.\" \/>\n<meta property=\"og:url\" content=\"https:\/\/www.visitklagenfurt.at\/sl\/attivita-sportiva-sl\/pohodnistvo\/izleti-v-okolico-celovca\/\" \/>\n<meta property=\"og:site_name\" content=\"visitklagenfurt\" \/>\n<meta property=\"article:published_time\" content=\"2021-02-26T08:07:03+00:00\" \/>\n<meta property=\"article:modified_time\" content=\"2021-12-15T13:03:05+00:00\" \/>\n<meta property=\"og:image\" content=\"https:\/\/www.visitklagenfurt.at\/wp-content\/uploads\/2021\/02\/Carnica-Region-Rosental_Bergsteigerdorf-Zell-Sele_Foto-Joerg-Schmoee.jpg\" \/>\n\t<meta property=\"og:image:width\" content=\"2000\" \/>\n\t<meta property=\"og:image:height\" content=\"1333\" \/>\n\t<meta property=\"og:image:type\" content=\"image\/jpeg\" \/>\n<meta name=\"author\" content=\"visitklagenfurt\" \/>\n<meta name=\"twitter:card\" content=\"summary_large_image\" \/>\n<meta name=\"twitter:label1\" content=\"Written by\" \/>\n\t<meta name=\"twitter:data1\" content=\"visitklagenfurt\" \/>\n\t<meta name=\"twitter:label2\" content=\"Est. reading time\" \/>\n\t<meta name=\"twitter:data2\" content=\"3 minute\" \/>\n<script type=\"application\/ld+json\" class=\"yoast-schema-graph\">{\"@context\":\"https:\\\/\\\/schema.org\",\"@graph\":[{\"@type\":\"Article\",\"@id\":\"https:\\\/\\\/www.visitklagenfurt.at\\\/sl\\\/attivita-sportiva-sl\\\/pohodnistvo\\\/izleti-v-okolico-celovca\\\/#article\",\"isPartOf\":{\"@id\":\"https:\\\/\\\/www.visitklagenfurt.at\\\/sl\\\/attivita-sportiva-sl\\\/pohodnistvo\\\/izleti-v-okolico-celovca\\\/\"},\"author\":{\"name\":\"visitklagenfurt\",\"@id\":\"https:\\\/\\\/www.visitklagenfurt.at\\\/sl\\\/#\\\/schema\\\/person\\\/7bc1cce71726d48c458144f55517b2df\"},\"headline\":\"Izleti v okolico Celovca\",\"datePublished\":\"2021-02-26T08:07:03+00:00\",\"dateModified\":\"2021-12-15T13:03:05+00:00\",\"mainEntityOfPage\":{\"@id\":\"https:\\\/\\\/www.visitklagenfurt.at\\\/sl\\\/attivita-sportiva-sl\\\/pohodnistvo\\\/izleti-v-okolico-celovca\\\/\"},\"wordCount\":600,\"commentCount\":0,\"publisher\":{\"@id\":\"https:\\\/\\\/www.visitklagenfurt.at\\\/sl\\\/#organization\"},\"image\":{\"@id\":\"https:\\\/\\\/www.visitklagenfurt.at\\\/sl\\\/attivita-sportiva-sl\\\/pohodnistvo\\\/izleti-v-okolico-celovca\\\/#primaryimage\"},\"thumbnailUrl\":\"https:\\\/\\\/www.visitklagenfurt.at\\\/wp-content\\\/uploads\\\/2021\\\/02\\\/Carnica-Region-Rosental_Bergsteigerdorf-Zell-Sele_Foto-Joerg-Schmoee.jpg\",\"keywords\":[\"pohodni\u0161tvo\",\"\u0160port\"],\"articleSection\":[\"pohodni\u0161tvo\"],\"inLanguage\":\"sl-SI\",\"potentialAction\":[{\"@type\":\"CommentAction\",\"name\":\"Comment\",\"target\":[\"https:\\\/\\\/www.visitklagenfurt.at\\\/sl\\\/attivita-sportiva-sl\\\/pohodnistvo\\\/izleti-v-okolico-celovca\\\/#respond\"]}]},{\"@type\":\"WebPage\",\"@id\":\"https:\\\/\\\/www.visitklagenfurt.at\\\/sl\\\/attivita-sportiva-sl\\\/pohodnistvo\\\/izleti-v-okolico-celovca\\\/\",\"url\":\"https:\\\/\\\/www.visitklagenfurt.at\\\/sl\\\/attivita-sportiva-sl\\\/pohodnistvo\\\/izleti-v-okolico-celovca\\\/\",\"name\":\"Izleti v okolico Celovca | visitklagenfurt\",\"isPartOf\":{\"@id\":\"https:\\\/\\\/www.visitklagenfurt.at\\\/sl\\\/#website\"},\"primaryImageOfPage\":{\"@id\":\"https:\\\/\\\/www.visitklagenfurt.at\\\/sl\\\/attivita-sportiva-sl\\\/pohodnistvo\\\/izleti-v-okolico-celovca\\\/#primaryimage\"},\"image\":{\"@id\":\"https:\\\/\\\/www.visitklagenfurt.at\\\/sl\\\/attivita-sportiva-sl\\\/pohodnistvo\\\/izleti-v-okolico-celovca\\\/#primaryimage\"},\"thumbnailUrl\":\"https:\\\/\\\/www.visitklagenfurt.at\\\/wp-content\\\/uploads\\\/2021\\\/02\\\/Carnica-Region-Rosental_Bergsteigerdorf-Zell-Sele_Foto-Joerg-Schmoee.jpg\",\"datePublished\":\"2021-02-26T08:07:03+00:00\",\"dateModified\":\"2021-12-15T13:03:05+00:00\",\"description\":\"Celovec ne le\u017ei samo ob Vrbskem jezeru, ampak tudi med koro\u0161kimi hribi. Zato ni \u010dudno, da je zmajevo mesto odli\u010dna izhodi\u0161\u010dna to\u010dka za razli\u010dne izlete po jugu Avstrije.\",\"breadcrumb\":{\"@id\":\"https:\\\/\\\/www.visitklagenfurt.at\\\/sl\\\/attivita-sportiva-sl\\\/pohodnistvo\\\/izleti-v-okolico-celovca\\\/#breadcrumb\"},\"inLanguage\":\"sl-SI\",\"potentialAction\":[{\"@type\":\"ReadAction\",\"target\":[\"https:\\\/\\\/www.visitklagenfurt.at\\\/sl\\\/attivita-sportiva-sl\\\/pohodnistvo\\\/izleti-v-okolico-celovca\\\/\"]}]},{\"@type\":\"ImageObject\",\"inLanguage\":\"sl-SI\",\"@id\":\"https:\\\/\\\/www.visitklagenfurt.at\\\/sl\\\/attivita-sportiva-sl\\\/pohodnistvo\\\/izleti-v-okolico-celovca\\\/#primaryimage\",\"url\":\"https:\\\/\\\/www.visitklagenfurt.at\\\/wp-content\\\/uploads\\\/2021\\\/02\\\/Carnica-Region-Rosental_Bergsteigerdorf-Zell-Sele_Foto-Joerg-Schmoee.jpg\",\"contentUrl\":\"https:\\\/\\\/www.visitklagenfurt.at\\\/wp-content\\\/uploads\\\/2021\\\/02\\\/Carnica-Region-Rosental_Bergsteigerdorf-Zell-Sele_Foto-Joerg-Schmoee.jpg\",\"width\":2000,\"height\":1333,\"caption\":\"(c) K\u00e4rnten Werbung, J\u00f6rg Schm\u00f6e\"},{\"@type\":\"BreadcrumbList\",\"@id\":\"https:\\\/\\\/www.visitklagenfurt.at\\\/sl\\\/attivita-sportiva-sl\\\/pohodnistvo\\\/izleti-v-okolico-celovca\\\/#breadcrumb\",\"itemListElement\":[{\"@type\":\"ListItem\",\"position\":1,\"name\":\"visitklagenfurt\",\"item\":\"https:\\\/\\\/www.visitklagenfurt.at\\\/sl\\\/\"},{\"@type\":\"ListItem\",\"position\":2,\"name\":\"Attivit\u00e0 sportiva\",\"item\":\"https:\\\/\\\/www.visitklagenfurt.at\\\/sl\\\/category\\\/attivita-sportiva-sl\\\/\"},{\"@type\":\"ListItem\",\"position\":3,\"name\":\"pohodni\u0161tvo\",\"item\":\"https:\\\/\\\/www.visitklagenfurt.at\\\/sl\\\/category\\\/attivita-sportiva-sl\\\/pohodnistvo\\\/\"},{\"@type\":\"ListItem\",\"position\":4,\"name\":\"Izleti v okolico Celovca\"}]},{\"@type\":\"WebSite\",\"@id\":\"https:\\\/\\\/www.visitklagenfurt.at\\\/sl\\\/#website\",\"url\":\"https:\\\/\\\/www.visitklagenfurt.at\\\/sl\\\/\",\"name\":\"visitklagenfurt\",\"description\":\"\",\"publisher\":{\"@id\":\"https:\\\/\\\/www.visitklagenfurt.at\\\/sl\\\/#organization\"},\"potentialAction\":[{\"@type\":\"SearchAction\",\"target\":{\"@type\":\"EntryPoint\",\"urlTemplate\":\"https:\\\/\\\/www.visitklagenfurt.at\\\/sl\\\/?s={search_term_string}\"},\"query-input\":{\"@type\":\"PropertyValueSpecification\",\"valueRequired\":true,\"valueName\":\"search_term_string\"}}],\"inLanguage\":\"sl-SI\"},{\"@type\":\"Organization\",\"@id\":\"https:\\\/\\\/www.visitklagenfurt.at\\\/sl\\\/#organization\",\"name\":\"Tourismus Region Klagenfurt am W\u00f6rthersee GmbH\",\"url\":\"https:\\\/\\\/www.visitklagenfurt.at\\\/sl\\\/\",\"logo\":{\"@type\":\"ImageObject\",\"inLanguage\":\"sl-SI\",\"@id\":\"https:\\\/\\\/www.visitklagenfurt.at\\\/sl\\\/#\\\/schema\\\/logo\\\/image\\\/\",\"url\":\"https:\\\/\\\/www.visitklagenfurt.at\\\/wp-content\\\/uploads\\\/2022\\\/03\\\/DT_K_Klagenfurt_S_RGB.png\",\"contentUrl\":\"https:\\\/\\\/www.visitklagenfurt.at\\\/wp-content\\\/uploads\\\/2022\\\/03\\\/DT_K_Klagenfurt_S_RGB.png\",\"width\":2082,\"height\":1511,\"caption\":\"Tourismus Region Klagenfurt am W\u00f6rthersee GmbH\"},\"image\":{\"@id\":\"https:\\\/\\\/www.visitklagenfurt.at\\\/sl\\\/#\\\/schema\\\/logo\\\/image\\\/\"}},{\"@type\":\"Person\",\"@id\":\"https:\\\/\\\/www.visitklagenfurt.at\\\/sl\\\/#\\\/schema\\\/person\\\/7bc1cce71726d48c458144f55517b2df\",\"name\":\"visitklagenfurt\",\"image\":{\"@type\":\"ImageObject\",\"inLanguage\":\"sl-SI\",\"@id\":\"https:\\\/\\\/www.visitklagenfurt.at\\\/wp-content\\\/uploads\\\/2021\\\/05\\\/KLU_LINDWURM_Blau.jpg\",\"url\":\"https:\\\/\\\/www.visitklagenfurt.at\\\/wp-content\\\/uploads\\\/2021\\\/05\\\/KLU_LINDWURM_Blau.jpg\",\"contentUrl\":\"https:\\\/\\\/www.visitklagenfurt.at\\\/wp-content\\\/uploads\\\/2021\\\/05\\\/KLU_LINDWURM_Blau.jpg\",\"caption\":\"visitklagenfurt\"},\"url\":\"https:\\\/\\\/www.visitklagenfurt.at\\\/sl\\\/author\\\/visitklagenfurt\\\/\"}]}<\/script>\n<!-- \/ Yoast SEO plugin. -->","yoast_head_json":{"title":"Izleti v okolico Celovca | visitklagenfurt","description":"Celovec ne le\u017ei samo ob Vrbskem jezeru, ampak tudi med koro\u0161kimi hribi. Zato ni \u010dudno, da je zmajevo mesto odli\u010dna izhodi\u0161\u010dna to\u010dka za razli\u010dne izlete po jugu Avstrije.","robots":{"index":"index","follow":"follow","max-snippet":"max-snippet:-1","max-image-preview":"max-image-preview:large","max-video-preview":"max-video-preview:-1"},"canonical":"https:\/\/www.visitklagenfurt.at\/sl\/attivita-sportiva-sl\/pohodnistvo\/izleti-v-okolico-celovca\/","og_locale":"sl_SI","og_type":"article","og_title":"Izleti v okolico Celovca | visitklagenfurt","og_description":"Celovec ne le\u017ei samo ob Vrbskem jezeru, ampak tudi med koro\u0161kimi hribi. Zato ni \u010dudno, da je zmajevo mesto odli\u010dna izhodi\u0161\u010dna to\u010dka za razli\u010dne izlete po jugu Avstrije.","og_url":"https:\/\/www.visitklagenfurt.at\/sl\/attivita-sportiva-sl\/pohodnistvo\/izleti-v-okolico-celovca\/","og_site_name":"visitklagenfurt","article_published_time":"2021-02-26T08:07:03+00:00","article_modified_time":"2021-12-15T13:03:05+00:00","og_image":[{"width":2000,"height":1333,"url":"https:\/\/www.visitklagenfurt.at\/wp-content\/uploads\/2021\/02\/Carnica-Region-Rosental_Bergsteigerdorf-Zell-Sele_Foto-Joerg-Schmoee.jpg","type":"image\/jpeg"}],"author":"visitklagenfurt","twitter_card":"summary_large_image","twitter_misc":{"Written by":"visitklagenfurt","Est. reading time":"3 minute"},"schema":{"@context":"https:\/\/schema.org","@graph":[{"@type":"Article","@id":"https:\/\/www.visitklagenfurt.at\/sl\/attivita-sportiva-sl\/pohodnistvo\/izleti-v-okolico-celovca\/#article","isPartOf":{"@id":"https:\/\/www.visitklagenfurt.at\/sl\/attivita-sportiva-sl\/pohodnistvo\/izleti-v-okolico-celovca\/"},"author":{"name":"visitklagenfurt","@id":"https:\/\/www.visitklagenfurt.at\/sl\/#\/schema\/person\/7bc1cce71726d48c458144f55517b2df"},"headline":"Izleti v okolico Celovca","datePublished":"2021-02-26T08:07:03+00:00","dateModified":"2021-12-15T13:03:05+00:00","mainEntityOfPage":{"@id":"https:\/\/www.visitklagenfurt.at\/sl\/attivita-sportiva-sl\/pohodnistvo\/izleti-v-okolico-celovca\/"},"wordCount":600,"commentCount":0,"publisher":{"@id":"https:\/\/www.visitklagenfurt.at\/sl\/#organization"},"image":{"@id":"https:\/\/www.visitklagenfurt.at\/sl\/attivita-sportiva-sl\/pohodnistvo\/izleti-v-okolico-celovca\/#primaryimage"},"thumbnailUrl":"https:\/\/www.visitklagenfurt.at\/wp-content\/uploads\/2021\/02\/Carnica-Region-Rosental_Bergsteigerdorf-Zell-Sele_Foto-Joerg-Schmoee.jpg","keywords":["pohodni\u0161tvo","\u0160port"],"articleSection":["pohodni\u0161tvo"],"inLanguage":"sl-SI","potentialAction":[{"@type":"CommentAction","name":"Comment","target":["https:\/\/www.visitklagenfurt.at\/sl\/attivita-sportiva-sl\/pohodnistvo\/izleti-v-okolico-celovca\/#respond"]}]},{"@type":"WebPage","@id":"https:\/\/www.visitklagenfurt.at\/sl\/attivita-sportiva-sl\/pohodnistvo\/izleti-v-okolico-celovca\/","url":"https:\/\/www.visitklagenfurt.at\/sl\/attivita-sportiva-sl\/pohodnistvo\/izleti-v-okolico-celovca\/","name":"Izleti v okolico Celovca | visitklagenfurt","isPartOf":{"@id":"https:\/\/www.visitklagenfurt.at\/sl\/#website"},"primaryImageOfPage":{"@id":"https:\/\/www.visitklagenfurt.at\/sl\/attivita-sportiva-sl\/pohodnistvo\/izleti-v-okolico-celovca\/#primaryimage"},"image":{"@id":"https:\/\/www.visitklagenfurt.at\/sl\/attivita-sportiva-sl\/pohodnistvo\/izleti-v-okolico-celovca\/#primaryimage"},"thumbnailUrl":"https:\/\/www.visitklagenfurt.at\/wp-content\/uploads\/2021\/02\/Carnica-Region-Rosental_Bergsteigerdorf-Zell-Sele_Foto-Joerg-Schmoee.jpg","datePublished":"2021-02-26T08:07:03+00:00","dateModified":"2021-12-15T13:03:05+00:00","description":"Celovec ne le\u017ei samo ob Vrbskem jezeru, ampak tudi med koro\u0161kimi hribi. Zato ni \u010dudno, da je zmajevo mesto odli\u010dna izhodi\u0161\u010dna to\u010dka za razli\u010dne izlete po jugu Avstrije.","breadcrumb":{"@id":"https:\/\/www.visitklagenfurt.at\/sl\/attivita-sportiva-sl\/pohodnistvo\/izleti-v-okolico-celovca\/#breadcrumb"},"inLanguage":"sl-SI","potentialAction":[{"@type":"ReadAction","target":["https:\/\/www.visitklagenfurt.at\/sl\/attivita-sportiva-sl\/pohodnistvo\/izleti-v-okolico-celovca\/"]}]},{"@type":"ImageObject","inLanguage":"sl-SI","@id":"https:\/\/www.visitklagenfurt.at\/sl\/attivita-sportiva-sl\/pohodnistvo\/izleti-v-okolico-celovca\/#primaryimage","url":"https:\/\/www.visitklagenfurt.at\/wp-content\/uploads\/2021\/02\/Carnica-Region-Rosental_Bergsteigerdorf-Zell-Sele_Foto-Joerg-Schmoee.jpg","contentUrl":"https:\/\/www.visitklagenfurt.at\/wp-content\/uploads\/2021\/02\/Carnica-Region-Rosental_Bergsteigerdorf-Zell-Sele_Foto-Joerg-Schmoee.jpg","width":2000,"height":1333,"caption":"(c) K\u00e4rnten Werbung, J\u00f6rg Schm\u00f6e"},{"@type":"BreadcrumbList","@id":"https:\/\/www.visitklagenfurt.at\/sl\/attivita-sportiva-sl\/pohodnistvo\/izleti-v-okolico-celovca\/#breadcrumb","itemListElement":[{"@type":"ListItem","position":1,"name":"visitklagenfurt","item":"https:\/\/www.visitklagenfurt.at\/sl\/"},{"@type":"ListItem","position":2,"name":"Attivit\u00e0 sportiva","item":"https:\/\/www.visitklagenfurt.at\/sl\/category\/attivita-sportiva-sl\/"},{"@type":"ListItem","position":3,"name":"pohodni\u0161tvo","item":"https:\/\/www.visitklagenfurt.at\/sl\/category\/attivita-sportiva-sl\/pohodnistvo\/"},{"@type":"ListItem","position":4,"name":"Izleti v okolico Celovca"}]},{"@type":"WebSite","@id":"https:\/\/www.visitklagenfurt.at\/sl\/#website","url":"https:\/\/www.visitklagenfurt.at\/sl\/","name":"visitklagenfurt","description":"","publisher":{"@id":"https:\/\/www.visitklagenfurt.at\/sl\/#organization"},"potentialAction":[{"@type":"SearchAction","target":{"@type":"EntryPoint","urlTemplate":"https:\/\/www.visitklagenfurt.at\/sl\/?s={search_term_string}"},"query-input":{"@type":"PropertyValueSpecification","valueRequired":true,"valueName":"search_term_string"}}],"inLanguage":"sl-SI"},{"@type":"Organization","@id":"https:\/\/www.visitklagenfurt.at\/sl\/#organization","name":"Tourismus Region Klagenfurt am W\u00f6rthersee GmbH","url":"https:\/\/www.visitklagenfurt.at\/sl\/","logo":{"@type":"ImageObject","inLanguage":"sl-SI","@id":"https:\/\/www.visitklagenfurt.at\/sl\/#\/schema\/logo\/image\/","url":"https:\/\/www.visitklagenfurt.at\/wp-content\/uploads\/2022\/03\/DT_K_Klagenfurt_S_RGB.png","contentUrl":"https:\/\/www.visitklagenfurt.at\/wp-content\/uploads\/2022\/03\/DT_K_Klagenfurt_S_RGB.png","width":2082,"height":1511,"caption":"Tourismus Region Klagenfurt am W\u00f6rthersee GmbH"},"image":{"@id":"https:\/\/www.visitklagenfurt.at\/sl\/#\/schema\/logo\/image\/"}},{"@type":"Person","@id":"https:\/\/www.visitklagenfurt.at\/sl\/#\/schema\/person\/7bc1cce71726d48c458144f55517b2df","name":"visitklagenfurt","image":{"@type":"ImageObject","inLanguage":"sl-SI","@id":"https:\/\/www.visitklagenfurt.at\/wp-content\/uploads\/2021\/05\/KLU_LINDWURM_Blau.jpg","url":"https:\/\/www.visitklagenfurt.at\/wp-content\/uploads\/2021\/05\/KLU_LINDWURM_Blau.jpg","contentUrl":"https:\/\/www.visitklagenfurt.at\/wp-content\/uploads\/2021\/05\/KLU_LINDWURM_Blau.jpg","caption":"visitklagenfurt"},"url":"https:\/\/www.visitklagenfurt.at\/sl\/author\/visitklagenfurt\/"}]}},"_links":{"self":[{"href":"https:\/\/www.visitklagenfurt.at\/sl\/wp-json\/wp\/v2\/posts\/9035","targetHints":{"allow":["GET"]}}],"collection":[{"href":"https:\/\/www.visitklagenfurt.at\/sl\/wp-json\/wp\/v2\/posts"}],"about":[{"href":"https:\/\/www.visitklagenfurt.at\/sl\/wp-json\/wp\/v2\/types\/post"}],"author":[{"embeddable":true,"href":"https:\/\/www.visitklagenfurt.at\/sl\/wp-json\/wp\/v2\/users\/31"}],"replies":[{"embeddable":true,"href":"https:\/\/www.visitklagenfurt.at\/sl\/wp-json\/wp\/v2\/comments?post=9035"}],"version-history":[{"count":2,"href":"https:\/\/www.visitklagenfurt.at\/sl\/wp-json\/wp\/v2\/posts\/9035\/revisions"}],"predecessor-version":[{"id":32033,"href":"https:\/\/www.visitklagenfurt.at\/sl\/wp-json\/wp\/v2\/posts\/9035\/revisions\/32033"}],"wp:featuredmedia":[{"embeddable":true,"href":"https:\/\/www.visitklagenfurt.at\/sl\/wp-json\/wp\/v2\/media\/7952"}],"wp:attachment":[{"href":"https:\/\/www.visitklagenfurt.at\/sl\/wp-json\/wp\/v2\/media?parent=9035"}],"wp:term":[{"taxonomy":"category","embeddable":true,"href":"https:\/\/www.visitklagenfurt.at\/sl\/wp-json\/wp\/v2\/categories?post=9035"},{"taxonomy":"post_tag","embeddable":true,"href":"https:\/\/www.visitklagenfurt.at\/sl\/wp-json\/wp\/v2\/tags?post=9035"}],"curies":[{"name":"wp","href":"https:\/\/api.w.org\/{rel}","templated":true}]}}